{"id":10316,"date":"2020-12-10T08:11:06","date_gmt":"2020-12-10T06:11:06","guid":{"rendered":"https:\/\/granada.salesianos.edu\/colegio\/blog\/seguimos-quedada-digital-de-1800-a-2000-maslibres\/"},"modified":"2020-12-10T08:12:07","modified_gmt":"2020-12-10T06:12:07","slug":"seguimos-quedada-digital-de-1800-a-2000-maslibres","status":"publish","type":"post","link":"https:\/\/granada.salesianos.edu\/colegio\/blog\/seguimos-quedada-digital-de-1800-a-2000-maslibres\/","title":{"rendered":"\u00a1SEGUIMOS! Quedada digital de 18:00 a 20:00 #maslibres"},"content":{"rendered":"<div id=\"fb-root\"><\/div>\n<p>[et_pb_section fb_built=\u00bb1&#8243; admin_label=\u00bbsection\u00bb _builder_version=\u00bb4.2.2&#8243;][et_pb_row admin_label=\u00bbrow\u00bb _builder_version=\u00bb3.25&#8243; background_size=\u00bbinitial\u00bb background_position=\u00bbtop_left\u00bb background_repeat=\u00bbrepeat\u00bb][et_pb_column type=\u00bb4_4&#8243; _builder_version=\u00bb3.25&#8243; custom_padding=\u00bb|||\u00bb custom_padding__hover=\u00bb|||\u00bb][et_pb_text admin_label=\u00bbEntradilla (Texto)\u00bb _builder_version=\u00bb4.2.2&#8243; text_font=\u00bb|on|||\u00bb text_font_size=\u00bb20px\u00bb text_orientation=\u00bbjustified\u00bb custom_padding=\u00bb37px|||||\u00bb border_style=\u00bbsolid\u00bb]<\/p>\n<h2><strong>El 10 de diciembre tenemos una nueva cita en twitter<\/strong><\/h2>\n<p>[\/et_pb_text][et_pb_text admin_label=\u00bbDesarrollo (Texto)\u00bb _builder_version=\u00bb4.2.2&#8243; text_orientation=\u00bbjustified\u00bb border_style=\u00bbsolid\u00bb]<\/p>\n<p><span class=\"css-901oao css-16my406 r-1qd0xha r-ad9z0x r-bcqeeo r-qvutc0\">El 10 de diciembre tenemos una nueva cita en twitter para hacer que se oiga el NO a la <\/span><span class=\"r-18u37iz\"><a class=\"css-4rbku5 css-18t94o4 css-901oao css-16my406 r-1n1174f r-1loqt21 r-1qd0xha r-ad9z0x r-bcqeeo r-qvutc0\" dir=\"ltr\" role=\"link\" href=\"https:\/\/twitter.com\/hashtag\/LOMLOE?src=hashtag_click\" data-focusable=\"true\">#LOMLOE<\/a><\/span><span class=\"css-901oao css-16my406 r-1qd0xha r-ad9z0x r-bcqeeo r-qvutc0\"> y para que entiendan en el 72 aniversario de la Declaraci\u00f3n Universal de Derechos Humanos que los padres tienen derecho a elegir la educaci\u00f3n que quieren para sus hijos <\/span><span class=\"r-18u37iz\"><a class=\"css-4rbku5 css-18t94o4 css-901oao css-16my406 r-1n1174f r-1loqt21 r-1qd0xha r-ad9z0x r-bcqeeo r-qvutc0\" dir=\"ltr\" role=\"link\" href=\"https:\/\/twitter.com\/hashtag\/MasLibres?src=hashtag_click\" data-focusable=\"true\">#MasLibres<\/a><\/span><\/p>\n<p>Y si a\u00fan no lo has hecho est\u00e1s a tiempo de firmar. Ya somos casi 2 millones de firmas. Aqu\u00ed tienes el enlace:<a href=\"https:\/\/masplurales.es\">https:\/\/masplurales.es<\/a><\/p>\n<p>[\/et_pb_text][et_pb_code _builder_version=\u00bb4.2.2&#8243; text_orientation=\u00bbcenter\u00bb]<iframe loading=\"lazy\" width=\"560\" height=\"315\" src=\"https:\/\/www.youtube.com\/embed\/NLpreqZEO6Q\" frameborder=\"0\" allow=\"accelerometer; autoplay; clipboard-write; encrypted-media; gyroscope; picture-in-picture\" allowfullscreen><\/iframe>[\/et_pb_code][et_pb_blog fullwidth=\u00bboff\u00bb posts_number=\u00bb3&#8243; include_categories=\u00bb24,21,13,18,11,20,15,22,12,25,14,23,16,10,19&#8243; show_author=\u00bboff\u00bb disabled_on=\u00bbon|on|on\u00bb _builder_version=\u00bb4.2.2&#8243; link_option_url_new_window=\u00bbon\u00bb disabled=\u00bbon\u00bb][\/et_pb_blog][\/et_pb_column][\/et_pb_row][\/et_pb_section]<\/p>\n","protected":false},"excerpt":{"rendered":"<p>El 10 de diciembre tenemos una nueva cita en twitter para hacer que se oiga el NO a la #LOMLOE <\/p>\n","protected":false},"author":2,"featured_media":10317,"comment_status":"open","ping_status":"open","sticky":false,"template":"","format":"standard","meta":{"_et_pb_use_builder":"on","_et_pb_old_content":"","_et_gb_content_width":"","footnotes":""},"categories":[11,13,18,12,1],"tags":[],"class_list":["post-10316","post","type-post","status-publish","format-standard","has-post-thumbnail","hentry","category-colegio","category-familia-salesiana","category-iglesia","category-portada","category-uncategorized"],"yoast_head":"<!-- This site is optimized with the Yoast SEO plugin v28.4 - https:\/\/yoast.com\/product\/yoast-seo-wordpress\/ -->\n<title>\u00a1SEGUIMOS! Quedada digital de 18:00 a 20:00 #maslibres - Colegio Salesiano<\/title>\n<meta name=\"robots\" content=\"index, follow, max-snippet:-1, max-image-preview:large, max-video-preview:-1\" \/>\n<link rel=\"canonical\" href=\"https:\/\/granada.salesianos.edu\/colegio\/blog\/seguimos-quedada-digital-de-1800-a-2000-maslibres\/\" \/>\n<meta property=\"og:locale\" content=\"es_ES\" \/>\n<meta property=\"og:type\" content=\"article\" \/>\n<meta property=\"og:title\" content=\"\u00a1SEGUIMOS! Quedada digital de 18:00 a 20:00 #maslibres - Colegio Salesiano\" \/>\n<meta property=\"og:description\" content=\"El 10 de diciembre tenemos una nueva cita en twitter para hacer que se oiga el NO a la #LOMLOE\" \/>\n<meta property=\"og:url\" content=\"https:\/\/granada.salesianos.edu\/colegio\/blog\/seguimos-quedada-digital-de-1800-a-2000-maslibres\/\" \/>\n<meta property=\"og:site_name\" content=\"Colegio Salesiano\" \/>\n<meta property=\"article:publisher\" content=\"https:\/\/www.facebook.com\/SalesianosGR\/\" \/>\n<meta property=\"article:published_time\" content=\"2020-12-10T06:11:06+00:00\" \/>\n<meta property=\"article:modified_time\" content=\"2020-12-10T06:12:07+00:00\" \/>\n<meta property=\"og:image\" content=\"https:\/\/granada.salesianos.edu\/colegio\/wp-content\/uploads\/sites\/2\/2020\/12\/quedada-digital-mas-libres.jpeg\" \/>\n\t<meta property=\"og:image:width\" content=\"587\" \/>\n\t<meta property=\"og:image:height\" content=\"900\" \/>\n\t<meta property=\"og:image:type\" content=\"image\/jpeg\" \/>\n<meta name=\"author\" content=\"Gestor Web\" \/>\n<meta name=\"twitter:card\" content=\"summary_large_image\" \/>\n<meta name=\"twitter:creator\" content=\"@GranadaSDB\" \/>\n<meta name=\"twitter:site\" content=\"@GranadaSDB\" \/>\n<meta name=\"twitter:label1\" content=\"Escrito por\" \/>\n\t<meta name=\"twitter:data1\" content=\"Gestor Web\" \/>\n\t<meta name=\"twitter:label2\" content=\"Tiempo de lectura\" \/>\n\t<meta name=\"twitter:data2\" content=\"1 minuto\" \/>\n<script type=\"application\/ld+json\" class=\"yoast-schema-graph\">{\"@context\":\"https:\\\/\\\/schema.org\",\"@graph\":[{\"@type\":\"Article\",\"@id\":\"https:\\\/\\\/granada.salesianos.edu\\\/colegio\\\/blog\\\/seguimos-quedada-digital-de-1800-a-2000-maslibres\\\/#article\",\"isPartOf\":{\"@id\":\"https:\\\/\\\/granada.salesianos.edu\\\/colegio\\\/blog\\\/seguimos-quedada-digital-de-1800-a-2000-maslibres\\\/\"},\"author\":{\"name\":\"Gestor Web\",\"@id\":\"https:\\\/\\\/granada.salesianos.edu\\\/colegio\\\/#\\\/schema\\\/person\\\/6392ff2e4bd1e66981d6eab734bbd962\"},\"headline\":\"\u00a1SEGUIMOS! Quedada digital de 18:00 a 20:00 #maslibres\",\"datePublished\":\"2020-12-10T06:11:06+00:00\",\"dateModified\":\"2020-12-10T06:12:07+00:00\",\"mainEntityOfPage\":{\"@id\":\"https:\\\/\\\/granada.salesianos.edu\\\/colegio\\\/blog\\\/seguimos-quedada-digital-de-1800-a-2000-maslibres\\\/\"},\"wordCount\":227,\"commentCount\":0,\"publisher\":{\"@id\":\"https:\\\/\\\/granada.salesianos.edu\\\/colegio\\\/#organization\"},\"image\":{\"@id\":\"https:\\\/\\\/granada.salesianos.edu\\\/colegio\\\/blog\\\/seguimos-quedada-digital-de-1800-a-2000-maslibres\\\/#primaryimage\"},\"thumbnailUrl\":\"https:\\\/\\\/granada.salesianos.edu\\\/colegio\\\/wp-content\\\/uploads\\\/sites\\\/2\\\/2020\\\/12\\\/quedada-digital-mas-libres.jpeg\",\"articleSection\":[\"Colegio\",\"Familia Salesiana\",\"Iglesia\",\"Portada\",\"Uncategorized\"],\"inLanguage\":\"es\",\"potentialAction\":[{\"@type\":\"CommentAction\",\"name\":\"Comment\",\"target\":[\"https:\\\/\\\/granada.salesianos.edu\\\/colegio\\\/blog\\\/seguimos-quedada-digital-de-1800-a-2000-maslibres\\\/#respond\"]}]},{\"@type\":\"WebPage\",\"@id\":\"https:\\\/\\\/granada.salesianos.edu\\\/colegio\\\/blog\\\/seguimos-quedada-digital-de-1800-a-2000-maslibres\\\/\",\"url\":\"https:\\\/\\\/granada.salesianos.edu\\\/colegio\\\/blog\\\/seguimos-quedada-digital-de-1800-a-2000-maslibres\\\/\",\"name\":\"\u00a1SEGUIMOS! Quedada digital de 18:00 a 20:00 #maslibres - Colegio Salesiano\",\"isPartOf\":{\"@id\":\"https:\\\/\\\/granada.salesianos.edu\\\/colegio\\\/#website\"},\"primaryImageOfPage\":{\"@id\":\"https:\\\/\\\/granada.salesianos.edu\\\/colegio\\\/blog\\\/seguimos-quedada-digital-de-1800-a-2000-maslibres\\\/#primaryimage\"},\"image\":{\"@id\":\"https:\\\/\\\/granada.salesianos.edu\\\/colegio\\\/blog\\\/seguimos-quedada-digital-de-1800-a-2000-maslibres\\\/#primaryimage\"},\"thumbnailUrl\":\"https:\\\/\\\/granada.salesianos.edu\\\/colegio\\\/wp-content\\\/uploads\\\/sites\\\/2\\\/2020\\\/12\\\/quedada-digital-mas-libres.jpeg\",\"datePublished\":\"2020-12-10T06:11:06+00:00\",\"dateModified\":\"2020-12-10T06:12:07+00:00\",\"breadcrumb\":{\"@id\":\"https:\\\/\\\/granada.salesianos.edu\\\/colegio\\\/blog\\\/seguimos-quedada-digital-de-1800-a-2000-maslibres\\\/#breadcrumb\"},\"inLanguage\":\"es\",\"potentialAction\":[{\"@type\":\"ReadAction\",\"target\":[\"https:\\\/\\\/granada.salesianos.edu\\\/colegio\\\/blog\\\/seguimos-quedada-digital-de-1800-a-2000-maslibres\\\/\"]}]},{\"@type\":\"ImageObject\",\"inLanguage\":\"es\",\"@id\":\"https:\\\/\\\/granada.salesianos.edu\\\/colegio\\\/blog\\\/seguimos-quedada-digital-de-1800-a-2000-maslibres\\\/#primaryimage\",\"url\":\"https:\\\/\\\/granada.salesianos.edu\\\/colegio\\\/wp-content\\\/uploads\\\/sites\\\/2\\\/2020\\\/12\\\/quedada-digital-mas-libres.jpeg\",\"contentUrl\":\"https:\\\/\\\/granada.salesianos.edu\\\/colegio\\\/wp-content\\\/uploads\\\/sites\\\/2\\\/2020\\\/12\\\/quedada-digital-mas-libres.jpeg\",\"width\":587,\"height\":900,\"caption\":\"maslibres\"},{\"@type\":\"BreadcrumbList\",\"@id\":\"https:\\\/\\\/granada.salesianos.edu\\\/colegio\\\/blog\\\/seguimos-quedada-digital-de-1800-a-2000-maslibres\\\/#breadcrumb\",\"itemListElement\":[{\"@type\":\"ListItem\",\"position\":1,\"name\":\"Portada\",\"item\":\"https:\\\/\\\/granada.salesianos.edu\\\/colegio\\\/\"},{\"@type\":\"ListItem\",\"position\":2,\"name\":\"\u00a1SEGUIMOS! Quedada digital de 18:00 a 20:00 #maslibres\"}]},{\"@type\":\"WebSite\",\"@id\":\"https:\\\/\\\/granada.salesianos.edu\\\/colegio\\\/#website\",\"url\":\"https:\\\/\\\/granada.salesianos.edu\\\/colegio\\\/\",\"name\":\"Colegio Salesiano\",\"description\":\"P\u00e1gina oficial de Salesianos Granada San Juan Bosco\",\"publisher\":{\"@id\":\"https:\\\/\\\/granada.salesianos.edu\\\/colegio\\\/#organization\"},\"potentialAction\":[{\"@type\":\"SearchAction\",\"target\":{\"@type\":\"EntryPoint\",\"urlTemplate\":\"https:\\\/\\\/granada.salesianos.edu\\\/colegio\\\/?s={search_term_string}\"},\"query-input\":{\"@type\":\"PropertyValueSpecification\",\"valueRequired\":true,\"valueName\":\"search_term_string\"}}],\"inLanguage\":\"es\"},{\"@type\":\"Organization\",\"@id\":\"https:\\\/\\\/granada.salesianos.edu\\\/colegio\\\/#organization\",\"name\":\"Colegio Salesiano San Juan Bosco Granada\",\"url\":\"https:\\\/\\\/granada.salesianos.edu\\\/colegio\\\/\",\"logo\":{\"@type\":\"ImageObject\",\"inLanguage\":\"es\",\"@id\":\"https:\\\/\\\/granada.salesianos.edu\\\/colegio\\\/#\\\/schema\\\/logo\\\/image\\\/\",\"url\":\"https:\\\/\\\/granada.salesianos.edu\\\/colegio\\\/wp-content\\\/uploads\\\/sites\\\/2\\\/2021\\\/01\\\/GRANADAobraVN2.jpg\",\"contentUrl\":\"https:\\\/\\\/granada.salesianos.edu\\\/colegio\\\/wp-content\\\/uploads\\\/sites\\\/2\\\/2021\\\/01\\\/GRANADAobraVN2.jpg\",\"width\":2113,\"height\":1894,\"caption\":\"Colegio Salesiano San Juan Bosco Granada\"},\"image\":{\"@id\":\"https:\\\/\\\/granada.salesianos.edu\\\/colegio\\\/#\\\/schema\\\/logo\\\/image\\\/\"},\"sameAs\":[\"https:\\\/\\\/www.facebook.com\\\/SalesianosGR\\\/\",\"https:\\\/\\\/x.com\\\/GranadaSDB\",\"https:\\\/\\\/www.instagram.com\\\/salesianosgranada\\\/\",\"https:\\\/\\\/www.youtube.com\\\/channel\\\/UChkpZuhCf4Y5rYIcFT3CNxw?view_as=subscriber\"]},{\"@type\":\"Person\",\"@id\":\"https:\\\/\\\/granada.salesianos.edu\\\/colegio\\\/#\\\/schema\\\/person\\\/6392ff2e4bd1e66981d6eab734bbd962\",\"name\":\"Gestor Web\",\"image\":{\"@type\":\"ImageObject\",\"inLanguage\":\"es\",\"@id\":\"https:\\\/\\\/secure.gravatar.com\\\/avatar\\\/160666bb56a01520857079961a824af2b7821d6bad80677c80f2b473fceead1b?s=96&d=mm&r=g\",\"url\":\"https:\\\/\\\/secure.gravatar.com\\\/avatar\\\/160666bb56a01520857079961a824af2b7821d6bad80677c80f2b473fceead1b?s=96&d=mm&r=g\",\"contentUrl\":\"https:\\\/\\\/secure.gravatar.com\\\/avatar\\\/160666bb56a01520857079961a824af2b7821d6bad80677c80f2b473fceead1b?s=96&d=mm&r=g\",\"caption\":\"Gestor Web\"}}]}<\/script>\n<!-- \/ Yoast SEO plugin. -->","yoast_head_json":{"title":"\u00a1SEGUIMOS! Quedada digital de 18:00 a 20:00 #maslibres - Colegio Salesiano","robots":{"index":"index","follow":"follow","max-snippet":"max-snippet:-1","max-image-preview":"max-image-preview:large","max-video-preview":"max-video-preview:-1"},"canonical":"https:\/\/granada.salesianos.edu\/colegio\/blog\/seguimos-quedada-digital-de-1800-a-2000-maslibres\/","og_locale":"es_ES","og_type":"article","og_title":"\u00a1SEGUIMOS! Quedada digital de 18:00 a 20:00 #maslibres - Colegio Salesiano","og_description":"El 10 de diciembre tenemos una nueva cita en twitter para hacer que se oiga el NO a la #LOMLOE","og_url":"https:\/\/granada.salesianos.edu\/colegio\/blog\/seguimos-quedada-digital-de-1800-a-2000-maslibres\/","og_site_name":"Colegio Salesiano","article_publisher":"https:\/\/www.facebook.com\/SalesianosGR\/","article_published_time":"2020-12-10T06:11:06+00:00","article_modified_time":"2020-12-10T06:12:07+00:00","og_image":[{"width":587,"height":900,"url":"https:\/\/granada.salesianos.edu\/colegio\/wp-content\/uploads\/sites\/2\/2020\/12\/quedada-digital-mas-libres.jpeg","type":"image\/jpeg"}],"author":"Gestor Web","twitter_card":"summary_large_image","twitter_creator":"@GranadaSDB","twitter_site":"@GranadaSDB","twitter_misc":{"Escrito por":"Gestor Web","Tiempo de lectura":"1 minuto"},"schema":{"@context":"https:\/\/schema.org","@graph":[{"@type":"Article","@id":"https:\/\/granada.salesianos.edu\/colegio\/blog\/seguimos-quedada-digital-de-1800-a-2000-maslibres\/#article","isPartOf":{"@id":"https:\/\/granada.salesianos.edu\/colegio\/blog\/seguimos-quedada-digital-de-1800-a-2000-maslibres\/"},"author":{"name":"Gestor Web","@id":"https:\/\/granada.salesianos.edu\/colegio\/#\/schema\/person\/6392ff2e4bd1e66981d6eab734bbd962"},"headline":"\u00a1SEGUIMOS! Quedada digital de 18:00 a 20:00 #maslibres","datePublished":"2020-12-10T06:11:06+00:00","dateModified":"2020-12-10T06:12:07+00:00","mainEntityOfPage":{"@id":"https:\/\/granada.salesianos.edu\/colegio\/blog\/seguimos-quedada-digital-de-1800-a-2000-maslibres\/"},"wordCount":227,"commentCount":0,"publisher":{"@id":"https:\/\/granada.salesianos.edu\/colegio\/#organization"},"image":{"@id":"https:\/\/granada.salesianos.edu\/colegio\/blog\/seguimos-quedada-digital-de-1800-a-2000-maslibres\/#primaryimage"},"thumbnailUrl":"https:\/\/granada.salesianos.edu\/colegio\/wp-content\/uploads\/sites\/2\/2020\/12\/quedada-digital-mas-libres.jpeg","articleSection":["Colegio","Familia Salesiana","Iglesia","Portada","Uncategorized"],"inLanguage":"es","potentialAction":[{"@type":"CommentAction","name":"Comment","target":["https:\/\/granada.salesianos.edu\/colegio\/blog\/seguimos-quedada-digital-de-1800-a-2000-maslibres\/#respond"]}]},{"@type":"WebPage","@id":"https:\/\/granada.salesianos.edu\/colegio\/blog\/seguimos-quedada-digital-de-1800-a-2000-maslibres\/","url":"https:\/\/granada.salesianos.edu\/colegio\/blog\/seguimos-quedada-digital-de-1800-a-2000-maslibres\/","name":"\u00a1SEGUIMOS! Quedada digital de 18:00 a 20:00 #maslibres - Colegio Salesiano","isPartOf":{"@id":"https:\/\/granada.salesianos.edu\/colegio\/#website"},"primaryImageOfPage":{"@id":"https:\/\/granada.salesianos.edu\/colegio\/blog\/seguimos-quedada-digital-de-1800-a-2000-maslibres\/#primaryimage"},"image":{"@id":"https:\/\/granada.salesianos.edu\/colegio\/blog\/seguimos-quedada-digital-de-1800-a-2000-maslibres\/#primaryimage"},"thumbnailUrl":"https:\/\/granada.salesianos.edu\/colegio\/wp-content\/uploads\/sites\/2\/2020\/12\/quedada-digital-mas-libres.jpeg","datePublished":"2020-12-10T06:11:06+00:00","dateModified":"2020-12-10T06:12:07+00:00","breadcrumb":{"@id":"https:\/\/granada.salesianos.edu\/colegio\/blog\/seguimos-quedada-digital-de-1800-a-2000-maslibres\/#breadcrumb"},"inLanguage":"es","potentialAction":[{"@type":"ReadAction","target":["https:\/\/granada.salesianos.edu\/colegio\/blog\/seguimos-quedada-digital-de-1800-a-2000-maslibres\/"]}]},{"@type":"ImageObject","inLanguage":"es","@id":"https:\/\/granada.salesianos.edu\/colegio\/blog\/seguimos-quedada-digital-de-1800-a-2000-maslibres\/#primaryimage","url":"https:\/\/granada.salesianos.edu\/colegio\/wp-content\/uploads\/sites\/2\/2020\/12\/quedada-digital-mas-libres.jpeg","contentUrl":"https:\/\/granada.salesianos.edu\/colegio\/wp-content\/uploads\/sites\/2\/2020\/12\/quedada-digital-mas-libres.jpeg","width":587,"height":900,"caption":"maslibres"},{"@type":"BreadcrumbList","@id":"https:\/\/granada.salesianos.edu\/colegio\/blog\/seguimos-quedada-digital-de-1800-a-2000-maslibres\/#breadcrumb","itemListElement":[{"@type":"ListItem","position":1,"name":"Portada","item":"https:\/\/granada.salesianos.edu\/colegio\/"},{"@type":"ListItem","position":2,"name":"\u00a1SEGUIMOS! Quedada digital de 18:00 a 20:00 #maslibres"}]},{"@type":"WebSite","@id":"https:\/\/granada.salesianos.edu\/colegio\/#website","url":"https:\/\/granada.salesianos.edu\/colegio\/","name":"Colegio Salesiano","description":"P\u00e1gina oficial de Salesianos Granada San Juan Bosco","publisher":{"@id":"https:\/\/granada.salesianos.edu\/colegio\/#organization"},"potentialAction":[{"@type":"SearchAction","target":{"@type":"EntryPoint","urlTemplate":"https:\/\/granada.salesianos.edu\/colegio\/?s={search_term_string}"},"query-input":{"@type":"PropertyValueSpecification","valueRequired":true,"valueName":"search_term_string"}}],"inLanguage":"es"},{"@type":"Organization","@id":"https:\/\/granada.salesianos.edu\/colegio\/#organization","name":"Colegio Salesiano San Juan Bosco Granada","url":"https:\/\/granada.salesianos.edu\/colegio\/","logo":{"@type":"ImageObject","inLanguage":"es","@id":"https:\/\/granada.salesianos.edu\/colegio\/#\/schema\/logo\/image\/","url":"https:\/\/granada.salesianos.edu\/colegio\/wp-content\/uploads\/sites\/2\/2021\/01\/GRANADAobraVN2.jpg","contentUrl":"https:\/\/granada.salesianos.edu\/colegio\/wp-content\/uploads\/sites\/2\/2021\/01\/GRANADAobraVN2.jpg","width":2113,"height":1894,"caption":"Colegio Salesiano San Juan Bosco Granada"},"image":{"@id":"https:\/\/granada.salesianos.edu\/colegio\/#\/schema\/logo\/image\/"},"sameAs":["https:\/\/www.facebook.com\/SalesianosGR\/","https:\/\/x.com\/GranadaSDB","https:\/\/www.instagram.com\/salesianosgranada\/","https:\/\/www.youtube.com\/channel\/UChkpZuhCf4Y5rYIcFT3CNxw?view_as=subscriber"]},{"@type":"Person","@id":"https:\/\/granada.salesianos.edu\/colegio\/#\/schema\/person\/6392ff2e4bd1e66981d6eab734bbd962","name":"Gestor Web","image":{"@type":"ImageObject","inLanguage":"es","@id":"https:\/\/secure.gravatar.com\/avatar\/160666bb56a01520857079961a824af2b7821d6bad80677c80f2b473fceead1b?s=96&d=mm&r=g","url":"https:\/\/secure.gravatar.com\/avatar\/160666bb56a01520857079961a824af2b7821d6bad80677c80f2b473fceead1b?s=96&d=mm&r=g","contentUrl":"https:\/\/secure.gravatar.com\/avatar\/160666bb56a01520857079961a824af2b7821d6bad80677c80f2b473fceead1b?s=96&d=mm&r=g","caption":"Gestor Web"}}]}},"_links":{"self":[{"href":"https:\/\/granada.salesianos.edu\/colegio\/wp-json\/wp\/v2\/posts\/10316","targetHints":{"allow":["GET"]}}],"collection":[{"href":"https:\/\/granada.salesianos.edu\/colegio\/wp-json\/wp\/v2\/posts"}],"about":[{"href":"https:\/\/granada.salesianos.edu\/colegio\/wp-json\/wp\/v2\/types\/post"}],"author":[{"embeddable":true,"href":"https:\/\/granada.salesianos.edu\/colegio\/wp-json\/wp\/v2\/users\/2"}],"replies":[{"embeddable":true,"href":"https:\/\/granada.salesianos.edu\/colegio\/wp-json\/wp\/v2\/comments?post=10316"}],"version-history":[{"count":2,"href":"https:\/\/granada.salesianos.edu\/colegio\/wp-json\/wp\/v2\/posts\/10316\/revisions"}],"predecessor-version":[{"id":10319,"href":"https:\/\/granada.salesianos.edu\/colegio\/wp-json\/wp\/v2\/posts\/10316\/revisions\/10319"}],"wp:featuredmedia":[{"embeddable":true,"href":"https:\/\/granada.salesianos.edu\/colegio\/wp-json\/wp\/v2\/media\/10317"}],"wp:attachment":[{"href":"https:\/\/granada.salesianos.edu\/colegio\/wp-json\/wp\/v2\/media?parent=10316"}],"wp:term":[{"taxonomy":"category","embeddable":true,"href":"https:\/\/granada.salesianos.edu\/colegio\/wp-json\/wp\/v2\/categories?post=10316"},{"taxonomy":"post_tag","embeddable":true,"href":"https:\/\/granada.salesianos.edu\/colegio\/wp-json\/wp\/v2\/tags?post=10316"}],"curies":[{"name":"wp","href":"https:\/\/api.w.org\/{rel}","templated":true}]}}