{"id":115485,"date":"2026-02-12T20:05:42","date_gmt":"2026-02-12T18:05:42","guid":{"rendered":"https:\/\/granada.salesianos.edu\/colegio\/?p=115485"},"modified":"2026-02-16T09:30:49","modified_gmt":"2026-02-16T07:30:49","slug":"campana-solidaria-manos-unidas-2","status":"publish","type":"post","link":"https:\/\/granada.salesianos.edu\/colegio\/blog\/campana-solidaria-manos-unidas-2\/","title":{"rendered":"Rumbo a Hersel (Alemania): m\u00e1s que un viaje, una lecci\u00f3n de vida"},"content":{"rendered":"<div id=\"fb-root\"><\/div>\n<p>[et_pb_section fb_built=\u00bb1&#8243; admin_label=\u00bbsection\u00bb _builder_version=\u00bb4.27.4&#8243; global_colors_info=\u00bb{}\u00bb][et_pb_row _builder_version=\u00bb4.27.4&#8243; _module_preset=\u00bbdefault\u00bb global_colors_info=\u00bb{}\u00bb][et_pb_column type=\u00bb4_4&#8243; _builder_version=\u00bb4.27.4&#8243; _module_preset=\u00bbdefault\u00bb global_colors_info=\u00bb{}\u00bb][et_pb_text _builder_version=\u00bb4.27.5&#8243; _module_preset=\u00bbdefault\u00bb hover_enabled=\u00bb0&#8243; global_colors_info=\u00bb{}\u00bb sticky_enabled=\u00bb0&#8243;]<\/p>\n<div class=\"flex flex-col text-sm pb-25\">\n<article class=\"text-token-text-primary w-full focus:outline-none [--shadow-height:45px] has-data-writing-block:pointer-events-none has-data-writing-block:-mt-(--shadow-height) has-data-writing-block:pt-(--shadow-height) [&amp;:has([data-writing-block])&gt;*]:pointer-events-auto [content-visibility:auto] supports-[content-visibility:auto]:[contain-intrinsic-size:auto_100lvh] scroll-mt-[calc(var(--header-height)+min(200px,max(70px,20svh)))]\" dir=\"auto\" tabindex=\"-1\" data-turn-id=\"request-WEB:81395b40-21a9-4cf5-ac5e-7d1612d5cef6-0\" data-testid=\"conversation-turn-2\" data-scroll-anchor=\"true\" data-turn=\"assistant\">\n<div class=\"text-base my-auto mx-auto pb-10 [--thread-content-margin:--spacing(4)] @w-sm\/main:[--thread-content-margin:--spacing(6)] @w-lg\/main:[--thread-content-margin:--spacing(16)] px-(--thread-content-margin)\">\n<div class=\"[--thread-content-max-width:40rem] @w-lg\/main:[--thread-content-max-width:48rem] mx-auto max-w-(--thread-content-max-width) flex-1 group\/turn-messages focus-visible:outline-hidden relative flex w-full min-w-0 flex-col agent-turn\" tabindex=\"-1\">\n<div class=\"flex max-w-full flex-col grow\">\n<div class=\"min-h-8 text-message relative flex w-full flex-col items-end gap-2 text-start break-words whitespace-normal [.text-message+&amp;]:mt-1\" dir=\"auto\" data-message-author-role=\"assistant\" data-message-id=\"ef8efefe-5bd6-4378-b3fa-0365426a825d\" data-message-model-slug=\"gpt-5-2\">\n<div class=\"flex w-full flex-col gap-1 empty:hidden first:pt-[1px]\">\n<div class=\"markdown prose dark:prose-invert w-full wrap-break-word light markdown-new-styling\">\n<p data-start=\"3631\" data-end=\"3924\">D\u00cdA 1: DOMINGO 1 DE FEBRERO Nuestra aventura empieza un domingo a las 4h en la puerta del cole donde nos espera el bus al aeropuerto de M\u00e1laga. Entre maletas, abrazos r\u00e1pidos a padres, alguna que otra mirada nerviosa y un \u201c\u00bfllev\u00e1is todos el DNI?\u201d, nuestros doce alumnos de primero de bachillerato comienzan su experiencia ERASMUS. Aunque el sue\u00f1o pesa, la emoci\u00f3n nos puede. Llegamos con tiempo al aeropuerto de M\u00e1laga para facturar y coger fuerzas porque nos esperan 3 horas de viaje hasta Colonia. Una vez montados en el avi\u00f3n, el vuelo transcurre entre conversaciones sobre lo que nos espera en Alemania y risas que intentan disimular los nervios. Algunos miran por la ventanilla imaginando c\u00f3mo se desarrollar\u00e1 la semana; otros aprovechan el vuelo para repasar su exposici\u00f3n sobre el patrimonio cultural de Granada. Todos comparten la misma sensaci\u00f3n: est\u00e1n a punto de vivir algo importante. Al aterrizar en Colonia, el fr\u00edo nos da la bienvenida incluso antes que las familias anfitrionas. Recogemos las maletas con una mezcla de impaciencia y curiosidad. Salimos de la zona de recogida de equipaje y \u00a1ah\u00ed est\u00e1n! Entre sonrisas t\u00edmidas y presentaciones, nuestros Erasmus empiezan a poner cara a los nombres que llevan semanas escuchando. Sus colegas alemanas les dan la bienvenida con carteles y abrazos junto a sus familias. Ahora s\u00ed que s\u00ed, estamos en K\u00f6ln. \u00a1Que empiece la aventura!<\/p>\n<p data-start=\"3631\" data-end=\"3924\">D\u00cdA 2: LUNES 2 DE FEBRERO La primera noche en casa de las familias alemanas no ha podido ser mejor. Como es fin de semestre, hoy no hay clases, ya que la jornada est\u00e1 dedicada a la evaluaci\u00f3n y publicaci\u00f3n de notas, por lo que las alumnas pueden descansar tras el esfuerzo de los ex\u00e1menes finales. Sobre las 16:00 nos encontramos en Bonn, antigua capital de Alemania, donde disfrutamos de una gymkana que nos permite descubrir la ciudad de una forma din\u00e1mica y divertida. Visitamos monumentos emblem\u00e1ticos, recordamos a personajes ilustres como Beethoven y tambi\u00e9n sabemos que Haribo, la famosa marca de golosinas (donde nuestros alumnos est\u00e1n a punto de comprar hasta a los dependientes), tiene su origen all\u00ed. Adem\u00e1s, tenemos la suerte de celebrar el cumplea\u00f1os de Mar\u00eda. No todos los d\u00edas se cumplen 17 a\u00f1os en otro pa\u00eds, y puede soplar las velas rodeada de personas que la quieren y de nuevas amistades que comienzan a forjarse. Tras exprimir al m\u00e1ximo nuestra visita a Bonn, regresamos a casa, cada uno con su hermana alemana, para poner el broche final y recargar energ\u00edas de cara al d\u00eda siguiente. La primera noche en casa de las familias alemanas no pudo haber ido mejor. Como era fin de semestre, al d\u00eda siguiente no hab\u00eda clases, ya que la jornada estaba dedicada a la evaluaci\u00f3n y publicaci\u00f3n de notas, por lo que las alumnas pudieron descansar tras el esfuerzo de los ex\u00e1menes finales. Sobre las 16:00 nos encontramos en Bonn, antigua capital de Alemania, donde disfrutamos de una gymkana que nos permiti\u00f3 descubrir la ciudad de una forma din\u00e1mica y divertida. Visitamos monumentos emblem\u00e1ticos, recordamos a personajes ilustres como Beethoven y tambi\u00e9n supimos que Haribo, la famosa marca de golosinas (donde nuestros alumnos estuvieron a punto de comprar hasta a los dependientes), tiene su origen all\u00ed.<\/p>\n<p data-start=\"3631\" data-end=\"3924\">D\u00cdA 3: MARTES 3 DE FEBRERO Nuestros Erasmus ya est\u00e1n mimetizados con el entorno e inmersos en la cultura alemana. Aunque el d\u00eda amanece fr\u00edo y con algo de lluvia, no nos impide vivir otra jornada especial. Nuestro punto de encuentro es Herschel, un pueblecito con encanto donde las alumnas alemanas estudian. Los alumnos espa\u00f1oles conocen las instalaciones de la mano de sus colegas alemanas y asisten a las primeras clases, no sin antes darnos la bienvenida oficial el director del centro. Harald, profesor y coordinador responsable de la Erasmus en Alemania, nos habilita una sala para que nuestros alumnos presenten su proyecto. Durante su presentaci\u00f3n, el alumnado muestra su saber hacer, su talento y su maestr\u00eda realizando en ingl\u00e9s un bagaje sobre el patrimonio cultural y gastron\u00f3mico de la ciudad de Granada. Sus profes, por supuesto, no pueden estar m\u00e1s orgullosas del trabajo realizado tras haber dejado el list\u00f3n \u00a1tan alto! Terminada la exposici\u00f3n, nuestros alumnos visitan, junto a sus hermanas alemanas, el Museo de la Historia de la Rep\u00fablica Federal de Alemania (Haus der Geschichte) situado en Bonn. Desde el primer momento, el museo nos sorprende no solo por su modernidad, sino por la forma en que convierten la historia en algo cercano: sus historias reales, objetos cotidianos, fotograf\u00edas, videos y testimonios reales ayudaron a entender la evoluci\u00f3n de Alemania desde la Segunda Guerra Mundial, la divisi\u00f3n de Alemania, la construcci\u00f3n y la ca\u00edda del muro de Berl\u00edn (\u00a1pudimos incluso tocar un fragmento real!) hasta la actualidad. Porque si algo hemos aprendido de este viaje es la filosof\u00eda de vida del pueblo alem\u00e1n y su memoria hist\u00f3rica tan presente en el d\u00eda a d\u00eda. Como bien dicen: \u201cno queremos olvidar nuestra historia para evitar que vuelva a repetirse\u201d. Al salir del museo, espa\u00f1oles y alemanas pasan la tarde libre descubriendo m\u00e1s lugares con encanto de Bonn y m\u00e1s gominolas de edici\u00f3n limitada de Haribo. M\u00e1s tarde, de vuelta a casa con las familias porque el mi\u00e9rcoles promete: \u00a1iremos a Colonia!<\/p>\n<p data-start=\"3631\" data-end=\"3924\">D\u00cdA 4: MI\u00c9RCOLES 4 DE FEBRERO Hoy el d\u00eda arranca en la cuarta ciudad m\u00e1s importante de Alemania: Colonia (K\u00f6ln). A las 10:30 nos encontramos en la plaza Bahnhofsvorplatz, es decir, la plaza situada junto a la catedral. Aunque el sol hace acto de presencia, muy a nuestro pesar apenas calentaba, y el fr\u00edo se cuela entre las innumerables capas de ropa que llevamos. All\u00ed nos esperaba nuestro gu\u00eda, que nos ofrece un tour por la ciudad con gui\u00f1os al carnaval, una de las fiestas m\u00e1s populares de Colonia, cuando las calles se llenan de gente y m\u00fasica. Recorremos la plaza del Ayuntamiento, contemplamos ruinas romanas y otros tantos monumentos emblem\u00e1ticos, hasta culminar en la gran joya g\u00f3tica de la ciudad: la Catedral. Impresionante vista desde abajo, capaz de hacer sentir peque\u00f1o a cualquiera, todos estamos boquiabiertos. En su interior se respira una magia especial; el coraz\u00f3n se encoge al llegar a uno de sus lugares m\u00e1s simb\u00f3licos: la tumba de los Reyes Magos. Al terminar la visita, el grupo se divide. Por un lado, cuatro alumnos y sus hermanas alemanas van al estadio de Colonia para disfrutar de un partido de f\u00fatbol. El resto nos dirigimos al Museo del Chocolate Lindt, donde, adem\u00e1s de aprender sobre su elaboraci\u00f3n y su v\u00ednculo con la ciudad, m\u00e1s de una sali\u00f3 con \u201caz\u00facar en vena\u201d despu\u00e9s de probar tanto chocolate. Concluimos el d\u00eda despidi\u00e9ndonos en la estaci\u00f3n de tren de Colonia, ya que cada uno regresa a su localidad con sus compa\u00f1eras alemanas para cenar y descansar.<\/p>\n<p data-start=\"3631\" data-end=\"3924\">D\u00cdA 5: JUEVES 5 DE FEBRERO Hoy es un d\u00eda muy especial pues sentimos que nuestra aventura en Alemania termina. A\u00fan as\u00ed, nuestros Erasmus afrontan este d\u00eda con nuevas clases y una degustaci\u00f3n de platos t\u00edpicos alemanes (con toque espa\u00f1ol) elaborados con mucho cari\u00f1o por parte de sus hermanas alemanas. Profes y alumnos compartimos almuerzo (\u00a1a las 11 de la ma\u00f1ana!) para despu\u00e9s seguir con sus clases (lat\u00edn, m\u00fasica, matem\u00e1ticas\u2026) Al llegar la tarde y como una gran familia que hemos creado, todos los alumnos organizan una cena de despedida en la que compartimos buenos momentos, risas, juegos y las ganas de volver a encontrarnos. Porque el Erasmus no es solo desenvolverse en otra lengua y descubrir lugares nuevos, es conocer a grandes personas y forjar nuevas amistades. Tras la cena, toca volver a casa para preparar maletas y despedirse de las familias. Spoiler: esto no acaba aqu\u00ed, \u00a1nos reencontramos en marzo!<\/p>\n<p data-start=\"3631\" data-end=\"3924\">D\u00cdA 6: VIERNES 6 DE FEBRERO No sab\u00edamos si empezar el viernes dando los buenos d\u00edas o las buenas noches, ya que a las 4:00 de la madrugada est\u00e1bamos ya en el aeropuerto, con una mezcla de cansancio y nostalgia ante lo que se avecinaba: la despedida. Las familias alemanas acompa\u00f1aron a nuestros estudiantes y se despidieron con un cari\u00f1oso \u201cnos vemos pronto\u201d. Tras facturar las maletas, hacer algunas compras de \u00faltima hora y pasar el control de seguridad, \u00e9ramos conscientes de que en pocas horas estar\u00edamos de vuelta en casa. La espera se hizo corta; a\u00fan quedaba energ\u00eda para bromas, para recordar an\u00e9cdotas vividas durante la semana y hasta para empezar a planear la llegada de las alemanas (aunque todav\u00eda quedara un mes). El vuelo fue tranquilo y, aunque Colonia se despidi\u00f3 con un bonito sol, M\u00e1laga nos recibi\u00f3 con lluvia y grandes nubarrones que, aun as\u00ed, dejaron entrever un peque\u00f1o arco\u00edris. Llegamos a Granada, donde todas las familias esperaban con enormes sonrisas y los brazos bien abiertos para darles buenos achuchones. Una experiencia de este calibre quedar\u00e1 siempre grabada en sus corazones, y contando los d\u00edas para el reencuentro. Todo esto ha sido posible gracias al programa Erasmus+, que abre puertas a experiencias \u00fanicas como esta. Fomentar desde edades tempranas el deseo de viajar, comunicarse en diferentes lenguas y conocer culturas y personas enriquece profundamente a nuestro alumnado, tanto a nivel acad\u00e9mico como personal. Sin duda, sembrar esa inquietud por el mundo es uno de los mayores aprendizajes que pueden llevarse de esta experiencia.<\/p>\n<p data-start=\"3926\" data-end=\"4086\" data-is-last-node=\"\" data-is-only-node=\"\">\n<\/div>\n<\/div>\n<\/div>\n<\/div>\n<div class=\"z-0 flex min-h-[46px] justify-start\">\u00a0<\/div>\n<\/div>\n<\/div>\n<\/article>\n<\/div>\n<p>[\/et_pb_text][\/et_pb_column][\/et_pb_row][et_pb_row _builder_version=\u00bb4.27.5&#8243; _module_preset=\u00bbdefault\u00bb global_colors_info=\u00bb{}\u00bb][et_pb_column type=\u00bb4_4&#8243; _builder_version=\u00bb4.27.5&#8243; _module_preset=\u00bbdefault\u00bb global_colors_info=\u00bb{}\u00bb][et_pb_gallery gallery_ids=\u00bb68044,68045,68046,68047,68048,68049,68050,68051,68052,68053,68054,68055,68056&#8243; show_title_and_caption=\u00bboff\u00bb _builder_version=\u00bb4.27.5&#8243; _module_preset=\u00bbdefault\u00bb global_colors_info=\u00bb{}\u00bb][\/et_pb_gallery][\/et_pb_column][\/et_pb_row][\/et_pb_section][et_pb_section fb_built=\u00bb1&#8243; _builder_version=\u00bb4.27.4&#8243; _module_preset=\u00bbdefault\u00bb global_colors_info=\u00bb{}\u00bb][\/et_pb_section]<\/p>\n","protected":false},"excerpt":{"rendered":"<p>Doce estudiantes regresan a Granada con la maleta llena de recuerdos y la convicci\u00f3n de que crecer implica atreverse a salir de casa cuando a\u00fan no ha amanecido.<\/p>\n","protected":false},"author":2,"featured_media":115487,"comment_status":"open","ping_status":"open","sticky":false,"template":"","format":"standard","meta":{"_et_pb_use_builder":"on","_et_pb_old_content":"","_et_gb_content_width":"","footnotes":""},"categories":[57,11,48],"tags":[],"class_list":["post-115485","post","type-post","status-publish","format-standard","has-post-thumbnail","hentry","category-bachillerato","category-colegio","category-erasmus"],"yoast_head":"<!-- This site is optimized with the Yoast SEO plugin v28.4 - https:\/\/yoast.com\/product\/yoast-seo-wordpress\/ -->\n<title>Rumbo a Hersel (Alemania): m\u00e1s que un viaje, una lecci\u00f3n de vida - Colegio Salesiano<\/title>\n<meta name=\"robots\" content=\"index, follow, max-snippet:-1, max-image-preview:large, max-video-preview:-1\" \/>\n<link rel=\"canonical\" href=\"https:\/\/granada.salesianos.edu\/colegio\/blog\/campana-solidaria-manos-unidas-2\/\" \/>\n<meta property=\"og:locale\" content=\"es_ES\" \/>\n<meta property=\"og:type\" content=\"article\" \/>\n<meta property=\"og:title\" content=\"Rumbo a Hersel (Alemania): m\u00e1s que un viaje, una lecci\u00f3n de vida - Colegio Salesiano\" \/>\n<meta property=\"og:description\" content=\"Doce estudiantes regresan a Granada con la maleta llena de recuerdos y la convicci\u00f3n de que crecer implica atreverse a salir de casa cuando a\u00fan no ha amanecido.\" \/>\n<meta property=\"og:url\" content=\"https:\/\/granada.salesianos.edu\/colegio\/blog\/campana-solidaria-manos-unidas-2\/\" \/>\n<meta property=\"og:site_name\" content=\"Colegio Salesiano\" \/>\n<meta property=\"article:publisher\" content=\"https:\/\/www.facebook.com\/SalesianosGR\/\" \/>\n<meta property=\"article:published_time\" content=\"2026-02-12T18:05:42+00:00\" \/>\n<meta property=\"article:modified_time\" content=\"2026-02-16T07:30:49+00:00\" \/>\n<meta property=\"og:image\" content=\"https:\/\/granada.salesianos.edu\/colegio\/wp-content\/uploads\/sites\/2\/2026\/02\/WhatsApp-Image-2026-02-12-at-10.09.40.jpeg\" \/>\n\t<meta property=\"og:image:width\" content=\"1280\" \/>\n\t<meta property=\"og:image:height\" content=\"960\" \/>\n\t<meta property=\"og:image:type\" content=\"image\/jpeg\" \/>\n<meta name=\"author\" content=\"Gestor Web\" \/>\n<meta name=\"twitter:card\" content=\"summary_large_image\" \/>\n<meta name=\"twitter:creator\" content=\"@GranadaSDB\" \/>\n<meta name=\"twitter:site\" content=\"@GranadaSDB\" \/>\n<meta name=\"twitter:label1\" content=\"Escrito por\" \/>\n\t<meta name=\"twitter:data1\" content=\"Gestor Web\" \/>\n\t<meta name=\"twitter:label2\" content=\"Tiempo de lectura\" \/>\n\t<meta name=\"twitter:data2\" content=\"8 minutos\" \/>\n<script type=\"application\/ld+json\" class=\"yoast-schema-graph\">{\"@context\":\"https:\\\/\\\/schema.org\",\"@graph\":[{\"@type\":\"Article\",\"@id\":\"https:\\\/\\\/granada.salesianos.edu\\\/colegio\\\/blog\\\/campana-solidaria-manos-unidas-2\\\/#article\",\"isPartOf\":{\"@id\":\"https:\\\/\\\/granada.salesianos.edu\\\/colegio\\\/blog\\\/campana-solidaria-manos-unidas-2\\\/\"},\"author\":{\"name\":\"Gestor Web\",\"@id\":\"https:\\\/\\\/granada.salesianos.edu\\\/colegio\\\/#\\\/schema\\\/person\\\/6392ff2e4bd1e66981d6eab734bbd962\"},\"headline\":\"Rumbo a Hersel (Alemania): m\u00e1s que un viaje, una lecci\u00f3n de vida\",\"datePublished\":\"2026-02-12T18:05:42+00:00\",\"dateModified\":\"2026-02-16T07:30:49+00:00\",\"mainEntityOfPage\":{\"@id\":\"https:\\\/\\\/granada.salesianos.edu\\\/colegio\\\/blog\\\/campana-solidaria-manos-unidas-2\\\/\"},\"wordCount\":1778,\"commentCount\":0,\"publisher\":{\"@id\":\"https:\\\/\\\/granada.salesianos.edu\\\/colegio\\\/#organization\"},\"image\":{\"@id\":\"https:\\\/\\\/granada.salesianos.edu\\\/colegio\\\/blog\\\/campana-solidaria-manos-unidas-2\\\/#primaryimage\"},\"thumbnailUrl\":\"https:\\\/\\\/granada.salesianos.edu\\\/colegio\\\/wp-content\\\/uploads\\\/sites\\\/2\\\/2026\\\/02\\\/WhatsApp-Image-2026-02-12-at-10.09.40.jpeg\",\"articleSection\":[\"Bachillerato\",\"Colegio\",\"Erasmus+\"],\"inLanguage\":\"es\",\"potentialAction\":[{\"@type\":\"CommentAction\",\"name\":\"Comment\",\"target\":[\"https:\\\/\\\/granada.salesianos.edu\\\/colegio\\\/blog\\\/campana-solidaria-manos-unidas-2\\\/#respond\"]}]},{\"@type\":\"WebPage\",\"@id\":\"https:\\\/\\\/granada.salesianos.edu\\\/colegio\\\/blog\\\/campana-solidaria-manos-unidas-2\\\/\",\"url\":\"https:\\\/\\\/granada.salesianos.edu\\\/colegio\\\/blog\\\/campana-solidaria-manos-unidas-2\\\/\",\"name\":\"Rumbo a Hersel (Alemania): m\u00e1s que un viaje, una lecci\u00f3n de vida - Colegio Salesiano\",\"isPartOf\":{\"@id\":\"https:\\\/\\\/granada.salesianos.edu\\\/colegio\\\/#website\"},\"primaryImageOfPage\":{\"@id\":\"https:\\\/\\\/granada.salesianos.edu\\\/colegio\\\/blog\\\/campana-solidaria-manos-unidas-2\\\/#primaryimage\"},\"image\":{\"@id\":\"https:\\\/\\\/granada.salesianos.edu\\\/colegio\\\/blog\\\/campana-solidaria-manos-unidas-2\\\/#primaryimage\"},\"thumbnailUrl\":\"https:\\\/\\\/granada.salesianos.edu\\\/colegio\\\/wp-content\\\/uploads\\\/sites\\\/2\\\/2026\\\/02\\\/WhatsApp-Image-2026-02-12-at-10.09.40.jpeg\",\"datePublished\":\"2026-02-12T18:05:42+00:00\",\"dateModified\":\"2026-02-16T07:30:49+00:00\",\"breadcrumb\":{\"@id\":\"https:\\\/\\\/granada.salesianos.edu\\\/colegio\\\/blog\\\/campana-solidaria-manos-unidas-2\\\/#breadcrumb\"},\"inLanguage\":\"es\",\"potentialAction\":[{\"@type\":\"ReadAction\",\"target\":[\"https:\\\/\\\/granada.salesianos.edu\\\/colegio\\\/blog\\\/campana-solidaria-manos-unidas-2\\\/\"]}]},{\"@type\":\"ImageObject\",\"inLanguage\":\"es\",\"@id\":\"https:\\\/\\\/granada.salesianos.edu\\\/colegio\\\/blog\\\/campana-solidaria-manos-unidas-2\\\/#primaryimage\",\"url\":\"https:\\\/\\\/granada.salesianos.edu\\\/colegio\\\/wp-content\\\/uploads\\\/sites\\\/2\\\/2026\\\/02\\\/WhatsApp-Image-2026-02-12-at-10.09.40.jpeg\",\"contentUrl\":\"https:\\\/\\\/granada.salesianos.edu\\\/colegio\\\/wp-content\\\/uploads\\\/sites\\\/2\\\/2026\\\/02\\\/WhatsApp-Image-2026-02-12-at-10.09.40.jpeg\",\"width\":1280,\"height\":960},{\"@type\":\"BreadcrumbList\",\"@id\":\"https:\\\/\\\/granada.salesianos.edu\\\/colegio\\\/blog\\\/campana-solidaria-manos-unidas-2\\\/#breadcrumb\",\"itemListElement\":[{\"@type\":\"ListItem\",\"position\":1,\"name\":\"Portada\",\"item\":\"https:\\\/\\\/granada.salesianos.edu\\\/colegio\\\/\"},{\"@type\":\"ListItem\",\"position\":2,\"name\":\"Rumbo a Hersel (Alemania): m\u00e1s que un viaje, una lecci\u00f3n de vida\"}]},{\"@type\":\"WebSite\",\"@id\":\"https:\\\/\\\/granada.salesianos.edu\\\/colegio\\\/#website\",\"url\":\"https:\\\/\\\/granada.salesianos.edu\\\/colegio\\\/\",\"name\":\"Colegio Salesiano\",\"description\":\"P\u00e1gina oficial de Salesianos Granada San Juan Bosco\",\"publisher\":{\"@id\":\"https:\\\/\\\/granada.salesianos.edu\\\/colegio\\\/#organization\"},\"potentialAction\":[{\"@type\":\"SearchAction\",\"target\":{\"@type\":\"EntryPoint\",\"urlTemplate\":\"https:\\\/\\\/granada.salesianos.edu\\\/colegio\\\/?s={search_term_string}\"},\"query-input\":{\"@type\":\"PropertyValueSpecification\",\"valueRequired\":true,\"valueName\":\"search_term_string\"}}],\"inLanguage\":\"es\"},{\"@type\":\"Organization\",\"@id\":\"https:\\\/\\\/granada.salesianos.edu\\\/colegio\\\/#organization\",\"name\":\"Colegio Salesiano San Juan Bosco Granada\",\"url\":\"https:\\\/\\\/granada.salesianos.edu\\\/colegio\\\/\",\"logo\":{\"@type\":\"ImageObject\",\"inLanguage\":\"es\",\"@id\":\"https:\\\/\\\/granada.salesianos.edu\\\/colegio\\\/#\\\/schema\\\/logo\\\/image\\\/\",\"url\":\"https:\\\/\\\/granada.salesianos.edu\\\/colegio\\\/wp-content\\\/uploads\\\/sites\\\/2\\\/2021\\\/01\\\/GRANADAobraVN2.jpg\",\"contentUrl\":\"https:\\\/\\\/granada.salesianos.edu\\\/colegio\\\/wp-content\\\/uploads\\\/sites\\\/2\\\/2021\\\/01\\\/GRANADAobraVN2.jpg\",\"width\":2113,\"height\":1894,\"caption\":\"Colegio Salesiano San Juan Bosco Granada\"},\"image\":{\"@id\":\"https:\\\/\\\/granada.salesianos.edu\\\/colegio\\\/#\\\/schema\\\/logo\\\/image\\\/\"},\"sameAs\":[\"https:\\\/\\\/www.facebook.com\\\/SalesianosGR\\\/\",\"https:\\\/\\\/x.com\\\/GranadaSDB\",\"https:\\\/\\\/www.instagram.com\\\/salesianosgranada\\\/\",\"https:\\\/\\\/www.youtube.com\\\/channel\\\/UChkpZuhCf4Y5rYIcFT3CNxw?view_as=subscriber\"]},{\"@type\":\"Person\",\"@id\":\"https:\\\/\\\/granada.salesianos.edu\\\/colegio\\\/#\\\/schema\\\/person\\\/6392ff2e4bd1e66981d6eab734bbd962\",\"name\":\"Gestor Web\",\"image\":{\"@type\":\"ImageObject\",\"inLanguage\":\"es\",\"@id\":\"https:\\\/\\\/secure.gravatar.com\\\/avatar\\\/160666bb56a01520857079961a824af2b7821d6bad80677c80f2b473fceead1b?s=96&d=mm&r=g\",\"url\":\"https:\\\/\\\/secure.gravatar.com\\\/avatar\\\/160666bb56a01520857079961a824af2b7821d6bad80677c80f2b473fceead1b?s=96&d=mm&r=g\",\"contentUrl\":\"https:\\\/\\\/secure.gravatar.com\\\/avatar\\\/160666bb56a01520857079961a824af2b7821d6bad80677c80f2b473fceead1b?s=96&d=mm&r=g\",\"caption\":\"Gestor Web\"}}]}<\/script>\n<!-- \/ Yoast SEO plugin. -->","yoast_head_json":{"title":"Rumbo a Hersel (Alemania): m\u00e1s que un viaje, una lecci\u00f3n de vida - Colegio Salesiano","robots":{"index":"index","follow":"follow","max-snippet":"max-snippet:-1","max-image-preview":"max-image-preview:large","max-video-preview":"max-video-preview:-1"},"canonical":"https:\/\/granada.salesianos.edu\/colegio\/blog\/campana-solidaria-manos-unidas-2\/","og_locale":"es_ES","og_type":"article","og_title":"Rumbo a Hersel (Alemania): m\u00e1s que un viaje, una lecci\u00f3n de vida - Colegio Salesiano","og_description":"Doce estudiantes regresan a Granada con la maleta llena de recuerdos y la convicci\u00f3n de que crecer implica atreverse a salir de casa cuando a\u00fan no ha amanecido.","og_url":"https:\/\/granada.salesianos.edu\/colegio\/blog\/campana-solidaria-manos-unidas-2\/","og_site_name":"Colegio Salesiano","article_publisher":"https:\/\/www.facebook.com\/SalesianosGR\/","article_published_time":"2026-02-12T18:05:42+00:00","article_modified_time":"2026-02-16T07:30:49+00:00","og_image":[{"width":1280,"height":960,"url":"https:\/\/granada.salesianos.edu\/colegio\/wp-content\/uploads\/sites\/2\/2026\/02\/WhatsApp-Image-2026-02-12-at-10.09.40.jpeg","type":"image\/jpeg"}],"author":"Gestor Web","twitter_card":"summary_large_image","twitter_creator":"@GranadaSDB","twitter_site":"@GranadaSDB","twitter_misc":{"Escrito por":"Gestor Web","Tiempo de lectura":"8 minutos"},"schema":{"@context":"https:\/\/schema.org","@graph":[{"@type":"Article","@id":"https:\/\/granada.salesianos.edu\/colegio\/blog\/campana-solidaria-manos-unidas-2\/#article","isPartOf":{"@id":"https:\/\/granada.salesianos.edu\/colegio\/blog\/campana-solidaria-manos-unidas-2\/"},"author":{"name":"Gestor Web","@id":"https:\/\/granada.salesianos.edu\/colegio\/#\/schema\/person\/6392ff2e4bd1e66981d6eab734bbd962"},"headline":"Rumbo a Hersel (Alemania): m\u00e1s que un viaje, una lecci\u00f3n de vida","datePublished":"2026-02-12T18:05:42+00:00","dateModified":"2026-02-16T07:30:49+00:00","mainEntityOfPage":{"@id":"https:\/\/granada.salesianos.edu\/colegio\/blog\/campana-solidaria-manos-unidas-2\/"},"wordCount":1778,"commentCount":0,"publisher":{"@id":"https:\/\/granada.salesianos.edu\/colegio\/#organization"},"image":{"@id":"https:\/\/granada.salesianos.edu\/colegio\/blog\/campana-solidaria-manos-unidas-2\/#primaryimage"},"thumbnailUrl":"https:\/\/granada.salesianos.edu\/colegio\/wp-content\/uploads\/sites\/2\/2026\/02\/WhatsApp-Image-2026-02-12-at-10.09.40.jpeg","articleSection":["Bachillerato","Colegio","Erasmus+"],"inLanguage":"es","potentialAction":[{"@type":"CommentAction","name":"Comment","target":["https:\/\/granada.salesianos.edu\/colegio\/blog\/campana-solidaria-manos-unidas-2\/#respond"]}]},{"@type":"WebPage","@id":"https:\/\/granada.salesianos.edu\/colegio\/blog\/campana-solidaria-manos-unidas-2\/","url":"https:\/\/granada.salesianos.edu\/colegio\/blog\/campana-solidaria-manos-unidas-2\/","name":"Rumbo a Hersel (Alemania): m\u00e1s que un viaje, una lecci\u00f3n de vida - Colegio Salesiano","isPartOf":{"@id":"https:\/\/granada.salesianos.edu\/colegio\/#website"},"primaryImageOfPage":{"@id":"https:\/\/granada.salesianos.edu\/colegio\/blog\/campana-solidaria-manos-unidas-2\/#primaryimage"},"image":{"@id":"https:\/\/granada.salesianos.edu\/colegio\/blog\/campana-solidaria-manos-unidas-2\/#primaryimage"},"thumbnailUrl":"https:\/\/granada.salesianos.edu\/colegio\/wp-content\/uploads\/sites\/2\/2026\/02\/WhatsApp-Image-2026-02-12-at-10.09.40.jpeg","datePublished":"2026-02-12T18:05:42+00:00","dateModified":"2026-02-16T07:30:49+00:00","breadcrumb":{"@id":"https:\/\/granada.salesianos.edu\/colegio\/blog\/campana-solidaria-manos-unidas-2\/#breadcrumb"},"inLanguage":"es","potentialAction":[{"@type":"ReadAction","target":["https:\/\/granada.salesianos.edu\/colegio\/blog\/campana-solidaria-manos-unidas-2\/"]}]},{"@type":"ImageObject","inLanguage":"es","@id":"https:\/\/granada.salesianos.edu\/colegio\/blog\/campana-solidaria-manos-unidas-2\/#primaryimage","url":"https:\/\/granada.salesianos.edu\/colegio\/wp-content\/uploads\/sites\/2\/2026\/02\/WhatsApp-Image-2026-02-12-at-10.09.40.jpeg","contentUrl":"https:\/\/granada.salesianos.edu\/colegio\/wp-content\/uploads\/sites\/2\/2026\/02\/WhatsApp-Image-2026-02-12-at-10.09.40.jpeg","width":1280,"height":960},{"@type":"BreadcrumbList","@id":"https:\/\/granada.salesianos.edu\/colegio\/blog\/campana-solidaria-manos-unidas-2\/#breadcrumb","itemListElement":[{"@type":"ListItem","position":1,"name":"Portada","item":"https:\/\/granada.salesianos.edu\/colegio\/"},{"@type":"ListItem","position":2,"name":"Rumbo a Hersel (Alemania): m\u00e1s que un viaje, una lecci\u00f3n de vida"}]},{"@type":"WebSite","@id":"https:\/\/granada.salesianos.edu\/colegio\/#website","url":"https:\/\/granada.salesianos.edu\/colegio\/","name":"Colegio Salesiano","description":"P\u00e1gina oficial de Salesianos Granada San Juan Bosco","publisher":{"@id":"https:\/\/granada.salesianos.edu\/colegio\/#organization"},"potentialAction":[{"@type":"SearchAction","target":{"@type":"EntryPoint","urlTemplate":"https:\/\/granada.salesianos.edu\/colegio\/?s={search_term_string}"},"query-input":{"@type":"PropertyValueSpecification","valueRequired":true,"valueName":"search_term_string"}}],"inLanguage":"es"},{"@type":"Organization","@id":"https:\/\/granada.salesianos.edu\/colegio\/#organization","name":"Colegio Salesiano San Juan Bosco Granada","url":"https:\/\/granada.salesianos.edu\/colegio\/","logo":{"@type":"ImageObject","inLanguage":"es","@id":"https:\/\/granada.salesianos.edu\/colegio\/#\/schema\/logo\/image\/","url":"https:\/\/granada.salesianos.edu\/colegio\/wp-content\/uploads\/sites\/2\/2021\/01\/GRANADAobraVN2.jpg","contentUrl":"https:\/\/granada.salesianos.edu\/colegio\/wp-content\/uploads\/sites\/2\/2021\/01\/GRANADAobraVN2.jpg","width":2113,"height":1894,"caption":"Colegio Salesiano San Juan Bosco Granada"},"image":{"@id":"https:\/\/granada.salesianos.edu\/colegio\/#\/schema\/logo\/image\/"},"sameAs":["https:\/\/www.facebook.com\/SalesianosGR\/","https:\/\/x.com\/GranadaSDB","https:\/\/www.instagram.com\/salesianosgranada\/","https:\/\/www.youtube.com\/channel\/UChkpZuhCf4Y5rYIcFT3CNxw?view_as=subscriber"]},{"@type":"Person","@id":"https:\/\/granada.salesianos.edu\/colegio\/#\/schema\/person\/6392ff2e4bd1e66981d6eab734bbd962","name":"Gestor Web","image":{"@type":"ImageObject","inLanguage":"es","@id":"https:\/\/secure.gravatar.com\/avatar\/160666bb56a01520857079961a824af2b7821d6bad80677c80f2b473fceead1b?s=96&d=mm&r=g","url":"https:\/\/secure.gravatar.com\/avatar\/160666bb56a01520857079961a824af2b7821d6bad80677c80f2b473fceead1b?s=96&d=mm&r=g","contentUrl":"https:\/\/secure.gravatar.com\/avatar\/160666bb56a01520857079961a824af2b7821d6bad80677c80f2b473fceead1b?s=96&d=mm&r=g","caption":"Gestor Web"}}]}},"_links":{"self":[{"href":"https:\/\/granada.salesianos.edu\/colegio\/wp-json\/wp\/v2\/posts\/115485","targetHints":{"allow":["GET"]}}],"collection":[{"href":"https:\/\/granada.salesianos.edu\/colegio\/wp-json\/wp\/v2\/posts"}],"about":[{"href":"https:\/\/granada.salesianos.edu\/colegio\/wp-json\/wp\/v2\/types\/post"}],"author":[{"embeddable":true,"href":"https:\/\/granada.salesianos.edu\/colegio\/wp-json\/wp\/v2\/users\/2"}],"replies":[{"embeddable":true,"href":"https:\/\/granada.salesianos.edu\/colegio\/wp-json\/wp\/v2\/comments?post=115485"}],"version-history":[{"count":5,"href":"https:\/\/granada.salesianos.edu\/colegio\/wp-json\/wp\/v2\/posts\/115485\/revisions"}],"predecessor-version":[{"id":115502,"href":"https:\/\/granada.salesianos.edu\/colegio\/wp-json\/wp\/v2\/posts\/115485\/revisions\/115502"}],"wp:featuredmedia":[{"embeddable":true,"href":"https:\/\/granada.salesianos.edu\/colegio\/wp-json\/wp\/v2\/media\/115487"}],"wp:attachment":[{"href":"https:\/\/granada.salesianos.edu\/colegio\/wp-json\/wp\/v2\/media?parent=115485"}],"wp:term":[{"taxonomy":"category","embeddable":true,"href":"https:\/\/granada.salesianos.edu\/colegio\/wp-json\/wp\/v2\/categories?post=115485"},{"taxonomy":"post_tag","embeddable":true,"href":"https:\/\/granada.salesianos.edu\/colegio\/wp-json\/wp\/v2\/tags?post=115485"}],"curies":[{"name":"wp","href":"https:\/\/api.w.org\/{rel}","templated":true}]}}