{"id":115645,"date":"2026-04-21T10:09:53","date_gmt":"2026-04-21T08:09:53","guid":{"rendered":"https:\/\/granada.salesianos.edu\/colegio\/?p=115645"},"modified":"2026-05-06T10:10:16","modified_gmt":"2026-05-06T08:10:16","slug":"antologia-poetica-salesianos-granada","status":"publish","type":"post","link":"https:\/\/granada.salesianos.edu\/colegio\/blog\/antologia-poetica-salesianos-granada\/","title":{"rendered":"Copy of Antolog\u00eda po\u00e9tica Salesianos Granada"},"content":{"rendered":"<div id=\"fb-root\"><\/div>\n<p>[et_pb_section fb_built=\u00bb1&#8243; admin_label=\u00bbsection\u00bb _builder_version=\u00bb4.27.4&#8243; global_colors_info=\u00bb{}\u00bb][et_pb_row _builder_version=\u00bb4.27.4&#8243; _module_preset=\u00bbdefault\u00bb global_colors_info=\u00bb{}\u00bb][et_pb_column type=\u00bb4_4&#8243; _builder_version=\u00bb4.27.4&#8243; _module_preset=\u00bbdefault\u00bb global_colors_info=\u00bb{}\u00bb][et_pb_text _builder_version=\u00bb4.27.6&#8243; _module_preset=\u00bbdefault\u00bb global_colors_info=\u00bb{}\u00bb]<\/p>\n<div class=\"page\" title=\"Page 2\">\n<div class=\"layoutArea\">\n<div class=\"column\">\n<p>BIOGRAFI\u0301A DE LA GENERACIO\u0301N DEL 26: ARQUITECTOS DE LA PALABRA<\/p>\n<\/div>\n<\/div>\n<div class=\"layoutArea\">\n<div class=\"column\">\n<p>La Generacio\u0301n del 26 surge en la primavera de este mismo an\u0303o, en vi\u0301speras de la celebracio\u0301n del di\u0301a del libro, en las aulas de 2o de la ESO, como un movimiento literario que nace de la unio\u0301n entre la tradicio\u0301n poe\u0301tica y el compromiso vital. Este grupo de jo\u0301venes autores y autoras ha decidido que la poesi\u0301a no es un eco del pasado, sino la herramienta perfecta para cumplir con su verdadera misio\u0301n: ser \u00abprotagonistas de su propia historia\u00bb.<\/p>\n<p>Inspirados por el lema salesiano, estos poetas han entendido que escribir es una forma de actuar en el mundo. No se han limitado a observar la realidad, sino que han tomado la pluma para construirla, verso a verso, estrofa a estrofa. En sus cuartetos, tercetos y sonetos, reside la voz de una juventud que reclama su lugar en el tiempo y que asume con valenti\u0301a la responsabilidad de dejar huella.<\/p>\n<p>Caracteri\u0301sticas fundamentales de este movimiento:<\/p>\n<p>Liderazgo a trave\u0301s del verso: Siguiendo el carisma de ser protagonistas de la historia, la Generacio\u0301n del 26 utiliza la estructura del soneto, cuartero o terceto no como una jaula, sino como un escenario donde sus ideas cobran fuerza y direccio\u0301n.<\/p>\n<p>Arquitectura emocional: Sus poemas combinan la te\u0301cnica cla\u0301sica con las inquietudes del siglo XXI: la amistad, el esfuerzo, la esperanza, el amor y la bu\u0301squeda de un futuro donde sus nombres no sean solo firmas, sino motores de cambio.<\/p>\n<p>Identidad Salesiana: Su literatura refleja los valores de la alegri\u0301a, el acompan\u0303amiento y la comunidad. Se hacen llamar la \u00abGeneracio\u0301n del 26\u00bb para marcar un hito en su camino escolar, recordando que cada verso escrito es un paso ma\u0301s en su crecimiento como personas honestas y ciudadanos comprometidos.<\/p>\n<p>Esta antologi\u0301a es el manifiesto de un grupo que ha decidido no ser espectador del presente. Aqui\u0301 esta\u0301n sus rimas, sus ritmos y sus suen\u0303os. Aqui\u0301 comienza la historia que ellos mismos han decidido escribir. Ellos son PROTAGONISTAS DE LA HISTORIA<\/p>\n<\/div>\n<\/div>\n<\/div>\n<div class=\"page\" title=\"Page 3\">\n<div class=\"layoutArea\">\n<div class=\"column\">\n<p>LA HISTORIA DE MI MEMORIA (cuarteto)<\/p>\n<p>De pequen\u0303a un libro decidi\u0301 leer<br \/>y con este yo me propuse crecer. Entonces mi vida cambio\u0301 en torno a e\u0301l para bien, pues nunca halle\u0301 uno como e\u0301l.<\/p>\n<p>Se\u0301 que conforme crezca lo olvidare\u0301, pero nunca jama\u0301s de e\u0301l pasare\u0301.<br \/>Y en mi memoria siempre estara\u0301 y ya nunca de ella tu\u0301 salir podra\u0301s.<\/p>\n<p>Ya he crecido, ya me he olvidado. Algu\u0301n di\u0301a intentare\u0301 volver a tu lado para salir de tan profundo lago. Somos protagonistas \u00bflo has olvidado?<\/p>\n<p>Cristina Ruiz Bedmar 2o ESO B A\u0301ngela Ma Lozano Sola 2o ESO B<\/p>\n<\/div>\n<\/div>\n<\/div>\n<div class=\"page\" title=\"Page 4\">\n<div class=\"layoutArea\">\n<div class=\"column\">\n<p>DONDE LA VIDA DESBORDA TINTA (cuarteto)<\/p>\n<p>Ella murio\u0301 por lo insignificante, mientras e\u0301l escribi\u0301a lo prohibido, nada se compara con lo vivido, ella queri\u0301a ser lo ma\u0301s importante.<\/p>\n<p>Ella se acurrucaba en los focos,<br \/>y e\u0301l con su tinta y pluma lo escribi\u0301a. Ella viviri\u0301a si e\u0301l lo pedi\u0301a,<br \/>mas se perdio\u0301 en el azul de sus ojos.<\/p>\n<p>Cayeron sus recuerdos ma\u0301s bonitos, y le mostraron una epifani\u0301a, manejando los rieles de su vi\u0301a que fueron pregonados como mitos.<\/p>\n<p>Se perdi\u0301an entre los altos gritos,<\/p>\n<p>y los colores de prendas divinas, mostraban su piel con calidez divina, entre todos sus di\u0301a favoritos.<\/p>\n<p>Alessandro Buitro\u0301n Andino 2o ESO A Martina Este\u0301vez Castillo 2o ESO A<\/p>\n<\/div>\n<\/div>\n<\/div>\n<div class=\"page\" title=\"Page 5\">\n<div class=\"layoutArea\">\n<div class=\"column\">\n<p>UN SONETO EN GRANA\u0301 (soneto)<\/p>\n<p>Un soneto mando\u0301 hacer poesi\u0301a y mi locura cede sin parar. Pero mis ganas no dejaron cesar y querido de mi\u0301 \u00a1que\u0301 dicotomi\u0301a!<\/p>\n<p>Pero quiero ser el protagonista<br \/>de mi historia en Salesianos.<br \/>Y dejar mi legado de estos an\u0303os<br \/>a aquellos que quieran seguir mi pista<\/p>\n<p>Como San Jorge, quiero ser defensor de nin\u0303os y la fe como Don Bosco.<br \/>Y comer con mi abuela unos roscos.<\/p>\n<p>Mientras los dos vemos un profesor viendo procesiones en Granada<br \/>y su hijo escuchando campanadas.<\/p>\n<p>Daniel Rami\u0301rez Alcala\u0301 2 o ESO A Andre\u0301s Linde Nieto 2o ESO A<\/p>\n<\/div>\n<\/div>\n<\/div>\n<div class=\"page\" title=\"Page 6\">\n<div class=\"layoutArea\">\n<div class=\"column\">\n<p>EL LIBRO MORTAL (cuarteto)<\/p>\n<p>Ayer empezo\u0301 la feria del libro<\/p>\n<p>Y yo me senti\u0301 el protagonista.<br \/>Y entre la gente habi\u0301a un artista, lo asesinaron y se escucho\u0301 un grito.<\/p>\n<p>Nadie se percato\u0301 de lo que paso\u0301. Me escondi\u0301 entre las estanteri\u0301as porque supe que algo pasari\u0301a. Se\u0301 que de un disparo lo mato\u0301.<\/p>\n<p>Mario Ferna\u0301ndez Heredia 2o ESO A Rube\u0301n Garci\u0301a Calvero 2o ESO B<\/p>\n<\/div>\n<\/div>\n<\/div>\n<div class=\"page\" title=\"Page 7\">\n<div class=\"layoutArea\">\n<div class=\"column\">\n<p>CONTANDO TU HISTORIA (Terceto)<\/p>\n<p>Eres el protagonista de tu historia. Quie\u0301n mejor li\u0301mites sin tiempo ni hora. \u00bfQuie\u0301n mejor para contar tu victoria?<\/p>\n<p>El tiempo pasa cada di\u0301a, una aventura. Que nadie llegue a superar tus metas, ni tu altura, sin perder la dulzura.<\/p>\n<p>No naciste como recuerdo en memoria. Viniste a cumplir tus suen\u0303os como Protagonista de tu Historia.<\/p>\n<p>Carla Jime\u0301nez Solera 2o ESO A Cristina Villanueva Garci\u0301a 2o ESO A<\/p>\n<\/div>\n<\/div>\n<\/div>\n<div class=\"page\" title=\"Page 8\">\n<div class=\"layoutArea\">\n<div class=\"column\">\n<p>LA SOLEDAD ABURRE PERO NO TRAICIONA (cuarteto)<br \/>Aquel era un nin\u0303o muy tranquilo<br \/>y quiso crear un grupo divino.<br \/>A e\u0301l siempre le haci\u0301an el vaci\u0301o,<br \/>decidio\u0301 seguir su propio camino.<\/p>\n<p>Estos nin\u0303os nunca lo valoraban pero eso a e\u0301l no le importaba. Aunque da\u0301ndole vueltas siempre estaba Y sus padres siempre lo ayudaban.<\/p>\n<p>Para distraerse lei\u0301a libros<\/p>\n<p>Asi\u0301 mejoraba su memoria<br \/>Muy cansado de pensar que \u201cyo sobro\u201d, y decidio\u0301 seguir su propia historia.<\/p>\n<p>Paula Salguero Ferna\u0301ndez 2o ESO B Inmaculada Linde Sa\u0301nchez 2o ESO B<\/p>\n<\/div>\n<\/div>\n<\/div>\n<div class=\"page\" title=\"Page 9\">\n<div class=\"layoutArea\">\n<div class=\"column\">\n<p>AMAR-Y-YA<\/p>\n<p>(cuarteto)<\/p>\n<p>Al pasar veo el sol llegar. No lo habi\u0301a imaginado, ver el sol a nuestro lado. Entonces supe despertar.<\/p>\n<p>Cuando paso la pa\u0301gina, al ver tu sombra en la mi\u0301a, senti\u0301a la monotoni\u0301a. Vivi\u0301a como una ma\u0301quina.<\/p>\n<p>Donde alcanza la vista cada vez que yo te pienso El vaci\u0301o era inmenso. Girl, modelo de revista,<\/p>\n<p>piensan al verme contigo. Deberi\u0301a amar-y-ya<br \/>Tu\u0301 eres mi maravilla porque me ven ma\u0301s dolorido.<\/p>\n<p>Claudia Bracero Rami\u0301rez 2 oESO B Sara Navarro Castro 2o ESO A<\/p>\n<\/div>\n<\/div>\n<\/div>\n<p>[\/et_pb_text][\/et_pb_column][\/et_pb_row][\/et_pb_section][et_pb_section fb_built=\u00bb1&#8243; _builder_version=\u00bb4.27.4&#8243; _module_preset=\u00bbdefault\u00bb global_colors_info=\u00bb{}\u00bb][\/et_pb_section]<\/p>\n","protected":false},"excerpt":{"rendered":"<p>Comenzamos a preparar el d\u00eda del libro<\/p>\n","protected":false},"author":2,"featured_media":115646,"comment_status":"open","ping_status":"open","sticky":false,"template":"","format":"standard","meta":{"_et_pb_use_builder":"on","_et_pb_old_content":"","_et_gb_content_width":"","footnotes":""},"categories":[11],"tags":[],"class_list":["post-115645","post","type-post","status-publish","format-standard","has-post-thumbnail","hentry","category-colegio"],"yoast_head":"<!-- This site is optimized with the Yoast SEO plugin v28.4 - https:\/\/yoast.com\/product\/yoast-seo-wordpress\/ -->\n<title>Copy of Antolog\u00eda po\u00e9tica Salesianos Granada - Colegio Salesiano<\/title>\n<meta name=\"robots\" content=\"index, follow, max-snippet:-1, max-image-preview:large, max-video-preview:-1\" \/>\n<link rel=\"canonical\" href=\"https:\/\/granada.salesianos.edu\/colegio\/blog\/antologia-poetica-salesianos-granada\/\" \/>\n<meta property=\"og:locale\" content=\"es_ES\" \/>\n<meta property=\"og:type\" content=\"article\" \/>\n<meta property=\"og:title\" content=\"Copy of Antolog\u00eda po\u00e9tica Salesianos Granada - Colegio Salesiano\" \/>\n<meta property=\"og:description\" content=\"Comenzamos a preparar el d\u00eda del libro\" \/>\n<meta property=\"og:url\" content=\"https:\/\/granada.salesianos.edu\/colegio\/blog\/antologia-poetica-salesianos-granada\/\" \/>\n<meta property=\"og:site_name\" content=\"Colegio Salesiano\" \/>\n<meta property=\"article:publisher\" content=\"https:\/\/www.facebook.com\/SalesianosGR\/\" \/>\n<meta property=\"article:published_time\" content=\"2026-04-21T08:09:53+00:00\" \/>\n<meta property=\"article:modified_time\" content=\"2026-05-06T08:10:16+00:00\" \/>\n<meta property=\"og:image\" content=\"https:\/\/granada.salesianos.edu\/colegio\/wp-content\/uploads\/sites\/2\/2026\/04\/Captura-de-pantalla-2026-04-21-a-las-13.59.39-1024x589.png\" \/>\n\t<meta property=\"og:image:width\" content=\"1024\" \/>\n\t<meta property=\"og:image:height\" content=\"589\" \/>\n\t<meta property=\"og:image:type\" content=\"image\/png\" \/>\n<meta name=\"author\" content=\"Gestor Web\" \/>\n<meta name=\"twitter:card\" content=\"summary_large_image\" \/>\n<meta name=\"twitter:creator\" content=\"@GranadaSDB\" \/>\n<meta name=\"twitter:site\" content=\"@GranadaSDB\" \/>\n<meta name=\"twitter:label1\" content=\"Escrito por\" \/>\n\t<meta name=\"twitter:data1\" content=\"Gestor Web\" \/>\n\t<meta name=\"twitter:label2\" content=\"Tiempo de lectura\" \/>\n\t<meta name=\"twitter:data2\" content=\"5 minutos\" \/>\n<script type=\"application\/ld+json\" class=\"yoast-schema-graph\">{\"@context\":\"https:\\\/\\\/schema.org\",\"@graph\":[{\"@type\":\"Article\",\"@id\":\"https:\\\/\\\/granada.salesianos.edu\\\/colegio\\\/blog\\\/antologia-poetica-salesianos-granada\\\/#article\",\"isPartOf\":{\"@id\":\"https:\\\/\\\/granada.salesianos.edu\\\/colegio\\\/blog\\\/antologia-poetica-salesianos-granada\\\/\"},\"author\":{\"name\":\"Gestor Web\",\"@id\":\"https:\\\/\\\/granada.salesianos.edu\\\/colegio\\\/#\\\/schema\\\/person\\\/6392ff2e4bd1e66981d6eab734bbd962\"},\"headline\":\"Copy of Antolog\u00eda po\u00e9tica Salesianos Granada\",\"datePublished\":\"2026-04-21T08:09:53+00:00\",\"dateModified\":\"2026-05-06T08:10:16+00:00\",\"mainEntityOfPage\":{\"@id\":\"https:\\\/\\\/granada.salesianos.edu\\\/colegio\\\/blog\\\/antologia-poetica-salesianos-granada\\\/\"},\"wordCount\":1120,\"commentCount\":0,\"publisher\":{\"@id\":\"https:\\\/\\\/granada.salesianos.edu\\\/colegio\\\/#organization\"},\"image\":{\"@id\":\"https:\\\/\\\/granada.salesianos.edu\\\/colegio\\\/blog\\\/antologia-poetica-salesianos-granada\\\/#primaryimage\"},\"thumbnailUrl\":\"https:\\\/\\\/granada.salesianos.edu\\\/colegio\\\/wp-content\\\/uploads\\\/sites\\\/2\\\/2026\\\/04\\\/Captura-de-pantalla-2026-04-21-a-las-13.59.39.png\",\"articleSection\":[\"Colegio\"],\"inLanguage\":\"es\",\"potentialAction\":[{\"@type\":\"CommentAction\",\"name\":\"Comment\",\"target\":[\"https:\\\/\\\/granada.salesianos.edu\\\/colegio\\\/blog\\\/antologia-poetica-salesianos-granada\\\/#respond\"]}]},{\"@type\":\"WebPage\",\"@id\":\"https:\\\/\\\/granada.salesianos.edu\\\/colegio\\\/blog\\\/antologia-poetica-salesianos-granada\\\/\",\"url\":\"https:\\\/\\\/granada.salesianos.edu\\\/colegio\\\/blog\\\/antologia-poetica-salesianos-granada\\\/\",\"name\":\"Copy of Antolog\u00eda po\u00e9tica Salesianos Granada - Colegio Salesiano\",\"isPartOf\":{\"@id\":\"https:\\\/\\\/granada.salesianos.edu\\\/colegio\\\/#website\"},\"primaryImageOfPage\":{\"@id\":\"https:\\\/\\\/granada.salesianos.edu\\\/colegio\\\/blog\\\/antologia-poetica-salesianos-granada\\\/#primaryimage\"},\"image\":{\"@id\":\"https:\\\/\\\/granada.salesianos.edu\\\/colegio\\\/blog\\\/antologia-poetica-salesianos-granada\\\/#primaryimage\"},\"thumbnailUrl\":\"https:\\\/\\\/granada.salesianos.edu\\\/colegio\\\/wp-content\\\/uploads\\\/sites\\\/2\\\/2026\\\/04\\\/Captura-de-pantalla-2026-04-21-a-las-13.59.39.png\",\"datePublished\":\"2026-04-21T08:09:53+00:00\",\"dateModified\":\"2026-05-06T08:10:16+00:00\",\"breadcrumb\":{\"@id\":\"https:\\\/\\\/granada.salesianos.edu\\\/colegio\\\/blog\\\/antologia-poetica-salesianos-granada\\\/#breadcrumb\"},\"inLanguage\":\"es\",\"potentialAction\":[{\"@type\":\"ReadAction\",\"target\":[\"https:\\\/\\\/granada.salesianos.edu\\\/colegio\\\/blog\\\/antologia-poetica-salesianos-granada\\\/\"]}]},{\"@type\":\"ImageObject\",\"inLanguage\":\"es\",\"@id\":\"https:\\\/\\\/granada.salesianos.edu\\\/colegio\\\/blog\\\/antologia-poetica-salesianos-granada\\\/#primaryimage\",\"url\":\"https:\\\/\\\/granada.salesianos.edu\\\/colegio\\\/wp-content\\\/uploads\\\/sites\\\/2\\\/2026\\\/04\\\/Captura-de-pantalla-2026-04-21-a-las-13.59.39.png\",\"contentUrl\":\"https:\\\/\\\/granada.salesianos.edu\\\/colegio\\\/wp-content\\\/uploads\\\/sites\\\/2\\\/2026\\\/04\\\/Captura-de-pantalla-2026-04-21-a-las-13.59.39.png\",\"width\":1308,\"height\":752},{\"@type\":\"BreadcrumbList\",\"@id\":\"https:\\\/\\\/granada.salesianos.edu\\\/colegio\\\/blog\\\/antologia-poetica-salesianos-granada\\\/#breadcrumb\",\"itemListElement\":[{\"@type\":\"ListItem\",\"position\":1,\"name\":\"Portada\",\"item\":\"https:\\\/\\\/granada.salesianos.edu\\\/colegio\\\/\"},{\"@type\":\"ListItem\",\"position\":2,\"name\":\"Copy of Antolog\u00eda po\u00e9tica Salesianos Granada\"}]},{\"@type\":\"WebSite\",\"@id\":\"https:\\\/\\\/granada.salesianos.edu\\\/colegio\\\/#website\",\"url\":\"https:\\\/\\\/granada.salesianos.edu\\\/colegio\\\/\",\"name\":\"Colegio Salesiano\",\"description\":\"P\u00e1gina oficial de Salesianos Granada San Juan Bosco\",\"publisher\":{\"@id\":\"https:\\\/\\\/granada.salesianos.edu\\\/colegio\\\/#organization\"},\"potentialAction\":[{\"@type\":\"SearchAction\",\"target\":{\"@type\":\"EntryPoint\",\"urlTemplate\":\"https:\\\/\\\/granada.salesianos.edu\\\/colegio\\\/?s={search_term_string}\"},\"query-input\":{\"@type\":\"PropertyValueSpecification\",\"valueRequired\":true,\"valueName\":\"search_term_string\"}}],\"inLanguage\":\"es\"},{\"@type\":\"Organization\",\"@id\":\"https:\\\/\\\/granada.salesianos.edu\\\/colegio\\\/#organization\",\"name\":\"Colegio Salesiano San Juan Bosco Granada\",\"url\":\"https:\\\/\\\/granada.salesianos.edu\\\/colegio\\\/\",\"logo\":{\"@type\":\"ImageObject\",\"inLanguage\":\"es\",\"@id\":\"https:\\\/\\\/granada.salesianos.edu\\\/colegio\\\/#\\\/schema\\\/logo\\\/image\\\/\",\"url\":\"https:\\\/\\\/granada.salesianos.edu\\\/colegio\\\/wp-content\\\/uploads\\\/sites\\\/2\\\/2021\\\/01\\\/GRANADAobraVN2.jpg\",\"contentUrl\":\"https:\\\/\\\/granada.salesianos.edu\\\/colegio\\\/wp-content\\\/uploads\\\/sites\\\/2\\\/2021\\\/01\\\/GRANADAobraVN2.jpg\",\"width\":2113,\"height\":1894,\"caption\":\"Colegio Salesiano San Juan Bosco Granada\"},\"image\":{\"@id\":\"https:\\\/\\\/granada.salesianos.edu\\\/colegio\\\/#\\\/schema\\\/logo\\\/image\\\/\"},\"sameAs\":[\"https:\\\/\\\/www.facebook.com\\\/SalesianosGR\\\/\",\"https:\\\/\\\/x.com\\\/GranadaSDB\",\"https:\\\/\\\/www.instagram.com\\\/salesianosgranada\\\/\",\"https:\\\/\\\/www.youtube.com\\\/channel\\\/UChkpZuhCf4Y5rYIcFT3CNxw?view_as=subscriber\"]},{\"@type\":\"Person\",\"@id\":\"https:\\\/\\\/granada.salesianos.edu\\\/colegio\\\/#\\\/schema\\\/person\\\/6392ff2e4bd1e66981d6eab734bbd962\",\"name\":\"Gestor Web\",\"image\":{\"@type\":\"ImageObject\",\"inLanguage\":\"es\",\"@id\":\"https:\\\/\\\/secure.gravatar.com\\\/avatar\\\/160666bb56a01520857079961a824af2b7821d6bad80677c80f2b473fceead1b?s=96&d=mm&r=g\",\"url\":\"https:\\\/\\\/secure.gravatar.com\\\/avatar\\\/160666bb56a01520857079961a824af2b7821d6bad80677c80f2b473fceead1b?s=96&d=mm&r=g\",\"contentUrl\":\"https:\\\/\\\/secure.gravatar.com\\\/avatar\\\/160666bb56a01520857079961a824af2b7821d6bad80677c80f2b473fceead1b?s=96&d=mm&r=g\",\"caption\":\"Gestor Web\"}}]}<\/script>\n<!-- \/ Yoast SEO plugin. -->","yoast_head_json":{"title":"Copy of Antolog\u00eda po\u00e9tica Salesianos Granada - Colegio Salesiano","robots":{"index":"index","follow":"follow","max-snippet":"max-snippet:-1","max-image-preview":"max-image-preview:large","max-video-preview":"max-video-preview:-1"},"canonical":"https:\/\/granada.salesianos.edu\/colegio\/blog\/antologia-poetica-salesianos-granada\/","og_locale":"es_ES","og_type":"article","og_title":"Copy of Antolog\u00eda po\u00e9tica Salesianos Granada - Colegio Salesiano","og_description":"Comenzamos a preparar el d\u00eda del libro","og_url":"https:\/\/granada.salesianos.edu\/colegio\/blog\/antologia-poetica-salesianos-granada\/","og_site_name":"Colegio Salesiano","article_publisher":"https:\/\/www.facebook.com\/SalesianosGR\/","article_published_time":"2026-04-21T08:09:53+00:00","article_modified_time":"2026-05-06T08:10:16+00:00","og_image":[{"width":1024,"height":589,"url":"https:\/\/granada.salesianos.edu\/colegio\/wp-content\/uploads\/sites\/2\/2026\/04\/Captura-de-pantalla-2026-04-21-a-las-13.59.39-1024x589.png","type":"image\/png"}],"author":"Gestor Web","twitter_card":"summary_large_image","twitter_creator":"@GranadaSDB","twitter_site":"@GranadaSDB","twitter_misc":{"Escrito por":"Gestor Web","Tiempo de lectura":"5 minutos"},"schema":{"@context":"https:\/\/schema.org","@graph":[{"@type":"Article","@id":"https:\/\/granada.salesianos.edu\/colegio\/blog\/antologia-poetica-salesianos-granada\/#article","isPartOf":{"@id":"https:\/\/granada.salesianos.edu\/colegio\/blog\/antologia-poetica-salesianos-granada\/"},"author":{"name":"Gestor Web","@id":"https:\/\/granada.salesianos.edu\/colegio\/#\/schema\/person\/6392ff2e4bd1e66981d6eab734bbd962"},"headline":"Copy of Antolog\u00eda po\u00e9tica Salesianos Granada","datePublished":"2026-04-21T08:09:53+00:00","dateModified":"2026-05-06T08:10:16+00:00","mainEntityOfPage":{"@id":"https:\/\/granada.salesianos.edu\/colegio\/blog\/antologia-poetica-salesianos-granada\/"},"wordCount":1120,"commentCount":0,"publisher":{"@id":"https:\/\/granada.salesianos.edu\/colegio\/#organization"},"image":{"@id":"https:\/\/granada.salesianos.edu\/colegio\/blog\/antologia-poetica-salesianos-granada\/#primaryimage"},"thumbnailUrl":"https:\/\/granada.salesianos.edu\/colegio\/wp-content\/uploads\/sites\/2\/2026\/04\/Captura-de-pantalla-2026-04-21-a-las-13.59.39.png","articleSection":["Colegio"],"inLanguage":"es","potentialAction":[{"@type":"CommentAction","name":"Comment","target":["https:\/\/granada.salesianos.edu\/colegio\/blog\/antologia-poetica-salesianos-granada\/#respond"]}]},{"@type":"WebPage","@id":"https:\/\/granada.salesianos.edu\/colegio\/blog\/antologia-poetica-salesianos-granada\/","url":"https:\/\/granada.salesianos.edu\/colegio\/blog\/antologia-poetica-salesianos-granada\/","name":"Copy of Antolog\u00eda po\u00e9tica Salesianos Granada - Colegio Salesiano","isPartOf":{"@id":"https:\/\/granada.salesianos.edu\/colegio\/#website"},"primaryImageOfPage":{"@id":"https:\/\/granada.salesianos.edu\/colegio\/blog\/antologia-poetica-salesianos-granada\/#primaryimage"},"image":{"@id":"https:\/\/granada.salesianos.edu\/colegio\/blog\/antologia-poetica-salesianos-granada\/#primaryimage"},"thumbnailUrl":"https:\/\/granada.salesianos.edu\/colegio\/wp-content\/uploads\/sites\/2\/2026\/04\/Captura-de-pantalla-2026-04-21-a-las-13.59.39.png","datePublished":"2026-04-21T08:09:53+00:00","dateModified":"2026-05-06T08:10:16+00:00","breadcrumb":{"@id":"https:\/\/granada.salesianos.edu\/colegio\/blog\/antologia-poetica-salesianos-granada\/#breadcrumb"},"inLanguage":"es","potentialAction":[{"@type":"ReadAction","target":["https:\/\/granada.salesianos.edu\/colegio\/blog\/antologia-poetica-salesianos-granada\/"]}]},{"@type":"ImageObject","inLanguage":"es","@id":"https:\/\/granada.salesianos.edu\/colegio\/blog\/antologia-poetica-salesianos-granada\/#primaryimage","url":"https:\/\/granada.salesianos.edu\/colegio\/wp-content\/uploads\/sites\/2\/2026\/04\/Captura-de-pantalla-2026-04-21-a-las-13.59.39.png","contentUrl":"https:\/\/granada.salesianos.edu\/colegio\/wp-content\/uploads\/sites\/2\/2026\/04\/Captura-de-pantalla-2026-04-21-a-las-13.59.39.png","width":1308,"height":752},{"@type":"BreadcrumbList","@id":"https:\/\/granada.salesianos.edu\/colegio\/blog\/antologia-poetica-salesianos-granada\/#breadcrumb","itemListElement":[{"@type":"ListItem","position":1,"name":"Portada","item":"https:\/\/granada.salesianos.edu\/colegio\/"},{"@type":"ListItem","position":2,"name":"Copy of Antolog\u00eda po\u00e9tica Salesianos Granada"}]},{"@type":"WebSite","@id":"https:\/\/granada.salesianos.edu\/colegio\/#website","url":"https:\/\/granada.salesianos.edu\/colegio\/","name":"Colegio Salesiano","description":"P\u00e1gina oficial de Salesianos Granada San Juan Bosco","publisher":{"@id":"https:\/\/granada.salesianos.edu\/colegio\/#organization"},"potentialAction":[{"@type":"SearchAction","target":{"@type":"EntryPoint","urlTemplate":"https:\/\/granada.salesianos.edu\/colegio\/?s={search_term_string}"},"query-input":{"@type":"PropertyValueSpecification","valueRequired":true,"valueName":"search_term_string"}}],"inLanguage":"es"},{"@type":"Organization","@id":"https:\/\/granada.salesianos.edu\/colegio\/#organization","name":"Colegio Salesiano San Juan Bosco Granada","url":"https:\/\/granada.salesianos.edu\/colegio\/","logo":{"@type":"ImageObject","inLanguage":"es","@id":"https:\/\/granada.salesianos.edu\/colegio\/#\/schema\/logo\/image\/","url":"https:\/\/granada.salesianos.edu\/colegio\/wp-content\/uploads\/sites\/2\/2021\/01\/GRANADAobraVN2.jpg","contentUrl":"https:\/\/granada.salesianos.edu\/colegio\/wp-content\/uploads\/sites\/2\/2021\/01\/GRANADAobraVN2.jpg","width":2113,"height":1894,"caption":"Colegio Salesiano San Juan Bosco Granada"},"image":{"@id":"https:\/\/granada.salesianos.edu\/colegio\/#\/schema\/logo\/image\/"},"sameAs":["https:\/\/www.facebook.com\/SalesianosGR\/","https:\/\/x.com\/GranadaSDB","https:\/\/www.instagram.com\/salesianosgranada\/","https:\/\/www.youtube.com\/channel\/UChkpZuhCf4Y5rYIcFT3CNxw?view_as=subscriber"]},{"@type":"Person","@id":"https:\/\/granada.salesianos.edu\/colegio\/#\/schema\/person\/6392ff2e4bd1e66981d6eab734bbd962","name":"Gestor Web","image":{"@type":"ImageObject","inLanguage":"es","@id":"https:\/\/secure.gravatar.com\/avatar\/160666bb56a01520857079961a824af2b7821d6bad80677c80f2b473fceead1b?s=96&d=mm&r=g","url":"https:\/\/secure.gravatar.com\/avatar\/160666bb56a01520857079961a824af2b7821d6bad80677c80f2b473fceead1b?s=96&d=mm&r=g","contentUrl":"https:\/\/secure.gravatar.com\/avatar\/160666bb56a01520857079961a824af2b7821d6bad80677c80f2b473fceead1b?s=96&d=mm&r=g","caption":"Gestor Web"}}]}},"_links":{"self":[{"href":"https:\/\/granada.salesianos.edu\/colegio\/wp-json\/wp\/v2\/posts\/115645","targetHints":{"allow":["GET"]}}],"collection":[{"href":"https:\/\/granada.salesianos.edu\/colegio\/wp-json\/wp\/v2\/posts"}],"about":[{"href":"https:\/\/granada.salesianos.edu\/colegio\/wp-json\/wp\/v2\/types\/post"}],"author":[{"embeddable":true,"href":"https:\/\/granada.salesianos.edu\/colegio\/wp-json\/wp\/v2\/users\/2"}],"replies":[{"embeddable":true,"href":"https:\/\/granada.salesianos.edu\/colegio\/wp-json\/wp\/v2\/comments?post=115645"}],"version-history":[{"count":1,"href":"https:\/\/granada.salesianos.edu\/colegio\/wp-json\/wp\/v2\/posts\/115645\/revisions"}],"predecessor-version":[{"id":115659,"href":"https:\/\/granada.salesianos.edu\/colegio\/wp-json\/wp\/v2\/posts\/115645\/revisions\/115659"}],"wp:featuredmedia":[{"embeddable":true,"href":"https:\/\/granada.salesianos.edu\/colegio\/wp-json\/wp\/v2\/media\/115646"}],"wp:attachment":[{"href":"https:\/\/granada.salesianos.edu\/colegio\/wp-json\/wp\/v2\/media?parent=115645"}],"wp:term":[{"taxonomy":"category","embeddable":true,"href":"https:\/\/granada.salesianos.edu\/colegio\/wp-json\/wp\/v2\/categories?post=115645"},{"taxonomy":"post_tag","embeddable":true,"href":"https:\/\/granada.salesianos.edu\/colegio\/wp-json\/wp\/v2\/tags?post=115645"}],"curies":[{"name":"wp","href":"https:\/\/api.w.org\/{rel}","templated":true}]}}