{"id":115696,"date":"2026-08-20T11:55:51","date_gmt":"2026-08-20T09:55:51","guid":{"rendered":"https:\/\/granada.salesianos.edu\/colegio\/?p=115696"},"modified":"2026-08-20T11:55:56","modified_gmt":"2026-08-20T09:55:56","slug":"terremotos-en-granada-estado-y-evaluacion-tecnica-de-las-instalaciones-salesianas","status":"publish","type":"post","link":"https:\/\/granada.salesianos.edu\/colegio\/blog\/terremotos-en-granada-estado-y-evaluacion-tecnica-de-las-instalaciones-salesianas\/","title":{"rendered":"Terremotos en Granada: estado y evaluaci\u00f3n t\u00e9cnica de las instalaciones salesianas"},"content":{"rendered":"<div id=\"fb-root\"><\/div>\n<p>[et_pb_section fb_built=\u00bb1&#8243; admin_label=\u00bbsection\u00bb _builder_version=\u00bb4.27.4&#8243; global_colors_info=\u00bb{}\u00bb][et_pb_row _builder_version=\u00bb4.27.4&#8243; _module_preset=\u00bbdefault\u00bb global_colors_info=\u00bb{}\u00bb][et_pb_column type=\u00bb4_4&#8243; _builder_version=\u00bb4.27.4&#8243; _module_preset=\u00bbdefault\u00bb global_colors_info=\u00bb{}\u00bb][et_pb_text _builder_version=\u00bb4.27.6&#8243; _module_preset=\u00bbdefault\u00bb global_colors_info=\u00bb{}\u00bb]<\/p>\n<p>&nbsp;<\/p>\n<p><span style=\"font-weight: 400;\">Los terremotos que se vienen registrando en Granada y en distintos municipios del \u00e1rea metropolitana durante los \u00faltimos d\u00edas han provocado da\u00f1os materiales en numerosos edificios y est\u00e1n generando una l\u00f3gica preocupaci\u00f3n entre la poblaci\u00f3n.<\/span><\/p>\n<p><span style=\"font-weight: 400;\"><br \/><\/span><span style=\"font-weight: 400;\">La presencia salesiana de Granada, ubicada en el barrio del Zaid\u00edn, se ha visto afectada a nivel material, sin lamentar ning\u00fan percance personal.<\/span><\/p>\n<p><b>Estado y evaluaci\u00f3n t\u00e9cnica de las instalaciones<\/b><\/p>\n<p><span style=\"font-weight: 400;\">Al menos 18 templos de la ciudad permanecen afectados, cerrados o bajo revisi\u00f3n, entre los que se encuentran la iglesia de Mar\u00eda Auxiliadora. Desde la comunidad salesiana se ha informado de que el templo presenta grietas, especialmente en la pared del presbiterio, adem\u00e1s de da\u00f1os en ornamentos, enseres, la sacrist\u00eda, el ba\u00f1o y otras dependencias. Las im\u00e1genes de Don Bosco, Mar\u00eda Auxiliadora y Domingo Savio no han sufrido da\u00f1os y se han reubicado provisionalmente a un lugar seguro. La iglesia permanecer\u00e1 clausurada hasta que los t\u00e9cnicos eval\u00faen su estado y se garantice la seguridad.<\/span><\/p>\n<p><span style=\"font-weight: 400;\">Por otra parte, en el edificio del centro educativo se han observado grietas, desprendimiento de azulejos y placas del techo, adem\u00e1s de da\u00f1os en cristaler\u00eda. Tras una evaluaci\u00f3n inicial realizada por los cuerpos de Emergencias se ha tomado como medida preventiva la restricci\u00f3n\u00a0 del acceso al edificio. Se espera la visita oficial de los t\u00e9cnicos quienes se encargar\u00e1n de determinar el alcance de los da\u00f1os producidos; as\u00ed como la planificaci\u00f3n de los trabajos de reparaci\u00f3n.<\/span><span style=\"font-weight: 400;\"><\/span><\/p>\n<p>&nbsp;<\/p>\n<p><span style=\"font-weight: 400;\">Adem\u00e1s, en el barrio decenas de vecinos, mientras tanto, esperan la vuelta a la normalidad en el espacio deportivo ubicado junto a los Salesianos a los que se le acompa\u00f1a en estos momentos de incertidumbre.\u00a0<\/span><\/p>\n<p><span style=\"font-weight: 400;\"><br \/><\/span><span style=\"font-weight: 400;\">La casa salesiana de Granada seguir\u00e1 informando cuando disponga de datos exactos aportados por los t\u00e9cnicos. Ante esta situaci\u00f3n se encomienda a toda la ciudad de Granada bajo el manto de Mar\u00eda Auxiliadora.<\/span><span style=\"font-weight: 400;\"><br \/><\/span><\/p>\n<p>[\/et_pb_text][\/et_pb_column][\/et_pb_row][\/et_pb_section]<\/p>\n","protected":false},"excerpt":{"rendered":"<p>Cuando el examen es un festival de cine real<\/p>\n","protected":false},"author":2,"featured_media":115697,"comment_status":"open","ping_status":"open","sticky":false,"template":"","format":"standard","meta":{"_et_pb_use_builder":"on","_et_pb_old_content":"","_et_gb_content_width":"","footnotes":""},"categories":[10,11,18],"tags":[],"class_list":["post-115696","post","type-post","status-publish","format-standard","has-post-thumbnail","hentry","category-centro-juvenil","category-colegio","category-iglesia"],"yoast_head":"<!-- This site is optimized with the Yoast SEO plugin v28.4 - https:\/\/yoast.com\/product\/yoast-seo-wordpress\/ -->\n<title>Terremotos en Granada: estado y evaluaci\u00f3n t\u00e9cnica de las instalaciones salesianas - Colegio Salesiano<\/title>\n<meta name=\"robots\" content=\"index, follow, max-snippet:-1, max-image-preview:large, max-video-preview:-1\" \/>\n<link rel=\"canonical\" href=\"https:\/\/granada.salesianos.edu\/colegio\/blog\/terremotos-en-granada-estado-y-evaluacion-tecnica-de-las-instalaciones-salesianas\/\" \/>\n<meta property=\"og:locale\" content=\"es_ES\" \/>\n<meta property=\"og:type\" content=\"article\" \/>\n<meta property=\"og:title\" content=\"Terremotos en Granada: estado y evaluaci\u00f3n t\u00e9cnica de las instalaciones salesianas - Colegio Salesiano\" \/>\n<meta property=\"og:description\" content=\"Cuando el examen es un festival de cine real\" \/>\n<meta property=\"og:url\" content=\"https:\/\/granada.salesianos.edu\/colegio\/blog\/terremotos-en-granada-estado-y-evaluacion-tecnica-de-las-instalaciones-salesianas\/\" \/>\n<meta property=\"og:site_name\" content=\"Colegio Salesiano\" \/>\n<meta property=\"article:publisher\" content=\"https:\/\/www.facebook.com\/SalesianosGR\/\" \/>\n<meta property=\"article:published_time\" content=\"2026-08-20T09:55:51+00:00\" \/>\n<meta property=\"article:modified_time\" content=\"2026-08-20T09:55:56+00:00\" \/>\n<meta property=\"og:image\" content=\"https:\/\/granada.salesianos.edu\/colegio\/wp-content\/uploads\/sites\/2\/2026\/08\/Captura-de-pantalla-2026-08-20-a-las-11.50.13-1024x569.png\" \/>\n\t<meta property=\"og:image:width\" content=\"1024\" \/>\n\t<meta property=\"og:image:height\" content=\"569\" \/>\n\t<meta property=\"og:image:type\" content=\"image\/png\" \/>\n<meta name=\"author\" content=\"Gestor Web\" \/>\n<meta name=\"twitter:card\" content=\"summary_large_image\" \/>\n<meta name=\"twitter:creator\" content=\"@GranadaSDB\" \/>\n<meta name=\"twitter:site\" content=\"@GranadaSDB\" \/>\n<meta name=\"twitter:label1\" content=\"Escrito por\" \/>\n\t<meta name=\"twitter:data1\" content=\"Gestor Web\" \/>\n\t<meta name=\"twitter:label2\" content=\"Tiempo de lectura\" \/>\n\t<meta name=\"twitter:data2\" content=\"2 minutos\" \/>\n<script type=\"application\/ld+json\" class=\"yoast-schema-graph\">{\"@context\":\"https:\\\/\\\/schema.org\",\"@graph\":[{\"@type\":\"Article\",\"@id\":\"https:\\\/\\\/granada.salesianos.edu\\\/colegio\\\/blog\\\/terremotos-en-granada-estado-y-evaluacion-tecnica-de-las-instalaciones-salesianas\\\/#article\",\"isPartOf\":{\"@id\":\"https:\\\/\\\/granada.salesianos.edu\\\/colegio\\\/blog\\\/terremotos-en-granada-estado-y-evaluacion-tecnica-de-las-instalaciones-salesianas\\\/\"},\"author\":{\"name\":\"Gestor Web\",\"@id\":\"https:\\\/\\\/granada.salesianos.edu\\\/colegio\\\/#\\\/schema\\\/person\\\/6392ff2e4bd1e66981d6eab734bbd962\"},\"headline\":\"Terremotos en Granada: estado y evaluaci\u00f3n t\u00e9cnica de las instalaciones salesianas\",\"datePublished\":\"2026-08-20T09:55:51+00:00\",\"dateModified\":\"2026-08-20T09:55:56+00:00\",\"mainEntityOfPage\":{\"@id\":\"https:\\\/\\\/granada.salesianos.edu\\\/colegio\\\/blog\\\/terremotos-en-granada-estado-y-evaluacion-tecnica-de-las-instalaciones-salesianas\\\/\"},\"wordCount\":411,\"commentCount\":0,\"publisher\":{\"@id\":\"https:\\\/\\\/granada.salesianos.edu\\\/colegio\\\/#organization\"},\"image\":{\"@id\":\"https:\\\/\\\/granada.salesianos.edu\\\/colegio\\\/blog\\\/terremotos-en-granada-estado-y-evaluacion-tecnica-de-las-instalaciones-salesianas\\\/#primaryimage\"},\"thumbnailUrl\":\"https:\\\/\\\/granada.salesianos.edu\\\/colegio\\\/wp-content\\\/uploads\\\/sites\\\/2\\\/2026\\\/08\\\/Captura-de-pantalla-2026-08-20-a-las-11.50.13.png\",\"articleSection\":[\"Centro Juvenil\",\"Colegio\",\"Iglesia\"],\"inLanguage\":\"es\",\"potentialAction\":[{\"@type\":\"CommentAction\",\"name\":\"Comment\",\"target\":[\"https:\\\/\\\/granada.salesianos.edu\\\/colegio\\\/blog\\\/terremotos-en-granada-estado-y-evaluacion-tecnica-de-las-instalaciones-salesianas\\\/#respond\"]}]},{\"@type\":\"WebPage\",\"@id\":\"https:\\\/\\\/granada.salesianos.edu\\\/colegio\\\/blog\\\/terremotos-en-granada-estado-y-evaluacion-tecnica-de-las-instalaciones-salesianas\\\/\",\"url\":\"https:\\\/\\\/granada.salesianos.edu\\\/colegio\\\/blog\\\/terremotos-en-granada-estado-y-evaluacion-tecnica-de-las-instalaciones-salesianas\\\/\",\"name\":\"Terremotos en Granada: estado y evaluaci\u00f3n t\u00e9cnica de las instalaciones salesianas - Colegio Salesiano\",\"isPartOf\":{\"@id\":\"https:\\\/\\\/granada.salesianos.edu\\\/colegio\\\/#website\"},\"primaryImageOfPage\":{\"@id\":\"https:\\\/\\\/granada.salesianos.edu\\\/colegio\\\/blog\\\/terremotos-en-granada-estado-y-evaluacion-tecnica-de-las-instalaciones-salesianas\\\/#primaryimage\"},\"image\":{\"@id\":\"https:\\\/\\\/granada.salesianos.edu\\\/colegio\\\/blog\\\/terremotos-en-granada-estado-y-evaluacion-tecnica-de-las-instalaciones-salesianas\\\/#primaryimage\"},\"thumbnailUrl\":\"https:\\\/\\\/granada.salesianos.edu\\\/colegio\\\/wp-content\\\/uploads\\\/sites\\\/2\\\/2026\\\/08\\\/Captura-de-pantalla-2026-08-20-a-las-11.50.13.png\",\"datePublished\":\"2026-08-20T09:55:51+00:00\",\"dateModified\":\"2026-08-20T09:55:56+00:00\",\"breadcrumb\":{\"@id\":\"https:\\\/\\\/granada.salesianos.edu\\\/colegio\\\/blog\\\/terremotos-en-granada-estado-y-evaluacion-tecnica-de-las-instalaciones-salesianas\\\/#breadcrumb\"},\"inLanguage\":\"es\",\"potentialAction\":[{\"@type\":\"ReadAction\",\"target\":[\"https:\\\/\\\/granada.salesianos.edu\\\/colegio\\\/blog\\\/terremotos-en-granada-estado-y-evaluacion-tecnica-de-las-instalaciones-salesianas\\\/\"]}]},{\"@type\":\"ImageObject\",\"inLanguage\":\"es\",\"@id\":\"https:\\\/\\\/granada.salesianos.edu\\\/colegio\\\/blog\\\/terremotos-en-granada-estado-y-evaluacion-tecnica-de-las-instalaciones-salesianas\\\/#primaryimage\",\"url\":\"https:\\\/\\\/granada.salesianos.edu\\\/colegio\\\/wp-content\\\/uploads\\\/sites\\\/2\\\/2026\\\/08\\\/Captura-de-pantalla-2026-08-20-a-las-11.50.13.png\",\"contentUrl\":\"https:\\\/\\\/granada.salesianos.edu\\\/colegio\\\/wp-content\\\/uploads\\\/sites\\\/2\\\/2026\\\/08\\\/Captura-de-pantalla-2026-08-20-a-las-11.50.13.png\",\"width\":2132,\"height\":1184},{\"@type\":\"BreadcrumbList\",\"@id\":\"https:\\\/\\\/granada.salesianos.edu\\\/colegio\\\/blog\\\/terremotos-en-granada-estado-y-evaluacion-tecnica-de-las-instalaciones-salesianas\\\/#breadcrumb\",\"itemListElement\":[{\"@type\":\"ListItem\",\"position\":1,\"name\":\"Portada\",\"item\":\"https:\\\/\\\/granada.salesianos.edu\\\/colegio\\\/\"},{\"@type\":\"ListItem\",\"position\":2,\"name\":\"Terremotos en Granada: estado y evaluaci\u00f3n t\u00e9cnica de las instalaciones salesianas\"}]},{\"@type\":\"WebSite\",\"@id\":\"https:\\\/\\\/granada.salesianos.edu\\\/colegio\\\/#website\",\"url\":\"https:\\\/\\\/granada.salesianos.edu\\\/colegio\\\/\",\"name\":\"Colegio Salesiano\",\"description\":\"P\u00e1gina oficial de Salesianos Granada San Juan Bosco\",\"publisher\":{\"@id\":\"https:\\\/\\\/granada.salesianos.edu\\\/colegio\\\/#organization\"},\"potentialAction\":[{\"@type\":\"SearchAction\",\"target\":{\"@type\":\"EntryPoint\",\"urlTemplate\":\"https:\\\/\\\/granada.salesianos.edu\\\/colegio\\\/?s={search_term_string}\"},\"query-input\":{\"@type\":\"PropertyValueSpecification\",\"valueRequired\":true,\"valueName\":\"search_term_string\"}}],\"inLanguage\":\"es\"},{\"@type\":\"Organization\",\"@id\":\"https:\\\/\\\/granada.salesianos.edu\\\/colegio\\\/#organization\",\"name\":\"Colegio Salesiano San Juan Bosco Granada\",\"url\":\"https:\\\/\\\/granada.salesianos.edu\\\/colegio\\\/\",\"logo\":{\"@type\":\"ImageObject\",\"inLanguage\":\"es\",\"@id\":\"https:\\\/\\\/granada.salesianos.edu\\\/colegio\\\/#\\\/schema\\\/logo\\\/image\\\/\",\"url\":\"https:\\\/\\\/granada.salesianos.edu\\\/colegio\\\/wp-content\\\/uploads\\\/sites\\\/2\\\/2021\\\/01\\\/GRANADAobraVN2.jpg\",\"contentUrl\":\"https:\\\/\\\/granada.salesianos.edu\\\/colegio\\\/wp-content\\\/uploads\\\/sites\\\/2\\\/2021\\\/01\\\/GRANADAobraVN2.jpg\",\"width\":2113,\"height\":1894,\"caption\":\"Colegio Salesiano San Juan Bosco Granada\"},\"image\":{\"@id\":\"https:\\\/\\\/granada.salesianos.edu\\\/colegio\\\/#\\\/schema\\\/logo\\\/image\\\/\"},\"sameAs\":[\"https:\\\/\\\/www.facebook.com\\\/SalesianosGR\\\/\",\"https:\\\/\\\/x.com\\\/GranadaSDB\",\"https:\\\/\\\/www.instagram.com\\\/salesianosgranada\\\/\",\"https:\\\/\\\/www.youtube.com\\\/channel\\\/UChkpZuhCf4Y5rYIcFT3CNxw?view_as=subscriber\"]},{\"@type\":\"Person\",\"@id\":\"https:\\\/\\\/granada.salesianos.edu\\\/colegio\\\/#\\\/schema\\\/person\\\/6392ff2e4bd1e66981d6eab734bbd962\",\"name\":\"Gestor Web\",\"image\":{\"@type\":\"ImageObject\",\"inLanguage\":\"es\",\"@id\":\"https:\\\/\\\/secure.gravatar.com\\\/avatar\\\/160666bb56a01520857079961a824af2b7821d6bad80677c80f2b473fceead1b?s=96&d=mm&r=g\",\"url\":\"https:\\\/\\\/secure.gravatar.com\\\/avatar\\\/160666bb56a01520857079961a824af2b7821d6bad80677c80f2b473fceead1b?s=96&d=mm&r=g\",\"contentUrl\":\"https:\\\/\\\/secure.gravatar.com\\\/avatar\\\/160666bb56a01520857079961a824af2b7821d6bad80677c80f2b473fceead1b?s=96&d=mm&r=g\",\"caption\":\"Gestor Web\"}}]}<\/script>\n<!-- \/ Yoast SEO plugin. -->","yoast_head_json":{"title":"Terremotos en Granada: estado y evaluaci\u00f3n t\u00e9cnica de las instalaciones salesianas - Colegio Salesiano","robots":{"index":"index","follow":"follow","max-snippet":"max-snippet:-1","max-image-preview":"max-image-preview:large","max-video-preview":"max-video-preview:-1"},"canonical":"https:\/\/granada.salesianos.edu\/colegio\/blog\/terremotos-en-granada-estado-y-evaluacion-tecnica-de-las-instalaciones-salesianas\/","og_locale":"es_ES","og_type":"article","og_title":"Terremotos en Granada: estado y evaluaci\u00f3n t\u00e9cnica de las instalaciones salesianas - Colegio Salesiano","og_description":"Cuando el examen es un festival de cine real","og_url":"https:\/\/granada.salesianos.edu\/colegio\/blog\/terremotos-en-granada-estado-y-evaluacion-tecnica-de-las-instalaciones-salesianas\/","og_site_name":"Colegio Salesiano","article_publisher":"https:\/\/www.facebook.com\/SalesianosGR\/","article_published_time":"2026-08-20T09:55:51+00:00","article_modified_time":"2026-08-20T09:55:56+00:00","og_image":[{"width":1024,"height":569,"url":"https:\/\/granada.salesianos.edu\/colegio\/wp-content\/uploads\/sites\/2\/2026\/08\/Captura-de-pantalla-2026-08-20-a-las-11.50.13-1024x569.png","type":"image\/png"}],"author":"Gestor Web","twitter_card":"summary_large_image","twitter_creator":"@GranadaSDB","twitter_site":"@GranadaSDB","twitter_misc":{"Escrito por":"Gestor Web","Tiempo de lectura":"2 minutos"},"schema":{"@context":"https:\/\/schema.org","@graph":[{"@type":"Article","@id":"https:\/\/granada.salesianos.edu\/colegio\/blog\/terremotos-en-granada-estado-y-evaluacion-tecnica-de-las-instalaciones-salesianas\/#article","isPartOf":{"@id":"https:\/\/granada.salesianos.edu\/colegio\/blog\/terremotos-en-granada-estado-y-evaluacion-tecnica-de-las-instalaciones-salesianas\/"},"author":{"name":"Gestor Web","@id":"https:\/\/granada.salesianos.edu\/colegio\/#\/schema\/person\/6392ff2e4bd1e66981d6eab734bbd962"},"headline":"Terremotos en Granada: estado y evaluaci\u00f3n t\u00e9cnica de las instalaciones salesianas","datePublished":"2026-08-20T09:55:51+00:00","dateModified":"2026-08-20T09:55:56+00:00","mainEntityOfPage":{"@id":"https:\/\/granada.salesianos.edu\/colegio\/blog\/terremotos-en-granada-estado-y-evaluacion-tecnica-de-las-instalaciones-salesianas\/"},"wordCount":411,"commentCount":0,"publisher":{"@id":"https:\/\/granada.salesianos.edu\/colegio\/#organization"},"image":{"@id":"https:\/\/granada.salesianos.edu\/colegio\/blog\/terremotos-en-granada-estado-y-evaluacion-tecnica-de-las-instalaciones-salesianas\/#primaryimage"},"thumbnailUrl":"https:\/\/granada.salesianos.edu\/colegio\/wp-content\/uploads\/sites\/2\/2026\/08\/Captura-de-pantalla-2026-08-20-a-las-11.50.13.png","articleSection":["Centro Juvenil","Colegio","Iglesia"],"inLanguage":"es","potentialAction":[{"@type":"CommentAction","name":"Comment","target":["https:\/\/granada.salesianos.edu\/colegio\/blog\/terremotos-en-granada-estado-y-evaluacion-tecnica-de-las-instalaciones-salesianas\/#respond"]}]},{"@type":"WebPage","@id":"https:\/\/granada.salesianos.edu\/colegio\/blog\/terremotos-en-granada-estado-y-evaluacion-tecnica-de-las-instalaciones-salesianas\/","url":"https:\/\/granada.salesianos.edu\/colegio\/blog\/terremotos-en-granada-estado-y-evaluacion-tecnica-de-las-instalaciones-salesianas\/","name":"Terremotos en Granada: estado y evaluaci\u00f3n t\u00e9cnica de las instalaciones salesianas - Colegio Salesiano","isPartOf":{"@id":"https:\/\/granada.salesianos.edu\/colegio\/#website"},"primaryImageOfPage":{"@id":"https:\/\/granada.salesianos.edu\/colegio\/blog\/terremotos-en-granada-estado-y-evaluacion-tecnica-de-las-instalaciones-salesianas\/#primaryimage"},"image":{"@id":"https:\/\/granada.salesianos.edu\/colegio\/blog\/terremotos-en-granada-estado-y-evaluacion-tecnica-de-las-instalaciones-salesianas\/#primaryimage"},"thumbnailUrl":"https:\/\/granada.salesianos.edu\/colegio\/wp-content\/uploads\/sites\/2\/2026\/08\/Captura-de-pantalla-2026-08-20-a-las-11.50.13.png","datePublished":"2026-08-20T09:55:51+00:00","dateModified":"2026-08-20T09:55:56+00:00","breadcrumb":{"@id":"https:\/\/granada.salesianos.edu\/colegio\/blog\/terremotos-en-granada-estado-y-evaluacion-tecnica-de-las-instalaciones-salesianas\/#breadcrumb"},"inLanguage":"es","potentialAction":[{"@type":"ReadAction","target":["https:\/\/granada.salesianos.edu\/colegio\/blog\/terremotos-en-granada-estado-y-evaluacion-tecnica-de-las-instalaciones-salesianas\/"]}]},{"@type":"ImageObject","inLanguage":"es","@id":"https:\/\/granada.salesianos.edu\/colegio\/blog\/terremotos-en-granada-estado-y-evaluacion-tecnica-de-las-instalaciones-salesianas\/#primaryimage","url":"https:\/\/granada.salesianos.edu\/colegio\/wp-content\/uploads\/sites\/2\/2026\/08\/Captura-de-pantalla-2026-08-20-a-las-11.50.13.png","contentUrl":"https:\/\/granada.salesianos.edu\/colegio\/wp-content\/uploads\/sites\/2\/2026\/08\/Captura-de-pantalla-2026-08-20-a-las-11.50.13.png","width":2132,"height":1184},{"@type":"BreadcrumbList","@id":"https:\/\/granada.salesianos.edu\/colegio\/blog\/terremotos-en-granada-estado-y-evaluacion-tecnica-de-las-instalaciones-salesianas\/#breadcrumb","itemListElement":[{"@type":"ListItem","position":1,"name":"Portada","item":"https:\/\/granada.salesianos.edu\/colegio\/"},{"@type":"ListItem","position":2,"name":"Terremotos en Granada: estado y evaluaci\u00f3n t\u00e9cnica de las instalaciones salesianas"}]},{"@type":"WebSite","@id":"https:\/\/granada.salesianos.edu\/colegio\/#website","url":"https:\/\/granada.salesianos.edu\/colegio\/","name":"Colegio Salesiano","description":"P\u00e1gina oficial de Salesianos Granada San Juan Bosco","publisher":{"@id":"https:\/\/granada.salesianos.edu\/colegio\/#organization"},"potentialAction":[{"@type":"SearchAction","target":{"@type":"EntryPoint","urlTemplate":"https:\/\/granada.salesianos.edu\/colegio\/?s={search_term_string}"},"query-input":{"@type":"PropertyValueSpecification","valueRequired":true,"valueName":"search_term_string"}}],"inLanguage":"es"},{"@type":"Organization","@id":"https:\/\/granada.salesianos.edu\/colegio\/#organization","name":"Colegio Salesiano San Juan Bosco Granada","url":"https:\/\/granada.salesianos.edu\/colegio\/","logo":{"@type":"ImageObject","inLanguage":"es","@id":"https:\/\/granada.salesianos.edu\/colegio\/#\/schema\/logo\/image\/","url":"https:\/\/granada.salesianos.edu\/colegio\/wp-content\/uploads\/sites\/2\/2021\/01\/GRANADAobraVN2.jpg","contentUrl":"https:\/\/granada.salesianos.edu\/colegio\/wp-content\/uploads\/sites\/2\/2021\/01\/GRANADAobraVN2.jpg","width":2113,"height":1894,"caption":"Colegio Salesiano San Juan Bosco Granada"},"image":{"@id":"https:\/\/granada.salesianos.edu\/colegio\/#\/schema\/logo\/image\/"},"sameAs":["https:\/\/www.facebook.com\/SalesianosGR\/","https:\/\/x.com\/GranadaSDB","https:\/\/www.instagram.com\/salesianosgranada\/","https:\/\/www.youtube.com\/channel\/UChkpZuhCf4Y5rYIcFT3CNxw?view_as=subscriber"]},{"@type":"Person","@id":"https:\/\/granada.salesianos.edu\/colegio\/#\/schema\/person\/6392ff2e4bd1e66981d6eab734bbd962","name":"Gestor Web","image":{"@type":"ImageObject","inLanguage":"es","@id":"https:\/\/secure.gravatar.com\/avatar\/160666bb56a01520857079961a824af2b7821d6bad80677c80f2b473fceead1b?s=96&d=mm&r=g","url":"https:\/\/secure.gravatar.com\/avatar\/160666bb56a01520857079961a824af2b7821d6bad80677c80f2b473fceead1b?s=96&d=mm&r=g","contentUrl":"https:\/\/secure.gravatar.com\/avatar\/160666bb56a01520857079961a824af2b7821d6bad80677c80f2b473fceead1b?s=96&d=mm&r=g","caption":"Gestor Web"}}]}},"_links":{"self":[{"href":"https:\/\/granada.salesianos.edu\/colegio\/wp-json\/wp\/v2\/posts\/115696","targetHints":{"allow":["GET"]}}],"collection":[{"href":"https:\/\/granada.salesianos.edu\/colegio\/wp-json\/wp\/v2\/posts"}],"about":[{"href":"https:\/\/granada.salesianos.edu\/colegio\/wp-json\/wp\/v2\/types\/post"}],"author":[{"embeddable":true,"href":"https:\/\/granada.salesianos.edu\/colegio\/wp-json\/wp\/v2\/users\/2"}],"replies":[{"embeddable":true,"href":"https:\/\/granada.salesianos.edu\/colegio\/wp-json\/wp\/v2\/comments?post=115696"}],"version-history":[{"count":2,"href":"https:\/\/granada.salesianos.edu\/colegio\/wp-json\/wp\/v2\/posts\/115696\/revisions"}],"predecessor-version":[{"id":115700,"href":"https:\/\/granada.salesianos.edu\/colegio\/wp-json\/wp\/v2\/posts\/115696\/revisions\/115700"}],"wp:featuredmedia":[{"embeddable":true,"href":"https:\/\/granada.salesianos.edu\/colegio\/wp-json\/wp\/v2\/media\/115697"}],"wp:attachment":[{"href":"https:\/\/granada.salesianos.edu\/colegio\/wp-json\/wp\/v2\/media?parent=115696"}],"wp:term":[{"taxonomy":"category","embeddable":true,"href":"https:\/\/granada.salesianos.edu\/colegio\/wp-json\/wp\/v2\/categories?post=115696"},{"taxonomy":"post_tag","embeddable":true,"href":"https:\/\/granada.salesianos.edu\/colegio\/wp-json\/wp\/v2\/tags?post=115696"}],"curies":[{"name":"wp","href":"https:\/\/api.w.org\/{rel}","templated":true}]}}