{"id":12313,"date":"2021-04-16T13:15:05","date_gmt":"2021-04-16T11:15:05","guid":{"rendered":"https:\/\/granada.salesianos.edu\/colegio\/blog\/vii-semana-de-la-ciencias\/"},"modified":"2022-12-01T22:33:22","modified_gmt":"2022-12-01T20:33:22","slug":"vii-semana-de-la-ciencias","status":"publish","type":"post","link":"https:\/\/granada.salesianos.edu\/colegio\/blog\/vii-semana-de-la-ciencias\/","title":{"rendered":"VII SEMANA DE LA CIENCIAS"},"content":{"rendered":"<div id=\"fb-root\"><\/div>\n<p>[et_pb_section fb_built=\u00bb1&#8243; admin_label=\u00bbsection\u00bb _builder_version=\u00bb3.22&#8243;][et_pb_row admin_label=\u00bbrow\u00bb _builder_version=\u00bb3.25&#8243; background_size=\u00bbinitial\u00bb background_position=\u00bbtop_left\u00bb background_repeat=\u00bbrepeat\u00bb][et_pb_column type=\u00bb4_4&#8243; _builder_version=\u00bb3.25&#8243; custom_padding=\u00bb|||\u00bb custom_padding__hover=\u00bb|||\u00bb][et_pb_text admin_label=\u00bbEntradilla (Texto)\u00bb _builder_version=\u00bb4.2.2&#8243; text_font=\u00bb|on|||\u00bb text_orientation=\u00bbjustified\u00bb]<\/p>\n<h3><span style=\"color: #ff0000;\"><strong>\u00a1\u00c9xito de la Semana de las Ciencias! Mas de 100 proyectos presentados por nuestros peque\u00f1os y grandes cient\u00edficos.<\/strong><\/span><\/h3>\n<p>[\/et_pb_text][et_pb_text admin_label=\u00bbAutor (Texto)\u00bb _builder_version=\u00bb4.2.2&#8243; text_font=\u00bb||on||\u00bb]<\/p>\n<p>Por: GESTORWEB<\/p>\n<p>[\/et_pb_text][et_pb_text admin_label=\u00bbDesarrollo (Texto)\u00bb _builder_version=\u00bb4.2.2&#8243; text_orientation=\u00bbjustified\u00bb hover_enabled=\u00bb0&#8243;]<\/p>\n<p>Durante toda esta semana, nuestro colegio ha tenido la oportunidad de celebrar la <strong><span style=\"color: #ff0000;\">\u00abVII Semana de las Ciencias y la Tecnolog\u00eda\u00bb<\/span><\/strong>. Un tiempo dedicado a que nuestro alumnado pueda aprender y experimentar disfrutando de la ciencia y la tecnolog\u00eda.<\/p>\n<p>A pesar de las dificultades producidas por la Pandemia originada por el COVID-19, hemos podido llevarla a cabo aunque, eso s\u00ed, adaptando la tradicional Feria de las Ciencias presencial, donde nuestro alumnado expon\u00edan sus proyectos a los compa\u00f1eros, por una \u201cmuestra virtual\u201d aprovechando las nuevas tecnolog\u00edas que tienen m\u00e1s cerca.\u00a0 De esta forma, han podido presentar sus proyectos a trav\u00e9s de una grabaci\u00f3n de v\u00eddeo.<\/p>\n<p>Otra de las grandes novedades respecto a jornadas anteriores, es la creaci\u00f3n de la <span style=\"color: #ff0000;\"><strong>I GYMKHANA MATEM\u00c1TICA<\/strong> <\/span>del Colegio Salesiano San Juan Bosco de Granada, organizada gracias al profesorado que forma el departamento de Matem\u00e1ticas. Con esto pretenden fomentar la Competencia Matem\u00e1tica del alumnado de Secundaria.<\/p>\n<p><span style=\"color: #ff0000;\"><strong>Siete a\u00f1os disfrutando de la ciencia y la tecnolog\u00eda.<\/strong><\/span><\/p>\n<p>Hace ya siete a\u00f1os desde que nuestra Jefa de Estudios de Secundaria, Roc\u00edo Moreno, propuso al Departamento de Ciencias crear una actividad cuyo objetivo fuera motivar\u00a0 y alentar al alumnado hacia el gusto por las disciplinas cient\u00edficas y tecnol\u00f3gicas.<\/p>\n<p>El objetivo principal era hacer entender al resto del colegio que la rama cient\u00edfica se pod\u00eda ense\u00f1ar y aprender haci\u00e9ndola divertida, lejos de ser algo lejano o aburrido.Esta idea tuvo tal aceptaci\u00f3n, que muy pronto se organiz\u00f3 todo para que esto dejara de ser un proyecto y se convirtiera en la I Feria de las Ciencias de \u201cSalesianos Granada\u201d.Seg\u00fan nos cuenta Pablo Fern\u00e1ndez, Jefe del Departamento en aquel momento, <strong><em>esta actividad ha ido cambiando de forma, seg\u00fan ha ido pasando el tiempo.<\/em><\/strong>Durante estos siete a\u00f1os, hemos asistido a exhibiciones en los laboratorios con la colaboraci\u00f3n de nuestro querid\u00edsimo Juan Fuentes, exposiciones, mostradores donde el alumnado ense\u00f1aba a padres, profesores y compa\u00f1eros los trabajos realizados, etc. En esta ocasi\u00f3n hemos adoptado un nuevo formato para los nuevos tiempos que estamos viviendo, la Feria Virtual.<\/p>\n<p>A lo largo de este tiempo, siempre hemos contado con la colaboraci\u00f3n del Parque de las Ciencias, que nos ha apoyado de diferentes maneras dependiendo de la actividad organizada en cada certamen.<\/p>\n<p>&nbsp;<\/p>\n<p>[\/et_pb_text][et_pb_gallery gallery_ids=\u00bb10033,10034,10035,10036,10037,12323,12324,12325,12326,12327,12328,12329,12330,12331,12332,12333,12334,12335,12336,12337,12338&#8243; fullwidth=\u00bbon\u00bb hover_icon=\u00bb%%51%%\u00bb disabled_on=\u00bboff|off|off\u00bb _builder_version=\u00bb4.2.2&#8243; hover_enabled=\u00bb0&#8243; border_style=\u00bbsolid\u00bb][\/et_pb_gallery][et_pb_text _builder_version=\u00bb4.2.2&#8243; hover_enabled=\u00bb0&#8243;]<\/p>\n<p><strong>\u201cFeria Virtual\u201d.<\/strong><\/p>\n<p>En breve, podremos conocer a los ganadores de este certamen, que esperan con gran entusiasmo la valoraci\u00f3n conseguida.<\/p>\n<p>Si eres un amante de las ciencias y quieres ver de primera mano el talento de nuestros cient\u00edficos y cient\u00edficas, puedes acceder a nuestra \u201cFeria Virtual\u201d a trav\u00e9s de los siguientes enlaces.<\/p>\n<p>Enlace a 1\u00ba CICLO DE PRIMARIA:<\/p>\n<p><a href=\"https:\/\/sites.google.com\/salesianos.edu\/ciencia-salesianosgranada\/1%C2%BA-ciclo-ep\">https:\/\/sites.google.com\/salesianos.edu\/ciencia-salesianosgranada\/1%C2%BA-ciclo-ep<\/a><\/p>\n<p>Enlace a 2\u00ba CICLO DE PRIMARIA:<\/p>\n<p><a href=\"https:\/\/sites.google.com\/salesianos.edu\/ciencia-salesianosgranada\/2%C2%BA-ciclo-ep\">https:\/\/sites.google.com\/salesianos.edu\/ciencia-salesianosgranada\/2%C2%BA-ciclo-ep<\/a><\/p>\n<p>Enlace a 3\u00ba CICLO DE PRIMARIA:<\/p>\n<p><a href=\"https:\/\/sites.google.com\/salesianos.edu\/ciencia-salesianosgranada\/3%C2%BA-ciclo-ep\">https:\/\/sites.google.com\/salesianos.edu\/ciencia-salesianosgranada\/3%C2%BA-ciclo-ep<\/a><\/p>\n<p>Enlace a SECUNDARIA:<\/p>\n<p><a href=\"https:\/\/sites.google.com\/salesianos.edu\/ciencia-salesianosgranada\/secundaria\">https:\/\/sites.google.com\/salesianos.edu\/ciencia-salesianosgranada\/secundaria<\/a><\/p>\n<p>\u00a1VIVA LA CIENCIA!<\/p>\n<p>[\/et_pb_text][\/et_pb_column][\/et_pb_row][\/et_pb_section]<\/p>\n","protected":false},"excerpt":{"rendered":"<p>Durante toda esta semana, nuestro colegio ha tenido la oportunidad de celebrar la \u00abVII Semana de las Ciencias y la Tecnolog\u00eda\u00bb. Un tiempo dedicado a que nuestro alumnado pueda aprender y experimentar disfrutando de la ciencia y la tecnolog\u00eda. <\/p>\n","protected":false},"author":2,"featured_media":12323,"comment_status":"open","ping_status":"open","sticky":false,"template":"","format":"standard","meta":{"_et_pb_use_builder":"on","_et_pb_old_content":"","_et_gb_content_width":"","footnotes":""},"categories":[27,11,19,21,1],"tags":[],"class_list":["post-12313","post","type-post","status-publish","format-standard","has-post-thumbnail","hentry","category-ciencias","category-colegio","category-eso","category-fp","category-uncategorized"],"yoast_head":"<!-- This site is optimized with the Yoast SEO plugin v28.4 - https:\/\/yoast.com\/product\/yoast-seo-wordpress\/ -->\n<title>VII SEMANA DE LA CIENCIAS - Colegio Salesiano<\/title>\n<meta name=\"robots\" content=\"index, follow, max-snippet:-1, max-image-preview:large, max-video-preview:-1\" \/>\n<link rel=\"canonical\" href=\"https:\/\/granada.salesianos.edu\/colegio\/blog\/vii-semana-de-la-ciencias\/\" \/>\n<meta property=\"og:locale\" content=\"es_ES\" \/>\n<meta property=\"og:type\" content=\"article\" \/>\n<meta property=\"og:title\" content=\"VII SEMANA DE LA CIENCIAS - Colegio Salesiano\" \/>\n<meta property=\"og:description\" content=\"Durante toda esta semana, nuestro colegio ha tenido la oportunidad de celebrar la \u00abVII Semana de las Ciencias y la Tecnolog\u00eda\u00bb. Un tiempo dedicado a que nuestro alumnado pueda aprender y experimentar disfrutando de la ciencia y la tecnolog\u00eda.\" \/>\n<meta property=\"og:url\" content=\"https:\/\/granada.salesianos.edu\/colegio\/blog\/vii-semana-de-la-ciencias\/\" \/>\n<meta property=\"og:site_name\" content=\"Colegio Salesiano\" \/>\n<meta property=\"article:publisher\" content=\"https:\/\/www.facebook.com\/SalesianosGR\/\" \/>\n<meta property=\"article:published_time\" content=\"2021-04-16T11:15:05+00:00\" \/>\n<meta property=\"article:modified_time\" content=\"2022-12-01T20:33:22+00:00\" \/>\n<meta property=\"og:image\" content=\"https:\/\/granada.salesianos.edu\/colegio\/wp-content\/uploads\/sites\/2\/2021\/04\/sc016.jpeg\" \/>\n\t<meta property=\"og:image:width\" content=\"1600\" \/>\n\t<meta property=\"og:image:height\" content=\"1200\" \/>\n\t<meta property=\"og:image:type\" content=\"image\/jpeg\" \/>\n<meta name=\"author\" content=\"Gestor Web\" \/>\n<meta name=\"twitter:card\" content=\"summary_large_image\" \/>\n<meta name=\"twitter:creator\" content=\"@GranadaSDB\" \/>\n<meta name=\"twitter:site\" content=\"@GranadaSDB\" \/>\n<meta name=\"twitter:label1\" content=\"Escrito por\" \/>\n\t<meta name=\"twitter:data1\" content=\"Gestor Web\" \/>\n\t<meta name=\"twitter:label2\" content=\"Tiempo de lectura\" \/>\n\t<meta name=\"twitter:data2\" content=\"3 minutos\" \/>\n<script type=\"application\/ld+json\" class=\"yoast-schema-graph\">{\"@context\":\"https:\\\/\\\/schema.org\",\"@graph\":[{\"@type\":\"Article\",\"@id\":\"https:\\\/\\\/granada.salesianos.edu\\\/colegio\\\/blog\\\/vii-semana-de-la-ciencias\\\/#article\",\"isPartOf\":{\"@id\":\"https:\\\/\\\/granada.salesianos.edu\\\/colegio\\\/blog\\\/vii-semana-de-la-ciencias\\\/\"},\"author\":{\"name\":\"Gestor Web\",\"@id\":\"https:\\\/\\\/granada.salesianos.edu\\\/colegio\\\/#\\\/schema\\\/person\\\/6392ff2e4bd1e66981d6eab734bbd962\"},\"headline\":\"VII SEMANA DE LA CIENCIAS\",\"datePublished\":\"2021-04-16T11:15:05+00:00\",\"dateModified\":\"2022-12-01T20:33:22+00:00\",\"mainEntityOfPage\":{\"@id\":\"https:\\\/\\\/granada.salesianos.edu\\\/colegio\\\/blog\\\/vii-semana-de-la-ciencias\\\/\"},\"wordCount\":671,\"commentCount\":0,\"publisher\":{\"@id\":\"https:\\\/\\\/granada.salesianos.edu\\\/colegio\\\/#organization\"},\"image\":{\"@id\":\"https:\\\/\\\/granada.salesianos.edu\\\/colegio\\\/blog\\\/vii-semana-de-la-ciencias\\\/#primaryimage\"},\"thumbnailUrl\":\"https:\\\/\\\/granada.salesianos.edu\\\/colegio\\\/wp-content\\\/uploads\\\/sites\\\/2\\\/2021\\\/04\\\/sc016.jpeg\",\"articleSection\":[\"Ciencias\",\"Colegio\",\"ESO\",\"FP\",\"Uncategorized\"],\"inLanguage\":\"es\",\"potentialAction\":[{\"@type\":\"CommentAction\",\"name\":\"Comment\",\"target\":[\"https:\\\/\\\/granada.salesianos.edu\\\/colegio\\\/blog\\\/vii-semana-de-la-ciencias\\\/#respond\"]}]},{\"@type\":\"WebPage\",\"@id\":\"https:\\\/\\\/granada.salesianos.edu\\\/colegio\\\/blog\\\/vii-semana-de-la-ciencias\\\/\",\"url\":\"https:\\\/\\\/granada.salesianos.edu\\\/colegio\\\/blog\\\/vii-semana-de-la-ciencias\\\/\",\"name\":\"VII SEMANA DE LA CIENCIAS - Colegio Salesiano\",\"isPartOf\":{\"@id\":\"https:\\\/\\\/granada.salesianos.edu\\\/colegio\\\/#website\"},\"primaryImageOfPage\":{\"@id\":\"https:\\\/\\\/granada.salesianos.edu\\\/colegio\\\/blog\\\/vii-semana-de-la-ciencias\\\/#primaryimage\"},\"image\":{\"@id\":\"https:\\\/\\\/granada.salesianos.edu\\\/colegio\\\/blog\\\/vii-semana-de-la-ciencias\\\/#primaryimage\"},\"thumbnailUrl\":\"https:\\\/\\\/granada.salesianos.edu\\\/colegio\\\/wp-content\\\/uploads\\\/sites\\\/2\\\/2021\\\/04\\\/sc016.jpeg\",\"datePublished\":\"2021-04-16T11:15:05+00:00\",\"dateModified\":\"2022-12-01T20:33:22+00:00\",\"breadcrumb\":{\"@id\":\"https:\\\/\\\/granada.salesianos.edu\\\/colegio\\\/blog\\\/vii-semana-de-la-ciencias\\\/#breadcrumb\"},\"inLanguage\":\"es\",\"potentialAction\":[{\"@type\":\"ReadAction\",\"target\":[\"https:\\\/\\\/granada.salesianos.edu\\\/colegio\\\/blog\\\/vii-semana-de-la-ciencias\\\/\"]}]},{\"@type\":\"ImageObject\",\"inLanguage\":\"es\",\"@id\":\"https:\\\/\\\/granada.salesianos.edu\\\/colegio\\\/blog\\\/vii-semana-de-la-ciencias\\\/#primaryimage\",\"url\":\"https:\\\/\\\/granada.salesianos.edu\\\/colegio\\\/wp-content\\\/uploads\\\/sites\\\/2\\\/2021\\\/04\\\/sc016.jpeg\",\"contentUrl\":\"https:\\\/\\\/granada.salesianos.edu\\\/colegio\\\/wp-content\\\/uploads\\\/sites\\\/2\\\/2021\\\/04\\\/sc016.jpeg\",\"width\":1600,\"height\":1200},{\"@type\":\"BreadcrumbList\",\"@id\":\"https:\\\/\\\/granada.salesianos.edu\\\/colegio\\\/blog\\\/vii-semana-de-la-ciencias\\\/#breadcrumb\",\"itemListElement\":[{\"@type\":\"ListItem\",\"position\":1,\"name\":\"Portada\",\"item\":\"https:\\\/\\\/granada.salesianos.edu\\\/colegio\\\/\"},{\"@type\":\"ListItem\",\"position\":2,\"name\":\"VII SEMANA DE LA CIENCIAS\"}]},{\"@type\":\"WebSite\",\"@id\":\"https:\\\/\\\/granada.salesianos.edu\\\/colegio\\\/#website\",\"url\":\"https:\\\/\\\/granada.salesianos.edu\\\/colegio\\\/\",\"name\":\"Colegio Salesiano\",\"description\":\"P\u00e1gina oficial de Salesianos Granada San Juan Bosco\",\"publisher\":{\"@id\":\"https:\\\/\\\/granada.salesianos.edu\\\/colegio\\\/#organization\"},\"potentialAction\":[{\"@type\":\"SearchAction\",\"target\":{\"@type\":\"EntryPoint\",\"urlTemplate\":\"https:\\\/\\\/granada.salesianos.edu\\\/colegio\\\/?s={search_term_string}\"},\"query-input\":{\"@type\":\"PropertyValueSpecification\",\"valueRequired\":true,\"valueName\":\"search_term_string\"}}],\"inLanguage\":\"es\"},{\"@type\":\"Organization\",\"@id\":\"https:\\\/\\\/granada.salesianos.edu\\\/colegio\\\/#organization\",\"name\":\"Colegio Salesiano San Juan Bosco Granada\",\"url\":\"https:\\\/\\\/granada.salesianos.edu\\\/colegio\\\/\",\"logo\":{\"@type\":\"ImageObject\",\"inLanguage\":\"es\",\"@id\":\"https:\\\/\\\/granada.salesianos.edu\\\/colegio\\\/#\\\/schema\\\/logo\\\/image\\\/\",\"url\":\"https:\\\/\\\/granada.salesianos.edu\\\/colegio\\\/wp-content\\\/uploads\\\/sites\\\/2\\\/2021\\\/01\\\/GRANADAobraVN2.jpg\",\"contentUrl\":\"https:\\\/\\\/granada.salesianos.edu\\\/colegio\\\/wp-content\\\/uploads\\\/sites\\\/2\\\/2021\\\/01\\\/GRANADAobraVN2.jpg\",\"width\":2113,\"height\":1894,\"caption\":\"Colegio Salesiano San Juan Bosco Granada\"},\"image\":{\"@id\":\"https:\\\/\\\/granada.salesianos.edu\\\/colegio\\\/#\\\/schema\\\/logo\\\/image\\\/\"},\"sameAs\":[\"https:\\\/\\\/www.facebook.com\\\/SalesianosGR\\\/\",\"https:\\\/\\\/x.com\\\/GranadaSDB\",\"https:\\\/\\\/www.instagram.com\\\/salesianosgranada\\\/\",\"https:\\\/\\\/www.youtube.com\\\/channel\\\/UChkpZuhCf4Y5rYIcFT3CNxw?view_as=subscriber\"]},{\"@type\":\"Person\",\"@id\":\"https:\\\/\\\/granada.salesianos.edu\\\/colegio\\\/#\\\/schema\\\/person\\\/6392ff2e4bd1e66981d6eab734bbd962\",\"name\":\"Gestor Web\",\"image\":{\"@type\":\"ImageObject\",\"inLanguage\":\"es\",\"@id\":\"https:\\\/\\\/secure.gravatar.com\\\/avatar\\\/160666bb56a01520857079961a824af2b7821d6bad80677c80f2b473fceead1b?s=96&d=mm&r=g\",\"url\":\"https:\\\/\\\/secure.gravatar.com\\\/avatar\\\/160666bb56a01520857079961a824af2b7821d6bad80677c80f2b473fceead1b?s=96&d=mm&r=g\",\"contentUrl\":\"https:\\\/\\\/secure.gravatar.com\\\/avatar\\\/160666bb56a01520857079961a824af2b7821d6bad80677c80f2b473fceead1b?s=96&d=mm&r=g\",\"caption\":\"Gestor Web\"}}]}<\/script>\n<!-- \/ Yoast SEO plugin. -->","yoast_head_json":{"title":"VII SEMANA DE LA CIENCIAS - Colegio Salesiano","robots":{"index":"index","follow":"follow","max-snippet":"max-snippet:-1","max-image-preview":"max-image-preview:large","max-video-preview":"max-video-preview:-1"},"canonical":"https:\/\/granada.salesianos.edu\/colegio\/blog\/vii-semana-de-la-ciencias\/","og_locale":"es_ES","og_type":"article","og_title":"VII SEMANA DE LA CIENCIAS - Colegio Salesiano","og_description":"Durante toda esta semana, nuestro colegio ha tenido la oportunidad de celebrar la \u00abVII Semana de las Ciencias y la Tecnolog\u00eda\u00bb. Un tiempo dedicado a que nuestro alumnado pueda aprender y experimentar disfrutando de la ciencia y la tecnolog\u00eda.","og_url":"https:\/\/granada.salesianos.edu\/colegio\/blog\/vii-semana-de-la-ciencias\/","og_site_name":"Colegio Salesiano","article_publisher":"https:\/\/www.facebook.com\/SalesianosGR\/","article_published_time":"2021-04-16T11:15:05+00:00","article_modified_time":"2022-12-01T20:33:22+00:00","og_image":[{"width":1600,"height":1200,"url":"https:\/\/granada.salesianos.edu\/colegio\/wp-content\/uploads\/sites\/2\/2021\/04\/sc016.jpeg","type":"image\/jpeg"}],"author":"Gestor Web","twitter_card":"summary_large_image","twitter_creator":"@GranadaSDB","twitter_site":"@GranadaSDB","twitter_misc":{"Escrito por":"Gestor Web","Tiempo de lectura":"3 minutos"},"schema":{"@context":"https:\/\/schema.org","@graph":[{"@type":"Article","@id":"https:\/\/granada.salesianos.edu\/colegio\/blog\/vii-semana-de-la-ciencias\/#article","isPartOf":{"@id":"https:\/\/granada.salesianos.edu\/colegio\/blog\/vii-semana-de-la-ciencias\/"},"author":{"name":"Gestor Web","@id":"https:\/\/granada.salesianos.edu\/colegio\/#\/schema\/person\/6392ff2e4bd1e66981d6eab734bbd962"},"headline":"VII SEMANA DE LA CIENCIAS","datePublished":"2021-04-16T11:15:05+00:00","dateModified":"2022-12-01T20:33:22+00:00","mainEntityOfPage":{"@id":"https:\/\/granada.salesianos.edu\/colegio\/blog\/vii-semana-de-la-ciencias\/"},"wordCount":671,"commentCount":0,"publisher":{"@id":"https:\/\/granada.salesianos.edu\/colegio\/#organization"},"image":{"@id":"https:\/\/granada.salesianos.edu\/colegio\/blog\/vii-semana-de-la-ciencias\/#primaryimage"},"thumbnailUrl":"https:\/\/granada.salesianos.edu\/colegio\/wp-content\/uploads\/sites\/2\/2021\/04\/sc016.jpeg","articleSection":["Ciencias","Colegio","ESO","FP","Uncategorized"],"inLanguage":"es","potentialAction":[{"@type":"CommentAction","name":"Comment","target":["https:\/\/granada.salesianos.edu\/colegio\/blog\/vii-semana-de-la-ciencias\/#respond"]}]},{"@type":"WebPage","@id":"https:\/\/granada.salesianos.edu\/colegio\/blog\/vii-semana-de-la-ciencias\/","url":"https:\/\/granada.salesianos.edu\/colegio\/blog\/vii-semana-de-la-ciencias\/","name":"VII SEMANA DE LA CIENCIAS - Colegio Salesiano","isPartOf":{"@id":"https:\/\/granada.salesianos.edu\/colegio\/#website"},"primaryImageOfPage":{"@id":"https:\/\/granada.salesianos.edu\/colegio\/blog\/vii-semana-de-la-ciencias\/#primaryimage"},"image":{"@id":"https:\/\/granada.salesianos.edu\/colegio\/blog\/vii-semana-de-la-ciencias\/#primaryimage"},"thumbnailUrl":"https:\/\/granada.salesianos.edu\/colegio\/wp-content\/uploads\/sites\/2\/2021\/04\/sc016.jpeg","datePublished":"2021-04-16T11:15:05+00:00","dateModified":"2022-12-01T20:33:22+00:00","breadcrumb":{"@id":"https:\/\/granada.salesianos.edu\/colegio\/blog\/vii-semana-de-la-ciencias\/#breadcrumb"},"inLanguage":"es","potentialAction":[{"@type":"ReadAction","target":["https:\/\/granada.salesianos.edu\/colegio\/blog\/vii-semana-de-la-ciencias\/"]}]},{"@type":"ImageObject","inLanguage":"es","@id":"https:\/\/granada.salesianos.edu\/colegio\/blog\/vii-semana-de-la-ciencias\/#primaryimage","url":"https:\/\/granada.salesianos.edu\/colegio\/wp-content\/uploads\/sites\/2\/2021\/04\/sc016.jpeg","contentUrl":"https:\/\/granada.salesianos.edu\/colegio\/wp-content\/uploads\/sites\/2\/2021\/04\/sc016.jpeg","width":1600,"height":1200},{"@type":"BreadcrumbList","@id":"https:\/\/granada.salesianos.edu\/colegio\/blog\/vii-semana-de-la-ciencias\/#breadcrumb","itemListElement":[{"@type":"ListItem","position":1,"name":"Portada","item":"https:\/\/granada.salesianos.edu\/colegio\/"},{"@type":"ListItem","position":2,"name":"VII SEMANA DE LA CIENCIAS"}]},{"@type":"WebSite","@id":"https:\/\/granada.salesianos.edu\/colegio\/#website","url":"https:\/\/granada.salesianos.edu\/colegio\/","name":"Colegio Salesiano","description":"P\u00e1gina oficial de Salesianos Granada San Juan Bosco","publisher":{"@id":"https:\/\/granada.salesianos.edu\/colegio\/#organization"},"potentialAction":[{"@type":"SearchAction","target":{"@type":"EntryPoint","urlTemplate":"https:\/\/granada.salesianos.edu\/colegio\/?s={search_term_string}"},"query-input":{"@type":"PropertyValueSpecification","valueRequired":true,"valueName":"search_term_string"}}],"inLanguage":"es"},{"@type":"Organization","@id":"https:\/\/granada.salesianos.edu\/colegio\/#organization","name":"Colegio Salesiano San Juan Bosco Granada","url":"https:\/\/granada.salesianos.edu\/colegio\/","logo":{"@type":"ImageObject","inLanguage":"es","@id":"https:\/\/granada.salesianos.edu\/colegio\/#\/schema\/logo\/image\/","url":"https:\/\/granada.salesianos.edu\/colegio\/wp-content\/uploads\/sites\/2\/2021\/01\/GRANADAobraVN2.jpg","contentUrl":"https:\/\/granada.salesianos.edu\/colegio\/wp-content\/uploads\/sites\/2\/2021\/01\/GRANADAobraVN2.jpg","width":2113,"height":1894,"caption":"Colegio Salesiano San Juan Bosco Granada"},"image":{"@id":"https:\/\/granada.salesianos.edu\/colegio\/#\/schema\/logo\/image\/"},"sameAs":["https:\/\/www.facebook.com\/SalesianosGR\/","https:\/\/x.com\/GranadaSDB","https:\/\/www.instagram.com\/salesianosgranada\/","https:\/\/www.youtube.com\/channel\/UChkpZuhCf4Y5rYIcFT3CNxw?view_as=subscriber"]},{"@type":"Person","@id":"https:\/\/granada.salesianos.edu\/colegio\/#\/schema\/person\/6392ff2e4bd1e66981d6eab734bbd962","name":"Gestor Web","image":{"@type":"ImageObject","inLanguage":"es","@id":"https:\/\/secure.gravatar.com\/avatar\/160666bb56a01520857079961a824af2b7821d6bad80677c80f2b473fceead1b?s=96&d=mm&r=g","url":"https:\/\/secure.gravatar.com\/avatar\/160666bb56a01520857079961a824af2b7821d6bad80677c80f2b473fceead1b?s=96&d=mm&r=g","contentUrl":"https:\/\/secure.gravatar.com\/avatar\/160666bb56a01520857079961a824af2b7821d6bad80677c80f2b473fceead1b?s=96&d=mm&r=g","caption":"Gestor Web"}}]}},"_links":{"self":[{"href":"https:\/\/granada.salesianos.edu\/colegio\/wp-json\/wp\/v2\/posts\/12313","targetHints":{"allow":["GET"]}}],"collection":[{"href":"https:\/\/granada.salesianos.edu\/colegio\/wp-json\/wp\/v2\/posts"}],"about":[{"href":"https:\/\/granada.salesianos.edu\/colegio\/wp-json\/wp\/v2\/types\/post"}],"author":[{"embeddable":true,"href":"https:\/\/granada.salesianos.edu\/colegio\/wp-json\/wp\/v2\/users\/2"}],"replies":[{"embeddable":true,"href":"https:\/\/granada.salesianos.edu\/colegio\/wp-json\/wp\/v2\/comments?post=12313"}],"version-history":[{"count":3,"href":"https:\/\/granada.salesianos.edu\/colegio\/wp-json\/wp\/v2\/posts\/12313\/revisions"}],"predecessor-version":[{"id":12340,"href":"https:\/\/granada.salesianos.edu\/colegio\/wp-json\/wp\/v2\/posts\/12313\/revisions\/12340"}],"wp:featuredmedia":[{"embeddable":true,"href":"https:\/\/granada.salesianos.edu\/colegio\/wp-json\/wp\/v2\/media\/12323"}],"wp:attachment":[{"href":"https:\/\/granada.salesianos.edu\/colegio\/wp-json\/wp\/v2\/media?parent=12313"}],"wp:term":[{"taxonomy":"category","embeddable":true,"href":"https:\/\/granada.salesianos.edu\/colegio\/wp-json\/wp\/v2\/categories?post=12313"},{"taxonomy":"post_tag","embeddable":true,"href":"https:\/\/granada.salesianos.edu\/colegio\/wp-json\/wp\/v2\/tags?post=12313"}],"curies":[{"name":"wp","href":"https:\/\/api.w.org\/{rel}","templated":true}]}}