{"id":12360,"date":"2021-04-23T13:50:21","date_gmt":"2021-04-23T11:50:21","guid":{"rendered":"https:\/\/granada.salesianos.edu\/colegio\/blog\/el-dia-del-libro-un-dia-para-sonar-y-viajar\/"},"modified":"2022-12-01T22:32:32","modified_gmt":"2022-12-01T20:32:32","slug":"el-dia-del-libro-un-dia-para-sonar-y-viajar","status":"publish","type":"post","link":"https:\/\/granada.salesianos.edu\/colegio\/blog\/el-dia-del-libro-un-dia-para-sonar-y-viajar\/","title":{"rendered":"EL D\u00cdA DEL LIBRO: UN D\u00cdA PARA SO\u00d1AR Y VIAJAR"},"content":{"rendered":"<div id=\"fb-root\"><\/div>\n<p>[et_pb_section fb_built=\u00bb1&#8243; admin_label=\u00bbsection\u00bb _builder_version=\u00bb3.22&#8243;][et_pb_row admin_label=\u00bbrow\u00bb _builder_version=\u00bb3.25&#8243; background_size=\u00bbinitial\u00bb background_position=\u00bbtop_left\u00bb background_repeat=\u00bbrepeat\u00bb][et_pb_column type=\u00bb4_4&#8243; _builder_version=\u00bb3.25&#8243; custom_padding=\u00bb|||\u00bb custom_padding__hover=\u00bb|||\u00bb][et_pb_text admin_label=\u00bbEntradilla (Texto)\u00bb _builder_version=\u00bb4.2.2&#8243; text_font=\u00bb|on|||\u00bb text_orientation=\u00bbjustified\u00bb]<\/p>\n<h3><strong><span style=\"color: #ff0000;\">Celebramos el d\u00eda del libro en nuestra\u00a0 Casa<\/span><\/strong><\/h3>\n<p>[\/et_pb_text][et_pb_text admin_label=\u00bbAutor (Texto)\u00bb _builder_version=\u00bb4.2.2&#8243; text_font=\u00bb||on||\u00bb]<\/p>\n<p>Por: GestorWeb<\/p>\n<p>[\/et_pb_text][et_pb_text admin_label=\u00bbDesarrollo (Texto)\u00bb _builder_version=\u00bb4.2.2&#8243; text_orientation=\u00bbjustified\u00bb]<\/p>\n<p>El <span style=\"color: #ff0000;\"><strong>23 de Abril<\/strong> <\/span>es siempre una fecha se\u00f1alada en nuestro centro. El mundo de la lectura nos transporta, nos reconforta, nos enriquece y nos empuja a vivir con mayor hondura y profundidad. Y por eso nos encanta celebrarlo. <br \/>El cole se engalana para gozar de uno de los d\u00edas m\u00e1s importantes del a\u00f1o para aquellos que amamos el aprendizaje y la cultura.<br \/>Esta ma\u00f1ana, alumnos del <strong>Primer Ciclo de Primaria<\/strong>, representan <em>La ni\u00f1a que riega la albahaca<\/em> y <em>El pr\u00edncipe pregunt\u00f3n<\/em> de <strong>Federico Garc\u00eda Lorca.<\/strong> Lo han preparado con mucha ilusi\u00f3n y respetando todas las medidas de seguridad. En esta \u00e9poca dura, el teatro es un b\u00e1lsamo.<\/p>\n<p>[\/et_pb_text][et_pb_gallery gallery_ids=\u00bb10087,12371&#8243; fullwidth=\u00bbon\u00bb hover_icon=\u00bb%%51%%\u00bb disabled_on=\u00bboff|off|off\u00bb _builder_version=\u00bb4.2.2&#8243; border_style=\u00bbsolid\u00bb][\/et_pb_gallery][et_pb_text _builder_version=\u00bb4.2.2&#8243;]<\/p>\n<p>El Departamento de Lengua ha montado, asimismo en el hall, un<strong> ESTAND LITERARIO<\/strong>, con un \u00e1rbol cuyas hojas son nuestros libros favoritos (hay posits para escribir t\u00edtulos de libros y pegarlos en las ramas) con trabajos creativos de nuestros alumnos realizados a lo largo del curso 2020\/2021 y con v\u00eddeos de los papis del cole recomendando sus lecturas preferidas.<\/p>\n<p>[\/et_pb_text][et_pb_gallery gallery_ids=\u00bb10088,10089,12370,12369&#8243; fullwidth=\u00bbon\u00bb _builder_version=\u00bb4.2.2&#8243; hover_enabled=\u00bb0&#8243;][\/et_pb_gallery][et_pb_text _builder_version=\u00bb4.2.2&#8243;]<\/p>\n<p>Asimismo, disfrutaron ayer de un maravilloso cuentacuentos fruto del trabajo y dedicaci\u00f3n de una mami muy conocida en nuestro cole y de nuestra maravillosa auxiliar de ingl\u00e9s.<\/p>\n<p>[\/et_pb_text][et_pb_gallery gallery_ids=\u00bb10090,12368&#8243; _builder_version=\u00bb4.2.2&#8243; hover_enabled=\u00bb0&#8243; admin_label=\u00bbGaler\u00eda\u00bb fullwidth=\u00bbon\u00bb][\/et_pb_gallery][et_pb_text _builder_version=\u00bb4.2.2&#8243;]<\/p>\n<p>As\u00ed estamos celebrando el d\u00eda de so\u00f1ar y viajar leyendo. La guinda la ponen las lecturas en voz alta, de alumnos de todos los cursos, ante ese estupendo Estand. Se est\u00e1n leyendo textos de antolog\u00edas de todos los tiempos y textos de autores granadinos.<\/p>\n<p>[\/et_pb_text][et_pb_gallery gallery_ids=\u00bb10091,10092,10093,10094,10095,10096,12367,12366,12365,12364,12363,12362&#8243; _builder_version=\u00bb4.2.2&#8243; hover_enabled=\u00bb0&#8243; fullwidth=\u00bbon\u00bb][\/et_pb_gallery][et_pb_text _builder_version=\u00bb4.2.2&#8243;]<\/p>\n<p>Os deseamos un maravilloso d\u00eda del libro y os animamos a involucrar cada vez m\u00e1s a nuestros ni\u00f1os y ni\u00f1as en la lectura. Porque un libro es un lugar interesante, intrigante, importante, que nos impulsa a leer los sue\u00f1os de otros escritores, a bucear en lugares rec\u00f3nditos y a viajar entre letras a nuestra imaginaci\u00f3n. Porque los textos son caminos que nos gu\u00edan a nuestras mejores fantas\u00edas y porque, como dec\u00eda el mejor escritor espa\u00f1ol de todos los tiempos, Miguel de Cervantes,\u201cel que lee mucho y anda mucho, ve mucho y sabe mucho\u201d.<\/p>\n<p><strong> \u00a1VIVA LA LECTURA!<\/strong><\/p>\n<p>[\/et_pb_text][\/et_pb_column][\/et_pb_row][\/et_pb_section]<\/p>\n","protected":false},"excerpt":{"rendered":"<p>El mundo de la lectura nos transporta, nos reconforta, nos enriquece y nos empuja a vivir con mayor hondura y profundidad. Y por eso nos encanta celebrarlo. <\/p>\n","protected":false},"author":2,"featured_media":12371,"comment_status":"open","ping_status":"open","sticky":false,"template":"","format":"standard","meta":{"_et_pb_use_builder":"on","_et_pb_old_content":"","_et_gb_content_width":"","footnotes":""},"categories":[20,11,19,21,26,28,22,1],"tags":[],"class_list":["post-12360","post","type-post","status-publish","format-standard","has-post-thumbnail","hentry","category-bto","category-colegio","category-eso","category-fp","category-infantil","category-lengua","category-primaria","category-uncategorized"],"yoast_head":"<!-- This site is optimized with the Yoast SEO plugin v28.4 - https:\/\/yoast.com\/product\/yoast-seo-wordpress\/ -->\n<title>EL D\u00cdA DEL LIBRO: UN D\u00cdA PARA SO\u00d1AR Y VIAJAR - Colegio Salesiano<\/title>\n<meta name=\"robots\" content=\"index, follow, max-snippet:-1, max-image-preview:large, max-video-preview:-1\" \/>\n<link rel=\"canonical\" href=\"https:\/\/granada.salesianos.edu\/colegio\/blog\/el-dia-del-libro-un-dia-para-sonar-y-viajar\/\" \/>\n<meta property=\"og:locale\" content=\"es_ES\" \/>\n<meta property=\"og:type\" content=\"article\" \/>\n<meta property=\"og:title\" content=\"EL D\u00cdA DEL LIBRO: UN D\u00cdA PARA SO\u00d1AR Y VIAJAR - Colegio Salesiano\" \/>\n<meta property=\"og:description\" content=\"El mundo de la lectura nos transporta, nos reconforta, nos enriquece y nos empuja a vivir con mayor hondura y profundidad. Y por eso nos encanta celebrarlo.\" \/>\n<meta property=\"og:url\" content=\"https:\/\/granada.salesianos.edu\/colegio\/blog\/el-dia-del-libro-un-dia-para-sonar-y-viajar\/\" \/>\n<meta property=\"og:site_name\" content=\"Colegio Salesiano\" \/>\n<meta property=\"article:publisher\" content=\"https:\/\/www.facebook.com\/SalesianosGR\/\" \/>\n<meta property=\"article:published_time\" content=\"2021-04-23T11:50:21+00:00\" \/>\n<meta property=\"article:modified_time\" content=\"2022-12-01T20:32:32+00:00\" \/>\n<meta property=\"og:image\" content=\"https:\/\/granada.salesianos.edu\/colegio\/wp-content\/uploads\/sites\/2\/2021\/04\/1dl1.jpeg\" \/>\n\t<meta property=\"og:image:width\" content=\"1824\" \/>\n\t<meta property=\"og:image:height\" content=\"1368\" \/>\n\t<meta property=\"og:image:type\" content=\"image\/jpeg\" \/>\n<meta name=\"author\" content=\"Gestor Web\" \/>\n<meta name=\"twitter:card\" content=\"summary_large_image\" \/>\n<meta name=\"twitter:creator\" content=\"@GranadaSDB\" \/>\n<meta name=\"twitter:site\" content=\"@GranadaSDB\" \/>\n<meta name=\"twitter:label1\" content=\"Escrito por\" \/>\n\t<meta name=\"twitter:data1\" content=\"Gestor Web\" \/>\n\t<meta name=\"twitter:label2\" content=\"Tiempo de lectura\" \/>\n\t<meta name=\"twitter:data2\" content=\"3 minutos\" \/>\n<script type=\"application\/ld+json\" class=\"yoast-schema-graph\">{\"@context\":\"https:\\\/\\\/schema.org\",\"@graph\":[{\"@type\":\"Article\",\"@id\":\"https:\\\/\\\/granada.salesianos.edu\\\/colegio\\\/blog\\\/el-dia-del-libro-un-dia-para-sonar-y-viajar\\\/#article\",\"isPartOf\":{\"@id\":\"https:\\\/\\\/granada.salesianos.edu\\\/colegio\\\/blog\\\/el-dia-del-libro-un-dia-para-sonar-y-viajar\\\/\"},\"author\":{\"name\":\"Gestor Web\",\"@id\":\"https:\\\/\\\/granada.salesianos.edu\\\/colegio\\\/#\\\/schema\\\/person\\\/6392ff2e4bd1e66981d6eab734bbd962\"},\"headline\":\"EL D\u00cdA DEL LIBRO: UN D\u00cdA PARA SO\u00d1AR Y VIAJAR\",\"datePublished\":\"2021-04-23T11:50:21+00:00\",\"dateModified\":\"2022-12-01T20:32:32+00:00\",\"mainEntityOfPage\":{\"@id\":\"https:\\\/\\\/granada.salesianos.edu\\\/colegio\\\/blog\\\/el-dia-del-libro-un-dia-para-sonar-y-viajar\\\/\"},\"wordCount\":583,\"commentCount\":0,\"publisher\":{\"@id\":\"https:\\\/\\\/granada.salesianos.edu\\\/colegio\\\/#organization\"},\"image\":{\"@id\":\"https:\\\/\\\/granada.salesianos.edu\\\/colegio\\\/blog\\\/el-dia-del-libro-un-dia-para-sonar-y-viajar\\\/#primaryimage\"},\"thumbnailUrl\":\"https:\\\/\\\/granada.salesianos.edu\\\/colegio\\\/wp-content\\\/uploads\\\/sites\\\/2\\\/2021\\\/04\\\/1dl1.jpeg\",\"articleSection\":[\"BTO\",\"Colegio\",\"ESO\",\"FP\",\"Infantil\",\"Lengua\",\"Primaria\",\"Uncategorized\"],\"inLanguage\":\"es\",\"potentialAction\":[{\"@type\":\"CommentAction\",\"name\":\"Comment\",\"target\":[\"https:\\\/\\\/granada.salesianos.edu\\\/colegio\\\/blog\\\/el-dia-del-libro-un-dia-para-sonar-y-viajar\\\/#respond\"]}]},{\"@type\":\"WebPage\",\"@id\":\"https:\\\/\\\/granada.salesianos.edu\\\/colegio\\\/blog\\\/el-dia-del-libro-un-dia-para-sonar-y-viajar\\\/\",\"url\":\"https:\\\/\\\/granada.salesianos.edu\\\/colegio\\\/blog\\\/el-dia-del-libro-un-dia-para-sonar-y-viajar\\\/\",\"name\":\"EL D\u00cdA DEL LIBRO: UN D\u00cdA PARA SO\u00d1AR Y VIAJAR - Colegio Salesiano\",\"isPartOf\":{\"@id\":\"https:\\\/\\\/granada.salesianos.edu\\\/colegio\\\/#website\"},\"primaryImageOfPage\":{\"@id\":\"https:\\\/\\\/granada.salesianos.edu\\\/colegio\\\/blog\\\/el-dia-del-libro-un-dia-para-sonar-y-viajar\\\/#primaryimage\"},\"image\":{\"@id\":\"https:\\\/\\\/granada.salesianos.edu\\\/colegio\\\/blog\\\/el-dia-del-libro-un-dia-para-sonar-y-viajar\\\/#primaryimage\"},\"thumbnailUrl\":\"https:\\\/\\\/granada.salesianos.edu\\\/colegio\\\/wp-content\\\/uploads\\\/sites\\\/2\\\/2021\\\/04\\\/1dl1.jpeg\",\"datePublished\":\"2021-04-23T11:50:21+00:00\",\"dateModified\":\"2022-12-01T20:32:32+00:00\",\"breadcrumb\":{\"@id\":\"https:\\\/\\\/granada.salesianos.edu\\\/colegio\\\/blog\\\/el-dia-del-libro-un-dia-para-sonar-y-viajar\\\/#breadcrumb\"},\"inLanguage\":\"es\",\"potentialAction\":[{\"@type\":\"ReadAction\",\"target\":[\"https:\\\/\\\/granada.salesianos.edu\\\/colegio\\\/blog\\\/el-dia-del-libro-un-dia-para-sonar-y-viajar\\\/\"]}]},{\"@type\":\"ImageObject\",\"inLanguage\":\"es\",\"@id\":\"https:\\\/\\\/granada.salesianos.edu\\\/colegio\\\/blog\\\/el-dia-del-libro-un-dia-para-sonar-y-viajar\\\/#primaryimage\",\"url\":\"https:\\\/\\\/granada.salesianos.edu\\\/colegio\\\/wp-content\\\/uploads\\\/sites\\\/2\\\/2021\\\/04\\\/1dl1.jpeg\",\"contentUrl\":\"https:\\\/\\\/granada.salesianos.edu\\\/colegio\\\/wp-content\\\/uploads\\\/sites\\\/2\\\/2021\\\/04\\\/1dl1.jpeg\",\"width\":1824,\"height\":1368},{\"@type\":\"BreadcrumbList\",\"@id\":\"https:\\\/\\\/granada.salesianos.edu\\\/colegio\\\/blog\\\/el-dia-del-libro-un-dia-para-sonar-y-viajar\\\/#breadcrumb\",\"itemListElement\":[{\"@type\":\"ListItem\",\"position\":1,\"name\":\"Portada\",\"item\":\"https:\\\/\\\/granada.salesianos.edu\\\/colegio\\\/\"},{\"@type\":\"ListItem\",\"position\":2,\"name\":\"EL D\u00cdA DEL LIBRO: UN D\u00cdA PARA SO\u00d1AR Y VIAJAR\"}]},{\"@type\":\"WebSite\",\"@id\":\"https:\\\/\\\/granada.salesianos.edu\\\/colegio\\\/#website\",\"url\":\"https:\\\/\\\/granada.salesianos.edu\\\/colegio\\\/\",\"name\":\"Colegio Salesiano\",\"description\":\"P\u00e1gina oficial de Salesianos Granada San Juan Bosco\",\"publisher\":{\"@id\":\"https:\\\/\\\/granada.salesianos.edu\\\/colegio\\\/#organization\"},\"potentialAction\":[{\"@type\":\"SearchAction\",\"target\":{\"@type\":\"EntryPoint\",\"urlTemplate\":\"https:\\\/\\\/granada.salesianos.edu\\\/colegio\\\/?s={search_term_string}\"},\"query-input\":{\"@type\":\"PropertyValueSpecification\",\"valueRequired\":true,\"valueName\":\"search_term_string\"}}],\"inLanguage\":\"es\"},{\"@type\":\"Organization\",\"@id\":\"https:\\\/\\\/granada.salesianos.edu\\\/colegio\\\/#organization\",\"name\":\"Colegio Salesiano San Juan Bosco Granada\",\"url\":\"https:\\\/\\\/granada.salesianos.edu\\\/colegio\\\/\",\"logo\":{\"@type\":\"ImageObject\",\"inLanguage\":\"es\",\"@id\":\"https:\\\/\\\/granada.salesianos.edu\\\/colegio\\\/#\\\/schema\\\/logo\\\/image\\\/\",\"url\":\"https:\\\/\\\/granada.salesianos.edu\\\/colegio\\\/wp-content\\\/uploads\\\/sites\\\/2\\\/2021\\\/01\\\/GRANADAobraVN2.jpg\",\"contentUrl\":\"https:\\\/\\\/granada.salesianos.edu\\\/colegio\\\/wp-content\\\/uploads\\\/sites\\\/2\\\/2021\\\/01\\\/GRANADAobraVN2.jpg\",\"width\":2113,\"height\":1894,\"caption\":\"Colegio Salesiano San Juan Bosco Granada\"},\"image\":{\"@id\":\"https:\\\/\\\/granada.salesianos.edu\\\/colegio\\\/#\\\/schema\\\/logo\\\/image\\\/\"},\"sameAs\":[\"https:\\\/\\\/www.facebook.com\\\/SalesianosGR\\\/\",\"https:\\\/\\\/x.com\\\/GranadaSDB\",\"https:\\\/\\\/www.instagram.com\\\/salesianosgranada\\\/\",\"https:\\\/\\\/www.youtube.com\\\/channel\\\/UChkpZuhCf4Y5rYIcFT3CNxw?view_as=subscriber\"]},{\"@type\":\"Person\",\"@id\":\"https:\\\/\\\/granada.salesianos.edu\\\/colegio\\\/#\\\/schema\\\/person\\\/6392ff2e4bd1e66981d6eab734bbd962\",\"name\":\"Gestor Web\",\"image\":{\"@type\":\"ImageObject\",\"inLanguage\":\"es\",\"@id\":\"https:\\\/\\\/secure.gravatar.com\\\/avatar\\\/160666bb56a01520857079961a824af2b7821d6bad80677c80f2b473fceead1b?s=96&d=mm&r=g\",\"url\":\"https:\\\/\\\/secure.gravatar.com\\\/avatar\\\/160666bb56a01520857079961a824af2b7821d6bad80677c80f2b473fceead1b?s=96&d=mm&r=g\",\"contentUrl\":\"https:\\\/\\\/secure.gravatar.com\\\/avatar\\\/160666bb56a01520857079961a824af2b7821d6bad80677c80f2b473fceead1b?s=96&d=mm&r=g\",\"caption\":\"Gestor Web\"}}]}<\/script>\n<!-- \/ Yoast SEO plugin. -->","yoast_head_json":{"title":"EL D\u00cdA DEL LIBRO: UN D\u00cdA PARA SO\u00d1AR Y VIAJAR - Colegio Salesiano","robots":{"index":"index","follow":"follow","max-snippet":"max-snippet:-1","max-image-preview":"max-image-preview:large","max-video-preview":"max-video-preview:-1"},"canonical":"https:\/\/granada.salesianos.edu\/colegio\/blog\/el-dia-del-libro-un-dia-para-sonar-y-viajar\/","og_locale":"es_ES","og_type":"article","og_title":"EL D\u00cdA DEL LIBRO: UN D\u00cdA PARA SO\u00d1AR Y VIAJAR - Colegio Salesiano","og_description":"El mundo de la lectura nos transporta, nos reconforta, nos enriquece y nos empuja a vivir con mayor hondura y profundidad. Y por eso nos encanta celebrarlo.","og_url":"https:\/\/granada.salesianos.edu\/colegio\/blog\/el-dia-del-libro-un-dia-para-sonar-y-viajar\/","og_site_name":"Colegio Salesiano","article_publisher":"https:\/\/www.facebook.com\/SalesianosGR\/","article_published_time":"2021-04-23T11:50:21+00:00","article_modified_time":"2022-12-01T20:32:32+00:00","og_image":[{"width":1824,"height":1368,"url":"https:\/\/granada.salesianos.edu\/colegio\/wp-content\/uploads\/sites\/2\/2021\/04\/1dl1.jpeg","type":"image\/jpeg"}],"author":"Gestor Web","twitter_card":"summary_large_image","twitter_creator":"@GranadaSDB","twitter_site":"@GranadaSDB","twitter_misc":{"Escrito por":"Gestor Web","Tiempo de lectura":"3 minutos"},"schema":{"@context":"https:\/\/schema.org","@graph":[{"@type":"Article","@id":"https:\/\/granada.salesianos.edu\/colegio\/blog\/el-dia-del-libro-un-dia-para-sonar-y-viajar\/#article","isPartOf":{"@id":"https:\/\/granada.salesianos.edu\/colegio\/blog\/el-dia-del-libro-un-dia-para-sonar-y-viajar\/"},"author":{"name":"Gestor Web","@id":"https:\/\/granada.salesianos.edu\/colegio\/#\/schema\/person\/6392ff2e4bd1e66981d6eab734bbd962"},"headline":"EL D\u00cdA DEL LIBRO: UN D\u00cdA PARA SO\u00d1AR Y VIAJAR","datePublished":"2021-04-23T11:50:21+00:00","dateModified":"2022-12-01T20:32:32+00:00","mainEntityOfPage":{"@id":"https:\/\/granada.salesianos.edu\/colegio\/blog\/el-dia-del-libro-un-dia-para-sonar-y-viajar\/"},"wordCount":583,"commentCount":0,"publisher":{"@id":"https:\/\/granada.salesianos.edu\/colegio\/#organization"},"image":{"@id":"https:\/\/granada.salesianos.edu\/colegio\/blog\/el-dia-del-libro-un-dia-para-sonar-y-viajar\/#primaryimage"},"thumbnailUrl":"https:\/\/granada.salesianos.edu\/colegio\/wp-content\/uploads\/sites\/2\/2021\/04\/1dl1.jpeg","articleSection":["BTO","Colegio","ESO","FP","Infantil","Lengua","Primaria","Uncategorized"],"inLanguage":"es","potentialAction":[{"@type":"CommentAction","name":"Comment","target":["https:\/\/granada.salesianos.edu\/colegio\/blog\/el-dia-del-libro-un-dia-para-sonar-y-viajar\/#respond"]}]},{"@type":"WebPage","@id":"https:\/\/granada.salesianos.edu\/colegio\/blog\/el-dia-del-libro-un-dia-para-sonar-y-viajar\/","url":"https:\/\/granada.salesianos.edu\/colegio\/blog\/el-dia-del-libro-un-dia-para-sonar-y-viajar\/","name":"EL D\u00cdA DEL LIBRO: UN D\u00cdA PARA SO\u00d1AR Y VIAJAR - Colegio Salesiano","isPartOf":{"@id":"https:\/\/granada.salesianos.edu\/colegio\/#website"},"primaryImageOfPage":{"@id":"https:\/\/granada.salesianos.edu\/colegio\/blog\/el-dia-del-libro-un-dia-para-sonar-y-viajar\/#primaryimage"},"image":{"@id":"https:\/\/granada.salesianos.edu\/colegio\/blog\/el-dia-del-libro-un-dia-para-sonar-y-viajar\/#primaryimage"},"thumbnailUrl":"https:\/\/granada.salesianos.edu\/colegio\/wp-content\/uploads\/sites\/2\/2021\/04\/1dl1.jpeg","datePublished":"2021-04-23T11:50:21+00:00","dateModified":"2022-12-01T20:32:32+00:00","breadcrumb":{"@id":"https:\/\/granada.salesianos.edu\/colegio\/blog\/el-dia-del-libro-un-dia-para-sonar-y-viajar\/#breadcrumb"},"inLanguage":"es","potentialAction":[{"@type":"ReadAction","target":["https:\/\/granada.salesianos.edu\/colegio\/blog\/el-dia-del-libro-un-dia-para-sonar-y-viajar\/"]}]},{"@type":"ImageObject","inLanguage":"es","@id":"https:\/\/granada.salesianos.edu\/colegio\/blog\/el-dia-del-libro-un-dia-para-sonar-y-viajar\/#primaryimage","url":"https:\/\/granada.salesianos.edu\/colegio\/wp-content\/uploads\/sites\/2\/2021\/04\/1dl1.jpeg","contentUrl":"https:\/\/granada.salesianos.edu\/colegio\/wp-content\/uploads\/sites\/2\/2021\/04\/1dl1.jpeg","width":1824,"height":1368},{"@type":"BreadcrumbList","@id":"https:\/\/granada.salesianos.edu\/colegio\/blog\/el-dia-del-libro-un-dia-para-sonar-y-viajar\/#breadcrumb","itemListElement":[{"@type":"ListItem","position":1,"name":"Portada","item":"https:\/\/granada.salesianos.edu\/colegio\/"},{"@type":"ListItem","position":2,"name":"EL D\u00cdA DEL LIBRO: UN D\u00cdA PARA SO\u00d1AR Y VIAJAR"}]},{"@type":"WebSite","@id":"https:\/\/granada.salesianos.edu\/colegio\/#website","url":"https:\/\/granada.salesianos.edu\/colegio\/","name":"Colegio Salesiano","description":"P\u00e1gina oficial de Salesianos Granada San Juan Bosco","publisher":{"@id":"https:\/\/granada.salesianos.edu\/colegio\/#organization"},"potentialAction":[{"@type":"SearchAction","target":{"@type":"EntryPoint","urlTemplate":"https:\/\/granada.salesianos.edu\/colegio\/?s={search_term_string}"},"query-input":{"@type":"PropertyValueSpecification","valueRequired":true,"valueName":"search_term_string"}}],"inLanguage":"es"},{"@type":"Organization","@id":"https:\/\/granada.salesianos.edu\/colegio\/#organization","name":"Colegio Salesiano San Juan Bosco Granada","url":"https:\/\/granada.salesianos.edu\/colegio\/","logo":{"@type":"ImageObject","inLanguage":"es","@id":"https:\/\/granada.salesianos.edu\/colegio\/#\/schema\/logo\/image\/","url":"https:\/\/granada.salesianos.edu\/colegio\/wp-content\/uploads\/sites\/2\/2021\/01\/GRANADAobraVN2.jpg","contentUrl":"https:\/\/granada.salesianos.edu\/colegio\/wp-content\/uploads\/sites\/2\/2021\/01\/GRANADAobraVN2.jpg","width":2113,"height":1894,"caption":"Colegio Salesiano San Juan Bosco Granada"},"image":{"@id":"https:\/\/granada.salesianos.edu\/colegio\/#\/schema\/logo\/image\/"},"sameAs":["https:\/\/www.facebook.com\/SalesianosGR\/","https:\/\/x.com\/GranadaSDB","https:\/\/www.instagram.com\/salesianosgranada\/","https:\/\/www.youtube.com\/channel\/UChkpZuhCf4Y5rYIcFT3CNxw?view_as=subscriber"]},{"@type":"Person","@id":"https:\/\/granada.salesianos.edu\/colegio\/#\/schema\/person\/6392ff2e4bd1e66981d6eab734bbd962","name":"Gestor Web","image":{"@type":"ImageObject","inLanguage":"es","@id":"https:\/\/secure.gravatar.com\/avatar\/160666bb56a01520857079961a824af2b7821d6bad80677c80f2b473fceead1b?s=96&d=mm&r=g","url":"https:\/\/secure.gravatar.com\/avatar\/160666bb56a01520857079961a824af2b7821d6bad80677c80f2b473fceead1b?s=96&d=mm&r=g","contentUrl":"https:\/\/secure.gravatar.com\/avatar\/160666bb56a01520857079961a824af2b7821d6bad80677c80f2b473fceead1b?s=96&d=mm&r=g","caption":"Gestor Web"}}]}},"_links":{"self":[{"href":"https:\/\/granada.salesianos.edu\/colegio\/wp-json\/wp\/v2\/posts\/12360","targetHints":{"allow":["GET"]}}],"collection":[{"href":"https:\/\/granada.salesianos.edu\/colegio\/wp-json\/wp\/v2\/posts"}],"about":[{"href":"https:\/\/granada.salesianos.edu\/colegio\/wp-json\/wp\/v2\/types\/post"}],"author":[{"embeddable":true,"href":"https:\/\/granada.salesianos.edu\/colegio\/wp-json\/wp\/v2\/users\/2"}],"replies":[{"embeddable":true,"href":"https:\/\/granada.salesianos.edu\/colegio\/wp-json\/wp\/v2\/comments?post=12360"}],"version-history":[{"count":2,"href":"https:\/\/granada.salesianos.edu\/colegio\/wp-json\/wp\/v2\/posts\/12360\/revisions"}],"predecessor-version":[{"id":12375,"href":"https:\/\/granada.salesianos.edu\/colegio\/wp-json\/wp\/v2\/posts\/12360\/revisions\/12375"}],"wp:featuredmedia":[{"embeddable":true,"href":"https:\/\/granada.salesianos.edu\/colegio\/wp-json\/wp\/v2\/media\/12371"}],"wp:attachment":[{"href":"https:\/\/granada.salesianos.edu\/colegio\/wp-json\/wp\/v2\/media?parent=12360"}],"wp:term":[{"taxonomy":"category","embeddable":true,"href":"https:\/\/granada.salesianos.edu\/colegio\/wp-json\/wp\/v2\/categories?post=12360"},{"taxonomy":"post_tag","embeddable":true,"href":"https:\/\/granada.salesianos.edu\/colegio\/wp-json\/wp\/v2\/tags?post=12360"}],"curies":[{"name":"wp","href":"https:\/\/api.w.org\/{rel}","templated":true}]}}