{"id":12381,"date":"2021-04-27T16:44:25","date_gmt":"2021-04-27T14:44:25","guid":{"rendered":"https:\/\/granada.salesianos.edu\/colegio\/blog\/exito-de-la-semana-de-las-ciencias\/"},"modified":"2022-12-01T22:32:02","modified_gmt":"2022-12-01T20:32:02","slug":"exito-de-la-semana-de-las-ciencias","status":"publish","type":"post","link":"https:\/\/granada.salesianos.edu\/colegio\/blog\/exito-de-la-semana-de-las-ciencias\/","title":{"rendered":"\u00c9XITO DE LA SEMANA DE LAS CIENCIAS"},"content":{"rendered":"<div id=\"fb-root\"><\/div>\n<p>[et_pb_section fb_built=\u00bb1&#8243; admin_label=\u00bbsection\u00bb _builder_version=\u00bb3.22&#8243;][et_pb_row admin_label=\u00bbrow\u00bb _builder_version=\u00bb3.25&#8243; background_size=\u00bbinitial\u00bb background_position=\u00bbtop_left\u00bb background_repeat=\u00bbrepeat\u00bb][et_pb_column type=\u00bb4_4&#8243; _builder_version=\u00bb3.25&#8243; custom_padding=\u00bb|||\u00bb custom_padding__hover=\u00bb|||\u00bb][et_pb_text admin_label=\u00bbEntradilla (Texto)\u00bb _builder_version=\u00bb4.2.2&#8243; text_font=\u00bb|on|||\u00bb text_orientation=\u00bbjustified\u00bb hover_enabled=\u00bb0&#8243;]<\/p>\n<h3><strong><span style=\"color: #ff0000;\">GRAN \u00c9XITO DE LA SEMANA DE LAS CIENCIAS<\/span><\/strong><\/h3>\n<p>[\/et_pb_text][et_pb_text admin_label=\u00bbAutor (Texto)\u00bb _builder_version=\u00bb4.2.2&#8243; text_font=\u00bb||on||\u00bb hover_enabled=\u00bb0&#8243;]<\/p>\n<p>Por: GESTORWEB<\/p>\n<p>[\/et_pb_text][et_pb_text admin_label=\u00bbDesarrollo (Texto)\u00bb _builder_version=\u00bb4.2.2&#8243; text_orientation=\u00bbjustified\u00bb hover_enabled=\u00bb0&#8243;]<\/p>\n<p><strong>\u00a1\u00c9xito de la Semana de las Ciencias!<\/strong> Mas de 100 proyectos presentados por nuestros peque\u00f1os y grandes cient\u00edficos. Elegir los ganadores, no ha sido tarea nada f\u00e1cil, y hay que felicitar a todos los participantes, esperamos que hay\u00e1is disfrutado de la Ciencia y la Tecnolog\u00eda.<\/p>\n<p>Los <span style=\"color: #ff0000;\"><strong>Proyectos ganadores<\/strong> <\/span>han sido los siguientes:<br \/>\u2022 2\u00baA: El ciclo de las rocas Isabel Blois<br \/>https:\/\/sites.google.com\/salesianos.edu\/ciencia-salesianosgranada\/1%C2%BA-ciclo-ep#h.2kyeuj97r98n<br \/>\u2022 2\u00baB: Un arco iris muy especial. Luna Due\u00f1as<br \/>https:\/\/sites.google.com\/salesianos.edu\/ciencia-salesianosgranada\/1%C2%BA-ciclo-ep#h.77aw4x43lmp4<br \/>\u2022 3\u00baA: Hielo seco. Pedro Garz\u00f3n<br \/>https:\/\/sites.google.com\/salesianos.edu\/ciencia-salesianosgranada\/2%C2%BA-ciclo-ep?authuser=0#h.mltjltolmze8<br \/>\u2022 3\u00baB: Reacciones simples. Daniella Oblar\u00e9<br \/>https:\/\/sites.google.com\/salesianos.edu\/ciencia-salesianosgranada\/2%C2%BA-ciclo-ep?authuser=0#h.npj6iw7l1mo2<br \/>\u2022 4\u00baA: Planta sin clorofila. Emma Tudela<br \/>https:\/\/sites.google.com\/salesianos.edu\/ciencia-salesianosgranada\/2%C2%BA-ciclo-ep?authuser=0#h.j8ydesfo93uq<br \/>\u2022 4\u00baB: Indicador de pH. Samuel Bustamante<br \/>https:\/\/sites.google.com\/salesianos.edu\/ciencia-salesianosgranada\/2%C2%BA-ciclo-ep?authuser=0#h.gmcohtx9pijn<br \/>\u2022 5\u00baA: Extracci\u00f3n de ADN humano. Erea y Luc\u00eda<br \/>https:\/\/sites.google.com\/salesianos.edu\/ciencia-salesianosgranada\/3%C2%BA-ciclo-ep?authuser=0#h.o4a3miu6c8dn<br \/>\u2022 5\u00baB: Teorema de Pit\u00e1goras. Marta Lara Rodr\u00edguez<br \/>https:\/\/sites.google.com\/salesianos.edu\/ciencia-salesianosgranada\/3%C2%BA-ciclo-ep?authuser=0#h.zdo73ygvshyu<br \/>\u2022 6\u00baA: Luz ultravioleta. Avril Sureda<br \/>https:\/\/sites.google.com\/salesianos.edu\/ciencia-salesianosgranada\/3%C2%BA-ciclo-ep?authuser=0#h.qymokxtot6zg<br \/>\u2022 6\u00baB: Extracci\u00f3n ADN planta. Celia Bueno y Marta Molina<br \/>https:\/\/sites.google.com\/salesianos.edu\/ciencia-salesianosgranada\/3%C2%BA-ciclo-ep?authuser=0#h.qb8iyriaclud<br \/>\u2022 2\u00ba ESO: Robot hidr\u00e1ulico. Irene Ariza<br \/>https:\/\/sites.google.com\/salesianos.edu\/ciencia-salesianosgranada\/secundaria?authuser=0#h.exzc1kmstm0o<br \/>\u2022 3\u00ba ESO: Disecci\u00f3n de un muslo de pollo: Victoria Garc\u00eda y Elena Garc\u00eda.<br \/>https:\/\/sites.google.com\/salesianos.edu\/ciencia-salesianosgranada\/secundaria?authuser=0#h.wisjheh7f1tx<br \/>\u2022 4\u00ba ESO: Extracci\u00f3n de ADN de Fresas y de ADN de Cebolla. (Daniela Hdez, Carlos Mart\u00edn, Mar\u00eda Pardo, Roberto Mor\u00f3n y Manuela Rej\u00f3n)<br \/>https:\/\/sites.google.com\/salesianos.edu\/ciencia-salesianosgranada\/secundaria?authuser=0#h.bluzqkh1d7q8<br \/>https:\/\/sites.google.com\/salesianos.edu\/ciencia-salesianosgranada\/secundaria?authuser=0#h.8jqpe99jcn<br \/>\u2022 FPB: Arduino Leds. Fernando Ramiro, Jes\u00fas Rodr\u00edguez, Matheus Da Cunha<br \/>https:\/\/sites.google.com\/salesianos.edu\/ciencia-salesianosgranada\/secundaria?authuser=0#h.ubndgpbnqdgq<br \/>\u2022 1\u00ba IEA: Instalaci\u00f3n dom\u00f3tica de una vivienda. Juan Jos\u00e9 Gallego<br \/>https:\/\/sites.google.com\/salesianos.edu\/ciencia-salesianosgranada\/secundaria?authuser=0#h.29pnanlwgeku<\/p>\n<p>Quer\u00edamos hacer una Menci\u00f3n Especial a dos proyectos, uno el de Ernesto Rodr\u00edguez de 2\u00baEP B, por su gran explicaci\u00f3n del sistema circulatorio.<br \/>https:\/\/sites.google.com\/salesianos.edu\/ciencia-salesianosgranada\/1%C2%BA-ciclo-ep#h.bit1eawdnxqr<\/p>\n<p>Por otro lado, tambi\u00e9n hacer una menci\u00f3n especial a la clase de 2\u00ba de primaria, por su proyecto SUPER RECICLAJE, UNA CIUDAD SOSTENIBLE, por su fomento del cuidado del planeta<br \/>https:\/\/drive.google.com\/file\/d\/19WMKt41hQD3jDXuuhkb8h2_PSBxkpK-C\/view<\/p>\n<p>Puedes ver todos los proyectos presentados en el siguiente enlace:<br \/>https:\/\/sites.google.com\/salesianos.edu\/ciencia-salesianosgranada<\/p>\n<p><iframe loading=\"lazy\" title=\"VII Semana de la Ciencia y la Tecnolog\u00eda\" width=\"1080\" height=\"608\" src=\"https:\/\/www.youtube.com\/embed\/OSyqkXt8LV8?feature=oembed\" frameborder=\"0\" allow=\"accelerometer; autoplay; clipboard-write; encrypted-media; gyroscope; picture-in-picture\" allowfullscreen><\/iframe><\/p>\n<p>&nbsp;<\/p>\n<p>&nbsp;<\/p>\n<p>[\/et_pb_text][\/et_pb_column][\/et_pb_row][\/et_pb_section]<\/p>\n","protected":false},"excerpt":{"rendered":"<p>\u00a1\u00c9xito de la Semana de las Ciencias! Mas de 100 proyectos presentados por nuestros peque\u00f1os y grandes cient\u00edficos. Elegir los ganadores, no ha sido tarea nada f\u00e1cil, y hay que felicitar a todos los participantes, esperamos que hay\u00e1is disfrutado de la Ciencia y la Tecnolog\u00eda.<\/p>\n","protected":false},"author":2,"featured_media":12382,"comment_status":"open","ping_status":"open","sticky":false,"template":"","format":"standard","meta":{"_et_pb_use_builder":"on","_et_pb_old_content":"","_et_gb_content_width":"","footnotes":""},"categories":[27,19,21,1],"tags":[],"class_list":["post-12381","post","type-post","status-publish","format-standard","has-post-thumbnail","hentry","category-ciencias","category-eso","category-fp","category-uncategorized"],"yoast_head":"<!-- This site is optimized with the Yoast SEO plugin v28.4 - https:\/\/yoast.com\/product\/yoast-seo-wordpress\/ -->\n<title>\u00c9XITO DE LA SEMANA DE LAS CIENCIAS - Colegio Salesiano<\/title>\n<meta name=\"robots\" content=\"index, follow, max-snippet:-1, max-image-preview:large, max-video-preview:-1\" \/>\n<link rel=\"canonical\" href=\"https:\/\/granada.salesianos.edu\/colegio\/blog\/exito-de-la-semana-de-las-ciencias\/\" \/>\n<meta property=\"og:locale\" content=\"es_ES\" \/>\n<meta property=\"og:type\" content=\"article\" \/>\n<meta property=\"og:title\" content=\"\u00c9XITO DE LA SEMANA DE LAS CIENCIAS - Colegio Salesiano\" \/>\n<meta property=\"og:description\" content=\"\u00a1\u00c9xito de la Semana de las Ciencias! Mas de 100 proyectos presentados por nuestros peque\u00f1os y grandes cient\u00edficos. Elegir los ganadores, no ha sido tarea nada f\u00e1cil, y hay que felicitar a todos los participantes, esperamos que hay\u00e1is disfrutado de la Ciencia y la Tecnolog\u00eda.\" \/>\n<meta property=\"og:url\" content=\"https:\/\/granada.salesianos.edu\/colegio\/blog\/exito-de-la-semana-de-las-ciencias\/\" \/>\n<meta property=\"og:site_name\" content=\"Colegio Salesiano\" \/>\n<meta property=\"article:publisher\" content=\"https:\/\/www.facebook.com\/SalesianosGR\/\" \/>\n<meta property=\"article:published_time\" content=\"2021-04-27T14:44:25+00:00\" \/>\n<meta property=\"article:modified_time\" content=\"2022-12-01T20:32:02+00:00\" \/>\n<meta property=\"og:image\" content=\"https:\/\/granada.salesianos.edu\/colegio\/wp-content\/uploads\/sites\/2\/2021\/04\/Captura-de-pantalla-2021-04-27-a-las-16.42.36.png\" \/>\n\t<meta property=\"og:image:width\" content=\"1257\" \/>\n\t<meta property=\"og:image:height\" content=\"597\" \/>\n\t<meta property=\"og:image:type\" content=\"image\/png\" \/>\n<meta name=\"author\" content=\"Gestor Web\" \/>\n<meta name=\"twitter:card\" content=\"summary_large_image\" \/>\n<meta name=\"twitter:creator\" content=\"@GranadaSDB\" \/>\n<meta name=\"twitter:site\" content=\"@GranadaSDB\" \/>\n<meta name=\"twitter:label1\" content=\"Escrito por\" \/>\n\t<meta name=\"twitter:data1\" content=\"Gestor Web\" \/>\n\t<meta name=\"twitter:label2\" content=\"Tiempo de lectura\" \/>\n\t<meta name=\"twitter:data2\" content=\"3 minutos\" \/>\n<script type=\"application\/ld+json\" class=\"yoast-schema-graph\">{\"@context\":\"https:\\\/\\\/schema.org\",\"@graph\":[{\"@type\":\"Article\",\"@id\":\"https:\\\/\\\/granada.salesianos.edu\\\/colegio\\\/blog\\\/exito-de-la-semana-de-las-ciencias\\\/#article\",\"isPartOf\":{\"@id\":\"https:\\\/\\\/granada.salesianos.edu\\\/colegio\\\/blog\\\/exito-de-la-semana-de-las-ciencias\\\/\"},\"author\":{\"name\":\"Gestor Web\",\"@id\":\"https:\\\/\\\/granada.salesianos.edu\\\/colegio\\\/#\\\/schema\\\/person\\\/6392ff2e4bd1e66981d6eab734bbd962\"},\"headline\":\"\u00c9XITO DE LA SEMANA DE LAS CIENCIAS\",\"datePublished\":\"2021-04-27T14:44:25+00:00\",\"dateModified\":\"2022-12-01T20:32:02+00:00\",\"mainEntityOfPage\":{\"@id\":\"https:\\\/\\\/granada.salesianos.edu\\\/colegio\\\/blog\\\/exito-de-la-semana-de-las-ciencias\\\/\"},\"wordCount\":621,\"commentCount\":0,\"publisher\":{\"@id\":\"https:\\\/\\\/granada.salesianos.edu\\\/colegio\\\/#organization\"},\"image\":{\"@id\":\"https:\\\/\\\/granada.salesianos.edu\\\/colegio\\\/blog\\\/exito-de-la-semana-de-las-ciencias\\\/#primaryimage\"},\"thumbnailUrl\":\"https:\\\/\\\/granada.salesianos.edu\\\/colegio\\\/wp-content\\\/uploads\\\/sites\\\/2\\\/2021\\\/04\\\/Captura-de-pantalla-2021-04-27-a-las-16.42.36.png\",\"articleSection\":[\"Ciencias\",\"ESO\",\"FP\",\"Uncategorized\"],\"inLanguage\":\"es\",\"potentialAction\":[{\"@type\":\"CommentAction\",\"name\":\"Comment\",\"target\":[\"https:\\\/\\\/granada.salesianos.edu\\\/colegio\\\/blog\\\/exito-de-la-semana-de-las-ciencias\\\/#respond\"]}]},{\"@type\":\"WebPage\",\"@id\":\"https:\\\/\\\/granada.salesianos.edu\\\/colegio\\\/blog\\\/exito-de-la-semana-de-las-ciencias\\\/\",\"url\":\"https:\\\/\\\/granada.salesianos.edu\\\/colegio\\\/blog\\\/exito-de-la-semana-de-las-ciencias\\\/\",\"name\":\"\u00c9XITO DE LA SEMANA DE LAS CIENCIAS - Colegio Salesiano\",\"isPartOf\":{\"@id\":\"https:\\\/\\\/granada.salesianos.edu\\\/colegio\\\/#website\"},\"primaryImageOfPage\":{\"@id\":\"https:\\\/\\\/granada.salesianos.edu\\\/colegio\\\/blog\\\/exito-de-la-semana-de-las-ciencias\\\/#primaryimage\"},\"image\":{\"@id\":\"https:\\\/\\\/granada.salesianos.edu\\\/colegio\\\/blog\\\/exito-de-la-semana-de-las-ciencias\\\/#primaryimage\"},\"thumbnailUrl\":\"https:\\\/\\\/granada.salesianos.edu\\\/colegio\\\/wp-content\\\/uploads\\\/sites\\\/2\\\/2021\\\/04\\\/Captura-de-pantalla-2021-04-27-a-las-16.42.36.png\",\"datePublished\":\"2021-04-27T14:44:25+00:00\",\"dateModified\":\"2022-12-01T20:32:02+00:00\",\"breadcrumb\":{\"@id\":\"https:\\\/\\\/granada.salesianos.edu\\\/colegio\\\/blog\\\/exito-de-la-semana-de-las-ciencias\\\/#breadcrumb\"},\"inLanguage\":\"es\",\"potentialAction\":[{\"@type\":\"ReadAction\",\"target\":[\"https:\\\/\\\/granada.salesianos.edu\\\/colegio\\\/blog\\\/exito-de-la-semana-de-las-ciencias\\\/\"]}]},{\"@type\":\"ImageObject\",\"inLanguage\":\"es\",\"@id\":\"https:\\\/\\\/granada.salesianos.edu\\\/colegio\\\/blog\\\/exito-de-la-semana-de-las-ciencias\\\/#primaryimage\",\"url\":\"https:\\\/\\\/granada.salesianos.edu\\\/colegio\\\/wp-content\\\/uploads\\\/sites\\\/2\\\/2021\\\/04\\\/Captura-de-pantalla-2021-04-27-a-las-16.42.36.png\",\"contentUrl\":\"https:\\\/\\\/granada.salesianos.edu\\\/colegio\\\/wp-content\\\/uploads\\\/sites\\\/2\\\/2021\\\/04\\\/Captura-de-pantalla-2021-04-27-a-las-16.42.36.png\",\"width\":1257,\"height\":597},{\"@type\":\"BreadcrumbList\",\"@id\":\"https:\\\/\\\/granada.salesianos.edu\\\/colegio\\\/blog\\\/exito-de-la-semana-de-las-ciencias\\\/#breadcrumb\",\"itemListElement\":[{\"@type\":\"ListItem\",\"position\":1,\"name\":\"Portada\",\"item\":\"https:\\\/\\\/granada.salesianos.edu\\\/colegio\\\/\"},{\"@type\":\"ListItem\",\"position\":2,\"name\":\"\u00c9XITO DE LA SEMANA DE LAS CIENCIAS\"}]},{\"@type\":\"WebSite\",\"@id\":\"https:\\\/\\\/granada.salesianos.edu\\\/colegio\\\/#website\",\"url\":\"https:\\\/\\\/granada.salesianos.edu\\\/colegio\\\/\",\"name\":\"Colegio Salesiano\",\"description\":\"P\u00e1gina oficial de Salesianos Granada San Juan Bosco\",\"publisher\":{\"@id\":\"https:\\\/\\\/granada.salesianos.edu\\\/colegio\\\/#organization\"},\"potentialAction\":[{\"@type\":\"SearchAction\",\"target\":{\"@type\":\"EntryPoint\",\"urlTemplate\":\"https:\\\/\\\/granada.salesianos.edu\\\/colegio\\\/?s={search_term_string}\"},\"query-input\":{\"@type\":\"PropertyValueSpecification\",\"valueRequired\":true,\"valueName\":\"search_term_string\"}}],\"inLanguage\":\"es\"},{\"@type\":\"Organization\",\"@id\":\"https:\\\/\\\/granada.salesianos.edu\\\/colegio\\\/#organization\",\"name\":\"Colegio Salesiano San Juan Bosco Granada\",\"url\":\"https:\\\/\\\/granada.salesianos.edu\\\/colegio\\\/\",\"logo\":{\"@type\":\"ImageObject\",\"inLanguage\":\"es\",\"@id\":\"https:\\\/\\\/granada.salesianos.edu\\\/colegio\\\/#\\\/schema\\\/logo\\\/image\\\/\",\"url\":\"https:\\\/\\\/granada.salesianos.edu\\\/colegio\\\/wp-content\\\/uploads\\\/sites\\\/2\\\/2021\\\/01\\\/GRANADAobraVN2.jpg\",\"contentUrl\":\"https:\\\/\\\/granada.salesianos.edu\\\/colegio\\\/wp-content\\\/uploads\\\/sites\\\/2\\\/2021\\\/01\\\/GRANADAobraVN2.jpg\",\"width\":2113,\"height\":1894,\"caption\":\"Colegio Salesiano San Juan Bosco Granada\"},\"image\":{\"@id\":\"https:\\\/\\\/granada.salesianos.edu\\\/colegio\\\/#\\\/schema\\\/logo\\\/image\\\/\"},\"sameAs\":[\"https:\\\/\\\/www.facebook.com\\\/SalesianosGR\\\/\",\"https:\\\/\\\/x.com\\\/GranadaSDB\",\"https:\\\/\\\/www.instagram.com\\\/salesianosgranada\\\/\",\"https:\\\/\\\/www.youtube.com\\\/channel\\\/UChkpZuhCf4Y5rYIcFT3CNxw?view_as=subscriber\"]},{\"@type\":\"Person\",\"@id\":\"https:\\\/\\\/granada.salesianos.edu\\\/colegio\\\/#\\\/schema\\\/person\\\/6392ff2e4bd1e66981d6eab734bbd962\",\"name\":\"Gestor Web\",\"image\":{\"@type\":\"ImageObject\",\"inLanguage\":\"es\",\"@id\":\"https:\\\/\\\/secure.gravatar.com\\\/avatar\\\/160666bb56a01520857079961a824af2b7821d6bad80677c80f2b473fceead1b?s=96&d=mm&r=g\",\"url\":\"https:\\\/\\\/secure.gravatar.com\\\/avatar\\\/160666bb56a01520857079961a824af2b7821d6bad80677c80f2b473fceead1b?s=96&d=mm&r=g\",\"contentUrl\":\"https:\\\/\\\/secure.gravatar.com\\\/avatar\\\/160666bb56a01520857079961a824af2b7821d6bad80677c80f2b473fceead1b?s=96&d=mm&r=g\",\"caption\":\"Gestor Web\"}}]}<\/script>\n<!-- \/ Yoast SEO plugin. -->","yoast_head_json":{"title":"\u00c9XITO DE LA SEMANA DE LAS CIENCIAS - Colegio Salesiano","robots":{"index":"index","follow":"follow","max-snippet":"max-snippet:-1","max-image-preview":"max-image-preview:large","max-video-preview":"max-video-preview:-1"},"canonical":"https:\/\/granada.salesianos.edu\/colegio\/blog\/exito-de-la-semana-de-las-ciencias\/","og_locale":"es_ES","og_type":"article","og_title":"\u00c9XITO DE LA SEMANA DE LAS CIENCIAS - Colegio Salesiano","og_description":"\u00a1\u00c9xito de la Semana de las Ciencias! Mas de 100 proyectos presentados por nuestros peque\u00f1os y grandes cient\u00edficos. Elegir los ganadores, no ha sido tarea nada f\u00e1cil, y hay que felicitar a todos los participantes, esperamos que hay\u00e1is disfrutado de la Ciencia y la Tecnolog\u00eda.","og_url":"https:\/\/granada.salesianos.edu\/colegio\/blog\/exito-de-la-semana-de-las-ciencias\/","og_site_name":"Colegio Salesiano","article_publisher":"https:\/\/www.facebook.com\/SalesianosGR\/","article_published_time":"2021-04-27T14:44:25+00:00","article_modified_time":"2022-12-01T20:32:02+00:00","og_image":[{"width":1257,"height":597,"url":"https:\/\/granada.salesianos.edu\/colegio\/wp-content\/uploads\/sites\/2\/2021\/04\/Captura-de-pantalla-2021-04-27-a-las-16.42.36.png","type":"image\/png"}],"author":"Gestor Web","twitter_card":"summary_large_image","twitter_creator":"@GranadaSDB","twitter_site":"@GranadaSDB","twitter_misc":{"Escrito por":"Gestor Web","Tiempo de lectura":"3 minutos"},"schema":{"@context":"https:\/\/schema.org","@graph":[{"@type":"Article","@id":"https:\/\/granada.salesianos.edu\/colegio\/blog\/exito-de-la-semana-de-las-ciencias\/#article","isPartOf":{"@id":"https:\/\/granada.salesianos.edu\/colegio\/blog\/exito-de-la-semana-de-las-ciencias\/"},"author":{"name":"Gestor Web","@id":"https:\/\/granada.salesianos.edu\/colegio\/#\/schema\/person\/6392ff2e4bd1e66981d6eab734bbd962"},"headline":"\u00c9XITO DE LA SEMANA DE LAS CIENCIAS","datePublished":"2021-04-27T14:44:25+00:00","dateModified":"2022-12-01T20:32:02+00:00","mainEntityOfPage":{"@id":"https:\/\/granada.salesianos.edu\/colegio\/blog\/exito-de-la-semana-de-las-ciencias\/"},"wordCount":621,"commentCount":0,"publisher":{"@id":"https:\/\/granada.salesianos.edu\/colegio\/#organization"},"image":{"@id":"https:\/\/granada.salesianos.edu\/colegio\/blog\/exito-de-la-semana-de-las-ciencias\/#primaryimage"},"thumbnailUrl":"https:\/\/granada.salesianos.edu\/colegio\/wp-content\/uploads\/sites\/2\/2021\/04\/Captura-de-pantalla-2021-04-27-a-las-16.42.36.png","articleSection":["Ciencias","ESO","FP","Uncategorized"],"inLanguage":"es","potentialAction":[{"@type":"CommentAction","name":"Comment","target":["https:\/\/granada.salesianos.edu\/colegio\/blog\/exito-de-la-semana-de-las-ciencias\/#respond"]}]},{"@type":"WebPage","@id":"https:\/\/granada.salesianos.edu\/colegio\/blog\/exito-de-la-semana-de-las-ciencias\/","url":"https:\/\/granada.salesianos.edu\/colegio\/blog\/exito-de-la-semana-de-las-ciencias\/","name":"\u00c9XITO DE LA SEMANA DE LAS CIENCIAS - Colegio Salesiano","isPartOf":{"@id":"https:\/\/granada.salesianos.edu\/colegio\/#website"},"primaryImageOfPage":{"@id":"https:\/\/granada.salesianos.edu\/colegio\/blog\/exito-de-la-semana-de-las-ciencias\/#primaryimage"},"image":{"@id":"https:\/\/granada.salesianos.edu\/colegio\/blog\/exito-de-la-semana-de-las-ciencias\/#primaryimage"},"thumbnailUrl":"https:\/\/granada.salesianos.edu\/colegio\/wp-content\/uploads\/sites\/2\/2021\/04\/Captura-de-pantalla-2021-04-27-a-las-16.42.36.png","datePublished":"2021-04-27T14:44:25+00:00","dateModified":"2022-12-01T20:32:02+00:00","breadcrumb":{"@id":"https:\/\/granada.salesianos.edu\/colegio\/blog\/exito-de-la-semana-de-las-ciencias\/#breadcrumb"},"inLanguage":"es","potentialAction":[{"@type":"ReadAction","target":["https:\/\/granada.salesianos.edu\/colegio\/blog\/exito-de-la-semana-de-las-ciencias\/"]}]},{"@type":"ImageObject","inLanguage":"es","@id":"https:\/\/granada.salesianos.edu\/colegio\/blog\/exito-de-la-semana-de-las-ciencias\/#primaryimage","url":"https:\/\/granada.salesianos.edu\/colegio\/wp-content\/uploads\/sites\/2\/2021\/04\/Captura-de-pantalla-2021-04-27-a-las-16.42.36.png","contentUrl":"https:\/\/granada.salesianos.edu\/colegio\/wp-content\/uploads\/sites\/2\/2021\/04\/Captura-de-pantalla-2021-04-27-a-las-16.42.36.png","width":1257,"height":597},{"@type":"BreadcrumbList","@id":"https:\/\/granada.salesianos.edu\/colegio\/blog\/exito-de-la-semana-de-las-ciencias\/#breadcrumb","itemListElement":[{"@type":"ListItem","position":1,"name":"Portada","item":"https:\/\/granada.salesianos.edu\/colegio\/"},{"@type":"ListItem","position":2,"name":"\u00c9XITO DE LA SEMANA DE LAS CIENCIAS"}]},{"@type":"WebSite","@id":"https:\/\/granada.salesianos.edu\/colegio\/#website","url":"https:\/\/granada.salesianos.edu\/colegio\/","name":"Colegio Salesiano","description":"P\u00e1gina oficial de Salesianos Granada San Juan Bosco","publisher":{"@id":"https:\/\/granada.salesianos.edu\/colegio\/#organization"},"potentialAction":[{"@type":"SearchAction","target":{"@type":"EntryPoint","urlTemplate":"https:\/\/granada.salesianos.edu\/colegio\/?s={search_term_string}"},"query-input":{"@type":"PropertyValueSpecification","valueRequired":true,"valueName":"search_term_string"}}],"inLanguage":"es"},{"@type":"Organization","@id":"https:\/\/granada.salesianos.edu\/colegio\/#organization","name":"Colegio Salesiano San Juan Bosco Granada","url":"https:\/\/granada.salesianos.edu\/colegio\/","logo":{"@type":"ImageObject","inLanguage":"es","@id":"https:\/\/granada.salesianos.edu\/colegio\/#\/schema\/logo\/image\/","url":"https:\/\/granada.salesianos.edu\/colegio\/wp-content\/uploads\/sites\/2\/2021\/01\/GRANADAobraVN2.jpg","contentUrl":"https:\/\/granada.salesianos.edu\/colegio\/wp-content\/uploads\/sites\/2\/2021\/01\/GRANADAobraVN2.jpg","width":2113,"height":1894,"caption":"Colegio Salesiano San Juan Bosco Granada"},"image":{"@id":"https:\/\/granada.salesianos.edu\/colegio\/#\/schema\/logo\/image\/"},"sameAs":["https:\/\/www.facebook.com\/SalesianosGR\/","https:\/\/x.com\/GranadaSDB","https:\/\/www.instagram.com\/salesianosgranada\/","https:\/\/www.youtube.com\/channel\/UChkpZuhCf4Y5rYIcFT3CNxw?view_as=subscriber"]},{"@type":"Person","@id":"https:\/\/granada.salesianos.edu\/colegio\/#\/schema\/person\/6392ff2e4bd1e66981d6eab734bbd962","name":"Gestor Web","image":{"@type":"ImageObject","inLanguage":"es","@id":"https:\/\/secure.gravatar.com\/avatar\/160666bb56a01520857079961a824af2b7821d6bad80677c80f2b473fceead1b?s=96&d=mm&r=g","url":"https:\/\/secure.gravatar.com\/avatar\/160666bb56a01520857079961a824af2b7821d6bad80677c80f2b473fceead1b?s=96&d=mm&r=g","contentUrl":"https:\/\/secure.gravatar.com\/avatar\/160666bb56a01520857079961a824af2b7821d6bad80677c80f2b473fceead1b?s=96&d=mm&r=g","caption":"Gestor Web"}}]}},"_links":{"self":[{"href":"https:\/\/granada.salesianos.edu\/colegio\/wp-json\/wp\/v2\/posts\/12381","targetHints":{"allow":["GET"]}}],"collection":[{"href":"https:\/\/granada.salesianos.edu\/colegio\/wp-json\/wp\/v2\/posts"}],"about":[{"href":"https:\/\/granada.salesianos.edu\/colegio\/wp-json\/wp\/v2\/types\/post"}],"author":[{"embeddable":true,"href":"https:\/\/granada.salesianos.edu\/colegio\/wp-json\/wp\/v2\/users\/2"}],"replies":[{"embeddable":true,"href":"https:\/\/granada.salesianos.edu\/colegio\/wp-json\/wp\/v2\/comments?post=12381"}],"version-history":[{"count":1,"href":"https:\/\/granada.salesianos.edu\/colegio\/wp-json\/wp\/v2\/posts\/12381\/revisions"}],"predecessor-version":[{"id":16233,"href":"https:\/\/granada.salesianos.edu\/colegio\/wp-json\/wp\/v2\/posts\/12381\/revisions\/16233"}],"wp:featuredmedia":[{"embeddable":true,"href":"https:\/\/granada.salesianos.edu\/colegio\/wp-json\/wp\/v2\/media\/12382"}],"wp:attachment":[{"href":"https:\/\/granada.salesianos.edu\/colegio\/wp-json\/wp\/v2\/media?parent=12381"}],"wp:term":[{"taxonomy":"category","embeddable":true,"href":"https:\/\/granada.salesianos.edu\/colegio\/wp-json\/wp\/v2\/categories?post=12381"},{"taxonomy":"post_tag","embeddable":true,"href":"https:\/\/granada.salesianos.edu\/colegio\/wp-json\/wp\/v2\/tags?post=12381"}],"curies":[{"name":"wp","href":"https:\/\/api.w.org\/{rel}","templated":true}]}}