{"id":12385,"date":"2021-04-30T07:28:26","date_gmt":"2021-04-30T05:28:26","guid":{"rendered":"https:\/\/granada.salesianos.edu\/colegio\/blog\/educamos-con-el-corazon-la-pastoral-en-ciclos-formativos\/"},"modified":"2021-05-01T09:58:53","modified_gmt":"2021-05-01T07:58:53","slug":"educamos-con-el-corazon-la-pastoral-en-ciclos-formativos","status":"publish","type":"post","link":"https:\/\/granada.salesianos.edu\/colegio\/blog\/educamos-con-el-corazon-la-pastoral-en-ciclos-formativos\/","title":{"rendered":"EDUCAMOS CON EL CORAZON: LA PASTORAL EN CICLOS FORMATIVOS."},"content":{"rendered":"<div id=\"fb-root\"><\/div>\n<p>[et_pb_section fb_built=\u00bb1&#8243; admin_label=\u00bbsection\u00bb _builder_version=\u00bb3.22&#8243;][et_pb_row admin_label=\u00bbrow\u00bb _builder_version=\u00bb3.25&#8243; background_size=\u00bbinitial\u00bb background_position=\u00bbtop_left\u00bb background_repeat=\u00bbrepeat\u00bb][et_pb_column type=\u00bb4_4&#8243; _builder_version=\u00bb3.25&#8243; custom_padding=\u00bb|||\u00bb custom_padding__hover=\u00bb|||\u00bb][et_pb_text admin_label=\u00bbEntradilla (Texto)\u00bb _builder_version=\u00bb4.2.2&#8243; text_font=\u00bb|on|||\u00bb text_orientation=\u00bbjustified\u00bb]<\/p>\n<h3><strong><span style=\"color: #ff0000;\">LA PASTORAL EN CICLOS FORMATIVOS<\/span><\/strong><\/h3>\n<p>[\/et_pb_text][et_pb_text admin_label=\u00bbAutor (Texto)\u00bb _builder_version=\u00bb4.2.2&#8243; text_font=\u00bb||on||\u00bb]<\/p>\n<p>Por: GESTORWEB<\/p>\n<p>[\/et_pb_text][et_pb_text admin_label=\u00bbDesarrollo (Texto)\u00bb _builder_version=\u00bb4.2.2&#8243; text_orientation=\u00bbjustified\u00bb]<\/p>\n<p>\u00a0 \u00a0 En la <span style=\"color: #ff0000;\"><strong>Escuela Salesiana<\/strong><\/span>, la Formaci\u00f3n Profesional es nuestra <em>ni\u00f1a bonita<\/em>\u2026 Ya Don Bosco en su \u00e9poca dedic\u00f3 gran parte de su energ\u00eda a ayudar a sus j\u00f3venes de Tur\u00edn a crecer integralmente, a aprender un oficio, a ganarse la vida honradamente, y a ser \u201chonrados ciudadanos y buenos cristianos\u201d en una sociedad que los ninguneaba y los maltrataba como si todos fueran delincuentes. \u00c9l utilizaba el <strong>Sistema Preventivo<\/strong> como base de su pedagog\u00eda.<\/p>\n<p>\u00a0 \u00a0 Nosotros, como Don Bosco, creemos en nuestros alumnos y en su capacidad de hacer cosas grandes con su vida y en la sociedad\u2026 Sentimos firmemente que nuestra responsabilidad como Comunidad Educativa es proveerles de un ambiente envolvente donde se sientan queridos, respetados y escuchados, y desde donde se les aporte la dignidad y la seguridad suficientes para crecer, creyendo en s\u00ed mismos, enfocando su profesi\u00f3n desde una vocaci\u00f3n al bien y al aporte positivo a la sociedad, y desde una integraci\u00f3n personal de valores humanos y evang\u00e9licos.<\/p>\n<p>\u00a0 \u00a0Los j\u00f3venes son y ser\u00e1n siempre los protagonistas de nuestra casa, y desde el m\u00e1ximo respeto a su individualidad personal, y a sus opciones de vida y fe, esta Comunidad Educativa se vuelca en acompa\u00f1arlos y ofrecerles espacios de interioridad, di\u00e1logo, experiencias de reflexi\u00f3n, voluntariado, etc.<\/p>\n<p>\u00a0 \u00a0 As\u00ed naci\u00f3 hace ya cuatro a\u00f1os, un nuevo paso en nuestra <strong>Pastoral<\/strong>\u2026 Pretend\u00edamos cambiar el concepto de Pastoral en la Escuela, para hacer <strong>una<\/strong> <strong>Escuela en Pastoral<\/strong>, y nos pusimos todo el Equipo Educativo de las tres familias profesionales manos a la obra.<\/p>\n<p>\u00a0 \u00a0 Se revisaron todas las programaciones de todos los m\u00f3dulos profesionales, haciendo una profunda reflexi\u00f3n, para trabajar con los alumnos las cuatro dimensiones que la Inspector\u00eda Salesiana considera importantes en la formaci\u00f3n del alumnado: <strong>Dimensi\u00f3n Socio-comunitaria y Vocacional, \u00c9tica, Transcendente y Bio-psicol\u00f3gica.<\/strong><\/p>\n<p>\u00a0 \u00a0 \u00a0A d\u00eda de hoy, todos los profesores y tutores llevan a cabo multitud de actividades innovadoras, motivantes, y creativas, usando proyectos interdisciplinares, debates, trabajo cooperativo, aprendizaje servicio, m\u00fasica, cine, teatro, as\u00ed como otros medios y t\u00e9cnicas para lograr dicha formaci\u00f3n integral y necesaria en el alumnado dentro de sus clases. Adem\u00e1s, al t\u00e9rmino de cada curso escolar, evaluamos para seguir mejorando e incorporando nuevas experiencias m\u00e1s enriquecedoras.<\/p>\n<p>En paralelo a lo anterior, ofrecemos dos niveles de convivencias.<\/p>\n<ul>\n<li>Primer nivel. Convivencias de Interioridad y Comunicaci\u00f3n entre los grupos de las tres etapas: FPB, Grado Medio y Grado Superior\u2026 En ellas, realizamos ejercicios de expresi\u00f3n corporal, din\u00e1micas de grupo, espacios de reflexi\u00f3n personal sobre sus vidas, elaboraci\u00f3n de proyecto de vida, grupos de comunicaci\u00f3n de experiencias, meditaci\u00f3n o espacios de silencio.<\/li>\n<li>Segundo Nivel. Retiros voluntarios cristianos en torno a Adviento y Cuaresma para dar respuesta a las inquietudes religiosas de aquellos que nos escogen por su fe. En ellas tienen la oportunidad de profundizar y contrastar su vida con el Evangelio y seguir caminando en la apasionante l\u00ednea que Jes\u00fas nos ofrece.<\/li>\n<\/ul>\n<p>Por \u00faltimo, el alumnado de Formaci\u00f3n Profesional y sus profesores, compartimos momentos de celebraci\u00f3n, fiestas escolares salesianas, Buenos D\u00edas y campa\u00f1as de solidaridad con el resto del colegio, disfrutando as\u00ed del ambiente de familia y fiesta que nos caracteriza, dejando que el esp\u00edritu salesiano nos contagie la alegr\u00eda de vivir desde el Amor.<\/p>\n<p>\u00a0 \u00a0 Por todo lo anterior, estamos orgullosos al sentir que nuestros j\u00f3venes salen de nuestras aulas con una formaci\u00f3n que va m\u00e1s all\u00e1 de lo meramente t\u00e9cnico, favoreciendo que se descubran a ellos mismos como las personas bonitas que son y enfrenten con fuerza y orgullo el mundo laboral, sinti\u00e9ndose grand\u00edsimos profesionales, ni\u00f1os de Don Bosco, alumnos salesianos y gente de gran coraz\u00f3n.<\/p>\n<p>[\/et_pb_text][et_pb_gallery gallery_ids=\u00bb12417,12401,12400,12389,12418,12416,12415,12414,12413,12390,12395,12391,12388,12393,12392,12394,12399,12398,12397,12396,12387&#8243; show_title_and_caption=\u00bboff\u00bb hover_icon=\u00bb%%51%%\u00bb disabled_on=\u00bboff|off|off\u00bb _builder_version=\u00bb4.2.2&#8243; hover_enabled=\u00bb0&#8243; border_style=\u00bbsolid\u00bb][\/et_pb_gallery][\/et_pb_column][\/et_pb_row][\/et_pb_section]<\/p>\n","protected":false},"excerpt":{"rendered":"<p>Los j\u00f3venes son y ser\u00e1n siempre los protagonistas de nuestra casa, y desde el m\u00e1ximo respeto a su individualidad personal, y a sus opciones de vida y fe, esta Comunidad Educativa se vuelca en acompa\u00f1arlos y ofrecerles espacios de interioridad, di\u00e1logo, experiencias de reflexi\u00f3n, voluntariado, etc. <\/p>\n","protected":false},"author":2,"featured_media":12386,"comment_status":"open","ping_status":"open","sticky":false,"template":"","format":"standard","meta":{"_et_pb_use_builder":"on","_et_pb_old_content":"","_et_gb_content_width":"","footnotes":""},"categories":[21,23,1],"tags":[],"class_list":["post-12385","post","type-post","status-publish","format-standard","has-post-thumbnail","hentry","category-fp","category-pastoral","category-uncategorized"],"yoast_head":"<!-- This site is optimized with the Yoast SEO plugin v28.4 - https:\/\/yoast.com\/product\/yoast-seo-wordpress\/ -->\n<title>EDUCAMOS CON EL CORAZON: LA PASTORAL EN CICLOS FORMATIVOS. - Colegio Salesiano<\/title>\n<meta name=\"robots\" content=\"index, follow, max-snippet:-1, max-image-preview:large, max-video-preview:-1\" \/>\n<link rel=\"canonical\" href=\"https:\/\/granada.salesianos.edu\/colegio\/blog\/educamos-con-el-corazon-la-pastoral-en-ciclos-formativos\/\" \/>\n<meta property=\"og:locale\" content=\"es_ES\" \/>\n<meta property=\"og:type\" content=\"article\" \/>\n<meta property=\"og:title\" content=\"EDUCAMOS CON EL CORAZON: LA PASTORAL EN CICLOS FORMATIVOS. - Colegio Salesiano\" \/>\n<meta property=\"og:description\" content=\"Los j\u00f3venes son y ser\u00e1n siempre los protagonistas de nuestra casa, y desde el m\u00e1ximo respeto a su individualidad personal, y a sus opciones de vida y fe, esta Comunidad Educativa se vuelca en acompa\u00f1arlos y ofrecerles espacios de interioridad, di\u00e1logo, experiencias de reflexi\u00f3n, voluntariado, etc.\" \/>\n<meta property=\"og:url\" content=\"https:\/\/granada.salesianos.edu\/colegio\/blog\/educamos-con-el-corazon-la-pastoral-en-ciclos-formativos\/\" \/>\n<meta property=\"og:site_name\" content=\"Colegio Salesiano\" \/>\n<meta property=\"article:publisher\" content=\"https:\/\/www.facebook.com\/SalesianosGR\/\" \/>\n<meta property=\"article:published_time\" content=\"2021-04-30T05:28:26+00:00\" \/>\n<meta property=\"article:modified_time\" content=\"2021-05-01T07:58:53+00:00\" \/>\n<meta property=\"og:image\" content=\"https:\/\/granada.salesianos.edu\/colegio\/wp-content\/uploads\/sites\/2\/2021\/04\/p13.jpeg\" \/>\n\t<meta property=\"og:image:width\" content=\"1600\" \/>\n\t<meta property=\"og:image:height\" content=\"1200\" \/>\n\t<meta property=\"og:image:type\" content=\"image\/jpeg\" \/>\n<meta name=\"author\" content=\"Gestor Web\" \/>\n<meta name=\"twitter:card\" content=\"summary_large_image\" \/>\n<meta name=\"twitter:creator\" content=\"@GranadaSDB\" \/>\n<meta name=\"twitter:site\" content=\"@GranadaSDB\" \/>\n<meta name=\"twitter:label1\" content=\"Escrito por\" \/>\n\t<meta name=\"twitter:data1\" content=\"Gestor Web\" \/>\n\t<meta name=\"twitter:label2\" content=\"Tiempo de lectura\" \/>\n\t<meta name=\"twitter:data2\" content=\"3 minutos\" \/>\n<script type=\"application\/ld+json\" class=\"yoast-schema-graph\">{\"@context\":\"https:\\\/\\\/schema.org\",\"@graph\":[{\"@type\":\"Article\",\"@id\":\"https:\\\/\\\/granada.salesianos.edu\\\/colegio\\\/blog\\\/educamos-con-el-corazon-la-pastoral-en-ciclos-formativos\\\/#article\",\"isPartOf\":{\"@id\":\"https:\\\/\\\/granada.salesianos.edu\\\/colegio\\\/blog\\\/educamos-con-el-corazon-la-pastoral-en-ciclos-formativos\\\/\"},\"author\":{\"name\":\"Gestor Web\",\"@id\":\"https:\\\/\\\/granada.salesianos.edu\\\/colegio\\\/#\\\/schema\\\/person\\\/6392ff2e4bd1e66981d6eab734bbd962\"},\"headline\":\"EDUCAMOS CON EL CORAZON: LA PASTORAL EN CICLOS FORMATIVOS.\",\"datePublished\":\"2021-04-30T05:28:26+00:00\",\"dateModified\":\"2021-05-01T07:58:53+00:00\",\"mainEntityOfPage\":{\"@id\":\"https:\\\/\\\/granada.salesianos.edu\\\/colegio\\\/blog\\\/educamos-con-el-corazon-la-pastoral-en-ciclos-formativos\\\/\"},\"wordCount\":779,\"commentCount\":0,\"publisher\":{\"@id\":\"https:\\\/\\\/granada.salesianos.edu\\\/colegio\\\/#organization\"},\"image\":{\"@id\":\"https:\\\/\\\/granada.salesianos.edu\\\/colegio\\\/blog\\\/educamos-con-el-corazon-la-pastoral-en-ciclos-formativos\\\/#primaryimage\"},\"thumbnailUrl\":\"https:\\\/\\\/granada.salesianos.edu\\\/colegio\\\/wp-content\\\/uploads\\\/sites\\\/2\\\/2021\\\/04\\\/p13.jpeg\",\"articleSection\":[\"FP\",\"Pastoral\",\"Uncategorized\"],\"inLanguage\":\"es\",\"potentialAction\":[{\"@type\":\"CommentAction\",\"name\":\"Comment\",\"target\":[\"https:\\\/\\\/granada.salesianos.edu\\\/colegio\\\/blog\\\/educamos-con-el-corazon-la-pastoral-en-ciclos-formativos\\\/#respond\"]}]},{\"@type\":\"WebPage\",\"@id\":\"https:\\\/\\\/granada.salesianos.edu\\\/colegio\\\/blog\\\/educamos-con-el-corazon-la-pastoral-en-ciclos-formativos\\\/\",\"url\":\"https:\\\/\\\/granada.salesianos.edu\\\/colegio\\\/blog\\\/educamos-con-el-corazon-la-pastoral-en-ciclos-formativos\\\/\",\"name\":\"EDUCAMOS CON EL CORAZON: LA PASTORAL EN CICLOS FORMATIVOS. - Colegio Salesiano\",\"isPartOf\":{\"@id\":\"https:\\\/\\\/granada.salesianos.edu\\\/colegio\\\/#website\"},\"primaryImageOfPage\":{\"@id\":\"https:\\\/\\\/granada.salesianos.edu\\\/colegio\\\/blog\\\/educamos-con-el-corazon-la-pastoral-en-ciclos-formativos\\\/#primaryimage\"},\"image\":{\"@id\":\"https:\\\/\\\/granada.salesianos.edu\\\/colegio\\\/blog\\\/educamos-con-el-corazon-la-pastoral-en-ciclos-formativos\\\/#primaryimage\"},\"thumbnailUrl\":\"https:\\\/\\\/granada.salesianos.edu\\\/colegio\\\/wp-content\\\/uploads\\\/sites\\\/2\\\/2021\\\/04\\\/p13.jpeg\",\"datePublished\":\"2021-04-30T05:28:26+00:00\",\"dateModified\":\"2021-05-01T07:58:53+00:00\",\"breadcrumb\":{\"@id\":\"https:\\\/\\\/granada.salesianos.edu\\\/colegio\\\/blog\\\/educamos-con-el-corazon-la-pastoral-en-ciclos-formativos\\\/#breadcrumb\"},\"inLanguage\":\"es\",\"potentialAction\":[{\"@type\":\"ReadAction\",\"target\":[\"https:\\\/\\\/granada.salesianos.edu\\\/colegio\\\/blog\\\/educamos-con-el-corazon-la-pastoral-en-ciclos-formativos\\\/\"]}]},{\"@type\":\"ImageObject\",\"inLanguage\":\"es\",\"@id\":\"https:\\\/\\\/granada.salesianos.edu\\\/colegio\\\/blog\\\/educamos-con-el-corazon-la-pastoral-en-ciclos-formativos\\\/#primaryimage\",\"url\":\"https:\\\/\\\/granada.salesianos.edu\\\/colegio\\\/wp-content\\\/uploads\\\/sites\\\/2\\\/2021\\\/04\\\/p13.jpeg\",\"contentUrl\":\"https:\\\/\\\/granada.salesianos.edu\\\/colegio\\\/wp-content\\\/uploads\\\/sites\\\/2\\\/2021\\\/04\\\/p13.jpeg\",\"width\":1600,\"height\":1200},{\"@type\":\"BreadcrumbList\",\"@id\":\"https:\\\/\\\/granada.salesianos.edu\\\/colegio\\\/blog\\\/educamos-con-el-corazon-la-pastoral-en-ciclos-formativos\\\/#breadcrumb\",\"itemListElement\":[{\"@type\":\"ListItem\",\"position\":1,\"name\":\"Portada\",\"item\":\"https:\\\/\\\/granada.salesianos.edu\\\/colegio\\\/\"},{\"@type\":\"ListItem\",\"position\":2,\"name\":\"EDUCAMOS CON EL CORAZON: LA PASTORAL EN CICLOS FORMATIVOS.\"}]},{\"@type\":\"WebSite\",\"@id\":\"https:\\\/\\\/granada.salesianos.edu\\\/colegio\\\/#website\",\"url\":\"https:\\\/\\\/granada.salesianos.edu\\\/colegio\\\/\",\"name\":\"Colegio Salesiano\",\"description\":\"P\u00e1gina oficial de Salesianos Granada San Juan Bosco\",\"publisher\":{\"@id\":\"https:\\\/\\\/granada.salesianos.edu\\\/colegio\\\/#organization\"},\"potentialAction\":[{\"@type\":\"SearchAction\",\"target\":{\"@type\":\"EntryPoint\",\"urlTemplate\":\"https:\\\/\\\/granada.salesianos.edu\\\/colegio\\\/?s={search_term_string}\"},\"query-input\":{\"@type\":\"PropertyValueSpecification\",\"valueRequired\":true,\"valueName\":\"search_term_string\"}}],\"inLanguage\":\"es\"},{\"@type\":\"Organization\",\"@id\":\"https:\\\/\\\/granada.salesianos.edu\\\/colegio\\\/#organization\",\"name\":\"Colegio Salesiano San Juan Bosco Granada\",\"url\":\"https:\\\/\\\/granada.salesianos.edu\\\/colegio\\\/\",\"logo\":{\"@type\":\"ImageObject\",\"inLanguage\":\"es\",\"@id\":\"https:\\\/\\\/granada.salesianos.edu\\\/colegio\\\/#\\\/schema\\\/logo\\\/image\\\/\",\"url\":\"https:\\\/\\\/granada.salesianos.edu\\\/colegio\\\/wp-content\\\/uploads\\\/sites\\\/2\\\/2021\\\/01\\\/GRANADAobraVN2.jpg\",\"contentUrl\":\"https:\\\/\\\/granada.salesianos.edu\\\/colegio\\\/wp-content\\\/uploads\\\/sites\\\/2\\\/2021\\\/01\\\/GRANADAobraVN2.jpg\",\"width\":2113,\"height\":1894,\"caption\":\"Colegio Salesiano San Juan Bosco Granada\"},\"image\":{\"@id\":\"https:\\\/\\\/granada.salesianos.edu\\\/colegio\\\/#\\\/schema\\\/logo\\\/image\\\/\"},\"sameAs\":[\"https:\\\/\\\/www.facebook.com\\\/SalesianosGR\\\/\",\"https:\\\/\\\/x.com\\\/GranadaSDB\",\"https:\\\/\\\/www.instagram.com\\\/salesianosgranada\\\/\",\"https:\\\/\\\/www.youtube.com\\\/channel\\\/UChkpZuhCf4Y5rYIcFT3CNxw?view_as=subscriber\"]},{\"@type\":\"Person\",\"@id\":\"https:\\\/\\\/granada.salesianos.edu\\\/colegio\\\/#\\\/schema\\\/person\\\/6392ff2e4bd1e66981d6eab734bbd962\",\"name\":\"Gestor Web\",\"image\":{\"@type\":\"ImageObject\",\"inLanguage\":\"es\",\"@id\":\"https:\\\/\\\/secure.gravatar.com\\\/avatar\\\/160666bb56a01520857079961a824af2b7821d6bad80677c80f2b473fceead1b?s=96&d=mm&r=g\",\"url\":\"https:\\\/\\\/secure.gravatar.com\\\/avatar\\\/160666bb56a01520857079961a824af2b7821d6bad80677c80f2b473fceead1b?s=96&d=mm&r=g\",\"contentUrl\":\"https:\\\/\\\/secure.gravatar.com\\\/avatar\\\/160666bb56a01520857079961a824af2b7821d6bad80677c80f2b473fceead1b?s=96&d=mm&r=g\",\"caption\":\"Gestor Web\"}}]}<\/script>\n<!-- \/ Yoast SEO plugin. -->","yoast_head_json":{"title":"EDUCAMOS CON EL CORAZON: LA PASTORAL EN CICLOS FORMATIVOS. - Colegio Salesiano","robots":{"index":"index","follow":"follow","max-snippet":"max-snippet:-1","max-image-preview":"max-image-preview:large","max-video-preview":"max-video-preview:-1"},"canonical":"https:\/\/granada.salesianos.edu\/colegio\/blog\/educamos-con-el-corazon-la-pastoral-en-ciclos-formativos\/","og_locale":"es_ES","og_type":"article","og_title":"EDUCAMOS CON EL CORAZON: LA PASTORAL EN CICLOS FORMATIVOS. - Colegio Salesiano","og_description":"Los j\u00f3venes son y ser\u00e1n siempre los protagonistas de nuestra casa, y desde el m\u00e1ximo respeto a su individualidad personal, y a sus opciones de vida y fe, esta Comunidad Educativa se vuelca en acompa\u00f1arlos y ofrecerles espacios de interioridad, di\u00e1logo, experiencias de reflexi\u00f3n, voluntariado, etc.","og_url":"https:\/\/granada.salesianos.edu\/colegio\/blog\/educamos-con-el-corazon-la-pastoral-en-ciclos-formativos\/","og_site_name":"Colegio Salesiano","article_publisher":"https:\/\/www.facebook.com\/SalesianosGR\/","article_published_time":"2021-04-30T05:28:26+00:00","article_modified_time":"2021-05-01T07:58:53+00:00","og_image":[{"width":1600,"height":1200,"url":"https:\/\/granada.salesianos.edu\/colegio\/wp-content\/uploads\/sites\/2\/2021\/04\/p13.jpeg","type":"image\/jpeg"}],"author":"Gestor Web","twitter_card":"summary_large_image","twitter_creator":"@GranadaSDB","twitter_site":"@GranadaSDB","twitter_misc":{"Escrito por":"Gestor Web","Tiempo de lectura":"3 minutos"},"schema":{"@context":"https:\/\/schema.org","@graph":[{"@type":"Article","@id":"https:\/\/granada.salesianos.edu\/colegio\/blog\/educamos-con-el-corazon-la-pastoral-en-ciclos-formativos\/#article","isPartOf":{"@id":"https:\/\/granada.salesianos.edu\/colegio\/blog\/educamos-con-el-corazon-la-pastoral-en-ciclos-formativos\/"},"author":{"name":"Gestor Web","@id":"https:\/\/granada.salesianos.edu\/colegio\/#\/schema\/person\/6392ff2e4bd1e66981d6eab734bbd962"},"headline":"EDUCAMOS CON EL CORAZON: LA PASTORAL EN CICLOS FORMATIVOS.","datePublished":"2021-04-30T05:28:26+00:00","dateModified":"2021-05-01T07:58:53+00:00","mainEntityOfPage":{"@id":"https:\/\/granada.salesianos.edu\/colegio\/blog\/educamos-con-el-corazon-la-pastoral-en-ciclos-formativos\/"},"wordCount":779,"commentCount":0,"publisher":{"@id":"https:\/\/granada.salesianos.edu\/colegio\/#organization"},"image":{"@id":"https:\/\/granada.salesianos.edu\/colegio\/blog\/educamos-con-el-corazon-la-pastoral-en-ciclos-formativos\/#primaryimage"},"thumbnailUrl":"https:\/\/granada.salesianos.edu\/colegio\/wp-content\/uploads\/sites\/2\/2021\/04\/p13.jpeg","articleSection":["FP","Pastoral","Uncategorized"],"inLanguage":"es","potentialAction":[{"@type":"CommentAction","name":"Comment","target":["https:\/\/granada.salesianos.edu\/colegio\/blog\/educamos-con-el-corazon-la-pastoral-en-ciclos-formativos\/#respond"]}]},{"@type":"WebPage","@id":"https:\/\/granada.salesianos.edu\/colegio\/blog\/educamos-con-el-corazon-la-pastoral-en-ciclos-formativos\/","url":"https:\/\/granada.salesianos.edu\/colegio\/blog\/educamos-con-el-corazon-la-pastoral-en-ciclos-formativos\/","name":"EDUCAMOS CON EL CORAZON: LA PASTORAL EN CICLOS FORMATIVOS. - Colegio Salesiano","isPartOf":{"@id":"https:\/\/granada.salesianos.edu\/colegio\/#website"},"primaryImageOfPage":{"@id":"https:\/\/granada.salesianos.edu\/colegio\/blog\/educamos-con-el-corazon-la-pastoral-en-ciclos-formativos\/#primaryimage"},"image":{"@id":"https:\/\/granada.salesianos.edu\/colegio\/blog\/educamos-con-el-corazon-la-pastoral-en-ciclos-formativos\/#primaryimage"},"thumbnailUrl":"https:\/\/granada.salesianos.edu\/colegio\/wp-content\/uploads\/sites\/2\/2021\/04\/p13.jpeg","datePublished":"2021-04-30T05:28:26+00:00","dateModified":"2021-05-01T07:58:53+00:00","breadcrumb":{"@id":"https:\/\/granada.salesianos.edu\/colegio\/blog\/educamos-con-el-corazon-la-pastoral-en-ciclos-formativos\/#breadcrumb"},"inLanguage":"es","potentialAction":[{"@type":"ReadAction","target":["https:\/\/granada.salesianos.edu\/colegio\/blog\/educamos-con-el-corazon-la-pastoral-en-ciclos-formativos\/"]}]},{"@type":"ImageObject","inLanguage":"es","@id":"https:\/\/granada.salesianos.edu\/colegio\/blog\/educamos-con-el-corazon-la-pastoral-en-ciclos-formativos\/#primaryimage","url":"https:\/\/granada.salesianos.edu\/colegio\/wp-content\/uploads\/sites\/2\/2021\/04\/p13.jpeg","contentUrl":"https:\/\/granada.salesianos.edu\/colegio\/wp-content\/uploads\/sites\/2\/2021\/04\/p13.jpeg","width":1600,"height":1200},{"@type":"BreadcrumbList","@id":"https:\/\/granada.salesianos.edu\/colegio\/blog\/educamos-con-el-corazon-la-pastoral-en-ciclos-formativos\/#breadcrumb","itemListElement":[{"@type":"ListItem","position":1,"name":"Portada","item":"https:\/\/granada.salesianos.edu\/colegio\/"},{"@type":"ListItem","position":2,"name":"EDUCAMOS CON EL CORAZON: LA PASTORAL EN CICLOS FORMATIVOS."}]},{"@type":"WebSite","@id":"https:\/\/granada.salesianos.edu\/colegio\/#website","url":"https:\/\/granada.salesianos.edu\/colegio\/","name":"Colegio Salesiano","description":"P\u00e1gina oficial de Salesianos Granada San Juan Bosco","publisher":{"@id":"https:\/\/granada.salesianos.edu\/colegio\/#organization"},"potentialAction":[{"@type":"SearchAction","target":{"@type":"EntryPoint","urlTemplate":"https:\/\/granada.salesianos.edu\/colegio\/?s={search_term_string}"},"query-input":{"@type":"PropertyValueSpecification","valueRequired":true,"valueName":"search_term_string"}}],"inLanguage":"es"},{"@type":"Organization","@id":"https:\/\/granada.salesianos.edu\/colegio\/#organization","name":"Colegio Salesiano San Juan Bosco Granada","url":"https:\/\/granada.salesianos.edu\/colegio\/","logo":{"@type":"ImageObject","inLanguage":"es","@id":"https:\/\/granada.salesianos.edu\/colegio\/#\/schema\/logo\/image\/","url":"https:\/\/granada.salesianos.edu\/colegio\/wp-content\/uploads\/sites\/2\/2021\/01\/GRANADAobraVN2.jpg","contentUrl":"https:\/\/granada.salesianos.edu\/colegio\/wp-content\/uploads\/sites\/2\/2021\/01\/GRANADAobraVN2.jpg","width":2113,"height":1894,"caption":"Colegio Salesiano San Juan Bosco Granada"},"image":{"@id":"https:\/\/granada.salesianos.edu\/colegio\/#\/schema\/logo\/image\/"},"sameAs":["https:\/\/www.facebook.com\/SalesianosGR\/","https:\/\/x.com\/GranadaSDB","https:\/\/www.instagram.com\/salesianosgranada\/","https:\/\/www.youtube.com\/channel\/UChkpZuhCf4Y5rYIcFT3CNxw?view_as=subscriber"]},{"@type":"Person","@id":"https:\/\/granada.salesianos.edu\/colegio\/#\/schema\/person\/6392ff2e4bd1e66981d6eab734bbd962","name":"Gestor Web","image":{"@type":"ImageObject","inLanguage":"es","@id":"https:\/\/secure.gravatar.com\/avatar\/160666bb56a01520857079961a824af2b7821d6bad80677c80f2b473fceead1b?s=96&d=mm&r=g","url":"https:\/\/secure.gravatar.com\/avatar\/160666bb56a01520857079961a824af2b7821d6bad80677c80f2b473fceead1b?s=96&d=mm&r=g","contentUrl":"https:\/\/secure.gravatar.com\/avatar\/160666bb56a01520857079961a824af2b7821d6bad80677c80f2b473fceead1b?s=96&d=mm&r=g","caption":"Gestor Web"}}]}},"_links":{"self":[{"href":"https:\/\/granada.salesianos.edu\/colegio\/wp-json\/wp\/v2\/posts\/12385","targetHints":{"allow":["GET"]}}],"collection":[{"href":"https:\/\/granada.salesianos.edu\/colegio\/wp-json\/wp\/v2\/posts"}],"about":[{"href":"https:\/\/granada.salesianos.edu\/colegio\/wp-json\/wp\/v2\/types\/post"}],"author":[{"embeddable":true,"href":"https:\/\/granada.salesianos.edu\/colegio\/wp-json\/wp\/v2\/users\/2"}],"replies":[{"embeddable":true,"href":"https:\/\/granada.salesianos.edu\/colegio\/wp-json\/wp\/v2\/comments?post=12385"}],"version-history":[{"count":5,"href":"https:\/\/granada.salesianos.edu\/colegio\/wp-json\/wp\/v2\/posts\/12385\/revisions"}],"predecessor-version":[{"id":12423,"href":"https:\/\/granada.salesianos.edu\/colegio\/wp-json\/wp\/v2\/posts\/12385\/revisions\/12423"}],"wp:featuredmedia":[{"embeddable":true,"href":"https:\/\/granada.salesianos.edu\/colegio\/wp-json\/wp\/v2\/media\/12386"}],"wp:attachment":[{"href":"https:\/\/granada.salesianos.edu\/colegio\/wp-json\/wp\/v2\/media?parent=12385"}],"wp:term":[{"taxonomy":"category","embeddable":true,"href":"https:\/\/granada.salesianos.edu\/colegio\/wp-json\/wp\/v2\/categories?post=12385"},{"taxonomy":"post_tag","embeddable":true,"href":"https:\/\/granada.salesianos.edu\/colegio\/wp-json\/wp\/v2\/tags?post=12385"}],"curies":[{"name":"wp","href":"https:\/\/api.w.org\/{rel}","templated":true}]}}