{"id":12547,"date":"2021-05-14T11:54:57","date_gmt":"2021-05-14T09:54:57","guid":{"rendered":"https:\/\/granada.salesianos.edu\/colegio\/?p=12547"},"modified":"2022-12-01T22:30:39","modified_gmt":"2022-12-01T20:30:39","slug":"conoces-la-fp-dual-de-la-familia-de-administracion-y-gestion","status":"publish","type":"post","link":"https:\/\/granada.salesianos.edu\/colegio\/blog\/conoces-la-fp-dual-de-la-familia-de-administracion-y-gestion\/","title":{"rendered":"\u00bfConoces la FP Dual de la familia de Administraci\u00f3n y Gesti\u00f3n?"},"content":{"rendered":"<div id=\"fb-root\"><\/div>\n<p>[et_pb_section fb_built=\u00bb1&#8243; admin_label=\u00bbsection\u00bb _builder_version=\u00bb3.22&#8243;][et_pb_row admin_label=\u00bbrow\u00bb _builder_version=\u00bb3.25&#8243; background_size=\u00bbinitial\u00bb background_position=\u00bbtop_left\u00bb background_repeat=\u00bbrepeat\u00bb][et_pb_column type=\u00bb4_4&#8243; _builder_version=\u00bb3.25&#8243; custom_padding=\u00bb|||\u00bb custom_padding__hover=\u00bb|||\u00bb][et_pb_text admin_label=\u00bbEntradilla (Texto)\u00bb _builder_version=\u00bb4.2.2&#8243; text_font=\u00bb|on|||\u00bb text_orientation=\u00bbjustified\u00bb]<\/p>\n<h4><span style=\"font-weight: 400;\">Nuestros profesores de la familia de Administraci\u00f3n y Gesti\u00f3n nos cuentan en qu\u00e9 consiste la FP Dual que se puede estudiar tanto en el Grado Medio como en el Grado Superior.\u00a0<\/span><\/h4>\n<p>[\/et_pb_text][et_pb_text admin_label=\u00bbDesarrollo (Texto)\u00bb _builder_version=\u00bb4.2.2&#8243; text_orientation=\u00bbjustified\u00bb]<\/p>\n<p>La familia profesional de <strong>Administraci\u00f3n y Gesti\u00f3n<\/strong> de nuestro colegio cuenta, tanto en su Grado Medio como en el Grado Superior,\u00a0 con la modalidad de Formaci\u00f3n Profesional Dual.<\/p>\n<p>Desde el a\u00f1o 2017 hasta la actualidad, se han ido desarrollando diferentes proyectos. En este curso escolar, ya son dieciocho alumnos y alumnas los que forman parte de la FP Dual. El \u00e9xito es tal, que el pr\u00f3ximo a\u00f1o se pondr\u00e1 en marcha el cuarto proyecto en el que ofertaremos quince nuevas plazas.<\/p>\n<p><strong>\u00bfQu\u00e9 es la Fp Dual?<\/strong><\/p>\n<p>La modalidad de FP Dual implica para nuestro alumnado combinar la formaci\u00f3n en el centro educativo con la formaci\u00f3n en empresas del sector. La duraci\u00f3n de cada proyecto es de dos a\u00f1os o cursos lectivos.\u00a0 Durante este tiempo,\u00a0 el alumnado se forma de manera alterna en la empresa y en nuestro centro, destacando como ventaja la mejora en la adquisici\u00f3n de conocimientos y destrezas t\u00e9cnicas actualizadas. Tambi\u00e9n se fomenta el desarrollo de competencias y habilidades interpersonales que favorecen la adaptaci\u00f3n de los estudiantes a los \u00e1mbitos profesionales en continuo cambio.<\/p>\n<p><strong>\u00bfQu\u00e9 diferencia a la Fp Dual?<\/strong><\/p>\n<p>Ante esta pregunta, la respuesta es muy sencilla: la forma en la que el alumnado aprende.<\/p>\n<p>Cada alumno\/a cuenta con dos tutores, uno en el centro educativo, que realizar\u00e1 un seguimiento personalizado de su aprendizaje, y otro en la empresa que se ocupar\u00e1 de que el alumno adquiera los conocimientos y capacitaciones necesarias para su incorporaci\u00f3n a mercado de trabajo.<\/p>\n<p>Realizar un Ciclo Formativo en esta modalidad, implica conseguir objetivos como:<\/p>\n<ul>\n<li>Mejorar la formaci\u00f3n de nuestro alumnado insert\u00e1ndolo en entornos reales de trabajo que favorezcan el desarrollo de las competencias profesionales, sociales y personales propias de su profesi\u00f3n.<\/li>\n<li>Incrementar la empleabilidad y, por tanto, la inserci\u00f3n laboral como trabajadores por cuenta ajena.<\/li>\n<li>Favorecer\u00e1 una mayor madurez y conocimiento del sector profesional de aquellos alumnos\/as que quieran, en un futuro, poner en marcha su propio negocio.<\/li>\n<li>Un mayor contacto con el entorno productivo que permita una mayor adaptaci\u00f3n a los cambios tecnol\u00f3gicos y socioecon\u00f3micos del mismo.<\/li>\n<\/ul>\n<p>Gracias al nuevo camino que se abre con la FP Dual, nuestro centro pretende proporcionar todos los mecanismos a nuestro alcance para\u00a0 que nuestro alumnado consiga insertarse en el mundo laboral.<\/p>\n<p>&nbsp;<\/p>\n<p>&nbsp;<\/p>\n<p>[\/et_pb_text][et_pb_gallery gallery_ids=\u00bb10239,12557,12555,12560,12563,12553,12556,12559,12561,12565,12554,12562,12564,12552&#8243; show_title_and_caption=\u00bboff\u00bb _builder_version=\u00bb4.2.2&#8243;][\/et_pb_gallery][\/et_pb_column][\/et_pb_row][\/et_pb_section]<\/p>\n","protected":false},"excerpt":{"rendered":"<p>Nuestros profesores de la familia de Administraci\u00f3n y Gesti\u00f3n nos cuentan en qu\u00e9 consiste la FP Dual que se puede estudiar tanto en el Grado Medio como en el Grado Superior. <\/p>\n","protected":false},"author":2,"featured_media":12548,"comment_status":"open","ping_status":"open","sticky":false,"template":"","format":"standard","meta":{"_et_pb_use_builder":"on","_et_pb_old_content":"","_et_gb_content_width":"","footnotes":""},"categories":[21,1],"tags":[],"class_list":["post-12547","post","type-post","status-publish","format-standard","has-post-thumbnail","hentry","category-fp","category-uncategorized"],"yoast_head":"<!-- This site is optimized with the Yoast SEO plugin v28.4 - https:\/\/yoast.com\/product\/yoast-seo-wordpress\/ -->\n<title>\u00bfConoces la FP Dual de la familia de Administraci\u00f3n y Gesti\u00f3n? - Colegio Salesiano<\/title>\n<meta name=\"robots\" content=\"index, follow, max-snippet:-1, max-image-preview:large, max-video-preview:-1\" \/>\n<link rel=\"canonical\" href=\"https:\/\/granada.salesianos.edu\/colegio\/blog\/conoces-la-fp-dual-de-la-familia-de-administracion-y-gestion\/\" \/>\n<meta property=\"og:locale\" content=\"es_ES\" \/>\n<meta property=\"og:type\" content=\"article\" \/>\n<meta property=\"og:title\" content=\"\u00bfConoces la FP Dual de la familia de Administraci\u00f3n y Gesti\u00f3n? - Colegio Salesiano\" \/>\n<meta property=\"og:description\" content=\"Nuestros profesores de la familia de Administraci\u00f3n y Gesti\u00f3n nos cuentan en qu\u00e9 consiste la FP Dual que se puede estudiar tanto en el Grado Medio como en el Grado Superior.\" \/>\n<meta property=\"og:url\" content=\"https:\/\/granada.salesianos.edu\/colegio\/blog\/conoces-la-fp-dual-de-la-familia-de-administracion-y-gestion\/\" \/>\n<meta property=\"og:site_name\" content=\"Colegio Salesiano\" \/>\n<meta property=\"article:publisher\" content=\"https:\/\/www.facebook.com\/SalesianosGR\/\" \/>\n<meta property=\"article:published_time\" content=\"2021-05-14T09:54:57+00:00\" \/>\n<meta property=\"article:modified_time\" content=\"2022-12-01T20:30:39+00:00\" \/>\n<meta property=\"og:image\" content=\"https:\/\/granada.salesianos.edu\/colegio\/wp-content\/uploads\/sites\/2\/2021\/05\/WhatsApp-Image-2021-05-12-at-13.07.51-1.jpeg\" \/>\n\t<meta property=\"og:image:width\" content=\"1024\" \/>\n\t<meta property=\"og:image:height\" content=\"768\" \/>\n\t<meta property=\"og:image:type\" content=\"image\/jpeg\" \/>\n<meta name=\"author\" content=\"Gestor Web\" \/>\n<meta name=\"twitter:card\" content=\"summary_large_image\" \/>\n<meta name=\"twitter:creator\" content=\"@GranadaSDB\" \/>\n<meta name=\"twitter:site\" content=\"@GranadaSDB\" \/>\n<meta name=\"twitter:label1\" content=\"Escrito por\" \/>\n\t<meta name=\"twitter:data1\" content=\"Gestor Web\" \/>\n\t<meta name=\"twitter:label2\" content=\"Tiempo de lectura\" \/>\n\t<meta name=\"twitter:data2\" content=\"2 minutos\" \/>\n<script type=\"application\/ld+json\" class=\"yoast-schema-graph\">{\"@context\":\"https:\\\/\\\/schema.org\",\"@graph\":[{\"@type\":\"Article\",\"@id\":\"https:\\\/\\\/granada.salesianos.edu\\\/colegio\\\/blog\\\/conoces-la-fp-dual-de-la-familia-de-administracion-y-gestion\\\/#article\",\"isPartOf\":{\"@id\":\"https:\\\/\\\/granada.salesianos.edu\\\/colegio\\\/blog\\\/conoces-la-fp-dual-de-la-familia-de-administracion-y-gestion\\\/\"},\"author\":{\"name\":\"Gestor Web\",\"@id\":\"https:\\\/\\\/granada.salesianos.edu\\\/colegio\\\/#\\\/schema\\\/person\\\/6392ff2e4bd1e66981d6eab734bbd962\"},\"headline\":\"\u00bfConoces la FP Dual de la familia de Administraci\u00f3n y Gesti\u00f3n?\",\"datePublished\":\"2021-05-14T09:54:57+00:00\",\"dateModified\":\"2022-12-01T20:30:39+00:00\",\"mainEntityOfPage\":{\"@id\":\"https:\\\/\\\/granada.salesianos.edu\\\/colegio\\\/blog\\\/conoces-la-fp-dual-de-la-familia-de-administracion-y-gestion\\\/\"},\"wordCount\":535,\"commentCount\":0,\"publisher\":{\"@id\":\"https:\\\/\\\/granada.salesianos.edu\\\/colegio\\\/#organization\"},\"image\":{\"@id\":\"https:\\\/\\\/granada.salesianos.edu\\\/colegio\\\/blog\\\/conoces-la-fp-dual-de-la-familia-de-administracion-y-gestion\\\/#primaryimage\"},\"thumbnailUrl\":\"https:\\\/\\\/granada.salesianos.edu\\\/colegio\\\/wp-content\\\/uploads\\\/sites\\\/2\\\/2021\\\/05\\\/WhatsApp-Image-2021-05-12-at-13.07.51-1.jpeg\",\"articleSection\":[\"FP\",\"Uncategorized\"],\"inLanguage\":\"es\",\"potentialAction\":[{\"@type\":\"CommentAction\",\"name\":\"Comment\",\"target\":[\"https:\\\/\\\/granada.salesianos.edu\\\/colegio\\\/blog\\\/conoces-la-fp-dual-de-la-familia-de-administracion-y-gestion\\\/#respond\"]}]},{\"@type\":\"WebPage\",\"@id\":\"https:\\\/\\\/granada.salesianos.edu\\\/colegio\\\/blog\\\/conoces-la-fp-dual-de-la-familia-de-administracion-y-gestion\\\/\",\"url\":\"https:\\\/\\\/granada.salesianos.edu\\\/colegio\\\/blog\\\/conoces-la-fp-dual-de-la-familia-de-administracion-y-gestion\\\/\",\"name\":\"\u00bfConoces la FP Dual de la familia de Administraci\u00f3n y Gesti\u00f3n? - Colegio Salesiano\",\"isPartOf\":{\"@id\":\"https:\\\/\\\/granada.salesianos.edu\\\/colegio\\\/#website\"},\"primaryImageOfPage\":{\"@id\":\"https:\\\/\\\/granada.salesianos.edu\\\/colegio\\\/blog\\\/conoces-la-fp-dual-de-la-familia-de-administracion-y-gestion\\\/#primaryimage\"},\"image\":{\"@id\":\"https:\\\/\\\/granada.salesianos.edu\\\/colegio\\\/blog\\\/conoces-la-fp-dual-de-la-familia-de-administracion-y-gestion\\\/#primaryimage\"},\"thumbnailUrl\":\"https:\\\/\\\/granada.salesianos.edu\\\/colegio\\\/wp-content\\\/uploads\\\/sites\\\/2\\\/2021\\\/05\\\/WhatsApp-Image-2021-05-12-at-13.07.51-1.jpeg\",\"datePublished\":\"2021-05-14T09:54:57+00:00\",\"dateModified\":\"2022-12-01T20:30:39+00:00\",\"breadcrumb\":{\"@id\":\"https:\\\/\\\/granada.salesianos.edu\\\/colegio\\\/blog\\\/conoces-la-fp-dual-de-la-familia-de-administracion-y-gestion\\\/#breadcrumb\"},\"inLanguage\":\"es\",\"potentialAction\":[{\"@type\":\"ReadAction\",\"target\":[\"https:\\\/\\\/granada.salesianos.edu\\\/colegio\\\/blog\\\/conoces-la-fp-dual-de-la-familia-de-administracion-y-gestion\\\/\"]}]},{\"@type\":\"ImageObject\",\"inLanguage\":\"es\",\"@id\":\"https:\\\/\\\/granada.salesianos.edu\\\/colegio\\\/blog\\\/conoces-la-fp-dual-de-la-familia-de-administracion-y-gestion\\\/#primaryimage\",\"url\":\"https:\\\/\\\/granada.salesianos.edu\\\/colegio\\\/wp-content\\\/uploads\\\/sites\\\/2\\\/2021\\\/05\\\/WhatsApp-Image-2021-05-12-at-13.07.51-1.jpeg\",\"contentUrl\":\"https:\\\/\\\/granada.salesianos.edu\\\/colegio\\\/wp-content\\\/uploads\\\/sites\\\/2\\\/2021\\\/05\\\/WhatsApp-Image-2021-05-12-at-13.07.51-1.jpeg\",\"width\":1024,\"height\":768},{\"@type\":\"BreadcrumbList\",\"@id\":\"https:\\\/\\\/granada.salesianos.edu\\\/colegio\\\/blog\\\/conoces-la-fp-dual-de-la-familia-de-administracion-y-gestion\\\/#breadcrumb\",\"itemListElement\":[{\"@type\":\"ListItem\",\"position\":1,\"name\":\"Portada\",\"item\":\"https:\\\/\\\/granada.salesianos.edu\\\/colegio\\\/\"},{\"@type\":\"ListItem\",\"position\":2,\"name\":\"\u00bfConoces la FP Dual de la familia de Administraci\u00f3n y Gesti\u00f3n?\"}]},{\"@type\":\"WebSite\",\"@id\":\"https:\\\/\\\/granada.salesianos.edu\\\/colegio\\\/#website\",\"url\":\"https:\\\/\\\/granada.salesianos.edu\\\/colegio\\\/\",\"name\":\"Colegio Salesiano\",\"description\":\"P\u00e1gina oficial de Salesianos Granada San Juan Bosco\",\"publisher\":{\"@id\":\"https:\\\/\\\/granada.salesianos.edu\\\/colegio\\\/#organization\"},\"potentialAction\":[{\"@type\":\"SearchAction\",\"target\":{\"@type\":\"EntryPoint\",\"urlTemplate\":\"https:\\\/\\\/granada.salesianos.edu\\\/colegio\\\/?s={search_term_string}\"},\"query-input\":{\"@type\":\"PropertyValueSpecification\",\"valueRequired\":true,\"valueName\":\"search_term_string\"}}],\"inLanguage\":\"es\"},{\"@type\":\"Organization\",\"@id\":\"https:\\\/\\\/granada.salesianos.edu\\\/colegio\\\/#organization\",\"name\":\"Colegio Salesiano San Juan Bosco Granada\",\"url\":\"https:\\\/\\\/granada.salesianos.edu\\\/colegio\\\/\",\"logo\":{\"@type\":\"ImageObject\",\"inLanguage\":\"es\",\"@id\":\"https:\\\/\\\/granada.salesianos.edu\\\/colegio\\\/#\\\/schema\\\/logo\\\/image\\\/\",\"url\":\"https:\\\/\\\/granada.salesianos.edu\\\/colegio\\\/wp-content\\\/uploads\\\/sites\\\/2\\\/2021\\\/01\\\/GRANADAobraVN2.jpg\",\"contentUrl\":\"https:\\\/\\\/granada.salesianos.edu\\\/colegio\\\/wp-content\\\/uploads\\\/sites\\\/2\\\/2021\\\/01\\\/GRANADAobraVN2.jpg\",\"width\":2113,\"height\":1894,\"caption\":\"Colegio Salesiano San Juan Bosco Granada\"},\"image\":{\"@id\":\"https:\\\/\\\/granada.salesianos.edu\\\/colegio\\\/#\\\/schema\\\/logo\\\/image\\\/\"},\"sameAs\":[\"https:\\\/\\\/www.facebook.com\\\/SalesianosGR\\\/\",\"https:\\\/\\\/x.com\\\/GranadaSDB\",\"https:\\\/\\\/www.instagram.com\\\/salesianosgranada\\\/\",\"https:\\\/\\\/www.youtube.com\\\/channel\\\/UChkpZuhCf4Y5rYIcFT3CNxw?view_as=subscriber\"]},{\"@type\":\"Person\",\"@id\":\"https:\\\/\\\/granada.salesianos.edu\\\/colegio\\\/#\\\/schema\\\/person\\\/6392ff2e4bd1e66981d6eab734bbd962\",\"name\":\"Gestor Web\",\"image\":{\"@type\":\"ImageObject\",\"inLanguage\":\"es\",\"@id\":\"https:\\\/\\\/secure.gravatar.com\\\/avatar\\\/160666bb56a01520857079961a824af2b7821d6bad80677c80f2b473fceead1b?s=96&d=mm&r=g\",\"url\":\"https:\\\/\\\/secure.gravatar.com\\\/avatar\\\/160666bb56a01520857079961a824af2b7821d6bad80677c80f2b473fceead1b?s=96&d=mm&r=g\",\"contentUrl\":\"https:\\\/\\\/secure.gravatar.com\\\/avatar\\\/160666bb56a01520857079961a824af2b7821d6bad80677c80f2b473fceead1b?s=96&d=mm&r=g\",\"caption\":\"Gestor Web\"}}]}<\/script>\n<!-- \/ Yoast SEO plugin. -->","yoast_head_json":{"title":"\u00bfConoces la FP Dual de la familia de Administraci\u00f3n y Gesti\u00f3n? - Colegio Salesiano","robots":{"index":"index","follow":"follow","max-snippet":"max-snippet:-1","max-image-preview":"max-image-preview:large","max-video-preview":"max-video-preview:-1"},"canonical":"https:\/\/granada.salesianos.edu\/colegio\/blog\/conoces-la-fp-dual-de-la-familia-de-administracion-y-gestion\/","og_locale":"es_ES","og_type":"article","og_title":"\u00bfConoces la FP Dual de la familia de Administraci\u00f3n y Gesti\u00f3n? - Colegio Salesiano","og_description":"Nuestros profesores de la familia de Administraci\u00f3n y Gesti\u00f3n nos cuentan en qu\u00e9 consiste la FP Dual que se puede estudiar tanto en el Grado Medio como en el Grado Superior.","og_url":"https:\/\/granada.salesianos.edu\/colegio\/blog\/conoces-la-fp-dual-de-la-familia-de-administracion-y-gestion\/","og_site_name":"Colegio Salesiano","article_publisher":"https:\/\/www.facebook.com\/SalesianosGR\/","article_published_time":"2021-05-14T09:54:57+00:00","article_modified_time":"2022-12-01T20:30:39+00:00","og_image":[{"width":1024,"height":768,"url":"https:\/\/granada.salesianos.edu\/colegio\/wp-content\/uploads\/sites\/2\/2021\/05\/WhatsApp-Image-2021-05-12-at-13.07.51-1.jpeg","type":"image\/jpeg"}],"author":"Gestor Web","twitter_card":"summary_large_image","twitter_creator":"@GranadaSDB","twitter_site":"@GranadaSDB","twitter_misc":{"Escrito por":"Gestor Web","Tiempo de lectura":"2 minutos"},"schema":{"@context":"https:\/\/schema.org","@graph":[{"@type":"Article","@id":"https:\/\/granada.salesianos.edu\/colegio\/blog\/conoces-la-fp-dual-de-la-familia-de-administracion-y-gestion\/#article","isPartOf":{"@id":"https:\/\/granada.salesianos.edu\/colegio\/blog\/conoces-la-fp-dual-de-la-familia-de-administracion-y-gestion\/"},"author":{"name":"Gestor Web","@id":"https:\/\/granada.salesianos.edu\/colegio\/#\/schema\/person\/6392ff2e4bd1e66981d6eab734bbd962"},"headline":"\u00bfConoces la FP Dual de la familia de Administraci\u00f3n y Gesti\u00f3n?","datePublished":"2021-05-14T09:54:57+00:00","dateModified":"2022-12-01T20:30:39+00:00","mainEntityOfPage":{"@id":"https:\/\/granada.salesianos.edu\/colegio\/blog\/conoces-la-fp-dual-de-la-familia-de-administracion-y-gestion\/"},"wordCount":535,"commentCount":0,"publisher":{"@id":"https:\/\/granada.salesianos.edu\/colegio\/#organization"},"image":{"@id":"https:\/\/granada.salesianos.edu\/colegio\/blog\/conoces-la-fp-dual-de-la-familia-de-administracion-y-gestion\/#primaryimage"},"thumbnailUrl":"https:\/\/granada.salesianos.edu\/colegio\/wp-content\/uploads\/sites\/2\/2021\/05\/WhatsApp-Image-2021-05-12-at-13.07.51-1.jpeg","articleSection":["FP","Uncategorized"],"inLanguage":"es","potentialAction":[{"@type":"CommentAction","name":"Comment","target":["https:\/\/granada.salesianos.edu\/colegio\/blog\/conoces-la-fp-dual-de-la-familia-de-administracion-y-gestion\/#respond"]}]},{"@type":"WebPage","@id":"https:\/\/granada.salesianos.edu\/colegio\/blog\/conoces-la-fp-dual-de-la-familia-de-administracion-y-gestion\/","url":"https:\/\/granada.salesianos.edu\/colegio\/blog\/conoces-la-fp-dual-de-la-familia-de-administracion-y-gestion\/","name":"\u00bfConoces la FP Dual de la familia de Administraci\u00f3n y Gesti\u00f3n? - Colegio Salesiano","isPartOf":{"@id":"https:\/\/granada.salesianos.edu\/colegio\/#website"},"primaryImageOfPage":{"@id":"https:\/\/granada.salesianos.edu\/colegio\/blog\/conoces-la-fp-dual-de-la-familia-de-administracion-y-gestion\/#primaryimage"},"image":{"@id":"https:\/\/granada.salesianos.edu\/colegio\/blog\/conoces-la-fp-dual-de-la-familia-de-administracion-y-gestion\/#primaryimage"},"thumbnailUrl":"https:\/\/granada.salesianos.edu\/colegio\/wp-content\/uploads\/sites\/2\/2021\/05\/WhatsApp-Image-2021-05-12-at-13.07.51-1.jpeg","datePublished":"2021-05-14T09:54:57+00:00","dateModified":"2022-12-01T20:30:39+00:00","breadcrumb":{"@id":"https:\/\/granada.salesianos.edu\/colegio\/blog\/conoces-la-fp-dual-de-la-familia-de-administracion-y-gestion\/#breadcrumb"},"inLanguage":"es","potentialAction":[{"@type":"ReadAction","target":["https:\/\/granada.salesianos.edu\/colegio\/blog\/conoces-la-fp-dual-de-la-familia-de-administracion-y-gestion\/"]}]},{"@type":"ImageObject","inLanguage":"es","@id":"https:\/\/granada.salesianos.edu\/colegio\/blog\/conoces-la-fp-dual-de-la-familia-de-administracion-y-gestion\/#primaryimage","url":"https:\/\/granada.salesianos.edu\/colegio\/wp-content\/uploads\/sites\/2\/2021\/05\/WhatsApp-Image-2021-05-12-at-13.07.51-1.jpeg","contentUrl":"https:\/\/granada.salesianos.edu\/colegio\/wp-content\/uploads\/sites\/2\/2021\/05\/WhatsApp-Image-2021-05-12-at-13.07.51-1.jpeg","width":1024,"height":768},{"@type":"BreadcrumbList","@id":"https:\/\/granada.salesianos.edu\/colegio\/blog\/conoces-la-fp-dual-de-la-familia-de-administracion-y-gestion\/#breadcrumb","itemListElement":[{"@type":"ListItem","position":1,"name":"Portada","item":"https:\/\/granada.salesianos.edu\/colegio\/"},{"@type":"ListItem","position":2,"name":"\u00bfConoces la FP Dual de la familia de Administraci\u00f3n y Gesti\u00f3n?"}]},{"@type":"WebSite","@id":"https:\/\/granada.salesianos.edu\/colegio\/#website","url":"https:\/\/granada.salesianos.edu\/colegio\/","name":"Colegio Salesiano","description":"P\u00e1gina oficial de Salesianos Granada San Juan Bosco","publisher":{"@id":"https:\/\/granada.salesianos.edu\/colegio\/#organization"},"potentialAction":[{"@type":"SearchAction","target":{"@type":"EntryPoint","urlTemplate":"https:\/\/granada.salesianos.edu\/colegio\/?s={search_term_string}"},"query-input":{"@type":"PropertyValueSpecification","valueRequired":true,"valueName":"search_term_string"}}],"inLanguage":"es"},{"@type":"Organization","@id":"https:\/\/granada.salesianos.edu\/colegio\/#organization","name":"Colegio Salesiano San Juan Bosco Granada","url":"https:\/\/granada.salesianos.edu\/colegio\/","logo":{"@type":"ImageObject","inLanguage":"es","@id":"https:\/\/granada.salesianos.edu\/colegio\/#\/schema\/logo\/image\/","url":"https:\/\/granada.salesianos.edu\/colegio\/wp-content\/uploads\/sites\/2\/2021\/01\/GRANADAobraVN2.jpg","contentUrl":"https:\/\/granada.salesianos.edu\/colegio\/wp-content\/uploads\/sites\/2\/2021\/01\/GRANADAobraVN2.jpg","width":2113,"height":1894,"caption":"Colegio Salesiano San Juan Bosco Granada"},"image":{"@id":"https:\/\/granada.salesianos.edu\/colegio\/#\/schema\/logo\/image\/"},"sameAs":["https:\/\/www.facebook.com\/SalesianosGR\/","https:\/\/x.com\/GranadaSDB","https:\/\/www.instagram.com\/salesianosgranada\/","https:\/\/www.youtube.com\/channel\/UChkpZuhCf4Y5rYIcFT3CNxw?view_as=subscriber"]},{"@type":"Person","@id":"https:\/\/granada.salesianos.edu\/colegio\/#\/schema\/person\/6392ff2e4bd1e66981d6eab734bbd962","name":"Gestor Web","image":{"@type":"ImageObject","inLanguage":"es","@id":"https:\/\/secure.gravatar.com\/avatar\/160666bb56a01520857079961a824af2b7821d6bad80677c80f2b473fceead1b?s=96&d=mm&r=g","url":"https:\/\/secure.gravatar.com\/avatar\/160666bb56a01520857079961a824af2b7821d6bad80677c80f2b473fceead1b?s=96&d=mm&r=g","contentUrl":"https:\/\/secure.gravatar.com\/avatar\/160666bb56a01520857079961a824af2b7821d6bad80677c80f2b473fceead1b?s=96&d=mm&r=g","caption":"Gestor Web"}}]}},"_links":{"self":[{"href":"https:\/\/granada.salesianos.edu\/colegio\/wp-json\/wp\/v2\/posts\/12547","targetHints":{"allow":["GET"]}}],"collection":[{"href":"https:\/\/granada.salesianos.edu\/colegio\/wp-json\/wp\/v2\/posts"}],"about":[{"href":"https:\/\/granada.salesianos.edu\/colegio\/wp-json\/wp\/v2\/types\/post"}],"author":[{"embeddable":true,"href":"https:\/\/granada.salesianos.edu\/colegio\/wp-json\/wp\/v2\/users\/2"}],"replies":[{"embeddable":true,"href":"https:\/\/granada.salesianos.edu\/colegio\/wp-json\/wp\/v2\/comments?post=12547"}],"version-history":[{"count":4,"href":"https:\/\/granada.salesianos.edu\/colegio\/wp-json\/wp\/v2\/posts\/12547\/revisions"}],"predecessor-version":[{"id":12568,"href":"https:\/\/granada.salesianos.edu\/colegio\/wp-json\/wp\/v2\/posts\/12547\/revisions\/12568"}],"wp:featuredmedia":[{"embeddable":true,"href":"https:\/\/granada.salesianos.edu\/colegio\/wp-json\/wp\/v2\/media\/12548"}],"wp:attachment":[{"href":"https:\/\/granada.salesianos.edu\/colegio\/wp-json\/wp\/v2\/media?parent=12547"}],"wp:term":[{"taxonomy":"category","embeddable":true,"href":"https:\/\/granada.salesianos.edu\/colegio\/wp-json\/wp\/v2\/categories?post=12547"},{"taxonomy":"post_tag","embeddable":true,"href":"https:\/\/granada.salesianos.edu\/colegio\/wp-json\/wp\/v2\/tags?post=12547"}],"curies":[{"name":"wp","href":"https:\/\/api.w.org\/{rel}","templated":true}]}}