{"id":12662,"date":"2021-05-21T00:28:58","date_gmt":"2021-05-20T22:28:58","guid":{"rendered":"https:\/\/granada.salesianos.edu\/colegio\/blog\/dual-en-la-familia-de-electricicdad-y-electronica\/"},"modified":"2021-05-21T09:55:28","modified_gmt":"2021-05-21T07:55:28","slug":"dual-en-la-familia-de-electricicdad-y-electronica","status":"publish","type":"post","link":"https:\/\/granada.salesianos.edu\/colegio\/blog\/dual-en-la-familia-de-electricicdad-y-electronica\/","title":{"rendered":"DUAL EN LA FAMILIA DE ELECTRICIDAD Y ELECTR\u00d3NICA"},"content":{"rendered":"<div id=\"fb-root\"><\/div>\n<p>[et_pb_section fb_built=\u00bb1&#8243; admin_label=\u00bbsection\u00bb _builder_version=\u00bb3.22&#8243;][et_pb_row admin_label=\u00bbrow\u00bb _builder_version=\u00bb3.25&#8243; background_size=\u00bbinitial\u00bb background_position=\u00bbtop_left\u00bb background_repeat=\u00bbrepeat\u00bb][et_pb_column type=\u00bb4_4&#8243; _builder_version=\u00bb3.25&#8243; custom_padding=\u00bb|||\u00bb custom_padding__hover=\u00bb|||\u00bb][et_pb_text admin_label=\u00bbEntradilla (Texto)\u00bb _builder_version=\u00bb4.2.2&#8243; text_font=\u00bb|on|||\u00bb text_orientation=\u00bbjustified\u00bb]<\/p>\n<h3><strong><span style=\"color: #ff0000;\">LAS VENTAJAS DE LA FP DUAL EN LA FAMILIA DE ELECTRICICDAD Y ELECTR\u00d3NICA<\/span><\/strong><\/h3>\n<p>[\/et_pb_text][et_pb_text admin_label=\u00bbAutor (Texto)\u00bb _builder_version=\u00bb4.2.2&#8243; text_font=\u00bb||on||\u00bb]<\/p>\n<p>Por: Gestor Web.<\/p>\n<p>[\/et_pb_text][et_pb_text admin_label=\u00bbDesarrollo (Texto)\u00bb _builder_version=\u00bb4.2.2&#8243; text_orientation=\u00bbjustified\u00bb]<\/p>\n<p>Al igual que en la <strong>Familia de Administraci\u00f3n y Gesti\u00f3n<\/strong>, la <strong><span style=\"color: #ff0000;\">Formaci\u00f3n Profesional Dual<\/span><\/strong> est\u00e1 presente en el <strong>Ciclo Formativo de Grado Medio de Instalaciones El\u00e9ctricas y Autom\u00e1ticas<\/strong>, de la familia de <strong><span style=\"color: #ff0000;\">Electricidad y Electr\u00f3nica<\/span><\/strong>.<\/p>\n<p>Como os cont\u00e1bamos la semana pasada, la FP Dual es un modelo educativo innovador de la Formaci\u00f3n Profesional, donde se alterna la formaci\u00f3n en el centro educativo con empresas del sector.<\/p>\n<p>El primer proyecto de Electricidad y Electr\u00f3nica se inicia en el curso 2015\/16 y cada a\u00f1o se va realizando un nuevo proyecto. El \u00e9xito es tal, que el pr\u00f3ximo a\u00f1o se pondr\u00e1 en marcha de nuevo.<\/p>\n<p>La ventaja m\u00e1s destacable de esta modalidad es la alternancia entre centro educativo y empresa. Gracias a esto, se contribuye a adquirir, de forma exitosa, las cualificaciones profesionales asociadas al t\u00edtulo de <strong>T\u00e9cnico en Instalaciones El\u00e9ctricas y Autom\u00e1ticas<\/strong>. Tambi\u00e9n se destaca que se fomenta el desarrollo de las competencias profesionales, personales y sociales que favorecen la adaptaci\u00f3n de los estudiantes a los \u00e1mbitos profesionales en continuo cambio.<\/p>\n<p>Pero \u00bfqu\u00e9 diferencia existe con respecto a la formaci\u00f3n convencional? La respuesta es muy sencilla: la forma en la que el alumnado aprende.<\/p>\n<p>Cada alumno\/a cuenta con dos tutores, uno en el centro educativo, que realizar\u00e1 un seguimiento personalizado de su aprendizaje, y, otro, en la empresa que se ocupar\u00e1 de asesorar y formar al alumnado en el \u00e1mbito laboral.<\/p>\n<p>Realizar un <strong>Ciclo Formativo<\/strong> en esta modalidad, implica conseguir objetivos como:<\/p>\n<ul>\n<li>Mejorar la formaci\u00f3n de nuestro alumnado insert\u00e1ndolo en entornos reales de trabajo que favorezcan el desarrollo de las competencias profesionales, sociales y personales propias de su profesi\u00f3n.<\/li>\n<li>Incrementar la empleabilidad y, por tanto, la inserci\u00f3n laboral como trabajadores por cuenta ajena.<\/li>\n<li>Favorecer\u00e1 una mayor madurez y conocimiento del sector profesional de aquel alumnado que quiera, en un futuro, poner en marcha su propio negocio.<\/li>\n<li>Un mayor contacto con el entorno productivo que permita una mayor adaptaci\u00f3n a los cambios tecnol\u00f3gicos y socioecon\u00f3micos del mismo.<\/li>\n<\/ul>\n<p>En la actualidad, las empresas que colaboran con nuestro proyecto FP Dual son:<\/p>\n<p>[\/et_pb_text][et_pb_gallery gallery_ids=\u00bb10303,12663&#8243; fullwidth=\u00bbon\u00bb hover_icon=\u00bb%%51%%\u00bb disabled_on=\u00bboff|off|off\u00bb _builder_version=\u00bb4.2.2&#8243; border_style=\u00bbsolid\u00bb][\/et_pb_gallery][et_pb_text _builder_version=\u00bb4.2.2&#8243;]<\/p>\n<p>Gracias al nuevo camino que se abre con la FP Dual, nuestro centro pretende proporcionar todos los mecanismos a nuestro alcance para\u00a0que nuestro alumnado consiga insertarse en el mundo laboral.<\/p>\n<p>[\/et_pb_text][et_pb_gallery gallery_ids=\u00bb10304,10305,10306,10307,10308,10309,10310,10311,10312,10313,10314,10315,10316,12665,12666,12667,12668,12669,12670,12671,12672,12673,12674,12675,12676,12677&#8243; _builder_version=\u00bb4.2.2&#8243; hover_enabled=\u00bb0&#8243; show_title_and_caption=\u00bboff\u00bb][\/et_pb_gallery][\/et_pb_column][\/et_pb_row][\/et_pb_section]<\/p>\n","protected":false},"excerpt":{"rendered":"<p>Nuestros profesores de la familia de Electricidad y Electr\u00f3nica nos cuentan todos los detalles de esta modalidad del Ciclo Formativo de Grado Medio de Instalaciones El\u00e9ctricas y Autom\u00e1ticas<\/p>\n","protected":false},"author":2,"featured_media":12663,"comment_status":"open","ping_status":"open","sticky":false,"template":"","format":"standard","meta":{"_et_pb_use_builder":"on","_et_pb_old_content":"","_et_gb_content_width":"","footnotes":""},"categories":[21,1],"tags":[],"class_list":["post-12662","post","type-post","status-publish","format-standard","has-post-thumbnail","hentry","category-fp","category-uncategorized"],"yoast_head":"<!-- This site is optimized with the Yoast SEO plugin v28.4 - https:\/\/yoast.com\/product\/yoast-seo-wordpress\/ -->\n<title>DUAL EN LA FAMILIA DE ELECTRICIDAD Y ELECTR\u00d3NICA - Colegio Salesiano<\/title>\n<meta name=\"robots\" content=\"index, follow, max-snippet:-1, max-image-preview:large, max-video-preview:-1\" \/>\n<link rel=\"canonical\" href=\"https:\/\/granada.salesianos.edu\/colegio\/blog\/dual-en-la-familia-de-electricicdad-y-electronica\/\" \/>\n<meta property=\"og:locale\" content=\"es_ES\" \/>\n<meta property=\"og:type\" content=\"article\" \/>\n<meta property=\"og:title\" content=\"DUAL EN LA FAMILIA DE ELECTRICIDAD Y ELECTR\u00d3NICA - Colegio Salesiano\" \/>\n<meta property=\"og:description\" content=\"Nuestros profesores de la familia de Electricidad y Electr\u00f3nica nos cuentan todos los detalles de esta modalidad del Ciclo Formativo de Grado Medio de Instalaciones El\u00e9ctricas y Autom\u00e1ticas\" \/>\n<meta property=\"og:url\" content=\"https:\/\/granada.salesianos.edu\/colegio\/blog\/dual-en-la-familia-de-electricicdad-y-electronica\/\" \/>\n<meta property=\"og:site_name\" content=\"Colegio Salesiano\" \/>\n<meta property=\"article:publisher\" content=\"https:\/\/www.facebook.com\/SalesianosGR\/\" \/>\n<meta property=\"article:published_time\" content=\"2021-05-20T22:28:58+00:00\" \/>\n<meta property=\"article:modified_time\" content=\"2021-05-21T07:55:28+00:00\" \/>\n<meta property=\"og:image\" content=\"https:\/\/granada.salesianos.edu\/colegio\/wp-content\/uploads\/sites\/2\/2021\/05\/logos.jpeg\" \/>\n\t<meta property=\"og:image:width\" content=\"780\" \/>\n\t<meta property=\"og:image:height\" content=\"601\" \/>\n\t<meta property=\"og:image:type\" content=\"image\/jpeg\" \/>\n<meta name=\"author\" content=\"Gestor Web\" \/>\n<meta name=\"twitter:card\" content=\"summary_large_image\" \/>\n<meta name=\"twitter:creator\" content=\"@GranadaSDB\" \/>\n<meta name=\"twitter:site\" content=\"@GranadaSDB\" \/>\n<meta name=\"twitter:label1\" content=\"Escrito por\" \/>\n\t<meta name=\"twitter:data1\" content=\"Gestor Web\" \/>\n\t<meta name=\"twitter:label2\" content=\"Tiempo de lectura\" \/>\n\t<meta name=\"twitter:data2\" content=\"2 minutos\" \/>\n<script type=\"application\/ld+json\" class=\"yoast-schema-graph\">{\"@context\":\"https:\\\/\\\/schema.org\",\"@graph\":[{\"@type\":\"Article\",\"@id\":\"https:\\\/\\\/granada.salesianos.edu\\\/colegio\\\/blog\\\/dual-en-la-familia-de-electricicdad-y-electronica\\\/#article\",\"isPartOf\":{\"@id\":\"https:\\\/\\\/granada.salesianos.edu\\\/colegio\\\/blog\\\/dual-en-la-familia-de-electricicdad-y-electronica\\\/\"},\"author\":{\"name\":\"Gestor Web\",\"@id\":\"https:\\\/\\\/granada.salesianos.edu\\\/colegio\\\/#\\\/schema\\\/person\\\/6392ff2e4bd1e66981d6eab734bbd962\"},\"headline\":\"DUAL EN LA FAMILIA DE ELECTRICIDAD Y ELECTR\u00d3NICA\",\"datePublished\":\"2021-05-20T22:28:58+00:00\",\"dateModified\":\"2021-05-21T07:55:28+00:00\",\"mainEntityOfPage\":{\"@id\":\"https:\\\/\\\/granada.salesianos.edu\\\/colegio\\\/blog\\\/dual-en-la-familia-de-electricicdad-y-electronica\\\/\"},\"wordCount\":565,\"commentCount\":0,\"publisher\":{\"@id\":\"https:\\\/\\\/granada.salesianos.edu\\\/colegio\\\/#organization\"},\"image\":{\"@id\":\"https:\\\/\\\/granada.salesianos.edu\\\/colegio\\\/blog\\\/dual-en-la-familia-de-electricicdad-y-electronica\\\/#primaryimage\"},\"thumbnailUrl\":\"https:\\\/\\\/granada.salesianos.edu\\\/colegio\\\/wp-content\\\/uploads\\\/sites\\\/2\\\/2021\\\/05\\\/logos.jpeg\",\"articleSection\":[\"FP\",\"Uncategorized\"],\"inLanguage\":\"es\",\"potentialAction\":[{\"@type\":\"CommentAction\",\"name\":\"Comment\",\"target\":[\"https:\\\/\\\/granada.salesianos.edu\\\/colegio\\\/blog\\\/dual-en-la-familia-de-electricicdad-y-electronica\\\/#respond\"]}]},{\"@type\":\"WebPage\",\"@id\":\"https:\\\/\\\/granada.salesianos.edu\\\/colegio\\\/blog\\\/dual-en-la-familia-de-electricicdad-y-electronica\\\/\",\"url\":\"https:\\\/\\\/granada.salesianos.edu\\\/colegio\\\/blog\\\/dual-en-la-familia-de-electricicdad-y-electronica\\\/\",\"name\":\"DUAL EN LA FAMILIA DE ELECTRICIDAD Y ELECTR\u00d3NICA - Colegio Salesiano\",\"isPartOf\":{\"@id\":\"https:\\\/\\\/granada.salesianos.edu\\\/colegio\\\/#website\"},\"primaryImageOfPage\":{\"@id\":\"https:\\\/\\\/granada.salesianos.edu\\\/colegio\\\/blog\\\/dual-en-la-familia-de-electricicdad-y-electronica\\\/#primaryimage\"},\"image\":{\"@id\":\"https:\\\/\\\/granada.salesianos.edu\\\/colegio\\\/blog\\\/dual-en-la-familia-de-electricicdad-y-electronica\\\/#primaryimage\"},\"thumbnailUrl\":\"https:\\\/\\\/granada.salesianos.edu\\\/colegio\\\/wp-content\\\/uploads\\\/sites\\\/2\\\/2021\\\/05\\\/logos.jpeg\",\"datePublished\":\"2021-05-20T22:28:58+00:00\",\"dateModified\":\"2021-05-21T07:55:28+00:00\",\"breadcrumb\":{\"@id\":\"https:\\\/\\\/granada.salesianos.edu\\\/colegio\\\/blog\\\/dual-en-la-familia-de-electricicdad-y-electronica\\\/#breadcrumb\"},\"inLanguage\":\"es\",\"potentialAction\":[{\"@type\":\"ReadAction\",\"target\":[\"https:\\\/\\\/granada.salesianos.edu\\\/colegio\\\/blog\\\/dual-en-la-familia-de-electricicdad-y-electronica\\\/\"]}]},{\"@type\":\"ImageObject\",\"inLanguage\":\"es\",\"@id\":\"https:\\\/\\\/granada.salesianos.edu\\\/colegio\\\/blog\\\/dual-en-la-familia-de-electricicdad-y-electronica\\\/#primaryimage\",\"url\":\"https:\\\/\\\/granada.salesianos.edu\\\/colegio\\\/wp-content\\\/uploads\\\/sites\\\/2\\\/2021\\\/05\\\/logos.jpeg\",\"contentUrl\":\"https:\\\/\\\/granada.salesianos.edu\\\/colegio\\\/wp-content\\\/uploads\\\/sites\\\/2\\\/2021\\\/05\\\/logos.jpeg\",\"width\":780,\"height\":601},{\"@type\":\"BreadcrumbList\",\"@id\":\"https:\\\/\\\/granada.salesianos.edu\\\/colegio\\\/blog\\\/dual-en-la-familia-de-electricicdad-y-electronica\\\/#breadcrumb\",\"itemListElement\":[{\"@type\":\"ListItem\",\"position\":1,\"name\":\"Portada\",\"item\":\"https:\\\/\\\/granada.salesianos.edu\\\/colegio\\\/\"},{\"@type\":\"ListItem\",\"position\":2,\"name\":\"DUAL EN LA FAMILIA DE ELECTRICIDAD Y ELECTR\u00d3NICA\"}]},{\"@type\":\"WebSite\",\"@id\":\"https:\\\/\\\/granada.salesianos.edu\\\/colegio\\\/#website\",\"url\":\"https:\\\/\\\/granada.salesianos.edu\\\/colegio\\\/\",\"name\":\"Colegio Salesiano\",\"description\":\"P\u00e1gina oficial de Salesianos Granada San Juan Bosco\",\"publisher\":{\"@id\":\"https:\\\/\\\/granada.salesianos.edu\\\/colegio\\\/#organization\"},\"potentialAction\":[{\"@type\":\"SearchAction\",\"target\":{\"@type\":\"EntryPoint\",\"urlTemplate\":\"https:\\\/\\\/granada.salesianos.edu\\\/colegio\\\/?s={search_term_string}\"},\"query-input\":{\"@type\":\"PropertyValueSpecification\",\"valueRequired\":true,\"valueName\":\"search_term_string\"}}],\"inLanguage\":\"es\"},{\"@type\":\"Organization\",\"@id\":\"https:\\\/\\\/granada.salesianos.edu\\\/colegio\\\/#organization\",\"name\":\"Colegio Salesiano San Juan Bosco Granada\",\"url\":\"https:\\\/\\\/granada.salesianos.edu\\\/colegio\\\/\",\"logo\":{\"@type\":\"ImageObject\",\"inLanguage\":\"es\",\"@id\":\"https:\\\/\\\/granada.salesianos.edu\\\/colegio\\\/#\\\/schema\\\/logo\\\/image\\\/\",\"url\":\"https:\\\/\\\/granada.salesianos.edu\\\/colegio\\\/wp-content\\\/uploads\\\/sites\\\/2\\\/2021\\\/01\\\/GRANADAobraVN2.jpg\",\"contentUrl\":\"https:\\\/\\\/granada.salesianos.edu\\\/colegio\\\/wp-content\\\/uploads\\\/sites\\\/2\\\/2021\\\/01\\\/GRANADAobraVN2.jpg\",\"width\":2113,\"height\":1894,\"caption\":\"Colegio Salesiano San Juan Bosco Granada\"},\"image\":{\"@id\":\"https:\\\/\\\/granada.salesianos.edu\\\/colegio\\\/#\\\/schema\\\/logo\\\/image\\\/\"},\"sameAs\":[\"https:\\\/\\\/www.facebook.com\\\/SalesianosGR\\\/\",\"https:\\\/\\\/x.com\\\/GranadaSDB\",\"https:\\\/\\\/www.instagram.com\\\/salesianosgranada\\\/\",\"https:\\\/\\\/www.youtube.com\\\/channel\\\/UChkpZuhCf4Y5rYIcFT3CNxw?view_as=subscriber\"]},{\"@type\":\"Person\",\"@id\":\"https:\\\/\\\/granada.salesianos.edu\\\/colegio\\\/#\\\/schema\\\/person\\\/6392ff2e4bd1e66981d6eab734bbd962\",\"name\":\"Gestor Web\",\"image\":{\"@type\":\"ImageObject\",\"inLanguage\":\"es\",\"@id\":\"https:\\\/\\\/secure.gravatar.com\\\/avatar\\\/160666bb56a01520857079961a824af2b7821d6bad80677c80f2b473fceead1b?s=96&d=mm&r=g\",\"url\":\"https:\\\/\\\/secure.gravatar.com\\\/avatar\\\/160666bb56a01520857079961a824af2b7821d6bad80677c80f2b473fceead1b?s=96&d=mm&r=g\",\"contentUrl\":\"https:\\\/\\\/secure.gravatar.com\\\/avatar\\\/160666bb56a01520857079961a824af2b7821d6bad80677c80f2b473fceead1b?s=96&d=mm&r=g\",\"caption\":\"Gestor Web\"}}]}<\/script>\n<!-- \/ Yoast SEO plugin. -->","yoast_head_json":{"title":"DUAL EN LA FAMILIA DE ELECTRICIDAD Y ELECTR\u00d3NICA - Colegio Salesiano","robots":{"index":"index","follow":"follow","max-snippet":"max-snippet:-1","max-image-preview":"max-image-preview:large","max-video-preview":"max-video-preview:-1"},"canonical":"https:\/\/granada.salesianos.edu\/colegio\/blog\/dual-en-la-familia-de-electricicdad-y-electronica\/","og_locale":"es_ES","og_type":"article","og_title":"DUAL EN LA FAMILIA DE ELECTRICIDAD Y ELECTR\u00d3NICA - Colegio Salesiano","og_description":"Nuestros profesores de la familia de Electricidad y Electr\u00f3nica nos cuentan todos los detalles de esta modalidad del Ciclo Formativo de Grado Medio de Instalaciones El\u00e9ctricas y Autom\u00e1ticas","og_url":"https:\/\/granada.salesianos.edu\/colegio\/blog\/dual-en-la-familia-de-electricicdad-y-electronica\/","og_site_name":"Colegio Salesiano","article_publisher":"https:\/\/www.facebook.com\/SalesianosGR\/","article_published_time":"2021-05-20T22:28:58+00:00","article_modified_time":"2021-05-21T07:55:28+00:00","og_image":[{"width":780,"height":601,"url":"https:\/\/granada.salesianos.edu\/colegio\/wp-content\/uploads\/sites\/2\/2021\/05\/logos.jpeg","type":"image\/jpeg"}],"author":"Gestor Web","twitter_card":"summary_large_image","twitter_creator":"@GranadaSDB","twitter_site":"@GranadaSDB","twitter_misc":{"Escrito por":"Gestor Web","Tiempo de lectura":"2 minutos"},"schema":{"@context":"https:\/\/schema.org","@graph":[{"@type":"Article","@id":"https:\/\/granada.salesianos.edu\/colegio\/blog\/dual-en-la-familia-de-electricicdad-y-electronica\/#article","isPartOf":{"@id":"https:\/\/granada.salesianos.edu\/colegio\/blog\/dual-en-la-familia-de-electricicdad-y-electronica\/"},"author":{"name":"Gestor Web","@id":"https:\/\/granada.salesianos.edu\/colegio\/#\/schema\/person\/6392ff2e4bd1e66981d6eab734bbd962"},"headline":"DUAL EN LA FAMILIA DE ELECTRICIDAD Y ELECTR\u00d3NICA","datePublished":"2021-05-20T22:28:58+00:00","dateModified":"2021-05-21T07:55:28+00:00","mainEntityOfPage":{"@id":"https:\/\/granada.salesianos.edu\/colegio\/blog\/dual-en-la-familia-de-electricicdad-y-electronica\/"},"wordCount":565,"commentCount":0,"publisher":{"@id":"https:\/\/granada.salesianos.edu\/colegio\/#organization"},"image":{"@id":"https:\/\/granada.salesianos.edu\/colegio\/blog\/dual-en-la-familia-de-electricicdad-y-electronica\/#primaryimage"},"thumbnailUrl":"https:\/\/granada.salesianos.edu\/colegio\/wp-content\/uploads\/sites\/2\/2021\/05\/logos.jpeg","articleSection":["FP","Uncategorized"],"inLanguage":"es","potentialAction":[{"@type":"CommentAction","name":"Comment","target":["https:\/\/granada.salesianos.edu\/colegio\/blog\/dual-en-la-familia-de-electricicdad-y-electronica\/#respond"]}]},{"@type":"WebPage","@id":"https:\/\/granada.salesianos.edu\/colegio\/blog\/dual-en-la-familia-de-electricicdad-y-electronica\/","url":"https:\/\/granada.salesianos.edu\/colegio\/blog\/dual-en-la-familia-de-electricicdad-y-electronica\/","name":"DUAL EN LA FAMILIA DE ELECTRICIDAD Y ELECTR\u00d3NICA - Colegio Salesiano","isPartOf":{"@id":"https:\/\/granada.salesianos.edu\/colegio\/#website"},"primaryImageOfPage":{"@id":"https:\/\/granada.salesianos.edu\/colegio\/blog\/dual-en-la-familia-de-electricicdad-y-electronica\/#primaryimage"},"image":{"@id":"https:\/\/granada.salesianos.edu\/colegio\/blog\/dual-en-la-familia-de-electricicdad-y-electronica\/#primaryimage"},"thumbnailUrl":"https:\/\/granada.salesianos.edu\/colegio\/wp-content\/uploads\/sites\/2\/2021\/05\/logos.jpeg","datePublished":"2021-05-20T22:28:58+00:00","dateModified":"2021-05-21T07:55:28+00:00","breadcrumb":{"@id":"https:\/\/granada.salesianos.edu\/colegio\/blog\/dual-en-la-familia-de-electricicdad-y-electronica\/#breadcrumb"},"inLanguage":"es","potentialAction":[{"@type":"ReadAction","target":["https:\/\/granada.salesianos.edu\/colegio\/blog\/dual-en-la-familia-de-electricicdad-y-electronica\/"]}]},{"@type":"ImageObject","inLanguage":"es","@id":"https:\/\/granada.salesianos.edu\/colegio\/blog\/dual-en-la-familia-de-electricicdad-y-electronica\/#primaryimage","url":"https:\/\/granada.salesianos.edu\/colegio\/wp-content\/uploads\/sites\/2\/2021\/05\/logos.jpeg","contentUrl":"https:\/\/granada.salesianos.edu\/colegio\/wp-content\/uploads\/sites\/2\/2021\/05\/logos.jpeg","width":780,"height":601},{"@type":"BreadcrumbList","@id":"https:\/\/granada.salesianos.edu\/colegio\/blog\/dual-en-la-familia-de-electricicdad-y-electronica\/#breadcrumb","itemListElement":[{"@type":"ListItem","position":1,"name":"Portada","item":"https:\/\/granada.salesianos.edu\/colegio\/"},{"@type":"ListItem","position":2,"name":"DUAL EN LA FAMILIA DE ELECTRICIDAD Y ELECTR\u00d3NICA"}]},{"@type":"WebSite","@id":"https:\/\/granada.salesianos.edu\/colegio\/#website","url":"https:\/\/granada.salesianos.edu\/colegio\/","name":"Colegio Salesiano","description":"P\u00e1gina oficial de Salesianos Granada San Juan Bosco","publisher":{"@id":"https:\/\/granada.salesianos.edu\/colegio\/#organization"},"potentialAction":[{"@type":"SearchAction","target":{"@type":"EntryPoint","urlTemplate":"https:\/\/granada.salesianos.edu\/colegio\/?s={search_term_string}"},"query-input":{"@type":"PropertyValueSpecification","valueRequired":true,"valueName":"search_term_string"}}],"inLanguage":"es"},{"@type":"Organization","@id":"https:\/\/granada.salesianos.edu\/colegio\/#organization","name":"Colegio Salesiano San Juan Bosco Granada","url":"https:\/\/granada.salesianos.edu\/colegio\/","logo":{"@type":"ImageObject","inLanguage":"es","@id":"https:\/\/granada.salesianos.edu\/colegio\/#\/schema\/logo\/image\/","url":"https:\/\/granada.salesianos.edu\/colegio\/wp-content\/uploads\/sites\/2\/2021\/01\/GRANADAobraVN2.jpg","contentUrl":"https:\/\/granada.salesianos.edu\/colegio\/wp-content\/uploads\/sites\/2\/2021\/01\/GRANADAobraVN2.jpg","width":2113,"height":1894,"caption":"Colegio Salesiano San Juan Bosco Granada"},"image":{"@id":"https:\/\/granada.salesianos.edu\/colegio\/#\/schema\/logo\/image\/"},"sameAs":["https:\/\/www.facebook.com\/SalesianosGR\/","https:\/\/x.com\/GranadaSDB","https:\/\/www.instagram.com\/salesianosgranada\/","https:\/\/www.youtube.com\/channel\/UChkpZuhCf4Y5rYIcFT3CNxw?view_as=subscriber"]},{"@type":"Person","@id":"https:\/\/granada.salesianos.edu\/colegio\/#\/schema\/person\/6392ff2e4bd1e66981d6eab734bbd962","name":"Gestor Web","image":{"@type":"ImageObject","inLanguage":"es","@id":"https:\/\/secure.gravatar.com\/avatar\/160666bb56a01520857079961a824af2b7821d6bad80677c80f2b473fceead1b?s=96&d=mm&r=g","url":"https:\/\/secure.gravatar.com\/avatar\/160666bb56a01520857079961a824af2b7821d6bad80677c80f2b473fceead1b?s=96&d=mm&r=g","contentUrl":"https:\/\/secure.gravatar.com\/avatar\/160666bb56a01520857079961a824af2b7821d6bad80677c80f2b473fceead1b?s=96&d=mm&r=g","caption":"Gestor Web"}}]}},"_links":{"self":[{"href":"https:\/\/granada.salesianos.edu\/colegio\/wp-json\/wp\/v2\/posts\/12662","targetHints":{"allow":["GET"]}}],"collection":[{"href":"https:\/\/granada.salesianos.edu\/colegio\/wp-json\/wp\/v2\/posts"}],"about":[{"href":"https:\/\/granada.salesianos.edu\/colegio\/wp-json\/wp\/v2\/types\/post"}],"author":[{"embeddable":true,"href":"https:\/\/granada.salesianos.edu\/colegio\/wp-json\/wp\/v2\/users\/2"}],"replies":[{"embeddable":true,"href":"https:\/\/granada.salesianos.edu\/colegio\/wp-json\/wp\/v2\/comments?post=12662"}],"version-history":[{"count":4,"href":"https:\/\/granada.salesianos.edu\/colegio\/wp-json\/wp\/v2\/posts\/12662\/revisions"}],"predecessor-version":[{"id":12710,"href":"https:\/\/granada.salesianos.edu\/colegio\/wp-json\/wp\/v2\/posts\/12662\/revisions\/12710"}],"wp:featuredmedia":[{"embeddable":true,"href":"https:\/\/granada.salesianos.edu\/colegio\/wp-json\/wp\/v2\/media\/12663"}],"wp:attachment":[{"href":"https:\/\/granada.salesianos.edu\/colegio\/wp-json\/wp\/v2\/media?parent=12662"}],"wp:term":[{"taxonomy":"category","embeddable":true,"href":"https:\/\/granada.salesianos.edu\/colegio\/wp-json\/wp\/v2\/categories?post=12662"},{"taxonomy":"post_tag","embeddable":true,"href":"https:\/\/granada.salesianos.edu\/colegio\/wp-json\/wp\/v2\/tags?post=12662"}],"curies":[{"name":"wp","href":"https:\/\/api.w.org\/{rel}","templated":true}]}}