{"id":12853,"date":"2021-05-28T13:08:49","date_gmt":"2021-05-28T11:08:49","guid":{"rendered":"https:\/\/granada.salesianos.edu\/colegio\/blog\/la-importancia-de-la-educacion-emocional-en-los-jovenes-de-don-bosco\/"},"modified":"2022-12-01T22:29:15","modified_gmt":"2022-12-01T20:29:15","slug":"la-importancia-de-la-educacion-emocional-en-los-jovenes-de-don-bosco","status":"publish","type":"post","link":"https:\/\/granada.salesianos.edu\/colegio\/blog\/la-importancia-de-la-educacion-emocional-en-los-jovenes-de-don-bosco\/","title":{"rendered":"LA IMPORTANCIA DE LA  EDUCACI\u00d3N EMOCIONAL EN LOS J\u00d3VENES DE DON BOSCO"},"content":{"rendered":"<div id=\"fb-root\"><\/div>\n<p>[et_pb_section fb_built=\u00bb1&#8243; admin_label=\u00bbsection\u00bb _builder_version=\u00bb3.22&#8243;][et_pb_row admin_label=\u00bbrow\u00bb _builder_version=\u00bb3.25&#8243; background_size=\u00bbinitial\u00bb background_position=\u00bbtop_left\u00bb background_repeat=\u00bbrepeat\u00bb][et_pb_column type=\u00bb4_4&#8243; _builder_version=\u00bb3.25&#8243; custom_padding=\u00bb|||\u00bb custom_padding__hover=\u00bb|||\u00bb][et_pb_text _builder_version=\u00bb4.2.2&#8243; hover_enabled=\u00bb0&#8243;]<\/p>\n<h1><strong><span style=\"color: #ff0000;\">\u00bfEN QU\u00c9 CONSISTE LA EDUCACI\u00d3N EMOCIONAL?<\/span><\/strong><\/h1>\n<p>[\/et_pb_text][et_pb_text _builder_version=\u00bb4.2.2&#8243; hover_enabled=\u00bb0&#8243;]<\/p>\n<p>Creado por: GESTORWEB<\/p>\n<p>[\/et_pb_text][et_pb_text _builder_version=\u00bb4.2.2&#8243; hover_enabled=\u00bb0&#8243;]<\/p>\n<p>\u00daltimamente escuchamos mucho hablar de la educaci\u00f3n emocional pero no siempre se entiende muy bien en qu\u00e9 consiste. Por este motivo, nos gustar\u00eda que leyeseis las palabras de David Ayala, maestro de Educaci\u00f3n Primaria con una larga trayectoria trabajando con nuestros ni\u00f1os y ni\u00f1as. Esta bonita reflexi\u00f3n explica lo importante que es ense\u00f1ar a gestionar las emociones en edades tempranas para un desarrollo equilibrado y completo.\u00a0<\/p>\n<p><strong>David Ayala.<\/strong><\/p>\n<p><strong>(Maestro de Primaria)<\/strong><\/p>\n<p><strong>\u201cNo basta con amar a los ni\u00f1os, se tienen que sentir amados. As\u00ed lo entend\u00eda Don Bosco hace much\u00edsimo tiempo y las necesidades de los m\u00e1s peque\u00f1os no han cambiado. <\/strong><\/p>\n<p><strong>Como educadores, sabemos que un ni\u00f1o debe comprender las matem\u00e1ticas, entender el universo, escribir de una manera ordenada y sin faltas de ortograf\u00eda e, incluso, memorizar algunas cosas. \u00bfEs esto importante? Por supuesto que s\u00ed, pero, aun m\u00e1s importante, es indagar en la inteligencia emocional de cada uno de ellos, aprender a gestionar lo que sienten, sabiendo que cualquier aprendizaje es mucho m\u00e1s efectivo cuando hay una emoci\u00f3n por medio. <\/strong><\/p>\n<p><strong>Un pilar fundamental para Salesianos Granada es seguir las pautas de su fundador, como utilizar el patio, la empat\u00eda, nuestras fiestas, etc. En definitiva, disfrutar de los peque\u00f1os detalles cotidianos de nuestro d\u00eda a d\u00eda para que nuestro alumnado sepa amar, enfrentarse a sus miedos, entender que puede expresarse libremente, que llorar est\u00e1 bien o que la ilusi\u00f3n es mejor si es compartida.<\/strong><\/p>\n<p><strong>Saben que hay que poner nombre a las emociones que sentimos para poder gestionarlas y tener una buena salud mental, que es lo que hace ser <em>buenos cristianos y honrados ciudadanos<\/em>. El resto, nos lo ponen las personas que nos rodean y todo se convierte en experiencias, en aprendizaje.<\/strong><\/p>\n<p><strong>Saber interpretar las emociones de los dem\u00e1s nos hace ser competentes y as\u00ed ser capaces de enfrentarnos a las situaciones que se nos ponen por delante en la vida. A las personas con cari\u00f1o y a los problemas con firmeza.<\/strong><\/p>\n<p><strong>\u00a0Todo esto se consigue porque nuestros j\u00f3venes se sienten acompa\u00f1ados, queridos y valorados. Se sienten amados, como hac\u00eda, hace much\u00edsimo tiempo, Don Bosco\u201d.<\/strong><\/p>\n<p>David Ayala, con estas palabras tan emocionantes, nos recuerda que debemos educar a nuestros j\u00f3venes desde un punto de vista integral: mente y cuerpo luchando juntos con el objetivo de ser personas sanas y equilibradas.<\/p>\n<p>Todo lo que nos ha contado arriba, se hace realidad durante el confinamiento. En ese tiempo tan dif\u00edcil para los m\u00e1s peque\u00f1os de la casa, nuestro maestro cre\u00f3 un canal de Youtube donde se dirig\u00eda a sus alumnos y alumnas cont\u00e1ndoles cuentos, cantando, haciendo manualidades, magia, etc.<\/p>\n<p><iframe loading=\"lazy\" title=\"Cuento el patito feo\" width=\"1080\" height=\"608\" src=\"https:\/\/www.youtube.com\/embed\/ZZQmhmpsmO4?feature=oembed\" frameborder=\"0\" allow=\"accelerometer; autoplay; clipboard-write; encrypted-media; gyroscope; picture-in-picture\" allowfullscreen><\/iframe><\/p>\n<p>&nbsp;<\/p>\n<p>Os invitamos a que visit\u00e9is su canal y entender\u00e9is mejor sus palabras:<\/p>\n<p><a href=\"https:\/\/www.youtube.com\/channel\/UCJ44XfPdHKBgfxgCvKZOAlw\">https:\/\/www.youtube.com\/channel\/UCJ44XfPdHKBgfxgCvKZOAlw<\/a><\/p>\n<p>&nbsp;<\/p>\n<p>&nbsp;<\/p>\n<p>[\/et_pb_text][\/et_pb_column][\/et_pb_row][\/et_pb_section]<\/p>\n","protected":false},"excerpt":{"rendered":"<p>David Ayala, maestro de nuestro centro, nos habla de la importancia de la educaci\u00f3n emocional para que nuestros j\u00f3venes tengan un crecimiento personal pleno.<\/p>\n","protected":false},"author":2,"featured_media":12854,"comment_status":"open","ping_status":"open","sticky":false,"template":"","format":"standard","meta":{"_et_pb_use_builder":"on","_et_pb_old_content":"","_et_gb_content_width":"","footnotes":""},"categories":[20,11,19,21,1],"tags":[],"class_list":["post-12853","post","type-post","status-publish","format-standard","has-post-thumbnail","hentry","category-bto","category-colegio","category-eso","category-fp","category-uncategorized"],"yoast_head":"<!-- This site is optimized with the Yoast SEO plugin v28.4 - https:\/\/yoast.com\/product\/yoast-seo-wordpress\/ -->\n<title>LA IMPORTANCIA DE LA EDUCACI\u00d3N EMOCIONAL EN LOS J\u00d3VENES DE DON BOSCO - Colegio Salesiano<\/title>\n<meta name=\"robots\" content=\"index, follow, max-snippet:-1, max-image-preview:large, max-video-preview:-1\" \/>\n<link rel=\"canonical\" href=\"https:\/\/granada.salesianos.edu\/colegio\/blog\/la-importancia-de-la-educacion-emocional-en-los-jovenes-de-don-bosco\/\" \/>\n<meta property=\"og:locale\" content=\"es_ES\" \/>\n<meta property=\"og:type\" content=\"article\" \/>\n<meta property=\"og:title\" content=\"LA IMPORTANCIA DE LA EDUCACI\u00d3N EMOCIONAL EN LOS J\u00d3VENES DE DON BOSCO - Colegio Salesiano\" \/>\n<meta property=\"og:description\" content=\"David Ayala, maestro de nuestro centro, nos habla de la importancia de la educaci\u00f3n emocional para que nuestros j\u00f3venes tengan un crecimiento personal pleno.\" \/>\n<meta property=\"og:url\" content=\"https:\/\/granada.salesianos.edu\/colegio\/blog\/la-importancia-de-la-educacion-emocional-en-los-jovenes-de-don-bosco\/\" \/>\n<meta property=\"og:site_name\" content=\"Colegio Salesiano\" \/>\n<meta property=\"article:publisher\" content=\"https:\/\/www.facebook.com\/SalesianosGR\/\" \/>\n<meta property=\"article:published_time\" content=\"2021-05-28T11:08:49+00:00\" \/>\n<meta property=\"article:modified_time\" content=\"2022-12-01T20:29:15+00:00\" \/>\n<meta property=\"og:image\" content=\"https:\/\/granada.salesianos.edu\/colegio\/wp-content\/uploads\/sites\/2\/2021\/05\/PORTADA1.jpeg\" \/>\n\t<meta property=\"og:image:width\" content=\"750\" \/>\n\t<meta property=\"og:image:height\" content=\"1334\" \/>\n\t<meta property=\"og:image:type\" content=\"image\/jpeg\" \/>\n<meta name=\"author\" content=\"Gestor Web\" \/>\n<meta name=\"twitter:card\" content=\"summary_large_image\" \/>\n<meta name=\"twitter:creator\" content=\"@GranadaSDB\" \/>\n<meta name=\"twitter:site\" content=\"@GranadaSDB\" \/>\n<meta name=\"twitter:label1\" content=\"Escrito por\" \/>\n\t<meta name=\"twitter:data1\" content=\"Gestor Web\" \/>\n\t<meta name=\"twitter:label2\" content=\"Tiempo de lectura\" \/>\n\t<meta name=\"twitter:data2\" content=\"3 minutos\" \/>\n<script type=\"application\/ld+json\" class=\"yoast-schema-graph\">{\"@context\":\"https:\\\/\\\/schema.org\",\"@graph\":[{\"@type\":\"Article\",\"@id\":\"https:\\\/\\\/granada.salesianos.edu\\\/colegio\\\/blog\\\/la-importancia-de-la-educacion-emocional-en-los-jovenes-de-don-bosco\\\/#article\",\"isPartOf\":{\"@id\":\"https:\\\/\\\/granada.salesianos.edu\\\/colegio\\\/blog\\\/la-importancia-de-la-educacion-emocional-en-los-jovenes-de-don-bosco\\\/\"},\"author\":{\"name\":\"Gestor Web\",\"@id\":\"https:\\\/\\\/granada.salesianos.edu\\\/colegio\\\/#\\\/schema\\\/person\\\/6392ff2e4bd1e66981d6eab734bbd962\"},\"headline\":\"LA IMPORTANCIA DE LA EDUCACI\u00d3N EMOCIONAL EN LOS J\u00d3VENES DE DON BOSCO\",\"datePublished\":\"2021-05-28T11:08:49+00:00\",\"dateModified\":\"2022-12-01T20:29:15+00:00\",\"mainEntityOfPage\":{\"@id\":\"https:\\\/\\\/granada.salesianos.edu\\\/colegio\\\/blog\\\/la-importancia-de-la-educacion-emocional-en-los-jovenes-de-don-bosco\\\/\"},\"wordCount\":596,\"commentCount\":0,\"publisher\":{\"@id\":\"https:\\\/\\\/granada.salesianos.edu\\\/colegio\\\/#organization\"},\"image\":{\"@id\":\"https:\\\/\\\/granada.salesianos.edu\\\/colegio\\\/blog\\\/la-importancia-de-la-educacion-emocional-en-los-jovenes-de-don-bosco\\\/#primaryimage\"},\"thumbnailUrl\":\"https:\\\/\\\/granada.salesianos.edu\\\/colegio\\\/wp-content\\\/uploads\\\/sites\\\/2\\\/2021\\\/05\\\/PORTADA1.jpeg\",\"articleSection\":[\"BTO\",\"Colegio\",\"ESO\",\"FP\",\"Uncategorized\"],\"inLanguage\":\"es\",\"potentialAction\":[{\"@type\":\"CommentAction\",\"name\":\"Comment\",\"target\":[\"https:\\\/\\\/granada.salesianos.edu\\\/colegio\\\/blog\\\/la-importancia-de-la-educacion-emocional-en-los-jovenes-de-don-bosco\\\/#respond\"]}]},{\"@type\":\"WebPage\",\"@id\":\"https:\\\/\\\/granada.salesianos.edu\\\/colegio\\\/blog\\\/la-importancia-de-la-educacion-emocional-en-los-jovenes-de-don-bosco\\\/\",\"url\":\"https:\\\/\\\/granada.salesianos.edu\\\/colegio\\\/blog\\\/la-importancia-de-la-educacion-emocional-en-los-jovenes-de-don-bosco\\\/\",\"name\":\"LA IMPORTANCIA DE LA EDUCACI\u00d3N EMOCIONAL EN LOS J\u00d3VENES DE DON BOSCO - Colegio Salesiano\",\"isPartOf\":{\"@id\":\"https:\\\/\\\/granada.salesianos.edu\\\/colegio\\\/#website\"},\"primaryImageOfPage\":{\"@id\":\"https:\\\/\\\/granada.salesianos.edu\\\/colegio\\\/blog\\\/la-importancia-de-la-educacion-emocional-en-los-jovenes-de-don-bosco\\\/#primaryimage\"},\"image\":{\"@id\":\"https:\\\/\\\/granada.salesianos.edu\\\/colegio\\\/blog\\\/la-importancia-de-la-educacion-emocional-en-los-jovenes-de-don-bosco\\\/#primaryimage\"},\"thumbnailUrl\":\"https:\\\/\\\/granada.salesianos.edu\\\/colegio\\\/wp-content\\\/uploads\\\/sites\\\/2\\\/2021\\\/05\\\/PORTADA1.jpeg\",\"datePublished\":\"2021-05-28T11:08:49+00:00\",\"dateModified\":\"2022-12-01T20:29:15+00:00\",\"breadcrumb\":{\"@id\":\"https:\\\/\\\/granada.salesianos.edu\\\/colegio\\\/blog\\\/la-importancia-de-la-educacion-emocional-en-los-jovenes-de-don-bosco\\\/#breadcrumb\"},\"inLanguage\":\"es\",\"potentialAction\":[{\"@type\":\"ReadAction\",\"target\":[\"https:\\\/\\\/granada.salesianos.edu\\\/colegio\\\/blog\\\/la-importancia-de-la-educacion-emocional-en-los-jovenes-de-don-bosco\\\/\"]}]},{\"@type\":\"ImageObject\",\"inLanguage\":\"es\",\"@id\":\"https:\\\/\\\/granada.salesianos.edu\\\/colegio\\\/blog\\\/la-importancia-de-la-educacion-emocional-en-los-jovenes-de-don-bosco\\\/#primaryimage\",\"url\":\"https:\\\/\\\/granada.salesianos.edu\\\/colegio\\\/wp-content\\\/uploads\\\/sites\\\/2\\\/2021\\\/05\\\/PORTADA1.jpeg\",\"contentUrl\":\"https:\\\/\\\/granada.salesianos.edu\\\/colegio\\\/wp-content\\\/uploads\\\/sites\\\/2\\\/2021\\\/05\\\/PORTADA1.jpeg\",\"width\":750,\"height\":1334},{\"@type\":\"BreadcrumbList\",\"@id\":\"https:\\\/\\\/granada.salesianos.edu\\\/colegio\\\/blog\\\/la-importancia-de-la-educacion-emocional-en-los-jovenes-de-don-bosco\\\/#breadcrumb\",\"itemListElement\":[{\"@type\":\"ListItem\",\"position\":1,\"name\":\"Portada\",\"item\":\"https:\\\/\\\/granada.salesianos.edu\\\/colegio\\\/\"},{\"@type\":\"ListItem\",\"position\":2,\"name\":\"LA IMPORTANCIA DE LA EDUCACI\u00d3N EMOCIONAL EN LOS J\u00d3VENES DE DON BOSCO\"}]},{\"@type\":\"WebSite\",\"@id\":\"https:\\\/\\\/granada.salesianos.edu\\\/colegio\\\/#website\",\"url\":\"https:\\\/\\\/granada.salesianos.edu\\\/colegio\\\/\",\"name\":\"Colegio Salesiano\",\"description\":\"P\u00e1gina oficial de Salesianos Granada San Juan Bosco\",\"publisher\":{\"@id\":\"https:\\\/\\\/granada.salesianos.edu\\\/colegio\\\/#organization\"},\"potentialAction\":[{\"@type\":\"SearchAction\",\"target\":{\"@type\":\"EntryPoint\",\"urlTemplate\":\"https:\\\/\\\/granada.salesianos.edu\\\/colegio\\\/?s={search_term_string}\"},\"query-input\":{\"@type\":\"PropertyValueSpecification\",\"valueRequired\":true,\"valueName\":\"search_term_string\"}}],\"inLanguage\":\"es\"},{\"@type\":\"Organization\",\"@id\":\"https:\\\/\\\/granada.salesianos.edu\\\/colegio\\\/#organization\",\"name\":\"Colegio Salesiano San Juan Bosco Granada\",\"url\":\"https:\\\/\\\/granada.salesianos.edu\\\/colegio\\\/\",\"logo\":{\"@type\":\"ImageObject\",\"inLanguage\":\"es\",\"@id\":\"https:\\\/\\\/granada.salesianos.edu\\\/colegio\\\/#\\\/schema\\\/logo\\\/image\\\/\",\"url\":\"https:\\\/\\\/granada.salesianos.edu\\\/colegio\\\/wp-content\\\/uploads\\\/sites\\\/2\\\/2021\\\/01\\\/GRANADAobraVN2.jpg\",\"contentUrl\":\"https:\\\/\\\/granada.salesianos.edu\\\/colegio\\\/wp-content\\\/uploads\\\/sites\\\/2\\\/2021\\\/01\\\/GRANADAobraVN2.jpg\",\"width\":2113,\"height\":1894,\"caption\":\"Colegio Salesiano San Juan Bosco Granada\"},\"image\":{\"@id\":\"https:\\\/\\\/granada.salesianos.edu\\\/colegio\\\/#\\\/schema\\\/logo\\\/image\\\/\"},\"sameAs\":[\"https:\\\/\\\/www.facebook.com\\\/SalesianosGR\\\/\",\"https:\\\/\\\/x.com\\\/GranadaSDB\",\"https:\\\/\\\/www.instagram.com\\\/salesianosgranada\\\/\",\"https:\\\/\\\/www.youtube.com\\\/channel\\\/UChkpZuhCf4Y5rYIcFT3CNxw?view_as=subscriber\"]},{\"@type\":\"Person\",\"@id\":\"https:\\\/\\\/granada.salesianos.edu\\\/colegio\\\/#\\\/schema\\\/person\\\/6392ff2e4bd1e66981d6eab734bbd962\",\"name\":\"Gestor Web\",\"image\":{\"@type\":\"ImageObject\",\"inLanguage\":\"es\",\"@id\":\"https:\\\/\\\/secure.gravatar.com\\\/avatar\\\/160666bb56a01520857079961a824af2b7821d6bad80677c80f2b473fceead1b?s=96&d=mm&r=g\",\"url\":\"https:\\\/\\\/secure.gravatar.com\\\/avatar\\\/160666bb56a01520857079961a824af2b7821d6bad80677c80f2b473fceead1b?s=96&d=mm&r=g\",\"contentUrl\":\"https:\\\/\\\/secure.gravatar.com\\\/avatar\\\/160666bb56a01520857079961a824af2b7821d6bad80677c80f2b473fceead1b?s=96&d=mm&r=g\",\"caption\":\"Gestor Web\"}}]}<\/script>\n<!-- \/ Yoast SEO plugin. -->","yoast_head_json":{"title":"LA IMPORTANCIA DE LA EDUCACI\u00d3N EMOCIONAL EN LOS J\u00d3VENES DE DON BOSCO - Colegio Salesiano","robots":{"index":"index","follow":"follow","max-snippet":"max-snippet:-1","max-image-preview":"max-image-preview:large","max-video-preview":"max-video-preview:-1"},"canonical":"https:\/\/granada.salesianos.edu\/colegio\/blog\/la-importancia-de-la-educacion-emocional-en-los-jovenes-de-don-bosco\/","og_locale":"es_ES","og_type":"article","og_title":"LA IMPORTANCIA DE LA EDUCACI\u00d3N EMOCIONAL EN LOS J\u00d3VENES DE DON BOSCO - Colegio Salesiano","og_description":"David Ayala, maestro de nuestro centro, nos habla de la importancia de la educaci\u00f3n emocional para que nuestros j\u00f3venes tengan un crecimiento personal pleno.","og_url":"https:\/\/granada.salesianos.edu\/colegio\/blog\/la-importancia-de-la-educacion-emocional-en-los-jovenes-de-don-bosco\/","og_site_name":"Colegio Salesiano","article_publisher":"https:\/\/www.facebook.com\/SalesianosGR\/","article_published_time":"2021-05-28T11:08:49+00:00","article_modified_time":"2022-12-01T20:29:15+00:00","og_image":[{"width":750,"height":1334,"url":"https:\/\/granada.salesianos.edu\/colegio\/wp-content\/uploads\/sites\/2\/2021\/05\/PORTADA1.jpeg","type":"image\/jpeg"}],"author":"Gestor Web","twitter_card":"summary_large_image","twitter_creator":"@GranadaSDB","twitter_site":"@GranadaSDB","twitter_misc":{"Escrito por":"Gestor Web","Tiempo de lectura":"3 minutos"},"schema":{"@context":"https:\/\/schema.org","@graph":[{"@type":"Article","@id":"https:\/\/granada.salesianos.edu\/colegio\/blog\/la-importancia-de-la-educacion-emocional-en-los-jovenes-de-don-bosco\/#article","isPartOf":{"@id":"https:\/\/granada.salesianos.edu\/colegio\/blog\/la-importancia-de-la-educacion-emocional-en-los-jovenes-de-don-bosco\/"},"author":{"name":"Gestor Web","@id":"https:\/\/granada.salesianos.edu\/colegio\/#\/schema\/person\/6392ff2e4bd1e66981d6eab734bbd962"},"headline":"LA IMPORTANCIA DE LA EDUCACI\u00d3N EMOCIONAL EN LOS J\u00d3VENES DE DON BOSCO","datePublished":"2021-05-28T11:08:49+00:00","dateModified":"2022-12-01T20:29:15+00:00","mainEntityOfPage":{"@id":"https:\/\/granada.salesianos.edu\/colegio\/blog\/la-importancia-de-la-educacion-emocional-en-los-jovenes-de-don-bosco\/"},"wordCount":596,"commentCount":0,"publisher":{"@id":"https:\/\/granada.salesianos.edu\/colegio\/#organization"},"image":{"@id":"https:\/\/granada.salesianos.edu\/colegio\/blog\/la-importancia-de-la-educacion-emocional-en-los-jovenes-de-don-bosco\/#primaryimage"},"thumbnailUrl":"https:\/\/granada.salesianos.edu\/colegio\/wp-content\/uploads\/sites\/2\/2021\/05\/PORTADA1.jpeg","articleSection":["BTO","Colegio","ESO","FP","Uncategorized"],"inLanguage":"es","potentialAction":[{"@type":"CommentAction","name":"Comment","target":["https:\/\/granada.salesianos.edu\/colegio\/blog\/la-importancia-de-la-educacion-emocional-en-los-jovenes-de-don-bosco\/#respond"]}]},{"@type":"WebPage","@id":"https:\/\/granada.salesianos.edu\/colegio\/blog\/la-importancia-de-la-educacion-emocional-en-los-jovenes-de-don-bosco\/","url":"https:\/\/granada.salesianos.edu\/colegio\/blog\/la-importancia-de-la-educacion-emocional-en-los-jovenes-de-don-bosco\/","name":"LA IMPORTANCIA DE LA EDUCACI\u00d3N EMOCIONAL EN LOS J\u00d3VENES DE DON BOSCO - Colegio Salesiano","isPartOf":{"@id":"https:\/\/granada.salesianos.edu\/colegio\/#website"},"primaryImageOfPage":{"@id":"https:\/\/granada.salesianos.edu\/colegio\/blog\/la-importancia-de-la-educacion-emocional-en-los-jovenes-de-don-bosco\/#primaryimage"},"image":{"@id":"https:\/\/granada.salesianos.edu\/colegio\/blog\/la-importancia-de-la-educacion-emocional-en-los-jovenes-de-don-bosco\/#primaryimage"},"thumbnailUrl":"https:\/\/granada.salesianos.edu\/colegio\/wp-content\/uploads\/sites\/2\/2021\/05\/PORTADA1.jpeg","datePublished":"2021-05-28T11:08:49+00:00","dateModified":"2022-12-01T20:29:15+00:00","breadcrumb":{"@id":"https:\/\/granada.salesianos.edu\/colegio\/blog\/la-importancia-de-la-educacion-emocional-en-los-jovenes-de-don-bosco\/#breadcrumb"},"inLanguage":"es","potentialAction":[{"@type":"ReadAction","target":["https:\/\/granada.salesianos.edu\/colegio\/blog\/la-importancia-de-la-educacion-emocional-en-los-jovenes-de-don-bosco\/"]}]},{"@type":"ImageObject","inLanguage":"es","@id":"https:\/\/granada.salesianos.edu\/colegio\/blog\/la-importancia-de-la-educacion-emocional-en-los-jovenes-de-don-bosco\/#primaryimage","url":"https:\/\/granada.salesianos.edu\/colegio\/wp-content\/uploads\/sites\/2\/2021\/05\/PORTADA1.jpeg","contentUrl":"https:\/\/granada.salesianos.edu\/colegio\/wp-content\/uploads\/sites\/2\/2021\/05\/PORTADA1.jpeg","width":750,"height":1334},{"@type":"BreadcrumbList","@id":"https:\/\/granada.salesianos.edu\/colegio\/blog\/la-importancia-de-la-educacion-emocional-en-los-jovenes-de-don-bosco\/#breadcrumb","itemListElement":[{"@type":"ListItem","position":1,"name":"Portada","item":"https:\/\/granada.salesianos.edu\/colegio\/"},{"@type":"ListItem","position":2,"name":"LA IMPORTANCIA DE LA EDUCACI\u00d3N EMOCIONAL EN LOS J\u00d3VENES DE DON BOSCO"}]},{"@type":"WebSite","@id":"https:\/\/granada.salesianos.edu\/colegio\/#website","url":"https:\/\/granada.salesianos.edu\/colegio\/","name":"Colegio Salesiano","description":"P\u00e1gina oficial de Salesianos Granada San Juan Bosco","publisher":{"@id":"https:\/\/granada.salesianos.edu\/colegio\/#organization"},"potentialAction":[{"@type":"SearchAction","target":{"@type":"EntryPoint","urlTemplate":"https:\/\/granada.salesianos.edu\/colegio\/?s={search_term_string}"},"query-input":{"@type":"PropertyValueSpecification","valueRequired":true,"valueName":"search_term_string"}}],"inLanguage":"es"},{"@type":"Organization","@id":"https:\/\/granada.salesianos.edu\/colegio\/#organization","name":"Colegio Salesiano San Juan Bosco Granada","url":"https:\/\/granada.salesianos.edu\/colegio\/","logo":{"@type":"ImageObject","inLanguage":"es","@id":"https:\/\/granada.salesianos.edu\/colegio\/#\/schema\/logo\/image\/","url":"https:\/\/granada.salesianos.edu\/colegio\/wp-content\/uploads\/sites\/2\/2021\/01\/GRANADAobraVN2.jpg","contentUrl":"https:\/\/granada.salesianos.edu\/colegio\/wp-content\/uploads\/sites\/2\/2021\/01\/GRANADAobraVN2.jpg","width":2113,"height":1894,"caption":"Colegio Salesiano San Juan Bosco Granada"},"image":{"@id":"https:\/\/granada.salesianos.edu\/colegio\/#\/schema\/logo\/image\/"},"sameAs":["https:\/\/www.facebook.com\/SalesianosGR\/","https:\/\/x.com\/GranadaSDB","https:\/\/www.instagram.com\/salesianosgranada\/","https:\/\/www.youtube.com\/channel\/UChkpZuhCf4Y5rYIcFT3CNxw?view_as=subscriber"]},{"@type":"Person","@id":"https:\/\/granada.salesianos.edu\/colegio\/#\/schema\/person\/6392ff2e4bd1e66981d6eab734bbd962","name":"Gestor Web","image":{"@type":"ImageObject","inLanguage":"es","@id":"https:\/\/secure.gravatar.com\/avatar\/160666bb56a01520857079961a824af2b7821d6bad80677c80f2b473fceead1b?s=96&d=mm&r=g","url":"https:\/\/secure.gravatar.com\/avatar\/160666bb56a01520857079961a824af2b7821d6bad80677c80f2b473fceead1b?s=96&d=mm&r=g","contentUrl":"https:\/\/secure.gravatar.com\/avatar\/160666bb56a01520857079961a824af2b7821d6bad80677c80f2b473fceead1b?s=96&d=mm&r=g","caption":"Gestor Web"}}]}},"_links":{"self":[{"href":"https:\/\/granada.salesianos.edu\/colegio\/wp-json\/wp\/v2\/posts\/12853","targetHints":{"allow":["GET"]}}],"collection":[{"href":"https:\/\/granada.salesianos.edu\/colegio\/wp-json\/wp\/v2\/posts"}],"about":[{"href":"https:\/\/granada.salesianos.edu\/colegio\/wp-json\/wp\/v2\/types\/post"}],"author":[{"embeddable":true,"href":"https:\/\/granada.salesianos.edu\/colegio\/wp-json\/wp\/v2\/users\/2"}],"replies":[{"embeddable":true,"href":"https:\/\/granada.salesianos.edu\/colegio\/wp-json\/wp\/v2\/comments?post=12853"}],"version-history":[{"count":1,"href":"https:\/\/granada.salesianos.edu\/colegio\/wp-json\/wp\/v2\/posts\/12853\/revisions"}],"predecessor-version":[{"id":16232,"href":"https:\/\/granada.salesianos.edu\/colegio\/wp-json\/wp\/v2\/posts\/12853\/revisions\/16232"}],"wp:featuredmedia":[{"embeddable":true,"href":"https:\/\/granada.salesianos.edu\/colegio\/wp-json\/wp\/v2\/media\/12854"}],"wp:attachment":[{"href":"https:\/\/granada.salesianos.edu\/colegio\/wp-json\/wp\/v2\/media?parent=12853"}],"wp:term":[{"taxonomy":"category","embeddable":true,"href":"https:\/\/granada.salesianos.edu\/colegio\/wp-json\/wp\/v2\/categories?post=12853"},{"taxonomy":"post_tag","embeddable":true,"href":"https:\/\/granada.salesianos.edu\/colegio\/wp-json\/wp\/v2\/tags?post=12853"}],"curies":[{"name":"wp","href":"https:\/\/api.w.org\/{rel}","templated":true}]}}