{"id":14516,"date":"2021-11-18T17:36:54","date_gmt":"2021-11-18T15:36:54","guid":{"rendered":"https:\/\/granada.salesianos.edu\/colegio\/?p=14516"},"modified":"2022-12-01T22:17:37","modified_gmt":"2022-12-01T20:17:37","slug":"encuentroanimadores","status":"publish","type":"post","link":"https:\/\/granada.salesianos.edu\/colegio\/blog\/encuentroanimadores\/","title":{"rendered":"ENCUENTRO DE ANIMADORES EN NUESTRA CASA"},"content":{"rendered":"<div id=\"fb-root\"><\/div>\n<p>[et_pb_section fb_built=\u00bb1&#8243; admin_label=\u00bbsection\u00bb _builder_version=\u00bb3.22&#8243;][et_pb_row admin_label=\u00bbrow\u00bb _builder_version=\u00bb3.25&#8243; background_size=\u00bbinitial\u00bb background_position=\u00bbtop_left\u00bb background_repeat=\u00bbrepeat\u00bb][et_pb_column type=\u00bb4_4&#8243; _builder_version=\u00bb3.25&#8243; custom_padding=\u00bb|||\u00bb custom_padding__hover=\u00bb|||\u00bb][et_pb_text admin_label=\u00bbEntradilla (Texto)\u00bb _builder_version=\u00bb4.2.2&#8243; text_font=\u00bb|on|||\u00bb text_orientation=\u00bbjustified\u00bb hover_enabled=\u00bb0&#8243;]<\/p>\n<h3><strong><span style=\"color: #ff0000;\">Ambiente festivo por el encuentro de animadores en Granada<\/span><\/strong><\/h3>\n<p>[\/et_pb_text][et_pb_text admin_label=\u00bbAutor (Texto)\u00bb _builder_version=\u00bb4.2.2&#8243; text_font=\u00bb||on||\u00bb]<\/p>\n<p>Por: GESTORWEB<\/p>\n<p>[\/et_pb_text][et_pb_text admin_label=\u00bbDesarrollo (Texto)\u00bb _builder_version=\u00bb4.2.2&#8243; text_orientation=\u00bbjustified\u00bb hover_enabled=\u00bb0&#8243;]<\/p>\n<p>La ma\u00f1ana empez\u00f3 pronto, ya que los animadores de la casa quedaron para ultimar todas las cosas a las 8:30h. La sorpresa fue encontrarse el desayuno preparado donde se inclu\u00edan una buena raci\u00f3n de churros. A los animadores de Granada pronto se unieron animadores de M\u00e1laga que ven\u00edan a ultimar tambi\u00e9n el encuentro de ADS3\/4. <br \/>Aunque todo el encuentro se realizaba en nuestra casa, hab\u00eda dos convivencias dentro de la misma jornada. Por un lado los chicos y chicas de ADS3\/4, animados por la Casa de M\u00e1laga, y los j\u00f3venes de Vida1\/2 animadores por la casa de Granada. <br \/>Las diferentes casas fueron llegando a lo largo de la ma\u00f1ana. Vinieron de Pozoblanco, Montilla, Palma del R\u00edo, C\u00f3rdoba, \u00dabeda, Linares, Ja\u00e9n, Antequera, y por supuesto, de M\u00e1laga y Granada. A las 11:00h ya estaban funcionando los dos encuentros con una primera parte formativa, para dar paso a una parte m\u00e1s celebrativa al final de la ma\u00f1ana. Mientras que los \u201cpeque\u00f1os\u201d se quedaron en la Iglesia de nuestra casa, los \u201cmayores\u201d se fueron a la Iglesia del Sagrado Coraz\u00f3n (Jesuitas) en la Gran V\u00eda. <br \/>Tras la comida llegaron los juegos y deportes hasta las 17:30h. Desde la Casa de Granada se organiz\u00f3 un BAR para atender a ni\u00f1os y animadores que no tra\u00edan la comida preparada desde casa. El equipo que llev\u00f3 el Bar, en los diferentes turnos, funcion\u00f3 de maravilla, y todo el mundo destac\u00f3 el buen hacer y bien y r\u00e1pido que se atendi\u00f3 a todo el mundo. <br \/>La verdad es que todos ten\u00edamos muchas ganas de un \u201cENCUENTRO\u201d en el mejor sentido de la palabra. Para muchos era la primera vez que se ve\u00edan despu\u00e9s de dos a\u00f1os de ausencia por el COVID. Por destacar algo, y sin desmejorar todo lo dem\u00e1s, el CLIMA DE FIESTA Y FAMILIA fue inmejorable. Todo el mundo puso de su parte para que el d\u00eda fuera inolvidable, y as\u00ed ocurri\u00f3. <br \/>Una vez que las casas se marcharon, los animadores de Granada y M\u00e1laga procedieron a la recogida, que concluy\u00f3 a las 21:00h. Los que quisieron se fueron a cenar juntos y, el resto, se fue a casa a descansar.<\/p>\n<p>[\/et_pb_text][et_pb_gallery _builder_version=\u00bb4.2.2&#8243; gallery_ids=\u00bb14521,14522,14523,14524,14525,14526,14527,14530,14531,14533&#8243; show_title_and_caption=\u00bboff\u00bb hover_enabled=\u00bb0&#8243;][\/et_pb_gallery][et_pb_gallery gallery_ids=\u00bb62216,62217,62218,62219,62220,62221,62222,62223,62224&#8243; fullwidth=\u00bbon\u00bb hover_icon=\u00bb%%51%%\u00bb disabled_on=\u00bboff|off|off\u00bb _builder_version=\u00bb4.2.2&#8243; border_style=\u00bbsolid\u00bb][\/et_pb_gallery][\/et_pb_column][\/et_pb_row][\/et_pb_section]<\/p>\n","protected":false},"excerpt":{"rendered":"<p>Hoy las aulas del colegio se han llenado de alegr\u00eda, ilusi\u00f3n, sorpresa, emoci\u00f3n y muchas sonrisas.<\/p>\n","protected":false},"author":2,"featured_media":14524,"comment_status":"open","ping_status":"open","sticky":false,"template":"","format":"standard","meta":{"_et_pb_use_builder":"on","_et_pb_old_content":"","_et_gb_content_width":"","footnotes":""},"categories":[10,23],"tags":[],"class_list":["post-14516","post","type-post","status-publish","format-standard","has-post-thumbnail","hentry","category-centro-juvenil","category-pastoral"],"yoast_head":"<!-- This site is optimized with the Yoast SEO plugin v28.4 - https:\/\/yoast.com\/product\/yoast-seo-wordpress\/ -->\n<title>ENCUENTRO DE ANIMADORES EN NUESTRA CASA - Colegio Salesiano<\/title>\n<meta name=\"robots\" content=\"index, follow, max-snippet:-1, max-image-preview:large, max-video-preview:-1\" \/>\n<link rel=\"canonical\" href=\"https:\/\/granada.salesianos.edu\/colegio\/blog\/encuentroanimadores\/\" \/>\n<meta property=\"og:locale\" content=\"es_ES\" \/>\n<meta property=\"og:type\" content=\"article\" \/>\n<meta property=\"og:title\" content=\"ENCUENTRO DE ANIMADORES EN NUESTRA CASA - Colegio Salesiano\" \/>\n<meta property=\"og:description\" content=\"Hoy las aulas del colegio se han llenado de alegr\u00eda, ilusi\u00f3n, sorpresa, emoci\u00f3n y muchas sonrisas.\" \/>\n<meta property=\"og:url\" content=\"https:\/\/granada.salesianos.edu\/colegio\/blog\/encuentroanimadores\/\" \/>\n<meta property=\"og:site_name\" content=\"Colegio Salesiano\" \/>\n<meta property=\"article:publisher\" content=\"https:\/\/www.facebook.com\/SalesianosGR\/\" \/>\n<meta property=\"article:published_time\" content=\"2021-11-18T15:36:54+00:00\" \/>\n<meta property=\"article:modified_time\" content=\"2022-12-01T20:17:37+00:00\" \/>\n<meta property=\"og:image\" content=\"https:\/\/granada.salesianos.edu\/colegio\/wp-content\/uploads\/sites\/2\/2021\/11\/WhatsApp-Image-2021-11-17-at-17.23.23-6.jpeg\" \/>\n\t<meta property=\"og:image:width\" content=\"1024\" \/>\n\t<meta property=\"og:image:height\" content=\"682\" \/>\n\t<meta property=\"og:image:type\" content=\"image\/jpeg\" \/>\n<meta name=\"author\" content=\"Gestor Web\" \/>\n<meta name=\"twitter:card\" content=\"summary_large_image\" \/>\n<meta name=\"twitter:creator\" content=\"@GranadaSDB\" \/>\n<meta name=\"twitter:site\" content=\"@GranadaSDB\" \/>\n<meta name=\"twitter:label1\" content=\"Escrito por\" \/>\n\t<meta name=\"twitter:data1\" content=\"Gestor Web\" \/>\n\t<meta name=\"twitter:label2\" content=\"Tiempo de lectura\" \/>\n\t<meta name=\"twitter:data2\" content=\"3 minutos\" \/>\n<script type=\"application\/ld+json\" class=\"yoast-schema-graph\">{\"@context\":\"https:\\\/\\\/schema.org\",\"@graph\":[{\"@type\":\"Article\",\"@id\":\"https:\\\/\\\/granada.salesianos.edu\\\/colegio\\\/blog\\\/encuentroanimadores\\\/#article\",\"isPartOf\":{\"@id\":\"https:\\\/\\\/granada.salesianos.edu\\\/colegio\\\/blog\\\/encuentroanimadores\\\/\"},\"author\":{\"name\":\"Gestor Web\",\"@id\":\"https:\\\/\\\/granada.salesianos.edu\\\/colegio\\\/#\\\/schema\\\/person\\\/6392ff2e4bd1e66981d6eab734bbd962\"},\"headline\":\"ENCUENTRO DE ANIMADORES EN NUESTRA CASA\",\"datePublished\":\"2021-11-18T15:36:54+00:00\",\"dateModified\":\"2022-12-01T20:17:37+00:00\",\"mainEntityOfPage\":{\"@id\":\"https:\\\/\\\/granada.salesianos.edu\\\/colegio\\\/blog\\\/encuentroanimadores\\\/\"},\"wordCount\":541,\"commentCount\":0,\"publisher\":{\"@id\":\"https:\\\/\\\/granada.salesianos.edu\\\/colegio\\\/#organization\"},\"image\":{\"@id\":\"https:\\\/\\\/granada.salesianos.edu\\\/colegio\\\/blog\\\/encuentroanimadores\\\/#primaryimage\"},\"thumbnailUrl\":\"https:\\\/\\\/granada.salesianos.edu\\\/colegio\\\/wp-content\\\/uploads\\\/sites\\\/2\\\/2021\\\/11\\\/WhatsApp-Image-2021-11-17-at-17.23.23-6.jpeg\",\"articleSection\":[\"Centro Juvenil\",\"Pastoral\"],\"inLanguage\":\"es\",\"potentialAction\":[{\"@type\":\"CommentAction\",\"name\":\"Comment\",\"target\":[\"https:\\\/\\\/granada.salesianos.edu\\\/colegio\\\/blog\\\/encuentroanimadores\\\/#respond\"]}]},{\"@type\":\"WebPage\",\"@id\":\"https:\\\/\\\/granada.salesianos.edu\\\/colegio\\\/blog\\\/encuentroanimadores\\\/\",\"url\":\"https:\\\/\\\/granada.salesianos.edu\\\/colegio\\\/blog\\\/encuentroanimadores\\\/\",\"name\":\"ENCUENTRO DE ANIMADORES EN NUESTRA CASA - Colegio Salesiano\",\"isPartOf\":{\"@id\":\"https:\\\/\\\/granada.salesianos.edu\\\/colegio\\\/#website\"},\"primaryImageOfPage\":{\"@id\":\"https:\\\/\\\/granada.salesianos.edu\\\/colegio\\\/blog\\\/encuentroanimadores\\\/#primaryimage\"},\"image\":{\"@id\":\"https:\\\/\\\/granada.salesianos.edu\\\/colegio\\\/blog\\\/encuentroanimadores\\\/#primaryimage\"},\"thumbnailUrl\":\"https:\\\/\\\/granada.salesianos.edu\\\/colegio\\\/wp-content\\\/uploads\\\/sites\\\/2\\\/2021\\\/11\\\/WhatsApp-Image-2021-11-17-at-17.23.23-6.jpeg\",\"datePublished\":\"2021-11-18T15:36:54+00:00\",\"dateModified\":\"2022-12-01T20:17:37+00:00\",\"breadcrumb\":{\"@id\":\"https:\\\/\\\/granada.salesianos.edu\\\/colegio\\\/blog\\\/encuentroanimadores\\\/#breadcrumb\"},\"inLanguage\":\"es\",\"potentialAction\":[{\"@type\":\"ReadAction\",\"target\":[\"https:\\\/\\\/granada.salesianos.edu\\\/colegio\\\/blog\\\/encuentroanimadores\\\/\"]}]},{\"@type\":\"ImageObject\",\"inLanguage\":\"es\",\"@id\":\"https:\\\/\\\/granada.salesianos.edu\\\/colegio\\\/blog\\\/encuentroanimadores\\\/#primaryimage\",\"url\":\"https:\\\/\\\/granada.salesianos.edu\\\/colegio\\\/wp-content\\\/uploads\\\/sites\\\/2\\\/2021\\\/11\\\/WhatsApp-Image-2021-11-17-at-17.23.23-6.jpeg\",\"contentUrl\":\"https:\\\/\\\/granada.salesianos.edu\\\/colegio\\\/wp-content\\\/uploads\\\/sites\\\/2\\\/2021\\\/11\\\/WhatsApp-Image-2021-11-17-at-17.23.23-6.jpeg\",\"width\":1024,\"height\":682},{\"@type\":\"BreadcrumbList\",\"@id\":\"https:\\\/\\\/granada.salesianos.edu\\\/colegio\\\/blog\\\/encuentroanimadores\\\/#breadcrumb\",\"itemListElement\":[{\"@type\":\"ListItem\",\"position\":1,\"name\":\"Portada\",\"item\":\"https:\\\/\\\/granada.salesianos.edu\\\/colegio\\\/\"},{\"@type\":\"ListItem\",\"position\":2,\"name\":\"ENCUENTRO DE ANIMADORES EN NUESTRA CASA\"}]},{\"@type\":\"WebSite\",\"@id\":\"https:\\\/\\\/granada.salesianos.edu\\\/colegio\\\/#website\",\"url\":\"https:\\\/\\\/granada.salesianos.edu\\\/colegio\\\/\",\"name\":\"Colegio Salesiano\",\"description\":\"P\u00e1gina oficial de Salesianos Granada San Juan Bosco\",\"publisher\":{\"@id\":\"https:\\\/\\\/granada.salesianos.edu\\\/colegio\\\/#organization\"},\"potentialAction\":[{\"@type\":\"SearchAction\",\"target\":{\"@type\":\"EntryPoint\",\"urlTemplate\":\"https:\\\/\\\/granada.salesianos.edu\\\/colegio\\\/?s={search_term_string}\"},\"query-input\":{\"@type\":\"PropertyValueSpecification\",\"valueRequired\":true,\"valueName\":\"search_term_string\"}}],\"inLanguage\":\"es\"},{\"@type\":\"Organization\",\"@id\":\"https:\\\/\\\/granada.salesianos.edu\\\/colegio\\\/#organization\",\"name\":\"Colegio Salesiano San Juan Bosco Granada\",\"url\":\"https:\\\/\\\/granada.salesianos.edu\\\/colegio\\\/\",\"logo\":{\"@type\":\"ImageObject\",\"inLanguage\":\"es\",\"@id\":\"https:\\\/\\\/granada.salesianos.edu\\\/colegio\\\/#\\\/schema\\\/logo\\\/image\\\/\",\"url\":\"https:\\\/\\\/granada.salesianos.edu\\\/colegio\\\/wp-content\\\/uploads\\\/sites\\\/2\\\/2021\\\/01\\\/GRANADAobraVN2.jpg\",\"contentUrl\":\"https:\\\/\\\/granada.salesianos.edu\\\/colegio\\\/wp-content\\\/uploads\\\/sites\\\/2\\\/2021\\\/01\\\/GRANADAobraVN2.jpg\",\"width\":2113,\"height\":1894,\"caption\":\"Colegio Salesiano San Juan Bosco Granada\"},\"image\":{\"@id\":\"https:\\\/\\\/granada.salesianos.edu\\\/colegio\\\/#\\\/schema\\\/logo\\\/image\\\/\"},\"sameAs\":[\"https:\\\/\\\/www.facebook.com\\\/SalesianosGR\\\/\",\"https:\\\/\\\/x.com\\\/GranadaSDB\",\"https:\\\/\\\/www.instagram.com\\\/salesianosgranada\\\/\",\"https:\\\/\\\/www.youtube.com\\\/channel\\\/UChkpZuhCf4Y5rYIcFT3CNxw?view_as=subscriber\"]},{\"@type\":\"Person\",\"@id\":\"https:\\\/\\\/granada.salesianos.edu\\\/colegio\\\/#\\\/schema\\\/person\\\/6392ff2e4bd1e66981d6eab734bbd962\",\"name\":\"Gestor Web\",\"image\":{\"@type\":\"ImageObject\",\"inLanguage\":\"es\",\"@id\":\"https:\\\/\\\/secure.gravatar.com\\\/avatar\\\/160666bb56a01520857079961a824af2b7821d6bad80677c80f2b473fceead1b?s=96&d=mm&r=g\",\"url\":\"https:\\\/\\\/secure.gravatar.com\\\/avatar\\\/160666bb56a01520857079961a824af2b7821d6bad80677c80f2b473fceead1b?s=96&d=mm&r=g\",\"contentUrl\":\"https:\\\/\\\/secure.gravatar.com\\\/avatar\\\/160666bb56a01520857079961a824af2b7821d6bad80677c80f2b473fceead1b?s=96&d=mm&r=g\",\"caption\":\"Gestor Web\"}}]}<\/script>\n<!-- \/ Yoast SEO plugin. -->","yoast_head_json":{"title":"ENCUENTRO DE ANIMADORES EN NUESTRA CASA - Colegio Salesiano","robots":{"index":"index","follow":"follow","max-snippet":"max-snippet:-1","max-image-preview":"max-image-preview:large","max-video-preview":"max-video-preview:-1"},"canonical":"https:\/\/granada.salesianos.edu\/colegio\/blog\/encuentroanimadores\/","og_locale":"es_ES","og_type":"article","og_title":"ENCUENTRO DE ANIMADORES EN NUESTRA CASA - Colegio Salesiano","og_description":"Hoy las aulas del colegio se han llenado de alegr\u00eda, ilusi\u00f3n, sorpresa, emoci\u00f3n y muchas sonrisas.","og_url":"https:\/\/granada.salesianos.edu\/colegio\/blog\/encuentroanimadores\/","og_site_name":"Colegio Salesiano","article_publisher":"https:\/\/www.facebook.com\/SalesianosGR\/","article_published_time":"2021-11-18T15:36:54+00:00","article_modified_time":"2022-12-01T20:17:37+00:00","og_image":[{"width":1024,"height":682,"url":"https:\/\/granada.salesianos.edu\/colegio\/wp-content\/uploads\/sites\/2\/2021\/11\/WhatsApp-Image-2021-11-17-at-17.23.23-6.jpeg","type":"image\/jpeg"}],"author":"Gestor Web","twitter_card":"summary_large_image","twitter_creator":"@GranadaSDB","twitter_site":"@GranadaSDB","twitter_misc":{"Escrito por":"Gestor Web","Tiempo de lectura":"3 minutos"},"schema":{"@context":"https:\/\/schema.org","@graph":[{"@type":"Article","@id":"https:\/\/granada.salesianos.edu\/colegio\/blog\/encuentroanimadores\/#article","isPartOf":{"@id":"https:\/\/granada.salesianos.edu\/colegio\/blog\/encuentroanimadores\/"},"author":{"name":"Gestor Web","@id":"https:\/\/granada.salesianos.edu\/colegio\/#\/schema\/person\/6392ff2e4bd1e66981d6eab734bbd962"},"headline":"ENCUENTRO DE ANIMADORES EN NUESTRA CASA","datePublished":"2021-11-18T15:36:54+00:00","dateModified":"2022-12-01T20:17:37+00:00","mainEntityOfPage":{"@id":"https:\/\/granada.salesianos.edu\/colegio\/blog\/encuentroanimadores\/"},"wordCount":541,"commentCount":0,"publisher":{"@id":"https:\/\/granada.salesianos.edu\/colegio\/#organization"},"image":{"@id":"https:\/\/granada.salesianos.edu\/colegio\/blog\/encuentroanimadores\/#primaryimage"},"thumbnailUrl":"https:\/\/granada.salesianos.edu\/colegio\/wp-content\/uploads\/sites\/2\/2021\/11\/WhatsApp-Image-2021-11-17-at-17.23.23-6.jpeg","articleSection":["Centro Juvenil","Pastoral"],"inLanguage":"es","potentialAction":[{"@type":"CommentAction","name":"Comment","target":["https:\/\/granada.salesianos.edu\/colegio\/blog\/encuentroanimadores\/#respond"]}]},{"@type":"WebPage","@id":"https:\/\/granada.salesianos.edu\/colegio\/blog\/encuentroanimadores\/","url":"https:\/\/granada.salesianos.edu\/colegio\/blog\/encuentroanimadores\/","name":"ENCUENTRO DE ANIMADORES EN NUESTRA CASA - Colegio Salesiano","isPartOf":{"@id":"https:\/\/granada.salesianos.edu\/colegio\/#website"},"primaryImageOfPage":{"@id":"https:\/\/granada.salesianos.edu\/colegio\/blog\/encuentroanimadores\/#primaryimage"},"image":{"@id":"https:\/\/granada.salesianos.edu\/colegio\/blog\/encuentroanimadores\/#primaryimage"},"thumbnailUrl":"https:\/\/granada.salesianos.edu\/colegio\/wp-content\/uploads\/sites\/2\/2021\/11\/WhatsApp-Image-2021-11-17-at-17.23.23-6.jpeg","datePublished":"2021-11-18T15:36:54+00:00","dateModified":"2022-12-01T20:17:37+00:00","breadcrumb":{"@id":"https:\/\/granada.salesianos.edu\/colegio\/blog\/encuentroanimadores\/#breadcrumb"},"inLanguage":"es","potentialAction":[{"@type":"ReadAction","target":["https:\/\/granada.salesianos.edu\/colegio\/blog\/encuentroanimadores\/"]}]},{"@type":"ImageObject","inLanguage":"es","@id":"https:\/\/granada.salesianos.edu\/colegio\/blog\/encuentroanimadores\/#primaryimage","url":"https:\/\/granada.salesianos.edu\/colegio\/wp-content\/uploads\/sites\/2\/2021\/11\/WhatsApp-Image-2021-11-17-at-17.23.23-6.jpeg","contentUrl":"https:\/\/granada.salesianos.edu\/colegio\/wp-content\/uploads\/sites\/2\/2021\/11\/WhatsApp-Image-2021-11-17-at-17.23.23-6.jpeg","width":1024,"height":682},{"@type":"BreadcrumbList","@id":"https:\/\/granada.salesianos.edu\/colegio\/blog\/encuentroanimadores\/#breadcrumb","itemListElement":[{"@type":"ListItem","position":1,"name":"Portada","item":"https:\/\/granada.salesianos.edu\/colegio\/"},{"@type":"ListItem","position":2,"name":"ENCUENTRO DE ANIMADORES EN NUESTRA CASA"}]},{"@type":"WebSite","@id":"https:\/\/granada.salesianos.edu\/colegio\/#website","url":"https:\/\/granada.salesianos.edu\/colegio\/","name":"Colegio Salesiano","description":"P\u00e1gina oficial de Salesianos Granada San Juan Bosco","publisher":{"@id":"https:\/\/granada.salesianos.edu\/colegio\/#organization"},"potentialAction":[{"@type":"SearchAction","target":{"@type":"EntryPoint","urlTemplate":"https:\/\/granada.salesianos.edu\/colegio\/?s={search_term_string}"},"query-input":{"@type":"PropertyValueSpecification","valueRequired":true,"valueName":"search_term_string"}}],"inLanguage":"es"},{"@type":"Organization","@id":"https:\/\/granada.salesianos.edu\/colegio\/#organization","name":"Colegio Salesiano San Juan Bosco Granada","url":"https:\/\/granada.salesianos.edu\/colegio\/","logo":{"@type":"ImageObject","inLanguage":"es","@id":"https:\/\/granada.salesianos.edu\/colegio\/#\/schema\/logo\/image\/","url":"https:\/\/granada.salesianos.edu\/colegio\/wp-content\/uploads\/sites\/2\/2021\/01\/GRANADAobraVN2.jpg","contentUrl":"https:\/\/granada.salesianos.edu\/colegio\/wp-content\/uploads\/sites\/2\/2021\/01\/GRANADAobraVN2.jpg","width":2113,"height":1894,"caption":"Colegio Salesiano San Juan Bosco Granada"},"image":{"@id":"https:\/\/granada.salesianos.edu\/colegio\/#\/schema\/logo\/image\/"},"sameAs":["https:\/\/www.facebook.com\/SalesianosGR\/","https:\/\/x.com\/GranadaSDB","https:\/\/www.instagram.com\/salesianosgranada\/","https:\/\/www.youtube.com\/channel\/UChkpZuhCf4Y5rYIcFT3CNxw?view_as=subscriber"]},{"@type":"Person","@id":"https:\/\/granada.salesianos.edu\/colegio\/#\/schema\/person\/6392ff2e4bd1e66981d6eab734bbd962","name":"Gestor Web","image":{"@type":"ImageObject","inLanguage":"es","@id":"https:\/\/secure.gravatar.com\/avatar\/160666bb56a01520857079961a824af2b7821d6bad80677c80f2b473fceead1b?s=96&d=mm&r=g","url":"https:\/\/secure.gravatar.com\/avatar\/160666bb56a01520857079961a824af2b7821d6bad80677c80f2b473fceead1b?s=96&d=mm&r=g","contentUrl":"https:\/\/secure.gravatar.com\/avatar\/160666bb56a01520857079961a824af2b7821d6bad80677c80f2b473fceead1b?s=96&d=mm&r=g","caption":"Gestor Web"}}]}},"_links":{"self":[{"href":"https:\/\/granada.salesianos.edu\/colegio\/wp-json\/wp\/v2\/posts\/14516","targetHints":{"allow":["GET"]}}],"collection":[{"href":"https:\/\/granada.salesianos.edu\/colegio\/wp-json\/wp\/v2\/posts"}],"about":[{"href":"https:\/\/granada.salesianos.edu\/colegio\/wp-json\/wp\/v2\/types\/post"}],"author":[{"embeddable":true,"href":"https:\/\/granada.salesianos.edu\/colegio\/wp-json\/wp\/v2\/users\/2"}],"replies":[{"embeddable":true,"href":"https:\/\/granada.salesianos.edu\/colegio\/wp-json\/wp\/v2\/comments?post=14516"}],"version-history":[{"count":3,"href":"https:\/\/granada.salesianos.edu\/colegio\/wp-json\/wp\/v2\/posts\/14516\/revisions"}],"predecessor-version":[{"id":14536,"href":"https:\/\/granada.salesianos.edu\/colegio\/wp-json\/wp\/v2\/posts\/14516\/revisions\/14536"}],"wp:featuredmedia":[{"embeddable":true,"href":"https:\/\/granada.salesianos.edu\/colegio\/wp-json\/wp\/v2\/media\/14524"}],"wp:attachment":[{"href":"https:\/\/granada.salesianos.edu\/colegio\/wp-json\/wp\/v2\/media?parent=14516"}],"wp:term":[{"taxonomy":"category","embeddable":true,"href":"https:\/\/granada.salesianos.edu\/colegio\/wp-json\/wp\/v2\/categories?post=14516"},{"taxonomy":"post_tag","embeddable":true,"href":"https:\/\/granada.salesianos.edu\/colegio\/wp-json\/wp\/v2\/tags?post=14516"}],"curies":[{"name":"wp","href":"https:\/\/api.w.org\/{rel}","templated":true}]}}