{"id":14537,"date":"2021-11-25T19:40:24","date_gmt":"2021-11-25T17:40:24","guid":{"rendered":"https:\/\/granada.salesianos.edu\/colegio\/?p=14537"},"modified":"2022-12-01T22:17:16","modified_gmt":"2022-12-01T20:17:16","slug":"manifiestocontraviolenciadegenero","status":"publish","type":"post","link":"https:\/\/granada.salesianos.edu\/colegio\/blog\/manifiestocontraviolenciadegenero\/","title":{"rendered":"MANIFIESTO CONTRA LA VIOLENCIA DE G\u00c9NERO"},"content":{"rendered":"<div id=\"fb-root\"><\/div>\n<p>[et_pb_section fb_built=\u00bb1&#8243; admin_label=\u00bbsection\u00bb _builder_version=\u00bb3.22&#8243;][et_pb_row admin_label=\u00bbrow\u00bb _builder_version=\u00bb3.25&#8243; background_size=\u00bbinitial\u00bb background_position=\u00bbtop_left\u00bb background_repeat=\u00bbrepeat\u00bb][et_pb_column type=\u00bb4_4&#8243; _builder_version=\u00bb3.25&#8243; custom_padding=\u00bb|||\u00bb custom_padding__hover=\u00bb|||\u00bb][et_pb_text admin_label=\u00bbEntradilla (Texto)\u00bb _builder_version=\u00bb4.2.2&#8243; text_font=\u00bb|on|||\u00bb text_orientation=\u00bbjustified\u00bb]<\/p>\n<div class=\"et_pb_module et_pb_text et_pb_text_0  et_pb_text_align_justified et_pb_bg_layout_light\">\n<div class=\"et_pb_text_inner\">\n<h3><strong>Rechazo a la violencia de G\u00e9nero<\/strong><\/h3>\n<\/div>\n<\/div>\n<div class=\"et_pb_module et_pb_text et_pb_text_1  et_pb_text_align_left et_pb_bg_layout_light\">\n<div class=\"et_pb_text_inner\">\u00a0<\/div>\n<\/div>\n<p>[\/et_pb_text][et_pb_text admin_label=\u00bbAutor (Texto)\u00bb _builder_version=\u00bb4.2.2&#8243; text_font=\u00bb||on||\u00bb]<\/p>\n<p>Por: Andrea Herna\u0301ndez Lin\u0303a\u0301n y Javier Herrero Antequera<\/p>\n<p>[\/et_pb_text][et_pb_text admin_label=\u00bbDesarrollo (Texto)\u00bb _builder_version=\u00bb4.2.2&#8243; text_orientation=\u00bbjustified\u00bb custom_padding=\u00bb||28px|||\u00bb]<\/p>\n<div class=\"page\" title=\"Page 1\">\n<div class=\"section\">\n<div class=\"layoutArea\">\n<div class=\"column\">\n<p>&nbsp;<\/p>\n<\/div>\n<\/div>\n<div class=\"layoutArea\">\n<div class=\"column\">\n<p>Manifiesto contra la violencia de ge\u0301nero<\/p>\n<p>Roci\u0301o Cai\u0301z, 17 an\u0303os. Consuelo, 81 an\u0303os. Hazna, 35 an\u0303os. Mari\u0301a Pilar Barrio, 41 an\u0303os. Pamela Salgado, 25 an\u0303os&#8230; Y otros tantos nombres componen la lista de 70 mujeres asesinadas a manos de sus parejas o exparejas en 2021 solo en nuestro pai\u0301s. Sus nombres no pasara\u0301n a la historia, y sus asesinatos, por desgracia, no allanara\u0301n el camino hacia la igualdad entre ge\u0301neros. Para el sistema no son ma\u0301s que un nu\u0301mero, una cifra perteneciente a una lista que crece incesantemente. Pero ninguna de ellas es solo un nu\u0301mero. Todas ellas tienen una historia que contar, unos hijos a los que han dejado hue\u0301rfanos, unos padres que han quedado muertos en vida, y todo por el egoi\u0301smo de sus parejas, quienes expresan su creencia de superioridad mediante la agresio\u0301n.<\/p>\n<p>Los medios de comunicacio\u0301n se hacen eco de todos los asesinatos machistas en nuestro pai\u0301s. Sin embargo, prestan poca atencio\u0301n a la violencia de ge\u0301nero en si\u0301, ya que e\u0301sta no solo consiste en el asesinato, que al fin y al cabo no es ma\u0301s que la punta del iceberg, sino que engobla todo lo que hay detra\u0301s: desde las palizas y amenazas, hasta los celos, la desconfianza y el maltrato psicolo\u0301gico. Adema\u0301s, este tipo de noticias han quedado relegadas a un segundo plano en los informativos, narra\u0301ndose como si de cualquier otro tipo de noticia se tratase. Nos estamos insensibilizando y acostumbrando a un problema cuya magnitud no hace ma\u0301s que acrecentarse. Cada vez es ma\u0301s frecuente la imagen de nin\u0303as volviendo a sus casas en soledad con las llaves entre los nudillos, con la sensacio\u0301n de que hay alguien que sigue sus pasos y no para de observarlas. Hemos normalizado el silencio y el ocultamiento de todos los sentimientos que actos como miradas inapropiadas o tocamientos no consentidos en el transporte pu\u0301blico por parte de extran\u0303os provocan en las mujeres.<\/p>\n<p>Muchas veces, las vi\u0301ctimas callan su sufrimiento porque no se sienten arropadas y protegidas por las Instituciones. Debemos protestar para exigir un refuerzo de las leyes ya existentes que protegen a las mujeres, hacie\u0301ndolas ma\u0301s tajantes para que todas vosotras poda\u0301is pasear sin miedo a lo que pueda pasar.<\/p>\n<p>Existe, adema\u0301s, una gran falta de informacio\u0301n que ha derivado inevitablemente en un aumento de los casos de agresiones fi\u0301sicas o psicolo\u0301gicas en las parejas de jo\u0301venes, quienes muchas veces interpretan gestos violentos como sen\u0303ales de carin\u0303o o estima. La toxicidad en las parejas es cada vez ma\u0301s frecuente y casi sin darnos cuenta, suele derivar paulatinamente en procesos ma\u0301s complejos y dolorosos de violencia.<\/p>\n<p>Como alumnos del Colegio Salesiano San Juan Bosco de Granada, queremos dirigirnos a ti, que sufres de la violencia de ge\u0301nero, que crees que no hay remedio a la situacio\u0301n que esta\u0301s viviendo. Hoy, queremos decirte que el amor no tiene por que\u0301 doler, que vas a salir de esto. No esta\u0301s sola y por supuesto que puedes contar con nosotros. Desde este colegio nos manifestamos totalmente en contra de estos actos de violencia, y por eso queremos hacer un llamamiento a vosotros y vosotras, a todos los jo\u0301venes de este colegio. La lucha contra la violencia de ge\u0301nero es una tarea comu\u0301n, y desde aqui\u0301, queremos agradecer a todos aquellos hombres que cree\u0301is realmente en la igualdad de ge\u0301nero. Somos la generacio\u0301n capaz de cambiar las cosas, y por eso tenemos que alzar la voz por las que no han podido, por aquellas que ya no esta\u0301n y por las que no pueden por miedo a hacerlo.<\/p>\n<\/div>\n<\/div>\n<\/div>\n<\/div>\n<p>[\/et_pb_text][et_pb_gallery gallery_ids=\u00bb14551,14540,14541,14542,14543,14544,14545,14546,14547,14548,14549,14550&#8243; show_title_and_caption=\u00bboff\u00bb _builder_version=\u00bb4.2.2&#8243;][\/et_pb_gallery][et_pb_gallery gallery_ids=\u00bb62245,62246,62247,62248,62249,62250,62251,62254,62255,62257&#8243; show_title_and_caption=\u00bboff\u00bb _builder_version=\u00bb4.2.2&#8243;][\/et_pb_gallery][\/et_pb_column][\/et_pb_row][\/et_pb_section]<\/p>\n","protected":false},"excerpt":{"rendered":"<p>Hoy las aulas del colegio se han llenado de alegr\u00eda, ilusi\u00f3n, sorpresa, emoci\u00f3n y muchas sonrisas.<\/p>\n","protected":false},"author":2,"featured_media":14551,"comment_status":"open","ping_status":"open","sticky":false,"template":"","format":"standard","meta":{"_et_pb_use_builder":"on","_et_pb_old_content":"","_et_gb_content_width":"","footnotes":""},"categories":[20,11,19,21,26,23,22,1],"tags":[],"class_list":["post-14537","post","type-post","status-publish","format-standard","has-post-thumbnail","hentry","category-bto","category-colegio","category-eso","category-fp","category-infantil","category-pastoral","category-primaria","category-uncategorized"],"yoast_head":"<!-- This site is optimized with the Yoast SEO plugin v28.4 - https:\/\/yoast.com\/product\/yoast-seo-wordpress\/ -->\n<title>MANIFIESTO CONTRA LA VIOLENCIA DE G\u00c9NERO - Colegio Salesiano<\/title>\n<meta name=\"robots\" content=\"index, follow, max-snippet:-1, max-image-preview:large, max-video-preview:-1\" \/>\n<link rel=\"canonical\" href=\"https:\/\/granada.salesianos.edu\/colegio\/blog\/manifiestocontraviolenciadegenero\/\" \/>\n<meta property=\"og:locale\" content=\"es_ES\" \/>\n<meta property=\"og:type\" content=\"article\" \/>\n<meta property=\"og:title\" content=\"MANIFIESTO CONTRA LA VIOLENCIA DE G\u00c9NERO - Colegio Salesiano\" \/>\n<meta property=\"og:description\" content=\"Hoy las aulas del colegio se han llenado de alegr\u00eda, ilusi\u00f3n, sorpresa, emoci\u00f3n y muchas sonrisas.\" \/>\n<meta property=\"og:url\" content=\"https:\/\/granada.salesianos.edu\/colegio\/blog\/manifiestocontraviolenciadegenero\/\" \/>\n<meta property=\"og:site_name\" content=\"Colegio Salesiano\" \/>\n<meta property=\"article:publisher\" content=\"https:\/\/www.facebook.com\/SalesianosGR\/\" \/>\n<meta property=\"article:published_time\" content=\"2021-11-25T17:40:24+00:00\" \/>\n<meta property=\"article:modified_time\" content=\"2022-12-01T20:17:16+00:00\" \/>\n<meta property=\"og:image\" content=\"https:\/\/granada.salesianos.edu\/colegio\/wp-content\/uploads\/sites\/2\/2021\/11\/WhatsApp-Image-2021-11-25-at-18.33.42.jpeg\" \/>\n\t<meta property=\"og:image:width\" content=\"1600\" \/>\n\t<meta property=\"og:image:height\" content=\"924\" \/>\n\t<meta property=\"og:image:type\" content=\"image\/jpeg\" \/>\n<meta name=\"author\" content=\"Gestor Web\" \/>\n<meta name=\"twitter:card\" content=\"summary_large_image\" \/>\n<meta name=\"twitter:creator\" content=\"@GranadaSDB\" \/>\n<meta name=\"twitter:site\" content=\"@GranadaSDB\" \/>\n<meta name=\"twitter:label1\" content=\"Escrito por\" \/>\n\t<meta name=\"twitter:data1\" content=\"Gestor Web\" \/>\n\t<meta name=\"twitter:label2\" content=\"Tiempo de lectura\" \/>\n\t<meta name=\"twitter:data2\" content=\"4 minutos\" \/>\n<script type=\"application\/ld+json\" class=\"yoast-schema-graph\">{\"@context\":\"https:\\\/\\\/schema.org\",\"@graph\":[{\"@type\":\"Article\",\"@id\":\"https:\\\/\\\/granada.salesianos.edu\\\/colegio\\\/blog\\\/manifiestocontraviolenciadegenero\\\/#article\",\"isPartOf\":{\"@id\":\"https:\\\/\\\/granada.salesianos.edu\\\/colegio\\\/blog\\\/manifiestocontraviolenciadegenero\\\/\"},\"author\":{\"name\":\"Gestor Web\",\"@id\":\"https:\\\/\\\/granada.salesianos.edu\\\/colegio\\\/#\\\/schema\\\/person\\\/6392ff2e4bd1e66981d6eab734bbd962\"},\"headline\":\"MANIFIESTO CONTRA LA VIOLENCIA DE G\u00c9NERO\",\"datePublished\":\"2021-11-25T17:40:24+00:00\",\"dateModified\":\"2022-12-01T20:17:16+00:00\",\"mainEntityOfPage\":{\"@id\":\"https:\\\/\\\/granada.salesianos.edu\\\/colegio\\\/blog\\\/manifiestocontraviolenciadegenero\\\/\"},\"wordCount\":797,\"commentCount\":0,\"publisher\":{\"@id\":\"https:\\\/\\\/granada.salesianos.edu\\\/colegio\\\/#organization\"},\"image\":{\"@id\":\"https:\\\/\\\/granada.salesianos.edu\\\/colegio\\\/blog\\\/manifiestocontraviolenciadegenero\\\/#primaryimage\"},\"thumbnailUrl\":\"https:\\\/\\\/granada.salesianos.edu\\\/colegio\\\/wp-content\\\/uploads\\\/sites\\\/2\\\/2021\\\/11\\\/WhatsApp-Image-2021-11-25-at-18.33.42.jpeg\",\"articleSection\":[\"BTO\",\"Colegio\",\"ESO\",\"FP\",\"Infantil\",\"Pastoral\",\"Primaria\",\"Uncategorized\"],\"inLanguage\":\"es\",\"potentialAction\":[{\"@type\":\"CommentAction\",\"name\":\"Comment\",\"target\":[\"https:\\\/\\\/granada.salesianos.edu\\\/colegio\\\/blog\\\/manifiestocontraviolenciadegenero\\\/#respond\"]}]},{\"@type\":\"WebPage\",\"@id\":\"https:\\\/\\\/granada.salesianos.edu\\\/colegio\\\/blog\\\/manifiestocontraviolenciadegenero\\\/\",\"url\":\"https:\\\/\\\/granada.salesianos.edu\\\/colegio\\\/blog\\\/manifiestocontraviolenciadegenero\\\/\",\"name\":\"MANIFIESTO CONTRA LA VIOLENCIA DE G\u00c9NERO - Colegio Salesiano\",\"isPartOf\":{\"@id\":\"https:\\\/\\\/granada.salesianos.edu\\\/colegio\\\/#website\"},\"primaryImageOfPage\":{\"@id\":\"https:\\\/\\\/granada.salesianos.edu\\\/colegio\\\/blog\\\/manifiestocontraviolenciadegenero\\\/#primaryimage\"},\"image\":{\"@id\":\"https:\\\/\\\/granada.salesianos.edu\\\/colegio\\\/blog\\\/manifiestocontraviolenciadegenero\\\/#primaryimage\"},\"thumbnailUrl\":\"https:\\\/\\\/granada.salesianos.edu\\\/colegio\\\/wp-content\\\/uploads\\\/sites\\\/2\\\/2021\\\/11\\\/WhatsApp-Image-2021-11-25-at-18.33.42.jpeg\",\"datePublished\":\"2021-11-25T17:40:24+00:00\",\"dateModified\":\"2022-12-01T20:17:16+00:00\",\"breadcrumb\":{\"@id\":\"https:\\\/\\\/granada.salesianos.edu\\\/colegio\\\/blog\\\/manifiestocontraviolenciadegenero\\\/#breadcrumb\"},\"inLanguage\":\"es\",\"potentialAction\":[{\"@type\":\"ReadAction\",\"target\":[\"https:\\\/\\\/granada.salesianos.edu\\\/colegio\\\/blog\\\/manifiestocontraviolenciadegenero\\\/\"]}]},{\"@type\":\"ImageObject\",\"inLanguage\":\"es\",\"@id\":\"https:\\\/\\\/granada.salesianos.edu\\\/colegio\\\/blog\\\/manifiestocontraviolenciadegenero\\\/#primaryimage\",\"url\":\"https:\\\/\\\/granada.salesianos.edu\\\/colegio\\\/wp-content\\\/uploads\\\/sites\\\/2\\\/2021\\\/11\\\/WhatsApp-Image-2021-11-25-at-18.33.42.jpeg\",\"contentUrl\":\"https:\\\/\\\/granada.salesianos.edu\\\/colegio\\\/wp-content\\\/uploads\\\/sites\\\/2\\\/2021\\\/11\\\/WhatsApp-Image-2021-11-25-at-18.33.42.jpeg\",\"width\":1600,\"height\":924},{\"@type\":\"BreadcrumbList\",\"@id\":\"https:\\\/\\\/granada.salesianos.edu\\\/colegio\\\/blog\\\/manifiestocontraviolenciadegenero\\\/#breadcrumb\",\"itemListElement\":[{\"@type\":\"ListItem\",\"position\":1,\"name\":\"Portada\",\"item\":\"https:\\\/\\\/granada.salesianos.edu\\\/colegio\\\/\"},{\"@type\":\"ListItem\",\"position\":2,\"name\":\"MANIFIESTO CONTRA LA VIOLENCIA DE G\u00c9NERO\"}]},{\"@type\":\"WebSite\",\"@id\":\"https:\\\/\\\/granada.salesianos.edu\\\/colegio\\\/#website\",\"url\":\"https:\\\/\\\/granada.salesianos.edu\\\/colegio\\\/\",\"name\":\"Colegio Salesiano\",\"description\":\"P\u00e1gina oficial de Salesianos Granada San Juan Bosco\",\"publisher\":{\"@id\":\"https:\\\/\\\/granada.salesianos.edu\\\/colegio\\\/#organization\"},\"potentialAction\":[{\"@type\":\"SearchAction\",\"target\":{\"@type\":\"EntryPoint\",\"urlTemplate\":\"https:\\\/\\\/granada.salesianos.edu\\\/colegio\\\/?s={search_term_string}\"},\"query-input\":{\"@type\":\"PropertyValueSpecification\",\"valueRequired\":true,\"valueName\":\"search_term_string\"}}],\"inLanguage\":\"es\"},{\"@type\":\"Organization\",\"@id\":\"https:\\\/\\\/granada.salesianos.edu\\\/colegio\\\/#organization\",\"name\":\"Colegio Salesiano San Juan Bosco Granada\",\"url\":\"https:\\\/\\\/granada.salesianos.edu\\\/colegio\\\/\",\"logo\":{\"@type\":\"ImageObject\",\"inLanguage\":\"es\",\"@id\":\"https:\\\/\\\/granada.salesianos.edu\\\/colegio\\\/#\\\/schema\\\/logo\\\/image\\\/\",\"url\":\"https:\\\/\\\/granada.salesianos.edu\\\/colegio\\\/wp-content\\\/uploads\\\/sites\\\/2\\\/2021\\\/01\\\/GRANADAobraVN2.jpg\",\"contentUrl\":\"https:\\\/\\\/granada.salesianos.edu\\\/colegio\\\/wp-content\\\/uploads\\\/sites\\\/2\\\/2021\\\/01\\\/GRANADAobraVN2.jpg\",\"width\":2113,\"height\":1894,\"caption\":\"Colegio Salesiano San Juan Bosco Granada\"},\"image\":{\"@id\":\"https:\\\/\\\/granada.salesianos.edu\\\/colegio\\\/#\\\/schema\\\/logo\\\/image\\\/\"},\"sameAs\":[\"https:\\\/\\\/www.facebook.com\\\/SalesianosGR\\\/\",\"https:\\\/\\\/x.com\\\/GranadaSDB\",\"https:\\\/\\\/www.instagram.com\\\/salesianosgranada\\\/\",\"https:\\\/\\\/www.youtube.com\\\/channel\\\/UChkpZuhCf4Y5rYIcFT3CNxw?view_as=subscriber\"]},{\"@type\":\"Person\",\"@id\":\"https:\\\/\\\/granada.salesianos.edu\\\/colegio\\\/#\\\/schema\\\/person\\\/6392ff2e4bd1e66981d6eab734bbd962\",\"name\":\"Gestor Web\",\"image\":{\"@type\":\"ImageObject\",\"inLanguage\":\"es\",\"@id\":\"https:\\\/\\\/secure.gravatar.com\\\/avatar\\\/160666bb56a01520857079961a824af2b7821d6bad80677c80f2b473fceead1b?s=96&d=mm&r=g\",\"url\":\"https:\\\/\\\/secure.gravatar.com\\\/avatar\\\/160666bb56a01520857079961a824af2b7821d6bad80677c80f2b473fceead1b?s=96&d=mm&r=g\",\"contentUrl\":\"https:\\\/\\\/secure.gravatar.com\\\/avatar\\\/160666bb56a01520857079961a824af2b7821d6bad80677c80f2b473fceead1b?s=96&d=mm&r=g\",\"caption\":\"Gestor Web\"}}]}<\/script>\n<!-- \/ Yoast SEO plugin. -->","yoast_head_json":{"title":"MANIFIESTO CONTRA LA VIOLENCIA DE G\u00c9NERO - Colegio Salesiano","robots":{"index":"index","follow":"follow","max-snippet":"max-snippet:-1","max-image-preview":"max-image-preview:large","max-video-preview":"max-video-preview:-1"},"canonical":"https:\/\/granada.salesianos.edu\/colegio\/blog\/manifiestocontraviolenciadegenero\/","og_locale":"es_ES","og_type":"article","og_title":"MANIFIESTO CONTRA LA VIOLENCIA DE G\u00c9NERO - Colegio Salesiano","og_description":"Hoy las aulas del colegio se han llenado de alegr\u00eda, ilusi\u00f3n, sorpresa, emoci\u00f3n y muchas sonrisas.","og_url":"https:\/\/granada.salesianos.edu\/colegio\/blog\/manifiestocontraviolenciadegenero\/","og_site_name":"Colegio Salesiano","article_publisher":"https:\/\/www.facebook.com\/SalesianosGR\/","article_published_time":"2021-11-25T17:40:24+00:00","article_modified_time":"2022-12-01T20:17:16+00:00","og_image":[{"width":1600,"height":924,"url":"https:\/\/granada.salesianos.edu\/colegio\/wp-content\/uploads\/sites\/2\/2021\/11\/WhatsApp-Image-2021-11-25-at-18.33.42.jpeg","type":"image\/jpeg"}],"author":"Gestor Web","twitter_card":"summary_large_image","twitter_creator":"@GranadaSDB","twitter_site":"@GranadaSDB","twitter_misc":{"Escrito por":"Gestor Web","Tiempo de lectura":"4 minutos"},"schema":{"@context":"https:\/\/schema.org","@graph":[{"@type":"Article","@id":"https:\/\/granada.salesianos.edu\/colegio\/blog\/manifiestocontraviolenciadegenero\/#article","isPartOf":{"@id":"https:\/\/granada.salesianos.edu\/colegio\/blog\/manifiestocontraviolenciadegenero\/"},"author":{"name":"Gestor Web","@id":"https:\/\/granada.salesianos.edu\/colegio\/#\/schema\/person\/6392ff2e4bd1e66981d6eab734bbd962"},"headline":"MANIFIESTO CONTRA LA VIOLENCIA DE G\u00c9NERO","datePublished":"2021-11-25T17:40:24+00:00","dateModified":"2022-12-01T20:17:16+00:00","mainEntityOfPage":{"@id":"https:\/\/granada.salesianos.edu\/colegio\/blog\/manifiestocontraviolenciadegenero\/"},"wordCount":797,"commentCount":0,"publisher":{"@id":"https:\/\/granada.salesianos.edu\/colegio\/#organization"},"image":{"@id":"https:\/\/granada.salesianos.edu\/colegio\/blog\/manifiestocontraviolenciadegenero\/#primaryimage"},"thumbnailUrl":"https:\/\/granada.salesianos.edu\/colegio\/wp-content\/uploads\/sites\/2\/2021\/11\/WhatsApp-Image-2021-11-25-at-18.33.42.jpeg","articleSection":["BTO","Colegio","ESO","FP","Infantil","Pastoral","Primaria","Uncategorized"],"inLanguage":"es","potentialAction":[{"@type":"CommentAction","name":"Comment","target":["https:\/\/granada.salesianos.edu\/colegio\/blog\/manifiestocontraviolenciadegenero\/#respond"]}]},{"@type":"WebPage","@id":"https:\/\/granada.salesianos.edu\/colegio\/blog\/manifiestocontraviolenciadegenero\/","url":"https:\/\/granada.salesianos.edu\/colegio\/blog\/manifiestocontraviolenciadegenero\/","name":"MANIFIESTO CONTRA LA VIOLENCIA DE G\u00c9NERO - Colegio Salesiano","isPartOf":{"@id":"https:\/\/granada.salesianos.edu\/colegio\/#website"},"primaryImageOfPage":{"@id":"https:\/\/granada.salesianos.edu\/colegio\/blog\/manifiestocontraviolenciadegenero\/#primaryimage"},"image":{"@id":"https:\/\/granada.salesianos.edu\/colegio\/blog\/manifiestocontraviolenciadegenero\/#primaryimage"},"thumbnailUrl":"https:\/\/granada.salesianos.edu\/colegio\/wp-content\/uploads\/sites\/2\/2021\/11\/WhatsApp-Image-2021-11-25-at-18.33.42.jpeg","datePublished":"2021-11-25T17:40:24+00:00","dateModified":"2022-12-01T20:17:16+00:00","breadcrumb":{"@id":"https:\/\/granada.salesianos.edu\/colegio\/blog\/manifiestocontraviolenciadegenero\/#breadcrumb"},"inLanguage":"es","potentialAction":[{"@type":"ReadAction","target":["https:\/\/granada.salesianos.edu\/colegio\/blog\/manifiestocontraviolenciadegenero\/"]}]},{"@type":"ImageObject","inLanguage":"es","@id":"https:\/\/granada.salesianos.edu\/colegio\/blog\/manifiestocontraviolenciadegenero\/#primaryimage","url":"https:\/\/granada.salesianos.edu\/colegio\/wp-content\/uploads\/sites\/2\/2021\/11\/WhatsApp-Image-2021-11-25-at-18.33.42.jpeg","contentUrl":"https:\/\/granada.salesianos.edu\/colegio\/wp-content\/uploads\/sites\/2\/2021\/11\/WhatsApp-Image-2021-11-25-at-18.33.42.jpeg","width":1600,"height":924},{"@type":"BreadcrumbList","@id":"https:\/\/granada.salesianos.edu\/colegio\/blog\/manifiestocontraviolenciadegenero\/#breadcrumb","itemListElement":[{"@type":"ListItem","position":1,"name":"Portada","item":"https:\/\/granada.salesianos.edu\/colegio\/"},{"@type":"ListItem","position":2,"name":"MANIFIESTO CONTRA LA VIOLENCIA DE G\u00c9NERO"}]},{"@type":"WebSite","@id":"https:\/\/granada.salesianos.edu\/colegio\/#website","url":"https:\/\/granada.salesianos.edu\/colegio\/","name":"Colegio Salesiano","description":"P\u00e1gina oficial de Salesianos Granada San Juan Bosco","publisher":{"@id":"https:\/\/granada.salesianos.edu\/colegio\/#organization"},"potentialAction":[{"@type":"SearchAction","target":{"@type":"EntryPoint","urlTemplate":"https:\/\/granada.salesianos.edu\/colegio\/?s={search_term_string}"},"query-input":{"@type":"PropertyValueSpecification","valueRequired":true,"valueName":"search_term_string"}}],"inLanguage":"es"},{"@type":"Organization","@id":"https:\/\/granada.salesianos.edu\/colegio\/#organization","name":"Colegio Salesiano San Juan Bosco Granada","url":"https:\/\/granada.salesianos.edu\/colegio\/","logo":{"@type":"ImageObject","inLanguage":"es","@id":"https:\/\/granada.salesianos.edu\/colegio\/#\/schema\/logo\/image\/","url":"https:\/\/granada.salesianos.edu\/colegio\/wp-content\/uploads\/sites\/2\/2021\/01\/GRANADAobraVN2.jpg","contentUrl":"https:\/\/granada.salesianos.edu\/colegio\/wp-content\/uploads\/sites\/2\/2021\/01\/GRANADAobraVN2.jpg","width":2113,"height":1894,"caption":"Colegio Salesiano San Juan Bosco Granada"},"image":{"@id":"https:\/\/granada.salesianos.edu\/colegio\/#\/schema\/logo\/image\/"},"sameAs":["https:\/\/www.facebook.com\/SalesianosGR\/","https:\/\/x.com\/GranadaSDB","https:\/\/www.instagram.com\/salesianosgranada\/","https:\/\/www.youtube.com\/channel\/UChkpZuhCf4Y5rYIcFT3CNxw?view_as=subscriber"]},{"@type":"Person","@id":"https:\/\/granada.salesianos.edu\/colegio\/#\/schema\/person\/6392ff2e4bd1e66981d6eab734bbd962","name":"Gestor Web","image":{"@type":"ImageObject","inLanguage":"es","@id":"https:\/\/secure.gravatar.com\/avatar\/160666bb56a01520857079961a824af2b7821d6bad80677c80f2b473fceead1b?s=96&d=mm&r=g","url":"https:\/\/secure.gravatar.com\/avatar\/160666bb56a01520857079961a824af2b7821d6bad80677c80f2b473fceead1b?s=96&d=mm&r=g","contentUrl":"https:\/\/secure.gravatar.com\/avatar\/160666bb56a01520857079961a824af2b7821d6bad80677c80f2b473fceead1b?s=96&d=mm&r=g","caption":"Gestor Web"}}]}},"_links":{"self":[{"href":"https:\/\/granada.salesianos.edu\/colegio\/wp-json\/wp\/v2\/posts\/14537","targetHints":{"allow":["GET"]}}],"collection":[{"href":"https:\/\/granada.salesianos.edu\/colegio\/wp-json\/wp\/v2\/posts"}],"about":[{"href":"https:\/\/granada.salesianos.edu\/colegio\/wp-json\/wp\/v2\/types\/post"}],"author":[{"embeddable":true,"href":"https:\/\/granada.salesianos.edu\/colegio\/wp-json\/wp\/v2\/users\/2"}],"replies":[{"embeddable":true,"href":"https:\/\/granada.salesianos.edu\/colegio\/wp-json\/wp\/v2\/comments?post=14537"}],"version-history":[{"count":4,"href":"https:\/\/granada.salesianos.edu\/colegio\/wp-json\/wp\/v2\/posts\/14537\/revisions"}],"predecessor-version":[{"id":14561,"href":"https:\/\/granada.salesianos.edu\/colegio\/wp-json\/wp\/v2\/posts\/14537\/revisions\/14561"}],"wp:featuredmedia":[{"embeddable":true,"href":"https:\/\/granada.salesianos.edu\/colegio\/wp-json\/wp\/v2\/media\/14551"}],"wp:attachment":[{"href":"https:\/\/granada.salesianos.edu\/colegio\/wp-json\/wp\/v2\/media?parent=14537"}],"wp:term":[{"taxonomy":"category","embeddable":true,"href":"https:\/\/granada.salesianos.edu\/colegio\/wp-json\/wp\/v2\/categories?post=14537"},{"taxonomy":"post_tag","embeddable":true,"href":"https:\/\/granada.salesianos.edu\/colegio\/wp-json\/wp\/v2\/tags?post=14537"}],"curies":[{"name":"wp","href":"https:\/\/api.w.org\/{rel}","templated":true}]}}