{"id":15077,"date":"2022-02-18T22:10:16","date_gmt":"2022-02-18T20:10:16","guid":{"rendered":"https:\/\/granada.salesianos.edu\/colegio\/?p=15077"},"modified":"2022-12-01T22:10:47","modified_gmt":"2022-12-01T20:10:47","slug":"salesianos-granada-consigue-una-nueva-acreditacion-erasmus","status":"publish","type":"post","link":"https:\/\/granada.salesianos.edu\/colegio\/blog\/salesianos-granada-consigue-una-nueva-acreditacion-erasmus\/","title":{"rendered":"Salesianos Granada consigue dos nuevas acreditaciones Erasmus+"},"content":{"rendered":"<div id=\"fb-root\"><\/div>\n<p>[et_pb_section fb_built=\u00bb1&#8243; admin_label=\u00bbsection\u00bb _builder_version=\u00bb3.22&#8243; global_colors_info=\u00bb{}\u00bb][et_pb_row admin_label=\u00bbrow\u00bb _builder_version=\u00bb3.25&#8243; background_size=\u00bbinitial\u00bb background_position=\u00bbtop_left\u00bb background_repeat=\u00bbrepeat\u00bb min_height=\u00bb784.7px\u00bb global_colors_info=\u00bb{}\u00bb][et_pb_column type=\u00bb4_4&#8243; _builder_version=\u00bb3.25&#8243; custom_padding=\u00bb|||\u00bb global_colors_info=\u00bb{}\u00bb custom_padding__hover=\u00bb|||\u00bb][et_pb_text admin_label=\u00bbEntradilla (Texto)\u00bb _builder_version=\u00bb4.14.7&#8243; text_font=\u00bb|on|||\u00bb text_orientation=\u00bbjustified\u00bb global_colors_info=\u00bb{}\u00bb]<\/p>\n<h3><span><span><b><span style=\"color: #ff0000;\">Desde el pasado 1 de Febrero, nuestro centro, San Juan Bosco Granada, ha conseguido nuevas\u00a0<span style=\"caret-color: #ff0000;\">acreditaciones\u00a0<\/span>\u00a0por parte de Erasmus+ que engloba etapas como Primaria, Secundaria, Bachillerato y Formaci\u00f3n Profesional.\u00a0<\/span><\/b><\/span><\/span><\/h3>\n<p>&nbsp;<\/p>\n<p>[\/et_pb_text][et_pb_text admin_label=\u00bbDesarrollo (Texto)\u00bb _builder_version=\u00bb4.14.7&#8243; text_orientation=\u00bbjustified\u00bb min_height=\u00bb210px\u00bb global_colors_info=\u00bb{}\u00bb]<\/p>\n<p>Desde el pasado 1 de Febrero de 2022, nuestro centro cuenta con la acreditaci\u00f3n Erasmus+ en Educaci\u00f3n Escolar ( Primaria, Secundaria y Bachillerato) y en Formaci\u00f3n Profesional (Grados Medios y FP B\u00e1sica), uni\u00e9ndose a la acreditaci\u00f3n con la que ya cont\u00e1bamos desde 2021 de Educaci\u00f3n Superior (Grados Superiores). Ser un colegio acreditado nos da la oportunidad de mejorar nuestro centro educativo gracias a la financiaci\u00f3n con fondos europeos, iniciando proyectos d\u00f3nde el personal educativo y el alumnado de nuestro colegio puedan participar.<\/p>\n<p>En Educaci\u00f3n Escolar se ofrece a los profesionales de estos niveles oportunidades de Movilidad para el Aprendizaje, con el objetivo de ampliar y mejorar su desarrollo profesional, adem\u00e1s de posibilitar la colaboraci\u00f3n con sus hom\u00f3logos de otros pa\u00edses de Europa. Gracias al apoyo de las Asociaciones Estrat\u00e9gicas, se fomenta el intercambio de buenas pr\u00e1cticas y criterios de innovaci\u00f3n para abordar retos comunes, como el abandono escolar o el bajo nivel de conocimiento b\u00e1sico, creando los v\u00ednculos con el mundo extraescolar y con otros \u00e1mbitos educativos y formativos. Al alumnado les ofrece la oportunidad de tener experiencias en el extranjero, conocer las lenguas y la cultura europeas, ampliando sus conocimientos y sus vivencias en una etapa fundamental de sus vidas.<\/p>\n<p>Erasmus+ quiere tambi\u00e9n mejorar la calidad de la Formaci\u00f3n Profesional en Europa, ofreciendo los alumnos y alumnas, a los profesores y al personal que imparte ense\u00f1anzas de Formaci\u00f3n Profesional B\u00e1sica y Ciclos Formativos de Grado Medio, oportunidades de Movilidad para el Aprendizaje para realizar estudios y pr\u00e1cticas en el extranjero. Adem\u00e1s, ayudar\u00e1 a las instituciones de Formaci\u00f3n Profesional a crear Asociaciones Estrat\u00e9gicas con otras organizaciones y empresas y a establecer as\u00ed relaciones s\u00f3lidas con el mundo laboral. En general, contribuir\u00e1 a mejorar las posibilidades de empleo y las habilidades personales y, de este modo, a potenciar la competitividad de la econom\u00eda europea.<\/p>\n<p>Igualmente, Erasmus+ tiene por objeto modernizar y mejorar la Educaci\u00f3n Superior en Europa y el resto del mundo ofreciendo m\u00faltiples oportunidades a estudiantes de Ciclos Formativos de Grado Superior y ayudando a los estudiantes y al personal de las instituciones educativas a mejorar sus aptitudes y sus perspectivas de empleo.<\/p>\n<p>Somos parte del objetivo de Erasmus+ de mejorar los centros de toda Europa.<\/p>\n<p>\u00a1Participa con nosotros!<\/p>\n<p>[\/et_pb_text][et_pb_image src=\u00bbhttps:\/\/granada.salesianos.edu\/wp-content\/uploads\/2022\/02\/log_erasmus_cabecera_pagina.png\u00bb title_text=\u00bblog_erasmus_cabecera_pagina\u00bb _builder_version=\u00bb4.14.7&#8243; _module_preset=\u00bbdefault\u00bb min_height=\u00bb231.2px\u00bb custom_padding=\u00bb3px||0px|||\u00bb global_colors_info=\u00bb{}\u00bb][\/et_pb_image][\/et_pb_column][\/et_pb_row][\/et_pb_section]<\/p>\n","protected":false},"excerpt":{"rendered":"<p>Nuestro centro, San Juan Bosco Granada, ha conseguido una nueva acreditaci\u00f3n por parte de Erasmus+ que engloba etapas como Primaria, Secundaria, Bachillerato y Formaci\u00f3n Profesional.\u00a0<\/p>\n","protected":false},"author":2,"featured_media":15078,"comment_status":"open","ping_status":"open","sticky":false,"template":"","format":"standard","meta":{"_et_pb_use_builder":"on","_et_pb_old_content":"","_et_gb_content_width":"","footnotes":""},"categories":[20,11,19,21,26,12,22,1],"tags":[],"class_list":["post-15077","post","type-post","status-publish","format-standard","has-post-thumbnail","hentry","category-bto","category-colegio","category-eso","category-fp","category-infantil","category-portada","category-primaria","category-uncategorized"],"yoast_head":"<!-- This site is optimized with the Yoast SEO plugin v28.4 - https:\/\/yoast.com\/product\/yoast-seo-wordpress\/ -->\n<title>Salesianos Granada consigue dos nuevas acreditaciones Erasmus+ - Colegio Salesiano<\/title>\n<meta name=\"robots\" content=\"index, follow, max-snippet:-1, max-image-preview:large, max-video-preview:-1\" \/>\n<link rel=\"canonical\" href=\"https:\/\/granada.salesianos.edu\/colegio\/blog\/salesianos-granada-consigue-una-nueva-acreditacion-erasmus\/\" \/>\n<meta property=\"og:locale\" content=\"es_ES\" \/>\n<meta property=\"og:type\" content=\"article\" \/>\n<meta property=\"og:title\" content=\"Salesianos Granada consigue dos nuevas acreditaciones Erasmus+ - Colegio Salesiano\" \/>\n<meta property=\"og:description\" content=\"Nuestro centro, San Juan Bosco Granada, ha conseguido una nueva acreditaci\u00f3n por parte de Erasmus+ que engloba etapas como Primaria, Secundaria, Bachillerato y Formaci\u00f3n Profesional.\u00a0\" \/>\n<meta property=\"og:url\" content=\"https:\/\/granada.salesianos.edu\/colegio\/blog\/salesianos-granada-consigue-una-nueva-acreditacion-erasmus\/\" \/>\n<meta property=\"og:site_name\" content=\"Colegio Salesiano\" \/>\n<meta property=\"article:publisher\" content=\"https:\/\/www.facebook.com\/SalesianosGR\/\" \/>\n<meta property=\"article:published_time\" content=\"2022-02-18T20:10:16+00:00\" \/>\n<meta property=\"article:modified_time\" content=\"2022-12-01T20:10:47+00:00\" \/>\n<meta property=\"og:image\" content=\"https:\/\/granada.salesianos.edu\/colegio\/wp-content\/uploads\/sites\/2\/2022\/02\/erasmusplus.jpg\" \/>\n\t<meta property=\"og:image:width\" content=\"500\" \/>\n\t<meta property=\"og:image:height\" content=\"337\" \/>\n\t<meta property=\"og:image:type\" content=\"image\/jpeg\" \/>\n<meta name=\"author\" content=\"Gestor Web\" \/>\n<meta name=\"twitter:card\" content=\"summary_large_image\" \/>\n<meta name=\"twitter:creator\" content=\"@GranadaSDB\" \/>\n<meta name=\"twitter:site\" content=\"@GranadaSDB\" \/>\n<meta name=\"twitter:label1\" content=\"Escrito por\" \/>\n\t<meta name=\"twitter:data1\" content=\"Gestor Web\" \/>\n\t<meta name=\"twitter:label2\" content=\"Tiempo de lectura\" \/>\n\t<meta name=\"twitter:data2\" content=\"3 minutos\" \/>\n<script type=\"application\/ld+json\" class=\"yoast-schema-graph\">{\"@context\":\"https:\\\/\\\/schema.org\",\"@graph\":[{\"@type\":\"Article\",\"@id\":\"https:\\\/\\\/granada.salesianos.edu\\\/colegio\\\/blog\\\/salesianos-granada-consigue-una-nueva-acreditacion-erasmus\\\/#article\",\"isPartOf\":{\"@id\":\"https:\\\/\\\/granada.salesianos.edu\\\/colegio\\\/blog\\\/salesianos-granada-consigue-una-nueva-acreditacion-erasmus\\\/\"},\"author\":{\"name\":\"Gestor Web\",\"@id\":\"https:\\\/\\\/granada.salesianos.edu\\\/colegio\\\/#\\\/schema\\\/person\\\/6392ff2e4bd1e66981d6eab734bbd962\"},\"headline\":\"Salesianos Granada consigue dos nuevas acreditaciones Erasmus+\",\"datePublished\":\"2022-02-18T20:10:16+00:00\",\"dateModified\":\"2022-12-01T20:10:47+00:00\",\"mainEntityOfPage\":{\"@id\":\"https:\\\/\\\/granada.salesianos.edu\\\/colegio\\\/blog\\\/salesianos-granada-consigue-una-nueva-acreditacion-erasmus\\\/\"},\"wordCount\":577,\"commentCount\":0,\"publisher\":{\"@id\":\"https:\\\/\\\/granada.salesianos.edu\\\/colegio\\\/#organization\"},\"image\":{\"@id\":\"https:\\\/\\\/granada.salesianos.edu\\\/colegio\\\/blog\\\/salesianos-granada-consigue-una-nueva-acreditacion-erasmus\\\/#primaryimage\"},\"thumbnailUrl\":\"https:\\\/\\\/granada.salesianos.edu\\\/colegio\\\/wp-content\\\/uploads\\\/sites\\\/2\\\/2022\\\/02\\\/erasmusplus.jpg\",\"articleSection\":[\"BTO\",\"Colegio\",\"ESO\",\"FP\",\"Infantil\",\"Portada\",\"Primaria\",\"Uncategorized\"],\"inLanguage\":\"es\",\"potentialAction\":[{\"@type\":\"CommentAction\",\"name\":\"Comment\",\"target\":[\"https:\\\/\\\/granada.salesianos.edu\\\/colegio\\\/blog\\\/salesianos-granada-consigue-una-nueva-acreditacion-erasmus\\\/#respond\"]}]},{\"@type\":\"WebPage\",\"@id\":\"https:\\\/\\\/granada.salesianos.edu\\\/colegio\\\/blog\\\/salesianos-granada-consigue-una-nueva-acreditacion-erasmus\\\/\",\"url\":\"https:\\\/\\\/granada.salesianos.edu\\\/colegio\\\/blog\\\/salesianos-granada-consigue-una-nueva-acreditacion-erasmus\\\/\",\"name\":\"Salesianos Granada consigue dos nuevas acreditaciones Erasmus+ - Colegio Salesiano\",\"isPartOf\":{\"@id\":\"https:\\\/\\\/granada.salesianos.edu\\\/colegio\\\/#website\"},\"primaryImageOfPage\":{\"@id\":\"https:\\\/\\\/granada.salesianos.edu\\\/colegio\\\/blog\\\/salesianos-granada-consigue-una-nueva-acreditacion-erasmus\\\/#primaryimage\"},\"image\":{\"@id\":\"https:\\\/\\\/granada.salesianos.edu\\\/colegio\\\/blog\\\/salesianos-granada-consigue-una-nueva-acreditacion-erasmus\\\/#primaryimage\"},\"thumbnailUrl\":\"https:\\\/\\\/granada.salesianos.edu\\\/colegio\\\/wp-content\\\/uploads\\\/sites\\\/2\\\/2022\\\/02\\\/erasmusplus.jpg\",\"datePublished\":\"2022-02-18T20:10:16+00:00\",\"dateModified\":\"2022-12-01T20:10:47+00:00\",\"breadcrumb\":{\"@id\":\"https:\\\/\\\/granada.salesianos.edu\\\/colegio\\\/blog\\\/salesianos-granada-consigue-una-nueva-acreditacion-erasmus\\\/#breadcrumb\"},\"inLanguage\":\"es\",\"potentialAction\":[{\"@type\":\"ReadAction\",\"target\":[\"https:\\\/\\\/granada.salesianos.edu\\\/colegio\\\/blog\\\/salesianos-granada-consigue-una-nueva-acreditacion-erasmus\\\/\"]}]},{\"@type\":\"ImageObject\",\"inLanguage\":\"es\",\"@id\":\"https:\\\/\\\/granada.salesianos.edu\\\/colegio\\\/blog\\\/salesianos-granada-consigue-una-nueva-acreditacion-erasmus\\\/#primaryimage\",\"url\":\"https:\\\/\\\/granada.salesianos.edu\\\/colegio\\\/wp-content\\\/uploads\\\/sites\\\/2\\\/2022\\\/02\\\/erasmusplus.jpg\",\"contentUrl\":\"https:\\\/\\\/granada.salesianos.edu\\\/colegio\\\/wp-content\\\/uploads\\\/sites\\\/2\\\/2022\\\/02\\\/erasmusplus.jpg\",\"width\":500,\"height\":337},{\"@type\":\"BreadcrumbList\",\"@id\":\"https:\\\/\\\/granada.salesianos.edu\\\/colegio\\\/blog\\\/salesianos-granada-consigue-una-nueva-acreditacion-erasmus\\\/#breadcrumb\",\"itemListElement\":[{\"@type\":\"ListItem\",\"position\":1,\"name\":\"Portada\",\"item\":\"https:\\\/\\\/granada.salesianos.edu\\\/colegio\\\/\"},{\"@type\":\"ListItem\",\"position\":2,\"name\":\"Salesianos Granada consigue dos nuevas acreditaciones Erasmus+\"}]},{\"@type\":\"WebSite\",\"@id\":\"https:\\\/\\\/granada.salesianos.edu\\\/colegio\\\/#website\",\"url\":\"https:\\\/\\\/granada.salesianos.edu\\\/colegio\\\/\",\"name\":\"Colegio Salesiano\",\"description\":\"P\u00e1gina oficial de Salesianos Granada San Juan Bosco\",\"publisher\":{\"@id\":\"https:\\\/\\\/granada.salesianos.edu\\\/colegio\\\/#organization\"},\"potentialAction\":[{\"@type\":\"SearchAction\",\"target\":{\"@type\":\"EntryPoint\",\"urlTemplate\":\"https:\\\/\\\/granada.salesianos.edu\\\/colegio\\\/?s={search_term_string}\"},\"query-input\":{\"@type\":\"PropertyValueSpecification\",\"valueRequired\":true,\"valueName\":\"search_term_string\"}}],\"inLanguage\":\"es\"},{\"@type\":\"Organization\",\"@id\":\"https:\\\/\\\/granada.salesianos.edu\\\/colegio\\\/#organization\",\"name\":\"Colegio Salesiano San Juan Bosco Granada\",\"url\":\"https:\\\/\\\/granada.salesianos.edu\\\/colegio\\\/\",\"logo\":{\"@type\":\"ImageObject\",\"inLanguage\":\"es\",\"@id\":\"https:\\\/\\\/granada.salesianos.edu\\\/colegio\\\/#\\\/schema\\\/logo\\\/image\\\/\",\"url\":\"https:\\\/\\\/granada.salesianos.edu\\\/colegio\\\/wp-content\\\/uploads\\\/sites\\\/2\\\/2021\\\/01\\\/GRANADAobraVN2.jpg\",\"contentUrl\":\"https:\\\/\\\/granada.salesianos.edu\\\/colegio\\\/wp-content\\\/uploads\\\/sites\\\/2\\\/2021\\\/01\\\/GRANADAobraVN2.jpg\",\"width\":2113,\"height\":1894,\"caption\":\"Colegio Salesiano San Juan Bosco Granada\"},\"image\":{\"@id\":\"https:\\\/\\\/granada.salesianos.edu\\\/colegio\\\/#\\\/schema\\\/logo\\\/image\\\/\"},\"sameAs\":[\"https:\\\/\\\/www.facebook.com\\\/SalesianosGR\\\/\",\"https:\\\/\\\/x.com\\\/GranadaSDB\",\"https:\\\/\\\/www.instagram.com\\\/salesianosgranada\\\/\",\"https:\\\/\\\/www.youtube.com\\\/channel\\\/UChkpZuhCf4Y5rYIcFT3CNxw?view_as=subscriber\"]},{\"@type\":\"Person\",\"@id\":\"https:\\\/\\\/granada.salesianos.edu\\\/colegio\\\/#\\\/schema\\\/person\\\/6392ff2e4bd1e66981d6eab734bbd962\",\"name\":\"Gestor Web\",\"image\":{\"@type\":\"ImageObject\",\"inLanguage\":\"es\",\"@id\":\"https:\\\/\\\/secure.gravatar.com\\\/avatar\\\/160666bb56a01520857079961a824af2b7821d6bad80677c80f2b473fceead1b?s=96&d=mm&r=g\",\"url\":\"https:\\\/\\\/secure.gravatar.com\\\/avatar\\\/160666bb56a01520857079961a824af2b7821d6bad80677c80f2b473fceead1b?s=96&d=mm&r=g\",\"contentUrl\":\"https:\\\/\\\/secure.gravatar.com\\\/avatar\\\/160666bb56a01520857079961a824af2b7821d6bad80677c80f2b473fceead1b?s=96&d=mm&r=g\",\"caption\":\"Gestor Web\"}}]}<\/script>\n<!-- \/ Yoast SEO plugin. -->","yoast_head_json":{"title":"Salesianos Granada consigue dos nuevas acreditaciones Erasmus+ - Colegio Salesiano","robots":{"index":"index","follow":"follow","max-snippet":"max-snippet:-1","max-image-preview":"max-image-preview:large","max-video-preview":"max-video-preview:-1"},"canonical":"https:\/\/granada.salesianos.edu\/colegio\/blog\/salesianos-granada-consigue-una-nueva-acreditacion-erasmus\/","og_locale":"es_ES","og_type":"article","og_title":"Salesianos Granada consigue dos nuevas acreditaciones Erasmus+ - Colegio Salesiano","og_description":"Nuestro centro, San Juan Bosco Granada, ha conseguido una nueva acreditaci\u00f3n por parte de Erasmus+ que engloba etapas como Primaria, Secundaria, Bachillerato y Formaci\u00f3n Profesional.\u00a0","og_url":"https:\/\/granada.salesianos.edu\/colegio\/blog\/salesianos-granada-consigue-una-nueva-acreditacion-erasmus\/","og_site_name":"Colegio Salesiano","article_publisher":"https:\/\/www.facebook.com\/SalesianosGR\/","article_published_time":"2022-02-18T20:10:16+00:00","article_modified_time":"2022-12-01T20:10:47+00:00","og_image":[{"width":500,"height":337,"url":"https:\/\/granada.salesianos.edu\/colegio\/wp-content\/uploads\/sites\/2\/2022\/02\/erasmusplus.jpg","type":"image\/jpeg"}],"author":"Gestor Web","twitter_card":"summary_large_image","twitter_creator":"@GranadaSDB","twitter_site":"@GranadaSDB","twitter_misc":{"Escrito por":"Gestor Web","Tiempo de lectura":"3 minutos"},"schema":{"@context":"https:\/\/schema.org","@graph":[{"@type":"Article","@id":"https:\/\/granada.salesianos.edu\/colegio\/blog\/salesianos-granada-consigue-una-nueva-acreditacion-erasmus\/#article","isPartOf":{"@id":"https:\/\/granada.salesianos.edu\/colegio\/blog\/salesianos-granada-consigue-una-nueva-acreditacion-erasmus\/"},"author":{"name":"Gestor Web","@id":"https:\/\/granada.salesianos.edu\/colegio\/#\/schema\/person\/6392ff2e4bd1e66981d6eab734bbd962"},"headline":"Salesianos Granada consigue dos nuevas acreditaciones Erasmus+","datePublished":"2022-02-18T20:10:16+00:00","dateModified":"2022-12-01T20:10:47+00:00","mainEntityOfPage":{"@id":"https:\/\/granada.salesianos.edu\/colegio\/blog\/salesianos-granada-consigue-una-nueva-acreditacion-erasmus\/"},"wordCount":577,"commentCount":0,"publisher":{"@id":"https:\/\/granada.salesianos.edu\/colegio\/#organization"},"image":{"@id":"https:\/\/granada.salesianos.edu\/colegio\/blog\/salesianos-granada-consigue-una-nueva-acreditacion-erasmus\/#primaryimage"},"thumbnailUrl":"https:\/\/granada.salesianos.edu\/colegio\/wp-content\/uploads\/sites\/2\/2022\/02\/erasmusplus.jpg","articleSection":["BTO","Colegio","ESO","FP","Infantil","Portada","Primaria","Uncategorized"],"inLanguage":"es","potentialAction":[{"@type":"CommentAction","name":"Comment","target":["https:\/\/granada.salesianos.edu\/colegio\/blog\/salesianos-granada-consigue-una-nueva-acreditacion-erasmus\/#respond"]}]},{"@type":"WebPage","@id":"https:\/\/granada.salesianos.edu\/colegio\/blog\/salesianos-granada-consigue-una-nueva-acreditacion-erasmus\/","url":"https:\/\/granada.salesianos.edu\/colegio\/blog\/salesianos-granada-consigue-una-nueva-acreditacion-erasmus\/","name":"Salesianos Granada consigue dos nuevas acreditaciones Erasmus+ - Colegio Salesiano","isPartOf":{"@id":"https:\/\/granada.salesianos.edu\/colegio\/#website"},"primaryImageOfPage":{"@id":"https:\/\/granada.salesianos.edu\/colegio\/blog\/salesianos-granada-consigue-una-nueva-acreditacion-erasmus\/#primaryimage"},"image":{"@id":"https:\/\/granada.salesianos.edu\/colegio\/blog\/salesianos-granada-consigue-una-nueva-acreditacion-erasmus\/#primaryimage"},"thumbnailUrl":"https:\/\/granada.salesianos.edu\/colegio\/wp-content\/uploads\/sites\/2\/2022\/02\/erasmusplus.jpg","datePublished":"2022-02-18T20:10:16+00:00","dateModified":"2022-12-01T20:10:47+00:00","breadcrumb":{"@id":"https:\/\/granada.salesianos.edu\/colegio\/blog\/salesianos-granada-consigue-una-nueva-acreditacion-erasmus\/#breadcrumb"},"inLanguage":"es","potentialAction":[{"@type":"ReadAction","target":["https:\/\/granada.salesianos.edu\/colegio\/blog\/salesianos-granada-consigue-una-nueva-acreditacion-erasmus\/"]}]},{"@type":"ImageObject","inLanguage":"es","@id":"https:\/\/granada.salesianos.edu\/colegio\/blog\/salesianos-granada-consigue-una-nueva-acreditacion-erasmus\/#primaryimage","url":"https:\/\/granada.salesianos.edu\/colegio\/wp-content\/uploads\/sites\/2\/2022\/02\/erasmusplus.jpg","contentUrl":"https:\/\/granada.salesianos.edu\/colegio\/wp-content\/uploads\/sites\/2\/2022\/02\/erasmusplus.jpg","width":500,"height":337},{"@type":"BreadcrumbList","@id":"https:\/\/granada.salesianos.edu\/colegio\/blog\/salesianos-granada-consigue-una-nueva-acreditacion-erasmus\/#breadcrumb","itemListElement":[{"@type":"ListItem","position":1,"name":"Portada","item":"https:\/\/granada.salesianos.edu\/colegio\/"},{"@type":"ListItem","position":2,"name":"Salesianos Granada consigue dos nuevas acreditaciones Erasmus+"}]},{"@type":"WebSite","@id":"https:\/\/granada.salesianos.edu\/colegio\/#website","url":"https:\/\/granada.salesianos.edu\/colegio\/","name":"Colegio Salesiano","description":"P\u00e1gina oficial de Salesianos Granada San Juan Bosco","publisher":{"@id":"https:\/\/granada.salesianos.edu\/colegio\/#organization"},"potentialAction":[{"@type":"SearchAction","target":{"@type":"EntryPoint","urlTemplate":"https:\/\/granada.salesianos.edu\/colegio\/?s={search_term_string}"},"query-input":{"@type":"PropertyValueSpecification","valueRequired":true,"valueName":"search_term_string"}}],"inLanguage":"es"},{"@type":"Organization","@id":"https:\/\/granada.salesianos.edu\/colegio\/#organization","name":"Colegio Salesiano San Juan Bosco Granada","url":"https:\/\/granada.salesianos.edu\/colegio\/","logo":{"@type":"ImageObject","inLanguage":"es","@id":"https:\/\/granada.salesianos.edu\/colegio\/#\/schema\/logo\/image\/","url":"https:\/\/granada.salesianos.edu\/colegio\/wp-content\/uploads\/sites\/2\/2021\/01\/GRANADAobraVN2.jpg","contentUrl":"https:\/\/granada.salesianos.edu\/colegio\/wp-content\/uploads\/sites\/2\/2021\/01\/GRANADAobraVN2.jpg","width":2113,"height":1894,"caption":"Colegio Salesiano San Juan Bosco Granada"},"image":{"@id":"https:\/\/granada.salesianos.edu\/colegio\/#\/schema\/logo\/image\/"},"sameAs":["https:\/\/www.facebook.com\/SalesianosGR\/","https:\/\/x.com\/GranadaSDB","https:\/\/www.instagram.com\/salesianosgranada\/","https:\/\/www.youtube.com\/channel\/UChkpZuhCf4Y5rYIcFT3CNxw?view_as=subscriber"]},{"@type":"Person","@id":"https:\/\/granada.salesianos.edu\/colegio\/#\/schema\/person\/6392ff2e4bd1e66981d6eab734bbd962","name":"Gestor Web","image":{"@type":"ImageObject","inLanguage":"es","@id":"https:\/\/secure.gravatar.com\/avatar\/160666bb56a01520857079961a824af2b7821d6bad80677c80f2b473fceead1b?s=96&d=mm&r=g","url":"https:\/\/secure.gravatar.com\/avatar\/160666bb56a01520857079961a824af2b7821d6bad80677c80f2b473fceead1b?s=96&d=mm&r=g","contentUrl":"https:\/\/secure.gravatar.com\/avatar\/160666bb56a01520857079961a824af2b7821d6bad80677c80f2b473fceead1b?s=96&d=mm&r=g","caption":"Gestor Web"}}]}},"_links":{"self":[{"href":"https:\/\/granada.salesianos.edu\/colegio\/wp-json\/wp\/v2\/posts\/15077","targetHints":{"allow":["GET"]}}],"collection":[{"href":"https:\/\/granada.salesianos.edu\/colegio\/wp-json\/wp\/v2\/posts"}],"about":[{"href":"https:\/\/granada.salesianos.edu\/colegio\/wp-json\/wp\/v2\/types\/post"}],"author":[{"embeddable":true,"href":"https:\/\/granada.salesianos.edu\/colegio\/wp-json\/wp\/v2\/users\/2"}],"replies":[{"embeddable":true,"href":"https:\/\/granada.salesianos.edu\/colegio\/wp-json\/wp\/v2\/comments?post=15077"}],"version-history":[{"count":9,"href":"https:\/\/granada.salesianos.edu\/colegio\/wp-json\/wp\/v2\/posts\/15077\/revisions"}],"predecessor-version":[{"id":15112,"href":"https:\/\/granada.salesianos.edu\/colegio\/wp-json\/wp\/v2\/posts\/15077\/revisions\/15112"}],"wp:featuredmedia":[{"embeddable":true,"href":"https:\/\/granada.salesianos.edu\/colegio\/wp-json\/wp\/v2\/media\/15078"}],"wp:attachment":[{"href":"https:\/\/granada.salesianos.edu\/colegio\/wp-json\/wp\/v2\/media?parent=15077"}],"wp:term":[{"taxonomy":"category","embeddable":true,"href":"https:\/\/granada.salesianos.edu\/colegio\/wp-json\/wp\/v2\/categories?post=15077"},{"taxonomy":"post_tag","embeddable":true,"href":"https:\/\/granada.salesianos.edu\/colegio\/wp-json\/wp\/v2\/tags?post=15077"}],"curies":[{"name":"wp","href":"https:\/\/api.w.org\/{rel}","templated":true}]}}