{"id":15113,"date":"2022-02-25T19:47:39","date_gmt":"2022-02-25T17:47:39","guid":{"rendered":"https:\/\/granada.salesianos.edu\/colegio\/?p=15113"},"modified":"2022-12-01T22:09:51","modified_gmt":"2022-12-01T20:09:51","slug":"sergio-g-oguiza-responsable-de-realizacion-en-dazn-f1-en-mediapro-nos-visita","status":"publish","type":"post","link":"https:\/\/granada.salesianos.edu\/colegio\/blog\/sergio-g-oguiza-responsable-de-realizacion-en-dazn-f1-en-mediapro-nos-visita\/","title":{"rendered":"Sergio G. Oguiza, responsable de realizaci\u00f3n en DAZN F1, en Mediapro, nos visita"},"content":{"rendered":"<div id=\"fb-root\"><\/div>\n<p>[et_pb_section fb_built=\u00bb1&#8243; admin_label=\u00bbsection\u00bb _builder_version=\u00bb3.22&#8243; global_colors_info=\u00bb{}\u00bb][et_pb_row admin_label=\u00bbrow\u00bb _builder_version=\u00bb3.25&#8243; background_size=\u00bbinitial\u00bb background_position=\u00bbtop_left\u00bb background_repeat=\u00bbrepeat\u00bb global_colors_info=\u00bb{}\u00bb][et_pb_column type=\u00bb4_4&#8243; _builder_version=\u00bb3.25&#8243; custom_padding=\u00bb|||\u00bb global_colors_info=\u00bb{}\u00bb custom_padding__hover=\u00bb|||\u00bb][et_pb_text admin_label=\u00bbEntradilla (Texto)\u00bb _builder_version=\u00bb4.14.7&#8243; text_font=\u00bb|on|||\u00bb text_orientation=\u00bbjustified\u00bb global_colors_info=\u00bb{}\u00bb]<\/p>\n<h3><span style=\"color: #ff0000;\"><span style=\"color: #ff0000;\"><b>Sergio G. Oguiza, responsable de realizaci\u00f3n en DAZN F1 (Mediapro) y antiguo alumno salesiano, ha ofrecido una clase magistral a nuestro alumnado de Realizaci\u00f3n de Proyectos Audiovisuales y Espect\u00e1culos. <\/b><\/span><\/span><\/h3>\n<p>[\/et_pb_text][et_pb_text admin_label=\u00bbDesarrollo (Texto)\u00bb _builder_version=\u00bb4.14.7&#8243; text_orientation=\u00bbjustified\u00bb min_height=\u00bb210px\u00bb global_colors_info=\u00bb{}\u00bb]<\/p>\n<p>Este 18 de febrero tuvimos el gran honor de recibir en nuestro colegio a Sergio G. Oguiza, realizador de profesi\u00f3n y salesiano de coraz\u00f3n.<\/p>\n<p>El alumnado de Grado Superior de Realizaci\u00f3n de Proyectos Audiovisuales y Espect\u00e1culos han sido los grandes invitados a esta clase magistral-cologio donde Sergio ha podido compartir con ellos toda su experiencia, tanto personal como profesional.\u00a0\u00a0<\/p>\n<p>Actualmente, Sergio G. Oguiza es realizador en DAZN F1, en Mediapro aunque durante estos veintid\u00f3s a\u00f1os de profesi\u00f3n cuenta con una\u00a0 una larga trayectoria realizando otros programas para canales como La Sexta, Real Madird TV o Antena 3.<\/p>\n<p>Destacamos el mensaje que, desde el primer momento, cautivo a los alumnos: humildad, pasi\u00f3n y trabajo. Todos los sue\u00f1os se pueden cumplir con esta f\u00f3rmula. Y el secreto del funcionamiento de un buen equipo: \u00abTratar bien a todos los compa\u00f1eros\u00bb .<\/p>\n<p>Damos las gracias a Sergio por su cari\u00f1o y empuj\u00f3n a los alumnos, y a Mediapro por darnos la oportunidad de compartir un rato con uno de sus trabajadores. Desde aqu\u00ed, les devolvemos adem\u00e1s el divertido saludo que nos mandaron el piloto Pedro de la Rosa, Antonio Lobato, y Toni Cuquerella.<\/p>\n<p>[\/et_pb_text][et_pb_gallery gallery_ids=\u00bb15116,15117,15118&#8243; show_title_and_caption=\u00bboff\u00bb show_pagination=\u00bboff\u00bb _builder_version=\u00bb4.14.7&#8243; _module_preset=\u00bbdefault\u00bb global_colors_info=\u00bb{}\u00bb][\/et_pb_gallery][\/et_pb_column][\/et_pb_row][\/et_pb_section]<\/p>\n","protected":false},"excerpt":{"rendered":"<p>Sergio G. Oguiza, responsable de realizaci\u00f3n en DAZN F1 (Mediapro) y antiguo alumno salesiano, ha ofrecido una clase magistral a nuestro alumnado de Realizaci\u00f3n de Proyectos Audiovisuales y Espect\u00e1culos.<\/p>\n","protected":false},"author":2,"featured_media":15114,"comment_status":"open","ping_status":"open","sticky":false,"template":"","format":"standard","meta":{"_et_pb_use_builder":"on","_et_pb_old_content":"","_et_gb_content_width":"","footnotes":""},"categories":[11,21,1],"tags":[],"class_list":["post-15113","post","type-post","status-publish","format-standard","has-post-thumbnail","hentry","category-colegio","category-fp","category-uncategorized"],"yoast_head":"<!-- This site is optimized with the Yoast SEO plugin v28.4 - https:\/\/yoast.com\/product\/yoast-seo-wordpress\/ -->\n<title>Sergio G. Oguiza, responsable de realizaci\u00f3n en DAZN F1, en Mediapro, nos visita - Colegio Salesiano<\/title>\n<meta name=\"robots\" content=\"index, follow, max-snippet:-1, max-image-preview:large, max-video-preview:-1\" \/>\n<link rel=\"canonical\" href=\"https:\/\/granada.salesianos.edu\/colegio\/blog\/sergio-g-oguiza-responsable-de-realizacion-en-dazn-f1-en-mediapro-nos-visita\/\" \/>\n<meta property=\"og:locale\" content=\"es_ES\" \/>\n<meta property=\"og:type\" content=\"article\" \/>\n<meta property=\"og:title\" content=\"Sergio G. Oguiza, responsable de realizaci\u00f3n en DAZN F1, en Mediapro, nos visita - Colegio Salesiano\" \/>\n<meta property=\"og:description\" content=\"Sergio G. Oguiza, responsable de realizaci\u00f3n en DAZN F1 (Mediapro) y antiguo alumno salesiano, ha ofrecido una clase magistral a nuestro alumnado de Realizaci\u00f3n de Proyectos Audiovisuales y Espect\u00e1culos.\" \/>\n<meta property=\"og:url\" content=\"https:\/\/granada.salesianos.edu\/colegio\/blog\/sergio-g-oguiza-responsable-de-realizacion-en-dazn-f1-en-mediapro-nos-visita\/\" \/>\n<meta property=\"og:site_name\" content=\"Colegio Salesiano\" \/>\n<meta property=\"article:publisher\" content=\"https:\/\/www.facebook.com\/SalesianosGR\/\" \/>\n<meta property=\"article:published_time\" content=\"2022-02-25T17:47:39+00:00\" \/>\n<meta property=\"article:modified_time\" content=\"2022-12-01T20:09:51+00:00\" \/>\n<meta property=\"og:image\" content=\"https:\/\/granada.salesianos.edu\/colegio\/wp-content\/uploads\/sites\/2\/2022\/02\/WhatsApp-Image-2022-02-24-at-17.19.29-2.jpeg\" \/>\n\t<meta property=\"og:image:width\" content=\"1600\" \/>\n\t<meta property=\"og:image:height\" content=\"1200\" \/>\n\t<meta property=\"og:image:type\" content=\"image\/jpeg\" \/>\n<meta name=\"author\" content=\"Gestor Web\" \/>\n<meta name=\"twitter:card\" content=\"summary_large_image\" \/>\n<meta name=\"twitter:creator\" content=\"@GranadaSDB\" \/>\n<meta name=\"twitter:site\" content=\"@GranadaSDB\" \/>\n<meta name=\"twitter:label1\" content=\"Escrito por\" \/>\n\t<meta name=\"twitter:data1\" content=\"Gestor Web\" \/>\n\t<meta name=\"twitter:label2\" content=\"Tiempo de lectura\" \/>\n\t<meta name=\"twitter:data2\" content=\"2 minutos\" \/>\n<script type=\"application\/ld+json\" class=\"yoast-schema-graph\">{\"@context\":\"https:\\\/\\\/schema.org\",\"@graph\":[{\"@type\":\"Article\",\"@id\":\"https:\\\/\\\/granada.salesianos.edu\\\/colegio\\\/blog\\\/sergio-g-oguiza-responsable-de-realizacion-en-dazn-f1-en-mediapro-nos-visita\\\/#article\",\"isPartOf\":{\"@id\":\"https:\\\/\\\/granada.salesianos.edu\\\/colegio\\\/blog\\\/sergio-g-oguiza-responsable-de-realizacion-en-dazn-f1-en-mediapro-nos-visita\\\/\"},\"author\":{\"name\":\"Gestor Web\",\"@id\":\"https:\\\/\\\/granada.salesianos.edu\\\/colegio\\\/#\\\/schema\\\/person\\\/6392ff2e4bd1e66981d6eab734bbd962\"},\"headline\":\"Sergio G. Oguiza, responsable de realizaci\u00f3n en DAZN F1, en Mediapro, nos visita\",\"datePublished\":\"2022-02-25T17:47:39+00:00\",\"dateModified\":\"2022-12-01T20:09:51+00:00\",\"mainEntityOfPage\":{\"@id\":\"https:\\\/\\\/granada.salesianos.edu\\\/colegio\\\/blog\\\/sergio-g-oguiza-responsable-de-realizacion-en-dazn-f1-en-mediapro-nos-visita\\\/\"},\"wordCount\":369,\"commentCount\":0,\"publisher\":{\"@id\":\"https:\\\/\\\/granada.salesianos.edu\\\/colegio\\\/#organization\"},\"image\":{\"@id\":\"https:\\\/\\\/granada.salesianos.edu\\\/colegio\\\/blog\\\/sergio-g-oguiza-responsable-de-realizacion-en-dazn-f1-en-mediapro-nos-visita\\\/#primaryimage\"},\"thumbnailUrl\":\"https:\\\/\\\/granada.salesianos.edu\\\/colegio\\\/wp-content\\\/uploads\\\/sites\\\/2\\\/2022\\\/02\\\/WhatsApp-Image-2022-02-24-at-17.19.29-2.jpeg\",\"articleSection\":[\"Colegio\",\"FP\",\"Uncategorized\"],\"inLanguage\":\"es\",\"potentialAction\":[{\"@type\":\"CommentAction\",\"name\":\"Comment\",\"target\":[\"https:\\\/\\\/granada.salesianos.edu\\\/colegio\\\/blog\\\/sergio-g-oguiza-responsable-de-realizacion-en-dazn-f1-en-mediapro-nos-visita\\\/#respond\"]}]},{\"@type\":\"WebPage\",\"@id\":\"https:\\\/\\\/granada.salesianos.edu\\\/colegio\\\/blog\\\/sergio-g-oguiza-responsable-de-realizacion-en-dazn-f1-en-mediapro-nos-visita\\\/\",\"url\":\"https:\\\/\\\/granada.salesianos.edu\\\/colegio\\\/blog\\\/sergio-g-oguiza-responsable-de-realizacion-en-dazn-f1-en-mediapro-nos-visita\\\/\",\"name\":\"Sergio G. Oguiza, responsable de realizaci\u00f3n en DAZN F1, en Mediapro, nos visita - Colegio Salesiano\",\"isPartOf\":{\"@id\":\"https:\\\/\\\/granada.salesianos.edu\\\/colegio\\\/#website\"},\"primaryImageOfPage\":{\"@id\":\"https:\\\/\\\/granada.salesianos.edu\\\/colegio\\\/blog\\\/sergio-g-oguiza-responsable-de-realizacion-en-dazn-f1-en-mediapro-nos-visita\\\/#primaryimage\"},\"image\":{\"@id\":\"https:\\\/\\\/granada.salesianos.edu\\\/colegio\\\/blog\\\/sergio-g-oguiza-responsable-de-realizacion-en-dazn-f1-en-mediapro-nos-visita\\\/#primaryimage\"},\"thumbnailUrl\":\"https:\\\/\\\/granada.salesianos.edu\\\/colegio\\\/wp-content\\\/uploads\\\/sites\\\/2\\\/2022\\\/02\\\/WhatsApp-Image-2022-02-24-at-17.19.29-2.jpeg\",\"datePublished\":\"2022-02-25T17:47:39+00:00\",\"dateModified\":\"2022-12-01T20:09:51+00:00\",\"breadcrumb\":{\"@id\":\"https:\\\/\\\/granada.salesianos.edu\\\/colegio\\\/blog\\\/sergio-g-oguiza-responsable-de-realizacion-en-dazn-f1-en-mediapro-nos-visita\\\/#breadcrumb\"},\"inLanguage\":\"es\",\"potentialAction\":[{\"@type\":\"ReadAction\",\"target\":[\"https:\\\/\\\/granada.salesianos.edu\\\/colegio\\\/blog\\\/sergio-g-oguiza-responsable-de-realizacion-en-dazn-f1-en-mediapro-nos-visita\\\/\"]}]},{\"@type\":\"ImageObject\",\"inLanguage\":\"es\",\"@id\":\"https:\\\/\\\/granada.salesianos.edu\\\/colegio\\\/blog\\\/sergio-g-oguiza-responsable-de-realizacion-en-dazn-f1-en-mediapro-nos-visita\\\/#primaryimage\",\"url\":\"https:\\\/\\\/granada.salesianos.edu\\\/colegio\\\/wp-content\\\/uploads\\\/sites\\\/2\\\/2022\\\/02\\\/WhatsApp-Image-2022-02-24-at-17.19.29-2.jpeg\",\"contentUrl\":\"https:\\\/\\\/granada.salesianos.edu\\\/colegio\\\/wp-content\\\/uploads\\\/sites\\\/2\\\/2022\\\/02\\\/WhatsApp-Image-2022-02-24-at-17.19.29-2.jpeg\",\"width\":1600,\"height\":1200},{\"@type\":\"BreadcrumbList\",\"@id\":\"https:\\\/\\\/granada.salesianos.edu\\\/colegio\\\/blog\\\/sergio-g-oguiza-responsable-de-realizacion-en-dazn-f1-en-mediapro-nos-visita\\\/#breadcrumb\",\"itemListElement\":[{\"@type\":\"ListItem\",\"position\":1,\"name\":\"Portada\",\"item\":\"https:\\\/\\\/granada.salesianos.edu\\\/colegio\\\/\"},{\"@type\":\"ListItem\",\"position\":2,\"name\":\"Sergio G. Oguiza, responsable de realizaci\u00f3n en DAZN F1, en Mediapro, nos visita\"}]},{\"@type\":\"WebSite\",\"@id\":\"https:\\\/\\\/granada.salesianos.edu\\\/colegio\\\/#website\",\"url\":\"https:\\\/\\\/granada.salesianos.edu\\\/colegio\\\/\",\"name\":\"Colegio Salesiano\",\"description\":\"P\u00e1gina oficial de Salesianos Granada San Juan Bosco\",\"publisher\":{\"@id\":\"https:\\\/\\\/granada.salesianos.edu\\\/colegio\\\/#organization\"},\"potentialAction\":[{\"@type\":\"SearchAction\",\"target\":{\"@type\":\"EntryPoint\",\"urlTemplate\":\"https:\\\/\\\/granada.salesianos.edu\\\/colegio\\\/?s={search_term_string}\"},\"query-input\":{\"@type\":\"PropertyValueSpecification\",\"valueRequired\":true,\"valueName\":\"search_term_string\"}}],\"inLanguage\":\"es\"},{\"@type\":\"Organization\",\"@id\":\"https:\\\/\\\/granada.salesianos.edu\\\/colegio\\\/#organization\",\"name\":\"Colegio Salesiano San Juan Bosco Granada\",\"url\":\"https:\\\/\\\/granada.salesianos.edu\\\/colegio\\\/\",\"logo\":{\"@type\":\"ImageObject\",\"inLanguage\":\"es\",\"@id\":\"https:\\\/\\\/granada.salesianos.edu\\\/colegio\\\/#\\\/schema\\\/logo\\\/image\\\/\",\"url\":\"https:\\\/\\\/granada.salesianos.edu\\\/colegio\\\/wp-content\\\/uploads\\\/sites\\\/2\\\/2021\\\/01\\\/GRANADAobraVN2.jpg\",\"contentUrl\":\"https:\\\/\\\/granada.salesianos.edu\\\/colegio\\\/wp-content\\\/uploads\\\/sites\\\/2\\\/2021\\\/01\\\/GRANADAobraVN2.jpg\",\"width\":2113,\"height\":1894,\"caption\":\"Colegio Salesiano San Juan Bosco Granada\"},\"image\":{\"@id\":\"https:\\\/\\\/granada.salesianos.edu\\\/colegio\\\/#\\\/schema\\\/logo\\\/image\\\/\"},\"sameAs\":[\"https:\\\/\\\/www.facebook.com\\\/SalesianosGR\\\/\",\"https:\\\/\\\/x.com\\\/GranadaSDB\",\"https:\\\/\\\/www.instagram.com\\\/salesianosgranada\\\/\",\"https:\\\/\\\/www.youtube.com\\\/channel\\\/UChkpZuhCf4Y5rYIcFT3CNxw?view_as=subscriber\"]},{\"@type\":\"Person\",\"@id\":\"https:\\\/\\\/granada.salesianos.edu\\\/colegio\\\/#\\\/schema\\\/person\\\/6392ff2e4bd1e66981d6eab734bbd962\",\"name\":\"Gestor Web\",\"image\":{\"@type\":\"ImageObject\",\"inLanguage\":\"es\",\"@id\":\"https:\\\/\\\/secure.gravatar.com\\\/avatar\\\/160666bb56a01520857079961a824af2b7821d6bad80677c80f2b473fceead1b?s=96&d=mm&r=g\",\"url\":\"https:\\\/\\\/secure.gravatar.com\\\/avatar\\\/160666bb56a01520857079961a824af2b7821d6bad80677c80f2b473fceead1b?s=96&d=mm&r=g\",\"contentUrl\":\"https:\\\/\\\/secure.gravatar.com\\\/avatar\\\/160666bb56a01520857079961a824af2b7821d6bad80677c80f2b473fceead1b?s=96&d=mm&r=g\",\"caption\":\"Gestor Web\"}}]}<\/script>\n<!-- \/ Yoast SEO plugin. -->","yoast_head_json":{"title":"Sergio G. Oguiza, responsable de realizaci\u00f3n en DAZN F1, en Mediapro, nos visita - Colegio Salesiano","robots":{"index":"index","follow":"follow","max-snippet":"max-snippet:-1","max-image-preview":"max-image-preview:large","max-video-preview":"max-video-preview:-1"},"canonical":"https:\/\/granada.salesianos.edu\/colegio\/blog\/sergio-g-oguiza-responsable-de-realizacion-en-dazn-f1-en-mediapro-nos-visita\/","og_locale":"es_ES","og_type":"article","og_title":"Sergio G. Oguiza, responsable de realizaci\u00f3n en DAZN F1, en Mediapro, nos visita - Colegio Salesiano","og_description":"Sergio G. Oguiza, responsable de realizaci\u00f3n en DAZN F1 (Mediapro) y antiguo alumno salesiano, ha ofrecido una clase magistral a nuestro alumnado de Realizaci\u00f3n de Proyectos Audiovisuales y Espect\u00e1culos.","og_url":"https:\/\/granada.salesianos.edu\/colegio\/blog\/sergio-g-oguiza-responsable-de-realizacion-en-dazn-f1-en-mediapro-nos-visita\/","og_site_name":"Colegio Salesiano","article_publisher":"https:\/\/www.facebook.com\/SalesianosGR\/","article_published_time":"2022-02-25T17:47:39+00:00","article_modified_time":"2022-12-01T20:09:51+00:00","og_image":[{"width":1600,"height":1200,"url":"https:\/\/granada.salesianos.edu\/colegio\/wp-content\/uploads\/sites\/2\/2022\/02\/WhatsApp-Image-2022-02-24-at-17.19.29-2.jpeg","type":"image\/jpeg"}],"author":"Gestor Web","twitter_card":"summary_large_image","twitter_creator":"@GranadaSDB","twitter_site":"@GranadaSDB","twitter_misc":{"Escrito por":"Gestor Web","Tiempo de lectura":"2 minutos"},"schema":{"@context":"https:\/\/schema.org","@graph":[{"@type":"Article","@id":"https:\/\/granada.salesianos.edu\/colegio\/blog\/sergio-g-oguiza-responsable-de-realizacion-en-dazn-f1-en-mediapro-nos-visita\/#article","isPartOf":{"@id":"https:\/\/granada.salesianos.edu\/colegio\/blog\/sergio-g-oguiza-responsable-de-realizacion-en-dazn-f1-en-mediapro-nos-visita\/"},"author":{"name":"Gestor Web","@id":"https:\/\/granada.salesianos.edu\/colegio\/#\/schema\/person\/6392ff2e4bd1e66981d6eab734bbd962"},"headline":"Sergio G. Oguiza, responsable de realizaci\u00f3n en DAZN F1, en Mediapro, nos visita","datePublished":"2022-02-25T17:47:39+00:00","dateModified":"2022-12-01T20:09:51+00:00","mainEntityOfPage":{"@id":"https:\/\/granada.salesianos.edu\/colegio\/blog\/sergio-g-oguiza-responsable-de-realizacion-en-dazn-f1-en-mediapro-nos-visita\/"},"wordCount":369,"commentCount":0,"publisher":{"@id":"https:\/\/granada.salesianos.edu\/colegio\/#organization"},"image":{"@id":"https:\/\/granada.salesianos.edu\/colegio\/blog\/sergio-g-oguiza-responsable-de-realizacion-en-dazn-f1-en-mediapro-nos-visita\/#primaryimage"},"thumbnailUrl":"https:\/\/granada.salesianos.edu\/colegio\/wp-content\/uploads\/sites\/2\/2022\/02\/WhatsApp-Image-2022-02-24-at-17.19.29-2.jpeg","articleSection":["Colegio","FP","Uncategorized"],"inLanguage":"es","potentialAction":[{"@type":"CommentAction","name":"Comment","target":["https:\/\/granada.salesianos.edu\/colegio\/blog\/sergio-g-oguiza-responsable-de-realizacion-en-dazn-f1-en-mediapro-nos-visita\/#respond"]}]},{"@type":"WebPage","@id":"https:\/\/granada.salesianos.edu\/colegio\/blog\/sergio-g-oguiza-responsable-de-realizacion-en-dazn-f1-en-mediapro-nos-visita\/","url":"https:\/\/granada.salesianos.edu\/colegio\/blog\/sergio-g-oguiza-responsable-de-realizacion-en-dazn-f1-en-mediapro-nos-visita\/","name":"Sergio G. Oguiza, responsable de realizaci\u00f3n en DAZN F1, en Mediapro, nos visita - Colegio Salesiano","isPartOf":{"@id":"https:\/\/granada.salesianos.edu\/colegio\/#website"},"primaryImageOfPage":{"@id":"https:\/\/granada.salesianos.edu\/colegio\/blog\/sergio-g-oguiza-responsable-de-realizacion-en-dazn-f1-en-mediapro-nos-visita\/#primaryimage"},"image":{"@id":"https:\/\/granada.salesianos.edu\/colegio\/blog\/sergio-g-oguiza-responsable-de-realizacion-en-dazn-f1-en-mediapro-nos-visita\/#primaryimage"},"thumbnailUrl":"https:\/\/granada.salesianos.edu\/colegio\/wp-content\/uploads\/sites\/2\/2022\/02\/WhatsApp-Image-2022-02-24-at-17.19.29-2.jpeg","datePublished":"2022-02-25T17:47:39+00:00","dateModified":"2022-12-01T20:09:51+00:00","breadcrumb":{"@id":"https:\/\/granada.salesianos.edu\/colegio\/blog\/sergio-g-oguiza-responsable-de-realizacion-en-dazn-f1-en-mediapro-nos-visita\/#breadcrumb"},"inLanguage":"es","potentialAction":[{"@type":"ReadAction","target":["https:\/\/granada.salesianos.edu\/colegio\/blog\/sergio-g-oguiza-responsable-de-realizacion-en-dazn-f1-en-mediapro-nos-visita\/"]}]},{"@type":"ImageObject","inLanguage":"es","@id":"https:\/\/granada.salesianos.edu\/colegio\/blog\/sergio-g-oguiza-responsable-de-realizacion-en-dazn-f1-en-mediapro-nos-visita\/#primaryimage","url":"https:\/\/granada.salesianos.edu\/colegio\/wp-content\/uploads\/sites\/2\/2022\/02\/WhatsApp-Image-2022-02-24-at-17.19.29-2.jpeg","contentUrl":"https:\/\/granada.salesianos.edu\/colegio\/wp-content\/uploads\/sites\/2\/2022\/02\/WhatsApp-Image-2022-02-24-at-17.19.29-2.jpeg","width":1600,"height":1200},{"@type":"BreadcrumbList","@id":"https:\/\/granada.salesianos.edu\/colegio\/blog\/sergio-g-oguiza-responsable-de-realizacion-en-dazn-f1-en-mediapro-nos-visita\/#breadcrumb","itemListElement":[{"@type":"ListItem","position":1,"name":"Portada","item":"https:\/\/granada.salesianos.edu\/colegio\/"},{"@type":"ListItem","position":2,"name":"Sergio G. Oguiza, responsable de realizaci\u00f3n en DAZN F1, en Mediapro, nos visita"}]},{"@type":"WebSite","@id":"https:\/\/granada.salesianos.edu\/colegio\/#website","url":"https:\/\/granada.salesianos.edu\/colegio\/","name":"Colegio Salesiano","description":"P\u00e1gina oficial de Salesianos Granada San Juan Bosco","publisher":{"@id":"https:\/\/granada.salesianos.edu\/colegio\/#organization"},"potentialAction":[{"@type":"SearchAction","target":{"@type":"EntryPoint","urlTemplate":"https:\/\/granada.salesianos.edu\/colegio\/?s={search_term_string}"},"query-input":{"@type":"PropertyValueSpecification","valueRequired":true,"valueName":"search_term_string"}}],"inLanguage":"es"},{"@type":"Organization","@id":"https:\/\/granada.salesianos.edu\/colegio\/#organization","name":"Colegio Salesiano San Juan Bosco Granada","url":"https:\/\/granada.salesianos.edu\/colegio\/","logo":{"@type":"ImageObject","inLanguage":"es","@id":"https:\/\/granada.salesianos.edu\/colegio\/#\/schema\/logo\/image\/","url":"https:\/\/granada.salesianos.edu\/colegio\/wp-content\/uploads\/sites\/2\/2021\/01\/GRANADAobraVN2.jpg","contentUrl":"https:\/\/granada.salesianos.edu\/colegio\/wp-content\/uploads\/sites\/2\/2021\/01\/GRANADAobraVN2.jpg","width":2113,"height":1894,"caption":"Colegio Salesiano San Juan Bosco Granada"},"image":{"@id":"https:\/\/granada.salesianos.edu\/colegio\/#\/schema\/logo\/image\/"},"sameAs":["https:\/\/www.facebook.com\/SalesianosGR\/","https:\/\/x.com\/GranadaSDB","https:\/\/www.instagram.com\/salesianosgranada\/","https:\/\/www.youtube.com\/channel\/UChkpZuhCf4Y5rYIcFT3CNxw?view_as=subscriber"]},{"@type":"Person","@id":"https:\/\/granada.salesianos.edu\/colegio\/#\/schema\/person\/6392ff2e4bd1e66981d6eab734bbd962","name":"Gestor Web","image":{"@type":"ImageObject","inLanguage":"es","@id":"https:\/\/secure.gravatar.com\/avatar\/160666bb56a01520857079961a824af2b7821d6bad80677c80f2b473fceead1b?s=96&d=mm&r=g","url":"https:\/\/secure.gravatar.com\/avatar\/160666bb56a01520857079961a824af2b7821d6bad80677c80f2b473fceead1b?s=96&d=mm&r=g","contentUrl":"https:\/\/secure.gravatar.com\/avatar\/160666bb56a01520857079961a824af2b7821d6bad80677c80f2b473fceead1b?s=96&d=mm&r=g","caption":"Gestor Web"}}]}},"_links":{"self":[{"href":"https:\/\/granada.salesianos.edu\/colegio\/wp-json\/wp\/v2\/posts\/15113","targetHints":{"allow":["GET"]}}],"collection":[{"href":"https:\/\/granada.salesianos.edu\/colegio\/wp-json\/wp\/v2\/posts"}],"about":[{"href":"https:\/\/granada.salesianos.edu\/colegio\/wp-json\/wp\/v2\/types\/post"}],"author":[{"embeddable":true,"href":"https:\/\/granada.salesianos.edu\/colegio\/wp-json\/wp\/v2\/users\/2"}],"replies":[{"embeddable":true,"href":"https:\/\/granada.salesianos.edu\/colegio\/wp-json\/wp\/v2\/comments?post=15113"}],"version-history":[{"count":5,"href":"https:\/\/granada.salesianos.edu\/colegio\/wp-json\/wp\/v2\/posts\/15113\/revisions"}],"predecessor-version":[{"id":15124,"href":"https:\/\/granada.salesianos.edu\/colegio\/wp-json\/wp\/v2\/posts\/15113\/revisions\/15124"}],"wp:featuredmedia":[{"embeddable":true,"href":"https:\/\/granada.salesianos.edu\/colegio\/wp-json\/wp\/v2\/media\/15114"}],"wp:attachment":[{"href":"https:\/\/granada.salesianos.edu\/colegio\/wp-json\/wp\/v2\/media?parent=15113"}],"wp:term":[{"taxonomy":"category","embeddable":true,"href":"https:\/\/granada.salesianos.edu\/colegio\/wp-json\/wp\/v2\/categories?post=15113"},{"taxonomy":"post_tag","embeddable":true,"href":"https:\/\/granada.salesianos.edu\/colegio\/wp-json\/wp\/v2\/tags?post=15113"}],"curies":[{"name":"wp","href":"https:\/\/api.w.org\/{rel}","templated":true}]}}