{"id":15292,"date":"2022-04-01T13:34:52","date_gmt":"2022-04-01T11:34:52","guid":{"rendered":"https:\/\/granada.salesianos.edu\/colegio\/?p=15292"},"modified":"2023-01-18T23:08:11","modified_gmt":"2023-01-18T21:08:11","slug":"nueva-edicion-del-dia-de-la-ciencia-y-la-tecnoliga-2","status":"publish","type":"post","link":"https:\/\/granada.salesianos.edu\/colegio\/blog\/nueva-edicion-del-dia-de-la-ciencia-y-la-tecnoliga-2\/","title":{"rendered":"VIII edici\u00f3n del D\u00eda de la Ciencia y la Tecnolog\u00eda."},"content":{"rendered":"<div id=\"fb-root\"><\/div>\n<p>[et_pb_section fb_built=\u00bb1&#8243; admin_label=\u00bbsection\u00bb _builder_version=\u00bb4.16&#8243; global_colors_info=\u00bb{}\u00bb][et_pb_row admin_label=\u00bbrow\u00bb _builder_version=\u00bb4.16&#8243; background_size=\u00bbinitial\u00bb background_position=\u00bbtop_left\u00bb background_repeat=\u00bbrepeat\u00bb global_colors_info=\u00bb{}\u00bb][et_pb_column type=\u00bb4_4&#8243; _builder_version=\u00bb4.16&#8243; custom_padding=\u00bb|||\u00bb global_colors_info=\u00bb{}\u00bb custom_padding__hover=\u00bb|||\u00bb][et_pb_text admin_label=\u00bbEntradilla (Texto)\u00bb _builder_version=\u00bb4.16&#8243; text_font=\u00bb|on|||\u00bb text_orientation=\u00bbjustified\u00bb global_colors_info=\u00bb{}\u00bb]<\/p>\n<p>VIII Edici\u00f3n del D\u00eda de la Ciencia y la Tecnolog\u00eda con la presencia de padres, profesorado y alumnado.\u00a0<\/p>\n<p>[\/et_pb_text][et_pb_text admin_label=\u00bbDesarrollo (Texto)\u00bb _builder_version=\u00bb4.16&#8243; text_orientation=\u00bbjustified\u00bb min_height=\u00bb154.6px\u00bb custom_margin=\u00bb26px||||false|false\u00bb custom_padding=\u00bb||90px|||\u00bb global_colors_info=\u00bb{}\u00bb]<\/p>\n<p>En este curso 21-22, hemos podido realizar de manera presencial la VIII Edici\u00f3n del D\u00eda de la Ciencia y la Tecnolog\u00eda en nuestro colegio.<\/p>\n<p>Aproximadamente unos ochenta proyectos y cerca de 200 alumnos y alumnas de todas las etapas han podido presentar sus trabajos de biolog\u00eda, f\u00edsica, qu\u00edmica y tecnolog\u00eda a padres, profesores y resto del alumnado.<\/p>\n<p>Despu\u00e9s de mucho tiempo, se ha podido volver a ver nuestro patio repleto de experimentos cient\u00edficos, microscopios, trabajos de ecologismo, visitas al ecohuerto, robots, impresoras 3D, etc. Todo ello, presentado por un alumnado motivado por la rama de ciencias y la tecnolog\u00eda.\u00a0<\/p>\n<p>Damos la enhorabuena a todo el Departamento de Ciencias por la labor tan maravillosa que realizan cada a\u00f1o.<\/p>\n<p>[\/et_pb_text][et_pb_gallery gallery_ids=\u00bb15303,15304,15305,15306,15312,15311,15310,15309,15308,15307,15313,15314,15315,15316,15317,15318,15330,15329,15327,15326,15325,15331,15332,15333,15334,15335,15336&#8243; show_title_and_caption=\u00bboff\u00bb _builder_version=\u00bb4.16&#8243; _module_preset=\u00bbdefault\u00bb global_colors_info=\u00bb{}\u00bb][\/et_pb_gallery][et_pb_video src=\u00bbhttps:\/\/granada.salesianos.edu\/colegio\/wp-content\/uploads\/sites\/2\/2022\/04\/Video-de-Estefi.mp4&#8243; image_src=\u00bbhttps:\/\/granada.salesianos.edu\/colegio\/wp-content\/uploads\/sites\/2\/2022\/04\/Captura-de-pantalla-2022-04-06-a-las-7.29.26.png\u00bb play_icon_color=\u00bb#E02B20&#8243; _builder_version=\u00bb4.16&#8243; _module_preset=\u00bbdefault\u00bb global_colors_info=\u00bb{}\u00bb][\/et_pb_video][et_pb_text _builder_version=\u00bb4.16&#8243; _module_preset=\u00bbdefault\u00bb locked=\u00bboff\u00bb global_colors_info=\u00bb{}\u00bb]<\/p>\n<h2 style=\"text-align: center;\">GANADORES VIII EDICI\u00d3N DEL D\u00cdA DE LA CIENCIA Y LA TECNOLOG\u00cdA<\/h2>\n<p>[\/et_pb_text][et_pb_text _builder_version=\u00bb4.16&#8243; _module_preset=\u00bbdefault\u00bb locked=\u00bboff\u00bb global_colors_info=\u00bb{}\u00bb]<\/p>\n<h3><b>2\u00ba CICLO DE PRIMARIA<\/b><\/h3>\n<h4><b>1\u00ba PREMIO:<\/b><\/h4>\n<p><strong>\u00a0Proyecto:<\/strong> RESONANCIA<\/p>\n<p><strong>Componentes:<\/strong> ERNESTO RODR\u00cdGUEZ VICO<\/p>\n<h4><b>2\u00ba PREMIO:<\/b><\/h4>\n<p><strong>Proyecto:<\/strong>\u00a0FLUORESCENCIA<\/p>\n<p><strong>Componentes:<\/strong> \u00c1NGELA MAR\u00cdA LOZANO SOLA, JIMENA HITA SILES, CRISTINA RUIZ B\u00c9DMAR<\/p>\n<h4><b>3\u00ba PREMIO:<\/b><\/h4>\n<p><strong>Proyecto:<\/strong>\u00a0ADN DE LAS FRESAS<\/p>\n<p><strong>Componentes:<\/strong> JOS\u00c9 FERN\u00c1NDEZ CA\u00d1ADAS, CAYETANO S\u00c1NCHEZ JIM\u00c9NEZ, PABLO CASTRO RESTOY, \u00d3SCAR MARZO GALDEANO, GONZALO RODR\u00cdGUEZ ARENAS<\/p>\n<h3><b>3\u00ba CICLO DE PRIMARIA<\/b><\/h3>\n<h4><b>1\u00ba PREMIO:<\/b><\/h4>\n<p><strong>Proyecto:<\/strong> MAGIA DEL HIELO SECO<\/p>\n<p><strong>Componentes:<\/strong> REBECA ABIGAIL BLOIS, LUC\u00cdA GARZ\u00d3N CARO, LUC\u00cdA PRADOS FERN\u00c1NDEZ, BEL\u00c9N CAPILLA SEVILLA<\/p>\n<h4><b>2\u00ba PREMIO:<\/b><\/h4>\n<p><strong>Proyecto:<\/strong> ARCOIRIS L\u00cdQUIDO<\/p>\n<p><strong>Componentes:<\/strong> MARTA LARA RODR\u00cdGUEZ, IRENE RAM\u00cdREZ DUARTE, \u00c1NGELA MOYA REYES, LUC\u00cdA VALLEJO \u00c1LVAREZ<\/p>\n<h4><b>3\u00ba PREMIO:<\/b><\/h4>\n<p><strong>Proyecto:<\/strong> ACETONA VS POLIESTIRENO<\/p>\n<p><strong>\u00a0Componentes:<\/strong> EREA FERN\u00c1NDEZ P\u00c9REZ, LUC\u00cdA POZO GONZ\u00c1LEZ, LAURA S\u00c1NCHEZ MERLOS, MARTA ROMERO VAQUERO<\/p>\n<h3><b>ESO<\/b><\/h3>\n<h4><b>1\u00ba PREMIO:<\/b><\/h4>\n<p><strong>Proyecto:<\/strong> IMPRESI\u00d3N 3D Y BOSCOBOT ARTURITO (R2D2)<\/p>\n<p><strong>Componentes:<\/strong> H\u00c9CTOR ROMERO AZPEITIA, SAMUEL P\u00c9REZ ORTEGA, ANTONIO ALEJO MARCHENA<\/p>\n<h4><b>2\u00ba PREMIO:<\/b><\/h4>\n<p><strong>Proyecto:<\/strong> MAQUETA ADN Y EXTRACCI\u00d3N DE ADN<\/p>\n<p><strong>\u00a0Componentes:<\/strong> LUC\u00cdA M\u00c1RQUEZ PUGA, MAR\u00cdA QUERO BONILLA, MARTA REDONDO CHAVES<\/p>\n<h4><b>3\u00ba PREMIO:<\/b><\/h4>\n<p><strong>\u00a0Proyecto:<\/strong> L\u00cdQUIDOS CON VARIAS DENSIDADES Y COLORANTE<\/p>\n<p><strong>Componentes:<\/strong> ANDREA VALVERDE GARC\u00cdA<\/p>\n<h3><b>BACHILLERATO<\/b><\/h3>\n<h4><b>1\u00ba PREMIO:<\/b><\/h4>\n<p><strong>\u00a0Proyecto<\/strong>: EL MUNDO MICROBIOL\u00d3GICO<\/p>\n<p><strong>Componentes:<\/strong> ANDREA GARC\u00cdA GONZ\u00c1LEZ, PEDRO ROMERO ROMERA, NAIARA GARC\u00cdA CAMPOS<\/p>\n<h3><b>FORMACI\u00d3N PROFESIONAL<\/b><\/h3>\n<h4><b>1\u00ba PREMIO:<\/b><\/h4>\n<p><strong>\u00a0Proyecto:<\/strong> PROYECTOS EL\u00c9CTRICOS<\/p>\n<p><strong>Componentes:<\/strong> PABLO ARRABAL S\u00c1NCHEZ, AMARO CARRILLO S\u00c1NCHEZ, CRIST\u00d3BAL SALUD RULL<\/p>\n<p>[\/et_pb_text][et_pb_gallery gallery_ids=\u00bb15345,15347,15348,15349,15354,15355,15356,15357,15358,15359&#8243; show_title_and_caption=\u00bboff\u00bb _builder_version=\u00bb4.16&#8243; _module_preset=\u00bbdefault\u00bb border_radii_image=\u00bbon|10px|10px|10px|10px\u00bb global_colors_info=\u00bb{}\u00bb][\/et_pb_gallery][\/et_pb_column][\/et_pb_row][\/et_pb_section]<\/p>\n","protected":false},"excerpt":{"rendered":"<p>Celebramos de manera presencial la VIII edici\u00f3n del D\u00eda de la Ciencia y la Tecnolog\u00eda. <\/p>\n","protected":false},"author":2,"featured_media":15295,"comment_status":"open","ping_status":"open","sticky":false,"template":"","format":"standard","meta":{"_et_pb_use_builder":"on","_et_pb_old_content":"","_et_gb_content_width":"","footnotes":""},"categories":[20,27,11,19,21,26,12,22],"tags":[],"class_list":["post-15292","post","type-post","status-publish","format-standard","has-post-thumbnail","hentry","category-bto","category-ciencias","category-colegio","category-eso","category-fp","category-infantil","category-portada","category-primaria"],"yoast_head":"<!-- This site is optimized with the Yoast SEO plugin v28.4 - https:\/\/yoast.com\/product\/yoast-seo-wordpress\/ -->\n<title>VIII edici\u00f3n del D\u00eda de la Ciencia y la Tecnolog\u00eda. - Colegio Salesiano<\/title>\n<meta name=\"description\" content=\"En Salesianos Granada hemos celebrado la VIII edici\u00f3n nuestra Semana la Ciencia y la Tecnolog\u00eda con nuestros alumnos y sus familias.\" \/>\n<meta name=\"robots\" content=\"index, follow, max-snippet:-1, max-image-preview:large, max-video-preview:-1\" \/>\n<link rel=\"canonical\" href=\"https:\/\/granada.salesianos.edu\/colegio\/blog\/nueva-edicion-del-dia-de-la-ciencia-y-la-tecnoliga-2\/\" \/>\n<meta property=\"og:locale\" content=\"es_ES\" \/>\n<meta property=\"og:type\" content=\"article\" \/>\n<meta property=\"og:title\" content=\"VIII edici\u00f3n del D\u00eda de la Ciencia y la Tecnolog\u00eda. - Colegio Salesiano\" \/>\n<meta property=\"og:description\" content=\"En Salesianos Granada hemos celebrado la VIII edici\u00f3n nuestra Semana la Ciencia y la Tecnolog\u00eda con nuestros alumnos y sus familias.\" \/>\n<meta property=\"og:url\" content=\"https:\/\/granada.salesianos.edu\/colegio\/blog\/nueva-edicion-del-dia-de-la-ciencia-y-la-tecnoliga-2\/\" \/>\n<meta property=\"og:site_name\" content=\"Colegio Salesiano\" \/>\n<meta property=\"article:publisher\" content=\"https:\/\/www.facebook.com\/SalesianosGR\/\" \/>\n<meta property=\"article:published_time\" content=\"2022-04-01T11:34:52+00:00\" \/>\n<meta property=\"article:modified_time\" content=\"2023-01-18T21:08:11+00:00\" \/>\n<meta property=\"og:image\" content=\"https:\/\/granada.salesianos.edu\/colegio\/wp-content\/uploads\/sites\/2\/2022\/03\/carteldiadelaciencia.jpeg\" \/>\n\t<meta property=\"og:image:width\" content=\"1131\" \/>\n\t<meta property=\"og:image:height\" content=\"1600\" \/>\n\t<meta property=\"og:image:type\" content=\"image\/jpeg\" \/>\n<meta name=\"author\" content=\"Gestor Web\" \/>\n<meta name=\"twitter:card\" content=\"summary_large_image\" \/>\n<meta name=\"twitter:creator\" content=\"@GranadaSDB\" \/>\n<meta name=\"twitter:site\" content=\"@GranadaSDB\" \/>\n<meta name=\"twitter:label1\" content=\"Escrito por\" \/>\n\t<meta name=\"twitter:data1\" content=\"Gestor Web\" \/>\n\t<meta name=\"twitter:label2\" content=\"Tiempo de lectura\" \/>\n\t<meta name=\"twitter:data2\" content=\"2 minutos\" \/>\n<script type=\"application\/ld+json\" class=\"yoast-schema-graph\">{\"@context\":\"https:\\\/\\\/schema.org\",\"@graph\":[{\"@type\":\"Article\",\"@id\":\"https:\\\/\\\/granada.salesianos.edu\\\/colegio\\\/blog\\\/nueva-edicion-del-dia-de-la-ciencia-y-la-tecnoliga-2\\\/#article\",\"isPartOf\":{\"@id\":\"https:\\\/\\\/granada.salesianos.edu\\\/colegio\\\/blog\\\/nueva-edicion-del-dia-de-la-ciencia-y-la-tecnoliga-2\\\/\"},\"author\":{\"name\":\"Gestor Web\",\"@id\":\"https:\\\/\\\/granada.salesianos.edu\\\/colegio\\\/#\\\/schema\\\/person\\\/6392ff2e4bd1e66981d6eab734bbd962\"},\"headline\":\"VIII edici\u00f3n del D\u00eda de la Ciencia y la Tecnolog\u00eda.\",\"datePublished\":\"2022-04-01T11:34:52+00:00\",\"dateModified\":\"2023-01-18T21:08:11+00:00\",\"mainEntityOfPage\":{\"@id\":\"https:\\\/\\\/granada.salesianos.edu\\\/colegio\\\/blog\\\/nueva-edicion-del-dia-de-la-ciencia-y-la-tecnoliga-2\\\/\"},\"wordCount\":634,\"commentCount\":0,\"publisher\":{\"@id\":\"https:\\\/\\\/granada.salesianos.edu\\\/colegio\\\/#organization\"},\"image\":{\"@id\":\"https:\\\/\\\/granada.salesianos.edu\\\/colegio\\\/blog\\\/nueva-edicion-del-dia-de-la-ciencia-y-la-tecnoliga-2\\\/#primaryimage\"},\"thumbnailUrl\":\"https:\\\/\\\/granada.salesianos.edu\\\/colegio\\\/wp-content\\\/uploads\\\/sites\\\/2\\\/2022\\\/03\\\/carteldiadelaciencia.jpeg\",\"articleSection\":[\"BTO\",\"Ciencias\",\"Colegio\",\"ESO\",\"FP\",\"Infantil\",\"Portada\",\"Primaria\"],\"inLanguage\":\"es\",\"potentialAction\":[{\"@type\":\"CommentAction\",\"name\":\"Comment\",\"target\":[\"https:\\\/\\\/granada.salesianos.edu\\\/colegio\\\/blog\\\/nueva-edicion-del-dia-de-la-ciencia-y-la-tecnoliga-2\\\/#respond\"]}]},{\"@type\":\"WebPage\",\"@id\":\"https:\\\/\\\/granada.salesianos.edu\\\/colegio\\\/blog\\\/nueva-edicion-del-dia-de-la-ciencia-y-la-tecnoliga-2\\\/\",\"url\":\"https:\\\/\\\/granada.salesianos.edu\\\/colegio\\\/blog\\\/nueva-edicion-del-dia-de-la-ciencia-y-la-tecnoliga-2\\\/\",\"name\":\"VIII edici\u00f3n del D\u00eda de la Ciencia y la Tecnolog\u00eda. - Colegio Salesiano\",\"isPartOf\":{\"@id\":\"https:\\\/\\\/granada.salesianos.edu\\\/colegio\\\/#website\"},\"primaryImageOfPage\":{\"@id\":\"https:\\\/\\\/granada.salesianos.edu\\\/colegio\\\/blog\\\/nueva-edicion-del-dia-de-la-ciencia-y-la-tecnoliga-2\\\/#primaryimage\"},\"image\":{\"@id\":\"https:\\\/\\\/granada.salesianos.edu\\\/colegio\\\/blog\\\/nueva-edicion-del-dia-de-la-ciencia-y-la-tecnoliga-2\\\/#primaryimage\"},\"thumbnailUrl\":\"https:\\\/\\\/granada.salesianos.edu\\\/colegio\\\/wp-content\\\/uploads\\\/sites\\\/2\\\/2022\\\/03\\\/carteldiadelaciencia.jpeg\",\"datePublished\":\"2022-04-01T11:34:52+00:00\",\"dateModified\":\"2023-01-18T21:08:11+00:00\",\"description\":\"En Salesianos Granada hemos celebrado la VIII edici\u00f3n nuestra Semana la Ciencia y la Tecnolog\u00eda con nuestros alumnos y sus familias.\",\"breadcrumb\":{\"@id\":\"https:\\\/\\\/granada.salesianos.edu\\\/colegio\\\/blog\\\/nueva-edicion-del-dia-de-la-ciencia-y-la-tecnoliga-2\\\/#breadcrumb\"},\"inLanguage\":\"es\",\"potentialAction\":[{\"@type\":\"ReadAction\",\"target\":[\"https:\\\/\\\/granada.salesianos.edu\\\/colegio\\\/blog\\\/nueva-edicion-del-dia-de-la-ciencia-y-la-tecnoliga-2\\\/\"]}]},{\"@type\":\"ImageObject\",\"inLanguage\":\"es\",\"@id\":\"https:\\\/\\\/granada.salesianos.edu\\\/colegio\\\/blog\\\/nueva-edicion-del-dia-de-la-ciencia-y-la-tecnoliga-2\\\/#primaryimage\",\"url\":\"https:\\\/\\\/granada.salesianos.edu\\\/colegio\\\/wp-content\\\/uploads\\\/sites\\\/2\\\/2022\\\/03\\\/carteldiadelaciencia.jpeg\",\"contentUrl\":\"https:\\\/\\\/granada.salesianos.edu\\\/colegio\\\/wp-content\\\/uploads\\\/sites\\\/2\\\/2022\\\/03\\\/carteldiadelaciencia.jpeg\",\"width\":1131,\"height\":1600},{\"@type\":\"BreadcrumbList\",\"@id\":\"https:\\\/\\\/granada.salesianos.edu\\\/colegio\\\/blog\\\/nueva-edicion-del-dia-de-la-ciencia-y-la-tecnoliga-2\\\/#breadcrumb\",\"itemListElement\":[{\"@type\":\"ListItem\",\"position\":1,\"name\":\"Portada\",\"item\":\"https:\\\/\\\/granada.salesianos.edu\\\/colegio\\\/\"},{\"@type\":\"ListItem\",\"position\":2,\"name\":\"VIII edici\u00f3n del D\u00eda de la Ciencia y la Tecnolog\u00eda.\"}]},{\"@type\":\"WebSite\",\"@id\":\"https:\\\/\\\/granada.salesianos.edu\\\/colegio\\\/#website\",\"url\":\"https:\\\/\\\/granada.salesianos.edu\\\/colegio\\\/\",\"name\":\"Colegio Salesiano\",\"description\":\"P\u00e1gina oficial de Salesianos Granada San Juan Bosco\",\"publisher\":{\"@id\":\"https:\\\/\\\/granada.salesianos.edu\\\/colegio\\\/#organization\"},\"potentialAction\":[{\"@type\":\"SearchAction\",\"target\":{\"@type\":\"EntryPoint\",\"urlTemplate\":\"https:\\\/\\\/granada.salesianos.edu\\\/colegio\\\/?s={search_term_string}\"},\"query-input\":{\"@type\":\"PropertyValueSpecification\",\"valueRequired\":true,\"valueName\":\"search_term_string\"}}],\"inLanguage\":\"es\"},{\"@type\":\"Organization\",\"@id\":\"https:\\\/\\\/granada.salesianos.edu\\\/colegio\\\/#organization\",\"name\":\"Colegio Salesiano San Juan Bosco Granada\",\"url\":\"https:\\\/\\\/granada.salesianos.edu\\\/colegio\\\/\",\"logo\":{\"@type\":\"ImageObject\",\"inLanguage\":\"es\",\"@id\":\"https:\\\/\\\/granada.salesianos.edu\\\/colegio\\\/#\\\/schema\\\/logo\\\/image\\\/\",\"url\":\"https:\\\/\\\/granada.salesianos.edu\\\/colegio\\\/wp-content\\\/uploads\\\/sites\\\/2\\\/2021\\\/01\\\/GRANADAobraVN2.jpg\",\"contentUrl\":\"https:\\\/\\\/granada.salesianos.edu\\\/colegio\\\/wp-content\\\/uploads\\\/sites\\\/2\\\/2021\\\/01\\\/GRANADAobraVN2.jpg\",\"width\":2113,\"height\":1894,\"caption\":\"Colegio Salesiano San Juan Bosco Granada\"},\"image\":{\"@id\":\"https:\\\/\\\/granada.salesianos.edu\\\/colegio\\\/#\\\/schema\\\/logo\\\/image\\\/\"},\"sameAs\":[\"https:\\\/\\\/www.facebook.com\\\/SalesianosGR\\\/\",\"https:\\\/\\\/x.com\\\/GranadaSDB\",\"https:\\\/\\\/www.instagram.com\\\/salesianosgranada\\\/\",\"https:\\\/\\\/www.youtube.com\\\/channel\\\/UChkpZuhCf4Y5rYIcFT3CNxw?view_as=subscriber\"]},{\"@type\":\"Person\",\"@id\":\"https:\\\/\\\/granada.salesianos.edu\\\/colegio\\\/#\\\/schema\\\/person\\\/6392ff2e4bd1e66981d6eab734bbd962\",\"name\":\"Gestor Web\",\"image\":{\"@type\":\"ImageObject\",\"inLanguage\":\"es\",\"@id\":\"https:\\\/\\\/secure.gravatar.com\\\/avatar\\\/160666bb56a01520857079961a824af2b7821d6bad80677c80f2b473fceead1b?s=96&d=mm&r=g\",\"url\":\"https:\\\/\\\/secure.gravatar.com\\\/avatar\\\/160666bb56a01520857079961a824af2b7821d6bad80677c80f2b473fceead1b?s=96&d=mm&r=g\",\"contentUrl\":\"https:\\\/\\\/secure.gravatar.com\\\/avatar\\\/160666bb56a01520857079961a824af2b7821d6bad80677c80f2b473fceead1b?s=96&d=mm&r=g\",\"caption\":\"Gestor Web\"}}]}<\/script>\n<!-- \/ Yoast SEO plugin. -->","yoast_head_json":{"title":"VIII edici\u00f3n del D\u00eda de la Ciencia y la Tecnolog\u00eda. - Colegio Salesiano","description":"En Salesianos Granada hemos celebrado la VIII edici\u00f3n nuestra Semana la Ciencia y la Tecnolog\u00eda con nuestros alumnos y sus familias.","robots":{"index":"index","follow":"follow","max-snippet":"max-snippet:-1","max-image-preview":"max-image-preview:large","max-video-preview":"max-video-preview:-1"},"canonical":"https:\/\/granada.salesianos.edu\/colegio\/blog\/nueva-edicion-del-dia-de-la-ciencia-y-la-tecnoliga-2\/","og_locale":"es_ES","og_type":"article","og_title":"VIII edici\u00f3n del D\u00eda de la Ciencia y la Tecnolog\u00eda. - Colegio Salesiano","og_description":"En Salesianos Granada hemos celebrado la VIII edici\u00f3n nuestra Semana la Ciencia y la Tecnolog\u00eda con nuestros alumnos y sus familias.","og_url":"https:\/\/granada.salesianos.edu\/colegio\/blog\/nueva-edicion-del-dia-de-la-ciencia-y-la-tecnoliga-2\/","og_site_name":"Colegio Salesiano","article_publisher":"https:\/\/www.facebook.com\/SalesianosGR\/","article_published_time":"2022-04-01T11:34:52+00:00","article_modified_time":"2023-01-18T21:08:11+00:00","og_image":[{"width":1131,"height":1600,"url":"https:\/\/granada.salesianos.edu\/colegio\/wp-content\/uploads\/sites\/2\/2022\/03\/carteldiadelaciencia.jpeg","type":"image\/jpeg"}],"author":"Gestor Web","twitter_card":"summary_large_image","twitter_creator":"@GranadaSDB","twitter_site":"@GranadaSDB","twitter_misc":{"Escrito por":"Gestor Web","Tiempo de lectura":"2 minutos"},"schema":{"@context":"https:\/\/schema.org","@graph":[{"@type":"Article","@id":"https:\/\/granada.salesianos.edu\/colegio\/blog\/nueva-edicion-del-dia-de-la-ciencia-y-la-tecnoliga-2\/#article","isPartOf":{"@id":"https:\/\/granada.salesianos.edu\/colegio\/blog\/nueva-edicion-del-dia-de-la-ciencia-y-la-tecnoliga-2\/"},"author":{"name":"Gestor Web","@id":"https:\/\/granada.salesianos.edu\/colegio\/#\/schema\/person\/6392ff2e4bd1e66981d6eab734bbd962"},"headline":"VIII edici\u00f3n del D\u00eda de la Ciencia y la Tecnolog\u00eda.","datePublished":"2022-04-01T11:34:52+00:00","dateModified":"2023-01-18T21:08:11+00:00","mainEntityOfPage":{"@id":"https:\/\/granada.salesianos.edu\/colegio\/blog\/nueva-edicion-del-dia-de-la-ciencia-y-la-tecnoliga-2\/"},"wordCount":634,"commentCount":0,"publisher":{"@id":"https:\/\/granada.salesianos.edu\/colegio\/#organization"},"image":{"@id":"https:\/\/granada.salesianos.edu\/colegio\/blog\/nueva-edicion-del-dia-de-la-ciencia-y-la-tecnoliga-2\/#primaryimage"},"thumbnailUrl":"https:\/\/granada.salesianos.edu\/colegio\/wp-content\/uploads\/sites\/2\/2022\/03\/carteldiadelaciencia.jpeg","articleSection":["BTO","Ciencias","Colegio","ESO","FP","Infantil","Portada","Primaria"],"inLanguage":"es","potentialAction":[{"@type":"CommentAction","name":"Comment","target":["https:\/\/granada.salesianos.edu\/colegio\/blog\/nueva-edicion-del-dia-de-la-ciencia-y-la-tecnoliga-2\/#respond"]}]},{"@type":"WebPage","@id":"https:\/\/granada.salesianos.edu\/colegio\/blog\/nueva-edicion-del-dia-de-la-ciencia-y-la-tecnoliga-2\/","url":"https:\/\/granada.salesianos.edu\/colegio\/blog\/nueva-edicion-del-dia-de-la-ciencia-y-la-tecnoliga-2\/","name":"VIII edici\u00f3n del D\u00eda de la Ciencia y la Tecnolog\u00eda. - Colegio Salesiano","isPartOf":{"@id":"https:\/\/granada.salesianos.edu\/colegio\/#website"},"primaryImageOfPage":{"@id":"https:\/\/granada.salesianos.edu\/colegio\/blog\/nueva-edicion-del-dia-de-la-ciencia-y-la-tecnoliga-2\/#primaryimage"},"image":{"@id":"https:\/\/granada.salesianos.edu\/colegio\/blog\/nueva-edicion-del-dia-de-la-ciencia-y-la-tecnoliga-2\/#primaryimage"},"thumbnailUrl":"https:\/\/granada.salesianos.edu\/colegio\/wp-content\/uploads\/sites\/2\/2022\/03\/carteldiadelaciencia.jpeg","datePublished":"2022-04-01T11:34:52+00:00","dateModified":"2023-01-18T21:08:11+00:00","description":"En Salesianos Granada hemos celebrado la VIII edici\u00f3n nuestra Semana la Ciencia y la Tecnolog\u00eda con nuestros alumnos y sus familias.","breadcrumb":{"@id":"https:\/\/granada.salesianos.edu\/colegio\/blog\/nueva-edicion-del-dia-de-la-ciencia-y-la-tecnoliga-2\/#breadcrumb"},"inLanguage":"es","potentialAction":[{"@type":"ReadAction","target":["https:\/\/granada.salesianos.edu\/colegio\/blog\/nueva-edicion-del-dia-de-la-ciencia-y-la-tecnoliga-2\/"]}]},{"@type":"ImageObject","inLanguage":"es","@id":"https:\/\/granada.salesianos.edu\/colegio\/blog\/nueva-edicion-del-dia-de-la-ciencia-y-la-tecnoliga-2\/#primaryimage","url":"https:\/\/granada.salesianos.edu\/colegio\/wp-content\/uploads\/sites\/2\/2022\/03\/carteldiadelaciencia.jpeg","contentUrl":"https:\/\/granada.salesianos.edu\/colegio\/wp-content\/uploads\/sites\/2\/2022\/03\/carteldiadelaciencia.jpeg","width":1131,"height":1600},{"@type":"BreadcrumbList","@id":"https:\/\/granada.salesianos.edu\/colegio\/blog\/nueva-edicion-del-dia-de-la-ciencia-y-la-tecnoliga-2\/#breadcrumb","itemListElement":[{"@type":"ListItem","position":1,"name":"Portada","item":"https:\/\/granada.salesianos.edu\/colegio\/"},{"@type":"ListItem","position":2,"name":"VIII edici\u00f3n del D\u00eda de la Ciencia y la Tecnolog\u00eda."}]},{"@type":"WebSite","@id":"https:\/\/granada.salesianos.edu\/colegio\/#website","url":"https:\/\/granada.salesianos.edu\/colegio\/","name":"Colegio Salesiano","description":"P\u00e1gina oficial de Salesianos Granada San Juan Bosco","publisher":{"@id":"https:\/\/granada.salesianos.edu\/colegio\/#organization"},"potentialAction":[{"@type":"SearchAction","target":{"@type":"EntryPoint","urlTemplate":"https:\/\/granada.salesianos.edu\/colegio\/?s={search_term_string}"},"query-input":{"@type":"PropertyValueSpecification","valueRequired":true,"valueName":"search_term_string"}}],"inLanguage":"es"},{"@type":"Organization","@id":"https:\/\/granada.salesianos.edu\/colegio\/#organization","name":"Colegio Salesiano San Juan Bosco Granada","url":"https:\/\/granada.salesianos.edu\/colegio\/","logo":{"@type":"ImageObject","inLanguage":"es","@id":"https:\/\/granada.salesianos.edu\/colegio\/#\/schema\/logo\/image\/","url":"https:\/\/granada.salesianos.edu\/colegio\/wp-content\/uploads\/sites\/2\/2021\/01\/GRANADAobraVN2.jpg","contentUrl":"https:\/\/granada.salesianos.edu\/colegio\/wp-content\/uploads\/sites\/2\/2021\/01\/GRANADAobraVN2.jpg","width":2113,"height":1894,"caption":"Colegio Salesiano San Juan Bosco Granada"},"image":{"@id":"https:\/\/granada.salesianos.edu\/colegio\/#\/schema\/logo\/image\/"},"sameAs":["https:\/\/www.facebook.com\/SalesianosGR\/","https:\/\/x.com\/GranadaSDB","https:\/\/www.instagram.com\/salesianosgranada\/","https:\/\/www.youtube.com\/channel\/UChkpZuhCf4Y5rYIcFT3CNxw?view_as=subscriber"]},{"@type":"Person","@id":"https:\/\/granada.salesianos.edu\/colegio\/#\/schema\/person\/6392ff2e4bd1e66981d6eab734bbd962","name":"Gestor Web","image":{"@type":"ImageObject","inLanguage":"es","@id":"https:\/\/secure.gravatar.com\/avatar\/160666bb56a01520857079961a824af2b7821d6bad80677c80f2b473fceead1b?s=96&d=mm&r=g","url":"https:\/\/secure.gravatar.com\/avatar\/160666bb56a01520857079961a824af2b7821d6bad80677c80f2b473fceead1b?s=96&d=mm&r=g","contentUrl":"https:\/\/secure.gravatar.com\/avatar\/160666bb56a01520857079961a824af2b7821d6bad80677c80f2b473fceead1b?s=96&d=mm&r=g","caption":"Gestor Web"}}]}},"_links":{"self":[{"href":"https:\/\/granada.salesianos.edu\/colegio\/wp-json\/wp\/v2\/posts\/15292","targetHints":{"allow":["GET"]}}],"collection":[{"href":"https:\/\/granada.salesianos.edu\/colegio\/wp-json\/wp\/v2\/posts"}],"about":[{"href":"https:\/\/granada.salesianos.edu\/colegio\/wp-json\/wp\/v2\/types\/post"}],"author":[{"embeddable":true,"href":"https:\/\/granada.salesianos.edu\/colegio\/wp-json\/wp\/v2\/users\/2"}],"replies":[{"embeddable":true,"href":"https:\/\/granada.salesianos.edu\/colegio\/wp-json\/wp\/v2\/comments?post=15292"}],"version-history":[{"count":26,"href":"https:\/\/granada.salesianos.edu\/colegio\/wp-json\/wp\/v2\/posts\/15292\/revisions"}],"predecessor-version":[{"id":16712,"href":"https:\/\/granada.salesianos.edu\/colegio\/wp-json\/wp\/v2\/posts\/15292\/revisions\/16712"}],"wp:featuredmedia":[{"embeddable":true,"href":"https:\/\/granada.salesianos.edu\/colegio\/wp-json\/wp\/v2\/media\/15295"}],"wp:attachment":[{"href":"https:\/\/granada.salesianos.edu\/colegio\/wp-json\/wp\/v2\/media?parent=15292"}],"wp:term":[{"taxonomy":"category","embeddable":true,"href":"https:\/\/granada.salesianos.edu\/colegio\/wp-json\/wp\/v2\/categories?post=15292"},{"taxonomy":"post_tag","embeddable":true,"href":"https:\/\/granada.salesianos.edu\/colegio\/wp-json\/wp\/v2\/tags?post=15292"}],"curies":[{"name":"wp","href":"https:\/\/api.w.org\/{rel}","templated":true}]}}