{"id":15575,"date":"2022-05-20T20:00:30","date_gmt":"2022-05-20T18:00:30","guid":{"rendered":"https:\/\/granada.salesianos.edu\/colegio\/?p=15575"},"modified":"2022-12-01T22:01:39","modified_gmt":"2022-12-01T20:01:39","slug":"bosco-talent","status":"publish","type":"post","link":"https:\/\/granada.salesianos.edu\/colegio\/blog\/bosco-talent\/","title":{"rendered":"BOSCO TALENT"},"content":{"rendered":"<div id=\"fb-root\"><\/div>\n<p>[et_pb_section fb_built=\u00bb1&#8243; admin_label=\u00bbsection\u00bb _builder_version=\u00bb4.16&#8243; global_colors_info=\u00bb{}\u00bb][et_pb_row admin_label=\u00bbrow\u00bb _builder_version=\u00bb4.16&#8243; background_size=\u00bbinitial\u00bb background_position=\u00bbtop_left\u00bb background_repeat=\u00bbrepeat\u00bb min_height=\u00bb100px\u00bb height=\u00bb1000px\u00bb max_height=\u00bb100px\u00bb global_colors_info=\u00bb{}\u00bb][et_pb_column type=\u00bb4_4&#8243; _builder_version=\u00bb4.16&#8243; custom_padding=\u00bb|||\u00bb global_colors_info=\u00bb{}\u00bb custom_padding__hover=\u00bb|||\u00bb][et_pb_text admin_label=\u00bbEntradilla (Texto)\u00bb _builder_version=\u00bb4.17.4&#8243; text_font=\u00bb|on|||\u00bb text_orientation=\u00bbjustified\u00bb hover_enabled=\u00bb0&#8243; global_colors_info=\u00bb{}\u00bb sticky_enabled=\u00bb0&#8243;]<\/p>\n<p class=\"p1\">Este 20 de mayo celebramos en nuestro colegio el primer certamen de Bosco Talent, un concurso de talentos donde muchos alumnos y alumnas de nuestro centro quisieron participar mostrando su talento.<\/p>\n<p>[\/et_pb_text][et_pb_text admin_label=\u00bbDesarrollo (Texto)\u00bb _builder_version=\u00bb4.17.4&#8243; text_orientation=\u00bbjustified\u00bb min_height=\u00bb42.9px\u00bb custom_margin=\u00bb26px||||false|false\u00bb custom_padding=\u00bb||90px|||\u00bb global_colors_info=\u00bb{}\u00bb]<\/p>\n<p>La realizaci\u00f3n de este evento fue organizado por el alumnado del Grado Medio de 1\u00ba VDJS, quienes estuvieron muy involucrados en este proyecto de Pastoral desde su inicio. Detr\u00e1s de todo este trabajo hubo una gran investigaci\u00f3n sobre la ONG y proyecto al que iba a ir destinada, Misioneros Salesianos. Todo lo recaudado ir\u00e1 destinado al programa de ayuda a Ucrania. Los Salesianos trabajan tanto en Ucrania como en los pa\u00edses vecinos proporcionando acompa\u00f1amiento, refugio, seguridad y ayuda de primera necesidad a la poblaci\u00f3n ucraniana.<\/p>\n<p>Con este proyecto podr\u00e1n, por un lado, adaptar las instalaciones salesianas para la acogida y la atenci\u00f3n de la poblaci\u00f3n refugiada; comprar alimentos y bienes de primera necesidad en Polonia y cubrir los gastos de su transporte y reparto en Ucrania atender en lacasa salesiana de Zhytomyr (Ucrania) a personas heridas en la guerra.<\/p>\n<p>Misioneros Salesianos se establece para educar y formar a los j\u00f3venes que se encuentran en situaciones desfavorablemente econ\u00f3micas, marginados o en riesgo dentro de la sociedad. Desde entonces, ha ido creciendo y extendi\u00e9ndose por los cinco continentes con un talento educativo orientado a los j\u00f3venes m\u00e1s desfavorecidos y un esp\u00edritu misionero evangelizador que no conoce fronteras geogr\u00e1ficas. En resumen, trabajan para una educaci\u00f3n de calidad, infancia y juventud en riesgo de exclusi\u00f3n, el fomento del acceso laboral, la alimentaci\u00f3n, el fortalecimiento del papel de la mujer, trabajo en minor\u00edas, emergencias, sensibilizaci\u00f3n, transmisi\u00f3n de valores cristianos, acceso al agua potable, saneamiento y salud.<\/p>\n<p>Su visi\u00f3n es clara, todo su equipo es consciente del valor y singularidad de la personalidad carism\u00e1tica de Don Bosco, su objetivo es ser una entidad que contribuya<\/p>\n<p>con calidad a la construcci\u00f3n de un mundo justo, equitativo, inclusivo y sostenible para los j\u00f3venes.<\/p>\n<p>Los participantes de esta primera gala cursan diferentes etapas desde Primaria, ESO, Bachillerato y Ciclos Formativos por lo que se estableci\u00f3 dos categor\u00edas en premios; una Infantil y otro Juvenil. Fue Luna Due\u00f1as quien gan\u00f3 la categor\u00eda Infantil deleit\u00e1ndonos con una canci\u00f3n de Frozen, del mismo modo lo hicieron Irene y Mar\u00eda en la categor\u00eda Juvenil con danza urbana. Pero no cabe duda que tanto espectadores como organizadores pudimos disfrutar de una gala muy emocionante porque se palp\u00f3 mucho talento entre todos los aspirantes. El jurado tuvo que tomar una decisi\u00f3n muy dif\u00edcil.<\/p>\n<p>Os dejamos una selecci\u00f3n de fotograf\u00edas de todos nuestros talentos y os animamos a que en la pr\u00f3xima gala particip\u00e9is.<\/p>\n<p>[\/et_pb_text][et_pb_gallery gallery_ids=\u00bb15584,15597,15581,15580,15579,15578,15582,15583,15585,15586,15587,15588,15589,15590,15591,15592,15594,15595,15593,15596,15598&#8243; _builder_version=\u00bb4.17.4&#8243; _module_preset=\u00bbdefault\u00bb hover_enabled=\u00bb0&#8243; global_colors_info=\u00bb{}\u00bb show_title_and_caption=\u00bboff\u00bb sticky_enabled=\u00bb0&#8243;][\/et_pb_gallery][\/et_pb_column][\/et_pb_row][\/et_pb_section]<\/p>\n","protected":false},"excerpt":{"rendered":"<p>Este 20 de mayo celebramos en nuestro colegio el primer certamen de Bosco Talent, un concurso de talentos donde muchos alumnos y alumnas de nuestro centro quisieron participar mostrando su talento.<\/p>\n","protected":false},"author":2,"featured_media":15584,"comment_status":"open","ping_status":"open","sticky":false,"template":"","format":"standard","meta":{"_et_pb_use_builder":"on","_et_pb_old_content":"","_et_gb_content_width":"","footnotes":""},"categories":[20,11,19,21,26,23,12,22],"tags":[],"class_list":["post-15575","post","type-post","status-publish","format-standard","has-post-thumbnail","hentry","category-bto","category-colegio","category-eso","category-fp","category-infantil","category-pastoral","category-portada","category-primaria"],"yoast_head":"<!-- This site is optimized with the Yoast SEO plugin v28.4 - https:\/\/yoast.com\/product\/yoast-seo-wordpress\/ -->\n<title>BOSCO TALENT - Colegio Salesiano<\/title>\n<meta name=\"robots\" content=\"index, follow, max-snippet:-1, max-image-preview:large, max-video-preview:-1\" \/>\n<link rel=\"canonical\" href=\"https:\/\/granada.salesianos.edu\/colegio\/blog\/bosco-talent\/\" \/>\n<meta property=\"og:locale\" content=\"es_ES\" \/>\n<meta property=\"og:type\" content=\"article\" \/>\n<meta property=\"og:title\" content=\"BOSCO TALENT - Colegio Salesiano\" \/>\n<meta property=\"og:description\" content=\"Este 20 de mayo celebramos en nuestro colegio el primer certamen de Bosco Talent, un concurso de talentos donde muchos alumnos y alumnas de nuestro centro quisieron participar mostrando su talento.\" \/>\n<meta property=\"og:url\" content=\"https:\/\/granada.salesianos.edu\/colegio\/blog\/bosco-talent\/\" \/>\n<meta property=\"og:site_name\" content=\"Colegio Salesiano\" \/>\n<meta property=\"article:publisher\" content=\"https:\/\/www.facebook.com\/SalesianosGR\/\" \/>\n<meta property=\"article:published_time\" content=\"2022-05-20T18:00:30+00:00\" \/>\n<meta property=\"article:modified_time\" content=\"2022-12-01T20:01:39+00:00\" \/>\n<meta property=\"og:image\" content=\"https:\/\/granada.salesianos.edu\/colegio\/wp-content\/uploads\/sites\/2\/2022\/06\/WhatsApp-Image-2022-06-08-at-2.14.38-PM-4.jpeg\" \/>\n\t<meta property=\"og:image:width\" content=\"1600\" \/>\n\t<meta property=\"og:image:height\" content=\"900\" \/>\n\t<meta property=\"og:image:type\" content=\"image\/jpeg\" \/>\n<meta name=\"author\" content=\"Gestor Web\" \/>\n<meta name=\"twitter:card\" content=\"summary_large_image\" \/>\n<meta name=\"twitter:creator\" content=\"@GranadaSDB\" \/>\n<meta name=\"twitter:site\" content=\"@GranadaSDB\" \/>\n<meta name=\"twitter:label1\" content=\"Escrito por\" \/>\n\t<meta name=\"twitter:data1\" content=\"Gestor Web\" \/>\n\t<meta name=\"twitter:label2\" content=\"Tiempo de lectura\" \/>\n\t<meta name=\"twitter:data2\" content=\"3 minutos\" \/>\n<script type=\"application\/ld+json\" class=\"yoast-schema-graph\">{\"@context\":\"https:\\\/\\\/schema.org\",\"@graph\":[{\"@type\":\"Article\",\"@id\":\"https:\\\/\\\/granada.salesianos.edu\\\/colegio\\\/blog\\\/bosco-talent\\\/#article\",\"isPartOf\":{\"@id\":\"https:\\\/\\\/granada.salesianos.edu\\\/colegio\\\/blog\\\/bosco-talent\\\/\"},\"author\":{\"name\":\"Gestor Web\",\"@id\":\"https:\\\/\\\/granada.salesianos.edu\\\/colegio\\\/#\\\/schema\\\/person\\\/6392ff2e4bd1e66981d6eab734bbd962\"},\"headline\":\"BOSCO TALENT\",\"datePublished\":\"2022-05-20T18:00:30+00:00\",\"dateModified\":\"2022-12-01T20:01:39+00:00\",\"mainEntityOfPage\":{\"@id\":\"https:\\\/\\\/granada.salesianos.edu\\\/colegio\\\/blog\\\/bosco-talent\\\/\"},\"wordCount\":612,\"commentCount\":0,\"publisher\":{\"@id\":\"https:\\\/\\\/granada.salesianos.edu\\\/colegio\\\/#organization\"},\"image\":{\"@id\":\"https:\\\/\\\/granada.salesianos.edu\\\/colegio\\\/blog\\\/bosco-talent\\\/#primaryimage\"},\"thumbnailUrl\":\"https:\\\/\\\/granada.salesianos.edu\\\/colegio\\\/wp-content\\\/uploads\\\/sites\\\/2\\\/2022\\\/06\\\/WhatsApp-Image-2022-06-08-at-2.14.38-PM-4.jpeg\",\"articleSection\":[\"BTO\",\"Colegio\",\"ESO\",\"FP\",\"Infantil\",\"Pastoral\",\"Portada\",\"Primaria\"],\"inLanguage\":\"es\",\"potentialAction\":[{\"@type\":\"CommentAction\",\"name\":\"Comment\",\"target\":[\"https:\\\/\\\/granada.salesianos.edu\\\/colegio\\\/blog\\\/bosco-talent\\\/#respond\"]}]},{\"@type\":\"WebPage\",\"@id\":\"https:\\\/\\\/granada.salesianos.edu\\\/colegio\\\/blog\\\/bosco-talent\\\/\",\"url\":\"https:\\\/\\\/granada.salesianos.edu\\\/colegio\\\/blog\\\/bosco-talent\\\/\",\"name\":\"BOSCO TALENT - Colegio Salesiano\",\"isPartOf\":{\"@id\":\"https:\\\/\\\/granada.salesianos.edu\\\/colegio\\\/#website\"},\"primaryImageOfPage\":{\"@id\":\"https:\\\/\\\/granada.salesianos.edu\\\/colegio\\\/blog\\\/bosco-talent\\\/#primaryimage\"},\"image\":{\"@id\":\"https:\\\/\\\/granada.salesianos.edu\\\/colegio\\\/blog\\\/bosco-talent\\\/#primaryimage\"},\"thumbnailUrl\":\"https:\\\/\\\/granada.salesianos.edu\\\/colegio\\\/wp-content\\\/uploads\\\/sites\\\/2\\\/2022\\\/06\\\/WhatsApp-Image-2022-06-08-at-2.14.38-PM-4.jpeg\",\"datePublished\":\"2022-05-20T18:00:30+00:00\",\"dateModified\":\"2022-12-01T20:01:39+00:00\",\"breadcrumb\":{\"@id\":\"https:\\\/\\\/granada.salesianos.edu\\\/colegio\\\/blog\\\/bosco-talent\\\/#breadcrumb\"},\"inLanguage\":\"es\",\"potentialAction\":[{\"@type\":\"ReadAction\",\"target\":[\"https:\\\/\\\/granada.salesianos.edu\\\/colegio\\\/blog\\\/bosco-talent\\\/\"]}]},{\"@type\":\"ImageObject\",\"inLanguage\":\"es\",\"@id\":\"https:\\\/\\\/granada.salesianos.edu\\\/colegio\\\/blog\\\/bosco-talent\\\/#primaryimage\",\"url\":\"https:\\\/\\\/granada.salesianos.edu\\\/colegio\\\/wp-content\\\/uploads\\\/sites\\\/2\\\/2022\\\/06\\\/WhatsApp-Image-2022-06-08-at-2.14.38-PM-4.jpeg\",\"contentUrl\":\"https:\\\/\\\/granada.salesianos.edu\\\/colegio\\\/wp-content\\\/uploads\\\/sites\\\/2\\\/2022\\\/06\\\/WhatsApp-Image-2022-06-08-at-2.14.38-PM-4.jpeg\",\"width\":1600,\"height\":900},{\"@type\":\"BreadcrumbList\",\"@id\":\"https:\\\/\\\/granada.salesianos.edu\\\/colegio\\\/blog\\\/bosco-talent\\\/#breadcrumb\",\"itemListElement\":[{\"@type\":\"ListItem\",\"position\":1,\"name\":\"Portada\",\"item\":\"https:\\\/\\\/granada.salesianos.edu\\\/colegio\\\/\"},{\"@type\":\"ListItem\",\"position\":2,\"name\":\"BOSCO TALENT\"}]},{\"@type\":\"WebSite\",\"@id\":\"https:\\\/\\\/granada.salesianos.edu\\\/colegio\\\/#website\",\"url\":\"https:\\\/\\\/granada.salesianos.edu\\\/colegio\\\/\",\"name\":\"Colegio Salesiano\",\"description\":\"P\u00e1gina oficial de Salesianos Granada San Juan Bosco\",\"publisher\":{\"@id\":\"https:\\\/\\\/granada.salesianos.edu\\\/colegio\\\/#organization\"},\"potentialAction\":[{\"@type\":\"SearchAction\",\"target\":{\"@type\":\"EntryPoint\",\"urlTemplate\":\"https:\\\/\\\/granada.salesianos.edu\\\/colegio\\\/?s={search_term_string}\"},\"query-input\":{\"@type\":\"PropertyValueSpecification\",\"valueRequired\":true,\"valueName\":\"search_term_string\"}}],\"inLanguage\":\"es\"},{\"@type\":\"Organization\",\"@id\":\"https:\\\/\\\/granada.salesianos.edu\\\/colegio\\\/#organization\",\"name\":\"Colegio Salesiano San Juan Bosco Granada\",\"url\":\"https:\\\/\\\/granada.salesianos.edu\\\/colegio\\\/\",\"logo\":{\"@type\":\"ImageObject\",\"inLanguage\":\"es\",\"@id\":\"https:\\\/\\\/granada.salesianos.edu\\\/colegio\\\/#\\\/schema\\\/logo\\\/image\\\/\",\"url\":\"https:\\\/\\\/granada.salesianos.edu\\\/colegio\\\/wp-content\\\/uploads\\\/sites\\\/2\\\/2021\\\/01\\\/GRANADAobraVN2.jpg\",\"contentUrl\":\"https:\\\/\\\/granada.salesianos.edu\\\/colegio\\\/wp-content\\\/uploads\\\/sites\\\/2\\\/2021\\\/01\\\/GRANADAobraVN2.jpg\",\"width\":2113,\"height\":1894,\"caption\":\"Colegio Salesiano San Juan Bosco Granada\"},\"image\":{\"@id\":\"https:\\\/\\\/granada.salesianos.edu\\\/colegio\\\/#\\\/schema\\\/logo\\\/image\\\/\"},\"sameAs\":[\"https:\\\/\\\/www.facebook.com\\\/SalesianosGR\\\/\",\"https:\\\/\\\/x.com\\\/GranadaSDB\",\"https:\\\/\\\/www.instagram.com\\\/salesianosgranada\\\/\",\"https:\\\/\\\/www.youtube.com\\\/channel\\\/UChkpZuhCf4Y5rYIcFT3CNxw?view_as=subscriber\"]},{\"@type\":\"Person\",\"@id\":\"https:\\\/\\\/granada.salesianos.edu\\\/colegio\\\/#\\\/schema\\\/person\\\/6392ff2e4bd1e66981d6eab734bbd962\",\"name\":\"Gestor Web\",\"image\":{\"@type\":\"ImageObject\",\"inLanguage\":\"es\",\"@id\":\"https:\\\/\\\/secure.gravatar.com\\\/avatar\\\/160666bb56a01520857079961a824af2b7821d6bad80677c80f2b473fceead1b?s=96&d=mm&r=g\",\"url\":\"https:\\\/\\\/secure.gravatar.com\\\/avatar\\\/160666bb56a01520857079961a824af2b7821d6bad80677c80f2b473fceead1b?s=96&d=mm&r=g\",\"contentUrl\":\"https:\\\/\\\/secure.gravatar.com\\\/avatar\\\/160666bb56a01520857079961a824af2b7821d6bad80677c80f2b473fceead1b?s=96&d=mm&r=g\",\"caption\":\"Gestor Web\"}}]}<\/script>\n<!-- \/ Yoast SEO plugin. -->","yoast_head_json":{"title":"BOSCO TALENT - Colegio Salesiano","robots":{"index":"index","follow":"follow","max-snippet":"max-snippet:-1","max-image-preview":"max-image-preview:large","max-video-preview":"max-video-preview:-1"},"canonical":"https:\/\/granada.salesianos.edu\/colegio\/blog\/bosco-talent\/","og_locale":"es_ES","og_type":"article","og_title":"BOSCO TALENT - Colegio Salesiano","og_description":"Este 20 de mayo celebramos en nuestro colegio el primer certamen de Bosco Talent, un concurso de talentos donde muchos alumnos y alumnas de nuestro centro quisieron participar mostrando su talento.","og_url":"https:\/\/granada.salesianos.edu\/colegio\/blog\/bosco-talent\/","og_site_name":"Colegio Salesiano","article_publisher":"https:\/\/www.facebook.com\/SalesianosGR\/","article_published_time":"2022-05-20T18:00:30+00:00","article_modified_time":"2022-12-01T20:01:39+00:00","og_image":[{"width":1600,"height":900,"url":"https:\/\/granada.salesianos.edu\/colegio\/wp-content\/uploads\/sites\/2\/2022\/06\/WhatsApp-Image-2022-06-08-at-2.14.38-PM-4.jpeg","type":"image\/jpeg"}],"author":"Gestor Web","twitter_card":"summary_large_image","twitter_creator":"@GranadaSDB","twitter_site":"@GranadaSDB","twitter_misc":{"Escrito por":"Gestor Web","Tiempo de lectura":"3 minutos"},"schema":{"@context":"https:\/\/schema.org","@graph":[{"@type":"Article","@id":"https:\/\/granada.salesianos.edu\/colegio\/blog\/bosco-talent\/#article","isPartOf":{"@id":"https:\/\/granada.salesianos.edu\/colegio\/blog\/bosco-talent\/"},"author":{"name":"Gestor Web","@id":"https:\/\/granada.salesianos.edu\/colegio\/#\/schema\/person\/6392ff2e4bd1e66981d6eab734bbd962"},"headline":"BOSCO TALENT","datePublished":"2022-05-20T18:00:30+00:00","dateModified":"2022-12-01T20:01:39+00:00","mainEntityOfPage":{"@id":"https:\/\/granada.salesianos.edu\/colegio\/blog\/bosco-talent\/"},"wordCount":612,"commentCount":0,"publisher":{"@id":"https:\/\/granada.salesianos.edu\/colegio\/#organization"},"image":{"@id":"https:\/\/granada.salesianos.edu\/colegio\/blog\/bosco-talent\/#primaryimage"},"thumbnailUrl":"https:\/\/granada.salesianos.edu\/colegio\/wp-content\/uploads\/sites\/2\/2022\/06\/WhatsApp-Image-2022-06-08-at-2.14.38-PM-4.jpeg","articleSection":["BTO","Colegio","ESO","FP","Infantil","Pastoral","Portada","Primaria"],"inLanguage":"es","potentialAction":[{"@type":"CommentAction","name":"Comment","target":["https:\/\/granada.salesianos.edu\/colegio\/blog\/bosco-talent\/#respond"]}]},{"@type":"WebPage","@id":"https:\/\/granada.salesianos.edu\/colegio\/blog\/bosco-talent\/","url":"https:\/\/granada.salesianos.edu\/colegio\/blog\/bosco-talent\/","name":"BOSCO TALENT - Colegio Salesiano","isPartOf":{"@id":"https:\/\/granada.salesianos.edu\/colegio\/#website"},"primaryImageOfPage":{"@id":"https:\/\/granada.salesianos.edu\/colegio\/blog\/bosco-talent\/#primaryimage"},"image":{"@id":"https:\/\/granada.salesianos.edu\/colegio\/blog\/bosco-talent\/#primaryimage"},"thumbnailUrl":"https:\/\/granada.salesianos.edu\/colegio\/wp-content\/uploads\/sites\/2\/2022\/06\/WhatsApp-Image-2022-06-08-at-2.14.38-PM-4.jpeg","datePublished":"2022-05-20T18:00:30+00:00","dateModified":"2022-12-01T20:01:39+00:00","breadcrumb":{"@id":"https:\/\/granada.salesianos.edu\/colegio\/blog\/bosco-talent\/#breadcrumb"},"inLanguage":"es","potentialAction":[{"@type":"ReadAction","target":["https:\/\/granada.salesianos.edu\/colegio\/blog\/bosco-talent\/"]}]},{"@type":"ImageObject","inLanguage":"es","@id":"https:\/\/granada.salesianos.edu\/colegio\/blog\/bosco-talent\/#primaryimage","url":"https:\/\/granada.salesianos.edu\/colegio\/wp-content\/uploads\/sites\/2\/2022\/06\/WhatsApp-Image-2022-06-08-at-2.14.38-PM-4.jpeg","contentUrl":"https:\/\/granada.salesianos.edu\/colegio\/wp-content\/uploads\/sites\/2\/2022\/06\/WhatsApp-Image-2022-06-08-at-2.14.38-PM-4.jpeg","width":1600,"height":900},{"@type":"BreadcrumbList","@id":"https:\/\/granada.salesianos.edu\/colegio\/blog\/bosco-talent\/#breadcrumb","itemListElement":[{"@type":"ListItem","position":1,"name":"Portada","item":"https:\/\/granada.salesianos.edu\/colegio\/"},{"@type":"ListItem","position":2,"name":"BOSCO TALENT"}]},{"@type":"WebSite","@id":"https:\/\/granada.salesianos.edu\/colegio\/#website","url":"https:\/\/granada.salesianos.edu\/colegio\/","name":"Colegio Salesiano","description":"P\u00e1gina oficial de Salesianos Granada San Juan Bosco","publisher":{"@id":"https:\/\/granada.salesianos.edu\/colegio\/#organization"},"potentialAction":[{"@type":"SearchAction","target":{"@type":"EntryPoint","urlTemplate":"https:\/\/granada.salesianos.edu\/colegio\/?s={search_term_string}"},"query-input":{"@type":"PropertyValueSpecification","valueRequired":true,"valueName":"search_term_string"}}],"inLanguage":"es"},{"@type":"Organization","@id":"https:\/\/granada.salesianos.edu\/colegio\/#organization","name":"Colegio Salesiano San Juan Bosco Granada","url":"https:\/\/granada.salesianos.edu\/colegio\/","logo":{"@type":"ImageObject","inLanguage":"es","@id":"https:\/\/granada.salesianos.edu\/colegio\/#\/schema\/logo\/image\/","url":"https:\/\/granada.salesianos.edu\/colegio\/wp-content\/uploads\/sites\/2\/2021\/01\/GRANADAobraVN2.jpg","contentUrl":"https:\/\/granada.salesianos.edu\/colegio\/wp-content\/uploads\/sites\/2\/2021\/01\/GRANADAobraVN2.jpg","width":2113,"height":1894,"caption":"Colegio Salesiano San Juan Bosco Granada"},"image":{"@id":"https:\/\/granada.salesianos.edu\/colegio\/#\/schema\/logo\/image\/"},"sameAs":["https:\/\/www.facebook.com\/SalesianosGR\/","https:\/\/x.com\/GranadaSDB","https:\/\/www.instagram.com\/salesianosgranada\/","https:\/\/www.youtube.com\/channel\/UChkpZuhCf4Y5rYIcFT3CNxw?view_as=subscriber"]},{"@type":"Person","@id":"https:\/\/granada.salesianos.edu\/colegio\/#\/schema\/person\/6392ff2e4bd1e66981d6eab734bbd962","name":"Gestor Web","image":{"@type":"ImageObject","inLanguage":"es","@id":"https:\/\/secure.gravatar.com\/avatar\/160666bb56a01520857079961a824af2b7821d6bad80677c80f2b473fceead1b?s=96&d=mm&r=g","url":"https:\/\/secure.gravatar.com\/avatar\/160666bb56a01520857079961a824af2b7821d6bad80677c80f2b473fceead1b?s=96&d=mm&r=g","contentUrl":"https:\/\/secure.gravatar.com\/avatar\/160666bb56a01520857079961a824af2b7821d6bad80677c80f2b473fceead1b?s=96&d=mm&r=g","caption":"Gestor Web"}}]}},"_links":{"self":[{"href":"https:\/\/granada.salesianos.edu\/colegio\/wp-json\/wp\/v2\/posts\/15575","targetHints":{"allow":["GET"]}}],"collection":[{"href":"https:\/\/granada.salesianos.edu\/colegio\/wp-json\/wp\/v2\/posts"}],"about":[{"href":"https:\/\/granada.salesianos.edu\/colegio\/wp-json\/wp\/v2\/types\/post"}],"author":[{"embeddable":true,"href":"https:\/\/granada.salesianos.edu\/colegio\/wp-json\/wp\/v2\/users\/2"}],"replies":[{"embeddable":true,"href":"https:\/\/granada.salesianos.edu\/colegio\/wp-json\/wp\/v2\/comments?post=15575"}],"version-history":[{"count":7,"href":"https:\/\/granada.salesianos.edu\/colegio\/wp-json\/wp\/v2\/posts\/15575\/revisions"}],"predecessor-version":[{"id":15605,"href":"https:\/\/granada.salesianos.edu\/colegio\/wp-json\/wp\/v2\/posts\/15575\/revisions\/15605"}],"wp:featuredmedia":[{"embeddable":true,"href":"https:\/\/granada.salesianos.edu\/colegio\/wp-json\/wp\/v2\/media\/15584"}],"wp:attachment":[{"href":"https:\/\/granada.salesianos.edu\/colegio\/wp-json\/wp\/v2\/media?parent=15575"}],"wp:term":[{"taxonomy":"category","embeddable":true,"href":"https:\/\/granada.salesianos.edu\/colegio\/wp-json\/wp\/v2\/categories?post=15575"},{"taxonomy":"post_tag","embeddable":true,"href":"https:\/\/granada.salesianos.edu\/colegio\/wp-json\/wp\/v2\/tags?post=15575"}],"curies":[{"name":"wp","href":"https:\/\/api.w.org\/{rel}","templated":true}]}}