{"id":16078,"date":"2022-10-18T18:19:19","date_gmt":"2022-10-18T16:19:19","guid":{"rendered":"https:\/\/granada.salesianos.edu\/colegio\/?p=16078"},"modified":"2022-12-01T21:57:09","modified_gmt":"2022-12-01T19:57:09","slug":"nuestro-alumno-sergio-de-mateo-de-2o-de-realizacion-de-audiovisuales-continua-su-aprendizaje-por-medio-de-un-contrato-de-trabajo-en-italia","status":"publish","type":"post","link":"https:\/\/granada.salesianos.edu\/colegio\/blog\/nuestro-alumno-sergio-de-mateo-de-2o-de-realizacion-de-audiovisuales-continua-su-aprendizaje-por-medio-de-un-contrato-de-trabajo-en-italia\/","title":{"rendered":"Nuestro alumno Sergio de Mateo de 2\u00ba de Realizaci\u00f3n de Audiovisuales, continua su aprendizaje por medio de un contrato de trabajo en Italia."},"content":{"rendered":"<div id=\"fb-root\"><\/div>\n<p><img loading=\"lazy\" decoding=\"async\" class=\"aligncenter wp-image-16079 size-full\" src=\"https:\/\/granada.salesianos.edu\/colegio\/wp-content\/uploads\/sites\/2\/2022\/10\/WhatsApp-Image-2022-10-13-at-10.14.41.jpeg\" alt=\"\" width=\"1280\" height=\"960\" srcset=\"https:\/\/granada.salesianos.edu\/colegio\/wp-content\/uploads\/sites\/2\/2022\/10\/WhatsApp-Image-2022-10-13-at-10.14.41.jpeg 1280w, https:\/\/granada.salesianos.edu\/colegio\/wp-content\/uploads\/sites\/2\/2022\/10\/WhatsApp-Image-2022-10-13-at-10.14.41-980x735.jpeg 980w, https:\/\/granada.salesianos.edu\/colegio\/wp-content\/uploads\/sites\/2\/2022\/10\/WhatsApp-Image-2022-10-13-at-10.14.41-480x360.jpeg 480w\" sizes=\"(min-width: 0px) and (max-width: 480px) 480px, (min-width: 481px) and (max-width: 980px) 980px, (min-width: 981px) 1280px, 100vw\" \/><\/p>\n<p>&nbsp;<\/p>\n<p>Sergio comenz\u00f3 su formaci\u00f3n en centros de trabajo (FCT), m\u00f3dulo de los Grados Superiores, en Italia, concretamente en Circoscrizione Maria Ausiliatrice Piemonte e Valle D \u0301Aosta, centro salesiano de Trino; centro que cuenta con una sede de comunicaci\u00f3n donde cubren eventos del propio centro o la ciudad.<\/p>\n<p>Nuestro alumno pudo disfrutar de las pr\u00e1cticas en el extranjero gracias al programa Erasmus + que le permiti\u00f3 la movilidad hasta este pa\u00eds. Sergio junto con otros j\u00f3venes del de la ciudad italiana han dedicado su formaci\u00f3n a la comunicaci\u00f3n, donde ha participado muy activamente en la organizaci\u00f3n de los programas que iban a realizar. Ha realizado tareas de coordinaci\u00f3n, grabaci\u00f3n y edici\u00f3n de programas televisivos de los que forma parte la Casa Salesiana. Sergio ha sido siempre conocedor de esta oportunidad y durante todo el pasado curso, hasta su comienzo de pr\u00e1cticas, se ha dedicado a formarse en el idioma ingl\u00e9s e italiano. Cabe destacar que ha sido tanta esta preparaci\u00f3n tanto acad\u00e9mica, el realizaci\u00f3n de tv y teatro, como en idiomas que Sergio ha conseguido poder seguir trabajando en este centro durante el verano. Algo que destaca mucho tanto \u00e9l como su tutor de pr\u00e1cticas es la gran experiencia que est\u00e1 viviendo. As\u00ed que os animamos a que particip\u00e9is en los diferentes programas que nos ofrece Erasmus+ y as\u00ed poder disfrutar de la oportunidad de una gran experiencia en el extranjero.<\/p>\n<p>Aqu\u00ed os dejamos una entrevista donde nos cuenta su experiencia.<\/p>\n<p>&nbsp;<\/p>\n<div style=\"width: 640px;\" class=\"wp-video\"><video class=\"wp-video-shortcode\" id=\"video-16078-1\" width=\"640\" height=\"352\" preload=\"metadata\" controls=\"controls\"><source type=\"video\/mp4\" src=\"https:\/\/granada.salesianos.edu\/wp-content\/uploads\/2022\/10\/WhatsApp-Video-2022-10-14-at-16.20.42.mp4?_=1\" \/><a href=\"https:\/\/granada.salesianos.edu\/wp-content\/uploads\/2022\/10\/WhatsApp-Video-2022-10-14-at-16.20.42.mp4\">https:\/\/granada.salesianos.edu\/wp-content\/uploads\/2022\/10\/WhatsApp-Video-2022-10-14-at-16.20.42.mp4<\/a><\/video><\/div>\n","protected":false},"excerpt":{"rendered":"<p>&nbsp; Sergio comenz\u00f3 su formaci\u00f3n en centros de trabajo (FCT), m\u00f3dulo de los Grados Superiores, en Italia, concretamente en Circoscrizione Maria Ausiliatrice Piemonte e Valle D \u0301Aosta, centro salesiano de Trino; centro que cuenta con una sede de comunicaci\u00f3n donde cubren eventos del propio centro o la ciudad. Nuestro alumno pudo disfrutar de las pr\u00e1cticas [&hellip;]<\/p>\n","protected":false},"author":2,"featured_media":0,"comment_status":"open","ping_status":"open","sticky":false,"template":"","format":"standard","meta":{"_et_pb_use_builder":"off","_et_pb_old_content":"","_et_gb_content_width":"","footnotes":""},"categories":[21,12],"tags":[],"class_list":["post-16078","post","type-post","status-publish","format-standard","hentry","category-fp","category-portada"],"yoast_head":"<!-- This site is optimized with the Yoast SEO plugin v28.4 - https:\/\/yoast.com\/product\/yoast-seo-wordpress\/ -->\n<title>Nuestro alumno Sergio de Mateo de 2\u00ba de Realizaci\u00f3n de Audiovisuales, continua su aprendizaje por medio de un contrato de trabajo en Italia. - Colegio Salesiano<\/title>\n<meta name=\"robots\" content=\"index, follow, max-snippet:-1, max-image-preview:large, max-video-preview:-1\" \/>\n<link rel=\"canonical\" href=\"https:\/\/granada.salesianos.edu\/colegio\/blog\/nuestro-alumno-sergio-de-mateo-de-2o-de-realizacion-de-audiovisuales-continua-su-aprendizaje-por-medio-de-un-contrato-de-trabajo-en-italia\/\" \/>\n<meta property=\"og:locale\" content=\"es_ES\" \/>\n<meta property=\"og:type\" content=\"article\" \/>\n<meta property=\"og:title\" content=\"Nuestro alumno Sergio de Mateo de 2\u00ba de Realizaci\u00f3n de Audiovisuales, continua su aprendizaje por medio de un contrato de trabajo en Italia. - Colegio Salesiano\" \/>\n<meta property=\"og:description\" content=\"&nbsp; Sergio comenz\u00f3 su formaci\u00f3n en centros de trabajo (FCT), m\u00f3dulo de los Grados Superiores, en Italia, concretamente en Circoscrizione Maria Ausiliatrice Piemonte e Valle D \u0301Aosta, centro salesiano de Trino; centro que cuenta con una sede de comunicaci\u00f3n donde cubren eventos del propio centro o la ciudad. Nuestro alumno pudo disfrutar de las pr\u00e1cticas [&hellip;]\" \/>\n<meta property=\"og:url\" content=\"https:\/\/granada.salesianos.edu\/colegio\/blog\/nuestro-alumno-sergio-de-mateo-de-2o-de-realizacion-de-audiovisuales-continua-su-aprendizaje-por-medio-de-un-contrato-de-trabajo-en-italia\/\" \/>\n<meta property=\"og:site_name\" content=\"Colegio Salesiano\" \/>\n<meta property=\"article:publisher\" content=\"https:\/\/www.facebook.com\/SalesianosGR\/\" \/>\n<meta property=\"article:published_time\" content=\"2022-10-18T16:19:19+00:00\" \/>\n<meta property=\"article:modified_time\" content=\"2022-12-01T19:57:09+00:00\" \/>\n<meta property=\"og:image\" content=\"https:\/\/granada.salesianos.edu\/colegio\/wp-content\/uploads\/sites\/2\/2022\/10\/WhatsApp-Image-2022-10-13-at-10.14.41.jpeg\" \/>\n<meta name=\"author\" content=\"Gestor Web\" \/>\n<meta name=\"twitter:card\" content=\"summary_large_image\" \/>\n<meta name=\"twitter:creator\" content=\"@GranadaSDB\" \/>\n<meta name=\"twitter:site\" content=\"@GranadaSDB\" \/>\n<meta name=\"twitter:label1\" content=\"Escrito por\" \/>\n\t<meta name=\"twitter:data1\" content=\"Gestor Web\" \/>\n\t<meta name=\"twitter:label2\" content=\"Tiempo de lectura\" \/>\n\t<meta name=\"twitter:data2\" content=\"2 minutos\" \/>\n<script type=\"application\/ld+json\" class=\"yoast-schema-graph\">{\"@context\":\"https:\\\/\\\/schema.org\",\"@graph\":[{\"@type\":\"Article\",\"@id\":\"https:\\\/\\\/granada.salesianos.edu\\\/colegio\\\/blog\\\/nuestro-alumno-sergio-de-mateo-de-2o-de-realizacion-de-audiovisuales-continua-su-aprendizaje-por-medio-de-un-contrato-de-trabajo-en-italia\\\/#article\",\"isPartOf\":{\"@id\":\"https:\\\/\\\/granada.salesianos.edu\\\/colegio\\\/blog\\\/nuestro-alumno-sergio-de-mateo-de-2o-de-realizacion-de-audiovisuales-continua-su-aprendizaje-por-medio-de-un-contrato-de-trabajo-en-italia\\\/\"},\"author\":{\"name\":\"Gestor Web\",\"@id\":\"https:\\\/\\\/granada.salesianos.edu\\\/colegio\\\/#\\\/schema\\\/person\\\/6392ff2e4bd1e66981d6eab734bbd962\"},\"headline\":\"Nuestro alumno Sergio de Mateo de 2\u00ba de Realizaci\u00f3n de Audiovisuales, continua su aprendizaje por medio de un contrato de trabajo en Italia.\",\"datePublished\":\"2022-10-18T16:19:19+00:00\",\"dateModified\":\"2022-12-01T19:57:09+00:00\",\"mainEntityOfPage\":{\"@id\":\"https:\\\/\\\/granada.salesianos.edu\\\/colegio\\\/blog\\\/nuestro-alumno-sergio-de-mateo-de-2o-de-realizacion-de-audiovisuales-continua-su-aprendizaje-por-medio-de-un-contrato-de-trabajo-en-italia\\\/\"},\"wordCount\":299,\"commentCount\":0,\"publisher\":{\"@id\":\"https:\\\/\\\/granada.salesianos.edu\\\/colegio\\\/#organization\"},\"image\":{\"@id\":\"https:\\\/\\\/granada.salesianos.edu\\\/colegio\\\/blog\\\/nuestro-alumno-sergio-de-mateo-de-2o-de-realizacion-de-audiovisuales-continua-su-aprendizaje-por-medio-de-un-contrato-de-trabajo-en-italia\\\/#primaryimage\"},\"thumbnailUrl\":\"https:\\\/\\\/granada.salesianos.edu\\\/colegio\\\/wp-content\\\/uploads\\\/sites\\\/2\\\/2022\\\/10\\\/WhatsApp-Image-2022-10-13-at-10.14.41.jpeg\",\"articleSection\":[\"FP\",\"Portada\"],\"inLanguage\":\"es\",\"potentialAction\":[{\"@type\":\"CommentAction\",\"name\":\"Comment\",\"target\":[\"https:\\\/\\\/granada.salesianos.edu\\\/colegio\\\/blog\\\/nuestro-alumno-sergio-de-mateo-de-2o-de-realizacion-de-audiovisuales-continua-su-aprendizaje-por-medio-de-un-contrato-de-trabajo-en-italia\\\/#respond\"]}]},{\"@type\":\"WebPage\",\"@id\":\"https:\\\/\\\/granada.salesianos.edu\\\/colegio\\\/blog\\\/nuestro-alumno-sergio-de-mateo-de-2o-de-realizacion-de-audiovisuales-continua-su-aprendizaje-por-medio-de-un-contrato-de-trabajo-en-italia\\\/\",\"url\":\"https:\\\/\\\/granada.salesianos.edu\\\/colegio\\\/blog\\\/nuestro-alumno-sergio-de-mateo-de-2o-de-realizacion-de-audiovisuales-continua-su-aprendizaje-por-medio-de-un-contrato-de-trabajo-en-italia\\\/\",\"name\":\"Nuestro alumno Sergio de Mateo de 2\u00ba de Realizaci\u00f3n de Audiovisuales, continua su aprendizaje por medio de un contrato de trabajo en Italia. - Colegio Salesiano\",\"isPartOf\":{\"@id\":\"https:\\\/\\\/granada.salesianos.edu\\\/colegio\\\/#website\"},\"primaryImageOfPage\":{\"@id\":\"https:\\\/\\\/granada.salesianos.edu\\\/colegio\\\/blog\\\/nuestro-alumno-sergio-de-mateo-de-2o-de-realizacion-de-audiovisuales-continua-su-aprendizaje-por-medio-de-un-contrato-de-trabajo-en-italia\\\/#primaryimage\"},\"image\":{\"@id\":\"https:\\\/\\\/granada.salesianos.edu\\\/colegio\\\/blog\\\/nuestro-alumno-sergio-de-mateo-de-2o-de-realizacion-de-audiovisuales-continua-su-aprendizaje-por-medio-de-un-contrato-de-trabajo-en-italia\\\/#primaryimage\"},\"thumbnailUrl\":\"https:\\\/\\\/granada.salesianos.edu\\\/colegio\\\/wp-content\\\/uploads\\\/sites\\\/2\\\/2022\\\/10\\\/WhatsApp-Image-2022-10-13-at-10.14.41.jpeg\",\"datePublished\":\"2022-10-18T16:19:19+00:00\",\"dateModified\":\"2022-12-01T19:57:09+00:00\",\"breadcrumb\":{\"@id\":\"https:\\\/\\\/granada.salesianos.edu\\\/colegio\\\/blog\\\/nuestro-alumno-sergio-de-mateo-de-2o-de-realizacion-de-audiovisuales-continua-su-aprendizaje-por-medio-de-un-contrato-de-trabajo-en-italia\\\/#breadcrumb\"},\"inLanguage\":\"es\",\"potentialAction\":[{\"@type\":\"ReadAction\",\"target\":[\"https:\\\/\\\/granada.salesianos.edu\\\/colegio\\\/blog\\\/nuestro-alumno-sergio-de-mateo-de-2o-de-realizacion-de-audiovisuales-continua-su-aprendizaje-por-medio-de-un-contrato-de-trabajo-en-italia\\\/\"]}]},{\"@type\":\"ImageObject\",\"inLanguage\":\"es\",\"@id\":\"https:\\\/\\\/granada.salesianos.edu\\\/colegio\\\/blog\\\/nuestro-alumno-sergio-de-mateo-de-2o-de-realizacion-de-audiovisuales-continua-su-aprendizaje-por-medio-de-un-contrato-de-trabajo-en-italia\\\/#primaryimage\",\"url\":\"https:\\\/\\\/granada.salesianos.edu\\\/colegio\\\/wp-content\\\/uploads\\\/sites\\\/2\\\/2022\\\/10\\\/WhatsApp-Image-2022-10-13-at-10.14.41.jpeg\",\"contentUrl\":\"https:\\\/\\\/granada.salesianos.edu\\\/colegio\\\/wp-content\\\/uploads\\\/sites\\\/2\\\/2022\\\/10\\\/WhatsApp-Image-2022-10-13-at-10.14.41.jpeg\",\"width\":1280,\"height\":960},{\"@type\":\"BreadcrumbList\",\"@id\":\"https:\\\/\\\/granada.salesianos.edu\\\/colegio\\\/blog\\\/nuestro-alumno-sergio-de-mateo-de-2o-de-realizacion-de-audiovisuales-continua-su-aprendizaje-por-medio-de-un-contrato-de-trabajo-en-italia\\\/#breadcrumb\",\"itemListElement\":[{\"@type\":\"ListItem\",\"position\":1,\"name\":\"Portada\",\"item\":\"https:\\\/\\\/granada.salesianos.edu\\\/colegio\\\/\"},{\"@type\":\"ListItem\",\"position\":2,\"name\":\"Nuestro alumno Sergio de Mateo de 2\u00ba de Realizaci\u00f3n de Audiovisuales, continua su aprendizaje por medio de un contrato de trabajo en Italia.\"}]},{\"@type\":\"WebSite\",\"@id\":\"https:\\\/\\\/granada.salesianos.edu\\\/colegio\\\/#website\",\"url\":\"https:\\\/\\\/granada.salesianos.edu\\\/colegio\\\/\",\"name\":\"Colegio Salesiano\",\"description\":\"P\u00e1gina oficial de Salesianos Granada San Juan Bosco\",\"publisher\":{\"@id\":\"https:\\\/\\\/granada.salesianos.edu\\\/colegio\\\/#organization\"},\"potentialAction\":[{\"@type\":\"SearchAction\",\"target\":{\"@type\":\"EntryPoint\",\"urlTemplate\":\"https:\\\/\\\/granada.salesianos.edu\\\/colegio\\\/?s={search_term_string}\"},\"query-input\":{\"@type\":\"PropertyValueSpecification\",\"valueRequired\":true,\"valueName\":\"search_term_string\"}}],\"inLanguage\":\"es\"},{\"@type\":\"Organization\",\"@id\":\"https:\\\/\\\/granada.salesianos.edu\\\/colegio\\\/#organization\",\"name\":\"Colegio Salesiano San Juan Bosco Granada\",\"url\":\"https:\\\/\\\/granada.salesianos.edu\\\/colegio\\\/\",\"logo\":{\"@type\":\"ImageObject\",\"inLanguage\":\"es\",\"@id\":\"https:\\\/\\\/granada.salesianos.edu\\\/colegio\\\/#\\\/schema\\\/logo\\\/image\\\/\",\"url\":\"https:\\\/\\\/granada.salesianos.edu\\\/colegio\\\/wp-content\\\/uploads\\\/sites\\\/2\\\/2021\\\/01\\\/GRANADAobraVN2.jpg\",\"contentUrl\":\"https:\\\/\\\/granada.salesianos.edu\\\/colegio\\\/wp-content\\\/uploads\\\/sites\\\/2\\\/2021\\\/01\\\/GRANADAobraVN2.jpg\",\"width\":2113,\"height\":1894,\"caption\":\"Colegio Salesiano San Juan Bosco Granada\"},\"image\":{\"@id\":\"https:\\\/\\\/granada.salesianos.edu\\\/colegio\\\/#\\\/schema\\\/logo\\\/image\\\/\"},\"sameAs\":[\"https:\\\/\\\/www.facebook.com\\\/SalesianosGR\\\/\",\"https:\\\/\\\/x.com\\\/GranadaSDB\",\"https:\\\/\\\/www.instagram.com\\\/salesianosgranada\\\/\",\"https:\\\/\\\/www.youtube.com\\\/channel\\\/UChkpZuhCf4Y5rYIcFT3CNxw?view_as=subscriber\"]},{\"@type\":\"Person\",\"@id\":\"https:\\\/\\\/granada.salesianos.edu\\\/colegio\\\/#\\\/schema\\\/person\\\/6392ff2e4bd1e66981d6eab734bbd962\",\"name\":\"Gestor Web\",\"image\":{\"@type\":\"ImageObject\",\"inLanguage\":\"es\",\"@id\":\"https:\\\/\\\/secure.gravatar.com\\\/avatar\\\/160666bb56a01520857079961a824af2b7821d6bad80677c80f2b473fceead1b?s=96&d=mm&r=g\",\"url\":\"https:\\\/\\\/secure.gravatar.com\\\/avatar\\\/160666bb56a01520857079961a824af2b7821d6bad80677c80f2b473fceead1b?s=96&d=mm&r=g\",\"contentUrl\":\"https:\\\/\\\/secure.gravatar.com\\\/avatar\\\/160666bb56a01520857079961a824af2b7821d6bad80677c80f2b473fceead1b?s=96&d=mm&r=g\",\"caption\":\"Gestor Web\"}}]}<\/script>\n<!-- \/ Yoast SEO plugin. -->","yoast_head_json":{"title":"Nuestro alumno Sergio de Mateo de 2\u00ba de Realizaci\u00f3n de Audiovisuales, continua su aprendizaje por medio de un contrato de trabajo en Italia. - Colegio Salesiano","robots":{"index":"index","follow":"follow","max-snippet":"max-snippet:-1","max-image-preview":"max-image-preview:large","max-video-preview":"max-video-preview:-1"},"canonical":"https:\/\/granada.salesianos.edu\/colegio\/blog\/nuestro-alumno-sergio-de-mateo-de-2o-de-realizacion-de-audiovisuales-continua-su-aprendizaje-por-medio-de-un-contrato-de-trabajo-en-italia\/","og_locale":"es_ES","og_type":"article","og_title":"Nuestro alumno Sergio de Mateo de 2\u00ba de Realizaci\u00f3n de Audiovisuales, continua su aprendizaje por medio de un contrato de trabajo en Italia. - Colegio Salesiano","og_description":"&nbsp; Sergio comenz\u00f3 su formaci\u00f3n en centros de trabajo (FCT), m\u00f3dulo de los Grados Superiores, en Italia, concretamente en Circoscrizione Maria Ausiliatrice Piemonte e Valle D \u0301Aosta, centro salesiano de Trino; centro que cuenta con una sede de comunicaci\u00f3n donde cubren eventos del propio centro o la ciudad. Nuestro alumno pudo disfrutar de las pr\u00e1cticas [&hellip;]","og_url":"https:\/\/granada.salesianos.edu\/colegio\/blog\/nuestro-alumno-sergio-de-mateo-de-2o-de-realizacion-de-audiovisuales-continua-su-aprendizaje-por-medio-de-un-contrato-de-trabajo-en-italia\/","og_site_name":"Colegio Salesiano","article_publisher":"https:\/\/www.facebook.com\/SalesianosGR\/","article_published_time":"2022-10-18T16:19:19+00:00","article_modified_time":"2022-12-01T19:57:09+00:00","og_image":[{"url":"https:\/\/granada.salesianos.edu\/colegio\/wp-content\/uploads\/sites\/2\/2022\/10\/WhatsApp-Image-2022-10-13-at-10.14.41.jpeg","type":"","width":"","height":""}],"author":"Gestor Web","twitter_card":"summary_large_image","twitter_creator":"@GranadaSDB","twitter_site":"@GranadaSDB","twitter_misc":{"Escrito por":"Gestor Web","Tiempo de lectura":"2 minutos"},"schema":{"@context":"https:\/\/schema.org","@graph":[{"@type":"Article","@id":"https:\/\/granada.salesianos.edu\/colegio\/blog\/nuestro-alumno-sergio-de-mateo-de-2o-de-realizacion-de-audiovisuales-continua-su-aprendizaje-por-medio-de-un-contrato-de-trabajo-en-italia\/#article","isPartOf":{"@id":"https:\/\/granada.salesianos.edu\/colegio\/blog\/nuestro-alumno-sergio-de-mateo-de-2o-de-realizacion-de-audiovisuales-continua-su-aprendizaje-por-medio-de-un-contrato-de-trabajo-en-italia\/"},"author":{"name":"Gestor Web","@id":"https:\/\/granada.salesianos.edu\/colegio\/#\/schema\/person\/6392ff2e4bd1e66981d6eab734bbd962"},"headline":"Nuestro alumno Sergio de Mateo de 2\u00ba de Realizaci\u00f3n de Audiovisuales, continua su aprendizaje por medio de un contrato de trabajo en Italia.","datePublished":"2022-10-18T16:19:19+00:00","dateModified":"2022-12-01T19:57:09+00:00","mainEntityOfPage":{"@id":"https:\/\/granada.salesianos.edu\/colegio\/blog\/nuestro-alumno-sergio-de-mateo-de-2o-de-realizacion-de-audiovisuales-continua-su-aprendizaje-por-medio-de-un-contrato-de-trabajo-en-italia\/"},"wordCount":299,"commentCount":0,"publisher":{"@id":"https:\/\/granada.salesianos.edu\/colegio\/#organization"},"image":{"@id":"https:\/\/granada.salesianos.edu\/colegio\/blog\/nuestro-alumno-sergio-de-mateo-de-2o-de-realizacion-de-audiovisuales-continua-su-aprendizaje-por-medio-de-un-contrato-de-trabajo-en-italia\/#primaryimage"},"thumbnailUrl":"https:\/\/granada.salesianos.edu\/colegio\/wp-content\/uploads\/sites\/2\/2022\/10\/WhatsApp-Image-2022-10-13-at-10.14.41.jpeg","articleSection":["FP","Portada"],"inLanguage":"es","potentialAction":[{"@type":"CommentAction","name":"Comment","target":["https:\/\/granada.salesianos.edu\/colegio\/blog\/nuestro-alumno-sergio-de-mateo-de-2o-de-realizacion-de-audiovisuales-continua-su-aprendizaje-por-medio-de-un-contrato-de-trabajo-en-italia\/#respond"]}]},{"@type":"WebPage","@id":"https:\/\/granada.salesianos.edu\/colegio\/blog\/nuestro-alumno-sergio-de-mateo-de-2o-de-realizacion-de-audiovisuales-continua-su-aprendizaje-por-medio-de-un-contrato-de-trabajo-en-italia\/","url":"https:\/\/granada.salesianos.edu\/colegio\/blog\/nuestro-alumno-sergio-de-mateo-de-2o-de-realizacion-de-audiovisuales-continua-su-aprendizaje-por-medio-de-un-contrato-de-trabajo-en-italia\/","name":"Nuestro alumno Sergio de Mateo de 2\u00ba de Realizaci\u00f3n de Audiovisuales, continua su aprendizaje por medio de un contrato de trabajo en Italia. - Colegio Salesiano","isPartOf":{"@id":"https:\/\/granada.salesianos.edu\/colegio\/#website"},"primaryImageOfPage":{"@id":"https:\/\/granada.salesianos.edu\/colegio\/blog\/nuestro-alumno-sergio-de-mateo-de-2o-de-realizacion-de-audiovisuales-continua-su-aprendizaje-por-medio-de-un-contrato-de-trabajo-en-italia\/#primaryimage"},"image":{"@id":"https:\/\/granada.salesianos.edu\/colegio\/blog\/nuestro-alumno-sergio-de-mateo-de-2o-de-realizacion-de-audiovisuales-continua-su-aprendizaje-por-medio-de-un-contrato-de-trabajo-en-italia\/#primaryimage"},"thumbnailUrl":"https:\/\/granada.salesianos.edu\/colegio\/wp-content\/uploads\/sites\/2\/2022\/10\/WhatsApp-Image-2022-10-13-at-10.14.41.jpeg","datePublished":"2022-10-18T16:19:19+00:00","dateModified":"2022-12-01T19:57:09+00:00","breadcrumb":{"@id":"https:\/\/granada.salesianos.edu\/colegio\/blog\/nuestro-alumno-sergio-de-mateo-de-2o-de-realizacion-de-audiovisuales-continua-su-aprendizaje-por-medio-de-un-contrato-de-trabajo-en-italia\/#breadcrumb"},"inLanguage":"es","potentialAction":[{"@type":"ReadAction","target":["https:\/\/granada.salesianos.edu\/colegio\/blog\/nuestro-alumno-sergio-de-mateo-de-2o-de-realizacion-de-audiovisuales-continua-su-aprendizaje-por-medio-de-un-contrato-de-trabajo-en-italia\/"]}]},{"@type":"ImageObject","inLanguage":"es","@id":"https:\/\/granada.salesianos.edu\/colegio\/blog\/nuestro-alumno-sergio-de-mateo-de-2o-de-realizacion-de-audiovisuales-continua-su-aprendizaje-por-medio-de-un-contrato-de-trabajo-en-italia\/#primaryimage","url":"https:\/\/granada.salesianos.edu\/colegio\/wp-content\/uploads\/sites\/2\/2022\/10\/WhatsApp-Image-2022-10-13-at-10.14.41.jpeg","contentUrl":"https:\/\/granada.salesianos.edu\/colegio\/wp-content\/uploads\/sites\/2\/2022\/10\/WhatsApp-Image-2022-10-13-at-10.14.41.jpeg","width":1280,"height":960},{"@type":"BreadcrumbList","@id":"https:\/\/granada.salesianos.edu\/colegio\/blog\/nuestro-alumno-sergio-de-mateo-de-2o-de-realizacion-de-audiovisuales-continua-su-aprendizaje-por-medio-de-un-contrato-de-trabajo-en-italia\/#breadcrumb","itemListElement":[{"@type":"ListItem","position":1,"name":"Portada","item":"https:\/\/granada.salesianos.edu\/colegio\/"},{"@type":"ListItem","position":2,"name":"Nuestro alumno Sergio de Mateo de 2\u00ba de Realizaci\u00f3n de Audiovisuales, continua su aprendizaje por medio de un contrato de trabajo en Italia."}]},{"@type":"WebSite","@id":"https:\/\/granada.salesianos.edu\/colegio\/#website","url":"https:\/\/granada.salesianos.edu\/colegio\/","name":"Colegio Salesiano","description":"P\u00e1gina oficial de Salesianos Granada San Juan Bosco","publisher":{"@id":"https:\/\/granada.salesianos.edu\/colegio\/#organization"},"potentialAction":[{"@type":"SearchAction","target":{"@type":"EntryPoint","urlTemplate":"https:\/\/granada.salesianos.edu\/colegio\/?s={search_term_string}"},"query-input":{"@type":"PropertyValueSpecification","valueRequired":true,"valueName":"search_term_string"}}],"inLanguage":"es"},{"@type":"Organization","@id":"https:\/\/granada.salesianos.edu\/colegio\/#organization","name":"Colegio Salesiano San Juan Bosco Granada","url":"https:\/\/granada.salesianos.edu\/colegio\/","logo":{"@type":"ImageObject","inLanguage":"es","@id":"https:\/\/granada.salesianos.edu\/colegio\/#\/schema\/logo\/image\/","url":"https:\/\/granada.salesianos.edu\/colegio\/wp-content\/uploads\/sites\/2\/2021\/01\/GRANADAobraVN2.jpg","contentUrl":"https:\/\/granada.salesianos.edu\/colegio\/wp-content\/uploads\/sites\/2\/2021\/01\/GRANADAobraVN2.jpg","width":2113,"height":1894,"caption":"Colegio Salesiano San Juan Bosco Granada"},"image":{"@id":"https:\/\/granada.salesianos.edu\/colegio\/#\/schema\/logo\/image\/"},"sameAs":["https:\/\/www.facebook.com\/SalesianosGR\/","https:\/\/x.com\/GranadaSDB","https:\/\/www.instagram.com\/salesianosgranada\/","https:\/\/www.youtube.com\/channel\/UChkpZuhCf4Y5rYIcFT3CNxw?view_as=subscriber"]},{"@type":"Person","@id":"https:\/\/granada.salesianos.edu\/colegio\/#\/schema\/person\/6392ff2e4bd1e66981d6eab734bbd962","name":"Gestor Web","image":{"@type":"ImageObject","inLanguage":"es","@id":"https:\/\/secure.gravatar.com\/avatar\/160666bb56a01520857079961a824af2b7821d6bad80677c80f2b473fceead1b?s=96&d=mm&r=g","url":"https:\/\/secure.gravatar.com\/avatar\/160666bb56a01520857079961a824af2b7821d6bad80677c80f2b473fceead1b?s=96&d=mm&r=g","contentUrl":"https:\/\/secure.gravatar.com\/avatar\/160666bb56a01520857079961a824af2b7821d6bad80677c80f2b473fceead1b?s=96&d=mm&r=g","caption":"Gestor Web"}}]}},"_links":{"self":[{"href":"https:\/\/granada.salesianos.edu\/colegio\/wp-json\/wp\/v2\/posts\/16078","targetHints":{"allow":["GET"]}}],"collection":[{"href":"https:\/\/granada.salesianos.edu\/colegio\/wp-json\/wp\/v2\/posts"}],"about":[{"href":"https:\/\/granada.salesianos.edu\/colegio\/wp-json\/wp\/v2\/types\/post"}],"author":[{"embeddable":true,"href":"https:\/\/granada.salesianos.edu\/colegio\/wp-json\/wp\/v2\/users\/2"}],"replies":[{"embeddable":true,"href":"https:\/\/granada.salesianos.edu\/colegio\/wp-json\/wp\/v2\/comments?post=16078"}],"version-history":[{"count":2,"href":"https:\/\/granada.salesianos.edu\/colegio\/wp-json\/wp\/v2\/posts\/16078\/revisions"}],"predecessor-version":[{"id":16081,"href":"https:\/\/granada.salesianos.edu\/colegio\/wp-json\/wp\/v2\/posts\/16078\/revisions\/16081"}],"wp:attachment":[{"href":"https:\/\/granada.salesianos.edu\/colegio\/wp-json\/wp\/v2\/media?parent=16078"}],"wp:term":[{"taxonomy":"category","embeddable":true,"href":"https:\/\/granada.salesianos.edu\/colegio\/wp-json\/wp\/v2\/categories?post=16078"},{"taxonomy":"post_tag","embeddable":true,"href":"https:\/\/granada.salesianos.edu\/colegio\/wp-json\/wp\/v2\/tags?post=16078"}],"curies":[{"name":"wp","href":"https:\/\/api.w.org\/{rel}","templated":true}]}}