{"id":16085,"date":"2022-10-24T21:11:55","date_gmt":"2022-10-24T19:11:55","guid":{"rendered":"https:\/\/granada.salesianos.edu\/colegio\/?p=16085"},"modified":"2022-12-01T21:56:39","modified_gmt":"2022-12-01T19:56:39","slug":"don-juan-fuentes-50-aniversario-de-ordenacion","status":"publish","type":"post","link":"https:\/\/granada.salesianos.edu\/colegio\/blog\/don-juan-fuentes-50-aniversario-de-ordenacion\/","title":{"rendered":"Don Juan Fuentes. 50 Aniversario de Ordenaci\u00f3n"},"content":{"rendered":"<div id=\"fb-root\"><\/div>\n<p>[et_pb_section fb_built=\u00bb1&#8243; admin_label=\u00bbsection\u00bb _builder_version=\u00bb4.16&#8243; global_colors_info=\u00bb{}\u00bb][et_pb_row admin_label=\u00bbrow\u00bb _builder_version=\u00bb4.16&#8243; background_size=\u00bbinitial\u00bb background_position=\u00bbtop_left\u00bb background_repeat=\u00bbrepeat\u00bb min_height=\u00bb100px\u00bb height=\u00bb1000px\u00bb max_height=\u00bb100px\u00bb global_colors_info=\u00bb{}\u00bb][et_pb_column type=\u00bb4_4&#8243; _builder_version=\u00bb4.16&#8243; custom_padding=\u00bb|||\u00bb global_colors_info=\u00bb{}\u00bb custom_padding__hover=\u00bb|||\u00bb][et_pb_text admin_label=\u00bbEntradilla (Texto)\u00bb _builder_version=\u00bb4.17.4&#8243; text_font=\u00bb|on|||\u00bb text_orientation=\u00bbjustified\u00bb global_colors_info=\u00bb{}\u00bb][\/et_pb_text][et_pb_text admin_label=\u00bbDesarrollo (Texto)\u00bb _builder_version=\u00bb4.18.0&#8243; text_orientation=\u00bbjustified\u00bb min_height=\u00bb42.9px\u00bb custom_margin=\u00bb26px||||false|false\u00bb custom_padding=\u00bb||90px|||\u00bb global_colors_info=\u00bb{}\u00bb]<\/p>\n<p>Este pasado s\u00e1bado celebramos el 50 aniversario de ordenaci\u00f3n de nuestro querido Don Juan Fuentes.<\/p>\n<p>&nbsp;<\/p>\n<p>El pasado mes de agosto cumpli\u00f3 50 a\u00f1os como sacerdote, sumando unos 20 a\u00f1os con nosotros en diferentes \u00e9pocas. Muchos lo recordamos en el colegio impartiendo clases de ciencias, pues adem\u00e1s de estudios en Teolog\u00eda Don Juan realiz\u00f3 estudios de Qu\u00edmica entre otros. Hoy en d\u00eda, en muchas ocasiones colabora con profesores de ciencias del centro en los talleres impartidos en los laboratorios.<\/p>\n<p>&nbsp;<\/p>\n<p>Nacido en \u00dabeda, Ja\u00e9n, Don Juan Fuentes es conocido por su alegr\u00eda y cercan\u00eda. Preguntando a muchos de los antiguos alumnos y profesores del centro siempre lo mencionan con una eterna sonrisa, por su simpat\u00eda y juegos en el patio; \u201csi pienso en Don Juan me viene a la cabeza los patios llenos de trompos, siempre jugaba con nosotros en el recreo y puso de moda este artilugio\u201d comenta un antiguo alumno del colegio.<\/p>\n<p>&nbsp;<\/p>\n<p>Le preguntamos sobre c\u00f3mo sinti\u00f3 su vocaci\u00f3n y la llamada de Dios y nos responde con unas sabias palabras. \u201cEl Se\u00f1or llama a trav\u00e9s de mediaciones y resulta que un d\u00eda te encuentras ante \u00e9l, y parece que quiere que seas salesiano o que seas jesuita o que realices su vocaci\u00f3n en la Iglesia; por eso me lo han preguntado muchas veces y yo siempre digo no me pregunt\u00e9is por qu\u00e9 me hice o me hicieron sacerdote\u2026 nos vemos en el misterio. Ser cura es algo imposible y maravilloso; Jes\u00fas nos dice, en el Evangelio de San Juan, no me hab\u00e9is elegido vosotros a m\u00ed, sino que yo os eleg\u00ed a vosotros; pero por qu\u00e9 a m\u00ed tan pecador y resistente. Tentado muchas veces de decirle que se equivoc\u00f3, pero es que es Dios. S\u00ed, le he dicho que tiene muy mal gusto, pero luego le doy las gracias por eso mismo; esa lecci\u00f3n me ha servido entre much\u00edsimas cosas para experimentar su inmensa ternura y misericordia hasta concluir con otra s\u00edntesis de todos estos a\u00f1os. Se\u00f1or infinita misericordia tuya y permanente misterio m\u00edo consciente de que donde abund\u00f3 el pecado sobreabund\u00f3 la gracia; siempre pudo Jes\u00fas m\u00e1s que yo.\u201d<\/p>\n<p>&nbsp;<\/p>\n<p>Hoy en d\u00eda, Don Juan es salesiano perteneciente a la comunidad del barrio del Zaid\u00edn<\/p>\n<p>siendo el responsable de nuestra Iglesia atendiendo a cursos prematrimoniales, las Primeras Comuniones y la pastoral de los m\u00e1s peque\u00f1os del colegio.<\/p>\n<p>&nbsp;<\/p>\n<p>Sus inicios acad\u00e9micos comenzaron en los Jesuitas y posteriormente estudio bachillerato junto los Salesianos. Tras pasar por lugares como Montilla y C\u00f3rdoba donde realiz\u00f3 diversos estudios como magisterio fue enviado a Granada donde como dice \u201cme qued\u00e9 seco espiritualmente de tanta universidad yo le dije al inspector yo quiero ser cura\u2026 despu\u00e9s veremos la ciencia\u201d por lo que fue enviado a Sanl\u00facar La Mayor. Posteriormente fue a Granada, Cartuja, donde afirma que la Teolog\u00eda no es tanto aprobar sino dejar que llueva en el coraz\u00f3n y en el alma la Sagrada Escritura; tiempo despu\u00e9s es enviado a seguir estudiando, <span>\u00a0<\/span>en Santa Cruz de Tenerife, Qu\u00edmica, durante cuatro a\u00f1os. Lo que muchos no sab\u00e9is es que realiz\u00f3 instructor de Educaci\u00f3n F\u00edsica y tambi\u00e9n luego, aqu\u00ed en Granada, mientras estaba de director en la EGB realiz\u00f3 un M\u00e1ster en Orientaci\u00f3n Familiar, el cual le encant\u00f3.<\/p>\n<p>Para conmemorar este 50 aniversario, este s\u00e1bado se celebr\u00f3 en la Iglesia de nuestro colegio una multitudinaria misa en la que acudi\u00f3 gente de la comunidad educativa de salesianos y personas del barrio, todos para mostrarle el cari\u00f1o a Don Juan; podr\u00edamos decir coloquialmente que no cab\u00eda un alfiler.<span>\u00a0 <\/span>Los asistentes hablan de una tarde maravillosa y un Juan muy emocionado, y as\u00ed no lo ha hecho saber \u00e9l mismo.<\/p>\n<p>&nbsp;<\/p>\n<p>\u201cEn el d\u00eda de ayer recordaba como hac\u00eda 50 a\u00f1os me ordenaron. Estuve en el colegio salesianos de \u00dabeda prepar\u00e1ndome all\u00ed, encerrado una semana con la Sagrada Escritura y con los escritos de San Juan de la Cruz; el d\u00eda de mi ordenaci\u00f3n baj\u00e9 a casa me tend\u00ed en la cama de mis padres, en la cama grande, y recuerdo que entr\u00f3 mi madre y me dijo, \u00bfJuan qu\u00e9 sientes? yo contesto\u2026 como si fuese a tener un examen muy grande. No eran nervios era otra cosa, y lo mismo ha sido 50 a\u00f1os despu\u00e9s. El d\u00eda 22 pasado, con una tensi\u00f3n, un mont\u00f3n de pensamientos sentidos, de sentimientos pensados, de recuerdos positivos y negativos, pero\u2026d\u00e1ndolo y poni\u00e9ndome en las manos de El Se\u00f1or\u2026 fue algo impresionante nunca me esperaba yo esta respuesta de la Iglesia, llena la gente aplaudiendo, felicitando. Luego en el bar todo perfecto maravilloso y gente cari\u00f1os\u00edsima porque a mi edad ya uno no necesita nada m\u00e1s que cari\u00f1o y oraci\u00f3n; alguien ha dicho que a estas alturas uno necesita pocas cosas y lo poco que necesita lo necesita poco.<\/p>\n<p>En estos instantes y en este punto de mi vida me identifico mucho con Rafael Alfaro cuando lleg\u00f3 a Granada, con la edad que tengo yo ahora escribiendo <em>Atardecer en Granada,<\/em> es un soneto precioso.<\/p>\n<p>&nbsp;<\/p>\n<p>\u201cEn esta ciudad no est\u00e1s de paso, despu\u00e9s de tanta arena y tanto exilio, aqu\u00ed has plantado al fin tu domicilio, aqu\u00ed tu horario definitivo.<\/p>\n<p>Acaso m\u00e1s, aunque sea en el fondo de tu vaso lo mejor de tu vida, ese concilio del alma y de la carne en dulce idilio, hoy la luz m\u00e1s sabrosa de tu ocaso abre los ojos fija la mirada en este atardecer que lindo cierra la encendida hermosura de Granada y embriaga tu coraz\u00f3n, ante la vista del cielo derramado en esta tierra que es un regalo m\u00e1s que una conquista, y es que yo ya estoy en mi ocaso y en Granada un beso. Adi\u00f3s.\u201d<\/p>\n<p>&nbsp;<\/p>\n<p>&nbsp;<\/p>\n<p>Gracias Don Juan Fuentes por ser qui\u00e9n eres.<\/p>\n<p>[\/et_pb_text][et_pb_gallery _builder_version=\u00bb4.18.0&#8243; _module_preset=\u00bbdefault\u00bb gallery_ids=\u00bb16087,16088,16089,16090,16091,16092,16093,16094&#8243; show_title_and_caption=\u00bboff\u00bb hover_enabled=\u00bb0&#8243; sticky_enabled=\u00bb0&#8243;][\/et_pb_gallery][\/et_pb_column][\/et_pb_row][et_pb_row _builder_version=\u00bb4.18.0&#8243; _module_preset=\u00bbdefault\u00bb global_colors_info=\u00bb{}\u00bb][et_pb_column type=\u00bb4_4&#8243; _builder_version=\u00bb4.18.0&#8243; _module_preset=\u00bbdefault\u00bb global_colors_info=\u00bb{}\u00bb][et_pb_gallery gallery_ids=\u00bb63045,63046,63047,63048,63049,63050,63051,63052&#8243; show_title_and_caption=\u00bboff\u00bb _builder_version=\u00bb4.18.0&#8243; _module_preset=\u00bbdefault\u00bb global_colors_info=\u00bb{}\u00bb][\/et_pb_gallery][\/et_pb_column][\/et_pb_row][\/et_pb_section]<\/p>\n","protected":false},"excerpt":{"rendered":"<p>En Salesianos Granada nos centramos en una educaci\u00f3n donde la prevenci\u00f3n de la violencia es propio de nuestro estilo. A continuaci\u00f3n, os contamos en que proyectos participamos para llevarlo a cabo.\u00a0<\/p>\n","protected":false},"author":2,"featured_media":16086,"comment_status":"open","ping_status":"open","sticky":false,"template":"","format":"standard","meta":{"_et_pb_use_builder":"on","_et_pb_old_content":"","_et_gb_content_width":"","footnotes":""},"categories":[11,18,12],"tags":[],"class_list":["post-16085","post","type-post","status-publish","format-standard","has-post-thumbnail","hentry","category-colegio","category-iglesia","category-portada"],"yoast_head":"<!-- This site is optimized with the Yoast SEO plugin v28.4 - https:\/\/yoast.com\/product\/yoast-seo-wordpress\/ -->\n<title>Don Juan Fuentes. 50 Aniversario de Ordenaci\u00f3n - Colegio Salesiano<\/title>\n<meta name=\"robots\" content=\"index, follow, max-snippet:-1, max-image-preview:large, max-video-preview:-1\" \/>\n<link rel=\"canonical\" href=\"https:\/\/granada.salesianos.edu\/colegio\/blog\/don-juan-fuentes-50-aniversario-de-ordenacion\/\" \/>\n<meta property=\"og:locale\" content=\"es_ES\" \/>\n<meta property=\"og:type\" content=\"article\" \/>\n<meta property=\"og:title\" content=\"Don Juan Fuentes. 50 Aniversario de Ordenaci\u00f3n - Colegio Salesiano\" \/>\n<meta property=\"og:description\" content=\"En Salesianos Granada nos centramos en una educaci\u00f3n donde la prevenci\u00f3n de la violencia es propio de nuestro estilo. A continuaci\u00f3n, os contamos en que proyectos participamos para llevarlo a cabo.\u00a0\" \/>\n<meta property=\"og:url\" content=\"https:\/\/granada.salesianos.edu\/colegio\/blog\/don-juan-fuentes-50-aniversario-de-ordenacion\/\" \/>\n<meta property=\"og:site_name\" content=\"Colegio Salesiano\" \/>\n<meta property=\"article:publisher\" content=\"https:\/\/www.facebook.com\/SalesianosGR\/\" \/>\n<meta property=\"article:published_time\" content=\"2022-10-24T19:11:55+00:00\" \/>\n<meta property=\"article:modified_time\" content=\"2022-12-01T19:56:39+00:00\" \/>\n<meta property=\"og:image\" content=\"https:\/\/granada.salesianos.edu\/colegio\/wp-content\/uploads\/sites\/2\/2022\/10\/WhatsApp-Image-2022-10-22-at-21.14.30-2.jpeg\" \/>\n\t<meta property=\"og:image:width\" content=\"1\" \/>\n\t<meta property=\"og:image:height\" content=\"1\" \/>\n\t<meta property=\"og:image:type\" content=\"image\/jpeg\" \/>\n<meta name=\"author\" content=\"Gestor Web\" \/>\n<meta name=\"twitter:card\" content=\"summary_large_image\" \/>\n<meta name=\"twitter:creator\" content=\"@GranadaSDB\" \/>\n<meta name=\"twitter:site\" content=\"@GranadaSDB\" \/>\n<meta name=\"twitter:label1\" content=\"Escrito por\" \/>\n\t<meta name=\"twitter:data1\" content=\"Gestor Web\" \/>\n\t<meta name=\"twitter:label2\" content=\"Tiempo de lectura\" \/>\n\t<meta name=\"twitter:data2\" content=\"5 minutos\" \/>\n<script type=\"application\/ld+json\" class=\"yoast-schema-graph\">{\"@context\":\"https:\\\/\\\/schema.org\",\"@graph\":[{\"@type\":\"Article\",\"@id\":\"https:\\\/\\\/granada.salesianos.edu\\\/colegio\\\/blog\\\/don-juan-fuentes-50-aniversario-de-ordenacion\\\/#article\",\"isPartOf\":{\"@id\":\"https:\\\/\\\/granada.salesianos.edu\\\/colegio\\\/blog\\\/don-juan-fuentes-50-aniversario-de-ordenacion\\\/\"},\"author\":{\"name\":\"Gestor Web\",\"@id\":\"https:\\\/\\\/granada.salesianos.edu\\\/colegio\\\/#\\\/schema\\\/person\\\/6392ff2e4bd1e66981d6eab734bbd962\"},\"headline\":\"Don Juan Fuentes. 50 Aniversario de Ordenaci\u00f3n\",\"datePublished\":\"2022-10-24T19:11:55+00:00\",\"dateModified\":\"2022-12-01T19:56:39+00:00\",\"mainEntityOfPage\":{\"@id\":\"https:\\\/\\\/granada.salesianos.edu\\\/colegio\\\/blog\\\/don-juan-fuentes-50-aniversario-de-ordenacion\\\/\"},\"wordCount\":1217,\"commentCount\":0,\"publisher\":{\"@id\":\"https:\\\/\\\/granada.salesianos.edu\\\/colegio\\\/#organization\"},\"image\":{\"@id\":\"https:\\\/\\\/granada.salesianos.edu\\\/colegio\\\/blog\\\/don-juan-fuentes-50-aniversario-de-ordenacion\\\/#primaryimage\"},\"thumbnailUrl\":\"https:\\\/\\\/granada.salesianos.edu\\\/colegio\\\/wp-content\\\/uploads\\\/sites\\\/2\\\/2022\\\/10\\\/WhatsApp-Image-2022-10-22-at-21.14.30-2.jpeg\",\"articleSection\":[\"Colegio\",\"Iglesia\",\"Portada\"],\"inLanguage\":\"es\",\"potentialAction\":[{\"@type\":\"CommentAction\",\"name\":\"Comment\",\"target\":[\"https:\\\/\\\/granada.salesianos.edu\\\/colegio\\\/blog\\\/don-juan-fuentes-50-aniversario-de-ordenacion\\\/#respond\"]}]},{\"@type\":\"WebPage\",\"@id\":\"https:\\\/\\\/granada.salesianos.edu\\\/colegio\\\/blog\\\/don-juan-fuentes-50-aniversario-de-ordenacion\\\/\",\"url\":\"https:\\\/\\\/granada.salesianos.edu\\\/colegio\\\/blog\\\/don-juan-fuentes-50-aniversario-de-ordenacion\\\/\",\"name\":\"Don Juan Fuentes. 50 Aniversario de Ordenaci\u00f3n - Colegio Salesiano\",\"isPartOf\":{\"@id\":\"https:\\\/\\\/granada.salesianos.edu\\\/colegio\\\/#website\"},\"primaryImageOfPage\":{\"@id\":\"https:\\\/\\\/granada.salesianos.edu\\\/colegio\\\/blog\\\/don-juan-fuentes-50-aniversario-de-ordenacion\\\/#primaryimage\"},\"image\":{\"@id\":\"https:\\\/\\\/granada.salesianos.edu\\\/colegio\\\/blog\\\/don-juan-fuentes-50-aniversario-de-ordenacion\\\/#primaryimage\"},\"thumbnailUrl\":\"https:\\\/\\\/granada.salesianos.edu\\\/colegio\\\/wp-content\\\/uploads\\\/sites\\\/2\\\/2022\\\/10\\\/WhatsApp-Image-2022-10-22-at-21.14.30-2.jpeg\",\"datePublished\":\"2022-10-24T19:11:55+00:00\",\"dateModified\":\"2022-12-01T19:56:39+00:00\",\"breadcrumb\":{\"@id\":\"https:\\\/\\\/granada.salesianos.edu\\\/colegio\\\/blog\\\/don-juan-fuentes-50-aniversario-de-ordenacion\\\/#breadcrumb\"},\"inLanguage\":\"es\",\"potentialAction\":[{\"@type\":\"ReadAction\",\"target\":[\"https:\\\/\\\/granada.salesianos.edu\\\/colegio\\\/blog\\\/don-juan-fuentes-50-aniversario-de-ordenacion\\\/\"]}]},{\"@type\":\"ImageObject\",\"inLanguage\":\"es\",\"@id\":\"https:\\\/\\\/granada.salesianos.edu\\\/colegio\\\/blog\\\/don-juan-fuentes-50-aniversario-de-ordenacion\\\/#primaryimage\",\"url\":\"https:\\\/\\\/granada.salesianos.edu\\\/colegio\\\/wp-content\\\/uploads\\\/sites\\\/2\\\/2022\\\/10\\\/WhatsApp-Image-2022-10-22-at-21.14.30-2.jpeg\",\"contentUrl\":\"https:\\\/\\\/granada.salesianos.edu\\\/colegio\\\/wp-content\\\/uploads\\\/sites\\\/2\\\/2022\\\/10\\\/WhatsApp-Image-2022-10-22-at-21.14.30-2.jpeg\"},{\"@type\":\"BreadcrumbList\",\"@id\":\"https:\\\/\\\/granada.salesianos.edu\\\/colegio\\\/blog\\\/don-juan-fuentes-50-aniversario-de-ordenacion\\\/#breadcrumb\",\"itemListElement\":[{\"@type\":\"ListItem\",\"position\":1,\"name\":\"Portada\",\"item\":\"https:\\\/\\\/granada.salesianos.edu\\\/colegio\\\/\"},{\"@type\":\"ListItem\",\"position\":2,\"name\":\"Don Juan Fuentes. 50 Aniversario de Ordenaci\u00f3n\"}]},{\"@type\":\"WebSite\",\"@id\":\"https:\\\/\\\/granada.salesianos.edu\\\/colegio\\\/#website\",\"url\":\"https:\\\/\\\/granada.salesianos.edu\\\/colegio\\\/\",\"name\":\"Colegio Salesiano\",\"description\":\"P\u00e1gina oficial de Salesianos Granada San Juan Bosco\",\"publisher\":{\"@id\":\"https:\\\/\\\/granada.salesianos.edu\\\/colegio\\\/#organization\"},\"potentialAction\":[{\"@type\":\"SearchAction\",\"target\":{\"@type\":\"EntryPoint\",\"urlTemplate\":\"https:\\\/\\\/granada.salesianos.edu\\\/colegio\\\/?s={search_term_string}\"},\"query-input\":{\"@type\":\"PropertyValueSpecification\",\"valueRequired\":true,\"valueName\":\"search_term_string\"}}],\"inLanguage\":\"es\"},{\"@type\":\"Organization\",\"@id\":\"https:\\\/\\\/granada.salesianos.edu\\\/colegio\\\/#organization\",\"name\":\"Colegio Salesiano San Juan Bosco Granada\",\"url\":\"https:\\\/\\\/granada.salesianos.edu\\\/colegio\\\/\",\"logo\":{\"@type\":\"ImageObject\",\"inLanguage\":\"es\",\"@id\":\"https:\\\/\\\/granada.salesianos.edu\\\/colegio\\\/#\\\/schema\\\/logo\\\/image\\\/\",\"url\":\"https:\\\/\\\/granada.salesianos.edu\\\/colegio\\\/wp-content\\\/uploads\\\/sites\\\/2\\\/2021\\\/01\\\/GRANADAobraVN2.jpg\",\"contentUrl\":\"https:\\\/\\\/granada.salesianos.edu\\\/colegio\\\/wp-content\\\/uploads\\\/sites\\\/2\\\/2021\\\/01\\\/GRANADAobraVN2.jpg\",\"width\":2113,\"height\":1894,\"caption\":\"Colegio Salesiano San Juan Bosco Granada\"},\"image\":{\"@id\":\"https:\\\/\\\/granada.salesianos.edu\\\/colegio\\\/#\\\/schema\\\/logo\\\/image\\\/\"},\"sameAs\":[\"https:\\\/\\\/www.facebook.com\\\/SalesianosGR\\\/\",\"https:\\\/\\\/x.com\\\/GranadaSDB\",\"https:\\\/\\\/www.instagram.com\\\/salesianosgranada\\\/\",\"https:\\\/\\\/www.youtube.com\\\/channel\\\/UChkpZuhCf4Y5rYIcFT3CNxw?view_as=subscriber\"]},{\"@type\":\"Person\",\"@id\":\"https:\\\/\\\/granada.salesianos.edu\\\/colegio\\\/#\\\/schema\\\/person\\\/6392ff2e4bd1e66981d6eab734bbd962\",\"name\":\"Gestor Web\",\"image\":{\"@type\":\"ImageObject\",\"inLanguage\":\"es\",\"@id\":\"https:\\\/\\\/secure.gravatar.com\\\/avatar\\\/160666bb56a01520857079961a824af2b7821d6bad80677c80f2b473fceead1b?s=96&d=mm&r=g\",\"url\":\"https:\\\/\\\/secure.gravatar.com\\\/avatar\\\/160666bb56a01520857079961a824af2b7821d6bad80677c80f2b473fceead1b?s=96&d=mm&r=g\",\"contentUrl\":\"https:\\\/\\\/secure.gravatar.com\\\/avatar\\\/160666bb56a01520857079961a824af2b7821d6bad80677c80f2b473fceead1b?s=96&d=mm&r=g\",\"caption\":\"Gestor Web\"}}]}<\/script>\n<!-- \/ Yoast SEO plugin. -->","yoast_head_json":{"title":"Don Juan Fuentes. 50 Aniversario de Ordenaci\u00f3n - Colegio Salesiano","robots":{"index":"index","follow":"follow","max-snippet":"max-snippet:-1","max-image-preview":"max-image-preview:large","max-video-preview":"max-video-preview:-1"},"canonical":"https:\/\/granada.salesianos.edu\/colegio\/blog\/don-juan-fuentes-50-aniversario-de-ordenacion\/","og_locale":"es_ES","og_type":"article","og_title":"Don Juan Fuentes. 50 Aniversario de Ordenaci\u00f3n - Colegio Salesiano","og_description":"En Salesianos Granada nos centramos en una educaci\u00f3n donde la prevenci\u00f3n de la violencia es propio de nuestro estilo. A continuaci\u00f3n, os contamos en que proyectos participamos para llevarlo a cabo.\u00a0","og_url":"https:\/\/granada.salesianos.edu\/colegio\/blog\/don-juan-fuentes-50-aniversario-de-ordenacion\/","og_site_name":"Colegio Salesiano","article_publisher":"https:\/\/www.facebook.com\/SalesianosGR\/","article_published_time":"2022-10-24T19:11:55+00:00","article_modified_time":"2022-12-01T19:56:39+00:00","og_image":[{"url":"https:\/\/granada.salesianos.edu\/colegio\/wp-content\/uploads\/sites\/2\/2022\/10\/WhatsApp-Image-2022-10-22-at-21.14.30-2.jpeg","width":1,"height":1,"type":"image\/jpeg"}],"author":"Gestor Web","twitter_card":"summary_large_image","twitter_creator":"@GranadaSDB","twitter_site":"@GranadaSDB","twitter_misc":{"Escrito por":"Gestor Web","Tiempo de lectura":"5 minutos"},"schema":{"@context":"https:\/\/schema.org","@graph":[{"@type":"Article","@id":"https:\/\/granada.salesianos.edu\/colegio\/blog\/don-juan-fuentes-50-aniversario-de-ordenacion\/#article","isPartOf":{"@id":"https:\/\/granada.salesianos.edu\/colegio\/blog\/don-juan-fuentes-50-aniversario-de-ordenacion\/"},"author":{"name":"Gestor Web","@id":"https:\/\/granada.salesianos.edu\/colegio\/#\/schema\/person\/6392ff2e4bd1e66981d6eab734bbd962"},"headline":"Don Juan Fuentes. 50 Aniversario de Ordenaci\u00f3n","datePublished":"2022-10-24T19:11:55+00:00","dateModified":"2022-12-01T19:56:39+00:00","mainEntityOfPage":{"@id":"https:\/\/granada.salesianos.edu\/colegio\/blog\/don-juan-fuentes-50-aniversario-de-ordenacion\/"},"wordCount":1217,"commentCount":0,"publisher":{"@id":"https:\/\/granada.salesianos.edu\/colegio\/#organization"},"image":{"@id":"https:\/\/granada.salesianos.edu\/colegio\/blog\/don-juan-fuentes-50-aniversario-de-ordenacion\/#primaryimage"},"thumbnailUrl":"https:\/\/granada.salesianos.edu\/colegio\/wp-content\/uploads\/sites\/2\/2022\/10\/WhatsApp-Image-2022-10-22-at-21.14.30-2.jpeg","articleSection":["Colegio","Iglesia","Portada"],"inLanguage":"es","potentialAction":[{"@type":"CommentAction","name":"Comment","target":["https:\/\/granada.salesianos.edu\/colegio\/blog\/don-juan-fuentes-50-aniversario-de-ordenacion\/#respond"]}]},{"@type":"WebPage","@id":"https:\/\/granada.salesianos.edu\/colegio\/blog\/don-juan-fuentes-50-aniversario-de-ordenacion\/","url":"https:\/\/granada.salesianos.edu\/colegio\/blog\/don-juan-fuentes-50-aniversario-de-ordenacion\/","name":"Don Juan Fuentes. 50 Aniversario de Ordenaci\u00f3n - Colegio Salesiano","isPartOf":{"@id":"https:\/\/granada.salesianos.edu\/colegio\/#website"},"primaryImageOfPage":{"@id":"https:\/\/granada.salesianos.edu\/colegio\/blog\/don-juan-fuentes-50-aniversario-de-ordenacion\/#primaryimage"},"image":{"@id":"https:\/\/granada.salesianos.edu\/colegio\/blog\/don-juan-fuentes-50-aniversario-de-ordenacion\/#primaryimage"},"thumbnailUrl":"https:\/\/granada.salesianos.edu\/colegio\/wp-content\/uploads\/sites\/2\/2022\/10\/WhatsApp-Image-2022-10-22-at-21.14.30-2.jpeg","datePublished":"2022-10-24T19:11:55+00:00","dateModified":"2022-12-01T19:56:39+00:00","breadcrumb":{"@id":"https:\/\/granada.salesianos.edu\/colegio\/blog\/don-juan-fuentes-50-aniversario-de-ordenacion\/#breadcrumb"},"inLanguage":"es","potentialAction":[{"@type":"ReadAction","target":["https:\/\/granada.salesianos.edu\/colegio\/blog\/don-juan-fuentes-50-aniversario-de-ordenacion\/"]}]},{"@type":"ImageObject","inLanguage":"es","@id":"https:\/\/granada.salesianos.edu\/colegio\/blog\/don-juan-fuentes-50-aniversario-de-ordenacion\/#primaryimage","url":"https:\/\/granada.salesianos.edu\/colegio\/wp-content\/uploads\/sites\/2\/2022\/10\/WhatsApp-Image-2022-10-22-at-21.14.30-2.jpeg","contentUrl":"https:\/\/granada.salesianos.edu\/colegio\/wp-content\/uploads\/sites\/2\/2022\/10\/WhatsApp-Image-2022-10-22-at-21.14.30-2.jpeg"},{"@type":"BreadcrumbList","@id":"https:\/\/granada.salesianos.edu\/colegio\/blog\/don-juan-fuentes-50-aniversario-de-ordenacion\/#breadcrumb","itemListElement":[{"@type":"ListItem","position":1,"name":"Portada","item":"https:\/\/granada.salesianos.edu\/colegio\/"},{"@type":"ListItem","position":2,"name":"Don Juan Fuentes. 50 Aniversario de Ordenaci\u00f3n"}]},{"@type":"WebSite","@id":"https:\/\/granada.salesianos.edu\/colegio\/#website","url":"https:\/\/granada.salesianos.edu\/colegio\/","name":"Colegio Salesiano","description":"P\u00e1gina oficial de Salesianos Granada San Juan Bosco","publisher":{"@id":"https:\/\/granada.salesianos.edu\/colegio\/#organization"},"potentialAction":[{"@type":"SearchAction","target":{"@type":"EntryPoint","urlTemplate":"https:\/\/granada.salesianos.edu\/colegio\/?s={search_term_string}"},"query-input":{"@type":"PropertyValueSpecification","valueRequired":true,"valueName":"search_term_string"}}],"inLanguage":"es"},{"@type":"Organization","@id":"https:\/\/granada.salesianos.edu\/colegio\/#organization","name":"Colegio Salesiano San Juan Bosco Granada","url":"https:\/\/granada.salesianos.edu\/colegio\/","logo":{"@type":"ImageObject","inLanguage":"es","@id":"https:\/\/granada.salesianos.edu\/colegio\/#\/schema\/logo\/image\/","url":"https:\/\/granada.salesianos.edu\/colegio\/wp-content\/uploads\/sites\/2\/2021\/01\/GRANADAobraVN2.jpg","contentUrl":"https:\/\/granada.salesianos.edu\/colegio\/wp-content\/uploads\/sites\/2\/2021\/01\/GRANADAobraVN2.jpg","width":2113,"height":1894,"caption":"Colegio Salesiano San Juan Bosco Granada"},"image":{"@id":"https:\/\/granada.salesianos.edu\/colegio\/#\/schema\/logo\/image\/"},"sameAs":["https:\/\/www.facebook.com\/SalesianosGR\/","https:\/\/x.com\/GranadaSDB","https:\/\/www.instagram.com\/salesianosgranada\/","https:\/\/www.youtube.com\/channel\/UChkpZuhCf4Y5rYIcFT3CNxw?view_as=subscriber"]},{"@type":"Person","@id":"https:\/\/granada.salesianos.edu\/colegio\/#\/schema\/person\/6392ff2e4bd1e66981d6eab734bbd962","name":"Gestor Web","image":{"@type":"ImageObject","inLanguage":"es","@id":"https:\/\/secure.gravatar.com\/avatar\/160666bb56a01520857079961a824af2b7821d6bad80677c80f2b473fceead1b?s=96&d=mm&r=g","url":"https:\/\/secure.gravatar.com\/avatar\/160666bb56a01520857079961a824af2b7821d6bad80677c80f2b473fceead1b?s=96&d=mm&r=g","contentUrl":"https:\/\/secure.gravatar.com\/avatar\/160666bb56a01520857079961a824af2b7821d6bad80677c80f2b473fceead1b?s=96&d=mm&r=g","caption":"Gestor Web"}}]}},"_links":{"self":[{"href":"https:\/\/granada.salesianos.edu\/colegio\/wp-json\/wp\/v2\/posts\/16085","targetHints":{"allow":["GET"]}}],"collection":[{"href":"https:\/\/granada.salesianos.edu\/colegio\/wp-json\/wp\/v2\/posts"}],"about":[{"href":"https:\/\/granada.salesianos.edu\/colegio\/wp-json\/wp\/v2\/types\/post"}],"author":[{"embeddable":true,"href":"https:\/\/granada.salesianos.edu\/colegio\/wp-json\/wp\/v2\/users\/2"}],"replies":[{"embeddable":true,"href":"https:\/\/granada.salesianos.edu\/colegio\/wp-json\/wp\/v2\/comments?post=16085"}],"version-history":[{"count":3,"href":"https:\/\/granada.salesianos.edu\/colegio\/wp-json\/wp\/v2\/posts\/16085\/revisions"}],"predecessor-version":[{"id":16097,"href":"https:\/\/granada.salesianos.edu\/colegio\/wp-json\/wp\/v2\/posts\/16085\/revisions\/16097"}],"wp:featuredmedia":[{"embeddable":true,"href":"https:\/\/granada.salesianos.edu\/colegio\/wp-json\/wp\/v2\/media\/16086"}],"wp:attachment":[{"href":"https:\/\/granada.salesianos.edu\/colegio\/wp-json\/wp\/v2\/media?parent=16085"}],"wp:term":[{"taxonomy":"category","embeddable":true,"href":"https:\/\/granada.salesianos.edu\/colegio\/wp-json\/wp\/v2\/categories?post=16085"},{"taxonomy":"post_tag","embeddable":true,"href":"https:\/\/granada.salesianos.edu\/colegio\/wp-json\/wp\/v2\/tags?post=16085"}],"curies":[{"name":"wp","href":"https:\/\/api.w.org\/{rel}","templated":true}]}}