{"id":16177,"date":"2022-11-30T21:39:51","date_gmt":"2022-11-30T19:39:51","guid":{"rendered":"https:\/\/granada.salesianos.edu\/colegio\/?p=16177"},"modified":"2022-12-01T21:50:22","modified_gmt":"2022-12-01T19:50:22","slug":"diadelabandera","status":"publish","type":"post","link":"https:\/\/granada.salesianos.edu\/colegio\/blog\/diadelabandera\/","title":{"rendered":"D\u00eda de la Bandera"},"content":{"rendered":"<div id=\"fb-root\"><\/div>\n<p>[et_pb_section fb_built=\u00bb1&#8243; admin_label=\u00bbsection\u00bb _builder_version=\u00bb4.16&#8243; global_colors_info=\u00bb{}\u00bb][et_pb_row admin_label=\u00bbrow\u00bb _builder_version=\u00bb4.16&#8243; background_size=\u00bbinitial\u00bb background_position=\u00bbtop_left\u00bb background_repeat=\u00bbrepeat\u00bb min_height=\u00bb100px\u00bb height=\u00bb1000px\u00bb max_height=\u00bb100px\u00bb global_colors_info=\u00bb{}\u00bb][et_pb_column type=\u00bb4_4&#8243; _builder_version=\u00bb4.16&#8243; custom_padding=\u00bb|||\u00bb global_colors_info=\u00bb{}\u00bb custom_padding__hover=\u00bb|||\u00bb][et_pb_text admin_label=\u00bbEntradilla (Texto)\u00bb _builder_version=\u00bb4.17.4&#8243; text_font=\u00bb|on|||\u00bb text_orientation=\u00bbjustified\u00bb global_colors_info=\u00bb{}\u00bb][\/et_pb_text][et_pb_text admin_label=\u00bbDesarrollo (Texto)\u00bb _builder_version=\u00bb4.18.0&#8243; text_orientation=\u00bbjustified\u00bb min_height=\u00bb42.9px\u00bb custom_margin=\u00bb26px||||false|false\u00bb custom_padding=\u00bb||90px|||\u00bb global_colors_info=\u00bb{}\u00bb][\/et_pb_text][\/et_pb_column][\/et_pb_row][et_pb_row _builder_version=\u00bb4.18.0&#8243; _module_preset=\u00bbdefault\u00bb global_colors_info=\u00bb{}\u00bb][et_pb_column type=\u00bb4_4&#8243; _builder_version=\u00bb4.18.0&#8243; _module_preset=\u00bbdefault\u00bb global_colors_info=\u00bb{}\u00bb][et_pb_text _builder_version=\u00bb4.18.0&#8243; _module_preset=\u00bbdefault\u00bb global_colors_info=\u00bb{}\u00bb]<\/p>\n<ul>\n<li>\n<p>Celebraci\u00f3n del D\u00eda de la Bandera de Andaluc\u00eda<\/p>\n<p>&nbsp;<\/p>\n<p>Con motivo de la declaraci\u00f3n del 4 de diciembre como D\u00eda de la Bandera de Andaluc\u00eda en la Comunidad Aut\u00f3noma de Andaluc\u00eda, acuerdo que se realiz\u00f3 el 8 de noviembre de este a\u00f1o por el Consejo de Gobierno, los centros educativos celebran previamente a esta fecha el D\u00eda de la Bandera.<\/p>\n<p>As\u00ed, este primer a\u00f1o ha sido nuestro colegio, Salesianos San Juan Bosco de Granada, uno de los centros educativos elegidos para la ceremonia de La Jura de Bandera donde acuden personalidades como la Delegada de Educaci\u00f3n Do\u00f1a Mar\u00eda Jos\u00e9 Mart\u00edn G\u00f3mez y el Inspector territorial Francisco Mart\u00edn Cebri\u00e1n acompa\u00f1ados de Don Ernesto Granja Corbacho, Director Titular y Jos\u00e9 Manuel Olivencia Director de Centro.<\/p>\n<p>Tras la recepci\u00f3n de la Delegada de Educaci\u00f3n e Inspector, por parte de nuestros responsables, Don Ernesto Granja Corbacho atiende a los medios de comunicaci\u00f3n junto a Do\u00f1a Mar\u00eda Jos\u00e9 Mart\u00edn G\u00f3mez explicando la satisfacci\u00f3n de este d\u00eda y la celebraci\u00f3n de \u00e9ste en nuestro centro educativo. Tras la fotograf\u00eda con los medios se ha realizado un acto conmemorativo donde hemos escuchado la intervenci\u00f3n de Do\u00f1a Mar\u00eda Jos\u00e9 Mart\u00edn exponiendo la raz\u00f3n de esta celebraci\u00f3n.<\/p>\n<p>Seguidamente nuestra profesora Myriam Carrascosa ha hecho una intervenci\u00f3n sobre la figura de Blas Infante en la que nos dec\u00eda:<\/p>\n<p>\u201c<em>Los ni\u00f1os y ni\u00f1as tienen un padre o una madre, un abuelo o una abuela, que los cuidan y miman. Los padres, en muchas ocasiones, tambi\u00e9n recuerdan a sus hijos e hijas historias de su familia. Los protegen y siempre quieren lo mejor para ellos.\u00a0<\/em><em style=\"font-size: 14px;\">Blas Infante es considerado el Padre de la Patria Andaluza porque con sus libros, sus ideas y su vida reivindic\u00f3 la historia y la cultura propias.\u00a0<\/em><em style=\"font-size: 14px;\">Nuestra historia, la de todos los andaluces y la de nuestros antepasados, fue olvidada y marginada durante siglos. Durante muchos a\u00f1os, la historia de Andaluc\u00eda no se estudiaba en las escuelas, no hab\u00eda libros en los que poder conocer los principales hechos de nuestro pasado y nuestra cultura.\u00a0<\/em><em style=\"font-size: 14px;\">Andaluc\u00eda es como una gran familia que hab\u00eda olvidado su pasado. Imag\u00ednate que t\u00fa no sabes nada de tus padres, ni de tus abuelos&#8230; Pues as\u00ed estuvo Andaluc\u00eda durante siglos.\u00a0<\/em><em style=\"font-size: 14px;\">Dijo Blas Infante en una ocasi\u00f3n: \u201cLa bandera andaluza, s\u00edmbolo de esperanza y de paz [&#8230;], no nos traer\u00e1 ni la paz ni la esperanza ni la libertad que anhelamos, si cada uno de nosotros no la lleva ya plenamente izada en su coraz\u00f3n. Sirva este homenaje breve y art\u00edstico a la bandera para agradecerle a Blas Infante que nos devolviera nuestra historia.\u201d<\/em><\/p>\n<p>\u00a0<span style=\"font-size: 14px;\">Tambi\u00e9n hemos podido disfrutar de la actuaci\u00f3n de nuestro alumnado. Nuestras alumnas, Daniela 4\u00ba ESO y Victoria 3\u00ba EP, han realizado un baile con la bandera Andaluza, una representaci\u00f3n de alumnos de Artes Esc\u00e9nicas y la lectura del profesor Fernando L\u00f3pez sobre el poema de Lorca. Tras el acto del alumnado de Primaria, dirigidos por Juan Milla, Pepa Quintana y David Ayala, con la representaci\u00f3n simb\u00f3lica del escudo de Andaluc\u00eda y su explicaci\u00f3n, se ha cantado el himno de Andaluc\u00eda mientras se ha portado la bandera de nuestra comunidad.<\/span><\/p>\n<p><span style=\"font-size: 14px;\">Ha sido un d\u00eda muy emotivo donde hemos podido ser unos privilegiados al poder celebrar junto autoridades este d\u00eda tan especial, en el que se ha organizado una serie de actos y representaciones que han mostrado el orgullo a nuestra bandera.<\/span><\/p>\n<\/li>\n<\/ul>\n<p>.\u00a0<\/p>\n<p>[\/et_pb_text][et_pb_gallery _builder_version=\u00bb4.18.0&#8243; _module_preset=\u00bbdefault\u00bb gallery_ids=\u00bb16180,16181,16182,16183,16184,16185,16186,16188,16189,16190,16191,16192,16193,16194,16195,16196,16197,16198,16199,16200,16201,16202,16203,16204,16205,16206,16207,16208,16209,16210,16211,16212,16213,16214,16215,16216,16217,16218,16219,16220,16221,16222,16224,16225&#8243; show_title_and_caption=\u00bboff\u00bb hover_enabled=\u00bb0&#8243; sticky_enabled=\u00bb0&#8243;][\/et_pb_gallery][et_pb_gallery gallery_ids=\u00bb63128,63129,63130,63131,63132,63133,63134,63136,63137,63138,63139,63140,63141,63142,63143,63144,63145,63146,63147,63148,63149,63150,63151,63152,63153,63154,63155,63156,63157,63158,63159,63160,63161,63162,63163,63164,63165,63166,63167,63168,63169,63170,63172,63173&#8243; show_title_and_caption=\u00bboff\u00bb _builder_version=\u00bb4.18.0&#8243; _module_preset=\u00bbdefault\u00bb global_colors_info=\u00bb{}\u00bb][\/et_pb_gallery][\/et_pb_column][\/et_pb_row][\/et_pb_section][et_pb_section fb_built=\u00bb1&#8243; _builder_version=\u00bb4.18.0&#8243; _module_preset=\u00bbdefault\u00bb global_colors_info=\u00bb{}\u00bb][\/et_pb_section]<\/p>\n","protected":false},"excerpt":{"rendered":"<p>Con motivo de la declaraci\u00f3n del 4 de diciembre como D\u00eda de la Bandera de Andaluc\u00eda en la Comunidad Aut\u00f3noma de Andaluc\u00eda nuestro colegio celebra este d\u00eda. <\/p>\n","protected":false},"author":2,"featured_media":16178,"comment_status":"open","ping_status":"open","sticky":false,"template":"","format":"standard","meta":{"_et_pb_use_builder":"on","_et_pb_old_content":"","_et_gb_content_width":"","footnotes":""},"categories":[11,19,12,22],"tags":[],"class_list":["post-16177","post","type-post","status-publish","format-standard","has-post-thumbnail","hentry","category-colegio","category-eso","category-portada","category-primaria"],"yoast_head":"<!-- This site is optimized with the Yoast SEO plugin v28.4 - https:\/\/yoast.com\/product\/yoast-seo-wordpress\/ -->\n<title>D\u00eda de la Bandera - Colegio Salesiano<\/title>\n<meta name=\"robots\" content=\"index, follow, max-snippet:-1, max-image-preview:large, max-video-preview:-1\" \/>\n<link rel=\"canonical\" href=\"https:\/\/granada.salesianos.edu\/colegio\/blog\/diadelabandera\/\" \/>\n<meta property=\"og:locale\" content=\"es_ES\" \/>\n<meta property=\"og:type\" content=\"article\" \/>\n<meta property=\"og:title\" content=\"D\u00eda de la Bandera - Colegio Salesiano\" \/>\n<meta property=\"og:description\" content=\"Con motivo de la declaraci\u00f3n del 4 de diciembre como D\u00eda de la Bandera de Andaluc\u00eda en la Comunidad Aut\u00f3noma de Andaluc\u00eda nuestro colegio celebra este d\u00eda.\" \/>\n<meta property=\"og:url\" content=\"https:\/\/granada.salesianos.edu\/colegio\/blog\/diadelabandera\/\" \/>\n<meta property=\"og:site_name\" content=\"Colegio Salesiano\" \/>\n<meta property=\"article:publisher\" content=\"https:\/\/www.facebook.com\/SalesianosGR\/\" \/>\n<meta property=\"article:published_time\" content=\"2022-11-30T19:39:51+00:00\" \/>\n<meta property=\"article:modified_time\" content=\"2022-12-01T19:50:22+00:00\" \/>\n<meta property=\"og:image\" content=\"https:\/\/granada.salesianos.edu\/colegio\/wp-content\/uploads\/sites\/2\/2022\/11\/P1210864-scaled.jpg\" \/>\n\t<meta property=\"og:image:width\" content=\"2560\" \/>\n\t<meta property=\"og:image:height\" content=\"1922\" \/>\n\t<meta property=\"og:image:type\" content=\"image\/jpeg\" \/>\n<meta name=\"author\" content=\"Gestor Web\" \/>\n<meta name=\"twitter:card\" content=\"summary_large_image\" \/>\n<meta name=\"twitter:creator\" content=\"@GranadaSDB\" \/>\n<meta name=\"twitter:site\" content=\"@GranadaSDB\" \/>\n<meta name=\"twitter:label1\" content=\"Escrito por\" \/>\n\t<meta name=\"twitter:data1\" content=\"Gestor Web\" \/>\n\t<meta name=\"twitter:label2\" content=\"Tiempo de lectura\" \/>\n\t<meta name=\"twitter:data2\" content=\"3 minutos\" \/>\n<script type=\"application\/ld+json\" class=\"yoast-schema-graph\">{\"@context\":\"https:\\\/\\\/schema.org\",\"@graph\":[{\"@type\":\"Article\",\"@id\":\"https:\\\/\\\/granada.salesianos.edu\\\/colegio\\\/blog\\\/diadelabandera\\\/#article\",\"isPartOf\":{\"@id\":\"https:\\\/\\\/granada.salesianos.edu\\\/colegio\\\/blog\\\/diadelabandera\\\/\"},\"author\":{\"name\":\"Gestor Web\",\"@id\":\"https:\\\/\\\/granada.salesianos.edu\\\/colegio\\\/#\\\/schema\\\/person\\\/6392ff2e4bd1e66981d6eab734bbd962\"},\"headline\":\"D\u00eda de la Bandera\",\"datePublished\":\"2022-11-30T19:39:51+00:00\",\"dateModified\":\"2022-12-01T19:50:22+00:00\",\"mainEntityOfPage\":{\"@id\":\"https:\\\/\\\/granada.salesianos.edu\\\/colegio\\\/blog\\\/diadelabandera\\\/\"},\"wordCount\":841,\"commentCount\":0,\"publisher\":{\"@id\":\"https:\\\/\\\/granada.salesianos.edu\\\/colegio\\\/#organization\"},\"image\":{\"@id\":\"https:\\\/\\\/granada.salesianos.edu\\\/colegio\\\/blog\\\/diadelabandera\\\/#primaryimage\"},\"thumbnailUrl\":\"https:\\\/\\\/granada.salesianos.edu\\\/colegio\\\/wp-content\\\/uploads\\\/sites\\\/2\\\/2022\\\/11\\\/P1210864-scaled.jpg\",\"articleSection\":[\"Colegio\",\"ESO\",\"Portada\",\"Primaria\"],\"inLanguage\":\"es\",\"potentialAction\":[{\"@type\":\"CommentAction\",\"name\":\"Comment\",\"target\":[\"https:\\\/\\\/granada.salesianos.edu\\\/colegio\\\/blog\\\/diadelabandera\\\/#respond\"]}]},{\"@type\":\"WebPage\",\"@id\":\"https:\\\/\\\/granada.salesianos.edu\\\/colegio\\\/blog\\\/diadelabandera\\\/\",\"url\":\"https:\\\/\\\/granada.salesianos.edu\\\/colegio\\\/blog\\\/diadelabandera\\\/\",\"name\":\"D\u00eda de la Bandera - Colegio Salesiano\",\"isPartOf\":{\"@id\":\"https:\\\/\\\/granada.salesianos.edu\\\/colegio\\\/#website\"},\"primaryImageOfPage\":{\"@id\":\"https:\\\/\\\/granada.salesianos.edu\\\/colegio\\\/blog\\\/diadelabandera\\\/#primaryimage\"},\"image\":{\"@id\":\"https:\\\/\\\/granada.salesianos.edu\\\/colegio\\\/blog\\\/diadelabandera\\\/#primaryimage\"},\"thumbnailUrl\":\"https:\\\/\\\/granada.salesianos.edu\\\/colegio\\\/wp-content\\\/uploads\\\/sites\\\/2\\\/2022\\\/11\\\/P1210864-scaled.jpg\",\"datePublished\":\"2022-11-30T19:39:51+00:00\",\"dateModified\":\"2022-12-01T19:50:22+00:00\",\"breadcrumb\":{\"@id\":\"https:\\\/\\\/granada.salesianos.edu\\\/colegio\\\/blog\\\/diadelabandera\\\/#breadcrumb\"},\"inLanguage\":\"es\",\"potentialAction\":[{\"@type\":\"ReadAction\",\"target\":[\"https:\\\/\\\/granada.salesianos.edu\\\/colegio\\\/blog\\\/diadelabandera\\\/\"]}]},{\"@type\":\"ImageObject\",\"inLanguage\":\"es\",\"@id\":\"https:\\\/\\\/granada.salesianos.edu\\\/colegio\\\/blog\\\/diadelabandera\\\/#primaryimage\",\"url\":\"https:\\\/\\\/granada.salesianos.edu\\\/colegio\\\/wp-content\\\/uploads\\\/sites\\\/2\\\/2022\\\/11\\\/P1210864-scaled.jpg\",\"contentUrl\":\"https:\\\/\\\/granada.salesianos.edu\\\/colegio\\\/wp-content\\\/uploads\\\/sites\\\/2\\\/2022\\\/11\\\/P1210864-scaled.jpg\",\"width\":2560,\"height\":1922},{\"@type\":\"BreadcrumbList\",\"@id\":\"https:\\\/\\\/granada.salesianos.edu\\\/colegio\\\/blog\\\/diadelabandera\\\/#breadcrumb\",\"itemListElement\":[{\"@type\":\"ListItem\",\"position\":1,\"name\":\"Portada\",\"item\":\"https:\\\/\\\/granada.salesianos.edu\\\/colegio\\\/\"},{\"@type\":\"ListItem\",\"position\":2,\"name\":\"D\u00eda de la Bandera\"}]},{\"@type\":\"WebSite\",\"@id\":\"https:\\\/\\\/granada.salesianos.edu\\\/colegio\\\/#website\",\"url\":\"https:\\\/\\\/granada.salesianos.edu\\\/colegio\\\/\",\"name\":\"Colegio Salesiano\",\"description\":\"P\u00e1gina oficial de Salesianos Granada San Juan Bosco\",\"publisher\":{\"@id\":\"https:\\\/\\\/granada.salesianos.edu\\\/colegio\\\/#organization\"},\"potentialAction\":[{\"@type\":\"SearchAction\",\"target\":{\"@type\":\"EntryPoint\",\"urlTemplate\":\"https:\\\/\\\/granada.salesianos.edu\\\/colegio\\\/?s={search_term_string}\"},\"query-input\":{\"@type\":\"PropertyValueSpecification\",\"valueRequired\":true,\"valueName\":\"search_term_string\"}}],\"inLanguage\":\"es\"},{\"@type\":\"Organization\",\"@id\":\"https:\\\/\\\/granada.salesianos.edu\\\/colegio\\\/#organization\",\"name\":\"Colegio Salesiano San Juan Bosco Granada\",\"url\":\"https:\\\/\\\/granada.salesianos.edu\\\/colegio\\\/\",\"logo\":{\"@type\":\"ImageObject\",\"inLanguage\":\"es\",\"@id\":\"https:\\\/\\\/granada.salesianos.edu\\\/colegio\\\/#\\\/schema\\\/logo\\\/image\\\/\",\"url\":\"https:\\\/\\\/granada.salesianos.edu\\\/colegio\\\/wp-content\\\/uploads\\\/sites\\\/2\\\/2021\\\/01\\\/GRANADAobraVN2.jpg\",\"contentUrl\":\"https:\\\/\\\/granada.salesianos.edu\\\/colegio\\\/wp-content\\\/uploads\\\/sites\\\/2\\\/2021\\\/01\\\/GRANADAobraVN2.jpg\",\"width\":2113,\"height\":1894,\"caption\":\"Colegio Salesiano San Juan Bosco Granada\"},\"image\":{\"@id\":\"https:\\\/\\\/granada.salesianos.edu\\\/colegio\\\/#\\\/schema\\\/logo\\\/image\\\/\"},\"sameAs\":[\"https:\\\/\\\/www.facebook.com\\\/SalesianosGR\\\/\",\"https:\\\/\\\/x.com\\\/GranadaSDB\",\"https:\\\/\\\/www.instagram.com\\\/salesianosgranada\\\/\",\"https:\\\/\\\/www.youtube.com\\\/channel\\\/UChkpZuhCf4Y5rYIcFT3CNxw?view_as=subscriber\"]},{\"@type\":\"Person\",\"@id\":\"https:\\\/\\\/granada.salesianos.edu\\\/colegio\\\/#\\\/schema\\\/person\\\/6392ff2e4bd1e66981d6eab734bbd962\",\"name\":\"Gestor Web\",\"image\":{\"@type\":\"ImageObject\",\"inLanguage\":\"es\",\"@id\":\"https:\\\/\\\/secure.gravatar.com\\\/avatar\\\/160666bb56a01520857079961a824af2b7821d6bad80677c80f2b473fceead1b?s=96&d=mm&r=g\",\"url\":\"https:\\\/\\\/secure.gravatar.com\\\/avatar\\\/160666bb56a01520857079961a824af2b7821d6bad80677c80f2b473fceead1b?s=96&d=mm&r=g\",\"contentUrl\":\"https:\\\/\\\/secure.gravatar.com\\\/avatar\\\/160666bb56a01520857079961a824af2b7821d6bad80677c80f2b473fceead1b?s=96&d=mm&r=g\",\"caption\":\"Gestor Web\"}}]}<\/script>\n<!-- \/ Yoast SEO plugin. -->","yoast_head_json":{"title":"D\u00eda de la Bandera - Colegio Salesiano","robots":{"index":"index","follow":"follow","max-snippet":"max-snippet:-1","max-image-preview":"max-image-preview:large","max-video-preview":"max-video-preview:-1"},"canonical":"https:\/\/granada.salesianos.edu\/colegio\/blog\/diadelabandera\/","og_locale":"es_ES","og_type":"article","og_title":"D\u00eda de la Bandera - Colegio Salesiano","og_description":"Con motivo de la declaraci\u00f3n del 4 de diciembre como D\u00eda de la Bandera de Andaluc\u00eda en la Comunidad Aut\u00f3noma de Andaluc\u00eda nuestro colegio celebra este d\u00eda.","og_url":"https:\/\/granada.salesianos.edu\/colegio\/blog\/diadelabandera\/","og_site_name":"Colegio Salesiano","article_publisher":"https:\/\/www.facebook.com\/SalesianosGR\/","article_published_time":"2022-11-30T19:39:51+00:00","article_modified_time":"2022-12-01T19:50:22+00:00","og_image":[{"width":2560,"height":1922,"url":"https:\/\/granada.salesianos.edu\/colegio\/wp-content\/uploads\/sites\/2\/2022\/11\/P1210864-scaled.jpg","type":"image\/jpeg"}],"author":"Gestor Web","twitter_card":"summary_large_image","twitter_creator":"@GranadaSDB","twitter_site":"@GranadaSDB","twitter_misc":{"Escrito por":"Gestor Web","Tiempo de lectura":"3 minutos"},"schema":{"@context":"https:\/\/schema.org","@graph":[{"@type":"Article","@id":"https:\/\/granada.salesianos.edu\/colegio\/blog\/diadelabandera\/#article","isPartOf":{"@id":"https:\/\/granada.salesianos.edu\/colegio\/blog\/diadelabandera\/"},"author":{"name":"Gestor Web","@id":"https:\/\/granada.salesianos.edu\/colegio\/#\/schema\/person\/6392ff2e4bd1e66981d6eab734bbd962"},"headline":"D\u00eda de la Bandera","datePublished":"2022-11-30T19:39:51+00:00","dateModified":"2022-12-01T19:50:22+00:00","mainEntityOfPage":{"@id":"https:\/\/granada.salesianos.edu\/colegio\/blog\/diadelabandera\/"},"wordCount":841,"commentCount":0,"publisher":{"@id":"https:\/\/granada.salesianos.edu\/colegio\/#organization"},"image":{"@id":"https:\/\/granada.salesianos.edu\/colegio\/blog\/diadelabandera\/#primaryimage"},"thumbnailUrl":"https:\/\/granada.salesianos.edu\/colegio\/wp-content\/uploads\/sites\/2\/2022\/11\/P1210864-scaled.jpg","articleSection":["Colegio","ESO","Portada","Primaria"],"inLanguage":"es","potentialAction":[{"@type":"CommentAction","name":"Comment","target":["https:\/\/granada.salesianos.edu\/colegio\/blog\/diadelabandera\/#respond"]}]},{"@type":"WebPage","@id":"https:\/\/granada.salesianos.edu\/colegio\/blog\/diadelabandera\/","url":"https:\/\/granada.salesianos.edu\/colegio\/blog\/diadelabandera\/","name":"D\u00eda de la Bandera - Colegio Salesiano","isPartOf":{"@id":"https:\/\/granada.salesianos.edu\/colegio\/#website"},"primaryImageOfPage":{"@id":"https:\/\/granada.salesianos.edu\/colegio\/blog\/diadelabandera\/#primaryimage"},"image":{"@id":"https:\/\/granada.salesianos.edu\/colegio\/blog\/diadelabandera\/#primaryimage"},"thumbnailUrl":"https:\/\/granada.salesianos.edu\/colegio\/wp-content\/uploads\/sites\/2\/2022\/11\/P1210864-scaled.jpg","datePublished":"2022-11-30T19:39:51+00:00","dateModified":"2022-12-01T19:50:22+00:00","breadcrumb":{"@id":"https:\/\/granada.salesianos.edu\/colegio\/blog\/diadelabandera\/#breadcrumb"},"inLanguage":"es","potentialAction":[{"@type":"ReadAction","target":["https:\/\/granada.salesianos.edu\/colegio\/blog\/diadelabandera\/"]}]},{"@type":"ImageObject","inLanguage":"es","@id":"https:\/\/granada.salesianos.edu\/colegio\/blog\/diadelabandera\/#primaryimage","url":"https:\/\/granada.salesianos.edu\/colegio\/wp-content\/uploads\/sites\/2\/2022\/11\/P1210864-scaled.jpg","contentUrl":"https:\/\/granada.salesianos.edu\/colegio\/wp-content\/uploads\/sites\/2\/2022\/11\/P1210864-scaled.jpg","width":2560,"height":1922},{"@type":"BreadcrumbList","@id":"https:\/\/granada.salesianos.edu\/colegio\/blog\/diadelabandera\/#breadcrumb","itemListElement":[{"@type":"ListItem","position":1,"name":"Portada","item":"https:\/\/granada.salesianos.edu\/colegio\/"},{"@type":"ListItem","position":2,"name":"D\u00eda de la Bandera"}]},{"@type":"WebSite","@id":"https:\/\/granada.salesianos.edu\/colegio\/#website","url":"https:\/\/granada.salesianos.edu\/colegio\/","name":"Colegio Salesiano","description":"P\u00e1gina oficial de Salesianos Granada San Juan Bosco","publisher":{"@id":"https:\/\/granada.salesianos.edu\/colegio\/#organization"},"potentialAction":[{"@type":"SearchAction","target":{"@type":"EntryPoint","urlTemplate":"https:\/\/granada.salesianos.edu\/colegio\/?s={search_term_string}"},"query-input":{"@type":"PropertyValueSpecification","valueRequired":true,"valueName":"search_term_string"}}],"inLanguage":"es"},{"@type":"Organization","@id":"https:\/\/granada.salesianos.edu\/colegio\/#organization","name":"Colegio Salesiano San Juan Bosco Granada","url":"https:\/\/granada.salesianos.edu\/colegio\/","logo":{"@type":"ImageObject","inLanguage":"es","@id":"https:\/\/granada.salesianos.edu\/colegio\/#\/schema\/logo\/image\/","url":"https:\/\/granada.salesianos.edu\/colegio\/wp-content\/uploads\/sites\/2\/2021\/01\/GRANADAobraVN2.jpg","contentUrl":"https:\/\/granada.salesianos.edu\/colegio\/wp-content\/uploads\/sites\/2\/2021\/01\/GRANADAobraVN2.jpg","width":2113,"height":1894,"caption":"Colegio Salesiano San Juan Bosco Granada"},"image":{"@id":"https:\/\/granada.salesianos.edu\/colegio\/#\/schema\/logo\/image\/"},"sameAs":["https:\/\/www.facebook.com\/SalesianosGR\/","https:\/\/x.com\/GranadaSDB","https:\/\/www.instagram.com\/salesianosgranada\/","https:\/\/www.youtube.com\/channel\/UChkpZuhCf4Y5rYIcFT3CNxw?view_as=subscriber"]},{"@type":"Person","@id":"https:\/\/granada.salesianos.edu\/colegio\/#\/schema\/person\/6392ff2e4bd1e66981d6eab734bbd962","name":"Gestor Web","image":{"@type":"ImageObject","inLanguage":"es","@id":"https:\/\/secure.gravatar.com\/avatar\/160666bb56a01520857079961a824af2b7821d6bad80677c80f2b473fceead1b?s=96&d=mm&r=g","url":"https:\/\/secure.gravatar.com\/avatar\/160666bb56a01520857079961a824af2b7821d6bad80677c80f2b473fceead1b?s=96&d=mm&r=g","contentUrl":"https:\/\/secure.gravatar.com\/avatar\/160666bb56a01520857079961a824af2b7821d6bad80677c80f2b473fceead1b?s=96&d=mm&r=g","caption":"Gestor Web"}}]}},"_links":{"self":[{"href":"https:\/\/granada.salesianos.edu\/colegio\/wp-json\/wp\/v2\/posts\/16177","targetHints":{"allow":["GET"]}}],"collection":[{"href":"https:\/\/granada.salesianos.edu\/colegio\/wp-json\/wp\/v2\/posts"}],"about":[{"href":"https:\/\/granada.salesianos.edu\/colegio\/wp-json\/wp\/v2\/types\/post"}],"author":[{"embeddable":true,"href":"https:\/\/granada.salesianos.edu\/colegio\/wp-json\/wp\/v2\/users\/2"}],"replies":[{"embeddable":true,"href":"https:\/\/granada.salesianos.edu\/colegio\/wp-json\/wp\/v2\/comments?post=16177"}],"version-history":[{"count":3,"href":"https:\/\/granada.salesianos.edu\/colegio\/wp-json\/wp\/v2\/posts\/16177\/revisions"}],"predecessor-version":[{"id":16228,"href":"https:\/\/granada.salesianos.edu\/colegio\/wp-json\/wp\/v2\/posts\/16177\/revisions\/16228"}],"wp:featuredmedia":[{"embeddable":true,"href":"https:\/\/granada.salesianos.edu\/colegio\/wp-json\/wp\/v2\/media\/16178"}],"wp:attachment":[{"href":"https:\/\/granada.salesianos.edu\/colegio\/wp-json\/wp\/v2\/media?parent=16177"}],"wp:term":[{"taxonomy":"category","embeddable":true,"href":"https:\/\/granada.salesianos.edu\/colegio\/wp-json\/wp\/v2\/categories?post=16177"},{"taxonomy":"post_tag","embeddable":true,"href":"https:\/\/granada.salesianos.edu\/colegio\/wp-json\/wp\/v2\/tags?post=16177"}],"curies":[{"name":"wp","href":"https:\/\/api.w.org\/{rel}","templated":true}]}}