{"id":16254,"date":"2022-12-09T19:39:58","date_gmt":"2022-12-09T17:39:58","guid":{"rendered":"https:\/\/granada.salesianos.edu\/colegio\/?p=16254"},"modified":"2022-12-13T18:13:41","modified_gmt":"2022-12-13T16:13:41","slug":"75aniversarioinmaculada","status":"publish","type":"post","link":"https:\/\/granada.salesianos.edu\/colegio\/blog\/75aniversarioinmaculada\/","title":{"rendered":"CELEBRACI\u00d3N DE LA INMACULADA Y 75 ANIVERSARIO. MAR\u00cdA AUXILIADORA EN LA CATEDRAL DE GRANADA"},"content":{"rendered":"<div id=\"fb-root\"><\/div>\n<p>[et_pb_section fb_built=\u00bb1&#8243; admin_label=\u00bbsection\u00bb _builder_version=\u00bb4.16&#8243; global_colors_info=\u00bb{}\u00bb][et_pb_row admin_label=\u00bbrow\u00bb _builder_version=\u00bb4.18.0&#8243; background_size=\u00bbinitial\u00bb background_position=\u00bbtop_left\u00bb background_repeat=\u00bbrepeat\u00bb min_height=\u00bb100px\u00bb height=\u00bb1000px\u00bb max_height=\u00bb100px\u00bb global_colors_info=\u00bb{}\u00bb][et_pb_column type=\u00bb4_4&#8243; _builder_version=\u00bb4.16&#8243; custom_padding=\u00bb|||\u00bb global_colors_info=\u00bb{}\u00bb custom_padding__hover=\u00bb|||\u00bb][et_pb_text admin_label=\u00bbEntradilla (Texto)\u00bb _builder_version=\u00bb4.18.0&#8243; text_font=\u00bb|on|||\u00bb text_orientation=\u00bbjustified\u00bb global_colors_info=\u00bb{}\u00bb][\/et_pb_text][et_pb_text admin_label=\u00bbDesarrollo (Texto)\u00bb _builder_version=\u00bb4.18.0&#8243; text_orientation=\u00bbjustified\u00bb min_height=\u00bb42.9px\u00bb custom_margin=\u00bb26px||||false|false\u00bb custom_padding=\u00bb||90px|||\u00bb global_colors_info=\u00bb{}\u00bb][\/et_pb_text][\/et_pb_column][\/et_pb_row][et_pb_row _builder_version=\u00bb4.18.0&#8243; _module_preset=\u00bbdefault\u00bb min_height=\u00bb1358.5px\u00bb custom_margin=\u00bb|auto|36px|auto||\u00bb global_colors_info=\u00bb{}\u00bb][et_pb_column type=\u00bb4_4&#8243; _builder_version=\u00bb4.18.0&#8243; _module_preset=\u00bbdefault\u00bb global_colors_info=\u00bb{}\u00bb][et_pb_text _builder_version=\u00bb4.18.0&#8243; _module_preset=\u00bbdefault\u00bb global_colors_info=\u00bb{}\u00bb]<\/p>\n<p>Momentos emocionantes los vividos esta semana, hechos hist\u00f3ricos que siempre quedar\u00e1n en nuestra memoria. No se trata simplemente de un acontecimiento organizado por y para el 75 aniversario de Salesianos Granada, sino de una celebraci\u00f3n hist\u00f3rica de toda la Comunidad Salesiana de esta ciudad.<\/p>\n<p>Todo comienza con la ilusi\u00f3n del Comit\u00e9 del 75 aniversario, de la presencia de Salesianos en Granada, donde como evento importante destaca la celebraci\u00f3n de la Inmaculada, que con toda la importancia que tiene, se quiso dar el car\u00e1cter propio de la casa y no solo quedarse con la celebraci\u00f3n en la Iglesia del colegio. Todo un trabajo que tiene su inicio con una planificaci\u00f3n del Comit\u00e9 donde, dicha celebraci\u00f3n, se prepara con la llegada de Mar\u00eda Auxiliadora, d\u00edas previos a la Vigilia, a la Iglesia del Perpetuo Socorro en la calle San Jer\u00f3nimo. Donde muchos voluntarios preparan el palio de la Virgen de la Victoria del Realejo, cedido para Mar\u00eda Auxiliadora para esta especial ocasi\u00f3n. Momento de compartir y de mostrar toda la ilusi\u00f3n a los instantes previos a los dos grandes d\u00edas que se acontecen; pues Mar\u00eda Auxiliadora se estaba preparando para llegar en procesi\u00f3n desde el Perpetuo Socorro, el d\u00eda 7, y ser testigo de la Vigilia de la Inmaculada en la grandiosa Catedral de Granada. \u00a0\u00a0<\/p>\n<p>Para comenzar la jornada del d\u00eda 8, y para ir abriendo boca al gran momento que se avecinaba, miembros de la Comunidad Salesiana, entre ellos salesianos, antiguos alumnos, profesores, ADMA,\u2026acudieron al descubrimiento de la placa en el antiguo edificio donde el colegio salesiano se encontraba en sus inicios; precediendo al acto se re\u00fanen en el Triunfo y frente a la Inmaculada para escuchar unas palabras, recordando an\u00e9cdotas, \u00a0de Don Juan Fuentes, Don Ernesto Granja y antiguos alumnos del Triunfo; quienes, adem\u00e1s, agradecieron a la comunidad de vecinos del edificio el acto. Es ya en la avenida Divina Pastora donde se descubre una placa conmemorativa a estos 75 a\u00f1os de presencia salesiana en la ciudad de Granada.<\/p>\n<p>Tras este acto comienza la emotiva Eucarist\u00eda en la Catedral en conmemoraci\u00f3n de la Inmaculada, teniendo la presencia de Mar\u00eda Auxiliadora cerca del altar; una presencia que invade a los asistentes como un halo de protecci\u00f3n y amor de madre. La Catedral estaba llena de personas que se definen salesianas por vinculaci\u00f3n con la casa, por muchas razones, pero todas las escuchadas con algo en com\u00fan \u201cel buen recuerdo y amor a la congregaci\u00f3n\u201d. Es as\u00ed como se define a la casa salesiana durante la Eucarist\u00eda, recordando su labor en la ciudad de Granada y la influencia en miles de j\u00f3venes que por sus manos han pasado, haci\u00e9ndoles ser buenos cristianos.<\/p>\n<p>Llegando la tarde, y sopesando si el tiempo se comportar\u00eda, el Comit\u00e9 y miembros de la cofrad\u00eda deciden que Mar\u00eda Auxiliadora vuelva a su templo para recorrer las calles de Granada; procesi\u00f3n que muchos estaban esperando, pues ser\u00eda la primera vez que se cuenta con la presencia de la imagen en la Catedral y paseando por las calles del centro de Granada.<\/p>\n<p>Desde la casa Salesiana, agradecemos la presencia de todos los asistentes que vivisteis estos momentos con tanta ilusi\u00f3n y emotividad.<\/p>\n<p>&nbsp;<\/p>\n<p>.<\/p>\n<p>[\/et_pb_text][et_pb_video src=\u00bbhttps:\/\/youtu.be\/ynw6Wa8Kujg\u00bb _builder_version=\u00bb4.18.0&#8243; _module_preset=\u00bbdefault\u00bb hover_enabled=\u00bb0&#8243; global_colors_info=\u00bb{}\u00bb sticky_enabled=\u00bb0&#8243;][\/et_pb_video][et_pb_text _builder_version=\u00bb4.18.0&#8243; _module_preset=\u00bbdefault\u00bb custom_margin=\u00bb39px||||false|false\u00bb global_colors_info=\u00bb{}\u00bb]<\/p>\n<h1><strong>GALER\u00cdA DE IM\u00c1GENES<\/strong><\/h1>\n<p>[\/et_pb_text][et_pb_gallery gallery_ids=\u00bb16257,16258,16259,16260,16261,16262,16263,16264,16265,16266,16267,16268,16269,16270,16271,16272,16273,16274,16275,16276,16277,16278,16279,16280,16281,16282,16283,16284,16285,16286,16287,16288,16289,16290,16291,16292,16293,16294,16295,16296,16297,16298,16299,16300,16301,16302,16303,16304,16305,16306,16307,16308,16309,16310,16311,16312,16313,16314,16315,16316,16317,16318,16319,16320,16321,16322,16323,16324,16325,16326,16327,16328,16329,16330,16331,16332,16333&#8243; fullwidth=\u00bbon\u00bb _builder_version=\u00bb4.18.0&#8243; _module_preset=\u00bbdefault\u00bb global_colors_info=\u00bb{}\u00bb][\/et_pb_gallery][et_pb_gallery gallery_ids=\u00bb63243,63244,63245,63246,63247,63248,63249,63250,63251,63252,63253,63254,63255,63256,63257,63258,63259,63260,63261,63262,63263,63264,63265,63266,63267,63268,63269,63270,63271,63272,63273,63274,63275,63276,63277,63278,63279,63280,63281,63282,63283,63284,63285,63286,63287,63288,63289,63290,63291,63292,63293,63294,63295,63296,63297,63298,63299,63300,63301,63302,63303,63304,63305,63306,63307,63308,63309,63310,63311,63312,63313,63314,63315,63316,63317,63318,63319,63240,63237,63236,63226,63227,63228,63229,63230,63231,63232,63233,63234,63235,63224&#8243; fullwidth=\u00bbon\u00bb _builder_version=\u00bb4.18.0&#8243; _module_preset=\u00bbdefault\u00bb global_colors_info=\u00bb{}\u00bb][\/et_pb_gallery][\/et_pb_column][\/et_pb_row][\/et_pb_section][et_pb_section fb_built=\u00bb1&#8243; _builder_version=\u00bb4.18.0&#8243; _module_preset=\u00bbdefault\u00bb global_colors_info=\u00bb{}\u00bb][\/et_pb_section]<\/p>\n","protected":false},"excerpt":{"rendered":"<p>75 aniversario. Momento hist\u00f3rico presencia de Mar\u00eda Auxiliadora en la catedral de Granada y procesi\u00f3n por el centro de la ciudad el d\u00eda de la Inmaculada.<\/p>\n","protected":false},"author":2,"featured_media":16255,"comment_status":"open","ping_status":"open","sticky":false,"template":"","format":"standard","meta":{"_et_pb_use_builder":"on","_et_pb_old_content":"","_et_gb_content_width":"","footnotes":""},"categories":[11,31,18,12,1],"tags":[],"class_list":["post-16254","post","type-post","status-publish","format-standard","has-post-thumbnail","hentry","category-colegio","category-fundacion-don-bosco","category-iglesia","category-portada","category-uncategorized"],"yoast_head":"<!-- This site is optimized with the Yoast SEO plugin v28.4 - https:\/\/yoast.com\/product\/yoast-seo-wordpress\/ -->\n<title>CELEBRACI\u00d3N DE LA INMACULADA Y 75 ANIVERSARIO. MAR\u00cdA AUXILIADORA EN LA CATEDRAL DE GRANADA - Colegio Salesiano<\/title>\n<meta name=\"description\" content=\"75 aniversario. Momento hist\u00f3rico presencia de Mar\u00eda Auxiliadora en la catedral de Granada y procesi\u00f3n por el centro de la ciudad el d\u00eda de la Inmaculada.\" \/>\n<meta name=\"robots\" content=\"index, follow, max-snippet:-1, max-image-preview:large, max-video-preview:-1\" \/>\n<link rel=\"canonical\" href=\"https:\/\/granada.salesianos.edu\/colegio\/blog\/75aniversarioinmaculada\/\" \/>\n<meta property=\"og:locale\" content=\"es_ES\" \/>\n<meta property=\"og:type\" content=\"article\" \/>\n<meta property=\"og:title\" content=\"CELEBRACI\u00d3N DE LA INMACULADA Y 75 ANIVERSARIO. MAR\u00cdA AUXILIADORA EN LA CATEDRAL DE GRANADA - Colegio Salesiano\" \/>\n<meta property=\"og:description\" content=\"75 aniversario. Momento hist\u00f3rico presencia de Mar\u00eda Auxiliadora en la catedral de Granada y procesi\u00f3n por el centro de la ciudad el d\u00eda de la Inmaculada.\" \/>\n<meta property=\"og:url\" content=\"https:\/\/granada.salesianos.edu\/colegio\/blog\/75aniversarioinmaculada\/\" \/>\n<meta property=\"og:site_name\" content=\"Colegio Salesiano\" \/>\n<meta property=\"article:publisher\" content=\"https:\/\/www.facebook.com\/SalesianosGR\/\" \/>\n<meta property=\"article:published_time\" content=\"2022-12-09T17:39:58+00:00\" \/>\n<meta property=\"article:modified_time\" content=\"2022-12-13T16:13:41+00:00\" \/>\n<meta property=\"og:image\" content=\"https:\/\/granada.salesianos.edu\/colegio\/wp-content\/uploads\/sites\/2\/2022\/12\/Captura-de-pantalla-2022-12-09-a-las-17.17.42.png\" \/>\n\t<meta property=\"og:image:width\" content=\"900\" \/>\n\t<meta property=\"og:image:height\" content=\"888\" \/>\n\t<meta property=\"og:image:type\" content=\"image\/png\" \/>\n<meta name=\"author\" content=\"Gestor Web\" \/>\n<meta name=\"twitter:card\" content=\"summary_large_image\" \/>\n<meta name=\"twitter:creator\" content=\"@GranadaSDB\" \/>\n<meta name=\"twitter:site\" content=\"@GranadaSDB\" \/>\n<meta name=\"twitter:label1\" content=\"Escrito por\" \/>\n\t<meta name=\"twitter:data1\" content=\"Gestor Web\" \/>\n\t<meta name=\"twitter:label2\" content=\"Tiempo de lectura\" \/>\n\t<meta name=\"twitter:data2\" content=\"3 minutos\" \/>\n<script type=\"application\/ld+json\" class=\"yoast-schema-graph\">{\"@context\":\"https:\\\/\\\/schema.org\",\"@graph\":[{\"@type\":\"Article\",\"@id\":\"https:\\\/\\\/granada.salesianos.edu\\\/colegio\\\/blog\\\/75aniversarioinmaculada\\\/#article\",\"isPartOf\":{\"@id\":\"https:\\\/\\\/granada.salesianos.edu\\\/colegio\\\/blog\\\/75aniversarioinmaculada\\\/\"},\"author\":{\"name\":\"Gestor Web\",\"@id\":\"https:\\\/\\\/granada.salesianos.edu\\\/colegio\\\/#\\\/schema\\\/person\\\/6392ff2e4bd1e66981d6eab734bbd962\"},\"headline\":\"CELEBRACI\u00d3N DE LA INMACULADA Y 75 ANIVERSARIO. MAR\u00cdA AUXILIADORA EN LA CATEDRAL DE GRANADA\",\"datePublished\":\"2022-12-09T17:39:58+00:00\",\"dateModified\":\"2022-12-13T16:13:41+00:00\",\"mainEntityOfPage\":{\"@id\":\"https:\\\/\\\/granada.salesianos.edu\\\/colegio\\\/blog\\\/75aniversarioinmaculada\\\/\"},\"wordCount\":842,\"commentCount\":0,\"publisher\":{\"@id\":\"https:\\\/\\\/granada.salesianos.edu\\\/colegio\\\/#organization\"},\"image\":{\"@id\":\"https:\\\/\\\/granada.salesianos.edu\\\/colegio\\\/blog\\\/75aniversarioinmaculada\\\/#primaryimage\"},\"thumbnailUrl\":\"https:\\\/\\\/granada.salesianos.edu\\\/colegio\\\/wp-content\\\/uploads\\\/sites\\\/2\\\/2022\\\/12\\\/Captura-de-pantalla-2022-12-09-a-las-17.17.42.png\",\"articleSection\":[\"Colegio\",\"Fundaci\u00f3n Don Bosco\",\"Iglesia\",\"Portada\",\"Uncategorized\"],\"inLanguage\":\"es\",\"potentialAction\":[{\"@type\":\"CommentAction\",\"name\":\"Comment\",\"target\":[\"https:\\\/\\\/granada.salesianos.edu\\\/colegio\\\/blog\\\/75aniversarioinmaculada\\\/#respond\"]}]},{\"@type\":\"WebPage\",\"@id\":\"https:\\\/\\\/granada.salesianos.edu\\\/colegio\\\/blog\\\/75aniversarioinmaculada\\\/\",\"url\":\"https:\\\/\\\/granada.salesianos.edu\\\/colegio\\\/blog\\\/75aniversarioinmaculada\\\/\",\"name\":\"CELEBRACI\u00d3N DE LA INMACULADA Y 75 ANIVERSARIO. MAR\u00cdA AUXILIADORA EN LA CATEDRAL DE GRANADA - Colegio Salesiano\",\"isPartOf\":{\"@id\":\"https:\\\/\\\/granada.salesianos.edu\\\/colegio\\\/#website\"},\"primaryImageOfPage\":{\"@id\":\"https:\\\/\\\/granada.salesianos.edu\\\/colegio\\\/blog\\\/75aniversarioinmaculada\\\/#primaryimage\"},\"image\":{\"@id\":\"https:\\\/\\\/granada.salesianos.edu\\\/colegio\\\/blog\\\/75aniversarioinmaculada\\\/#primaryimage\"},\"thumbnailUrl\":\"https:\\\/\\\/granada.salesianos.edu\\\/colegio\\\/wp-content\\\/uploads\\\/sites\\\/2\\\/2022\\\/12\\\/Captura-de-pantalla-2022-12-09-a-las-17.17.42.png\",\"datePublished\":\"2022-12-09T17:39:58+00:00\",\"dateModified\":\"2022-12-13T16:13:41+00:00\",\"description\":\"75 aniversario. Momento hist\u00f3rico presencia de Mar\u00eda Auxiliadora en la catedral de Granada y procesi\u00f3n por el centro de la ciudad el d\u00eda de la Inmaculada.\",\"breadcrumb\":{\"@id\":\"https:\\\/\\\/granada.salesianos.edu\\\/colegio\\\/blog\\\/75aniversarioinmaculada\\\/#breadcrumb\"},\"inLanguage\":\"es\",\"potentialAction\":[{\"@type\":\"ReadAction\",\"target\":[\"https:\\\/\\\/granada.salesianos.edu\\\/colegio\\\/blog\\\/75aniversarioinmaculada\\\/\"]}]},{\"@type\":\"ImageObject\",\"inLanguage\":\"es\",\"@id\":\"https:\\\/\\\/granada.salesianos.edu\\\/colegio\\\/blog\\\/75aniversarioinmaculada\\\/#primaryimage\",\"url\":\"https:\\\/\\\/granada.salesianos.edu\\\/colegio\\\/wp-content\\\/uploads\\\/sites\\\/2\\\/2022\\\/12\\\/Captura-de-pantalla-2022-12-09-a-las-17.17.42.png\",\"contentUrl\":\"https:\\\/\\\/granada.salesianos.edu\\\/colegio\\\/wp-content\\\/uploads\\\/sites\\\/2\\\/2022\\\/12\\\/Captura-de-pantalla-2022-12-09-a-las-17.17.42.png\",\"width\":900,\"height\":888},{\"@type\":\"BreadcrumbList\",\"@id\":\"https:\\\/\\\/granada.salesianos.edu\\\/colegio\\\/blog\\\/75aniversarioinmaculada\\\/#breadcrumb\",\"itemListElement\":[{\"@type\":\"ListItem\",\"position\":1,\"name\":\"Portada\",\"item\":\"https:\\\/\\\/granada.salesianos.edu\\\/colegio\\\/\"},{\"@type\":\"ListItem\",\"position\":2,\"name\":\"CELEBRACI\u00d3N DE LA INMACULADA Y 75 ANIVERSARIO. MAR\u00cdA AUXILIADORA EN LA CATEDRAL DE GRANADA\"}]},{\"@type\":\"WebSite\",\"@id\":\"https:\\\/\\\/granada.salesianos.edu\\\/colegio\\\/#website\",\"url\":\"https:\\\/\\\/granada.salesianos.edu\\\/colegio\\\/\",\"name\":\"Colegio Salesiano\",\"description\":\"P\u00e1gina oficial de Salesianos Granada San Juan Bosco\",\"publisher\":{\"@id\":\"https:\\\/\\\/granada.salesianos.edu\\\/colegio\\\/#organization\"},\"potentialAction\":[{\"@type\":\"SearchAction\",\"target\":{\"@type\":\"EntryPoint\",\"urlTemplate\":\"https:\\\/\\\/granada.salesianos.edu\\\/colegio\\\/?s={search_term_string}\"},\"query-input\":{\"@type\":\"PropertyValueSpecification\",\"valueRequired\":true,\"valueName\":\"search_term_string\"}}],\"inLanguage\":\"es\"},{\"@type\":\"Organization\",\"@id\":\"https:\\\/\\\/granada.salesianos.edu\\\/colegio\\\/#organization\",\"name\":\"Colegio Salesiano San Juan Bosco Granada\",\"url\":\"https:\\\/\\\/granada.salesianos.edu\\\/colegio\\\/\",\"logo\":{\"@type\":\"ImageObject\",\"inLanguage\":\"es\",\"@id\":\"https:\\\/\\\/granada.salesianos.edu\\\/colegio\\\/#\\\/schema\\\/logo\\\/image\\\/\",\"url\":\"https:\\\/\\\/granada.salesianos.edu\\\/colegio\\\/wp-content\\\/uploads\\\/sites\\\/2\\\/2021\\\/01\\\/GRANADAobraVN2.jpg\",\"contentUrl\":\"https:\\\/\\\/granada.salesianos.edu\\\/colegio\\\/wp-content\\\/uploads\\\/sites\\\/2\\\/2021\\\/01\\\/GRANADAobraVN2.jpg\",\"width\":2113,\"height\":1894,\"caption\":\"Colegio Salesiano San Juan Bosco Granada\"},\"image\":{\"@id\":\"https:\\\/\\\/granada.salesianos.edu\\\/colegio\\\/#\\\/schema\\\/logo\\\/image\\\/\"},\"sameAs\":[\"https:\\\/\\\/www.facebook.com\\\/SalesianosGR\\\/\",\"https:\\\/\\\/x.com\\\/GranadaSDB\",\"https:\\\/\\\/www.instagram.com\\\/salesianosgranada\\\/\",\"https:\\\/\\\/www.youtube.com\\\/channel\\\/UChkpZuhCf4Y5rYIcFT3CNxw?view_as=subscriber\"]},{\"@type\":\"Person\",\"@id\":\"https:\\\/\\\/granada.salesianos.edu\\\/colegio\\\/#\\\/schema\\\/person\\\/6392ff2e4bd1e66981d6eab734bbd962\",\"name\":\"Gestor Web\",\"image\":{\"@type\":\"ImageObject\",\"inLanguage\":\"es\",\"@id\":\"https:\\\/\\\/secure.gravatar.com\\\/avatar\\\/160666bb56a01520857079961a824af2b7821d6bad80677c80f2b473fceead1b?s=96&d=mm&r=g\",\"url\":\"https:\\\/\\\/secure.gravatar.com\\\/avatar\\\/160666bb56a01520857079961a824af2b7821d6bad80677c80f2b473fceead1b?s=96&d=mm&r=g\",\"contentUrl\":\"https:\\\/\\\/secure.gravatar.com\\\/avatar\\\/160666bb56a01520857079961a824af2b7821d6bad80677c80f2b473fceead1b?s=96&d=mm&r=g\",\"caption\":\"Gestor Web\"}}]}<\/script>\n<!-- \/ Yoast SEO plugin. -->","yoast_head_json":{"title":"CELEBRACI\u00d3N DE LA INMACULADA Y 75 ANIVERSARIO. MAR\u00cdA AUXILIADORA EN LA CATEDRAL DE GRANADA - Colegio Salesiano","description":"75 aniversario. Momento hist\u00f3rico presencia de Mar\u00eda Auxiliadora en la catedral de Granada y procesi\u00f3n por el centro de la ciudad el d\u00eda de la Inmaculada.","robots":{"index":"index","follow":"follow","max-snippet":"max-snippet:-1","max-image-preview":"max-image-preview:large","max-video-preview":"max-video-preview:-1"},"canonical":"https:\/\/granada.salesianos.edu\/colegio\/blog\/75aniversarioinmaculada\/","og_locale":"es_ES","og_type":"article","og_title":"CELEBRACI\u00d3N DE LA INMACULADA Y 75 ANIVERSARIO. MAR\u00cdA AUXILIADORA EN LA CATEDRAL DE GRANADA - Colegio Salesiano","og_description":"75 aniversario. Momento hist\u00f3rico presencia de Mar\u00eda Auxiliadora en la catedral de Granada y procesi\u00f3n por el centro de la ciudad el d\u00eda de la Inmaculada.","og_url":"https:\/\/granada.salesianos.edu\/colegio\/blog\/75aniversarioinmaculada\/","og_site_name":"Colegio Salesiano","article_publisher":"https:\/\/www.facebook.com\/SalesianosGR\/","article_published_time":"2022-12-09T17:39:58+00:00","article_modified_time":"2022-12-13T16:13:41+00:00","og_image":[{"width":900,"height":888,"url":"https:\/\/granada.salesianos.edu\/colegio\/wp-content\/uploads\/sites\/2\/2022\/12\/Captura-de-pantalla-2022-12-09-a-las-17.17.42.png","type":"image\/png"}],"author":"Gestor Web","twitter_card":"summary_large_image","twitter_creator":"@GranadaSDB","twitter_site":"@GranadaSDB","twitter_misc":{"Escrito por":"Gestor Web","Tiempo de lectura":"3 minutos"},"schema":{"@context":"https:\/\/schema.org","@graph":[{"@type":"Article","@id":"https:\/\/granada.salesianos.edu\/colegio\/blog\/75aniversarioinmaculada\/#article","isPartOf":{"@id":"https:\/\/granada.salesianos.edu\/colegio\/blog\/75aniversarioinmaculada\/"},"author":{"name":"Gestor Web","@id":"https:\/\/granada.salesianos.edu\/colegio\/#\/schema\/person\/6392ff2e4bd1e66981d6eab734bbd962"},"headline":"CELEBRACI\u00d3N DE LA INMACULADA Y 75 ANIVERSARIO. MAR\u00cdA AUXILIADORA EN LA CATEDRAL DE GRANADA","datePublished":"2022-12-09T17:39:58+00:00","dateModified":"2022-12-13T16:13:41+00:00","mainEntityOfPage":{"@id":"https:\/\/granada.salesianos.edu\/colegio\/blog\/75aniversarioinmaculada\/"},"wordCount":842,"commentCount":0,"publisher":{"@id":"https:\/\/granada.salesianos.edu\/colegio\/#organization"},"image":{"@id":"https:\/\/granada.salesianos.edu\/colegio\/blog\/75aniversarioinmaculada\/#primaryimage"},"thumbnailUrl":"https:\/\/granada.salesianos.edu\/colegio\/wp-content\/uploads\/sites\/2\/2022\/12\/Captura-de-pantalla-2022-12-09-a-las-17.17.42.png","articleSection":["Colegio","Fundaci\u00f3n Don Bosco","Iglesia","Portada","Uncategorized"],"inLanguage":"es","potentialAction":[{"@type":"CommentAction","name":"Comment","target":["https:\/\/granada.salesianos.edu\/colegio\/blog\/75aniversarioinmaculada\/#respond"]}]},{"@type":"WebPage","@id":"https:\/\/granada.salesianos.edu\/colegio\/blog\/75aniversarioinmaculada\/","url":"https:\/\/granada.salesianos.edu\/colegio\/blog\/75aniversarioinmaculada\/","name":"CELEBRACI\u00d3N DE LA INMACULADA Y 75 ANIVERSARIO. MAR\u00cdA AUXILIADORA EN LA CATEDRAL DE GRANADA - Colegio Salesiano","isPartOf":{"@id":"https:\/\/granada.salesianos.edu\/colegio\/#website"},"primaryImageOfPage":{"@id":"https:\/\/granada.salesianos.edu\/colegio\/blog\/75aniversarioinmaculada\/#primaryimage"},"image":{"@id":"https:\/\/granada.salesianos.edu\/colegio\/blog\/75aniversarioinmaculada\/#primaryimage"},"thumbnailUrl":"https:\/\/granada.salesianos.edu\/colegio\/wp-content\/uploads\/sites\/2\/2022\/12\/Captura-de-pantalla-2022-12-09-a-las-17.17.42.png","datePublished":"2022-12-09T17:39:58+00:00","dateModified":"2022-12-13T16:13:41+00:00","description":"75 aniversario. Momento hist\u00f3rico presencia de Mar\u00eda Auxiliadora en la catedral de Granada y procesi\u00f3n por el centro de la ciudad el d\u00eda de la Inmaculada.","breadcrumb":{"@id":"https:\/\/granada.salesianos.edu\/colegio\/blog\/75aniversarioinmaculada\/#breadcrumb"},"inLanguage":"es","potentialAction":[{"@type":"ReadAction","target":["https:\/\/granada.salesianos.edu\/colegio\/blog\/75aniversarioinmaculada\/"]}]},{"@type":"ImageObject","inLanguage":"es","@id":"https:\/\/granada.salesianos.edu\/colegio\/blog\/75aniversarioinmaculada\/#primaryimage","url":"https:\/\/granada.salesianos.edu\/colegio\/wp-content\/uploads\/sites\/2\/2022\/12\/Captura-de-pantalla-2022-12-09-a-las-17.17.42.png","contentUrl":"https:\/\/granada.salesianos.edu\/colegio\/wp-content\/uploads\/sites\/2\/2022\/12\/Captura-de-pantalla-2022-12-09-a-las-17.17.42.png","width":900,"height":888},{"@type":"BreadcrumbList","@id":"https:\/\/granada.salesianos.edu\/colegio\/blog\/75aniversarioinmaculada\/#breadcrumb","itemListElement":[{"@type":"ListItem","position":1,"name":"Portada","item":"https:\/\/granada.salesianos.edu\/colegio\/"},{"@type":"ListItem","position":2,"name":"CELEBRACI\u00d3N DE LA INMACULADA Y 75 ANIVERSARIO. MAR\u00cdA AUXILIADORA EN LA CATEDRAL DE GRANADA"}]},{"@type":"WebSite","@id":"https:\/\/granada.salesianos.edu\/colegio\/#website","url":"https:\/\/granada.salesianos.edu\/colegio\/","name":"Colegio Salesiano","description":"P\u00e1gina oficial de Salesianos Granada San Juan Bosco","publisher":{"@id":"https:\/\/granada.salesianos.edu\/colegio\/#organization"},"potentialAction":[{"@type":"SearchAction","target":{"@type":"EntryPoint","urlTemplate":"https:\/\/granada.salesianos.edu\/colegio\/?s={search_term_string}"},"query-input":{"@type":"PropertyValueSpecification","valueRequired":true,"valueName":"search_term_string"}}],"inLanguage":"es"},{"@type":"Organization","@id":"https:\/\/granada.salesianos.edu\/colegio\/#organization","name":"Colegio Salesiano San Juan Bosco Granada","url":"https:\/\/granada.salesianos.edu\/colegio\/","logo":{"@type":"ImageObject","inLanguage":"es","@id":"https:\/\/granada.salesianos.edu\/colegio\/#\/schema\/logo\/image\/","url":"https:\/\/granada.salesianos.edu\/colegio\/wp-content\/uploads\/sites\/2\/2021\/01\/GRANADAobraVN2.jpg","contentUrl":"https:\/\/granada.salesianos.edu\/colegio\/wp-content\/uploads\/sites\/2\/2021\/01\/GRANADAobraVN2.jpg","width":2113,"height":1894,"caption":"Colegio Salesiano San Juan Bosco Granada"},"image":{"@id":"https:\/\/granada.salesianos.edu\/colegio\/#\/schema\/logo\/image\/"},"sameAs":["https:\/\/www.facebook.com\/SalesianosGR\/","https:\/\/x.com\/GranadaSDB","https:\/\/www.instagram.com\/salesianosgranada\/","https:\/\/www.youtube.com\/channel\/UChkpZuhCf4Y5rYIcFT3CNxw?view_as=subscriber"]},{"@type":"Person","@id":"https:\/\/granada.salesianos.edu\/colegio\/#\/schema\/person\/6392ff2e4bd1e66981d6eab734bbd962","name":"Gestor Web","image":{"@type":"ImageObject","inLanguage":"es","@id":"https:\/\/secure.gravatar.com\/avatar\/160666bb56a01520857079961a824af2b7821d6bad80677c80f2b473fceead1b?s=96&d=mm&r=g","url":"https:\/\/secure.gravatar.com\/avatar\/160666bb56a01520857079961a824af2b7821d6bad80677c80f2b473fceead1b?s=96&d=mm&r=g","contentUrl":"https:\/\/secure.gravatar.com\/avatar\/160666bb56a01520857079961a824af2b7821d6bad80677c80f2b473fceead1b?s=96&d=mm&r=g","caption":"Gestor Web"}}]}},"_links":{"self":[{"href":"https:\/\/granada.salesianos.edu\/colegio\/wp-json\/wp\/v2\/posts\/16254","targetHints":{"allow":["GET"]}}],"collection":[{"href":"https:\/\/granada.salesianos.edu\/colegio\/wp-json\/wp\/v2\/posts"}],"about":[{"href":"https:\/\/granada.salesianos.edu\/colegio\/wp-json\/wp\/v2\/types\/post"}],"author":[{"embeddable":true,"href":"https:\/\/granada.salesianos.edu\/colegio\/wp-json\/wp\/v2\/users\/2"}],"replies":[{"embeddable":true,"href":"https:\/\/granada.salesianos.edu\/colegio\/wp-json\/wp\/v2\/comments?post=16254"}],"version-history":[{"count":6,"href":"https:\/\/granada.salesianos.edu\/colegio\/wp-json\/wp\/v2\/posts\/16254\/revisions"}],"predecessor-version":[{"id":16348,"href":"https:\/\/granada.salesianos.edu\/colegio\/wp-json\/wp\/v2\/posts\/16254\/revisions\/16348"}],"wp:featuredmedia":[{"embeddable":true,"href":"https:\/\/granada.salesianos.edu\/colegio\/wp-json\/wp\/v2\/media\/16255"}],"wp:attachment":[{"href":"https:\/\/granada.salesianos.edu\/colegio\/wp-json\/wp\/v2\/media?parent=16254"}],"wp:term":[{"taxonomy":"category","embeddable":true,"href":"https:\/\/granada.salesianos.edu\/colegio\/wp-json\/wp\/v2\/categories?post=16254"},{"taxonomy":"post_tag","embeddable":true,"href":"https:\/\/granada.salesianos.edu\/colegio\/wp-json\/wp\/v2\/tags?post=16254"}],"curies":[{"name":"wp","href":"https:\/\/api.w.org\/{rel}","templated":true}]}}