{"id":16343,"date":"2022-12-13T15:25:36","date_gmt":"2022-12-13T13:25:36","guid":{"rendered":"https:\/\/granada.salesianos.edu\/colegio\/?p=16343"},"modified":"2022-12-13T15:25:41","modified_gmt":"2022-12-13T13:25:41","slug":"campana-de-navidad-operacion-kilo-como-camino-de-solidaridad","status":"publish","type":"post","link":"https:\/\/granada.salesianos.edu\/colegio\/blog\/campana-de-navidad-operacion-kilo-como-camino-de-solidaridad\/","title":{"rendered":"CAMPA\u00d1A DE NAVIDAD. OPERACI\u00d3N KILO como CAMINO DE SOLIDARIDAD"},"content":{"rendered":"<div id=\"fb-root\"><\/div>\n<p>[et_pb_section fb_built=\u00bb1&#8243; admin_label=\u00bbsection\u00bb _builder_version=\u00bb4.16&#8243; global_colors_info=\u00bb{}\u00bb][et_pb_row _builder_version=\u00bb4.18.0&#8243; _module_preset=\u00bbdefault\u00bb min_height=\u00bb1358.5px\u00bb custom_margin=\u00bb|auto|36px|auto||\u00bb global_colors_info=\u00bb{}\u00bb][et_pb_column type=\u00bb4_4&#8243; _builder_version=\u00bb4.18.0&#8243; _module_preset=\u00bbdefault\u00bb global_colors_info=\u00bb{}\u00bb][et_pb_text _builder_version=\u00bb4.18.0&#8243; _module_preset=\u00bbdefault\u00bb global_colors_info=\u00bb{}\u00bb]Ponemos en marcha con la OPERACI\u00d3N KILO como CAMINO DE SOLIDARIDAD. Dicha recogida se realizara durante los d\u00edas 13 a 17 de Diciembre. Estamos convencidos que, ante las dificultades, crecemos y somos capaces de MUCHA y BUENA solidaridad con los que menos tienen.<\/p>\n<p>Como colegio colaboramos con distintas entidades como ALFA (Almanj\u00e1yar en Familia), CASA HOGAR Madre Teresa, Fundaci\u00f3n BON BOSCO Salesianos Social, CARITAS Zaid\u00edn, ADORATRICES, BANCO DE ALIMENTOS\u2026<\/p>\n<p>Para organizarnos en estos d\u00edas, os proponemos la siguiente tabla de d\u00edas y productos:<\/p>\n<p>&nbsp;<\/p>\n<table>\n<tbody>\n<tr>\n<td width=\"140\"><strong>D\u00cdAS DE<\/strong><\/p>\n<p><strong>RECOGIDA<\/strong><\/td>\n<td width=\"500\"><strong>PRODUCTOS<\/strong> <strong>PARA TRAER<\/strong><\/td>\n<\/tr>\n<tr>\n<td width=\"140\"><strong>LUNES 12<\/strong><\/td>\n<td width=\"500\">Latas\u00a0\u00a0 de conservas: at\u00fan, tomate, esp\u00e1rragos, champi\u00f1ones,<\/p>\n<p>alcachofas, sardinas, mejillones, alb\u00f3ndigas\u2026<\/td>\n<\/tr>\n<tr>\n<td width=\"140\"><strong>MARTES 13<\/strong><\/td>\n<td width=\"500\">Higiene personal: champ\u00fa, gel, esponjas, colonia, desodorante, cepillos y pasta de dientes, pa\u00f1ales, toallitas\u2026<\/td>\n<\/tr>\n<tr>\n<td width=\"140\"><strong>MI\u00c9RCOLES 14<\/strong><\/td>\n<td width=\"500\">Legumbres, arroz y pastas.<\/td>\n<\/tr>\n<tr>\n<td width=\"140\"><strong>JUEVES 15<\/strong><\/td>\n<td width=\"500\">Limpieza del hogar: Friegasuelos, bayetas, lavavajillas, limpia<\/p>\n<p>hogar\u2026<\/td>\n<\/tr>\n<tr>\n<td width=\"140\"><strong>VIERNES 16<\/strong><\/td>\n<td width=\"500\">Leche, aceite, galletas, alimentos infantiles y otros productos no perecederos.<\/td>\n<\/tr>\n<\/tbody>\n<\/table>\n<p>Tenemos tambi\u00e9n una petici\u00f3n especial de uno de los centros con los que colaboramos:<\/p>\n<ul>\n<li><strong>JUGUETES <\/strong>por estrenar (dentro de su caja).<\/li>\n<li><strong>SUDADERAS <\/strong>por estrenar (tallas de ni\u00f1os y madres).<\/li>\n<\/ul>\n<p>Os agradecemos de antemano vuestra aportaci\u00f3n y vuestra Solidaridad en estos d\u00edas tan especiales que vamos a vivir, compartiendo en estos d\u00edas con los que m\u00e1s lo necesitan y haciendo llegar la Navidad a todos los hogares.<\/p>\n<p>Nuestro deseo es que esta Navidad venga cargada cari\u00f1o y amistad, pero sobre todo venga cargada de DIOS. Que Mar\u00eda Auxiliadora nos tenga siempre bajo su manto.<\/p>\n<p>&nbsp;<\/p>\n<p>.[\/et_pb_text][et_pb_image src=\u00bbhttps:\/\/granada.salesianos.edu\/wp-content\/uploads\/2022\/12\/KILO-e1670936297673.jpg\u00bb title_text=\u00bbORGANIZACI\u00d3N CAMPA\u00d1A KILO\u00bb _builder_version=\u00bb4.18.0&#8243; _module_preset=\u00bbdefault\u00bb global_colors_info=\u00bb{}\u00bb][\/et_pb_image][\/et_pb_column][\/et_pb_row][\/et_pb_section][et_pb_section fb_built=\u00bb1&#8243; _builder_version=\u00bb4.18.0&#8243; _module_preset=\u00bbdefault\u00bb global_colors_info=\u00bb{}\u00bb][\/et_pb_section]<\/p>\n","protected":false},"excerpt":{"rendered":"<p>CAMPA\u00d1A DE NAVIDAD. OPERACI\u00d3N KILO como CAMINO DE SOLIDARIDAD durante los d\u00edas 13 a 17 de Diciembre<\/p>\n","protected":false},"author":2,"featured_media":16342,"comment_status":"open","ping_status":"open","sticky":false,"template":"","format":"standard","meta":{"_et_pb_use_builder":"on","_et_pb_old_content":"","_et_gb_content_width":"","footnotes":""},"categories":[11,31,18,23,12,1],"tags":[],"class_list":["post-16343","post","type-post","status-publish","format-standard","has-post-thumbnail","hentry","category-colegio","category-fundacion-don-bosco","category-iglesia","category-pastoral","category-portada","category-uncategorized"],"yoast_head":"<!-- This site is optimized with the Yoast SEO plugin v28.4 - https:\/\/yoast.com\/product\/yoast-seo-wordpress\/ -->\n<title>CAMPA\u00d1A DE NAVIDAD. OPERACI\u00d3N KILO como CAMINO DE SOLIDARIDAD - Colegio Salesiano<\/title>\n<meta name=\"description\" content=\"CAMPA\u00d1A DE NAVIDAD. OPERACI\u00d3N KILO como CAMINO DE SOLIDARIDAD durante los d\u00edas 13 a 17 de diciembre\" \/>\n<meta name=\"robots\" content=\"index, follow, max-snippet:-1, max-image-preview:large, max-video-preview:-1\" \/>\n<link rel=\"canonical\" href=\"https:\/\/granada.salesianos.edu\/colegio\/blog\/campana-de-navidad-operacion-kilo-como-camino-de-solidaridad\/\" \/>\n<meta property=\"og:locale\" content=\"es_ES\" \/>\n<meta property=\"og:type\" content=\"article\" \/>\n<meta property=\"og:title\" content=\"CAMPA\u00d1A DE NAVIDAD. OPERACI\u00d3N KILO como CAMINO DE SOLIDARIDAD - Colegio Salesiano\" \/>\n<meta property=\"og:description\" content=\"CAMPA\u00d1A DE NAVIDAD. OPERACI\u00d3N KILO como CAMINO DE SOLIDARIDAD durante los d\u00edas 13 a 17 de diciembre\" \/>\n<meta property=\"og:url\" content=\"https:\/\/granada.salesianos.edu\/colegio\/blog\/campana-de-navidad-operacion-kilo-como-camino-de-solidaridad\/\" \/>\n<meta property=\"og:site_name\" content=\"Colegio Salesiano\" \/>\n<meta property=\"article:publisher\" content=\"https:\/\/www.facebook.com\/SalesianosGR\/\" \/>\n<meta property=\"article:published_time\" content=\"2022-12-13T13:25:36+00:00\" \/>\n<meta property=\"article:modified_time\" content=\"2022-12-13T13:25:41+00:00\" \/>\n<meta property=\"og:image\" content=\"https:\/\/granada.salesianos.edu\/colegio\/wp-content\/uploads\/sites\/2\/2022\/12\/WhatsApp-Image-2021-12-21-at-13.23.55.jpeg\" \/>\n\t<meta property=\"og:image:width\" content=\"1600\" \/>\n\t<meta property=\"og:image:height\" content=\"1200\" \/>\n\t<meta property=\"og:image:type\" content=\"image\/jpeg\" \/>\n<meta name=\"author\" content=\"Gestor Web\" \/>\n<meta name=\"twitter:card\" content=\"summary_large_image\" \/>\n<meta name=\"twitter:creator\" content=\"@GranadaSDB\" \/>\n<meta name=\"twitter:site\" content=\"@GranadaSDB\" \/>\n<meta name=\"twitter:label1\" content=\"Escrito por\" \/>\n\t<meta name=\"twitter:data1\" content=\"Gestor Web\" \/>\n\t<meta name=\"twitter:label2\" content=\"Tiempo de lectura\" \/>\n\t<meta name=\"twitter:data2\" content=\"2 minutos\" \/>\n<script type=\"application\/ld+json\" class=\"yoast-schema-graph\">{\"@context\":\"https:\\\/\\\/schema.org\",\"@graph\":[{\"@type\":\"Article\",\"@id\":\"https:\\\/\\\/granada.salesianos.edu\\\/colegio\\\/blog\\\/campana-de-navidad-operacion-kilo-como-camino-de-solidaridad\\\/#article\",\"isPartOf\":{\"@id\":\"https:\\\/\\\/granada.salesianos.edu\\\/colegio\\\/blog\\\/campana-de-navidad-operacion-kilo-como-camino-de-solidaridad\\\/\"},\"author\":{\"name\":\"Gestor Web\",\"@id\":\"https:\\\/\\\/granada.salesianos.edu\\\/colegio\\\/#\\\/schema\\\/person\\\/6392ff2e4bd1e66981d6eab734bbd962\"},\"headline\":\"CAMPA\u00d1A DE NAVIDAD. OPERACI\u00d3N KILO como CAMINO DE SOLIDARIDAD\",\"datePublished\":\"2022-12-13T13:25:36+00:00\",\"dateModified\":\"2022-12-13T13:25:41+00:00\",\"mainEntityOfPage\":{\"@id\":\"https:\\\/\\\/granada.salesianos.edu\\\/colegio\\\/blog\\\/campana-de-navidad-operacion-kilo-como-camino-de-solidaridad\\\/\"},\"wordCount\":381,\"commentCount\":0,\"publisher\":{\"@id\":\"https:\\\/\\\/granada.salesianos.edu\\\/colegio\\\/#organization\"},\"image\":{\"@id\":\"https:\\\/\\\/granada.salesianos.edu\\\/colegio\\\/blog\\\/campana-de-navidad-operacion-kilo-como-camino-de-solidaridad\\\/#primaryimage\"},\"thumbnailUrl\":\"https:\\\/\\\/granada.salesianos.edu\\\/colegio\\\/wp-content\\\/uploads\\\/sites\\\/2\\\/2022\\\/12\\\/WhatsApp-Image-2021-12-21-at-13.23.55.jpeg\",\"articleSection\":[\"Colegio\",\"Fundaci\u00f3n Don Bosco\",\"Iglesia\",\"Pastoral\",\"Portada\",\"Uncategorized\"],\"inLanguage\":\"es\",\"potentialAction\":[{\"@type\":\"CommentAction\",\"name\":\"Comment\",\"target\":[\"https:\\\/\\\/granada.salesianos.edu\\\/colegio\\\/blog\\\/campana-de-navidad-operacion-kilo-como-camino-de-solidaridad\\\/#respond\"]}]},{\"@type\":\"WebPage\",\"@id\":\"https:\\\/\\\/granada.salesianos.edu\\\/colegio\\\/blog\\\/campana-de-navidad-operacion-kilo-como-camino-de-solidaridad\\\/\",\"url\":\"https:\\\/\\\/granada.salesianos.edu\\\/colegio\\\/blog\\\/campana-de-navidad-operacion-kilo-como-camino-de-solidaridad\\\/\",\"name\":\"CAMPA\u00d1A DE NAVIDAD. OPERACI\u00d3N KILO como CAMINO DE SOLIDARIDAD - Colegio Salesiano\",\"isPartOf\":{\"@id\":\"https:\\\/\\\/granada.salesianos.edu\\\/colegio\\\/#website\"},\"primaryImageOfPage\":{\"@id\":\"https:\\\/\\\/granada.salesianos.edu\\\/colegio\\\/blog\\\/campana-de-navidad-operacion-kilo-como-camino-de-solidaridad\\\/#primaryimage\"},\"image\":{\"@id\":\"https:\\\/\\\/granada.salesianos.edu\\\/colegio\\\/blog\\\/campana-de-navidad-operacion-kilo-como-camino-de-solidaridad\\\/#primaryimage\"},\"thumbnailUrl\":\"https:\\\/\\\/granada.salesianos.edu\\\/colegio\\\/wp-content\\\/uploads\\\/sites\\\/2\\\/2022\\\/12\\\/WhatsApp-Image-2021-12-21-at-13.23.55.jpeg\",\"datePublished\":\"2022-12-13T13:25:36+00:00\",\"dateModified\":\"2022-12-13T13:25:41+00:00\",\"description\":\"CAMPA\u00d1A DE NAVIDAD. OPERACI\u00d3N KILO como CAMINO DE SOLIDARIDAD durante los d\u00edas 13 a 17 de diciembre\",\"breadcrumb\":{\"@id\":\"https:\\\/\\\/granada.salesianos.edu\\\/colegio\\\/blog\\\/campana-de-navidad-operacion-kilo-como-camino-de-solidaridad\\\/#breadcrumb\"},\"inLanguage\":\"es\",\"potentialAction\":[{\"@type\":\"ReadAction\",\"target\":[\"https:\\\/\\\/granada.salesianos.edu\\\/colegio\\\/blog\\\/campana-de-navidad-operacion-kilo-como-camino-de-solidaridad\\\/\"]}]},{\"@type\":\"ImageObject\",\"inLanguage\":\"es\",\"@id\":\"https:\\\/\\\/granada.salesianos.edu\\\/colegio\\\/blog\\\/campana-de-navidad-operacion-kilo-como-camino-de-solidaridad\\\/#primaryimage\",\"url\":\"https:\\\/\\\/granada.salesianos.edu\\\/colegio\\\/wp-content\\\/uploads\\\/sites\\\/2\\\/2022\\\/12\\\/WhatsApp-Image-2021-12-21-at-13.23.55.jpeg\",\"contentUrl\":\"https:\\\/\\\/granada.salesianos.edu\\\/colegio\\\/wp-content\\\/uploads\\\/sites\\\/2\\\/2022\\\/12\\\/WhatsApp-Image-2021-12-21-at-13.23.55.jpeg\",\"width\":1600,\"height\":1200},{\"@type\":\"BreadcrumbList\",\"@id\":\"https:\\\/\\\/granada.salesianos.edu\\\/colegio\\\/blog\\\/campana-de-navidad-operacion-kilo-como-camino-de-solidaridad\\\/#breadcrumb\",\"itemListElement\":[{\"@type\":\"ListItem\",\"position\":1,\"name\":\"Portada\",\"item\":\"https:\\\/\\\/granada.salesianos.edu\\\/colegio\\\/\"},{\"@type\":\"ListItem\",\"position\":2,\"name\":\"CAMPA\u00d1A DE NAVIDAD. OPERACI\u00d3N KILO como CAMINO DE SOLIDARIDAD\"}]},{\"@type\":\"WebSite\",\"@id\":\"https:\\\/\\\/granada.salesianos.edu\\\/colegio\\\/#website\",\"url\":\"https:\\\/\\\/granada.salesianos.edu\\\/colegio\\\/\",\"name\":\"Colegio Salesiano\",\"description\":\"P\u00e1gina oficial de Salesianos Granada San Juan Bosco\",\"publisher\":{\"@id\":\"https:\\\/\\\/granada.salesianos.edu\\\/colegio\\\/#organization\"},\"potentialAction\":[{\"@type\":\"SearchAction\",\"target\":{\"@type\":\"EntryPoint\",\"urlTemplate\":\"https:\\\/\\\/granada.salesianos.edu\\\/colegio\\\/?s={search_term_string}\"},\"query-input\":{\"@type\":\"PropertyValueSpecification\",\"valueRequired\":true,\"valueName\":\"search_term_string\"}}],\"inLanguage\":\"es\"},{\"@type\":\"Organization\",\"@id\":\"https:\\\/\\\/granada.salesianos.edu\\\/colegio\\\/#organization\",\"name\":\"Colegio Salesiano San Juan Bosco Granada\",\"url\":\"https:\\\/\\\/granada.salesianos.edu\\\/colegio\\\/\",\"logo\":{\"@type\":\"ImageObject\",\"inLanguage\":\"es\",\"@id\":\"https:\\\/\\\/granada.salesianos.edu\\\/colegio\\\/#\\\/schema\\\/logo\\\/image\\\/\",\"url\":\"https:\\\/\\\/granada.salesianos.edu\\\/colegio\\\/wp-content\\\/uploads\\\/sites\\\/2\\\/2021\\\/01\\\/GRANADAobraVN2.jpg\",\"contentUrl\":\"https:\\\/\\\/granada.salesianos.edu\\\/colegio\\\/wp-content\\\/uploads\\\/sites\\\/2\\\/2021\\\/01\\\/GRANADAobraVN2.jpg\",\"width\":2113,\"height\":1894,\"caption\":\"Colegio Salesiano San Juan Bosco Granada\"},\"image\":{\"@id\":\"https:\\\/\\\/granada.salesianos.edu\\\/colegio\\\/#\\\/schema\\\/logo\\\/image\\\/\"},\"sameAs\":[\"https:\\\/\\\/www.facebook.com\\\/SalesianosGR\\\/\",\"https:\\\/\\\/x.com\\\/GranadaSDB\",\"https:\\\/\\\/www.instagram.com\\\/salesianosgranada\\\/\",\"https:\\\/\\\/www.youtube.com\\\/channel\\\/UChkpZuhCf4Y5rYIcFT3CNxw?view_as=subscriber\"]},{\"@type\":\"Person\",\"@id\":\"https:\\\/\\\/granada.salesianos.edu\\\/colegio\\\/#\\\/schema\\\/person\\\/6392ff2e4bd1e66981d6eab734bbd962\",\"name\":\"Gestor Web\",\"image\":{\"@type\":\"ImageObject\",\"inLanguage\":\"es\",\"@id\":\"https:\\\/\\\/secure.gravatar.com\\\/avatar\\\/160666bb56a01520857079961a824af2b7821d6bad80677c80f2b473fceead1b?s=96&d=mm&r=g\",\"url\":\"https:\\\/\\\/secure.gravatar.com\\\/avatar\\\/160666bb56a01520857079961a824af2b7821d6bad80677c80f2b473fceead1b?s=96&d=mm&r=g\",\"contentUrl\":\"https:\\\/\\\/secure.gravatar.com\\\/avatar\\\/160666bb56a01520857079961a824af2b7821d6bad80677c80f2b473fceead1b?s=96&d=mm&r=g\",\"caption\":\"Gestor Web\"}}]}<\/script>\n<!-- \/ Yoast SEO plugin. -->","yoast_head_json":{"title":"CAMPA\u00d1A DE NAVIDAD. OPERACI\u00d3N KILO como CAMINO DE SOLIDARIDAD - Colegio Salesiano","description":"CAMPA\u00d1A DE NAVIDAD. OPERACI\u00d3N KILO como CAMINO DE SOLIDARIDAD durante los d\u00edas 13 a 17 de diciembre","robots":{"index":"index","follow":"follow","max-snippet":"max-snippet:-1","max-image-preview":"max-image-preview:large","max-video-preview":"max-video-preview:-1"},"canonical":"https:\/\/granada.salesianos.edu\/colegio\/blog\/campana-de-navidad-operacion-kilo-como-camino-de-solidaridad\/","og_locale":"es_ES","og_type":"article","og_title":"CAMPA\u00d1A DE NAVIDAD. OPERACI\u00d3N KILO como CAMINO DE SOLIDARIDAD - Colegio Salesiano","og_description":"CAMPA\u00d1A DE NAVIDAD. OPERACI\u00d3N KILO como CAMINO DE SOLIDARIDAD durante los d\u00edas 13 a 17 de diciembre","og_url":"https:\/\/granada.salesianos.edu\/colegio\/blog\/campana-de-navidad-operacion-kilo-como-camino-de-solidaridad\/","og_site_name":"Colegio Salesiano","article_publisher":"https:\/\/www.facebook.com\/SalesianosGR\/","article_published_time":"2022-12-13T13:25:36+00:00","article_modified_time":"2022-12-13T13:25:41+00:00","og_image":[{"width":1600,"height":1200,"url":"https:\/\/granada.salesianos.edu\/colegio\/wp-content\/uploads\/sites\/2\/2022\/12\/WhatsApp-Image-2021-12-21-at-13.23.55.jpeg","type":"image\/jpeg"}],"author":"Gestor Web","twitter_card":"summary_large_image","twitter_creator":"@GranadaSDB","twitter_site":"@GranadaSDB","twitter_misc":{"Escrito por":"Gestor Web","Tiempo de lectura":"2 minutos"},"schema":{"@context":"https:\/\/schema.org","@graph":[{"@type":"Article","@id":"https:\/\/granada.salesianos.edu\/colegio\/blog\/campana-de-navidad-operacion-kilo-como-camino-de-solidaridad\/#article","isPartOf":{"@id":"https:\/\/granada.salesianos.edu\/colegio\/blog\/campana-de-navidad-operacion-kilo-como-camino-de-solidaridad\/"},"author":{"name":"Gestor Web","@id":"https:\/\/granada.salesianos.edu\/colegio\/#\/schema\/person\/6392ff2e4bd1e66981d6eab734bbd962"},"headline":"CAMPA\u00d1A DE NAVIDAD. OPERACI\u00d3N KILO como CAMINO DE SOLIDARIDAD","datePublished":"2022-12-13T13:25:36+00:00","dateModified":"2022-12-13T13:25:41+00:00","mainEntityOfPage":{"@id":"https:\/\/granada.salesianos.edu\/colegio\/blog\/campana-de-navidad-operacion-kilo-como-camino-de-solidaridad\/"},"wordCount":381,"commentCount":0,"publisher":{"@id":"https:\/\/granada.salesianos.edu\/colegio\/#organization"},"image":{"@id":"https:\/\/granada.salesianos.edu\/colegio\/blog\/campana-de-navidad-operacion-kilo-como-camino-de-solidaridad\/#primaryimage"},"thumbnailUrl":"https:\/\/granada.salesianos.edu\/colegio\/wp-content\/uploads\/sites\/2\/2022\/12\/WhatsApp-Image-2021-12-21-at-13.23.55.jpeg","articleSection":["Colegio","Fundaci\u00f3n Don Bosco","Iglesia","Pastoral","Portada","Uncategorized"],"inLanguage":"es","potentialAction":[{"@type":"CommentAction","name":"Comment","target":["https:\/\/granada.salesianos.edu\/colegio\/blog\/campana-de-navidad-operacion-kilo-como-camino-de-solidaridad\/#respond"]}]},{"@type":"WebPage","@id":"https:\/\/granada.salesianos.edu\/colegio\/blog\/campana-de-navidad-operacion-kilo-como-camino-de-solidaridad\/","url":"https:\/\/granada.salesianos.edu\/colegio\/blog\/campana-de-navidad-operacion-kilo-como-camino-de-solidaridad\/","name":"CAMPA\u00d1A DE NAVIDAD. OPERACI\u00d3N KILO como CAMINO DE SOLIDARIDAD - Colegio Salesiano","isPartOf":{"@id":"https:\/\/granada.salesianos.edu\/colegio\/#website"},"primaryImageOfPage":{"@id":"https:\/\/granada.salesianos.edu\/colegio\/blog\/campana-de-navidad-operacion-kilo-como-camino-de-solidaridad\/#primaryimage"},"image":{"@id":"https:\/\/granada.salesianos.edu\/colegio\/blog\/campana-de-navidad-operacion-kilo-como-camino-de-solidaridad\/#primaryimage"},"thumbnailUrl":"https:\/\/granada.salesianos.edu\/colegio\/wp-content\/uploads\/sites\/2\/2022\/12\/WhatsApp-Image-2021-12-21-at-13.23.55.jpeg","datePublished":"2022-12-13T13:25:36+00:00","dateModified":"2022-12-13T13:25:41+00:00","description":"CAMPA\u00d1A DE NAVIDAD. OPERACI\u00d3N KILO como CAMINO DE SOLIDARIDAD durante los d\u00edas 13 a 17 de diciembre","breadcrumb":{"@id":"https:\/\/granada.salesianos.edu\/colegio\/blog\/campana-de-navidad-operacion-kilo-como-camino-de-solidaridad\/#breadcrumb"},"inLanguage":"es","potentialAction":[{"@type":"ReadAction","target":["https:\/\/granada.salesianos.edu\/colegio\/blog\/campana-de-navidad-operacion-kilo-como-camino-de-solidaridad\/"]}]},{"@type":"ImageObject","inLanguage":"es","@id":"https:\/\/granada.salesianos.edu\/colegio\/blog\/campana-de-navidad-operacion-kilo-como-camino-de-solidaridad\/#primaryimage","url":"https:\/\/granada.salesianos.edu\/colegio\/wp-content\/uploads\/sites\/2\/2022\/12\/WhatsApp-Image-2021-12-21-at-13.23.55.jpeg","contentUrl":"https:\/\/granada.salesianos.edu\/colegio\/wp-content\/uploads\/sites\/2\/2022\/12\/WhatsApp-Image-2021-12-21-at-13.23.55.jpeg","width":1600,"height":1200},{"@type":"BreadcrumbList","@id":"https:\/\/granada.salesianos.edu\/colegio\/blog\/campana-de-navidad-operacion-kilo-como-camino-de-solidaridad\/#breadcrumb","itemListElement":[{"@type":"ListItem","position":1,"name":"Portada","item":"https:\/\/granada.salesianos.edu\/colegio\/"},{"@type":"ListItem","position":2,"name":"CAMPA\u00d1A DE NAVIDAD. OPERACI\u00d3N KILO como CAMINO DE SOLIDARIDAD"}]},{"@type":"WebSite","@id":"https:\/\/granada.salesianos.edu\/colegio\/#website","url":"https:\/\/granada.salesianos.edu\/colegio\/","name":"Colegio Salesiano","description":"P\u00e1gina oficial de Salesianos Granada San Juan Bosco","publisher":{"@id":"https:\/\/granada.salesianos.edu\/colegio\/#organization"},"potentialAction":[{"@type":"SearchAction","target":{"@type":"EntryPoint","urlTemplate":"https:\/\/granada.salesianos.edu\/colegio\/?s={search_term_string}"},"query-input":{"@type":"PropertyValueSpecification","valueRequired":true,"valueName":"search_term_string"}}],"inLanguage":"es"},{"@type":"Organization","@id":"https:\/\/granada.salesianos.edu\/colegio\/#organization","name":"Colegio Salesiano San Juan Bosco Granada","url":"https:\/\/granada.salesianos.edu\/colegio\/","logo":{"@type":"ImageObject","inLanguage":"es","@id":"https:\/\/granada.salesianos.edu\/colegio\/#\/schema\/logo\/image\/","url":"https:\/\/granada.salesianos.edu\/colegio\/wp-content\/uploads\/sites\/2\/2021\/01\/GRANADAobraVN2.jpg","contentUrl":"https:\/\/granada.salesianos.edu\/colegio\/wp-content\/uploads\/sites\/2\/2021\/01\/GRANADAobraVN2.jpg","width":2113,"height":1894,"caption":"Colegio Salesiano San Juan Bosco Granada"},"image":{"@id":"https:\/\/granada.salesianos.edu\/colegio\/#\/schema\/logo\/image\/"},"sameAs":["https:\/\/www.facebook.com\/SalesianosGR\/","https:\/\/x.com\/GranadaSDB","https:\/\/www.instagram.com\/salesianosgranada\/","https:\/\/www.youtube.com\/channel\/UChkpZuhCf4Y5rYIcFT3CNxw?view_as=subscriber"]},{"@type":"Person","@id":"https:\/\/granada.salesianos.edu\/colegio\/#\/schema\/person\/6392ff2e4bd1e66981d6eab734bbd962","name":"Gestor Web","image":{"@type":"ImageObject","inLanguage":"es","@id":"https:\/\/secure.gravatar.com\/avatar\/160666bb56a01520857079961a824af2b7821d6bad80677c80f2b473fceead1b?s=96&d=mm&r=g","url":"https:\/\/secure.gravatar.com\/avatar\/160666bb56a01520857079961a824af2b7821d6bad80677c80f2b473fceead1b?s=96&d=mm&r=g","contentUrl":"https:\/\/secure.gravatar.com\/avatar\/160666bb56a01520857079961a824af2b7821d6bad80677c80f2b473fceead1b?s=96&d=mm&r=g","caption":"Gestor Web"}}]}},"_links":{"self":[{"href":"https:\/\/granada.salesianos.edu\/colegio\/wp-json\/wp\/v2\/posts\/16343","targetHints":{"allow":["GET"]}}],"collection":[{"href":"https:\/\/granada.salesianos.edu\/colegio\/wp-json\/wp\/v2\/posts"}],"about":[{"href":"https:\/\/granada.salesianos.edu\/colegio\/wp-json\/wp\/v2\/types\/post"}],"author":[{"embeddable":true,"href":"https:\/\/granada.salesianos.edu\/colegio\/wp-json\/wp\/v2\/users\/2"}],"replies":[{"embeddable":true,"href":"https:\/\/granada.salesianos.edu\/colegio\/wp-json\/wp\/v2\/comments?post=16343"}],"version-history":[{"count":2,"href":"https:\/\/granada.salesianos.edu\/colegio\/wp-json\/wp\/v2\/posts\/16343\/revisions"}],"predecessor-version":[{"id":16346,"href":"https:\/\/granada.salesianos.edu\/colegio\/wp-json\/wp\/v2\/posts\/16343\/revisions\/16346"}],"wp:featuredmedia":[{"embeddable":true,"href":"https:\/\/granada.salesianos.edu\/colegio\/wp-json\/wp\/v2\/media\/16342"}],"wp:attachment":[{"href":"https:\/\/granada.salesianos.edu\/colegio\/wp-json\/wp\/v2\/media?parent=16343"}],"wp:term":[{"taxonomy":"category","embeddable":true,"href":"https:\/\/granada.salesianos.edu\/colegio\/wp-json\/wp\/v2\/categories?post=16343"},{"taxonomy":"post_tag","embeddable":true,"href":"https:\/\/granada.salesianos.edu\/colegio\/wp-json\/wp\/v2\/tags?post=16343"}],"curies":[{"name":"wp","href":"https:\/\/api.w.org\/{rel}","templated":true}]}}