{"id":16410,"date":"2023-01-19T00:15:04","date_gmt":"2023-01-18T22:15:04","guid":{"rendered":"https:\/\/granada.salesianos.edu\/colegio\/?p=16410"},"modified":"2023-01-19T00:16:31","modified_gmt":"2023-01-18T22:16:31","slug":"actividadesdenuestroalumnadodeartesescenicas","status":"publish","type":"post","link":"https:\/\/granada.salesianos.edu\/colegio\/blog\/actividadesdenuestroalumnadodeartesescenicas\/","title":{"rendered":"Actividades de nuestro alumnado de Artes Esc\u00e9nicas"},"content":{"rendered":"<div id=\"fb-root\"><\/div>\n<p>Este trimestre de Artes esc\u00e9nicas, los chicos de cuarto han podido hacer distintas actividades muy educativas e intensas, junto con la representaci\u00f3n de la Bella y la Bestia que han representado para los alumnos de 3, 4 y 5 a\u00f1os. Desde estas l\u00edneas queremos agradecer el gran trabajo de nuestras Se\u00f1os de infantil y a los m\u00e1s peques por los Christmas que le regalaron a nuestro alumnos de Artes Esc\u00e9nicas.<\/p>\n<p>Nuestros alumnos han pasado por el conocimiento de las distintas tipolog\u00edas teatrales: teatro musical, teatro de voz, teatro gestual, teatro de objetos\u2026 y han disfrutado de talleres con grandes profesionales como @napuerta o @antuamdelacream. Asimismo, han tenido taller de autoestima y educaci\u00f3n emocional con la psic\u00f3loga y actriz Carmen Le\u00f3n Lopa.<\/p>\n<p>Est\u00e1n creciendo y madurando mucho a trav\u00e9s de la materia. Tanto, que son s\u00faper capaces de elaborar r\u00fabricas, impartir talleres entre compa\u00f1eros e incluso evaluarse, en algunos casos, unos a otros.<\/p>\n<p><img loading=\"lazy\" decoding=\"async\" class=\"alignnone size-thumbnail wp-image-63408\" src=\"https:\/\/granada.salesianos.edu\/wp-content\/uploads\/2022\/12\/Bella-y-Bestia-4-150x150.jpg\" alt=\"\" width=\"150\" height=\"150\" \/> <img loading=\"lazy\" decoding=\"async\" class=\"alignnone size-thumbnail wp-image-63409\" src=\"https:\/\/granada.salesianos.edu\/wp-content\/uploads\/2022\/12\/Bella-y-Bestia-9-150x150.jpg\" alt=\"\" width=\"150\" height=\"150\" \/> <img loading=\"lazy\" decoding=\"async\" class=\"alignnone size-thumbnail wp-image-63415\" src=\"https:\/\/granada.salesianos.edu\/wp-content\/uploads\/2022\/12\/Bella-y-la-Bestia2-150x150.jpg\" alt=\"\" width=\"150\" height=\"150\" \/> <img loading=\"lazy\" decoding=\"async\" class=\"alignnone size-thumbnail wp-image-63414\" src=\"https:\/\/granada.salesianos.edu\/wp-content\/uploads\/2022\/12\/Bella-y-la-Bestia1-150x150.jpg\" alt=\"\" width=\"150\" height=\"150\" \/> <img loading=\"lazy\" decoding=\"async\" class=\"alignnone size-thumbnail wp-image-63413\" src=\"https:\/\/granada.salesianos.edu\/wp-content\/uploads\/2022\/12\/Bella-y-Bestia8-150x150.jpg\" alt=\"\" width=\"150\" height=\"150\" \/> <img loading=\"lazy\" decoding=\"async\" class=\"alignnone size-thumbnail wp-image-63412\" src=\"https:\/\/granada.salesianos.edu\/wp-content\/uploads\/2022\/12\/Bella-y-Bestia7-150x150.jpg\" alt=\"\" width=\"150\" height=\"150\" \/> <img loading=\"lazy\" decoding=\"async\" class=\"alignnone size-thumbnail wp-image-63411\" src=\"https:\/\/granada.salesianos.edu\/wp-content\/uploads\/2022\/12\/Bella-y-bestia6-150x150.jpg\" alt=\"\" width=\"150\" height=\"150\" \/> <img loading=\"lazy\" decoding=\"async\" class=\"alignnone size-thumbnail wp-image-63410\" src=\"https:\/\/granada.salesianos.edu\/wp-content\/uploads\/2022\/12\/Bella-y-Bestia5-150x150.jpg\" alt=\"\" width=\"150\" height=\"150\" \/> <img loading=\"lazy\" decoding=\"async\" class=\"alignnone size-thumbnail wp-image-63407\" src=\"https:\/\/granada.salesianos.edu\/wp-content\/uploads\/2022\/12\/Bella-y-Bestia-3-150x150.jpg\" alt=\"\" width=\"150\" height=\"150\" \/> <img loading=\"lazy\" decoding=\"async\" class=\"alignnone size-thumbnail wp-image-63416\" src=\"https:\/\/granada.salesianos.edu\/wp-content\/uploads\/2022\/12\/Christmas-regalados-150x150.jpg\" alt=\"\" width=\"150\" height=\"150\" \/>Adem\u00e1s, han elaborado maravillosos documentales sobre las Artes esc\u00e9nicas y nos han deleitado con una actuaci\u00f3n de m\u00e9rito el D\u00eda de la Bandera. \u00a1Os seguiremos contando!<\/p>\n","protected":false},"excerpt":{"rendered":"<p>Este trimestre de Artes esc\u00e9nicas, los chicos de cuarto han podido hacer distintas actividades muy educativas e intensas, junto con la representaci\u00f3n de la Bella y la Bestia que han representado para los alumnos de 3, 4 y 5 a\u00f1os. Desde estas l\u00edneas queremos agradecer el gran trabajo de nuestras Se\u00f1os de infantil y a [&hellip;]<\/p>\n","protected":false},"author":2,"featured_media":16411,"comment_status":"open","ping_status":"open","sticky":false,"template":"","format":"standard","meta":{"_et_pb_use_builder":"off","_et_pb_old_content":"","_et_gb_content_width":"","footnotes":""},"categories":[11,19,26,12],"tags":[32,33],"class_list":["post-16410","post","type-post","status-publish","format-standard","has-post-thumbnail","hentry","category-colegio","category-eso","category-infantil","category-portada","tag-alumnado","tag-artes-escenicas"],"yoast_head":"<!-- This site is optimized with the Yoast SEO plugin v28.4 - https:\/\/yoast.com\/product\/yoast-seo-wordpress\/ -->\n<title>Actividades de nuestro alumnado de Artes Esc\u00e9nicas - Colegio Salesiano<\/title>\n<meta name=\"description\" content=\"Este trimestre de Artes esc\u00e9nicas, los chicos de cuarto han podido hacer distintas actividades muy educativas e intensas, junto con la representaci\u00f3n de la Bella y la Bestia que han representado para los alumnos de 3, 4 y 5 a\u00f1os. Desde estas l\u00edneas queremos agradecer el gran trabajo de nuestras Se\u00f1os de infantil y a los m\u00e1s peques por los Christmas que le regalaron a nuestro alumnos de Artes Esc\u00e9nicas.\" \/>\n<meta name=\"robots\" content=\"index, follow, max-snippet:-1, max-image-preview:large, max-video-preview:-1\" \/>\n<link rel=\"canonical\" href=\"https:\/\/granada.salesianos.edu\/colegio\/blog\/actividadesdenuestroalumnadodeartesescenicas\/\" \/>\n<meta property=\"og:locale\" content=\"es_ES\" \/>\n<meta property=\"og:type\" content=\"article\" \/>\n<meta property=\"og:title\" content=\"Actividades de nuestro alumnado de Artes Esc\u00e9nicas - Colegio Salesiano\" \/>\n<meta property=\"og:description\" content=\"Este trimestre de Artes esc\u00e9nicas, los chicos de cuarto han podido hacer distintas actividades muy educativas e intensas, junto con la representaci\u00f3n de la Bella y la Bestia que han representado para los alumnos de 3, 4 y 5 a\u00f1os. Desde estas l\u00edneas queremos agradecer el gran trabajo de nuestras Se\u00f1os de infantil y a los m\u00e1s peques por los Christmas que le regalaron a nuestro alumnos de Artes Esc\u00e9nicas.\" \/>\n<meta property=\"og:url\" content=\"https:\/\/granada.salesianos.edu\/colegio\/blog\/actividadesdenuestroalumnadodeartesescenicas\/\" \/>\n<meta property=\"og:site_name\" content=\"Colegio Salesiano\" \/>\n<meta property=\"article:publisher\" content=\"https:\/\/www.facebook.com\/SalesianosGR\/\" \/>\n<meta property=\"article:published_time\" content=\"2023-01-18T22:15:04+00:00\" \/>\n<meta property=\"article:modified_time\" content=\"2023-01-18T22:16:31+00:00\" \/>\n<meta property=\"og:image\" content=\"https:\/\/granada.salesianos.edu\/colegio\/wp-content\/uploads\/sites\/2\/2022\/12\/Bella-y-Bestia-4.jpg\" \/>\n\t<meta property=\"og:image:width\" content=\"1\" \/>\n\t<meta property=\"og:image:height\" content=\"1\" \/>\n\t<meta property=\"og:image:type\" content=\"image\/jpeg\" \/>\n<meta name=\"author\" content=\"Gestor Web\" \/>\n<meta name=\"twitter:card\" content=\"summary_large_image\" \/>\n<meta name=\"twitter:creator\" content=\"@GranadaSDB\" \/>\n<meta name=\"twitter:site\" content=\"@GranadaSDB\" \/>\n<meta name=\"twitter:label1\" content=\"Escrito por\" \/>\n\t<meta name=\"twitter:data1\" content=\"Gestor Web\" \/>\n\t<meta name=\"twitter:label2\" content=\"Tiempo de lectura\" \/>\n\t<meta name=\"twitter:data2\" content=\"3 minutos\" \/>\n<script type=\"application\/ld+json\" class=\"yoast-schema-graph\">{\"@context\":\"https:\\\/\\\/schema.org\",\"@graph\":[{\"@type\":\"Article\",\"@id\":\"https:\\\/\\\/granada.salesianos.edu\\\/colegio\\\/blog\\\/actividadesdenuestroalumnadodeartesescenicas\\\/#article\",\"isPartOf\":{\"@id\":\"https:\\\/\\\/granada.salesianos.edu\\\/colegio\\\/blog\\\/actividadesdenuestroalumnadodeartesescenicas\\\/\"},\"author\":{\"name\":\"Gestor Web\",\"@id\":\"https:\\\/\\\/granada.salesianos.edu\\\/colegio\\\/#\\\/schema\\\/person\\\/6392ff2e4bd1e66981d6eab734bbd962\"},\"headline\":\"Actividades de nuestro alumnado de Artes Esc\u00e9nicas\",\"datePublished\":\"2023-01-18T22:15:04+00:00\",\"dateModified\":\"2023-01-18T22:16:31+00:00\",\"mainEntityOfPage\":{\"@id\":\"https:\\\/\\\/granada.salesianos.edu\\\/colegio\\\/blog\\\/actividadesdenuestroalumnadodeartesescenicas\\\/\"},\"wordCount\":204,\"commentCount\":0,\"publisher\":{\"@id\":\"https:\\\/\\\/granada.salesianos.edu\\\/colegio\\\/#organization\"},\"image\":{\"@id\":\"https:\\\/\\\/granada.salesianos.edu\\\/colegio\\\/blog\\\/actividadesdenuestroalumnadodeartesescenicas\\\/#primaryimage\"},\"thumbnailUrl\":\"https:\\\/\\\/granada.salesianos.edu\\\/colegio\\\/wp-content\\\/uploads\\\/sites\\\/2\\\/2022\\\/12\\\/Bella-y-Bestia-4.jpg\",\"keywords\":[\"alumnado\",\"Artes Esc\u00e9nicas\"],\"articleSection\":[\"Colegio\",\"ESO\",\"Infantil\",\"Portada\"],\"inLanguage\":\"es\",\"potentialAction\":[{\"@type\":\"CommentAction\",\"name\":\"Comment\",\"target\":[\"https:\\\/\\\/granada.salesianos.edu\\\/colegio\\\/blog\\\/actividadesdenuestroalumnadodeartesescenicas\\\/#respond\"]}]},{\"@type\":\"WebPage\",\"@id\":\"https:\\\/\\\/granada.salesianos.edu\\\/colegio\\\/blog\\\/actividadesdenuestroalumnadodeartesescenicas\\\/\",\"url\":\"https:\\\/\\\/granada.salesianos.edu\\\/colegio\\\/blog\\\/actividadesdenuestroalumnadodeartesescenicas\\\/\",\"name\":\"Actividades de nuestro alumnado de Artes Esc\u00e9nicas - Colegio Salesiano\",\"isPartOf\":{\"@id\":\"https:\\\/\\\/granada.salesianos.edu\\\/colegio\\\/#website\"},\"primaryImageOfPage\":{\"@id\":\"https:\\\/\\\/granada.salesianos.edu\\\/colegio\\\/blog\\\/actividadesdenuestroalumnadodeartesescenicas\\\/#primaryimage\"},\"image\":{\"@id\":\"https:\\\/\\\/granada.salesianos.edu\\\/colegio\\\/blog\\\/actividadesdenuestroalumnadodeartesescenicas\\\/#primaryimage\"},\"thumbnailUrl\":\"https:\\\/\\\/granada.salesianos.edu\\\/colegio\\\/wp-content\\\/uploads\\\/sites\\\/2\\\/2022\\\/12\\\/Bella-y-Bestia-4.jpg\",\"datePublished\":\"2023-01-18T22:15:04+00:00\",\"dateModified\":\"2023-01-18T22:16:31+00:00\",\"description\":\"Este trimestre de Artes esc\u00e9nicas, los chicos de cuarto han podido hacer distintas actividades muy educativas e intensas, junto con la representaci\u00f3n de la Bella y la Bestia que han representado para los alumnos de 3, 4 y 5 a\u00f1os. Desde estas l\u00edneas queremos agradecer el gran trabajo de nuestras Se\u00f1os de infantil y a los m\u00e1s peques por los Christmas que le regalaron a nuestro alumnos de Artes Esc\u00e9nicas.\",\"breadcrumb\":{\"@id\":\"https:\\\/\\\/granada.salesianos.edu\\\/colegio\\\/blog\\\/actividadesdenuestroalumnadodeartesescenicas\\\/#breadcrumb\"},\"inLanguage\":\"es\",\"potentialAction\":[{\"@type\":\"ReadAction\",\"target\":[\"https:\\\/\\\/granada.salesianos.edu\\\/colegio\\\/blog\\\/actividadesdenuestroalumnadodeartesescenicas\\\/\"]}]},{\"@type\":\"ImageObject\",\"inLanguage\":\"es\",\"@id\":\"https:\\\/\\\/granada.salesianos.edu\\\/colegio\\\/blog\\\/actividadesdenuestroalumnadodeartesescenicas\\\/#primaryimage\",\"url\":\"https:\\\/\\\/granada.salesianos.edu\\\/colegio\\\/wp-content\\\/uploads\\\/sites\\\/2\\\/2022\\\/12\\\/Bella-y-Bestia-4.jpg\",\"contentUrl\":\"https:\\\/\\\/granada.salesianos.edu\\\/colegio\\\/wp-content\\\/uploads\\\/sites\\\/2\\\/2022\\\/12\\\/Bella-y-Bestia-4.jpg\"},{\"@type\":\"BreadcrumbList\",\"@id\":\"https:\\\/\\\/granada.salesianos.edu\\\/colegio\\\/blog\\\/actividadesdenuestroalumnadodeartesescenicas\\\/#breadcrumb\",\"itemListElement\":[{\"@type\":\"ListItem\",\"position\":1,\"name\":\"Portada\",\"item\":\"https:\\\/\\\/granada.salesianos.edu\\\/colegio\\\/\"},{\"@type\":\"ListItem\",\"position\":2,\"name\":\"Actividades de nuestro alumnado de Artes Esc\u00e9nicas\"}]},{\"@type\":\"WebSite\",\"@id\":\"https:\\\/\\\/granada.salesianos.edu\\\/colegio\\\/#website\",\"url\":\"https:\\\/\\\/granada.salesianos.edu\\\/colegio\\\/\",\"name\":\"Colegio Salesiano\",\"description\":\"P\u00e1gina oficial de Salesianos Granada San Juan Bosco\",\"publisher\":{\"@id\":\"https:\\\/\\\/granada.salesianos.edu\\\/colegio\\\/#organization\"},\"potentialAction\":[{\"@type\":\"SearchAction\",\"target\":{\"@type\":\"EntryPoint\",\"urlTemplate\":\"https:\\\/\\\/granada.salesianos.edu\\\/colegio\\\/?s={search_term_string}\"},\"query-input\":{\"@type\":\"PropertyValueSpecification\",\"valueRequired\":true,\"valueName\":\"search_term_string\"}}],\"inLanguage\":\"es\"},{\"@type\":\"Organization\",\"@id\":\"https:\\\/\\\/granada.salesianos.edu\\\/colegio\\\/#organization\",\"name\":\"Colegio Salesiano San Juan Bosco Granada\",\"url\":\"https:\\\/\\\/granada.salesianos.edu\\\/colegio\\\/\",\"logo\":{\"@type\":\"ImageObject\",\"inLanguage\":\"es\",\"@id\":\"https:\\\/\\\/granada.salesianos.edu\\\/colegio\\\/#\\\/schema\\\/logo\\\/image\\\/\",\"url\":\"https:\\\/\\\/granada.salesianos.edu\\\/colegio\\\/wp-content\\\/uploads\\\/sites\\\/2\\\/2021\\\/01\\\/GRANADAobraVN2.jpg\",\"contentUrl\":\"https:\\\/\\\/granada.salesianos.edu\\\/colegio\\\/wp-content\\\/uploads\\\/sites\\\/2\\\/2021\\\/01\\\/GRANADAobraVN2.jpg\",\"width\":2113,\"height\":1894,\"caption\":\"Colegio Salesiano San Juan Bosco Granada\"},\"image\":{\"@id\":\"https:\\\/\\\/granada.salesianos.edu\\\/colegio\\\/#\\\/schema\\\/logo\\\/image\\\/\"},\"sameAs\":[\"https:\\\/\\\/www.facebook.com\\\/SalesianosGR\\\/\",\"https:\\\/\\\/x.com\\\/GranadaSDB\",\"https:\\\/\\\/www.instagram.com\\\/salesianosgranada\\\/\",\"https:\\\/\\\/www.youtube.com\\\/channel\\\/UChkpZuhCf4Y5rYIcFT3CNxw?view_as=subscriber\"]},{\"@type\":\"Person\",\"@id\":\"https:\\\/\\\/granada.salesianos.edu\\\/colegio\\\/#\\\/schema\\\/person\\\/6392ff2e4bd1e66981d6eab734bbd962\",\"name\":\"Gestor Web\",\"image\":{\"@type\":\"ImageObject\",\"inLanguage\":\"es\",\"@id\":\"https:\\\/\\\/secure.gravatar.com\\\/avatar\\\/160666bb56a01520857079961a824af2b7821d6bad80677c80f2b473fceead1b?s=96&d=mm&r=g\",\"url\":\"https:\\\/\\\/secure.gravatar.com\\\/avatar\\\/160666bb56a01520857079961a824af2b7821d6bad80677c80f2b473fceead1b?s=96&d=mm&r=g\",\"contentUrl\":\"https:\\\/\\\/secure.gravatar.com\\\/avatar\\\/160666bb56a01520857079961a824af2b7821d6bad80677c80f2b473fceead1b?s=96&d=mm&r=g\",\"caption\":\"Gestor Web\"}}]}<\/script>\n<!-- \/ Yoast SEO plugin. -->","yoast_head_json":{"title":"Actividades de nuestro alumnado de Artes Esc\u00e9nicas - Colegio Salesiano","description":"Este trimestre de Artes esc\u00e9nicas, los chicos de cuarto han podido hacer distintas actividades muy educativas e intensas, junto con la representaci\u00f3n de la Bella y la Bestia que han representado para los alumnos de 3, 4 y 5 a\u00f1os. Desde estas l\u00edneas queremos agradecer el gran trabajo de nuestras Se\u00f1os de infantil y a los m\u00e1s peques por los Christmas que le regalaron a nuestro alumnos de Artes Esc\u00e9nicas.","robots":{"index":"index","follow":"follow","max-snippet":"max-snippet:-1","max-image-preview":"max-image-preview:large","max-video-preview":"max-video-preview:-1"},"canonical":"https:\/\/granada.salesianos.edu\/colegio\/blog\/actividadesdenuestroalumnadodeartesescenicas\/","og_locale":"es_ES","og_type":"article","og_title":"Actividades de nuestro alumnado de Artes Esc\u00e9nicas - Colegio Salesiano","og_description":"Este trimestre de Artes esc\u00e9nicas, los chicos de cuarto han podido hacer distintas actividades muy educativas e intensas, junto con la representaci\u00f3n de la Bella y la Bestia que han representado para los alumnos de 3, 4 y 5 a\u00f1os. Desde estas l\u00edneas queremos agradecer el gran trabajo de nuestras Se\u00f1os de infantil y a los m\u00e1s peques por los Christmas que le regalaron a nuestro alumnos de Artes Esc\u00e9nicas.","og_url":"https:\/\/granada.salesianos.edu\/colegio\/blog\/actividadesdenuestroalumnadodeartesescenicas\/","og_site_name":"Colegio Salesiano","article_publisher":"https:\/\/www.facebook.com\/SalesianosGR\/","article_published_time":"2023-01-18T22:15:04+00:00","article_modified_time":"2023-01-18T22:16:31+00:00","og_image":[{"url":"https:\/\/granada.salesianos.edu\/colegio\/wp-content\/uploads\/sites\/2\/2022\/12\/Bella-y-Bestia-4.jpg","width":1,"height":1,"type":"image\/jpeg"}],"author":"Gestor Web","twitter_card":"summary_large_image","twitter_creator":"@GranadaSDB","twitter_site":"@GranadaSDB","twitter_misc":{"Escrito por":"Gestor Web","Tiempo de lectura":"3 minutos"},"schema":{"@context":"https:\/\/schema.org","@graph":[{"@type":"Article","@id":"https:\/\/granada.salesianos.edu\/colegio\/blog\/actividadesdenuestroalumnadodeartesescenicas\/#article","isPartOf":{"@id":"https:\/\/granada.salesianos.edu\/colegio\/blog\/actividadesdenuestroalumnadodeartesescenicas\/"},"author":{"name":"Gestor Web","@id":"https:\/\/granada.salesianos.edu\/colegio\/#\/schema\/person\/6392ff2e4bd1e66981d6eab734bbd962"},"headline":"Actividades de nuestro alumnado de Artes Esc\u00e9nicas","datePublished":"2023-01-18T22:15:04+00:00","dateModified":"2023-01-18T22:16:31+00:00","mainEntityOfPage":{"@id":"https:\/\/granada.salesianos.edu\/colegio\/blog\/actividadesdenuestroalumnadodeartesescenicas\/"},"wordCount":204,"commentCount":0,"publisher":{"@id":"https:\/\/granada.salesianos.edu\/colegio\/#organization"},"image":{"@id":"https:\/\/granada.salesianos.edu\/colegio\/blog\/actividadesdenuestroalumnadodeartesescenicas\/#primaryimage"},"thumbnailUrl":"https:\/\/granada.salesianos.edu\/colegio\/wp-content\/uploads\/sites\/2\/2022\/12\/Bella-y-Bestia-4.jpg","keywords":["alumnado","Artes Esc\u00e9nicas"],"articleSection":["Colegio","ESO","Infantil","Portada"],"inLanguage":"es","potentialAction":[{"@type":"CommentAction","name":"Comment","target":["https:\/\/granada.salesianos.edu\/colegio\/blog\/actividadesdenuestroalumnadodeartesescenicas\/#respond"]}]},{"@type":"WebPage","@id":"https:\/\/granada.salesianos.edu\/colegio\/blog\/actividadesdenuestroalumnadodeartesescenicas\/","url":"https:\/\/granada.salesianos.edu\/colegio\/blog\/actividadesdenuestroalumnadodeartesescenicas\/","name":"Actividades de nuestro alumnado de Artes Esc\u00e9nicas - Colegio Salesiano","isPartOf":{"@id":"https:\/\/granada.salesianos.edu\/colegio\/#website"},"primaryImageOfPage":{"@id":"https:\/\/granada.salesianos.edu\/colegio\/blog\/actividadesdenuestroalumnadodeartesescenicas\/#primaryimage"},"image":{"@id":"https:\/\/granada.salesianos.edu\/colegio\/blog\/actividadesdenuestroalumnadodeartesescenicas\/#primaryimage"},"thumbnailUrl":"https:\/\/granada.salesianos.edu\/colegio\/wp-content\/uploads\/sites\/2\/2022\/12\/Bella-y-Bestia-4.jpg","datePublished":"2023-01-18T22:15:04+00:00","dateModified":"2023-01-18T22:16:31+00:00","description":"Este trimestre de Artes esc\u00e9nicas, los chicos de cuarto han podido hacer distintas actividades muy educativas e intensas, junto con la representaci\u00f3n de la Bella y la Bestia que han representado para los alumnos de 3, 4 y 5 a\u00f1os. Desde estas l\u00edneas queremos agradecer el gran trabajo de nuestras Se\u00f1os de infantil y a los m\u00e1s peques por los Christmas que le regalaron a nuestro alumnos de Artes Esc\u00e9nicas.","breadcrumb":{"@id":"https:\/\/granada.salesianos.edu\/colegio\/blog\/actividadesdenuestroalumnadodeartesescenicas\/#breadcrumb"},"inLanguage":"es","potentialAction":[{"@type":"ReadAction","target":["https:\/\/granada.salesianos.edu\/colegio\/blog\/actividadesdenuestroalumnadodeartesescenicas\/"]}]},{"@type":"ImageObject","inLanguage":"es","@id":"https:\/\/granada.salesianos.edu\/colegio\/blog\/actividadesdenuestroalumnadodeartesescenicas\/#primaryimage","url":"https:\/\/granada.salesianos.edu\/colegio\/wp-content\/uploads\/sites\/2\/2022\/12\/Bella-y-Bestia-4.jpg","contentUrl":"https:\/\/granada.salesianos.edu\/colegio\/wp-content\/uploads\/sites\/2\/2022\/12\/Bella-y-Bestia-4.jpg"},{"@type":"BreadcrumbList","@id":"https:\/\/granada.salesianos.edu\/colegio\/blog\/actividadesdenuestroalumnadodeartesescenicas\/#breadcrumb","itemListElement":[{"@type":"ListItem","position":1,"name":"Portada","item":"https:\/\/granada.salesianos.edu\/colegio\/"},{"@type":"ListItem","position":2,"name":"Actividades de nuestro alumnado de Artes Esc\u00e9nicas"}]},{"@type":"WebSite","@id":"https:\/\/granada.salesianos.edu\/colegio\/#website","url":"https:\/\/granada.salesianos.edu\/colegio\/","name":"Colegio Salesiano","description":"P\u00e1gina oficial de Salesianos Granada San Juan Bosco","publisher":{"@id":"https:\/\/granada.salesianos.edu\/colegio\/#organization"},"potentialAction":[{"@type":"SearchAction","target":{"@type":"EntryPoint","urlTemplate":"https:\/\/granada.salesianos.edu\/colegio\/?s={search_term_string}"},"query-input":{"@type":"PropertyValueSpecification","valueRequired":true,"valueName":"search_term_string"}}],"inLanguage":"es"},{"@type":"Organization","@id":"https:\/\/granada.salesianos.edu\/colegio\/#organization","name":"Colegio Salesiano San Juan Bosco Granada","url":"https:\/\/granada.salesianos.edu\/colegio\/","logo":{"@type":"ImageObject","inLanguage":"es","@id":"https:\/\/granada.salesianos.edu\/colegio\/#\/schema\/logo\/image\/","url":"https:\/\/granada.salesianos.edu\/colegio\/wp-content\/uploads\/sites\/2\/2021\/01\/GRANADAobraVN2.jpg","contentUrl":"https:\/\/granada.salesianos.edu\/colegio\/wp-content\/uploads\/sites\/2\/2021\/01\/GRANADAobraVN2.jpg","width":2113,"height":1894,"caption":"Colegio Salesiano San Juan Bosco Granada"},"image":{"@id":"https:\/\/granada.salesianos.edu\/colegio\/#\/schema\/logo\/image\/"},"sameAs":["https:\/\/www.facebook.com\/SalesianosGR\/","https:\/\/x.com\/GranadaSDB","https:\/\/www.instagram.com\/salesianosgranada\/","https:\/\/www.youtube.com\/channel\/UChkpZuhCf4Y5rYIcFT3CNxw?view_as=subscriber"]},{"@type":"Person","@id":"https:\/\/granada.salesianos.edu\/colegio\/#\/schema\/person\/6392ff2e4bd1e66981d6eab734bbd962","name":"Gestor Web","image":{"@type":"ImageObject","inLanguage":"es","@id":"https:\/\/secure.gravatar.com\/avatar\/160666bb56a01520857079961a824af2b7821d6bad80677c80f2b473fceead1b?s=96&d=mm&r=g","url":"https:\/\/secure.gravatar.com\/avatar\/160666bb56a01520857079961a824af2b7821d6bad80677c80f2b473fceead1b?s=96&d=mm&r=g","contentUrl":"https:\/\/secure.gravatar.com\/avatar\/160666bb56a01520857079961a824af2b7821d6bad80677c80f2b473fceead1b?s=96&d=mm&r=g","caption":"Gestor Web"}}]}},"_links":{"self":[{"href":"https:\/\/granada.salesianos.edu\/colegio\/wp-json\/wp\/v2\/posts\/16410","targetHints":{"allow":["GET"]}}],"collection":[{"href":"https:\/\/granada.salesianos.edu\/colegio\/wp-json\/wp\/v2\/posts"}],"about":[{"href":"https:\/\/granada.salesianos.edu\/colegio\/wp-json\/wp\/v2\/types\/post"}],"author":[{"embeddable":true,"href":"https:\/\/granada.salesianos.edu\/colegio\/wp-json\/wp\/v2\/users\/2"}],"replies":[{"embeddable":true,"href":"https:\/\/granada.salesianos.edu\/colegio\/wp-json\/wp\/v2\/comments?post=16410"}],"version-history":[{"count":13,"href":"https:\/\/granada.salesianos.edu\/colegio\/wp-json\/wp\/v2\/posts\/16410\/revisions"}],"predecessor-version":[{"id":16718,"href":"https:\/\/granada.salesianos.edu\/colegio\/wp-json\/wp\/v2\/posts\/16410\/revisions\/16718"}],"wp:featuredmedia":[{"embeddable":true,"href":"https:\/\/granada.salesianos.edu\/colegio\/wp-json\/wp\/v2\/media\/16411"}],"wp:attachment":[{"href":"https:\/\/granada.salesianos.edu\/colegio\/wp-json\/wp\/v2\/media?parent=16410"}],"wp:term":[{"taxonomy":"category","embeddable":true,"href":"https:\/\/granada.salesianos.edu\/colegio\/wp-json\/wp\/v2\/categories?post=16410"},{"taxonomy":"post_tag","embeddable":true,"href":"https:\/\/granada.salesianos.edu\/colegio\/wp-json\/wp\/v2\/tags?post=16410"}],"curies":[{"name":"wp","href":"https:\/\/api.w.org\/{rel}","templated":true}]}}