{"id":16713,"date":"2023-01-19T00:14:03","date_gmt":"2023-01-18T22:14:03","guid":{"rendered":"https:\/\/granada.salesianos.edu\/colegio\/?p=16713"},"modified":"2023-01-19T00:20:38","modified_gmt":"2023-01-18T22:20:38","slug":"nuestra-alumna-ana-maria-sanchez-merida-de-2o-rpae-segunda-en-los-premios-experiencia-tv-de-canal-sur","status":"publish","type":"post","link":"https:\/\/granada.salesianos.edu\/colegio\/blog\/nuestra-alumna-ana-maria-sanchez-merida-de-2o-rpae-segunda-en-los-premios-experiencia-tv-de-canal-sur\/","title":{"rendered":"NUESTRA ALUMNA ANA MAR\u00cdA S\u00c1NCHEZ M\u00c9RIDA, DE 2\u00ba RPAE, SEGUNDA EN LOS PREMIOS EXPERIENCIA TV DE CANAL SUR"},"content":{"rendered":"<div id=\"fb-root\"><\/div>\n<p>[et_pb_section fb_built=\u00bb1&#8243; _builder_version=\u00bb4.16&#8243; global_colors_info=\u00bb{}\u00bb][et_pb_row _builder_version=\u00bb4.16&#8243; background_size=\u00bbinitial\u00bb background_position=\u00bbtop_left\u00bb background_repeat=\u00bbrepeat\u00bb custom_margin=\u00bb|auto||150px||\u00bb global_colors_info=\u00bb{}\u00bb][et_pb_column type=\u00bb4_4&#8243; _builder_version=\u00bb4.16&#8243; custom_padding=\u00bb|||\u00bb global_colors_info=\u00bb{}\u00bb custom_padding__hover=\u00bb|||\u00bb][et_pb_text _builder_version=\u00bb4.16&#8243; background_size=\u00bbinitial\u00bb background_position=\u00bbtop_left\u00bb background_repeat=\u00bbrepeat\u00bb global_colors_info=\u00bb{}\u00bb]<\/p>\n<p>&nbsp;<\/p>\n<p>Nuestra alumna Ana Mar\u00eda S\u00e1nchez M\u00e9rida, de 2\u00ba RPA, ha quedado segunda\u00a0 en los premios ExperienciaTV de Canal Sur Televisi\u00f3n con su reportaje \u00abUn tesoro sumergido\u00bb<\/p>\n<p><span>El programa \u00abExperiencia TV\u00bb, con m\u00e1s de 20 a\u00f1os de retransmisi\u00f3n, est\u00e1 pensado por y para los estudiantes andaluces de las Facultades de Comunicaci\u00f3n y de los Centros de FP (rama Audiovisual). Hasta finales de 2019, han producido m\u00e1s de 650 reportajes (de 6 a 9 minutos). Periodismo de proximidad, en primera persona. Los autores hablan de sus esperanzas y temores, de su familia, de sus amigos, de su barrio o de su ciudad. Su objetivo es ofrecer una experiencia real de elaboraci\u00f3n de un reportaje para TV a los futuros profesionales del sector. El alumno sigue el proceso completo desde la idea hasta el montaje final de las im\u00e1genes. Como en la profesi\u00f3n real, los participantes se someten a limitaciones de tiempo, espacio y presupuesto.<\/span><\/p>\n<p><span><\/span><\/p>\n<p>Ana M\u00aa S\u00e1nchez nos comenta en primera persona c\u00f3mo ha sido su experiencia:<span><\/span><\/p>\n<p>&nbsp;<\/p>\n<p>-\u00abSoy Ana, estudiante de 2\u00ba de Realizaci\u00f3n de Proyectos Audiovisuales y Espect\u00e1culos.<\/p>\n<p>Este reportaje, busca poner en valor lo importante que es conocer nuestra biodiversidad. Tenemos mucha m\u00e1s vida marina de media, que en el resto del Mar Mediterr\u00e1neo, y esto incluye algunas especies que son \u00fanicas en nuestras costas. Poder ser capaces de identificarlas, apreciarlas y protegerlas, permitir\u00e1 que las futuras generaciones las puedan disfrutar. Aunque si bien es cierto que no fue la primera idea que tuve, esta segunda propuesta que desarroll\u00e9 es mucho m\u00e1s enriquecedora y personal.<\/p>\n<p>Por otro lado, el submarinismo es un deporte que comprende distintas modalidades. La que yo practico se denomina libre. Se realiza a pocos metros de profundidad, es mediante apnea y tiene una finalidad recreativa. Siendo asm\u00e1tica, aprender a controlar la respiraci\u00f3n me ha permitido sobrellevar esta enfermedad cr\u00f3nica que de momento no tiene cura. Practicar un deporte, cuya finalidad es preservar y disfrutar de la flora y fauna marina, ha hecho mejorar mi autoestima y la percepci\u00f3n de mis habilidades.<\/p>\n<p>Grabar este reportaje fue inolvidable por diversos motivos. Hice muy buen equipo con Miriam, la t\u00e9cnica de Canal Sur que me acompa\u00f1\u00f3 ese d\u00eda. Mientras ella grababa desde el barco, yo estaba grabando el tesoro sumergido que tenemos en la Costa Tropical. Por otro lado, recuerdo que unas semanas antes, aprob\u00e9 tras mucho esfuerzo el ex\u00e1men pr\u00e1ctico de conducir. Fue tal la emoci\u00f3n y libertad que sent\u00ed al hacer mi primer viaje como piloto, que desde entonces no he parado de hacer kil\u00f3metros.<\/p>\n<p>Finalmente, lleg\u00f3 el d\u00eda en el que recib\u00ed la noticia, gracias a un mensaje de mi compa\u00f1era Marina. Esa noche estaba con mis amigos charlando y disfrutando las vacaciones tanto, que ni recordaba que ese d\u00eda emit\u00edan la final. Fueron innumerables las felicitaciones que recib\u00ed los d\u00edas sucesivos. Sin lugar a dudas, fue el broche de plata a mi 2022.\u00bb<\/p>\n<blockquote>\n<p>Aqu\u00ed os dejamos el enlace para que pod\u00e1is disfrutarlo:\u00a0 <a href=\"https:\/\/www.canalsurmas.es\/videos\/detail\/63400-experiencia-tv-30122022\">https:\/\/www.canalsurmas.es\/videos\/detail\/63400-experiencia-tv-30122022<\/a><\/p>\n<\/blockquote>\n<p>&nbsp;<\/p>\n<p>Enhorabuena Ana y a seguir trabajando por ese camino.\u00a0<\/p>\n<p>&nbsp;<\/p>\n<p>&nbsp;<\/p>\n<p>&nbsp;<\/p>\n<div><\/div>\n<div>\u00a0\u00a0<\/div>\n<p>[\/et_pb_text][\/et_pb_column][\/et_pb_row][\/et_pb_section]<\/p>\n","protected":false},"excerpt":{"rendered":"<p>Nuestra alumna Ana Mar\u00eda S\u00e1nchez M\u00e9rida, de 2\u00b0de RPAE, quien ha quedado segunda en los conocidos premios @ExperienciaTV, de @CanalSur, con su reportaje \u00abUn tesoro sumergido\u00bb.<\/p>\n","protected":false},"author":2,"featured_media":16714,"comment_status":"open","ping_status":"open","sticky":false,"template":"","format":"standard","meta":{"_et_pb_use_builder":"on","_et_pb_old_content":"<div>El pasado s\u00e1bado 10 de diciembre tuvo lugar el tradicional concierto de Villancicos \"Granada es Rociera\" que este a\u00f1o ha alcanzado su d\u00e9cimo segunda edici\u00f3n y cuyos beneficios de 5 euros la entrada ha sido a beneficio de la Obra Social Salesiana y Salesianos de Ucrania.<\/div><div>\u00a0<\/div><div>Como es tradicional, el concierto tuvo lugar en el sal\u00f3n de actos del Colegio Salesiano San Juan Bosco de Granada y participaron los coros Infantil de Salesianos Granada, Coro Alcaicer\u00eda de Granada y el Coro de la Real e Ilustre Hermandad de Nuestra Se\u00f1ora del Roc\u00edo de Huelva con la colaboraci\u00f3n en los medios t\u00e9cnicos de alumnos de nuestro ciclo formativo de Audiovisuales y Espect\u00e1culos y su profesor Pablo Fern\u00e1ndez.<\/div><div>\u00a0<\/div><div>Fue una tarde especial la vivida el pasado s\u00e1bado en nuestro colegio con la direcci\u00f3n del coro onubense por don Juan Carlos Rubio que nos deleit\u00f3 con un magn\u00edfico repertorio de villancicos en esta jornada muy navide\u00f1a y rociera. El coro infantil del colegio salesiano de primaria dirigido por los profesores don David Ayala y don Javier Bravo como ya es tradicional su aportaci\u00f3n en los \u00faltimos a\u00f1os y como no, con la intervenci\u00f3n del coro organizador, el coro Alcaicer\u00eda de Granada dirigido por su director don Sergio Jim\u00e9nez.<\/div><div>\u00a0<\/div><div>Desde estas l\u00edneas agradecemos a los patrocinadores de dicho evento, a los tres coros su participaci\u00f3n y especialmente al coro Alcaicer\u00eda por la organizaci\u00f3n del evento y su solidaridad.<\/div><div>\u00a0<\/div><div><img class=\"alignnone size-thumbnail wp-image-63423\" src=\"https:\/\/granada.salesianos.edu\/wp-content\/uploads\/2022\/12\/cartel-Certamen-Villancicos-150x150.jpg\" alt=\"\" width=\"150\" height=\"150\" \/> <img class=\"alignnone size-thumbnail wp-image-63424\" src=\"https:\/\/granada.salesianos.edu\/wp-content\/uploads\/2022\/12\/Coro-Alcaiceria-150x150.jpg\" alt=\"\" width=\"150\" height=\"150\" \/> <img class=\"alignnone size-thumbnail wp-image-63425\" src=\"https:\/\/granada.salesianos.edu\/wp-content\/uploads\/2022\/12\/Coro-Hdad-Rocio-Huelva-150x150.jpg\" alt=\"\" width=\"150\" height=\"150\" \/><\/div>","_et_gb_content_width":"","footnotes":""},"categories":[11,21,12],"tags":[],"class_list":["post-16713","post","type-post","status-publish","format-standard","has-post-thumbnail","hentry","category-colegio","category-fp","category-portada"],"yoast_head":"<!-- This site is optimized with the Yoast SEO plugin v28.4 - https:\/\/yoast.com\/product\/yoast-seo-wordpress\/ -->\n<title>NUESTRA ALUMNA ANA MAR\u00cdA S\u00c1NCHEZ M\u00c9RIDA, DE 2\u00ba RPAE, SEGUNDA EN LOS PREMIOS EXPERIENCIA TV DE CANAL SUR - Colegio Salesiano<\/title>\n<meta name=\"description\" content=\"Damos la enhorabuena a nuestra alumna Ana Mar\u00eda S\u00e1nchez M\u00e9rida, de 2\u00b0de RPAE, quien ha quedado segunda en los conocidos premios @ExperienciaTV, de @CanalSur, con su reportaje &quot;Un tesoro sumergido&quot;. Aqu\u00ed os dejamos el enlace para que pod\u00e1is disfrutarlo. https:\/\/www.canalsurmas.es\/videos\/detail\/63400-experiencia-tv-30122022\" \/>\n<meta name=\"robots\" content=\"index, follow, max-snippet:-1, max-image-preview:large, max-video-preview:-1\" \/>\n<link rel=\"canonical\" href=\"https:\/\/granada.salesianos.edu\/colegio\/blog\/nuestra-alumna-ana-maria-sanchez-merida-de-2o-rpae-segunda-en-los-premios-experiencia-tv-de-canal-sur\/\" \/>\n<meta property=\"og:locale\" content=\"es_ES\" \/>\n<meta property=\"og:type\" content=\"article\" \/>\n<meta property=\"og:title\" content=\"NUESTRA ALUMNA ANA MAR\u00cdA S\u00c1NCHEZ M\u00c9RIDA, DE 2\u00ba RPAE, SEGUNDA EN LOS PREMIOS EXPERIENCIA TV DE CANAL SUR - Colegio Salesiano\" \/>\n<meta property=\"og:description\" content=\"Damos la enhorabuena a nuestra alumna Ana Mar\u00eda S\u00e1nchez M\u00e9rida, de 2\u00b0de RPAE, quien ha quedado segunda en los conocidos premios @ExperienciaTV, de @CanalSur, con su reportaje &quot;Un tesoro sumergido&quot;. Aqu\u00ed os dejamos el enlace para que pod\u00e1is disfrutarlo. https:\/\/www.canalsurmas.es\/videos\/detail\/63400-experiencia-tv-30122022\" \/>\n<meta property=\"og:url\" content=\"https:\/\/granada.salesianos.edu\/colegio\/blog\/nuestra-alumna-ana-maria-sanchez-merida-de-2o-rpae-segunda-en-los-premios-experiencia-tv-de-canal-sur\/\" \/>\n<meta property=\"og:site_name\" content=\"Colegio Salesiano\" \/>\n<meta property=\"article:publisher\" content=\"https:\/\/www.facebook.com\/SalesianosGR\/\" \/>\n<meta property=\"article:published_time\" content=\"2023-01-18T22:14:03+00:00\" \/>\n<meta property=\"article:modified_time\" content=\"2023-01-18T22:20:38+00:00\" \/>\n<meta property=\"og:image\" content=\"https:\/\/granada.salesianos.edu\/colegio\/wp-content\/uploads\/sites\/2\/2023\/01\/ANA-15.jpg\" \/>\n\t<meta property=\"og:image:width\" content=\"1280\" \/>\n\t<meta property=\"og:image:height\" content=\"731\" \/>\n\t<meta property=\"og:image:type\" content=\"image\/jpeg\" \/>\n<meta name=\"author\" content=\"Gestor Web\" \/>\n<meta name=\"twitter:card\" content=\"summary_large_image\" \/>\n<meta name=\"twitter:creator\" content=\"@GranadaSDB\" \/>\n<meta name=\"twitter:site\" content=\"@GranadaSDB\" \/>\n<meta name=\"twitter:label1\" content=\"Escrito por\" \/>\n\t<meta name=\"twitter:data1\" content=\"Gestor Web\" \/>\n\t<meta name=\"twitter:label2\" content=\"Tiempo de lectura\" \/>\n\t<meta name=\"twitter:data2\" content=\"3 minutos\" \/>\n<script type=\"application\/ld+json\" class=\"yoast-schema-graph\">{\"@context\":\"https:\\\/\\\/schema.org\",\"@graph\":[{\"@type\":\"Article\",\"@id\":\"https:\\\/\\\/granada.salesianos.edu\\\/colegio\\\/blog\\\/nuestra-alumna-ana-maria-sanchez-merida-de-2o-rpae-segunda-en-los-premios-experiencia-tv-de-canal-sur\\\/#article\",\"isPartOf\":{\"@id\":\"https:\\\/\\\/granada.salesianos.edu\\\/colegio\\\/blog\\\/nuestra-alumna-ana-maria-sanchez-merida-de-2o-rpae-segunda-en-los-premios-experiencia-tv-de-canal-sur\\\/\"},\"author\":{\"name\":\"Gestor Web\",\"@id\":\"https:\\\/\\\/granada.salesianos.edu\\\/colegio\\\/#\\\/schema\\\/person\\\/6392ff2e4bd1e66981d6eab734bbd962\"},\"headline\":\"NUESTRA ALUMNA ANA MAR\u00cdA S\u00c1NCHEZ M\u00c9RIDA, DE 2\u00ba RPAE, SEGUNDA EN LOS PREMIOS EXPERIENCIA TV DE CANAL SUR\",\"datePublished\":\"2023-01-18T22:14:03+00:00\",\"dateModified\":\"2023-01-18T22:20:38+00:00\",\"mainEntityOfPage\":{\"@id\":\"https:\\\/\\\/granada.salesianos.edu\\\/colegio\\\/blog\\\/nuestra-alumna-ana-maria-sanchez-merida-de-2o-rpae-segunda-en-los-premios-experiencia-tv-de-canal-sur\\\/\"},\"wordCount\":633,\"commentCount\":0,\"publisher\":{\"@id\":\"https:\\\/\\\/granada.salesianos.edu\\\/colegio\\\/#organization\"},\"image\":{\"@id\":\"https:\\\/\\\/granada.salesianos.edu\\\/colegio\\\/blog\\\/nuestra-alumna-ana-maria-sanchez-merida-de-2o-rpae-segunda-en-los-premios-experiencia-tv-de-canal-sur\\\/#primaryimage\"},\"thumbnailUrl\":\"https:\\\/\\\/granada.salesianos.edu\\\/colegio\\\/wp-content\\\/uploads\\\/sites\\\/2\\\/2023\\\/01\\\/ANA-15.jpg\",\"articleSection\":[\"Colegio\",\"FP\",\"Portada\"],\"inLanguage\":\"es\",\"potentialAction\":[{\"@type\":\"CommentAction\",\"name\":\"Comment\",\"target\":[\"https:\\\/\\\/granada.salesianos.edu\\\/colegio\\\/blog\\\/nuestra-alumna-ana-maria-sanchez-merida-de-2o-rpae-segunda-en-los-premios-experiencia-tv-de-canal-sur\\\/#respond\"]}]},{\"@type\":\"WebPage\",\"@id\":\"https:\\\/\\\/granada.salesianos.edu\\\/colegio\\\/blog\\\/nuestra-alumna-ana-maria-sanchez-merida-de-2o-rpae-segunda-en-los-premios-experiencia-tv-de-canal-sur\\\/\",\"url\":\"https:\\\/\\\/granada.salesianos.edu\\\/colegio\\\/blog\\\/nuestra-alumna-ana-maria-sanchez-merida-de-2o-rpae-segunda-en-los-premios-experiencia-tv-de-canal-sur\\\/\",\"name\":\"NUESTRA ALUMNA ANA MAR\u00cdA S\u00c1NCHEZ M\u00c9RIDA, DE 2\u00ba RPAE, SEGUNDA EN LOS PREMIOS EXPERIENCIA TV DE CANAL SUR - Colegio Salesiano\",\"isPartOf\":{\"@id\":\"https:\\\/\\\/granada.salesianos.edu\\\/colegio\\\/#website\"},\"primaryImageOfPage\":{\"@id\":\"https:\\\/\\\/granada.salesianos.edu\\\/colegio\\\/blog\\\/nuestra-alumna-ana-maria-sanchez-merida-de-2o-rpae-segunda-en-los-premios-experiencia-tv-de-canal-sur\\\/#primaryimage\"},\"image\":{\"@id\":\"https:\\\/\\\/granada.salesianos.edu\\\/colegio\\\/blog\\\/nuestra-alumna-ana-maria-sanchez-merida-de-2o-rpae-segunda-en-los-premios-experiencia-tv-de-canal-sur\\\/#primaryimage\"},\"thumbnailUrl\":\"https:\\\/\\\/granada.salesianos.edu\\\/colegio\\\/wp-content\\\/uploads\\\/sites\\\/2\\\/2023\\\/01\\\/ANA-15.jpg\",\"datePublished\":\"2023-01-18T22:14:03+00:00\",\"dateModified\":\"2023-01-18T22:20:38+00:00\",\"description\":\"Damos la enhorabuena a nuestra alumna Ana Mar\u00eda S\u00e1nchez M\u00e9rida, de 2\u00b0de RPAE, quien ha quedado segunda en los conocidos premios @ExperienciaTV, de @CanalSur, con su reportaje \\\"Un tesoro sumergido\\\". Aqu\u00ed os dejamos el enlace para que pod\u00e1is disfrutarlo. https:\\\/\\\/www.canalsurmas.es\\\/videos\\\/detail\\\/63400-experiencia-tv-30122022\",\"breadcrumb\":{\"@id\":\"https:\\\/\\\/granada.salesianos.edu\\\/colegio\\\/blog\\\/nuestra-alumna-ana-maria-sanchez-merida-de-2o-rpae-segunda-en-los-premios-experiencia-tv-de-canal-sur\\\/#breadcrumb\"},\"inLanguage\":\"es\",\"potentialAction\":[{\"@type\":\"ReadAction\",\"target\":[\"https:\\\/\\\/granada.salesianos.edu\\\/colegio\\\/blog\\\/nuestra-alumna-ana-maria-sanchez-merida-de-2o-rpae-segunda-en-los-premios-experiencia-tv-de-canal-sur\\\/\"]}]},{\"@type\":\"ImageObject\",\"inLanguage\":\"es\",\"@id\":\"https:\\\/\\\/granada.salesianos.edu\\\/colegio\\\/blog\\\/nuestra-alumna-ana-maria-sanchez-merida-de-2o-rpae-segunda-en-los-premios-experiencia-tv-de-canal-sur\\\/#primaryimage\",\"url\":\"https:\\\/\\\/granada.salesianos.edu\\\/colegio\\\/wp-content\\\/uploads\\\/sites\\\/2\\\/2023\\\/01\\\/ANA-15.jpg\",\"contentUrl\":\"https:\\\/\\\/granada.salesianos.edu\\\/colegio\\\/wp-content\\\/uploads\\\/sites\\\/2\\\/2023\\\/01\\\/ANA-15.jpg\",\"width\":1280,\"height\":731},{\"@type\":\"BreadcrumbList\",\"@id\":\"https:\\\/\\\/granada.salesianos.edu\\\/colegio\\\/blog\\\/nuestra-alumna-ana-maria-sanchez-merida-de-2o-rpae-segunda-en-los-premios-experiencia-tv-de-canal-sur\\\/#breadcrumb\",\"itemListElement\":[{\"@type\":\"ListItem\",\"position\":1,\"name\":\"Portada\",\"item\":\"https:\\\/\\\/granada.salesianos.edu\\\/colegio\\\/\"},{\"@type\":\"ListItem\",\"position\":2,\"name\":\"NUESTRA ALUMNA ANA MAR\u00cdA S\u00c1NCHEZ M\u00c9RIDA, DE 2\u00ba RPAE, SEGUNDA EN LOS PREMIOS EXPERIENCIA TV DE CANAL SUR\"}]},{\"@type\":\"WebSite\",\"@id\":\"https:\\\/\\\/granada.salesianos.edu\\\/colegio\\\/#website\",\"url\":\"https:\\\/\\\/granada.salesianos.edu\\\/colegio\\\/\",\"name\":\"Colegio Salesiano\",\"description\":\"P\u00e1gina oficial de Salesianos Granada San Juan Bosco\",\"publisher\":{\"@id\":\"https:\\\/\\\/granada.salesianos.edu\\\/colegio\\\/#organization\"},\"potentialAction\":[{\"@type\":\"SearchAction\",\"target\":{\"@type\":\"EntryPoint\",\"urlTemplate\":\"https:\\\/\\\/granada.salesianos.edu\\\/colegio\\\/?s={search_term_string}\"},\"query-input\":{\"@type\":\"PropertyValueSpecification\",\"valueRequired\":true,\"valueName\":\"search_term_string\"}}],\"inLanguage\":\"es\"},{\"@type\":\"Organization\",\"@id\":\"https:\\\/\\\/granada.salesianos.edu\\\/colegio\\\/#organization\",\"name\":\"Colegio Salesiano San Juan Bosco Granada\",\"url\":\"https:\\\/\\\/granada.salesianos.edu\\\/colegio\\\/\",\"logo\":{\"@type\":\"ImageObject\",\"inLanguage\":\"es\",\"@id\":\"https:\\\/\\\/granada.salesianos.edu\\\/colegio\\\/#\\\/schema\\\/logo\\\/image\\\/\",\"url\":\"https:\\\/\\\/granada.salesianos.edu\\\/colegio\\\/wp-content\\\/uploads\\\/sites\\\/2\\\/2021\\\/01\\\/GRANADAobraVN2.jpg\",\"contentUrl\":\"https:\\\/\\\/granada.salesianos.edu\\\/colegio\\\/wp-content\\\/uploads\\\/sites\\\/2\\\/2021\\\/01\\\/GRANADAobraVN2.jpg\",\"width\":2113,\"height\":1894,\"caption\":\"Colegio Salesiano San Juan Bosco Granada\"},\"image\":{\"@id\":\"https:\\\/\\\/granada.salesianos.edu\\\/colegio\\\/#\\\/schema\\\/logo\\\/image\\\/\"},\"sameAs\":[\"https:\\\/\\\/www.facebook.com\\\/SalesianosGR\\\/\",\"https:\\\/\\\/x.com\\\/GranadaSDB\",\"https:\\\/\\\/www.instagram.com\\\/salesianosgranada\\\/\",\"https:\\\/\\\/www.youtube.com\\\/channel\\\/UChkpZuhCf4Y5rYIcFT3CNxw?view_as=subscriber\"]},{\"@type\":\"Person\",\"@id\":\"https:\\\/\\\/granada.salesianos.edu\\\/colegio\\\/#\\\/schema\\\/person\\\/6392ff2e4bd1e66981d6eab734bbd962\",\"name\":\"Gestor Web\",\"image\":{\"@type\":\"ImageObject\",\"inLanguage\":\"es\",\"@id\":\"https:\\\/\\\/secure.gravatar.com\\\/avatar\\\/160666bb56a01520857079961a824af2b7821d6bad80677c80f2b473fceead1b?s=96&d=mm&r=g\",\"url\":\"https:\\\/\\\/secure.gravatar.com\\\/avatar\\\/160666bb56a01520857079961a824af2b7821d6bad80677c80f2b473fceead1b?s=96&d=mm&r=g\",\"contentUrl\":\"https:\\\/\\\/secure.gravatar.com\\\/avatar\\\/160666bb56a01520857079961a824af2b7821d6bad80677c80f2b473fceead1b?s=96&d=mm&r=g\",\"caption\":\"Gestor Web\"}}]}<\/script>\n<!-- \/ Yoast SEO plugin. -->","yoast_head_json":{"title":"NUESTRA ALUMNA ANA MAR\u00cdA S\u00c1NCHEZ M\u00c9RIDA, DE 2\u00ba RPAE, SEGUNDA EN LOS PREMIOS EXPERIENCIA TV DE CANAL SUR - Colegio Salesiano","description":"Damos la enhorabuena a nuestra alumna Ana Mar\u00eda S\u00e1nchez M\u00e9rida, de 2\u00b0de RPAE, quien ha quedado segunda en los conocidos premios @ExperienciaTV, de @CanalSur, con su reportaje \"Un tesoro sumergido\". Aqu\u00ed os dejamos el enlace para que pod\u00e1is disfrutarlo. https:\/\/www.canalsurmas.es\/videos\/detail\/63400-experiencia-tv-30122022","robots":{"index":"index","follow":"follow","max-snippet":"max-snippet:-1","max-image-preview":"max-image-preview:large","max-video-preview":"max-video-preview:-1"},"canonical":"https:\/\/granada.salesianos.edu\/colegio\/blog\/nuestra-alumna-ana-maria-sanchez-merida-de-2o-rpae-segunda-en-los-premios-experiencia-tv-de-canal-sur\/","og_locale":"es_ES","og_type":"article","og_title":"NUESTRA ALUMNA ANA MAR\u00cdA S\u00c1NCHEZ M\u00c9RIDA, DE 2\u00ba RPAE, SEGUNDA EN LOS PREMIOS EXPERIENCIA TV DE CANAL SUR - Colegio Salesiano","og_description":"Damos la enhorabuena a nuestra alumna Ana Mar\u00eda S\u00e1nchez M\u00e9rida, de 2\u00b0de RPAE, quien ha quedado segunda en los conocidos premios @ExperienciaTV, de @CanalSur, con su reportaje \"Un tesoro sumergido\". Aqu\u00ed os dejamos el enlace para que pod\u00e1is disfrutarlo. https:\/\/www.canalsurmas.es\/videos\/detail\/63400-experiencia-tv-30122022","og_url":"https:\/\/granada.salesianos.edu\/colegio\/blog\/nuestra-alumna-ana-maria-sanchez-merida-de-2o-rpae-segunda-en-los-premios-experiencia-tv-de-canal-sur\/","og_site_name":"Colegio Salesiano","article_publisher":"https:\/\/www.facebook.com\/SalesianosGR\/","article_published_time":"2023-01-18T22:14:03+00:00","article_modified_time":"2023-01-18T22:20:38+00:00","og_image":[{"width":1280,"height":731,"url":"https:\/\/granada.salesianos.edu\/colegio\/wp-content\/uploads\/sites\/2\/2023\/01\/ANA-15.jpg","type":"image\/jpeg"}],"author":"Gestor Web","twitter_card":"summary_large_image","twitter_creator":"@GranadaSDB","twitter_site":"@GranadaSDB","twitter_misc":{"Escrito por":"Gestor Web","Tiempo de lectura":"3 minutos"},"schema":{"@context":"https:\/\/schema.org","@graph":[{"@type":"Article","@id":"https:\/\/granada.salesianos.edu\/colegio\/blog\/nuestra-alumna-ana-maria-sanchez-merida-de-2o-rpae-segunda-en-los-premios-experiencia-tv-de-canal-sur\/#article","isPartOf":{"@id":"https:\/\/granada.salesianos.edu\/colegio\/blog\/nuestra-alumna-ana-maria-sanchez-merida-de-2o-rpae-segunda-en-los-premios-experiencia-tv-de-canal-sur\/"},"author":{"name":"Gestor Web","@id":"https:\/\/granada.salesianos.edu\/colegio\/#\/schema\/person\/6392ff2e4bd1e66981d6eab734bbd962"},"headline":"NUESTRA ALUMNA ANA MAR\u00cdA S\u00c1NCHEZ M\u00c9RIDA, DE 2\u00ba RPAE, SEGUNDA EN LOS PREMIOS EXPERIENCIA TV DE CANAL SUR","datePublished":"2023-01-18T22:14:03+00:00","dateModified":"2023-01-18T22:20:38+00:00","mainEntityOfPage":{"@id":"https:\/\/granada.salesianos.edu\/colegio\/blog\/nuestra-alumna-ana-maria-sanchez-merida-de-2o-rpae-segunda-en-los-premios-experiencia-tv-de-canal-sur\/"},"wordCount":633,"commentCount":0,"publisher":{"@id":"https:\/\/granada.salesianos.edu\/colegio\/#organization"},"image":{"@id":"https:\/\/granada.salesianos.edu\/colegio\/blog\/nuestra-alumna-ana-maria-sanchez-merida-de-2o-rpae-segunda-en-los-premios-experiencia-tv-de-canal-sur\/#primaryimage"},"thumbnailUrl":"https:\/\/granada.salesianos.edu\/colegio\/wp-content\/uploads\/sites\/2\/2023\/01\/ANA-15.jpg","articleSection":["Colegio","FP","Portada"],"inLanguage":"es","potentialAction":[{"@type":"CommentAction","name":"Comment","target":["https:\/\/granada.salesianos.edu\/colegio\/blog\/nuestra-alumna-ana-maria-sanchez-merida-de-2o-rpae-segunda-en-los-premios-experiencia-tv-de-canal-sur\/#respond"]}]},{"@type":"WebPage","@id":"https:\/\/granada.salesianos.edu\/colegio\/blog\/nuestra-alumna-ana-maria-sanchez-merida-de-2o-rpae-segunda-en-los-premios-experiencia-tv-de-canal-sur\/","url":"https:\/\/granada.salesianos.edu\/colegio\/blog\/nuestra-alumna-ana-maria-sanchez-merida-de-2o-rpae-segunda-en-los-premios-experiencia-tv-de-canal-sur\/","name":"NUESTRA ALUMNA ANA MAR\u00cdA S\u00c1NCHEZ M\u00c9RIDA, DE 2\u00ba RPAE, SEGUNDA EN LOS PREMIOS EXPERIENCIA TV DE CANAL SUR - Colegio Salesiano","isPartOf":{"@id":"https:\/\/granada.salesianos.edu\/colegio\/#website"},"primaryImageOfPage":{"@id":"https:\/\/granada.salesianos.edu\/colegio\/blog\/nuestra-alumna-ana-maria-sanchez-merida-de-2o-rpae-segunda-en-los-premios-experiencia-tv-de-canal-sur\/#primaryimage"},"image":{"@id":"https:\/\/granada.salesianos.edu\/colegio\/blog\/nuestra-alumna-ana-maria-sanchez-merida-de-2o-rpae-segunda-en-los-premios-experiencia-tv-de-canal-sur\/#primaryimage"},"thumbnailUrl":"https:\/\/granada.salesianos.edu\/colegio\/wp-content\/uploads\/sites\/2\/2023\/01\/ANA-15.jpg","datePublished":"2023-01-18T22:14:03+00:00","dateModified":"2023-01-18T22:20:38+00:00","description":"Damos la enhorabuena a nuestra alumna Ana Mar\u00eda S\u00e1nchez M\u00e9rida, de 2\u00b0de RPAE, quien ha quedado segunda en los conocidos premios @ExperienciaTV, de @CanalSur, con su reportaje \"Un tesoro sumergido\". Aqu\u00ed os dejamos el enlace para que pod\u00e1is disfrutarlo. https:\/\/www.canalsurmas.es\/videos\/detail\/63400-experiencia-tv-30122022","breadcrumb":{"@id":"https:\/\/granada.salesianos.edu\/colegio\/blog\/nuestra-alumna-ana-maria-sanchez-merida-de-2o-rpae-segunda-en-los-premios-experiencia-tv-de-canal-sur\/#breadcrumb"},"inLanguage":"es","potentialAction":[{"@type":"ReadAction","target":["https:\/\/granada.salesianos.edu\/colegio\/blog\/nuestra-alumna-ana-maria-sanchez-merida-de-2o-rpae-segunda-en-los-premios-experiencia-tv-de-canal-sur\/"]}]},{"@type":"ImageObject","inLanguage":"es","@id":"https:\/\/granada.salesianos.edu\/colegio\/blog\/nuestra-alumna-ana-maria-sanchez-merida-de-2o-rpae-segunda-en-los-premios-experiencia-tv-de-canal-sur\/#primaryimage","url":"https:\/\/granada.salesianos.edu\/colegio\/wp-content\/uploads\/sites\/2\/2023\/01\/ANA-15.jpg","contentUrl":"https:\/\/granada.salesianos.edu\/colegio\/wp-content\/uploads\/sites\/2\/2023\/01\/ANA-15.jpg","width":1280,"height":731},{"@type":"BreadcrumbList","@id":"https:\/\/granada.salesianos.edu\/colegio\/blog\/nuestra-alumna-ana-maria-sanchez-merida-de-2o-rpae-segunda-en-los-premios-experiencia-tv-de-canal-sur\/#breadcrumb","itemListElement":[{"@type":"ListItem","position":1,"name":"Portada","item":"https:\/\/granada.salesianos.edu\/colegio\/"},{"@type":"ListItem","position":2,"name":"NUESTRA ALUMNA ANA MAR\u00cdA S\u00c1NCHEZ M\u00c9RIDA, DE 2\u00ba RPAE, SEGUNDA EN LOS PREMIOS EXPERIENCIA TV DE CANAL SUR"}]},{"@type":"WebSite","@id":"https:\/\/granada.salesianos.edu\/colegio\/#website","url":"https:\/\/granada.salesianos.edu\/colegio\/","name":"Colegio Salesiano","description":"P\u00e1gina oficial de Salesianos Granada San Juan Bosco","publisher":{"@id":"https:\/\/granada.salesianos.edu\/colegio\/#organization"},"potentialAction":[{"@type":"SearchAction","target":{"@type":"EntryPoint","urlTemplate":"https:\/\/granada.salesianos.edu\/colegio\/?s={search_term_string}"},"query-input":{"@type":"PropertyValueSpecification","valueRequired":true,"valueName":"search_term_string"}}],"inLanguage":"es"},{"@type":"Organization","@id":"https:\/\/granada.salesianos.edu\/colegio\/#organization","name":"Colegio Salesiano San Juan Bosco Granada","url":"https:\/\/granada.salesianos.edu\/colegio\/","logo":{"@type":"ImageObject","inLanguage":"es","@id":"https:\/\/granada.salesianos.edu\/colegio\/#\/schema\/logo\/image\/","url":"https:\/\/granada.salesianos.edu\/colegio\/wp-content\/uploads\/sites\/2\/2021\/01\/GRANADAobraVN2.jpg","contentUrl":"https:\/\/granada.salesianos.edu\/colegio\/wp-content\/uploads\/sites\/2\/2021\/01\/GRANADAobraVN2.jpg","width":2113,"height":1894,"caption":"Colegio Salesiano San Juan Bosco Granada"},"image":{"@id":"https:\/\/granada.salesianos.edu\/colegio\/#\/schema\/logo\/image\/"},"sameAs":["https:\/\/www.facebook.com\/SalesianosGR\/","https:\/\/x.com\/GranadaSDB","https:\/\/www.instagram.com\/salesianosgranada\/","https:\/\/www.youtube.com\/channel\/UChkpZuhCf4Y5rYIcFT3CNxw?view_as=subscriber"]},{"@type":"Person","@id":"https:\/\/granada.salesianos.edu\/colegio\/#\/schema\/person\/6392ff2e4bd1e66981d6eab734bbd962","name":"Gestor Web","image":{"@type":"ImageObject","inLanguage":"es","@id":"https:\/\/secure.gravatar.com\/avatar\/160666bb56a01520857079961a824af2b7821d6bad80677c80f2b473fceead1b?s=96&d=mm&r=g","url":"https:\/\/secure.gravatar.com\/avatar\/160666bb56a01520857079961a824af2b7821d6bad80677c80f2b473fceead1b?s=96&d=mm&r=g","contentUrl":"https:\/\/secure.gravatar.com\/avatar\/160666bb56a01520857079961a824af2b7821d6bad80677c80f2b473fceead1b?s=96&d=mm&r=g","caption":"Gestor Web"}}]}},"_links":{"self":[{"href":"https:\/\/granada.salesianos.edu\/colegio\/wp-json\/wp\/v2\/posts\/16713","targetHints":{"allow":["GET"]}}],"collection":[{"href":"https:\/\/granada.salesianos.edu\/colegio\/wp-json\/wp\/v2\/posts"}],"about":[{"href":"https:\/\/granada.salesianos.edu\/colegio\/wp-json\/wp\/v2\/types\/post"}],"author":[{"embeddable":true,"href":"https:\/\/granada.salesianos.edu\/colegio\/wp-json\/wp\/v2\/users\/2"}],"replies":[{"embeddable":true,"href":"https:\/\/granada.salesianos.edu\/colegio\/wp-json\/wp\/v2\/comments?post=16713"}],"version-history":[{"count":1,"href":"https:\/\/granada.salesianos.edu\/colegio\/wp-json\/wp\/v2\/posts\/16713\/revisions"}],"predecessor-version":[{"id":16715,"href":"https:\/\/granada.salesianos.edu\/colegio\/wp-json\/wp\/v2\/posts\/16713\/revisions\/16715"}],"wp:featuredmedia":[{"embeddable":true,"href":"https:\/\/granada.salesianos.edu\/colegio\/wp-json\/wp\/v2\/media\/16714"}],"wp:attachment":[{"href":"https:\/\/granada.salesianos.edu\/colegio\/wp-json\/wp\/v2\/media?parent=16713"}],"wp:term":[{"taxonomy":"category","embeddable":true,"href":"https:\/\/granada.salesianos.edu\/colegio\/wp-json\/wp\/v2\/categories?post=16713"},{"taxonomy":"post_tag","embeddable":true,"href":"https:\/\/granada.salesianos.edu\/colegio\/wp-json\/wp\/v2\/tags?post=16713"}],"curies":[{"name":"wp","href":"https:\/\/api.w.org\/{rel}","templated":true}]}}