{"id":16721,"date":"2023-01-19T00:42:03","date_gmt":"2023-01-18T22:42:03","guid":{"rendered":"https:\/\/granada.salesianos.edu\/colegio\/?p=16721"},"modified":"2023-01-22T18:10:32","modified_gmt":"2023-01-22T16:10:32","slug":"nuestros-alumnos-de-bachillerato-participan-en-el-proyecto-piiisa-un-proyecto-organizado-por-la-delegacion-de-educacion-la-ugr-y-el-csic","status":"publish","type":"post","link":"https:\/\/granada.salesianos.edu\/colegio\/blog\/nuestros-alumnos-de-bachillerato-participan-en-el-proyecto-piiisa-un-proyecto-organizado-por-la-delegacion-de-educacion-la-ugr-y-el-csic\/","title":{"rendered":"Nuestros alumnos de Bachillerato participan en el PROYECTO PIIISA, un proyecto organizado por la Delegaci\u00f3n de Educaci\u00f3n, la UGR y el CSIC."},"content":{"rendered":"<div id=\"fb-root\"><\/div>\n<p>[et_pb_section fb_built=\u00bb1&#8243; _builder_version=\u00bb4.16&#8243; global_colors_info=\u00bb{}\u00bb][et_pb_row _builder_version=\u00bb4.18.0&#8243; background_size=\u00bbinitial\u00bb background_position=\u00bbtop_left\u00bb background_repeat=\u00bbrepeat\u00bb custom_margin=\u00bb|auto|||false|false\u00bb hover_enabled=\u00bb0&#8243; global_colors_info=\u00bb{}\u00bb sticky_enabled=\u00bb0&#8243;][et_pb_column type=\u00bb4_4&#8243; _builder_version=\u00bb4.16&#8243; custom_padding=\u00bb|||\u00bb global_colors_info=\u00bb{}\u00bb custom_padding__hover=\u00bb|||\u00bb][et_pb_text _builder_version=\u00bb4.16&#8243; background_size=\u00bbinitial\u00bb background_position=\u00bbtop_left\u00bb background_repeat=\u00bbrepeat\u00bb hover_enabled=\u00bb0&#8243; global_colors_info=\u00bb{}\u00bb sticky_enabled=\u00bb0&#8243;]<\/p>\n<p>Un grupo de alumnos de 1\u00ba de BTO han comenzado su participaci\u00f3n en el PROYECTO PIIISA (https:\/\/piiisa.es\/). En este proyecto organizado por la Delegaci\u00f3n de Educaci\u00f3n, la UGR y el CSIC, nuestros estudiantes tienen la oportunidad de involucrarse en proyectos liderados por cient\u00edficos de reconocido prestigio, y conocer de primera mano en qu\u00e9 consiste el m\u00e9todo cient\u00edfico y c\u00f3mo es el proceso de investigaci\u00f3n, algo que les permitir\u00e1 explorar su posible vocaci\u00f3n por la carrera cient\u00edfica.<\/p>\n<p>&nbsp;<\/p>\n<p><strong>\u00bfQU\u00c9 SIGNIFICAN LAS SIGLAS PIIISA?<\/strong><\/p>\n<p>\u00a0PIIISA son las siglas de <strong>Proyecto de Iniciaci\u00f3n a la Investigaci\u00f3n e Innovaci\u00f3n en Secundaria en Andaluc\u00eda.<\/strong><\/p>\n<p><strong>\u00a0<\/strong><strong>\u00bfEN QUE CONSISTE EL PROYECTO PIIISA?<\/strong><\/p>\n<p>El proyecto PIIISA surge de la colaboraci\u00f3n entre la Delegaci\u00f3n de Educaci\u00f3n en Granada (<span><a href=\"https:\/\/www.juntadeandalucia.es\/educacion\/portals\/web\/ced\/delegaciones\/granada\">https:\/\/www.juntadeandalucia.es\/educacion\/portals\/web\/ced\/delegaciones\/granada<\/a><\/span>), el Consejo Superior de Investigaciones Cient\u00edficas (CSIC) (<span><a href=\"https:\/\/www.csic.es\/es\">https:\/\/www.csic.es\/es<\/a><\/span>) y la Universidad de Granada (UGR) (<span><a href=\"https:\/\/educa.ugr.es\/divulgacion-cientifica\/piiisa\/\">https:\/\/educa.ugr.es\/divulgacion-cientifica\/piiisa\/<\/a><\/span>)\u00a0con el fin de ofrecer al alumnado granadino de secundaria una forma moderna e innovadora de aprender e interaccionar con la ciencia.<\/p>\n<p>Su principal objetivo es mostrar a los estudiantes de secundaria qu\u00e9 es la investigaci\u00f3n y c\u00f3mo se realiza. Los estudiantes tienen la oportunidad de involucrarse en proyectos liderados por cient\u00edficos de reconocido prestigio, y conocer de primera mano en qu\u00e9 consiste el m\u00e9todo cient\u00edfico y c\u00f3mo es el proceso de investigaci\u00f3n, algo que les permitir\u00e1 explorar su posible vocaci\u00f3n por la carrera cient\u00edfica.<\/p>\n<p>Los estudiantes, tutorizados por sus profesores, trabajar\u00e1n con instrumental cient\u00edfico y t\u00e9cnico y conocer\u00e1n de primera mano porqu\u00e9 la Ciencia es fundamental para el desarrollo social y econ\u00f3mico de un pa\u00eds. El esfuerzo y la imaginaci\u00f3n de los investigadores a la hora de dise\u00f1ar proyectos se trasladar\u00e1 al marco de un proyecto educativo que se desarrolla fuera de las aulas, en los propios centros de investigaci\u00f3n.<\/p>\n<p>Las instituciones cient\u00edficas de Granada ponen todo su potencial humano y t\u00e9cnico a un proyecto por el que ya han pasado m\u00e1s de 2000 alumnos de 35 institutos que han participado en m\u00e1s de 250 proyectos liderados por 400 cient\u00edficos de la Universidad de Granada y del CSIC. Los resultados finales de este trabajo han formado parte de contribuciones orales y p\u00f3sters de cinco ediciones del \u201cCongreso Final PIIISA\u201d<\/p>\n<p>Los resultados de PIIISA se ver\u00e1n con el tiempo, pero sin duda se ha consolidado como una manera \u00fanica y excepcional de fomentar vocaciones cient\u00edficas, as\u00ed como de una manera innovadora de complementar el trabajo en clase. El \u00e9xito de PIIISA es una excelente prueba de que este tipo de metodolog\u00eda educativa es realmente efectiva.<\/p>\n<p>&nbsp;<\/p>\n<p><strong>\u00bfEN QUE PROYECTO VAN A PARTICIPAR NUESTROS ALUMNOS ESTE CURSO?<\/strong><\/p>\n<p>Nuestros alumnos participar\u00e1n en el proyecto PSICOLOG\u00cdA PERINATAL Y PROGRAMACI\u00d3N FETAL: Crecimiento y desarrollo antes de nacer. <span><a href=\"https:\/\/piiisa.es\/project\/36a-psicologia-perinatal-y-programacion-fetal-crecimiento-y-desarrollo-antes-de-nacer\/\">https:\/\/piiisa.es\/project\/36a-psicologia-perinatal-y-programacion-fetal-crecimiento-y-desarrollo-antes-de-nacer\/<\/a><\/span><\/p>\n<p>El proyecto trata de dar una visi\u00f3n global de la importancia de la salud de la mujer durante todo el embarazo, el parto y posparto, de tal manera que su bienestar f\u00edsico y psicol\u00f3gico va a influir en su propia salud y en el desarrollo de enfermedades en sus beb\u00e9s. La huella biol\u00f3gica y psicol\u00f3gica que se produce durante los primeros momentos de vida (desde antes de nacer incluso), durante el nacimiento y los primeros meses tras el parto, van a marcar nuestra salud y enfermedad a lo largo de nuestra vida.<\/p>\n<p>Nuestros alumnos lo realizar\u00e1n en el Departamento de Enfermer\u00eda de la Facultad de Ciencias de la Salud, donde compartir\u00e1n con los investigadores en sus proyectos.<\/p>\n<p>&nbsp;<\/p>\n<p>&nbsp;<\/p>\n<p>&nbsp;<\/p>\n<div><\/div>\n<div>\u00a0\u00a0<\/div>\n<p>[\/et_pb_text][et_pb_gallery gallery_ids=\u00bb63510,63511,63512,63513,63514&#8243; _builder_version=\u00bb4.18.0&#8243; _module_preset=\u00bbdefault\u00bb global_colors_info=\u00bb{}\u00bb][\/et_pb_gallery][\/et_pb_column][\/et_pb_row][\/et_pb_section]<\/p>\n","protected":false},"excerpt":{"rendered":"<p>Nuestra alumna Ana Mar\u00eda S\u00e1nchez M\u00e9rida, de 2\u00b0de RPAE, quien ha quedado segunda en los conocidos premios @ExperienciaTV, de @CanalSur, con su reportaje \u00abUn tesoro sumergido\u00bb.<\/p>\n","protected":false},"author":2,"featured_media":16720,"comment_status":"open","ping_status":"open","sticky":false,"template":"","format":"standard","meta":{"_et_pb_use_builder":"on","_et_pb_old_content":"<div>El pasado s\u00e1bado 10 de diciembre tuvo lugar el tradicional concierto de Villancicos \"Granada es Rociera\" que este a\u00f1o ha alcanzado su d\u00e9cimo segunda edici\u00f3n y cuyos beneficios de 5 euros la entrada ha sido a beneficio de la Obra Social Salesiana y Salesianos de Ucrania.<\/div><div>\u00a0<\/div><div>Como es tradicional, el concierto tuvo lugar en el sal\u00f3n de actos del Colegio Salesiano San Juan Bosco de Granada y participaron los coros Infantil de Salesianos Granada, Coro Alcaicer\u00eda de Granada y el Coro de la Real e Ilustre Hermandad de Nuestra Se\u00f1ora del Roc\u00edo de Huelva con la colaboraci\u00f3n en los medios t\u00e9cnicos de alumnos de nuestro ciclo formativo de Audiovisuales y Espect\u00e1culos y su profesor Pablo Fern\u00e1ndez.<\/div><div>\u00a0<\/div><div>Fue una tarde especial la vivida el pasado s\u00e1bado en nuestro colegio con la direcci\u00f3n del coro onubense por don Juan Carlos Rubio que nos deleit\u00f3 con un magn\u00edfico repertorio de villancicos en esta jornada muy navide\u00f1a y rociera. El coro infantil del colegio salesiano de primaria dirigido por los profesores don David Ayala y don Javier Bravo como ya es tradicional su aportaci\u00f3n en los \u00faltimos a\u00f1os y como no, con la intervenci\u00f3n del coro organizador, el coro Alcaicer\u00eda de Granada dirigido por su director don Sergio Jim\u00e9nez.<\/div><div>\u00a0<\/div><div>Desde estas l\u00edneas agradecemos a los patrocinadores de dicho evento, a los tres coros su participaci\u00f3n y especialmente al coro Alcaicer\u00eda por la organizaci\u00f3n del evento y su solidaridad.<\/div><div>\u00a0<\/div><div><img class=\"alignnone size-thumbnail wp-image-63423\" src=\"https:\/\/granada.salesianos.edu\/wp-content\/uploads\/2022\/12\/cartel-Certamen-Villancicos-150x150.jpg\" alt=\"\" width=\"150\" height=\"150\" \/> <img class=\"alignnone size-thumbnail wp-image-63424\" src=\"https:\/\/granada.salesianos.edu\/wp-content\/uploads\/2022\/12\/Coro-Alcaiceria-150x150.jpg\" alt=\"\" width=\"150\" height=\"150\" \/> <img class=\"alignnone size-thumbnail wp-image-63425\" src=\"https:\/\/granada.salesianos.edu\/wp-content\/uploads\/2022\/12\/Coro-Hdad-Rocio-Huelva-150x150.jpg\" alt=\"\" width=\"150\" height=\"150\" \/><\/div>","_et_gb_content_width":"","footnotes":""},"categories":[20,27,11,12],"tags":[36,37],"class_list":["post-16721","post","type-post","status-publish","format-standard","has-post-thumbnail","hentry","category-bto","category-ciencias","category-colegio","category-portada","tag-bachillerato","tag-premios-piiisa"],"yoast_head":"<!-- This site is optimized with the Yoast SEO plugin v28.4 - https:\/\/yoast.com\/product\/yoast-seo-wordpress\/ -->\n<title>Nuestros alumnos de Bachillerato participan en el PROYECTO PIIISA, un proyecto organizado por la Delegaci\u00f3n de Educaci\u00f3n, la UGR y el CSIC. - Colegio Salesiano<\/title>\n<meta name=\"description\" content=\"Nuestros alumnos de Bachillerato participan en el PROYECTO PIIISA, un proyecto organizado por la Delegaci\u00f3n de Educaci\u00f3n, la UGR y el CSIC.\" \/>\n<meta name=\"robots\" content=\"index, follow, max-snippet:-1, max-image-preview:large, max-video-preview:-1\" \/>\n<link rel=\"canonical\" href=\"https:\/\/granada.salesianos.edu\/colegio\/blog\/nuestros-alumnos-de-bachillerato-participan-en-el-proyecto-piiisa-un-proyecto-organizado-por-la-delegacion-de-educacion-la-ugr-y-el-csic\/\" \/>\n<meta property=\"og:locale\" content=\"es_ES\" \/>\n<meta property=\"og:type\" content=\"article\" \/>\n<meta property=\"og:title\" content=\"Nuestros alumnos de Bachillerato participan en el PROYECTO PIIISA, un proyecto organizado por la Delegaci\u00f3n de Educaci\u00f3n, la UGR y el CSIC. - Colegio Salesiano\" \/>\n<meta property=\"og:description\" content=\"Nuestros alumnos de Bachillerato participan en el PROYECTO PIIISA, un proyecto organizado por la Delegaci\u00f3n de Educaci\u00f3n, la UGR y el CSIC.\" \/>\n<meta property=\"og:url\" content=\"https:\/\/granada.salesianos.edu\/colegio\/blog\/nuestros-alumnos-de-bachillerato-participan-en-el-proyecto-piiisa-un-proyecto-organizado-por-la-delegacion-de-educacion-la-ugr-y-el-csic\/\" \/>\n<meta property=\"og:site_name\" content=\"Colegio Salesiano\" \/>\n<meta property=\"article:publisher\" content=\"https:\/\/www.facebook.com\/SalesianosGR\/\" \/>\n<meta property=\"article:published_time\" content=\"2023-01-18T22:42:03+00:00\" \/>\n<meta property=\"article:modified_time\" content=\"2023-01-22T16:10:32+00:00\" \/>\n<meta property=\"og:image\" content=\"https:\/\/granada.salesianos.edu\/colegio\/wp-content\/uploads\/sites\/2\/2023\/01\/PROYECTO-PISSA1.jpg\" \/>\n\t<meta property=\"og:image:width\" content=\"1600\" \/>\n\t<meta property=\"og:image:height\" content=\"1200\" \/>\n\t<meta property=\"og:image:type\" content=\"image\/jpeg\" \/>\n<meta name=\"author\" content=\"Gestor Web\" \/>\n<meta name=\"twitter:card\" content=\"summary_large_image\" \/>\n<meta name=\"twitter:creator\" content=\"@GranadaSDB\" \/>\n<meta name=\"twitter:site\" content=\"@GranadaSDB\" \/>\n<meta name=\"twitter:label1\" content=\"Escrito por\" \/>\n\t<meta name=\"twitter:data1\" content=\"Gestor Web\" \/>\n\t<meta name=\"twitter:label2\" content=\"Tiempo de lectura\" \/>\n\t<meta name=\"twitter:data2\" content=\"3 minutos\" \/>\n<script type=\"application\/ld+json\" class=\"yoast-schema-graph\">{\"@context\":\"https:\\\/\\\/schema.org\",\"@graph\":[{\"@type\":\"Article\",\"@id\":\"https:\\\/\\\/granada.salesianos.edu\\\/colegio\\\/blog\\\/nuestros-alumnos-de-bachillerato-participan-en-el-proyecto-piiisa-un-proyecto-organizado-por-la-delegacion-de-educacion-la-ugr-y-el-csic\\\/#article\",\"isPartOf\":{\"@id\":\"https:\\\/\\\/granada.salesianos.edu\\\/colegio\\\/blog\\\/nuestros-alumnos-de-bachillerato-participan-en-el-proyecto-piiisa-un-proyecto-organizado-por-la-delegacion-de-educacion-la-ugr-y-el-csic\\\/\"},\"author\":{\"name\":\"Gestor Web\",\"@id\":\"https:\\\/\\\/granada.salesianos.edu\\\/colegio\\\/#\\\/schema\\\/person\\\/6392ff2e4bd1e66981d6eab734bbd962\"},\"headline\":\"Nuestros alumnos de Bachillerato participan en el PROYECTO PIIISA, un proyecto organizado por la Delegaci\u00f3n de Educaci\u00f3n, la UGR y el CSIC.\",\"datePublished\":\"2023-01-18T22:42:03+00:00\",\"dateModified\":\"2023-01-22T16:10:32+00:00\",\"mainEntityOfPage\":{\"@id\":\"https:\\\/\\\/granada.salesianos.edu\\\/colegio\\\/blog\\\/nuestros-alumnos-de-bachillerato-participan-en-el-proyecto-piiisa-un-proyecto-organizado-por-la-delegacion-de-educacion-la-ugr-y-el-csic\\\/\"},\"wordCount\":760,\"commentCount\":0,\"publisher\":{\"@id\":\"https:\\\/\\\/granada.salesianos.edu\\\/colegio\\\/#organization\"},\"image\":{\"@id\":\"https:\\\/\\\/granada.salesianos.edu\\\/colegio\\\/blog\\\/nuestros-alumnos-de-bachillerato-participan-en-el-proyecto-piiisa-un-proyecto-organizado-por-la-delegacion-de-educacion-la-ugr-y-el-csic\\\/#primaryimage\"},\"thumbnailUrl\":\"https:\\\/\\\/granada.salesianos.edu\\\/colegio\\\/wp-content\\\/uploads\\\/sites\\\/2\\\/2023\\\/01\\\/PROYECTO-PISSA1.jpg\",\"keywords\":[\"BACHILLERATO\",\"PREMIOS PIIISA\"],\"articleSection\":[\"BTO\",\"Ciencias\",\"Colegio\",\"Portada\"],\"inLanguage\":\"es\",\"potentialAction\":[{\"@type\":\"CommentAction\",\"name\":\"Comment\",\"target\":[\"https:\\\/\\\/granada.salesianos.edu\\\/colegio\\\/blog\\\/nuestros-alumnos-de-bachillerato-participan-en-el-proyecto-piiisa-un-proyecto-organizado-por-la-delegacion-de-educacion-la-ugr-y-el-csic\\\/#respond\"]}]},{\"@type\":\"WebPage\",\"@id\":\"https:\\\/\\\/granada.salesianos.edu\\\/colegio\\\/blog\\\/nuestros-alumnos-de-bachillerato-participan-en-el-proyecto-piiisa-un-proyecto-organizado-por-la-delegacion-de-educacion-la-ugr-y-el-csic\\\/\",\"url\":\"https:\\\/\\\/granada.salesianos.edu\\\/colegio\\\/blog\\\/nuestros-alumnos-de-bachillerato-participan-en-el-proyecto-piiisa-un-proyecto-organizado-por-la-delegacion-de-educacion-la-ugr-y-el-csic\\\/\",\"name\":\"Nuestros alumnos de Bachillerato participan en el PROYECTO PIIISA, un proyecto organizado por la Delegaci\u00f3n de Educaci\u00f3n, la UGR y el CSIC. - Colegio Salesiano\",\"isPartOf\":{\"@id\":\"https:\\\/\\\/granada.salesianos.edu\\\/colegio\\\/#website\"},\"primaryImageOfPage\":{\"@id\":\"https:\\\/\\\/granada.salesianos.edu\\\/colegio\\\/blog\\\/nuestros-alumnos-de-bachillerato-participan-en-el-proyecto-piiisa-un-proyecto-organizado-por-la-delegacion-de-educacion-la-ugr-y-el-csic\\\/#primaryimage\"},\"image\":{\"@id\":\"https:\\\/\\\/granada.salesianos.edu\\\/colegio\\\/blog\\\/nuestros-alumnos-de-bachillerato-participan-en-el-proyecto-piiisa-un-proyecto-organizado-por-la-delegacion-de-educacion-la-ugr-y-el-csic\\\/#primaryimage\"},\"thumbnailUrl\":\"https:\\\/\\\/granada.salesianos.edu\\\/colegio\\\/wp-content\\\/uploads\\\/sites\\\/2\\\/2023\\\/01\\\/PROYECTO-PISSA1.jpg\",\"datePublished\":\"2023-01-18T22:42:03+00:00\",\"dateModified\":\"2023-01-22T16:10:32+00:00\",\"description\":\"Nuestros alumnos de Bachillerato participan en el PROYECTO PIIISA, un proyecto organizado por la Delegaci\u00f3n de Educaci\u00f3n, la UGR y el CSIC.\",\"breadcrumb\":{\"@id\":\"https:\\\/\\\/granada.salesianos.edu\\\/colegio\\\/blog\\\/nuestros-alumnos-de-bachillerato-participan-en-el-proyecto-piiisa-un-proyecto-organizado-por-la-delegacion-de-educacion-la-ugr-y-el-csic\\\/#breadcrumb\"},\"inLanguage\":\"es\",\"potentialAction\":[{\"@type\":\"ReadAction\",\"target\":[\"https:\\\/\\\/granada.salesianos.edu\\\/colegio\\\/blog\\\/nuestros-alumnos-de-bachillerato-participan-en-el-proyecto-piiisa-un-proyecto-organizado-por-la-delegacion-de-educacion-la-ugr-y-el-csic\\\/\"]}]},{\"@type\":\"ImageObject\",\"inLanguage\":\"es\",\"@id\":\"https:\\\/\\\/granada.salesianos.edu\\\/colegio\\\/blog\\\/nuestros-alumnos-de-bachillerato-participan-en-el-proyecto-piiisa-un-proyecto-organizado-por-la-delegacion-de-educacion-la-ugr-y-el-csic\\\/#primaryimage\",\"url\":\"https:\\\/\\\/granada.salesianos.edu\\\/colegio\\\/wp-content\\\/uploads\\\/sites\\\/2\\\/2023\\\/01\\\/PROYECTO-PISSA1.jpg\",\"contentUrl\":\"https:\\\/\\\/granada.salesianos.edu\\\/colegio\\\/wp-content\\\/uploads\\\/sites\\\/2\\\/2023\\\/01\\\/PROYECTO-PISSA1.jpg\",\"width\":1600,\"height\":1200},{\"@type\":\"BreadcrumbList\",\"@id\":\"https:\\\/\\\/granada.salesianos.edu\\\/colegio\\\/blog\\\/nuestros-alumnos-de-bachillerato-participan-en-el-proyecto-piiisa-un-proyecto-organizado-por-la-delegacion-de-educacion-la-ugr-y-el-csic\\\/#breadcrumb\",\"itemListElement\":[{\"@type\":\"ListItem\",\"position\":1,\"name\":\"Portada\",\"item\":\"https:\\\/\\\/granada.salesianos.edu\\\/colegio\\\/\"},{\"@type\":\"ListItem\",\"position\":2,\"name\":\"Nuestros alumnos de Bachillerato participan en el PROYECTO PIIISA, un proyecto organizado por la Delegaci\u00f3n de Educaci\u00f3n, la UGR y el CSIC.\"}]},{\"@type\":\"WebSite\",\"@id\":\"https:\\\/\\\/granada.salesianos.edu\\\/colegio\\\/#website\",\"url\":\"https:\\\/\\\/granada.salesianos.edu\\\/colegio\\\/\",\"name\":\"Colegio Salesiano\",\"description\":\"P\u00e1gina oficial de Salesianos Granada San Juan Bosco\",\"publisher\":{\"@id\":\"https:\\\/\\\/granada.salesianos.edu\\\/colegio\\\/#organization\"},\"potentialAction\":[{\"@type\":\"SearchAction\",\"target\":{\"@type\":\"EntryPoint\",\"urlTemplate\":\"https:\\\/\\\/granada.salesianos.edu\\\/colegio\\\/?s={search_term_string}\"},\"query-input\":{\"@type\":\"PropertyValueSpecification\",\"valueRequired\":true,\"valueName\":\"search_term_string\"}}],\"inLanguage\":\"es\"},{\"@type\":\"Organization\",\"@id\":\"https:\\\/\\\/granada.salesianos.edu\\\/colegio\\\/#organization\",\"name\":\"Colegio Salesiano San Juan Bosco Granada\",\"url\":\"https:\\\/\\\/granada.salesianos.edu\\\/colegio\\\/\",\"logo\":{\"@type\":\"ImageObject\",\"inLanguage\":\"es\",\"@id\":\"https:\\\/\\\/granada.salesianos.edu\\\/colegio\\\/#\\\/schema\\\/logo\\\/image\\\/\",\"url\":\"https:\\\/\\\/granada.salesianos.edu\\\/colegio\\\/wp-content\\\/uploads\\\/sites\\\/2\\\/2021\\\/01\\\/GRANADAobraVN2.jpg\",\"contentUrl\":\"https:\\\/\\\/granada.salesianos.edu\\\/colegio\\\/wp-content\\\/uploads\\\/sites\\\/2\\\/2021\\\/01\\\/GRANADAobraVN2.jpg\",\"width\":2113,\"height\":1894,\"caption\":\"Colegio Salesiano San Juan Bosco Granada\"},\"image\":{\"@id\":\"https:\\\/\\\/granada.salesianos.edu\\\/colegio\\\/#\\\/schema\\\/logo\\\/image\\\/\"},\"sameAs\":[\"https:\\\/\\\/www.facebook.com\\\/SalesianosGR\\\/\",\"https:\\\/\\\/x.com\\\/GranadaSDB\",\"https:\\\/\\\/www.instagram.com\\\/salesianosgranada\\\/\",\"https:\\\/\\\/www.youtube.com\\\/channel\\\/UChkpZuhCf4Y5rYIcFT3CNxw?view_as=subscriber\"]},{\"@type\":\"Person\",\"@id\":\"https:\\\/\\\/granada.salesianos.edu\\\/colegio\\\/#\\\/schema\\\/person\\\/6392ff2e4bd1e66981d6eab734bbd962\",\"name\":\"Gestor Web\",\"image\":{\"@type\":\"ImageObject\",\"inLanguage\":\"es\",\"@id\":\"https:\\\/\\\/secure.gravatar.com\\\/avatar\\\/160666bb56a01520857079961a824af2b7821d6bad80677c80f2b473fceead1b?s=96&d=mm&r=g\",\"url\":\"https:\\\/\\\/secure.gravatar.com\\\/avatar\\\/160666bb56a01520857079961a824af2b7821d6bad80677c80f2b473fceead1b?s=96&d=mm&r=g\",\"contentUrl\":\"https:\\\/\\\/secure.gravatar.com\\\/avatar\\\/160666bb56a01520857079961a824af2b7821d6bad80677c80f2b473fceead1b?s=96&d=mm&r=g\",\"caption\":\"Gestor Web\"}}]}<\/script>\n<!-- \/ Yoast SEO plugin. -->","yoast_head_json":{"title":"Nuestros alumnos de Bachillerato participan en el PROYECTO PIIISA, un proyecto organizado por la Delegaci\u00f3n de Educaci\u00f3n, la UGR y el CSIC. - Colegio Salesiano","description":"Nuestros alumnos de Bachillerato participan en el PROYECTO PIIISA, un proyecto organizado por la Delegaci\u00f3n de Educaci\u00f3n, la UGR y el CSIC.","robots":{"index":"index","follow":"follow","max-snippet":"max-snippet:-1","max-image-preview":"max-image-preview:large","max-video-preview":"max-video-preview:-1"},"canonical":"https:\/\/granada.salesianos.edu\/colegio\/blog\/nuestros-alumnos-de-bachillerato-participan-en-el-proyecto-piiisa-un-proyecto-organizado-por-la-delegacion-de-educacion-la-ugr-y-el-csic\/","og_locale":"es_ES","og_type":"article","og_title":"Nuestros alumnos de Bachillerato participan en el PROYECTO PIIISA, un proyecto organizado por la Delegaci\u00f3n de Educaci\u00f3n, la UGR y el CSIC. - Colegio Salesiano","og_description":"Nuestros alumnos de Bachillerato participan en el PROYECTO PIIISA, un proyecto organizado por la Delegaci\u00f3n de Educaci\u00f3n, la UGR y el CSIC.","og_url":"https:\/\/granada.salesianos.edu\/colegio\/blog\/nuestros-alumnos-de-bachillerato-participan-en-el-proyecto-piiisa-un-proyecto-organizado-por-la-delegacion-de-educacion-la-ugr-y-el-csic\/","og_site_name":"Colegio Salesiano","article_publisher":"https:\/\/www.facebook.com\/SalesianosGR\/","article_published_time":"2023-01-18T22:42:03+00:00","article_modified_time":"2023-01-22T16:10:32+00:00","og_image":[{"width":1600,"height":1200,"url":"https:\/\/granada.salesianos.edu\/colegio\/wp-content\/uploads\/sites\/2\/2023\/01\/PROYECTO-PISSA1.jpg","type":"image\/jpeg"}],"author":"Gestor Web","twitter_card":"summary_large_image","twitter_creator":"@GranadaSDB","twitter_site":"@GranadaSDB","twitter_misc":{"Escrito por":"Gestor Web","Tiempo de lectura":"3 minutos"},"schema":{"@context":"https:\/\/schema.org","@graph":[{"@type":"Article","@id":"https:\/\/granada.salesianos.edu\/colegio\/blog\/nuestros-alumnos-de-bachillerato-participan-en-el-proyecto-piiisa-un-proyecto-organizado-por-la-delegacion-de-educacion-la-ugr-y-el-csic\/#article","isPartOf":{"@id":"https:\/\/granada.salesianos.edu\/colegio\/blog\/nuestros-alumnos-de-bachillerato-participan-en-el-proyecto-piiisa-un-proyecto-organizado-por-la-delegacion-de-educacion-la-ugr-y-el-csic\/"},"author":{"name":"Gestor Web","@id":"https:\/\/granada.salesianos.edu\/colegio\/#\/schema\/person\/6392ff2e4bd1e66981d6eab734bbd962"},"headline":"Nuestros alumnos de Bachillerato participan en el PROYECTO PIIISA, un proyecto organizado por la Delegaci\u00f3n de Educaci\u00f3n, la UGR y el CSIC.","datePublished":"2023-01-18T22:42:03+00:00","dateModified":"2023-01-22T16:10:32+00:00","mainEntityOfPage":{"@id":"https:\/\/granada.salesianos.edu\/colegio\/blog\/nuestros-alumnos-de-bachillerato-participan-en-el-proyecto-piiisa-un-proyecto-organizado-por-la-delegacion-de-educacion-la-ugr-y-el-csic\/"},"wordCount":760,"commentCount":0,"publisher":{"@id":"https:\/\/granada.salesianos.edu\/colegio\/#organization"},"image":{"@id":"https:\/\/granada.salesianos.edu\/colegio\/blog\/nuestros-alumnos-de-bachillerato-participan-en-el-proyecto-piiisa-un-proyecto-organizado-por-la-delegacion-de-educacion-la-ugr-y-el-csic\/#primaryimage"},"thumbnailUrl":"https:\/\/granada.salesianos.edu\/colegio\/wp-content\/uploads\/sites\/2\/2023\/01\/PROYECTO-PISSA1.jpg","keywords":["BACHILLERATO","PREMIOS PIIISA"],"articleSection":["BTO","Ciencias","Colegio","Portada"],"inLanguage":"es","potentialAction":[{"@type":"CommentAction","name":"Comment","target":["https:\/\/granada.salesianos.edu\/colegio\/blog\/nuestros-alumnos-de-bachillerato-participan-en-el-proyecto-piiisa-un-proyecto-organizado-por-la-delegacion-de-educacion-la-ugr-y-el-csic\/#respond"]}]},{"@type":"WebPage","@id":"https:\/\/granada.salesianos.edu\/colegio\/blog\/nuestros-alumnos-de-bachillerato-participan-en-el-proyecto-piiisa-un-proyecto-organizado-por-la-delegacion-de-educacion-la-ugr-y-el-csic\/","url":"https:\/\/granada.salesianos.edu\/colegio\/blog\/nuestros-alumnos-de-bachillerato-participan-en-el-proyecto-piiisa-un-proyecto-organizado-por-la-delegacion-de-educacion-la-ugr-y-el-csic\/","name":"Nuestros alumnos de Bachillerato participan en el PROYECTO PIIISA, un proyecto organizado por la Delegaci\u00f3n de Educaci\u00f3n, la UGR y el CSIC. - Colegio Salesiano","isPartOf":{"@id":"https:\/\/granada.salesianos.edu\/colegio\/#website"},"primaryImageOfPage":{"@id":"https:\/\/granada.salesianos.edu\/colegio\/blog\/nuestros-alumnos-de-bachillerato-participan-en-el-proyecto-piiisa-un-proyecto-organizado-por-la-delegacion-de-educacion-la-ugr-y-el-csic\/#primaryimage"},"image":{"@id":"https:\/\/granada.salesianos.edu\/colegio\/blog\/nuestros-alumnos-de-bachillerato-participan-en-el-proyecto-piiisa-un-proyecto-organizado-por-la-delegacion-de-educacion-la-ugr-y-el-csic\/#primaryimage"},"thumbnailUrl":"https:\/\/granada.salesianos.edu\/colegio\/wp-content\/uploads\/sites\/2\/2023\/01\/PROYECTO-PISSA1.jpg","datePublished":"2023-01-18T22:42:03+00:00","dateModified":"2023-01-22T16:10:32+00:00","description":"Nuestros alumnos de Bachillerato participan en el PROYECTO PIIISA, un proyecto organizado por la Delegaci\u00f3n de Educaci\u00f3n, la UGR y el CSIC.","breadcrumb":{"@id":"https:\/\/granada.salesianos.edu\/colegio\/blog\/nuestros-alumnos-de-bachillerato-participan-en-el-proyecto-piiisa-un-proyecto-organizado-por-la-delegacion-de-educacion-la-ugr-y-el-csic\/#breadcrumb"},"inLanguage":"es","potentialAction":[{"@type":"ReadAction","target":["https:\/\/granada.salesianos.edu\/colegio\/blog\/nuestros-alumnos-de-bachillerato-participan-en-el-proyecto-piiisa-un-proyecto-organizado-por-la-delegacion-de-educacion-la-ugr-y-el-csic\/"]}]},{"@type":"ImageObject","inLanguage":"es","@id":"https:\/\/granada.salesianos.edu\/colegio\/blog\/nuestros-alumnos-de-bachillerato-participan-en-el-proyecto-piiisa-un-proyecto-organizado-por-la-delegacion-de-educacion-la-ugr-y-el-csic\/#primaryimage","url":"https:\/\/granada.salesianos.edu\/colegio\/wp-content\/uploads\/sites\/2\/2023\/01\/PROYECTO-PISSA1.jpg","contentUrl":"https:\/\/granada.salesianos.edu\/colegio\/wp-content\/uploads\/sites\/2\/2023\/01\/PROYECTO-PISSA1.jpg","width":1600,"height":1200},{"@type":"BreadcrumbList","@id":"https:\/\/granada.salesianos.edu\/colegio\/blog\/nuestros-alumnos-de-bachillerato-participan-en-el-proyecto-piiisa-un-proyecto-organizado-por-la-delegacion-de-educacion-la-ugr-y-el-csic\/#breadcrumb","itemListElement":[{"@type":"ListItem","position":1,"name":"Portada","item":"https:\/\/granada.salesianos.edu\/colegio\/"},{"@type":"ListItem","position":2,"name":"Nuestros alumnos de Bachillerato participan en el PROYECTO PIIISA, un proyecto organizado por la Delegaci\u00f3n de Educaci\u00f3n, la UGR y el CSIC."}]},{"@type":"WebSite","@id":"https:\/\/granada.salesianos.edu\/colegio\/#website","url":"https:\/\/granada.salesianos.edu\/colegio\/","name":"Colegio Salesiano","description":"P\u00e1gina oficial de Salesianos Granada San Juan Bosco","publisher":{"@id":"https:\/\/granada.salesianos.edu\/colegio\/#organization"},"potentialAction":[{"@type":"SearchAction","target":{"@type":"EntryPoint","urlTemplate":"https:\/\/granada.salesianos.edu\/colegio\/?s={search_term_string}"},"query-input":{"@type":"PropertyValueSpecification","valueRequired":true,"valueName":"search_term_string"}}],"inLanguage":"es"},{"@type":"Organization","@id":"https:\/\/granada.salesianos.edu\/colegio\/#organization","name":"Colegio Salesiano San Juan Bosco Granada","url":"https:\/\/granada.salesianos.edu\/colegio\/","logo":{"@type":"ImageObject","inLanguage":"es","@id":"https:\/\/granada.salesianos.edu\/colegio\/#\/schema\/logo\/image\/","url":"https:\/\/granada.salesianos.edu\/colegio\/wp-content\/uploads\/sites\/2\/2021\/01\/GRANADAobraVN2.jpg","contentUrl":"https:\/\/granada.salesianos.edu\/colegio\/wp-content\/uploads\/sites\/2\/2021\/01\/GRANADAobraVN2.jpg","width":2113,"height":1894,"caption":"Colegio Salesiano San Juan Bosco Granada"},"image":{"@id":"https:\/\/granada.salesianos.edu\/colegio\/#\/schema\/logo\/image\/"},"sameAs":["https:\/\/www.facebook.com\/SalesianosGR\/","https:\/\/x.com\/GranadaSDB","https:\/\/www.instagram.com\/salesianosgranada\/","https:\/\/www.youtube.com\/channel\/UChkpZuhCf4Y5rYIcFT3CNxw?view_as=subscriber"]},{"@type":"Person","@id":"https:\/\/granada.salesianos.edu\/colegio\/#\/schema\/person\/6392ff2e4bd1e66981d6eab734bbd962","name":"Gestor Web","image":{"@type":"ImageObject","inLanguage":"es","@id":"https:\/\/secure.gravatar.com\/avatar\/160666bb56a01520857079961a824af2b7821d6bad80677c80f2b473fceead1b?s=96&d=mm&r=g","url":"https:\/\/secure.gravatar.com\/avatar\/160666bb56a01520857079961a824af2b7821d6bad80677c80f2b473fceead1b?s=96&d=mm&r=g","contentUrl":"https:\/\/secure.gravatar.com\/avatar\/160666bb56a01520857079961a824af2b7821d6bad80677c80f2b473fceead1b?s=96&d=mm&r=g","caption":"Gestor Web"}}]}},"_links":{"self":[{"href":"https:\/\/granada.salesianos.edu\/colegio\/wp-json\/wp\/v2\/posts\/16721","targetHints":{"allow":["GET"]}}],"collection":[{"href":"https:\/\/granada.salesianos.edu\/colegio\/wp-json\/wp\/v2\/posts"}],"about":[{"href":"https:\/\/granada.salesianos.edu\/colegio\/wp-json\/wp\/v2\/types\/post"}],"author":[{"embeddable":true,"href":"https:\/\/granada.salesianos.edu\/colegio\/wp-json\/wp\/v2\/users\/2"}],"replies":[{"embeddable":true,"href":"https:\/\/granada.salesianos.edu\/colegio\/wp-json\/wp\/v2\/comments?post=16721"}],"version-history":[{"count":3,"href":"https:\/\/granada.salesianos.edu\/colegio\/wp-json\/wp\/v2\/posts\/16721\/revisions"}],"predecessor-version":[{"id":16730,"href":"https:\/\/granada.salesianos.edu\/colegio\/wp-json\/wp\/v2\/posts\/16721\/revisions\/16730"}],"wp:featuredmedia":[{"embeddable":true,"href":"https:\/\/granada.salesianos.edu\/colegio\/wp-json\/wp\/v2\/media\/16720"}],"wp:attachment":[{"href":"https:\/\/granada.salesianos.edu\/colegio\/wp-json\/wp\/v2\/media?parent=16721"}],"wp:term":[{"taxonomy":"category","embeddable":true,"href":"https:\/\/granada.salesianos.edu\/colegio\/wp-json\/wp\/v2\/categories?post=16721"},{"taxonomy":"post_tag","embeddable":true,"href":"https:\/\/granada.salesianos.edu\/colegio\/wp-json\/wp\/v2\/tags?post=16721"}],"curies":[{"name":"wp","href":"https:\/\/api.w.org\/{rel}","templated":true}]}}