{"id":16756,"date":"2023-01-25T15:31:49","date_gmt":"2023-01-25T13:31:49","guid":{"rendered":"https:\/\/granada.salesianos.edu\/colegio\/?p=16756"},"modified":"2023-01-25T23:24:43","modified_gmt":"2023-01-25T21:24:43","slug":"entregado-el-premio-don-francisco-guzman-en-su-primera-edicion-al-periodista-y-antiguo-alumno-don-juan-andres-rejon","status":"publish","type":"post","link":"https:\/\/granada.salesianos.edu\/colegio\/blog\/entregado-el-premio-don-francisco-guzman-en-su-primera-edicion-al-periodista-y-antiguo-alumno-don-juan-andres-rejon\/","title":{"rendered":"Entregado el Premio Don Francisco Guzm\u00e1n en su primera edici\u00f3n al periodista y antiguo alumno Don Juan Andr\u00e9s Rej\u00f3n"},"content":{"rendered":"<div id=\"fb-root\"><\/div>\n<p>[et_pb_section fb_built=\u00bb1&#8243; _builder_version=\u00bb4.16&#8243; global_colors_info=\u00bb{}\u00bb][et_pb_row _builder_version=\u00bb4.18.0&#8243; _module_preset=\u00bbdefault\u00bb global_colors_info=\u00bb{}\u00bb][et_pb_column type=\u00bb4_4&#8243; _builder_version=\u00bb4.18.0&#8243; _module_preset=\u00bbdefault\u00bb global_colors_info=\u00bb{}\u00bb][et_pb_gallery gallery_ids=\u00bb63684,63668,63667,63676,63675,63666,63674,63673,63665,63664,63672,63671,63663,63662,63661,63669,63670,63678,63679,63681,63682,63683&#8243; _builder_version=\u00bb4.18.0&#8243; _module_preset=\u00bbdefault\u00bb global_colors_info=\u00bb{}\u00bb][\/et_pb_gallery][\/et_pb_column][\/et_pb_row][et_pb_row _builder_version=\u00bb4.18.0&#8243; _module_preset=\u00bbdefault\u00bb global_colors_info=\u00bb{}\u00bb][et_pb_column type=\u00bb4_4&#8243; _builder_version=\u00bb4.18.0&#8243; _module_preset=\u00bbdefault\u00bb global_colors_info=\u00bb{}\u00bb][et_pb_text _builder_version=\u00bb4.18.0&#8243; _module_preset=\u00bbdefault\u00bb global_colors_info=\u00bb{}\u00bb]<\/p>\n<p>En la tarde noche del 24 de enero, se ha entregado en el sal\u00f3n de actos del Colegio Salesiano San Juan Bosco de Granada, el Premio Don Francisco Guzm\u00e1n en su primera edici\u00f3n a Don Juan Andr\u00e9s Rej\u00f3n Cirre, director del programa Mas de Uno Granada, antiguo alumno salesiano, que declara que su per\u00edodo formativo en el Ciclo de Imagen y Sonido en el Colegio Salesiano junto con su inquietud desde peque\u00f1o, fueron decisivos para encaminar su carrera profesional en el maravilloso mundo de la radio.<\/p>\n<p>Juan Andr\u00e9s cuenta con 37 a\u00f1os de experiencia como profesional de la radio y vinculado al grupo Atresmedia desde sus inicios. Fue alumno del colegio salesiano del Triunfo y vivi\u00f3 de primera mano el traslado al popular barrio del Zaid\u00edn. Ha sido presentado desde la cercan\u00eda y el conocimiento por su profesor de su etapa como alumno, el tan querido Don Juan de Dios Caballero, que ha destacado las inquietudes del premiado, as\u00ed como el don de los metales de su voz en aquellos a\u00f1os tan necesario para transmitir a trav\u00e9s de las ondas de la radio.<\/p>\n<p>El galard\u00f3n recibido por el periodista granadino en su primera edici\u00f3n de los Premios de Comunicaci\u00f3n Audiovisual Don Francisco Guzm\u00e1n, es una de las iniciativas nacidas gracias a la comisi\u00f3n organizadora con motivo del 75 aniversario de la Congregaci\u00f3n Salesiana en la ciudad de Granada y es de destacar que este galard\u00f3n re\u00fane en la figura del profesor y sacerdote salesiano, Don Francisco Guzm\u00e1n, quien form\u00f3 a muchos de los profesionales del medio de la Comunicaci\u00f3n y el Audiovisual.<\/p>\n<p>El acto comenz\u00f3 con la intervenci\u00f3n de Don Miguel \u00c1ngel Pareja, presidente de la comisi\u00f3n del 75 Aniversario recordando la importancia de dejar constancia con este galard\u00f3n el reconocimiento a trav\u00e9s de los a\u00f1os de todas aquellas personas profesionales de la familia da la comunicaci\u00f3n y del mundo audiovisual. El acta del jurado de dicho premio ha sido dada a conocer por el presidente de la comisi\u00f3n de dicho premio, el profesor Don Pablo Fern\u00e1ndez Mar\u00edn.<\/p>\n<p>En el transcurso del acto intervinieron al piano nuestros alumnos Claudia y Rodrigo interpretando varias piezas cl\u00e1sicas y contamos con la intervenci\u00f3n de Jos\u00e9 Antonio Callejas, profesional de la comunicaci\u00f3n y tambi\u00e9n antiguo alumno salesiano que nos cont\u00f3 sus vivencias desde los 8 a\u00f1os y su participaci\u00f3n en el cine club Don Bosco, as\u00ed como otras vivencias con Don Francisco Guzm\u00e1n a lo largo de su formaci\u00f3n acad\u00e9mica.<\/p>\n<p>El premiado ha querido agradecer a la Comunidad Educativa y a los Salesianos la labor que realizan desde la cercan\u00eda y el cari\u00f1o por tantos y tantos j\u00f3venes que han pasado y que van a pasar por las aulas destacando lo emotivo que es para \u00e9l recibir esta primera edici\u00f3n y llevar con orgullo esta distinci\u00f3n por su cari\u00f1o al colegio y a las ense\u00f1anzas recibidas.<\/p>\n<p>Ha finalizado el acto con las buenas noches del director titular, Don Ernesto Granja, recordando la importancia de este premio dentro de un d\u00eda tan significativo como es este 24 de enero, festividad de San Francisco de Sales, patr\u00f3n de los periodistas, finalizando con la foto de familia de los asistentes al evento junto con nuestro antiguo alumno premiado, el periodista Don Juan Andr\u00e9s Rej\u00f3n Cirre.<\/p>\n<p>Agradeced a todos su asistencia y como no, desde este momento, queda convocado para el a\u00f1o que viene, la segunda edici\u00f3n del premio Don Francisco Guzm\u00e1n.<\/p>\n<p>[\/et_pb_text][\/et_pb_column][\/et_pb_row][\/et_pb_section]<\/p>\n","protected":false},"excerpt":{"rendered":"<p>En la tarde noche del 24 de enero, se ha entregado en el sal\u00f3n de actos del Colegio Salesiano San Juan Bosco de Granada, el Premio Don Francisco Guzm\u00e1n en su primera edici\u00f3n a Don Juan Andr\u00e9s Rej\u00f3n Cirre, director del programa Mas de Uno Granada, antiguo alumno salesiano, que declara que su per\u00edodo formativo en el Ciclo de Imagen y Sonido en el Colegio Salesiano junto con su inquietud desde peque\u00f1o, fueron decisivos para encaminar su carrera profesional en el maravilloso mundo de la radio.<\/p>\n","protected":false},"author":2,"featured_media":16757,"comment_status":"open","ping_status":"open","sticky":false,"template":"","format":"standard","meta":{"_et_pb_use_builder":"on","_et_pb_old_content":"<div>El pasado s\u00e1bado 10 de diciembre tuvo lugar el tradicional concierto de Villancicos \"Granada es Rociera\" que este a\u00f1o ha alcanzado su d\u00e9cimo segunda edici\u00f3n y cuyos beneficios de 5 euros la entrada ha sido a beneficio de la Obra Social Salesiana y Salesianos de Ucrania.<\/div><div>\u00a0<\/div><div>Como es tradicional, el concierto tuvo lugar en el sal\u00f3n de actos del Colegio Salesiano San Juan Bosco de Granada y participaron los coros Infantil de Salesianos Granada, Coro Alcaicer\u00eda de Granada y el Coro de la Real e Ilustre Hermandad de Nuestra Se\u00f1ora del Roc\u00edo de Huelva con la colaboraci\u00f3n en los medios t\u00e9cnicos de alumnos de nuestro ciclo formativo de Audiovisuales y Espect\u00e1culos y su profesor Pablo Fern\u00e1ndez.<\/div><div>\u00a0<\/div><div>Fue una tarde especial la vivida el pasado s\u00e1bado en nuestro colegio con la direcci\u00f3n del coro onubense por don Juan Carlos Rubio que nos deleit\u00f3 con un magn\u00edfico repertorio de villancicos en esta jornada muy navide\u00f1a y rociera. El coro infantil del colegio salesiano de primaria dirigido por los profesores don David Ayala y don Javier Bravo como ya es tradicional su aportaci\u00f3n en los \u00faltimos a\u00f1os y como no, con la intervenci\u00f3n del coro organizador, el coro Alcaicer\u00eda de Granada dirigido por su director don Sergio Jim\u00e9nez.<\/div><div>\u00a0<\/div><div>Desde estas l\u00edneas agradecemos a los patrocinadores de dicho evento, a los tres coros su participaci\u00f3n y especialmente al coro Alcaicer\u00eda por la organizaci\u00f3n del evento y su solidaridad.<\/div><div>\u00a0<\/div><div><img class=\"alignnone size-thumbnail wp-image-63423\" src=\"https:\/\/granada.salesianos.edu\/wp-content\/uploads\/2022\/12\/cartel-Certamen-Villancicos-150x150.jpg\" alt=\"\" width=\"150\" height=\"150\" \/> <img class=\"alignnone size-thumbnail wp-image-63424\" src=\"https:\/\/granada.salesianos.edu\/wp-content\/uploads\/2022\/12\/Coro-Alcaiceria-150x150.jpg\" alt=\"\" width=\"150\" height=\"150\" \/> <img class=\"alignnone size-thumbnail wp-image-63425\" src=\"https:\/\/granada.salesianos.edu\/wp-content\/uploads\/2022\/12\/Coro-Hdad-Rocio-Huelva-150x150.jpg\" alt=\"\" width=\"150\" height=\"150\" \/><\/div>","_et_gb_content_width":"","footnotes":""},"categories":[11,21,24,12],"tags":[38,39,40],"class_list":["post-16756","post","type-post","status-publish","format-standard","has-post-thumbnail","hentry","category-colegio","category-fp","category-plataformas-sociales","category-portada","tag-francisco-guzman","tag-imagen-y-sonido","tag-premios"],"yoast_head":"<!-- This site is optimized with the Yoast SEO plugin v28.4 - https:\/\/yoast.com\/product\/yoast-seo-wordpress\/ -->\n<title>Entregado el Premio Don Francisco Guzm\u00e1n en su primera edici\u00f3n al periodista y antiguo alumno Don Juan Andr\u00e9s Rej\u00f3n - Colegio Salesiano<\/title>\n<meta name=\"description\" content=\"En la tarde noche del 24 de enero, se ha entregado en el sal\u00f3n de actos del Colegio Salesiano San Juan Bosco de Granada, el Premio Don Francisco Guzm\u00e1n en su primera edici\u00f3n a Don Juan Andr\u00e9s Rej\u00f3n Cirre, director del programa Mas de Uno Granada, antiguo alumno salesiano, que declara que su per\u00edodo formativo en el Ciclo de Imagen y Sonido en el Colegio Salesiano junto con su inquietud desde peque\u00f1o, fueron decisivos para encaminar su carrera profesional en el maravilloso mundo de la radio.\" \/>\n<meta name=\"robots\" content=\"index, follow, max-snippet:-1, max-image-preview:large, max-video-preview:-1\" \/>\n<link rel=\"canonical\" href=\"https:\/\/granada.salesianos.edu\/colegio\/blog\/entregado-el-premio-don-francisco-guzman-en-su-primera-edicion-al-periodista-y-antiguo-alumno-don-juan-andres-rejon\/\" \/>\n<meta property=\"og:locale\" content=\"es_ES\" \/>\n<meta property=\"og:type\" content=\"article\" \/>\n<meta property=\"og:title\" content=\"Entregado el Premio Don Francisco Guzm\u00e1n en su primera edici\u00f3n al periodista y antiguo alumno Don Juan Andr\u00e9s Rej\u00f3n - Colegio Salesiano\" \/>\n<meta property=\"og:description\" content=\"En la tarde noche del 24 de enero, se ha entregado en el sal\u00f3n de actos del Colegio Salesiano San Juan Bosco de Granada, el Premio Don Francisco Guzm\u00e1n en su primera edici\u00f3n a Don Juan Andr\u00e9s Rej\u00f3n Cirre, director del programa Mas de Uno Granada, antiguo alumno salesiano, que declara que su per\u00edodo formativo en el Ciclo de Imagen y Sonido en el Colegio Salesiano junto con su inquietud desde peque\u00f1o, fueron decisivos para encaminar su carrera profesional en el maravilloso mundo de la radio.\" \/>\n<meta property=\"og:url\" content=\"https:\/\/granada.salesianos.edu\/colegio\/blog\/entregado-el-premio-don-francisco-guzman-en-su-primera-edicion-al-periodista-y-antiguo-alumno-don-juan-andres-rejon\/\" \/>\n<meta property=\"og:site_name\" content=\"Colegio Salesiano\" \/>\n<meta property=\"article:publisher\" content=\"https:\/\/www.facebook.com\/SalesianosGR\/\" \/>\n<meta property=\"article:published_time\" content=\"2023-01-25T13:31:49+00:00\" \/>\n<meta property=\"article:modified_time\" content=\"2023-01-25T21:24:43+00:00\" \/>\n<meta property=\"og:image\" content=\"https:\/\/granada.salesianos.edu\/colegio\/wp-content\/uploads\/sites\/2\/2023\/01\/0AJ4992-scaled.jpg\" \/>\n\t<meta property=\"og:image:width\" content=\"2560\" \/>\n\t<meta property=\"og:image:height\" content=\"1707\" \/>\n\t<meta property=\"og:image:type\" content=\"image\/jpeg\" \/>\n<meta name=\"author\" content=\"Gestor Web\" \/>\n<meta name=\"twitter:card\" content=\"summary_large_image\" \/>\n<meta name=\"twitter:creator\" content=\"@GranadaSDB\" \/>\n<meta name=\"twitter:site\" content=\"@GranadaSDB\" \/>\n<meta name=\"twitter:label1\" content=\"Escrito por\" \/>\n\t<meta name=\"twitter:data1\" content=\"Gestor Web\" \/>\n\t<meta name=\"twitter:label2\" content=\"Tiempo de lectura\" \/>\n\t<meta name=\"twitter:data2\" content=\"3 minutos\" \/>\n<script type=\"application\/ld+json\" class=\"yoast-schema-graph\">{\"@context\":\"https:\\\/\\\/schema.org\",\"@graph\":[{\"@type\":\"Article\",\"@id\":\"https:\\\/\\\/granada.salesianos.edu\\\/colegio\\\/blog\\\/entregado-el-premio-don-francisco-guzman-en-su-primera-edicion-al-periodista-y-antiguo-alumno-don-juan-andres-rejon\\\/#article\",\"isPartOf\":{\"@id\":\"https:\\\/\\\/granada.salesianos.edu\\\/colegio\\\/blog\\\/entregado-el-premio-don-francisco-guzman-en-su-primera-edicion-al-periodista-y-antiguo-alumno-don-juan-andres-rejon\\\/\"},\"author\":{\"name\":\"Gestor Web\",\"@id\":\"https:\\\/\\\/granada.salesianos.edu\\\/colegio\\\/#\\\/schema\\\/person\\\/6392ff2e4bd1e66981d6eab734bbd962\"},\"headline\":\"Entregado el Premio Don Francisco Guzm\u00e1n en su primera edici\u00f3n al periodista y antiguo alumno Don Juan Andr\u00e9s Rej\u00f3n\",\"datePublished\":\"2023-01-25T13:31:49+00:00\",\"dateModified\":\"2023-01-25T21:24:43+00:00\",\"mainEntityOfPage\":{\"@id\":\"https:\\\/\\\/granada.salesianos.edu\\\/colegio\\\/blog\\\/entregado-el-premio-don-francisco-guzman-en-su-primera-edicion-al-periodista-y-antiguo-alumno-don-juan-andres-rejon\\\/\"},\"wordCount\":737,\"commentCount\":0,\"publisher\":{\"@id\":\"https:\\\/\\\/granada.salesianos.edu\\\/colegio\\\/#organization\"},\"image\":{\"@id\":\"https:\\\/\\\/granada.salesianos.edu\\\/colegio\\\/blog\\\/entregado-el-premio-don-francisco-guzman-en-su-primera-edicion-al-periodista-y-antiguo-alumno-don-juan-andres-rejon\\\/#primaryimage\"},\"thumbnailUrl\":\"https:\\\/\\\/granada.salesianos.edu\\\/colegio\\\/wp-content\\\/uploads\\\/sites\\\/2\\\/2023\\\/01\\\/0AJ4992-scaled.jpg\",\"keywords\":[\"FRANCISCO GUZMAN\",\"IMAGEN Y SONIDO\",\"PREMIOS\"],\"articleSection\":[\"Colegio\",\"FP\",\"Plataformas sociales\",\"Portada\"],\"inLanguage\":\"es\",\"potentialAction\":[{\"@type\":\"CommentAction\",\"name\":\"Comment\",\"target\":[\"https:\\\/\\\/granada.salesianos.edu\\\/colegio\\\/blog\\\/entregado-el-premio-don-francisco-guzman-en-su-primera-edicion-al-periodista-y-antiguo-alumno-don-juan-andres-rejon\\\/#respond\"]}]},{\"@type\":\"WebPage\",\"@id\":\"https:\\\/\\\/granada.salesianos.edu\\\/colegio\\\/blog\\\/entregado-el-premio-don-francisco-guzman-en-su-primera-edicion-al-periodista-y-antiguo-alumno-don-juan-andres-rejon\\\/\",\"url\":\"https:\\\/\\\/granada.salesianos.edu\\\/colegio\\\/blog\\\/entregado-el-premio-don-francisco-guzman-en-su-primera-edicion-al-periodista-y-antiguo-alumno-don-juan-andres-rejon\\\/\",\"name\":\"Entregado el Premio Don Francisco Guzm\u00e1n en su primera edici\u00f3n al periodista y antiguo alumno Don Juan Andr\u00e9s Rej\u00f3n - Colegio Salesiano\",\"isPartOf\":{\"@id\":\"https:\\\/\\\/granada.salesianos.edu\\\/colegio\\\/#website\"},\"primaryImageOfPage\":{\"@id\":\"https:\\\/\\\/granada.salesianos.edu\\\/colegio\\\/blog\\\/entregado-el-premio-don-francisco-guzman-en-su-primera-edicion-al-periodista-y-antiguo-alumno-don-juan-andres-rejon\\\/#primaryimage\"},\"image\":{\"@id\":\"https:\\\/\\\/granada.salesianos.edu\\\/colegio\\\/blog\\\/entregado-el-premio-don-francisco-guzman-en-su-primera-edicion-al-periodista-y-antiguo-alumno-don-juan-andres-rejon\\\/#primaryimage\"},\"thumbnailUrl\":\"https:\\\/\\\/granada.salesianos.edu\\\/colegio\\\/wp-content\\\/uploads\\\/sites\\\/2\\\/2023\\\/01\\\/0AJ4992-scaled.jpg\",\"datePublished\":\"2023-01-25T13:31:49+00:00\",\"dateModified\":\"2023-01-25T21:24:43+00:00\",\"description\":\"En la tarde noche del 24 de enero, se ha entregado en el sal\u00f3n de actos del Colegio Salesiano San Juan Bosco de Granada, el Premio Don Francisco Guzm\u00e1n en su primera edici\u00f3n a Don Juan Andr\u00e9s Rej\u00f3n Cirre, director del programa Mas de Uno Granada, antiguo alumno salesiano, que declara que su per\u00edodo formativo en el Ciclo de Imagen y Sonido en el Colegio Salesiano junto con su inquietud desde peque\u00f1o, fueron decisivos para encaminar su carrera profesional en el maravilloso mundo de la radio.\",\"breadcrumb\":{\"@id\":\"https:\\\/\\\/granada.salesianos.edu\\\/colegio\\\/blog\\\/entregado-el-premio-don-francisco-guzman-en-su-primera-edicion-al-periodista-y-antiguo-alumno-don-juan-andres-rejon\\\/#breadcrumb\"},\"inLanguage\":\"es\",\"potentialAction\":[{\"@type\":\"ReadAction\",\"target\":[\"https:\\\/\\\/granada.salesianos.edu\\\/colegio\\\/blog\\\/entregado-el-premio-don-francisco-guzman-en-su-primera-edicion-al-periodista-y-antiguo-alumno-don-juan-andres-rejon\\\/\"]}]},{\"@type\":\"ImageObject\",\"inLanguage\":\"es\",\"@id\":\"https:\\\/\\\/granada.salesianos.edu\\\/colegio\\\/blog\\\/entregado-el-premio-don-francisco-guzman-en-su-primera-edicion-al-periodista-y-antiguo-alumno-don-juan-andres-rejon\\\/#primaryimage\",\"url\":\"https:\\\/\\\/granada.salesianos.edu\\\/colegio\\\/wp-content\\\/uploads\\\/sites\\\/2\\\/2023\\\/01\\\/0AJ4992-scaled.jpg\",\"contentUrl\":\"https:\\\/\\\/granada.salesianos.edu\\\/colegio\\\/wp-content\\\/uploads\\\/sites\\\/2\\\/2023\\\/01\\\/0AJ4992-scaled.jpg\",\"width\":2560,\"height\":1707,\"caption\":\"En la tarde noche del 24 de enero, se ha entregado en el sal\u00f3n de actos del Colegio Salesiano San Juan Bosco de Granada, el Premio Don Francisco Guzm\u00e1n en su primera edici\u00f3n a Don Juan Andr\u00e9s Rej\u00f3n Cirre, director del programa Mas de Uno Granada, antiguo alumno salesiano, que declara que su per\u00edodo formativo en el Ciclo de Imagen y Sonido en el Colegio Salesiano junto con su inquietud desde peque\u00f1o, fueron decisivos para encaminar su carrera profesional en el maravilloso mundo de la radio.\"},{\"@type\":\"BreadcrumbList\",\"@id\":\"https:\\\/\\\/granada.salesianos.edu\\\/colegio\\\/blog\\\/entregado-el-premio-don-francisco-guzman-en-su-primera-edicion-al-periodista-y-antiguo-alumno-don-juan-andres-rejon\\\/#breadcrumb\",\"itemListElement\":[{\"@type\":\"ListItem\",\"position\":1,\"name\":\"Portada\",\"item\":\"https:\\\/\\\/granada.salesianos.edu\\\/colegio\\\/\"},{\"@type\":\"ListItem\",\"position\":2,\"name\":\"Entregado el Premio Don Francisco Guzm\u00e1n en su primera edici\u00f3n al periodista y antiguo alumno Don Juan Andr\u00e9s Rej\u00f3n\"}]},{\"@type\":\"WebSite\",\"@id\":\"https:\\\/\\\/granada.salesianos.edu\\\/colegio\\\/#website\",\"url\":\"https:\\\/\\\/granada.salesianos.edu\\\/colegio\\\/\",\"name\":\"Colegio Salesiano\",\"description\":\"P\u00e1gina oficial de Salesianos Granada San Juan Bosco\",\"publisher\":{\"@id\":\"https:\\\/\\\/granada.salesianos.edu\\\/colegio\\\/#organization\"},\"potentialAction\":[{\"@type\":\"SearchAction\",\"target\":{\"@type\":\"EntryPoint\",\"urlTemplate\":\"https:\\\/\\\/granada.salesianos.edu\\\/colegio\\\/?s={search_term_string}\"},\"query-input\":{\"@type\":\"PropertyValueSpecification\",\"valueRequired\":true,\"valueName\":\"search_term_string\"}}],\"inLanguage\":\"es\"},{\"@type\":\"Organization\",\"@id\":\"https:\\\/\\\/granada.salesianos.edu\\\/colegio\\\/#organization\",\"name\":\"Colegio Salesiano San Juan Bosco Granada\",\"url\":\"https:\\\/\\\/granada.salesianos.edu\\\/colegio\\\/\",\"logo\":{\"@type\":\"ImageObject\",\"inLanguage\":\"es\",\"@id\":\"https:\\\/\\\/granada.salesianos.edu\\\/colegio\\\/#\\\/schema\\\/logo\\\/image\\\/\",\"url\":\"https:\\\/\\\/granada.salesianos.edu\\\/colegio\\\/wp-content\\\/uploads\\\/sites\\\/2\\\/2021\\\/01\\\/GRANADAobraVN2.jpg\",\"contentUrl\":\"https:\\\/\\\/granada.salesianos.edu\\\/colegio\\\/wp-content\\\/uploads\\\/sites\\\/2\\\/2021\\\/01\\\/GRANADAobraVN2.jpg\",\"width\":2113,\"height\":1894,\"caption\":\"Colegio Salesiano San Juan Bosco Granada\"},\"image\":{\"@id\":\"https:\\\/\\\/granada.salesianos.edu\\\/colegio\\\/#\\\/schema\\\/logo\\\/image\\\/\"},\"sameAs\":[\"https:\\\/\\\/www.facebook.com\\\/SalesianosGR\\\/\",\"https:\\\/\\\/x.com\\\/GranadaSDB\",\"https:\\\/\\\/www.instagram.com\\\/salesianosgranada\\\/\",\"https:\\\/\\\/www.youtube.com\\\/channel\\\/UChkpZuhCf4Y5rYIcFT3CNxw?view_as=subscriber\"]},{\"@type\":\"Person\",\"@id\":\"https:\\\/\\\/granada.salesianos.edu\\\/colegio\\\/#\\\/schema\\\/person\\\/6392ff2e4bd1e66981d6eab734bbd962\",\"name\":\"Gestor Web\",\"image\":{\"@type\":\"ImageObject\",\"inLanguage\":\"es\",\"@id\":\"https:\\\/\\\/secure.gravatar.com\\\/avatar\\\/160666bb56a01520857079961a824af2b7821d6bad80677c80f2b473fceead1b?s=96&d=mm&r=g\",\"url\":\"https:\\\/\\\/secure.gravatar.com\\\/avatar\\\/160666bb56a01520857079961a824af2b7821d6bad80677c80f2b473fceead1b?s=96&d=mm&r=g\",\"contentUrl\":\"https:\\\/\\\/secure.gravatar.com\\\/avatar\\\/160666bb56a01520857079961a824af2b7821d6bad80677c80f2b473fceead1b?s=96&d=mm&r=g\",\"caption\":\"Gestor Web\"}}]}<\/script>\n<!-- \/ Yoast SEO plugin. -->","yoast_head_json":{"title":"Entregado el Premio Don Francisco Guzm\u00e1n en su primera edici\u00f3n al periodista y antiguo alumno Don Juan Andr\u00e9s Rej\u00f3n - Colegio Salesiano","description":"En la tarde noche del 24 de enero, se ha entregado en el sal\u00f3n de actos del Colegio Salesiano San Juan Bosco de Granada, el Premio Don Francisco Guzm\u00e1n en su primera edici\u00f3n a Don Juan Andr\u00e9s Rej\u00f3n Cirre, director del programa Mas de Uno Granada, antiguo alumno salesiano, que declara que su per\u00edodo formativo en el Ciclo de Imagen y Sonido en el Colegio Salesiano junto con su inquietud desde peque\u00f1o, fueron decisivos para encaminar su carrera profesional en el maravilloso mundo de la radio.","robots":{"index":"index","follow":"follow","max-snippet":"max-snippet:-1","max-image-preview":"max-image-preview:large","max-video-preview":"max-video-preview:-1"},"canonical":"https:\/\/granada.salesianos.edu\/colegio\/blog\/entregado-el-premio-don-francisco-guzman-en-su-primera-edicion-al-periodista-y-antiguo-alumno-don-juan-andres-rejon\/","og_locale":"es_ES","og_type":"article","og_title":"Entregado el Premio Don Francisco Guzm\u00e1n en su primera edici\u00f3n al periodista y antiguo alumno Don Juan Andr\u00e9s Rej\u00f3n - Colegio Salesiano","og_description":"En la tarde noche del 24 de enero, se ha entregado en el sal\u00f3n de actos del Colegio Salesiano San Juan Bosco de Granada, el Premio Don Francisco Guzm\u00e1n en su primera edici\u00f3n a Don Juan Andr\u00e9s Rej\u00f3n Cirre, director del programa Mas de Uno Granada, antiguo alumno salesiano, que declara que su per\u00edodo formativo en el Ciclo de Imagen y Sonido en el Colegio Salesiano junto con su inquietud desde peque\u00f1o, fueron decisivos para encaminar su carrera profesional en el maravilloso mundo de la radio.","og_url":"https:\/\/granada.salesianos.edu\/colegio\/blog\/entregado-el-premio-don-francisco-guzman-en-su-primera-edicion-al-periodista-y-antiguo-alumno-don-juan-andres-rejon\/","og_site_name":"Colegio Salesiano","article_publisher":"https:\/\/www.facebook.com\/SalesianosGR\/","article_published_time":"2023-01-25T13:31:49+00:00","article_modified_time":"2023-01-25T21:24:43+00:00","og_image":[{"width":2560,"height":1707,"url":"https:\/\/granada.salesianos.edu\/colegio\/wp-content\/uploads\/sites\/2\/2023\/01\/0AJ4992-scaled.jpg","type":"image\/jpeg"}],"author":"Gestor Web","twitter_card":"summary_large_image","twitter_creator":"@GranadaSDB","twitter_site":"@GranadaSDB","twitter_misc":{"Escrito por":"Gestor Web","Tiempo de lectura":"3 minutos"},"schema":{"@context":"https:\/\/schema.org","@graph":[{"@type":"Article","@id":"https:\/\/granada.salesianos.edu\/colegio\/blog\/entregado-el-premio-don-francisco-guzman-en-su-primera-edicion-al-periodista-y-antiguo-alumno-don-juan-andres-rejon\/#article","isPartOf":{"@id":"https:\/\/granada.salesianos.edu\/colegio\/blog\/entregado-el-premio-don-francisco-guzman-en-su-primera-edicion-al-periodista-y-antiguo-alumno-don-juan-andres-rejon\/"},"author":{"name":"Gestor Web","@id":"https:\/\/granada.salesianos.edu\/colegio\/#\/schema\/person\/6392ff2e4bd1e66981d6eab734bbd962"},"headline":"Entregado el Premio Don Francisco Guzm\u00e1n en su primera edici\u00f3n al periodista y antiguo alumno Don Juan Andr\u00e9s Rej\u00f3n","datePublished":"2023-01-25T13:31:49+00:00","dateModified":"2023-01-25T21:24:43+00:00","mainEntityOfPage":{"@id":"https:\/\/granada.salesianos.edu\/colegio\/blog\/entregado-el-premio-don-francisco-guzman-en-su-primera-edicion-al-periodista-y-antiguo-alumno-don-juan-andres-rejon\/"},"wordCount":737,"commentCount":0,"publisher":{"@id":"https:\/\/granada.salesianos.edu\/colegio\/#organization"},"image":{"@id":"https:\/\/granada.salesianos.edu\/colegio\/blog\/entregado-el-premio-don-francisco-guzman-en-su-primera-edicion-al-periodista-y-antiguo-alumno-don-juan-andres-rejon\/#primaryimage"},"thumbnailUrl":"https:\/\/granada.salesianos.edu\/colegio\/wp-content\/uploads\/sites\/2\/2023\/01\/0AJ4992-scaled.jpg","keywords":["FRANCISCO GUZMAN","IMAGEN Y SONIDO","PREMIOS"],"articleSection":["Colegio","FP","Plataformas sociales","Portada"],"inLanguage":"es","potentialAction":[{"@type":"CommentAction","name":"Comment","target":["https:\/\/granada.salesianos.edu\/colegio\/blog\/entregado-el-premio-don-francisco-guzman-en-su-primera-edicion-al-periodista-y-antiguo-alumno-don-juan-andres-rejon\/#respond"]}]},{"@type":"WebPage","@id":"https:\/\/granada.salesianos.edu\/colegio\/blog\/entregado-el-premio-don-francisco-guzman-en-su-primera-edicion-al-periodista-y-antiguo-alumno-don-juan-andres-rejon\/","url":"https:\/\/granada.salesianos.edu\/colegio\/blog\/entregado-el-premio-don-francisco-guzman-en-su-primera-edicion-al-periodista-y-antiguo-alumno-don-juan-andres-rejon\/","name":"Entregado el Premio Don Francisco Guzm\u00e1n en su primera edici\u00f3n al periodista y antiguo alumno Don Juan Andr\u00e9s Rej\u00f3n - Colegio Salesiano","isPartOf":{"@id":"https:\/\/granada.salesianos.edu\/colegio\/#website"},"primaryImageOfPage":{"@id":"https:\/\/granada.salesianos.edu\/colegio\/blog\/entregado-el-premio-don-francisco-guzman-en-su-primera-edicion-al-periodista-y-antiguo-alumno-don-juan-andres-rejon\/#primaryimage"},"image":{"@id":"https:\/\/granada.salesianos.edu\/colegio\/blog\/entregado-el-premio-don-francisco-guzman-en-su-primera-edicion-al-periodista-y-antiguo-alumno-don-juan-andres-rejon\/#primaryimage"},"thumbnailUrl":"https:\/\/granada.salesianos.edu\/colegio\/wp-content\/uploads\/sites\/2\/2023\/01\/0AJ4992-scaled.jpg","datePublished":"2023-01-25T13:31:49+00:00","dateModified":"2023-01-25T21:24:43+00:00","description":"En la tarde noche del 24 de enero, se ha entregado en el sal\u00f3n de actos del Colegio Salesiano San Juan Bosco de Granada, el Premio Don Francisco Guzm\u00e1n en su primera edici\u00f3n a Don Juan Andr\u00e9s Rej\u00f3n Cirre, director del programa Mas de Uno Granada, antiguo alumno salesiano, que declara que su per\u00edodo formativo en el Ciclo de Imagen y Sonido en el Colegio Salesiano junto con su inquietud desde peque\u00f1o, fueron decisivos para encaminar su carrera profesional en el maravilloso mundo de la radio.","breadcrumb":{"@id":"https:\/\/granada.salesianos.edu\/colegio\/blog\/entregado-el-premio-don-francisco-guzman-en-su-primera-edicion-al-periodista-y-antiguo-alumno-don-juan-andres-rejon\/#breadcrumb"},"inLanguage":"es","potentialAction":[{"@type":"ReadAction","target":["https:\/\/granada.salesianos.edu\/colegio\/blog\/entregado-el-premio-don-francisco-guzman-en-su-primera-edicion-al-periodista-y-antiguo-alumno-don-juan-andres-rejon\/"]}]},{"@type":"ImageObject","inLanguage":"es","@id":"https:\/\/granada.salesianos.edu\/colegio\/blog\/entregado-el-premio-don-francisco-guzman-en-su-primera-edicion-al-periodista-y-antiguo-alumno-don-juan-andres-rejon\/#primaryimage","url":"https:\/\/granada.salesianos.edu\/colegio\/wp-content\/uploads\/sites\/2\/2023\/01\/0AJ4992-scaled.jpg","contentUrl":"https:\/\/granada.salesianos.edu\/colegio\/wp-content\/uploads\/sites\/2\/2023\/01\/0AJ4992-scaled.jpg","width":2560,"height":1707,"caption":"En la tarde noche del 24 de enero, se ha entregado en el sal\u00f3n de actos del Colegio Salesiano San Juan Bosco de Granada, el Premio Don Francisco Guzm\u00e1n en su primera edici\u00f3n a Don Juan Andr\u00e9s Rej\u00f3n Cirre, director del programa Mas de Uno Granada, antiguo alumno salesiano, que declara que su per\u00edodo formativo en el Ciclo de Imagen y Sonido en el Colegio Salesiano junto con su inquietud desde peque\u00f1o, fueron decisivos para encaminar su carrera profesional en el maravilloso mundo de la radio."},{"@type":"BreadcrumbList","@id":"https:\/\/granada.salesianos.edu\/colegio\/blog\/entregado-el-premio-don-francisco-guzman-en-su-primera-edicion-al-periodista-y-antiguo-alumno-don-juan-andres-rejon\/#breadcrumb","itemListElement":[{"@type":"ListItem","position":1,"name":"Portada","item":"https:\/\/granada.salesianos.edu\/colegio\/"},{"@type":"ListItem","position":2,"name":"Entregado el Premio Don Francisco Guzm\u00e1n en su primera edici\u00f3n al periodista y antiguo alumno Don Juan Andr\u00e9s Rej\u00f3n"}]},{"@type":"WebSite","@id":"https:\/\/granada.salesianos.edu\/colegio\/#website","url":"https:\/\/granada.salesianos.edu\/colegio\/","name":"Colegio Salesiano","description":"P\u00e1gina oficial de Salesianos Granada San Juan Bosco","publisher":{"@id":"https:\/\/granada.salesianos.edu\/colegio\/#organization"},"potentialAction":[{"@type":"SearchAction","target":{"@type":"EntryPoint","urlTemplate":"https:\/\/granada.salesianos.edu\/colegio\/?s={search_term_string}"},"query-input":{"@type":"PropertyValueSpecification","valueRequired":true,"valueName":"search_term_string"}}],"inLanguage":"es"},{"@type":"Organization","@id":"https:\/\/granada.salesianos.edu\/colegio\/#organization","name":"Colegio Salesiano San Juan Bosco Granada","url":"https:\/\/granada.salesianos.edu\/colegio\/","logo":{"@type":"ImageObject","inLanguage":"es","@id":"https:\/\/granada.salesianos.edu\/colegio\/#\/schema\/logo\/image\/","url":"https:\/\/granada.salesianos.edu\/colegio\/wp-content\/uploads\/sites\/2\/2021\/01\/GRANADAobraVN2.jpg","contentUrl":"https:\/\/granada.salesianos.edu\/colegio\/wp-content\/uploads\/sites\/2\/2021\/01\/GRANADAobraVN2.jpg","width":2113,"height":1894,"caption":"Colegio Salesiano San Juan Bosco Granada"},"image":{"@id":"https:\/\/granada.salesianos.edu\/colegio\/#\/schema\/logo\/image\/"},"sameAs":["https:\/\/www.facebook.com\/SalesianosGR\/","https:\/\/x.com\/GranadaSDB","https:\/\/www.instagram.com\/salesianosgranada\/","https:\/\/www.youtube.com\/channel\/UChkpZuhCf4Y5rYIcFT3CNxw?view_as=subscriber"]},{"@type":"Person","@id":"https:\/\/granada.salesianos.edu\/colegio\/#\/schema\/person\/6392ff2e4bd1e66981d6eab734bbd962","name":"Gestor Web","image":{"@type":"ImageObject","inLanguage":"es","@id":"https:\/\/secure.gravatar.com\/avatar\/160666bb56a01520857079961a824af2b7821d6bad80677c80f2b473fceead1b?s=96&d=mm&r=g","url":"https:\/\/secure.gravatar.com\/avatar\/160666bb56a01520857079961a824af2b7821d6bad80677c80f2b473fceead1b?s=96&d=mm&r=g","contentUrl":"https:\/\/secure.gravatar.com\/avatar\/160666bb56a01520857079961a824af2b7821d6bad80677c80f2b473fceead1b?s=96&d=mm&r=g","caption":"Gestor Web"}}]}},"_links":{"self":[{"href":"https:\/\/granada.salesianos.edu\/colegio\/wp-json\/wp\/v2\/posts\/16756","targetHints":{"allow":["GET"]}}],"collection":[{"href":"https:\/\/granada.salesianos.edu\/colegio\/wp-json\/wp\/v2\/posts"}],"about":[{"href":"https:\/\/granada.salesianos.edu\/colegio\/wp-json\/wp\/v2\/types\/post"}],"author":[{"embeddable":true,"href":"https:\/\/granada.salesianos.edu\/colegio\/wp-json\/wp\/v2\/users\/2"}],"replies":[{"embeddable":true,"href":"https:\/\/granada.salesianos.edu\/colegio\/wp-json\/wp\/v2\/comments?post=16756"}],"version-history":[{"count":3,"href":"https:\/\/granada.salesianos.edu\/colegio\/wp-json\/wp\/v2\/posts\/16756\/revisions"}],"predecessor-version":[{"id":16788,"href":"https:\/\/granada.salesianos.edu\/colegio\/wp-json\/wp\/v2\/posts\/16756\/revisions\/16788"}],"wp:featuredmedia":[{"embeddable":true,"href":"https:\/\/granada.salesianos.edu\/colegio\/wp-json\/wp\/v2\/media\/16757"}],"wp:attachment":[{"href":"https:\/\/granada.salesianos.edu\/colegio\/wp-json\/wp\/v2\/media?parent=16756"}],"wp:term":[{"taxonomy":"category","embeddable":true,"href":"https:\/\/granada.salesianos.edu\/colegio\/wp-json\/wp\/v2\/categories?post=16756"},{"taxonomy":"post_tag","embeddable":true,"href":"https:\/\/granada.salesianos.edu\/colegio\/wp-json\/wp\/v2\/tags?post=16756"}],"curies":[{"name":"wp","href":"https:\/\/api.w.org\/{rel}","templated":true}]}}