{"id":16797,"date":"2023-02-07T23:13:23","date_gmt":"2023-02-07T21:13:23","guid":{"rendered":"https:\/\/granada.salesianos.edu\/colegio\/?p=16797"},"modified":"2023-12-25T18:56:07","modified_gmt":"2023-12-25T16:56:07","slug":"ix-edicion-del-dia-de-la-ciencias","status":"publish","type":"post","link":"https:\/\/granada.salesianos.edu\/colegio\/blog\/ix-edicion-del-dia-de-la-ciencias\/","title":{"rendered":"IX Edici\u00f3n de nuestro D\u00cdA DE LAS CIENCIAS"},"content":{"rendered":"<div id=\"fb-root\"><\/div>\n<p>[et_pb_section fb_built=\u00bb1&#8243; admin_label=\u00bbsection\u00bb _builder_version=\u00bb4.18.0&#8243; global_colors_info=\u00bb{}\u00bb][et_pb_row admin_label=\u00bbrow\u00bb _builder_version=\u00bb4.16&#8243; background_size=\u00bbinitial\u00bb background_position=\u00bbtop_left\u00bb background_repeat=\u00bbrepeat\u00bb global_colors_info=\u00bb{}\u00bb][et_pb_column type=\u00bb4_4&#8243; _builder_version=\u00bb4.16&#8243; custom_padding=\u00bb|||\u00bb global_colors_info=\u00bb{}\u00bb custom_padding__hover=\u00bb|||\u00bb][et_pb_text admin_label=\u00bbEntradilla (Texto)\u00bb _builder_version=\u00bb4.18.0&#8243; text_font=\u00bb|on|||\u00bb text_orientation=\u00bbjustified\u00bb global_colors_info=\u00bb{}\u00bb]<\/p>\n<h2><strong>D\u00eda de la Ciencia y la Tecnolog\u00eda con la presencia de padres, profesorado y alumnado.<\/strong><\/h2>\n<p>[\/et_pb_text][\/et_pb_column][\/et_pb_row][et_pb_row column_structure=\u00bb1_2,1_2&#8243; _builder_version=\u00bb4.18.0&#8243; _module_preset=\u00bbdefault\u00bb global_colors_info=\u00bb{}\u00bb][et_pb_column type=\u00bb1_2&#8243; _builder_version=\u00bb4.18.0&#8243; _module_preset=\u00bbdefault\u00bb global_colors_info=\u00bb{}\u00bb][et_pb_text admin_label=\u00bbDesarrollo (Texto)\u00bb _builder_version=\u00bb4.18.0&#8243; text_orientation=\u00bbjustified\u00bb custom_margin=\u00bb||||false|false\u00bb custom_padding=\u00bb||||false|false\u00bb global_colors_info=\u00bb{}\u00bb]<\/p>\n<p style=\"font-weight: 400;\">En este curso 22-23, vamos celebrar la IX Edici\u00f3n del D\u00eda de la Ciencia y la Tecnolog\u00eda en nuestro colegio, ser\u00e1 el viernes 10 de febrero. Ya nuestros alumnos lo tienen todo preparado.<\/p>\n<p style=\"font-weight: 400;\">El objetivo de este d\u00eda es que nuestros alumnos disfruten y aprendan sobre Ciencia y Tecnolog\u00eda, siendo los propios alumnos los que expongan sus propios proyectos al resto del Colegio.<\/p>\n<p style=\"font-weight: 400;\">Aproximadamente unos ochenta proyectos y m\u00e1s de 200 alumnos y alumnas de todas las etapas han podido presentar sus trabajos de biolog\u00eda, f\u00edsica, qu\u00edmica y tecnolog\u00eda a padres, profesores y resto del alumnado.<\/p>\n<p style=\"font-weight: 400;\">Ese d\u00eda nuestro patio est\u00e1 repleto de experimentos cient\u00edficos, microscopios, trabajos de ecolog\u00eda, visitas al ecohuerto, robots, impresoras 3D, etc. Todo ello, presentado por un alumnado motivado por la rama de ciencias y la tecnolog\u00eda.<\/p>\n<p>[\/et_pb_text][\/et_pb_column][et_pb_column type=\u00bb1_2&#8243; _builder_version=\u00bb4.18.0&#8243; _module_preset=\u00bbdefault\u00bb global_colors_info=\u00bb{}\u00bb][et_pb_image src=\u00bbhttps:\/\/granada.salesianos.edu\/wp-content\/uploads\/2023\/02\/22-23-Poster-sin-QR-IX-Dia-de-la-Ciencias.png\u00bb alt=\u00bbFeria de la Ciencia. Salesianos Granada\u00bb title_text=\u00bb22-23 P\u00f3ster (sin QR) IX D\u00eda de la Ciencias\u00bb align=\u00bbcenter\u00bb _builder_version=\u00bb4.18.0&#8243; _module_preset=\u00bbdefault\u00bb module_alignment=\u00bbcenter\u00bb max_height=\u00bb360px\u00bb global_colors_info=\u00bb{}\u00bb][\/et_pb_image][\/et_pb_column][\/et_pb_row][et_pb_row disabled_on=\u00bboff|off|off\u00bb _builder_version=\u00bb4.18.0&#8243; _module_preset=\u00bbdefault\u00bb global_colors_info=\u00bb{}\u00bb][et_pb_column type=\u00bb4_4&#8243; _builder_version=\u00bb4.18.0&#8243; _module_preset=\u00bbdefault\u00bb global_colors_info=\u00bb{}\u00bb][et_pb_text _builder_version=\u00bb4.18.0&#8243; _module_preset=\u00bbdefault\u00bb global_colors_info=\u00bb{}\u00bb]<\/p>\n<h1 style=\"text-align: center;\">GANADORES DE LA EDICI\u00d3N 22-23<\/h1>\n<p>[\/et_pb_text][\/et_pb_column][\/et_pb_row][et_pb_row column_structure=\u00bb1_2,1_2&#8243; disabled_on=\u00bboff|off|off\u00bb _builder_version=\u00bb4.18.0&#8243; _module_preset=\u00bbdefault\u00bb global_colors_info=\u00bb{}\u00bb][et_pb_column type=\u00bb1_2&#8243; _builder_version=\u00bb4.18.0&#8243; _module_preset=\u00bbdefault\u00bb global_colors_info=\u00bb{}\u00bb][et_pb_gallery gallery_ids=\u00bb63934,63935,63936&#8243; fullwidth=\u00bbon\u00bb _builder_version=\u00bb4.23.1&#8243; _module_preset=\u00bbdefault\u00bb hover_enabled=\u00bb0&#8243; global_colors_info=\u00bb{}\u00bb auto=\u00bbon\u00bb auto_speed=\u00bb5000&#8243; sticky_enabled=\u00bb0&#8243;][\/et_pb_gallery][\/et_pb_column][et_pb_column type=\u00bb1_2&#8243; _builder_version=\u00bb4.18.0&#8243; _module_preset=\u00bbdefault\u00bb global_colors_info=\u00bb{}\u00bb][et_pb_blurb title=\u00bb2\u00ba CICLO DE PRIMARIA\u00bb image_icon_width=\u00bb70px\u00bb _builder_version=\u00bb4.18.0&#8243; _module_preset=\u00bbdefault\u00bb header_level=\u00bbh1&#8243; header_text_align=\u00bbcenter\u00bb header_text_color=\u00bb#E02B20&#8243; body_text_color=\u00bb#000000&#8243; body_font_size=\u00bb17px\u00bb global_colors_info=\u00bb{}\u00bb]<\/p>\n<h2 style=\"text-align: center;\"><\/h2>\n<p style=\"text-align: center;\"><strong>1\u00ba Premio: IM\u00c1N RALENTIZADO<\/strong><\/p>\n<p style=\"text-align: center;\"><strong>2\u00ba Premio: BURBUJAS QUE REBOTAN \/ CARRERA DE COCHES CON IMANES \/ VOLC\u00c1N DE COLORES<\/strong><\/p>\n<p style=\"text-align: center;\"><strong>3\u00ba Premio: BOBINA DE TESLA<\/strong><\/p>\n<p>[\/et_pb_blurb][\/et_pb_column][\/et_pb_row][et_pb_row column_structure=\u00bb1_2,1_2&#8243; _builder_version=\u00bb4.18.0&#8243; _module_preset=\u00bbdefault\u00bb global_colors_info=\u00bb{}\u00bb][et_pb_column type=\u00bb1_2&#8243; _builder_version=\u00bb4.18.0&#8243; _module_preset=\u00bbdefault\u00bb global_colors_info=\u00bb{}\u00bb][et_pb_blurb title=\u00bb3\u00ba CICLO DE PRIMARIA\u00bb image_icon_width=\u00bb70px\u00bb _builder_version=\u00bb4.18.0&#8243; _module_preset=\u00bbdefault\u00bb header_level=\u00bbh1&#8243; header_text_align=\u00bbcenter\u00bb header_text_color=\u00bb#E02B20&#8243; body_text_color=\u00bb#000000&#8243; body_font_size=\u00bb17px\u00bb global_colors_info=\u00bb{}\u00bb]<\/p>\n<h2 style=\"text-align: center;\"><\/h2>\n<p style=\"text-align: center;\"><strong>1\u00ba Premio: Brilli Pepinilli<\/strong><\/p>\n<p style=\"text-align: center;\"><strong>2\u00ba Premio: Viendo bailar las ondas de sonido y \u201cEngordando ositos de gominola\u201d<\/strong><\/p>\n<p style=\"text-align: center;\"><strong>3\u00ba Premio: Brazo rob\u00f3tico acu\u00e1tico<\/strong><\/p>\n<p>[\/et_pb_blurb][\/et_pb_column][et_pb_column type=\u00bb1_2&#8243; _builder_version=\u00bb4.18.0&#8243; _module_preset=\u00bbdefault\u00bb global_colors_info=\u00bb{}\u00bb][et_pb_gallery gallery_ids=\u00bb63937,63938,63939&#8243; fullwidth=\u00bbon\u00bb _builder_version=\u00bb4.20.2&#8243; _module_preset=\u00bbdefault\u00bb global_colors_info=\u00bb{}\u00bb][\/et_pb_gallery][\/et_pb_column][\/et_pb_row][et_pb_row column_structure=\u00bb1_2,1_2&#8243; _builder_version=\u00bb4.18.0&#8243; _module_preset=\u00bbdefault\u00bb global_colors_info=\u00bb{}\u00bb][et_pb_column type=\u00bb1_2&#8243; _builder_version=\u00bb4.18.0&#8243; _module_preset=\u00bbdefault\u00bb global_colors_info=\u00bb{}\u00bb][et_pb_gallery gallery_ids=\u00bb63953,63954,63955,63956&#8243; fullwidth=\u00bbon\u00bb _builder_version=\u00bb4.20.2&#8243; _module_preset=\u00bbdefault\u00bb global_colors_info=\u00bb{}\u00bb][\/et_pb_gallery][\/et_pb_column][et_pb_column type=\u00bb1_2&#8243; _builder_version=\u00bb4.18.0&#8243; _module_preset=\u00bbdefault\u00bb global_colors_info=\u00bb{}\u00bb][et_pb_blurb title=\u00bbESO\u00bb image_icon_width=\u00bb70px\u00bb _builder_version=\u00bb4.18.0&#8243; _module_preset=\u00bbdefault\u00bb header_level=\u00bbh1&#8243; header_text_align=\u00bbcenter\u00bb header_text_color=\u00bb#E02B20&#8243; body_text_color=\u00bb#000000&#8243; body_font_size=\u00bb17px\u00bb global_colors_info=\u00bb{}\u00bb]<\/p>\n<h2 style=\"text-align: center;\"><\/h2>\n<p style=\"text-align: center;\"><strong>1\u00ba Premio: Investigaci\u00f3n aeroespacial. Equipo aterrizaje en Marte. Cr\u00e1ter Gusev.<\/strong><\/p>\n<p style=\"text-align: center;\"><strong>2\u00ba Premio: Maqueta y extracci\u00f3n de ADN<\/strong><\/p>\n<p style=\"text-align: center;\"><strong>3\u00ba Premio: Rob\u00f3tica con mBot<\/strong><\/p>\n<p>[\/et_pb_blurb][\/et_pb_column][\/et_pb_row][et_pb_row column_structure=\u00bb1_2,1_2&#8243; _builder_version=\u00bb4.18.0&#8243; _module_preset=\u00bbdefault\u00bb global_colors_info=\u00bb{}\u00bb][et_pb_column type=\u00bb1_2&#8243; _builder_version=\u00bb4.18.0&#8243; _module_preset=\u00bbdefault\u00bb global_colors_info=\u00bb{}\u00bb][et_pb_blurb title=\u00bbBACHILLERATO\u00bb image_icon_width=\u00bb70px\u00bb _builder_version=\u00bb4.18.0&#8243; _module_preset=\u00bbdefault\u00bb header_level=\u00bbh1&#8243; header_text_align=\u00bbcenter\u00bb header_text_color=\u00bb#E02B20&#8243; body_text_color=\u00bb#000000&#8243; body_font_size=\u00bb17px\u00bb global_colors_info=\u00bb{}\u00bb]<\/p>\n<h2 style=\"text-align: center;\"><\/h2>\n<p style=\"text-align: center;\"><strong>1\u00ba Premio: Disecci\u00f3n de coraz\u00f3n\u00a0<\/strong><\/p>\n<p style=\"text-align: center;\"><strong>2\u00ba Premio: Pruebas de impacto<\/strong><\/p>\n<p style=\"text-align: center;\"><strong>3\u00ba Premio: Abrazos: tiritas emocionales<\/strong><\/p>\n<p>[\/et_pb_blurb][\/et_pb_column][et_pb_column type=\u00bb1_2&#8243; _builder_version=\u00bb4.18.0&#8243; _module_preset=\u00bbdefault\u00bb global_colors_info=\u00bb{}\u00bb][et_pb_gallery gallery_ids=\u00bb64070,63957,63958&#8243; fullwidth=\u00bbon\u00bb _builder_version=\u00bb4.20.2&#8243; _module_preset=\u00bbdefault\u00bb global_colors_info=\u00bb{}\u00bb][\/et_pb_gallery][\/et_pb_column][\/et_pb_row][et_pb_row _builder_version=\u00bb4.18.0&#8243; _module_preset=\u00bbdefault\u00bb global_colors_info=\u00bb{}\u00bb][et_pb_column type=\u00bb4_4&#8243; _builder_version=\u00bb4.18.0&#8243; _module_preset=\u00bbdefault\u00bb global_colors_info=\u00bb{}\u00bb][et_pb_text _builder_version=\u00bb4.18.0&#8243; _module_preset=\u00bbdefault\u00bb text_font_size=\u00bb20px\u00bb locked=\u00bboff\u00bb global_colors_info=\u00bb{}\u00bb]<\/p>\n<h1 style=\"text-align: center;\"><strong>DISTRIBUCI\u00d3N DE LOS PROYECTOS<\/strong><\/h1>\n<p>[\/et_pb_text][et_pb_image src=\u00bbhttps:\/\/granada.salesianos.edu\/wp-content\/uploads\/2023\/02\/PLANO-COLEGIO.pdf.png\u00bb alt=\u00bbD\u00eda de la ciencia. Salesianos Granada\u00bb title_text=\u00bbPLANO COLEGIO.pdf\u00bb align=\u00bbcenter\u00bb _builder_version=\u00bb4.18.0&#8243; _module_preset=\u00bbdefault\u00bb module_alignment=\u00bbcenter\u00bb global_colors_info=\u00bb{}\u00bb][\/et_pb_image][\/et_pb_column][\/et_pb_row][et_pb_row _builder_version=\u00bb4.18.0&#8243; _module_preset=\u00bbdefault\u00bb global_colors_info=\u00bb{}\u00bb][et_pb_column type=\u00bb4_4&#8243; _builder_version=\u00bb4.18.0&#8243; _module_preset=\u00bbdefault\u00bb global_colors_info=\u00bb{}\u00bb][et_pb_text admin_label=\u00bbDesarrollo (Texto)\u00bb _builder_version=\u00bb4.18.0&#8243; text_orientation=\u00bbjustified\u00bb global_colors_info=\u00bb{}\u00bb]<\/p>\n<h1 style=\"font-weight: 400; text-align: center;\"><strong>HORARIO DEL D\u00cdA DE LA CIENCIA (10 de febrero de 2023)<\/strong><\/h1>\n<p style=\"font-weight: 400; padding-left: 40px;\">10:15: <strong>PREPARACI\u00d3N DE LOS PROYECTOS<\/strong>. Los alumnos implicados en los proyectos bajan al patio con su proyecto y los materiales que necesiten.<\/p>\n<p style=\"font-weight: 400; padding-left: 40px;\">10:30: <strong>COMIENZO DE LA EXPOSICI\u00d3N PADRES E INFANTIL<\/strong>: Comienza la exposici\u00f3n de los proyectos para los PADRES y para los alumnos de INFANTIL.<\/p>\n<p style=\"font-weight: 400; padding-left: 40px;\">11:00: Finaliza la exposici\u00f3n para los padres y los alumnos de infantil.<\/p>\n<p style=\"font-weight: 400; padding-left: 40px;\">11:15: <strong>EXPOSICI\u00d3N PARA ALUMNOS DE SECUNDARIA<\/strong>: Exposici\u00f3n de los proyectos al alumnado de secundaria durante su recreo.<\/p>\n<p style=\"font-weight: 400; padding-left: 40px;\">11:45: Finaliza la exposicion para los \u00a0alumnos de secundaria que no preparan proyectos.<\/p>\n<p style=\"font-weight: 400; padding-left: 40px;\">12:00: <strong>EXPOSICI\u00d3N PARA ALUMNOS DE PRIMARIA<\/strong>: Exposici\u00f3n de los proyectos al alumnado de primaria durante su recreo.<\/p>\n<p style=\"font-weight: 400; padding-left: 40px;\">12:30: Fin de la exposici\u00f3n.<\/p>\n<p>[\/et_pb_text][\/et_pb_column][\/et_pb_row][et_pb_row _builder_version=\u00bb4.18.0&#8243; _module_preset=\u00bbdefault\u00bb global_colors_info=\u00bb{}\u00bb][et_pb_column type=\u00bb4_4&#8243; _builder_version=\u00bb4.18.0&#8243; _module_preset=\u00bbdefault\u00bb global_colors_info=\u00bb{}\u00bb][et_pb_text _builder_version=\u00bb4.18.0&#8243; _module_preset=\u00bbdefault\u00bb text_font_size=\u00bb20px\u00bb locked=\u00bboff\u00bb global_colors_info=\u00bb{}\u00bb]<\/p>\n<h1 style=\"text-align: center;\"><strong>ACTIVIDADES QUE LLEVAMOS A CABO EL D\u00cdA DE LA CIENCIA<\/strong><\/h1>\n<p>[\/et_pb_text][et_pb_accordion _builder_version=\u00bb4.18.0&#8243; toggle_text_color=\u00bb#dc001b\u00bb toggle_level=\u00bbh2&#8243; toggle_text_align=\u00bbleft\u00bb toggle_font_size=\u00bb17px\u00bb closed_toggle_text_align=\u00bbcenter\u00bb body_font_size=\u00bb18px\u00bb background_color=\u00bbrgba(0,0,0,0)\u00bb text_orientation=\u00bbleft\u00bb closed_toggle_text_shadow_style=\u00bbpreset1&#8243; border_width_all=\u00bb0px\u00bb border_color_all=\u00bb#e5e5e5&#8243; border_style_all=\u00bbsolid\u00bb box_shadow_style=\u00bbpreset2&#8243; text_shadow_style=\u00bbpreset1&#8243; locked=\u00bboff\u00bb global_colors_info=\u00bb{}\u00bb][et_pb_accordion_item title=\u00bbTECNOLOG\u00cdA Y ROB\u00d3TICA\u00bb open=\u00bbon\u00bb _builder_version=\u00bb4.18.0&#8243; global_colors_info=\u00bb{}\u00bb]<\/p>\n<ul>\n<li><strong>Impresi\u00f3n 3D: <\/strong>estar\u00e1n nuestras dos impresoras 3D realizando trabajos de impresi\u00f3n dise\u00f1ados por nuestros alumnos.<\/li>\n<li><strong>Rob\u00f3tica: <\/strong>actividades con distintos tipos de robot: M-bots, Bee-bop, Lego, microbit, Arduino\u2026<\/li>\n<li><strong>Investigaci\u00f3n aeroespacial: <\/strong>los alumnos implicados en este proyecto realizar\u00e1n pr\u00e1cticas relacionadas con este proyecto. Hay distintos equipos: Equipo de Lanzamiento de un cohete; Equipo aterrizaje en Marte en el Cr\u00e1ter Gusev; Equipo dise\u00f1o y construcci\u00f3n de un rover marciano; Equipo Control de la misi\u00f3n espacial.<\/li>\n<li><strong>Programaci\u00f3n de videojuegos<\/strong>: los alumnos de rob\u00f3tica mostrar\u00e1n los videojuegos que han programado con Scratch.<\/li>\n<\/ul>\n<p>[\/et_pb_accordion_item][et_pb_accordion_item title=\u00bbBIOLOG\u00cdA Y GEOLOG\u00cdA\u00bb _builder_version=\u00bb4.18.0&#8243; global_colors_info=\u00bb{}\u00bb open=\u00bboff\u00bb]<\/p>\n<ul>\n<li><strong>Reciclaje:<\/strong> Punto limpio con los principales tipos de contenedores. Los alumnos realizar\u00e1n juegos sobre reciclaje donde aprendan en que contenedor va cada residuo.<\/li>\n<li><strong>Microscop\u00eda:<\/strong> los alumnos preparar\u00e1n los microscopios y lupas para realizar distintas pr\u00e1cticas: observaci\u00f3n de epidermis de cebolla, observaci\u00f3n de microorganismos\u2026<\/li>\n<li><strong>Gen\u00e9tica:<\/strong> los alumnos expondr\u00e1n modelos de ADN y realizar\u00e1n extracciones de ADN de distintos tipos de frutas\u2026<\/li>\n<li><strong>Anatom\u00eda: <\/strong>los alumnos explicar\u00e1n el funcionamiento del cuerpo humano y para ello se preparar\u00e1n maquetas del cuerpo humano, disecciones de distintos \u00f3rganos: coraz\u00f3n, pulm\u00f3n, ri\u00f1\u00f3n, ojo\u2026<\/li>\n<li><strong>Vulcanolog\u00eda: <\/strong>experiencias donde se explican el funcionamiento de un volc\u00e1n.<\/li>\n<\/ul>\n<p>[\/et_pb_accordion_item][et_pb_accordion_item title=\u00bbF\u00cdSICA Y QU\u00cdMICA\u00bb _builder_version=\u00bb4.18.0&#8243; global_colors_info=\u00bb{}\u00bb open=\u00bboff\u00bb]<\/p>\n<ul>\n<li><strong>F\u00edsica<\/strong>: se realizar\u00e1n experiencias sobre f\u00edsica como: pruebas de impacto, sintetizador anal\u00f3gico, im\u00e1n ralentizado, bobina de Tesla, carrera de coches con imanes, arco iris\u2026<\/li>\n<li><strong>Qu\u00edmica<\/strong>: se realizar\u00e1n experimentos qu\u00edmicos como: indicador de pH con col lombarda, masa loca, el huevo que bota\u2026<\/li>\n<\/ul>\n<p>[\/et_pb_accordion_item][et_pb_accordion_item title=\u00bbMATEM\u00c1TICAS\u00bb _builder_version=\u00bb4.18.0&#8243; global_colors_info=\u00bb{}\u00bb open=\u00bboff\u00bb]<\/p>\n<ul>\n<li><strong>Juegos matem\u00e1ticos<\/strong>: se preparan juegos relacionados con las matem\u00e1ticas: ajedrez, rubik, sudokus, alto voltaje\u2026).<\/li>\n<\/ul>\n<p>[\/et_pb_accordion_item][et_pb_accordion_item title=\u00bbPSICOLOG\u00cdA\u00bb _builder_version=\u00bb4.18.0&#8243; global_colors_info=\u00bb{}\u00bb open=\u00bboff\u00bb]<\/p>\n<ul>\n<li><strong>Memoria: <\/strong>se realizar\u00e1n experimentos donde explicar c\u00f3mo funciona la memoria<strong>.<\/strong><\/li>\n<li><strong>Ilusiones \u00f3pticas: <\/strong>se realizar\u00e1n distintas pr\u00e1cticas sobre c\u00f3mo funciona el cerebro.<\/li>\n<li><strong>Emociones: <\/strong>los alumnos explicar\u00e1n los beneficios de los abrazos de m\u00e1s de 8 segundos.<\/li>\n<\/ul>\n<p>[\/et_pb_accordion_item][et_pb_accordion_item title=\u00bbHISTORIA DE LAS CIENCIAS\u00bb _builder_version=\u00bb4.18.0&#8243; global_colors_info=\u00bb{}\u00bb open=\u00bboff\u00bb]<\/p>\n<ul>\n<li><strong>Grandes cient\u00edficos y cient\u00edficas: <\/strong>Los alumnos de ARTES esc\u00e9nicas se caracterizar\u00e1n de grandes cient\u00edfic@s e inventores e ir\u00e1n comentando sus descubrimientos y aportaciones a la ciencia como: Newton, Galileo, Maire Curie, Josephine Cochrane, Lynn Margulis\u2026<\/li>\n<\/ul>\n<p>[\/et_pb_accordion_item][\/et_pb_accordion][\/et_pb_column][\/et_pb_row][et_pb_row _builder_version=\u00bb4.18.0&#8243; _module_preset=\u00bbdefault\u00bb global_colors_info=\u00bb{}\u00bb][et_pb_column type=\u00bb4_4&#8243; _builder_version=\u00bb4.18.0&#8243; _module_preset=\u00bbdefault\u00bb global_colors_info=\u00bb{}\u00bb][et_pb_text _builder_version=\u00bb4.20.2&#8243; _module_preset=\u00bbdefault\u00bb text_font_size=\u00bb20px\u00bb global_colors_info=\u00bb{}\u00bb]<\/p>\n<h1 style=\"text-align: center;\"><strong>AQU\u00cd TIENES V\u00cdDEOS DE EDICIONES ANTERIORES.<\/strong><\/h1>\n<p>[\/et_pb_text][\/et_pb_column][\/et_pb_row][et_pb_row column_structure=\u00bb1_4,3_4&#8243; _builder_version=\u00bb4.16&#8243; custom_margin=\u00bb25px|||\u00bb custom_padding=\u00bb25px|0px|27px|0px\u00bb locked=\u00bboff\u00bb global_colors_info=\u00bb{}\u00bb][et_pb_column type=\u00bb1_4&#8243; _builder_version=\u00bb4.16&#8243; custom_padding=\u00bb|||\u00bb global_colors_info=\u00bb{}\u00bb custom_padding__hover=\u00bb|||\u00bb][et_pb_blurb title=\u00bbEDICI\u00d3N 2022&#8243; use_icon=\u00bbon\u00bb font_icon=\u00bb&#xe01d;||divi||400&#8243; image_icon_width=\u00bb82px\u00bb content_max_width=\u00bb783px\u00bb _builder_version=\u00bb4.18.0&#8243; header_text_align=\u00bbcenter\u00bb header_font_size=\u00bb40px\u00bb body_font_size=\u00bb20px\u00bb custom_margin=\u00bb15px|||\u00bb animation=\u00bboff\u00bb header_text_shadow_style=\u00bbpreset2&#8243; icon_font_size=\u00bb82px\u00bb global_colors_info=\u00bb{}\u00bb][\/et_pb_blurb][\/et_pb_column][et_pb_column type=\u00bb3_4&#8243; _builder_version=\u00bb4.16&#8243; custom_padding=\u00bb|||\u00bb global_colors_info=\u00bb{}\u00bb custom_padding__hover=\u00bb|||\u00bb][et_pb_code _builder_version=\u00bb4.18.0&#8243; _module_preset=\u00bbdefault\u00bb global_colors_info=\u00bb{}\u00bb]<iframe loading=\"lazy\" title=\"YouTube video player\" src=\"https:\/\/www.youtube.com\/embed\/11vQjkwzZEY\" width=\"560\" height=\"315\" frameborder=\"0\" allowfullscreen=\"allowfullscreen\"><\/iframe>[\/et_pb_code][\/et_pb_column][\/et_pb_row][et_pb_row column_structure=\u00bb3_4,1_4&#8243; _builder_version=\u00bb4.16&#8243; custom_margin=\u00bb25px|||\u00bb custom_padding=\u00bb25px|0px|27px|0px\u00bb locked=\u00bboff\u00bb global_colors_info=\u00bb{}\u00bb][et_pb_column type=\u00bb3_4&#8243; _builder_version=\u00bb4.16&#8243; custom_padding=\u00bb|||\u00bb global_colors_info=\u00bb{}\u00bb custom_padding__hover=\u00bb|||\u00bb][et_pb_code _builder_version=\u00bb4.18.0&#8243; _module_preset=\u00bbdefault\u00bb global_colors_info=\u00bb{}\u00bb]<iframe loading=\"lazy\" title=\"YouTube video player\" src=\"https:\/\/www.youtube.com\/embed\/OSyqkXt8LV8\" width=\"560\" height=\"315\" frameborder=\"0\" allowfullscreen=\"allowfullscreen\"><\/iframe>[\/et_pb_code][\/et_pb_column][et_pb_column type=\u00bb1_4&#8243; _builder_version=\u00bb4.16&#8243; custom_padding=\u00bb|||\u00bb global_colors_info=\u00bb{}\u00bb custom_padding__hover=\u00bb|||\u00bb][et_pb_blurb title=\u00bbEDICI\u00d3N 2021&#8243; use_icon=\u00bbon\u00bb font_icon=\u00bb&#xe01d;||divi||400&#8243; image_icon_width=\u00bb82px\u00bb content_max_width=\u00bb783px\u00bb _builder_version=\u00bb4.18.0&#8243; header_level=\u00bbh5&#8243; header_text_align=\u00bbcenter\u00bb header_font_size=\u00bb40px\u00bb body_font_size=\u00bb20px\u00bb custom_margin=\u00bb15px|||\u00bb animation=\u00bboff\u00bb header_text_shadow_style=\u00bbpreset2&#8243; icon_font_size=\u00bb82px\u00bb global_colors_info=\u00bb{}\u00bb][\/et_pb_blurb][\/et_pb_column][\/et_pb_row][\/et_pb_section]<\/p>\n","protected":false},"excerpt":{"rendered":"<p>En Salesianos Granada celebramos la IX Edici\u00f3n del D\u00eda de la Ciencia y la Tecnolog\u00eda con la presencia de alumnos, padres y profesores. alumnado.<\/p>\n","protected":false},"author":2,"featured_media":16798,"comment_status":"open","ping_status":"open","sticky":false,"template":"","format":"standard","meta":{"_et_pb_use_builder":"on","_et_pb_old_content":"","_et_gb_content_width":"","footnotes":""},"categories":[20,27,11,19,26,22],"tags":[],"class_list":["post-16797","post","type-post","status-publish","format-standard","has-post-thumbnail","hentry","category-bto","category-ciencias","category-colegio","category-eso","category-infantil","category-primaria"],"yoast_head":"<!-- This site is optimized with the Yoast SEO plugin v28.4 - https:\/\/yoast.com\/product\/yoast-seo-wordpress\/ -->\n<title>IX Edici\u00f3n de nuestro D\u00cdA DE LAS CIENCIAS - Colegio Salesiano<\/title>\n<meta name=\"description\" content=\"En Salesianos Granada celebramos la IX edici\u00f3n nuestra Semana la Ciencia y la Tecnolog\u00eda con nuestros alumnos y sus familias.\" \/>\n<meta name=\"robots\" content=\"index, follow, max-snippet:-1, max-image-preview:large, max-video-preview:-1\" \/>\n<link rel=\"canonical\" href=\"https:\/\/granada.salesianos.edu\/colegio\/blog\/ix-edicion-del-dia-de-la-ciencias\/\" \/>\n<meta property=\"og:locale\" content=\"es_ES\" \/>\n<meta property=\"og:type\" content=\"article\" \/>\n<meta property=\"og:title\" content=\"IX Edici\u00f3n de nuestro D\u00cdA DE LAS CIENCIAS - Colegio Salesiano\" \/>\n<meta property=\"og:description\" content=\"En Salesianos Granada celebramos la IX edici\u00f3n nuestra Semana la Ciencia y la Tecnolog\u00eda con nuestros alumnos y sus familias.\" \/>\n<meta property=\"og:url\" content=\"https:\/\/granada.salesianos.edu\/colegio\/blog\/ix-edicion-del-dia-de-la-ciencias\/\" \/>\n<meta property=\"og:site_name\" content=\"Colegio Salesiano\" \/>\n<meta property=\"article:publisher\" content=\"https:\/\/www.facebook.com\/SalesianosGR\/\" \/>\n<meta property=\"article:published_time\" content=\"2023-02-07T21:13:23+00:00\" \/>\n<meta property=\"article:modified_time\" content=\"2023-12-25T16:56:07+00:00\" \/>\n<meta property=\"og:image\" content=\"https:\/\/granada.salesianos.edu\/colegio\/wp-content\/uploads\/sites\/2\/2023\/02\/22-23-Poster-sin-QR-IX-Dia-de-la-Ciencias.png\" \/>\n\t<meta property=\"og:image:width\" content=\"1\" \/>\n\t<meta property=\"og:image:height\" content=\"1\" \/>\n\t<meta property=\"og:image:type\" content=\"image\/png\" \/>\n<meta name=\"author\" content=\"Gestor Web\" \/>\n<meta name=\"twitter:card\" content=\"summary_large_image\" \/>\n<meta name=\"twitter:creator\" content=\"@GranadaSDB\" \/>\n<meta name=\"twitter:site\" content=\"@GranadaSDB\" \/>\n<meta name=\"twitter:label1\" content=\"Escrito por\" \/>\n\t<meta name=\"twitter:data1\" content=\"Gestor Web\" \/>\n\t<meta name=\"twitter:label2\" content=\"Tiempo de lectura\" \/>\n\t<meta name=\"twitter:data2\" content=\"5 minutos\" \/>\n<script type=\"application\/ld+json\" class=\"yoast-schema-graph\">{\"@context\":\"https:\\\/\\\/schema.org\",\"@graph\":[{\"@type\":\"Article\",\"@id\":\"https:\\\/\\\/granada.salesianos.edu\\\/colegio\\\/blog\\\/ix-edicion-del-dia-de-la-ciencias\\\/#article\",\"isPartOf\":{\"@id\":\"https:\\\/\\\/granada.salesianos.edu\\\/colegio\\\/blog\\\/ix-edicion-del-dia-de-la-ciencias\\\/\"},\"author\":{\"name\":\"Gestor Web\",\"@id\":\"https:\\\/\\\/granada.salesianos.edu\\\/colegio\\\/#\\\/schema\\\/person\\\/6392ff2e4bd1e66981d6eab734bbd962\"},\"headline\":\"IX Edici\u00f3n de nuestro D\u00cdA DE LAS CIENCIAS\",\"datePublished\":\"2023-02-07T21:13:23+00:00\",\"dateModified\":\"2023-12-25T16:56:07+00:00\",\"mainEntityOfPage\":{\"@id\":\"https:\\\/\\\/granada.salesianos.edu\\\/colegio\\\/blog\\\/ix-edicion-del-dia-de-la-ciencias\\\/\"},\"wordCount\":2126,\"commentCount\":0,\"publisher\":{\"@id\":\"https:\\\/\\\/granada.salesianos.edu\\\/colegio\\\/#organization\"},\"image\":{\"@id\":\"https:\\\/\\\/granada.salesianos.edu\\\/colegio\\\/blog\\\/ix-edicion-del-dia-de-la-ciencias\\\/#primaryimage\"},\"thumbnailUrl\":\"https:\\\/\\\/granada.salesianos.edu\\\/colegio\\\/wp-content\\\/uploads\\\/sites\\\/2\\\/2023\\\/02\\\/22-23-Poster-sin-QR-IX-Dia-de-la-Ciencias.png\",\"articleSection\":[\"BTO\",\"Ciencias\",\"Colegio\",\"ESO\",\"Infantil\",\"Primaria\"],\"inLanguage\":\"es\",\"potentialAction\":[{\"@type\":\"CommentAction\",\"name\":\"Comment\",\"target\":[\"https:\\\/\\\/granada.salesianos.edu\\\/colegio\\\/blog\\\/ix-edicion-del-dia-de-la-ciencias\\\/#respond\"]}]},{\"@type\":\"WebPage\",\"@id\":\"https:\\\/\\\/granada.salesianos.edu\\\/colegio\\\/blog\\\/ix-edicion-del-dia-de-la-ciencias\\\/\",\"url\":\"https:\\\/\\\/granada.salesianos.edu\\\/colegio\\\/blog\\\/ix-edicion-del-dia-de-la-ciencias\\\/\",\"name\":\"IX Edici\u00f3n de nuestro D\u00cdA DE LAS CIENCIAS - Colegio Salesiano\",\"isPartOf\":{\"@id\":\"https:\\\/\\\/granada.salesianos.edu\\\/colegio\\\/#website\"},\"primaryImageOfPage\":{\"@id\":\"https:\\\/\\\/granada.salesianos.edu\\\/colegio\\\/blog\\\/ix-edicion-del-dia-de-la-ciencias\\\/#primaryimage\"},\"image\":{\"@id\":\"https:\\\/\\\/granada.salesianos.edu\\\/colegio\\\/blog\\\/ix-edicion-del-dia-de-la-ciencias\\\/#primaryimage\"},\"thumbnailUrl\":\"https:\\\/\\\/granada.salesianos.edu\\\/colegio\\\/wp-content\\\/uploads\\\/sites\\\/2\\\/2023\\\/02\\\/22-23-Poster-sin-QR-IX-Dia-de-la-Ciencias.png\",\"datePublished\":\"2023-02-07T21:13:23+00:00\",\"dateModified\":\"2023-12-25T16:56:07+00:00\",\"description\":\"En Salesianos Granada celebramos la IX edici\u00f3n nuestra Semana la Ciencia y la Tecnolog\u00eda con nuestros alumnos y sus familias.\",\"breadcrumb\":{\"@id\":\"https:\\\/\\\/granada.salesianos.edu\\\/colegio\\\/blog\\\/ix-edicion-del-dia-de-la-ciencias\\\/#breadcrumb\"},\"inLanguage\":\"es\",\"potentialAction\":[{\"@type\":\"ReadAction\",\"target\":[\"https:\\\/\\\/granada.salesianos.edu\\\/colegio\\\/blog\\\/ix-edicion-del-dia-de-la-ciencias\\\/\"]}]},{\"@type\":\"ImageObject\",\"inLanguage\":\"es\",\"@id\":\"https:\\\/\\\/granada.salesianos.edu\\\/colegio\\\/blog\\\/ix-edicion-del-dia-de-la-ciencias\\\/#primaryimage\",\"url\":\"https:\\\/\\\/granada.salesianos.edu\\\/colegio\\\/wp-content\\\/uploads\\\/sites\\\/2\\\/2023\\\/02\\\/22-23-Poster-sin-QR-IX-Dia-de-la-Ciencias.png\",\"contentUrl\":\"https:\\\/\\\/granada.salesianos.edu\\\/colegio\\\/wp-content\\\/uploads\\\/sites\\\/2\\\/2023\\\/02\\\/22-23-Poster-sin-QR-IX-Dia-de-la-Ciencias.png\",\"caption\":\"Feria de la Ciencia. Salesianos Granada\"},{\"@type\":\"BreadcrumbList\",\"@id\":\"https:\\\/\\\/granada.salesianos.edu\\\/colegio\\\/blog\\\/ix-edicion-del-dia-de-la-ciencias\\\/#breadcrumb\",\"itemListElement\":[{\"@type\":\"ListItem\",\"position\":1,\"name\":\"Portada\",\"item\":\"https:\\\/\\\/granada.salesianos.edu\\\/colegio\\\/\"},{\"@type\":\"ListItem\",\"position\":2,\"name\":\"IX Edici\u00f3n de nuestro D\u00cdA DE LAS CIENCIAS\"}]},{\"@type\":\"WebSite\",\"@id\":\"https:\\\/\\\/granada.salesianos.edu\\\/colegio\\\/#website\",\"url\":\"https:\\\/\\\/granada.salesianos.edu\\\/colegio\\\/\",\"name\":\"Colegio Salesiano\",\"description\":\"P\u00e1gina oficial de Salesianos Granada San Juan Bosco\",\"publisher\":{\"@id\":\"https:\\\/\\\/granada.salesianos.edu\\\/colegio\\\/#organization\"},\"potentialAction\":[{\"@type\":\"SearchAction\",\"target\":{\"@type\":\"EntryPoint\",\"urlTemplate\":\"https:\\\/\\\/granada.salesianos.edu\\\/colegio\\\/?s={search_term_string}\"},\"query-input\":{\"@type\":\"PropertyValueSpecification\",\"valueRequired\":true,\"valueName\":\"search_term_string\"}}],\"inLanguage\":\"es\"},{\"@type\":\"Organization\",\"@id\":\"https:\\\/\\\/granada.salesianos.edu\\\/colegio\\\/#organization\",\"name\":\"Colegio Salesiano San Juan Bosco Granada\",\"url\":\"https:\\\/\\\/granada.salesianos.edu\\\/colegio\\\/\",\"logo\":{\"@type\":\"ImageObject\",\"inLanguage\":\"es\",\"@id\":\"https:\\\/\\\/granada.salesianos.edu\\\/colegio\\\/#\\\/schema\\\/logo\\\/image\\\/\",\"url\":\"https:\\\/\\\/granada.salesianos.edu\\\/colegio\\\/wp-content\\\/uploads\\\/sites\\\/2\\\/2021\\\/01\\\/GRANADAobraVN2.jpg\",\"contentUrl\":\"https:\\\/\\\/granada.salesianos.edu\\\/colegio\\\/wp-content\\\/uploads\\\/sites\\\/2\\\/2021\\\/01\\\/GRANADAobraVN2.jpg\",\"width\":2113,\"height\":1894,\"caption\":\"Colegio Salesiano San Juan Bosco Granada\"},\"image\":{\"@id\":\"https:\\\/\\\/granada.salesianos.edu\\\/colegio\\\/#\\\/schema\\\/logo\\\/image\\\/\"},\"sameAs\":[\"https:\\\/\\\/www.facebook.com\\\/SalesianosGR\\\/\",\"https:\\\/\\\/x.com\\\/GranadaSDB\",\"https:\\\/\\\/www.instagram.com\\\/salesianosgranada\\\/\",\"https:\\\/\\\/www.youtube.com\\\/channel\\\/UChkpZuhCf4Y5rYIcFT3CNxw?view_as=subscriber\"]},{\"@type\":\"Person\",\"@id\":\"https:\\\/\\\/granada.salesianos.edu\\\/colegio\\\/#\\\/schema\\\/person\\\/6392ff2e4bd1e66981d6eab734bbd962\",\"name\":\"Gestor Web\",\"image\":{\"@type\":\"ImageObject\",\"inLanguage\":\"es\",\"@id\":\"https:\\\/\\\/secure.gravatar.com\\\/avatar\\\/160666bb56a01520857079961a824af2b7821d6bad80677c80f2b473fceead1b?s=96&d=mm&r=g\",\"url\":\"https:\\\/\\\/secure.gravatar.com\\\/avatar\\\/160666bb56a01520857079961a824af2b7821d6bad80677c80f2b473fceead1b?s=96&d=mm&r=g\",\"contentUrl\":\"https:\\\/\\\/secure.gravatar.com\\\/avatar\\\/160666bb56a01520857079961a824af2b7821d6bad80677c80f2b473fceead1b?s=96&d=mm&r=g\",\"caption\":\"Gestor Web\"}}]}<\/script>\n<!-- \/ Yoast SEO plugin. -->","yoast_head_json":{"title":"IX Edici\u00f3n de nuestro D\u00cdA DE LAS CIENCIAS - Colegio Salesiano","description":"En Salesianos Granada celebramos la IX edici\u00f3n nuestra Semana la Ciencia y la Tecnolog\u00eda con nuestros alumnos y sus familias.","robots":{"index":"index","follow":"follow","max-snippet":"max-snippet:-1","max-image-preview":"max-image-preview:large","max-video-preview":"max-video-preview:-1"},"canonical":"https:\/\/granada.salesianos.edu\/colegio\/blog\/ix-edicion-del-dia-de-la-ciencias\/","og_locale":"es_ES","og_type":"article","og_title":"IX Edici\u00f3n de nuestro D\u00cdA DE LAS CIENCIAS - Colegio Salesiano","og_description":"En Salesianos Granada celebramos la IX edici\u00f3n nuestra Semana la Ciencia y la Tecnolog\u00eda con nuestros alumnos y sus familias.","og_url":"https:\/\/granada.salesianos.edu\/colegio\/blog\/ix-edicion-del-dia-de-la-ciencias\/","og_site_name":"Colegio Salesiano","article_publisher":"https:\/\/www.facebook.com\/SalesianosGR\/","article_published_time":"2023-02-07T21:13:23+00:00","article_modified_time":"2023-12-25T16:56:07+00:00","og_image":[{"url":"https:\/\/granada.salesianos.edu\/colegio\/wp-content\/uploads\/sites\/2\/2023\/02\/22-23-Poster-sin-QR-IX-Dia-de-la-Ciencias.png","width":1,"height":1,"type":"image\/png"}],"author":"Gestor Web","twitter_card":"summary_large_image","twitter_creator":"@GranadaSDB","twitter_site":"@GranadaSDB","twitter_misc":{"Escrito por":"Gestor Web","Tiempo de lectura":"5 minutos"},"schema":{"@context":"https:\/\/schema.org","@graph":[{"@type":"Article","@id":"https:\/\/granada.salesianos.edu\/colegio\/blog\/ix-edicion-del-dia-de-la-ciencias\/#article","isPartOf":{"@id":"https:\/\/granada.salesianos.edu\/colegio\/blog\/ix-edicion-del-dia-de-la-ciencias\/"},"author":{"name":"Gestor Web","@id":"https:\/\/granada.salesianos.edu\/colegio\/#\/schema\/person\/6392ff2e4bd1e66981d6eab734bbd962"},"headline":"IX Edici\u00f3n de nuestro D\u00cdA DE LAS CIENCIAS","datePublished":"2023-02-07T21:13:23+00:00","dateModified":"2023-12-25T16:56:07+00:00","mainEntityOfPage":{"@id":"https:\/\/granada.salesianos.edu\/colegio\/blog\/ix-edicion-del-dia-de-la-ciencias\/"},"wordCount":2126,"commentCount":0,"publisher":{"@id":"https:\/\/granada.salesianos.edu\/colegio\/#organization"},"image":{"@id":"https:\/\/granada.salesianos.edu\/colegio\/blog\/ix-edicion-del-dia-de-la-ciencias\/#primaryimage"},"thumbnailUrl":"https:\/\/granada.salesianos.edu\/colegio\/wp-content\/uploads\/sites\/2\/2023\/02\/22-23-Poster-sin-QR-IX-Dia-de-la-Ciencias.png","articleSection":["BTO","Ciencias","Colegio","ESO","Infantil","Primaria"],"inLanguage":"es","potentialAction":[{"@type":"CommentAction","name":"Comment","target":["https:\/\/granada.salesianos.edu\/colegio\/blog\/ix-edicion-del-dia-de-la-ciencias\/#respond"]}]},{"@type":"WebPage","@id":"https:\/\/granada.salesianos.edu\/colegio\/blog\/ix-edicion-del-dia-de-la-ciencias\/","url":"https:\/\/granada.salesianos.edu\/colegio\/blog\/ix-edicion-del-dia-de-la-ciencias\/","name":"IX Edici\u00f3n de nuestro D\u00cdA DE LAS CIENCIAS - Colegio Salesiano","isPartOf":{"@id":"https:\/\/granada.salesianos.edu\/colegio\/#website"},"primaryImageOfPage":{"@id":"https:\/\/granada.salesianos.edu\/colegio\/blog\/ix-edicion-del-dia-de-la-ciencias\/#primaryimage"},"image":{"@id":"https:\/\/granada.salesianos.edu\/colegio\/blog\/ix-edicion-del-dia-de-la-ciencias\/#primaryimage"},"thumbnailUrl":"https:\/\/granada.salesianos.edu\/colegio\/wp-content\/uploads\/sites\/2\/2023\/02\/22-23-Poster-sin-QR-IX-Dia-de-la-Ciencias.png","datePublished":"2023-02-07T21:13:23+00:00","dateModified":"2023-12-25T16:56:07+00:00","description":"En Salesianos Granada celebramos la IX edici\u00f3n nuestra Semana la Ciencia y la Tecnolog\u00eda con nuestros alumnos y sus familias.","breadcrumb":{"@id":"https:\/\/granada.salesianos.edu\/colegio\/blog\/ix-edicion-del-dia-de-la-ciencias\/#breadcrumb"},"inLanguage":"es","potentialAction":[{"@type":"ReadAction","target":["https:\/\/granada.salesianos.edu\/colegio\/blog\/ix-edicion-del-dia-de-la-ciencias\/"]}]},{"@type":"ImageObject","inLanguage":"es","@id":"https:\/\/granada.salesianos.edu\/colegio\/blog\/ix-edicion-del-dia-de-la-ciencias\/#primaryimage","url":"https:\/\/granada.salesianos.edu\/colegio\/wp-content\/uploads\/sites\/2\/2023\/02\/22-23-Poster-sin-QR-IX-Dia-de-la-Ciencias.png","contentUrl":"https:\/\/granada.salesianos.edu\/colegio\/wp-content\/uploads\/sites\/2\/2023\/02\/22-23-Poster-sin-QR-IX-Dia-de-la-Ciencias.png","caption":"Feria de la Ciencia. Salesianos Granada"},{"@type":"BreadcrumbList","@id":"https:\/\/granada.salesianos.edu\/colegio\/blog\/ix-edicion-del-dia-de-la-ciencias\/#breadcrumb","itemListElement":[{"@type":"ListItem","position":1,"name":"Portada","item":"https:\/\/granada.salesianos.edu\/colegio\/"},{"@type":"ListItem","position":2,"name":"IX Edici\u00f3n de nuestro D\u00cdA DE LAS CIENCIAS"}]},{"@type":"WebSite","@id":"https:\/\/granada.salesianos.edu\/colegio\/#website","url":"https:\/\/granada.salesianos.edu\/colegio\/","name":"Colegio Salesiano","description":"P\u00e1gina oficial de Salesianos Granada San Juan Bosco","publisher":{"@id":"https:\/\/granada.salesianos.edu\/colegio\/#organization"},"potentialAction":[{"@type":"SearchAction","target":{"@type":"EntryPoint","urlTemplate":"https:\/\/granada.salesianos.edu\/colegio\/?s={search_term_string}"},"query-input":{"@type":"PropertyValueSpecification","valueRequired":true,"valueName":"search_term_string"}}],"inLanguage":"es"},{"@type":"Organization","@id":"https:\/\/granada.salesianos.edu\/colegio\/#organization","name":"Colegio Salesiano San Juan Bosco Granada","url":"https:\/\/granada.salesianos.edu\/colegio\/","logo":{"@type":"ImageObject","inLanguage":"es","@id":"https:\/\/granada.salesianos.edu\/colegio\/#\/schema\/logo\/image\/","url":"https:\/\/granada.salesianos.edu\/colegio\/wp-content\/uploads\/sites\/2\/2021\/01\/GRANADAobraVN2.jpg","contentUrl":"https:\/\/granada.salesianos.edu\/colegio\/wp-content\/uploads\/sites\/2\/2021\/01\/GRANADAobraVN2.jpg","width":2113,"height":1894,"caption":"Colegio Salesiano San Juan Bosco Granada"},"image":{"@id":"https:\/\/granada.salesianos.edu\/colegio\/#\/schema\/logo\/image\/"},"sameAs":["https:\/\/www.facebook.com\/SalesianosGR\/","https:\/\/x.com\/GranadaSDB","https:\/\/www.instagram.com\/salesianosgranada\/","https:\/\/www.youtube.com\/channel\/UChkpZuhCf4Y5rYIcFT3CNxw?view_as=subscriber"]},{"@type":"Person","@id":"https:\/\/granada.salesianos.edu\/colegio\/#\/schema\/person\/6392ff2e4bd1e66981d6eab734bbd962","name":"Gestor Web","image":{"@type":"ImageObject","inLanguage":"es","@id":"https:\/\/secure.gravatar.com\/avatar\/160666bb56a01520857079961a824af2b7821d6bad80677c80f2b473fceead1b?s=96&d=mm&r=g","url":"https:\/\/secure.gravatar.com\/avatar\/160666bb56a01520857079961a824af2b7821d6bad80677c80f2b473fceead1b?s=96&d=mm&r=g","contentUrl":"https:\/\/secure.gravatar.com\/avatar\/160666bb56a01520857079961a824af2b7821d6bad80677c80f2b473fceead1b?s=96&d=mm&r=g","caption":"Gestor Web"}}]}},"_links":{"self":[{"href":"https:\/\/granada.salesianos.edu\/colegio\/wp-json\/wp\/v2\/posts\/16797","targetHints":{"allow":["GET"]}}],"collection":[{"href":"https:\/\/granada.salesianos.edu\/colegio\/wp-json\/wp\/v2\/posts"}],"about":[{"href":"https:\/\/granada.salesianos.edu\/colegio\/wp-json\/wp\/v2\/types\/post"}],"author":[{"embeddable":true,"href":"https:\/\/granada.salesianos.edu\/colegio\/wp-json\/wp\/v2\/users\/2"}],"replies":[{"embeddable":true,"href":"https:\/\/granada.salesianos.edu\/colegio\/wp-json\/wp\/v2\/comments?post=16797"}],"version-history":[{"count":79,"href":"https:\/\/granada.salesianos.edu\/colegio\/wp-json\/wp\/v2\/posts\/16797\/revisions"}],"predecessor-version":[{"id":18150,"href":"https:\/\/granada.salesianos.edu\/colegio\/wp-json\/wp\/v2\/posts\/16797\/revisions\/18150"}],"wp:featuredmedia":[{"embeddable":true,"href":"https:\/\/granada.salesianos.edu\/colegio\/wp-json\/wp\/v2\/media\/16798"}],"wp:attachment":[{"href":"https:\/\/granada.salesianos.edu\/colegio\/wp-json\/wp\/v2\/media?parent=16797"}],"wp:term":[{"taxonomy":"category","embeddable":true,"href":"https:\/\/granada.salesianos.edu\/colegio\/wp-json\/wp\/v2\/categories?post=16797"},{"taxonomy":"post_tag","embeddable":true,"href":"https:\/\/granada.salesianos.edu\/colegio\/wp-json\/wp\/v2\/tags?post=16797"}],"curies":[{"name":"wp","href":"https:\/\/api.w.org\/{rel}","templated":true}]}}