{"id":16993,"date":"2023-03-24T13:25:56","date_gmt":"2023-03-24T11:25:56","guid":{"rendered":"https:\/\/granada.salesianos.edu\/colegio\/?p=16993"},"modified":"2023-03-24T13:27:17","modified_gmt":"2023-03-24T11:27:17","slug":"elena-villen-seleccionada-con-su-cortometraje-en-el-festival-de-cine-de-malaga-2","status":"publish","type":"post","link":"https:\/\/granada.salesianos.edu\/colegio\/blog\/elena-villen-seleccionada-con-su-cortometraje-en-el-festival-de-cine-de-malaga-2\/","title":{"rendered":"Elena Vill\u00e9n seleccionada con su cortometraje en el Festival de Cine de M\u00e1laga"},"content":{"rendered":"<div id=\"fb-root\"><\/div>\n<p>[et_pb_section fb_built=\u00bb1&#8243; _builder_version=\u00bb4.16&#8243; global_colors_info=\u00bb{}\u00bb][et_pb_row _builder_version=\u00bb4.16&#8243; background_size=\u00bbinitial\u00bb background_position=\u00bbtop_left\u00bb background_repeat=\u00bbrepeat\u00bb global_colors_info=\u00bb{}\u00bb][et_pb_column type=\u00bb4_4&#8243; _builder_version=\u00bb4.16&#8243; custom_padding=\u00bb|||\u00bb global_colors_info=\u00bb{}\u00bb custom_padding__hover=\u00bb|||\u00bb][et_pb_text _builder_version=\u00bb4.16&#8243; background_size=\u00bbinitial\u00bb background_position=\u00bbtop_left\u00bb background_repeat=\u00bbrepeat\u00bb global_colors_info=\u00bb{}\u00bb]Nuestra antigua alumna del Grado Superior de Realizaci\u00f3n de Proyectos Audiovisuales y Espect\u00e1culos, Elena Vill\u00e9n, ha sido seleccionada con su cortometraje en el Festival de cine de M\u00e1laga, lo que para nosotros representa todo un orgullo.<\/p>\n<p>La Canci\u00f3n del Pantano, escrita y dirigida por Jan Pedro Vera y producida por Elena Vill\u00e9n, formar\u00e1 parte de la secci\u00f3n de cortometrajes de la 26 edici\u00f3n del Festival de M\u00e1laga, uno de los m\u00e1s importantes del cine iberoamericano que realiza este a\u00f1o su vig\u00e9simo sexta edici\u00f3n desde el 10 al 19 de marzo.<\/p>\n<p>Ser\u00e1n m\u00e1s de 200 piezas audiovisuales en un Festival que supone un poder\u00edo para el mundo cinematogr\u00e1fico destacando por la formaci\u00f3n, la creatividad y la innovaci\u00f3n. Por este festival han pasado directores y directoras que a d\u00eda de hoy est\u00e1n muy consolidados en el cine espa\u00f1ol y es por tanto, un referente a nivel andaluz e internacional.<\/p>\n<p>Le deseamos toda la suerte del mundo y queremos expresar todo el orgullo que, tanto el centro como sus profesores, sentimos por ella y su trabajo.<br \/>\n[\/et_pb_text][\/et_pb_column][\/et_pb_row][et_pb_row column_structure=\u00bb1_2,1_2&#8243; _builder_version=\u00bb4.20.0&#8243; _module_preset=\u00bbdefault\u00bb global_colors_info=\u00bb{}\u00bb][et_pb_column type=\u00bb1_2&#8243; _builder_version=\u00bb4.20.0&#8243; _module_preset=\u00bbdefault\u00bb global_colors_info=\u00bb{}\u00bb][et_pb_image src=\u00bbdata:image\/svg+xml;base64,PHN2ZyB3aWR0aD0iMTA4MCIgaGVpZ2h0PSI1NDAiIHZpZXdCb3g9IjAgMCAxMDgwIDU0MCIgeG1sbnM9Imh0dHA6Ly93d3cudzMub3JnLzIwMDAvc3ZnIj4KICAgIDxnIGZpbGw9Im5vbmUiIGZpbGwtcnVsZT0iZXZlbm9kZCI+CiAgICAgICAgPHBhdGggZmlsbD0iI0VCRUJFQiIgZD0iTTAgMGgxMDgwdjU0MEgweiIvPgogICAgICAgIDxwYXRoIGQ9Ik00NDUuNjQ5IDU0MGgtOTguOTk1TDE0NC42NDkgMzM3Ljk5NSAwIDQ4Mi42NDR2LTk4Ljk5NWwxMTYuMzY1LTExNi4zNjVjMTUuNjItMTUuNjIgNDAuOTQ3LTE1LjYyIDU2LjU2OCAwTDQ0NS42NSA1NDB6IiBmaWxsLW9wYWNpdHk9Ii4xIiBmaWxsPSIjMDAwIiBmaWxsLXJ1bGU9Im5vbnplcm8iLz4KICAgICAgICA8Y2lyY2xlIGZpbGwtb3BhY2l0eT0iLjA1IiBmaWxsPSIjMDAwIiBjeD0iMzMxIiBjeT0iMTQ4IiByPSI3MCIvPgogICAgICAgIDxwYXRoIGQ9Ik0xMDgwIDM3OXYxMTMuMTM3TDcyOC4xNjIgMTQwLjMgMzI4LjQ2MiA1NDBIMjE1LjMyNEw2OTkuODc4IDU1LjQ0NmMxNS42Mi0xNS42MiA0MC45NDgtMTUuNjIgNTYuNTY4IDBMMTA4MCAzNzl6IiBmaWxsLW9wYWNpdHk9Ii4yIiBmaWxsPSIjMDAwIiBmaWxsLXJ1bGU9Im5vbnplcm8iLz4KICAgIDwvZz4KPC9zdmc+Cg==\u00bb _builder_version=\u00bb4.20.0&#8243; _module_preset=\u00bbdefault\u00bb global_colors_info=\u00bb{}\u00bb][\/et_pb_image][\/et_pb_column][et_pb_column type=\u00bb1_2&#8243; _builder_version=\u00bb4.20.0&#8243; _module_preset=\u00bbdefault\u00bb global_colors_info=\u00bb{}\u00bb][et_pb_gallery gallery_ids=\u00bb64105,64110&#8243; _builder_version=\u00bb4.20.0&#8243; _module_preset=\u00bbdefault\u00bb global_colors_info=\u00bb{}\u00bb][\/et_pb_gallery][\/et_pb_column][\/et_pb_row][\/et_pb_section]<\/p>\n","protected":false},"excerpt":{"rendered":"<p>Nuestra antigua alumna del Grado Superior de Realizaci\u00f3n de Proyectos Audiovisuales y Espect\u00e1culos, Elena Vill\u00e9n, ha sido seleccionada con su cortometraje en el Festival de cine de M\u00e1laga, lo que para nosotros representa todo un orgullo.<\/p>\n","protected":false},"author":2,"featured_media":16994,"comment_status":"open","ping_status":"open","sticky":false,"template":"","format":"standard","meta":{"_et_pb_use_builder":"on","_et_pb_old_content":"<p>Nuestra antigua alumna del Grado Superior de Realizaci\u00f3n de Proyectos Audiovisuales y Espect\u00e1culos, Elena Vill\u00e9n, ha sido seleccionada con su cortometraje en el Festival de cine de M\u00e1laga, lo que para nosotros representa todo un orgullo.<\/p><p>La Canci\u00f3n del Pantano, escrita y dirigida por Jan Pedro Vera y producida por Elena Vill\u00e9n, formar\u00e1 parte de la secci\u00f3n de cortometrajes de la 26 edici\u00f3n del Festival de M\u00e1laga, uno de los m\u00e1s importantes del cine iberoamericano que realiza este a\u00f1o su vig\u00e9simo sexta edici\u00f3n desde el 10 al 19 de marzo.<\/p><p>Ser\u00e1n m\u00e1s de 200 piezas audiovisuales en un Festival que supone un poder\u00edo para el mundo cinematogr\u00e1fico destacando por la formaci\u00f3n, la creatividad y la innovaci\u00f3n. Por este festival han pasado directores y directoras que a d\u00eda de hoy est\u00e1n muy consolidados en el cine espa\u00f1ol y es por tanto, un referente a nivel andaluz e internacional.<\/p><p>Le deseamos toda la suerte del mundo y queremos expresar todo el orgullo que, tanto el centro como sus profesores, sentimos por ella y su trabajo.<\/p>","_et_gb_content_width":"","footnotes":""},"categories":[11,21,12],"tags":[41,42,43],"class_list":["post-16993","post","type-post","status-publish","format-standard","has-post-thumbnail","hentry","category-colegio","category-fp","category-portada","tag-fp","tag-imagenysonido","tag-rae"],"yoast_head":"<!-- This site is optimized with the Yoast SEO plugin v28.4 - https:\/\/yoast.com\/product\/yoast-seo-wordpress\/ -->\n<title>Elena Vill\u00e9n seleccionada con su cortometraje en el Festival de Cine de M\u00e1laga - Colegio Salesiano<\/title>\n<meta name=\"description\" content=\"Nuestra antigua alumna del Grado Superior de Realizaci\u00f3n de Proyectos Audiovisuales y Espect\u00e1culos, Elena Vill\u00e9n, ha sido seleccionada con su cortometraje en el Festival de cine de M\u00e1laga, lo que para nosotros representa todo un orgullo.\" \/>\n<meta name=\"robots\" content=\"index, follow, max-snippet:-1, max-image-preview:large, max-video-preview:-1\" \/>\n<link rel=\"canonical\" href=\"https:\/\/granada.salesianos.edu\/colegio\/blog\/elena-villen-seleccionada-con-su-cortometraje-en-el-festival-de-cine-de-malaga-2\/\" \/>\n<meta property=\"og:locale\" content=\"es_ES\" \/>\n<meta property=\"og:type\" content=\"article\" \/>\n<meta property=\"og:title\" content=\"Elena Vill\u00e9n seleccionada con su cortometraje en el Festival de Cine de M\u00e1laga - Colegio Salesiano\" \/>\n<meta property=\"og:description\" content=\"Nuestra antigua alumna del Grado Superior de Realizaci\u00f3n de Proyectos Audiovisuales y Espect\u00e1culos, Elena Vill\u00e9n, ha sido seleccionada con su cortometraje en el Festival de cine de M\u00e1laga, lo que para nosotros representa todo un orgullo.\" \/>\n<meta property=\"og:url\" content=\"https:\/\/granada.salesianos.edu\/colegio\/blog\/elena-villen-seleccionada-con-su-cortometraje-en-el-festival-de-cine-de-malaga-2\/\" \/>\n<meta property=\"og:site_name\" content=\"Colegio Salesiano\" \/>\n<meta property=\"article:publisher\" content=\"https:\/\/www.facebook.com\/SalesianosGR\/\" \/>\n<meta property=\"article:published_time\" content=\"2023-03-24T11:25:56+00:00\" \/>\n<meta property=\"article:modified_time\" content=\"2023-03-24T11:27:17+00:00\" \/>\n<meta property=\"og:image\" content=\"https:\/\/granada.salesianos.edu\/colegio\/wp-content\/uploads\/sites\/2\/2023\/02\/PANTANO2.jpg\" \/>\n\t<meta property=\"og:image:width\" content=\"1170\" \/>\n\t<meta property=\"og:image:height\" content=\"1170\" \/>\n\t<meta property=\"og:image:type\" content=\"image\/jpeg\" \/>\n<meta name=\"author\" content=\"Gestor Web\" \/>\n<meta name=\"twitter:card\" content=\"summary_large_image\" \/>\n<meta name=\"twitter:creator\" content=\"@GranadaSDB\" \/>\n<meta name=\"twitter:site\" content=\"@GranadaSDB\" \/>\n<meta name=\"twitter:label1\" content=\"Escrito por\" \/>\n\t<meta name=\"twitter:data1\" content=\"Gestor Web\" \/>\n\t<meta name=\"twitter:label2\" content=\"Tiempo de lectura\" \/>\n\t<meta name=\"twitter:data2\" content=\"1 minuto\" \/>\n<script type=\"application\/ld+json\" class=\"yoast-schema-graph\">{\"@context\":\"https:\\\/\\\/schema.org\",\"@graph\":[{\"@type\":\"Article\",\"@id\":\"https:\\\/\\\/granada.salesianos.edu\\\/colegio\\\/blog\\\/elena-villen-seleccionada-con-su-cortometraje-en-el-festival-de-cine-de-malaga-2\\\/#article\",\"isPartOf\":{\"@id\":\"https:\\\/\\\/granada.salesianos.edu\\\/colegio\\\/blog\\\/elena-villen-seleccionada-con-su-cortometraje-en-el-festival-de-cine-de-malaga-2\\\/\"},\"author\":{\"name\":\"Gestor Web\",\"@id\":\"https:\\\/\\\/granada.salesianos.edu\\\/colegio\\\/#\\\/schema\\\/person\\\/6392ff2e4bd1e66981d6eab734bbd962\"},\"headline\":\"Elena Vill\u00e9n seleccionada con su cortometraje en el Festival de Cine de M\u00e1laga\",\"datePublished\":\"2023-03-24T11:25:56+00:00\",\"dateModified\":\"2023-03-24T11:27:17+00:00\",\"mainEntityOfPage\":{\"@id\":\"https:\\\/\\\/granada.salesianos.edu\\\/colegio\\\/blog\\\/elena-villen-seleccionada-con-su-cortometraje-en-el-festival-de-cine-de-malaga-2\\\/\"},\"wordCount\":466,\"commentCount\":0,\"publisher\":{\"@id\":\"https:\\\/\\\/granada.salesianos.edu\\\/colegio\\\/#organization\"},\"image\":{\"@id\":\"https:\\\/\\\/granada.salesianos.edu\\\/colegio\\\/blog\\\/elena-villen-seleccionada-con-su-cortometraje-en-el-festival-de-cine-de-malaga-2\\\/#primaryimage\"},\"thumbnailUrl\":\"https:\\\/\\\/granada.salesianos.edu\\\/colegio\\\/wp-content\\\/uploads\\\/sites\\\/2\\\/2023\\\/02\\\/PANTANO2.jpg\",\"keywords\":[\"FP\",\"IMAGENYSONIDO\",\"RAE\"],\"articleSection\":[\"Colegio\",\"FP\",\"Portada\"],\"inLanguage\":\"es\",\"potentialAction\":[{\"@type\":\"CommentAction\",\"name\":\"Comment\",\"target\":[\"https:\\\/\\\/granada.salesianos.edu\\\/colegio\\\/blog\\\/elena-villen-seleccionada-con-su-cortometraje-en-el-festival-de-cine-de-malaga-2\\\/#respond\"]}]},{\"@type\":\"WebPage\",\"@id\":\"https:\\\/\\\/granada.salesianos.edu\\\/colegio\\\/blog\\\/elena-villen-seleccionada-con-su-cortometraje-en-el-festival-de-cine-de-malaga-2\\\/\",\"url\":\"https:\\\/\\\/granada.salesianos.edu\\\/colegio\\\/blog\\\/elena-villen-seleccionada-con-su-cortometraje-en-el-festival-de-cine-de-malaga-2\\\/\",\"name\":\"Elena Vill\u00e9n seleccionada con su cortometraje en el Festival de Cine de M\u00e1laga - Colegio Salesiano\",\"isPartOf\":{\"@id\":\"https:\\\/\\\/granada.salesianos.edu\\\/colegio\\\/#website\"},\"primaryImageOfPage\":{\"@id\":\"https:\\\/\\\/granada.salesianos.edu\\\/colegio\\\/blog\\\/elena-villen-seleccionada-con-su-cortometraje-en-el-festival-de-cine-de-malaga-2\\\/#primaryimage\"},\"image\":{\"@id\":\"https:\\\/\\\/granada.salesianos.edu\\\/colegio\\\/blog\\\/elena-villen-seleccionada-con-su-cortometraje-en-el-festival-de-cine-de-malaga-2\\\/#primaryimage\"},\"thumbnailUrl\":\"https:\\\/\\\/granada.salesianos.edu\\\/colegio\\\/wp-content\\\/uploads\\\/sites\\\/2\\\/2023\\\/02\\\/PANTANO2.jpg\",\"datePublished\":\"2023-03-24T11:25:56+00:00\",\"dateModified\":\"2023-03-24T11:27:17+00:00\",\"description\":\"Nuestra antigua alumna del Grado Superior de Realizaci\u00f3n de Proyectos Audiovisuales y Espect\u00e1culos, Elena Vill\u00e9n, ha sido seleccionada con su cortometraje en el Festival de cine de M\u00e1laga, lo que para nosotros representa todo un orgullo.\",\"breadcrumb\":{\"@id\":\"https:\\\/\\\/granada.salesianos.edu\\\/colegio\\\/blog\\\/elena-villen-seleccionada-con-su-cortometraje-en-el-festival-de-cine-de-malaga-2\\\/#breadcrumb\"},\"inLanguage\":\"es\",\"potentialAction\":[{\"@type\":\"ReadAction\",\"target\":[\"https:\\\/\\\/granada.salesianos.edu\\\/colegio\\\/blog\\\/elena-villen-seleccionada-con-su-cortometraje-en-el-festival-de-cine-de-malaga-2\\\/\"]}]},{\"@type\":\"ImageObject\",\"inLanguage\":\"es\",\"@id\":\"https:\\\/\\\/granada.salesianos.edu\\\/colegio\\\/blog\\\/elena-villen-seleccionada-con-su-cortometraje-en-el-festival-de-cine-de-malaga-2\\\/#primaryimage\",\"url\":\"https:\\\/\\\/granada.salesianos.edu\\\/colegio\\\/wp-content\\\/uploads\\\/sites\\\/2\\\/2023\\\/02\\\/PANTANO2.jpg\",\"contentUrl\":\"https:\\\/\\\/granada.salesianos.edu\\\/colegio\\\/wp-content\\\/uploads\\\/sites\\\/2\\\/2023\\\/02\\\/PANTANO2.jpg\",\"width\":1170,\"height\":1170},{\"@type\":\"BreadcrumbList\",\"@id\":\"https:\\\/\\\/granada.salesianos.edu\\\/colegio\\\/blog\\\/elena-villen-seleccionada-con-su-cortometraje-en-el-festival-de-cine-de-malaga-2\\\/#breadcrumb\",\"itemListElement\":[{\"@type\":\"ListItem\",\"position\":1,\"name\":\"Portada\",\"item\":\"https:\\\/\\\/granada.salesianos.edu\\\/colegio\\\/\"},{\"@type\":\"ListItem\",\"position\":2,\"name\":\"Elena Vill\u00e9n seleccionada con su cortometraje en el Festival de Cine de M\u00e1laga\"}]},{\"@type\":\"WebSite\",\"@id\":\"https:\\\/\\\/granada.salesianos.edu\\\/colegio\\\/#website\",\"url\":\"https:\\\/\\\/granada.salesianos.edu\\\/colegio\\\/\",\"name\":\"Colegio Salesiano\",\"description\":\"P\u00e1gina oficial de Salesianos Granada San Juan Bosco\",\"publisher\":{\"@id\":\"https:\\\/\\\/granada.salesianos.edu\\\/colegio\\\/#organization\"},\"potentialAction\":[{\"@type\":\"SearchAction\",\"target\":{\"@type\":\"EntryPoint\",\"urlTemplate\":\"https:\\\/\\\/granada.salesianos.edu\\\/colegio\\\/?s={search_term_string}\"},\"query-input\":{\"@type\":\"PropertyValueSpecification\",\"valueRequired\":true,\"valueName\":\"search_term_string\"}}],\"inLanguage\":\"es\"},{\"@type\":\"Organization\",\"@id\":\"https:\\\/\\\/granada.salesianos.edu\\\/colegio\\\/#organization\",\"name\":\"Colegio Salesiano San Juan Bosco Granada\",\"url\":\"https:\\\/\\\/granada.salesianos.edu\\\/colegio\\\/\",\"logo\":{\"@type\":\"ImageObject\",\"inLanguage\":\"es\",\"@id\":\"https:\\\/\\\/granada.salesianos.edu\\\/colegio\\\/#\\\/schema\\\/logo\\\/image\\\/\",\"url\":\"https:\\\/\\\/granada.salesianos.edu\\\/colegio\\\/wp-content\\\/uploads\\\/sites\\\/2\\\/2021\\\/01\\\/GRANADAobraVN2.jpg\",\"contentUrl\":\"https:\\\/\\\/granada.salesianos.edu\\\/colegio\\\/wp-content\\\/uploads\\\/sites\\\/2\\\/2021\\\/01\\\/GRANADAobraVN2.jpg\",\"width\":2113,\"height\":1894,\"caption\":\"Colegio Salesiano San Juan Bosco Granada\"},\"image\":{\"@id\":\"https:\\\/\\\/granada.salesianos.edu\\\/colegio\\\/#\\\/schema\\\/logo\\\/image\\\/\"},\"sameAs\":[\"https:\\\/\\\/www.facebook.com\\\/SalesianosGR\\\/\",\"https:\\\/\\\/x.com\\\/GranadaSDB\",\"https:\\\/\\\/www.instagram.com\\\/salesianosgranada\\\/\",\"https:\\\/\\\/www.youtube.com\\\/channel\\\/UChkpZuhCf4Y5rYIcFT3CNxw?view_as=subscriber\"]},{\"@type\":\"Person\",\"@id\":\"https:\\\/\\\/granada.salesianos.edu\\\/colegio\\\/#\\\/schema\\\/person\\\/6392ff2e4bd1e66981d6eab734bbd962\",\"name\":\"Gestor Web\",\"image\":{\"@type\":\"ImageObject\",\"inLanguage\":\"es\",\"@id\":\"https:\\\/\\\/secure.gravatar.com\\\/avatar\\\/160666bb56a01520857079961a824af2b7821d6bad80677c80f2b473fceead1b?s=96&d=mm&r=g\",\"url\":\"https:\\\/\\\/secure.gravatar.com\\\/avatar\\\/160666bb56a01520857079961a824af2b7821d6bad80677c80f2b473fceead1b?s=96&d=mm&r=g\",\"contentUrl\":\"https:\\\/\\\/secure.gravatar.com\\\/avatar\\\/160666bb56a01520857079961a824af2b7821d6bad80677c80f2b473fceead1b?s=96&d=mm&r=g\",\"caption\":\"Gestor Web\"}}]}<\/script>\n<!-- \/ Yoast SEO plugin. -->","yoast_head_json":{"title":"Elena Vill\u00e9n seleccionada con su cortometraje en el Festival de Cine de M\u00e1laga - Colegio Salesiano","description":"Nuestra antigua alumna del Grado Superior de Realizaci\u00f3n de Proyectos Audiovisuales y Espect\u00e1culos, Elena Vill\u00e9n, ha sido seleccionada con su cortometraje en el Festival de cine de M\u00e1laga, lo que para nosotros representa todo un orgullo.","robots":{"index":"index","follow":"follow","max-snippet":"max-snippet:-1","max-image-preview":"max-image-preview:large","max-video-preview":"max-video-preview:-1"},"canonical":"https:\/\/granada.salesianos.edu\/colegio\/blog\/elena-villen-seleccionada-con-su-cortometraje-en-el-festival-de-cine-de-malaga-2\/","og_locale":"es_ES","og_type":"article","og_title":"Elena Vill\u00e9n seleccionada con su cortometraje en el Festival de Cine de M\u00e1laga - Colegio Salesiano","og_description":"Nuestra antigua alumna del Grado Superior de Realizaci\u00f3n de Proyectos Audiovisuales y Espect\u00e1culos, Elena Vill\u00e9n, ha sido seleccionada con su cortometraje en el Festival de cine de M\u00e1laga, lo que para nosotros representa todo un orgullo.","og_url":"https:\/\/granada.salesianos.edu\/colegio\/blog\/elena-villen-seleccionada-con-su-cortometraje-en-el-festival-de-cine-de-malaga-2\/","og_site_name":"Colegio Salesiano","article_publisher":"https:\/\/www.facebook.com\/SalesianosGR\/","article_published_time":"2023-03-24T11:25:56+00:00","article_modified_time":"2023-03-24T11:27:17+00:00","og_image":[{"width":1170,"height":1170,"url":"https:\/\/granada.salesianos.edu\/colegio\/wp-content\/uploads\/sites\/2\/2023\/02\/PANTANO2.jpg","type":"image\/jpeg"}],"author":"Gestor Web","twitter_card":"summary_large_image","twitter_creator":"@GranadaSDB","twitter_site":"@GranadaSDB","twitter_misc":{"Escrito por":"Gestor Web","Tiempo de lectura":"1 minuto"},"schema":{"@context":"https:\/\/schema.org","@graph":[{"@type":"Article","@id":"https:\/\/granada.salesianos.edu\/colegio\/blog\/elena-villen-seleccionada-con-su-cortometraje-en-el-festival-de-cine-de-malaga-2\/#article","isPartOf":{"@id":"https:\/\/granada.salesianos.edu\/colegio\/blog\/elena-villen-seleccionada-con-su-cortometraje-en-el-festival-de-cine-de-malaga-2\/"},"author":{"name":"Gestor Web","@id":"https:\/\/granada.salesianos.edu\/colegio\/#\/schema\/person\/6392ff2e4bd1e66981d6eab734bbd962"},"headline":"Elena Vill\u00e9n seleccionada con su cortometraje en el Festival de Cine de M\u00e1laga","datePublished":"2023-03-24T11:25:56+00:00","dateModified":"2023-03-24T11:27:17+00:00","mainEntityOfPage":{"@id":"https:\/\/granada.salesianos.edu\/colegio\/blog\/elena-villen-seleccionada-con-su-cortometraje-en-el-festival-de-cine-de-malaga-2\/"},"wordCount":466,"commentCount":0,"publisher":{"@id":"https:\/\/granada.salesianos.edu\/colegio\/#organization"},"image":{"@id":"https:\/\/granada.salesianos.edu\/colegio\/blog\/elena-villen-seleccionada-con-su-cortometraje-en-el-festival-de-cine-de-malaga-2\/#primaryimage"},"thumbnailUrl":"https:\/\/granada.salesianos.edu\/colegio\/wp-content\/uploads\/sites\/2\/2023\/02\/PANTANO2.jpg","keywords":["FP","IMAGENYSONIDO","RAE"],"articleSection":["Colegio","FP","Portada"],"inLanguage":"es","potentialAction":[{"@type":"CommentAction","name":"Comment","target":["https:\/\/granada.salesianos.edu\/colegio\/blog\/elena-villen-seleccionada-con-su-cortometraje-en-el-festival-de-cine-de-malaga-2\/#respond"]}]},{"@type":"WebPage","@id":"https:\/\/granada.salesianos.edu\/colegio\/blog\/elena-villen-seleccionada-con-su-cortometraje-en-el-festival-de-cine-de-malaga-2\/","url":"https:\/\/granada.salesianos.edu\/colegio\/blog\/elena-villen-seleccionada-con-su-cortometraje-en-el-festival-de-cine-de-malaga-2\/","name":"Elena Vill\u00e9n seleccionada con su cortometraje en el Festival de Cine de M\u00e1laga - Colegio Salesiano","isPartOf":{"@id":"https:\/\/granada.salesianos.edu\/colegio\/#website"},"primaryImageOfPage":{"@id":"https:\/\/granada.salesianos.edu\/colegio\/blog\/elena-villen-seleccionada-con-su-cortometraje-en-el-festival-de-cine-de-malaga-2\/#primaryimage"},"image":{"@id":"https:\/\/granada.salesianos.edu\/colegio\/blog\/elena-villen-seleccionada-con-su-cortometraje-en-el-festival-de-cine-de-malaga-2\/#primaryimage"},"thumbnailUrl":"https:\/\/granada.salesianos.edu\/colegio\/wp-content\/uploads\/sites\/2\/2023\/02\/PANTANO2.jpg","datePublished":"2023-03-24T11:25:56+00:00","dateModified":"2023-03-24T11:27:17+00:00","description":"Nuestra antigua alumna del Grado Superior de Realizaci\u00f3n de Proyectos Audiovisuales y Espect\u00e1culos, Elena Vill\u00e9n, ha sido seleccionada con su cortometraje en el Festival de cine de M\u00e1laga, lo que para nosotros representa todo un orgullo.","breadcrumb":{"@id":"https:\/\/granada.salesianos.edu\/colegio\/blog\/elena-villen-seleccionada-con-su-cortometraje-en-el-festival-de-cine-de-malaga-2\/#breadcrumb"},"inLanguage":"es","potentialAction":[{"@type":"ReadAction","target":["https:\/\/granada.salesianos.edu\/colegio\/blog\/elena-villen-seleccionada-con-su-cortometraje-en-el-festival-de-cine-de-malaga-2\/"]}]},{"@type":"ImageObject","inLanguage":"es","@id":"https:\/\/granada.salesianos.edu\/colegio\/blog\/elena-villen-seleccionada-con-su-cortometraje-en-el-festival-de-cine-de-malaga-2\/#primaryimage","url":"https:\/\/granada.salesianos.edu\/colegio\/wp-content\/uploads\/sites\/2\/2023\/02\/PANTANO2.jpg","contentUrl":"https:\/\/granada.salesianos.edu\/colegio\/wp-content\/uploads\/sites\/2\/2023\/02\/PANTANO2.jpg","width":1170,"height":1170},{"@type":"BreadcrumbList","@id":"https:\/\/granada.salesianos.edu\/colegio\/blog\/elena-villen-seleccionada-con-su-cortometraje-en-el-festival-de-cine-de-malaga-2\/#breadcrumb","itemListElement":[{"@type":"ListItem","position":1,"name":"Portada","item":"https:\/\/granada.salesianos.edu\/colegio\/"},{"@type":"ListItem","position":2,"name":"Elena Vill\u00e9n seleccionada con su cortometraje en el Festival de Cine de M\u00e1laga"}]},{"@type":"WebSite","@id":"https:\/\/granada.salesianos.edu\/colegio\/#website","url":"https:\/\/granada.salesianos.edu\/colegio\/","name":"Colegio Salesiano","description":"P\u00e1gina oficial de Salesianos Granada San Juan Bosco","publisher":{"@id":"https:\/\/granada.salesianos.edu\/colegio\/#organization"},"potentialAction":[{"@type":"SearchAction","target":{"@type":"EntryPoint","urlTemplate":"https:\/\/granada.salesianos.edu\/colegio\/?s={search_term_string}"},"query-input":{"@type":"PropertyValueSpecification","valueRequired":true,"valueName":"search_term_string"}}],"inLanguage":"es"},{"@type":"Organization","@id":"https:\/\/granada.salesianos.edu\/colegio\/#organization","name":"Colegio Salesiano San Juan Bosco Granada","url":"https:\/\/granada.salesianos.edu\/colegio\/","logo":{"@type":"ImageObject","inLanguage":"es","@id":"https:\/\/granada.salesianos.edu\/colegio\/#\/schema\/logo\/image\/","url":"https:\/\/granada.salesianos.edu\/colegio\/wp-content\/uploads\/sites\/2\/2021\/01\/GRANADAobraVN2.jpg","contentUrl":"https:\/\/granada.salesianos.edu\/colegio\/wp-content\/uploads\/sites\/2\/2021\/01\/GRANADAobraVN2.jpg","width":2113,"height":1894,"caption":"Colegio Salesiano San Juan Bosco Granada"},"image":{"@id":"https:\/\/granada.salesianos.edu\/colegio\/#\/schema\/logo\/image\/"},"sameAs":["https:\/\/www.facebook.com\/SalesianosGR\/","https:\/\/x.com\/GranadaSDB","https:\/\/www.instagram.com\/salesianosgranada\/","https:\/\/www.youtube.com\/channel\/UChkpZuhCf4Y5rYIcFT3CNxw?view_as=subscriber"]},{"@type":"Person","@id":"https:\/\/granada.salesianos.edu\/colegio\/#\/schema\/person\/6392ff2e4bd1e66981d6eab734bbd962","name":"Gestor Web","image":{"@type":"ImageObject","inLanguage":"es","@id":"https:\/\/secure.gravatar.com\/avatar\/160666bb56a01520857079961a824af2b7821d6bad80677c80f2b473fceead1b?s=96&d=mm&r=g","url":"https:\/\/secure.gravatar.com\/avatar\/160666bb56a01520857079961a824af2b7821d6bad80677c80f2b473fceead1b?s=96&d=mm&r=g","contentUrl":"https:\/\/secure.gravatar.com\/avatar\/160666bb56a01520857079961a824af2b7821d6bad80677c80f2b473fceead1b?s=96&d=mm&r=g","caption":"Gestor Web"}}]}},"_links":{"self":[{"href":"https:\/\/granada.salesianos.edu\/colegio\/wp-json\/wp\/v2\/posts\/16993","targetHints":{"allow":["GET"]}}],"collection":[{"href":"https:\/\/granada.salesianos.edu\/colegio\/wp-json\/wp\/v2\/posts"}],"about":[{"href":"https:\/\/granada.salesianos.edu\/colegio\/wp-json\/wp\/v2\/types\/post"}],"author":[{"embeddable":true,"href":"https:\/\/granada.salesianos.edu\/colegio\/wp-json\/wp\/v2\/users\/2"}],"replies":[{"embeddable":true,"href":"https:\/\/granada.salesianos.edu\/colegio\/wp-json\/wp\/v2\/comments?post=16993"}],"version-history":[{"count":2,"href":"https:\/\/granada.salesianos.edu\/colegio\/wp-json\/wp\/v2\/posts\/16993\/revisions"}],"predecessor-version":[{"id":17237,"href":"https:\/\/granada.salesianos.edu\/colegio\/wp-json\/wp\/v2\/posts\/16993\/revisions\/17237"}],"wp:featuredmedia":[{"embeddable":true,"href":"https:\/\/granada.salesianos.edu\/colegio\/wp-json\/wp\/v2\/media\/16994"}],"wp:attachment":[{"href":"https:\/\/granada.salesianos.edu\/colegio\/wp-json\/wp\/v2\/media?parent=16993"}],"wp:term":[{"taxonomy":"category","embeddable":true,"href":"https:\/\/granada.salesianos.edu\/colegio\/wp-json\/wp\/v2\/categories?post=16993"},{"taxonomy":"post_tag","embeddable":true,"href":"https:\/\/granada.salesianos.edu\/colegio\/wp-json\/wp\/v2\/tags?post=16993"}],"curies":[{"name":"wp","href":"https:\/\/api.w.org\/{rel}","templated":true}]}}