{"id":17401,"date":"2023-05-07T20:58:54","date_gmt":"2023-05-07T18:58:54","guid":{"rendered":"https:\/\/granada.salesianos.edu\/colegio\/?p=17401"},"modified":"2023-05-09T10:51:00","modified_gmt":"2023-05-09T08:51:00","slug":"proyecto-polonia-espana-3oeso-2023eco-is-better","status":"publish","type":"post","link":"https:\/\/granada.salesianos.edu\/colegio\/blog\/proyecto-polonia-espana-3oeso-2023eco-is-better\/","title":{"rendered":"PROYECTO POLONIA-ESPA\u00d1A (3\u00baESO) 2023\t\u201cECO IS BETTER\u201d"},"content":{"rendered":"<div id=\"fb-root\"><\/div>\n<p>[et_pb_section fb_built=\u00bb1&#8243; admin_label=\u00bbsection\u00bb _builder_version=\u00bb4.16&#8243; global_colors_info=\u00bb{}\u00bb][et_pb_row admin_label=\u00bbrow\u00bb _builder_version=\u00bb4.16&#8243; background_size=\u00bbinitial\u00bb background_position=\u00bbtop_left\u00bb background_repeat=\u00bbrepeat\u00bb global_colors_info=\u00bb{}\u00bb][et_pb_column type=\u00bb4_4&#8243; _builder_version=\u00bb4.16&#8243; custom_padding=\u00bb|||\u00bb global_colors_info=\u00bb{}\u00bb custom_padding__hover=\u00bb|||\u00bb][et_pb_text admin_label=\u00bbText\u00bb _builder_version=\u00bb4.20.2&#8243; background_size=\u00bbinitial\u00bb background_position=\u00bbtop_left\u00bb background_repeat=\u00bbrepeat\u00bb global_colors_info=\u00bb{}\u00bb]El pasado mes de marzo un grupo de alumnos\/as de 3\u00ba ESO, junto a dos profesoras, estuvieron participando en el proyecto de Erasmus+ <strong>\u00abECO is better\u00bb<\/strong> en la ciudad polaca de Rzeszow. Nuestro colegio particip\u00f3 en este proyecto junto con el centro <strong>Zesp\u00f3\u0142 Szk\u00f3\u0142 nr 1.<\/strong><\/p>\n<p>Con este proyecto de colaboraci\u00f3n buscamos conseguir mejorar en uno de nuestros retos como centro y como sociedad:<strong> la creaci\u00f3n de nuevas conductas medioambientales<\/strong>. Conseguir tener una visi\u00f3n integral para la formaci\u00f3n ambiental de la comunidad educativa en su conjunto.<\/p>\n<p><img loading=\"lazy\" decoding=\"async\" class=\"alignnone size-thumbnail wp-image-17403\" src=\"https:\/\/granada.salesianos.edu\/colegio\/wp-content\/uploads\/sites\/2\/2023\/05\/Polonia1-150x150.jpeg\" alt=\"\" width=\"150\" height=\"150\" \/> <img loading=\"lazy\" decoding=\"async\" class=\"alignnone size-thumbnail wp-image-17404\" src=\"https:\/\/granada.salesianos.edu\/colegio\/wp-content\/uploads\/sites\/2\/2023\/05\/Polonia2-150x150.jpeg\" alt=\"\" width=\"150\" height=\"150\" \/> <img loading=\"lazy\" decoding=\"async\" class=\"alignnone size-thumbnail wp-image-17405\" src=\"https:\/\/granada.salesianos.edu\/colegio\/wp-content\/uploads\/sites\/2\/2023\/05\/Polonia3-1-150x150.jpeg\" alt=\"\" width=\"150\" height=\"150\" \/> <img loading=\"lazy\" decoding=\"async\" class=\"alignnone size-thumbnail wp-image-17406\" src=\"https:\/\/granada.salesianos.edu\/colegio\/wp-content\/uploads\/sites\/2\/2023\/05\/Polonia4-1-150x150.jpeg\" alt=\"\" width=\"150\" height=\"150\" \/> <img loading=\"lazy\" decoding=\"async\" class=\"alignnone size-thumbnail wp-image-17407\" src=\"https:\/\/granada.salesianos.edu\/colegio\/wp-content\/uploads\/sites\/2\/2023\/05\/Polonia4-150x150.jpeg\" alt=\"\" width=\"150\" height=\"150\" \/><br \/>\nNuestros alumnos compartieron junto a un grupo de estudiantes polaco y sus profesoras sus inquietudes sobre la sostenibilidad en los colegios y las medidas que debemos llevar a cabo para mejorar. Adem\u00e1s, esta experiencia les permiti\u00f3 afianzar su dominio del ingl\u00e9s, conocer otra cultura y establecer lazos de amistad con el grupo polaco que nos acogi\u00f3 con gran cari\u00f1o y generosidad.\u00a0 Esperemos que esta amistad y colaboraci\u00f3n se mantenga durante mucho tiempo.[\/et_pb_text][\/et_pb_column][\/et_pb_row][\/et_pb_section]<\/p>\n","protected":false},"excerpt":{"rendered":"<p>Con este proyecto de colaboraci\u00f3n buscamos conseguir mejorar en uno de nuestros retos como centro y como sociedad: la creaci\u00f3n de nuevas conductas medioambientales. Conseguir tener una visi\u00f3n integral para la formaci\u00f3n ambiental de la comunidad educativa en su conjunto. <\/p>\n","protected":false},"author":2,"featured_media":17402,"comment_status":"open","ping_status":"open","sticky":false,"template":"","format":"standard","meta":{"_et_pb_use_builder":"on","_et_pb_old_content":"El pasado mes de marzo un grupo de alumnos\/as de 3\u00ba ESO, junto a dos profesoras, estuvieron participando en el proyecto de Erasmus+ <strong>\"ECO is better\"<\/strong> en la ciudad polaca de Rzeszow. Nuestro colegio particip\u00f3 en este proyecto junto con el centro <strong>Zesp\u00f3\u0142 Szk\u00f3\u0142 nr 1.<\/strong>\r\n\r\nCon este proyecto de colaboraci\u00f3n buscamos conseguir mejorar en uno de nuestros retos como centro y como sociedad:<strong> la creaci\u00f3n de nuevas conductas medioambientales<\/strong>. Conseguir tener una visi\u00f3n integral para la formaci\u00f3n ambiental de la comunidad educativa en su conjunto.\r\n\r\n<img class=\"alignnone size-thumbnail wp-image-17403\" src=\"https:\/\/granada.salesianos.edu\/colegio\/wp-content\/uploads\/sites\/2\/2023\/05\/Polonia1-150x150.jpeg\" alt=\"\" width=\"150\" height=\"150\" \/> <img class=\"alignnone size-thumbnail wp-image-17404\" src=\"https:\/\/granada.salesianos.edu\/colegio\/wp-content\/uploads\/sites\/2\/2023\/05\/Polonia2-150x150.jpeg\" alt=\"\" width=\"150\" height=\"150\" \/> <img class=\"alignnone size-thumbnail wp-image-17405\" src=\"https:\/\/granada.salesianos.edu\/colegio\/wp-content\/uploads\/sites\/2\/2023\/05\/Polonia3-1-150x150.jpeg\" alt=\"\" width=\"150\" height=\"150\" \/> <img class=\"alignnone size-thumbnail wp-image-17406\" src=\"https:\/\/granada.salesianos.edu\/colegio\/wp-content\/uploads\/sites\/2\/2023\/05\/Polonia4-1-150x150.jpeg\" alt=\"\" width=\"150\" height=\"150\" \/> <img class=\"alignnone size-thumbnail wp-image-17407\" src=\"https:\/\/granada.salesianos.edu\/colegio\/wp-content\/uploads\/sites\/2\/2023\/05\/Polonia4-150x150.jpeg\" alt=\"\" width=\"150\" height=\"150\" \/>Nuestros alumnos compartieron junto a un grupo de estudiantes polaco y sus profesoras sus inquietudes sobre la sostenibilidad en los colegios y las medidas que debemos llevar a cabo para mejorar. Adem\u00e1s, esta experiencia les permiti\u00f3 afianzar su dominio del ingl\u00e9s, conocer otra cultura y establecer lazos de amistad con el grupo polaco que nos acogi\u00f3 con gran cari\u00f1o y generosidad.\u00a0 Esperemos que esta amistad y colaboraci\u00f3n se mantenga durante mucho tiempo.","_et_gb_content_width":"","footnotes":""},"categories":[25,48,19,12],"tags":[46,44,45],"class_list":["post-17401","post","type-post","status-publish","format-standard","has-post-thumbnail","hentry","category-bilinguismo","category-erasmus","category-eso","category-portada","tag-erasmus","tag-polonia","tag-sep_gob"],"yoast_head":"<!-- This site is optimized with the Yoast SEO plugin v28.4 - https:\/\/yoast.com\/product\/yoast-seo-wordpress\/ -->\n<title>PROYECTO POLONIA-ESPA\u00d1A (3\u00baESO) 2023 \u201cECO IS BETTER\u201d - Colegio Salesiano<\/title>\n<meta name=\"description\" content=\"Con este proyecto de colaboraci\u00f3n buscamos conseguir mejorar en uno de nuestros retos como centro y como sociedad: la creaci\u00f3n de nuevas conductas medioambientales. Conseguir tener una visi\u00f3n integral para la formaci\u00f3n ambiental de la comunidad educativa en su conjunto.\" \/>\n<meta name=\"robots\" content=\"index, follow, max-snippet:-1, max-image-preview:large, max-video-preview:-1\" \/>\n<link rel=\"canonical\" href=\"https:\/\/granada.salesianos.edu\/colegio\/blog\/proyecto-polonia-espana-3oeso-2023eco-is-better\/\" \/>\n<meta property=\"og:locale\" content=\"es_ES\" \/>\n<meta property=\"og:type\" content=\"article\" \/>\n<meta property=\"og:title\" content=\"PROYECTO POLONIA-ESPA\u00d1A (3\u00baESO) 2023 \u201cECO IS BETTER\u201d - Colegio Salesiano\" \/>\n<meta property=\"og:description\" content=\"Con este proyecto de colaboraci\u00f3n buscamos conseguir mejorar en uno de nuestros retos como centro y como sociedad: la creaci\u00f3n de nuevas conductas medioambientales. Conseguir tener una visi\u00f3n integral para la formaci\u00f3n ambiental de la comunidad educativa en su conjunto.\" \/>\n<meta property=\"og:url\" content=\"https:\/\/granada.salesianos.edu\/colegio\/blog\/proyecto-polonia-espana-3oeso-2023eco-is-better\/\" \/>\n<meta property=\"og:site_name\" content=\"Colegio Salesiano\" \/>\n<meta property=\"article:publisher\" content=\"https:\/\/www.facebook.com\/SalesianosGR\/\" \/>\n<meta property=\"article:published_time\" content=\"2023-05-07T18:58:54+00:00\" \/>\n<meta property=\"article:modified_time\" content=\"2023-05-09T08:51:00+00:00\" \/>\n<meta property=\"og:image\" content=\"https:\/\/granada.salesianos.edu\/colegio\/wp-content\/uploads\/sites\/2\/2023\/05\/Polonia3.jpeg\" \/>\n\t<meta property=\"og:image:width\" content=\"1024\" \/>\n\t<meta property=\"og:image:height\" content=\"768\" \/>\n\t<meta property=\"og:image:type\" content=\"image\/jpeg\" \/>\n<meta name=\"author\" content=\"Gestor Web\" \/>\n<meta name=\"twitter:card\" content=\"summary_large_image\" \/>\n<meta name=\"twitter:creator\" content=\"@GranadaSDB\" \/>\n<meta name=\"twitter:site\" content=\"@GranadaSDB\" \/>\n<meta name=\"twitter:label1\" content=\"Escrito por\" \/>\n\t<meta name=\"twitter:data1\" content=\"Gestor Web\" \/>\n\t<meta name=\"twitter:label2\" content=\"Tiempo de lectura\" \/>\n\t<meta name=\"twitter:data2\" content=\"2 minutos\" \/>\n<script type=\"application\/ld+json\" class=\"yoast-schema-graph\">{\"@context\":\"https:\\\/\\\/schema.org\",\"@graph\":[{\"@type\":\"Article\",\"@id\":\"https:\\\/\\\/granada.salesianos.edu\\\/colegio\\\/blog\\\/proyecto-polonia-espana-3oeso-2023eco-is-better\\\/#article\",\"isPartOf\":{\"@id\":\"https:\\\/\\\/granada.salesianos.edu\\\/colegio\\\/blog\\\/proyecto-polonia-espana-3oeso-2023eco-is-better\\\/\"},\"author\":{\"name\":\"Gestor Web\",\"@id\":\"https:\\\/\\\/granada.salesianos.edu\\\/colegio\\\/#\\\/schema\\\/person\\\/6392ff2e4bd1e66981d6eab734bbd962\"},\"headline\":\"PROYECTO POLONIA-ESPA\u00d1A (3\u00baESO) 2023 \u201cECO IS BETTER\u201d\",\"datePublished\":\"2023-05-07T18:58:54+00:00\",\"dateModified\":\"2023-05-09T08:51:00+00:00\",\"mainEntityOfPage\":{\"@id\":\"https:\\\/\\\/granada.salesianos.edu\\\/colegio\\\/blog\\\/proyecto-polonia-espana-3oeso-2023eco-is-better\\\/\"},\"wordCount\":253,\"commentCount\":0,\"publisher\":{\"@id\":\"https:\\\/\\\/granada.salesianos.edu\\\/colegio\\\/#organization\"},\"image\":{\"@id\":\"https:\\\/\\\/granada.salesianos.edu\\\/colegio\\\/blog\\\/proyecto-polonia-espana-3oeso-2023eco-is-better\\\/#primaryimage\"},\"thumbnailUrl\":\"https:\\\/\\\/granada.salesianos.edu\\\/colegio\\\/wp-content\\\/uploads\\\/sites\\\/2\\\/2023\\\/05\\\/Polonia3.jpeg\",\"keywords\":[\"ERASMUS\",\"POLONIA\",\"SEP_GOB\"],\"articleSection\":[\"Biling\u00fcismo\",\"Erasmus+\",\"ESO\",\"Portada\"],\"inLanguage\":\"es\",\"potentialAction\":[{\"@type\":\"CommentAction\",\"name\":\"Comment\",\"target\":[\"https:\\\/\\\/granada.salesianos.edu\\\/colegio\\\/blog\\\/proyecto-polonia-espana-3oeso-2023eco-is-better\\\/#respond\"]}]},{\"@type\":\"WebPage\",\"@id\":\"https:\\\/\\\/granada.salesianos.edu\\\/colegio\\\/blog\\\/proyecto-polonia-espana-3oeso-2023eco-is-better\\\/\",\"url\":\"https:\\\/\\\/granada.salesianos.edu\\\/colegio\\\/blog\\\/proyecto-polonia-espana-3oeso-2023eco-is-better\\\/\",\"name\":\"PROYECTO POLONIA-ESPA\u00d1A (3\u00baESO) 2023 \u201cECO IS BETTER\u201d - Colegio Salesiano\",\"isPartOf\":{\"@id\":\"https:\\\/\\\/granada.salesianos.edu\\\/colegio\\\/#website\"},\"primaryImageOfPage\":{\"@id\":\"https:\\\/\\\/granada.salesianos.edu\\\/colegio\\\/blog\\\/proyecto-polonia-espana-3oeso-2023eco-is-better\\\/#primaryimage\"},\"image\":{\"@id\":\"https:\\\/\\\/granada.salesianos.edu\\\/colegio\\\/blog\\\/proyecto-polonia-espana-3oeso-2023eco-is-better\\\/#primaryimage\"},\"thumbnailUrl\":\"https:\\\/\\\/granada.salesianos.edu\\\/colegio\\\/wp-content\\\/uploads\\\/sites\\\/2\\\/2023\\\/05\\\/Polonia3.jpeg\",\"datePublished\":\"2023-05-07T18:58:54+00:00\",\"dateModified\":\"2023-05-09T08:51:00+00:00\",\"description\":\"Con este proyecto de colaboraci\u00f3n buscamos conseguir mejorar en uno de nuestros retos como centro y como sociedad: la creaci\u00f3n de nuevas conductas medioambientales. Conseguir tener una visi\u00f3n integral para la formaci\u00f3n ambiental de la comunidad educativa en su conjunto.\",\"breadcrumb\":{\"@id\":\"https:\\\/\\\/granada.salesianos.edu\\\/colegio\\\/blog\\\/proyecto-polonia-espana-3oeso-2023eco-is-better\\\/#breadcrumb\"},\"inLanguage\":\"es\",\"potentialAction\":[{\"@type\":\"ReadAction\",\"target\":[\"https:\\\/\\\/granada.salesianos.edu\\\/colegio\\\/blog\\\/proyecto-polonia-espana-3oeso-2023eco-is-better\\\/\"]}]},{\"@type\":\"ImageObject\",\"inLanguage\":\"es\",\"@id\":\"https:\\\/\\\/granada.salesianos.edu\\\/colegio\\\/blog\\\/proyecto-polonia-espana-3oeso-2023eco-is-better\\\/#primaryimage\",\"url\":\"https:\\\/\\\/granada.salesianos.edu\\\/colegio\\\/wp-content\\\/uploads\\\/sites\\\/2\\\/2023\\\/05\\\/Polonia3.jpeg\",\"contentUrl\":\"https:\\\/\\\/granada.salesianos.edu\\\/colegio\\\/wp-content\\\/uploads\\\/sites\\\/2\\\/2023\\\/05\\\/Polonia3.jpeg\",\"width\":1024,\"height\":768},{\"@type\":\"BreadcrumbList\",\"@id\":\"https:\\\/\\\/granada.salesianos.edu\\\/colegio\\\/blog\\\/proyecto-polonia-espana-3oeso-2023eco-is-better\\\/#breadcrumb\",\"itemListElement\":[{\"@type\":\"ListItem\",\"position\":1,\"name\":\"Portada\",\"item\":\"https:\\\/\\\/granada.salesianos.edu\\\/colegio\\\/\"},{\"@type\":\"ListItem\",\"position\":2,\"name\":\"PROYECTO POLONIA-ESPA\u00d1A (3\u00baESO) 2023 \u201cECO IS BETTER\u201d\"}]},{\"@type\":\"WebSite\",\"@id\":\"https:\\\/\\\/granada.salesianos.edu\\\/colegio\\\/#website\",\"url\":\"https:\\\/\\\/granada.salesianos.edu\\\/colegio\\\/\",\"name\":\"Colegio Salesiano\",\"description\":\"P\u00e1gina oficial de Salesianos Granada San Juan Bosco\",\"publisher\":{\"@id\":\"https:\\\/\\\/granada.salesianos.edu\\\/colegio\\\/#organization\"},\"potentialAction\":[{\"@type\":\"SearchAction\",\"target\":{\"@type\":\"EntryPoint\",\"urlTemplate\":\"https:\\\/\\\/granada.salesianos.edu\\\/colegio\\\/?s={search_term_string}\"},\"query-input\":{\"@type\":\"PropertyValueSpecification\",\"valueRequired\":true,\"valueName\":\"search_term_string\"}}],\"inLanguage\":\"es\"},{\"@type\":\"Organization\",\"@id\":\"https:\\\/\\\/granada.salesianos.edu\\\/colegio\\\/#organization\",\"name\":\"Colegio Salesiano San Juan Bosco Granada\",\"url\":\"https:\\\/\\\/granada.salesianos.edu\\\/colegio\\\/\",\"logo\":{\"@type\":\"ImageObject\",\"inLanguage\":\"es\",\"@id\":\"https:\\\/\\\/granada.salesianos.edu\\\/colegio\\\/#\\\/schema\\\/logo\\\/image\\\/\",\"url\":\"https:\\\/\\\/granada.salesianos.edu\\\/colegio\\\/wp-content\\\/uploads\\\/sites\\\/2\\\/2021\\\/01\\\/GRANADAobraVN2.jpg\",\"contentUrl\":\"https:\\\/\\\/granada.salesianos.edu\\\/colegio\\\/wp-content\\\/uploads\\\/sites\\\/2\\\/2021\\\/01\\\/GRANADAobraVN2.jpg\",\"width\":2113,\"height\":1894,\"caption\":\"Colegio Salesiano San Juan Bosco Granada\"},\"image\":{\"@id\":\"https:\\\/\\\/granada.salesianos.edu\\\/colegio\\\/#\\\/schema\\\/logo\\\/image\\\/\"},\"sameAs\":[\"https:\\\/\\\/www.facebook.com\\\/SalesianosGR\\\/\",\"https:\\\/\\\/x.com\\\/GranadaSDB\",\"https:\\\/\\\/www.instagram.com\\\/salesianosgranada\\\/\",\"https:\\\/\\\/www.youtube.com\\\/channel\\\/UChkpZuhCf4Y5rYIcFT3CNxw?view_as=subscriber\"]},{\"@type\":\"Person\",\"@id\":\"https:\\\/\\\/granada.salesianos.edu\\\/colegio\\\/#\\\/schema\\\/person\\\/6392ff2e4bd1e66981d6eab734bbd962\",\"name\":\"Gestor Web\",\"image\":{\"@type\":\"ImageObject\",\"inLanguage\":\"es\",\"@id\":\"https:\\\/\\\/secure.gravatar.com\\\/avatar\\\/160666bb56a01520857079961a824af2b7821d6bad80677c80f2b473fceead1b?s=96&d=mm&r=g\",\"url\":\"https:\\\/\\\/secure.gravatar.com\\\/avatar\\\/160666bb56a01520857079961a824af2b7821d6bad80677c80f2b473fceead1b?s=96&d=mm&r=g\",\"contentUrl\":\"https:\\\/\\\/secure.gravatar.com\\\/avatar\\\/160666bb56a01520857079961a824af2b7821d6bad80677c80f2b473fceead1b?s=96&d=mm&r=g\",\"caption\":\"Gestor Web\"}}]}<\/script>\n<!-- \/ Yoast SEO plugin. -->","yoast_head_json":{"title":"PROYECTO POLONIA-ESPA\u00d1A (3\u00baESO) 2023 \u201cECO IS BETTER\u201d - Colegio Salesiano","description":"Con este proyecto de colaboraci\u00f3n buscamos conseguir mejorar en uno de nuestros retos como centro y como sociedad: la creaci\u00f3n de nuevas conductas medioambientales. Conseguir tener una visi\u00f3n integral para la formaci\u00f3n ambiental de la comunidad educativa en su conjunto.","robots":{"index":"index","follow":"follow","max-snippet":"max-snippet:-1","max-image-preview":"max-image-preview:large","max-video-preview":"max-video-preview:-1"},"canonical":"https:\/\/granada.salesianos.edu\/colegio\/blog\/proyecto-polonia-espana-3oeso-2023eco-is-better\/","og_locale":"es_ES","og_type":"article","og_title":"PROYECTO POLONIA-ESPA\u00d1A (3\u00baESO) 2023 \u201cECO IS BETTER\u201d - Colegio Salesiano","og_description":"Con este proyecto de colaboraci\u00f3n buscamos conseguir mejorar en uno de nuestros retos como centro y como sociedad: la creaci\u00f3n de nuevas conductas medioambientales. Conseguir tener una visi\u00f3n integral para la formaci\u00f3n ambiental de la comunidad educativa en su conjunto.","og_url":"https:\/\/granada.salesianos.edu\/colegio\/blog\/proyecto-polonia-espana-3oeso-2023eco-is-better\/","og_site_name":"Colegio Salesiano","article_publisher":"https:\/\/www.facebook.com\/SalesianosGR\/","article_published_time":"2023-05-07T18:58:54+00:00","article_modified_time":"2023-05-09T08:51:00+00:00","og_image":[{"width":1024,"height":768,"url":"https:\/\/granada.salesianos.edu\/colegio\/wp-content\/uploads\/sites\/2\/2023\/05\/Polonia3.jpeg","type":"image\/jpeg"}],"author":"Gestor Web","twitter_card":"summary_large_image","twitter_creator":"@GranadaSDB","twitter_site":"@GranadaSDB","twitter_misc":{"Escrito por":"Gestor Web","Tiempo de lectura":"2 minutos"},"schema":{"@context":"https:\/\/schema.org","@graph":[{"@type":"Article","@id":"https:\/\/granada.salesianos.edu\/colegio\/blog\/proyecto-polonia-espana-3oeso-2023eco-is-better\/#article","isPartOf":{"@id":"https:\/\/granada.salesianos.edu\/colegio\/blog\/proyecto-polonia-espana-3oeso-2023eco-is-better\/"},"author":{"name":"Gestor Web","@id":"https:\/\/granada.salesianos.edu\/colegio\/#\/schema\/person\/6392ff2e4bd1e66981d6eab734bbd962"},"headline":"PROYECTO POLONIA-ESPA\u00d1A (3\u00baESO) 2023 \u201cECO IS BETTER\u201d","datePublished":"2023-05-07T18:58:54+00:00","dateModified":"2023-05-09T08:51:00+00:00","mainEntityOfPage":{"@id":"https:\/\/granada.salesianos.edu\/colegio\/blog\/proyecto-polonia-espana-3oeso-2023eco-is-better\/"},"wordCount":253,"commentCount":0,"publisher":{"@id":"https:\/\/granada.salesianos.edu\/colegio\/#organization"},"image":{"@id":"https:\/\/granada.salesianos.edu\/colegio\/blog\/proyecto-polonia-espana-3oeso-2023eco-is-better\/#primaryimage"},"thumbnailUrl":"https:\/\/granada.salesianos.edu\/colegio\/wp-content\/uploads\/sites\/2\/2023\/05\/Polonia3.jpeg","keywords":["ERASMUS","POLONIA","SEP_GOB"],"articleSection":["Biling\u00fcismo","Erasmus+","ESO","Portada"],"inLanguage":"es","potentialAction":[{"@type":"CommentAction","name":"Comment","target":["https:\/\/granada.salesianos.edu\/colegio\/blog\/proyecto-polonia-espana-3oeso-2023eco-is-better\/#respond"]}]},{"@type":"WebPage","@id":"https:\/\/granada.salesianos.edu\/colegio\/blog\/proyecto-polonia-espana-3oeso-2023eco-is-better\/","url":"https:\/\/granada.salesianos.edu\/colegio\/blog\/proyecto-polonia-espana-3oeso-2023eco-is-better\/","name":"PROYECTO POLONIA-ESPA\u00d1A (3\u00baESO) 2023 \u201cECO IS BETTER\u201d - Colegio Salesiano","isPartOf":{"@id":"https:\/\/granada.salesianos.edu\/colegio\/#website"},"primaryImageOfPage":{"@id":"https:\/\/granada.salesianos.edu\/colegio\/blog\/proyecto-polonia-espana-3oeso-2023eco-is-better\/#primaryimage"},"image":{"@id":"https:\/\/granada.salesianos.edu\/colegio\/blog\/proyecto-polonia-espana-3oeso-2023eco-is-better\/#primaryimage"},"thumbnailUrl":"https:\/\/granada.salesianos.edu\/colegio\/wp-content\/uploads\/sites\/2\/2023\/05\/Polonia3.jpeg","datePublished":"2023-05-07T18:58:54+00:00","dateModified":"2023-05-09T08:51:00+00:00","description":"Con este proyecto de colaboraci\u00f3n buscamos conseguir mejorar en uno de nuestros retos como centro y como sociedad: la creaci\u00f3n de nuevas conductas medioambientales. Conseguir tener una visi\u00f3n integral para la formaci\u00f3n ambiental de la comunidad educativa en su conjunto.","breadcrumb":{"@id":"https:\/\/granada.salesianos.edu\/colegio\/blog\/proyecto-polonia-espana-3oeso-2023eco-is-better\/#breadcrumb"},"inLanguage":"es","potentialAction":[{"@type":"ReadAction","target":["https:\/\/granada.salesianos.edu\/colegio\/blog\/proyecto-polonia-espana-3oeso-2023eco-is-better\/"]}]},{"@type":"ImageObject","inLanguage":"es","@id":"https:\/\/granada.salesianos.edu\/colegio\/blog\/proyecto-polonia-espana-3oeso-2023eco-is-better\/#primaryimage","url":"https:\/\/granada.salesianos.edu\/colegio\/wp-content\/uploads\/sites\/2\/2023\/05\/Polonia3.jpeg","contentUrl":"https:\/\/granada.salesianos.edu\/colegio\/wp-content\/uploads\/sites\/2\/2023\/05\/Polonia3.jpeg","width":1024,"height":768},{"@type":"BreadcrumbList","@id":"https:\/\/granada.salesianos.edu\/colegio\/blog\/proyecto-polonia-espana-3oeso-2023eco-is-better\/#breadcrumb","itemListElement":[{"@type":"ListItem","position":1,"name":"Portada","item":"https:\/\/granada.salesianos.edu\/colegio\/"},{"@type":"ListItem","position":2,"name":"PROYECTO POLONIA-ESPA\u00d1A (3\u00baESO) 2023 \u201cECO IS BETTER\u201d"}]},{"@type":"WebSite","@id":"https:\/\/granada.salesianos.edu\/colegio\/#website","url":"https:\/\/granada.salesianos.edu\/colegio\/","name":"Colegio Salesiano","description":"P\u00e1gina oficial de Salesianos Granada San Juan Bosco","publisher":{"@id":"https:\/\/granada.salesianos.edu\/colegio\/#organization"},"potentialAction":[{"@type":"SearchAction","target":{"@type":"EntryPoint","urlTemplate":"https:\/\/granada.salesianos.edu\/colegio\/?s={search_term_string}"},"query-input":{"@type":"PropertyValueSpecification","valueRequired":true,"valueName":"search_term_string"}}],"inLanguage":"es"},{"@type":"Organization","@id":"https:\/\/granada.salesianos.edu\/colegio\/#organization","name":"Colegio Salesiano San Juan Bosco Granada","url":"https:\/\/granada.salesianos.edu\/colegio\/","logo":{"@type":"ImageObject","inLanguage":"es","@id":"https:\/\/granada.salesianos.edu\/colegio\/#\/schema\/logo\/image\/","url":"https:\/\/granada.salesianos.edu\/colegio\/wp-content\/uploads\/sites\/2\/2021\/01\/GRANADAobraVN2.jpg","contentUrl":"https:\/\/granada.salesianos.edu\/colegio\/wp-content\/uploads\/sites\/2\/2021\/01\/GRANADAobraVN2.jpg","width":2113,"height":1894,"caption":"Colegio Salesiano San Juan Bosco Granada"},"image":{"@id":"https:\/\/granada.salesianos.edu\/colegio\/#\/schema\/logo\/image\/"},"sameAs":["https:\/\/www.facebook.com\/SalesianosGR\/","https:\/\/x.com\/GranadaSDB","https:\/\/www.instagram.com\/salesianosgranada\/","https:\/\/www.youtube.com\/channel\/UChkpZuhCf4Y5rYIcFT3CNxw?view_as=subscriber"]},{"@type":"Person","@id":"https:\/\/granada.salesianos.edu\/colegio\/#\/schema\/person\/6392ff2e4bd1e66981d6eab734bbd962","name":"Gestor Web","image":{"@type":"ImageObject","inLanguage":"es","@id":"https:\/\/secure.gravatar.com\/avatar\/160666bb56a01520857079961a824af2b7821d6bad80677c80f2b473fceead1b?s=96&d=mm&r=g","url":"https:\/\/secure.gravatar.com\/avatar\/160666bb56a01520857079961a824af2b7821d6bad80677c80f2b473fceead1b?s=96&d=mm&r=g","contentUrl":"https:\/\/secure.gravatar.com\/avatar\/160666bb56a01520857079961a824af2b7821d6bad80677c80f2b473fceead1b?s=96&d=mm&r=g","caption":"Gestor Web"}}]}},"_links":{"self":[{"href":"https:\/\/granada.salesianos.edu\/colegio\/wp-json\/wp\/v2\/posts\/17401","targetHints":{"allow":["GET"]}}],"collection":[{"href":"https:\/\/granada.salesianos.edu\/colegio\/wp-json\/wp\/v2\/posts"}],"about":[{"href":"https:\/\/granada.salesianos.edu\/colegio\/wp-json\/wp\/v2\/types\/post"}],"author":[{"embeddable":true,"href":"https:\/\/granada.salesianos.edu\/colegio\/wp-json\/wp\/v2\/users\/2"}],"replies":[{"embeddable":true,"href":"https:\/\/granada.salesianos.edu\/colegio\/wp-json\/wp\/v2\/comments?post=17401"}],"version-history":[{"count":5,"href":"https:\/\/granada.salesianos.edu\/colegio\/wp-json\/wp\/v2\/posts\/17401\/revisions"}],"predecessor-version":[{"id":17453,"href":"https:\/\/granada.salesianos.edu\/colegio\/wp-json\/wp\/v2\/posts\/17401\/revisions\/17453"}],"wp:featuredmedia":[{"embeddable":true,"href":"https:\/\/granada.salesianos.edu\/colegio\/wp-json\/wp\/v2\/media\/17402"}],"wp:attachment":[{"href":"https:\/\/granada.salesianos.edu\/colegio\/wp-json\/wp\/v2\/media?parent=17401"}],"wp:term":[{"taxonomy":"category","embeddable":true,"href":"https:\/\/granada.salesianos.edu\/colegio\/wp-json\/wp\/v2\/categories?post=17401"},{"taxonomy":"post_tag","embeddable":true,"href":"https:\/\/granada.salesianos.edu\/colegio\/wp-json\/wp\/v2\/tags?post=17401"}],"curies":[{"name":"wp","href":"https:\/\/api.w.org\/{rel}","templated":true}]}}