{"id":17417,"date":"2023-05-09T10:25:59","date_gmt":"2023-05-09T08:25:59","guid":{"rendered":"https:\/\/granada.salesianos.edu\/colegio\/?p=17417"},"modified":"2023-05-11T17:42:05","modified_gmt":"2023-05-11T15:42:05","slug":"ganadores-del-primer-premio-del-dia-de-las-ciencias-de-primaria-imparten-una-clase-muy-especial-de-fisica-y-quimica-en-3o-eso","status":"publish","type":"post","link":"https:\/\/granada.salesianos.edu\/colegio\/blog\/ganadores-del-primer-premio-del-dia-de-las-ciencias-de-primaria-imparten-una-clase-muy-especial-de-fisica-y-quimica-en-3o-eso\/","title":{"rendered":"Ganadores del primer premio del d\u00eda de las Ciencias de primaria imparten una clase muy especial de f\u00edsica y qu\u00edmica en 3\u00ba ESO."},"content":{"rendered":"<div id=\"fb-root\"><\/div>\n<p>[et_pb_section fb_built=\u00bb1&#8243; admin_label=\u00bbsection\u00bb _builder_version=\u00bb4.16&#8243; global_colors_info=\u00bb{}\u00bb][et_pb_row admin_label=\u00bbrow\u00bb _builder_version=\u00bb4.16&#8243; background_size=\u00bbinitial\u00bb background_position=\u00bbtop_left\u00bb background_repeat=\u00bbrepeat\u00bb global_colors_info=\u00bb{}\u00bb][et_pb_column type=\u00bb4_4&#8243; _builder_version=\u00bb4.16&#8243; custom_padding=\u00bb|||\u00bb global_colors_info=\u00bb{}\u00bb custom_padding__hover=\u00bb|||\u00bb][et_pb_text admin_label=\u00bbText\u00bb _builder_version=\u00bb4.16&#8243; background_size=\u00bbinitial\u00bb background_position=\u00bbtop_left\u00bb background_repeat=\u00bbrepeat\u00bb global_colors_info=\u00bb{}\u00bb]<span style=\"font-weight: 400;\">El viernes pasado fue un d\u00eda muy especial, los estudiantes de 3\u00ba ESO tuvieron la oportunidad de aprender de los mejores. Cinco de nuestros alumnos de 4\u00baA de primaria han explicado los campos gravitatorio, el\u00e9ctrico y magn\u00e9tico de una manera clara y divertida.<\/span><\/p>\n<p><span style=\"font-weight: 400;\">Pero la explicaci\u00f3n no ha sido s\u00f3lo te\u00f3rica, los brillantes \u201cmini profes\u201d propusieron una pr\u00e1ctica muy interesante de cinem\u00e1tica, poniendo en pr\u00e1ctica lo aprendido en la teor\u00eda y haciendo esas sesiones de clase unas de las m\u00e1s especiales del curso.<\/span><\/p>\n<p><span style=\"font-weight: 400;\">Los estudiantes de secundaria estaban encantados de aprender de sus compa\u00f1eros m\u00e1s j\u00f3venes y la energ\u00eda en el aula era contagiosa.<\/span><\/p>\n<p><span style=\"font-weight: 400;\"><img loading=\"lazy\" decoding=\"async\" class=\"alignnone size-thumbnail wp-image-17418\" src=\"https:\/\/granada.salesianos.edu\/wp-content\/uploads\/2023\/05\/IMG_7854-150x150.jpeg\" alt=\"\" width=\"150\" height=\"150\" \/> <img loading=\"lazy\" decoding=\"async\" class=\"alignnone size-thumbnail wp-image-17420\" src=\"https:\/\/granada.salesianos.edu\/wp-content\/uploads\/2023\/05\/IMG_7866-150x150.jpeg\" alt=\"\" width=\"150\" height=\"150\" \/> <img loading=\"lazy\" decoding=\"async\" class=\"alignnone size-thumbnail wp-image-17422\" src=\"https:\/\/granada.salesianos.edu\/wp-content\/uploads\/2023\/05\/IMG_7883-150x150.jpeg\" alt=\"\" width=\"150\" height=\"150\" \/> <img loading=\"lazy\" decoding=\"async\" class=\"alignnone size-thumbnail wp-image-17424\" src=\"https:\/\/granada.salesianos.edu\/wp-content\/uploads\/2023\/05\/IMG_7884-150x150.jpeg\" alt=\"\" width=\"150\" height=\"150\" \/> <img loading=\"lazy\" decoding=\"async\" class=\"alignnone size-thumbnail wp-image-17426\" src=\"https:\/\/granada.salesianos.edu\/wp-content\/uploads\/2023\/05\/IMG_7886-150x150.jpeg\" alt=\"\" width=\"150\" height=\"150\" \/> <img loading=\"lazy\" decoding=\"async\" class=\"alignnone size-thumbnail wp-image-17428\" src=\"https:\/\/granada.salesianos.edu\/wp-content\/uploads\/2023\/05\/IMG_7888-150x150.jpeg\" alt=\"\" width=\"150\" height=\"150\" \/> <img loading=\"lazy\" decoding=\"async\" class=\"alignnone size-thumbnail wp-image-17430\" src=\"https:\/\/granada.salesianos.edu\/wp-content\/uploads\/2023\/05\/IMG_7890-150x150.jpeg\" alt=\"\" width=\"150\" height=\"150\" \/> <img loading=\"lazy\" decoding=\"async\" class=\"alignnone size-thumbnail wp-image-17432\" src=\"https:\/\/granada.salesianos.edu\/wp-content\/uploads\/2023\/05\/IMG_7892-150x150.jpeg\" alt=\"\" width=\"150\" height=\"150\" \/> <img loading=\"lazy\" decoding=\"async\" class=\"alignnone size-thumbnail wp-image-17434\" src=\"https:\/\/granada.salesianos.edu\/wp-content\/uploads\/2023\/05\/IMG_7908-150x150.jpeg\" alt=\"\" width=\"150\" height=\"150\" \/><\/span>[\/et_pb_text][\/et_pb_column][\/et_pb_row][\/et_pb_section]<\/p>\n","protected":false},"excerpt":{"rendered":"<p>El viernes pasado fue un d\u00eda muy especial, los estudiantes de 3\u00ba ESO tuvieron la oportunidad de aprender de los mejores. Cinco de nuestros alumnos de 4\u00baA de primaria han explicado los campos gravitatorio, el\u00e9ctrico y magn\u00e9tico de una manera clara y divertida.<\/p>\n","protected":false},"author":2,"featured_media":17432,"comment_status":"open","ping_status":"open","sticky":false,"template":"","format":"standard","meta":{"_et_pb_use_builder":"on","_et_pb_old_content":"<span style=\"font-weight: 400;\">El viernes pasado fue un d\u00eda muy especial, los estudiantes de 3\u00ba ESO tuvieron la oportunidad de aprender de los mejores. Cinco de nuestros alumnos de 4\u00baA de primaria han explicado los campos gravitatorio, el\u00e9ctrico y magn\u00e9tico de una manera clara y divertida.<\/span>\r\n\r\n<span style=\"font-weight: 400;\">Pero la explicaci\u00f3n no ha sido s\u00f3lo te\u00f3rica, los brillantes \u201cmini profes\u201d propusieron una pr\u00e1ctica muy interesante de cinem\u00e1tica, poniendo en pr\u00e1ctica lo aprendido en la teor\u00eda y haciendo esas sesiones de clase unas de las m\u00e1s especiales del curso.<\/span>\r\n\r\n<span style=\"font-weight: 400;\">Los estudiantes de secundaria estaban encantados de aprender de sus compa\u00f1eros m\u00e1s j\u00f3venes y la energ\u00eda en el aula era contagiosa.<\/span>\r\n\r\n<span style=\"font-weight: 400;\"><img class=\"alignnone size-thumbnail wp-image-64251\" src=\"https:\/\/granada.salesianos.edu\/wp-content\/uploads\/2023\/05\/IMG_7854-150x150.jpeg\" alt=\"\" width=\"150\" height=\"150\" \/> <img class=\"alignnone size-thumbnail wp-image-64252\" src=\"https:\/\/granada.salesianos.edu\/wp-content\/uploads\/2023\/05\/IMG_7866-150x150.jpeg\" alt=\"\" width=\"150\" height=\"150\" \/> <img class=\"alignnone size-thumbnail wp-image-64253\" src=\"https:\/\/granada.salesianos.edu\/wp-content\/uploads\/2023\/05\/IMG_7883-150x150.jpeg\" alt=\"\" width=\"150\" height=\"150\" \/> <img class=\"alignnone size-thumbnail wp-image-64254\" src=\"https:\/\/granada.salesianos.edu\/wp-content\/uploads\/2023\/05\/IMG_7884-150x150.jpeg\" alt=\"\" width=\"150\" height=\"150\" \/> <img class=\"alignnone size-thumbnail wp-image-64255\" src=\"https:\/\/granada.salesianos.edu\/wp-content\/uploads\/2023\/05\/IMG_7886-150x150.jpeg\" alt=\"\" width=\"150\" height=\"150\" \/> <img class=\"alignnone size-thumbnail wp-image-64256\" src=\"https:\/\/granada.salesianos.edu\/wp-content\/uploads\/2023\/05\/IMG_7888-150x150.jpeg\" alt=\"\" width=\"150\" height=\"150\" \/> <img class=\"alignnone size-thumbnail wp-image-64257\" src=\"https:\/\/granada.salesianos.edu\/wp-content\/uploads\/2023\/05\/IMG_7890-150x150.jpeg\" alt=\"\" width=\"150\" height=\"150\" \/> <img class=\"alignnone size-thumbnail wp-image-64258\" src=\"https:\/\/granada.salesianos.edu\/wp-content\/uploads\/2023\/05\/IMG_7892-150x150.jpeg\" alt=\"\" width=\"150\" height=\"150\" \/> <img class=\"alignnone size-thumbnail wp-image-64259\" src=\"https:\/\/granada.salesianos.edu\/wp-content\/uploads\/2023\/05\/IMG_7908-150x150.jpeg\" alt=\"\" width=\"150\" height=\"150\" \/><\/span>","_et_gb_content_width":"","footnotes":""},"categories":[27,11,19,12,22],"tags":[47],"class_list":["post-17417","post","type-post","status-publish","format-standard","has-post-thumbnail","hentry","category-ciencias","category-colegio","category-eso","category-portada","category-primaria","tag-ciencias"],"yoast_head":"<!-- This site is optimized with the Yoast SEO plugin v28.4 - https:\/\/yoast.com\/product\/yoast-seo-wordpress\/ -->\n<title>Ganadores del primer premio del d\u00eda de las Ciencias de primaria imparten una clase muy especial de f\u00edsica y qu\u00edmica en 3\u00ba ESO. - Colegio Salesiano<\/title>\n<meta name=\"description\" content=\"Cinco de nuestros alumnos de 4\u00baA de primaria han explicado los campos gravitatorio, el\u00e9ctrico y magn\u00e9tico de una manera clara y divertida.\" \/>\n<meta name=\"robots\" content=\"index, follow, max-snippet:-1, max-image-preview:large, max-video-preview:-1\" \/>\n<link rel=\"canonical\" href=\"https:\/\/granada.salesianos.edu\/colegio\/blog\/ganadores-del-primer-premio-del-dia-de-las-ciencias-de-primaria-imparten-una-clase-muy-especial-de-fisica-y-quimica-en-3o-eso\/\" \/>\n<meta property=\"og:locale\" content=\"es_ES\" \/>\n<meta property=\"og:type\" content=\"article\" \/>\n<meta property=\"og:title\" content=\"Ganadores del primer premio del d\u00eda de las Ciencias de primaria imparten una clase muy especial de f\u00edsica y qu\u00edmica en 3\u00ba ESO. - Colegio Salesiano\" \/>\n<meta property=\"og:description\" content=\"Cinco de nuestros alumnos de 4\u00baA de primaria han explicado los campos gravitatorio, el\u00e9ctrico y magn\u00e9tico de una manera clara y divertida.\" \/>\n<meta property=\"og:url\" content=\"https:\/\/granada.salesianos.edu\/colegio\/blog\/ganadores-del-primer-premio-del-dia-de-las-ciencias-de-primaria-imparten-una-clase-muy-especial-de-fisica-y-quimica-en-3o-eso\/\" \/>\n<meta property=\"og:site_name\" content=\"Colegio Salesiano\" \/>\n<meta property=\"article:publisher\" content=\"https:\/\/www.facebook.com\/SalesianosGR\/\" \/>\n<meta property=\"article:published_time\" content=\"2023-05-09T08:25:59+00:00\" \/>\n<meta property=\"article:modified_time\" content=\"2023-05-11T15:42:05+00:00\" \/>\n<meta property=\"og:image\" content=\"https:\/\/granada.salesianos.edu\/colegio\/wp-content\/uploads\/sites\/2\/2023\/05\/IMG_7892-scaled.jpeg\" \/>\n\t<meta property=\"og:image:width\" content=\"1920\" \/>\n\t<meta property=\"og:image:height\" content=\"2560\" \/>\n\t<meta property=\"og:image:type\" content=\"image\/jpeg\" \/>\n<meta name=\"author\" content=\"Gestor Web\" \/>\n<meta name=\"twitter:card\" content=\"summary_large_image\" \/>\n<meta name=\"twitter:creator\" content=\"@GranadaSDB\" \/>\n<meta name=\"twitter:site\" content=\"@GranadaSDB\" \/>\n<meta name=\"twitter:label1\" content=\"Escrito por\" \/>\n\t<meta name=\"twitter:data1\" content=\"Gestor Web\" \/>\n\t<meta name=\"twitter:label2\" content=\"Tiempo de lectura\" \/>\n\t<meta name=\"twitter:data2\" content=\"3 minutos\" \/>\n<script type=\"application\/ld+json\" class=\"yoast-schema-graph\">{\"@context\":\"https:\\\/\\\/schema.org\",\"@graph\":[{\"@type\":\"Article\",\"@id\":\"https:\\\/\\\/granada.salesianos.edu\\\/colegio\\\/blog\\\/ganadores-del-primer-premio-del-dia-de-las-ciencias-de-primaria-imparten-una-clase-muy-especial-de-fisica-y-quimica-en-3o-eso\\\/#article\",\"isPartOf\":{\"@id\":\"https:\\\/\\\/granada.salesianos.edu\\\/colegio\\\/blog\\\/ganadores-del-primer-premio-del-dia-de-las-ciencias-de-primaria-imparten-una-clase-muy-especial-de-fisica-y-quimica-en-3o-eso\\\/\"},\"author\":{\"name\":\"Gestor Web\",\"@id\":\"https:\\\/\\\/granada.salesianos.edu\\\/colegio\\\/#\\\/schema\\\/person\\\/6392ff2e4bd1e66981d6eab734bbd962\"},\"headline\":\"Ganadores del primer premio del d\u00eda de las Ciencias de primaria imparten una clase muy especial de f\u00edsica y qu\u00edmica en 3\u00ba ESO.\",\"datePublished\":\"2023-05-09T08:25:59+00:00\",\"dateModified\":\"2023-05-11T15:42:05+00:00\",\"mainEntityOfPage\":{\"@id\":\"https:\\\/\\\/granada.salesianos.edu\\\/colegio\\\/blog\\\/ganadores-del-primer-premio-del-dia-de-las-ciencias-de-primaria-imparten-una-clase-muy-especial-de-fisica-y-quimica-en-3o-eso\\\/\"},\"wordCount\":224,\"commentCount\":0,\"publisher\":{\"@id\":\"https:\\\/\\\/granada.salesianos.edu\\\/colegio\\\/#organization\"},\"image\":{\"@id\":\"https:\\\/\\\/granada.salesianos.edu\\\/colegio\\\/blog\\\/ganadores-del-primer-premio-del-dia-de-las-ciencias-de-primaria-imparten-una-clase-muy-especial-de-fisica-y-quimica-en-3o-eso\\\/#primaryimage\"},\"thumbnailUrl\":\"https:\\\/\\\/granada.salesianos.edu\\\/colegio\\\/wp-content\\\/uploads\\\/sites\\\/2\\\/2023\\\/05\\\/IMG_7892-scaled.jpeg\",\"keywords\":[\"ciencias\"],\"articleSection\":[\"Ciencias\",\"Colegio\",\"ESO\",\"Portada\",\"Primaria\"],\"inLanguage\":\"es\",\"potentialAction\":[{\"@type\":\"CommentAction\",\"name\":\"Comment\",\"target\":[\"https:\\\/\\\/granada.salesianos.edu\\\/colegio\\\/blog\\\/ganadores-del-primer-premio-del-dia-de-las-ciencias-de-primaria-imparten-una-clase-muy-especial-de-fisica-y-quimica-en-3o-eso\\\/#respond\"]}]},{\"@type\":\"WebPage\",\"@id\":\"https:\\\/\\\/granada.salesianos.edu\\\/colegio\\\/blog\\\/ganadores-del-primer-premio-del-dia-de-las-ciencias-de-primaria-imparten-una-clase-muy-especial-de-fisica-y-quimica-en-3o-eso\\\/\",\"url\":\"https:\\\/\\\/granada.salesianos.edu\\\/colegio\\\/blog\\\/ganadores-del-primer-premio-del-dia-de-las-ciencias-de-primaria-imparten-una-clase-muy-especial-de-fisica-y-quimica-en-3o-eso\\\/\",\"name\":\"Ganadores del primer premio del d\u00eda de las Ciencias de primaria imparten una clase muy especial de f\u00edsica y qu\u00edmica en 3\u00ba ESO. - Colegio Salesiano\",\"isPartOf\":{\"@id\":\"https:\\\/\\\/granada.salesianos.edu\\\/colegio\\\/#website\"},\"primaryImageOfPage\":{\"@id\":\"https:\\\/\\\/granada.salesianos.edu\\\/colegio\\\/blog\\\/ganadores-del-primer-premio-del-dia-de-las-ciencias-de-primaria-imparten-una-clase-muy-especial-de-fisica-y-quimica-en-3o-eso\\\/#primaryimage\"},\"image\":{\"@id\":\"https:\\\/\\\/granada.salesianos.edu\\\/colegio\\\/blog\\\/ganadores-del-primer-premio-del-dia-de-las-ciencias-de-primaria-imparten-una-clase-muy-especial-de-fisica-y-quimica-en-3o-eso\\\/#primaryimage\"},\"thumbnailUrl\":\"https:\\\/\\\/granada.salesianos.edu\\\/colegio\\\/wp-content\\\/uploads\\\/sites\\\/2\\\/2023\\\/05\\\/IMG_7892-scaled.jpeg\",\"datePublished\":\"2023-05-09T08:25:59+00:00\",\"dateModified\":\"2023-05-11T15:42:05+00:00\",\"description\":\"Cinco de nuestros alumnos de 4\u00baA de primaria han explicado los campos gravitatorio, el\u00e9ctrico y magn\u00e9tico de una manera clara y divertida.\",\"breadcrumb\":{\"@id\":\"https:\\\/\\\/granada.salesianos.edu\\\/colegio\\\/blog\\\/ganadores-del-primer-premio-del-dia-de-las-ciencias-de-primaria-imparten-una-clase-muy-especial-de-fisica-y-quimica-en-3o-eso\\\/#breadcrumb\"},\"inLanguage\":\"es\",\"potentialAction\":[{\"@type\":\"ReadAction\",\"target\":[\"https:\\\/\\\/granada.salesianos.edu\\\/colegio\\\/blog\\\/ganadores-del-primer-premio-del-dia-de-las-ciencias-de-primaria-imparten-una-clase-muy-especial-de-fisica-y-quimica-en-3o-eso\\\/\"]}]},{\"@type\":\"ImageObject\",\"inLanguage\":\"es\",\"@id\":\"https:\\\/\\\/granada.salesianos.edu\\\/colegio\\\/blog\\\/ganadores-del-primer-premio-del-dia-de-las-ciencias-de-primaria-imparten-una-clase-muy-especial-de-fisica-y-quimica-en-3o-eso\\\/#primaryimage\",\"url\":\"https:\\\/\\\/granada.salesianos.edu\\\/colegio\\\/wp-content\\\/uploads\\\/sites\\\/2\\\/2023\\\/05\\\/IMG_7892-scaled.jpeg\",\"contentUrl\":\"https:\\\/\\\/granada.salesianos.edu\\\/colegio\\\/wp-content\\\/uploads\\\/sites\\\/2\\\/2023\\\/05\\\/IMG_7892-scaled.jpeg\",\"width\":1920,\"height\":2560},{\"@type\":\"BreadcrumbList\",\"@id\":\"https:\\\/\\\/granada.salesianos.edu\\\/colegio\\\/blog\\\/ganadores-del-primer-premio-del-dia-de-las-ciencias-de-primaria-imparten-una-clase-muy-especial-de-fisica-y-quimica-en-3o-eso\\\/#breadcrumb\",\"itemListElement\":[{\"@type\":\"ListItem\",\"position\":1,\"name\":\"Portada\",\"item\":\"https:\\\/\\\/granada.salesianos.edu\\\/colegio\\\/\"},{\"@type\":\"ListItem\",\"position\":2,\"name\":\"Ganadores del primer premio del d\u00eda de las Ciencias de primaria imparten una clase muy especial de f\u00edsica y qu\u00edmica en 3\u00ba ESO.\"}]},{\"@type\":\"WebSite\",\"@id\":\"https:\\\/\\\/granada.salesianos.edu\\\/colegio\\\/#website\",\"url\":\"https:\\\/\\\/granada.salesianos.edu\\\/colegio\\\/\",\"name\":\"Colegio Salesiano\",\"description\":\"P\u00e1gina oficial de Salesianos Granada San Juan Bosco\",\"publisher\":{\"@id\":\"https:\\\/\\\/granada.salesianos.edu\\\/colegio\\\/#organization\"},\"potentialAction\":[{\"@type\":\"SearchAction\",\"target\":{\"@type\":\"EntryPoint\",\"urlTemplate\":\"https:\\\/\\\/granada.salesianos.edu\\\/colegio\\\/?s={search_term_string}\"},\"query-input\":{\"@type\":\"PropertyValueSpecification\",\"valueRequired\":true,\"valueName\":\"search_term_string\"}}],\"inLanguage\":\"es\"},{\"@type\":\"Organization\",\"@id\":\"https:\\\/\\\/granada.salesianos.edu\\\/colegio\\\/#organization\",\"name\":\"Colegio Salesiano San Juan Bosco Granada\",\"url\":\"https:\\\/\\\/granada.salesianos.edu\\\/colegio\\\/\",\"logo\":{\"@type\":\"ImageObject\",\"inLanguage\":\"es\",\"@id\":\"https:\\\/\\\/granada.salesianos.edu\\\/colegio\\\/#\\\/schema\\\/logo\\\/image\\\/\",\"url\":\"https:\\\/\\\/granada.salesianos.edu\\\/colegio\\\/wp-content\\\/uploads\\\/sites\\\/2\\\/2021\\\/01\\\/GRANADAobraVN2.jpg\",\"contentUrl\":\"https:\\\/\\\/granada.salesianos.edu\\\/colegio\\\/wp-content\\\/uploads\\\/sites\\\/2\\\/2021\\\/01\\\/GRANADAobraVN2.jpg\",\"width\":2113,\"height\":1894,\"caption\":\"Colegio Salesiano San Juan Bosco Granada\"},\"image\":{\"@id\":\"https:\\\/\\\/granada.salesianos.edu\\\/colegio\\\/#\\\/schema\\\/logo\\\/image\\\/\"},\"sameAs\":[\"https:\\\/\\\/www.facebook.com\\\/SalesianosGR\\\/\",\"https:\\\/\\\/x.com\\\/GranadaSDB\",\"https:\\\/\\\/www.instagram.com\\\/salesianosgranada\\\/\",\"https:\\\/\\\/www.youtube.com\\\/channel\\\/UChkpZuhCf4Y5rYIcFT3CNxw?view_as=subscriber\"]},{\"@type\":\"Person\",\"@id\":\"https:\\\/\\\/granada.salesianos.edu\\\/colegio\\\/#\\\/schema\\\/person\\\/6392ff2e4bd1e66981d6eab734bbd962\",\"name\":\"Gestor Web\",\"image\":{\"@type\":\"ImageObject\",\"inLanguage\":\"es\",\"@id\":\"https:\\\/\\\/secure.gravatar.com\\\/avatar\\\/160666bb56a01520857079961a824af2b7821d6bad80677c80f2b473fceead1b?s=96&d=mm&r=g\",\"url\":\"https:\\\/\\\/secure.gravatar.com\\\/avatar\\\/160666bb56a01520857079961a824af2b7821d6bad80677c80f2b473fceead1b?s=96&d=mm&r=g\",\"contentUrl\":\"https:\\\/\\\/secure.gravatar.com\\\/avatar\\\/160666bb56a01520857079961a824af2b7821d6bad80677c80f2b473fceead1b?s=96&d=mm&r=g\",\"caption\":\"Gestor Web\"}}]}<\/script>\n<!-- \/ Yoast SEO plugin. -->","yoast_head_json":{"title":"Ganadores del primer premio del d\u00eda de las Ciencias de primaria imparten una clase muy especial de f\u00edsica y qu\u00edmica en 3\u00ba ESO. - Colegio Salesiano","description":"Cinco de nuestros alumnos de 4\u00baA de primaria han explicado los campos gravitatorio, el\u00e9ctrico y magn\u00e9tico de una manera clara y divertida.","robots":{"index":"index","follow":"follow","max-snippet":"max-snippet:-1","max-image-preview":"max-image-preview:large","max-video-preview":"max-video-preview:-1"},"canonical":"https:\/\/granada.salesianos.edu\/colegio\/blog\/ganadores-del-primer-premio-del-dia-de-las-ciencias-de-primaria-imparten-una-clase-muy-especial-de-fisica-y-quimica-en-3o-eso\/","og_locale":"es_ES","og_type":"article","og_title":"Ganadores del primer premio del d\u00eda de las Ciencias de primaria imparten una clase muy especial de f\u00edsica y qu\u00edmica en 3\u00ba ESO. - Colegio Salesiano","og_description":"Cinco de nuestros alumnos de 4\u00baA de primaria han explicado los campos gravitatorio, el\u00e9ctrico y magn\u00e9tico de una manera clara y divertida.","og_url":"https:\/\/granada.salesianos.edu\/colegio\/blog\/ganadores-del-primer-premio-del-dia-de-las-ciencias-de-primaria-imparten-una-clase-muy-especial-de-fisica-y-quimica-en-3o-eso\/","og_site_name":"Colegio Salesiano","article_publisher":"https:\/\/www.facebook.com\/SalesianosGR\/","article_published_time":"2023-05-09T08:25:59+00:00","article_modified_time":"2023-05-11T15:42:05+00:00","og_image":[{"width":1920,"height":2560,"url":"https:\/\/granada.salesianos.edu\/colegio\/wp-content\/uploads\/sites\/2\/2023\/05\/IMG_7892-scaled.jpeg","type":"image\/jpeg"}],"author":"Gestor Web","twitter_card":"summary_large_image","twitter_creator":"@GranadaSDB","twitter_site":"@GranadaSDB","twitter_misc":{"Escrito por":"Gestor Web","Tiempo de lectura":"3 minutos"},"schema":{"@context":"https:\/\/schema.org","@graph":[{"@type":"Article","@id":"https:\/\/granada.salesianos.edu\/colegio\/blog\/ganadores-del-primer-premio-del-dia-de-las-ciencias-de-primaria-imparten-una-clase-muy-especial-de-fisica-y-quimica-en-3o-eso\/#article","isPartOf":{"@id":"https:\/\/granada.salesianos.edu\/colegio\/blog\/ganadores-del-primer-premio-del-dia-de-las-ciencias-de-primaria-imparten-una-clase-muy-especial-de-fisica-y-quimica-en-3o-eso\/"},"author":{"name":"Gestor Web","@id":"https:\/\/granada.salesianos.edu\/colegio\/#\/schema\/person\/6392ff2e4bd1e66981d6eab734bbd962"},"headline":"Ganadores del primer premio del d\u00eda de las Ciencias de primaria imparten una clase muy especial de f\u00edsica y qu\u00edmica en 3\u00ba ESO.","datePublished":"2023-05-09T08:25:59+00:00","dateModified":"2023-05-11T15:42:05+00:00","mainEntityOfPage":{"@id":"https:\/\/granada.salesianos.edu\/colegio\/blog\/ganadores-del-primer-premio-del-dia-de-las-ciencias-de-primaria-imparten-una-clase-muy-especial-de-fisica-y-quimica-en-3o-eso\/"},"wordCount":224,"commentCount":0,"publisher":{"@id":"https:\/\/granada.salesianos.edu\/colegio\/#organization"},"image":{"@id":"https:\/\/granada.salesianos.edu\/colegio\/blog\/ganadores-del-primer-premio-del-dia-de-las-ciencias-de-primaria-imparten-una-clase-muy-especial-de-fisica-y-quimica-en-3o-eso\/#primaryimage"},"thumbnailUrl":"https:\/\/granada.salesianos.edu\/colegio\/wp-content\/uploads\/sites\/2\/2023\/05\/IMG_7892-scaled.jpeg","keywords":["ciencias"],"articleSection":["Ciencias","Colegio","ESO","Portada","Primaria"],"inLanguage":"es","potentialAction":[{"@type":"CommentAction","name":"Comment","target":["https:\/\/granada.salesianos.edu\/colegio\/blog\/ganadores-del-primer-premio-del-dia-de-las-ciencias-de-primaria-imparten-una-clase-muy-especial-de-fisica-y-quimica-en-3o-eso\/#respond"]}]},{"@type":"WebPage","@id":"https:\/\/granada.salesianos.edu\/colegio\/blog\/ganadores-del-primer-premio-del-dia-de-las-ciencias-de-primaria-imparten-una-clase-muy-especial-de-fisica-y-quimica-en-3o-eso\/","url":"https:\/\/granada.salesianos.edu\/colegio\/blog\/ganadores-del-primer-premio-del-dia-de-las-ciencias-de-primaria-imparten-una-clase-muy-especial-de-fisica-y-quimica-en-3o-eso\/","name":"Ganadores del primer premio del d\u00eda de las Ciencias de primaria imparten una clase muy especial de f\u00edsica y qu\u00edmica en 3\u00ba ESO. - Colegio Salesiano","isPartOf":{"@id":"https:\/\/granada.salesianos.edu\/colegio\/#website"},"primaryImageOfPage":{"@id":"https:\/\/granada.salesianos.edu\/colegio\/blog\/ganadores-del-primer-premio-del-dia-de-las-ciencias-de-primaria-imparten-una-clase-muy-especial-de-fisica-y-quimica-en-3o-eso\/#primaryimage"},"image":{"@id":"https:\/\/granada.salesianos.edu\/colegio\/blog\/ganadores-del-primer-premio-del-dia-de-las-ciencias-de-primaria-imparten-una-clase-muy-especial-de-fisica-y-quimica-en-3o-eso\/#primaryimage"},"thumbnailUrl":"https:\/\/granada.salesianos.edu\/colegio\/wp-content\/uploads\/sites\/2\/2023\/05\/IMG_7892-scaled.jpeg","datePublished":"2023-05-09T08:25:59+00:00","dateModified":"2023-05-11T15:42:05+00:00","description":"Cinco de nuestros alumnos de 4\u00baA de primaria han explicado los campos gravitatorio, el\u00e9ctrico y magn\u00e9tico de una manera clara y divertida.","breadcrumb":{"@id":"https:\/\/granada.salesianos.edu\/colegio\/blog\/ganadores-del-primer-premio-del-dia-de-las-ciencias-de-primaria-imparten-una-clase-muy-especial-de-fisica-y-quimica-en-3o-eso\/#breadcrumb"},"inLanguage":"es","potentialAction":[{"@type":"ReadAction","target":["https:\/\/granada.salesianos.edu\/colegio\/blog\/ganadores-del-primer-premio-del-dia-de-las-ciencias-de-primaria-imparten-una-clase-muy-especial-de-fisica-y-quimica-en-3o-eso\/"]}]},{"@type":"ImageObject","inLanguage":"es","@id":"https:\/\/granada.salesianos.edu\/colegio\/blog\/ganadores-del-primer-premio-del-dia-de-las-ciencias-de-primaria-imparten-una-clase-muy-especial-de-fisica-y-quimica-en-3o-eso\/#primaryimage","url":"https:\/\/granada.salesianos.edu\/colegio\/wp-content\/uploads\/sites\/2\/2023\/05\/IMG_7892-scaled.jpeg","contentUrl":"https:\/\/granada.salesianos.edu\/colegio\/wp-content\/uploads\/sites\/2\/2023\/05\/IMG_7892-scaled.jpeg","width":1920,"height":2560},{"@type":"BreadcrumbList","@id":"https:\/\/granada.salesianos.edu\/colegio\/blog\/ganadores-del-primer-premio-del-dia-de-las-ciencias-de-primaria-imparten-una-clase-muy-especial-de-fisica-y-quimica-en-3o-eso\/#breadcrumb","itemListElement":[{"@type":"ListItem","position":1,"name":"Portada","item":"https:\/\/granada.salesianos.edu\/colegio\/"},{"@type":"ListItem","position":2,"name":"Ganadores del primer premio del d\u00eda de las Ciencias de primaria imparten una clase muy especial de f\u00edsica y qu\u00edmica en 3\u00ba ESO."}]},{"@type":"WebSite","@id":"https:\/\/granada.salesianos.edu\/colegio\/#website","url":"https:\/\/granada.salesianos.edu\/colegio\/","name":"Colegio Salesiano","description":"P\u00e1gina oficial de Salesianos Granada San Juan Bosco","publisher":{"@id":"https:\/\/granada.salesianos.edu\/colegio\/#organization"},"potentialAction":[{"@type":"SearchAction","target":{"@type":"EntryPoint","urlTemplate":"https:\/\/granada.salesianos.edu\/colegio\/?s={search_term_string}"},"query-input":{"@type":"PropertyValueSpecification","valueRequired":true,"valueName":"search_term_string"}}],"inLanguage":"es"},{"@type":"Organization","@id":"https:\/\/granada.salesianos.edu\/colegio\/#organization","name":"Colegio Salesiano San Juan Bosco Granada","url":"https:\/\/granada.salesianos.edu\/colegio\/","logo":{"@type":"ImageObject","inLanguage":"es","@id":"https:\/\/granada.salesianos.edu\/colegio\/#\/schema\/logo\/image\/","url":"https:\/\/granada.salesianos.edu\/colegio\/wp-content\/uploads\/sites\/2\/2021\/01\/GRANADAobraVN2.jpg","contentUrl":"https:\/\/granada.salesianos.edu\/colegio\/wp-content\/uploads\/sites\/2\/2021\/01\/GRANADAobraVN2.jpg","width":2113,"height":1894,"caption":"Colegio Salesiano San Juan Bosco Granada"},"image":{"@id":"https:\/\/granada.salesianos.edu\/colegio\/#\/schema\/logo\/image\/"},"sameAs":["https:\/\/www.facebook.com\/SalesianosGR\/","https:\/\/x.com\/GranadaSDB","https:\/\/www.instagram.com\/salesianosgranada\/","https:\/\/www.youtube.com\/channel\/UChkpZuhCf4Y5rYIcFT3CNxw?view_as=subscriber"]},{"@type":"Person","@id":"https:\/\/granada.salesianos.edu\/colegio\/#\/schema\/person\/6392ff2e4bd1e66981d6eab734bbd962","name":"Gestor Web","image":{"@type":"ImageObject","inLanguage":"es","@id":"https:\/\/secure.gravatar.com\/avatar\/160666bb56a01520857079961a824af2b7821d6bad80677c80f2b473fceead1b?s=96&d=mm&r=g","url":"https:\/\/secure.gravatar.com\/avatar\/160666bb56a01520857079961a824af2b7821d6bad80677c80f2b473fceead1b?s=96&d=mm&r=g","contentUrl":"https:\/\/secure.gravatar.com\/avatar\/160666bb56a01520857079961a824af2b7821d6bad80677c80f2b473fceead1b?s=96&d=mm&r=g","caption":"Gestor Web"}}]}},"_links":{"self":[{"href":"https:\/\/granada.salesianos.edu\/colegio\/wp-json\/wp\/v2\/posts\/17417","targetHints":{"allow":["GET"]}}],"collection":[{"href":"https:\/\/granada.salesianos.edu\/colegio\/wp-json\/wp\/v2\/posts"}],"about":[{"href":"https:\/\/granada.salesianos.edu\/colegio\/wp-json\/wp\/v2\/types\/post"}],"author":[{"embeddable":true,"href":"https:\/\/granada.salesianos.edu\/colegio\/wp-json\/wp\/v2\/users\/2"}],"replies":[{"embeddable":true,"href":"https:\/\/granada.salesianos.edu\/colegio\/wp-json\/wp\/v2\/comments?post=17417"}],"version-history":[{"count":21,"href":"https:\/\/granada.salesianos.edu\/colegio\/wp-json\/wp\/v2\/posts\/17417\/revisions"}],"predecessor-version":[{"id":17481,"href":"https:\/\/granada.salesianos.edu\/colegio\/wp-json\/wp\/v2\/posts\/17417\/revisions\/17481"}],"wp:featuredmedia":[{"embeddable":true,"href":"https:\/\/granada.salesianos.edu\/colegio\/wp-json\/wp\/v2\/media\/17432"}],"wp:attachment":[{"href":"https:\/\/granada.salesianos.edu\/colegio\/wp-json\/wp\/v2\/media?parent=17417"}],"wp:term":[{"taxonomy":"category","embeddable":true,"href":"https:\/\/granada.salesianos.edu\/colegio\/wp-json\/wp\/v2\/categories?post=17417"},{"taxonomy":"post_tag","embeddable":true,"href":"https:\/\/granada.salesianos.edu\/colegio\/wp-json\/wp\/v2\/tags?post=17417"}],"curies":[{"name":"wp","href":"https:\/\/api.w.org\/{rel}","templated":true}]}}