{"id":17454,"date":"2023-05-09T11:12:12","date_gmt":"2023-05-09T09:12:12","guid":{"rendered":"https:\/\/granada.salesianos.edu\/colegio\/?p=17454"},"modified":"2023-05-09T11:12:12","modified_gmt":"2023-05-09T09:12:12","slug":"entrega-diplomas-de-las-xxxviii-olimpiadas-matematicas-saem-thales","status":"publish","type":"post","link":"https:\/\/granada.salesianos.edu\/colegio\/blog\/entrega-diplomas-de-las-xxxviii-olimpiadas-matematicas-saem-thales\/","title":{"rendered":"Entrega Diplomas de las XXXVIII Olimpiadas Matem\u00e1ticas SAEM THALES"},"content":{"rendered":"<div id=\"fb-root\"><\/div>\n<p>En el colegio San Juan Bosco de Granada estamos muy contentos y orgullosos con la participaci\u00f3n de nuestros alumnos Irene Ariza y C\u00e9sar C\u00e1lin de 2\u00ba ESO B en la XXXVIII Olimpiada Matem\u00e1tica SAEM THALES.<\/p>\n<p>Compartimos con ustedes el momento en el que el responsable del Departamento de Ciencias, D. Carlos Alberto Mart\u00edn, les hace entrega de los Diplomas de participaci\u00f3n que nos ha hecho llegar la Sociedad Andaluza de Educaci\u00f3n Matem\u00e1tica THALES.<\/p>\n<p>Sin duda, para Irene y C\u00e9sar esta ha sido una experiencia inolvidable y \u00fatil, que les ha permitido demostrar su talento y conocimientos en la materia de matem\u00e1ticas. \u00a1Desde aqu\u00ed les enviamos un aplauso y felicitaciones por su excelente desempe\u00f1o en la competici\u00f3n!<\/p>\n<p><a href=\"https:\/\/granada.salesianos.edu\/colegio\/wp-content\/uploads\/sites\/2\/2023\/05\/IMG_5481.mov\">IMG_5481<\/a><\/p>\n","protected":false},"excerpt":{"rendered":"<p>En el colegio San Juan Bosco de Granada estamos muy contentos y orgullosos con la participaci\u00f3n de nuestros alumnos Irene Ariza y C\u00e9sar C\u00e1lin de 2\u00ba ESO B en la XXXVIII Olimpiada Matem\u00e1tica SAEM THALES.<\/p>\n","protected":false},"author":2,"featured_media":17455,"comment_status":"open","ping_status":"open","sticky":false,"template":"","format":"standard","meta":{"_et_pb_use_builder":"","_et_pb_old_content":"","_et_gb_content_width":"","footnotes":""},"categories":[27,11,19,12],"tags":[47,49,51,50],"class_list":["post-17454","post","type-post","status-publish","format-standard","has-post-thumbnail","hentry","category-ciencias","category-colegio","category-eso","category-portada","tag-ciencias","tag-olimpiadas","tag-secundaria","tag-thales"],"yoast_head":"<!-- This site is optimized with the Yoast SEO plugin v28.4 - https:\/\/yoast.com\/product\/yoast-seo-wordpress\/ -->\n<title>Entrega Diplomas de las XXXVIII Olimpiadas Matem\u00e1ticas SAEM THALES - Colegio Salesiano<\/title>\n<meta name=\"description\" content=\"En el colegio San Juan Bosco de Granada estamos muy contentos y orgullosos con la participaci\u00f3n de nuestros alumnos Irene Ariza y C\u00e9sar C\u00e1lin de 2\u00ba ESO B en la XXXVIII Olimpiada Matem\u00e1tica SAEM THALES.\" \/>\n<meta name=\"robots\" content=\"index, follow, max-snippet:-1, max-image-preview:large, max-video-preview:-1\" \/>\n<link rel=\"canonical\" href=\"https:\/\/granada.salesianos.edu\/colegio\/blog\/entrega-diplomas-de-las-xxxviii-olimpiadas-matematicas-saem-thales\/\" \/>\n<meta property=\"og:locale\" content=\"es_ES\" \/>\n<meta property=\"og:type\" content=\"article\" \/>\n<meta property=\"og:title\" content=\"Entrega Diplomas de las XXXVIII Olimpiadas Matem\u00e1ticas SAEM THALES - Colegio Salesiano\" \/>\n<meta property=\"og:description\" content=\"En el colegio San Juan Bosco de Granada estamos muy contentos y orgullosos con la participaci\u00f3n de nuestros alumnos Irene Ariza y C\u00e9sar C\u00e1lin de 2\u00ba ESO B en la XXXVIII Olimpiada Matem\u00e1tica SAEM THALES.\" \/>\n<meta property=\"og:url\" content=\"https:\/\/granada.salesianos.edu\/colegio\/blog\/entrega-diplomas-de-las-xxxviii-olimpiadas-matematicas-saem-thales\/\" \/>\n<meta property=\"og:site_name\" content=\"Colegio Salesiano\" \/>\n<meta property=\"article:publisher\" content=\"https:\/\/www.facebook.com\/SalesianosGR\/\" \/>\n<meta property=\"article:published_time\" content=\"2023-05-09T09:12:12+00:00\" \/>\n<meta property=\"og:image\" content=\"https:\/\/granada.salesianos.edu\/colegio\/wp-content\/uploads\/sites\/2\/2023\/05\/1-scaled.jpg\" \/>\n\t<meta property=\"og:image:width\" content=\"2560\" \/>\n\t<meta property=\"og:image:height\" content=\"1920\" \/>\n\t<meta property=\"og:image:type\" content=\"image\/jpeg\" \/>\n<meta name=\"author\" content=\"Gestor Web\" \/>\n<meta name=\"twitter:card\" content=\"summary_large_image\" \/>\n<meta name=\"twitter:creator\" content=\"@GranadaSDB\" \/>\n<meta name=\"twitter:site\" content=\"@GranadaSDB\" \/>\n<meta name=\"twitter:label1\" content=\"Escrito por\" \/>\n\t<meta name=\"twitter:data1\" content=\"Gestor Web\" \/>\n<script type=\"application\/ld+json\" class=\"yoast-schema-graph\">{\"@context\":\"https:\\\/\\\/schema.org\",\"@graph\":[{\"@type\":\"Article\",\"@id\":\"https:\\\/\\\/granada.salesianos.edu\\\/colegio\\\/blog\\\/entrega-diplomas-de-las-xxxviii-olimpiadas-matematicas-saem-thales\\\/#article\",\"isPartOf\":{\"@id\":\"https:\\\/\\\/granada.salesianos.edu\\\/colegio\\\/blog\\\/entrega-diplomas-de-las-xxxviii-olimpiadas-matematicas-saem-thales\\\/\"},\"author\":{\"name\":\"Gestor Web\",\"@id\":\"https:\\\/\\\/granada.salesianos.edu\\\/colegio\\\/#\\\/schema\\\/person\\\/6392ff2e4bd1e66981d6eab734bbd962\"},\"headline\":\"Entrega Diplomas de las XXXVIII Olimpiadas Matem\u00e1ticas SAEM THALES\",\"datePublished\":\"2023-05-09T09:12:12+00:00\",\"mainEntityOfPage\":{\"@id\":\"https:\\\/\\\/granada.salesianos.edu\\\/colegio\\\/blog\\\/entrega-diplomas-de-las-xxxviii-olimpiadas-matematicas-saem-thales\\\/\"},\"wordCount\":138,\"commentCount\":0,\"publisher\":{\"@id\":\"https:\\\/\\\/granada.salesianos.edu\\\/colegio\\\/#organization\"},\"image\":{\"@id\":\"https:\\\/\\\/granada.salesianos.edu\\\/colegio\\\/blog\\\/entrega-diplomas-de-las-xxxviii-olimpiadas-matematicas-saem-thales\\\/#primaryimage\"},\"thumbnailUrl\":\"https:\\\/\\\/granada.salesianos.edu\\\/colegio\\\/wp-content\\\/uploads\\\/sites\\\/2\\\/2023\\\/05\\\/1-scaled.jpg\",\"keywords\":[\"ciencias\",\"olimpiadas\",\"secundaria\",\"thales\"],\"articleSection\":[\"Ciencias\",\"Colegio\",\"ESO\",\"Portada\"],\"inLanguage\":\"es\",\"potentialAction\":[{\"@type\":\"CommentAction\",\"name\":\"Comment\",\"target\":[\"https:\\\/\\\/granada.salesianos.edu\\\/colegio\\\/blog\\\/entrega-diplomas-de-las-xxxviii-olimpiadas-matematicas-saem-thales\\\/#respond\"]}]},{\"@type\":\"WebPage\",\"@id\":\"https:\\\/\\\/granada.salesianos.edu\\\/colegio\\\/blog\\\/entrega-diplomas-de-las-xxxviii-olimpiadas-matematicas-saem-thales\\\/\",\"url\":\"https:\\\/\\\/granada.salesianos.edu\\\/colegio\\\/blog\\\/entrega-diplomas-de-las-xxxviii-olimpiadas-matematicas-saem-thales\\\/\",\"name\":\"Entrega Diplomas de las XXXVIII Olimpiadas Matem\u00e1ticas SAEM THALES - Colegio Salesiano\",\"isPartOf\":{\"@id\":\"https:\\\/\\\/granada.salesianos.edu\\\/colegio\\\/#website\"},\"primaryImageOfPage\":{\"@id\":\"https:\\\/\\\/granada.salesianos.edu\\\/colegio\\\/blog\\\/entrega-diplomas-de-las-xxxviii-olimpiadas-matematicas-saem-thales\\\/#primaryimage\"},\"image\":{\"@id\":\"https:\\\/\\\/granada.salesianos.edu\\\/colegio\\\/blog\\\/entrega-diplomas-de-las-xxxviii-olimpiadas-matematicas-saem-thales\\\/#primaryimage\"},\"thumbnailUrl\":\"https:\\\/\\\/granada.salesianos.edu\\\/colegio\\\/wp-content\\\/uploads\\\/sites\\\/2\\\/2023\\\/05\\\/1-scaled.jpg\",\"datePublished\":\"2023-05-09T09:12:12+00:00\",\"description\":\"En el colegio San Juan Bosco de Granada estamos muy contentos y orgullosos con la participaci\u00f3n de nuestros alumnos Irene Ariza y C\u00e9sar C\u00e1lin de 2\u00ba ESO B en la XXXVIII Olimpiada Matem\u00e1tica SAEM THALES.\",\"breadcrumb\":{\"@id\":\"https:\\\/\\\/granada.salesianos.edu\\\/colegio\\\/blog\\\/entrega-diplomas-de-las-xxxviii-olimpiadas-matematicas-saem-thales\\\/#breadcrumb\"},\"inLanguage\":\"es\",\"potentialAction\":[{\"@type\":\"ReadAction\",\"target\":[\"https:\\\/\\\/granada.salesianos.edu\\\/colegio\\\/blog\\\/entrega-diplomas-de-las-xxxviii-olimpiadas-matematicas-saem-thales\\\/\"]}]},{\"@type\":\"ImageObject\",\"inLanguage\":\"es\",\"@id\":\"https:\\\/\\\/granada.salesianos.edu\\\/colegio\\\/blog\\\/entrega-diplomas-de-las-xxxviii-olimpiadas-matematicas-saem-thales\\\/#primaryimage\",\"url\":\"https:\\\/\\\/granada.salesianos.edu\\\/colegio\\\/wp-content\\\/uploads\\\/sites\\\/2\\\/2023\\\/05\\\/1-scaled.jpg\",\"contentUrl\":\"https:\\\/\\\/granada.salesianos.edu\\\/colegio\\\/wp-content\\\/uploads\\\/sites\\\/2\\\/2023\\\/05\\\/1-scaled.jpg\",\"width\":2560,\"height\":1920},{\"@type\":\"BreadcrumbList\",\"@id\":\"https:\\\/\\\/granada.salesianos.edu\\\/colegio\\\/blog\\\/entrega-diplomas-de-las-xxxviii-olimpiadas-matematicas-saem-thales\\\/#breadcrumb\",\"itemListElement\":[{\"@type\":\"ListItem\",\"position\":1,\"name\":\"Portada\",\"item\":\"https:\\\/\\\/granada.salesianos.edu\\\/colegio\\\/\"},{\"@type\":\"ListItem\",\"position\":2,\"name\":\"Entrega Diplomas de las XXXVIII Olimpiadas Matem\u00e1ticas SAEM THALES\"}]},{\"@type\":\"WebSite\",\"@id\":\"https:\\\/\\\/granada.salesianos.edu\\\/colegio\\\/#website\",\"url\":\"https:\\\/\\\/granada.salesianos.edu\\\/colegio\\\/\",\"name\":\"Colegio Salesiano\",\"description\":\"P\u00e1gina oficial de Salesianos Granada San Juan Bosco\",\"publisher\":{\"@id\":\"https:\\\/\\\/granada.salesianos.edu\\\/colegio\\\/#organization\"},\"potentialAction\":[{\"@type\":\"SearchAction\",\"target\":{\"@type\":\"EntryPoint\",\"urlTemplate\":\"https:\\\/\\\/granada.salesianos.edu\\\/colegio\\\/?s={search_term_string}\"},\"query-input\":{\"@type\":\"PropertyValueSpecification\",\"valueRequired\":true,\"valueName\":\"search_term_string\"}}],\"inLanguage\":\"es\"},{\"@type\":\"Organization\",\"@id\":\"https:\\\/\\\/granada.salesianos.edu\\\/colegio\\\/#organization\",\"name\":\"Colegio Salesiano San Juan Bosco Granada\",\"url\":\"https:\\\/\\\/granada.salesianos.edu\\\/colegio\\\/\",\"logo\":{\"@type\":\"ImageObject\",\"inLanguage\":\"es\",\"@id\":\"https:\\\/\\\/granada.salesianos.edu\\\/colegio\\\/#\\\/schema\\\/logo\\\/image\\\/\",\"url\":\"https:\\\/\\\/granada.salesianos.edu\\\/colegio\\\/wp-content\\\/uploads\\\/sites\\\/2\\\/2021\\\/01\\\/GRANADAobraVN2.jpg\",\"contentUrl\":\"https:\\\/\\\/granada.salesianos.edu\\\/colegio\\\/wp-content\\\/uploads\\\/sites\\\/2\\\/2021\\\/01\\\/GRANADAobraVN2.jpg\",\"width\":2113,\"height\":1894,\"caption\":\"Colegio Salesiano San Juan Bosco Granada\"},\"image\":{\"@id\":\"https:\\\/\\\/granada.salesianos.edu\\\/colegio\\\/#\\\/schema\\\/logo\\\/image\\\/\"},\"sameAs\":[\"https:\\\/\\\/www.facebook.com\\\/SalesianosGR\\\/\",\"https:\\\/\\\/x.com\\\/GranadaSDB\",\"https:\\\/\\\/www.instagram.com\\\/salesianosgranada\\\/\",\"https:\\\/\\\/www.youtube.com\\\/channel\\\/UChkpZuhCf4Y5rYIcFT3CNxw?view_as=subscriber\"]},{\"@type\":\"Person\",\"@id\":\"https:\\\/\\\/granada.salesianos.edu\\\/colegio\\\/#\\\/schema\\\/person\\\/6392ff2e4bd1e66981d6eab734bbd962\",\"name\":\"Gestor Web\",\"image\":{\"@type\":\"ImageObject\",\"inLanguage\":\"es\",\"@id\":\"https:\\\/\\\/secure.gravatar.com\\\/avatar\\\/160666bb56a01520857079961a824af2b7821d6bad80677c80f2b473fceead1b?s=96&d=mm&r=g\",\"url\":\"https:\\\/\\\/secure.gravatar.com\\\/avatar\\\/160666bb56a01520857079961a824af2b7821d6bad80677c80f2b473fceead1b?s=96&d=mm&r=g\",\"contentUrl\":\"https:\\\/\\\/secure.gravatar.com\\\/avatar\\\/160666bb56a01520857079961a824af2b7821d6bad80677c80f2b473fceead1b?s=96&d=mm&r=g\",\"caption\":\"Gestor Web\"}}]}<\/script>\n<!-- \/ Yoast SEO plugin. -->","yoast_head_json":{"title":"Entrega Diplomas de las XXXVIII Olimpiadas Matem\u00e1ticas SAEM THALES - Colegio Salesiano","description":"En el colegio San Juan Bosco de Granada estamos muy contentos y orgullosos con la participaci\u00f3n de nuestros alumnos Irene Ariza y C\u00e9sar C\u00e1lin de 2\u00ba ESO B en la XXXVIII Olimpiada Matem\u00e1tica SAEM THALES.","robots":{"index":"index","follow":"follow","max-snippet":"max-snippet:-1","max-image-preview":"max-image-preview:large","max-video-preview":"max-video-preview:-1"},"canonical":"https:\/\/granada.salesianos.edu\/colegio\/blog\/entrega-diplomas-de-las-xxxviii-olimpiadas-matematicas-saem-thales\/","og_locale":"es_ES","og_type":"article","og_title":"Entrega Diplomas de las XXXVIII Olimpiadas Matem\u00e1ticas SAEM THALES - Colegio Salesiano","og_description":"En el colegio San Juan Bosco de Granada estamos muy contentos y orgullosos con la participaci\u00f3n de nuestros alumnos Irene Ariza y C\u00e9sar C\u00e1lin de 2\u00ba ESO B en la XXXVIII Olimpiada Matem\u00e1tica SAEM THALES.","og_url":"https:\/\/granada.salesianos.edu\/colegio\/blog\/entrega-diplomas-de-las-xxxviii-olimpiadas-matematicas-saem-thales\/","og_site_name":"Colegio Salesiano","article_publisher":"https:\/\/www.facebook.com\/SalesianosGR\/","article_published_time":"2023-05-09T09:12:12+00:00","og_image":[{"width":2560,"height":1920,"url":"https:\/\/granada.salesianos.edu\/colegio\/wp-content\/uploads\/sites\/2\/2023\/05\/1-scaled.jpg","type":"image\/jpeg"}],"author":"Gestor Web","twitter_card":"summary_large_image","twitter_creator":"@GranadaSDB","twitter_site":"@GranadaSDB","twitter_misc":{"Escrito por":"Gestor Web"},"schema":{"@context":"https:\/\/schema.org","@graph":[{"@type":"Article","@id":"https:\/\/granada.salesianos.edu\/colegio\/blog\/entrega-diplomas-de-las-xxxviii-olimpiadas-matematicas-saem-thales\/#article","isPartOf":{"@id":"https:\/\/granada.salesianos.edu\/colegio\/blog\/entrega-diplomas-de-las-xxxviii-olimpiadas-matematicas-saem-thales\/"},"author":{"name":"Gestor Web","@id":"https:\/\/granada.salesianos.edu\/colegio\/#\/schema\/person\/6392ff2e4bd1e66981d6eab734bbd962"},"headline":"Entrega Diplomas de las XXXVIII Olimpiadas Matem\u00e1ticas SAEM THALES","datePublished":"2023-05-09T09:12:12+00:00","mainEntityOfPage":{"@id":"https:\/\/granada.salesianos.edu\/colegio\/blog\/entrega-diplomas-de-las-xxxviii-olimpiadas-matematicas-saem-thales\/"},"wordCount":138,"commentCount":0,"publisher":{"@id":"https:\/\/granada.salesianos.edu\/colegio\/#organization"},"image":{"@id":"https:\/\/granada.salesianos.edu\/colegio\/blog\/entrega-diplomas-de-las-xxxviii-olimpiadas-matematicas-saem-thales\/#primaryimage"},"thumbnailUrl":"https:\/\/granada.salesianos.edu\/colegio\/wp-content\/uploads\/sites\/2\/2023\/05\/1-scaled.jpg","keywords":["ciencias","olimpiadas","secundaria","thales"],"articleSection":["Ciencias","Colegio","ESO","Portada"],"inLanguage":"es","potentialAction":[{"@type":"CommentAction","name":"Comment","target":["https:\/\/granada.salesianos.edu\/colegio\/blog\/entrega-diplomas-de-las-xxxviii-olimpiadas-matematicas-saem-thales\/#respond"]}]},{"@type":"WebPage","@id":"https:\/\/granada.salesianos.edu\/colegio\/blog\/entrega-diplomas-de-las-xxxviii-olimpiadas-matematicas-saem-thales\/","url":"https:\/\/granada.salesianos.edu\/colegio\/blog\/entrega-diplomas-de-las-xxxviii-olimpiadas-matematicas-saem-thales\/","name":"Entrega Diplomas de las XXXVIII Olimpiadas Matem\u00e1ticas SAEM THALES - Colegio Salesiano","isPartOf":{"@id":"https:\/\/granada.salesianos.edu\/colegio\/#website"},"primaryImageOfPage":{"@id":"https:\/\/granada.salesianos.edu\/colegio\/blog\/entrega-diplomas-de-las-xxxviii-olimpiadas-matematicas-saem-thales\/#primaryimage"},"image":{"@id":"https:\/\/granada.salesianos.edu\/colegio\/blog\/entrega-diplomas-de-las-xxxviii-olimpiadas-matematicas-saem-thales\/#primaryimage"},"thumbnailUrl":"https:\/\/granada.salesianos.edu\/colegio\/wp-content\/uploads\/sites\/2\/2023\/05\/1-scaled.jpg","datePublished":"2023-05-09T09:12:12+00:00","description":"En el colegio San Juan Bosco de Granada estamos muy contentos y orgullosos con la participaci\u00f3n de nuestros alumnos Irene Ariza y C\u00e9sar C\u00e1lin de 2\u00ba ESO B en la XXXVIII Olimpiada Matem\u00e1tica SAEM THALES.","breadcrumb":{"@id":"https:\/\/granada.salesianos.edu\/colegio\/blog\/entrega-diplomas-de-las-xxxviii-olimpiadas-matematicas-saem-thales\/#breadcrumb"},"inLanguage":"es","potentialAction":[{"@type":"ReadAction","target":["https:\/\/granada.salesianos.edu\/colegio\/blog\/entrega-diplomas-de-las-xxxviii-olimpiadas-matematicas-saem-thales\/"]}]},{"@type":"ImageObject","inLanguage":"es","@id":"https:\/\/granada.salesianos.edu\/colegio\/blog\/entrega-diplomas-de-las-xxxviii-olimpiadas-matematicas-saem-thales\/#primaryimage","url":"https:\/\/granada.salesianos.edu\/colegio\/wp-content\/uploads\/sites\/2\/2023\/05\/1-scaled.jpg","contentUrl":"https:\/\/granada.salesianos.edu\/colegio\/wp-content\/uploads\/sites\/2\/2023\/05\/1-scaled.jpg","width":2560,"height":1920},{"@type":"BreadcrumbList","@id":"https:\/\/granada.salesianos.edu\/colegio\/blog\/entrega-diplomas-de-las-xxxviii-olimpiadas-matematicas-saem-thales\/#breadcrumb","itemListElement":[{"@type":"ListItem","position":1,"name":"Portada","item":"https:\/\/granada.salesianos.edu\/colegio\/"},{"@type":"ListItem","position":2,"name":"Entrega Diplomas de las XXXVIII Olimpiadas Matem\u00e1ticas SAEM THALES"}]},{"@type":"WebSite","@id":"https:\/\/granada.salesianos.edu\/colegio\/#website","url":"https:\/\/granada.salesianos.edu\/colegio\/","name":"Colegio Salesiano","description":"P\u00e1gina oficial de Salesianos Granada San Juan Bosco","publisher":{"@id":"https:\/\/granada.salesianos.edu\/colegio\/#organization"},"potentialAction":[{"@type":"SearchAction","target":{"@type":"EntryPoint","urlTemplate":"https:\/\/granada.salesianos.edu\/colegio\/?s={search_term_string}"},"query-input":{"@type":"PropertyValueSpecification","valueRequired":true,"valueName":"search_term_string"}}],"inLanguage":"es"},{"@type":"Organization","@id":"https:\/\/granada.salesianos.edu\/colegio\/#organization","name":"Colegio Salesiano San Juan Bosco Granada","url":"https:\/\/granada.salesianos.edu\/colegio\/","logo":{"@type":"ImageObject","inLanguage":"es","@id":"https:\/\/granada.salesianos.edu\/colegio\/#\/schema\/logo\/image\/","url":"https:\/\/granada.salesianos.edu\/colegio\/wp-content\/uploads\/sites\/2\/2021\/01\/GRANADAobraVN2.jpg","contentUrl":"https:\/\/granada.salesianos.edu\/colegio\/wp-content\/uploads\/sites\/2\/2021\/01\/GRANADAobraVN2.jpg","width":2113,"height":1894,"caption":"Colegio Salesiano San Juan Bosco Granada"},"image":{"@id":"https:\/\/granada.salesianos.edu\/colegio\/#\/schema\/logo\/image\/"},"sameAs":["https:\/\/www.facebook.com\/SalesianosGR\/","https:\/\/x.com\/GranadaSDB","https:\/\/www.instagram.com\/salesianosgranada\/","https:\/\/www.youtube.com\/channel\/UChkpZuhCf4Y5rYIcFT3CNxw?view_as=subscriber"]},{"@type":"Person","@id":"https:\/\/granada.salesianos.edu\/colegio\/#\/schema\/person\/6392ff2e4bd1e66981d6eab734bbd962","name":"Gestor Web","image":{"@type":"ImageObject","inLanguage":"es","@id":"https:\/\/secure.gravatar.com\/avatar\/160666bb56a01520857079961a824af2b7821d6bad80677c80f2b473fceead1b?s=96&d=mm&r=g","url":"https:\/\/secure.gravatar.com\/avatar\/160666bb56a01520857079961a824af2b7821d6bad80677c80f2b473fceead1b?s=96&d=mm&r=g","contentUrl":"https:\/\/secure.gravatar.com\/avatar\/160666bb56a01520857079961a824af2b7821d6bad80677c80f2b473fceead1b?s=96&d=mm&r=g","caption":"Gestor Web"}}]}},"_links":{"self":[{"href":"https:\/\/granada.salesianos.edu\/colegio\/wp-json\/wp\/v2\/posts\/17454","targetHints":{"allow":["GET"]}}],"collection":[{"href":"https:\/\/granada.salesianos.edu\/colegio\/wp-json\/wp\/v2\/posts"}],"about":[{"href":"https:\/\/granada.salesianos.edu\/colegio\/wp-json\/wp\/v2\/types\/post"}],"author":[{"embeddable":true,"href":"https:\/\/granada.salesianos.edu\/colegio\/wp-json\/wp\/v2\/users\/2"}],"replies":[{"embeddable":true,"href":"https:\/\/granada.salesianos.edu\/colegio\/wp-json\/wp\/v2\/comments?post=17454"}],"version-history":[{"count":1,"href":"https:\/\/granada.salesianos.edu\/colegio\/wp-json\/wp\/v2\/posts\/17454\/revisions"}],"predecessor-version":[{"id":17457,"href":"https:\/\/granada.salesianos.edu\/colegio\/wp-json\/wp\/v2\/posts\/17454\/revisions\/17457"}],"wp:featuredmedia":[{"embeddable":true,"href":"https:\/\/granada.salesianos.edu\/colegio\/wp-json\/wp\/v2\/media\/17455"}],"wp:attachment":[{"href":"https:\/\/granada.salesianos.edu\/colegio\/wp-json\/wp\/v2\/media?parent=17454"}],"wp:term":[{"taxonomy":"category","embeddable":true,"href":"https:\/\/granada.salesianos.edu\/colegio\/wp-json\/wp\/v2\/categories?post=17454"},{"taxonomy":"post_tag","embeddable":true,"href":"https:\/\/granada.salesianos.edu\/colegio\/wp-json\/wp\/v2\/tags?post=17454"}],"curies":[{"name":"wp","href":"https:\/\/api.w.org\/{rel}","templated":true}]}}