{"id":17533,"date":"2023-05-22T17:43:16","date_gmt":"2023-05-22T15:43:16","guid":{"rendered":"https:\/\/granada.salesianos.edu\/colegio\/?p=17533"},"modified":"2023-05-31T11:14:49","modified_gmt":"2023-05-31T09:14:49","slug":"nuestro-alumnos-de-4oeso-lanzan-un-cohete-en-la-feria-de-la-ciencia-2","status":"publish","type":"post","link":"https:\/\/granada.salesianos.edu\/colegio\/blog\/nuestro-alumnos-de-4oeso-lanzan-un-cohete-en-la-feria-de-la-ciencia-2\/","title":{"rendered":"Nuestro alumnado de 4\u00baESO lanza un cohete en la Feria de la Ciencia"},"content":{"rendered":"<div id=\"fb-root\"><\/div>\n<p>[et_pb_section fb_built=\u00bb1&#8243; admin_label=\u00bbsection\u00bb _builder_version=\u00bb4.16&#8243; global_colors_info=\u00bb{}\u00bb theme_builder_area=\u00bbpost_content\u00bb][et_pb_row admin_label=\u00bbrow\u00bb _builder_version=\u00bb4.16&#8243; background_size=\u00bbinitial\u00bb background_position=\u00bbtop_left\u00bb background_repeat=\u00bbrepeat\u00bb global_colors_info=\u00bb{}\u00bb theme_builder_area=\u00bbpost_content\u00bb][et_pb_column type=\u00bb4_4&#8243; _builder_version=\u00bb4.16&#8243; custom_padding=\u00bb|||\u00bb global_colors_info=\u00bb{}\u00bb custom_padding__hover=\u00bb|||\u00bb theme_builder_area=\u00bbpost_content\u00bb][et_pb_text _builder_version=\u00bb4.20.2&#8243; _module_preset=\u00bbdefault\u00bb text_orientation=\u00bbjustified\u00bb global_colors_info=\u00bb{}\u00bb theme_builder_area=\u00bbpost_content\u00bb]<\/p>\n<p>El pasado s\u00e1bado 13, nuestro alumnado de 4\u00ba de la ESO de la asignatura de Tecnolog\u00eda lanzaron un cohete, participaron en la vig\u00e9simo quinta edici\u00f3n de la Feria de la Ciencia en el<strong> <a href=\"https:\/\/www.parqueciencias.com\/\">Parque de las Ciencias\u00a0de Granada<\/a><\/strong>, en el Vig\u00e9simo octavo aniversario de su apertura. Nuestro alumnado present\u00f3 su proyecto de un cohete propulsado por agua y con control electromec\u00e1nico creando una gran expectaci\u00f3n en cada lanzamiento entre los asistentes a dicha jornada. Este lanzamiento se enmarca dentro del <strong><a href=\"https:\/\/www.juntadeandalucia.es\/educacion\/portals\/web\/ced\/innovacion-educativa\/investigacion\/proyectos\/proyecto-steam\/investigacion-aeroespacial\">PROYECTO STEAM: Investigaci\u00f3n aerospacial aplicada al aula de la Junta de Andaluc\u00eda.<\/a><\/strong><\/p>\n<p>Este proyecto est\u00e1 enmarcada en nuestra apuesta por potenciar los aprendizajes de nuestros alumnos en programaci\u00f3n y rob\u00f3tica educativa. En el siguiente enlace tienes mas informaci\u00f3n sobre nuestro plan de <strong><a href=\"https:\/\/granada.salesianos.edu\/colegio\/roboticaeducativa\/\">ROB\u00d3TICA APLICADA AL AULA<\/a><\/strong><\/p>\n<p>[\/et_pb_text][\/et_pb_column][\/et_pb_row][et_pb_row column_structure=\u00bb1_4,1_4,1_4,1_4&#8243; _builder_version=\u00bb4.20.2&#8243; _module_preset=\u00bbdefault\u00bb global_colors_info=\u00bb{}\u00bb theme_builder_area=\u00bbpost_content\u00bb][et_pb_column type=\u00bb1_4&#8243; _builder_version=\u00bb4.20.2&#8243; _module_preset=\u00bbdefault\u00bb global_colors_info=\u00bb{}\u00bb theme_builder_area=\u00bbpost_content\u00bb][et_pb_image src=\u00bbhttps:\/\/granada.salesianos.edu\/wp-content\/uploads\/2023\/05\/IMG2832.jpeg\u00bb title_text=\u00bbIMG2832&#8243; _builder_version=\u00bb4.20.2&#8243; _module_preset=\u00bbdefault\u00bb global_colors_info=\u00bb{}\u00bb theme_builder_area=\u00bbpost_content\u00bb][\/et_pb_image][\/et_pb_column][et_pb_column type=\u00bb1_4&#8243; _builder_version=\u00bb4.20.2&#8243; _module_preset=\u00bbdefault\u00bb global_colors_info=\u00bb{}\u00bb theme_builder_area=\u00bbpost_content\u00bb][et_pb_image src=\u00bbhttps:\/\/granada.salesianos.edu\/wp-content\/uploads\/2023\/05\/IMG2830.jpeg\u00bb title_text=\u00bbIMG2830&#8243; _builder_version=\u00bb4.20.2&#8243; _module_preset=\u00bbdefault\u00bb global_colors_info=\u00bb{}\u00bb theme_builder_area=\u00bbpost_content\u00bb][\/et_pb_image][\/et_pb_column][et_pb_column type=\u00bb1_4&#8243; _builder_version=\u00bb4.20.2&#8243; _module_preset=\u00bbdefault\u00bb global_colors_info=\u00bb{}\u00bb theme_builder_area=\u00bbpost_content\u00bb][et_pb_image src=\u00bbhttps:\/\/granada.salesianos.edu\/wp-content\/uploads\/2023\/05\/IMG2829.jpeg\u00bb title_text=\u00bbIMG2829&#8243; _builder_version=\u00bb4.20.2&#8243; _module_preset=\u00bbdefault\u00bb global_colors_info=\u00bb{}\u00bb theme_builder_area=\u00bbpost_content\u00bb][\/et_pb_image][\/et_pb_column][et_pb_column type=\u00bb1_4&#8243; _builder_version=\u00bb4.20.2&#8243; _module_preset=\u00bbdefault\u00bb global_colors_info=\u00bb{}\u00bb theme_builder_area=\u00bbpost_content\u00bb][et_pb_image src=\u00bbhttps:\/\/granada.salesianos.edu\/wp-content\/uploads\/2023\/05\/IMG2825.jpeg\u00bb title_text=\u00bbIMG2825&#8243; _builder_version=\u00bb4.20.2&#8243; _module_preset=\u00bbdefault\u00bb global_colors_info=\u00bb{}\u00bb theme_builder_area=\u00bbpost_content\u00bb][\/et_pb_image][\/et_pb_column][\/et_pb_row][et_pb_row _builder_version=\u00bb4.20.2&#8243; _module_preset=\u00bbdefault\u00bb global_colors_info=\u00bb{}\u00bb theme_builder_area=\u00bbpost_content\u00bb][et_pb_column type=\u00bb4_4&#8243; _builder_version=\u00bb4.20.2&#8243; _module_preset=\u00bbdefault\u00bb global_colors_info=\u00bb{}\u00bb theme_builder_area=\u00bbpost_content\u00bb][et_pb_text _builder_version=\u00bb4.20.2&#8243; _module_preset=\u00bbdefault\u00bb global_colors_info=\u00bb{}\u00bb theme_builder_area=\u00bbpost_content\u00bb]<\/p>\n<p><strong>En el siguiente v\u00eddeo puedes ver un resumen de los lanzamientos que realizaron.<\/strong><\/p>\n<p>[\/et_pb_text][et_pb_video src=\u00bbhttps:\/\/granada.salesianos.edu\/wp-content\/uploads\/2023\/05\/Proyecto-Aeroespacial-Parque-Ciencias-2023.mp4&#8243; image_src=\u00bbhttps:\/\/granada.salesianos.edu\/wp-content\/uploads\/2023\/05\/IMG_2829.jpeg\u00bb _builder_version=\u00bb4.20.2&#8243; _module_preset=\u00bbdefault\u00bb global_colors_info=\u00bb{}\u00bb theme_builder_area=\u00bbpost_content\u00bb][\/et_pb_video][\/et_pb_column][\/et_pb_row][\/et_pb_section]<\/p>\n","protected":false},"excerpt":{"rendered":"<p>Lanzamiento de un cohete por nuestro alumnado de 4\u00baESO en la asignatura de Tecnolog\u00eda en la Feria de la Ciencia del Parque de las Ciencias.<\/p>\n","protected":false},"author":2,"featured_media":17534,"comment_status":"open","ping_status":"open","sticky":false,"template":"","format":"standard","meta":{"_et_pb_use_builder":"on","_et_pb_old_content":"","_et_gb_content_width":"","footnotes":""},"categories":[27,11,19,12],"tags":[],"class_list":["post-17533","post","type-post","status-publish","format-standard","has-post-thumbnail","hentry","category-ciencias","category-colegio","category-eso","category-portada"],"yoast_head":"<!-- This site is optimized with the Yoast SEO plugin v28.4 - https:\/\/yoast.com\/product\/yoast-seo-wordpress\/ -->\n<title>Nuestro alumnado de 4\u00baESO lanza un cohete en la Feria de la Ciencia - Colegio Salesiano<\/title>\n<meta name=\"description\" content=\"Lanzamiento de un cohete por nuestro alumnado de 4\u00baESO en la asignatura de Tecnolog\u00eda en la Feria de la Ciencia del Parque de las Ciencias\" \/>\n<meta name=\"robots\" content=\"index, follow, max-snippet:-1, max-image-preview:large, max-video-preview:-1\" \/>\n<link rel=\"canonical\" href=\"https:\/\/granada.salesianos.edu\/colegio\/blog\/nuestro-alumnos-de-4oeso-lanzan-un-cohete-en-la-feria-de-la-ciencia-2\/\" \/>\n<meta property=\"og:locale\" content=\"es_ES\" \/>\n<meta property=\"og:type\" content=\"article\" \/>\n<meta property=\"og:title\" content=\"Nuestro alumnado de 4\u00baESO lanza un cohete en la Feria de la Ciencia - Colegio Salesiano\" \/>\n<meta property=\"og:description\" content=\"Lanzamiento de un cohete por nuestro alumnado de 4\u00baESO en la asignatura de Tecnolog\u00eda en la Feria de la Ciencia del Parque de las Ciencias\" \/>\n<meta property=\"og:url\" content=\"https:\/\/granada.salesianos.edu\/colegio\/blog\/nuestro-alumnos-de-4oeso-lanzan-un-cohete-en-la-feria-de-la-ciencia-2\/\" \/>\n<meta property=\"og:site_name\" content=\"Colegio Salesiano\" \/>\n<meta property=\"article:publisher\" content=\"https:\/\/www.facebook.com\/SalesianosGR\/\" \/>\n<meta property=\"article:published_time\" content=\"2023-05-22T15:43:16+00:00\" \/>\n<meta property=\"article:modified_time\" content=\"2023-05-31T09:14:49+00:00\" \/>\n<meta property=\"og:image\" content=\"https:\/\/granada.salesianos.edu\/colegio\/wp-content\/uploads\/sites\/2\/2023\/05\/IMG2833.jpeg\" \/>\n\t<meta property=\"og:image:width\" content=\"1024\" \/>\n\t<meta property=\"og:image:height\" content=\"768\" \/>\n\t<meta property=\"og:image:type\" content=\"image\/jpeg\" \/>\n<meta name=\"author\" content=\"Gestor Web\" \/>\n<meta name=\"twitter:card\" content=\"summary_large_image\" \/>\n<meta name=\"twitter:creator\" content=\"@GranadaSDB\" \/>\n<meta name=\"twitter:site\" content=\"@GranadaSDB\" \/>\n<meta name=\"twitter:label1\" content=\"Escrito por\" \/>\n\t<meta name=\"twitter:data1\" content=\"Gestor Web\" \/>\n\t<meta name=\"twitter:label2\" content=\"Tiempo de lectura\" \/>\n\t<meta name=\"twitter:data2\" content=\"1 minuto\" \/>\n<script type=\"application\/ld+json\" class=\"yoast-schema-graph\">{\"@context\":\"https:\\\/\\\/schema.org\",\"@graph\":[{\"@type\":\"Article\",\"@id\":\"https:\\\/\\\/granada.salesianos.edu\\\/colegio\\\/blog\\\/nuestro-alumnos-de-4oeso-lanzan-un-cohete-en-la-feria-de-la-ciencia-2\\\/#article\",\"isPartOf\":{\"@id\":\"https:\\\/\\\/granada.salesianos.edu\\\/colegio\\\/blog\\\/nuestro-alumnos-de-4oeso-lanzan-un-cohete-en-la-feria-de-la-ciencia-2\\\/\"},\"author\":{\"name\":\"Gestor Web\",\"@id\":\"https:\\\/\\\/granada.salesianos.edu\\\/colegio\\\/#\\\/schema\\\/person\\\/6392ff2e4bd1e66981d6eab734bbd962\"},\"headline\":\"Nuestro alumnado de 4\u00baESO lanza un cohete en la Feria de la Ciencia\",\"datePublished\":\"2023-05-22T15:43:16+00:00\",\"dateModified\":\"2023-05-31T09:14:49+00:00\",\"mainEntityOfPage\":{\"@id\":\"https:\\\/\\\/granada.salesianos.edu\\\/colegio\\\/blog\\\/nuestro-alumnos-de-4oeso-lanzan-un-cohete-en-la-feria-de-la-ciencia-2\\\/\"},\"wordCount\":580,\"commentCount\":0,\"publisher\":{\"@id\":\"https:\\\/\\\/granada.salesianos.edu\\\/colegio\\\/#organization\"},\"image\":{\"@id\":\"https:\\\/\\\/granada.salesianos.edu\\\/colegio\\\/blog\\\/nuestro-alumnos-de-4oeso-lanzan-un-cohete-en-la-feria-de-la-ciencia-2\\\/#primaryimage\"},\"thumbnailUrl\":\"https:\\\/\\\/granada.salesianos.edu\\\/colegio\\\/wp-content\\\/uploads\\\/sites\\\/2\\\/2023\\\/05\\\/IMG2833.jpeg\",\"articleSection\":[\"Ciencias\",\"Colegio\",\"ESO\",\"Portada\"],\"inLanguage\":\"es\",\"potentialAction\":[{\"@type\":\"CommentAction\",\"name\":\"Comment\",\"target\":[\"https:\\\/\\\/granada.salesianos.edu\\\/colegio\\\/blog\\\/nuestro-alumnos-de-4oeso-lanzan-un-cohete-en-la-feria-de-la-ciencia-2\\\/#respond\"]}]},{\"@type\":\"WebPage\",\"@id\":\"https:\\\/\\\/granada.salesianos.edu\\\/colegio\\\/blog\\\/nuestro-alumnos-de-4oeso-lanzan-un-cohete-en-la-feria-de-la-ciencia-2\\\/\",\"url\":\"https:\\\/\\\/granada.salesianos.edu\\\/colegio\\\/blog\\\/nuestro-alumnos-de-4oeso-lanzan-un-cohete-en-la-feria-de-la-ciencia-2\\\/\",\"name\":\"Nuestro alumnado de 4\u00baESO lanza un cohete en la Feria de la Ciencia - Colegio Salesiano\",\"isPartOf\":{\"@id\":\"https:\\\/\\\/granada.salesianos.edu\\\/colegio\\\/#website\"},\"primaryImageOfPage\":{\"@id\":\"https:\\\/\\\/granada.salesianos.edu\\\/colegio\\\/blog\\\/nuestro-alumnos-de-4oeso-lanzan-un-cohete-en-la-feria-de-la-ciencia-2\\\/#primaryimage\"},\"image\":{\"@id\":\"https:\\\/\\\/granada.salesianos.edu\\\/colegio\\\/blog\\\/nuestro-alumnos-de-4oeso-lanzan-un-cohete-en-la-feria-de-la-ciencia-2\\\/#primaryimage\"},\"thumbnailUrl\":\"https:\\\/\\\/granada.salesianos.edu\\\/colegio\\\/wp-content\\\/uploads\\\/sites\\\/2\\\/2023\\\/05\\\/IMG2833.jpeg\",\"datePublished\":\"2023-05-22T15:43:16+00:00\",\"dateModified\":\"2023-05-31T09:14:49+00:00\",\"description\":\"Lanzamiento de un cohete por nuestro alumnado de 4\u00baESO en la asignatura de Tecnolog\u00eda en la Feria de la Ciencia del Parque de las Ciencias\",\"breadcrumb\":{\"@id\":\"https:\\\/\\\/granada.salesianos.edu\\\/colegio\\\/blog\\\/nuestro-alumnos-de-4oeso-lanzan-un-cohete-en-la-feria-de-la-ciencia-2\\\/#breadcrumb\"},\"inLanguage\":\"es\",\"potentialAction\":[{\"@type\":\"ReadAction\",\"target\":[\"https:\\\/\\\/granada.salesianos.edu\\\/colegio\\\/blog\\\/nuestro-alumnos-de-4oeso-lanzan-un-cohete-en-la-feria-de-la-ciencia-2\\\/\"]}]},{\"@type\":\"ImageObject\",\"inLanguage\":\"es\",\"@id\":\"https:\\\/\\\/granada.salesianos.edu\\\/colegio\\\/blog\\\/nuestro-alumnos-de-4oeso-lanzan-un-cohete-en-la-feria-de-la-ciencia-2\\\/#primaryimage\",\"url\":\"https:\\\/\\\/granada.salesianos.edu\\\/colegio\\\/wp-content\\\/uploads\\\/sites\\\/2\\\/2023\\\/05\\\/IMG2833.jpeg\",\"contentUrl\":\"https:\\\/\\\/granada.salesianos.edu\\\/colegio\\\/wp-content\\\/uploads\\\/sites\\\/2\\\/2023\\\/05\\\/IMG2833.jpeg\",\"width\":1024,\"height\":768},{\"@type\":\"BreadcrumbList\",\"@id\":\"https:\\\/\\\/granada.salesianos.edu\\\/colegio\\\/blog\\\/nuestro-alumnos-de-4oeso-lanzan-un-cohete-en-la-feria-de-la-ciencia-2\\\/#breadcrumb\",\"itemListElement\":[{\"@type\":\"ListItem\",\"position\":1,\"name\":\"Portada\",\"item\":\"https:\\\/\\\/granada.salesianos.edu\\\/colegio\\\/\"},{\"@type\":\"ListItem\",\"position\":2,\"name\":\"Nuestro alumnado de 4\u00baESO lanza un cohete en la Feria de la Ciencia\"}]},{\"@type\":\"WebSite\",\"@id\":\"https:\\\/\\\/granada.salesianos.edu\\\/colegio\\\/#website\",\"url\":\"https:\\\/\\\/granada.salesianos.edu\\\/colegio\\\/\",\"name\":\"Colegio Salesiano\",\"description\":\"P\u00e1gina oficial de Salesianos Granada San Juan Bosco\",\"publisher\":{\"@id\":\"https:\\\/\\\/granada.salesianos.edu\\\/colegio\\\/#organization\"},\"potentialAction\":[{\"@type\":\"SearchAction\",\"target\":{\"@type\":\"EntryPoint\",\"urlTemplate\":\"https:\\\/\\\/granada.salesianos.edu\\\/colegio\\\/?s={search_term_string}\"},\"query-input\":{\"@type\":\"PropertyValueSpecification\",\"valueRequired\":true,\"valueName\":\"search_term_string\"}}],\"inLanguage\":\"es\"},{\"@type\":\"Organization\",\"@id\":\"https:\\\/\\\/granada.salesianos.edu\\\/colegio\\\/#organization\",\"name\":\"Colegio Salesiano San Juan Bosco Granada\",\"url\":\"https:\\\/\\\/granada.salesianos.edu\\\/colegio\\\/\",\"logo\":{\"@type\":\"ImageObject\",\"inLanguage\":\"es\",\"@id\":\"https:\\\/\\\/granada.salesianos.edu\\\/colegio\\\/#\\\/schema\\\/logo\\\/image\\\/\",\"url\":\"https:\\\/\\\/granada.salesianos.edu\\\/colegio\\\/wp-content\\\/uploads\\\/sites\\\/2\\\/2021\\\/01\\\/GRANADAobraVN2.jpg\",\"contentUrl\":\"https:\\\/\\\/granada.salesianos.edu\\\/colegio\\\/wp-content\\\/uploads\\\/sites\\\/2\\\/2021\\\/01\\\/GRANADAobraVN2.jpg\",\"width\":2113,\"height\":1894,\"caption\":\"Colegio Salesiano San Juan Bosco Granada\"},\"image\":{\"@id\":\"https:\\\/\\\/granada.salesianos.edu\\\/colegio\\\/#\\\/schema\\\/logo\\\/image\\\/\"},\"sameAs\":[\"https:\\\/\\\/www.facebook.com\\\/SalesianosGR\\\/\",\"https:\\\/\\\/x.com\\\/GranadaSDB\",\"https:\\\/\\\/www.instagram.com\\\/salesianosgranada\\\/\",\"https:\\\/\\\/www.youtube.com\\\/channel\\\/UChkpZuhCf4Y5rYIcFT3CNxw?view_as=subscriber\"]},{\"@type\":\"Person\",\"@id\":\"https:\\\/\\\/granada.salesianos.edu\\\/colegio\\\/#\\\/schema\\\/person\\\/6392ff2e4bd1e66981d6eab734bbd962\",\"name\":\"Gestor Web\",\"image\":{\"@type\":\"ImageObject\",\"inLanguage\":\"es\",\"@id\":\"https:\\\/\\\/secure.gravatar.com\\\/avatar\\\/160666bb56a01520857079961a824af2b7821d6bad80677c80f2b473fceead1b?s=96&d=mm&r=g\",\"url\":\"https:\\\/\\\/secure.gravatar.com\\\/avatar\\\/160666bb56a01520857079961a824af2b7821d6bad80677c80f2b473fceead1b?s=96&d=mm&r=g\",\"contentUrl\":\"https:\\\/\\\/secure.gravatar.com\\\/avatar\\\/160666bb56a01520857079961a824af2b7821d6bad80677c80f2b473fceead1b?s=96&d=mm&r=g\",\"caption\":\"Gestor Web\"}}]}<\/script>\n<!-- \/ Yoast SEO plugin. -->","yoast_head_json":{"title":"Nuestro alumnado de 4\u00baESO lanza un cohete en la Feria de la Ciencia - Colegio Salesiano","description":"Lanzamiento de un cohete por nuestro alumnado de 4\u00baESO en la asignatura de Tecnolog\u00eda en la Feria de la Ciencia del Parque de las Ciencias","robots":{"index":"index","follow":"follow","max-snippet":"max-snippet:-1","max-image-preview":"max-image-preview:large","max-video-preview":"max-video-preview:-1"},"canonical":"https:\/\/granada.salesianos.edu\/colegio\/blog\/nuestro-alumnos-de-4oeso-lanzan-un-cohete-en-la-feria-de-la-ciencia-2\/","og_locale":"es_ES","og_type":"article","og_title":"Nuestro alumnado de 4\u00baESO lanza un cohete en la Feria de la Ciencia - Colegio Salesiano","og_description":"Lanzamiento de un cohete por nuestro alumnado de 4\u00baESO en la asignatura de Tecnolog\u00eda en la Feria de la Ciencia del Parque de las Ciencias","og_url":"https:\/\/granada.salesianos.edu\/colegio\/blog\/nuestro-alumnos-de-4oeso-lanzan-un-cohete-en-la-feria-de-la-ciencia-2\/","og_site_name":"Colegio Salesiano","article_publisher":"https:\/\/www.facebook.com\/SalesianosGR\/","article_published_time":"2023-05-22T15:43:16+00:00","article_modified_time":"2023-05-31T09:14:49+00:00","og_image":[{"width":1024,"height":768,"url":"https:\/\/granada.salesianos.edu\/colegio\/wp-content\/uploads\/sites\/2\/2023\/05\/IMG2833.jpeg","type":"image\/jpeg"}],"author":"Gestor Web","twitter_card":"summary_large_image","twitter_creator":"@GranadaSDB","twitter_site":"@GranadaSDB","twitter_misc":{"Escrito por":"Gestor Web","Tiempo de lectura":"1 minuto"},"schema":{"@context":"https:\/\/schema.org","@graph":[{"@type":"Article","@id":"https:\/\/granada.salesianos.edu\/colegio\/blog\/nuestro-alumnos-de-4oeso-lanzan-un-cohete-en-la-feria-de-la-ciencia-2\/#article","isPartOf":{"@id":"https:\/\/granada.salesianos.edu\/colegio\/blog\/nuestro-alumnos-de-4oeso-lanzan-un-cohete-en-la-feria-de-la-ciencia-2\/"},"author":{"name":"Gestor Web","@id":"https:\/\/granada.salesianos.edu\/colegio\/#\/schema\/person\/6392ff2e4bd1e66981d6eab734bbd962"},"headline":"Nuestro alumnado de 4\u00baESO lanza un cohete en la Feria de la Ciencia","datePublished":"2023-05-22T15:43:16+00:00","dateModified":"2023-05-31T09:14:49+00:00","mainEntityOfPage":{"@id":"https:\/\/granada.salesianos.edu\/colegio\/blog\/nuestro-alumnos-de-4oeso-lanzan-un-cohete-en-la-feria-de-la-ciencia-2\/"},"wordCount":580,"commentCount":0,"publisher":{"@id":"https:\/\/granada.salesianos.edu\/colegio\/#organization"},"image":{"@id":"https:\/\/granada.salesianos.edu\/colegio\/blog\/nuestro-alumnos-de-4oeso-lanzan-un-cohete-en-la-feria-de-la-ciencia-2\/#primaryimage"},"thumbnailUrl":"https:\/\/granada.salesianos.edu\/colegio\/wp-content\/uploads\/sites\/2\/2023\/05\/IMG2833.jpeg","articleSection":["Ciencias","Colegio","ESO","Portada"],"inLanguage":"es","potentialAction":[{"@type":"CommentAction","name":"Comment","target":["https:\/\/granada.salesianos.edu\/colegio\/blog\/nuestro-alumnos-de-4oeso-lanzan-un-cohete-en-la-feria-de-la-ciencia-2\/#respond"]}]},{"@type":"WebPage","@id":"https:\/\/granada.salesianos.edu\/colegio\/blog\/nuestro-alumnos-de-4oeso-lanzan-un-cohete-en-la-feria-de-la-ciencia-2\/","url":"https:\/\/granada.salesianos.edu\/colegio\/blog\/nuestro-alumnos-de-4oeso-lanzan-un-cohete-en-la-feria-de-la-ciencia-2\/","name":"Nuestro alumnado de 4\u00baESO lanza un cohete en la Feria de la Ciencia - Colegio Salesiano","isPartOf":{"@id":"https:\/\/granada.salesianos.edu\/colegio\/#website"},"primaryImageOfPage":{"@id":"https:\/\/granada.salesianos.edu\/colegio\/blog\/nuestro-alumnos-de-4oeso-lanzan-un-cohete-en-la-feria-de-la-ciencia-2\/#primaryimage"},"image":{"@id":"https:\/\/granada.salesianos.edu\/colegio\/blog\/nuestro-alumnos-de-4oeso-lanzan-un-cohete-en-la-feria-de-la-ciencia-2\/#primaryimage"},"thumbnailUrl":"https:\/\/granada.salesianos.edu\/colegio\/wp-content\/uploads\/sites\/2\/2023\/05\/IMG2833.jpeg","datePublished":"2023-05-22T15:43:16+00:00","dateModified":"2023-05-31T09:14:49+00:00","description":"Lanzamiento de un cohete por nuestro alumnado de 4\u00baESO en la asignatura de Tecnolog\u00eda en la Feria de la Ciencia del Parque de las Ciencias","breadcrumb":{"@id":"https:\/\/granada.salesianos.edu\/colegio\/blog\/nuestro-alumnos-de-4oeso-lanzan-un-cohete-en-la-feria-de-la-ciencia-2\/#breadcrumb"},"inLanguage":"es","potentialAction":[{"@type":"ReadAction","target":["https:\/\/granada.salesianos.edu\/colegio\/blog\/nuestro-alumnos-de-4oeso-lanzan-un-cohete-en-la-feria-de-la-ciencia-2\/"]}]},{"@type":"ImageObject","inLanguage":"es","@id":"https:\/\/granada.salesianos.edu\/colegio\/blog\/nuestro-alumnos-de-4oeso-lanzan-un-cohete-en-la-feria-de-la-ciencia-2\/#primaryimage","url":"https:\/\/granada.salesianos.edu\/colegio\/wp-content\/uploads\/sites\/2\/2023\/05\/IMG2833.jpeg","contentUrl":"https:\/\/granada.salesianos.edu\/colegio\/wp-content\/uploads\/sites\/2\/2023\/05\/IMG2833.jpeg","width":1024,"height":768},{"@type":"BreadcrumbList","@id":"https:\/\/granada.salesianos.edu\/colegio\/blog\/nuestro-alumnos-de-4oeso-lanzan-un-cohete-en-la-feria-de-la-ciencia-2\/#breadcrumb","itemListElement":[{"@type":"ListItem","position":1,"name":"Portada","item":"https:\/\/granada.salesianos.edu\/colegio\/"},{"@type":"ListItem","position":2,"name":"Nuestro alumnado de 4\u00baESO lanza un cohete en la Feria de la Ciencia"}]},{"@type":"WebSite","@id":"https:\/\/granada.salesianos.edu\/colegio\/#website","url":"https:\/\/granada.salesianos.edu\/colegio\/","name":"Colegio Salesiano","description":"P\u00e1gina oficial de Salesianos Granada San Juan Bosco","publisher":{"@id":"https:\/\/granada.salesianos.edu\/colegio\/#organization"},"potentialAction":[{"@type":"SearchAction","target":{"@type":"EntryPoint","urlTemplate":"https:\/\/granada.salesianos.edu\/colegio\/?s={search_term_string}"},"query-input":{"@type":"PropertyValueSpecification","valueRequired":true,"valueName":"search_term_string"}}],"inLanguage":"es"},{"@type":"Organization","@id":"https:\/\/granada.salesianos.edu\/colegio\/#organization","name":"Colegio Salesiano San Juan Bosco Granada","url":"https:\/\/granada.salesianos.edu\/colegio\/","logo":{"@type":"ImageObject","inLanguage":"es","@id":"https:\/\/granada.salesianos.edu\/colegio\/#\/schema\/logo\/image\/","url":"https:\/\/granada.salesianos.edu\/colegio\/wp-content\/uploads\/sites\/2\/2021\/01\/GRANADAobraVN2.jpg","contentUrl":"https:\/\/granada.salesianos.edu\/colegio\/wp-content\/uploads\/sites\/2\/2021\/01\/GRANADAobraVN2.jpg","width":2113,"height":1894,"caption":"Colegio Salesiano San Juan Bosco Granada"},"image":{"@id":"https:\/\/granada.salesianos.edu\/colegio\/#\/schema\/logo\/image\/"},"sameAs":["https:\/\/www.facebook.com\/SalesianosGR\/","https:\/\/x.com\/GranadaSDB","https:\/\/www.instagram.com\/salesianosgranada\/","https:\/\/www.youtube.com\/channel\/UChkpZuhCf4Y5rYIcFT3CNxw?view_as=subscriber"]},{"@type":"Person","@id":"https:\/\/granada.salesianos.edu\/colegio\/#\/schema\/person\/6392ff2e4bd1e66981d6eab734bbd962","name":"Gestor Web","image":{"@type":"ImageObject","inLanguage":"es","@id":"https:\/\/secure.gravatar.com\/avatar\/160666bb56a01520857079961a824af2b7821d6bad80677c80f2b473fceead1b?s=96&d=mm&r=g","url":"https:\/\/secure.gravatar.com\/avatar\/160666bb56a01520857079961a824af2b7821d6bad80677c80f2b473fceead1b?s=96&d=mm&r=g","contentUrl":"https:\/\/secure.gravatar.com\/avatar\/160666bb56a01520857079961a824af2b7821d6bad80677c80f2b473fceead1b?s=96&d=mm&r=g","caption":"Gestor Web"}}]}},"_links":{"self":[{"href":"https:\/\/granada.salesianos.edu\/colegio\/wp-json\/wp\/v2\/posts\/17533","targetHints":{"allow":["GET"]}}],"collection":[{"href":"https:\/\/granada.salesianos.edu\/colegio\/wp-json\/wp\/v2\/posts"}],"about":[{"href":"https:\/\/granada.salesianos.edu\/colegio\/wp-json\/wp\/v2\/types\/post"}],"author":[{"embeddable":true,"href":"https:\/\/granada.salesianos.edu\/colegio\/wp-json\/wp\/v2\/users\/2"}],"replies":[{"embeddable":true,"href":"https:\/\/granada.salesianos.edu\/colegio\/wp-json\/wp\/v2\/comments?post=17533"}],"version-history":[{"count":10,"href":"https:\/\/granada.salesianos.edu\/colegio\/wp-json\/wp\/v2\/posts\/17533\/revisions"}],"predecessor-version":[{"id":17615,"href":"https:\/\/granada.salesianos.edu\/colegio\/wp-json\/wp\/v2\/posts\/17533\/revisions\/17615"}],"wp:featuredmedia":[{"embeddable":true,"href":"https:\/\/granada.salesianos.edu\/colegio\/wp-json\/wp\/v2\/media\/17534"}],"wp:attachment":[{"href":"https:\/\/granada.salesianos.edu\/colegio\/wp-json\/wp\/v2\/media?parent=17533"}],"wp:term":[{"taxonomy":"category","embeddable":true,"href":"https:\/\/granada.salesianos.edu\/colegio\/wp-json\/wp\/v2\/categories?post=17533"},{"taxonomy":"post_tag","embeddable":true,"href":"https:\/\/granada.salesianos.edu\/colegio\/wp-json\/wp\/v2\/tags?post=17533"}],"curies":[{"name":"wp","href":"https:\/\/api.w.org\/{rel}","templated":true}]}}