{"id":17547,"date":"2023-05-22T22:21:47","date_gmt":"2023-05-22T20:21:47","guid":{"rendered":"https:\/\/granada.salesianos.edu\/colegio\/?p=17547"},"modified":"2023-05-22T22:54:25","modified_gmt":"2023-05-22T20:54:25","slug":"congreso-final-del-proyecto-piiisa-en-el-parque-de-las-ciencias","status":"publish","type":"post","link":"https:\/\/granada.salesianos.edu\/colegio\/blog\/congreso-final-del-proyecto-piiisa-en-el-parque-de-las-ciencias\/","title":{"rendered":"Congreso final del Proyecto PIIISA en el Parque de las Ciencias"},"content":{"rendered":"<div id=\"fb-root\"><\/div>\n<p>[et_pb_section fb_built=\u00bb1&#8243; admin_label=\u00bbsection\u00bb _builder_version=\u00bb4.16&#8243; global_colors_info=\u00bb{}\u00bb][et_pb_row admin_label=\u00bbrow\u00bb _builder_version=\u00bb4.16&#8243; background_size=\u00bbinitial\u00bb background_position=\u00bbtop_left\u00bb background_repeat=\u00bbrepeat\u00bb global_colors_info=\u00bb{}\u00bb][et_pb_column type=\u00bb4_4&#8243; _builder_version=\u00bb4.16&#8243; custom_padding=\u00bb|||\u00bb global_colors_info=\u00bb{}\u00bb custom_padding__hover=\u00bb|||\u00bb][et_pb_text _builder_version=\u00bb4.20.2&#8243; _module_preset=\u00bbdefault\u00bb global_colors_info=\u00bb{}\u00bb]<\/p>\n<p>Un grupo de alumnos de 1\u00ba de bachillerato finalizan su participaci\u00f3n en el <a href=\"https:\/\/piiisa.es\/\">Proyecto PIIISA<\/a> con la asistencia \u00a0al Congreso Final en el Parque de las Ciencias. El pasado mi\u00e9rcoles 17 de mayo de 2023, un grupo de alumnos de 1\u00ba de BTO asisti\u00f3 al Congreso Final de este curso. Nuestros alumnos han asistido durante tres sesiones a su proyecto en la Facultad de Enfermer\u00eda de la Universidad de Granada.<\/p>\n<p>En este proyecto organizado por la Delegaci\u00f3n de Educaci\u00f3n, la UGR y el CSIC, nuestros estudiantes tienen la oportunidad de involucrarse en proyectos liderados por cient\u00edficos de reconocido prestigio, y conocer de primera mano en qu\u00e9 consiste el m\u00e9todo cient\u00edfico y c\u00f3mo es el proceso de investigaci\u00f3n, algo que les permitir\u00e1 explorar su posible vocaci\u00f3n por la carrera cient\u00edfica.<\/p>\n<p><strong>\u00bfEN QUE PROYECTO VAN A PARTICIPAR NUESTROS ALUMNOS ESTE CURSO?<\/strong><\/p>\n<p>Nuestros alumnos participar\u00e1n en el proyecto PSICOLOG\u00cdA PERINATAL Y PROGRAMACI\u00d3N FETAL: Crecimiento y desarrollo antes de nacer. <a href=\"https:\/\/piiisa.es\/project\/36a-psicologia-perinatal-y-programacion-fetal-crecimiento-y-desarrollo-antes-de-nacer\/\">https:\/\/piiisa.es\/project\/36a-psicologia-perinatal-y-programacion-fetal-crecimiento-y-desarrollo-antes-de-nacer\/<\/a><\/p>\n<p>El proyecto trata de dar una visi\u00f3n global de la importancia de la salud de la mujer durante todo el embarazo, el parto y posparto, de tal manera que su bienestar f\u00edsico y psicol\u00f3gico va a influir en su propia salud y en el desarrollo de enfermedades en sus beb\u00e9s. La huella biol\u00f3gica y psicol\u00f3gica que se produce durante los primeros momentos de vida (desde antes de nacer incluso), durante el nacimiento y los primeros meses tras el parto, van a marcar nuestra salud y enfermedad a lo largo de nuestra vida.<\/p>\n<p>Nuestros alumnos lo realizar\u00e1n en el Departamento de Enfermer\u00eda de la Facultad de Ciencias de la Salud, donde compartir\u00e1n con los investigadores en sus proyectos.<\/p>\n<p><strong>\u00bfQU\u00c9 SIGNIFICAN LAS SIGLAS PIIISA?<\/strong><\/p>\n<p>PIIISA son las siglas de <strong>Proyecto de Iniciaci\u00f3n a la Investigaci\u00f3n e Innovaci\u00f3n en Secundaria en Andaluc\u00eda.<\/strong><\/p>\n<p><strong>\u00a0<\/strong><strong>\u00bfEN QUE CONSISTE EL PROYECTO PIIISA?<\/strong><\/p>\n<p>El proyecto PIIISA surge de la colaboraci\u00f3n entre la Delegaci\u00f3n de Educaci\u00f3n en Granada (<a href=\"https:\/\/www.juntadeandalucia.es\/educacion\/portals\/web\/ced\/delegaciones\/granada\">https:\/\/www.juntadeandalucia.es\/educacion\/portals\/web\/ced\/delegaciones\/granada<\/a>), el Consejo Superior de Investigaciones Cient\u00edficas (CSIC) (<a href=\"https:\/\/www.csic.es\/es\">https:\/\/www.csic.es\/es<\/a>) y la Universidad de Granada (UGR) (<a href=\"https:\/\/educa.ugr.es\/divulgacion-cientifica\/piiisa\/\">https:\/\/educa.ugr.es\/divulgacion-cientifica\/piiisa\/<\/a>)\u00a0con el fin de ofrecer al alumnado granadino de secundaria una forma moderna e innovadora de aprender e interaccionar con la ciencia.<\/p>\n<p>Su principal objetivo es mostrar a los estudiantes de secundaria qu\u00e9 es la investigaci\u00f3n y c\u00f3mo se realiza. Los estudiantes tienen la oportunidad de involucrarse en proyectos liderados por cient\u00edficos de reconocido prestigio, y conocer de primera mano en qu\u00e9 consiste el m\u00e9todo cient\u00edfico y c\u00f3mo es el proceso de investigaci\u00f3n, algo que les permitir\u00e1 explorar su posible vocaci\u00f3n por la carrera cient\u00edfica.<\/p>\n<p>Los estudiantes, tutorizados por sus profesores, trabajar\u00e1n con instrumental cient\u00edfico y t\u00e9cnico y conocer\u00e1n de primera mano porqu\u00e9 la Ciencia es fundamental para el desarrollo social y econ\u00f3mico de un pa\u00eds. El esfuerzo y la imaginaci\u00f3n de los investigadores a la hora de dise\u00f1ar proyectos se trasladar\u00e1 al marco de un proyecto educativo que se desarrolla fuera de las aulas, en los propios centros de investigaci\u00f3n.<\/p>\n<p>Las instituciones cient\u00edficas de Granada ponen todo su potencial humano y t\u00e9cnico a un proyecto por el que ya han pasado m\u00e1s de 2000 alumnos de 35 institutos que han participado en m\u00e1s de 250 proyectos liderados por 400 cient\u00edficos de la Universidad de Granada y del CSIC. Los resultados finales de este trabajo han formado parte de contribuciones orales y p\u00f3sters de cinco ediciones del \u201cCongreso Final PIIISA\u201d<\/p>\n<p>Los resultados de PIIISA se ver\u00e1n con el tiempo, pero sin duda se ha consolidado como una manera \u00fanica y excepcional de fomentar vocaciones cient\u00edficas, as\u00ed como de una manera innovadora de complementar el trabajo en clase. El \u00e9xito de PIIISA es una excelente prueba de que este tipo de metodolog\u00eda educativa es realmente efectiva.<\/p>\n<p>[\/et_pb_text][\/et_pb_column][\/et_pb_row][et_pb_row column_structure=\u00bb1_4,1_4,1_4,1_4&#8243; _builder_version=\u00bb4.20.2&#8243; _module_preset=\u00bbdefault\u00bb global_colors_info=\u00bb{}\u00bb][et_pb_column type=\u00bb1_4&#8243; _builder_version=\u00bb4.20.2&#8243; _module_preset=\u00bbdefault\u00bb global_colors_info=\u00bb{}\u00bb][et_pb_image src=\u00bbhttps:\/\/granada.salesianos.edu\/colegio\/wp-content\/uploads\/sites\/2\/2023\/05\/IMG_8780-scaled.jpeg\u00bb title_text=\u00bbIMG_8780&#8243; _builder_version=\u00bb4.20.2&#8243; _module_preset=\u00bbdefault\u00bb global_colors_info=\u00bb{}\u00bb][\/et_pb_image][\/et_pb_column][et_pb_column type=\u00bb1_4&#8243; _builder_version=\u00bb4.20.2&#8243; _module_preset=\u00bbdefault\u00bb global_colors_info=\u00bb{}\u00bb][et_pb_image src=\u00bbhttps:\/\/granada.salesianos.edu\/colegio\/wp-content\/uploads\/sites\/2\/2023\/05\/IMG_8755-scaled.jpeg\u00bb title_text=\u00bbIMG_8755&#8243; _builder_version=\u00bb4.20.2&#8243; _module_preset=\u00bbdefault\u00bb global_colors_info=\u00bb{}\u00bb][\/et_pb_image][\/et_pb_column][et_pb_column type=\u00bb1_4&#8243; _builder_version=\u00bb4.20.2&#8243; _module_preset=\u00bbdefault\u00bb global_colors_info=\u00bb{}\u00bb][et_pb_image src=\u00bbhttps:\/\/granada.salesianos.edu\/colegio\/wp-content\/uploads\/sites\/2\/2023\/05\/IMG_8758-scaled.jpeg\u00bb title_text=\u00bbIMG_8758&#8243; _builder_version=\u00bb4.20.2&#8243; _module_preset=\u00bbdefault\u00bb global_colors_info=\u00bb{}\u00bb][\/et_pb_image][\/et_pb_column][et_pb_column type=\u00bb1_4&#8243; _builder_version=\u00bb4.20.2&#8243; _module_preset=\u00bbdefault\u00bb global_colors_info=\u00bb{}\u00bb][et_pb_image src=\u00bbhttps:\/\/granada.salesianos.edu\/colegio\/wp-content\/uploads\/sites\/2\/2023\/05\/IMG_8760-scaled.jpeg\u00bb title_text=\u00bbIMG_8760&#8243; _builder_version=\u00bb4.20.2&#8243; _module_preset=\u00bbdefault\u00bb global_colors_info=\u00bb{}\u00bb][\/et_pb_image][\/et_pb_column][\/et_pb_row][\/et_pb_section]<\/p>\n","protected":false},"excerpt":{"rendered":"<p>Un grupo de alumnos de 1\u00ba de bachillerato finalizan su participaci\u00f3n en el Proyecto PIIISA con la asistencia  al Congreso Final en el Parque de las Ciencias.<\/p>\n","protected":false},"author":2,"featured_media":17556,"comment_status":"open","ping_status":"open","sticky":false,"template":"","format":"standard","meta":{"_et_pb_use_builder":"on","_et_pb_old_content":"","_et_gb_content_width":"","footnotes":""},"categories":[20,27,11],"tags":[],"class_list":["post-17547","post","type-post","status-publish","format-standard","has-post-thumbnail","hentry","category-bto","category-ciencias","category-colegio"],"yoast_head":"<!-- This site is optimized with the Yoast SEO plugin v28.4 - https:\/\/yoast.com\/product\/yoast-seo-wordpress\/ -->\n<title>Congreso final del Proyecto PIIISA en el Parque de las Ciencias - Colegio Salesiano<\/title>\n<meta name=\"description\" content=\"Un grupo de alumnos de 1\u00ba de bachillerato finalizan su participaci\u00f3n en el Proyecto PIIISA con la asistencia al Congreso Final en el Parque de las Ciencias.\" \/>\n<meta name=\"robots\" content=\"index, follow, max-snippet:-1, max-image-preview:large, max-video-preview:-1\" \/>\n<link rel=\"canonical\" href=\"https:\/\/granada.salesianos.edu\/colegio\/blog\/congreso-final-del-proyecto-piiisa-en-el-parque-de-las-ciencias\/\" \/>\n<meta property=\"og:locale\" content=\"es_ES\" \/>\n<meta property=\"og:type\" content=\"article\" \/>\n<meta property=\"og:title\" content=\"Congreso final del Proyecto PIIISA en el Parque de las Ciencias - Colegio Salesiano\" \/>\n<meta property=\"og:description\" content=\"Un grupo de alumnos de 1\u00ba de bachillerato finalizan su participaci\u00f3n en el Proyecto PIIISA con la asistencia al Congreso Final en el Parque de las Ciencias.\" \/>\n<meta property=\"og:url\" content=\"https:\/\/granada.salesianos.edu\/colegio\/blog\/congreso-final-del-proyecto-piiisa-en-el-parque-de-las-ciencias\/\" \/>\n<meta property=\"og:site_name\" content=\"Colegio Salesiano\" \/>\n<meta property=\"article:publisher\" content=\"https:\/\/www.facebook.com\/SalesianosGR\/\" \/>\n<meta property=\"article:published_time\" content=\"2023-05-22T20:21:47+00:00\" \/>\n<meta property=\"article:modified_time\" content=\"2023-05-22T20:54:25+00:00\" \/>\n<meta property=\"og:image\" content=\"https:\/\/granada.salesianos.edu\/colegio\/wp-content\/uploads\/sites\/2\/2023\/05\/IMG_8754-scaled.jpeg\" \/>\n\t<meta property=\"og:image:width\" content=\"2560\" \/>\n\t<meta property=\"og:image:height\" content=\"1920\" \/>\n\t<meta property=\"og:image:type\" content=\"image\/jpeg\" \/>\n<meta name=\"author\" content=\"Gestor Web\" \/>\n<meta name=\"twitter:card\" content=\"summary_large_image\" \/>\n<meta name=\"twitter:creator\" content=\"@GranadaSDB\" \/>\n<meta name=\"twitter:site\" content=\"@GranadaSDB\" \/>\n<meta name=\"twitter:label1\" content=\"Escrito por\" \/>\n\t<meta name=\"twitter:data1\" content=\"Gestor Web\" \/>\n\t<meta name=\"twitter:label2\" content=\"Tiempo de lectura\" \/>\n\t<meta name=\"twitter:data2\" content=\"4 minutos\" \/>\n<script type=\"application\/ld+json\" class=\"yoast-schema-graph\">{\"@context\":\"https:\\\/\\\/schema.org\",\"@graph\":[{\"@type\":\"Article\",\"@id\":\"https:\\\/\\\/granada.salesianos.edu\\\/colegio\\\/blog\\\/congreso-final-del-proyecto-piiisa-en-el-parque-de-las-ciencias\\\/#article\",\"isPartOf\":{\"@id\":\"https:\\\/\\\/granada.salesianos.edu\\\/colegio\\\/blog\\\/congreso-final-del-proyecto-piiisa-en-el-parque-de-las-ciencias\\\/\"},\"author\":{\"name\":\"Gestor Web\",\"@id\":\"https:\\\/\\\/granada.salesianos.edu\\\/colegio\\\/#\\\/schema\\\/person\\\/6392ff2e4bd1e66981d6eab734bbd962\"},\"headline\":\"Congreso final del Proyecto PIIISA en el Parque de las Ciencias\",\"datePublished\":\"2023-05-22T20:21:47+00:00\",\"dateModified\":\"2023-05-22T20:54:25+00:00\",\"mainEntityOfPage\":{\"@id\":\"https:\\\/\\\/granada.salesianos.edu\\\/colegio\\\/blog\\\/congreso-final-del-proyecto-piiisa-en-el-parque-de-las-ciencias\\\/\"},\"wordCount\":954,\"commentCount\":0,\"publisher\":{\"@id\":\"https:\\\/\\\/granada.salesianos.edu\\\/colegio\\\/#organization\"},\"image\":{\"@id\":\"https:\\\/\\\/granada.salesianos.edu\\\/colegio\\\/blog\\\/congreso-final-del-proyecto-piiisa-en-el-parque-de-las-ciencias\\\/#primaryimage\"},\"thumbnailUrl\":\"https:\\\/\\\/granada.salesianos.edu\\\/colegio\\\/wp-content\\\/uploads\\\/sites\\\/2\\\/2023\\\/05\\\/IMG_8754-scaled.jpeg\",\"articleSection\":[\"BTO\",\"Ciencias\",\"Colegio\"],\"inLanguage\":\"es\",\"potentialAction\":[{\"@type\":\"CommentAction\",\"name\":\"Comment\",\"target\":[\"https:\\\/\\\/granada.salesianos.edu\\\/colegio\\\/blog\\\/congreso-final-del-proyecto-piiisa-en-el-parque-de-las-ciencias\\\/#respond\"]}]},{\"@type\":\"WebPage\",\"@id\":\"https:\\\/\\\/granada.salesianos.edu\\\/colegio\\\/blog\\\/congreso-final-del-proyecto-piiisa-en-el-parque-de-las-ciencias\\\/\",\"url\":\"https:\\\/\\\/granada.salesianos.edu\\\/colegio\\\/blog\\\/congreso-final-del-proyecto-piiisa-en-el-parque-de-las-ciencias\\\/\",\"name\":\"Congreso final del Proyecto PIIISA en el Parque de las Ciencias - Colegio Salesiano\",\"isPartOf\":{\"@id\":\"https:\\\/\\\/granada.salesianos.edu\\\/colegio\\\/#website\"},\"primaryImageOfPage\":{\"@id\":\"https:\\\/\\\/granada.salesianos.edu\\\/colegio\\\/blog\\\/congreso-final-del-proyecto-piiisa-en-el-parque-de-las-ciencias\\\/#primaryimage\"},\"image\":{\"@id\":\"https:\\\/\\\/granada.salesianos.edu\\\/colegio\\\/blog\\\/congreso-final-del-proyecto-piiisa-en-el-parque-de-las-ciencias\\\/#primaryimage\"},\"thumbnailUrl\":\"https:\\\/\\\/granada.salesianos.edu\\\/colegio\\\/wp-content\\\/uploads\\\/sites\\\/2\\\/2023\\\/05\\\/IMG_8754-scaled.jpeg\",\"datePublished\":\"2023-05-22T20:21:47+00:00\",\"dateModified\":\"2023-05-22T20:54:25+00:00\",\"description\":\"Un grupo de alumnos de 1\u00ba de bachillerato finalizan su participaci\u00f3n en el Proyecto PIIISA con la asistencia al Congreso Final en el Parque de las Ciencias.\",\"breadcrumb\":{\"@id\":\"https:\\\/\\\/granada.salesianos.edu\\\/colegio\\\/blog\\\/congreso-final-del-proyecto-piiisa-en-el-parque-de-las-ciencias\\\/#breadcrumb\"},\"inLanguage\":\"es\",\"potentialAction\":[{\"@type\":\"ReadAction\",\"target\":[\"https:\\\/\\\/granada.salesianos.edu\\\/colegio\\\/blog\\\/congreso-final-del-proyecto-piiisa-en-el-parque-de-las-ciencias\\\/\"]}]},{\"@type\":\"ImageObject\",\"inLanguage\":\"es\",\"@id\":\"https:\\\/\\\/granada.salesianos.edu\\\/colegio\\\/blog\\\/congreso-final-del-proyecto-piiisa-en-el-parque-de-las-ciencias\\\/#primaryimage\",\"url\":\"https:\\\/\\\/granada.salesianos.edu\\\/colegio\\\/wp-content\\\/uploads\\\/sites\\\/2\\\/2023\\\/05\\\/IMG_8754-scaled.jpeg\",\"contentUrl\":\"https:\\\/\\\/granada.salesianos.edu\\\/colegio\\\/wp-content\\\/uploads\\\/sites\\\/2\\\/2023\\\/05\\\/IMG_8754-scaled.jpeg\",\"width\":2560,\"height\":1920},{\"@type\":\"BreadcrumbList\",\"@id\":\"https:\\\/\\\/granada.salesianos.edu\\\/colegio\\\/blog\\\/congreso-final-del-proyecto-piiisa-en-el-parque-de-las-ciencias\\\/#breadcrumb\",\"itemListElement\":[{\"@type\":\"ListItem\",\"position\":1,\"name\":\"Portada\",\"item\":\"https:\\\/\\\/granada.salesianos.edu\\\/colegio\\\/\"},{\"@type\":\"ListItem\",\"position\":2,\"name\":\"Congreso final del Proyecto PIIISA en el Parque de las Ciencias\"}]},{\"@type\":\"WebSite\",\"@id\":\"https:\\\/\\\/granada.salesianos.edu\\\/colegio\\\/#website\",\"url\":\"https:\\\/\\\/granada.salesianos.edu\\\/colegio\\\/\",\"name\":\"Colegio Salesiano\",\"description\":\"P\u00e1gina oficial de Salesianos Granada San Juan Bosco\",\"publisher\":{\"@id\":\"https:\\\/\\\/granada.salesianos.edu\\\/colegio\\\/#organization\"},\"potentialAction\":[{\"@type\":\"SearchAction\",\"target\":{\"@type\":\"EntryPoint\",\"urlTemplate\":\"https:\\\/\\\/granada.salesianos.edu\\\/colegio\\\/?s={search_term_string}\"},\"query-input\":{\"@type\":\"PropertyValueSpecification\",\"valueRequired\":true,\"valueName\":\"search_term_string\"}}],\"inLanguage\":\"es\"},{\"@type\":\"Organization\",\"@id\":\"https:\\\/\\\/granada.salesianos.edu\\\/colegio\\\/#organization\",\"name\":\"Colegio Salesiano San Juan Bosco Granada\",\"url\":\"https:\\\/\\\/granada.salesianos.edu\\\/colegio\\\/\",\"logo\":{\"@type\":\"ImageObject\",\"inLanguage\":\"es\",\"@id\":\"https:\\\/\\\/granada.salesianos.edu\\\/colegio\\\/#\\\/schema\\\/logo\\\/image\\\/\",\"url\":\"https:\\\/\\\/granada.salesianos.edu\\\/colegio\\\/wp-content\\\/uploads\\\/sites\\\/2\\\/2021\\\/01\\\/GRANADAobraVN2.jpg\",\"contentUrl\":\"https:\\\/\\\/granada.salesianos.edu\\\/colegio\\\/wp-content\\\/uploads\\\/sites\\\/2\\\/2021\\\/01\\\/GRANADAobraVN2.jpg\",\"width\":2113,\"height\":1894,\"caption\":\"Colegio Salesiano San Juan Bosco Granada\"},\"image\":{\"@id\":\"https:\\\/\\\/granada.salesianos.edu\\\/colegio\\\/#\\\/schema\\\/logo\\\/image\\\/\"},\"sameAs\":[\"https:\\\/\\\/www.facebook.com\\\/SalesianosGR\\\/\",\"https:\\\/\\\/x.com\\\/GranadaSDB\",\"https:\\\/\\\/www.instagram.com\\\/salesianosgranada\\\/\",\"https:\\\/\\\/www.youtube.com\\\/channel\\\/UChkpZuhCf4Y5rYIcFT3CNxw?view_as=subscriber\"]},{\"@type\":\"Person\",\"@id\":\"https:\\\/\\\/granada.salesianos.edu\\\/colegio\\\/#\\\/schema\\\/person\\\/6392ff2e4bd1e66981d6eab734bbd962\",\"name\":\"Gestor Web\",\"image\":{\"@type\":\"ImageObject\",\"inLanguage\":\"es\",\"@id\":\"https:\\\/\\\/secure.gravatar.com\\\/avatar\\\/160666bb56a01520857079961a824af2b7821d6bad80677c80f2b473fceead1b?s=96&d=mm&r=g\",\"url\":\"https:\\\/\\\/secure.gravatar.com\\\/avatar\\\/160666bb56a01520857079961a824af2b7821d6bad80677c80f2b473fceead1b?s=96&d=mm&r=g\",\"contentUrl\":\"https:\\\/\\\/secure.gravatar.com\\\/avatar\\\/160666bb56a01520857079961a824af2b7821d6bad80677c80f2b473fceead1b?s=96&d=mm&r=g\",\"caption\":\"Gestor Web\"}}]}<\/script>\n<!-- \/ Yoast SEO plugin. -->","yoast_head_json":{"title":"Congreso final del Proyecto PIIISA en el Parque de las Ciencias - Colegio Salesiano","description":"Un grupo de alumnos de 1\u00ba de bachillerato finalizan su participaci\u00f3n en el Proyecto PIIISA con la asistencia al Congreso Final en el Parque de las Ciencias.","robots":{"index":"index","follow":"follow","max-snippet":"max-snippet:-1","max-image-preview":"max-image-preview:large","max-video-preview":"max-video-preview:-1"},"canonical":"https:\/\/granada.salesianos.edu\/colegio\/blog\/congreso-final-del-proyecto-piiisa-en-el-parque-de-las-ciencias\/","og_locale":"es_ES","og_type":"article","og_title":"Congreso final del Proyecto PIIISA en el Parque de las Ciencias - Colegio Salesiano","og_description":"Un grupo de alumnos de 1\u00ba de bachillerato finalizan su participaci\u00f3n en el Proyecto PIIISA con la asistencia al Congreso Final en el Parque de las Ciencias.","og_url":"https:\/\/granada.salesianos.edu\/colegio\/blog\/congreso-final-del-proyecto-piiisa-en-el-parque-de-las-ciencias\/","og_site_name":"Colegio Salesiano","article_publisher":"https:\/\/www.facebook.com\/SalesianosGR\/","article_published_time":"2023-05-22T20:21:47+00:00","article_modified_time":"2023-05-22T20:54:25+00:00","og_image":[{"width":2560,"height":1920,"url":"https:\/\/granada.salesianos.edu\/colegio\/wp-content\/uploads\/sites\/2\/2023\/05\/IMG_8754-scaled.jpeg","type":"image\/jpeg"}],"author":"Gestor Web","twitter_card":"summary_large_image","twitter_creator":"@GranadaSDB","twitter_site":"@GranadaSDB","twitter_misc":{"Escrito por":"Gestor Web","Tiempo de lectura":"4 minutos"},"schema":{"@context":"https:\/\/schema.org","@graph":[{"@type":"Article","@id":"https:\/\/granada.salesianos.edu\/colegio\/blog\/congreso-final-del-proyecto-piiisa-en-el-parque-de-las-ciencias\/#article","isPartOf":{"@id":"https:\/\/granada.salesianos.edu\/colegio\/blog\/congreso-final-del-proyecto-piiisa-en-el-parque-de-las-ciencias\/"},"author":{"name":"Gestor Web","@id":"https:\/\/granada.salesianos.edu\/colegio\/#\/schema\/person\/6392ff2e4bd1e66981d6eab734bbd962"},"headline":"Congreso final del Proyecto PIIISA en el Parque de las Ciencias","datePublished":"2023-05-22T20:21:47+00:00","dateModified":"2023-05-22T20:54:25+00:00","mainEntityOfPage":{"@id":"https:\/\/granada.salesianos.edu\/colegio\/blog\/congreso-final-del-proyecto-piiisa-en-el-parque-de-las-ciencias\/"},"wordCount":954,"commentCount":0,"publisher":{"@id":"https:\/\/granada.salesianos.edu\/colegio\/#organization"},"image":{"@id":"https:\/\/granada.salesianos.edu\/colegio\/blog\/congreso-final-del-proyecto-piiisa-en-el-parque-de-las-ciencias\/#primaryimage"},"thumbnailUrl":"https:\/\/granada.salesianos.edu\/colegio\/wp-content\/uploads\/sites\/2\/2023\/05\/IMG_8754-scaled.jpeg","articleSection":["BTO","Ciencias","Colegio"],"inLanguage":"es","potentialAction":[{"@type":"CommentAction","name":"Comment","target":["https:\/\/granada.salesianos.edu\/colegio\/blog\/congreso-final-del-proyecto-piiisa-en-el-parque-de-las-ciencias\/#respond"]}]},{"@type":"WebPage","@id":"https:\/\/granada.salesianos.edu\/colegio\/blog\/congreso-final-del-proyecto-piiisa-en-el-parque-de-las-ciencias\/","url":"https:\/\/granada.salesianos.edu\/colegio\/blog\/congreso-final-del-proyecto-piiisa-en-el-parque-de-las-ciencias\/","name":"Congreso final del Proyecto PIIISA en el Parque de las Ciencias - Colegio Salesiano","isPartOf":{"@id":"https:\/\/granada.salesianos.edu\/colegio\/#website"},"primaryImageOfPage":{"@id":"https:\/\/granada.salesianos.edu\/colegio\/blog\/congreso-final-del-proyecto-piiisa-en-el-parque-de-las-ciencias\/#primaryimage"},"image":{"@id":"https:\/\/granada.salesianos.edu\/colegio\/blog\/congreso-final-del-proyecto-piiisa-en-el-parque-de-las-ciencias\/#primaryimage"},"thumbnailUrl":"https:\/\/granada.salesianos.edu\/colegio\/wp-content\/uploads\/sites\/2\/2023\/05\/IMG_8754-scaled.jpeg","datePublished":"2023-05-22T20:21:47+00:00","dateModified":"2023-05-22T20:54:25+00:00","description":"Un grupo de alumnos de 1\u00ba de bachillerato finalizan su participaci\u00f3n en el Proyecto PIIISA con la asistencia al Congreso Final en el Parque de las Ciencias.","breadcrumb":{"@id":"https:\/\/granada.salesianos.edu\/colegio\/blog\/congreso-final-del-proyecto-piiisa-en-el-parque-de-las-ciencias\/#breadcrumb"},"inLanguage":"es","potentialAction":[{"@type":"ReadAction","target":["https:\/\/granada.salesianos.edu\/colegio\/blog\/congreso-final-del-proyecto-piiisa-en-el-parque-de-las-ciencias\/"]}]},{"@type":"ImageObject","inLanguage":"es","@id":"https:\/\/granada.salesianos.edu\/colegio\/blog\/congreso-final-del-proyecto-piiisa-en-el-parque-de-las-ciencias\/#primaryimage","url":"https:\/\/granada.salesianos.edu\/colegio\/wp-content\/uploads\/sites\/2\/2023\/05\/IMG_8754-scaled.jpeg","contentUrl":"https:\/\/granada.salesianos.edu\/colegio\/wp-content\/uploads\/sites\/2\/2023\/05\/IMG_8754-scaled.jpeg","width":2560,"height":1920},{"@type":"BreadcrumbList","@id":"https:\/\/granada.salesianos.edu\/colegio\/blog\/congreso-final-del-proyecto-piiisa-en-el-parque-de-las-ciencias\/#breadcrumb","itemListElement":[{"@type":"ListItem","position":1,"name":"Portada","item":"https:\/\/granada.salesianos.edu\/colegio\/"},{"@type":"ListItem","position":2,"name":"Congreso final del Proyecto PIIISA en el Parque de las Ciencias"}]},{"@type":"WebSite","@id":"https:\/\/granada.salesianos.edu\/colegio\/#website","url":"https:\/\/granada.salesianos.edu\/colegio\/","name":"Colegio Salesiano","description":"P\u00e1gina oficial de Salesianos Granada San Juan Bosco","publisher":{"@id":"https:\/\/granada.salesianos.edu\/colegio\/#organization"},"potentialAction":[{"@type":"SearchAction","target":{"@type":"EntryPoint","urlTemplate":"https:\/\/granada.salesianos.edu\/colegio\/?s={search_term_string}"},"query-input":{"@type":"PropertyValueSpecification","valueRequired":true,"valueName":"search_term_string"}}],"inLanguage":"es"},{"@type":"Organization","@id":"https:\/\/granada.salesianos.edu\/colegio\/#organization","name":"Colegio Salesiano San Juan Bosco Granada","url":"https:\/\/granada.salesianos.edu\/colegio\/","logo":{"@type":"ImageObject","inLanguage":"es","@id":"https:\/\/granada.salesianos.edu\/colegio\/#\/schema\/logo\/image\/","url":"https:\/\/granada.salesianos.edu\/colegio\/wp-content\/uploads\/sites\/2\/2021\/01\/GRANADAobraVN2.jpg","contentUrl":"https:\/\/granada.salesianos.edu\/colegio\/wp-content\/uploads\/sites\/2\/2021\/01\/GRANADAobraVN2.jpg","width":2113,"height":1894,"caption":"Colegio Salesiano San Juan Bosco Granada"},"image":{"@id":"https:\/\/granada.salesianos.edu\/colegio\/#\/schema\/logo\/image\/"},"sameAs":["https:\/\/www.facebook.com\/SalesianosGR\/","https:\/\/x.com\/GranadaSDB","https:\/\/www.instagram.com\/salesianosgranada\/","https:\/\/www.youtube.com\/channel\/UChkpZuhCf4Y5rYIcFT3CNxw?view_as=subscriber"]},{"@type":"Person","@id":"https:\/\/granada.salesianos.edu\/colegio\/#\/schema\/person\/6392ff2e4bd1e66981d6eab734bbd962","name":"Gestor Web","image":{"@type":"ImageObject","inLanguage":"es","@id":"https:\/\/secure.gravatar.com\/avatar\/160666bb56a01520857079961a824af2b7821d6bad80677c80f2b473fceead1b?s=96&d=mm&r=g","url":"https:\/\/secure.gravatar.com\/avatar\/160666bb56a01520857079961a824af2b7821d6bad80677c80f2b473fceead1b?s=96&d=mm&r=g","contentUrl":"https:\/\/secure.gravatar.com\/avatar\/160666bb56a01520857079961a824af2b7821d6bad80677c80f2b473fceead1b?s=96&d=mm&r=g","caption":"Gestor Web"}}]}},"_links":{"self":[{"href":"https:\/\/granada.salesianos.edu\/colegio\/wp-json\/wp\/v2\/posts\/17547","targetHints":{"allow":["GET"]}}],"collection":[{"href":"https:\/\/granada.salesianos.edu\/colegio\/wp-json\/wp\/v2\/posts"}],"about":[{"href":"https:\/\/granada.salesianos.edu\/colegio\/wp-json\/wp\/v2\/types\/post"}],"author":[{"embeddable":true,"href":"https:\/\/granada.salesianos.edu\/colegio\/wp-json\/wp\/v2\/users\/2"}],"replies":[{"embeddable":true,"href":"https:\/\/granada.salesianos.edu\/colegio\/wp-json\/wp\/v2\/comments?post=17547"}],"version-history":[{"count":8,"href":"https:\/\/granada.salesianos.edu\/colegio\/wp-json\/wp\/v2\/posts\/17547\/revisions"}],"predecessor-version":[{"id":17571,"href":"https:\/\/granada.salesianos.edu\/colegio\/wp-json\/wp\/v2\/posts\/17547\/revisions\/17571"}],"wp:featuredmedia":[{"embeddable":true,"href":"https:\/\/granada.salesianos.edu\/colegio\/wp-json\/wp\/v2\/media\/17556"}],"wp:attachment":[{"href":"https:\/\/granada.salesianos.edu\/colegio\/wp-json\/wp\/v2\/media?parent=17547"}],"wp:term":[{"taxonomy":"category","embeddable":true,"href":"https:\/\/granada.salesianos.edu\/colegio\/wp-json\/wp\/v2\/categories?post=17547"},{"taxonomy":"post_tag","embeddable":true,"href":"https:\/\/granada.salesianos.edu\/colegio\/wp-json\/wp\/v2\/tags?post=17547"}],"curies":[{"name":"wp","href":"https:\/\/api.w.org\/{rel}","templated":true}]}}