{"id":17597,"date":"2023-05-28T22:59:44","date_gmt":"2023-05-28T20:59:44","guid":{"rendered":"https:\/\/granada.salesianos.edu\/colegio\/?p=17597"},"modified":"2023-05-28T22:59:51","modified_gmt":"2023-05-28T20:59:51","slug":"64148","status":"publish","type":"post","link":"https:\/\/granada.salesianos.edu\/colegio\/blog\/64148\/","title":{"rendered":"Comienza la andadura de \u00abEl recreo de los lunes\u00bb, un programa radiof\u00f3nico que nace en nuestro colegio"},"content":{"rendered":"<div id=\"fb-root\"><\/div>\n<p>[et_pb_section fb_built=\u00bb1&#8243; _builder_version=\u00bb4.16&#8243; global_colors_info=\u00bb{}\u00bb][et_pb_row _builder_version=\u00bb4.16&#8243; background_size=\u00bbinitial\u00bb background_position=\u00bbtop_left\u00bb background_repeat=\u00bbrepeat\u00bb global_colors_info=\u00bb{}\u00bb][et_pb_column type=\u00bb4_4&#8243; _builder_version=\u00bb4.16&#8243; custom_padding=\u00bb|||\u00bb global_colors_info=\u00bb{}\u00bb custom_padding__hover=\u00bb|||\u00bb][et_pb_text _builder_version=\u00bb4.16&#8243; background_size=\u00bbinitial\u00bb background_position=\u00bbtop_left\u00bb background_repeat=\u00bbrepeat\u00bb hover_enabled=\u00bb0&#8243; global_colors_info=\u00bb{}\u00bb sticky_enabled=\u00bb0&#8243;]Este lunes d\u00eda 6 de marzo ha comenzado la andadura de el programa radiof\u00f3nico \u00abEl recreo de los lunes\u00bb. Iniciativa de servicio, informaci\u00f3n y reflexi\u00f3n para el cole con invitados y temas cada lunes, con media horita de programa. La primera invitada especial ha sido Do\u00f1a Carolina Illescas, profesora de nuestro centro que nos ha hablado sobre la enfermedad desde el punto de vista del amor y el agradecimiento a pesar de la adversidad. Esta iniciativa nace con la idea de hacer el programa de forma quincenal. En el pr\u00f3ximo programa podremos contar con Don Antonio Molinero, profesor muy querido en el colegio y recientemente jubilado y el tema ser\u00e1: \u00ablos cambios en los j\u00f3venes\u00bb. Qui\u00e9n mejor que \u00e9l que ha llevado a gala la frase de don Bosco: \u00abno hay j\u00f3venes malos, sino j\u00f3venes que no saben que pueden ser buenos y alguien tiene que dec\u00edrselo\u00bb Pueden seguir el programa en @elrecreodeloslunes. En pr\u00f3ximas fechas iremos informando de las distintas plataformas digitales en las que van a poder escuchar dichos programas. Enhorabuena a Pablo, Jos\u00e9 Mar\u00eda y Victoria por esta iniciativa.<\/p>\n<p><img loading=\"lazy\" decoding=\"async\" class=\"alignnone size-thumbnail wp-image-17598\" src=\"https:\/\/granada.salesianos.edu\/colegio\/wp-content\/uploads\/sites\/2\/2023\/05\/recreo-de-los-lunes-1-150x150.jpg\" alt=\"\" width=\"150\" height=\"150\" \/> \u00a0<img loading=\"lazy\" decoding=\"async\" class=\"alignnone size-thumbnail wp-image-17600\" src=\"https:\/\/granada.salesianos.edu\/colegio\/wp-content\/uploads\/sites\/2\/2023\/05\/recreo-de-los-lunes-3-150x150.jpg\" alt=\"\" width=\"150\" height=\"150\" \/>\u00a0 <img loading=\"lazy\" decoding=\"async\" class=\"alignnone size-thumbnail wp-image-17602\" src=\"https:\/\/granada.salesianos.edu\/colegio\/wp-content\/uploads\/sites\/2\/2023\/05\/recreo-de-los-lunes-2-150x150.jpg\" alt=\"\" width=\"150\" height=\"150\" \/>el<br \/>\n[\/et_pb_text][\/et_pb_column][\/et_pb_row][\/et_pb_section]<\/p>\n","protected":false},"excerpt":{"rendered":"<p>Este lunes 6 de marzo ha comenzado el programa radiof\u00f3nico \u00abEl recreo de los lunes\u00bb. Iniciativa de servicio, informaci\u00f3n y reflexi\u00f3n para el cole con invitados y temas cada lunes, con media horita de programa. La primera invitada especial ha sido Do\u00f1a Carolina Illescas, profesora de nuestro centro que nos ha hablado sobre la enfermedad desde el punto de vista del amor y el agradecimiento a pesar de la adversidad.<\/p>\n","protected":false},"author":2,"featured_media":17598,"comment_status":"open","ping_status":"open","sticky":false,"template":"","format":"standard","meta":{"_et_pb_use_builder":"on","_et_pb_old_content":"<p>Este lunes d\u00eda 6 de marzo ha comenzado la andadura de el programa radiof\u00f3nico \"El recreo de los lunes\". Iniciativa de servicio, informaci\u00f3n y reflexi\u00f3n para el cole con invitados y temas cada lunes, con media horita de programa. La primera invitada especial ha sido Do\u00f1a Carolina Illescas, profesora de nuestro centro que nos ha hablado sobre la enfermedad desde el punto de vista del amor y el agradecimiento a pesar de la adversidad. Esta iniciativa nace con la idea de hacer el programa de forma quincenal. En el pr\u00f3ximo programa podremos contar con Don Antonio Molinero, profesor muy querido en el colegio y recientemente jubilado y el tema ser\u00e1: \"los cambios en los j\u00f3venes\". Qui\u00e9n mejor que \u00e9l que ha llevado a gala la frase de don Bosco: \"no hay j\u00f3venes malos, sino j\u00f3venes que no saben que pueden ser buenos y alguien tiene que dec\u00edrselo\" Pueden seguir el programa en @elrecreodeloslunes. En pr\u00f3ximas fechas iremos informando de las distintas plataformas digitales en las que van a poder escuchar dichos programas. Enhorabuena a Pablo, Jos\u00e9 Mar\u00eda y Victoria por esta iniciativa.<\/p><p><img class=\"alignnone size-thumbnail wp-image-64149\" src=\"https:\/\/granada.salesianos.edu\/wp-content\/uploads\/2023\/03\/recreo-de-los-lunes-1-150x150.jpg\" alt=\"\" width=\"150\" height=\"150\" \/> \u00a0<img class=\"alignnone size-thumbnail wp-image-64151\" src=\"https:\/\/granada.salesianos.edu\/wp-content\/uploads\/2023\/03\/recreo-de-los-lunes-3-150x150.jpg\" alt=\"\" width=\"150\" height=\"150\" \/>\u00a0 <img class=\"alignnone size-thumbnail wp-image-64150\" src=\"https:\/\/granada.salesianos.edu\/wp-content\/uploads\/2023\/03\/recreo-de-los-lunes-2-150x150.jpg\" alt=\"\" width=\"150\" height=\"150\" \/>el<\/p>","_et_gb_content_width":"","footnotes":""},"categories":[11,13,21,52,24,12],"tags":[53,54,55],"class_list":["post-17597","post","type-post","status-publish","format-standard","has-post-thumbnail","hentry","category-colegio","category-familia-salesiana","category-fp","category-imagen-y-sonido","category-plataformas-sociales","category-portada","tag-actualidad","tag-radio","tag-recreo-de-los-lunes"],"yoast_head":"<!-- This site is optimized with the Yoast SEO plugin v28.4 - https:\/\/yoast.com\/product\/yoast-seo-wordpress\/ -->\n<title>Comienza la andadura de \u00abEl recreo de los lunes\u00bb, un programa radiof\u00f3nico que nace en nuestro colegio - Colegio Salesiano<\/title>\n<meta name=\"description\" content=\"Esta semana comenzado el programa radiof\u00f3nico &quot;El recreo de los lunes&quot;. Iniciativa de servicio, informaci\u00f3n y reflexi\u00f3n para el cole con invitados y temas cada lunes, con media horita de programa. La primera invitada especial ha sido Do\u00f1a Carolina Illescas, profesora de nuestro centro que nos ha hablado sobre la enfermedad desde el punto de vista del amor y el agradecimiento a pesar de la adversidad.\" \/>\n<meta name=\"robots\" content=\"index, follow, max-snippet:-1, max-image-preview:large, max-video-preview:-1\" \/>\n<link rel=\"canonical\" href=\"https:\/\/granada.salesianos.edu\/colegio\/blog\/64148\/\" \/>\n<meta property=\"og:locale\" content=\"es_ES\" \/>\n<meta property=\"og:type\" content=\"article\" \/>\n<meta property=\"og:title\" content=\"Comienza la andadura de \u00abEl recreo de los lunes\u00bb, un programa radiof\u00f3nico que nace en nuestro colegio - Colegio Salesiano\" \/>\n<meta property=\"og:description\" content=\"Esta semana comenzado el programa radiof\u00f3nico &quot;El recreo de los lunes&quot;. Iniciativa de servicio, informaci\u00f3n y reflexi\u00f3n para el cole con invitados y temas cada lunes, con media horita de programa. La primera invitada especial ha sido Do\u00f1a Carolina Illescas, profesora de nuestro centro que nos ha hablado sobre la enfermedad desde el punto de vista del amor y el agradecimiento a pesar de la adversidad.\" \/>\n<meta property=\"og:url\" content=\"https:\/\/granada.salesianos.edu\/colegio\/blog\/64148\/\" \/>\n<meta property=\"og:site_name\" content=\"Colegio Salesiano\" \/>\n<meta property=\"article:publisher\" content=\"https:\/\/www.facebook.com\/SalesianosGR\/\" \/>\n<meta property=\"article:published_time\" content=\"2023-05-28T20:59:44+00:00\" \/>\n<meta property=\"article:modified_time\" content=\"2023-05-28T20:59:51+00:00\" \/>\n<meta property=\"og:image\" content=\"https:\/\/granada.salesianos.edu\/colegio\/wp-content\/uploads\/sites\/2\/2023\/05\/recreo-de-los-lunes-1.jpg\" \/>\n\t<meta property=\"og:image:width\" content=\"1423\" \/>\n\t<meta property=\"og:image:height\" content=\"640\" \/>\n\t<meta property=\"og:image:type\" content=\"image\/jpeg\" \/>\n<meta name=\"author\" content=\"Gestor Web\" \/>\n<meta name=\"twitter:card\" content=\"summary_large_image\" \/>\n<meta name=\"twitter:creator\" content=\"@GranadaSDB\" \/>\n<meta name=\"twitter:site\" content=\"@GranadaSDB\" \/>\n<meta name=\"twitter:label1\" content=\"Escrito por\" \/>\n\t<meta name=\"twitter:data1\" content=\"Gestor Web\" \/>\n\t<meta name=\"twitter:label2\" content=\"Tiempo de lectura\" \/>\n\t<meta name=\"twitter:data2\" content=\"2 minutos\" \/>\n<script type=\"application\/ld+json\" class=\"yoast-schema-graph\">{\"@context\":\"https:\\\/\\\/schema.org\",\"@graph\":[{\"@type\":\"Article\",\"@id\":\"https:\\\/\\\/granada.salesianos.edu\\\/colegio\\\/blog\\\/64148\\\/#article\",\"isPartOf\":{\"@id\":\"https:\\\/\\\/granada.salesianos.edu\\\/colegio\\\/blog\\\/64148\\\/\"},\"author\":{\"name\":\"Gestor Web\",\"@id\":\"https:\\\/\\\/granada.salesianos.edu\\\/colegio\\\/#\\\/schema\\\/person\\\/6392ff2e4bd1e66981d6eab734bbd962\"},\"headline\":\"Comienza la andadura de \u00abEl recreo de los lunes\u00bb, un programa radiof\u00f3nico que nace en nuestro colegio\",\"datePublished\":\"2023-05-28T20:59:44+00:00\",\"dateModified\":\"2023-05-28T20:59:51+00:00\",\"mainEntityOfPage\":{\"@id\":\"https:\\\/\\\/granada.salesianos.edu\\\/colegio\\\/blog\\\/64148\\\/\"},\"wordCount\":289,\"commentCount\":0,\"publisher\":{\"@id\":\"https:\\\/\\\/granada.salesianos.edu\\\/colegio\\\/#organization\"},\"image\":{\"@id\":\"https:\\\/\\\/granada.salesianos.edu\\\/colegio\\\/blog\\\/64148\\\/#primaryimage\"},\"thumbnailUrl\":\"https:\\\/\\\/granada.salesianos.edu\\\/colegio\\\/wp-content\\\/uploads\\\/sites\\\/2\\\/2023\\\/05\\\/recreo-de-los-lunes-1.jpg\",\"keywords\":[\"actualidad\",\"radio\",\"recreo de los lunes\"],\"articleSection\":[\"Colegio\",\"Familia Salesiana\",\"FP\",\"Imagen y Sonido\",\"Plataformas sociales\",\"Portada\"],\"inLanguage\":\"es\",\"potentialAction\":[{\"@type\":\"CommentAction\",\"name\":\"Comment\",\"target\":[\"https:\\\/\\\/granada.salesianos.edu\\\/colegio\\\/blog\\\/64148\\\/#respond\"]}]},{\"@type\":\"WebPage\",\"@id\":\"https:\\\/\\\/granada.salesianos.edu\\\/colegio\\\/blog\\\/64148\\\/\",\"url\":\"https:\\\/\\\/granada.salesianos.edu\\\/colegio\\\/blog\\\/64148\\\/\",\"name\":\"Comienza la andadura de \u00abEl recreo de los lunes\u00bb, un programa radiof\u00f3nico que nace en nuestro colegio - Colegio Salesiano\",\"isPartOf\":{\"@id\":\"https:\\\/\\\/granada.salesianos.edu\\\/colegio\\\/#website\"},\"primaryImageOfPage\":{\"@id\":\"https:\\\/\\\/granada.salesianos.edu\\\/colegio\\\/blog\\\/64148\\\/#primaryimage\"},\"image\":{\"@id\":\"https:\\\/\\\/granada.salesianos.edu\\\/colegio\\\/blog\\\/64148\\\/#primaryimage\"},\"thumbnailUrl\":\"https:\\\/\\\/granada.salesianos.edu\\\/colegio\\\/wp-content\\\/uploads\\\/sites\\\/2\\\/2023\\\/05\\\/recreo-de-los-lunes-1.jpg\",\"datePublished\":\"2023-05-28T20:59:44+00:00\",\"dateModified\":\"2023-05-28T20:59:51+00:00\",\"description\":\"Esta semana comenzado el programa radiof\u00f3nico \\\"El recreo de los lunes\\\". Iniciativa de servicio, informaci\u00f3n y reflexi\u00f3n para el cole con invitados y temas cada lunes, con media horita de programa. La primera invitada especial ha sido Do\u00f1a Carolina Illescas, profesora de nuestro centro que nos ha hablado sobre la enfermedad desde el punto de vista del amor y el agradecimiento a pesar de la adversidad.\",\"breadcrumb\":{\"@id\":\"https:\\\/\\\/granada.salesianos.edu\\\/colegio\\\/blog\\\/64148\\\/#breadcrumb\"},\"inLanguage\":\"es\",\"potentialAction\":[{\"@type\":\"ReadAction\",\"target\":[\"https:\\\/\\\/granada.salesianos.edu\\\/colegio\\\/blog\\\/64148\\\/\"]}]},{\"@type\":\"ImageObject\",\"inLanguage\":\"es\",\"@id\":\"https:\\\/\\\/granada.salesianos.edu\\\/colegio\\\/blog\\\/64148\\\/#primaryimage\",\"url\":\"https:\\\/\\\/granada.salesianos.edu\\\/colegio\\\/wp-content\\\/uploads\\\/sites\\\/2\\\/2023\\\/05\\\/recreo-de-los-lunes-1.jpg\",\"contentUrl\":\"https:\\\/\\\/granada.salesianos.edu\\\/colegio\\\/wp-content\\\/uploads\\\/sites\\\/2\\\/2023\\\/05\\\/recreo-de-los-lunes-1.jpg\",\"width\":1423,\"height\":640},{\"@type\":\"BreadcrumbList\",\"@id\":\"https:\\\/\\\/granada.salesianos.edu\\\/colegio\\\/blog\\\/64148\\\/#breadcrumb\",\"itemListElement\":[{\"@type\":\"ListItem\",\"position\":1,\"name\":\"Portada\",\"item\":\"https:\\\/\\\/granada.salesianos.edu\\\/colegio\\\/\"},{\"@type\":\"ListItem\",\"position\":2,\"name\":\"Comienza la andadura de \u00abEl recreo de los lunes\u00bb, un programa radiof\u00f3nico que nace en nuestro colegio\"}]},{\"@type\":\"WebSite\",\"@id\":\"https:\\\/\\\/granada.salesianos.edu\\\/colegio\\\/#website\",\"url\":\"https:\\\/\\\/granada.salesianos.edu\\\/colegio\\\/\",\"name\":\"Colegio Salesiano\",\"description\":\"P\u00e1gina oficial de Salesianos Granada San Juan Bosco\",\"publisher\":{\"@id\":\"https:\\\/\\\/granada.salesianos.edu\\\/colegio\\\/#organization\"},\"potentialAction\":[{\"@type\":\"SearchAction\",\"target\":{\"@type\":\"EntryPoint\",\"urlTemplate\":\"https:\\\/\\\/granada.salesianos.edu\\\/colegio\\\/?s={search_term_string}\"},\"query-input\":{\"@type\":\"PropertyValueSpecification\",\"valueRequired\":true,\"valueName\":\"search_term_string\"}}],\"inLanguage\":\"es\"},{\"@type\":\"Organization\",\"@id\":\"https:\\\/\\\/granada.salesianos.edu\\\/colegio\\\/#organization\",\"name\":\"Colegio Salesiano San Juan Bosco Granada\",\"url\":\"https:\\\/\\\/granada.salesianos.edu\\\/colegio\\\/\",\"logo\":{\"@type\":\"ImageObject\",\"inLanguage\":\"es\",\"@id\":\"https:\\\/\\\/granada.salesianos.edu\\\/colegio\\\/#\\\/schema\\\/logo\\\/image\\\/\",\"url\":\"https:\\\/\\\/granada.salesianos.edu\\\/colegio\\\/wp-content\\\/uploads\\\/sites\\\/2\\\/2021\\\/01\\\/GRANADAobraVN2.jpg\",\"contentUrl\":\"https:\\\/\\\/granada.salesianos.edu\\\/colegio\\\/wp-content\\\/uploads\\\/sites\\\/2\\\/2021\\\/01\\\/GRANADAobraVN2.jpg\",\"width\":2113,\"height\":1894,\"caption\":\"Colegio Salesiano San Juan Bosco Granada\"},\"image\":{\"@id\":\"https:\\\/\\\/granada.salesianos.edu\\\/colegio\\\/#\\\/schema\\\/logo\\\/image\\\/\"},\"sameAs\":[\"https:\\\/\\\/www.facebook.com\\\/SalesianosGR\\\/\",\"https:\\\/\\\/x.com\\\/GranadaSDB\",\"https:\\\/\\\/www.instagram.com\\\/salesianosgranada\\\/\",\"https:\\\/\\\/www.youtube.com\\\/channel\\\/UChkpZuhCf4Y5rYIcFT3CNxw?view_as=subscriber\"]},{\"@type\":\"Person\",\"@id\":\"https:\\\/\\\/granada.salesianos.edu\\\/colegio\\\/#\\\/schema\\\/person\\\/6392ff2e4bd1e66981d6eab734bbd962\",\"name\":\"Gestor Web\",\"image\":{\"@type\":\"ImageObject\",\"inLanguage\":\"es\",\"@id\":\"https:\\\/\\\/secure.gravatar.com\\\/avatar\\\/160666bb56a01520857079961a824af2b7821d6bad80677c80f2b473fceead1b?s=96&d=mm&r=g\",\"url\":\"https:\\\/\\\/secure.gravatar.com\\\/avatar\\\/160666bb56a01520857079961a824af2b7821d6bad80677c80f2b473fceead1b?s=96&d=mm&r=g\",\"contentUrl\":\"https:\\\/\\\/secure.gravatar.com\\\/avatar\\\/160666bb56a01520857079961a824af2b7821d6bad80677c80f2b473fceead1b?s=96&d=mm&r=g\",\"caption\":\"Gestor Web\"}}]}<\/script>\n<!-- \/ Yoast SEO plugin. -->","yoast_head_json":{"title":"Comienza la andadura de \u00abEl recreo de los lunes\u00bb, un programa radiof\u00f3nico que nace en nuestro colegio - Colegio Salesiano","description":"Esta semana comenzado el programa radiof\u00f3nico \"El recreo de los lunes\". Iniciativa de servicio, informaci\u00f3n y reflexi\u00f3n para el cole con invitados y temas cada lunes, con media horita de programa. La primera invitada especial ha sido Do\u00f1a Carolina Illescas, profesora de nuestro centro que nos ha hablado sobre la enfermedad desde el punto de vista del amor y el agradecimiento a pesar de la adversidad.","robots":{"index":"index","follow":"follow","max-snippet":"max-snippet:-1","max-image-preview":"max-image-preview:large","max-video-preview":"max-video-preview:-1"},"canonical":"https:\/\/granada.salesianos.edu\/colegio\/blog\/64148\/","og_locale":"es_ES","og_type":"article","og_title":"Comienza la andadura de \u00abEl recreo de los lunes\u00bb, un programa radiof\u00f3nico que nace en nuestro colegio - Colegio Salesiano","og_description":"Esta semana comenzado el programa radiof\u00f3nico \"El recreo de los lunes\". Iniciativa de servicio, informaci\u00f3n y reflexi\u00f3n para el cole con invitados y temas cada lunes, con media horita de programa. La primera invitada especial ha sido Do\u00f1a Carolina Illescas, profesora de nuestro centro que nos ha hablado sobre la enfermedad desde el punto de vista del amor y el agradecimiento a pesar de la adversidad.","og_url":"https:\/\/granada.salesianos.edu\/colegio\/blog\/64148\/","og_site_name":"Colegio Salesiano","article_publisher":"https:\/\/www.facebook.com\/SalesianosGR\/","article_published_time":"2023-05-28T20:59:44+00:00","article_modified_time":"2023-05-28T20:59:51+00:00","og_image":[{"width":1423,"height":640,"url":"https:\/\/granada.salesianos.edu\/colegio\/wp-content\/uploads\/sites\/2\/2023\/05\/recreo-de-los-lunes-1.jpg","type":"image\/jpeg"}],"author":"Gestor Web","twitter_card":"summary_large_image","twitter_creator":"@GranadaSDB","twitter_site":"@GranadaSDB","twitter_misc":{"Escrito por":"Gestor Web","Tiempo de lectura":"2 minutos"},"schema":{"@context":"https:\/\/schema.org","@graph":[{"@type":"Article","@id":"https:\/\/granada.salesianos.edu\/colegio\/blog\/64148\/#article","isPartOf":{"@id":"https:\/\/granada.salesianos.edu\/colegio\/blog\/64148\/"},"author":{"name":"Gestor Web","@id":"https:\/\/granada.salesianos.edu\/colegio\/#\/schema\/person\/6392ff2e4bd1e66981d6eab734bbd962"},"headline":"Comienza la andadura de \u00abEl recreo de los lunes\u00bb, un programa radiof\u00f3nico que nace en nuestro colegio","datePublished":"2023-05-28T20:59:44+00:00","dateModified":"2023-05-28T20:59:51+00:00","mainEntityOfPage":{"@id":"https:\/\/granada.salesianos.edu\/colegio\/blog\/64148\/"},"wordCount":289,"commentCount":0,"publisher":{"@id":"https:\/\/granada.salesianos.edu\/colegio\/#organization"},"image":{"@id":"https:\/\/granada.salesianos.edu\/colegio\/blog\/64148\/#primaryimage"},"thumbnailUrl":"https:\/\/granada.salesianos.edu\/colegio\/wp-content\/uploads\/sites\/2\/2023\/05\/recreo-de-los-lunes-1.jpg","keywords":["actualidad","radio","recreo de los lunes"],"articleSection":["Colegio","Familia Salesiana","FP","Imagen y Sonido","Plataformas sociales","Portada"],"inLanguage":"es","potentialAction":[{"@type":"CommentAction","name":"Comment","target":["https:\/\/granada.salesianos.edu\/colegio\/blog\/64148\/#respond"]}]},{"@type":"WebPage","@id":"https:\/\/granada.salesianos.edu\/colegio\/blog\/64148\/","url":"https:\/\/granada.salesianos.edu\/colegio\/blog\/64148\/","name":"Comienza la andadura de \u00abEl recreo de los lunes\u00bb, un programa radiof\u00f3nico que nace en nuestro colegio - Colegio Salesiano","isPartOf":{"@id":"https:\/\/granada.salesianos.edu\/colegio\/#website"},"primaryImageOfPage":{"@id":"https:\/\/granada.salesianos.edu\/colegio\/blog\/64148\/#primaryimage"},"image":{"@id":"https:\/\/granada.salesianos.edu\/colegio\/blog\/64148\/#primaryimage"},"thumbnailUrl":"https:\/\/granada.salesianos.edu\/colegio\/wp-content\/uploads\/sites\/2\/2023\/05\/recreo-de-los-lunes-1.jpg","datePublished":"2023-05-28T20:59:44+00:00","dateModified":"2023-05-28T20:59:51+00:00","description":"Esta semana comenzado el programa radiof\u00f3nico \"El recreo de los lunes\". Iniciativa de servicio, informaci\u00f3n y reflexi\u00f3n para el cole con invitados y temas cada lunes, con media horita de programa. La primera invitada especial ha sido Do\u00f1a Carolina Illescas, profesora de nuestro centro que nos ha hablado sobre la enfermedad desde el punto de vista del amor y el agradecimiento a pesar de la adversidad.","breadcrumb":{"@id":"https:\/\/granada.salesianos.edu\/colegio\/blog\/64148\/#breadcrumb"},"inLanguage":"es","potentialAction":[{"@type":"ReadAction","target":["https:\/\/granada.salesianos.edu\/colegio\/blog\/64148\/"]}]},{"@type":"ImageObject","inLanguage":"es","@id":"https:\/\/granada.salesianos.edu\/colegio\/blog\/64148\/#primaryimage","url":"https:\/\/granada.salesianos.edu\/colegio\/wp-content\/uploads\/sites\/2\/2023\/05\/recreo-de-los-lunes-1.jpg","contentUrl":"https:\/\/granada.salesianos.edu\/colegio\/wp-content\/uploads\/sites\/2\/2023\/05\/recreo-de-los-lunes-1.jpg","width":1423,"height":640},{"@type":"BreadcrumbList","@id":"https:\/\/granada.salesianos.edu\/colegio\/blog\/64148\/#breadcrumb","itemListElement":[{"@type":"ListItem","position":1,"name":"Portada","item":"https:\/\/granada.salesianos.edu\/colegio\/"},{"@type":"ListItem","position":2,"name":"Comienza la andadura de \u00abEl recreo de los lunes\u00bb, un programa radiof\u00f3nico que nace en nuestro colegio"}]},{"@type":"WebSite","@id":"https:\/\/granada.salesianos.edu\/colegio\/#website","url":"https:\/\/granada.salesianos.edu\/colegio\/","name":"Colegio Salesiano","description":"P\u00e1gina oficial de Salesianos Granada San Juan Bosco","publisher":{"@id":"https:\/\/granada.salesianos.edu\/colegio\/#organization"},"potentialAction":[{"@type":"SearchAction","target":{"@type":"EntryPoint","urlTemplate":"https:\/\/granada.salesianos.edu\/colegio\/?s={search_term_string}"},"query-input":{"@type":"PropertyValueSpecification","valueRequired":true,"valueName":"search_term_string"}}],"inLanguage":"es"},{"@type":"Organization","@id":"https:\/\/granada.salesianos.edu\/colegio\/#organization","name":"Colegio Salesiano San Juan Bosco Granada","url":"https:\/\/granada.salesianos.edu\/colegio\/","logo":{"@type":"ImageObject","inLanguage":"es","@id":"https:\/\/granada.salesianos.edu\/colegio\/#\/schema\/logo\/image\/","url":"https:\/\/granada.salesianos.edu\/colegio\/wp-content\/uploads\/sites\/2\/2021\/01\/GRANADAobraVN2.jpg","contentUrl":"https:\/\/granada.salesianos.edu\/colegio\/wp-content\/uploads\/sites\/2\/2021\/01\/GRANADAobraVN2.jpg","width":2113,"height":1894,"caption":"Colegio Salesiano San Juan Bosco Granada"},"image":{"@id":"https:\/\/granada.salesianos.edu\/colegio\/#\/schema\/logo\/image\/"},"sameAs":["https:\/\/www.facebook.com\/SalesianosGR\/","https:\/\/x.com\/GranadaSDB","https:\/\/www.instagram.com\/salesianosgranada\/","https:\/\/www.youtube.com\/channel\/UChkpZuhCf4Y5rYIcFT3CNxw?view_as=subscriber"]},{"@type":"Person","@id":"https:\/\/granada.salesianos.edu\/colegio\/#\/schema\/person\/6392ff2e4bd1e66981d6eab734bbd962","name":"Gestor Web","image":{"@type":"ImageObject","inLanguage":"es","@id":"https:\/\/secure.gravatar.com\/avatar\/160666bb56a01520857079961a824af2b7821d6bad80677c80f2b473fceead1b?s=96&d=mm&r=g","url":"https:\/\/secure.gravatar.com\/avatar\/160666bb56a01520857079961a824af2b7821d6bad80677c80f2b473fceead1b?s=96&d=mm&r=g","contentUrl":"https:\/\/secure.gravatar.com\/avatar\/160666bb56a01520857079961a824af2b7821d6bad80677c80f2b473fceead1b?s=96&d=mm&r=g","caption":"Gestor Web"}}]}},"_links":{"self":[{"href":"https:\/\/granada.salesianos.edu\/colegio\/wp-json\/wp\/v2\/posts\/17597","targetHints":{"allow":["GET"]}}],"collection":[{"href":"https:\/\/granada.salesianos.edu\/colegio\/wp-json\/wp\/v2\/posts"}],"about":[{"href":"https:\/\/granada.salesianos.edu\/colegio\/wp-json\/wp\/v2\/types\/post"}],"author":[{"embeddable":true,"href":"https:\/\/granada.salesianos.edu\/colegio\/wp-json\/wp\/v2\/users\/2"}],"replies":[{"embeddable":true,"href":"https:\/\/granada.salesianos.edu\/colegio\/wp-json\/wp\/v2\/comments?post=17597"}],"version-history":[{"count":7,"href":"https:\/\/granada.salesianos.edu\/colegio\/wp-json\/wp\/v2\/posts\/17597\/revisions"}],"predecessor-version":[{"id":17607,"href":"https:\/\/granada.salesianos.edu\/colegio\/wp-json\/wp\/v2\/posts\/17597\/revisions\/17607"}],"wp:featuredmedia":[{"embeddable":true,"href":"https:\/\/granada.salesianos.edu\/colegio\/wp-json\/wp\/v2\/media\/17598"}],"wp:attachment":[{"href":"https:\/\/granada.salesianos.edu\/colegio\/wp-json\/wp\/v2\/media?parent=17597"}],"wp:term":[{"taxonomy":"category","embeddable":true,"href":"https:\/\/granada.salesianos.edu\/colegio\/wp-json\/wp\/v2\/categories?post=17597"},{"taxonomy":"post_tag","embeddable":true,"href":"https:\/\/granada.salesianos.edu\/colegio\/wp-json\/wp\/v2\/tags?post=17597"}],"curies":[{"name":"wp","href":"https:\/\/api.w.org\/{rel}","templated":true}]}}