{"id":17616,"date":"2023-05-31T12:57:09","date_gmt":"2023-05-31T10:57:09","guid":{"rendered":"https:\/\/granada.salesianos.edu\/colegio\/?p=17616"},"modified":"2023-05-31T16:37:25","modified_gmt":"2023-05-31T14:37:25","slug":"yasmina-martos-martin-integrante-de-nasa-amadrina-nuestro-proyecto-investigacion-aeroespacial-aplicada-al-aula","status":"publish","type":"post","link":"https:\/\/granada.salesianos.edu\/colegio\/blog\/yasmina-martos-martin-integrante-de-nasa-amadrina-nuestro-proyecto-investigacion-aeroespacial-aplicada-al-aula\/","title":{"rendered":"Yasmina Martos Martin, integrante de NASA, amadrina nuestro proyecto \u201cInvestigaci\u00f3n aeroespacial aplicada al aula\u201d"},"content":{"rendered":"<div id=\"fb-root\"><\/div>\n<p>[et_pb_section fb_built=\u00bb1&#8243; admin_label=\u00bbsection\u00bb _builder_version=\u00bb4.16&#8243; global_colors_info=\u00bb{}\u00bb theme_builder_area=\u00bbpost_content\u00bb][et_pb_row admin_label=\u00bbrow\u00bb _builder_version=\u00bb4.16&#8243; background_size=\u00bbinitial\u00bb background_position=\u00bbtop_left\u00bb background_repeat=\u00bbrepeat\u00bb global_colors_info=\u00bb{}\u00bb theme_builder_area=\u00bbpost_content\u00bb][et_pb_column type=\u00bb4_4&#8243; _builder_version=\u00bb4.16&#8243; custom_padding=\u00bb|||\u00bb global_colors_info=\u00bb{}\u00bb custom_padding__hover=\u00bb|||\u00bb theme_builder_area=\u00bbpost_content\u00bb][et_pb_text _builder_version=\u00bb4.20.2&#8243; _module_preset=\u00bbdefault\u00bb hover_enabled=\u00bb0&#8243; global_colors_info=\u00bb{}\u00bb theme_builder_area=\u00bbpost_content\u00bb sticky_enabled=\u00bb0&#8243;]<\/p>\n<p style=\"text-align: justify;\"><strong>Yasmina Martos Mart\u00edn<\/strong>, doctora en f\u00edsica, trabaja como asistente cient\u00edfico de la <a href=\"https:\/\/www.nasa.gov\" target=\"_blank\" rel=\"noopener\">NASA<\/a> en Washington, actualmente en el proyecto de la sonda Juno, J\u00fapiter.<\/p>\n<p style=\"text-align: justify;\">Tras la campa\u00f1a de campo que ha realizado este mes de mayo en Lanzarote, se ha pasado por Granada, donde hemos podido compartir algunos momentos con ella y ha conocido de primera mano nuestro proyecto de investigaci\u00f3n aeroespacial \u201cLanzamiento y Control de un rover de exploraci\u00f3n a Marte\u201d<\/p>\n<p style=\"text-align: justify;\">Yasmina adem\u00e1s ha sido candidata en el proceso de selecci\u00f3n de astronautas espa\u00f1oles con la agencia espacial europea, <a href=\"https:\/\/www.esa.int\/Space_in_Member_States\/Spain\" target=\"_blank\" rel=\"noopener\">ESA (Agencia Espacial Europea)<\/a> y nos ha hecho entrega de un s\u00edmbolo muy exclusivo, que llevan en el traje espacial los astronautas, donde se ve al Quijote dentro de la escafandra, mirando un sat\u00e9lite cuyos paneles solares le dan una reconocible forma de molino de viento.<\/p>\n<p style=\"text-align: justify;\">Es para nosotros todo un honor y una fuente de motivaci\u00f3n que una persona tan especial sea madrina de nuestro proyecto. Como sencillo agradecimiento le hemos entregado el logotipo impreso en 3D de nuestra, reci\u00e9n creada por el alumnado, Agencia Espacial Salesiana.<\/p>\n<p>[\/et_pb_text][et_pb_code _builder_version=\u00bb4.20.2&#8243; _module_preset=\u00bbdefault\u00bb global_colors_info=\u00bb{}\u00bb theme_builder_area=\u00bbpost_content\u00bb]<iframe loading=\"lazy\" width=\"560\" height=\"315\" src=\"https:\/\/www.youtube.com\/embed\/RW1Mns8eHqs\" title=\"YouTube video player\" frameborder=\"0\" allow=\"accelerometer; autoplay; clipboard-write; encrypted-media; gyroscope; picture-in-picture; web-share\" allowfullscreen><\/iframe>[\/et_pb_code][\/et_pb_column][\/et_pb_row][et_pb_row column_structure=\u00bb1_2,1_2&#8243; _builder_version=\u00bb4.20.2&#8243; _module_preset=\u00bbdefault\u00bb hover_enabled=\u00bb0&#8243; global_colors_info=\u00bb{}\u00bb theme_builder_area=\u00bbpost_content\u00bb sticky_enabled=\u00bb0&#8243;][et_pb_column type=\u00bb1_2&#8243; _builder_version=\u00bb4.20.2&#8243; _module_preset=\u00bbdefault\u00bb global_colors_info=\u00bb{}\u00bb theme_builder_area=\u00bbpost_content\u00bb][et_pb_image src=\u00bbhttps:\/\/granada.salesianos.edu\/wp-content\/uploads\/2023\/05\/Madrina-proyecto-aerospacial-2.jpg\u00bb title_text=\u00bbMadrina proyecto aerospacial 2&#8243; _builder_version=\u00bb4.20.2&#8243; _module_preset=\u00bbdefault\u00bb hover_enabled=\u00bb0&#8243; global_colors_info=\u00bb{}\u00bb theme_builder_area=\u00bbpost_content\u00bb align=\u00bbcenter\u00bb sticky_enabled=\u00bb0&#8243;][\/et_pb_image][\/et_pb_column][et_pb_column type=\u00bb1_2&#8243; _builder_version=\u00bb4.20.2&#8243; _module_preset=\u00bbdefault\u00bb global_colors_info=\u00bb{}\u00bb theme_builder_area=\u00bbpost_content\u00bb][et_pb_image src=\u00bbhttps:\/\/granada.salesianos.edu\/wp-content\/uploads\/2023\/05\/Madrina-proyecto-aerospacial-logo-ESA.jpeg\u00bb title_text=\u00bbMadrina proyecto aerospacial logo ESA\u00bb _builder_version=\u00bb4.20.2&#8243; _module_preset=\u00bbdefault\u00bb hover_enabled=\u00bb0&#8243; global_colors_info=\u00bb{}\u00bb theme_builder_area=\u00bbpost_content\u00bb align=\u00bbcenter\u00bb sticky_enabled=\u00bb0&#8243;][\/et_pb_image][\/et_pb_column][\/et_pb_row][\/et_pb_section]<\/p>\n","protected":false},"excerpt":{"rendered":"<p>Yasmina Martos Mart\u00edn, doctora en f\u00edsica, trabaja como asistente cient\u00edfico de la NASA en Washington, actualmente en el proyecto de la sonda Juno, J\u00fapiter.<\/p>\n","protected":false},"author":2,"featured_media":17617,"comment_status":"open","ping_status":"open","sticky":false,"template":"","format":"standard","meta":{"_et_pb_use_builder":"on","_et_pb_old_content":"","_et_gb_content_width":"","footnotes":""},"categories":[27,11,19,56],"tags":[],"class_list":["post-17616","post","type-post","status-publish","format-standard","has-post-thumbnail","hentry","category-ciencias","category-colegio","category-eso","category-tecnologia"],"yoast_head":"<!-- This site is optimized with the Yoast SEO plugin v28.4 - https:\/\/yoast.com\/product\/yoast-seo-wordpress\/ -->\n<title>Yasmina Martos Martin, integrante de NASA, amadrina nuestro proyecto \u201cInvestigaci\u00f3n aeroespacial aplicada al aula\u201d - Colegio Salesiano<\/title>\n<meta name=\"description\" content=\"Yasmina Martos Mart\u00edn, doctora en f\u00edsica, trabaja como asistente cient\u00edfico de la NASA, actualmente en el proyecto de la sonda Juno, J\u00fapiter.\" \/>\n<meta name=\"robots\" content=\"index, follow, max-snippet:-1, max-image-preview:large, max-video-preview:-1\" \/>\n<link rel=\"canonical\" href=\"https:\/\/granada.salesianos.edu\/colegio\/blog\/yasmina-martos-martin-integrante-de-nasa-amadrina-nuestro-proyecto-investigacion-aeroespacial-aplicada-al-aula\/\" \/>\n<meta property=\"og:locale\" content=\"es_ES\" \/>\n<meta property=\"og:type\" content=\"article\" \/>\n<meta property=\"og:title\" content=\"Yasmina Martos Martin, integrante de NASA, amadrina nuestro proyecto \u201cInvestigaci\u00f3n aeroespacial aplicada al aula\u201d - Colegio Salesiano\" \/>\n<meta property=\"og:description\" content=\"Yasmina Martos Mart\u00edn, doctora en f\u00edsica, trabaja como asistente cient\u00edfico de la NASA, actualmente en el proyecto de la sonda Juno, J\u00fapiter.\" \/>\n<meta property=\"og:url\" content=\"https:\/\/granada.salesianos.edu\/colegio\/blog\/yasmina-martos-martin-integrante-de-nasa-amadrina-nuestro-proyecto-investigacion-aeroespacial-aplicada-al-aula\/\" \/>\n<meta property=\"og:site_name\" content=\"Colegio Salesiano\" \/>\n<meta property=\"article:publisher\" content=\"https:\/\/www.facebook.com\/SalesianosGR\/\" \/>\n<meta property=\"article:published_time\" content=\"2023-05-31T10:57:09+00:00\" \/>\n<meta property=\"article:modified_time\" content=\"2023-05-31T14:37:25+00:00\" \/>\n<meta property=\"og:image\" content=\"https:\/\/granada.salesianos.edu\/colegio\/wp-content\/uploads\/sites\/2\/2023\/05\/Madrina-proyecto-aerospacial-1.jpg\" \/>\n\t<meta property=\"og:image:width\" content=\"1021\" \/>\n\t<meta property=\"og:image:height\" content=\"661\" \/>\n\t<meta property=\"og:image:type\" content=\"image\/jpeg\" \/>\n<meta name=\"author\" content=\"Gestor Web\" \/>\n<meta name=\"twitter:card\" content=\"summary_large_image\" \/>\n<meta name=\"twitter:creator\" content=\"@GranadaSDB\" \/>\n<meta name=\"twitter:site\" content=\"@GranadaSDB\" \/>\n<meta name=\"twitter:label1\" content=\"Escrito por\" \/>\n\t<meta name=\"twitter:data1\" content=\"Gestor Web\" \/>\n\t<meta name=\"twitter:label2\" content=\"Tiempo de lectura\" \/>\n\t<meta name=\"twitter:data2\" content=\"2 minutos\" \/>\n<script type=\"application\/ld+json\" class=\"yoast-schema-graph\">{\"@context\":\"https:\\\/\\\/schema.org\",\"@graph\":[{\"@type\":\"Article\",\"@id\":\"https:\\\/\\\/granada.salesianos.edu\\\/colegio\\\/blog\\\/yasmina-martos-martin-integrante-de-nasa-amadrina-nuestro-proyecto-investigacion-aeroespacial-aplicada-al-aula\\\/#article\",\"isPartOf\":{\"@id\":\"https:\\\/\\\/granada.salesianos.edu\\\/colegio\\\/blog\\\/yasmina-martos-martin-integrante-de-nasa-amadrina-nuestro-proyecto-investigacion-aeroespacial-aplicada-al-aula\\\/\"},\"author\":{\"name\":\"Gestor Web\",\"@id\":\"https:\\\/\\\/granada.salesianos.edu\\\/colegio\\\/#\\\/schema\\\/person\\\/6392ff2e4bd1e66981d6eab734bbd962\"},\"headline\":\"Yasmina Martos Martin, integrante de NASA, amadrina nuestro proyecto \u201cInvestigaci\u00f3n aeroespacial aplicada al aula\u201d\",\"datePublished\":\"2023-05-31T10:57:09+00:00\",\"dateModified\":\"2023-05-31T14:37:25+00:00\",\"mainEntityOfPage\":{\"@id\":\"https:\\\/\\\/granada.salesianos.edu\\\/colegio\\\/blog\\\/yasmina-martos-martin-integrante-de-nasa-amadrina-nuestro-proyecto-investigacion-aeroespacial-aplicada-al-aula\\\/\"},\"wordCount\":466,\"commentCount\":0,\"publisher\":{\"@id\":\"https:\\\/\\\/granada.salesianos.edu\\\/colegio\\\/#organization\"},\"image\":{\"@id\":\"https:\\\/\\\/granada.salesianos.edu\\\/colegio\\\/blog\\\/yasmina-martos-martin-integrante-de-nasa-amadrina-nuestro-proyecto-investigacion-aeroespacial-aplicada-al-aula\\\/#primaryimage\"},\"thumbnailUrl\":\"https:\\\/\\\/granada.salesianos.edu\\\/colegio\\\/wp-content\\\/uploads\\\/sites\\\/2\\\/2023\\\/05\\\/Madrina-proyecto-aerospacial-1.jpg\",\"articleSection\":[\"Ciencias\",\"Colegio\",\"ESO\",\"Tecnolog\u00eda\"],\"inLanguage\":\"es\",\"potentialAction\":[{\"@type\":\"CommentAction\",\"name\":\"Comment\",\"target\":[\"https:\\\/\\\/granada.salesianos.edu\\\/colegio\\\/blog\\\/yasmina-martos-martin-integrante-de-nasa-amadrina-nuestro-proyecto-investigacion-aeroespacial-aplicada-al-aula\\\/#respond\"]}]},{\"@type\":\"WebPage\",\"@id\":\"https:\\\/\\\/granada.salesianos.edu\\\/colegio\\\/blog\\\/yasmina-martos-martin-integrante-de-nasa-amadrina-nuestro-proyecto-investigacion-aeroespacial-aplicada-al-aula\\\/\",\"url\":\"https:\\\/\\\/granada.salesianos.edu\\\/colegio\\\/blog\\\/yasmina-martos-martin-integrante-de-nasa-amadrina-nuestro-proyecto-investigacion-aeroespacial-aplicada-al-aula\\\/\",\"name\":\"Yasmina Martos Martin, integrante de NASA, amadrina nuestro proyecto \u201cInvestigaci\u00f3n aeroespacial aplicada al aula\u201d - Colegio Salesiano\",\"isPartOf\":{\"@id\":\"https:\\\/\\\/granada.salesianos.edu\\\/colegio\\\/#website\"},\"primaryImageOfPage\":{\"@id\":\"https:\\\/\\\/granada.salesianos.edu\\\/colegio\\\/blog\\\/yasmina-martos-martin-integrante-de-nasa-amadrina-nuestro-proyecto-investigacion-aeroespacial-aplicada-al-aula\\\/#primaryimage\"},\"image\":{\"@id\":\"https:\\\/\\\/granada.salesianos.edu\\\/colegio\\\/blog\\\/yasmina-martos-martin-integrante-de-nasa-amadrina-nuestro-proyecto-investigacion-aeroespacial-aplicada-al-aula\\\/#primaryimage\"},\"thumbnailUrl\":\"https:\\\/\\\/granada.salesianos.edu\\\/colegio\\\/wp-content\\\/uploads\\\/sites\\\/2\\\/2023\\\/05\\\/Madrina-proyecto-aerospacial-1.jpg\",\"datePublished\":\"2023-05-31T10:57:09+00:00\",\"dateModified\":\"2023-05-31T14:37:25+00:00\",\"description\":\"Yasmina Martos Mart\u00edn, doctora en f\u00edsica, trabaja como asistente cient\u00edfico de la NASA, actualmente en el proyecto de la sonda Juno, J\u00fapiter.\",\"breadcrumb\":{\"@id\":\"https:\\\/\\\/granada.salesianos.edu\\\/colegio\\\/blog\\\/yasmina-martos-martin-integrante-de-nasa-amadrina-nuestro-proyecto-investigacion-aeroespacial-aplicada-al-aula\\\/#breadcrumb\"},\"inLanguage\":\"es\",\"potentialAction\":[{\"@type\":\"ReadAction\",\"target\":[\"https:\\\/\\\/granada.salesianos.edu\\\/colegio\\\/blog\\\/yasmina-martos-martin-integrante-de-nasa-amadrina-nuestro-proyecto-investigacion-aeroespacial-aplicada-al-aula\\\/\"]}]},{\"@type\":\"ImageObject\",\"inLanguage\":\"es\",\"@id\":\"https:\\\/\\\/granada.salesianos.edu\\\/colegio\\\/blog\\\/yasmina-martos-martin-integrante-de-nasa-amadrina-nuestro-proyecto-investigacion-aeroespacial-aplicada-al-aula\\\/#primaryimage\",\"url\":\"https:\\\/\\\/granada.salesianos.edu\\\/colegio\\\/wp-content\\\/uploads\\\/sites\\\/2\\\/2023\\\/05\\\/Madrina-proyecto-aerospacial-1.jpg\",\"contentUrl\":\"https:\\\/\\\/granada.salesianos.edu\\\/colegio\\\/wp-content\\\/uploads\\\/sites\\\/2\\\/2023\\\/05\\\/Madrina-proyecto-aerospacial-1.jpg\",\"width\":1021,\"height\":661},{\"@type\":\"BreadcrumbList\",\"@id\":\"https:\\\/\\\/granada.salesianos.edu\\\/colegio\\\/blog\\\/yasmina-martos-martin-integrante-de-nasa-amadrina-nuestro-proyecto-investigacion-aeroespacial-aplicada-al-aula\\\/#breadcrumb\",\"itemListElement\":[{\"@type\":\"ListItem\",\"position\":1,\"name\":\"Portada\",\"item\":\"https:\\\/\\\/granada.salesianos.edu\\\/colegio\\\/\"},{\"@type\":\"ListItem\",\"position\":2,\"name\":\"Yasmina Martos Martin, integrante de NASA, amadrina nuestro proyecto \u201cInvestigaci\u00f3n aeroespacial aplicada al aula\u201d\"}]},{\"@type\":\"WebSite\",\"@id\":\"https:\\\/\\\/granada.salesianos.edu\\\/colegio\\\/#website\",\"url\":\"https:\\\/\\\/granada.salesianos.edu\\\/colegio\\\/\",\"name\":\"Colegio Salesiano\",\"description\":\"P\u00e1gina oficial de Salesianos Granada San Juan Bosco\",\"publisher\":{\"@id\":\"https:\\\/\\\/granada.salesianos.edu\\\/colegio\\\/#organization\"},\"potentialAction\":[{\"@type\":\"SearchAction\",\"target\":{\"@type\":\"EntryPoint\",\"urlTemplate\":\"https:\\\/\\\/granada.salesianos.edu\\\/colegio\\\/?s={search_term_string}\"},\"query-input\":{\"@type\":\"PropertyValueSpecification\",\"valueRequired\":true,\"valueName\":\"search_term_string\"}}],\"inLanguage\":\"es\"},{\"@type\":\"Organization\",\"@id\":\"https:\\\/\\\/granada.salesianos.edu\\\/colegio\\\/#organization\",\"name\":\"Colegio Salesiano San Juan Bosco Granada\",\"url\":\"https:\\\/\\\/granada.salesianos.edu\\\/colegio\\\/\",\"logo\":{\"@type\":\"ImageObject\",\"inLanguage\":\"es\",\"@id\":\"https:\\\/\\\/granada.salesianos.edu\\\/colegio\\\/#\\\/schema\\\/logo\\\/image\\\/\",\"url\":\"https:\\\/\\\/granada.salesianos.edu\\\/colegio\\\/wp-content\\\/uploads\\\/sites\\\/2\\\/2021\\\/01\\\/GRANADAobraVN2.jpg\",\"contentUrl\":\"https:\\\/\\\/granada.salesianos.edu\\\/colegio\\\/wp-content\\\/uploads\\\/sites\\\/2\\\/2021\\\/01\\\/GRANADAobraVN2.jpg\",\"width\":2113,\"height\":1894,\"caption\":\"Colegio Salesiano San Juan Bosco Granada\"},\"image\":{\"@id\":\"https:\\\/\\\/granada.salesianos.edu\\\/colegio\\\/#\\\/schema\\\/logo\\\/image\\\/\"},\"sameAs\":[\"https:\\\/\\\/www.facebook.com\\\/SalesianosGR\\\/\",\"https:\\\/\\\/x.com\\\/GranadaSDB\",\"https:\\\/\\\/www.instagram.com\\\/salesianosgranada\\\/\",\"https:\\\/\\\/www.youtube.com\\\/channel\\\/UChkpZuhCf4Y5rYIcFT3CNxw?view_as=subscriber\"]},{\"@type\":\"Person\",\"@id\":\"https:\\\/\\\/granada.salesianos.edu\\\/colegio\\\/#\\\/schema\\\/person\\\/6392ff2e4bd1e66981d6eab734bbd962\",\"name\":\"Gestor Web\",\"image\":{\"@type\":\"ImageObject\",\"inLanguage\":\"es\",\"@id\":\"https:\\\/\\\/secure.gravatar.com\\\/avatar\\\/160666bb56a01520857079961a824af2b7821d6bad80677c80f2b473fceead1b?s=96&d=mm&r=g\",\"url\":\"https:\\\/\\\/secure.gravatar.com\\\/avatar\\\/160666bb56a01520857079961a824af2b7821d6bad80677c80f2b473fceead1b?s=96&d=mm&r=g\",\"contentUrl\":\"https:\\\/\\\/secure.gravatar.com\\\/avatar\\\/160666bb56a01520857079961a824af2b7821d6bad80677c80f2b473fceead1b?s=96&d=mm&r=g\",\"caption\":\"Gestor Web\"}}]}<\/script>\n<!-- \/ Yoast SEO plugin. -->","yoast_head_json":{"title":"Yasmina Martos Martin, integrante de NASA, amadrina nuestro proyecto \u201cInvestigaci\u00f3n aeroespacial aplicada al aula\u201d - Colegio Salesiano","description":"Yasmina Martos Mart\u00edn, doctora en f\u00edsica, trabaja como asistente cient\u00edfico de la NASA, actualmente en el proyecto de la sonda Juno, J\u00fapiter.","robots":{"index":"index","follow":"follow","max-snippet":"max-snippet:-1","max-image-preview":"max-image-preview:large","max-video-preview":"max-video-preview:-1"},"canonical":"https:\/\/granada.salesianos.edu\/colegio\/blog\/yasmina-martos-martin-integrante-de-nasa-amadrina-nuestro-proyecto-investigacion-aeroespacial-aplicada-al-aula\/","og_locale":"es_ES","og_type":"article","og_title":"Yasmina Martos Martin, integrante de NASA, amadrina nuestro proyecto \u201cInvestigaci\u00f3n aeroespacial aplicada al aula\u201d - Colegio Salesiano","og_description":"Yasmina Martos Mart\u00edn, doctora en f\u00edsica, trabaja como asistente cient\u00edfico de la NASA, actualmente en el proyecto de la sonda Juno, J\u00fapiter.","og_url":"https:\/\/granada.salesianos.edu\/colegio\/blog\/yasmina-martos-martin-integrante-de-nasa-amadrina-nuestro-proyecto-investigacion-aeroespacial-aplicada-al-aula\/","og_site_name":"Colegio Salesiano","article_publisher":"https:\/\/www.facebook.com\/SalesianosGR\/","article_published_time":"2023-05-31T10:57:09+00:00","article_modified_time":"2023-05-31T14:37:25+00:00","og_image":[{"width":1021,"height":661,"url":"https:\/\/granada.salesianos.edu\/colegio\/wp-content\/uploads\/sites\/2\/2023\/05\/Madrina-proyecto-aerospacial-1.jpg","type":"image\/jpeg"}],"author":"Gestor Web","twitter_card":"summary_large_image","twitter_creator":"@GranadaSDB","twitter_site":"@GranadaSDB","twitter_misc":{"Escrito por":"Gestor Web","Tiempo de lectura":"2 minutos"},"schema":{"@context":"https:\/\/schema.org","@graph":[{"@type":"Article","@id":"https:\/\/granada.salesianos.edu\/colegio\/blog\/yasmina-martos-martin-integrante-de-nasa-amadrina-nuestro-proyecto-investigacion-aeroespacial-aplicada-al-aula\/#article","isPartOf":{"@id":"https:\/\/granada.salesianos.edu\/colegio\/blog\/yasmina-martos-martin-integrante-de-nasa-amadrina-nuestro-proyecto-investigacion-aeroespacial-aplicada-al-aula\/"},"author":{"name":"Gestor Web","@id":"https:\/\/granada.salesianos.edu\/colegio\/#\/schema\/person\/6392ff2e4bd1e66981d6eab734bbd962"},"headline":"Yasmina Martos Martin, integrante de NASA, amadrina nuestro proyecto \u201cInvestigaci\u00f3n aeroespacial aplicada al aula\u201d","datePublished":"2023-05-31T10:57:09+00:00","dateModified":"2023-05-31T14:37:25+00:00","mainEntityOfPage":{"@id":"https:\/\/granada.salesianos.edu\/colegio\/blog\/yasmina-martos-martin-integrante-de-nasa-amadrina-nuestro-proyecto-investigacion-aeroespacial-aplicada-al-aula\/"},"wordCount":466,"commentCount":0,"publisher":{"@id":"https:\/\/granada.salesianos.edu\/colegio\/#organization"},"image":{"@id":"https:\/\/granada.salesianos.edu\/colegio\/blog\/yasmina-martos-martin-integrante-de-nasa-amadrina-nuestro-proyecto-investigacion-aeroespacial-aplicada-al-aula\/#primaryimage"},"thumbnailUrl":"https:\/\/granada.salesianos.edu\/colegio\/wp-content\/uploads\/sites\/2\/2023\/05\/Madrina-proyecto-aerospacial-1.jpg","articleSection":["Ciencias","Colegio","ESO","Tecnolog\u00eda"],"inLanguage":"es","potentialAction":[{"@type":"CommentAction","name":"Comment","target":["https:\/\/granada.salesianos.edu\/colegio\/blog\/yasmina-martos-martin-integrante-de-nasa-amadrina-nuestro-proyecto-investigacion-aeroespacial-aplicada-al-aula\/#respond"]}]},{"@type":"WebPage","@id":"https:\/\/granada.salesianos.edu\/colegio\/blog\/yasmina-martos-martin-integrante-de-nasa-amadrina-nuestro-proyecto-investigacion-aeroespacial-aplicada-al-aula\/","url":"https:\/\/granada.salesianos.edu\/colegio\/blog\/yasmina-martos-martin-integrante-de-nasa-amadrina-nuestro-proyecto-investigacion-aeroespacial-aplicada-al-aula\/","name":"Yasmina Martos Martin, integrante de NASA, amadrina nuestro proyecto \u201cInvestigaci\u00f3n aeroespacial aplicada al aula\u201d - Colegio Salesiano","isPartOf":{"@id":"https:\/\/granada.salesianos.edu\/colegio\/#website"},"primaryImageOfPage":{"@id":"https:\/\/granada.salesianos.edu\/colegio\/blog\/yasmina-martos-martin-integrante-de-nasa-amadrina-nuestro-proyecto-investigacion-aeroespacial-aplicada-al-aula\/#primaryimage"},"image":{"@id":"https:\/\/granada.salesianos.edu\/colegio\/blog\/yasmina-martos-martin-integrante-de-nasa-amadrina-nuestro-proyecto-investigacion-aeroespacial-aplicada-al-aula\/#primaryimage"},"thumbnailUrl":"https:\/\/granada.salesianos.edu\/colegio\/wp-content\/uploads\/sites\/2\/2023\/05\/Madrina-proyecto-aerospacial-1.jpg","datePublished":"2023-05-31T10:57:09+00:00","dateModified":"2023-05-31T14:37:25+00:00","description":"Yasmina Martos Mart\u00edn, doctora en f\u00edsica, trabaja como asistente cient\u00edfico de la NASA, actualmente en el proyecto de la sonda Juno, J\u00fapiter.","breadcrumb":{"@id":"https:\/\/granada.salesianos.edu\/colegio\/blog\/yasmina-martos-martin-integrante-de-nasa-amadrina-nuestro-proyecto-investigacion-aeroespacial-aplicada-al-aula\/#breadcrumb"},"inLanguage":"es","potentialAction":[{"@type":"ReadAction","target":["https:\/\/granada.salesianos.edu\/colegio\/blog\/yasmina-martos-martin-integrante-de-nasa-amadrina-nuestro-proyecto-investigacion-aeroespacial-aplicada-al-aula\/"]}]},{"@type":"ImageObject","inLanguage":"es","@id":"https:\/\/granada.salesianos.edu\/colegio\/blog\/yasmina-martos-martin-integrante-de-nasa-amadrina-nuestro-proyecto-investigacion-aeroespacial-aplicada-al-aula\/#primaryimage","url":"https:\/\/granada.salesianos.edu\/colegio\/wp-content\/uploads\/sites\/2\/2023\/05\/Madrina-proyecto-aerospacial-1.jpg","contentUrl":"https:\/\/granada.salesianos.edu\/colegio\/wp-content\/uploads\/sites\/2\/2023\/05\/Madrina-proyecto-aerospacial-1.jpg","width":1021,"height":661},{"@type":"BreadcrumbList","@id":"https:\/\/granada.salesianos.edu\/colegio\/blog\/yasmina-martos-martin-integrante-de-nasa-amadrina-nuestro-proyecto-investigacion-aeroespacial-aplicada-al-aula\/#breadcrumb","itemListElement":[{"@type":"ListItem","position":1,"name":"Portada","item":"https:\/\/granada.salesianos.edu\/colegio\/"},{"@type":"ListItem","position":2,"name":"Yasmina Martos Martin, integrante de NASA, amadrina nuestro proyecto \u201cInvestigaci\u00f3n aeroespacial aplicada al aula\u201d"}]},{"@type":"WebSite","@id":"https:\/\/granada.salesianos.edu\/colegio\/#website","url":"https:\/\/granada.salesianos.edu\/colegio\/","name":"Colegio Salesiano","description":"P\u00e1gina oficial de Salesianos Granada San Juan Bosco","publisher":{"@id":"https:\/\/granada.salesianos.edu\/colegio\/#organization"},"potentialAction":[{"@type":"SearchAction","target":{"@type":"EntryPoint","urlTemplate":"https:\/\/granada.salesianos.edu\/colegio\/?s={search_term_string}"},"query-input":{"@type":"PropertyValueSpecification","valueRequired":true,"valueName":"search_term_string"}}],"inLanguage":"es"},{"@type":"Organization","@id":"https:\/\/granada.salesianos.edu\/colegio\/#organization","name":"Colegio Salesiano San Juan Bosco Granada","url":"https:\/\/granada.salesianos.edu\/colegio\/","logo":{"@type":"ImageObject","inLanguage":"es","@id":"https:\/\/granada.salesianos.edu\/colegio\/#\/schema\/logo\/image\/","url":"https:\/\/granada.salesianos.edu\/colegio\/wp-content\/uploads\/sites\/2\/2021\/01\/GRANADAobraVN2.jpg","contentUrl":"https:\/\/granada.salesianos.edu\/colegio\/wp-content\/uploads\/sites\/2\/2021\/01\/GRANADAobraVN2.jpg","width":2113,"height":1894,"caption":"Colegio Salesiano San Juan Bosco Granada"},"image":{"@id":"https:\/\/granada.salesianos.edu\/colegio\/#\/schema\/logo\/image\/"},"sameAs":["https:\/\/www.facebook.com\/SalesianosGR\/","https:\/\/x.com\/GranadaSDB","https:\/\/www.instagram.com\/salesianosgranada\/","https:\/\/www.youtube.com\/channel\/UChkpZuhCf4Y5rYIcFT3CNxw?view_as=subscriber"]},{"@type":"Person","@id":"https:\/\/granada.salesianos.edu\/colegio\/#\/schema\/person\/6392ff2e4bd1e66981d6eab734bbd962","name":"Gestor Web","image":{"@type":"ImageObject","inLanguage":"es","@id":"https:\/\/secure.gravatar.com\/avatar\/160666bb56a01520857079961a824af2b7821d6bad80677c80f2b473fceead1b?s=96&d=mm&r=g","url":"https:\/\/secure.gravatar.com\/avatar\/160666bb56a01520857079961a824af2b7821d6bad80677c80f2b473fceead1b?s=96&d=mm&r=g","contentUrl":"https:\/\/secure.gravatar.com\/avatar\/160666bb56a01520857079961a824af2b7821d6bad80677c80f2b473fceead1b?s=96&d=mm&r=g","caption":"Gestor Web"}}]}},"_links":{"self":[{"href":"https:\/\/granada.salesianos.edu\/colegio\/wp-json\/wp\/v2\/posts\/17616","targetHints":{"allow":["GET"]}}],"collection":[{"href":"https:\/\/granada.salesianos.edu\/colegio\/wp-json\/wp\/v2\/posts"}],"about":[{"href":"https:\/\/granada.salesianos.edu\/colegio\/wp-json\/wp\/v2\/types\/post"}],"author":[{"embeddable":true,"href":"https:\/\/granada.salesianos.edu\/colegio\/wp-json\/wp\/v2\/users\/2"}],"replies":[{"embeddable":true,"href":"https:\/\/granada.salesianos.edu\/colegio\/wp-json\/wp\/v2\/comments?post=17616"}],"version-history":[{"count":4,"href":"https:\/\/granada.salesianos.edu\/colegio\/wp-json\/wp\/v2\/posts\/17616\/revisions"}],"predecessor-version":[{"id":17621,"href":"https:\/\/granada.salesianos.edu\/colegio\/wp-json\/wp\/v2\/posts\/17616\/revisions\/17621"}],"wp:featuredmedia":[{"embeddable":true,"href":"https:\/\/granada.salesianos.edu\/colegio\/wp-json\/wp\/v2\/media\/17617"}],"wp:attachment":[{"href":"https:\/\/granada.salesianos.edu\/colegio\/wp-json\/wp\/v2\/media?parent=17616"}],"wp:term":[{"taxonomy":"category","embeddable":true,"href":"https:\/\/granada.salesianos.edu\/colegio\/wp-json\/wp\/v2\/categories?post=17616"},{"taxonomy":"post_tag","embeddable":true,"href":"https:\/\/granada.salesianos.edu\/colegio\/wp-json\/wp\/v2\/tags?post=17616"}],"curies":[{"name":"wp","href":"https:\/\/api.w.org\/{rel}","templated":true}]}}