{"id":17676,"date":"2023-06-05T13:27:49","date_gmt":"2023-06-05T11:27:49","guid":{"rendered":"https:\/\/granada.salesianos.edu\/colegio\/?p=17676"},"modified":"2023-06-05T13:46:05","modified_gmt":"2023-06-05T11:46:05","slug":"proyecto-all-in-de-inclusion-un-proyecto-de-inclusion-en-el-entorno-educativo-por-nuestro-alumnado-de-bachillerato","status":"publish","type":"post","link":"https:\/\/granada.salesianos.edu\/colegio\/blog\/proyecto-all-in-de-inclusion-un-proyecto-de-inclusion-en-el-entorno-educativo-por-nuestro-alumnado-de-bachillerato\/","title":{"rendered":"Proyecto \u00abAll in\u00bb de inclusi\u00f3n, un proyecto en el entorno educativo por nuestro alumnado de Bachillerato"},"content":{"rendered":"<div id=\"fb-root\"><\/div>\n<p>[et_pb_section fb_built=\u00bb1&#8243; _builder_version=\u00bb4.16&#8243; global_colors_info=\u00bb{}\u00bb][et_pb_row _builder_version=\u00bb4.16&#8243; background_size=\u00bbinitial\u00bb background_position=\u00bbtop_left\u00bb background_repeat=\u00bbrepeat\u00bb global_colors_info=\u00bb{}\u00bb][et_pb_column type=\u00bb4_4&#8243; _builder_version=\u00bb4.16&#8243; custom_padding=\u00bb|||\u00bb global_colors_info=\u00bb{}\u00bb custom_padding__hover=\u00bb|||\u00bb][et_pb_text _builder_version=\u00bb4.16&#8243; background_size=\u00bbinitial\u00bb background_position=\u00bbtop_left\u00bb background_repeat=\u00bbrepeat\u00bb global_colors_info=\u00bb{}\u00bb]Alumnos de primero de bachillerato han participado en el proyecto \u201cAll in\u201d, un proyecto de inclusi\u00f3n en el entorno educativo, financiado por Erasmus realizando una inmersi\u00f3n para profundizar de una forma diferente en el tema de la discriminaci\u00f3n y la integraci\u00f3n.<\/p>\n<p>Durante la estancia en esta ciudad alemana presentaron el trabajo realizado en estos d\u00edas con diferentes exposiciones, pasando tiempo en la ciudad con sus familias de acogida, aprendiendo nociones de defensa personal y c\u00f3mo actuar en situaciones de riesgo, participando en diferentes talleres y din\u00e1micas con sus compa\u00f1eros alemanes y finlandeses, una experiencia \u00fanica e irrepetible para todos.<\/p>\n<p>Esta experiencia para nuestro alumnado ha tenido lugar durante este mes de mayo de 2023.<br \/>\n[\/et_pb_text][et_pb_gallery gallery_ids=\u00bb17685,17681,17680,17679,17678&#8243; _builder_version=\u00bb4.20.2&#8243; _module_preset=\u00bbdefault\u00bb hover_enabled=\u00bb0&#8243; global_colors_info=\u00bb{}\u00bb sticky_enabled=\u00bb0&#8243; border_color_all_image=\u00bb#E02B20&#8243; border_width_all_image=\u00bb3px\u00bb custom_margin=\u00bb2px||||false|false\u00bb custom_padding=\u00bb2px||||false|false\u00bb background_layout=\u00bbdark\u00bb][\/et_pb_gallery][\/et_pb_column][\/et_pb_row][\/et_pb_section]<\/p>\n","protected":false},"excerpt":{"rendered":"<p>Alumnos de primero de bachillerato han participado en el proyecto \u201cAll in\u201d, un proyecto de inclusi\u00f3n en el entorno educativo, financiado por Erasmus realizando una inmersi\u00f3n para profundizar de una forma diferente en el tema de la discriminaci\u00f3n y la integraci\u00f3n.<\/p>\n","protected":false},"author":2,"featured_media":17677,"comment_status":"open","ping_status":"open","sticky":false,"template":"","format":"standard","meta":{"_et_pb_use_builder":"on","_et_pb_old_content":"<p>Alumnos de primero de bachillerato han participado en el proyecto \u201cAll in\u201d, un proyecto de inclusi\u00f3n en el entorno educativo, financiado por Erasmus realizando una inmersi\u00f3n para profundizar de una forma diferente en el tema de la discriminaci\u00f3n y la integraci\u00f3n.<\/p><p>Durante la estancia en esta ciudad alemana presentaron el trabajo realizado en estos d\u00edas con diferentes exposiciones, pasando tiempo en la ciudad con sus familias de acogida, aprendiendo nociones de defensa personal y c\u00f3mo actuar en situaciones de riesgo, participando en diferentes talleres y din\u00e1micas con sus compa\u00f1eros alemanes y finlandeses, una experiencia \u00fanica e irrepetible para todos.<\/p><p>Esta experiencia para nuestro alumnado ha tenido lugar durante este mes de mayo de 2023.<\/p>","_et_gb_content_width":"","footnotes":""},"categories":[57,25,11,48,12],"tags":[36,46],"class_list":["post-17676","post","type-post","status-publish","format-standard","has-post-thumbnail","hentry","category-bachillerato","category-bilinguismo","category-colegio","category-erasmus","category-portada","tag-bachillerato","tag-erasmus"],"yoast_head":"<!-- This site is optimized with the Yoast SEO plugin v28.4 - https:\/\/yoast.com\/product\/yoast-seo-wordpress\/ -->\n<title>Proyecto &quot;All in&quot; de inclusi\u00f3n, un proyecto en el entorno educativo por nuestro alumnado de Bachillerato - Colegio Salesiano<\/title>\n<meta name=\"description\" content=\"Alumnos de primero de bachillerato han participado en el proyecto \u201cAll in\u201d, un proyecto de inclusi\u00f3n en el entorno educativo, financiado por Erasmus realizando una inmersi\u00f3n para profundizar de una forma diferente en el tema de la discriminaci\u00f3n y la integraci\u00f3n.\" \/>\n<meta name=\"robots\" content=\"index, follow, max-snippet:-1, max-image-preview:large, max-video-preview:-1\" \/>\n<link rel=\"canonical\" href=\"https:\/\/granada.salesianos.edu\/colegio\/blog\/proyecto-all-in-de-inclusion-un-proyecto-de-inclusion-en-el-entorno-educativo-por-nuestro-alumnado-de-bachillerato\/\" \/>\n<meta property=\"og:locale\" content=\"es_ES\" \/>\n<meta property=\"og:type\" content=\"article\" \/>\n<meta property=\"og:title\" content=\"Proyecto &quot;All in&quot; de inclusi\u00f3n, un proyecto en el entorno educativo por nuestro alumnado de Bachillerato - Colegio Salesiano\" \/>\n<meta property=\"og:description\" content=\"Alumnos de primero de bachillerato han participado en el proyecto \u201cAll in\u201d, un proyecto de inclusi\u00f3n en el entorno educativo, financiado por Erasmus realizando una inmersi\u00f3n para profundizar de una forma diferente en el tema de la discriminaci\u00f3n y la integraci\u00f3n.\" \/>\n<meta property=\"og:url\" content=\"https:\/\/granada.salesianos.edu\/colegio\/blog\/proyecto-all-in-de-inclusion-un-proyecto-de-inclusion-en-el-entorno-educativo-por-nuestro-alumnado-de-bachillerato\/\" \/>\n<meta property=\"og:site_name\" content=\"Colegio Salesiano\" \/>\n<meta property=\"article:publisher\" content=\"https:\/\/www.facebook.com\/SalesianosGR\/\" \/>\n<meta property=\"article:published_time\" content=\"2023-06-05T11:27:49+00:00\" \/>\n<meta property=\"article:modified_time\" content=\"2023-06-05T11:46:05+00:00\" \/>\n<meta property=\"og:image\" content=\"https:\/\/granada.salesianos.edu\/colegio\/wp-content\/uploads\/sites\/2\/2023\/06\/30ee988b-af18-4c6b-b441-2c7f2cdeffc2.jpg\" \/>\n\t<meta property=\"og:image:width\" content=\"1600\" \/>\n\t<meta property=\"og:image:height\" content=\"1012\" \/>\n\t<meta property=\"og:image:type\" content=\"image\/jpeg\" \/>\n<meta name=\"author\" content=\"Gestor Web\" \/>\n<meta name=\"twitter:card\" content=\"summary_large_image\" \/>\n<meta name=\"twitter:creator\" content=\"@GranadaSDB\" \/>\n<meta name=\"twitter:site\" content=\"@GranadaSDB\" \/>\n<meta name=\"twitter:label1\" content=\"Escrito por\" \/>\n\t<meta name=\"twitter:data1\" content=\"Gestor Web\" \/>\n\t<meta name=\"twitter:label2\" content=\"Tiempo de lectura\" \/>\n\t<meta name=\"twitter:data2\" content=\"1 minuto\" \/>\n<script type=\"application\/ld+json\" class=\"yoast-schema-graph\">{\"@context\":\"https:\\\/\\\/schema.org\",\"@graph\":[{\"@type\":\"Article\",\"@id\":\"https:\\\/\\\/granada.salesianos.edu\\\/colegio\\\/blog\\\/proyecto-all-in-de-inclusion-un-proyecto-de-inclusion-en-el-entorno-educativo-por-nuestro-alumnado-de-bachillerato\\\/#article\",\"isPartOf\":{\"@id\":\"https:\\\/\\\/granada.salesianos.edu\\\/colegio\\\/blog\\\/proyecto-all-in-de-inclusion-un-proyecto-de-inclusion-en-el-entorno-educativo-por-nuestro-alumnado-de-bachillerato\\\/\"},\"author\":{\"name\":\"Gestor Web\",\"@id\":\"https:\\\/\\\/granada.salesianos.edu\\\/colegio\\\/#\\\/schema\\\/person\\\/6392ff2e4bd1e66981d6eab734bbd962\"},\"headline\":\"Proyecto \u00abAll in\u00bb de inclusi\u00f3n, un proyecto en el entorno educativo por nuestro alumnado de Bachillerato\",\"datePublished\":\"2023-06-05T11:27:49+00:00\",\"dateModified\":\"2023-06-05T11:46:05+00:00\",\"mainEntityOfPage\":{\"@id\":\"https:\\\/\\\/granada.salesianos.edu\\\/colegio\\\/blog\\\/proyecto-all-in-de-inclusion-un-proyecto-de-inclusion-en-el-entorno-educativo-por-nuestro-alumnado-de-bachillerato\\\/\"},\"wordCount\":254,\"commentCount\":0,\"publisher\":{\"@id\":\"https:\\\/\\\/granada.salesianos.edu\\\/colegio\\\/#organization\"},\"image\":{\"@id\":\"https:\\\/\\\/granada.salesianos.edu\\\/colegio\\\/blog\\\/proyecto-all-in-de-inclusion-un-proyecto-de-inclusion-en-el-entorno-educativo-por-nuestro-alumnado-de-bachillerato\\\/#primaryimage\"},\"thumbnailUrl\":\"https:\\\/\\\/granada.salesianos.edu\\\/colegio\\\/wp-content\\\/uploads\\\/sites\\\/2\\\/2023\\\/06\\\/30ee988b-af18-4c6b-b441-2c7f2cdeffc2.jpg\",\"keywords\":[\"BACHILLERATO\",\"ERASMUS\"],\"articleSection\":[\"Bachillerato\",\"Biling\u00fcismo\",\"Colegio\",\"Erasmus+\",\"Portada\"],\"inLanguage\":\"es\",\"potentialAction\":[{\"@type\":\"CommentAction\",\"name\":\"Comment\",\"target\":[\"https:\\\/\\\/granada.salesianos.edu\\\/colegio\\\/blog\\\/proyecto-all-in-de-inclusion-un-proyecto-de-inclusion-en-el-entorno-educativo-por-nuestro-alumnado-de-bachillerato\\\/#respond\"]}]},{\"@type\":\"WebPage\",\"@id\":\"https:\\\/\\\/granada.salesianos.edu\\\/colegio\\\/blog\\\/proyecto-all-in-de-inclusion-un-proyecto-de-inclusion-en-el-entorno-educativo-por-nuestro-alumnado-de-bachillerato\\\/\",\"url\":\"https:\\\/\\\/granada.salesianos.edu\\\/colegio\\\/blog\\\/proyecto-all-in-de-inclusion-un-proyecto-de-inclusion-en-el-entorno-educativo-por-nuestro-alumnado-de-bachillerato\\\/\",\"name\":\"Proyecto \\\"All in\\\" de inclusi\u00f3n, un proyecto en el entorno educativo por nuestro alumnado de Bachillerato - Colegio Salesiano\",\"isPartOf\":{\"@id\":\"https:\\\/\\\/granada.salesianos.edu\\\/colegio\\\/#website\"},\"primaryImageOfPage\":{\"@id\":\"https:\\\/\\\/granada.salesianos.edu\\\/colegio\\\/blog\\\/proyecto-all-in-de-inclusion-un-proyecto-de-inclusion-en-el-entorno-educativo-por-nuestro-alumnado-de-bachillerato\\\/#primaryimage\"},\"image\":{\"@id\":\"https:\\\/\\\/granada.salesianos.edu\\\/colegio\\\/blog\\\/proyecto-all-in-de-inclusion-un-proyecto-de-inclusion-en-el-entorno-educativo-por-nuestro-alumnado-de-bachillerato\\\/#primaryimage\"},\"thumbnailUrl\":\"https:\\\/\\\/granada.salesianos.edu\\\/colegio\\\/wp-content\\\/uploads\\\/sites\\\/2\\\/2023\\\/06\\\/30ee988b-af18-4c6b-b441-2c7f2cdeffc2.jpg\",\"datePublished\":\"2023-06-05T11:27:49+00:00\",\"dateModified\":\"2023-06-05T11:46:05+00:00\",\"description\":\"Alumnos de primero de bachillerato han participado en el proyecto \u201cAll in\u201d, un proyecto de inclusi\u00f3n en el entorno educativo, financiado por Erasmus realizando una inmersi\u00f3n para profundizar de una forma diferente en el tema de la discriminaci\u00f3n y la integraci\u00f3n.\",\"breadcrumb\":{\"@id\":\"https:\\\/\\\/granada.salesianos.edu\\\/colegio\\\/blog\\\/proyecto-all-in-de-inclusion-un-proyecto-de-inclusion-en-el-entorno-educativo-por-nuestro-alumnado-de-bachillerato\\\/#breadcrumb\"},\"inLanguage\":\"es\",\"potentialAction\":[{\"@type\":\"ReadAction\",\"target\":[\"https:\\\/\\\/granada.salesianos.edu\\\/colegio\\\/blog\\\/proyecto-all-in-de-inclusion-un-proyecto-de-inclusion-en-el-entorno-educativo-por-nuestro-alumnado-de-bachillerato\\\/\"]}]},{\"@type\":\"ImageObject\",\"inLanguage\":\"es\",\"@id\":\"https:\\\/\\\/granada.salesianos.edu\\\/colegio\\\/blog\\\/proyecto-all-in-de-inclusion-un-proyecto-de-inclusion-en-el-entorno-educativo-por-nuestro-alumnado-de-bachillerato\\\/#primaryimage\",\"url\":\"https:\\\/\\\/granada.salesianos.edu\\\/colegio\\\/wp-content\\\/uploads\\\/sites\\\/2\\\/2023\\\/06\\\/30ee988b-af18-4c6b-b441-2c7f2cdeffc2.jpg\",\"contentUrl\":\"https:\\\/\\\/granada.salesianos.edu\\\/colegio\\\/wp-content\\\/uploads\\\/sites\\\/2\\\/2023\\\/06\\\/30ee988b-af18-4c6b-b441-2c7f2cdeffc2.jpg\",\"width\":1600,\"height\":1012},{\"@type\":\"BreadcrumbList\",\"@id\":\"https:\\\/\\\/granada.salesianos.edu\\\/colegio\\\/blog\\\/proyecto-all-in-de-inclusion-un-proyecto-de-inclusion-en-el-entorno-educativo-por-nuestro-alumnado-de-bachillerato\\\/#breadcrumb\",\"itemListElement\":[{\"@type\":\"ListItem\",\"position\":1,\"name\":\"Portada\",\"item\":\"https:\\\/\\\/granada.salesianos.edu\\\/colegio\\\/\"},{\"@type\":\"ListItem\",\"position\":2,\"name\":\"Proyecto \u00abAll in\u00bb de inclusi\u00f3n, un proyecto en el entorno educativo por nuestro alumnado de Bachillerato\"}]},{\"@type\":\"WebSite\",\"@id\":\"https:\\\/\\\/granada.salesianos.edu\\\/colegio\\\/#website\",\"url\":\"https:\\\/\\\/granada.salesianos.edu\\\/colegio\\\/\",\"name\":\"Colegio Salesiano\",\"description\":\"P\u00e1gina oficial de Salesianos Granada San Juan Bosco\",\"publisher\":{\"@id\":\"https:\\\/\\\/granada.salesianos.edu\\\/colegio\\\/#organization\"},\"potentialAction\":[{\"@type\":\"SearchAction\",\"target\":{\"@type\":\"EntryPoint\",\"urlTemplate\":\"https:\\\/\\\/granada.salesianos.edu\\\/colegio\\\/?s={search_term_string}\"},\"query-input\":{\"@type\":\"PropertyValueSpecification\",\"valueRequired\":true,\"valueName\":\"search_term_string\"}}],\"inLanguage\":\"es\"},{\"@type\":\"Organization\",\"@id\":\"https:\\\/\\\/granada.salesianos.edu\\\/colegio\\\/#organization\",\"name\":\"Colegio Salesiano San Juan Bosco Granada\",\"url\":\"https:\\\/\\\/granada.salesianos.edu\\\/colegio\\\/\",\"logo\":{\"@type\":\"ImageObject\",\"inLanguage\":\"es\",\"@id\":\"https:\\\/\\\/granada.salesianos.edu\\\/colegio\\\/#\\\/schema\\\/logo\\\/image\\\/\",\"url\":\"https:\\\/\\\/granada.salesianos.edu\\\/colegio\\\/wp-content\\\/uploads\\\/sites\\\/2\\\/2021\\\/01\\\/GRANADAobraVN2.jpg\",\"contentUrl\":\"https:\\\/\\\/granada.salesianos.edu\\\/colegio\\\/wp-content\\\/uploads\\\/sites\\\/2\\\/2021\\\/01\\\/GRANADAobraVN2.jpg\",\"width\":2113,\"height\":1894,\"caption\":\"Colegio Salesiano San Juan Bosco Granada\"},\"image\":{\"@id\":\"https:\\\/\\\/granada.salesianos.edu\\\/colegio\\\/#\\\/schema\\\/logo\\\/image\\\/\"},\"sameAs\":[\"https:\\\/\\\/www.facebook.com\\\/SalesianosGR\\\/\",\"https:\\\/\\\/x.com\\\/GranadaSDB\",\"https:\\\/\\\/www.instagram.com\\\/salesianosgranada\\\/\",\"https:\\\/\\\/www.youtube.com\\\/channel\\\/UChkpZuhCf4Y5rYIcFT3CNxw?view_as=subscriber\"]},{\"@type\":\"Person\",\"@id\":\"https:\\\/\\\/granada.salesianos.edu\\\/colegio\\\/#\\\/schema\\\/person\\\/6392ff2e4bd1e66981d6eab734bbd962\",\"name\":\"Gestor Web\",\"image\":{\"@type\":\"ImageObject\",\"inLanguage\":\"es\",\"@id\":\"https:\\\/\\\/secure.gravatar.com\\\/avatar\\\/160666bb56a01520857079961a824af2b7821d6bad80677c80f2b473fceead1b?s=96&d=mm&r=g\",\"url\":\"https:\\\/\\\/secure.gravatar.com\\\/avatar\\\/160666bb56a01520857079961a824af2b7821d6bad80677c80f2b473fceead1b?s=96&d=mm&r=g\",\"contentUrl\":\"https:\\\/\\\/secure.gravatar.com\\\/avatar\\\/160666bb56a01520857079961a824af2b7821d6bad80677c80f2b473fceead1b?s=96&d=mm&r=g\",\"caption\":\"Gestor Web\"}}]}<\/script>\n<!-- \/ Yoast SEO plugin. -->","yoast_head_json":{"title":"Proyecto \"All in\" de inclusi\u00f3n, un proyecto en el entorno educativo por nuestro alumnado de Bachillerato - Colegio Salesiano","description":"Alumnos de primero de bachillerato han participado en el proyecto \u201cAll in\u201d, un proyecto de inclusi\u00f3n en el entorno educativo, financiado por Erasmus realizando una inmersi\u00f3n para profundizar de una forma diferente en el tema de la discriminaci\u00f3n y la integraci\u00f3n.","robots":{"index":"index","follow":"follow","max-snippet":"max-snippet:-1","max-image-preview":"max-image-preview:large","max-video-preview":"max-video-preview:-1"},"canonical":"https:\/\/granada.salesianos.edu\/colegio\/blog\/proyecto-all-in-de-inclusion-un-proyecto-de-inclusion-en-el-entorno-educativo-por-nuestro-alumnado-de-bachillerato\/","og_locale":"es_ES","og_type":"article","og_title":"Proyecto \"All in\" de inclusi\u00f3n, un proyecto en el entorno educativo por nuestro alumnado de Bachillerato - Colegio Salesiano","og_description":"Alumnos de primero de bachillerato han participado en el proyecto \u201cAll in\u201d, un proyecto de inclusi\u00f3n en el entorno educativo, financiado por Erasmus realizando una inmersi\u00f3n para profundizar de una forma diferente en el tema de la discriminaci\u00f3n y la integraci\u00f3n.","og_url":"https:\/\/granada.salesianos.edu\/colegio\/blog\/proyecto-all-in-de-inclusion-un-proyecto-de-inclusion-en-el-entorno-educativo-por-nuestro-alumnado-de-bachillerato\/","og_site_name":"Colegio Salesiano","article_publisher":"https:\/\/www.facebook.com\/SalesianosGR\/","article_published_time":"2023-06-05T11:27:49+00:00","article_modified_time":"2023-06-05T11:46:05+00:00","og_image":[{"width":1600,"height":1012,"url":"https:\/\/granada.salesianos.edu\/colegio\/wp-content\/uploads\/sites\/2\/2023\/06\/30ee988b-af18-4c6b-b441-2c7f2cdeffc2.jpg","type":"image\/jpeg"}],"author":"Gestor Web","twitter_card":"summary_large_image","twitter_creator":"@GranadaSDB","twitter_site":"@GranadaSDB","twitter_misc":{"Escrito por":"Gestor Web","Tiempo de lectura":"1 minuto"},"schema":{"@context":"https:\/\/schema.org","@graph":[{"@type":"Article","@id":"https:\/\/granada.salesianos.edu\/colegio\/blog\/proyecto-all-in-de-inclusion-un-proyecto-de-inclusion-en-el-entorno-educativo-por-nuestro-alumnado-de-bachillerato\/#article","isPartOf":{"@id":"https:\/\/granada.salesianos.edu\/colegio\/blog\/proyecto-all-in-de-inclusion-un-proyecto-de-inclusion-en-el-entorno-educativo-por-nuestro-alumnado-de-bachillerato\/"},"author":{"name":"Gestor Web","@id":"https:\/\/granada.salesianos.edu\/colegio\/#\/schema\/person\/6392ff2e4bd1e66981d6eab734bbd962"},"headline":"Proyecto \u00abAll in\u00bb de inclusi\u00f3n, un proyecto en el entorno educativo por nuestro alumnado de Bachillerato","datePublished":"2023-06-05T11:27:49+00:00","dateModified":"2023-06-05T11:46:05+00:00","mainEntityOfPage":{"@id":"https:\/\/granada.salesianos.edu\/colegio\/blog\/proyecto-all-in-de-inclusion-un-proyecto-de-inclusion-en-el-entorno-educativo-por-nuestro-alumnado-de-bachillerato\/"},"wordCount":254,"commentCount":0,"publisher":{"@id":"https:\/\/granada.salesianos.edu\/colegio\/#organization"},"image":{"@id":"https:\/\/granada.salesianos.edu\/colegio\/blog\/proyecto-all-in-de-inclusion-un-proyecto-de-inclusion-en-el-entorno-educativo-por-nuestro-alumnado-de-bachillerato\/#primaryimage"},"thumbnailUrl":"https:\/\/granada.salesianos.edu\/colegio\/wp-content\/uploads\/sites\/2\/2023\/06\/30ee988b-af18-4c6b-b441-2c7f2cdeffc2.jpg","keywords":["BACHILLERATO","ERASMUS"],"articleSection":["Bachillerato","Biling\u00fcismo","Colegio","Erasmus+","Portada"],"inLanguage":"es","potentialAction":[{"@type":"CommentAction","name":"Comment","target":["https:\/\/granada.salesianos.edu\/colegio\/blog\/proyecto-all-in-de-inclusion-un-proyecto-de-inclusion-en-el-entorno-educativo-por-nuestro-alumnado-de-bachillerato\/#respond"]}]},{"@type":"WebPage","@id":"https:\/\/granada.salesianos.edu\/colegio\/blog\/proyecto-all-in-de-inclusion-un-proyecto-de-inclusion-en-el-entorno-educativo-por-nuestro-alumnado-de-bachillerato\/","url":"https:\/\/granada.salesianos.edu\/colegio\/blog\/proyecto-all-in-de-inclusion-un-proyecto-de-inclusion-en-el-entorno-educativo-por-nuestro-alumnado-de-bachillerato\/","name":"Proyecto \"All in\" de inclusi\u00f3n, un proyecto en el entorno educativo por nuestro alumnado de Bachillerato - Colegio Salesiano","isPartOf":{"@id":"https:\/\/granada.salesianos.edu\/colegio\/#website"},"primaryImageOfPage":{"@id":"https:\/\/granada.salesianos.edu\/colegio\/blog\/proyecto-all-in-de-inclusion-un-proyecto-de-inclusion-en-el-entorno-educativo-por-nuestro-alumnado-de-bachillerato\/#primaryimage"},"image":{"@id":"https:\/\/granada.salesianos.edu\/colegio\/blog\/proyecto-all-in-de-inclusion-un-proyecto-de-inclusion-en-el-entorno-educativo-por-nuestro-alumnado-de-bachillerato\/#primaryimage"},"thumbnailUrl":"https:\/\/granada.salesianos.edu\/colegio\/wp-content\/uploads\/sites\/2\/2023\/06\/30ee988b-af18-4c6b-b441-2c7f2cdeffc2.jpg","datePublished":"2023-06-05T11:27:49+00:00","dateModified":"2023-06-05T11:46:05+00:00","description":"Alumnos de primero de bachillerato han participado en el proyecto \u201cAll in\u201d, un proyecto de inclusi\u00f3n en el entorno educativo, financiado por Erasmus realizando una inmersi\u00f3n para profundizar de una forma diferente en el tema de la discriminaci\u00f3n y la integraci\u00f3n.","breadcrumb":{"@id":"https:\/\/granada.salesianos.edu\/colegio\/blog\/proyecto-all-in-de-inclusion-un-proyecto-de-inclusion-en-el-entorno-educativo-por-nuestro-alumnado-de-bachillerato\/#breadcrumb"},"inLanguage":"es","potentialAction":[{"@type":"ReadAction","target":["https:\/\/granada.salesianos.edu\/colegio\/blog\/proyecto-all-in-de-inclusion-un-proyecto-de-inclusion-en-el-entorno-educativo-por-nuestro-alumnado-de-bachillerato\/"]}]},{"@type":"ImageObject","inLanguage":"es","@id":"https:\/\/granada.salesianos.edu\/colegio\/blog\/proyecto-all-in-de-inclusion-un-proyecto-de-inclusion-en-el-entorno-educativo-por-nuestro-alumnado-de-bachillerato\/#primaryimage","url":"https:\/\/granada.salesianos.edu\/colegio\/wp-content\/uploads\/sites\/2\/2023\/06\/30ee988b-af18-4c6b-b441-2c7f2cdeffc2.jpg","contentUrl":"https:\/\/granada.salesianos.edu\/colegio\/wp-content\/uploads\/sites\/2\/2023\/06\/30ee988b-af18-4c6b-b441-2c7f2cdeffc2.jpg","width":1600,"height":1012},{"@type":"BreadcrumbList","@id":"https:\/\/granada.salesianos.edu\/colegio\/blog\/proyecto-all-in-de-inclusion-un-proyecto-de-inclusion-en-el-entorno-educativo-por-nuestro-alumnado-de-bachillerato\/#breadcrumb","itemListElement":[{"@type":"ListItem","position":1,"name":"Portada","item":"https:\/\/granada.salesianos.edu\/colegio\/"},{"@type":"ListItem","position":2,"name":"Proyecto \u00abAll in\u00bb de inclusi\u00f3n, un proyecto en el entorno educativo por nuestro alumnado de Bachillerato"}]},{"@type":"WebSite","@id":"https:\/\/granada.salesianos.edu\/colegio\/#website","url":"https:\/\/granada.salesianos.edu\/colegio\/","name":"Colegio Salesiano","description":"P\u00e1gina oficial de Salesianos Granada San Juan Bosco","publisher":{"@id":"https:\/\/granada.salesianos.edu\/colegio\/#organization"},"potentialAction":[{"@type":"SearchAction","target":{"@type":"EntryPoint","urlTemplate":"https:\/\/granada.salesianos.edu\/colegio\/?s={search_term_string}"},"query-input":{"@type":"PropertyValueSpecification","valueRequired":true,"valueName":"search_term_string"}}],"inLanguage":"es"},{"@type":"Organization","@id":"https:\/\/granada.salesianos.edu\/colegio\/#organization","name":"Colegio Salesiano San Juan Bosco Granada","url":"https:\/\/granada.salesianos.edu\/colegio\/","logo":{"@type":"ImageObject","inLanguage":"es","@id":"https:\/\/granada.salesianos.edu\/colegio\/#\/schema\/logo\/image\/","url":"https:\/\/granada.salesianos.edu\/colegio\/wp-content\/uploads\/sites\/2\/2021\/01\/GRANADAobraVN2.jpg","contentUrl":"https:\/\/granada.salesianos.edu\/colegio\/wp-content\/uploads\/sites\/2\/2021\/01\/GRANADAobraVN2.jpg","width":2113,"height":1894,"caption":"Colegio Salesiano San Juan Bosco Granada"},"image":{"@id":"https:\/\/granada.salesianos.edu\/colegio\/#\/schema\/logo\/image\/"},"sameAs":["https:\/\/www.facebook.com\/SalesianosGR\/","https:\/\/x.com\/GranadaSDB","https:\/\/www.instagram.com\/salesianosgranada\/","https:\/\/www.youtube.com\/channel\/UChkpZuhCf4Y5rYIcFT3CNxw?view_as=subscriber"]},{"@type":"Person","@id":"https:\/\/granada.salesianos.edu\/colegio\/#\/schema\/person\/6392ff2e4bd1e66981d6eab734bbd962","name":"Gestor Web","image":{"@type":"ImageObject","inLanguage":"es","@id":"https:\/\/secure.gravatar.com\/avatar\/160666bb56a01520857079961a824af2b7821d6bad80677c80f2b473fceead1b?s=96&d=mm&r=g","url":"https:\/\/secure.gravatar.com\/avatar\/160666bb56a01520857079961a824af2b7821d6bad80677c80f2b473fceead1b?s=96&d=mm&r=g","contentUrl":"https:\/\/secure.gravatar.com\/avatar\/160666bb56a01520857079961a824af2b7821d6bad80677c80f2b473fceead1b?s=96&d=mm&r=g","caption":"Gestor Web"}}]}},"_links":{"self":[{"href":"https:\/\/granada.salesianos.edu\/colegio\/wp-json\/wp\/v2\/posts\/17676","targetHints":{"allow":["GET"]}}],"collection":[{"href":"https:\/\/granada.salesianos.edu\/colegio\/wp-json\/wp\/v2\/posts"}],"about":[{"href":"https:\/\/granada.salesianos.edu\/colegio\/wp-json\/wp\/v2\/types\/post"}],"author":[{"embeddable":true,"href":"https:\/\/granada.salesianos.edu\/colegio\/wp-json\/wp\/v2\/users\/2"}],"replies":[{"embeddable":true,"href":"https:\/\/granada.salesianos.edu\/colegio\/wp-json\/wp\/v2\/comments?post=17676"}],"version-history":[{"count":6,"href":"https:\/\/granada.salesianos.edu\/colegio\/wp-json\/wp\/v2\/posts\/17676\/revisions"}],"predecessor-version":[{"id":17693,"href":"https:\/\/granada.salesianos.edu\/colegio\/wp-json\/wp\/v2\/posts\/17676\/revisions\/17693"}],"wp:featuredmedia":[{"embeddable":true,"href":"https:\/\/granada.salesianos.edu\/colegio\/wp-json\/wp\/v2\/media\/17677"}],"wp:attachment":[{"href":"https:\/\/granada.salesianos.edu\/colegio\/wp-json\/wp\/v2\/media?parent=17676"}],"wp:term":[{"taxonomy":"category","embeddable":true,"href":"https:\/\/granada.salesianos.edu\/colegio\/wp-json\/wp\/v2\/categories?post=17676"},{"taxonomy":"post_tag","embeddable":true,"href":"https:\/\/granada.salesianos.edu\/colegio\/wp-json\/wp\/v2\/tags?post=17676"}],"curies":[{"name":"wp","href":"https:\/\/api.w.org\/{rel}","templated":true}]}}