{"id":17703,"date":"2023-06-07T07:25:03","date_gmt":"2023-06-07T05:25:03","guid":{"rendered":"https:\/\/granada.salesianos.edu\/colegio\/?p=17703"},"modified":"2023-06-07T07:25:03","modified_gmt":"2023-06-07T05:25:03","slug":"nuestros-alumnos-de-3o-eso-visitan-el-parque-de-las-ciencias","status":"publish","type":"post","link":"https:\/\/granada.salesianos.edu\/colegio\/blog\/nuestros-alumnos-de-3o-eso-visitan-el-parque-de-las-ciencias\/","title":{"rendered":"Nuestros alumnos de 3\u00ba ESO visitan el Parque de las Ciencias"},"content":{"rendered":"<div id=\"fb-root\"><\/div>\n<p>[et_pb_section fb_built=\u00bb1&#8243; admin_label=\u00bbsection\u00bb _builder_version=\u00bb4.16&#8243; global_colors_info=\u00bb{}\u00bb][et_pb_row admin_label=\u00bbrow\u00bb _builder_version=\u00bb4.16&#8243; background_size=\u00bbinitial\u00bb background_position=\u00bbtop_left\u00bb background_repeat=\u00bbrepeat\u00bb global_colors_info=\u00bb{}\u00bb][et_pb_column type=\u00bb4_4&#8243; _builder_version=\u00bb4.16&#8243; custom_padding=\u00bb|||\u00bb global_colors_info=\u00bb{}\u00bb custom_padding__hover=\u00bb|||\u00bb][et_pb_text _builder_version=\u00bb4.20.2&#8243; _module_preset=\u00bbdefault\u00bb hover_enabled=\u00bb0&#8243; sticky_enabled=\u00bb0&#8243;]<\/p>\n<p><span style=\"font-weight: 400;\">Nuestros alumnos de 3\u00ba ESO finalmente han cumplido su deseo de visitar el <a href=\"https:\/\/www.parqueciencias.com\">Parque de las Ciencias<\/a>. Durante la visita participaron en un taller educativo sobre las Leyes de Newton y disfrutaron de una emocionante yincana organizada por el profesorado de Ciencias.<\/span><\/p>\n<p><span style=\"font-weight: 400;\">Divididos en equipos, los alumnos resolvieron acertijos relacionados con las asignaturas de Matem\u00e1ticas, Computaci\u00f3n y Rob\u00f3tica, F\u00edsica y Qu\u00edmica, entre otras. La jornada fue una oportunidad \u00fanica para aplicar los conocimientos adquiridos en el aula y divertirse al mismo tiempo.<\/span><\/p>\n<p><span style=\"font-weight: 400;\">Nuestros estudiantes regresaron llenos de entusiasmo. Esperamos que esta visita les haya motivado a\u00fan m\u00e1s a explorar el fascinante mundo de la ciencia.<\/span><\/p>\n<p><span style=\"font-weight: 400;\">Con iniciativas educativas como esta, el colegio San Juan Bosco contin\u00faa demostrando su compromiso con la formaci\u00f3n integral de sus alumnos, fomentando la curiosidad, el pensamiento cr\u00edtico y el amor por el aprendizaje.<\/span><\/p>\n<p>[\/et_pb_text][\/et_pb_column][\/et_pb_row][et_pb_row _builder_version=\u00bb4.20.2&#8243; _module_preset=\u00bbdefault\u00bb column_structure=\u00bb1_3,1_3,1_3&#8243;][et_pb_column _builder_version=\u00bb4.20.2&#8243; _module_preset=\u00bbdefault\u00bb type=\u00bb1_3&#8243;][et_pb_image _builder_version=\u00bb4.20.2&#8243; _module_preset=\u00bbdefault\u00bb hover_enabled=\u00bb0&#8243; sticky_enabled=\u00bb0&#8243; title_text=\u00bb22-23 parque de las ciencias 3\u00ba ESO 9&#8243; src=\u00bbhttps:\/\/granada.salesianos.edu\/wp-content\/uploads\/2023\/06\/22-23-parque-de-las-ciencias-3o-ESO-9-scaled.jpeg\u00bb][\/et_pb_image][et_pb_image _builder_version=\u00bb4.20.2&#8243; _module_preset=\u00bbdefault\u00bb hover_enabled=\u00bb0&#8243; sticky_enabled=\u00bb0&#8243; title_text=\u00bb22-23 parque de las ciencias 3\u00ba ESO 6&#8243; src=\u00bbhttps:\/\/granada.salesianos.edu\/wp-content\/uploads\/2023\/06\/22-23-parque-de-las-ciencias-3o-ESO-6-scaled.jpeg\u00bb][\/et_pb_image][et_pb_image _builder_version=\u00bb4.20.2&#8243; _module_preset=\u00bbdefault\u00bb hover_enabled=\u00bb0&#8243; sticky_enabled=\u00bb0&#8243; title_text=\u00bb22-23 parque de las ciencias 3\u00ba ESO 3&#8243; src=\u00bbhttps:\/\/granada.salesianos.edu\/wp-content\/uploads\/2023\/06\/22-23-parque-de-las-ciencias-3o-ESO-3.jpeg\u00bb][\/et_pb_image][\/et_pb_column][et_pb_column _builder_version=\u00bb4.20.2&#8243; _module_preset=\u00bbdefault\u00bb type=\u00bb1_3&#8243;][et_pb_image _builder_version=\u00bb4.20.2&#8243; _module_preset=\u00bbdefault\u00bb hover_enabled=\u00bb0&#8243; sticky_enabled=\u00bb0&#8243; title_text=\u00bb22-23 parque de las ciencias 3\u00ba ESO 8&#8243; src=\u00bbhttps:\/\/granada.salesianos.edu\/wp-content\/uploads\/2023\/06\/22-23-parque-de-las-ciencias-3o-ESO-8-scaled.jpeg\u00bb][\/et_pb_image][et_pb_image _builder_version=\u00bb4.20.2&#8243; _module_preset=\u00bbdefault\u00bb hover_enabled=\u00bb0&#8243; sticky_enabled=\u00bb0&#8243; title_text=\u00bb22-23 parque de las ciencias 3\u00ba ESO 5&#8243; src=\u00bbhttps:\/\/granada.salesianos.edu\/wp-content\/uploads\/2023\/06\/22-23-parque-de-las-ciencias-3o-ESO-5-scaled.jpeg\u00bb][\/et_pb_image][et_pb_image _builder_version=\u00bb4.20.2&#8243; _module_preset=\u00bbdefault\u00bb hover_enabled=\u00bb0&#8243; sticky_enabled=\u00bb0&#8243; title_text=\u00bb22-23 parque de las ciencias 3\u00ba ESO 2&#8243; src=\u00bbhttps:\/\/granada.salesianos.edu\/wp-content\/uploads\/2023\/06\/22-23-parque-de-las-ciencias-3o-ESO-2.jpeg\u00bb][\/et_pb_image][\/et_pb_column][et_pb_column _builder_version=\u00bb4.20.2&#8243; _module_preset=\u00bbdefault\u00bb type=\u00bb1_3&#8243;][et_pb_image _builder_version=\u00bb4.20.2&#8243; _module_preset=\u00bbdefault\u00bb hover_enabled=\u00bb0&#8243; sticky_enabled=\u00bb0&#8243; title_text=\u00bb22-23 parque de las ciencias 3\u00ba ESO 7&#8243; src=\u00bbhttps:\/\/granada.salesianos.edu\/wp-content\/uploads\/2023\/06\/22-23-parque-de-las-ciencias-3o-ESO-7-scaled.jpeg\u00bb][\/et_pb_image][et_pb_image _builder_version=\u00bb4.20.2&#8243; _module_preset=\u00bbdefault\u00bb hover_enabled=\u00bb0&#8243; sticky_enabled=\u00bb0&#8243; title_text=\u00bb22-23 parque de las ciencias 3\u00ba ESO 4&#8243; src=\u00bbhttps:\/\/granada.salesianos.edu\/wp-content\/uploads\/2023\/06\/22-23-parque-de-las-ciencias-3o-ESO-4-scaled.jpeg\u00bb][\/et_pb_image][et_pb_image _builder_version=\u00bb4.20.2&#8243; _module_preset=\u00bbdefault\u00bb hover_enabled=\u00bb0&#8243; sticky_enabled=\u00bb0&#8243; title_text=\u00bb22-23 parque de las ciencias 3\u00ba ESO 00&#8243; src=\u00bbhttps:\/\/granada.salesianos.edu\/wp-content\/uploads\/2023\/06\/22-23-parque-de-las-ciencias-3o-ESO-00.jpeg\u00bb][\/et_pb_image][\/et_pb_column][\/et_pb_row][\/et_pb_section]<\/p>\n","protected":false},"excerpt":{"rendered":"<p>Durante la visita participaron en un taller educativo sobre las Leyes de Newton y disfrutaron de una emocionante yincana organizada por el profesorado de Ciencias.<\/p>\n","protected":false},"author":2,"featured_media":17704,"comment_status":"open","ping_status":"open","sticky":false,"template":"","format":"standard","meta":{"_et_pb_use_builder":"on","_et_pb_old_content":"","_et_gb_content_width":"","footnotes":""},"categories":[27,11,19,56],"tags":[],"class_list":["post-17703","post","type-post","status-publish","format-standard","has-post-thumbnail","hentry","category-ciencias","category-colegio","category-eso","category-tecnologia"],"yoast_head":"<!-- This site is optimized with the Yoast SEO plugin v28.4 - https:\/\/yoast.com\/product\/yoast-seo-wordpress\/ -->\n<title>Nuestros alumnos de 3\u00ba ESO visitan el Parque de las Ciencias - Colegio Salesiano<\/title>\n<meta name=\"description\" content=\"Durante la visita participaron en un taller educativo sobre las Leyes de Newton y disfrutaron de una emocionante yincana organizada por el profesorado de Ciencias.\" \/>\n<meta name=\"robots\" content=\"index, follow, max-snippet:-1, max-image-preview:large, max-video-preview:-1\" \/>\n<link rel=\"canonical\" href=\"https:\/\/granada.salesianos.edu\/colegio\/blog\/nuestros-alumnos-de-3o-eso-visitan-el-parque-de-las-ciencias\/\" \/>\n<meta property=\"og:locale\" content=\"es_ES\" \/>\n<meta property=\"og:type\" content=\"article\" \/>\n<meta property=\"og:title\" content=\"Nuestros alumnos de 3\u00ba ESO visitan el Parque de las Ciencias - Colegio Salesiano\" \/>\n<meta property=\"og:description\" content=\"Durante la visita participaron en un taller educativo sobre las Leyes de Newton y disfrutaron de una emocionante yincana organizada por el profesorado de Ciencias.\" \/>\n<meta property=\"og:url\" content=\"https:\/\/granada.salesianos.edu\/colegio\/blog\/nuestros-alumnos-de-3o-eso-visitan-el-parque-de-las-ciencias\/\" \/>\n<meta property=\"og:site_name\" content=\"Colegio Salesiano\" \/>\n<meta property=\"article:publisher\" content=\"https:\/\/www.facebook.com\/SalesianosGR\/\" \/>\n<meta property=\"article:published_time\" content=\"2023-06-07T05:25:03+00:00\" \/>\n<meta property=\"og:image\" content=\"https:\/\/granada.salesianos.edu\/colegio\/wp-content\/uploads\/sites\/2\/2023\/06\/22-23-parque-de-las-ciencias-3o-ESO-00.jpeg\" \/>\n\t<meta property=\"og:image:width\" content=\"2000\" \/>\n\t<meta property=\"og:image:height\" content=\"1500\" \/>\n\t<meta property=\"og:image:type\" content=\"image\/jpeg\" \/>\n<meta name=\"author\" content=\"Gestor Web\" \/>\n<meta name=\"twitter:card\" content=\"summary_large_image\" \/>\n<meta name=\"twitter:creator\" content=\"@GranadaSDB\" \/>\n<meta name=\"twitter:site\" content=\"@GranadaSDB\" \/>\n<meta name=\"twitter:label1\" content=\"Escrito por\" \/>\n\t<meta name=\"twitter:data1\" content=\"Gestor Web\" \/>\n<script type=\"application\/ld+json\" class=\"yoast-schema-graph\">{\"@context\":\"https:\\\/\\\/schema.org\",\"@graph\":[{\"@type\":\"Article\",\"@id\":\"https:\\\/\\\/granada.salesianos.edu\\\/colegio\\\/blog\\\/nuestros-alumnos-de-3o-eso-visitan-el-parque-de-las-ciencias\\\/#article\",\"isPartOf\":{\"@id\":\"https:\\\/\\\/granada.salesianos.edu\\\/colegio\\\/blog\\\/nuestros-alumnos-de-3o-eso-visitan-el-parque-de-las-ciencias\\\/\"},\"author\":{\"name\":\"Gestor Web\",\"@id\":\"https:\\\/\\\/granada.salesianos.edu\\\/colegio\\\/#\\\/schema\\\/person\\\/6392ff2e4bd1e66981d6eab734bbd962\"},\"headline\":\"Nuestros alumnos de 3\u00ba ESO visitan el Parque de las Ciencias\",\"datePublished\":\"2023-06-07T05:25:03+00:00\",\"mainEntityOfPage\":{\"@id\":\"https:\\\/\\\/granada.salesianos.edu\\\/colegio\\\/blog\\\/nuestros-alumnos-de-3o-eso-visitan-el-parque-de-las-ciencias\\\/\"},\"wordCount\":590,\"commentCount\":0,\"publisher\":{\"@id\":\"https:\\\/\\\/granada.salesianos.edu\\\/colegio\\\/#organization\"},\"image\":{\"@id\":\"https:\\\/\\\/granada.salesianos.edu\\\/colegio\\\/blog\\\/nuestros-alumnos-de-3o-eso-visitan-el-parque-de-las-ciencias\\\/#primaryimage\"},\"thumbnailUrl\":\"https:\\\/\\\/granada.salesianos.edu\\\/colegio\\\/wp-content\\\/uploads\\\/sites\\\/2\\\/2023\\\/06\\\/22-23-parque-de-las-ciencias-3o-ESO-00.jpeg\",\"articleSection\":[\"Ciencias\",\"Colegio\",\"ESO\",\"Tecnolog\u00eda\"],\"inLanguage\":\"es\",\"potentialAction\":[{\"@type\":\"CommentAction\",\"name\":\"Comment\",\"target\":[\"https:\\\/\\\/granada.salesianos.edu\\\/colegio\\\/blog\\\/nuestros-alumnos-de-3o-eso-visitan-el-parque-de-las-ciencias\\\/#respond\"]}]},{\"@type\":\"WebPage\",\"@id\":\"https:\\\/\\\/granada.salesianos.edu\\\/colegio\\\/blog\\\/nuestros-alumnos-de-3o-eso-visitan-el-parque-de-las-ciencias\\\/\",\"url\":\"https:\\\/\\\/granada.salesianos.edu\\\/colegio\\\/blog\\\/nuestros-alumnos-de-3o-eso-visitan-el-parque-de-las-ciencias\\\/\",\"name\":\"Nuestros alumnos de 3\u00ba ESO visitan el Parque de las Ciencias - Colegio Salesiano\",\"isPartOf\":{\"@id\":\"https:\\\/\\\/granada.salesianos.edu\\\/colegio\\\/#website\"},\"primaryImageOfPage\":{\"@id\":\"https:\\\/\\\/granada.salesianos.edu\\\/colegio\\\/blog\\\/nuestros-alumnos-de-3o-eso-visitan-el-parque-de-las-ciencias\\\/#primaryimage\"},\"image\":{\"@id\":\"https:\\\/\\\/granada.salesianos.edu\\\/colegio\\\/blog\\\/nuestros-alumnos-de-3o-eso-visitan-el-parque-de-las-ciencias\\\/#primaryimage\"},\"thumbnailUrl\":\"https:\\\/\\\/granada.salesianos.edu\\\/colegio\\\/wp-content\\\/uploads\\\/sites\\\/2\\\/2023\\\/06\\\/22-23-parque-de-las-ciencias-3o-ESO-00.jpeg\",\"datePublished\":\"2023-06-07T05:25:03+00:00\",\"description\":\"Durante la visita participaron en un taller educativo sobre las Leyes de Newton y disfrutaron de una emocionante yincana organizada por el profesorado de Ciencias.\",\"breadcrumb\":{\"@id\":\"https:\\\/\\\/granada.salesianos.edu\\\/colegio\\\/blog\\\/nuestros-alumnos-de-3o-eso-visitan-el-parque-de-las-ciencias\\\/#breadcrumb\"},\"inLanguage\":\"es\",\"potentialAction\":[{\"@type\":\"ReadAction\",\"target\":[\"https:\\\/\\\/granada.salesianos.edu\\\/colegio\\\/blog\\\/nuestros-alumnos-de-3o-eso-visitan-el-parque-de-las-ciencias\\\/\"]}]},{\"@type\":\"ImageObject\",\"inLanguage\":\"es\",\"@id\":\"https:\\\/\\\/granada.salesianos.edu\\\/colegio\\\/blog\\\/nuestros-alumnos-de-3o-eso-visitan-el-parque-de-las-ciencias\\\/#primaryimage\",\"url\":\"https:\\\/\\\/granada.salesianos.edu\\\/colegio\\\/wp-content\\\/uploads\\\/sites\\\/2\\\/2023\\\/06\\\/22-23-parque-de-las-ciencias-3o-ESO-00.jpeg\",\"contentUrl\":\"https:\\\/\\\/granada.salesianos.edu\\\/colegio\\\/wp-content\\\/uploads\\\/sites\\\/2\\\/2023\\\/06\\\/22-23-parque-de-las-ciencias-3o-ESO-00.jpeg\",\"width\":2000,\"height\":1500},{\"@type\":\"BreadcrumbList\",\"@id\":\"https:\\\/\\\/granada.salesianos.edu\\\/colegio\\\/blog\\\/nuestros-alumnos-de-3o-eso-visitan-el-parque-de-las-ciencias\\\/#breadcrumb\",\"itemListElement\":[{\"@type\":\"ListItem\",\"position\":1,\"name\":\"Portada\",\"item\":\"https:\\\/\\\/granada.salesianos.edu\\\/colegio\\\/\"},{\"@type\":\"ListItem\",\"position\":2,\"name\":\"Nuestros alumnos de 3\u00ba ESO visitan el Parque de las Ciencias\"}]},{\"@type\":\"WebSite\",\"@id\":\"https:\\\/\\\/granada.salesianos.edu\\\/colegio\\\/#website\",\"url\":\"https:\\\/\\\/granada.salesianos.edu\\\/colegio\\\/\",\"name\":\"Colegio Salesiano\",\"description\":\"P\u00e1gina oficial de Salesianos Granada San Juan Bosco\",\"publisher\":{\"@id\":\"https:\\\/\\\/granada.salesianos.edu\\\/colegio\\\/#organization\"},\"potentialAction\":[{\"@type\":\"SearchAction\",\"target\":{\"@type\":\"EntryPoint\",\"urlTemplate\":\"https:\\\/\\\/granada.salesianos.edu\\\/colegio\\\/?s={search_term_string}\"},\"query-input\":{\"@type\":\"PropertyValueSpecification\",\"valueRequired\":true,\"valueName\":\"search_term_string\"}}],\"inLanguage\":\"es\"},{\"@type\":\"Organization\",\"@id\":\"https:\\\/\\\/granada.salesianos.edu\\\/colegio\\\/#organization\",\"name\":\"Colegio Salesiano San Juan Bosco Granada\",\"url\":\"https:\\\/\\\/granada.salesianos.edu\\\/colegio\\\/\",\"logo\":{\"@type\":\"ImageObject\",\"inLanguage\":\"es\",\"@id\":\"https:\\\/\\\/granada.salesianos.edu\\\/colegio\\\/#\\\/schema\\\/logo\\\/image\\\/\",\"url\":\"https:\\\/\\\/granada.salesianos.edu\\\/colegio\\\/wp-content\\\/uploads\\\/sites\\\/2\\\/2021\\\/01\\\/GRANADAobraVN2.jpg\",\"contentUrl\":\"https:\\\/\\\/granada.salesianos.edu\\\/colegio\\\/wp-content\\\/uploads\\\/sites\\\/2\\\/2021\\\/01\\\/GRANADAobraVN2.jpg\",\"width\":2113,\"height\":1894,\"caption\":\"Colegio Salesiano San Juan Bosco Granada\"},\"image\":{\"@id\":\"https:\\\/\\\/granada.salesianos.edu\\\/colegio\\\/#\\\/schema\\\/logo\\\/image\\\/\"},\"sameAs\":[\"https:\\\/\\\/www.facebook.com\\\/SalesianosGR\\\/\",\"https:\\\/\\\/x.com\\\/GranadaSDB\",\"https:\\\/\\\/www.instagram.com\\\/salesianosgranada\\\/\",\"https:\\\/\\\/www.youtube.com\\\/channel\\\/UChkpZuhCf4Y5rYIcFT3CNxw?view_as=subscriber\"]},{\"@type\":\"Person\",\"@id\":\"https:\\\/\\\/granada.salesianos.edu\\\/colegio\\\/#\\\/schema\\\/person\\\/6392ff2e4bd1e66981d6eab734bbd962\",\"name\":\"Gestor Web\",\"image\":{\"@type\":\"ImageObject\",\"inLanguage\":\"es\",\"@id\":\"https:\\\/\\\/secure.gravatar.com\\\/avatar\\\/160666bb56a01520857079961a824af2b7821d6bad80677c80f2b473fceead1b?s=96&d=mm&r=g\",\"url\":\"https:\\\/\\\/secure.gravatar.com\\\/avatar\\\/160666bb56a01520857079961a824af2b7821d6bad80677c80f2b473fceead1b?s=96&d=mm&r=g\",\"contentUrl\":\"https:\\\/\\\/secure.gravatar.com\\\/avatar\\\/160666bb56a01520857079961a824af2b7821d6bad80677c80f2b473fceead1b?s=96&d=mm&r=g\",\"caption\":\"Gestor Web\"}}]}<\/script>\n<!-- \/ Yoast SEO plugin. -->","yoast_head_json":{"title":"Nuestros alumnos de 3\u00ba ESO visitan el Parque de las Ciencias - Colegio Salesiano","description":"Durante la visita participaron en un taller educativo sobre las Leyes de Newton y disfrutaron de una emocionante yincana organizada por el profesorado de Ciencias.","robots":{"index":"index","follow":"follow","max-snippet":"max-snippet:-1","max-image-preview":"max-image-preview:large","max-video-preview":"max-video-preview:-1"},"canonical":"https:\/\/granada.salesianos.edu\/colegio\/blog\/nuestros-alumnos-de-3o-eso-visitan-el-parque-de-las-ciencias\/","og_locale":"es_ES","og_type":"article","og_title":"Nuestros alumnos de 3\u00ba ESO visitan el Parque de las Ciencias - Colegio Salesiano","og_description":"Durante la visita participaron en un taller educativo sobre las Leyes de Newton y disfrutaron de una emocionante yincana organizada por el profesorado de Ciencias.","og_url":"https:\/\/granada.salesianos.edu\/colegio\/blog\/nuestros-alumnos-de-3o-eso-visitan-el-parque-de-las-ciencias\/","og_site_name":"Colegio Salesiano","article_publisher":"https:\/\/www.facebook.com\/SalesianosGR\/","article_published_time":"2023-06-07T05:25:03+00:00","og_image":[{"width":2000,"height":1500,"url":"https:\/\/granada.salesianos.edu\/colegio\/wp-content\/uploads\/sites\/2\/2023\/06\/22-23-parque-de-las-ciencias-3o-ESO-00.jpeg","type":"image\/jpeg"}],"author":"Gestor Web","twitter_card":"summary_large_image","twitter_creator":"@GranadaSDB","twitter_site":"@GranadaSDB","twitter_misc":{"Escrito por":"Gestor Web"},"schema":{"@context":"https:\/\/schema.org","@graph":[{"@type":"Article","@id":"https:\/\/granada.salesianos.edu\/colegio\/blog\/nuestros-alumnos-de-3o-eso-visitan-el-parque-de-las-ciencias\/#article","isPartOf":{"@id":"https:\/\/granada.salesianos.edu\/colegio\/blog\/nuestros-alumnos-de-3o-eso-visitan-el-parque-de-las-ciencias\/"},"author":{"name":"Gestor Web","@id":"https:\/\/granada.salesianos.edu\/colegio\/#\/schema\/person\/6392ff2e4bd1e66981d6eab734bbd962"},"headline":"Nuestros alumnos de 3\u00ba ESO visitan el Parque de las Ciencias","datePublished":"2023-06-07T05:25:03+00:00","mainEntityOfPage":{"@id":"https:\/\/granada.salesianos.edu\/colegio\/blog\/nuestros-alumnos-de-3o-eso-visitan-el-parque-de-las-ciencias\/"},"wordCount":590,"commentCount":0,"publisher":{"@id":"https:\/\/granada.salesianos.edu\/colegio\/#organization"},"image":{"@id":"https:\/\/granada.salesianos.edu\/colegio\/blog\/nuestros-alumnos-de-3o-eso-visitan-el-parque-de-las-ciencias\/#primaryimage"},"thumbnailUrl":"https:\/\/granada.salesianos.edu\/colegio\/wp-content\/uploads\/sites\/2\/2023\/06\/22-23-parque-de-las-ciencias-3o-ESO-00.jpeg","articleSection":["Ciencias","Colegio","ESO","Tecnolog\u00eda"],"inLanguage":"es","potentialAction":[{"@type":"CommentAction","name":"Comment","target":["https:\/\/granada.salesianos.edu\/colegio\/blog\/nuestros-alumnos-de-3o-eso-visitan-el-parque-de-las-ciencias\/#respond"]}]},{"@type":"WebPage","@id":"https:\/\/granada.salesianos.edu\/colegio\/blog\/nuestros-alumnos-de-3o-eso-visitan-el-parque-de-las-ciencias\/","url":"https:\/\/granada.salesianos.edu\/colegio\/blog\/nuestros-alumnos-de-3o-eso-visitan-el-parque-de-las-ciencias\/","name":"Nuestros alumnos de 3\u00ba ESO visitan el Parque de las Ciencias - Colegio Salesiano","isPartOf":{"@id":"https:\/\/granada.salesianos.edu\/colegio\/#website"},"primaryImageOfPage":{"@id":"https:\/\/granada.salesianos.edu\/colegio\/blog\/nuestros-alumnos-de-3o-eso-visitan-el-parque-de-las-ciencias\/#primaryimage"},"image":{"@id":"https:\/\/granada.salesianos.edu\/colegio\/blog\/nuestros-alumnos-de-3o-eso-visitan-el-parque-de-las-ciencias\/#primaryimage"},"thumbnailUrl":"https:\/\/granada.salesianos.edu\/colegio\/wp-content\/uploads\/sites\/2\/2023\/06\/22-23-parque-de-las-ciencias-3o-ESO-00.jpeg","datePublished":"2023-06-07T05:25:03+00:00","description":"Durante la visita participaron en un taller educativo sobre las Leyes de Newton y disfrutaron de una emocionante yincana organizada por el profesorado de Ciencias.","breadcrumb":{"@id":"https:\/\/granada.salesianos.edu\/colegio\/blog\/nuestros-alumnos-de-3o-eso-visitan-el-parque-de-las-ciencias\/#breadcrumb"},"inLanguage":"es","potentialAction":[{"@type":"ReadAction","target":["https:\/\/granada.salesianos.edu\/colegio\/blog\/nuestros-alumnos-de-3o-eso-visitan-el-parque-de-las-ciencias\/"]}]},{"@type":"ImageObject","inLanguage":"es","@id":"https:\/\/granada.salesianos.edu\/colegio\/blog\/nuestros-alumnos-de-3o-eso-visitan-el-parque-de-las-ciencias\/#primaryimage","url":"https:\/\/granada.salesianos.edu\/colegio\/wp-content\/uploads\/sites\/2\/2023\/06\/22-23-parque-de-las-ciencias-3o-ESO-00.jpeg","contentUrl":"https:\/\/granada.salesianos.edu\/colegio\/wp-content\/uploads\/sites\/2\/2023\/06\/22-23-parque-de-las-ciencias-3o-ESO-00.jpeg","width":2000,"height":1500},{"@type":"BreadcrumbList","@id":"https:\/\/granada.salesianos.edu\/colegio\/blog\/nuestros-alumnos-de-3o-eso-visitan-el-parque-de-las-ciencias\/#breadcrumb","itemListElement":[{"@type":"ListItem","position":1,"name":"Portada","item":"https:\/\/granada.salesianos.edu\/colegio\/"},{"@type":"ListItem","position":2,"name":"Nuestros alumnos de 3\u00ba ESO visitan el Parque de las Ciencias"}]},{"@type":"WebSite","@id":"https:\/\/granada.salesianos.edu\/colegio\/#website","url":"https:\/\/granada.salesianos.edu\/colegio\/","name":"Colegio Salesiano","description":"P\u00e1gina oficial de Salesianos Granada San Juan Bosco","publisher":{"@id":"https:\/\/granada.salesianos.edu\/colegio\/#organization"},"potentialAction":[{"@type":"SearchAction","target":{"@type":"EntryPoint","urlTemplate":"https:\/\/granada.salesianos.edu\/colegio\/?s={search_term_string}"},"query-input":{"@type":"PropertyValueSpecification","valueRequired":true,"valueName":"search_term_string"}}],"inLanguage":"es"},{"@type":"Organization","@id":"https:\/\/granada.salesianos.edu\/colegio\/#organization","name":"Colegio Salesiano San Juan Bosco Granada","url":"https:\/\/granada.salesianos.edu\/colegio\/","logo":{"@type":"ImageObject","inLanguage":"es","@id":"https:\/\/granada.salesianos.edu\/colegio\/#\/schema\/logo\/image\/","url":"https:\/\/granada.salesianos.edu\/colegio\/wp-content\/uploads\/sites\/2\/2021\/01\/GRANADAobraVN2.jpg","contentUrl":"https:\/\/granada.salesianos.edu\/colegio\/wp-content\/uploads\/sites\/2\/2021\/01\/GRANADAobraVN2.jpg","width":2113,"height":1894,"caption":"Colegio Salesiano San Juan Bosco Granada"},"image":{"@id":"https:\/\/granada.salesianos.edu\/colegio\/#\/schema\/logo\/image\/"},"sameAs":["https:\/\/www.facebook.com\/SalesianosGR\/","https:\/\/x.com\/GranadaSDB","https:\/\/www.instagram.com\/salesianosgranada\/","https:\/\/www.youtube.com\/channel\/UChkpZuhCf4Y5rYIcFT3CNxw?view_as=subscriber"]},{"@type":"Person","@id":"https:\/\/granada.salesianos.edu\/colegio\/#\/schema\/person\/6392ff2e4bd1e66981d6eab734bbd962","name":"Gestor Web","image":{"@type":"ImageObject","inLanguage":"es","@id":"https:\/\/secure.gravatar.com\/avatar\/160666bb56a01520857079961a824af2b7821d6bad80677c80f2b473fceead1b?s=96&d=mm&r=g","url":"https:\/\/secure.gravatar.com\/avatar\/160666bb56a01520857079961a824af2b7821d6bad80677c80f2b473fceead1b?s=96&d=mm&r=g","contentUrl":"https:\/\/secure.gravatar.com\/avatar\/160666bb56a01520857079961a824af2b7821d6bad80677c80f2b473fceead1b?s=96&d=mm&r=g","caption":"Gestor Web"}}]}},"_links":{"self":[{"href":"https:\/\/granada.salesianos.edu\/colegio\/wp-json\/wp\/v2\/posts\/17703","targetHints":{"allow":["GET"]}}],"collection":[{"href":"https:\/\/granada.salesianos.edu\/colegio\/wp-json\/wp\/v2\/posts"}],"about":[{"href":"https:\/\/granada.salesianos.edu\/colegio\/wp-json\/wp\/v2\/types\/post"}],"author":[{"embeddable":true,"href":"https:\/\/granada.salesianos.edu\/colegio\/wp-json\/wp\/v2\/users\/2"}],"replies":[{"embeddable":true,"href":"https:\/\/granada.salesianos.edu\/colegio\/wp-json\/wp\/v2\/comments?post=17703"}],"version-history":[{"count":1,"href":"https:\/\/granada.salesianos.edu\/colegio\/wp-json\/wp\/v2\/posts\/17703\/revisions"}],"predecessor-version":[{"id":17705,"href":"https:\/\/granada.salesianos.edu\/colegio\/wp-json\/wp\/v2\/posts\/17703\/revisions\/17705"}],"wp:featuredmedia":[{"embeddable":true,"href":"https:\/\/granada.salesianos.edu\/colegio\/wp-json\/wp\/v2\/media\/17704"}],"wp:attachment":[{"href":"https:\/\/granada.salesianos.edu\/colegio\/wp-json\/wp\/v2\/media?parent=17703"}],"wp:term":[{"taxonomy":"category","embeddable":true,"href":"https:\/\/granada.salesianos.edu\/colegio\/wp-json\/wp\/v2\/categories?post=17703"},{"taxonomy":"post_tag","embeddable":true,"href":"https:\/\/granada.salesianos.edu\/colegio\/wp-json\/wp\/v2\/tags?post=17703"}],"curies":[{"name":"wp","href":"https:\/\/api.w.org\/{rel}","templated":true}]}}