{"id":17706,"date":"2023-06-08T13:55:35","date_gmt":"2023-06-08T11:55:35","guid":{"rendered":"https:\/\/granada.salesianos.edu\/colegio\/?p=17706"},"modified":"2023-06-08T14:06:17","modified_gmt":"2023-06-08T12:06:17","slug":"nuestros-alumnos-de-primaria-visitan-la-biblioteca-del-barrio","status":"publish","type":"post","link":"https:\/\/granada.salesianos.edu\/colegio\/blog\/nuestros-alumnos-de-primaria-visitan-la-biblioteca-del-barrio\/","title":{"rendered":"Nuestros alumnos de Primaria visitan la biblioteca del barrio."},"content":{"rendered":"<div id=\"fb-root\"><\/div>\n<p>[et_pb_section fb_built=\u00bb1&#8243; admin_label=\u00bbsection\u00bb _builder_version=\u00bb4.16&#8243; global_colors_info=\u00bb{}\u00bb][et_pb_row admin_label=\u00bbrow\u00bb _builder_version=\u00bb4.16&#8243; background_size=\u00bbinitial\u00bb background_position=\u00bbtop_left\u00bb background_repeat=\u00bbrepeat\u00bb global_colors_info=\u00bb{}\u00bb][et_pb_column type=\u00bb4_4&#8243; _builder_version=\u00bb4.16&#8243; custom_padding=\u00bb|||\u00bb global_colors_info=\u00bb{}\u00bb custom_padding__hover=\u00bb|||\u00bb][et_pb_text _builder_version=\u00bb4.20.2&#8243; _module_preset=\u00bbdefault\u00bb global_colors_info=\u00bb{}\u00bb]<\/p>\n<p>Dentro de nuestro plan lector, una de las actividades que mas le gustan a nuestros alumnos de primaria es la visita que realizan a la <a href=\"https:\/\/www.granada.org\/inet\/bibliote.nsf\/wwbib2\/3AC2A6E0BCD40D3BC1257FF700409602?open\">biblioteca de las Palomas<\/a> de nuestro barrio. All\u00ed realizan diferentes actividades para el fomento de la lectura: talleres, cuentacuentos, pr\u00e9stamo de libros&#8230; Adem\u00e1s, nuestros alumnos se han sacado el carnet de la biblioteca para poder ir tambi\u00e9n en su tiempo libre.<\/p>\n<p>A continuaci\u00f3n pod\u00e9is ver fotos de la visita que realizaron nuestros alumnos de 1\u00baB de primaria.<\/p>\n<p>[\/et_pb_text][\/et_pb_column][\/et_pb_row][et_pb_row column_structure=\u00bb1_3,1_3,1_3&#8243; _builder_version=\u00bb4.20.2&#8243; _module_preset=\u00bbdefault\u00bb global_colors_info=\u00bb{}\u00bb][et_pb_column type=\u00bb1_3&#8243; _builder_version=\u00bb4.20.2&#8243; _module_preset=\u00bbdefault\u00bb global_colors_info=\u00bb{}\u00bb][et_pb_image src=\u00bbhttps:\/\/granada.salesianos.edu\/wp-content\/uploads\/2023\/06\/Visita-biblioteca-de-las-palomas-3.jpg\u00bb title_text=\u00bbVisita biblioteca de las palomas 3&#8243; _builder_version=\u00bb4.20.2&#8243; _module_preset=\u00bbdefault\u00bb global_colors_info=\u00bb{}\u00bb][\/et_pb_image][\/et_pb_column][et_pb_column type=\u00bb1_3&#8243; _builder_version=\u00bb4.20.2&#8243; _module_preset=\u00bbdefault\u00bb global_colors_info=\u00bb{}\u00bb][et_pb_image src=\u00bbhttps:\/\/granada.salesianos.edu\/wp-content\/uploads\/2023\/06\/Visita-biblioteca-de-las-palomas-2.jpg\u00bb title_text=\u00bbVisita biblioteca de las palomas 2&#8243; _builder_version=\u00bb4.20.2&#8243; _module_preset=\u00bbdefault\u00bb global_colors_info=\u00bb{}\u00bb][\/et_pb_image][\/et_pb_column][et_pb_column type=\u00bb1_3&#8243; _builder_version=\u00bb4.20.2&#8243; _module_preset=\u00bbdefault\u00bb global_colors_info=\u00bb{}\u00bb][et_pb_image src=\u00bbhttps:\/\/granada.salesianos.edu\/wp-content\/uploads\/2023\/06\/Visita-biblioteca-de-las-palomas-1.jpg\u00bb title_text=\u00bbVisita biblioteca de las palomas 1&#8243; _builder_version=\u00bb4.20.2&#8243; _module_preset=\u00bbdefault\u00bb global_colors_info=\u00bb{}\u00bb][\/et_pb_image][\/et_pb_column][\/et_pb_row][\/et_pb_section][et_pb_section fb_built=\u00bb1&#8243; _builder_version=\u00bb4.20.2&#8243; background_color=\u00bb#4f4f4f\u00bb custom_padding=\u00bb||||false|false\u00bb border_radii=\u00bbon|30px|30px|30px|30px\u00bb locked=\u00bboff\u00bb global_colors_info=\u00bb{}\u00bb disabled_on=\u00bbon|on|on\u00bb disabled=\u00bbon\u00bb][et_pb_row _builder_version=\u00bb4.16&#8243; custom_padding=\u00bb26.796875px|0px|0px|0px\u00bb global_colors_info=\u00bb{}\u00bb][et_pb_column type=\u00bb4_4&#8243; _builder_version=\u00bb4.16&#8243; custom_padding=\u00bb|||\u00bb global_colors_info=\u00bb{}\u00bb custom_padding__hover=\u00bb|||\u00bb][et_pb_text disabled_on=\u00bboff|off|off\u00bb module_class=\u00bbpagina-texto-light\u00bb _builder_version=\u00bb4.20.2&#8243; text_font=\u00bb|300|||||||\u00bb text_text_color=\u00bb#e02b20&#8243; text_font_size=\u00bb29px\u00bb header_font=\u00bb||||||||\u00bb header_text_color=\u00bb#ffffff\u00bb header_2_font=\u00bbLato|300|||||||\u00bb header_2_text_color=\u00bb#ffffff\u00bb header_2_font_size=\u00bb34px\u00bb text_orientation=\u00bbcenter\u00bb custom_margin=\u00bb|||\u00bb custom_padding=\u00bb||15px|\u00bb global_colors_info=\u00bb{}\u00bb]<\/p>\n<h4 style=\"text-align: center;\"><span style=\"color: #ffffff;\"><strong>\u00bfQuieres conocer mas sobre nuestras etapas educativas?<\/strong><\/span><\/h4>\n<p>[\/et_pb_text][\/et_pb_column][\/et_pb_row][et_pb_row column_structure=\u00bb1_5,1_5,1_5,1_5,1_5&#8243; _builder_version=\u00bb4.16&#8243; global_colors_info=\u00bb{}\u00bb][et_pb_column type=\u00bb1_5&#8243; _builder_version=\u00bb4.16&#8243; custom_padding=\u00bb|||\u00bb global_colors_info=\u00bb{}\u00bb custom_padding__hover=\u00bb|||\u00bb][et_pb_image src=\u00bbhttps:\/\/granada.salesianos.edu\/colegio\/wp-content\/uploads\/sites\/2\/2020\/02\/icono_infantil-min.png\u00bb url=\u00bbhttps:\/\/granada.salesianos.edu\/colegio\/infantil\/\u00bb url_new_window=\u00bbon\u00bb show_bottom_space=\u00bboff\u00bb align=\u00bbcenter\u00bb align_tablet=\u00bbcenter\u00bb align_phone=\u00bb\u00bb align_last_edited=\u00bbon|desktop\u00bb admin_label=\u00bbIcono app (Imagen)\u00bb _builder_version=\u00bb4.16&#8243; max_width=\u00bb200px\u00bb max_width_tablet=\u00bb200px\u00bb max_width_phone=\u00bb200px\u00bb custom_margin=\u00bb||16px|\u00bb custom_margin_tablet=\u00bb||16px|\u00bb custom_margin_phone=\u00bb||16px|\u00bb animation_style=\u00bbslide\u00bb animation_direction=\u00bbtop\u00bb animation_duration=\u00bb500ms\u00bb animation_intensity_slide=\u00bb10%\u00bb animation=\u00bbtop\u00bb sticky=\u00bbon\u00bb saved_tabs=\u00bball\u00bb global_colors_info=\u00bb{}\u00bb transform_styles__hover_enabled=\u00bbon|hover\u00bb transform_scale__hover_enabled=\u00bbon|hover\u00bb transform_translate__hover_enabled=\u00bbon|desktop\u00bb transform_rotate__hover_enabled=\u00bbon|desktop\u00bb transform_skew__hover_enabled=\u00bbon|desktop\u00bb transform_origin__hover_enabled=\u00bbon|desktop\u00bb transform_scale__hover=\u00bb115%|115%\u00bb][\/et_pb_image][\/et_pb_column][et_pb_column type=\u00bb1_5&#8243; _builder_version=\u00bb4.16&#8243; custom_padding=\u00bb|||\u00bb global_colors_info=\u00bb{}\u00bb custom_padding__hover=\u00bb|||\u00bb][et_pb_image src=\u00bbhttps:\/\/granada.salesianos.edu\/colegio\/wp-content\/uploads\/sites\/2\/2020\/02\/icono_primaria-min.png\u00bb url=\u00bbhttps:\/\/granada.salesianos.edu\/colegio\/primaria\/\u00bb url_new_window=\u00bbon\u00bb show_bottom_space=\u00bboff\u00bb align=\u00bbcenter\u00bb align_tablet=\u00bbcenter\u00bb align_phone=\u00bb\u00bb align_last_edited=\u00bbon|desktop\u00bb admin_label=\u00bbIcono app (Imagen)\u00bb _builder_version=\u00bb4.16&#8243; max_width=\u00bb200px\u00bb max_width_tablet=\u00bb200px\u00bb max_width_phone=\u00bb200px\u00bb custom_margin=\u00bb||16px|\u00bb custom_margin_tablet=\u00bb||16px|\u00bb custom_margin_phone=\u00bb||16px|\u00bb animation_style=\u00bbslide\u00bb animation_direction=\u00bbtop\u00bb animation_duration=\u00bb500ms\u00bb animation_intensity_slide=\u00bb10%\u00bb animation=\u00bbtop\u00bb sticky=\u00bbon\u00bb saved_tabs=\u00bball\u00bb global_colors_info=\u00bb{}\u00bb transform_styles__hover_enabled=\u00bbon|hover\u00bb transform_scale__hover=\u00bb115%|115%\u00bb transform_scale__hover_enabled=\u00bbon|hover\u00bb transform_translate__hover_enabled=\u00bbon|desktop\u00bb transform_rotate__hover_enabled=\u00bbon|desktop\u00bb transform_skew__hover_enabled=\u00bbon|desktop\u00bb transform_origin__hover_enabled=\u00bbon|desktop\u00bb][\/et_pb_image][\/et_pb_column][et_pb_column type=\u00bb1_5&#8243; _builder_version=\u00bb4.16&#8243; custom_padding=\u00bb|||\u00bb global_colors_info=\u00bb{}\u00bb custom_padding__hover=\u00bb|||\u00bb][et_pb_image src=\u00bbhttps:\/\/granada.salesianos.edu\/colegio\/wp-content\/uploads\/sites\/2\/2020\/02\/icono_eso-min.png\u00bb url=\u00bbhttps:\/\/granada.salesianos.edu\/colegio\/eso\/\u00bb url_new_window=\u00bbon\u00bb show_bottom_space=\u00bboff\u00bb align=\u00bbcenter\u00bb align_tablet=\u00bbcenter\u00bb align_phone=\u00bb\u00bb align_last_edited=\u00bbon|desktop\u00bb admin_label=\u00bbIcono app (Imagen)\u00bb _builder_version=\u00bb4.16&#8243; max_width=\u00bb200px\u00bb max_width_tablet=\u00bb200px\u00bb max_width_phone=\u00bb200px\u00bb custom_margin=\u00bb||16px|\u00bb custom_margin_tablet=\u00bb||16px|\u00bb custom_margin_phone=\u00bb||16px|\u00bb animation_style=\u00bbslide\u00bb animation_direction=\u00bbtop\u00bb animation_duration=\u00bb500ms\u00bb animation_intensity_slide=\u00bb10%\u00bb animation=\u00bbtop\u00bb sticky=\u00bbon\u00bb saved_tabs=\u00bball\u00bb global_colors_info=\u00bb{}\u00bb transform_styles__hover_enabled=\u00bbon|hover\u00bb transform_scale__hover=\u00bb115%|115%\u00bb transform_scale__hover_enabled=\u00bbon|hover\u00bb transform_translate__hover_enabled=\u00bbon|desktop\u00bb transform_rotate__hover_enabled=\u00bbon|desktop\u00bb transform_skew__hover_enabled=\u00bbon|desktop\u00bb transform_origin__hover_enabled=\u00bbon|desktop\u00bb][\/et_pb_image][\/et_pb_column][et_pb_column type=\u00bb1_5&#8243; _builder_version=\u00bb4.16&#8243; custom_padding=\u00bb|||\u00bb global_colors_info=\u00bb{}\u00bb custom_padding__hover=\u00bb|||\u00bb][et_pb_image src=\u00bbhttps:\/\/granada.salesianos.edu\/colegio\/wp-content\/uploads\/sites\/2\/2020\/02\/icono_bachillerato-min.png\u00bb url=\u00bbhttps:\/\/granada.salesianos.edu\/colegio\/bachillerato\/\u00bb url_new_window=\u00bbon\u00bb show_bottom_space=\u00bboff\u00bb align=\u00bbcenter\u00bb align_tablet=\u00bbcenter\u00bb align_phone=\u00bb\u00bb align_last_edited=\u00bbon|desktop\u00bb admin_label=\u00bbIcono app (Imagen)\u00bb _builder_version=\u00bb4.16&#8243; max_width=\u00bb200px\u00bb max_width_tablet=\u00bb200px\u00bb max_width_phone=\u00bb200px\u00bb custom_margin=\u00bb||16px|\u00bb custom_margin_tablet=\u00bb||16px|\u00bb custom_margin_phone=\u00bb||16px|\u00bb animation_style=\u00bbslide\u00bb animation_direction=\u00bbtop\u00bb animation_duration=\u00bb500ms\u00bb animation_intensity_slide=\u00bb10%\u00bb animation=\u00bbtop\u00bb sticky=\u00bbon\u00bb saved_tabs=\u00bball\u00bb global_colors_info=\u00bb{}\u00bb transform_styles__hover_enabled=\u00bbon|hover\u00bb transform_scale__hover=\u00bb115%|115%\u00bb transform_scale__hover_enabled=\u00bbon|hover\u00bb transform_translate__hover_enabled=\u00bbon|desktop\u00bb transform_rotate__hover_enabled=\u00bbon|desktop\u00bb transform_skew__hover_enabled=\u00bbon|desktop\u00bb transform_origin__hover_enabled=\u00bbon|desktop\u00bb][\/et_pb_image][et_pb_text admin_label=\u00bbNombre App (Texto)\u00bb _builder_version=\u00bb4.16&#8243; text_font=\u00bbLato Light||||\u00bb text_font_size=\u00bb24px\u00bb header_font=\u00bb||||\u00bb text_orientation=\u00bbcenter\u00bb max_width=\u00bb200px\u00bb max_width_tablet=\u00bb200px\u00bb max_width_phone=\u00bb200px\u00bb module_alignment=\u00bbcenter\u00bb custom_margin=\u00bb||20px|\u00bb custom_margin_tablet=\u00bb||20px|\u00bb custom_margin_phone=\u00bb||20px|\u00bb text_font_size_tablet=\u00bb24px\u00bb text_font_size_phone=\u00bb24px\u00bb text_letter_spacing_tablet=\u00bb0px\u00bb text_letter_spacing_phone=\u00bb0px\u00bb text_line_height_tablet=\u00bb1em\u00bb text_line_height_phone=\u00bb1em\u00bb header_font_size_tablet=\u00bb30px\u00bb header_font_size_phone=\u00bb30px\u00bb header_letter_spacing_tablet=\u00bb0px\u00bb header_letter_spacing_phone=\u00bb0px\u00bb header_line_height_tablet=\u00bb1em\u00bb header_line_height_phone=\u00bb1em\u00bb saved_tabs=\u00bball\u00bb global_colors_info=\u00bb{}\u00bb]<strong>\u00a0<\/strong><br \/>\n[\/et_pb_text][\/et_pb_column][et_pb_column type=\u00bb1_5&#8243; _builder_version=\u00bb4.16&#8243; custom_padding=\u00bb|||\u00bb global_colors_info=\u00bb{}\u00bb custom_padding__hover=\u00bb|||\u00bb][et_pb_image src=\u00bbhttps:\/\/granada.salesianos.edu\/colegio\/wp-content\/uploads\/sites\/2\/2021\/01\/logo-fp4.jpeg\u00bb url=\u00bbhttps:\/\/granada.salesianos.edu\/colegio\/ciclos-formativos\/\u00bb url_new_window=\u00bbon\u00bb show_bottom_space=\u00bboff\u00bb align=\u00bbcenter\u00bb align_tablet=\u00bbcenter\u00bb align_phone=\u00bb\u00bb align_last_edited=\u00bbon|desktop\u00bb disabled_on=\u00bboff|off|off\u00bb admin_label=\u00bbIcono app (Imagen)\u00bb _builder_version=\u00bb4.16&#8243; max_width=\u00bb200px\u00bb max_width_tablet=\u00bb200px\u00bb max_width_phone=\u00bb200px\u00bb custom_margin=\u00bb||16px|\u00bb custom_margin_tablet=\u00bb||16px|\u00bb custom_margin_phone=\u00bb||16px|\u00bb animation_style=\u00bbslide\u00bb animation_direction=\u00bbtop\u00bb animation_duration=\u00bb500ms\u00bb animation_intensity_slide=\u00bb10%\u00bb animation=\u00bbtop\u00bb sticky=\u00bbon\u00bb saved_tabs=\u00bball\u00bb global_colors_info=\u00bb{}\u00bb transform_styles__hover_enabled=\u00bbon|hover\u00bb transform_scale__hover=\u00bb115%|115%\u00bb transform_scale__hover_enabled=\u00bbon|hover\u00bb transform_translate__hover_enabled=\u00bbon|desktop\u00bb transform_rotate__hover_enabled=\u00bbon|desktop\u00bb transform_skew__hover_enabled=\u00bbon|desktop\u00bb transform_origin__hover_enabled=\u00bbon|desktop\u00bb][\/et_pb_image][\/et_pb_column][\/et_pb_row][\/et_pb_section]<\/p>\n","protected":false},"excerpt":{"rendered":"<p>Dentro de nuestro plan lector, una de las actividades que mas le gustan a nuestros alumnos de primaria es la visita que realizan a la biblioteca de las Palomas de nuestro barrio.<\/p>\n","protected":false},"author":2,"featured_media":17707,"comment_status":"open","ping_status":"open","sticky":false,"template":"","format":"standard","meta":{"_et_pb_use_builder":"on","_et_pb_old_content":"","_et_gb_content_width":"","footnotes":""},"categories":[11,28,22,1],"tags":[],"class_list":["post-17706","post","type-post","status-publish","format-standard","has-post-thumbnail","hentry","category-colegio","category-lengua","category-primaria","category-uncategorized"],"yoast_head":"<!-- This site is optimized with the Yoast SEO plugin v28.4 - https:\/\/yoast.com\/product\/yoast-seo-wordpress\/ -->\n<title>Nuestros alumnos de Primaria visitan la biblioteca del barrio. - Colegio Salesiano<\/title>\n<meta name=\"description\" content=\"Dentro de nuestro plan lector, una de las actividades que mas le gustan a nuestros alumnos de primaria es la visita que realizan a la biblioteca de las Palomas de nuestro barrio.\" \/>\n<meta name=\"robots\" content=\"index, follow, max-snippet:-1, max-image-preview:large, max-video-preview:-1\" \/>\n<link rel=\"canonical\" href=\"https:\/\/granada.salesianos.edu\/colegio\/blog\/nuestros-alumnos-de-primaria-visitan-la-biblioteca-del-barrio\/\" \/>\n<meta property=\"og:locale\" content=\"es_ES\" \/>\n<meta property=\"og:type\" content=\"article\" \/>\n<meta property=\"og:title\" content=\"Nuestros alumnos de Primaria visitan la biblioteca del barrio. - Colegio Salesiano\" \/>\n<meta property=\"og:description\" content=\"Dentro de nuestro plan lector, una de las actividades que mas le gustan a nuestros alumnos de primaria es la visita que realizan a la biblioteca de las Palomas de nuestro barrio.\" \/>\n<meta property=\"og:url\" content=\"https:\/\/granada.salesianos.edu\/colegio\/blog\/nuestros-alumnos-de-primaria-visitan-la-biblioteca-del-barrio\/\" \/>\n<meta property=\"og:site_name\" content=\"Colegio Salesiano\" \/>\n<meta property=\"article:publisher\" content=\"https:\/\/www.facebook.com\/SalesianosGR\/\" \/>\n<meta property=\"article:published_time\" content=\"2023-06-08T11:55:35+00:00\" \/>\n<meta property=\"article:modified_time\" content=\"2023-06-08T12:06:17+00:00\" \/>\n<meta property=\"og:image\" content=\"https:\/\/granada.salesianos.edu\/colegio\/wp-content\/uploads\/sites\/2\/2023\/06\/Visita-biblioteca-de-las-palomas-4.jpg\" \/>\n\t<meta property=\"og:image:width\" content=\"960\" \/>\n\t<meta property=\"og:image:height\" content=\"1280\" \/>\n\t<meta property=\"og:image:type\" content=\"image\/jpeg\" \/>\n<meta name=\"author\" content=\"Gestor Web\" \/>\n<meta name=\"twitter:card\" content=\"summary_large_image\" \/>\n<meta name=\"twitter:creator\" content=\"@GranadaSDB\" \/>\n<meta name=\"twitter:site\" content=\"@GranadaSDB\" \/>\n<meta name=\"twitter:label1\" content=\"Escrito por\" \/>\n\t<meta name=\"twitter:data1\" content=\"Gestor Web\" \/>\n<script type=\"application\/ld+json\" class=\"yoast-schema-graph\">{\"@context\":\"https:\\\/\\\/schema.org\",\"@graph\":[{\"@type\":\"Article\",\"@id\":\"https:\\\/\\\/granada.salesianos.edu\\\/colegio\\\/blog\\\/nuestros-alumnos-de-primaria-visitan-la-biblioteca-del-barrio\\\/#article\",\"isPartOf\":{\"@id\":\"https:\\\/\\\/granada.salesianos.edu\\\/colegio\\\/blog\\\/nuestros-alumnos-de-primaria-visitan-la-biblioteca-del-barrio\\\/\"},\"author\":{\"name\":\"Gestor Web\",\"@id\":\"https:\\\/\\\/granada.salesianos.edu\\\/colegio\\\/#\\\/schema\\\/person\\\/6392ff2e4bd1e66981d6eab734bbd962\"},\"headline\":\"Nuestros alumnos de Primaria visitan la biblioteca del barrio.\",\"datePublished\":\"2023-06-08T11:55:35+00:00\",\"dateModified\":\"2023-06-08T12:06:17+00:00\",\"mainEntityOfPage\":{\"@id\":\"https:\\\/\\\/granada.salesianos.edu\\\/colegio\\\/blog\\\/nuestros-alumnos-de-primaria-visitan-la-biblioteca-del-barrio\\\/\"},\"wordCount\":1346,\"commentCount\":0,\"publisher\":{\"@id\":\"https:\\\/\\\/granada.salesianos.edu\\\/colegio\\\/#organization\"},\"image\":{\"@id\":\"https:\\\/\\\/granada.salesianos.edu\\\/colegio\\\/blog\\\/nuestros-alumnos-de-primaria-visitan-la-biblioteca-del-barrio\\\/#primaryimage\"},\"thumbnailUrl\":\"https:\\\/\\\/granada.salesianos.edu\\\/colegio\\\/wp-content\\\/uploads\\\/sites\\\/2\\\/2023\\\/06\\\/Visita-biblioteca-de-las-palomas-4.jpg\",\"articleSection\":[\"Colegio\",\"Lengua\",\"Primaria\",\"Uncategorized\"],\"inLanguage\":\"es\",\"potentialAction\":[{\"@type\":\"CommentAction\",\"name\":\"Comment\",\"target\":[\"https:\\\/\\\/granada.salesianos.edu\\\/colegio\\\/blog\\\/nuestros-alumnos-de-primaria-visitan-la-biblioteca-del-barrio\\\/#respond\"]}]},{\"@type\":\"WebPage\",\"@id\":\"https:\\\/\\\/granada.salesianos.edu\\\/colegio\\\/blog\\\/nuestros-alumnos-de-primaria-visitan-la-biblioteca-del-barrio\\\/\",\"url\":\"https:\\\/\\\/granada.salesianos.edu\\\/colegio\\\/blog\\\/nuestros-alumnos-de-primaria-visitan-la-biblioteca-del-barrio\\\/\",\"name\":\"Nuestros alumnos de Primaria visitan la biblioteca del barrio. - Colegio Salesiano\",\"isPartOf\":{\"@id\":\"https:\\\/\\\/granada.salesianos.edu\\\/colegio\\\/#website\"},\"primaryImageOfPage\":{\"@id\":\"https:\\\/\\\/granada.salesianos.edu\\\/colegio\\\/blog\\\/nuestros-alumnos-de-primaria-visitan-la-biblioteca-del-barrio\\\/#primaryimage\"},\"image\":{\"@id\":\"https:\\\/\\\/granada.salesianos.edu\\\/colegio\\\/blog\\\/nuestros-alumnos-de-primaria-visitan-la-biblioteca-del-barrio\\\/#primaryimage\"},\"thumbnailUrl\":\"https:\\\/\\\/granada.salesianos.edu\\\/colegio\\\/wp-content\\\/uploads\\\/sites\\\/2\\\/2023\\\/06\\\/Visita-biblioteca-de-las-palomas-4.jpg\",\"datePublished\":\"2023-06-08T11:55:35+00:00\",\"dateModified\":\"2023-06-08T12:06:17+00:00\",\"description\":\"Dentro de nuestro plan lector, una de las actividades que mas le gustan a nuestros alumnos de primaria es la visita que realizan a la biblioteca de las Palomas de nuestro barrio.\",\"breadcrumb\":{\"@id\":\"https:\\\/\\\/granada.salesianos.edu\\\/colegio\\\/blog\\\/nuestros-alumnos-de-primaria-visitan-la-biblioteca-del-barrio\\\/#breadcrumb\"},\"inLanguage\":\"es\",\"potentialAction\":[{\"@type\":\"ReadAction\",\"target\":[\"https:\\\/\\\/granada.salesianos.edu\\\/colegio\\\/blog\\\/nuestros-alumnos-de-primaria-visitan-la-biblioteca-del-barrio\\\/\"]}]},{\"@type\":\"ImageObject\",\"inLanguage\":\"es\",\"@id\":\"https:\\\/\\\/granada.salesianos.edu\\\/colegio\\\/blog\\\/nuestros-alumnos-de-primaria-visitan-la-biblioteca-del-barrio\\\/#primaryimage\",\"url\":\"https:\\\/\\\/granada.salesianos.edu\\\/colegio\\\/wp-content\\\/uploads\\\/sites\\\/2\\\/2023\\\/06\\\/Visita-biblioteca-de-las-palomas-4.jpg\",\"contentUrl\":\"https:\\\/\\\/granada.salesianos.edu\\\/colegio\\\/wp-content\\\/uploads\\\/sites\\\/2\\\/2023\\\/06\\\/Visita-biblioteca-de-las-palomas-4.jpg\",\"width\":960,\"height\":1280},{\"@type\":\"BreadcrumbList\",\"@id\":\"https:\\\/\\\/granada.salesianos.edu\\\/colegio\\\/blog\\\/nuestros-alumnos-de-primaria-visitan-la-biblioteca-del-barrio\\\/#breadcrumb\",\"itemListElement\":[{\"@type\":\"ListItem\",\"position\":1,\"name\":\"Portada\",\"item\":\"https:\\\/\\\/granada.salesianos.edu\\\/colegio\\\/\"},{\"@type\":\"ListItem\",\"position\":2,\"name\":\"Nuestros alumnos de Primaria visitan la biblioteca del barrio.\"}]},{\"@type\":\"WebSite\",\"@id\":\"https:\\\/\\\/granada.salesianos.edu\\\/colegio\\\/#website\",\"url\":\"https:\\\/\\\/granada.salesianos.edu\\\/colegio\\\/\",\"name\":\"Colegio Salesiano\",\"description\":\"P\u00e1gina oficial de Salesianos Granada San Juan Bosco\",\"publisher\":{\"@id\":\"https:\\\/\\\/granada.salesianos.edu\\\/colegio\\\/#organization\"},\"potentialAction\":[{\"@type\":\"SearchAction\",\"target\":{\"@type\":\"EntryPoint\",\"urlTemplate\":\"https:\\\/\\\/granada.salesianos.edu\\\/colegio\\\/?s={search_term_string}\"},\"query-input\":{\"@type\":\"PropertyValueSpecification\",\"valueRequired\":true,\"valueName\":\"search_term_string\"}}],\"inLanguage\":\"es\"},{\"@type\":\"Organization\",\"@id\":\"https:\\\/\\\/granada.salesianos.edu\\\/colegio\\\/#organization\",\"name\":\"Colegio Salesiano San Juan Bosco Granada\",\"url\":\"https:\\\/\\\/granada.salesianos.edu\\\/colegio\\\/\",\"logo\":{\"@type\":\"ImageObject\",\"inLanguage\":\"es\",\"@id\":\"https:\\\/\\\/granada.salesianos.edu\\\/colegio\\\/#\\\/schema\\\/logo\\\/image\\\/\",\"url\":\"https:\\\/\\\/granada.salesianos.edu\\\/colegio\\\/wp-content\\\/uploads\\\/sites\\\/2\\\/2021\\\/01\\\/GRANADAobraVN2.jpg\",\"contentUrl\":\"https:\\\/\\\/granada.salesianos.edu\\\/colegio\\\/wp-content\\\/uploads\\\/sites\\\/2\\\/2021\\\/01\\\/GRANADAobraVN2.jpg\",\"width\":2113,\"height\":1894,\"caption\":\"Colegio Salesiano San Juan Bosco Granada\"},\"image\":{\"@id\":\"https:\\\/\\\/granada.salesianos.edu\\\/colegio\\\/#\\\/schema\\\/logo\\\/image\\\/\"},\"sameAs\":[\"https:\\\/\\\/www.facebook.com\\\/SalesianosGR\\\/\",\"https:\\\/\\\/x.com\\\/GranadaSDB\",\"https:\\\/\\\/www.instagram.com\\\/salesianosgranada\\\/\",\"https:\\\/\\\/www.youtube.com\\\/channel\\\/UChkpZuhCf4Y5rYIcFT3CNxw?view_as=subscriber\"]},{\"@type\":\"Person\",\"@id\":\"https:\\\/\\\/granada.salesianos.edu\\\/colegio\\\/#\\\/schema\\\/person\\\/6392ff2e4bd1e66981d6eab734bbd962\",\"name\":\"Gestor Web\",\"image\":{\"@type\":\"ImageObject\",\"inLanguage\":\"es\",\"@id\":\"https:\\\/\\\/secure.gravatar.com\\\/avatar\\\/160666bb56a01520857079961a824af2b7821d6bad80677c80f2b473fceead1b?s=96&d=mm&r=g\",\"url\":\"https:\\\/\\\/secure.gravatar.com\\\/avatar\\\/160666bb56a01520857079961a824af2b7821d6bad80677c80f2b473fceead1b?s=96&d=mm&r=g\",\"contentUrl\":\"https:\\\/\\\/secure.gravatar.com\\\/avatar\\\/160666bb56a01520857079961a824af2b7821d6bad80677c80f2b473fceead1b?s=96&d=mm&r=g\",\"caption\":\"Gestor Web\"}}]}<\/script>\n<!-- \/ Yoast SEO plugin. -->","yoast_head_json":{"title":"Nuestros alumnos de Primaria visitan la biblioteca del barrio. - Colegio Salesiano","description":"Dentro de nuestro plan lector, una de las actividades que mas le gustan a nuestros alumnos de primaria es la visita que realizan a la biblioteca de las Palomas de nuestro barrio.","robots":{"index":"index","follow":"follow","max-snippet":"max-snippet:-1","max-image-preview":"max-image-preview:large","max-video-preview":"max-video-preview:-1"},"canonical":"https:\/\/granada.salesianos.edu\/colegio\/blog\/nuestros-alumnos-de-primaria-visitan-la-biblioteca-del-barrio\/","og_locale":"es_ES","og_type":"article","og_title":"Nuestros alumnos de Primaria visitan la biblioteca del barrio. - Colegio Salesiano","og_description":"Dentro de nuestro plan lector, una de las actividades que mas le gustan a nuestros alumnos de primaria es la visita que realizan a la biblioteca de las Palomas de nuestro barrio.","og_url":"https:\/\/granada.salesianos.edu\/colegio\/blog\/nuestros-alumnos-de-primaria-visitan-la-biblioteca-del-barrio\/","og_site_name":"Colegio Salesiano","article_publisher":"https:\/\/www.facebook.com\/SalesianosGR\/","article_published_time":"2023-06-08T11:55:35+00:00","article_modified_time":"2023-06-08T12:06:17+00:00","og_image":[{"width":960,"height":1280,"url":"https:\/\/granada.salesianos.edu\/colegio\/wp-content\/uploads\/sites\/2\/2023\/06\/Visita-biblioteca-de-las-palomas-4.jpg","type":"image\/jpeg"}],"author":"Gestor Web","twitter_card":"summary_large_image","twitter_creator":"@GranadaSDB","twitter_site":"@GranadaSDB","twitter_misc":{"Escrito por":"Gestor Web"},"schema":{"@context":"https:\/\/schema.org","@graph":[{"@type":"Article","@id":"https:\/\/granada.salesianos.edu\/colegio\/blog\/nuestros-alumnos-de-primaria-visitan-la-biblioteca-del-barrio\/#article","isPartOf":{"@id":"https:\/\/granada.salesianos.edu\/colegio\/blog\/nuestros-alumnos-de-primaria-visitan-la-biblioteca-del-barrio\/"},"author":{"name":"Gestor Web","@id":"https:\/\/granada.salesianos.edu\/colegio\/#\/schema\/person\/6392ff2e4bd1e66981d6eab734bbd962"},"headline":"Nuestros alumnos de Primaria visitan la biblioteca del barrio.","datePublished":"2023-06-08T11:55:35+00:00","dateModified":"2023-06-08T12:06:17+00:00","mainEntityOfPage":{"@id":"https:\/\/granada.salesianos.edu\/colegio\/blog\/nuestros-alumnos-de-primaria-visitan-la-biblioteca-del-barrio\/"},"wordCount":1346,"commentCount":0,"publisher":{"@id":"https:\/\/granada.salesianos.edu\/colegio\/#organization"},"image":{"@id":"https:\/\/granada.salesianos.edu\/colegio\/blog\/nuestros-alumnos-de-primaria-visitan-la-biblioteca-del-barrio\/#primaryimage"},"thumbnailUrl":"https:\/\/granada.salesianos.edu\/colegio\/wp-content\/uploads\/sites\/2\/2023\/06\/Visita-biblioteca-de-las-palomas-4.jpg","articleSection":["Colegio","Lengua","Primaria","Uncategorized"],"inLanguage":"es","potentialAction":[{"@type":"CommentAction","name":"Comment","target":["https:\/\/granada.salesianos.edu\/colegio\/blog\/nuestros-alumnos-de-primaria-visitan-la-biblioteca-del-barrio\/#respond"]}]},{"@type":"WebPage","@id":"https:\/\/granada.salesianos.edu\/colegio\/blog\/nuestros-alumnos-de-primaria-visitan-la-biblioteca-del-barrio\/","url":"https:\/\/granada.salesianos.edu\/colegio\/blog\/nuestros-alumnos-de-primaria-visitan-la-biblioteca-del-barrio\/","name":"Nuestros alumnos de Primaria visitan la biblioteca del barrio. - Colegio Salesiano","isPartOf":{"@id":"https:\/\/granada.salesianos.edu\/colegio\/#website"},"primaryImageOfPage":{"@id":"https:\/\/granada.salesianos.edu\/colegio\/blog\/nuestros-alumnos-de-primaria-visitan-la-biblioteca-del-barrio\/#primaryimage"},"image":{"@id":"https:\/\/granada.salesianos.edu\/colegio\/blog\/nuestros-alumnos-de-primaria-visitan-la-biblioteca-del-barrio\/#primaryimage"},"thumbnailUrl":"https:\/\/granada.salesianos.edu\/colegio\/wp-content\/uploads\/sites\/2\/2023\/06\/Visita-biblioteca-de-las-palomas-4.jpg","datePublished":"2023-06-08T11:55:35+00:00","dateModified":"2023-06-08T12:06:17+00:00","description":"Dentro de nuestro plan lector, una de las actividades que mas le gustan a nuestros alumnos de primaria es la visita que realizan a la biblioteca de las Palomas de nuestro barrio.","breadcrumb":{"@id":"https:\/\/granada.salesianos.edu\/colegio\/blog\/nuestros-alumnos-de-primaria-visitan-la-biblioteca-del-barrio\/#breadcrumb"},"inLanguage":"es","potentialAction":[{"@type":"ReadAction","target":["https:\/\/granada.salesianos.edu\/colegio\/blog\/nuestros-alumnos-de-primaria-visitan-la-biblioteca-del-barrio\/"]}]},{"@type":"ImageObject","inLanguage":"es","@id":"https:\/\/granada.salesianos.edu\/colegio\/blog\/nuestros-alumnos-de-primaria-visitan-la-biblioteca-del-barrio\/#primaryimage","url":"https:\/\/granada.salesianos.edu\/colegio\/wp-content\/uploads\/sites\/2\/2023\/06\/Visita-biblioteca-de-las-palomas-4.jpg","contentUrl":"https:\/\/granada.salesianos.edu\/colegio\/wp-content\/uploads\/sites\/2\/2023\/06\/Visita-biblioteca-de-las-palomas-4.jpg","width":960,"height":1280},{"@type":"BreadcrumbList","@id":"https:\/\/granada.salesianos.edu\/colegio\/blog\/nuestros-alumnos-de-primaria-visitan-la-biblioteca-del-barrio\/#breadcrumb","itemListElement":[{"@type":"ListItem","position":1,"name":"Portada","item":"https:\/\/granada.salesianos.edu\/colegio\/"},{"@type":"ListItem","position":2,"name":"Nuestros alumnos de Primaria visitan la biblioteca del barrio."}]},{"@type":"WebSite","@id":"https:\/\/granada.salesianos.edu\/colegio\/#website","url":"https:\/\/granada.salesianos.edu\/colegio\/","name":"Colegio Salesiano","description":"P\u00e1gina oficial de Salesianos Granada San Juan Bosco","publisher":{"@id":"https:\/\/granada.salesianos.edu\/colegio\/#organization"},"potentialAction":[{"@type":"SearchAction","target":{"@type":"EntryPoint","urlTemplate":"https:\/\/granada.salesianos.edu\/colegio\/?s={search_term_string}"},"query-input":{"@type":"PropertyValueSpecification","valueRequired":true,"valueName":"search_term_string"}}],"inLanguage":"es"},{"@type":"Organization","@id":"https:\/\/granada.salesianos.edu\/colegio\/#organization","name":"Colegio Salesiano San Juan Bosco Granada","url":"https:\/\/granada.salesianos.edu\/colegio\/","logo":{"@type":"ImageObject","inLanguage":"es","@id":"https:\/\/granada.salesianos.edu\/colegio\/#\/schema\/logo\/image\/","url":"https:\/\/granada.salesianos.edu\/colegio\/wp-content\/uploads\/sites\/2\/2021\/01\/GRANADAobraVN2.jpg","contentUrl":"https:\/\/granada.salesianos.edu\/colegio\/wp-content\/uploads\/sites\/2\/2021\/01\/GRANADAobraVN2.jpg","width":2113,"height":1894,"caption":"Colegio Salesiano San Juan Bosco Granada"},"image":{"@id":"https:\/\/granada.salesianos.edu\/colegio\/#\/schema\/logo\/image\/"},"sameAs":["https:\/\/www.facebook.com\/SalesianosGR\/","https:\/\/x.com\/GranadaSDB","https:\/\/www.instagram.com\/salesianosgranada\/","https:\/\/www.youtube.com\/channel\/UChkpZuhCf4Y5rYIcFT3CNxw?view_as=subscriber"]},{"@type":"Person","@id":"https:\/\/granada.salesianos.edu\/colegio\/#\/schema\/person\/6392ff2e4bd1e66981d6eab734bbd962","name":"Gestor Web","image":{"@type":"ImageObject","inLanguage":"es","@id":"https:\/\/secure.gravatar.com\/avatar\/160666bb56a01520857079961a824af2b7821d6bad80677c80f2b473fceead1b?s=96&d=mm&r=g","url":"https:\/\/secure.gravatar.com\/avatar\/160666bb56a01520857079961a824af2b7821d6bad80677c80f2b473fceead1b?s=96&d=mm&r=g","contentUrl":"https:\/\/secure.gravatar.com\/avatar\/160666bb56a01520857079961a824af2b7821d6bad80677c80f2b473fceead1b?s=96&d=mm&r=g","caption":"Gestor Web"}}]}},"_links":{"self":[{"href":"https:\/\/granada.salesianos.edu\/colegio\/wp-json\/wp\/v2\/posts\/17706","targetHints":{"allow":["GET"]}}],"collection":[{"href":"https:\/\/granada.salesianos.edu\/colegio\/wp-json\/wp\/v2\/posts"}],"about":[{"href":"https:\/\/granada.salesianos.edu\/colegio\/wp-json\/wp\/v2\/types\/post"}],"author":[{"embeddable":true,"href":"https:\/\/granada.salesianos.edu\/colegio\/wp-json\/wp\/v2\/users\/2"}],"replies":[{"embeddable":true,"href":"https:\/\/granada.salesianos.edu\/colegio\/wp-json\/wp\/v2\/comments?post=17706"}],"version-history":[{"count":4,"href":"https:\/\/granada.salesianos.edu\/colegio\/wp-json\/wp\/v2\/posts\/17706\/revisions"}],"predecessor-version":[{"id":17711,"href":"https:\/\/granada.salesianos.edu\/colegio\/wp-json\/wp\/v2\/posts\/17706\/revisions\/17711"}],"wp:featuredmedia":[{"embeddable":true,"href":"https:\/\/granada.salesianos.edu\/colegio\/wp-json\/wp\/v2\/media\/17707"}],"wp:attachment":[{"href":"https:\/\/granada.salesianos.edu\/colegio\/wp-json\/wp\/v2\/media?parent=17706"}],"wp:term":[{"taxonomy":"category","embeddable":true,"href":"https:\/\/granada.salesianos.edu\/colegio\/wp-json\/wp\/v2\/categories?post=17706"},{"taxonomy":"post_tag","embeddable":true,"href":"https:\/\/granada.salesianos.edu\/colegio\/wp-json\/wp\/v2\/tags?post=17706"}],"curies":[{"name":"wp","href":"https:\/\/api.w.org\/{rel}","templated":true}]}}