{"id":17901,"date":"2023-07-24T09:30:40","date_gmt":"2023-07-24T07:30:40","guid":{"rendered":"https:\/\/granada.salesianos.edu\/colegio\/?p=17901"},"modified":"2023-09-05T10:24:47","modified_gmt":"2023-09-05T08:24:47","slug":"informaciones-inicio-de-curso-23-24","status":"publish","type":"post","link":"https:\/\/granada.salesianos.edu\/colegio\/blog\/informaciones-inicio-de-curso-23-24\/","title":{"rendered":"Informaciones INICIO DE CURSO 23-24"},"content":{"rendered":"<div id=\"fb-root\"><\/div>\n<p>[et_pb_section fb_built=\u00bb1&#8243; admin_label=\u00bbsection\u00bb _builder_version=\u00bb4.16&#8243; global_colors_info=\u00bb{}\u00bb theme_builder_area=\u00bbpost_content\u00bb][et_pb_row admin_label=\u00bbrow\u00bb _builder_version=\u00bb4.16&#8243; background_size=\u00bbinitial\u00bb background_position=\u00bbtop_left\u00bb background_repeat=\u00bbrepeat\u00bb global_colors_info=\u00bb{}\u00bb theme_builder_area=\u00bbpost_content\u00bb][et_pb_column type=\u00bb4_4&#8243; _builder_version=\u00bb4.16&#8243; custom_padding=\u00bb|||\u00bb global_colors_info=\u00bb{}\u00bb custom_padding__hover=\u00bb|||\u00bb theme_builder_area=\u00bbpost_content\u00bb][et_pb_text disabled_on=\u00bboff|off|off\u00bb admin_label=\u00bbInicio de clases\u00bb _builder_version=\u00bb4.21.2&#8243; _module_preset=\u00bbdefault\u00bb global_colors_info=\u00bb{}\u00bb theme_builder_area=\u00bbpost_content\u00bb]<\/p>\n<h1>INICIO DE CLASES. HORARIO DE ENTRADA<\/h1>\n<ul>\n<li><strong>INFANTIL: las clases comenzar\u00e1n el 11 de septiembre de 2023<\/strong><\/li>\n<\/ul>\n<p style=\"padding-left: 80px;\"><strong>INFANTIL 3 A\u00d1OS: <\/strong>\u00a0La entrada ser\u00e1 a las 10:30 en la capilla. Les acompa\u00f1ar\u00e1n las familias. La salida de los alumnos de infantil ser\u00e1 a las 13:00 en su aula.<\/p>\n<p style=\"padding-left: 80px;\"><strong>INFANTIL 4 Y 5 A\u00d1OS: <\/strong>La entrada ser\u00e1 a las 11:30 en su fila habitual. La salida ser\u00e1 a la hora habitual.<\/p>\n<p style=\"padding-left: 80px;\">\n<ul>\n<li><strong>PRIMARIA: las clases comenzar\u00e1n el 11 de septiembre de 2023<\/strong><\/li>\n<\/ul>\n<p style=\"padding-left: 80px;\"><strong>1\u00ba de PRIMARIA: <\/strong>La entrada ser\u00e1 a las 10:00 en la Iglesia. Les acompa\u00f1ar\u00e1n las familias.<\/p>\n<p style=\"padding-left: 80px;\"><strong>2\u00ba a 6\u00ba de PRIMARIA:<\/strong> La entrada ser\u00e1 a las 11:30 en su fila habitual.<\/p>\n<p style=\"padding-left: 80px;\"><em>La salida de los alumnos de primaria ser\u00e1 a las 14:00 en el patio del teatro.<\/em><\/p>\n<ul>\n<li><strong>ESO: las clases comenzar\u00e1n el 15 de septiembre de 2023<\/strong><\/li>\n<\/ul>\n<p style=\"padding-left: 80px;\"><strong>1\u00ba ESO:<\/strong> La entrada ser\u00e1 a las 9:30 en la sala de Mar\u00eda Auxiliadora.<\/p>\n<p style=\"padding-left: 80px;\"><strong>2\u00ba ESO:<\/strong> La entrada ser\u00e1 a las 10:15 en la sala de Mar\u00eda Auxiliadora.<\/p>\n<p style=\"padding-left: 80px;\"><strong>3\u00ba ESO:<\/strong> La entrada ser\u00e1 a las 10:45 en la sala de Mar\u00eda Auxiliadora.<\/p>\n<p style=\"padding-left: 80px;\"><strong>4\u00ba ESO:<\/strong> La entrada ser\u00e1 a las 11:00 en la sala de Mar\u00eda Auxiliadora.<\/p>\n<ul>\n<li><strong>BACHILLERATO: las clases comenzar\u00e1n el 15 de septiembre de 2023<\/strong><\/li>\n<\/ul>\n<p style=\"padding-left: 80px;\"><strong>1\u00ba BTO:<\/strong> La entrada ser\u00e1 a las 10:15 en el teatro.<\/p>\n<p style=\"padding-left: 80px;\"><strong>2\u00ba BTO:<\/strong> La entrada ser\u00e1 a las 11:45 directamente en las clases.<\/p>\n<ul>\n<li><strong>FORMACI\u00d3N PROFESIONAL: las clases comenzar\u00e1n el 15 de septiembre de 2023<\/strong><\/li>\n<\/ul>\n<p style=\"padding-left: 80px;\"><strong>1\u00ba FP:<\/strong> La entrada ser\u00e1 a las 11:15.<\/p>\n<p style=\"padding-left: 80px;\"><strong>2\u00ba FP:<\/strong> La entrada ser\u00e1 a las 11:45 directamente en las clases.<\/p>\n<p>[\/et_pb_text][et_pb_divider show_divider=\u00bboff\u00bb _builder_version=\u00bb4.21.0&#8243; _module_preset=\u00bbdefault\u00bb global_colors_info=\u00bb{}\u00bb theme_builder_area=\u00bbpost_content\u00bb][\/et_pb_divider][et_pb_text admin_label=\u00bbCalendario escolar\u00bb _builder_version=\u00bb4.21.2&#8243; _module_preset=\u00bbdefault\u00bb global_colors_info=\u00bb{}\u00bb theme_builder_area=\u00bbpost_content\u00bb]<\/p>\n<h1>CALENDARIO ESCOLAR PROVINCIAL<\/h1>\n<p>A este calendario escolar faltar\u00eda a\u00f1adirle los festivos locales de Granada capital.<\/p>\n<p>[\/et_pb_text][et_pb_image src=\u00bbhttps:\/\/granada.salesianos.edu\/wp-content\/uploads\/2023\/07\/CUADRO-RESUMEN-CALENDARIO-23-24-GRANADA.jpg\u00bb title_text=\u00bbCUADRO-RESUMEN-CALENDARIO-23-24-GRANADA\u00bb align=\u00bbcenter\u00bb _builder_version=\u00bb4.21.2&#8243; _module_preset=\u00bbdefault\u00bb global_colors_info=\u00bb{}\u00bb theme_builder_area=\u00bbpost_content\u00bb][\/et_pb_image][et_pb_divider show_divider=\u00bboff\u00bb _builder_version=\u00bb4.21.0&#8243; _module_preset=\u00bbdefault\u00bb global_colors_info=\u00bb{}\u00bb theme_builder_area=\u00bbpost_content\u00bb][\/et_pb_divider][\/et_pb_column][\/et_pb_row][et_pb_row _builder_version=\u00bb4.21.2&#8243; _module_preset=\u00bbdefault\u00bb global_colors_info=\u00bb{}\u00bb theme_builder_area=\u00bbpost_content\u00bb][et_pb_column type=\u00bb4_4&#8243; _builder_version=\u00bb4.21.2&#8243; _module_preset=\u00bbdefault\u00bb global_colors_info=\u00bb{}\u00bb theme_builder_area=\u00bbpost_content\u00bb][et_pb_text admin_label=\u00bbLibros de texto\u00bb _builder_version=\u00bb4.21.0&#8243; _module_preset=\u00bbdefault\u00bb global_colors_info=\u00bb{}\u00bb theme_builder_area=\u00bbpost_content\u00bb]<\/p>\n<h1>LIBROS DE TEXTO 23-24<strong><\/strong><\/h1>\n<p><strong><\/strong><\/p>\n<p><strong>Para conocer la informaci\u00f3n sobre los libros de texto y material complementario, debes acceder a la etapa correspondiente y ah\u00ed encontrar\u00e1s un apartado con toda la informaci\u00f3n. <\/strong><strong>Aqu\u00ed tienes los enlaces de cada etapa:<\/strong><\/p>\n<p>[\/et_pb_text][\/et_pb_column][\/et_pb_row][et_pb_row column_structure=\u00bb1_5,1_5,1_5,1_5,1_5&#8243; _builder_version=\u00bb4.21.0&#8243; _module_preset=\u00bbdefault\u00bb global_colors_info=\u00bb{}\u00bb theme_builder_area=\u00bbpost_content\u00bb][et_pb_column type=\u00bb1_5&#8243; _builder_version=\u00bb4.21.0&#8243; _module_preset=\u00bbdefault\u00bb global_colors_info=\u00bb{}\u00bb theme_builder_area=\u00bbpost_content\u00bb][et_pb_button button_url=\u00bbhttps:\/\/granada.salesianos.edu\/colegio\/infantil\/\u00bb url_new_window=\u00bbon\u00bb button_text=\u00bbInfantil\u00bb admin_label=\u00bbInfantil\u00bb _builder_version=\u00bb4.21.0&#8243; _module_preset=\u00bbdefault\u00bb custom_button=\u00bbon\u00bb button_text_color=\u00bb#ffffff\u00bb button_bg_color=\u00bb#e02b20&#8243; button_border_width=\u00bb0px\u00bb button_border_radius=\u00bb6px\u00bb global_colors_info=\u00bb{}\u00bb theme_builder_area=\u00bbpost_content\u00bb][\/et_pb_button][\/et_pb_column][et_pb_column type=\u00bb1_5&#8243; _builder_version=\u00bb4.21.0&#8243; _module_preset=\u00bbdefault\u00bb global_colors_info=\u00bb{}\u00bb theme_builder_area=\u00bbpost_content\u00bb][et_pb_button button_url=\u00bbhttps:\/\/granada.salesianos.edu\/colegio\/primaria\/\u00bb url_new_window=\u00bbon\u00bb button_text=\u00bbPrimaria\u00bb admin_label=\u00bbPrimaria\u00bb _builder_version=\u00bb4.21.0&#8243; _module_preset=\u00bbdefault\u00bb custom_button=\u00bbon\u00bb button_text_color=\u00bb#ffffff\u00bb button_bg_color=\u00bb#e02b20&#8243; button_border_width=\u00bb0px\u00bb button_border_radius=\u00bb6px\u00bb global_colors_info=\u00bb{}\u00bb theme_builder_area=\u00bbpost_content\u00bb][\/et_pb_button][\/et_pb_column][et_pb_column type=\u00bb1_5&#8243; _builder_version=\u00bb4.21.0&#8243; _module_preset=\u00bbdefault\u00bb global_colors_info=\u00bb{}\u00bb theme_builder_area=\u00bbpost_content\u00bb][et_pb_button button_url=\u00bbhttps:\/\/granada.salesianos.edu\/colegio\/eso\/\u00bb url_new_window=\u00bbon\u00bb button_text=\u00bbESO\u00bb admin_label=\u00bbESO\u00bb _builder_version=\u00bb4.21.0&#8243; _module_preset=\u00bbdefault\u00bb custom_button=\u00bbon\u00bb button_text_color=\u00bb#ffffff\u00bb button_bg_color=\u00bb#e02b20&#8243; button_border_width=\u00bb0px\u00bb button_border_radius=\u00bb6px\u00bb global_colors_info=\u00bb{}\u00bb theme_builder_area=\u00bbpost_content\u00bb][\/et_pb_button][\/et_pb_column][et_pb_column type=\u00bb1_5&#8243; _builder_version=\u00bb4.21.0&#8243; _module_preset=\u00bbdefault\u00bb global_colors_info=\u00bb{}\u00bb theme_builder_area=\u00bbpost_content\u00bb][et_pb_button button_url=\u00bbhttps:\/\/granada.salesianos.edu\/colegio\/bachillerato\/\u00bb url_new_window=\u00bbon\u00bb button_text=\u00bbBachillerato\u00bb admin_label=\u00bbBachillerato\u00bb _builder_version=\u00bb4.21.0&#8243; _module_preset=\u00bbdefault\u00bb custom_button=\u00bbon\u00bb button_text_color=\u00bb#ffffff\u00bb button_bg_color=\u00bb#e02b20&#8243; button_border_width=\u00bb0px\u00bb button_border_radius=\u00bb6px\u00bb global_colors_info=\u00bb{}\u00bb theme_builder_area=\u00bbpost_content\u00bb][\/et_pb_button][\/et_pb_column][et_pb_column type=\u00bb1_5&#8243; _builder_version=\u00bb4.21.0&#8243; _module_preset=\u00bbdefault\u00bb global_colors_info=\u00bb{}\u00bb theme_builder_area=\u00bbpost_content\u00bb][et_pb_button button_url=\u00bbhttps:\/\/granada.salesianos.edu\/colegio\/ciclos-formativos\/\u00bb url_new_window=\u00bbon\u00bb button_text=\u00bbFP\u00bb admin_label=\u00bbFP\u00bb _builder_version=\u00bb4.21.0&#8243; _module_preset=\u00bbdefault\u00bb custom_button=\u00bbon\u00bb button_text_color=\u00bb#ffffff\u00bb button_bg_color=\u00bb#e02b20&#8243; button_border_width=\u00bb0px\u00bb button_border_radius=\u00bb6px\u00bb global_colors_info=\u00bb{}\u00bb theme_builder_area=\u00bbpost_content\u00bb][\/et_pb_button][\/et_pb_column][\/et_pb_row][et_pb_row _builder_version=\u00bb4.21.2&#8243; _module_preset=\u00bbdefault\u00bb global_colors_info=\u00bb{}\u00bb theme_builder_area=\u00bbpost_content\u00bb][et_pb_column type=\u00bb4_4&#8243; _builder_version=\u00bb4.21.2&#8243; _module_preset=\u00bbdefault\u00bb global_colors_info=\u00bb{}\u00bb theme_builder_area=\u00bbpost_content\u00bb][et_pb_text admin_label=\u00bbLibros de texto\u00bb _builder_version=\u00bb4.21.2&#8243; _module_preset=\u00bbdefault\u00bb global_colors_info=\u00bb{}\u00bb theme_builder_area=\u00bbpost_content\u00bb]<\/p>\n<h1>RECOGIDA DE LIBROS DE TEXTO 23-24<strong><\/strong><\/h1>\n<p><strong><\/strong><\/p>\n<p><b>Si deseas adquirir los libros en nuestr<\/b><b>o colegio, a trav\u00e9s de DOSALIBROS, lo podr\u00e1s hacer a partir del 4 de septiembre, en el horario siguiente:<\/b><\/p>\n<ul>\n<li><b>De lunes a jueves de 16:30 a 19:00<\/b><\/li>\n<li><b>Martes, mi\u00e9rcoles y jueves de 11:00 a 13:00.<\/b><\/li>\n<\/ul>\n<p>[\/et_pb_text][\/et_pb_column][\/et_pb_row][et_pb_row _builder_version=\u00bb4.21.2&#8243; _module_preset=\u00bbdefault\u00bb global_colors_info=\u00bb{}\u00bb theme_builder_area=\u00bbpost_content\u00bb][et_pb_column type=\u00bb4_4&#8243; _builder_version=\u00bb4.21.2&#8243; _module_preset=\u00bbdefault\u00bb global_colors_info=\u00bb{}\u00bb theme_builder_area=\u00bbpost_content\u00bb][et_pb_text admin_label=\u00bbExtraescolares\u00bb _builder_version=\u00bb4.21.2&#8243; _module_preset=\u00bbdefault\u00bb global_colors_info=\u00bb{}\u00bb theme_builder_area=\u00bbpost_content\u00bb]<\/p>\n<h1>ACTIVIDADES EXTRAESCOLARES 23-24<\/h1>\n<p><strong>Este curso continuamos mejorando nuestras actividades extraescolares, pincha en la siguiente imagen y tendr\u00e1s toda la informaci\u00f3n sobre nuestra oferta de actividades.<\/strong><\/p>\n<p>[\/et_pb_text][et_pb_image src=\u00bbhttps:\/\/granada.salesianos.edu\/wp-content\/uploads\/2023\/07\/23-24-Actividades-extraescolares-SALESIANOS-GRANADA-1.png\u00bb title_text=\u00bb23-24 Actividades extraescolares SALESIANOS GRANADA (1)\u00bb url=\u00bbhttps:\/\/granada.salesianos.edu\/colegio\/extraescolares\/\u00bb url_new_window=\u00bbon\u00bb align=\u00bbcenter\u00bb _builder_version=\u00bb4.21.2&#8243; _module_preset=\u00bbdefault\u00bb width=\u00bb75%\u00bb global_colors_info=\u00bb{}\u00bb theme_builder_area=\u00bbpost_content\u00bb][\/et_pb_image][\/et_pb_column][\/et_pb_row][et_pb_row _builder_version=\u00bb4.21.2&#8243; _module_preset=\u00bbdefault\u00bb global_colors_info=\u00bb{}\u00bb theme_builder_area=\u00bbpost_content\u00bb][et_pb_column type=\u00bb4_4&#8243; _builder_version=\u00bb4.21.2&#8243; _module_preset=\u00bbdefault\u00bb global_colors_info=\u00bb{}\u00bb theme_builder_area=\u00bbpost_content\u00bb][et_pb_text admin_label=\u00bbEx\u00e1menes de septiembre 1\u00babto\u00bb _builder_version=\u00bb4.21.2&#8243; _module_preset=\u00bbdefault\u00bb global_colors_info=\u00bb{}\u00bb theme_builder_area=\u00bbpost_content\u00bb]<\/p>\n<h1>EX\u00c1MENES DE SEPTIEMBRE 1\u00ba BTO 23-24. ENTREGA DE NOTAS<\/h1>\n<p>La entrega de notas presencial de la convocatoria de septiembre para 1\u00ba de BTO ser\u00e1 el martes d\u00eda 5 de septiembre de 12:00 a 13:00. No obstante, las notas se publicar\u00e1n tambi\u00e9n en la Plataforma Qualitas.<\/p>\n<p>[\/et_pb_text][et_pb_image src=\u00bbhttps:\/\/granada.salesianos.edu\/wp-content\/uploads\/2023\/07\/22-23-Examenes-de-septiembre-1o-BTO-.jpg\u00bb title_text=\u00bb22-23-Examenes-de-septiembre-1o-BTO-\u00bb align=\u00bbcenter\u00bb _builder_version=\u00bb4.21.2&#8243; _module_preset=\u00bbdefault\u00bb global_colors_info=\u00bb{}\u00bb theme_builder_area=\u00bbpost_content\u00bb][\/et_pb_image][et_pb_divider show_divider=\u00bboff\u00bb _builder_version=\u00bb4.21.0&#8243; _module_preset=\u00bbdefault\u00bb global_colors_info=\u00bb{}\u00bb theme_builder_area=\u00bbpost_content\u00bb][\/et_pb_divider][\/et_pb_column][\/et_pb_row][\/et_pb_section]<\/p>\n","protected":false},"excerpt":{"rendered":"<p>Aqu\u00ed puedes conocer toda la informaci\u00f3n sobre el inicio de curso 23-24 en Salesianos Granada: inicio de clases, calendario escolar, libros, ex\u00e1menes de septiembre 1\u00ba bto, venta de libros&#8230;<\/p>\n","protected":false},"author":2,"featured_media":17902,"comment_status":"open","ping_status":"open","sticky":false,"template":"","format":"standard","meta":{"_et_pb_use_builder":"on","_et_pb_old_content":"","_et_gb_content_width":"","footnotes":""},"categories":[57,20,11,19,21,26,22],"tags":[],"class_list":["post-17901","post","type-post","status-publish","format-standard","has-post-thumbnail","hentry","category-bachillerato","category-bto","category-colegio","category-eso","category-fp","category-infantil","category-primaria"],"yoast_head":"<!-- This site is optimized with the Yoast SEO plugin v28.4 - https:\/\/yoast.com\/product\/yoast-seo-wordpress\/ -->\n<title>Informaciones INICIO DE CURSO 23-24 - Colegio Salesiano<\/title>\n<meta name=\"description\" content=\"Aqu\u00ed puedes conocer toda la informaci\u00f3n sobre el inicio de curso 23-24 en Salesianos Granada: inicio de clases, calendario escolar, libros, ex\u00e1menes de septiembre 1\u00ba bto, venta de libros...\" \/>\n<meta name=\"robots\" content=\"index, follow, max-snippet:-1, max-image-preview:large, max-video-preview:-1\" \/>\n<link rel=\"canonical\" href=\"https:\/\/granada.salesianos.edu\/colegio\/blog\/informaciones-inicio-de-curso-23-24\/\" \/>\n<meta property=\"og:locale\" content=\"es_ES\" \/>\n<meta property=\"og:type\" content=\"article\" \/>\n<meta property=\"og:title\" content=\"Informaciones INICIO DE CURSO 23-24 - Colegio Salesiano\" \/>\n<meta property=\"og:description\" content=\"Aqu\u00ed puedes conocer toda la informaci\u00f3n sobre el inicio de curso 23-24 en Salesianos Granada: inicio de clases, calendario escolar, libros, ex\u00e1menes de septiembre 1\u00ba bto, venta de libros...\" \/>\n<meta property=\"og:url\" content=\"https:\/\/granada.salesianos.edu\/colegio\/blog\/informaciones-inicio-de-curso-23-24\/\" \/>\n<meta property=\"og:site_name\" content=\"Colegio Salesiano\" \/>\n<meta property=\"article:publisher\" content=\"https:\/\/www.facebook.com\/SalesianosGR\/\" \/>\n<meta property=\"article:published_time\" content=\"2023-07-24T07:30:40+00:00\" \/>\n<meta property=\"article:modified_time\" content=\"2023-09-05T08:24:47+00:00\" \/>\n<meta property=\"og:image\" content=\"https:\/\/granada.salesianos.edu\/colegio\/wp-content\/uploads\/sites\/2\/2023\/07\/23-24-INFORMACIONES-INICIO-DE-CURSO-1024-\u00d7-768-px.jpg\" \/>\n\t<meta property=\"og:image:width\" content=\"1\" \/>\n\t<meta property=\"og:image:height\" content=\"1\" \/>\n\t<meta property=\"og:image:type\" content=\"image\/jpeg\" \/>\n<meta name=\"author\" content=\"Gestor Web\" \/>\n<meta name=\"twitter:card\" content=\"summary_large_image\" \/>\n<meta name=\"twitter:creator\" content=\"@GranadaSDB\" \/>\n<meta name=\"twitter:site\" content=\"@GranadaSDB\" \/>\n<meta name=\"twitter:label1\" content=\"Escrito por\" \/>\n\t<meta name=\"twitter:data1\" content=\"Gestor Web\" \/>\n\t<meta name=\"twitter:label2\" content=\"Tiempo de lectura\" \/>\n\t<meta name=\"twitter:data2\" content=\"3 minutos\" \/>\n<script type=\"application\/ld+json\" class=\"yoast-schema-graph\">{\"@context\":\"https:\\\/\\\/schema.org\",\"@graph\":[{\"@type\":\"Article\",\"@id\":\"https:\\\/\\\/granada.salesianos.edu\\\/colegio\\\/blog\\\/informaciones-inicio-de-curso-23-24\\\/#article\",\"isPartOf\":{\"@id\":\"https:\\\/\\\/granada.salesianos.edu\\\/colegio\\\/blog\\\/informaciones-inicio-de-curso-23-24\\\/\"},\"author\":{\"name\":\"Gestor Web\",\"@id\":\"https:\\\/\\\/granada.salesianos.edu\\\/colegio\\\/#\\\/schema\\\/person\\\/6392ff2e4bd1e66981d6eab734bbd962\"},\"headline\":\"Informaciones INICIO DE CURSO 23-24\",\"datePublished\":\"2023-07-24T07:30:40+00:00\",\"dateModified\":\"2023-09-05T08:24:47+00:00\",\"mainEntityOfPage\":{\"@id\":\"https:\\\/\\\/granada.salesianos.edu\\\/colegio\\\/blog\\\/informaciones-inicio-de-curso-23-24\\\/\"},\"wordCount\":1385,\"commentCount\":0,\"publisher\":{\"@id\":\"https:\\\/\\\/granada.salesianos.edu\\\/colegio\\\/#organization\"},\"image\":{\"@id\":\"https:\\\/\\\/granada.salesianos.edu\\\/colegio\\\/blog\\\/informaciones-inicio-de-curso-23-24\\\/#primaryimage\"},\"thumbnailUrl\":\"https:\\\/\\\/granada.salesianos.edu\\\/colegio\\\/wp-content\\\/uploads\\\/sites\\\/2\\\/2023\\\/07\\\/23-24-INFORMACIONES-INICIO-DE-CURSO-1024-\u00d7-768-px.jpg\",\"articleSection\":[\"Bachillerato\",\"BTO\",\"Colegio\",\"ESO\",\"FP\",\"Infantil\",\"Primaria\"],\"inLanguage\":\"es\",\"potentialAction\":[{\"@type\":\"CommentAction\",\"name\":\"Comment\",\"target\":[\"https:\\\/\\\/granada.salesianos.edu\\\/colegio\\\/blog\\\/informaciones-inicio-de-curso-23-24\\\/#respond\"]}]},{\"@type\":\"WebPage\",\"@id\":\"https:\\\/\\\/granada.salesianos.edu\\\/colegio\\\/blog\\\/informaciones-inicio-de-curso-23-24\\\/\",\"url\":\"https:\\\/\\\/granada.salesianos.edu\\\/colegio\\\/blog\\\/informaciones-inicio-de-curso-23-24\\\/\",\"name\":\"Informaciones INICIO DE CURSO 23-24 - Colegio Salesiano\",\"isPartOf\":{\"@id\":\"https:\\\/\\\/granada.salesianos.edu\\\/colegio\\\/#website\"},\"primaryImageOfPage\":{\"@id\":\"https:\\\/\\\/granada.salesianos.edu\\\/colegio\\\/blog\\\/informaciones-inicio-de-curso-23-24\\\/#primaryimage\"},\"image\":{\"@id\":\"https:\\\/\\\/granada.salesianos.edu\\\/colegio\\\/blog\\\/informaciones-inicio-de-curso-23-24\\\/#primaryimage\"},\"thumbnailUrl\":\"https:\\\/\\\/granada.salesianos.edu\\\/colegio\\\/wp-content\\\/uploads\\\/sites\\\/2\\\/2023\\\/07\\\/23-24-INFORMACIONES-INICIO-DE-CURSO-1024-\u00d7-768-px.jpg\",\"datePublished\":\"2023-07-24T07:30:40+00:00\",\"dateModified\":\"2023-09-05T08:24:47+00:00\",\"description\":\"Aqu\u00ed puedes conocer toda la informaci\u00f3n sobre el inicio de curso 23-24 en Salesianos Granada: inicio de clases, calendario escolar, libros, ex\u00e1menes de septiembre 1\u00ba bto, venta de libros...\",\"breadcrumb\":{\"@id\":\"https:\\\/\\\/granada.salesianos.edu\\\/colegio\\\/blog\\\/informaciones-inicio-de-curso-23-24\\\/#breadcrumb\"},\"inLanguage\":\"es\",\"potentialAction\":[{\"@type\":\"ReadAction\",\"target\":[\"https:\\\/\\\/granada.salesianos.edu\\\/colegio\\\/blog\\\/informaciones-inicio-de-curso-23-24\\\/\"]}]},{\"@type\":\"ImageObject\",\"inLanguage\":\"es\",\"@id\":\"https:\\\/\\\/granada.salesianos.edu\\\/colegio\\\/blog\\\/informaciones-inicio-de-curso-23-24\\\/#primaryimage\",\"url\":\"https:\\\/\\\/granada.salesianos.edu\\\/colegio\\\/wp-content\\\/uploads\\\/sites\\\/2\\\/2023\\\/07\\\/23-24-INFORMACIONES-INICIO-DE-CURSO-1024-\u00d7-768-px.jpg\",\"contentUrl\":\"https:\\\/\\\/granada.salesianos.edu\\\/colegio\\\/wp-content\\\/uploads\\\/sites\\\/2\\\/2023\\\/07\\\/23-24-INFORMACIONES-INICIO-DE-CURSO-1024-\u00d7-768-px.jpg\"},{\"@type\":\"BreadcrumbList\",\"@id\":\"https:\\\/\\\/granada.salesianos.edu\\\/colegio\\\/blog\\\/informaciones-inicio-de-curso-23-24\\\/#breadcrumb\",\"itemListElement\":[{\"@type\":\"ListItem\",\"position\":1,\"name\":\"Portada\",\"item\":\"https:\\\/\\\/granada.salesianos.edu\\\/colegio\\\/\"},{\"@type\":\"ListItem\",\"position\":2,\"name\":\"Informaciones INICIO DE CURSO 23-24\"}]},{\"@type\":\"WebSite\",\"@id\":\"https:\\\/\\\/granada.salesianos.edu\\\/colegio\\\/#website\",\"url\":\"https:\\\/\\\/granada.salesianos.edu\\\/colegio\\\/\",\"name\":\"Colegio Salesiano\",\"description\":\"P\u00e1gina oficial de Salesianos Granada San Juan Bosco\",\"publisher\":{\"@id\":\"https:\\\/\\\/granada.salesianos.edu\\\/colegio\\\/#organization\"},\"potentialAction\":[{\"@type\":\"SearchAction\",\"target\":{\"@type\":\"EntryPoint\",\"urlTemplate\":\"https:\\\/\\\/granada.salesianos.edu\\\/colegio\\\/?s={search_term_string}\"},\"query-input\":{\"@type\":\"PropertyValueSpecification\",\"valueRequired\":true,\"valueName\":\"search_term_string\"}}],\"inLanguage\":\"es\"},{\"@type\":\"Organization\",\"@id\":\"https:\\\/\\\/granada.salesianos.edu\\\/colegio\\\/#organization\",\"name\":\"Colegio Salesiano San Juan Bosco Granada\",\"url\":\"https:\\\/\\\/granada.salesianos.edu\\\/colegio\\\/\",\"logo\":{\"@type\":\"ImageObject\",\"inLanguage\":\"es\",\"@id\":\"https:\\\/\\\/granada.salesianos.edu\\\/colegio\\\/#\\\/schema\\\/logo\\\/image\\\/\",\"url\":\"https:\\\/\\\/granada.salesianos.edu\\\/colegio\\\/wp-content\\\/uploads\\\/sites\\\/2\\\/2021\\\/01\\\/GRANADAobraVN2.jpg\",\"contentUrl\":\"https:\\\/\\\/granada.salesianos.edu\\\/colegio\\\/wp-content\\\/uploads\\\/sites\\\/2\\\/2021\\\/01\\\/GRANADAobraVN2.jpg\",\"width\":2113,\"height\":1894,\"caption\":\"Colegio Salesiano San Juan Bosco Granada\"},\"image\":{\"@id\":\"https:\\\/\\\/granada.salesianos.edu\\\/colegio\\\/#\\\/schema\\\/logo\\\/image\\\/\"},\"sameAs\":[\"https:\\\/\\\/www.facebook.com\\\/SalesianosGR\\\/\",\"https:\\\/\\\/x.com\\\/GranadaSDB\",\"https:\\\/\\\/www.instagram.com\\\/salesianosgranada\\\/\",\"https:\\\/\\\/www.youtube.com\\\/channel\\\/UChkpZuhCf4Y5rYIcFT3CNxw?view_as=subscriber\"]},{\"@type\":\"Person\",\"@id\":\"https:\\\/\\\/granada.salesianos.edu\\\/colegio\\\/#\\\/schema\\\/person\\\/6392ff2e4bd1e66981d6eab734bbd962\",\"name\":\"Gestor Web\",\"image\":{\"@type\":\"ImageObject\",\"inLanguage\":\"es\",\"@id\":\"https:\\\/\\\/secure.gravatar.com\\\/avatar\\\/160666bb56a01520857079961a824af2b7821d6bad80677c80f2b473fceead1b?s=96&d=mm&r=g\",\"url\":\"https:\\\/\\\/secure.gravatar.com\\\/avatar\\\/160666bb56a01520857079961a824af2b7821d6bad80677c80f2b473fceead1b?s=96&d=mm&r=g\",\"contentUrl\":\"https:\\\/\\\/secure.gravatar.com\\\/avatar\\\/160666bb56a01520857079961a824af2b7821d6bad80677c80f2b473fceead1b?s=96&d=mm&r=g\",\"caption\":\"Gestor Web\"}}]}<\/script>\n<!-- \/ Yoast SEO plugin. -->","yoast_head_json":{"title":"Informaciones INICIO DE CURSO 23-24 - Colegio Salesiano","description":"Aqu\u00ed puedes conocer toda la informaci\u00f3n sobre el inicio de curso 23-24 en Salesianos Granada: inicio de clases, calendario escolar, libros, ex\u00e1menes de septiembre 1\u00ba bto, venta de libros...","robots":{"index":"index","follow":"follow","max-snippet":"max-snippet:-1","max-image-preview":"max-image-preview:large","max-video-preview":"max-video-preview:-1"},"canonical":"https:\/\/granada.salesianos.edu\/colegio\/blog\/informaciones-inicio-de-curso-23-24\/","og_locale":"es_ES","og_type":"article","og_title":"Informaciones INICIO DE CURSO 23-24 - Colegio Salesiano","og_description":"Aqu\u00ed puedes conocer toda la informaci\u00f3n sobre el inicio de curso 23-24 en Salesianos Granada: inicio de clases, calendario escolar, libros, ex\u00e1menes de septiembre 1\u00ba bto, venta de libros...","og_url":"https:\/\/granada.salesianos.edu\/colegio\/blog\/informaciones-inicio-de-curso-23-24\/","og_site_name":"Colegio Salesiano","article_publisher":"https:\/\/www.facebook.com\/SalesianosGR\/","article_published_time":"2023-07-24T07:30:40+00:00","article_modified_time":"2023-09-05T08:24:47+00:00","og_image":[{"url":"https:\/\/granada.salesianos.edu\/colegio\/wp-content\/uploads\/sites\/2\/2023\/07\/23-24-INFORMACIONES-INICIO-DE-CURSO-1024-\u00d7-768-px.jpg","width":1,"height":1,"type":"image\/jpeg"}],"author":"Gestor Web","twitter_card":"summary_large_image","twitter_creator":"@GranadaSDB","twitter_site":"@GranadaSDB","twitter_misc":{"Escrito por":"Gestor Web","Tiempo de lectura":"3 minutos"},"schema":{"@context":"https:\/\/schema.org","@graph":[{"@type":"Article","@id":"https:\/\/granada.salesianos.edu\/colegio\/blog\/informaciones-inicio-de-curso-23-24\/#article","isPartOf":{"@id":"https:\/\/granada.salesianos.edu\/colegio\/blog\/informaciones-inicio-de-curso-23-24\/"},"author":{"name":"Gestor Web","@id":"https:\/\/granada.salesianos.edu\/colegio\/#\/schema\/person\/6392ff2e4bd1e66981d6eab734bbd962"},"headline":"Informaciones INICIO DE CURSO 23-24","datePublished":"2023-07-24T07:30:40+00:00","dateModified":"2023-09-05T08:24:47+00:00","mainEntityOfPage":{"@id":"https:\/\/granada.salesianos.edu\/colegio\/blog\/informaciones-inicio-de-curso-23-24\/"},"wordCount":1385,"commentCount":0,"publisher":{"@id":"https:\/\/granada.salesianos.edu\/colegio\/#organization"},"image":{"@id":"https:\/\/granada.salesianos.edu\/colegio\/blog\/informaciones-inicio-de-curso-23-24\/#primaryimage"},"thumbnailUrl":"https:\/\/granada.salesianos.edu\/colegio\/wp-content\/uploads\/sites\/2\/2023\/07\/23-24-INFORMACIONES-INICIO-DE-CURSO-1024-\u00d7-768-px.jpg","articleSection":["Bachillerato","BTO","Colegio","ESO","FP","Infantil","Primaria"],"inLanguage":"es","potentialAction":[{"@type":"CommentAction","name":"Comment","target":["https:\/\/granada.salesianos.edu\/colegio\/blog\/informaciones-inicio-de-curso-23-24\/#respond"]}]},{"@type":"WebPage","@id":"https:\/\/granada.salesianos.edu\/colegio\/blog\/informaciones-inicio-de-curso-23-24\/","url":"https:\/\/granada.salesianos.edu\/colegio\/blog\/informaciones-inicio-de-curso-23-24\/","name":"Informaciones INICIO DE CURSO 23-24 - Colegio Salesiano","isPartOf":{"@id":"https:\/\/granada.salesianos.edu\/colegio\/#website"},"primaryImageOfPage":{"@id":"https:\/\/granada.salesianos.edu\/colegio\/blog\/informaciones-inicio-de-curso-23-24\/#primaryimage"},"image":{"@id":"https:\/\/granada.salesianos.edu\/colegio\/blog\/informaciones-inicio-de-curso-23-24\/#primaryimage"},"thumbnailUrl":"https:\/\/granada.salesianos.edu\/colegio\/wp-content\/uploads\/sites\/2\/2023\/07\/23-24-INFORMACIONES-INICIO-DE-CURSO-1024-\u00d7-768-px.jpg","datePublished":"2023-07-24T07:30:40+00:00","dateModified":"2023-09-05T08:24:47+00:00","description":"Aqu\u00ed puedes conocer toda la informaci\u00f3n sobre el inicio de curso 23-24 en Salesianos Granada: inicio de clases, calendario escolar, libros, ex\u00e1menes de septiembre 1\u00ba bto, venta de libros...","breadcrumb":{"@id":"https:\/\/granada.salesianos.edu\/colegio\/blog\/informaciones-inicio-de-curso-23-24\/#breadcrumb"},"inLanguage":"es","potentialAction":[{"@type":"ReadAction","target":["https:\/\/granada.salesianos.edu\/colegio\/blog\/informaciones-inicio-de-curso-23-24\/"]}]},{"@type":"ImageObject","inLanguage":"es","@id":"https:\/\/granada.salesianos.edu\/colegio\/blog\/informaciones-inicio-de-curso-23-24\/#primaryimage","url":"https:\/\/granada.salesianos.edu\/colegio\/wp-content\/uploads\/sites\/2\/2023\/07\/23-24-INFORMACIONES-INICIO-DE-CURSO-1024-\u00d7-768-px.jpg","contentUrl":"https:\/\/granada.salesianos.edu\/colegio\/wp-content\/uploads\/sites\/2\/2023\/07\/23-24-INFORMACIONES-INICIO-DE-CURSO-1024-\u00d7-768-px.jpg"},{"@type":"BreadcrumbList","@id":"https:\/\/granada.salesianos.edu\/colegio\/blog\/informaciones-inicio-de-curso-23-24\/#breadcrumb","itemListElement":[{"@type":"ListItem","position":1,"name":"Portada","item":"https:\/\/granada.salesianos.edu\/colegio\/"},{"@type":"ListItem","position":2,"name":"Informaciones INICIO DE CURSO 23-24"}]},{"@type":"WebSite","@id":"https:\/\/granada.salesianos.edu\/colegio\/#website","url":"https:\/\/granada.salesianos.edu\/colegio\/","name":"Colegio Salesiano","description":"P\u00e1gina oficial de Salesianos Granada San Juan Bosco","publisher":{"@id":"https:\/\/granada.salesianos.edu\/colegio\/#organization"},"potentialAction":[{"@type":"SearchAction","target":{"@type":"EntryPoint","urlTemplate":"https:\/\/granada.salesianos.edu\/colegio\/?s={search_term_string}"},"query-input":{"@type":"PropertyValueSpecification","valueRequired":true,"valueName":"search_term_string"}}],"inLanguage":"es"},{"@type":"Organization","@id":"https:\/\/granada.salesianos.edu\/colegio\/#organization","name":"Colegio Salesiano San Juan Bosco Granada","url":"https:\/\/granada.salesianos.edu\/colegio\/","logo":{"@type":"ImageObject","inLanguage":"es","@id":"https:\/\/granada.salesianos.edu\/colegio\/#\/schema\/logo\/image\/","url":"https:\/\/granada.salesianos.edu\/colegio\/wp-content\/uploads\/sites\/2\/2021\/01\/GRANADAobraVN2.jpg","contentUrl":"https:\/\/granada.salesianos.edu\/colegio\/wp-content\/uploads\/sites\/2\/2021\/01\/GRANADAobraVN2.jpg","width":2113,"height":1894,"caption":"Colegio Salesiano San Juan Bosco Granada"},"image":{"@id":"https:\/\/granada.salesianos.edu\/colegio\/#\/schema\/logo\/image\/"},"sameAs":["https:\/\/www.facebook.com\/SalesianosGR\/","https:\/\/x.com\/GranadaSDB","https:\/\/www.instagram.com\/salesianosgranada\/","https:\/\/www.youtube.com\/channel\/UChkpZuhCf4Y5rYIcFT3CNxw?view_as=subscriber"]},{"@type":"Person","@id":"https:\/\/granada.salesianos.edu\/colegio\/#\/schema\/person\/6392ff2e4bd1e66981d6eab734bbd962","name":"Gestor Web","image":{"@type":"ImageObject","inLanguage":"es","@id":"https:\/\/secure.gravatar.com\/avatar\/160666bb56a01520857079961a824af2b7821d6bad80677c80f2b473fceead1b?s=96&d=mm&r=g","url":"https:\/\/secure.gravatar.com\/avatar\/160666bb56a01520857079961a824af2b7821d6bad80677c80f2b473fceead1b?s=96&d=mm&r=g","contentUrl":"https:\/\/secure.gravatar.com\/avatar\/160666bb56a01520857079961a824af2b7821d6bad80677c80f2b473fceead1b?s=96&d=mm&r=g","caption":"Gestor Web"}}]}},"_links":{"self":[{"href":"https:\/\/granada.salesianos.edu\/colegio\/wp-json\/wp\/v2\/posts\/17901","targetHints":{"allow":["GET"]}}],"collection":[{"href":"https:\/\/granada.salesianos.edu\/colegio\/wp-json\/wp\/v2\/posts"}],"about":[{"href":"https:\/\/granada.salesianos.edu\/colegio\/wp-json\/wp\/v2\/types\/post"}],"author":[{"embeddable":true,"href":"https:\/\/granada.salesianos.edu\/colegio\/wp-json\/wp\/v2\/users\/2"}],"replies":[{"embeddable":true,"href":"https:\/\/granada.salesianos.edu\/colegio\/wp-json\/wp\/v2\/comments?post=17901"}],"version-history":[{"count":20,"href":"https:\/\/granada.salesianos.edu\/colegio\/wp-json\/wp\/v2\/posts\/17901\/revisions"}],"predecessor-version":[{"id":17948,"href":"https:\/\/granada.salesianos.edu\/colegio\/wp-json\/wp\/v2\/posts\/17901\/revisions\/17948"}],"wp:featuredmedia":[{"embeddable":true,"href":"https:\/\/granada.salesianos.edu\/colegio\/wp-json\/wp\/v2\/media\/17902"}],"wp:attachment":[{"href":"https:\/\/granada.salesianos.edu\/colegio\/wp-json\/wp\/v2\/media?parent=17901"}],"wp:term":[{"taxonomy":"category","embeddable":true,"href":"https:\/\/granada.salesianos.edu\/colegio\/wp-json\/wp\/v2\/categories?post=17901"},{"taxonomy":"post_tag","embeddable":true,"href":"https:\/\/granada.salesianos.edu\/colegio\/wp-json\/wp\/v2\/tags?post=17901"}],"curies":[{"name":"wp","href":"https:\/\/api.w.org\/{rel}","templated":true}]}}