{"id":17986,"date":"2023-11-08T22:43:10","date_gmt":"2023-11-08T20:43:10","guid":{"rendered":"https:\/\/granada.salesianos.edu\/colegio\/?p=17986"},"modified":"2023-11-08T22:43:16","modified_gmt":"2023-11-08T20:43:16","slug":"convivencias-de-implicacion-solidaria","status":"publish","type":"post","link":"https:\/\/granada.salesianos.edu\/colegio\/blog\/convivencias-de-implicacion-solidaria\/","title":{"rendered":"Convivencias de implicaci\u00f3n solidaria"},"content":{"rendered":"<div id=\"fb-root\"><\/div>\n<p>[et_pb_section fb_built=\u00bb1&#8243; _builder_version=\u00bb4.16&#8243; global_colors_info=\u00bb{}\u00bb][et_pb_row _builder_version=\u00bb4.16&#8243; background_size=\u00bbinitial\u00bb background_position=\u00bbtop_left\u00bb background_repeat=\u00bbrepeat\u00bb global_colors_info=\u00bb{}\u00bb][et_pb_column type=\u00bb4_4&#8243; _builder_version=\u00bb4.16&#8243; custom_padding=\u00bb|||\u00bb global_colors_info=\u00bb{}\u00bb custom_padding__hover=\u00bb|||\u00bb][et_pb_text _builder_version=\u00bb4.16&#8243; background_size=\u00bbinitial\u00bb background_position=\u00bbtop_left\u00bb background_repeat=\u00bbrepeat\u00bb global_colors_info=\u00bb{}\u00bb]<\/p>\n<p>&nbsp;<\/p>\n<p>La semana pasada, nuestros alumnos y alumnas de 2\u00ba y 4\u00ba de la ESO, realizaron sus convivencias de implicaci\u00f3n solidaria, que son una preciosa colaboraci\u00f3n entre nuestra pastoral de la ESO y la Fundaci\u00f3n Don Bosco. Un proyecto coordinado por Javier Cano y Myriam Carrascosa, que pretende acercar a los alumnos a la realidad migratoria, profundizando a lo largo de la ma\u00f1ana, desde el debate, tertulia, charla formativa, oraci\u00f3n y taller complementario. Los j\u00f3venes del \u00c1rea de Emancipaci\u00f3n Juvenil de la Fundaci\u00f3n Don Bosco en Granada, participantes de los Proyectos \u201cAcompa\u00f1amiento a J\u00f3venes en situaci\u00f3n de sinhogarismo\u201d y \u201cPiso de Autonom\u00eda Mercedes Berdon\u00e9s\u201d, han realizado una acci\u00f3n de sensibilizaci\u00f3n con alumnado del colegio, que es dif\u00edcil de explicar con palabras. Testigo de ello fue nuestro Inspector salesiano Don Fernando Miranda, que se mostr\u00f3 encantado con una iniciativa que tiende puentes entre tres grupos esenciales en nuestra Familia Salesiana, ya que adem\u00e1s de lo tutores, contamos con la inestimable ayuda de nuestros animadores del Centro Juvenil.<\/p>\n<p>En el marco de las Jornadas de Convivencia Pastoral Intercultural que organiza el centro educativo, los j\u00f3venes han dado una clase magistral y experiencial en nuestro centro social del Zaid\u00edn, a trav\u00e9s de la cual han minimizado sesgos y estereotipos sobre las personas migrantes.<\/p>\n<p>Tras dos jornadas educativas y cuatro grupos de alumnado, el centro educativo se marcha una vez m\u00e1s pensando en la pr\u00f3xima fecha y, los equipos educativos de la Fundaci\u00f3n, con la certeza de que dar voz a los j\u00f3venes vulnerabilizados y poder acompa\u00f1arles en ello, es un regalo.<\/p>\n<p>Gracias muchachos, a todos. A los que ya hace tiempo que terminasteis vuestro itinerario en estos proyectos pero segu\u00eds visit\u00e1ndonos y participando en acciones de sensibilizaci\u00f3n: sois faro para el resto de j\u00f3venes. Y a los que actualmente est\u00e1is y sac\u00e1is fuerza y alegr\u00eda para recibir al alumnado, siendo tambi\u00e9n luz y ejemplo de compromiso y testimonio vivo de c\u00f3mo generar una sociedad del futuro m\u00e1s equitativa y justa. Gracias tambi\u00e9n al alumnado de la ESO, que abri\u00f3 el coraz\u00f3n a aprender, dialogar y proyectar un mundo mejor y m\u00e1s justo, un mundo consciente de que al Amor y a Dios se llega desde cualquier religi\u00f3n, raza, situaci\u00f3n.\u00a0<\/p>\n<p>&nbsp;<\/p>\n<p><img loading=\"lazy\" decoding=\"async\" class=\"alignnone size-thumbnail wp-image-17987\" src=\"https:\/\/granada.salesianos.edu\/colegio\/wp-content\/uploads\/sites\/2\/2023\/11\/1f64d1ad-8e1e-4ab0-8c5a-950fb2cb9cd5-150x150.jpg\" alt=\"\" width=\"150\" height=\"150\" \/> <img loading=\"lazy\" decoding=\"async\" class=\"alignnone size-thumbnail wp-image-17988\" src=\"https:\/\/granada.salesianos.edu\/colegio\/wp-content\/uploads\/sites\/2\/2023\/11\/2ded61d9-defd-4967-8240-fd27a9a48fac-150x150.jpg\" alt=\"\" width=\"150\" height=\"150\" \/> <img loading=\"lazy\" decoding=\"async\" class=\"alignnone size-thumbnail wp-image-17989\" src=\"https:\/\/granada.salesianos.edu\/colegio\/wp-content\/uploads\/sites\/2\/2023\/11\/5f1bb27c-6b8c-45c9-8413-8d97287685a6-150x150.jpg\" alt=\"\" width=\"150\" height=\"150\" \/> <img loading=\"lazy\" decoding=\"async\" class=\"alignnone size-thumbnail wp-image-17990\" src=\"https:\/\/granada.salesianos.edu\/colegio\/wp-content\/uploads\/sites\/2\/2023\/11\/6a87e54f-a721-417b-bb48-ed376fc8d11e-150x150.jpg\" alt=\"\" width=\"150\" height=\"150\" \/> <img loading=\"lazy\" decoding=\"async\" class=\"alignnone size-thumbnail wp-image-17991\" src=\"https:\/\/granada.salesianos.edu\/colegio\/wp-content\/uploads\/sites\/2\/2023\/11\/427a795c-4a55-4fa1-9d63-b0796361a267-150x150.jpg\" alt=\"\" width=\"150\" height=\"150\" \/> <img loading=\"lazy\" decoding=\"async\" class=\"alignnone size-thumbnail wp-image-17992\" src=\"https:\/\/granada.salesianos.edu\/colegio\/wp-content\/uploads\/sites\/2\/2023\/11\/2110df69-cd4b-476d-bf4b-a567d564595a-150x150.jpg\" alt=\"\" width=\"150\" height=\"150\" \/> <img loading=\"lazy\" decoding=\"async\" class=\"alignnone size-thumbnail wp-image-17993\" src=\"https:\/\/granada.salesianos.edu\/colegio\/wp-content\/uploads\/sites\/2\/2023\/11\/58172e7d-aa4b-4be5-addb-7cc076ebd4cd-150x150.jpg\" alt=\"\" width=\"150\" height=\"150\" \/> <img loading=\"lazy\" decoding=\"async\" class=\"alignnone size-thumbnail wp-image-17994\" src=\"https:\/\/granada.salesianos.edu\/colegio\/wp-content\/uploads\/sites\/2\/2023\/11\/a9c9481c-2ff9-4af2-8899-61f035763cce-150x150.jpg\" alt=\"\" width=\"150\" height=\"150\" \/> <img loading=\"lazy\" decoding=\"async\" class=\"alignnone size-thumbnail wp-image-17995\" src=\"https:\/\/granada.salesianos.edu\/colegio\/wp-content\/uploads\/sites\/2\/2023\/11\/ba448ab0-153b-49c4-a5c9-418d37d8c7ac-150x150.jpg\" alt=\"\" width=\"150\" height=\"150\" \/> <img loading=\"lazy\" decoding=\"async\" class=\"alignnone size-thumbnail wp-image-17996\" src=\"https:\/\/granada.salesianos.edu\/colegio\/wp-content\/uploads\/sites\/2\/2023\/11\/da4f414d-b5b7-4214-aac1-86561025da03-150x150.jpg\" alt=\"\" width=\"150\" height=\"150\" \/> <img loading=\"lazy\" decoding=\"async\" class=\"alignnone size-thumbnail wp-image-17997\" src=\"https:\/\/granada.salesianos.edu\/colegio\/wp-content\/uploads\/sites\/2\/2023\/11\/eb2bd4b1-410f-49c7-90de-74d9f04a85a9-150x150.jpg\" alt=\"\" width=\"150\" height=\"150\" \/> <img loading=\"lazy\" decoding=\"async\" class=\"alignnone size-thumbnail wp-image-17998\" src=\"https:\/\/granada.salesianos.edu\/colegio\/wp-content\/uploads\/sites\/2\/2023\/11\/ef9e44e9-25a2-41d1-87d6-aeb880b9fdf9-150x150.jpg\" alt=\"\" width=\"150\" height=\"150\" \/> <img loading=\"lazy\" decoding=\"async\" class=\"alignnone size-thumbnail wp-image-17999\" src=\"https:\/\/granada.salesianos.edu\/colegio\/wp-content\/uploads\/sites\/2\/2023\/11\/f9681276-d5db-47d1-ba73-18cbe1e3d8c2-150x150.jpg\" alt=\"\" width=\"150\" height=\"150\" \/><\/p>\n<p>&nbsp;<\/p>\n<p>[\/et_pb_text][\/et_pb_column][\/et_pb_row][\/et_pb_section]<\/p>\n","protected":false},"excerpt":{"rendered":"<p>Un proyecto coordinado por Javier Cano y Myriam Carrascosa, que pretende acercar a los alumnos a la realidad migratoria, profundizando a lo largo de la ma\u00f1ana, desde el debate, tertulia, charla formativa, oraci\u00f3n y taller complementario.<\/p>\n","protected":false},"author":2,"featured_media":17995,"comment_status":"open","ping_status":"open","sticky":false,"template":"","format":"standard","meta":{"_et_pb_use_builder":"on","_et_pb_old_content":"<p>La semana pasada, nuestros alumnos y alumnas de 2\u00ba y 4\u00ba de la ESO, realizaron sus convivencias de implicaci\u00f3n solidaria, que son una preciosa colaboraci\u00f3n entre nuestra pastoral de la ESO y la Fundaci\u00f3n Don Bosco. Un proyecto coordinado por Javier Cano y Myriam Carrascosa, que pretende acercar a los alumnos a la realidad migratoria, profundizando a lo largo de la ma\u00f1ana, desde el debate, tertulia, charla formativa, oraci\u00f3n y taller complementario. Los j\u00f3venes del \u00c1rea de Emancipaci\u00f3n Juvenil de la Fundaci\u00f3n Don Bosco en Granada, participantes de los Proyectos \u201cAcompa\u00f1amiento a J\u00f3venes en situaci\u00f3n de sinhogarismo\u201d y \u201cPiso de Autonom\u00eda Mercedes Berdon\u00e9s\u201d, han realizado una acci\u00f3n de sensibilizaci\u00f3n con alumnado del colegio, que es dif\u00edcil de explicar con palabras. Testigo de ello fue nuestro Inspector salesiano Don Fernando Miranda, que se mostr\u00f3 encantado con una iniciativa que tiende puentes entre tres grupos esenciales en nuestra Familia Salesiana, ya que adem\u00e1s de lo tutores, contamos con la inestimable ayuda de nuestros animadores del Centro Juvenil.<img class=\"alignnone size-thumbnail wp-image-17987\" src=\"https:\/\/granada.salesianos.edu\/colegio\/wp-content\/uploads\/sites\/2\/2023\/11\/1f64d1ad-8e1e-4ab0-8c5a-950fb2cb9cd5-150x150.jpg\" alt=\"\" width=\"150\" height=\"150\" \/> <img class=\"alignnone size-thumbnail wp-image-17988\" src=\"https:\/\/granada.salesianos.edu\/colegio\/wp-content\/uploads\/sites\/2\/2023\/11\/2ded61d9-defd-4967-8240-fd27a9a48fac-150x150.jpg\" alt=\"\" width=\"150\" height=\"150\" \/> <img class=\"alignnone size-thumbnail wp-image-17989\" src=\"https:\/\/granada.salesianos.edu\/colegio\/wp-content\/uploads\/sites\/2\/2023\/11\/5f1bb27c-6b8c-45c9-8413-8d97287685a6-150x150.jpg\" alt=\"\" width=\"150\" height=\"150\" \/> <img class=\"alignnone size-thumbnail wp-image-17990\" src=\"https:\/\/granada.salesianos.edu\/colegio\/wp-content\/uploads\/sites\/2\/2023\/11\/6a87e54f-a721-417b-bb48-ed376fc8d11e-150x150.jpg\" alt=\"\" width=\"150\" height=\"150\" \/> <img class=\"alignnone size-thumbnail wp-image-17991\" src=\"https:\/\/granada.salesianos.edu\/colegio\/wp-content\/uploads\/sites\/2\/2023\/11\/427a795c-4a55-4fa1-9d63-b0796361a267-150x150.jpg\" alt=\"\" width=\"150\" height=\"150\" \/> <img class=\"alignnone size-thumbnail wp-image-17992\" src=\"https:\/\/granada.salesianos.edu\/colegio\/wp-content\/uploads\/sites\/2\/2023\/11\/2110df69-cd4b-476d-bf4b-a567d564595a-150x150.jpg\" alt=\"\" width=\"150\" height=\"150\" \/> <img class=\"alignnone size-thumbnail wp-image-17993\" src=\"https:\/\/granada.salesianos.edu\/colegio\/wp-content\/uploads\/sites\/2\/2023\/11\/58172e7d-aa4b-4be5-addb-7cc076ebd4cd-150x150.jpg\" alt=\"\" width=\"150\" height=\"150\" \/> <img class=\"alignnone size-thumbnail wp-image-17994\" src=\"https:\/\/granada.salesianos.edu\/colegio\/wp-content\/uploads\/sites\/2\/2023\/11\/a9c9481c-2ff9-4af2-8899-61f035763cce-150x150.jpg\" alt=\"\" width=\"150\" height=\"150\" \/> <img class=\"alignnone size-thumbnail wp-image-17995\" src=\"https:\/\/granada.salesianos.edu\/colegio\/wp-content\/uploads\/sites\/2\/2023\/11\/ba448ab0-153b-49c4-a5c9-418d37d8c7ac-150x150.jpg\" alt=\"\" width=\"150\" height=\"150\" \/> <img class=\"alignnone size-thumbnail wp-image-17996\" src=\"https:\/\/granada.salesianos.edu\/colegio\/wp-content\/uploads\/sites\/2\/2023\/11\/da4f414d-b5b7-4214-aac1-86561025da03-150x150.jpg\" alt=\"\" width=\"150\" height=\"150\" \/> <img class=\"alignnone size-thumbnail wp-image-17997\" src=\"https:\/\/granada.salesianos.edu\/colegio\/wp-content\/uploads\/sites\/2\/2023\/11\/eb2bd4b1-410f-49c7-90de-74d9f04a85a9-150x150.jpg\" alt=\"\" width=\"150\" height=\"150\" \/> <img class=\"alignnone size-thumbnail wp-image-17998\" src=\"https:\/\/granada.salesianos.edu\/colegio\/wp-content\/uploads\/sites\/2\/2023\/11\/ef9e44e9-25a2-41d1-87d6-aeb880b9fdf9-150x150.jpg\" alt=\"\" width=\"150\" height=\"150\" \/> <img class=\"alignnone size-thumbnail wp-image-17999\" src=\"https:\/\/granada.salesianos.edu\/colegio\/wp-content\/uploads\/sites\/2\/2023\/11\/f9681276-d5db-47d1-ba73-18cbe1e3d8c2-150x150.jpg\" alt=\"\" width=\"150\" height=\"150\" \/><\/p><p>En el marco de las Jornadas de Convivencia Pastoral Intercultural que organiza el centro educativo, los j\u00f3venes han dado una clase magistral y experiencial en nuestro centro social del Zaid\u00edn, a trav\u00e9s de la cual han minimizado sesgos y estereotipos sobre las personas migrantes.<\/p><p>Tras dos jornadas educativas y cuatro grupos de alumnado, el centro educativo se marcha una vez m\u00e1s pensando en la pr\u00f3xima fecha y, los equipos educativos de la Fundaci\u00f3n, con la certeza de que dar voz a los j\u00f3venes vulnerabilizados y poder acompa\u00f1arles en ello, es un regalo.<\/p><p>Gracias muchachos, a todos. A los que ya hace tiempo que terminasteis vuestro itinerario en estos proyectos pero segu\u00eds visit\u00e1ndonos y participando en acciones de sensibilizaci\u00f3n: sois faro para el resto de j\u00f3venes. Y a los que actualmente est\u00e1is y sac\u00e1is fuerza y alegr\u00eda para recibir al alumnado, siendo tambi\u00e9n luz y ejemplo de compromiso y testimonio vivo de c\u00f3mo generar una sociedad del futuro m\u00e1s equitativa y justa. Gracias tambi\u00e9n al alumnado de la ESO, que abri\u00f3 el coraz\u00f3n a aprender, dialogar y proyectar un mundo mejor y m\u00e1s justo, un mundo consciente de que al Amor y a Dios se llega desde cualquier religi\u00f3n, raza, situaci\u00f3n.<\/p>","_et_gb_content_width":"","footnotes":""},"categories":[10,19,31,1],"tags":[63,62],"class_list":["post-17986","post","type-post","status-publish","format-standard","has-post-thumbnail","hentry","category-centro-juvenil","category-eso","category-fundacion-don-bosco","category-uncategorized","tag-centro-juvenil-joven-al-andalus","tag-fundacion-don-bosco"],"yoast_head":"<!-- This site is optimized with the Yoast SEO plugin v28.4 - https:\/\/yoast.com\/product\/yoast-seo-wordpress\/ -->\n<title>Convivencias de implicaci\u00f3n solidaria - Colegio Salesiano<\/title>\n<meta name=\"description\" content=\"Un proyecto coordinado por Javier Cano y Myriam Carrascosa, que pretende acercar a los alumnos a la realidad migratoria, profundizando a lo largo de la ma\u00f1ana, desde el debate, tertulia, charla formativa, oraci\u00f3n y taller complementario.\" \/>\n<meta name=\"robots\" content=\"index, follow, max-snippet:-1, max-image-preview:large, max-video-preview:-1\" \/>\n<link rel=\"canonical\" href=\"https:\/\/granada.salesianos.edu\/colegio\/blog\/convivencias-de-implicacion-solidaria\/\" \/>\n<meta property=\"og:locale\" content=\"es_ES\" \/>\n<meta property=\"og:type\" content=\"article\" \/>\n<meta property=\"og:title\" content=\"Convivencias de implicaci\u00f3n solidaria - Colegio Salesiano\" \/>\n<meta property=\"og:description\" content=\"Un proyecto coordinado por Javier Cano y Myriam Carrascosa, que pretende acercar a los alumnos a la realidad migratoria, profundizando a lo largo de la ma\u00f1ana, desde el debate, tertulia, charla formativa, oraci\u00f3n y taller complementario.\" \/>\n<meta property=\"og:url\" content=\"https:\/\/granada.salesianos.edu\/colegio\/blog\/convivencias-de-implicacion-solidaria\/\" \/>\n<meta property=\"og:site_name\" content=\"Colegio Salesiano\" \/>\n<meta property=\"article:publisher\" content=\"https:\/\/www.facebook.com\/SalesianosGR\/\" \/>\n<meta property=\"article:published_time\" content=\"2023-11-08T20:43:10+00:00\" \/>\n<meta property=\"article:modified_time\" content=\"2023-11-08T20:43:16+00:00\" \/>\n<meta property=\"og:image\" content=\"https:\/\/granada.salesianos.edu\/colegio\/wp-content\/uploads\/sites\/2\/2023\/11\/ba448ab0-153b-49c4-a5c9-418d37d8c7ac.jpg\" \/>\n\t<meta property=\"og:image:width\" content=\"2048\" \/>\n\t<meta property=\"og:image:height\" content=\"1536\" \/>\n\t<meta property=\"og:image:type\" content=\"image\/jpeg\" \/>\n<meta name=\"author\" content=\"Gestor Web\" \/>\n<meta name=\"twitter:card\" content=\"summary_large_image\" \/>\n<meta name=\"twitter:creator\" content=\"@GranadaSDB\" \/>\n<meta name=\"twitter:site\" content=\"@GranadaSDB\" \/>\n<meta name=\"twitter:label1\" content=\"Escrito por\" \/>\n\t<meta name=\"twitter:data1\" content=\"Gestor Web\" \/>\n\t<meta name=\"twitter:label2\" content=\"Tiempo de lectura\" \/>\n\t<meta name=\"twitter:data2\" content=\"5 minutos\" \/>\n<script type=\"application\/ld+json\" class=\"yoast-schema-graph\">{\"@context\":\"https:\\\/\\\/schema.org\",\"@graph\":[{\"@type\":\"Article\",\"@id\":\"https:\\\/\\\/granada.salesianos.edu\\\/colegio\\\/blog\\\/convivencias-de-implicacion-solidaria\\\/#article\",\"isPartOf\":{\"@id\":\"https:\\\/\\\/granada.salesianos.edu\\\/colegio\\\/blog\\\/convivencias-de-implicacion-solidaria\\\/\"},\"author\":{\"name\":\"Gestor Web\",\"@id\":\"https:\\\/\\\/granada.salesianos.edu\\\/colegio\\\/#\\\/schema\\\/person\\\/6392ff2e4bd1e66981d6eab734bbd962\"},\"headline\":\"Convivencias de implicaci\u00f3n solidaria\",\"datePublished\":\"2023-11-08T20:43:10+00:00\",\"dateModified\":\"2023-11-08T20:43:16+00:00\",\"mainEntityOfPage\":{\"@id\":\"https:\\\/\\\/granada.salesianos.edu\\\/colegio\\\/blog\\\/convivencias-de-implicacion-solidaria\\\/\"},\"wordCount\":483,\"commentCount\":0,\"publisher\":{\"@id\":\"https:\\\/\\\/granada.salesianos.edu\\\/colegio\\\/#organization\"},\"image\":{\"@id\":\"https:\\\/\\\/granada.salesianos.edu\\\/colegio\\\/blog\\\/convivencias-de-implicacion-solidaria\\\/#primaryimage\"},\"thumbnailUrl\":\"https:\\\/\\\/granada.salesianos.edu\\\/colegio\\\/wp-content\\\/uploads\\\/sites\\\/2\\\/2023\\\/11\\\/ba448ab0-153b-49c4-a5c9-418d37d8c7ac.jpg\",\"keywords\":[\"centro juvenil joven al andalus\",\"fundaci\u00f3n don bosco\"],\"articleSection\":[\"Centro Juvenil\",\"ESO\",\"Fundaci\u00f3n Don Bosco\",\"Uncategorized\"],\"inLanguage\":\"es\",\"potentialAction\":[{\"@type\":\"CommentAction\",\"name\":\"Comment\",\"target\":[\"https:\\\/\\\/granada.salesianos.edu\\\/colegio\\\/blog\\\/convivencias-de-implicacion-solidaria\\\/#respond\"]}]},{\"@type\":\"WebPage\",\"@id\":\"https:\\\/\\\/granada.salesianos.edu\\\/colegio\\\/blog\\\/convivencias-de-implicacion-solidaria\\\/\",\"url\":\"https:\\\/\\\/granada.salesianos.edu\\\/colegio\\\/blog\\\/convivencias-de-implicacion-solidaria\\\/\",\"name\":\"Convivencias de implicaci\u00f3n solidaria - Colegio Salesiano\",\"isPartOf\":{\"@id\":\"https:\\\/\\\/granada.salesianos.edu\\\/colegio\\\/#website\"},\"primaryImageOfPage\":{\"@id\":\"https:\\\/\\\/granada.salesianos.edu\\\/colegio\\\/blog\\\/convivencias-de-implicacion-solidaria\\\/#primaryimage\"},\"image\":{\"@id\":\"https:\\\/\\\/granada.salesianos.edu\\\/colegio\\\/blog\\\/convivencias-de-implicacion-solidaria\\\/#primaryimage\"},\"thumbnailUrl\":\"https:\\\/\\\/granada.salesianos.edu\\\/colegio\\\/wp-content\\\/uploads\\\/sites\\\/2\\\/2023\\\/11\\\/ba448ab0-153b-49c4-a5c9-418d37d8c7ac.jpg\",\"datePublished\":\"2023-11-08T20:43:10+00:00\",\"dateModified\":\"2023-11-08T20:43:16+00:00\",\"description\":\"Un proyecto coordinado por Javier Cano y Myriam Carrascosa, que pretende acercar a los alumnos a la realidad migratoria, profundizando a lo largo de la ma\u00f1ana, desde el debate, tertulia, charla formativa, oraci\u00f3n y taller complementario.\",\"breadcrumb\":{\"@id\":\"https:\\\/\\\/granada.salesianos.edu\\\/colegio\\\/blog\\\/convivencias-de-implicacion-solidaria\\\/#breadcrumb\"},\"inLanguage\":\"es\",\"potentialAction\":[{\"@type\":\"ReadAction\",\"target\":[\"https:\\\/\\\/granada.salesianos.edu\\\/colegio\\\/blog\\\/convivencias-de-implicacion-solidaria\\\/\"]}]},{\"@type\":\"ImageObject\",\"inLanguage\":\"es\",\"@id\":\"https:\\\/\\\/granada.salesianos.edu\\\/colegio\\\/blog\\\/convivencias-de-implicacion-solidaria\\\/#primaryimage\",\"url\":\"https:\\\/\\\/granada.salesianos.edu\\\/colegio\\\/wp-content\\\/uploads\\\/sites\\\/2\\\/2023\\\/11\\\/ba448ab0-153b-49c4-a5c9-418d37d8c7ac.jpg\",\"contentUrl\":\"https:\\\/\\\/granada.salesianos.edu\\\/colegio\\\/wp-content\\\/uploads\\\/sites\\\/2\\\/2023\\\/11\\\/ba448ab0-153b-49c4-a5c9-418d37d8c7ac.jpg\",\"width\":2048,\"height\":1536},{\"@type\":\"BreadcrumbList\",\"@id\":\"https:\\\/\\\/granada.salesianos.edu\\\/colegio\\\/blog\\\/convivencias-de-implicacion-solidaria\\\/#breadcrumb\",\"itemListElement\":[{\"@type\":\"ListItem\",\"position\":1,\"name\":\"Portada\",\"item\":\"https:\\\/\\\/granada.salesianos.edu\\\/colegio\\\/\"},{\"@type\":\"ListItem\",\"position\":2,\"name\":\"Convivencias de implicaci\u00f3n solidaria\"}]},{\"@type\":\"WebSite\",\"@id\":\"https:\\\/\\\/granada.salesianos.edu\\\/colegio\\\/#website\",\"url\":\"https:\\\/\\\/granada.salesianos.edu\\\/colegio\\\/\",\"name\":\"Colegio Salesiano\",\"description\":\"P\u00e1gina oficial de Salesianos Granada San Juan Bosco\",\"publisher\":{\"@id\":\"https:\\\/\\\/granada.salesianos.edu\\\/colegio\\\/#organization\"},\"potentialAction\":[{\"@type\":\"SearchAction\",\"target\":{\"@type\":\"EntryPoint\",\"urlTemplate\":\"https:\\\/\\\/granada.salesianos.edu\\\/colegio\\\/?s={search_term_string}\"},\"query-input\":{\"@type\":\"PropertyValueSpecification\",\"valueRequired\":true,\"valueName\":\"search_term_string\"}}],\"inLanguage\":\"es\"},{\"@type\":\"Organization\",\"@id\":\"https:\\\/\\\/granada.salesianos.edu\\\/colegio\\\/#organization\",\"name\":\"Colegio Salesiano San Juan Bosco Granada\",\"url\":\"https:\\\/\\\/granada.salesianos.edu\\\/colegio\\\/\",\"logo\":{\"@type\":\"ImageObject\",\"inLanguage\":\"es\",\"@id\":\"https:\\\/\\\/granada.salesianos.edu\\\/colegio\\\/#\\\/schema\\\/logo\\\/image\\\/\",\"url\":\"https:\\\/\\\/granada.salesianos.edu\\\/colegio\\\/wp-content\\\/uploads\\\/sites\\\/2\\\/2021\\\/01\\\/GRANADAobraVN2.jpg\",\"contentUrl\":\"https:\\\/\\\/granada.salesianos.edu\\\/colegio\\\/wp-content\\\/uploads\\\/sites\\\/2\\\/2021\\\/01\\\/GRANADAobraVN2.jpg\",\"width\":2113,\"height\":1894,\"caption\":\"Colegio Salesiano San Juan Bosco Granada\"},\"image\":{\"@id\":\"https:\\\/\\\/granada.salesianos.edu\\\/colegio\\\/#\\\/schema\\\/logo\\\/image\\\/\"},\"sameAs\":[\"https:\\\/\\\/www.facebook.com\\\/SalesianosGR\\\/\",\"https:\\\/\\\/x.com\\\/GranadaSDB\",\"https:\\\/\\\/www.instagram.com\\\/salesianosgranada\\\/\",\"https:\\\/\\\/www.youtube.com\\\/channel\\\/UChkpZuhCf4Y5rYIcFT3CNxw?view_as=subscriber\"]},{\"@type\":\"Person\",\"@id\":\"https:\\\/\\\/granada.salesianos.edu\\\/colegio\\\/#\\\/schema\\\/person\\\/6392ff2e4bd1e66981d6eab734bbd962\",\"name\":\"Gestor Web\",\"image\":{\"@type\":\"ImageObject\",\"inLanguage\":\"es\",\"@id\":\"https:\\\/\\\/secure.gravatar.com\\\/avatar\\\/160666bb56a01520857079961a824af2b7821d6bad80677c80f2b473fceead1b?s=96&d=mm&r=g\",\"url\":\"https:\\\/\\\/secure.gravatar.com\\\/avatar\\\/160666bb56a01520857079961a824af2b7821d6bad80677c80f2b473fceead1b?s=96&d=mm&r=g\",\"contentUrl\":\"https:\\\/\\\/secure.gravatar.com\\\/avatar\\\/160666bb56a01520857079961a824af2b7821d6bad80677c80f2b473fceead1b?s=96&d=mm&r=g\",\"caption\":\"Gestor Web\"}}]}<\/script>\n<!-- \/ Yoast SEO plugin. -->","yoast_head_json":{"title":"Convivencias de implicaci\u00f3n solidaria - Colegio Salesiano","description":"Un proyecto coordinado por Javier Cano y Myriam Carrascosa, que pretende acercar a los alumnos a la realidad migratoria, profundizando a lo largo de la ma\u00f1ana, desde el debate, tertulia, charla formativa, oraci\u00f3n y taller complementario.","robots":{"index":"index","follow":"follow","max-snippet":"max-snippet:-1","max-image-preview":"max-image-preview:large","max-video-preview":"max-video-preview:-1"},"canonical":"https:\/\/granada.salesianos.edu\/colegio\/blog\/convivencias-de-implicacion-solidaria\/","og_locale":"es_ES","og_type":"article","og_title":"Convivencias de implicaci\u00f3n solidaria - Colegio Salesiano","og_description":"Un proyecto coordinado por Javier Cano y Myriam Carrascosa, que pretende acercar a los alumnos a la realidad migratoria, profundizando a lo largo de la ma\u00f1ana, desde el debate, tertulia, charla formativa, oraci\u00f3n y taller complementario.","og_url":"https:\/\/granada.salesianos.edu\/colegio\/blog\/convivencias-de-implicacion-solidaria\/","og_site_name":"Colegio Salesiano","article_publisher":"https:\/\/www.facebook.com\/SalesianosGR\/","article_published_time":"2023-11-08T20:43:10+00:00","article_modified_time":"2023-11-08T20:43:16+00:00","og_image":[{"width":2048,"height":1536,"url":"https:\/\/granada.salesianos.edu\/colegio\/wp-content\/uploads\/sites\/2\/2023\/11\/ba448ab0-153b-49c4-a5c9-418d37d8c7ac.jpg","type":"image\/jpeg"}],"author":"Gestor Web","twitter_card":"summary_large_image","twitter_creator":"@GranadaSDB","twitter_site":"@GranadaSDB","twitter_misc":{"Escrito por":"Gestor Web","Tiempo de lectura":"5 minutos"},"schema":{"@context":"https:\/\/schema.org","@graph":[{"@type":"Article","@id":"https:\/\/granada.salesianos.edu\/colegio\/blog\/convivencias-de-implicacion-solidaria\/#article","isPartOf":{"@id":"https:\/\/granada.salesianos.edu\/colegio\/blog\/convivencias-de-implicacion-solidaria\/"},"author":{"name":"Gestor Web","@id":"https:\/\/granada.salesianos.edu\/colegio\/#\/schema\/person\/6392ff2e4bd1e66981d6eab734bbd962"},"headline":"Convivencias de implicaci\u00f3n solidaria","datePublished":"2023-11-08T20:43:10+00:00","dateModified":"2023-11-08T20:43:16+00:00","mainEntityOfPage":{"@id":"https:\/\/granada.salesianos.edu\/colegio\/blog\/convivencias-de-implicacion-solidaria\/"},"wordCount":483,"commentCount":0,"publisher":{"@id":"https:\/\/granada.salesianos.edu\/colegio\/#organization"},"image":{"@id":"https:\/\/granada.salesianos.edu\/colegio\/blog\/convivencias-de-implicacion-solidaria\/#primaryimage"},"thumbnailUrl":"https:\/\/granada.salesianos.edu\/colegio\/wp-content\/uploads\/sites\/2\/2023\/11\/ba448ab0-153b-49c4-a5c9-418d37d8c7ac.jpg","keywords":["centro juvenil joven al andalus","fundaci\u00f3n don bosco"],"articleSection":["Centro Juvenil","ESO","Fundaci\u00f3n Don Bosco","Uncategorized"],"inLanguage":"es","potentialAction":[{"@type":"CommentAction","name":"Comment","target":["https:\/\/granada.salesianos.edu\/colegio\/blog\/convivencias-de-implicacion-solidaria\/#respond"]}]},{"@type":"WebPage","@id":"https:\/\/granada.salesianos.edu\/colegio\/blog\/convivencias-de-implicacion-solidaria\/","url":"https:\/\/granada.salesianos.edu\/colegio\/blog\/convivencias-de-implicacion-solidaria\/","name":"Convivencias de implicaci\u00f3n solidaria - Colegio Salesiano","isPartOf":{"@id":"https:\/\/granada.salesianos.edu\/colegio\/#website"},"primaryImageOfPage":{"@id":"https:\/\/granada.salesianos.edu\/colegio\/blog\/convivencias-de-implicacion-solidaria\/#primaryimage"},"image":{"@id":"https:\/\/granada.salesianos.edu\/colegio\/blog\/convivencias-de-implicacion-solidaria\/#primaryimage"},"thumbnailUrl":"https:\/\/granada.salesianos.edu\/colegio\/wp-content\/uploads\/sites\/2\/2023\/11\/ba448ab0-153b-49c4-a5c9-418d37d8c7ac.jpg","datePublished":"2023-11-08T20:43:10+00:00","dateModified":"2023-11-08T20:43:16+00:00","description":"Un proyecto coordinado por Javier Cano y Myriam Carrascosa, que pretende acercar a los alumnos a la realidad migratoria, profundizando a lo largo de la ma\u00f1ana, desde el debate, tertulia, charla formativa, oraci\u00f3n y taller complementario.","breadcrumb":{"@id":"https:\/\/granada.salesianos.edu\/colegio\/blog\/convivencias-de-implicacion-solidaria\/#breadcrumb"},"inLanguage":"es","potentialAction":[{"@type":"ReadAction","target":["https:\/\/granada.salesianos.edu\/colegio\/blog\/convivencias-de-implicacion-solidaria\/"]}]},{"@type":"ImageObject","inLanguage":"es","@id":"https:\/\/granada.salesianos.edu\/colegio\/blog\/convivencias-de-implicacion-solidaria\/#primaryimage","url":"https:\/\/granada.salesianos.edu\/colegio\/wp-content\/uploads\/sites\/2\/2023\/11\/ba448ab0-153b-49c4-a5c9-418d37d8c7ac.jpg","contentUrl":"https:\/\/granada.salesianos.edu\/colegio\/wp-content\/uploads\/sites\/2\/2023\/11\/ba448ab0-153b-49c4-a5c9-418d37d8c7ac.jpg","width":2048,"height":1536},{"@type":"BreadcrumbList","@id":"https:\/\/granada.salesianos.edu\/colegio\/blog\/convivencias-de-implicacion-solidaria\/#breadcrumb","itemListElement":[{"@type":"ListItem","position":1,"name":"Portada","item":"https:\/\/granada.salesianos.edu\/colegio\/"},{"@type":"ListItem","position":2,"name":"Convivencias de implicaci\u00f3n solidaria"}]},{"@type":"WebSite","@id":"https:\/\/granada.salesianos.edu\/colegio\/#website","url":"https:\/\/granada.salesianos.edu\/colegio\/","name":"Colegio Salesiano","description":"P\u00e1gina oficial de Salesianos Granada San Juan Bosco","publisher":{"@id":"https:\/\/granada.salesianos.edu\/colegio\/#organization"},"potentialAction":[{"@type":"SearchAction","target":{"@type":"EntryPoint","urlTemplate":"https:\/\/granada.salesianos.edu\/colegio\/?s={search_term_string}"},"query-input":{"@type":"PropertyValueSpecification","valueRequired":true,"valueName":"search_term_string"}}],"inLanguage":"es"},{"@type":"Organization","@id":"https:\/\/granada.salesianos.edu\/colegio\/#organization","name":"Colegio Salesiano San Juan Bosco Granada","url":"https:\/\/granada.salesianos.edu\/colegio\/","logo":{"@type":"ImageObject","inLanguage":"es","@id":"https:\/\/granada.salesianos.edu\/colegio\/#\/schema\/logo\/image\/","url":"https:\/\/granada.salesianos.edu\/colegio\/wp-content\/uploads\/sites\/2\/2021\/01\/GRANADAobraVN2.jpg","contentUrl":"https:\/\/granada.salesianos.edu\/colegio\/wp-content\/uploads\/sites\/2\/2021\/01\/GRANADAobraVN2.jpg","width":2113,"height":1894,"caption":"Colegio Salesiano San Juan Bosco Granada"},"image":{"@id":"https:\/\/granada.salesianos.edu\/colegio\/#\/schema\/logo\/image\/"},"sameAs":["https:\/\/www.facebook.com\/SalesianosGR\/","https:\/\/x.com\/GranadaSDB","https:\/\/www.instagram.com\/salesianosgranada\/","https:\/\/www.youtube.com\/channel\/UChkpZuhCf4Y5rYIcFT3CNxw?view_as=subscriber"]},{"@type":"Person","@id":"https:\/\/granada.salesianos.edu\/colegio\/#\/schema\/person\/6392ff2e4bd1e66981d6eab734bbd962","name":"Gestor Web","image":{"@type":"ImageObject","inLanguage":"es","@id":"https:\/\/secure.gravatar.com\/avatar\/160666bb56a01520857079961a824af2b7821d6bad80677c80f2b473fceead1b?s=96&d=mm&r=g","url":"https:\/\/secure.gravatar.com\/avatar\/160666bb56a01520857079961a824af2b7821d6bad80677c80f2b473fceead1b?s=96&d=mm&r=g","contentUrl":"https:\/\/secure.gravatar.com\/avatar\/160666bb56a01520857079961a824af2b7821d6bad80677c80f2b473fceead1b?s=96&d=mm&r=g","caption":"Gestor Web"}}]}},"_links":{"self":[{"href":"https:\/\/granada.salesianos.edu\/colegio\/wp-json\/wp\/v2\/posts\/17986","targetHints":{"allow":["GET"]}}],"collection":[{"href":"https:\/\/granada.salesianos.edu\/colegio\/wp-json\/wp\/v2\/posts"}],"about":[{"href":"https:\/\/granada.salesianos.edu\/colegio\/wp-json\/wp\/v2\/types\/post"}],"author":[{"embeddable":true,"href":"https:\/\/granada.salesianos.edu\/colegio\/wp-json\/wp\/v2\/users\/2"}],"replies":[{"embeddable":true,"href":"https:\/\/granada.salesianos.edu\/colegio\/wp-json\/wp\/v2\/comments?post=17986"}],"version-history":[{"count":2,"href":"https:\/\/granada.salesianos.edu\/colegio\/wp-json\/wp\/v2\/posts\/17986\/revisions"}],"predecessor-version":[{"id":18002,"href":"https:\/\/granada.salesianos.edu\/colegio\/wp-json\/wp\/v2\/posts\/17986\/revisions\/18002"}],"wp:featuredmedia":[{"embeddable":true,"href":"https:\/\/granada.salesianos.edu\/colegio\/wp-json\/wp\/v2\/media\/17995"}],"wp:attachment":[{"href":"https:\/\/granada.salesianos.edu\/colegio\/wp-json\/wp\/v2\/media?parent=17986"}],"wp:term":[{"taxonomy":"category","embeddable":true,"href":"https:\/\/granada.salesianos.edu\/colegio\/wp-json\/wp\/v2\/categories?post=17986"},{"taxonomy":"post_tag","embeddable":true,"href":"https:\/\/granada.salesianos.edu\/colegio\/wp-json\/wp\/v2\/tags?post=17986"}],"curies":[{"name":"wp","href":"https:\/\/api.w.org\/{rel}","templated":true}]}}