{"id":18110,"date":"2023-11-22T19:00:54","date_gmt":"2023-11-22T17:00:54","guid":{"rendered":"https:\/\/granada.salesianos.edu\/colegio\/?p=18110"},"modified":"2023-11-22T19:00:54","modified_gmt":"2023-11-22T17:00:54","slug":"la-experiencia-audiovisual-por-lucia-corbacho-y-ateca","status":"publish","type":"post","link":"https:\/\/granada.salesianos.edu\/colegio\/blog\/la-experiencia-audiovisual-por-lucia-corbacho-y-ateca\/","title":{"rendered":"La experiencia audiovisual por Luc\u00eda Corbacho y Ateca"},"content":{"rendered":"<div id=\"fb-root\"><\/div>\n<p>Hoy hemos vuelto a tener el honor de contar con la presencia de Luc\u00eda Corbacho que nos ha presentado a sus compa\u00f1eros de la asociaci\u00f3n ATECA Ana, Eric y Jos\u00e9, quienes han dado una visi\u00f3n muy interesante sobre el mundo del audiovisual y su inserci\u00f3n laboral en \u00e9ste. Una \u00abchispa\u00bb de realidad para nuestro alumnado de imagen y sonido que han aprendido como iniciarse en este mundo. Remarcamos en lo aprendido la importancia de la ACTITUD para trabajar en el sector.<\/p>\n<p>Luc\u00eda Corbacho quien tiene una amplia experiencia en trabajos de peso en producci\u00f3n audiovisual, nacional e internacional, como Juego de tronos, Sucession,&#8230;entre otras, nos ha presentado la asociaci\u00f3n ATECA, la primera asociaci\u00f3n de t\u00e9cnicos audiovisuales de Granada presidida por Ana, dicha asociaci\u00f3n est\u00e1 dando visibilidad en el mapa a la ciudad de Granada, junto con Filming Granada (perteneciente a la diputaci\u00f3n) y la Film Office (gestionada por el Ayuntamiento) en producciones audiovisuales.<\/p>\n<p>Los objetivos fundamentales de Ateca son servir como espacio de uni\u00f3n entre profesionales y empresas del audiovisual granadino fomentando el apoyo mutuo, colaboraci\u00f3n con las instituciones y administraciones p\u00fablicas y crear red de profesionales, ya est\u00e1n inmersos en el sector o incluso a quienes quieren iniciarse.<\/p>\n<p>Parte del equipo de la asociaci\u00f3n Ana, Jos\u00e9 y Eric nos han hablado de la importancia del trabajo en colaborativo y como todo el set acaba siendo una familia, adem\u00e1s de la importancia de tener actitud para trabajar en el sector.<\/p>\n<p>Adem\u00e1s, de mano de Eric, de profesi\u00f3n gaffer encargado de la iluminaci\u00f3n en las pel\u00edculas, han aprendido la labor de este en el mundo del audiovisual y sus colaboradores como el best boy, finger boy, sparks, &#8230;todos estos puestos de trabajo han dado visi\u00f3n del personal que nos enlazan los diferentes departamentos de una producci\u00f3n audiovisual.<\/p>\n<p>El alumnado de imagen y sonido ha tenido la oportunidad con este coloquio de conocer los perfiles profesionales que se mueven en la industria, adem\u00e1s del trabajo desempe\u00f1ado por ellos. Roles indispensables, como el runner, que en ocasi\u00f3n se han iniciado en el trabajo aprendiendo de departamentos diferentes. Nos destacan la importancia del aprendizaje de idiomas, matem\u00e1ticas, conducci\u00f3n&#8230;de conocer t\u00e9rminos del mundillo, contrataci\u00f3n, y algo muy importante el tipo de producciones que se establecen en nuestro pa\u00eds; por Service, producciones que vienen del extranjero o las nacionales.<\/p>\n<p>&nbsp;<\/p>\n","protected":false},"excerpt":{"rendered":"<p>Hoy hemos vuelto a tener el honor de contar con la presencia de Luc\u00eda Corbacho que nos ha presentado a sus compa\u00f1eros de la asociaci\u00f3n ATECA Ana, Eric y Jos\u00e9, quienes han dado una visi\u00f3n muy interesante sobre el mundo del audiovisual y su inserci\u00f3n laboral en \u00e9ste. Una \u00abchispa\u00bb de realidad para nuestro alumnado de imagen y sonido que han aprendido como iniciarse en este mundo. Remarcamos en lo aprendido la importancia de la ACTITUD para trabajar en el sector.<\/p>\n","protected":false},"author":2,"featured_media":18111,"comment_status":"open","ping_status":"open","sticky":false,"template":"","format":"standard","meta":{"_et_pb_use_builder":"","_et_pb_old_content":"","_et_gb_content_width":"","footnotes":""},"categories":[21,52],"tags":[],"class_list":["post-18110","post","type-post","status-publish","format-standard","has-post-thumbnail","hentry","category-fp","category-imagen-y-sonido"],"yoast_head":"<!-- This site is optimized with the Yoast SEO plugin v28.4 - https:\/\/yoast.com\/product\/yoast-seo-wordpress\/ -->\n<title>La experiencia audiovisual por Luc\u00eda Corbacho y Ateca - Colegio Salesiano<\/title>\n<meta name=\"robots\" content=\"index, follow, max-snippet:-1, max-image-preview:large, max-video-preview:-1\" \/>\n<link rel=\"canonical\" href=\"https:\/\/granada.salesianos.edu\/colegio\/blog\/la-experiencia-audiovisual-por-lucia-corbacho-y-ateca\/\" \/>\n<meta property=\"og:locale\" content=\"es_ES\" \/>\n<meta property=\"og:type\" content=\"article\" \/>\n<meta property=\"og:title\" content=\"La experiencia audiovisual por Luc\u00eda Corbacho y Ateca - Colegio Salesiano\" \/>\n<meta property=\"og:description\" content=\"Hoy hemos vuelto a tener el honor de contar con la presencia de Luc\u00eda Corbacho que nos ha presentado a sus compa\u00f1eros de la asociaci\u00f3n ATECA Ana, Eric y Jos\u00e9, quienes han dado una visi\u00f3n muy interesante sobre el mundo del audiovisual y su inserci\u00f3n laboral en \u00e9ste. Una &quot;chispa&quot; de realidad para nuestro alumnado de imagen y sonido que han aprendido como iniciarse en este mundo. Remarcamos en lo aprendido la importancia de la ACTITUD para trabajar en el sector.\" \/>\n<meta property=\"og:url\" content=\"https:\/\/granada.salesianos.edu\/colegio\/blog\/la-experiencia-audiovisual-por-lucia-corbacho-y-ateca\/\" \/>\n<meta property=\"og:site_name\" content=\"Colegio Salesiano\" \/>\n<meta property=\"article:publisher\" content=\"https:\/\/www.facebook.com\/SalesianosGR\/\" \/>\n<meta property=\"article:published_time\" content=\"2023-11-22T17:00:54+00:00\" \/>\n<meta property=\"og:image\" content=\"https:\/\/granada.salesianos.edu\/colegio\/wp-content\/uploads\/sites\/2\/2023\/11\/WhatsApp-Image-2023-11-22-at-14.44.39.jpeg\" \/>\n\t<meta property=\"og:image:width\" content=\"1920\" \/>\n\t<meta property=\"og:image:height\" content=\"1080\" \/>\n\t<meta property=\"og:image:type\" content=\"image\/jpeg\" \/>\n<meta name=\"author\" content=\"Gestor Web\" \/>\n<meta name=\"twitter:card\" content=\"summary_large_image\" \/>\n<meta name=\"twitter:creator\" content=\"@GranadaSDB\" \/>\n<meta name=\"twitter:site\" content=\"@GranadaSDB\" \/>\n<meta name=\"twitter:label1\" content=\"Escrito por\" \/>\n\t<meta name=\"twitter:data1\" content=\"Gestor Web\" \/>\n\t<meta name=\"twitter:label2\" content=\"Tiempo de lectura\" \/>\n\t<meta name=\"twitter:data2\" content=\"2 minutos\" \/>\n<script type=\"application\/ld+json\" class=\"yoast-schema-graph\">{\"@context\":\"https:\\\/\\\/schema.org\",\"@graph\":[{\"@type\":\"Article\",\"@id\":\"https:\\\/\\\/granada.salesianos.edu\\\/colegio\\\/blog\\\/la-experiencia-audiovisual-por-lucia-corbacho-y-ateca\\\/#article\",\"isPartOf\":{\"@id\":\"https:\\\/\\\/granada.salesianos.edu\\\/colegio\\\/blog\\\/la-experiencia-audiovisual-por-lucia-corbacho-y-ateca\\\/\"},\"author\":{\"name\":\"Gestor Web\",\"@id\":\"https:\\\/\\\/granada.salesianos.edu\\\/colegio\\\/#\\\/schema\\\/person\\\/6392ff2e4bd1e66981d6eab734bbd962\"},\"headline\":\"La experiencia audiovisual por Luc\u00eda Corbacho y Ateca\",\"datePublished\":\"2023-11-22T17:00:54+00:00\",\"mainEntityOfPage\":{\"@id\":\"https:\\\/\\\/granada.salesianos.edu\\\/colegio\\\/blog\\\/la-experiencia-audiovisual-por-lucia-corbacho-y-ateca\\\/\"},\"wordCount\":427,\"commentCount\":0,\"publisher\":{\"@id\":\"https:\\\/\\\/granada.salesianos.edu\\\/colegio\\\/#organization\"},\"image\":{\"@id\":\"https:\\\/\\\/granada.salesianos.edu\\\/colegio\\\/blog\\\/la-experiencia-audiovisual-por-lucia-corbacho-y-ateca\\\/#primaryimage\"},\"thumbnailUrl\":\"https:\\\/\\\/granada.salesianos.edu\\\/colegio\\\/wp-content\\\/uploads\\\/sites\\\/2\\\/2023\\\/11\\\/WhatsApp-Image-2023-11-22-at-14.44.39.jpeg\",\"articleSection\":[\"FP\",\"Imagen y Sonido\"],\"inLanguage\":\"es\",\"potentialAction\":[{\"@type\":\"CommentAction\",\"name\":\"Comment\",\"target\":[\"https:\\\/\\\/granada.salesianos.edu\\\/colegio\\\/blog\\\/la-experiencia-audiovisual-por-lucia-corbacho-y-ateca\\\/#respond\"]}]},{\"@type\":\"WebPage\",\"@id\":\"https:\\\/\\\/granada.salesianos.edu\\\/colegio\\\/blog\\\/la-experiencia-audiovisual-por-lucia-corbacho-y-ateca\\\/\",\"url\":\"https:\\\/\\\/granada.salesianos.edu\\\/colegio\\\/blog\\\/la-experiencia-audiovisual-por-lucia-corbacho-y-ateca\\\/\",\"name\":\"La experiencia audiovisual por Luc\u00eda Corbacho y Ateca - Colegio Salesiano\",\"isPartOf\":{\"@id\":\"https:\\\/\\\/granada.salesianos.edu\\\/colegio\\\/#website\"},\"primaryImageOfPage\":{\"@id\":\"https:\\\/\\\/granada.salesianos.edu\\\/colegio\\\/blog\\\/la-experiencia-audiovisual-por-lucia-corbacho-y-ateca\\\/#primaryimage\"},\"image\":{\"@id\":\"https:\\\/\\\/granada.salesianos.edu\\\/colegio\\\/blog\\\/la-experiencia-audiovisual-por-lucia-corbacho-y-ateca\\\/#primaryimage\"},\"thumbnailUrl\":\"https:\\\/\\\/granada.salesianos.edu\\\/colegio\\\/wp-content\\\/uploads\\\/sites\\\/2\\\/2023\\\/11\\\/WhatsApp-Image-2023-11-22-at-14.44.39.jpeg\",\"datePublished\":\"2023-11-22T17:00:54+00:00\",\"breadcrumb\":{\"@id\":\"https:\\\/\\\/granada.salesianos.edu\\\/colegio\\\/blog\\\/la-experiencia-audiovisual-por-lucia-corbacho-y-ateca\\\/#breadcrumb\"},\"inLanguage\":\"es\",\"potentialAction\":[{\"@type\":\"ReadAction\",\"target\":[\"https:\\\/\\\/granada.salesianos.edu\\\/colegio\\\/blog\\\/la-experiencia-audiovisual-por-lucia-corbacho-y-ateca\\\/\"]}]},{\"@type\":\"ImageObject\",\"inLanguage\":\"es\",\"@id\":\"https:\\\/\\\/granada.salesianos.edu\\\/colegio\\\/blog\\\/la-experiencia-audiovisual-por-lucia-corbacho-y-ateca\\\/#primaryimage\",\"url\":\"https:\\\/\\\/granada.salesianos.edu\\\/colegio\\\/wp-content\\\/uploads\\\/sites\\\/2\\\/2023\\\/11\\\/WhatsApp-Image-2023-11-22-at-14.44.39.jpeg\",\"contentUrl\":\"https:\\\/\\\/granada.salesianos.edu\\\/colegio\\\/wp-content\\\/uploads\\\/sites\\\/2\\\/2023\\\/11\\\/WhatsApp-Image-2023-11-22-at-14.44.39.jpeg\",\"width\":1920,\"height\":1080},{\"@type\":\"BreadcrumbList\",\"@id\":\"https:\\\/\\\/granada.salesianos.edu\\\/colegio\\\/blog\\\/la-experiencia-audiovisual-por-lucia-corbacho-y-ateca\\\/#breadcrumb\",\"itemListElement\":[{\"@type\":\"ListItem\",\"position\":1,\"name\":\"Portada\",\"item\":\"https:\\\/\\\/granada.salesianos.edu\\\/colegio\\\/\"},{\"@type\":\"ListItem\",\"position\":2,\"name\":\"La experiencia audiovisual por Luc\u00eda Corbacho y Ateca\"}]},{\"@type\":\"WebSite\",\"@id\":\"https:\\\/\\\/granada.salesianos.edu\\\/colegio\\\/#website\",\"url\":\"https:\\\/\\\/granada.salesianos.edu\\\/colegio\\\/\",\"name\":\"Colegio Salesiano\",\"description\":\"P\u00e1gina oficial de Salesianos Granada San Juan Bosco\",\"publisher\":{\"@id\":\"https:\\\/\\\/granada.salesianos.edu\\\/colegio\\\/#organization\"},\"potentialAction\":[{\"@type\":\"SearchAction\",\"target\":{\"@type\":\"EntryPoint\",\"urlTemplate\":\"https:\\\/\\\/granada.salesianos.edu\\\/colegio\\\/?s={search_term_string}\"},\"query-input\":{\"@type\":\"PropertyValueSpecification\",\"valueRequired\":true,\"valueName\":\"search_term_string\"}}],\"inLanguage\":\"es\"},{\"@type\":\"Organization\",\"@id\":\"https:\\\/\\\/granada.salesianos.edu\\\/colegio\\\/#organization\",\"name\":\"Colegio Salesiano San Juan Bosco Granada\",\"url\":\"https:\\\/\\\/granada.salesianos.edu\\\/colegio\\\/\",\"logo\":{\"@type\":\"ImageObject\",\"inLanguage\":\"es\",\"@id\":\"https:\\\/\\\/granada.salesianos.edu\\\/colegio\\\/#\\\/schema\\\/logo\\\/image\\\/\",\"url\":\"https:\\\/\\\/granada.salesianos.edu\\\/colegio\\\/wp-content\\\/uploads\\\/sites\\\/2\\\/2021\\\/01\\\/GRANADAobraVN2.jpg\",\"contentUrl\":\"https:\\\/\\\/granada.salesianos.edu\\\/colegio\\\/wp-content\\\/uploads\\\/sites\\\/2\\\/2021\\\/01\\\/GRANADAobraVN2.jpg\",\"width\":2113,\"height\":1894,\"caption\":\"Colegio Salesiano San Juan Bosco Granada\"},\"image\":{\"@id\":\"https:\\\/\\\/granada.salesianos.edu\\\/colegio\\\/#\\\/schema\\\/logo\\\/image\\\/\"},\"sameAs\":[\"https:\\\/\\\/www.facebook.com\\\/SalesianosGR\\\/\",\"https:\\\/\\\/x.com\\\/GranadaSDB\",\"https:\\\/\\\/www.instagram.com\\\/salesianosgranada\\\/\",\"https:\\\/\\\/www.youtube.com\\\/channel\\\/UChkpZuhCf4Y5rYIcFT3CNxw?view_as=subscriber\"]},{\"@type\":\"Person\",\"@id\":\"https:\\\/\\\/granada.salesianos.edu\\\/colegio\\\/#\\\/schema\\\/person\\\/6392ff2e4bd1e66981d6eab734bbd962\",\"name\":\"Gestor Web\",\"image\":{\"@type\":\"ImageObject\",\"inLanguage\":\"es\",\"@id\":\"https:\\\/\\\/secure.gravatar.com\\\/avatar\\\/160666bb56a01520857079961a824af2b7821d6bad80677c80f2b473fceead1b?s=96&d=mm&r=g\",\"url\":\"https:\\\/\\\/secure.gravatar.com\\\/avatar\\\/160666bb56a01520857079961a824af2b7821d6bad80677c80f2b473fceead1b?s=96&d=mm&r=g\",\"contentUrl\":\"https:\\\/\\\/secure.gravatar.com\\\/avatar\\\/160666bb56a01520857079961a824af2b7821d6bad80677c80f2b473fceead1b?s=96&d=mm&r=g\",\"caption\":\"Gestor Web\"}}]}<\/script>\n<!-- \/ Yoast SEO plugin. -->","yoast_head_json":{"title":"La experiencia audiovisual por Luc\u00eda Corbacho y Ateca - Colegio Salesiano","robots":{"index":"index","follow":"follow","max-snippet":"max-snippet:-1","max-image-preview":"max-image-preview:large","max-video-preview":"max-video-preview:-1"},"canonical":"https:\/\/granada.salesianos.edu\/colegio\/blog\/la-experiencia-audiovisual-por-lucia-corbacho-y-ateca\/","og_locale":"es_ES","og_type":"article","og_title":"La experiencia audiovisual por Luc\u00eda Corbacho y Ateca - Colegio Salesiano","og_description":"Hoy hemos vuelto a tener el honor de contar con la presencia de Luc\u00eda Corbacho que nos ha presentado a sus compa\u00f1eros de la asociaci\u00f3n ATECA Ana, Eric y Jos\u00e9, quienes han dado una visi\u00f3n muy interesante sobre el mundo del audiovisual y su inserci\u00f3n laboral en \u00e9ste. Una \"chispa\" de realidad para nuestro alumnado de imagen y sonido que han aprendido como iniciarse en este mundo. Remarcamos en lo aprendido la importancia de la ACTITUD para trabajar en el sector.","og_url":"https:\/\/granada.salesianos.edu\/colegio\/blog\/la-experiencia-audiovisual-por-lucia-corbacho-y-ateca\/","og_site_name":"Colegio Salesiano","article_publisher":"https:\/\/www.facebook.com\/SalesianosGR\/","article_published_time":"2023-11-22T17:00:54+00:00","og_image":[{"width":1920,"height":1080,"url":"https:\/\/granada.salesianos.edu\/colegio\/wp-content\/uploads\/sites\/2\/2023\/11\/WhatsApp-Image-2023-11-22-at-14.44.39.jpeg","type":"image\/jpeg"}],"author":"Gestor Web","twitter_card":"summary_large_image","twitter_creator":"@GranadaSDB","twitter_site":"@GranadaSDB","twitter_misc":{"Escrito por":"Gestor Web","Tiempo de lectura":"2 minutos"},"schema":{"@context":"https:\/\/schema.org","@graph":[{"@type":"Article","@id":"https:\/\/granada.salesianos.edu\/colegio\/blog\/la-experiencia-audiovisual-por-lucia-corbacho-y-ateca\/#article","isPartOf":{"@id":"https:\/\/granada.salesianos.edu\/colegio\/blog\/la-experiencia-audiovisual-por-lucia-corbacho-y-ateca\/"},"author":{"name":"Gestor Web","@id":"https:\/\/granada.salesianos.edu\/colegio\/#\/schema\/person\/6392ff2e4bd1e66981d6eab734bbd962"},"headline":"La experiencia audiovisual por Luc\u00eda Corbacho y Ateca","datePublished":"2023-11-22T17:00:54+00:00","mainEntityOfPage":{"@id":"https:\/\/granada.salesianos.edu\/colegio\/blog\/la-experiencia-audiovisual-por-lucia-corbacho-y-ateca\/"},"wordCount":427,"commentCount":0,"publisher":{"@id":"https:\/\/granada.salesianos.edu\/colegio\/#organization"},"image":{"@id":"https:\/\/granada.salesianos.edu\/colegio\/blog\/la-experiencia-audiovisual-por-lucia-corbacho-y-ateca\/#primaryimage"},"thumbnailUrl":"https:\/\/granada.salesianos.edu\/colegio\/wp-content\/uploads\/sites\/2\/2023\/11\/WhatsApp-Image-2023-11-22-at-14.44.39.jpeg","articleSection":["FP","Imagen y Sonido"],"inLanguage":"es","potentialAction":[{"@type":"CommentAction","name":"Comment","target":["https:\/\/granada.salesianos.edu\/colegio\/blog\/la-experiencia-audiovisual-por-lucia-corbacho-y-ateca\/#respond"]}]},{"@type":"WebPage","@id":"https:\/\/granada.salesianos.edu\/colegio\/blog\/la-experiencia-audiovisual-por-lucia-corbacho-y-ateca\/","url":"https:\/\/granada.salesianos.edu\/colegio\/blog\/la-experiencia-audiovisual-por-lucia-corbacho-y-ateca\/","name":"La experiencia audiovisual por Luc\u00eda Corbacho y Ateca - Colegio Salesiano","isPartOf":{"@id":"https:\/\/granada.salesianos.edu\/colegio\/#website"},"primaryImageOfPage":{"@id":"https:\/\/granada.salesianos.edu\/colegio\/blog\/la-experiencia-audiovisual-por-lucia-corbacho-y-ateca\/#primaryimage"},"image":{"@id":"https:\/\/granada.salesianos.edu\/colegio\/blog\/la-experiencia-audiovisual-por-lucia-corbacho-y-ateca\/#primaryimage"},"thumbnailUrl":"https:\/\/granada.salesianos.edu\/colegio\/wp-content\/uploads\/sites\/2\/2023\/11\/WhatsApp-Image-2023-11-22-at-14.44.39.jpeg","datePublished":"2023-11-22T17:00:54+00:00","breadcrumb":{"@id":"https:\/\/granada.salesianos.edu\/colegio\/blog\/la-experiencia-audiovisual-por-lucia-corbacho-y-ateca\/#breadcrumb"},"inLanguage":"es","potentialAction":[{"@type":"ReadAction","target":["https:\/\/granada.salesianos.edu\/colegio\/blog\/la-experiencia-audiovisual-por-lucia-corbacho-y-ateca\/"]}]},{"@type":"ImageObject","inLanguage":"es","@id":"https:\/\/granada.salesianos.edu\/colegio\/blog\/la-experiencia-audiovisual-por-lucia-corbacho-y-ateca\/#primaryimage","url":"https:\/\/granada.salesianos.edu\/colegio\/wp-content\/uploads\/sites\/2\/2023\/11\/WhatsApp-Image-2023-11-22-at-14.44.39.jpeg","contentUrl":"https:\/\/granada.salesianos.edu\/colegio\/wp-content\/uploads\/sites\/2\/2023\/11\/WhatsApp-Image-2023-11-22-at-14.44.39.jpeg","width":1920,"height":1080},{"@type":"BreadcrumbList","@id":"https:\/\/granada.salesianos.edu\/colegio\/blog\/la-experiencia-audiovisual-por-lucia-corbacho-y-ateca\/#breadcrumb","itemListElement":[{"@type":"ListItem","position":1,"name":"Portada","item":"https:\/\/granada.salesianos.edu\/colegio\/"},{"@type":"ListItem","position":2,"name":"La experiencia audiovisual por Luc\u00eda Corbacho y Ateca"}]},{"@type":"WebSite","@id":"https:\/\/granada.salesianos.edu\/colegio\/#website","url":"https:\/\/granada.salesianos.edu\/colegio\/","name":"Colegio Salesiano","description":"P\u00e1gina oficial de Salesianos Granada San Juan Bosco","publisher":{"@id":"https:\/\/granada.salesianos.edu\/colegio\/#organization"},"potentialAction":[{"@type":"SearchAction","target":{"@type":"EntryPoint","urlTemplate":"https:\/\/granada.salesianos.edu\/colegio\/?s={search_term_string}"},"query-input":{"@type":"PropertyValueSpecification","valueRequired":true,"valueName":"search_term_string"}}],"inLanguage":"es"},{"@type":"Organization","@id":"https:\/\/granada.salesianos.edu\/colegio\/#organization","name":"Colegio Salesiano San Juan Bosco Granada","url":"https:\/\/granada.salesianos.edu\/colegio\/","logo":{"@type":"ImageObject","inLanguage":"es","@id":"https:\/\/granada.salesianos.edu\/colegio\/#\/schema\/logo\/image\/","url":"https:\/\/granada.salesianos.edu\/colegio\/wp-content\/uploads\/sites\/2\/2021\/01\/GRANADAobraVN2.jpg","contentUrl":"https:\/\/granada.salesianos.edu\/colegio\/wp-content\/uploads\/sites\/2\/2021\/01\/GRANADAobraVN2.jpg","width":2113,"height":1894,"caption":"Colegio Salesiano San Juan Bosco Granada"},"image":{"@id":"https:\/\/granada.salesianos.edu\/colegio\/#\/schema\/logo\/image\/"},"sameAs":["https:\/\/www.facebook.com\/SalesianosGR\/","https:\/\/x.com\/GranadaSDB","https:\/\/www.instagram.com\/salesianosgranada\/","https:\/\/www.youtube.com\/channel\/UChkpZuhCf4Y5rYIcFT3CNxw?view_as=subscriber"]},{"@type":"Person","@id":"https:\/\/granada.salesianos.edu\/colegio\/#\/schema\/person\/6392ff2e4bd1e66981d6eab734bbd962","name":"Gestor Web","image":{"@type":"ImageObject","inLanguage":"es","@id":"https:\/\/secure.gravatar.com\/avatar\/160666bb56a01520857079961a824af2b7821d6bad80677c80f2b473fceead1b?s=96&d=mm&r=g","url":"https:\/\/secure.gravatar.com\/avatar\/160666bb56a01520857079961a824af2b7821d6bad80677c80f2b473fceead1b?s=96&d=mm&r=g","contentUrl":"https:\/\/secure.gravatar.com\/avatar\/160666bb56a01520857079961a824af2b7821d6bad80677c80f2b473fceead1b?s=96&d=mm&r=g","caption":"Gestor Web"}}]}},"_links":{"self":[{"href":"https:\/\/granada.salesianos.edu\/colegio\/wp-json\/wp\/v2\/posts\/18110","targetHints":{"allow":["GET"]}}],"collection":[{"href":"https:\/\/granada.salesianos.edu\/colegio\/wp-json\/wp\/v2\/posts"}],"about":[{"href":"https:\/\/granada.salesianos.edu\/colegio\/wp-json\/wp\/v2\/types\/post"}],"author":[{"embeddable":true,"href":"https:\/\/granada.salesianos.edu\/colegio\/wp-json\/wp\/v2\/users\/2"}],"replies":[{"embeddable":true,"href":"https:\/\/granada.salesianos.edu\/colegio\/wp-json\/wp\/v2\/comments?post=18110"}],"version-history":[{"count":1,"href":"https:\/\/granada.salesianos.edu\/colegio\/wp-json\/wp\/v2\/posts\/18110\/revisions"}],"predecessor-version":[{"id":18112,"href":"https:\/\/granada.salesianos.edu\/colegio\/wp-json\/wp\/v2\/posts\/18110\/revisions\/18112"}],"wp:featuredmedia":[{"embeddable":true,"href":"https:\/\/granada.salesianos.edu\/colegio\/wp-json\/wp\/v2\/media\/18111"}],"wp:attachment":[{"href":"https:\/\/granada.salesianos.edu\/colegio\/wp-json\/wp\/v2\/media?parent=18110"}],"wp:term":[{"taxonomy":"category","embeddable":true,"href":"https:\/\/granada.salesianos.edu\/colegio\/wp-json\/wp\/v2\/categories?post=18110"},{"taxonomy":"post_tag","embeddable":true,"href":"https:\/\/granada.salesianos.edu\/colegio\/wp-json\/wp\/v2\/tags?post=18110"}],"curies":[{"name":"wp","href":"https:\/\/api.w.org\/{rel}","templated":true}]}}