{"id":18115,"date":"2023-12-01T00:12:09","date_gmt":"2023-11-30T22:12:09","guid":{"rendered":"https:\/\/granada.salesianos.edu\/colegio\/?p=18115"},"modified":"2023-12-04T00:13:22","modified_gmt":"2023-12-03T22:13:22","slug":"formacion-en-prevencion-en-riesgos-laborales-para-trabajos-en-altura","status":"publish","type":"post","link":"https:\/\/granada.salesianos.edu\/colegio\/blog\/formacion-en-prevencion-en-riesgos-laborales-para-trabajos-en-altura\/","title":{"rendered":"Formaci\u00f3n en Prevenci\u00f3n en Riesgos Laborales para trabajos en Altura"},"content":{"rendered":"<div id=\"fb-root\"><\/div>\n<p>[et_pb_section fb_built=\u00bb1&#8243; _builder_version=\u00bb4.16&#8243; global_colors_info=\u00bb{}\u00bb][et_pb_row _builder_version=\u00bb4.16&#8243; background_size=\u00bbinitial\u00bb background_position=\u00bbtop_left\u00bb background_repeat=\u00bbrepeat\u00bb global_colors_info=\u00bb{}\u00bb][et_pb_column type=\u00bb4_4&#8243; _builder_version=\u00bb4.16&#8243; custom_padding=\u00bb|||\u00bb global_colors_info=\u00bb{}\u00bb custom_padding__hover=\u00bb|||\u00bb][et_pb_text _builder_version=\u00bb4.16&#8243; background_size=\u00bbinitial\u00bb background_position=\u00bbtop_left\u00bb background_repeat=\u00bbrepeat\u00bb global_colors_info=\u00bb{}\u00bb]<\/p>\n<p>Durante este mes de noviembre, nuestro alumnado de Ciclos formativos han recibido tres sesiones formativos sobre la Prevenci\u00f3n en Riesgos Laborales para trabajos en Altura. El encargado de esta formaci\u00f3n ha sido el T\u00e9cnico Juan Jos\u00e9 D\u00edaz del Centro de Prevenci\u00f3n en Riesgos Laborales de Granada, dando a conocer los diferentes medios a usar para este tipo de trabajo y la importancia de cada uno en sus diferentes aplicaciones contando una gran variedad de ejemplos y casos pr\u00e1cticos, contando con una gran participaci\u00f3n por parte de nuestro alumnado que ha se ha interesado por profundizar algo tan fundamental como es la prevenci\u00f3n en sus futuros trabajos.<\/p>\n<p>&nbsp;<\/p>\n<p>&nbsp;<\/p>\n<p><img loading=\"lazy\" decoding=\"async\" class=\"alignnone size-thumbnail wp-image-18116\" src=\"https:\/\/granada.salesianos.edu\/colegio\/wp-content\/uploads\/sites\/2\/2023\/12\/2b860d01-c186-4af6-8858-7cd0d1f5b57a-150x150.jpg\" alt=\"\" width=\"150\" height=\"150\" \/> <img loading=\"lazy\" decoding=\"async\" class=\"alignnone size-thumbnail wp-image-18118\" src=\"https:\/\/granada.salesianos.edu\/colegio\/wp-content\/uploads\/sites\/2\/2023\/12\/b1c1fc52-6ab0-4870-96aa-e81a13f143a9-150x150.jpg\" alt=\"\" width=\"150\" height=\"150\" \/> <img loading=\"lazy\" decoding=\"async\" class=\"alignnone size-thumbnail wp-image-18120\" src=\"https:\/\/granada.salesianos.edu\/colegio\/wp-content\/uploads\/sites\/2\/2023\/12\/fa0ecdd7-7686-4c6a-bf84-dce4b3e8c74a-150x150.jpg\" alt=\"\" width=\"150\" height=\"150\" \/><\/p>\n<p>[\/et_pb_text][\/et_pb_column][\/et_pb_row][\/et_pb_section]<\/p>\n","protected":false},"excerpt":{"rendered":"<p>Durante este mes de Noviembre, nuestro alumnado de Ciclos Formativos en las diferentes especialidades, ha recibido por parte del Centro de Prevenci\u00f3n de Riesgos Laborales de Granada una formaci\u00f3n sobre PRL para trabajos en altura por parte del t\u00e9cnico Don Juan Jos\u00e9 D\u00edaz.<\/p>\n","protected":false},"author":2,"featured_media":18116,"comment_status":"open","ping_status":"open","sticky":false,"template":"","format":"standard","meta":{"_et_pb_use_builder":"on","_et_pb_old_content":"<p>Durante este mes de noviembre, nuestro alumnado de Ciclos formativos han recibido tres sesiones formativos sobre la Prevenci\u00f3n en Riesgos Laborales para trabajos en Altura. El encargado de esta formaci\u00f3n ha sido el T\u00e9cnico Juan Jos\u00e9 D\u00edaz del Centro de Prevenci\u00f3n en Riesgos Laborales de Granada, dando a conocer los diferentes medios a usar para este tipo de trabajo y la importancia de cada uno en sus diferentes aplicaciones contando una gran variedad de ejemplos y casos pr\u00e1cticos, contando con una gran participaci\u00f3n por parte de nuestro alumnado que ha se ha interesado por profundizar algo tan fundamental como es la prevenci\u00f3n en sus futuros trabajos.<img class=\"alignnone size-thumbnail wp-image-65004\" src=\"https:\/\/granada.salesianos.edu\/wp-content\/uploads\/2023\/12\/2b860d01-c186-4af6-8858-7cd0d1f5b57a-150x150.jpg\" alt=\"\" width=\"150\" height=\"150\" \/> <img class=\"alignnone size-thumbnail wp-image-65005\" src=\"https:\/\/granada.salesianos.edu\/wp-content\/uploads\/2023\/12\/b1c1fc52-6ab0-4870-96aa-e81a13f143a9-150x150.jpg\" alt=\"\" width=\"150\" height=\"150\" \/> <img class=\"alignnone size-thumbnail wp-image-65006\" src=\"https:\/\/granada.salesianos.edu\/wp-content\/uploads\/2023\/12\/fa0ecdd7-7686-4c6a-bf84-dce4b3e8c74a-150x150.jpg\" alt=\"\" width=\"150\" height=\"150\" \/><\/p>","_et_gb_content_width":"","footnotes":""},"categories":[11,21,52,1],"tags":[],"class_list":["post-18115","post","type-post","status-publish","format-standard","has-post-thumbnail","hentry","category-colegio","category-fp","category-imagen-y-sonido","category-uncategorized"],"yoast_head":"<!-- This site is optimized with the Yoast SEO plugin v28.4 - https:\/\/yoast.com\/product\/yoast-seo-wordpress\/ -->\n<title>Formaci\u00f3n en Prevenci\u00f3n en Riesgos Laborales para trabajos en Altura - Colegio Salesiano<\/title>\n<meta name=\"description\" content=\"Nuestro alumnado de FP recibe formaci\u00f3n sobre Prevenci\u00f3n en Riesgos Laborales para trabajos en Altura por parte del Centro de PRL de Granada\" \/>\n<meta name=\"robots\" content=\"index, follow, max-snippet:-1, max-image-preview:large, max-video-preview:-1\" \/>\n<link rel=\"canonical\" href=\"https:\/\/granada.salesianos.edu\/colegio\/blog\/formacion-en-prevencion-en-riesgos-laborales-para-trabajos-en-altura\/\" \/>\n<meta property=\"og:locale\" content=\"es_ES\" \/>\n<meta property=\"og:type\" content=\"article\" \/>\n<meta property=\"og:title\" content=\"Formaci\u00f3n en Prevenci\u00f3n en Riesgos Laborales para trabajos en Altura - Colegio Salesiano\" \/>\n<meta property=\"og:description\" content=\"Nuestro alumnado de FP recibe formaci\u00f3n sobre Prevenci\u00f3n en Riesgos Laborales para trabajos en Altura por parte del Centro de PRL de Granada\" \/>\n<meta property=\"og:url\" content=\"https:\/\/granada.salesianos.edu\/colegio\/blog\/formacion-en-prevencion-en-riesgos-laborales-para-trabajos-en-altura\/\" \/>\n<meta property=\"og:site_name\" content=\"Colegio Salesiano\" \/>\n<meta property=\"article:publisher\" content=\"https:\/\/www.facebook.com\/SalesianosGR\/\" \/>\n<meta property=\"article:published_time\" content=\"2023-11-30T22:12:09+00:00\" \/>\n<meta property=\"article:modified_time\" content=\"2023-12-03T22:13:22+00:00\" \/>\n<meta property=\"og:image\" content=\"https:\/\/granada.salesianos.edu\/colegio\/wp-content\/uploads\/sites\/2\/2023\/12\/2b860d01-c186-4af6-8858-7cd0d1f5b57a.jpg\" \/>\n\t<meta property=\"og:image:width\" content=\"1600\" \/>\n\t<meta property=\"og:image:height\" content=\"1200\" \/>\n\t<meta property=\"og:image:type\" content=\"image\/jpeg\" \/>\n<meta name=\"author\" content=\"Gestor Web\" \/>\n<meta name=\"twitter:card\" content=\"summary_large_image\" \/>\n<meta name=\"twitter:creator\" content=\"@GranadaSDB\" \/>\n<meta name=\"twitter:site\" content=\"@GranadaSDB\" \/>\n<meta name=\"twitter:label1\" content=\"Escrito por\" \/>\n\t<meta name=\"twitter:data1\" content=\"Gestor Web\" \/>\n\t<meta name=\"twitter:label2\" content=\"Tiempo de lectura\" \/>\n\t<meta name=\"twitter:data2\" content=\"2 minutos\" \/>\n<script type=\"application\/ld+json\" class=\"yoast-schema-graph\">{\"@context\":\"https:\\\/\\\/schema.org\",\"@graph\":[{\"@type\":\"Article\",\"@id\":\"https:\\\/\\\/granada.salesianos.edu\\\/colegio\\\/blog\\\/formacion-en-prevencion-en-riesgos-laborales-para-trabajos-en-altura\\\/#article\",\"isPartOf\":{\"@id\":\"https:\\\/\\\/granada.salesianos.edu\\\/colegio\\\/blog\\\/formacion-en-prevencion-en-riesgos-laborales-para-trabajos-en-altura\\\/\"},\"author\":{\"name\":\"Gestor Web\",\"@id\":\"https:\\\/\\\/granada.salesianos.edu\\\/colegio\\\/#\\\/schema\\\/person\\\/6392ff2e4bd1e66981d6eab734bbd962\"},\"headline\":\"Formaci\u00f3n en Prevenci\u00f3n en Riesgos Laborales para trabajos en Altura\",\"datePublished\":\"2023-11-30T22:12:09+00:00\",\"dateModified\":\"2023-12-03T22:13:22+00:00\",\"mainEntityOfPage\":{\"@id\":\"https:\\\/\\\/granada.salesianos.edu\\\/colegio\\\/blog\\\/formacion-en-prevencion-en-riesgos-laborales-para-trabajos-en-altura\\\/\"},\"wordCount\":200,\"commentCount\":0,\"publisher\":{\"@id\":\"https:\\\/\\\/granada.salesianos.edu\\\/colegio\\\/#organization\"},\"image\":{\"@id\":\"https:\\\/\\\/granada.salesianos.edu\\\/colegio\\\/blog\\\/formacion-en-prevencion-en-riesgos-laborales-para-trabajos-en-altura\\\/#primaryimage\"},\"thumbnailUrl\":\"https:\\\/\\\/granada.salesianos.edu\\\/colegio\\\/wp-content\\\/uploads\\\/sites\\\/2\\\/2023\\\/12\\\/2b860d01-c186-4af6-8858-7cd0d1f5b57a.jpg\",\"articleSection\":[\"Colegio\",\"FP\",\"Imagen y Sonido\",\"Uncategorized\"],\"inLanguage\":\"es\",\"potentialAction\":[{\"@type\":\"CommentAction\",\"name\":\"Comment\",\"target\":[\"https:\\\/\\\/granada.salesianos.edu\\\/colegio\\\/blog\\\/formacion-en-prevencion-en-riesgos-laborales-para-trabajos-en-altura\\\/#respond\"]}]},{\"@type\":\"WebPage\",\"@id\":\"https:\\\/\\\/granada.salesianos.edu\\\/colegio\\\/blog\\\/formacion-en-prevencion-en-riesgos-laborales-para-trabajos-en-altura\\\/\",\"url\":\"https:\\\/\\\/granada.salesianos.edu\\\/colegio\\\/blog\\\/formacion-en-prevencion-en-riesgos-laborales-para-trabajos-en-altura\\\/\",\"name\":\"Formaci\u00f3n en Prevenci\u00f3n en Riesgos Laborales para trabajos en Altura - Colegio Salesiano\",\"isPartOf\":{\"@id\":\"https:\\\/\\\/granada.salesianos.edu\\\/colegio\\\/#website\"},\"primaryImageOfPage\":{\"@id\":\"https:\\\/\\\/granada.salesianos.edu\\\/colegio\\\/blog\\\/formacion-en-prevencion-en-riesgos-laborales-para-trabajos-en-altura\\\/#primaryimage\"},\"image\":{\"@id\":\"https:\\\/\\\/granada.salesianos.edu\\\/colegio\\\/blog\\\/formacion-en-prevencion-en-riesgos-laborales-para-trabajos-en-altura\\\/#primaryimage\"},\"thumbnailUrl\":\"https:\\\/\\\/granada.salesianos.edu\\\/colegio\\\/wp-content\\\/uploads\\\/sites\\\/2\\\/2023\\\/12\\\/2b860d01-c186-4af6-8858-7cd0d1f5b57a.jpg\",\"datePublished\":\"2023-11-30T22:12:09+00:00\",\"dateModified\":\"2023-12-03T22:13:22+00:00\",\"description\":\"Nuestro alumnado de FP recibe formaci\u00f3n sobre Prevenci\u00f3n en Riesgos Laborales para trabajos en Altura por parte del Centro de PRL de Granada\",\"breadcrumb\":{\"@id\":\"https:\\\/\\\/granada.salesianos.edu\\\/colegio\\\/blog\\\/formacion-en-prevencion-en-riesgos-laborales-para-trabajos-en-altura\\\/#breadcrumb\"},\"inLanguage\":\"es\",\"potentialAction\":[{\"@type\":\"ReadAction\",\"target\":[\"https:\\\/\\\/granada.salesianos.edu\\\/colegio\\\/blog\\\/formacion-en-prevencion-en-riesgos-laborales-para-trabajos-en-altura\\\/\"]}]},{\"@type\":\"ImageObject\",\"inLanguage\":\"es\",\"@id\":\"https:\\\/\\\/granada.salesianos.edu\\\/colegio\\\/blog\\\/formacion-en-prevencion-en-riesgos-laborales-para-trabajos-en-altura\\\/#primaryimage\",\"url\":\"https:\\\/\\\/granada.salesianos.edu\\\/colegio\\\/wp-content\\\/uploads\\\/sites\\\/2\\\/2023\\\/12\\\/2b860d01-c186-4af6-8858-7cd0d1f5b57a.jpg\",\"contentUrl\":\"https:\\\/\\\/granada.salesianos.edu\\\/colegio\\\/wp-content\\\/uploads\\\/sites\\\/2\\\/2023\\\/12\\\/2b860d01-c186-4af6-8858-7cd0d1f5b57a.jpg\",\"width\":1600,\"height\":1200},{\"@type\":\"BreadcrumbList\",\"@id\":\"https:\\\/\\\/granada.salesianos.edu\\\/colegio\\\/blog\\\/formacion-en-prevencion-en-riesgos-laborales-para-trabajos-en-altura\\\/#breadcrumb\",\"itemListElement\":[{\"@type\":\"ListItem\",\"position\":1,\"name\":\"Portada\",\"item\":\"https:\\\/\\\/granada.salesianos.edu\\\/colegio\\\/\"},{\"@type\":\"ListItem\",\"position\":2,\"name\":\"Formaci\u00f3n en Prevenci\u00f3n en Riesgos Laborales para trabajos en Altura\"}]},{\"@type\":\"WebSite\",\"@id\":\"https:\\\/\\\/granada.salesianos.edu\\\/colegio\\\/#website\",\"url\":\"https:\\\/\\\/granada.salesianos.edu\\\/colegio\\\/\",\"name\":\"Colegio Salesiano\",\"description\":\"P\u00e1gina oficial de Salesianos Granada San Juan Bosco\",\"publisher\":{\"@id\":\"https:\\\/\\\/granada.salesianos.edu\\\/colegio\\\/#organization\"},\"potentialAction\":[{\"@type\":\"SearchAction\",\"target\":{\"@type\":\"EntryPoint\",\"urlTemplate\":\"https:\\\/\\\/granada.salesianos.edu\\\/colegio\\\/?s={search_term_string}\"},\"query-input\":{\"@type\":\"PropertyValueSpecification\",\"valueRequired\":true,\"valueName\":\"search_term_string\"}}],\"inLanguage\":\"es\"},{\"@type\":\"Organization\",\"@id\":\"https:\\\/\\\/granada.salesianos.edu\\\/colegio\\\/#organization\",\"name\":\"Colegio Salesiano San Juan Bosco Granada\",\"url\":\"https:\\\/\\\/granada.salesianos.edu\\\/colegio\\\/\",\"logo\":{\"@type\":\"ImageObject\",\"inLanguage\":\"es\",\"@id\":\"https:\\\/\\\/granada.salesianos.edu\\\/colegio\\\/#\\\/schema\\\/logo\\\/image\\\/\",\"url\":\"https:\\\/\\\/granada.salesianos.edu\\\/colegio\\\/wp-content\\\/uploads\\\/sites\\\/2\\\/2021\\\/01\\\/GRANADAobraVN2.jpg\",\"contentUrl\":\"https:\\\/\\\/granada.salesianos.edu\\\/colegio\\\/wp-content\\\/uploads\\\/sites\\\/2\\\/2021\\\/01\\\/GRANADAobraVN2.jpg\",\"width\":2113,\"height\":1894,\"caption\":\"Colegio Salesiano San Juan Bosco Granada\"},\"image\":{\"@id\":\"https:\\\/\\\/granada.salesianos.edu\\\/colegio\\\/#\\\/schema\\\/logo\\\/image\\\/\"},\"sameAs\":[\"https:\\\/\\\/www.facebook.com\\\/SalesianosGR\\\/\",\"https:\\\/\\\/x.com\\\/GranadaSDB\",\"https:\\\/\\\/www.instagram.com\\\/salesianosgranada\\\/\",\"https:\\\/\\\/www.youtube.com\\\/channel\\\/UChkpZuhCf4Y5rYIcFT3CNxw?view_as=subscriber\"]},{\"@type\":\"Person\",\"@id\":\"https:\\\/\\\/granada.salesianos.edu\\\/colegio\\\/#\\\/schema\\\/person\\\/6392ff2e4bd1e66981d6eab734bbd962\",\"name\":\"Gestor Web\",\"image\":{\"@type\":\"ImageObject\",\"inLanguage\":\"es\",\"@id\":\"https:\\\/\\\/secure.gravatar.com\\\/avatar\\\/160666bb56a01520857079961a824af2b7821d6bad80677c80f2b473fceead1b?s=96&d=mm&r=g\",\"url\":\"https:\\\/\\\/secure.gravatar.com\\\/avatar\\\/160666bb56a01520857079961a824af2b7821d6bad80677c80f2b473fceead1b?s=96&d=mm&r=g\",\"contentUrl\":\"https:\\\/\\\/secure.gravatar.com\\\/avatar\\\/160666bb56a01520857079961a824af2b7821d6bad80677c80f2b473fceead1b?s=96&d=mm&r=g\",\"caption\":\"Gestor Web\"}}]}<\/script>\n<!-- \/ Yoast SEO plugin. -->","yoast_head_json":{"title":"Formaci\u00f3n en Prevenci\u00f3n en Riesgos Laborales para trabajos en Altura - Colegio Salesiano","description":"Nuestro alumnado de FP recibe formaci\u00f3n sobre Prevenci\u00f3n en Riesgos Laborales para trabajos en Altura por parte del Centro de PRL de Granada","robots":{"index":"index","follow":"follow","max-snippet":"max-snippet:-1","max-image-preview":"max-image-preview:large","max-video-preview":"max-video-preview:-1"},"canonical":"https:\/\/granada.salesianos.edu\/colegio\/blog\/formacion-en-prevencion-en-riesgos-laborales-para-trabajos-en-altura\/","og_locale":"es_ES","og_type":"article","og_title":"Formaci\u00f3n en Prevenci\u00f3n en Riesgos Laborales para trabajos en Altura - Colegio Salesiano","og_description":"Nuestro alumnado de FP recibe formaci\u00f3n sobre Prevenci\u00f3n en Riesgos Laborales para trabajos en Altura por parte del Centro de PRL de Granada","og_url":"https:\/\/granada.salesianos.edu\/colegio\/blog\/formacion-en-prevencion-en-riesgos-laborales-para-trabajos-en-altura\/","og_site_name":"Colegio Salesiano","article_publisher":"https:\/\/www.facebook.com\/SalesianosGR\/","article_published_time":"2023-11-30T22:12:09+00:00","article_modified_time":"2023-12-03T22:13:22+00:00","og_image":[{"width":1600,"height":1200,"url":"https:\/\/granada.salesianos.edu\/colegio\/wp-content\/uploads\/sites\/2\/2023\/12\/2b860d01-c186-4af6-8858-7cd0d1f5b57a.jpg","type":"image\/jpeg"}],"author":"Gestor Web","twitter_card":"summary_large_image","twitter_creator":"@GranadaSDB","twitter_site":"@GranadaSDB","twitter_misc":{"Escrito por":"Gestor Web","Tiempo de lectura":"2 minutos"},"schema":{"@context":"https:\/\/schema.org","@graph":[{"@type":"Article","@id":"https:\/\/granada.salesianos.edu\/colegio\/blog\/formacion-en-prevencion-en-riesgos-laborales-para-trabajos-en-altura\/#article","isPartOf":{"@id":"https:\/\/granada.salesianos.edu\/colegio\/blog\/formacion-en-prevencion-en-riesgos-laborales-para-trabajos-en-altura\/"},"author":{"name":"Gestor Web","@id":"https:\/\/granada.salesianos.edu\/colegio\/#\/schema\/person\/6392ff2e4bd1e66981d6eab734bbd962"},"headline":"Formaci\u00f3n en Prevenci\u00f3n en Riesgos Laborales para trabajos en Altura","datePublished":"2023-11-30T22:12:09+00:00","dateModified":"2023-12-03T22:13:22+00:00","mainEntityOfPage":{"@id":"https:\/\/granada.salesianos.edu\/colegio\/blog\/formacion-en-prevencion-en-riesgos-laborales-para-trabajos-en-altura\/"},"wordCount":200,"commentCount":0,"publisher":{"@id":"https:\/\/granada.salesianos.edu\/colegio\/#organization"},"image":{"@id":"https:\/\/granada.salesianos.edu\/colegio\/blog\/formacion-en-prevencion-en-riesgos-laborales-para-trabajos-en-altura\/#primaryimage"},"thumbnailUrl":"https:\/\/granada.salesianos.edu\/colegio\/wp-content\/uploads\/sites\/2\/2023\/12\/2b860d01-c186-4af6-8858-7cd0d1f5b57a.jpg","articleSection":["Colegio","FP","Imagen y Sonido","Uncategorized"],"inLanguage":"es","potentialAction":[{"@type":"CommentAction","name":"Comment","target":["https:\/\/granada.salesianos.edu\/colegio\/blog\/formacion-en-prevencion-en-riesgos-laborales-para-trabajos-en-altura\/#respond"]}]},{"@type":"WebPage","@id":"https:\/\/granada.salesianos.edu\/colegio\/blog\/formacion-en-prevencion-en-riesgos-laborales-para-trabajos-en-altura\/","url":"https:\/\/granada.salesianos.edu\/colegio\/blog\/formacion-en-prevencion-en-riesgos-laborales-para-trabajos-en-altura\/","name":"Formaci\u00f3n en Prevenci\u00f3n en Riesgos Laborales para trabajos en Altura - Colegio Salesiano","isPartOf":{"@id":"https:\/\/granada.salesianos.edu\/colegio\/#website"},"primaryImageOfPage":{"@id":"https:\/\/granada.salesianos.edu\/colegio\/blog\/formacion-en-prevencion-en-riesgos-laborales-para-trabajos-en-altura\/#primaryimage"},"image":{"@id":"https:\/\/granada.salesianos.edu\/colegio\/blog\/formacion-en-prevencion-en-riesgos-laborales-para-trabajos-en-altura\/#primaryimage"},"thumbnailUrl":"https:\/\/granada.salesianos.edu\/colegio\/wp-content\/uploads\/sites\/2\/2023\/12\/2b860d01-c186-4af6-8858-7cd0d1f5b57a.jpg","datePublished":"2023-11-30T22:12:09+00:00","dateModified":"2023-12-03T22:13:22+00:00","description":"Nuestro alumnado de FP recibe formaci\u00f3n sobre Prevenci\u00f3n en Riesgos Laborales para trabajos en Altura por parte del Centro de PRL de Granada","breadcrumb":{"@id":"https:\/\/granada.salesianos.edu\/colegio\/blog\/formacion-en-prevencion-en-riesgos-laborales-para-trabajos-en-altura\/#breadcrumb"},"inLanguage":"es","potentialAction":[{"@type":"ReadAction","target":["https:\/\/granada.salesianos.edu\/colegio\/blog\/formacion-en-prevencion-en-riesgos-laborales-para-trabajos-en-altura\/"]}]},{"@type":"ImageObject","inLanguage":"es","@id":"https:\/\/granada.salesianos.edu\/colegio\/blog\/formacion-en-prevencion-en-riesgos-laborales-para-trabajos-en-altura\/#primaryimage","url":"https:\/\/granada.salesianos.edu\/colegio\/wp-content\/uploads\/sites\/2\/2023\/12\/2b860d01-c186-4af6-8858-7cd0d1f5b57a.jpg","contentUrl":"https:\/\/granada.salesianos.edu\/colegio\/wp-content\/uploads\/sites\/2\/2023\/12\/2b860d01-c186-4af6-8858-7cd0d1f5b57a.jpg","width":1600,"height":1200},{"@type":"BreadcrumbList","@id":"https:\/\/granada.salesianos.edu\/colegio\/blog\/formacion-en-prevencion-en-riesgos-laborales-para-trabajos-en-altura\/#breadcrumb","itemListElement":[{"@type":"ListItem","position":1,"name":"Portada","item":"https:\/\/granada.salesianos.edu\/colegio\/"},{"@type":"ListItem","position":2,"name":"Formaci\u00f3n en Prevenci\u00f3n en Riesgos Laborales para trabajos en Altura"}]},{"@type":"WebSite","@id":"https:\/\/granada.salesianos.edu\/colegio\/#website","url":"https:\/\/granada.salesianos.edu\/colegio\/","name":"Colegio Salesiano","description":"P\u00e1gina oficial de Salesianos Granada San Juan Bosco","publisher":{"@id":"https:\/\/granada.salesianos.edu\/colegio\/#organization"},"potentialAction":[{"@type":"SearchAction","target":{"@type":"EntryPoint","urlTemplate":"https:\/\/granada.salesianos.edu\/colegio\/?s={search_term_string}"},"query-input":{"@type":"PropertyValueSpecification","valueRequired":true,"valueName":"search_term_string"}}],"inLanguage":"es"},{"@type":"Organization","@id":"https:\/\/granada.salesianos.edu\/colegio\/#organization","name":"Colegio Salesiano San Juan Bosco Granada","url":"https:\/\/granada.salesianos.edu\/colegio\/","logo":{"@type":"ImageObject","inLanguage":"es","@id":"https:\/\/granada.salesianos.edu\/colegio\/#\/schema\/logo\/image\/","url":"https:\/\/granada.salesianos.edu\/colegio\/wp-content\/uploads\/sites\/2\/2021\/01\/GRANADAobraVN2.jpg","contentUrl":"https:\/\/granada.salesianos.edu\/colegio\/wp-content\/uploads\/sites\/2\/2021\/01\/GRANADAobraVN2.jpg","width":2113,"height":1894,"caption":"Colegio Salesiano San Juan Bosco Granada"},"image":{"@id":"https:\/\/granada.salesianos.edu\/colegio\/#\/schema\/logo\/image\/"},"sameAs":["https:\/\/www.facebook.com\/SalesianosGR\/","https:\/\/x.com\/GranadaSDB","https:\/\/www.instagram.com\/salesianosgranada\/","https:\/\/www.youtube.com\/channel\/UChkpZuhCf4Y5rYIcFT3CNxw?view_as=subscriber"]},{"@type":"Person","@id":"https:\/\/granada.salesianos.edu\/colegio\/#\/schema\/person\/6392ff2e4bd1e66981d6eab734bbd962","name":"Gestor Web","image":{"@type":"ImageObject","inLanguage":"es","@id":"https:\/\/secure.gravatar.com\/avatar\/160666bb56a01520857079961a824af2b7821d6bad80677c80f2b473fceead1b?s=96&d=mm&r=g","url":"https:\/\/secure.gravatar.com\/avatar\/160666bb56a01520857079961a824af2b7821d6bad80677c80f2b473fceead1b?s=96&d=mm&r=g","contentUrl":"https:\/\/secure.gravatar.com\/avatar\/160666bb56a01520857079961a824af2b7821d6bad80677c80f2b473fceead1b?s=96&d=mm&r=g","caption":"Gestor Web"}}]}},"_links":{"self":[{"href":"https:\/\/granada.salesianos.edu\/colegio\/wp-json\/wp\/v2\/posts\/18115","targetHints":{"allow":["GET"]}}],"collection":[{"href":"https:\/\/granada.salesianos.edu\/colegio\/wp-json\/wp\/v2\/posts"}],"about":[{"href":"https:\/\/granada.salesianos.edu\/colegio\/wp-json\/wp\/v2\/types\/post"}],"author":[{"embeddable":true,"href":"https:\/\/granada.salesianos.edu\/colegio\/wp-json\/wp\/v2\/users\/2"}],"replies":[{"embeddable":true,"href":"https:\/\/granada.salesianos.edu\/colegio\/wp-json\/wp\/v2\/comments?post=18115"}],"version-history":[{"count":4,"href":"https:\/\/granada.salesianos.edu\/colegio\/wp-json\/wp\/v2\/posts\/18115\/revisions"}],"predecessor-version":[{"id":18127,"href":"https:\/\/granada.salesianos.edu\/colegio\/wp-json\/wp\/v2\/posts\/18115\/revisions\/18127"}],"wp:featuredmedia":[{"embeddable":true,"href":"https:\/\/granada.salesianos.edu\/colegio\/wp-json\/wp\/v2\/media\/18116"}],"wp:attachment":[{"href":"https:\/\/granada.salesianos.edu\/colegio\/wp-json\/wp\/v2\/media?parent=18115"}],"wp:term":[{"taxonomy":"category","embeddable":true,"href":"https:\/\/granada.salesianos.edu\/colegio\/wp-json\/wp\/v2\/categories?post=18115"},{"taxonomy":"post_tag","embeddable":true,"href":"https:\/\/granada.salesianos.edu\/colegio\/wp-json\/wp\/v2\/tags?post=18115"}],"curies":[{"name":"wp","href":"https:\/\/api.w.org\/{rel}","templated":true}]}}