{"id":18122,"date":"2023-12-01T00:10:48","date_gmt":"2023-11-30T22:10:48","guid":{"rendered":"https:\/\/granada.salesianos.edu\/colegio\/?p=18122"},"modified":"2023-12-04T00:11:48","modified_gmt":"2023-12-03T22:11:48","slug":"visita-ecoparque-movil-2023","status":"publish","type":"post","link":"https:\/\/granada.salesianos.edu\/colegio\/blog\/visita-ecoparque-movil-2023\/","title":{"rendered":"Visita Ecoparque M\u00f3vil 2023"},"content":{"rendered":"<div id=\"fb-root\"><\/div>\n<p>[et_pb_section fb_built=\u00bb1&#8243; _builder_version=\u00bb4.16&#8243; global_colors_info=\u00bb{}\u00bb][et_pb_row _builder_version=\u00bb4.16&#8243; background_size=\u00bbinitial\u00bb background_position=\u00bbtop_left\u00bb background_repeat=\u00bbrepeat\u00bb global_colors_info=\u00bb{}\u00bb][et_pb_column type=\u00bb4_4&#8243; _builder_version=\u00bb4.16&#8243; custom_padding=\u00bb|||\u00bb global_colors_info=\u00bb{}\u00bb custom_padding__hover=\u00bb|||\u00bb][et_pb_text _builder_version=\u00bb4.16&#8243; background_size=\u00bbinitial\u00bb background_position=\u00bbtop_left\u00bb background_repeat=\u00bbrepeat\u00bb global_colors_info=\u00bb{}\u00bb]<\/p>\n<p>Durante la jornada de hoy y el jueves hemos podido contar en nuestro cole con la vista del ecoparque m\u00f3vil.<\/p>\n<p>Se trata de\u00a0un veh\u00edculo que se instala en diferentes puntos de Granada peri\u00f3dicamente y en el que puede depositar sus residuos no voluminosos que no tienen cabida en los contenedores tradicionales. Este veh\u00edculo transporta estos materiales al ecoparque del municipio, para poder reciclarlos posteriormente.<\/p>\n<p>El \u00e1rea de Urbanismo, Medio Ambiente, Salud y Consumo del Ayuntamiento de Granada ha distribuido un Ecoparque M\u00f3vil de peque\u00f1as dimensiones para poder instalarlo en zonas hist\u00f3ricas como el Albaic\u00edn, Realejo y en determinados barrios del centro de la ciudad, donde es imposible acceder con las grandes dimensiones del Ecoparque m\u00f3vil habitual.<\/p>\n<p>Otra de las iniciativas llevadas a cabo en este plan es la instalaci\u00f3n de este Ecoparque M\u00f3vil con el programa educativo \u201cEl ecoparque m\u00f3vil llega a tu colegio\u201d en una iniciativa del Ayuntamiento de Granada, en su af\u00e1n de impulsar programas de educaci\u00f3n ambiental que mejoren la calidad de la ciudad y, en consecuencia, la calidad de vida de su ciudadan\u00eda.<\/p>\n<p>Adem\u00e1s, se ha realizado la<strong> RECOGIDA DE JUGUETES<\/strong>,\u00a0<strong>MATERIAL ESCOLAR Y LIBROS (<\/strong>nuevos y seminuevos en condiciones adecuadas). Los destinatarios de esos juguetes y materiales, ser\u00e1n los ni\u00f1os y ni\u00f1as de la\u00a0<strong>Asociaci\u00f3n Progeria Infantil de Granada<\/strong>, que realiza una incansable labor por la educaci\u00f3n, la investigaci\u00f3n y la integraci\u00f3n de los ni\u00f1os que sufren esta enfermedad y que trabaja con otras asociaciones y ONGs de la ciudad. Ellos se encargar\u00e1n de hacerlo llegar a las familias con menos recursos econ\u00f3micos.<\/p>\n<p>&nbsp;<\/p>\n<p>&nbsp;<\/p>\n<p>&nbsp;<\/p>\n<p>&nbsp;<\/p>\n<p>[\/et_pb_text][\/et_pb_column][\/et_pb_row][\/et_pb_section]<\/p>\n","protected":false},"excerpt":{"rendered":"<p>Durante la jornada de hoy y el jueves hemos podido contar en nuestro cole con la vista del ecoparque m\u00f3vil.<\/p>\n","protected":false},"author":2,"featured_media":0,"comment_status":"open","ping_status":"open","sticky":false,"template":"","format":"standard","meta":{"_et_pb_use_builder":"on","_et_pb_old_content":"<p>Durante este mes de noviembre, nuestro alumnado de Ciclos formativos han recibido tres sesiones formativos sobre la Prevenci\u00f3n en Riesgos Laborales para trabajos en Altura. El encargado de esta formaci\u00f3n ha sido el T\u00e9cnico Juan Jos\u00e9 D\u00edaz del Centro de Prevenci\u00f3n en Riesgos Laborales de Granada, dando a conocer los diferentes medios a usar para este tipo de trabajo y la importancia de cada uno en sus diferentes aplicaciones contando una gran variedad de ejemplos y casos pr\u00e1cticos, contando con una gran participaci\u00f3n por parte de nuestro alumnado que ha se ha interesado por profundizar algo tan fundamental como es la prevenci\u00f3n en sus futuros trabajos.<img class=\"alignnone size-thumbnail wp-image-65004\" src=\"https:\/\/granada.salesianos.edu\/wp-content\/uploads\/2023\/12\/2b860d01-c186-4af6-8858-7cd0d1f5b57a-150x150.jpg\" alt=\"\" width=\"150\" height=\"150\" \/> <img class=\"alignnone size-thumbnail wp-image-65005\" src=\"https:\/\/granada.salesianos.edu\/wp-content\/uploads\/2023\/12\/b1c1fc52-6ab0-4870-96aa-e81a13f143a9-150x150.jpg\" alt=\"\" width=\"150\" height=\"150\" \/> <img class=\"alignnone size-thumbnail wp-image-65006\" src=\"https:\/\/granada.salesianos.edu\/wp-content\/uploads\/2023\/12\/fa0ecdd7-7686-4c6a-bf84-dce4b3e8c74a-150x150.jpg\" alt=\"\" width=\"150\" height=\"150\" \/><\/p>","_et_gb_content_width":"","footnotes":""},"categories":[57,11,21,52,29,23,24,1],"tags":[],"class_list":["post-18122","post","type-post","status-publish","format-standard","hentry","category-bachillerato","category-colegio","category-fp","category-imagen-y-sonido","category-instalaciones","category-pastoral","category-plataformas-sociales","category-uncategorized"],"yoast_head":"<!-- This site is optimized with the Yoast SEO plugin v28.4 - https:\/\/yoast.com\/product\/yoast-seo-wordpress\/ -->\n<title>Visita Ecoparque M\u00f3vil 2023 - Colegio Salesiano<\/title>\n<meta name=\"description\" content=\"Nuestro alumnado de FP recibe formaci\u00f3n sobre Prevenci\u00f3n en Riesgos Laborales para trabajos en Altura por parte del Centro de PRL de Granada\" \/>\n<meta name=\"robots\" content=\"index, follow, max-snippet:-1, max-image-preview:large, max-video-preview:-1\" \/>\n<link rel=\"canonical\" href=\"https:\/\/granada.salesianos.edu\/colegio\/blog\/visita-ecoparque-movil-2023\/\" \/>\n<meta property=\"og:locale\" content=\"es_ES\" \/>\n<meta property=\"og:type\" content=\"article\" \/>\n<meta property=\"og:title\" content=\"Visita Ecoparque M\u00f3vil 2023 - Colegio Salesiano\" \/>\n<meta property=\"og:description\" content=\"Nuestro alumnado de FP recibe formaci\u00f3n sobre Prevenci\u00f3n en Riesgos Laborales para trabajos en Altura por parte del Centro de PRL de Granada\" \/>\n<meta property=\"og:url\" content=\"https:\/\/granada.salesianos.edu\/colegio\/blog\/visita-ecoparque-movil-2023\/\" \/>\n<meta property=\"og:site_name\" content=\"Colegio Salesiano\" \/>\n<meta property=\"article:publisher\" content=\"https:\/\/www.facebook.com\/SalesianosGR\/\" \/>\n<meta property=\"article:published_time\" content=\"2023-11-30T22:10:48+00:00\" \/>\n<meta property=\"article:modified_time\" content=\"2023-12-03T22:11:48+00:00\" \/>\n<meta name=\"author\" content=\"Gestor Web\" \/>\n<meta name=\"twitter:card\" content=\"summary_large_image\" \/>\n<meta name=\"twitter:creator\" content=\"@GranadaSDB\" \/>\n<meta name=\"twitter:site\" content=\"@GranadaSDB\" \/>\n<meta name=\"twitter:label1\" content=\"Escrito por\" \/>\n\t<meta name=\"twitter:data1\" content=\"Gestor Web\" \/>\n\t<meta name=\"twitter:label2\" content=\"Tiempo de lectura\" \/>\n\t<meta name=\"twitter:data2\" content=\"2 minutos\" \/>\n<script type=\"application\/ld+json\" class=\"yoast-schema-graph\">{\"@context\":\"https:\\\/\\\/schema.org\",\"@graph\":[{\"@type\":\"Article\",\"@id\":\"https:\\\/\\\/granada.salesianos.edu\\\/colegio\\\/blog\\\/visita-ecoparque-movil-2023\\\/#article\",\"isPartOf\":{\"@id\":\"https:\\\/\\\/granada.salesianos.edu\\\/colegio\\\/blog\\\/visita-ecoparque-movil-2023\\\/\"},\"author\":{\"name\":\"Gestor Web\",\"@id\":\"https:\\\/\\\/granada.salesianos.edu\\\/colegio\\\/#\\\/schema\\\/person\\\/6392ff2e4bd1e66981d6eab734bbd962\"},\"headline\":\"Visita Ecoparque M\u00f3vil 2023\",\"datePublished\":\"2023-11-30T22:10:48+00:00\",\"dateModified\":\"2023-12-03T22:11:48+00:00\",\"mainEntityOfPage\":{\"@id\":\"https:\\\/\\\/granada.salesianos.edu\\\/colegio\\\/blog\\\/visita-ecoparque-movil-2023\\\/\"},\"wordCount\":365,\"commentCount\":0,\"publisher\":{\"@id\":\"https:\\\/\\\/granada.salesianos.edu\\\/colegio\\\/#organization\"},\"articleSection\":[\"Bachillerato\",\"Colegio\",\"FP\",\"Imagen y Sonido\",\"Instalaciones\",\"Pastoral\",\"Plataformas sociales\",\"Uncategorized\"],\"inLanguage\":\"es\",\"potentialAction\":[{\"@type\":\"CommentAction\",\"name\":\"Comment\",\"target\":[\"https:\\\/\\\/granada.salesianos.edu\\\/colegio\\\/blog\\\/visita-ecoparque-movil-2023\\\/#respond\"]}]},{\"@type\":\"WebPage\",\"@id\":\"https:\\\/\\\/granada.salesianos.edu\\\/colegio\\\/blog\\\/visita-ecoparque-movil-2023\\\/\",\"url\":\"https:\\\/\\\/granada.salesianos.edu\\\/colegio\\\/blog\\\/visita-ecoparque-movil-2023\\\/\",\"name\":\"Visita Ecoparque M\u00f3vil 2023 - Colegio Salesiano\",\"isPartOf\":{\"@id\":\"https:\\\/\\\/granada.salesianos.edu\\\/colegio\\\/#website\"},\"datePublished\":\"2023-11-30T22:10:48+00:00\",\"dateModified\":\"2023-12-03T22:11:48+00:00\",\"description\":\"Nuestro alumnado de FP recibe formaci\u00f3n sobre Prevenci\u00f3n en Riesgos Laborales para trabajos en Altura por parte del Centro de PRL de Granada\",\"breadcrumb\":{\"@id\":\"https:\\\/\\\/granada.salesianos.edu\\\/colegio\\\/blog\\\/visita-ecoparque-movil-2023\\\/#breadcrumb\"},\"inLanguage\":\"es\",\"potentialAction\":[{\"@type\":\"ReadAction\",\"target\":[\"https:\\\/\\\/granada.salesianos.edu\\\/colegio\\\/blog\\\/visita-ecoparque-movil-2023\\\/\"]}]},{\"@type\":\"BreadcrumbList\",\"@id\":\"https:\\\/\\\/granada.salesianos.edu\\\/colegio\\\/blog\\\/visita-ecoparque-movil-2023\\\/#breadcrumb\",\"itemListElement\":[{\"@type\":\"ListItem\",\"position\":1,\"name\":\"Portada\",\"item\":\"https:\\\/\\\/granada.salesianos.edu\\\/colegio\\\/\"},{\"@type\":\"ListItem\",\"position\":2,\"name\":\"Visita Ecoparque M\u00f3vil 2023\"}]},{\"@type\":\"WebSite\",\"@id\":\"https:\\\/\\\/granada.salesianos.edu\\\/colegio\\\/#website\",\"url\":\"https:\\\/\\\/granada.salesianos.edu\\\/colegio\\\/\",\"name\":\"Colegio Salesiano\",\"description\":\"P\u00e1gina oficial de Salesianos Granada San Juan Bosco\",\"publisher\":{\"@id\":\"https:\\\/\\\/granada.salesianos.edu\\\/colegio\\\/#organization\"},\"potentialAction\":[{\"@type\":\"SearchAction\",\"target\":{\"@type\":\"EntryPoint\",\"urlTemplate\":\"https:\\\/\\\/granada.salesianos.edu\\\/colegio\\\/?s={search_term_string}\"},\"query-input\":{\"@type\":\"PropertyValueSpecification\",\"valueRequired\":true,\"valueName\":\"search_term_string\"}}],\"inLanguage\":\"es\"},{\"@type\":\"Organization\",\"@id\":\"https:\\\/\\\/granada.salesianos.edu\\\/colegio\\\/#organization\",\"name\":\"Colegio Salesiano San Juan Bosco Granada\",\"url\":\"https:\\\/\\\/granada.salesianos.edu\\\/colegio\\\/\",\"logo\":{\"@type\":\"ImageObject\",\"inLanguage\":\"es\",\"@id\":\"https:\\\/\\\/granada.salesianos.edu\\\/colegio\\\/#\\\/schema\\\/logo\\\/image\\\/\",\"url\":\"https:\\\/\\\/granada.salesianos.edu\\\/colegio\\\/wp-content\\\/uploads\\\/sites\\\/2\\\/2021\\\/01\\\/GRANADAobraVN2.jpg\",\"contentUrl\":\"https:\\\/\\\/granada.salesianos.edu\\\/colegio\\\/wp-content\\\/uploads\\\/sites\\\/2\\\/2021\\\/01\\\/GRANADAobraVN2.jpg\",\"width\":2113,\"height\":1894,\"caption\":\"Colegio Salesiano San Juan Bosco Granada\"},\"image\":{\"@id\":\"https:\\\/\\\/granada.salesianos.edu\\\/colegio\\\/#\\\/schema\\\/logo\\\/image\\\/\"},\"sameAs\":[\"https:\\\/\\\/www.facebook.com\\\/SalesianosGR\\\/\",\"https:\\\/\\\/x.com\\\/GranadaSDB\",\"https:\\\/\\\/www.instagram.com\\\/salesianosgranada\\\/\",\"https:\\\/\\\/www.youtube.com\\\/channel\\\/UChkpZuhCf4Y5rYIcFT3CNxw?view_as=subscriber\"]},{\"@type\":\"Person\",\"@id\":\"https:\\\/\\\/granada.salesianos.edu\\\/colegio\\\/#\\\/schema\\\/person\\\/6392ff2e4bd1e66981d6eab734bbd962\",\"name\":\"Gestor Web\",\"image\":{\"@type\":\"ImageObject\",\"inLanguage\":\"es\",\"@id\":\"https:\\\/\\\/secure.gravatar.com\\\/avatar\\\/160666bb56a01520857079961a824af2b7821d6bad80677c80f2b473fceead1b?s=96&d=mm&r=g\",\"url\":\"https:\\\/\\\/secure.gravatar.com\\\/avatar\\\/160666bb56a01520857079961a824af2b7821d6bad80677c80f2b473fceead1b?s=96&d=mm&r=g\",\"contentUrl\":\"https:\\\/\\\/secure.gravatar.com\\\/avatar\\\/160666bb56a01520857079961a824af2b7821d6bad80677c80f2b473fceead1b?s=96&d=mm&r=g\",\"caption\":\"Gestor Web\"}}]}<\/script>\n<!-- \/ Yoast SEO plugin. -->","yoast_head_json":{"title":"Visita Ecoparque M\u00f3vil 2023 - Colegio Salesiano","description":"Nuestro alumnado de FP recibe formaci\u00f3n sobre Prevenci\u00f3n en Riesgos Laborales para trabajos en Altura por parte del Centro de PRL de Granada","robots":{"index":"index","follow":"follow","max-snippet":"max-snippet:-1","max-image-preview":"max-image-preview:large","max-video-preview":"max-video-preview:-1"},"canonical":"https:\/\/granada.salesianos.edu\/colegio\/blog\/visita-ecoparque-movil-2023\/","og_locale":"es_ES","og_type":"article","og_title":"Visita Ecoparque M\u00f3vil 2023 - Colegio Salesiano","og_description":"Nuestro alumnado de FP recibe formaci\u00f3n sobre Prevenci\u00f3n en Riesgos Laborales para trabajos en Altura por parte del Centro de PRL de Granada","og_url":"https:\/\/granada.salesianos.edu\/colegio\/blog\/visita-ecoparque-movil-2023\/","og_site_name":"Colegio Salesiano","article_publisher":"https:\/\/www.facebook.com\/SalesianosGR\/","article_published_time":"2023-11-30T22:10:48+00:00","article_modified_time":"2023-12-03T22:11:48+00:00","author":"Gestor Web","twitter_card":"summary_large_image","twitter_creator":"@GranadaSDB","twitter_site":"@GranadaSDB","twitter_misc":{"Escrito por":"Gestor Web","Tiempo de lectura":"2 minutos"},"schema":{"@context":"https:\/\/schema.org","@graph":[{"@type":"Article","@id":"https:\/\/granada.salesianos.edu\/colegio\/blog\/visita-ecoparque-movil-2023\/#article","isPartOf":{"@id":"https:\/\/granada.salesianos.edu\/colegio\/blog\/visita-ecoparque-movil-2023\/"},"author":{"name":"Gestor Web","@id":"https:\/\/granada.salesianos.edu\/colegio\/#\/schema\/person\/6392ff2e4bd1e66981d6eab734bbd962"},"headline":"Visita Ecoparque M\u00f3vil 2023","datePublished":"2023-11-30T22:10:48+00:00","dateModified":"2023-12-03T22:11:48+00:00","mainEntityOfPage":{"@id":"https:\/\/granada.salesianos.edu\/colegio\/blog\/visita-ecoparque-movil-2023\/"},"wordCount":365,"commentCount":0,"publisher":{"@id":"https:\/\/granada.salesianos.edu\/colegio\/#organization"},"articleSection":["Bachillerato","Colegio","FP","Imagen y Sonido","Instalaciones","Pastoral","Plataformas sociales","Uncategorized"],"inLanguage":"es","potentialAction":[{"@type":"CommentAction","name":"Comment","target":["https:\/\/granada.salesianos.edu\/colegio\/blog\/visita-ecoparque-movil-2023\/#respond"]}]},{"@type":"WebPage","@id":"https:\/\/granada.salesianos.edu\/colegio\/blog\/visita-ecoparque-movil-2023\/","url":"https:\/\/granada.salesianos.edu\/colegio\/blog\/visita-ecoparque-movil-2023\/","name":"Visita Ecoparque M\u00f3vil 2023 - Colegio Salesiano","isPartOf":{"@id":"https:\/\/granada.salesianos.edu\/colegio\/#website"},"datePublished":"2023-11-30T22:10:48+00:00","dateModified":"2023-12-03T22:11:48+00:00","description":"Nuestro alumnado de FP recibe formaci\u00f3n sobre Prevenci\u00f3n en Riesgos Laborales para trabajos en Altura por parte del Centro de PRL de Granada","breadcrumb":{"@id":"https:\/\/granada.salesianos.edu\/colegio\/blog\/visita-ecoparque-movil-2023\/#breadcrumb"},"inLanguage":"es","potentialAction":[{"@type":"ReadAction","target":["https:\/\/granada.salesianos.edu\/colegio\/blog\/visita-ecoparque-movil-2023\/"]}]},{"@type":"BreadcrumbList","@id":"https:\/\/granada.salesianos.edu\/colegio\/blog\/visita-ecoparque-movil-2023\/#breadcrumb","itemListElement":[{"@type":"ListItem","position":1,"name":"Portada","item":"https:\/\/granada.salesianos.edu\/colegio\/"},{"@type":"ListItem","position":2,"name":"Visita Ecoparque M\u00f3vil 2023"}]},{"@type":"WebSite","@id":"https:\/\/granada.salesianos.edu\/colegio\/#website","url":"https:\/\/granada.salesianos.edu\/colegio\/","name":"Colegio Salesiano","description":"P\u00e1gina oficial de Salesianos Granada San Juan Bosco","publisher":{"@id":"https:\/\/granada.salesianos.edu\/colegio\/#organization"},"potentialAction":[{"@type":"SearchAction","target":{"@type":"EntryPoint","urlTemplate":"https:\/\/granada.salesianos.edu\/colegio\/?s={search_term_string}"},"query-input":{"@type":"PropertyValueSpecification","valueRequired":true,"valueName":"search_term_string"}}],"inLanguage":"es"},{"@type":"Organization","@id":"https:\/\/granada.salesianos.edu\/colegio\/#organization","name":"Colegio Salesiano San Juan Bosco Granada","url":"https:\/\/granada.salesianos.edu\/colegio\/","logo":{"@type":"ImageObject","inLanguage":"es","@id":"https:\/\/granada.salesianos.edu\/colegio\/#\/schema\/logo\/image\/","url":"https:\/\/granada.salesianos.edu\/colegio\/wp-content\/uploads\/sites\/2\/2021\/01\/GRANADAobraVN2.jpg","contentUrl":"https:\/\/granada.salesianos.edu\/colegio\/wp-content\/uploads\/sites\/2\/2021\/01\/GRANADAobraVN2.jpg","width":2113,"height":1894,"caption":"Colegio Salesiano San Juan Bosco Granada"},"image":{"@id":"https:\/\/granada.salesianos.edu\/colegio\/#\/schema\/logo\/image\/"},"sameAs":["https:\/\/www.facebook.com\/SalesianosGR\/","https:\/\/x.com\/GranadaSDB","https:\/\/www.instagram.com\/salesianosgranada\/","https:\/\/www.youtube.com\/channel\/UChkpZuhCf4Y5rYIcFT3CNxw?view_as=subscriber"]},{"@type":"Person","@id":"https:\/\/granada.salesianos.edu\/colegio\/#\/schema\/person\/6392ff2e4bd1e66981d6eab734bbd962","name":"Gestor Web","image":{"@type":"ImageObject","inLanguage":"es","@id":"https:\/\/secure.gravatar.com\/avatar\/160666bb56a01520857079961a824af2b7821d6bad80677c80f2b473fceead1b?s=96&d=mm&r=g","url":"https:\/\/secure.gravatar.com\/avatar\/160666bb56a01520857079961a824af2b7821d6bad80677c80f2b473fceead1b?s=96&d=mm&r=g","contentUrl":"https:\/\/secure.gravatar.com\/avatar\/160666bb56a01520857079961a824af2b7821d6bad80677c80f2b473fceead1b?s=96&d=mm&r=g","caption":"Gestor Web"}}]}},"_links":{"self":[{"href":"https:\/\/granada.salesianos.edu\/colegio\/wp-json\/wp\/v2\/posts\/18122","targetHints":{"allow":["GET"]}}],"collection":[{"href":"https:\/\/granada.salesianos.edu\/colegio\/wp-json\/wp\/v2\/posts"}],"about":[{"href":"https:\/\/granada.salesianos.edu\/colegio\/wp-json\/wp\/v2\/types\/post"}],"author":[{"embeddable":true,"href":"https:\/\/granada.salesianos.edu\/colegio\/wp-json\/wp\/v2\/users\/2"}],"replies":[{"embeddable":true,"href":"https:\/\/granada.salesianos.edu\/colegio\/wp-json\/wp\/v2\/comments?post=18122"}],"version-history":[{"count":2,"href":"https:\/\/granada.salesianos.edu\/colegio\/wp-json\/wp\/v2\/posts\/18122\/revisions"}],"predecessor-version":[{"id":18125,"href":"https:\/\/granada.salesianos.edu\/colegio\/wp-json\/wp\/v2\/posts\/18122\/revisions\/18125"}],"wp:attachment":[{"href":"https:\/\/granada.salesianos.edu\/colegio\/wp-json\/wp\/v2\/media?parent=18122"}],"wp:term":[{"taxonomy":"category","embeddable":true,"href":"https:\/\/granada.salesianos.edu\/colegio\/wp-json\/wp\/v2\/categories?post=18122"},{"taxonomy":"post_tag","embeddable":true,"href":"https:\/\/granada.salesianos.edu\/colegio\/wp-json\/wp\/v2\/tags?post=18122"}],"curies":[{"name":"wp","href":"https:\/\/api.w.org\/{rel}","templated":true}]}}