{"id":18136,"date":"2023-12-16T13:39:04","date_gmt":"2023-12-16T11:39:04","guid":{"rendered":"https:\/\/granada.salesianos.edu\/colegio\/?p=18136"},"modified":"2023-12-21T00:07:14","modified_gmt":"2023-12-20T22:07:14","slug":"jornadaspastorales23","status":"publish","type":"post","link":"https:\/\/granada.salesianos.edu\/colegio\/blog\/jornadaspastorales23\/","title":{"rendered":"Jornadas Pastorales"},"content":{"rendered":"<div id=\"fb-root\"><\/div>\n<p>Os presentamos todas las opciones para este fin de evaluaci\u00f3n de nuestro alumnado. Este a\u00f1o contamos con unas Jornadas Pastorales muy novedosas donde acompa\u00f1aremos al alumnado en diversas actividades.<\/p>\n<p>Comenzamos con lo m\u00e1s novedoso \u00bb SOBREVIVIR A LA PVAU\u00bb. El objetivo de esta actividad es principalmente pasar un d\u00eda de convivencia mientras se revisa el progreso del curso. Todo focalizado en la preparaci\u00f3n de la PVAU donde ofreceremos a nuestro alumnado y padres pautas de gesti\u00f3n del estr\u00e9s. Esta gesti\u00f3n se har\u00e1 con la ayuda del profesorado y profesionales donde se trabajar\u00e1 el autoconocimiento, en peque\u00f1os grupos. Esta actividad estar\u00e1 acompa\u00f1ada de un desayuno y una fiesta de Nochevieja Salesiana. Dicha jornada est\u00e1 enfocada a nuestro alumnado de 2\u00ba de Bachillerato.<\/p>\n<p>Por otro lado, nuestro alumnado de 1\u00ba de Bachillerato acudir\u00e1 a una jornada de conocimiento cient\u00edfico y literario, realizando unas rutas literarias y cient\u00edficas.<\/p>\n<p>Y ser\u00e1 el grupo de alumnos de la ESO quienes acudir\u00e1n a realizar la visita del Bel\u00e9n de nuestra cofrad\u00eda para posteriormente disfrutar de un desayuno y una sesi\u00f3n de cine exclusiva para ellos.<\/p>\n<p>Finalmente nuestro alumnado de la FP realizar\u00e1n diferentes actividades como visita por la ciudad de Granada y sus belenes o visita t\u00e9cnica a Kinepolis Pulianas.<\/p>\n<p>Os esperamos a todos este \u00faltimo d\u00eda de clase antes de la esperada Navidad. Ser\u00e1 un momento de compartir entre todos donde nos podremos felicitar esa fecha tan importante para nosotros.<\/p>\n<p>&nbsp;<\/p>\n","protected":false},"excerpt":{"rendered":"<p>Os presentamos todas las opciones para este fin de evaluaci\u00f3n de nuestro alumnado. Este a\u00f1o contamos con unas Jornadas Pastorales muy novedosas donde acompa\u00f1aremos al alumnado en diversas actividades. Comenzamos con lo m\u00e1s novedoso \u00bb SOBREVIVIR A LA PVAU\u00bb. El objetivo de esta actividad es principalmente pasar un d\u00eda de convivencia mientras se revisa el [&hellip;]<\/p>\n","protected":false},"author":2,"featured_media":0,"comment_status":"open","ping_status":"open","sticky":false,"template":"","format":"standard","meta":{"_et_pb_use_builder":"off","_et_pb_old_content":"","_et_gb_content_width":"","footnotes":""},"categories":[30,57,20,11,69,19,21,52,23,1],"tags":[67,68,66],"class_list":["post-18136","post","type-post","status-publish","format-standard","hentry","category-artes","category-bachillerato","category-bto","category-colegio","category-convivencia","category-eso","category-fp","category-imagen-y-sonido","category-pastoral","category-uncategorized","tag-navidad-2023","tag-operacion-kilo","tag-solidaridad"],"yoast_head":"<!-- This site is optimized with the Yoast SEO plugin v28.4 - https:\/\/yoast.com\/product\/yoast-seo-wordpress\/ -->\n<title>Jornadas Pastorales - Colegio Salesiano<\/title>\n<meta name=\"description\" content=\"Comenzamos con la Operaci\u00f3n Kilo Navidad 2023. En esta campa\u00f1a, colaboramos con distintas entidades y Ong: Casa Hogar Madre Teresa, Fundaci\u00f3n Don Bosco Salesianos Social, C\u00e1ritas Zaid\u00edn, Adoratrices, Banco de alimentos etc. La fecha de recogida de alimentos ser\u00e1 del 11 al 15 de diciembre\" \/>\n<meta name=\"robots\" content=\"index, follow, max-snippet:-1, max-image-preview:large, max-video-preview:-1\" \/>\n<link rel=\"canonical\" href=\"https:\/\/granada.salesianos.edu\/colegio\/blog\/jornadaspastorales23\/\" \/>\n<meta property=\"og:locale\" content=\"es_ES\" \/>\n<meta property=\"og:type\" content=\"article\" \/>\n<meta property=\"og:title\" content=\"Jornadas Pastorales - Colegio Salesiano\" \/>\n<meta property=\"og:description\" content=\"Comenzamos con la Operaci\u00f3n Kilo Navidad 2023. En esta campa\u00f1a, colaboramos con distintas entidades y Ong: Casa Hogar Madre Teresa, Fundaci\u00f3n Don Bosco Salesianos Social, C\u00e1ritas Zaid\u00edn, Adoratrices, Banco de alimentos etc. La fecha de recogida de alimentos ser\u00e1 del 11 al 15 de diciembre\" \/>\n<meta property=\"og:url\" content=\"https:\/\/granada.salesianos.edu\/colegio\/blog\/jornadaspastorales23\/\" \/>\n<meta property=\"og:site_name\" content=\"Colegio Salesiano\" \/>\n<meta property=\"article:publisher\" content=\"https:\/\/www.facebook.com\/SalesianosGR\/\" \/>\n<meta property=\"article:published_time\" content=\"2023-12-16T11:39:04+00:00\" \/>\n<meta property=\"article:modified_time\" content=\"2023-12-20T22:07:14+00:00\" \/>\n<meta name=\"author\" content=\"Gestor Web\" \/>\n<meta name=\"twitter:card\" content=\"summary_large_image\" \/>\n<meta name=\"twitter:creator\" content=\"@GranadaSDB\" \/>\n<meta name=\"twitter:site\" content=\"@GranadaSDB\" \/>\n<meta name=\"twitter:label1\" content=\"Escrito por\" \/>\n\t<meta name=\"twitter:data1\" content=\"Gestor Web\" \/>\n\t<meta name=\"twitter:label2\" content=\"Tiempo de lectura\" \/>\n\t<meta name=\"twitter:data2\" content=\"2 minutos\" \/>\n<script type=\"application\/ld+json\" class=\"yoast-schema-graph\">{\"@context\":\"https:\\\/\\\/schema.org\",\"@graph\":[{\"@type\":\"Article\",\"@id\":\"https:\\\/\\\/granada.salesianos.edu\\\/colegio\\\/blog\\\/jornadaspastorales23\\\/#article\",\"isPartOf\":{\"@id\":\"https:\\\/\\\/granada.salesianos.edu\\\/colegio\\\/blog\\\/jornadaspastorales23\\\/\"},\"author\":{\"name\":\"Gestor Web\",\"@id\":\"https:\\\/\\\/granada.salesianos.edu\\\/colegio\\\/#\\\/schema\\\/person\\\/6392ff2e4bd1e66981d6eab734bbd962\"},\"headline\":\"Jornadas Pastorales\",\"datePublished\":\"2023-12-16T11:39:04+00:00\",\"dateModified\":\"2023-12-20T22:07:14+00:00\",\"mainEntityOfPage\":{\"@id\":\"https:\\\/\\\/granada.salesianos.edu\\\/colegio\\\/blog\\\/jornadaspastorales23\\\/\"},\"wordCount\":255,\"commentCount\":0,\"publisher\":{\"@id\":\"https:\\\/\\\/granada.salesianos.edu\\\/colegio\\\/#organization\"},\"keywords\":[\"navidad 2023\",\"operaci\u00f3n kilo\",\"solidaridad\"],\"articleSection\":[\"Artes\",\"Bachillerato\",\"BTO\",\"Colegio\",\"Convivencia\",\"ESO\",\"FP\",\"Imagen y Sonido\",\"Pastoral\",\"Uncategorized\"],\"inLanguage\":\"es\",\"potentialAction\":[{\"@type\":\"CommentAction\",\"name\":\"Comment\",\"target\":[\"https:\\\/\\\/granada.salesianos.edu\\\/colegio\\\/blog\\\/jornadaspastorales23\\\/#respond\"]}]},{\"@type\":\"WebPage\",\"@id\":\"https:\\\/\\\/granada.salesianos.edu\\\/colegio\\\/blog\\\/jornadaspastorales23\\\/\",\"url\":\"https:\\\/\\\/granada.salesianos.edu\\\/colegio\\\/blog\\\/jornadaspastorales23\\\/\",\"name\":\"Jornadas Pastorales - Colegio Salesiano\",\"isPartOf\":{\"@id\":\"https:\\\/\\\/granada.salesianos.edu\\\/colegio\\\/#website\"},\"datePublished\":\"2023-12-16T11:39:04+00:00\",\"dateModified\":\"2023-12-20T22:07:14+00:00\",\"description\":\"Comenzamos con la Operaci\u00f3n Kilo Navidad 2023. En esta campa\u00f1a, colaboramos con distintas entidades y Ong: Casa Hogar Madre Teresa, Fundaci\u00f3n Don Bosco Salesianos Social, C\u00e1ritas Zaid\u00edn, Adoratrices, Banco de alimentos etc. La fecha de recogida de alimentos ser\u00e1 del 11 al 15 de diciembre\",\"breadcrumb\":{\"@id\":\"https:\\\/\\\/granada.salesianos.edu\\\/colegio\\\/blog\\\/jornadaspastorales23\\\/#breadcrumb\"},\"inLanguage\":\"es\",\"potentialAction\":[{\"@type\":\"ReadAction\",\"target\":[\"https:\\\/\\\/granada.salesianos.edu\\\/colegio\\\/blog\\\/jornadaspastorales23\\\/\"]}]},{\"@type\":\"BreadcrumbList\",\"@id\":\"https:\\\/\\\/granada.salesianos.edu\\\/colegio\\\/blog\\\/jornadaspastorales23\\\/#breadcrumb\",\"itemListElement\":[{\"@type\":\"ListItem\",\"position\":1,\"name\":\"Portada\",\"item\":\"https:\\\/\\\/granada.salesianos.edu\\\/colegio\\\/\"},{\"@type\":\"ListItem\",\"position\":2,\"name\":\"Jornadas Pastorales\"}]},{\"@type\":\"WebSite\",\"@id\":\"https:\\\/\\\/granada.salesianos.edu\\\/colegio\\\/#website\",\"url\":\"https:\\\/\\\/granada.salesianos.edu\\\/colegio\\\/\",\"name\":\"Colegio Salesiano\",\"description\":\"P\u00e1gina oficial de Salesianos Granada San Juan Bosco\",\"publisher\":{\"@id\":\"https:\\\/\\\/granada.salesianos.edu\\\/colegio\\\/#organization\"},\"potentialAction\":[{\"@type\":\"SearchAction\",\"target\":{\"@type\":\"EntryPoint\",\"urlTemplate\":\"https:\\\/\\\/granada.salesianos.edu\\\/colegio\\\/?s={search_term_string}\"},\"query-input\":{\"@type\":\"PropertyValueSpecification\",\"valueRequired\":true,\"valueName\":\"search_term_string\"}}],\"inLanguage\":\"es\"},{\"@type\":\"Organization\",\"@id\":\"https:\\\/\\\/granada.salesianos.edu\\\/colegio\\\/#organization\",\"name\":\"Colegio Salesiano San Juan Bosco Granada\",\"url\":\"https:\\\/\\\/granada.salesianos.edu\\\/colegio\\\/\",\"logo\":{\"@type\":\"ImageObject\",\"inLanguage\":\"es\",\"@id\":\"https:\\\/\\\/granada.salesianos.edu\\\/colegio\\\/#\\\/schema\\\/logo\\\/image\\\/\",\"url\":\"https:\\\/\\\/granada.salesianos.edu\\\/colegio\\\/wp-content\\\/uploads\\\/sites\\\/2\\\/2021\\\/01\\\/GRANADAobraVN2.jpg\",\"contentUrl\":\"https:\\\/\\\/granada.salesianos.edu\\\/colegio\\\/wp-content\\\/uploads\\\/sites\\\/2\\\/2021\\\/01\\\/GRANADAobraVN2.jpg\",\"width\":2113,\"height\":1894,\"caption\":\"Colegio Salesiano San Juan Bosco Granada\"},\"image\":{\"@id\":\"https:\\\/\\\/granada.salesianos.edu\\\/colegio\\\/#\\\/schema\\\/logo\\\/image\\\/\"},\"sameAs\":[\"https:\\\/\\\/www.facebook.com\\\/SalesianosGR\\\/\",\"https:\\\/\\\/x.com\\\/GranadaSDB\",\"https:\\\/\\\/www.instagram.com\\\/salesianosgranada\\\/\",\"https:\\\/\\\/www.youtube.com\\\/channel\\\/UChkpZuhCf4Y5rYIcFT3CNxw?view_as=subscriber\"]},{\"@type\":\"Person\",\"@id\":\"https:\\\/\\\/granada.salesianos.edu\\\/colegio\\\/#\\\/schema\\\/person\\\/6392ff2e4bd1e66981d6eab734bbd962\",\"name\":\"Gestor Web\",\"image\":{\"@type\":\"ImageObject\",\"inLanguage\":\"es\",\"@id\":\"https:\\\/\\\/secure.gravatar.com\\\/avatar\\\/160666bb56a01520857079961a824af2b7821d6bad80677c80f2b473fceead1b?s=96&d=mm&r=g\",\"url\":\"https:\\\/\\\/secure.gravatar.com\\\/avatar\\\/160666bb56a01520857079961a824af2b7821d6bad80677c80f2b473fceead1b?s=96&d=mm&r=g\",\"contentUrl\":\"https:\\\/\\\/secure.gravatar.com\\\/avatar\\\/160666bb56a01520857079961a824af2b7821d6bad80677c80f2b473fceead1b?s=96&d=mm&r=g\",\"caption\":\"Gestor Web\"}}]}<\/script>\n<!-- \/ Yoast SEO plugin. -->","yoast_head_json":{"title":"Jornadas Pastorales - Colegio Salesiano","description":"Comenzamos con la Operaci\u00f3n Kilo Navidad 2023. En esta campa\u00f1a, colaboramos con distintas entidades y Ong: Casa Hogar Madre Teresa, Fundaci\u00f3n Don Bosco Salesianos Social, C\u00e1ritas Zaid\u00edn, Adoratrices, Banco de alimentos etc. La fecha de recogida de alimentos ser\u00e1 del 11 al 15 de diciembre","robots":{"index":"index","follow":"follow","max-snippet":"max-snippet:-1","max-image-preview":"max-image-preview:large","max-video-preview":"max-video-preview:-1"},"canonical":"https:\/\/granada.salesianos.edu\/colegio\/blog\/jornadaspastorales23\/","og_locale":"es_ES","og_type":"article","og_title":"Jornadas Pastorales - Colegio Salesiano","og_description":"Comenzamos con la Operaci\u00f3n Kilo Navidad 2023. En esta campa\u00f1a, colaboramos con distintas entidades y Ong: Casa Hogar Madre Teresa, Fundaci\u00f3n Don Bosco Salesianos Social, C\u00e1ritas Zaid\u00edn, Adoratrices, Banco de alimentos etc. La fecha de recogida de alimentos ser\u00e1 del 11 al 15 de diciembre","og_url":"https:\/\/granada.salesianos.edu\/colegio\/blog\/jornadaspastorales23\/","og_site_name":"Colegio Salesiano","article_publisher":"https:\/\/www.facebook.com\/SalesianosGR\/","article_published_time":"2023-12-16T11:39:04+00:00","article_modified_time":"2023-12-20T22:07:14+00:00","author":"Gestor Web","twitter_card":"summary_large_image","twitter_creator":"@GranadaSDB","twitter_site":"@GranadaSDB","twitter_misc":{"Escrito por":"Gestor Web","Tiempo de lectura":"2 minutos"},"schema":{"@context":"https:\/\/schema.org","@graph":[{"@type":"Article","@id":"https:\/\/granada.salesianos.edu\/colegio\/blog\/jornadaspastorales23\/#article","isPartOf":{"@id":"https:\/\/granada.salesianos.edu\/colegio\/blog\/jornadaspastorales23\/"},"author":{"name":"Gestor Web","@id":"https:\/\/granada.salesianos.edu\/colegio\/#\/schema\/person\/6392ff2e4bd1e66981d6eab734bbd962"},"headline":"Jornadas Pastorales","datePublished":"2023-12-16T11:39:04+00:00","dateModified":"2023-12-20T22:07:14+00:00","mainEntityOfPage":{"@id":"https:\/\/granada.salesianos.edu\/colegio\/blog\/jornadaspastorales23\/"},"wordCount":255,"commentCount":0,"publisher":{"@id":"https:\/\/granada.salesianos.edu\/colegio\/#organization"},"keywords":["navidad 2023","operaci\u00f3n kilo","solidaridad"],"articleSection":["Artes","Bachillerato","BTO","Colegio","Convivencia","ESO","FP","Imagen y Sonido","Pastoral","Uncategorized"],"inLanguage":"es","potentialAction":[{"@type":"CommentAction","name":"Comment","target":["https:\/\/granada.salesianos.edu\/colegio\/blog\/jornadaspastorales23\/#respond"]}]},{"@type":"WebPage","@id":"https:\/\/granada.salesianos.edu\/colegio\/blog\/jornadaspastorales23\/","url":"https:\/\/granada.salesianos.edu\/colegio\/blog\/jornadaspastorales23\/","name":"Jornadas Pastorales - Colegio Salesiano","isPartOf":{"@id":"https:\/\/granada.salesianos.edu\/colegio\/#website"},"datePublished":"2023-12-16T11:39:04+00:00","dateModified":"2023-12-20T22:07:14+00:00","description":"Comenzamos con la Operaci\u00f3n Kilo Navidad 2023. En esta campa\u00f1a, colaboramos con distintas entidades y Ong: Casa Hogar Madre Teresa, Fundaci\u00f3n Don Bosco Salesianos Social, C\u00e1ritas Zaid\u00edn, Adoratrices, Banco de alimentos etc. La fecha de recogida de alimentos ser\u00e1 del 11 al 15 de diciembre","breadcrumb":{"@id":"https:\/\/granada.salesianos.edu\/colegio\/blog\/jornadaspastorales23\/#breadcrumb"},"inLanguage":"es","potentialAction":[{"@type":"ReadAction","target":["https:\/\/granada.salesianos.edu\/colegio\/blog\/jornadaspastorales23\/"]}]},{"@type":"BreadcrumbList","@id":"https:\/\/granada.salesianos.edu\/colegio\/blog\/jornadaspastorales23\/#breadcrumb","itemListElement":[{"@type":"ListItem","position":1,"name":"Portada","item":"https:\/\/granada.salesianos.edu\/colegio\/"},{"@type":"ListItem","position":2,"name":"Jornadas Pastorales"}]},{"@type":"WebSite","@id":"https:\/\/granada.salesianos.edu\/colegio\/#website","url":"https:\/\/granada.salesianos.edu\/colegio\/","name":"Colegio Salesiano","description":"P\u00e1gina oficial de Salesianos Granada San Juan Bosco","publisher":{"@id":"https:\/\/granada.salesianos.edu\/colegio\/#organization"},"potentialAction":[{"@type":"SearchAction","target":{"@type":"EntryPoint","urlTemplate":"https:\/\/granada.salesianos.edu\/colegio\/?s={search_term_string}"},"query-input":{"@type":"PropertyValueSpecification","valueRequired":true,"valueName":"search_term_string"}}],"inLanguage":"es"},{"@type":"Organization","@id":"https:\/\/granada.salesianos.edu\/colegio\/#organization","name":"Colegio Salesiano San Juan Bosco Granada","url":"https:\/\/granada.salesianos.edu\/colegio\/","logo":{"@type":"ImageObject","inLanguage":"es","@id":"https:\/\/granada.salesianos.edu\/colegio\/#\/schema\/logo\/image\/","url":"https:\/\/granada.salesianos.edu\/colegio\/wp-content\/uploads\/sites\/2\/2021\/01\/GRANADAobraVN2.jpg","contentUrl":"https:\/\/granada.salesianos.edu\/colegio\/wp-content\/uploads\/sites\/2\/2021\/01\/GRANADAobraVN2.jpg","width":2113,"height":1894,"caption":"Colegio Salesiano San Juan Bosco Granada"},"image":{"@id":"https:\/\/granada.salesianos.edu\/colegio\/#\/schema\/logo\/image\/"},"sameAs":["https:\/\/www.facebook.com\/SalesianosGR\/","https:\/\/x.com\/GranadaSDB","https:\/\/www.instagram.com\/salesianosgranada\/","https:\/\/www.youtube.com\/channel\/UChkpZuhCf4Y5rYIcFT3CNxw?view_as=subscriber"]},{"@type":"Person","@id":"https:\/\/granada.salesianos.edu\/colegio\/#\/schema\/person\/6392ff2e4bd1e66981d6eab734bbd962","name":"Gestor Web","image":{"@type":"ImageObject","inLanguage":"es","@id":"https:\/\/secure.gravatar.com\/avatar\/160666bb56a01520857079961a824af2b7821d6bad80677c80f2b473fceead1b?s=96&d=mm&r=g","url":"https:\/\/secure.gravatar.com\/avatar\/160666bb56a01520857079961a824af2b7821d6bad80677c80f2b473fceead1b?s=96&d=mm&r=g","contentUrl":"https:\/\/secure.gravatar.com\/avatar\/160666bb56a01520857079961a824af2b7821d6bad80677c80f2b473fceead1b?s=96&d=mm&r=g","caption":"Gestor Web"}}]}},"_links":{"self":[{"href":"https:\/\/granada.salesianos.edu\/colegio\/wp-json\/wp\/v2\/posts\/18136","targetHints":{"allow":["GET"]}}],"collection":[{"href":"https:\/\/granada.salesianos.edu\/colegio\/wp-json\/wp\/v2\/posts"}],"about":[{"href":"https:\/\/granada.salesianos.edu\/colegio\/wp-json\/wp\/v2\/types\/post"}],"author":[{"embeddable":true,"href":"https:\/\/granada.salesianos.edu\/colegio\/wp-json\/wp\/v2\/users\/2"}],"replies":[{"embeddable":true,"href":"https:\/\/granada.salesianos.edu\/colegio\/wp-json\/wp\/v2\/comments?post=18136"}],"version-history":[{"count":3,"href":"https:\/\/granada.salesianos.edu\/colegio\/wp-json\/wp\/v2\/posts\/18136\/revisions"}],"predecessor-version":[{"id":18144,"href":"https:\/\/granada.salesianos.edu\/colegio\/wp-json\/wp\/v2\/posts\/18136\/revisions\/18144"}],"wp:attachment":[{"href":"https:\/\/granada.salesianos.edu\/colegio\/wp-json\/wp\/v2\/media?parent=18136"}],"wp:term":[{"taxonomy":"category","embeddable":true,"href":"https:\/\/granada.salesianos.edu\/colegio\/wp-json\/wp\/v2\/categories?post=18136"},{"taxonomy":"post_tag","embeddable":true,"href":"https:\/\/granada.salesianos.edu\/colegio\/wp-json\/wp\/v2\/tags?post=18136"}],"curies":[{"name":"wp","href":"https:\/\/api.w.org\/{rel}","templated":true}]}}