{"id":18139,"date":"2023-12-11T13:43:37","date_gmt":"2023-12-11T11:43:37","guid":{"rendered":"https:\/\/granada.salesianos.edu\/colegio\/?p=18139"},"modified":"2023-12-19T13:43:53","modified_gmt":"2023-12-19T11:43:53","slug":"operacion-kilo-navidad-2023","status":"publish","type":"post","link":"https:\/\/granada.salesianos.edu\/colegio\/blog\/operacion-kilo-navidad-2023\/","title":{"rendered":"Operaci\u00f3n Kilo Navidad 2023"},"content":{"rendered":"<div id=\"fb-root\"><\/div>\n<p><strong>ORGANIZACI\u00d3N DE LA RECOGIDA DE ALIMENTOS CADA D\u00cdA<\/strong><\/p>\n<p>Todos los d\u00edas a las 8, estar\u00e1n en la sala de la Familia Salesiana un miembro del<br \/>\nequipo de pastoral con vocales de distintos cursos. Los alumnos de ESO,<br \/>\nBachillerato y Ciclos dejan all\u00ed los productos de cada d\u00eda y contin\u00faan para sus<br \/>\nclases.<\/p>\n<p>Los alumnos de infantil y primaria, llevar\u00e1n las bolsas con los kilos directamente a<br \/>\nsus clases.<\/p>\n<p>Os animamos a todos a traer sudaderas y pantalones vaqueros que est\u00e9n en buen<br \/>\nestado, y dejarlos en familia salesiana con el mismo procedimiento que los kilos.<br \/>\nTodos los kilos recogidos durante la campa\u00f1a ser\u00e1n organizados entre<br \/>\ncoordinadores de pastoral y vocales de pastoral, el 18 por la tarde tras comida<br \/>\ncompartida.<\/p>\n<p>El reparto a las asociaciones ser\u00e1 los d\u00edas 19\/20\/21. Contaremos con los vocales de<br \/>\npastoral. Ya avisaremos cu\u00e1ndo le toca a cada uno.<\/p>\n<p><strong>Necesitamos muchas cajas. Os pedimos que nos traig\u00e1is las que pod\u00e1is, si ten\u00e9is<\/strong><br \/>\n<strong>posibilidad. GRACIAS.<\/strong><\/p>\n<p><img loading=\"lazy\" decoding=\"async\" class=\"alignnone size-thumbnail wp-image-18131\" src=\"https:\/\/granada.salesianos.edu\/colegio\/wp-content\/uploads\/sites\/2\/2023\/12\/OPERACION-KILO-2023-150x150.jpg\" alt=\"\" width=\"150\" height=\"150\" \/><br \/>\n<strong>CESTAS DE NAVIDAD ESO Y POSTOBLIGATORIA<\/strong><\/p>\n<p>Ya est\u00e1n en ESO y postobligatoria en marcha las cestas de Navidad que elabora el<br \/>\ntutor con su clase Y EN SUS HORAS (no se cogen horas de otros profes) y se<br \/>\nbajar\u00e1n el jueves 14 a las 12:30h. Ser\u00e1n el vocal de pastoral y el de igualdad<br \/>\nquienes lo bajen (Acompa\u00f1ados por alguien m\u00e1s del consejo de curso si fuera<br \/>\nnecesario porque pesara mucho)<\/p>\n<p>\u00a1\u00c1NIMO! \u00a1ESTE A\u00d1O 900 FAMILIAS NOS NECESITAN M\u00c1S QUE NUNCA!<br \/>\nMuchas gracias por todo lo bueno que aport\u00e1is a nuestra Casa que es tambi\u00e9n la<br \/>\nvuestra. Un saludo con el deseo de que esta Navidad venga cargada de cari\u00f1o y<br \/>\namistad, pero sobre todo venga cargada de DIOS. Que Mar\u00eda Auxiliadora nos tenga<br \/>\nsiempre bajo su manto.<\/p>\n<p>Atentamente,<br \/>\nEL EQUIPO DE PASTORAL ESCOLAR<\/p>\n","protected":false},"excerpt":{"rendered":"<p>Comenzamos con la Operaci\u00f3n Kilo Navidad 2023. En esta campa\u00f1a, colaboramos con distintas entidades y Ong: Casa Hogar Madre Teresa, Fundaci\u00f3n Don Bosco Salesianos Social, C\u00e1ritas Zaid\u00edn, Adoratrices, Banco de alimentos etc. La fecha de recogida de alimentos ser\u00e1 del 11 al 15 de diciembre<\/p>\n","protected":false},"author":2,"featured_media":18131,"comment_status":"open","ping_status":"open","sticky":false,"template":"","format":"standard","meta":{"_et_pb_use_builder":"off","_et_pb_old_content":"","_et_gb_content_width":"","footnotes":""},"categories":[11,31,18,1],"tags":[67,68,66],"class_list":["post-18139","post","type-post","status-publish","format-standard","has-post-thumbnail","hentry","category-colegio","category-fundacion-don-bosco","category-iglesia","category-uncategorized","tag-navidad-2023","tag-operacion-kilo","tag-solidaridad"],"yoast_head":"<!-- This site is optimized with the Yoast SEO plugin v28.4 - https:\/\/yoast.com\/product\/yoast-seo-wordpress\/ -->\n<title>Operaci\u00f3n Kilo Navidad 2023 - Colegio Salesiano<\/title>\n<meta name=\"description\" content=\"Comenzamos con la Operaci\u00f3n Kilo Navidad 2023. En esta campa\u00f1a, colaboramos con distintas entidades y Ong: Casa Hogar Madre Teresa, Fundaci\u00f3n Don Bosco Salesianos Social, C\u00e1ritas Zaid\u00edn, Adoratrices, Banco de alimentos etc. La fecha de recogida de alimentos ser\u00e1 del 11 al 15 de diciembre\" \/>\n<meta name=\"robots\" content=\"index, follow, max-snippet:-1, max-image-preview:large, max-video-preview:-1\" \/>\n<link rel=\"canonical\" href=\"https:\/\/granada.salesianos.edu\/colegio\/blog\/operacion-kilo-navidad-2023\/\" \/>\n<meta property=\"og:locale\" content=\"es_ES\" \/>\n<meta property=\"og:type\" content=\"article\" \/>\n<meta property=\"og:title\" content=\"Operaci\u00f3n Kilo Navidad 2023 - Colegio Salesiano\" \/>\n<meta property=\"og:description\" content=\"Comenzamos con la Operaci\u00f3n Kilo Navidad 2023. En esta campa\u00f1a, colaboramos con distintas entidades y Ong: Casa Hogar Madre Teresa, Fundaci\u00f3n Don Bosco Salesianos Social, C\u00e1ritas Zaid\u00edn, Adoratrices, Banco de alimentos etc. La fecha de recogida de alimentos ser\u00e1 del 11 al 15 de diciembre\" \/>\n<meta property=\"og:url\" content=\"https:\/\/granada.salesianos.edu\/colegio\/blog\/operacion-kilo-navidad-2023\/\" \/>\n<meta property=\"og:site_name\" content=\"Colegio Salesiano\" \/>\n<meta property=\"article:publisher\" content=\"https:\/\/www.facebook.com\/SalesianosGR\/\" \/>\n<meta property=\"article:published_time\" content=\"2023-12-11T11:43:37+00:00\" \/>\n<meta property=\"article:modified_time\" content=\"2023-12-19T11:43:53+00:00\" \/>\n<meta property=\"og:image\" content=\"https:\/\/granada.salesianos.edu\/colegio\/wp-content\/uploads\/sites\/2\/2023\/12\/OPERACION-KILO-2023.jpg\" \/>\n\t<meta property=\"og:image:width\" content=\"1748\" \/>\n\t<meta property=\"og:image:height\" content=\"1240\" \/>\n\t<meta property=\"og:image:type\" content=\"image\/jpeg\" \/>\n<meta name=\"author\" content=\"Gestor Web\" \/>\n<meta name=\"twitter:card\" content=\"summary_large_image\" \/>\n<meta name=\"twitter:creator\" content=\"@GranadaSDB\" \/>\n<meta name=\"twitter:site\" content=\"@GranadaSDB\" \/>\n<meta name=\"twitter:label1\" content=\"Escrito por\" \/>\n\t<meta name=\"twitter:data1\" content=\"Gestor Web\" \/>\n\t<meta name=\"twitter:label2\" content=\"Tiempo de lectura\" \/>\n\t<meta name=\"twitter:data2\" content=\"2 minutos\" \/>\n<script type=\"application\/ld+json\" class=\"yoast-schema-graph\">{\"@context\":\"https:\\\/\\\/schema.org\",\"@graph\":[{\"@type\":\"Article\",\"@id\":\"https:\\\/\\\/granada.salesianos.edu\\\/colegio\\\/blog\\\/operacion-kilo-navidad-2023\\\/#article\",\"isPartOf\":{\"@id\":\"https:\\\/\\\/granada.salesianos.edu\\\/colegio\\\/blog\\\/operacion-kilo-navidad-2023\\\/\"},\"author\":{\"name\":\"Gestor Web\",\"@id\":\"https:\\\/\\\/granada.salesianos.edu\\\/colegio\\\/#\\\/schema\\\/person\\\/6392ff2e4bd1e66981d6eab734bbd962\"},\"headline\":\"Operaci\u00f3n Kilo Navidad 2023\",\"datePublished\":\"2023-12-11T11:43:37+00:00\",\"dateModified\":\"2023-12-19T11:43:53+00:00\",\"mainEntityOfPage\":{\"@id\":\"https:\\\/\\\/granada.salesianos.edu\\\/colegio\\\/blog\\\/operacion-kilo-navidad-2023\\\/\"},\"wordCount\":317,\"commentCount\":0,\"publisher\":{\"@id\":\"https:\\\/\\\/granada.salesianos.edu\\\/colegio\\\/#organization\"},\"image\":{\"@id\":\"https:\\\/\\\/granada.salesianos.edu\\\/colegio\\\/blog\\\/operacion-kilo-navidad-2023\\\/#primaryimage\"},\"thumbnailUrl\":\"https:\\\/\\\/granada.salesianos.edu\\\/colegio\\\/wp-content\\\/uploads\\\/sites\\\/2\\\/2023\\\/12\\\/OPERACION-KILO-2023.jpg\",\"keywords\":[\"navidad 2023\",\"operaci\u00f3n kilo\",\"solidaridad\"],\"articleSection\":[\"Colegio\",\"Fundaci\u00f3n Don Bosco\",\"Iglesia\",\"Uncategorized\"],\"inLanguage\":\"es\",\"potentialAction\":[{\"@type\":\"CommentAction\",\"name\":\"Comment\",\"target\":[\"https:\\\/\\\/granada.salesianos.edu\\\/colegio\\\/blog\\\/operacion-kilo-navidad-2023\\\/#respond\"]}]},{\"@type\":\"WebPage\",\"@id\":\"https:\\\/\\\/granada.salesianos.edu\\\/colegio\\\/blog\\\/operacion-kilo-navidad-2023\\\/\",\"url\":\"https:\\\/\\\/granada.salesianos.edu\\\/colegio\\\/blog\\\/operacion-kilo-navidad-2023\\\/\",\"name\":\"Operaci\u00f3n Kilo Navidad 2023 - Colegio Salesiano\",\"isPartOf\":{\"@id\":\"https:\\\/\\\/granada.salesianos.edu\\\/colegio\\\/#website\"},\"primaryImageOfPage\":{\"@id\":\"https:\\\/\\\/granada.salesianos.edu\\\/colegio\\\/blog\\\/operacion-kilo-navidad-2023\\\/#primaryimage\"},\"image\":{\"@id\":\"https:\\\/\\\/granada.salesianos.edu\\\/colegio\\\/blog\\\/operacion-kilo-navidad-2023\\\/#primaryimage\"},\"thumbnailUrl\":\"https:\\\/\\\/granada.salesianos.edu\\\/colegio\\\/wp-content\\\/uploads\\\/sites\\\/2\\\/2023\\\/12\\\/OPERACION-KILO-2023.jpg\",\"datePublished\":\"2023-12-11T11:43:37+00:00\",\"dateModified\":\"2023-12-19T11:43:53+00:00\",\"description\":\"Comenzamos con la Operaci\u00f3n Kilo Navidad 2023. En esta campa\u00f1a, colaboramos con distintas entidades y Ong: Casa Hogar Madre Teresa, Fundaci\u00f3n Don Bosco Salesianos Social, C\u00e1ritas Zaid\u00edn, Adoratrices, Banco de alimentos etc. La fecha de recogida de alimentos ser\u00e1 del 11 al 15 de diciembre\",\"breadcrumb\":{\"@id\":\"https:\\\/\\\/granada.salesianos.edu\\\/colegio\\\/blog\\\/operacion-kilo-navidad-2023\\\/#breadcrumb\"},\"inLanguage\":\"es\",\"potentialAction\":[{\"@type\":\"ReadAction\",\"target\":[\"https:\\\/\\\/granada.salesianos.edu\\\/colegio\\\/blog\\\/operacion-kilo-navidad-2023\\\/\"]}]},{\"@type\":\"ImageObject\",\"inLanguage\":\"es\",\"@id\":\"https:\\\/\\\/granada.salesianos.edu\\\/colegio\\\/blog\\\/operacion-kilo-navidad-2023\\\/#primaryimage\",\"url\":\"https:\\\/\\\/granada.salesianos.edu\\\/colegio\\\/wp-content\\\/uploads\\\/sites\\\/2\\\/2023\\\/12\\\/OPERACION-KILO-2023.jpg\",\"contentUrl\":\"https:\\\/\\\/granada.salesianos.edu\\\/colegio\\\/wp-content\\\/uploads\\\/sites\\\/2\\\/2023\\\/12\\\/OPERACION-KILO-2023.jpg\",\"width\":1748,\"height\":1240},{\"@type\":\"BreadcrumbList\",\"@id\":\"https:\\\/\\\/granada.salesianos.edu\\\/colegio\\\/blog\\\/operacion-kilo-navidad-2023\\\/#breadcrumb\",\"itemListElement\":[{\"@type\":\"ListItem\",\"position\":1,\"name\":\"Portada\",\"item\":\"https:\\\/\\\/granada.salesianos.edu\\\/colegio\\\/\"},{\"@type\":\"ListItem\",\"position\":2,\"name\":\"Operaci\u00f3n Kilo Navidad 2023\"}]},{\"@type\":\"WebSite\",\"@id\":\"https:\\\/\\\/granada.salesianos.edu\\\/colegio\\\/#website\",\"url\":\"https:\\\/\\\/granada.salesianos.edu\\\/colegio\\\/\",\"name\":\"Colegio Salesiano\",\"description\":\"P\u00e1gina oficial de Salesianos Granada San Juan Bosco\",\"publisher\":{\"@id\":\"https:\\\/\\\/granada.salesianos.edu\\\/colegio\\\/#organization\"},\"potentialAction\":[{\"@type\":\"SearchAction\",\"target\":{\"@type\":\"EntryPoint\",\"urlTemplate\":\"https:\\\/\\\/granada.salesianos.edu\\\/colegio\\\/?s={search_term_string}\"},\"query-input\":{\"@type\":\"PropertyValueSpecification\",\"valueRequired\":true,\"valueName\":\"search_term_string\"}}],\"inLanguage\":\"es\"},{\"@type\":\"Organization\",\"@id\":\"https:\\\/\\\/granada.salesianos.edu\\\/colegio\\\/#organization\",\"name\":\"Colegio Salesiano San Juan Bosco Granada\",\"url\":\"https:\\\/\\\/granada.salesianos.edu\\\/colegio\\\/\",\"logo\":{\"@type\":\"ImageObject\",\"inLanguage\":\"es\",\"@id\":\"https:\\\/\\\/granada.salesianos.edu\\\/colegio\\\/#\\\/schema\\\/logo\\\/image\\\/\",\"url\":\"https:\\\/\\\/granada.salesianos.edu\\\/colegio\\\/wp-content\\\/uploads\\\/sites\\\/2\\\/2021\\\/01\\\/GRANADAobraVN2.jpg\",\"contentUrl\":\"https:\\\/\\\/granada.salesianos.edu\\\/colegio\\\/wp-content\\\/uploads\\\/sites\\\/2\\\/2021\\\/01\\\/GRANADAobraVN2.jpg\",\"width\":2113,\"height\":1894,\"caption\":\"Colegio Salesiano San Juan Bosco Granada\"},\"image\":{\"@id\":\"https:\\\/\\\/granada.salesianos.edu\\\/colegio\\\/#\\\/schema\\\/logo\\\/image\\\/\"},\"sameAs\":[\"https:\\\/\\\/www.facebook.com\\\/SalesianosGR\\\/\",\"https:\\\/\\\/x.com\\\/GranadaSDB\",\"https:\\\/\\\/www.instagram.com\\\/salesianosgranada\\\/\",\"https:\\\/\\\/www.youtube.com\\\/channel\\\/UChkpZuhCf4Y5rYIcFT3CNxw?view_as=subscriber\"]},{\"@type\":\"Person\",\"@id\":\"https:\\\/\\\/granada.salesianos.edu\\\/colegio\\\/#\\\/schema\\\/person\\\/6392ff2e4bd1e66981d6eab734bbd962\",\"name\":\"Gestor Web\",\"image\":{\"@type\":\"ImageObject\",\"inLanguage\":\"es\",\"@id\":\"https:\\\/\\\/secure.gravatar.com\\\/avatar\\\/160666bb56a01520857079961a824af2b7821d6bad80677c80f2b473fceead1b?s=96&d=mm&r=g\",\"url\":\"https:\\\/\\\/secure.gravatar.com\\\/avatar\\\/160666bb56a01520857079961a824af2b7821d6bad80677c80f2b473fceead1b?s=96&d=mm&r=g\",\"contentUrl\":\"https:\\\/\\\/secure.gravatar.com\\\/avatar\\\/160666bb56a01520857079961a824af2b7821d6bad80677c80f2b473fceead1b?s=96&d=mm&r=g\",\"caption\":\"Gestor Web\"}}]}<\/script>\n<!-- \/ Yoast SEO plugin. -->","yoast_head_json":{"title":"Operaci\u00f3n Kilo Navidad 2023 - Colegio Salesiano","description":"Comenzamos con la Operaci\u00f3n Kilo Navidad 2023. En esta campa\u00f1a, colaboramos con distintas entidades y Ong: Casa Hogar Madre Teresa, Fundaci\u00f3n Don Bosco Salesianos Social, C\u00e1ritas Zaid\u00edn, Adoratrices, Banco de alimentos etc. La fecha de recogida de alimentos ser\u00e1 del 11 al 15 de diciembre","robots":{"index":"index","follow":"follow","max-snippet":"max-snippet:-1","max-image-preview":"max-image-preview:large","max-video-preview":"max-video-preview:-1"},"canonical":"https:\/\/granada.salesianos.edu\/colegio\/blog\/operacion-kilo-navidad-2023\/","og_locale":"es_ES","og_type":"article","og_title":"Operaci\u00f3n Kilo Navidad 2023 - Colegio Salesiano","og_description":"Comenzamos con la Operaci\u00f3n Kilo Navidad 2023. En esta campa\u00f1a, colaboramos con distintas entidades y Ong: Casa Hogar Madre Teresa, Fundaci\u00f3n Don Bosco Salesianos Social, C\u00e1ritas Zaid\u00edn, Adoratrices, Banco de alimentos etc. La fecha de recogida de alimentos ser\u00e1 del 11 al 15 de diciembre","og_url":"https:\/\/granada.salesianos.edu\/colegio\/blog\/operacion-kilo-navidad-2023\/","og_site_name":"Colegio Salesiano","article_publisher":"https:\/\/www.facebook.com\/SalesianosGR\/","article_published_time":"2023-12-11T11:43:37+00:00","article_modified_time":"2023-12-19T11:43:53+00:00","og_image":[{"width":1748,"height":1240,"url":"https:\/\/granada.salesianos.edu\/colegio\/wp-content\/uploads\/sites\/2\/2023\/12\/OPERACION-KILO-2023.jpg","type":"image\/jpeg"}],"author":"Gestor Web","twitter_card":"summary_large_image","twitter_creator":"@GranadaSDB","twitter_site":"@GranadaSDB","twitter_misc":{"Escrito por":"Gestor Web","Tiempo de lectura":"2 minutos"},"schema":{"@context":"https:\/\/schema.org","@graph":[{"@type":"Article","@id":"https:\/\/granada.salesianos.edu\/colegio\/blog\/operacion-kilo-navidad-2023\/#article","isPartOf":{"@id":"https:\/\/granada.salesianos.edu\/colegio\/blog\/operacion-kilo-navidad-2023\/"},"author":{"name":"Gestor Web","@id":"https:\/\/granada.salesianos.edu\/colegio\/#\/schema\/person\/6392ff2e4bd1e66981d6eab734bbd962"},"headline":"Operaci\u00f3n Kilo Navidad 2023","datePublished":"2023-12-11T11:43:37+00:00","dateModified":"2023-12-19T11:43:53+00:00","mainEntityOfPage":{"@id":"https:\/\/granada.salesianos.edu\/colegio\/blog\/operacion-kilo-navidad-2023\/"},"wordCount":317,"commentCount":0,"publisher":{"@id":"https:\/\/granada.salesianos.edu\/colegio\/#organization"},"image":{"@id":"https:\/\/granada.salesianos.edu\/colegio\/blog\/operacion-kilo-navidad-2023\/#primaryimage"},"thumbnailUrl":"https:\/\/granada.salesianos.edu\/colegio\/wp-content\/uploads\/sites\/2\/2023\/12\/OPERACION-KILO-2023.jpg","keywords":["navidad 2023","operaci\u00f3n kilo","solidaridad"],"articleSection":["Colegio","Fundaci\u00f3n Don Bosco","Iglesia","Uncategorized"],"inLanguage":"es","potentialAction":[{"@type":"CommentAction","name":"Comment","target":["https:\/\/granada.salesianos.edu\/colegio\/blog\/operacion-kilo-navidad-2023\/#respond"]}]},{"@type":"WebPage","@id":"https:\/\/granada.salesianos.edu\/colegio\/blog\/operacion-kilo-navidad-2023\/","url":"https:\/\/granada.salesianos.edu\/colegio\/blog\/operacion-kilo-navidad-2023\/","name":"Operaci\u00f3n Kilo Navidad 2023 - Colegio Salesiano","isPartOf":{"@id":"https:\/\/granada.salesianos.edu\/colegio\/#website"},"primaryImageOfPage":{"@id":"https:\/\/granada.salesianos.edu\/colegio\/blog\/operacion-kilo-navidad-2023\/#primaryimage"},"image":{"@id":"https:\/\/granada.salesianos.edu\/colegio\/blog\/operacion-kilo-navidad-2023\/#primaryimage"},"thumbnailUrl":"https:\/\/granada.salesianos.edu\/colegio\/wp-content\/uploads\/sites\/2\/2023\/12\/OPERACION-KILO-2023.jpg","datePublished":"2023-12-11T11:43:37+00:00","dateModified":"2023-12-19T11:43:53+00:00","description":"Comenzamos con la Operaci\u00f3n Kilo Navidad 2023. En esta campa\u00f1a, colaboramos con distintas entidades y Ong: Casa Hogar Madre Teresa, Fundaci\u00f3n Don Bosco Salesianos Social, C\u00e1ritas Zaid\u00edn, Adoratrices, Banco de alimentos etc. La fecha de recogida de alimentos ser\u00e1 del 11 al 15 de diciembre","breadcrumb":{"@id":"https:\/\/granada.salesianos.edu\/colegio\/blog\/operacion-kilo-navidad-2023\/#breadcrumb"},"inLanguage":"es","potentialAction":[{"@type":"ReadAction","target":["https:\/\/granada.salesianos.edu\/colegio\/blog\/operacion-kilo-navidad-2023\/"]}]},{"@type":"ImageObject","inLanguage":"es","@id":"https:\/\/granada.salesianos.edu\/colegio\/blog\/operacion-kilo-navidad-2023\/#primaryimage","url":"https:\/\/granada.salesianos.edu\/colegio\/wp-content\/uploads\/sites\/2\/2023\/12\/OPERACION-KILO-2023.jpg","contentUrl":"https:\/\/granada.salesianos.edu\/colegio\/wp-content\/uploads\/sites\/2\/2023\/12\/OPERACION-KILO-2023.jpg","width":1748,"height":1240},{"@type":"BreadcrumbList","@id":"https:\/\/granada.salesianos.edu\/colegio\/blog\/operacion-kilo-navidad-2023\/#breadcrumb","itemListElement":[{"@type":"ListItem","position":1,"name":"Portada","item":"https:\/\/granada.salesianos.edu\/colegio\/"},{"@type":"ListItem","position":2,"name":"Operaci\u00f3n Kilo Navidad 2023"}]},{"@type":"WebSite","@id":"https:\/\/granada.salesianos.edu\/colegio\/#website","url":"https:\/\/granada.salesianos.edu\/colegio\/","name":"Colegio Salesiano","description":"P\u00e1gina oficial de Salesianos Granada San Juan Bosco","publisher":{"@id":"https:\/\/granada.salesianos.edu\/colegio\/#organization"},"potentialAction":[{"@type":"SearchAction","target":{"@type":"EntryPoint","urlTemplate":"https:\/\/granada.salesianos.edu\/colegio\/?s={search_term_string}"},"query-input":{"@type":"PropertyValueSpecification","valueRequired":true,"valueName":"search_term_string"}}],"inLanguage":"es"},{"@type":"Organization","@id":"https:\/\/granada.salesianos.edu\/colegio\/#organization","name":"Colegio Salesiano San Juan Bosco Granada","url":"https:\/\/granada.salesianos.edu\/colegio\/","logo":{"@type":"ImageObject","inLanguage":"es","@id":"https:\/\/granada.salesianos.edu\/colegio\/#\/schema\/logo\/image\/","url":"https:\/\/granada.salesianos.edu\/colegio\/wp-content\/uploads\/sites\/2\/2021\/01\/GRANADAobraVN2.jpg","contentUrl":"https:\/\/granada.salesianos.edu\/colegio\/wp-content\/uploads\/sites\/2\/2021\/01\/GRANADAobraVN2.jpg","width":2113,"height":1894,"caption":"Colegio Salesiano San Juan Bosco Granada"},"image":{"@id":"https:\/\/granada.salesianos.edu\/colegio\/#\/schema\/logo\/image\/"},"sameAs":["https:\/\/www.facebook.com\/SalesianosGR\/","https:\/\/x.com\/GranadaSDB","https:\/\/www.instagram.com\/salesianosgranada\/","https:\/\/www.youtube.com\/channel\/UChkpZuhCf4Y5rYIcFT3CNxw?view_as=subscriber"]},{"@type":"Person","@id":"https:\/\/granada.salesianos.edu\/colegio\/#\/schema\/person\/6392ff2e4bd1e66981d6eab734bbd962","name":"Gestor Web","image":{"@type":"ImageObject","inLanguage":"es","@id":"https:\/\/secure.gravatar.com\/avatar\/160666bb56a01520857079961a824af2b7821d6bad80677c80f2b473fceead1b?s=96&d=mm&r=g","url":"https:\/\/secure.gravatar.com\/avatar\/160666bb56a01520857079961a824af2b7821d6bad80677c80f2b473fceead1b?s=96&d=mm&r=g","contentUrl":"https:\/\/secure.gravatar.com\/avatar\/160666bb56a01520857079961a824af2b7821d6bad80677c80f2b473fceead1b?s=96&d=mm&r=g","caption":"Gestor Web"}}]}},"_links":{"self":[{"href":"https:\/\/granada.salesianos.edu\/colegio\/wp-json\/wp\/v2\/posts\/18139","targetHints":{"allow":["GET"]}}],"collection":[{"href":"https:\/\/granada.salesianos.edu\/colegio\/wp-json\/wp\/v2\/posts"}],"about":[{"href":"https:\/\/granada.salesianos.edu\/colegio\/wp-json\/wp\/v2\/types\/post"}],"author":[{"embeddable":true,"href":"https:\/\/granada.salesianos.edu\/colegio\/wp-json\/wp\/v2\/users\/2"}],"replies":[{"embeddable":true,"href":"https:\/\/granada.salesianos.edu\/colegio\/wp-json\/wp\/v2\/comments?post=18139"}],"version-history":[{"count":2,"href":"https:\/\/granada.salesianos.edu\/colegio\/wp-json\/wp\/v2\/posts\/18139\/revisions"}],"predecessor-version":[{"id":18141,"href":"https:\/\/granada.salesianos.edu\/colegio\/wp-json\/wp\/v2\/posts\/18139\/revisions\/18141"}],"wp:featuredmedia":[{"embeddable":true,"href":"https:\/\/granada.salesianos.edu\/colegio\/wp-json\/wp\/v2\/media\/18131"}],"wp:attachment":[{"href":"https:\/\/granada.salesianos.edu\/colegio\/wp-json\/wp\/v2\/media?parent=18139"}],"wp:term":[{"taxonomy":"category","embeddable":true,"href":"https:\/\/granada.salesianos.edu\/colegio\/wp-json\/wp\/v2\/categories?post=18139"},{"taxonomy":"post_tag","embeddable":true,"href":"https:\/\/granada.salesianos.edu\/colegio\/wp-json\/wp\/v2\/tags?post=18139"}],"curies":[{"name":"wp","href":"https:\/\/api.w.org\/{rel}","templated":true}]}}