{"id":18361,"date":"2024-01-26T00:57:01","date_gmt":"2024-01-25T22:57:01","guid":{"rendered":"https:\/\/granada.salesianos.edu\/colegio\/?p=18361"},"modified":"2024-02-02T11:00:26","modified_gmt":"2024-02-02T09:00:26","slug":"2edicionpremiosguzman","status":"publish","type":"post","link":"https:\/\/granada.salesianos.edu\/colegio\/blog\/2edicionpremiosguzman\/","title":{"rendered":"2\u00ba Edici\u00f3n Premios Don Francisco Guzm\u00e1n"},"content":{"rendered":"<div id=\"fb-root\"><\/div>\n<p>[et_pb_section fb_built=\u00bb1&#8243; admin_label=\u00bbsection\u00bb _builder_version=\u00bb4.18.0&#8243; global_colors_info=\u00bb{}\u00bb][et_pb_row _builder_version=\u00bb4.18.0&#8243; _module_preset=\u00bbdefault\u00bb global_colors_info=\u00bb{}\u00bb][et_pb_column type=\u00bb4_4&#8243; _builder_version=\u00bb4.18.0&#8243; _module_preset=\u00bbdefault\u00bb global_colors_info=\u00bb{}\u00bb][et_pb_text admin_label=\u00bbEntradilla (Texto)\u00bb _builder_version=\u00bb4.23.1&#8243; text_font=\u00bb|on|||\u00bb text_orientation=\u00bbjustified\u00bb global_colors_info=\u00bb{}\u00bb]<\/p>\n<div>\n<p>Esta tarde se ha hecho entrega del 2\u00ba Premio de Comunicaci\u00f3n Don Francisco Guzm\u00e1n a Don Andr\u00e9s Sope\u00f1a Monsalve.<\/p>\n<\/div>\n<p>[\/et_pb_text][et_pb_text admin_label=\u00bbDesarrollo (Texto)\u00bb _builder_version=\u00bb4.23.1&#8243; text_orientation=\u00bbjustified\u00bb custom_margin=\u00bb||||false|false\u00bb custom_padding=\u00bb||||false|false\u00bb global_colors_info=\u00bb{}\u00bb]<\/p>\n<div>\n<p>El acto se ha celebrado en el sal\u00f3n de actos del Colegio Salesiano San Juan Bosco de Granada; el premio en su segunda edici\u00f3n ha sido otorgado al profesor universitario quien estuvo al lado de la figura del sacerdote en los inicios del Cine Club Don Bosco, en Granada. Don Andr\u00e9s cuenta con a\u00f1os de experiencia en la comunicaci\u00f3n, siendo un experto en Comunicaci\u00f3n Social codirigiendo materias en la universidad como La comunicaci\u00f3n Humana, dirigiendo cursos de Comunicaci\u00f3n Social y Tecnolog\u00edas de la Informaci\u00f3n, Campus Revista de la Universidad de Granada, ser miembro del comit\u00e9 t\u00e9cnico del Primer Congreso Internacional sobre Infancia, Juventud y Comunicaci\u00f3n audiovisual, columnista en El Defensor de Granada y en el peri\u00f3dico El Mundo, entre otros trabajos; sin olvidar que es autor de libros de reconocido prestigio como El florido pensil o La morena de la copla.<\/p>\n<\/div>\n<div>\n<p>El acto fue presentado por Don Miguel \u00c1ngel Pareja, quien quiso dejar constancia, con este galard\u00f3n, el reconocimiento a trav\u00e9s de los a\u00f1os de todas aquellas personas profesionales de la familia de la comunicaci\u00f3n y del mundo audiovisual que luchan por su labor. En el acto se presenta el documental realizado por Don V\u00edctor M\u00e1rquez que nos ha ilustrado sobre la figura de Don Francisco Guzm\u00e1n.<\/p>\n<\/div>\n<div>\n<p>&nbsp;<\/p>\n<\/div>\n<div>\n<p>El acta del jurado, de dicho premio, ha sido dada a conocer por el profesor, y Jefe de Seminario, Don Pablo Fern\u00e1ndez Mar\u00edn; quien dio paso a Mar\u00eda Jos\u00e9 Peregr\u00edn, amiga de Don Andr\u00e9s Sope\u00f1a y reconocida periodista de la ciudad de Granada cuya trayectoria profesional destaca en Radio Ser y Canal Sur Tv. La periodista muy emocionada entreg\u00f3 el premio al galardonado dedic\u00e1ndole unas palabras en las que destacaba la incansable pasi\u00f3n, de Andr\u00e9s, por el periodismo y sentirse agradecida por haber \u201cSope\u00f1izado\u201d su carrera.<\/p>\n<\/div>\n<div>\n<p>&nbsp;<\/p>\n<\/div>\n<div>\n<p>El premiado ha querido agradecer a Don Francisco Guzm\u00e1n, a quien nombr\u00f3 como \u201camigo querido\u201d, el dejarle ser participe cualificado de las actividades de Centro de Cultura Audiovisual durante 25 a\u00f1os; llegando a la conclusi\u00f3n que el Centro de Cultura Audiovisual era el propio sacerdote. Entre todos los recuerdos destaca la significaci\u00f3n real de la labor de profesor que trasciende del \u00e1mbito acad\u00e9mico, como actitudes vitales, valores y en el caso de Don Francisco Gum\u00e1n destacando su aspecto de libertad y tolerancia. Finalizando con lo importante que es, para \u00e9l, el recibir este premio; afirmando entre bromas que \u201ces algo muy grande recibir un premio con el nombre de Don Francisco Guzm\u00e1n\u201d.<\/p>\n<p>En el transcurso del acto intervinieron al piano nuestro alumno Rodrigo Fr\u00edas interpretando piezas de banda sonoras de Casa Blanca, Cinema Paradiso y Lalaland, esta \u00faltima acompa\u00f1ado por las voces de sus compa\u00f1eros Pen\u00e9lope Su\u00e1rez y Pablo Centeno.<\/p>\n<p>Ha finalizado el acto con las buenas noches del director titular, Don Ernesto Granja, recordando la importancia de este premio dentro de estas fechas donde se celebra la festividad de San Francisco de Sales, patr\u00f3n de los periodistas, finalizando con la foto de familia de los asistentes al evento junto con el premiado Don Andr\u00e9s Sope\u00f1a.<\/p>\n<p>Agradeced a todos su asistencia y como no, desde este momento, queda convocado para el a\u00f1o que viene, la tercera edici\u00f3n del premio de Comunicaci\u00f3n Don Francisco Guzm\u00e1n.<\/p>\n<p>&nbsp;<\/p>\n<\/div>\n<p>[\/et_pb_text][\/et_pb_column][\/et_pb_row][et_pb_row _builder_version=\u00bb4.16&#8243; custom_margin=\u00bb25px|||\u00bb custom_padding=\u00bb25px|0px|27px|0px\u00bb locked=\u00bboff\u00bb global_colors_info=\u00bb{}\u00bb][et_pb_column type=\u00bb4_4&#8243; _builder_version=\u00bb4.16&#8243; custom_padding=\u00bb|||\u00bb global_colors_info=\u00bb{}\u00bb custom_padding__hover=\u00bb|||\u00bb][et_pb_gallery gallery_ids=\u00bb65271,65273,65274,65275,65276,65277,65278,65279&#8243; show_title_and_caption=\u00bboff\u00bb _builder_version=\u00bb4.23.1&#8243; _module_preset=\u00bbdefault\u00bb global_colors_info=\u00bb{}\u00bb][\/et_pb_gallery][\/et_pb_column][\/et_pb_row][et_pb_row disabled_on=\u00bboff|off|off\u00bb _builder_version=\u00bb4.18.0&#8243; _module_preset=\u00bbdefault\u00bb global_colors_info=\u00bb{}\u00bb][et_pb_column type=\u00bb4_4&#8243; _builder_version=\u00bb4.18.0&#8243; _module_preset=\u00bbdefault\u00bb global_colors_info=\u00bb{}\u00bb][et_pb_gallery gallery_ids=\u00bb18366,18367,18368,18369,18370,18371,18372,18373&#8243; show_title_and_caption=\u00bboff\u00bb _builder_version=\u00bb4.23.1&#8243; _module_preset=\u00bbdefault\u00bb global_colors_info=\u00bb{}\u00bb][\/et_pb_gallery][\/et_pb_column][\/et_pb_row][\/et_pb_section]<\/p>\n","protected":false},"excerpt":{"rendered":"<p>Esta tarde se ha hecho entrega del 2\u00ba Premio de Comunicaci\u00f3n Don Francisco Guzm\u00e1n a Don Andr\u00e9s Sope\u00f1a Monsalve.<\/p>\n","protected":false},"author":2,"featured_media":18362,"comment_status":"open","ping_status":"open","sticky":false,"template":"","format":"standard","meta":{"_et_pb_use_builder":"on","_et_pb_old_content":"","_et_gb_content_width":"","footnotes":""},"categories":[11,52],"tags":[],"class_list":["post-18361","post","type-post","status-publish","format-standard","has-post-thumbnail","hentry","category-colegio","category-imagen-y-sonido"],"yoast_head":"<!-- This site is optimized with the Yoast SEO plugin v28.4 - https:\/\/yoast.com\/product\/yoast-seo-wordpress\/ -->\n<title>2\u00ba Edici\u00f3n Premios Don Francisco Guzm\u00e1n - Colegio Salesiano<\/title>\n<meta name=\"description\" content=\"Los alumnos de 4\u00baESO visitan las instalaciones de este centro de investigaci\u00f3n de enfermedades gen\u00e9ticas ubicado en Granada.\" \/>\n<meta name=\"robots\" content=\"index, follow, max-snippet:-1, max-image-preview:large, max-video-preview:-1\" \/>\n<link rel=\"canonical\" href=\"https:\/\/granada.salesianos.edu\/colegio\/blog\/2edicionpremiosguzman\/\" \/>\n<meta property=\"og:locale\" content=\"es_ES\" \/>\n<meta property=\"og:type\" content=\"article\" \/>\n<meta property=\"og:title\" content=\"2\u00ba Edici\u00f3n Premios Don Francisco Guzm\u00e1n - Colegio Salesiano\" \/>\n<meta property=\"og:description\" content=\"Los alumnos de 4\u00baESO visitan las instalaciones de este centro de investigaci\u00f3n de enfermedades gen\u00e9ticas ubicado en Granada.\" \/>\n<meta property=\"og:url\" content=\"https:\/\/granada.salesianos.edu\/colegio\/blog\/2edicionpremiosguzman\/\" \/>\n<meta property=\"og:site_name\" content=\"Colegio Salesiano\" \/>\n<meta property=\"article:publisher\" content=\"https:\/\/www.facebook.com\/SalesianosGR\/\" \/>\n<meta property=\"article:published_time\" content=\"2024-01-25T22:57:01+00:00\" \/>\n<meta property=\"article:modified_time\" content=\"2024-02-02T09:00:26+00:00\" \/>\n<meta property=\"og:image\" content=\"https:\/\/granada.salesianos.edu\/colegio\/wp-content\/uploads\/sites\/2\/2024\/01\/WhatsApp-Image-2024-01-25-at-22.51.47.jpeg\" \/>\n\t<meta property=\"og:image:width\" content=\"1600\" \/>\n\t<meta property=\"og:image:height\" content=\"1068\" \/>\n\t<meta property=\"og:image:type\" content=\"image\/jpeg\" \/>\n<meta name=\"author\" content=\"Gestor Web\" \/>\n<meta name=\"twitter:card\" content=\"summary_large_image\" \/>\n<meta name=\"twitter:creator\" content=\"@GranadaSDB\" \/>\n<meta name=\"twitter:site\" content=\"@GranadaSDB\" \/>\n<meta name=\"twitter:label1\" content=\"Escrito por\" \/>\n\t<meta name=\"twitter:data1\" content=\"Gestor Web\" \/>\n\t<meta name=\"twitter:label2\" content=\"Tiempo de lectura\" \/>\n\t<meta name=\"twitter:data2\" content=\"3 minutos\" \/>\n<script type=\"application\/ld+json\" class=\"yoast-schema-graph\">{\"@context\":\"https:\\\/\\\/schema.org\",\"@graph\":[{\"@type\":\"Article\",\"@id\":\"https:\\\/\\\/granada.salesianos.edu\\\/colegio\\\/blog\\\/2edicionpremiosguzman\\\/#article\",\"isPartOf\":{\"@id\":\"https:\\\/\\\/granada.salesianos.edu\\\/colegio\\\/blog\\\/2edicionpremiosguzman\\\/\"},\"author\":{\"name\":\"Gestor Web\",\"@id\":\"https:\\\/\\\/granada.salesianos.edu\\\/colegio\\\/#\\\/schema\\\/person\\\/6392ff2e4bd1e66981d6eab734bbd962\"},\"headline\":\"2\u00ba Edici\u00f3n Premios Don Francisco Guzm\u00e1n\",\"datePublished\":\"2024-01-25T22:57:01+00:00\",\"dateModified\":\"2024-02-02T09:00:26+00:00\",\"mainEntityOfPage\":{\"@id\":\"https:\\\/\\\/granada.salesianos.edu\\\/colegio\\\/blog\\\/2edicionpremiosguzman\\\/\"},\"wordCount\":814,\"commentCount\":0,\"publisher\":{\"@id\":\"https:\\\/\\\/granada.salesianos.edu\\\/colegio\\\/#organization\"},\"image\":{\"@id\":\"https:\\\/\\\/granada.salesianos.edu\\\/colegio\\\/blog\\\/2edicionpremiosguzman\\\/#primaryimage\"},\"thumbnailUrl\":\"https:\\\/\\\/granada.salesianos.edu\\\/colegio\\\/wp-content\\\/uploads\\\/sites\\\/2\\\/2024\\\/01\\\/WhatsApp-Image-2024-01-25-at-22.51.47.jpeg\",\"articleSection\":[\"Colegio\",\"Imagen y Sonido\"],\"inLanguage\":\"es\",\"potentialAction\":[{\"@type\":\"CommentAction\",\"name\":\"Comment\",\"target\":[\"https:\\\/\\\/granada.salesianos.edu\\\/colegio\\\/blog\\\/2edicionpremiosguzman\\\/#respond\"]}]},{\"@type\":\"WebPage\",\"@id\":\"https:\\\/\\\/granada.salesianos.edu\\\/colegio\\\/blog\\\/2edicionpremiosguzman\\\/\",\"url\":\"https:\\\/\\\/granada.salesianos.edu\\\/colegio\\\/blog\\\/2edicionpremiosguzman\\\/\",\"name\":\"2\u00ba Edici\u00f3n Premios Don Francisco Guzm\u00e1n - Colegio Salesiano\",\"isPartOf\":{\"@id\":\"https:\\\/\\\/granada.salesianos.edu\\\/colegio\\\/#website\"},\"primaryImageOfPage\":{\"@id\":\"https:\\\/\\\/granada.salesianos.edu\\\/colegio\\\/blog\\\/2edicionpremiosguzman\\\/#primaryimage\"},\"image\":{\"@id\":\"https:\\\/\\\/granada.salesianos.edu\\\/colegio\\\/blog\\\/2edicionpremiosguzman\\\/#primaryimage\"},\"thumbnailUrl\":\"https:\\\/\\\/granada.salesianos.edu\\\/colegio\\\/wp-content\\\/uploads\\\/sites\\\/2\\\/2024\\\/01\\\/WhatsApp-Image-2024-01-25-at-22.51.47.jpeg\",\"datePublished\":\"2024-01-25T22:57:01+00:00\",\"dateModified\":\"2024-02-02T09:00:26+00:00\",\"description\":\"Los alumnos de 4\u00baESO visitan las instalaciones de este centro de investigaci\u00f3n de enfermedades gen\u00e9ticas ubicado en Granada.\",\"breadcrumb\":{\"@id\":\"https:\\\/\\\/granada.salesianos.edu\\\/colegio\\\/blog\\\/2edicionpremiosguzman\\\/#breadcrumb\"},\"inLanguage\":\"es\",\"potentialAction\":[{\"@type\":\"ReadAction\",\"target\":[\"https:\\\/\\\/granada.salesianos.edu\\\/colegio\\\/blog\\\/2edicionpremiosguzman\\\/\"]}]},{\"@type\":\"ImageObject\",\"inLanguage\":\"es\",\"@id\":\"https:\\\/\\\/granada.salesianos.edu\\\/colegio\\\/blog\\\/2edicionpremiosguzman\\\/#primaryimage\",\"url\":\"https:\\\/\\\/granada.salesianos.edu\\\/colegio\\\/wp-content\\\/uploads\\\/sites\\\/2\\\/2024\\\/01\\\/WhatsApp-Image-2024-01-25-at-22.51.47.jpeg\",\"contentUrl\":\"https:\\\/\\\/granada.salesianos.edu\\\/colegio\\\/wp-content\\\/uploads\\\/sites\\\/2\\\/2024\\\/01\\\/WhatsApp-Image-2024-01-25-at-22.51.47.jpeg\",\"width\":1600,\"height\":1068},{\"@type\":\"BreadcrumbList\",\"@id\":\"https:\\\/\\\/granada.salesianos.edu\\\/colegio\\\/blog\\\/2edicionpremiosguzman\\\/#breadcrumb\",\"itemListElement\":[{\"@type\":\"ListItem\",\"position\":1,\"name\":\"Portada\",\"item\":\"https:\\\/\\\/granada.salesianos.edu\\\/colegio\\\/\"},{\"@type\":\"ListItem\",\"position\":2,\"name\":\"2\u00ba Edici\u00f3n Premios Don Francisco Guzm\u00e1n\"}]},{\"@type\":\"WebSite\",\"@id\":\"https:\\\/\\\/granada.salesianos.edu\\\/colegio\\\/#website\",\"url\":\"https:\\\/\\\/granada.salesianos.edu\\\/colegio\\\/\",\"name\":\"Colegio Salesiano\",\"description\":\"P\u00e1gina oficial de Salesianos Granada San Juan Bosco\",\"publisher\":{\"@id\":\"https:\\\/\\\/granada.salesianos.edu\\\/colegio\\\/#organization\"},\"potentialAction\":[{\"@type\":\"SearchAction\",\"target\":{\"@type\":\"EntryPoint\",\"urlTemplate\":\"https:\\\/\\\/granada.salesianos.edu\\\/colegio\\\/?s={search_term_string}\"},\"query-input\":{\"@type\":\"PropertyValueSpecification\",\"valueRequired\":true,\"valueName\":\"search_term_string\"}}],\"inLanguage\":\"es\"},{\"@type\":\"Organization\",\"@id\":\"https:\\\/\\\/granada.salesianos.edu\\\/colegio\\\/#organization\",\"name\":\"Colegio Salesiano San Juan Bosco Granada\",\"url\":\"https:\\\/\\\/granada.salesianos.edu\\\/colegio\\\/\",\"logo\":{\"@type\":\"ImageObject\",\"inLanguage\":\"es\",\"@id\":\"https:\\\/\\\/granada.salesianos.edu\\\/colegio\\\/#\\\/schema\\\/logo\\\/image\\\/\",\"url\":\"https:\\\/\\\/granada.salesianos.edu\\\/colegio\\\/wp-content\\\/uploads\\\/sites\\\/2\\\/2021\\\/01\\\/GRANADAobraVN2.jpg\",\"contentUrl\":\"https:\\\/\\\/granada.salesianos.edu\\\/colegio\\\/wp-content\\\/uploads\\\/sites\\\/2\\\/2021\\\/01\\\/GRANADAobraVN2.jpg\",\"width\":2113,\"height\":1894,\"caption\":\"Colegio Salesiano San Juan Bosco Granada\"},\"image\":{\"@id\":\"https:\\\/\\\/granada.salesianos.edu\\\/colegio\\\/#\\\/schema\\\/logo\\\/image\\\/\"},\"sameAs\":[\"https:\\\/\\\/www.facebook.com\\\/SalesianosGR\\\/\",\"https:\\\/\\\/x.com\\\/GranadaSDB\",\"https:\\\/\\\/www.instagram.com\\\/salesianosgranada\\\/\",\"https:\\\/\\\/www.youtube.com\\\/channel\\\/UChkpZuhCf4Y5rYIcFT3CNxw?view_as=subscriber\"]},{\"@type\":\"Person\",\"@id\":\"https:\\\/\\\/granada.salesianos.edu\\\/colegio\\\/#\\\/schema\\\/person\\\/6392ff2e4bd1e66981d6eab734bbd962\",\"name\":\"Gestor Web\",\"image\":{\"@type\":\"ImageObject\",\"inLanguage\":\"es\",\"@id\":\"https:\\\/\\\/secure.gravatar.com\\\/avatar\\\/160666bb56a01520857079961a824af2b7821d6bad80677c80f2b473fceead1b?s=96&d=mm&r=g\",\"url\":\"https:\\\/\\\/secure.gravatar.com\\\/avatar\\\/160666bb56a01520857079961a824af2b7821d6bad80677c80f2b473fceead1b?s=96&d=mm&r=g\",\"contentUrl\":\"https:\\\/\\\/secure.gravatar.com\\\/avatar\\\/160666bb56a01520857079961a824af2b7821d6bad80677c80f2b473fceead1b?s=96&d=mm&r=g\",\"caption\":\"Gestor Web\"}}]}<\/script>\n<!-- \/ Yoast SEO plugin. -->","yoast_head_json":{"title":"2\u00ba Edici\u00f3n Premios Don Francisco Guzm\u00e1n - Colegio Salesiano","description":"Los alumnos de 4\u00baESO visitan las instalaciones de este centro de investigaci\u00f3n de enfermedades gen\u00e9ticas ubicado en Granada.","robots":{"index":"index","follow":"follow","max-snippet":"max-snippet:-1","max-image-preview":"max-image-preview:large","max-video-preview":"max-video-preview:-1"},"canonical":"https:\/\/granada.salesianos.edu\/colegio\/blog\/2edicionpremiosguzman\/","og_locale":"es_ES","og_type":"article","og_title":"2\u00ba Edici\u00f3n Premios Don Francisco Guzm\u00e1n - Colegio Salesiano","og_description":"Los alumnos de 4\u00baESO visitan las instalaciones de este centro de investigaci\u00f3n de enfermedades gen\u00e9ticas ubicado en Granada.","og_url":"https:\/\/granada.salesianos.edu\/colegio\/blog\/2edicionpremiosguzman\/","og_site_name":"Colegio Salesiano","article_publisher":"https:\/\/www.facebook.com\/SalesianosGR\/","article_published_time":"2024-01-25T22:57:01+00:00","article_modified_time":"2024-02-02T09:00:26+00:00","og_image":[{"width":1600,"height":1068,"url":"https:\/\/granada.salesianos.edu\/colegio\/wp-content\/uploads\/sites\/2\/2024\/01\/WhatsApp-Image-2024-01-25-at-22.51.47.jpeg","type":"image\/jpeg"}],"author":"Gestor Web","twitter_card":"summary_large_image","twitter_creator":"@GranadaSDB","twitter_site":"@GranadaSDB","twitter_misc":{"Escrito por":"Gestor Web","Tiempo de lectura":"3 minutos"},"schema":{"@context":"https:\/\/schema.org","@graph":[{"@type":"Article","@id":"https:\/\/granada.salesianos.edu\/colegio\/blog\/2edicionpremiosguzman\/#article","isPartOf":{"@id":"https:\/\/granada.salesianos.edu\/colegio\/blog\/2edicionpremiosguzman\/"},"author":{"name":"Gestor Web","@id":"https:\/\/granada.salesianos.edu\/colegio\/#\/schema\/person\/6392ff2e4bd1e66981d6eab734bbd962"},"headline":"2\u00ba Edici\u00f3n Premios Don Francisco Guzm\u00e1n","datePublished":"2024-01-25T22:57:01+00:00","dateModified":"2024-02-02T09:00:26+00:00","mainEntityOfPage":{"@id":"https:\/\/granada.salesianos.edu\/colegio\/blog\/2edicionpremiosguzman\/"},"wordCount":814,"commentCount":0,"publisher":{"@id":"https:\/\/granada.salesianos.edu\/colegio\/#organization"},"image":{"@id":"https:\/\/granada.salesianos.edu\/colegio\/blog\/2edicionpremiosguzman\/#primaryimage"},"thumbnailUrl":"https:\/\/granada.salesianos.edu\/colegio\/wp-content\/uploads\/sites\/2\/2024\/01\/WhatsApp-Image-2024-01-25-at-22.51.47.jpeg","articleSection":["Colegio","Imagen y Sonido"],"inLanguage":"es","potentialAction":[{"@type":"CommentAction","name":"Comment","target":["https:\/\/granada.salesianos.edu\/colegio\/blog\/2edicionpremiosguzman\/#respond"]}]},{"@type":"WebPage","@id":"https:\/\/granada.salesianos.edu\/colegio\/blog\/2edicionpremiosguzman\/","url":"https:\/\/granada.salesianos.edu\/colegio\/blog\/2edicionpremiosguzman\/","name":"2\u00ba Edici\u00f3n Premios Don Francisco Guzm\u00e1n - Colegio Salesiano","isPartOf":{"@id":"https:\/\/granada.salesianos.edu\/colegio\/#website"},"primaryImageOfPage":{"@id":"https:\/\/granada.salesianos.edu\/colegio\/blog\/2edicionpremiosguzman\/#primaryimage"},"image":{"@id":"https:\/\/granada.salesianos.edu\/colegio\/blog\/2edicionpremiosguzman\/#primaryimage"},"thumbnailUrl":"https:\/\/granada.salesianos.edu\/colegio\/wp-content\/uploads\/sites\/2\/2024\/01\/WhatsApp-Image-2024-01-25-at-22.51.47.jpeg","datePublished":"2024-01-25T22:57:01+00:00","dateModified":"2024-02-02T09:00:26+00:00","description":"Los alumnos de 4\u00baESO visitan las instalaciones de este centro de investigaci\u00f3n de enfermedades gen\u00e9ticas ubicado en Granada.","breadcrumb":{"@id":"https:\/\/granada.salesianos.edu\/colegio\/blog\/2edicionpremiosguzman\/#breadcrumb"},"inLanguage":"es","potentialAction":[{"@type":"ReadAction","target":["https:\/\/granada.salesianos.edu\/colegio\/blog\/2edicionpremiosguzman\/"]}]},{"@type":"ImageObject","inLanguage":"es","@id":"https:\/\/granada.salesianos.edu\/colegio\/blog\/2edicionpremiosguzman\/#primaryimage","url":"https:\/\/granada.salesianos.edu\/colegio\/wp-content\/uploads\/sites\/2\/2024\/01\/WhatsApp-Image-2024-01-25-at-22.51.47.jpeg","contentUrl":"https:\/\/granada.salesianos.edu\/colegio\/wp-content\/uploads\/sites\/2\/2024\/01\/WhatsApp-Image-2024-01-25-at-22.51.47.jpeg","width":1600,"height":1068},{"@type":"BreadcrumbList","@id":"https:\/\/granada.salesianos.edu\/colegio\/blog\/2edicionpremiosguzman\/#breadcrumb","itemListElement":[{"@type":"ListItem","position":1,"name":"Portada","item":"https:\/\/granada.salesianos.edu\/colegio\/"},{"@type":"ListItem","position":2,"name":"2\u00ba Edici\u00f3n Premios Don Francisco Guzm\u00e1n"}]},{"@type":"WebSite","@id":"https:\/\/granada.salesianos.edu\/colegio\/#website","url":"https:\/\/granada.salesianos.edu\/colegio\/","name":"Colegio Salesiano","description":"P\u00e1gina oficial de Salesianos Granada San Juan Bosco","publisher":{"@id":"https:\/\/granada.salesianos.edu\/colegio\/#organization"},"potentialAction":[{"@type":"SearchAction","target":{"@type":"EntryPoint","urlTemplate":"https:\/\/granada.salesianos.edu\/colegio\/?s={search_term_string}"},"query-input":{"@type":"PropertyValueSpecification","valueRequired":true,"valueName":"search_term_string"}}],"inLanguage":"es"},{"@type":"Organization","@id":"https:\/\/granada.salesianos.edu\/colegio\/#organization","name":"Colegio Salesiano San Juan Bosco Granada","url":"https:\/\/granada.salesianos.edu\/colegio\/","logo":{"@type":"ImageObject","inLanguage":"es","@id":"https:\/\/granada.salesianos.edu\/colegio\/#\/schema\/logo\/image\/","url":"https:\/\/granada.salesianos.edu\/colegio\/wp-content\/uploads\/sites\/2\/2021\/01\/GRANADAobraVN2.jpg","contentUrl":"https:\/\/granada.salesianos.edu\/colegio\/wp-content\/uploads\/sites\/2\/2021\/01\/GRANADAobraVN2.jpg","width":2113,"height":1894,"caption":"Colegio Salesiano San Juan Bosco Granada"},"image":{"@id":"https:\/\/granada.salesianos.edu\/colegio\/#\/schema\/logo\/image\/"},"sameAs":["https:\/\/www.facebook.com\/SalesianosGR\/","https:\/\/x.com\/GranadaSDB","https:\/\/www.instagram.com\/salesianosgranada\/","https:\/\/www.youtube.com\/channel\/UChkpZuhCf4Y5rYIcFT3CNxw?view_as=subscriber"]},{"@type":"Person","@id":"https:\/\/granada.salesianos.edu\/colegio\/#\/schema\/person\/6392ff2e4bd1e66981d6eab734bbd962","name":"Gestor Web","image":{"@type":"ImageObject","inLanguage":"es","@id":"https:\/\/secure.gravatar.com\/avatar\/160666bb56a01520857079961a824af2b7821d6bad80677c80f2b473fceead1b?s=96&d=mm&r=g","url":"https:\/\/secure.gravatar.com\/avatar\/160666bb56a01520857079961a824af2b7821d6bad80677c80f2b473fceead1b?s=96&d=mm&r=g","contentUrl":"https:\/\/secure.gravatar.com\/avatar\/160666bb56a01520857079961a824af2b7821d6bad80677c80f2b473fceead1b?s=96&d=mm&r=g","caption":"Gestor Web"}}]}},"_links":{"self":[{"href":"https:\/\/granada.salesianos.edu\/colegio\/wp-json\/wp\/v2\/posts\/18361","targetHints":{"allow":["GET"]}}],"collection":[{"href":"https:\/\/granada.salesianos.edu\/colegio\/wp-json\/wp\/v2\/posts"}],"about":[{"href":"https:\/\/granada.salesianos.edu\/colegio\/wp-json\/wp\/v2\/types\/post"}],"author":[{"embeddable":true,"href":"https:\/\/granada.salesianos.edu\/colegio\/wp-json\/wp\/v2\/users\/2"}],"replies":[{"embeddable":true,"href":"https:\/\/granada.salesianos.edu\/colegio\/wp-json\/wp\/v2\/comments?post=18361"}],"version-history":[{"count":4,"href":"https:\/\/granada.salesianos.edu\/colegio\/wp-json\/wp\/v2\/posts\/18361\/revisions"}],"predecessor-version":[{"id":18386,"href":"https:\/\/granada.salesianos.edu\/colegio\/wp-json\/wp\/v2\/posts\/18361\/revisions\/18386"}],"wp:featuredmedia":[{"embeddable":true,"href":"https:\/\/granada.salesianos.edu\/colegio\/wp-json\/wp\/v2\/media\/18362"}],"wp:attachment":[{"href":"https:\/\/granada.salesianos.edu\/colegio\/wp-json\/wp\/v2\/media?parent=18361"}],"wp:term":[{"taxonomy":"category","embeddable":true,"href":"https:\/\/granada.salesianos.edu\/colegio\/wp-json\/wp\/v2\/categories?post=18361"},{"taxonomy":"post_tag","embeddable":true,"href":"https:\/\/granada.salesianos.edu\/colegio\/wp-json\/wp\/v2\/tags?post=18361"}],"curies":[{"name":"wp","href":"https:\/\/api.w.org\/{rel}","templated":true}]}}