{"id":18402,"date":"2024-02-16T19:24:14","date_gmt":"2024-02-16T17:24:14","guid":{"rendered":"https:\/\/granada.salesianos.edu\/colegio\/?p=18402"},"modified":"2024-02-16T19:24:20","modified_gmt":"2024-02-16T17:24:20","slug":"premio-los-cokitos-para-educacion-infantil","status":"publish","type":"post","link":"https:\/\/granada.salesianos.edu\/colegio\/blog\/premio-los-cokitos-para-educacion-infantil\/","title":{"rendered":"Premio \u00abLos Cokitos\u00bb para Educaci\u00f3n Infantil"},"content":{"rendered":"<div id=\"fb-root\"><\/div>\n<p>[et_pb_section fb_built=\u00bb1&#8243; admin_label=\u00bbsection\u00bb _builder_version=\u00bb4.18.0&#8243; global_colors_info=\u00bb{}\u00bb][et_pb_row _builder_version=\u00bb4.18.0&#8243; _module_preset=\u00bbdefault\u00bb global_colors_info=\u00bb{}\u00bb][et_pb_column type=\u00bb4_4&#8243; _builder_version=\u00bb4.18.0&#8243; _module_preset=\u00bbdefault\u00bb global_colors_info=\u00bb{}\u00bb][et_pb_text admin_label=\u00bbEntradilla (Texto)\u00bb _builder_version=\u00bb4.23.1&#8243; text_font=\u00bb|on|||\u00bb text_orientation=\u00bbjustified\u00bb global_colors_info=\u00bb{}\u00bb][\/et_pb_text][et_pb_text admin_label=\u00bbDesarrollo (Texto)\u00bb _builder_version=\u00bb4.23.1&#8243; text_orientation=\u00bbjustified\u00bb custom_margin=\u00bb||||false|false\u00bb custom_padding=\u00bb||||false|false\u00bb global_colors_info=\u00bb{}\u00bb]<\/p>\n<p><span style=\"font-weight: 400;\">Hoy <\/span><span style=\"font-weight: 400;\">ha sido un d\u00eda extraordinario en nuestro cole ya que hemos sido galardonados con el premio \u201cLos Cokitos\u00bb. Este reconocimiento es el resultado de la participaci\u00f3n entusiasta y creativa de nuestros alumnos en los desaf\u00edos propuestos por el libro \u00abGrande, Grande como un Gigante\u00bb.<\/span><\/p>\n<p><span style=\"font-weight: 400;\">Desde recitar todos juntos la poes\u00eda del oto\u00f1o hasta la canci\u00f3n final, nuestros estudiantes se sumergieron con entusiasmo en una serie de desaf\u00edos que no solo estimularon su creatividad, sino que tambi\u00e9n fomentaron el trabajo en equipo y el aprendizaje significativo.<\/span><\/p>\n<p><span style=\"font-weight: 400;\">El recorrido comenz\u00f3 con el desaf\u00edo de la poes\u00eda del oto\u00f1o con Greta, donde nuestros peques expresaron su creatividad al m\u00e1ximo. Luego, Patinete nos ense\u00f1\u00f3 a hacer trufas que no solo saciaron su apetito, sino que tambi\u00e9n sirvieron como una oportunidad para aprender sobre la importancia del trabajo en equipo.<\/span><\/p>\n<p><span style=\"font-weight: 400;\">La magia continu\u00f3 con un emocionante experimento con Pi, que no solo desafiaba la mente de nuestros estudiantes, sino que tambi\u00e9n les mostraba el lado divertido de la ciencia. Las emociones se exploraron a fondo con Alma, con Leo realizamos los mejores adornos de Navidad que adornaron nuestras clases. Representamos la funci\u00f3n de Navidad con entusiasmo y con la ayuda de Estrella, nos inmortalizamos con retratos de Frida y cerramos la jornada con una melodiosa canci\u00f3n que resonar\u00e1 en nuestros corazones con nuestro amigo Tango. Cada uno de los personajes de Los Cokitos nos han ayudado a superar los retos.<\/span><\/p>\n<p><span style=\"font-weight: 400;\">Queremos expresar nuestro agradecimiento a Elisa Reyes y Mar\u00eda por su generosidad al premiarnos y por compartir su magia con nosotros. Su presencia y dedicaci\u00f3n hicieron que la jornada fuera a\u00fan m\u00e1s especial. Tambi\u00e9n agradecemos a las familias por su invalorable apoyo, a las se\u00f1os por su incansable ilusi\u00f3n y, por supuesto, a nuestros queridos peque\u00f1os, porque con ellos, cualquier desaf\u00edo se convierte en una aventura llena de magia.<\/span><\/p>\n<p><span style=\"font-weight: 400;\">\u00a1Enhorabuena a todos por este logro excepcional y a seguir creando magia juntos!<\/span><\/p>\n<p>&nbsp;<\/p>\n<p>[\/et_pb_text][\/et_pb_column][\/et_pb_row][et_pb_row _builder_version=\u00bb4.23.1&#8243; _module_preset=\u00bbdefault\u00bb global_colors_info=\u00bb{}\u00bb][et_pb_column type=\u00bb4_4&#8243; _builder_version=\u00bb4.23.1&#8243; _module_preset=\u00bbdefault\u00bb global_colors_info=\u00bb{}\u00bb][et_pb_gallery gallery_ids=\u00bb65331,65332,65333,65334,65335,65336,65337,65338,65339,65340,65341,65342,65343,65344,65345,65346,65347,65348,65349,65350,65351&#8243; show_title_and_caption=\u00bboff\u00bb _builder_version=\u00bb4.23.1&#8243; _module_preset=\u00bbdefault\u00bb global_colors_info=\u00bb{}\u00bb][\/et_pb_gallery][et_pb_gallery _builder_version=\u00bb4.23.1&#8243; _module_preset=\u00bbdefault\u00bb gallery_ids=\u00bb18405,18406,18407,18408,18409,18410,18411,18412,18413,18414,18415,18416,18417,18418,18419,18420,18421,18422,18423,18424,18425&#8243; show_title_and_caption=\u00bboff\u00bb hover_enabled=\u00bb0&#8243; sticky_enabled=\u00bb0&#8243;][\/et_pb_gallery][\/et_pb_column][\/et_pb_row][\/et_pb_section]<\/p>\n","protected":false},"excerpt":{"rendered":"<p>Hoy ha sido un d\u00eda extraordinario en nuestro cole ya que hemos sido galardonados con el premio \u201cLos Cokitos\u00bb.<\/p>\n","protected":false},"author":2,"featured_media":18403,"comment_status":"open","ping_status":"open","sticky":false,"template":"","format":"standard","meta":{"_et_pb_use_builder":"on","_et_pb_old_content":"","_et_gb_content_width":"","footnotes":""},"categories":[11,26],"tags":[],"class_list":["post-18402","post","type-post","status-publish","format-standard","has-post-thumbnail","hentry","category-colegio","category-infantil"],"yoast_head":"<!-- This site is optimized with the Yoast SEO plugin v28.4 - https:\/\/yoast.com\/product\/yoast-seo-wordpress\/ -->\n<title>Premio \u00abLos Cokitos\u00bb para Educaci\u00f3n Infantil - Colegio Salesiano<\/title>\n<meta name=\"description\" content=\"Los alumnos de 4\u00baESO visitan las instalaciones de este centro de investigaci\u00f3n de enfermedades gen\u00e9ticas ubicado en Granada.\" \/>\n<meta name=\"robots\" content=\"index, follow, max-snippet:-1, max-image-preview:large, max-video-preview:-1\" \/>\n<link rel=\"canonical\" href=\"https:\/\/granada.salesianos.edu\/colegio\/blog\/premio-los-cokitos-para-educacion-infantil\/\" \/>\n<meta property=\"og:locale\" content=\"es_ES\" \/>\n<meta property=\"og:type\" content=\"article\" \/>\n<meta property=\"og:title\" content=\"Premio \u00abLos Cokitos\u00bb para Educaci\u00f3n Infantil - Colegio Salesiano\" \/>\n<meta property=\"og:description\" content=\"Los alumnos de 4\u00baESO visitan las instalaciones de este centro de investigaci\u00f3n de enfermedades gen\u00e9ticas ubicado en Granada.\" \/>\n<meta property=\"og:url\" content=\"https:\/\/granada.salesianos.edu\/colegio\/blog\/premio-los-cokitos-para-educacion-infantil\/\" \/>\n<meta property=\"og:site_name\" content=\"Colegio Salesiano\" \/>\n<meta property=\"article:publisher\" content=\"https:\/\/www.facebook.com\/SalesianosGR\/\" \/>\n<meta property=\"article:published_time\" content=\"2024-02-16T17:24:14+00:00\" \/>\n<meta property=\"article:modified_time\" content=\"2024-02-16T17:24:20+00:00\" \/>\n<meta property=\"og:image\" content=\"https:\/\/granada.salesianos.edu\/colegio\/wp-content\/uploads\/sites\/2\/2024\/02\/P1250617-scaled.jpg\" \/>\n\t<meta property=\"og:image:width\" content=\"2560\" \/>\n\t<meta property=\"og:image:height\" content=\"1922\" \/>\n\t<meta property=\"og:image:type\" content=\"image\/jpeg\" \/>\n<meta name=\"author\" content=\"Gestor Web\" \/>\n<meta name=\"twitter:card\" content=\"summary_large_image\" \/>\n<meta name=\"twitter:creator\" content=\"@GranadaSDB\" \/>\n<meta name=\"twitter:site\" content=\"@GranadaSDB\" \/>\n<meta name=\"twitter:label1\" content=\"Escrito por\" \/>\n\t<meta name=\"twitter:data1\" content=\"Gestor Web\" \/>\n\t<meta name=\"twitter:label2\" content=\"Tiempo de lectura\" \/>\n\t<meta name=\"twitter:data2\" content=\"3 minutos\" \/>\n<script type=\"application\/ld+json\" class=\"yoast-schema-graph\">{\"@context\":\"https:\\\/\\\/schema.org\",\"@graph\":[{\"@type\":\"Article\",\"@id\":\"https:\\\/\\\/granada.salesianos.edu\\\/colegio\\\/blog\\\/premio-los-cokitos-para-educacion-infantil\\\/#article\",\"isPartOf\":{\"@id\":\"https:\\\/\\\/granada.salesianos.edu\\\/colegio\\\/blog\\\/premio-los-cokitos-para-educacion-infantil\\\/\"},\"author\":{\"name\":\"Gestor Web\",\"@id\":\"https:\\\/\\\/granada.salesianos.edu\\\/colegio\\\/#\\\/schema\\\/person\\\/6392ff2e4bd1e66981d6eab734bbd962\"},\"headline\":\"Premio \u00abLos Cokitos\u00bb para Educaci\u00f3n Infantil\",\"datePublished\":\"2024-02-16T17:24:14+00:00\",\"dateModified\":\"2024-02-16T17:24:20+00:00\",\"mainEntityOfPage\":{\"@id\":\"https:\\\/\\\/granada.salesianos.edu\\\/colegio\\\/blog\\\/premio-los-cokitos-para-educacion-infantil\\\/\"},\"wordCount\":515,\"commentCount\":0,\"publisher\":{\"@id\":\"https:\\\/\\\/granada.salesianos.edu\\\/colegio\\\/#organization\"},\"image\":{\"@id\":\"https:\\\/\\\/granada.salesianos.edu\\\/colegio\\\/blog\\\/premio-los-cokitos-para-educacion-infantil\\\/#primaryimage\"},\"thumbnailUrl\":\"https:\\\/\\\/granada.salesianos.edu\\\/colegio\\\/wp-content\\\/uploads\\\/sites\\\/2\\\/2024\\\/02\\\/P1250617-scaled.jpg\",\"articleSection\":[\"Colegio\",\"Infantil\"],\"inLanguage\":\"es\",\"potentialAction\":[{\"@type\":\"CommentAction\",\"name\":\"Comment\",\"target\":[\"https:\\\/\\\/granada.salesianos.edu\\\/colegio\\\/blog\\\/premio-los-cokitos-para-educacion-infantil\\\/#respond\"]}]},{\"@type\":\"WebPage\",\"@id\":\"https:\\\/\\\/granada.salesianos.edu\\\/colegio\\\/blog\\\/premio-los-cokitos-para-educacion-infantil\\\/\",\"url\":\"https:\\\/\\\/granada.salesianos.edu\\\/colegio\\\/blog\\\/premio-los-cokitos-para-educacion-infantil\\\/\",\"name\":\"Premio \u00abLos Cokitos\u00bb para Educaci\u00f3n Infantil - Colegio Salesiano\",\"isPartOf\":{\"@id\":\"https:\\\/\\\/granada.salesianos.edu\\\/colegio\\\/#website\"},\"primaryImageOfPage\":{\"@id\":\"https:\\\/\\\/granada.salesianos.edu\\\/colegio\\\/blog\\\/premio-los-cokitos-para-educacion-infantil\\\/#primaryimage\"},\"image\":{\"@id\":\"https:\\\/\\\/granada.salesianos.edu\\\/colegio\\\/blog\\\/premio-los-cokitos-para-educacion-infantil\\\/#primaryimage\"},\"thumbnailUrl\":\"https:\\\/\\\/granada.salesianos.edu\\\/colegio\\\/wp-content\\\/uploads\\\/sites\\\/2\\\/2024\\\/02\\\/P1250617-scaled.jpg\",\"datePublished\":\"2024-02-16T17:24:14+00:00\",\"dateModified\":\"2024-02-16T17:24:20+00:00\",\"description\":\"Los alumnos de 4\u00baESO visitan las instalaciones de este centro de investigaci\u00f3n de enfermedades gen\u00e9ticas ubicado en Granada.\",\"breadcrumb\":{\"@id\":\"https:\\\/\\\/granada.salesianos.edu\\\/colegio\\\/blog\\\/premio-los-cokitos-para-educacion-infantil\\\/#breadcrumb\"},\"inLanguage\":\"es\",\"potentialAction\":[{\"@type\":\"ReadAction\",\"target\":[\"https:\\\/\\\/granada.salesianos.edu\\\/colegio\\\/blog\\\/premio-los-cokitos-para-educacion-infantil\\\/\"]}]},{\"@type\":\"ImageObject\",\"inLanguage\":\"es\",\"@id\":\"https:\\\/\\\/granada.salesianos.edu\\\/colegio\\\/blog\\\/premio-los-cokitos-para-educacion-infantil\\\/#primaryimage\",\"url\":\"https:\\\/\\\/granada.salesianos.edu\\\/colegio\\\/wp-content\\\/uploads\\\/sites\\\/2\\\/2024\\\/02\\\/P1250617-scaled.jpg\",\"contentUrl\":\"https:\\\/\\\/granada.salesianos.edu\\\/colegio\\\/wp-content\\\/uploads\\\/sites\\\/2\\\/2024\\\/02\\\/P1250617-scaled.jpg\",\"width\":2560,\"height\":1922},{\"@type\":\"BreadcrumbList\",\"@id\":\"https:\\\/\\\/granada.salesianos.edu\\\/colegio\\\/blog\\\/premio-los-cokitos-para-educacion-infantil\\\/#breadcrumb\",\"itemListElement\":[{\"@type\":\"ListItem\",\"position\":1,\"name\":\"Portada\",\"item\":\"https:\\\/\\\/granada.salesianos.edu\\\/colegio\\\/\"},{\"@type\":\"ListItem\",\"position\":2,\"name\":\"Premio \u00abLos Cokitos\u00bb para Educaci\u00f3n Infantil\"}]},{\"@type\":\"WebSite\",\"@id\":\"https:\\\/\\\/granada.salesianos.edu\\\/colegio\\\/#website\",\"url\":\"https:\\\/\\\/granada.salesianos.edu\\\/colegio\\\/\",\"name\":\"Colegio Salesiano\",\"description\":\"P\u00e1gina oficial de Salesianos Granada San Juan Bosco\",\"publisher\":{\"@id\":\"https:\\\/\\\/granada.salesianos.edu\\\/colegio\\\/#organization\"},\"potentialAction\":[{\"@type\":\"SearchAction\",\"target\":{\"@type\":\"EntryPoint\",\"urlTemplate\":\"https:\\\/\\\/granada.salesianos.edu\\\/colegio\\\/?s={search_term_string}\"},\"query-input\":{\"@type\":\"PropertyValueSpecification\",\"valueRequired\":true,\"valueName\":\"search_term_string\"}}],\"inLanguage\":\"es\"},{\"@type\":\"Organization\",\"@id\":\"https:\\\/\\\/granada.salesianos.edu\\\/colegio\\\/#organization\",\"name\":\"Colegio Salesiano San Juan Bosco Granada\",\"url\":\"https:\\\/\\\/granada.salesianos.edu\\\/colegio\\\/\",\"logo\":{\"@type\":\"ImageObject\",\"inLanguage\":\"es\",\"@id\":\"https:\\\/\\\/granada.salesianos.edu\\\/colegio\\\/#\\\/schema\\\/logo\\\/image\\\/\",\"url\":\"https:\\\/\\\/granada.salesianos.edu\\\/colegio\\\/wp-content\\\/uploads\\\/sites\\\/2\\\/2021\\\/01\\\/GRANADAobraVN2.jpg\",\"contentUrl\":\"https:\\\/\\\/granada.salesianos.edu\\\/colegio\\\/wp-content\\\/uploads\\\/sites\\\/2\\\/2021\\\/01\\\/GRANADAobraVN2.jpg\",\"width\":2113,\"height\":1894,\"caption\":\"Colegio Salesiano San Juan Bosco Granada\"},\"image\":{\"@id\":\"https:\\\/\\\/granada.salesianos.edu\\\/colegio\\\/#\\\/schema\\\/logo\\\/image\\\/\"},\"sameAs\":[\"https:\\\/\\\/www.facebook.com\\\/SalesianosGR\\\/\",\"https:\\\/\\\/x.com\\\/GranadaSDB\",\"https:\\\/\\\/www.instagram.com\\\/salesianosgranada\\\/\",\"https:\\\/\\\/www.youtube.com\\\/channel\\\/UChkpZuhCf4Y5rYIcFT3CNxw?view_as=subscriber\"]},{\"@type\":\"Person\",\"@id\":\"https:\\\/\\\/granada.salesianos.edu\\\/colegio\\\/#\\\/schema\\\/person\\\/6392ff2e4bd1e66981d6eab734bbd962\",\"name\":\"Gestor Web\",\"image\":{\"@type\":\"ImageObject\",\"inLanguage\":\"es\",\"@id\":\"https:\\\/\\\/secure.gravatar.com\\\/avatar\\\/160666bb56a01520857079961a824af2b7821d6bad80677c80f2b473fceead1b?s=96&d=mm&r=g\",\"url\":\"https:\\\/\\\/secure.gravatar.com\\\/avatar\\\/160666bb56a01520857079961a824af2b7821d6bad80677c80f2b473fceead1b?s=96&d=mm&r=g\",\"contentUrl\":\"https:\\\/\\\/secure.gravatar.com\\\/avatar\\\/160666bb56a01520857079961a824af2b7821d6bad80677c80f2b473fceead1b?s=96&d=mm&r=g\",\"caption\":\"Gestor Web\"}}]}<\/script>\n<!-- \/ Yoast SEO plugin. -->","yoast_head_json":{"title":"Premio \u00abLos Cokitos\u00bb para Educaci\u00f3n Infantil - Colegio Salesiano","description":"Los alumnos de 4\u00baESO visitan las instalaciones de este centro de investigaci\u00f3n de enfermedades gen\u00e9ticas ubicado en Granada.","robots":{"index":"index","follow":"follow","max-snippet":"max-snippet:-1","max-image-preview":"max-image-preview:large","max-video-preview":"max-video-preview:-1"},"canonical":"https:\/\/granada.salesianos.edu\/colegio\/blog\/premio-los-cokitos-para-educacion-infantil\/","og_locale":"es_ES","og_type":"article","og_title":"Premio \u00abLos Cokitos\u00bb para Educaci\u00f3n Infantil - Colegio Salesiano","og_description":"Los alumnos de 4\u00baESO visitan las instalaciones de este centro de investigaci\u00f3n de enfermedades gen\u00e9ticas ubicado en Granada.","og_url":"https:\/\/granada.salesianos.edu\/colegio\/blog\/premio-los-cokitos-para-educacion-infantil\/","og_site_name":"Colegio Salesiano","article_publisher":"https:\/\/www.facebook.com\/SalesianosGR\/","article_published_time":"2024-02-16T17:24:14+00:00","article_modified_time":"2024-02-16T17:24:20+00:00","og_image":[{"width":2560,"height":1922,"url":"https:\/\/granada.salesianos.edu\/colegio\/wp-content\/uploads\/sites\/2\/2024\/02\/P1250617-scaled.jpg","type":"image\/jpeg"}],"author":"Gestor Web","twitter_card":"summary_large_image","twitter_creator":"@GranadaSDB","twitter_site":"@GranadaSDB","twitter_misc":{"Escrito por":"Gestor Web","Tiempo de lectura":"3 minutos"},"schema":{"@context":"https:\/\/schema.org","@graph":[{"@type":"Article","@id":"https:\/\/granada.salesianos.edu\/colegio\/blog\/premio-los-cokitos-para-educacion-infantil\/#article","isPartOf":{"@id":"https:\/\/granada.salesianos.edu\/colegio\/blog\/premio-los-cokitos-para-educacion-infantil\/"},"author":{"name":"Gestor Web","@id":"https:\/\/granada.salesianos.edu\/colegio\/#\/schema\/person\/6392ff2e4bd1e66981d6eab734bbd962"},"headline":"Premio \u00abLos Cokitos\u00bb para Educaci\u00f3n Infantil","datePublished":"2024-02-16T17:24:14+00:00","dateModified":"2024-02-16T17:24:20+00:00","mainEntityOfPage":{"@id":"https:\/\/granada.salesianos.edu\/colegio\/blog\/premio-los-cokitos-para-educacion-infantil\/"},"wordCount":515,"commentCount":0,"publisher":{"@id":"https:\/\/granada.salesianos.edu\/colegio\/#organization"},"image":{"@id":"https:\/\/granada.salesianos.edu\/colegio\/blog\/premio-los-cokitos-para-educacion-infantil\/#primaryimage"},"thumbnailUrl":"https:\/\/granada.salesianos.edu\/colegio\/wp-content\/uploads\/sites\/2\/2024\/02\/P1250617-scaled.jpg","articleSection":["Colegio","Infantil"],"inLanguage":"es","potentialAction":[{"@type":"CommentAction","name":"Comment","target":["https:\/\/granada.salesianos.edu\/colegio\/blog\/premio-los-cokitos-para-educacion-infantil\/#respond"]}]},{"@type":"WebPage","@id":"https:\/\/granada.salesianos.edu\/colegio\/blog\/premio-los-cokitos-para-educacion-infantil\/","url":"https:\/\/granada.salesianos.edu\/colegio\/blog\/premio-los-cokitos-para-educacion-infantil\/","name":"Premio \u00abLos Cokitos\u00bb para Educaci\u00f3n Infantil - Colegio Salesiano","isPartOf":{"@id":"https:\/\/granada.salesianos.edu\/colegio\/#website"},"primaryImageOfPage":{"@id":"https:\/\/granada.salesianos.edu\/colegio\/blog\/premio-los-cokitos-para-educacion-infantil\/#primaryimage"},"image":{"@id":"https:\/\/granada.salesianos.edu\/colegio\/blog\/premio-los-cokitos-para-educacion-infantil\/#primaryimage"},"thumbnailUrl":"https:\/\/granada.salesianos.edu\/colegio\/wp-content\/uploads\/sites\/2\/2024\/02\/P1250617-scaled.jpg","datePublished":"2024-02-16T17:24:14+00:00","dateModified":"2024-02-16T17:24:20+00:00","description":"Los alumnos de 4\u00baESO visitan las instalaciones de este centro de investigaci\u00f3n de enfermedades gen\u00e9ticas ubicado en Granada.","breadcrumb":{"@id":"https:\/\/granada.salesianos.edu\/colegio\/blog\/premio-los-cokitos-para-educacion-infantil\/#breadcrumb"},"inLanguage":"es","potentialAction":[{"@type":"ReadAction","target":["https:\/\/granada.salesianos.edu\/colegio\/blog\/premio-los-cokitos-para-educacion-infantil\/"]}]},{"@type":"ImageObject","inLanguage":"es","@id":"https:\/\/granada.salesianos.edu\/colegio\/blog\/premio-los-cokitos-para-educacion-infantil\/#primaryimage","url":"https:\/\/granada.salesianos.edu\/colegio\/wp-content\/uploads\/sites\/2\/2024\/02\/P1250617-scaled.jpg","contentUrl":"https:\/\/granada.salesianos.edu\/colegio\/wp-content\/uploads\/sites\/2\/2024\/02\/P1250617-scaled.jpg","width":2560,"height":1922},{"@type":"BreadcrumbList","@id":"https:\/\/granada.salesianos.edu\/colegio\/blog\/premio-los-cokitos-para-educacion-infantil\/#breadcrumb","itemListElement":[{"@type":"ListItem","position":1,"name":"Portada","item":"https:\/\/granada.salesianos.edu\/colegio\/"},{"@type":"ListItem","position":2,"name":"Premio \u00abLos Cokitos\u00bb para Educaci\u00f3n Infantil"}]},{"@type":"WebSite","@id":"https:\/\/granada.salesianos.edu\/colegio\/#website","url":"https:\/\/granada.salesianos.edu\/colegio\/","name":"Colegio Salesiano","description":"P\u00e1gina oficial de Salesianos Granada San Juan Bosco","publisher":{"@id":"https:\/\/granada.salesianos.edu\/colegio\/#organization"},"potentialAction":[{"@type":"SearchAction","target":{"@type":"EntryPoint","urlTemplate":"https:\/\/granada.salesianos.edu\/colegio\/?s={search_term_string}"},"query-input":{"@type":"PropertyValueSpecification","valueRequired":true,"valueName":"search_term_string"}}],"inLanguage":"es"},{"@type":"Organization","@id":"https:\/\/granada.salesianos.edu\/colegio\/#organization","name":"Colegio Salesiano San Juan Bosco Granada","url":"https:\/\/granada.salesianos.edu\/colegio\/","logo":{"@type":"ImageObject","inLanguage":"es","@id":"https:\/\/granada.salesianos.edu\/colegio\/#\/schema\/logo\/image\/","url":"https:\/\/granada.salesianos.edu\/colegio\/wp-content\/uploads\/sites\/2\/2021\/01\/GRANADAobraVN2.jpg","contentUrl":"https:\/\/granada.salesianos.edu\/colegio\/wp-content\/uploads\/sites\/2\/2021\/01\/GRANADAobraVN2.jpg","width":2113,"height":1894,"caption":"Colegio Salesiano San Juan Bosco Granada"},"image":{"@id":"https:\/\/granada.salesianos.edu\/colegio\/#\/schema\/logo\/image\/"},"sameAs":["https:\/\/www.facebook.com\/SalesianosGR\/","https:\/\/x.com\/GranadaSDB","https:\/\/www.instagram.com\/salesianosgranada\/","https:\/\/www.youtube.com\/channel\/UChkpZuhCf4Y5rYIcFT3CNxw?view_as=subscriber"]},{"@type":"Person","@id":"https:\/\/granada.salesianos.edu\/colegio\/#\/schema\/person\/6392ff2e4bd1e66981d6eab734bbd962","name":"Gestor Web","image":{"@type":"ImageObject","inLanguage":"es","@id":"https:\/\/secure.gravatar.com\/avatar\/160666bb56a01520857079961a824af2b7821d6bad80677c80f2b473fceead1b?s=96&d=mm&r=g","url":"https:\/\/secure.gravatar.com\/avatar\/160666bb56a01520857079961a824af2b7821d6bad80677c80f2b473fceead1b?s=96&d=mm&r=g","contentUrl":"https:\/\/secure.gravatar.com\/avatar\/160666bb56a01520857079961a824af2b7821d6bad80677c80f2b473fceead1b?s=96&d=mm&r=g","caption":"Gestor Web"}}]}},"_links":{"self":[{"href":"https:\/\/granada.salesianos.edu\/colegio\/wp-json\/wp\/v2\/posts\/18402","targetHints":{"allow":["GET"]}}],"collection":[{"href":"https:\/\/granada.salesianos.edu\/colegio\/wp-json\/wp\/v2\/posts"}],"about":[{"href":"https:\/\/granada.salesianos.edu\/colegio\/wp-json\/wp\/v2\/types\/post"}],"author":[{"embeddable":true,"href":"https:\/\/granada.salesianos.edu\/colegio\/wp-json\/wp\/v2\/users\/2"}],"replies":[{"embeddable":true,"href":"https:\/\/granada.salesianos.edu\/colegio\/wp-json\/wp\/v2\/comments?post=18402"}],"version-history":[{"count":3,"href":"https:\/\/granada.salesianos.edu\/colegio\/wp-json\/wp\/v2\/posts\/18402\/revisions"}],"predecessor-version":[{"id":18429,"href":"https:\/\/granada.salesianos.edu\/colegio\/wp-json\/wp\/v2\/posts\/18402\/revisions\/18429"}],"wp:featuredmedia":[{"embeddable":true,"href":"https:\/\/granada.salesianos.edu\/colegio\/wp-json\/wp\/v2\/media\/18403"}],"wp:attachment":[{"href":"https:\/\/granada.salesianos.edu\/colegio\/wp-json\/wp\/v2\/media?parent=18402"}],"wp:term":[{"taxonomy":"category","embeddable":true,"href":"https:\/\/granada.salesianos.edu\/colegio\/wp-json\/wp\/v2\/categories?post=18402"},{"taxonomy":"post_tag","embeddable":true,"href":"https:\/\/granada.salesianos.edu\/colegio\/wp-json\/wp\/v2\/tags?post=18402"}],"curies":[{"name":"wp","href":"https:\/\/api.w.org\/{rel}","templated":true}]}}