{"id":18466,"date":"2024-03-09T18:54:34","date_gmt":"2024-03-09T16:54:34","guid":{"rendered":"https:\/\/granada.salesianos.edu\/colegio\/?p=18466"},"modified":"2024-03-11T10:56:52","modified_gmt":"2024-03-11T08:56:52","slug":"diadelamujer24","status":"publish","type":"post","link":"https:\/\/granada.salesianos.edu\/colegio\/blog\/diadelamujer24\/","title":{"rendered":"D\u00eda de la Mujer 2024"},"content":{"rendered":"<div id=\"fb-root\"><\/div>\n<p>[et_pb_section fb_built=\u00bb1&#8243; admin_label=\u00bbsection\u00bb _builder_version=\u00bb4.18.0&#8243; global_colors_info=\u00bb{}\u00bb][et_pb_row _builder_version=\u00bb4.18.0&#8243; _module_preset=\u00bbdefault\u00bb global_colors_info=\u00bb{}\u00bb][et_pb_column type=\u00bb4_4&#8243; _builder_version=\u00bb4.18.0&#8243; _module_preset=\u00bbdefault\u00bb global_colors_info=\u00bb{}\u00bb][et_pb_text admin_label=\u00bbEntradilla (Texto)\u00bb _builder_version=\u00bb4.23.1&#8243; text_font=\u00bb|on|||\u00bb text_orientation=\u00bbjustified\u00bb global_colors_info=\u00bb{}\u00bb][\/et_pb_text][et_pb_text admin_label=\u00bbDesarrollo (Texto)\u00bb _builder_version=\u00bb4.23.1&#8243; text_orientation=\u00bbjustified\u00bb custom_margin=\u00bb||||false|false\u00bb custom_padding=\u00bb||||false|false\u00bb global_colors_info=\u00bb{}\u00bb]<\/p>\n<p>\ud83d\udcab Este mes de marzo, el primer ciclo de primaria ha estado inmerso en emocionantes actividades en honor al #8M. \ud83d\udcaa\ud83d\udc96 Desde debates en clase hasta actividades inspiradoras, \u00a1nuestro alumnado ha estado aprendiendo y celebrando la importancia de la igualdad! \ud83c\udf1f \u00a1Y a\u00fan hay m\u00e1s por venir la pr\u00f3xima semana! \ud83d\udcda \u00a1Mant\u00e9nganse atentos para seguir acompa\u00f1\u00e1ndonos en este viaje de aprendizaje y concienciaci\u00f3n !\ud83d\udcab\u2728<\/p>\n<p><strong>Historia del d\u00eda de la mujer<\/strong><\/p>\n<p>El 8M como d\u00eda internacional de la mujer fue adoptado por la Asamblea General de la ONU en 1977, aunque dos a\u00f1os antes ya lo hab\u00eda empezado a conmemorar. Su origen est\u00e1 en las manifestaciones de las mujeres que, especialmente en Europa, reclamaban a comienzos del siglo XX el derecho al voto, mejores condiciones de trabajo y la igualdad entre mujeres y hombres.<\/p>\n<p><strong>\u00bfPor qu\u00e9 se celebra en 8 de marzo?<\/strong><\/p>\n<p>Seg\u00fan argumenta Naciones Unidas, celebrar el 8 de marzo el d\u00eda de la mujer est\u00e1 estrechamente vinculado a los movimientos feministas durante la Revoluci\u00f3n Rusa de\u00a01917.<\/p>\n<p>Fue un 8 de marzo de 1917 (un 23 de febrero, seg\u00fan el calendario juliano que se utilizaba en Rusia), cuando las mujeres rusas se declararon en huelga, pidiendo<span>\u00a0<\/span><em>Pan y paz<\/em>. Cuatro d\u00edas despu\u00e9s, el zar se vio obligado a abdicar y el gobierno provisional concedi\u00f3 a las mujeres el derecho de voto.<\/p>\n<p><strong>Hitos hist\u00f3ricos de las movilizaciones de mujeres<\/strong><\/p>\n<p>Desde los primeros a\u00f1os del siglo XX, mujeres de EEUU y Europa protagonizaron protestas, manifestaciones y encuentros que fueron sembrando la semilla del 8M: mujeres de todo el mundo unidas, reclamando su igualdad frente a los hombres, seg\u00fan recoge<span>\u00a0<\/span><a href=\"https:\/\/www.un.org\/es\/observances\/womens-day\/background\">Naciones Unidas<\/a>.<\/p>\n<p>1909. EEUU. El 28 de febrero tuvo lugar el primer D\u00eda Nacional de la Mujer, tradici\u00f3n que se sigui\u00f3 el \u00faltimo domingo de febrero hasta 1913. No obstante, ya en 1848, Elizabeth Cady Stanton y Lucretia Mott hab\u00edan congregado en Nueva York a cientos de personas en la primera convenci\u00f3n nacional por los derechos de las mujeres, indignadas por la prohibici\u00f3n que imped\u00eda a las mujeres hablar en una convenci\u00f3n contra la esclavitud<\/p>\n<p>1910. Dinamarca. Cientos de participantes de 17 pa\u00edses reunidas en la Segunda Conferencia Internacional de Mujeres Socialistas decidieron organizar una jornada de la mujer anual, para reforzar su lucha para obtener el sufragio femenino universal.<\/p>\n<p>1911. Europa.\u00a0 Numerosos pa\u00edses europeos y Estados Unidos conmemoran el D\u00eda Internacional de la Mujer. Lo hicieron el 19 de marzo en conmemoraci\u00f3n de la Revoluci\u00f3n de 1848 y de la Comuna de Par\u00eds. Adem\u00e1s del derecho de voto y de ocupar cargos p\u00fablicos, exigieron el derecho al trabajo, a la formaci\u00f3n profesional y a la no discriminaci\u00f3n laboral.<\/p>\n<p>1913. Rusia. Las mujeres rusas conmemoraron su primer D\u00eda Internacional de la Mujer el \u00faltimo domingo de febrero, organizando m\u00edtines clandestinos.<\/p>\n<p>1914<strong>.<span>\u00a0<\/span><\/strong>Europa<strong>.<span>\u00a0<\/span><\/strong>Las mujeres organizaron reuniones en torno al 8 de marzo del a\u00f1o siguiente para protestar por la guerra o para solidarizarse con el resto de mujeres.<\/p>\n<p>1915. Pa\u00edses Bajos. Inmersas en la Primera Guerra Mundial, el 15 de abril se reunieron en La Haya m\u00e1s de 1.300 mujeres provenientes de 12 pa\u00edses.<\/p>\n<p><strong>8M 2024<\/strong><\/p>\n<p>FUENTE: Ministerio de Igualdad\u00a0<strong><\/strong><\/p>\n<p>&nbsp;<\/p>\n<p>#Educaci\u00f3nConCompromiso #Igualdad #PrimariaConProp\u00f3sito<\/p>\n<p>&nbsp;<\/p>\n<p>[\/et_pb_text][et_pb_gallery _builder_version=\u00bb4.23.1&#8243; _module_preset=\u00bbdefault\u00bb gallery_ids=\u00bb18469,18470,18471,18472,18473,18474,18475,18476&#8243; show_title_and_caption=\u00bboff\u00bb hover_enabled=\u00bb0&#8243; sticky_enabled=\u00bb0&#8243;][\/et_pb_gallery][\/et_pb_column][\/et_pb_row][et_pb_row _builder_version=\u00bb4.23.1&#8243; _module_preset=\u00bbdefault\u00bb global_colors_info=\u00bb{}\u00bb][et_pb_column type=\u00bb4_4&#8243; _builder_version=\u00bb4.23.1&#8243; _module_preset=\u00bbdefault\u00bb global_colors_info=\u00bb{}\u00bb][et_pb_gallery gallery_ids=\u00bb65384,65385,65386,65387,65388,65389,65390,65391&#8243; show_title_and_caption=\u00bboff\u00bb _builder_version=\u00bb4.24.2&#8243; _module_preset=\u00bbdefault\u00bb global_colors_info=\u00bb{}\u00bb][\/et_pb_gallery][\/et_pb_column][\/et_pb_row][\/et_pb_section]<\/p>\n","protected":false},"excerpt":{"rendered":"<p>D\u00eda de la mujer 8 de marzo. Actividades de Primaria<\/p>\n","protected":false},"author":2,"featured_media":18467,"comment_status":"open","ping_status":"open","sticky":false,"template":"","format":"standard","meta":{"_et_pb_use_builder":"on","_et_pb_old_content":"","_et_gb_content_width":"","footnotes":""},"categories":[11,22],"tags":[],"class_list":["post-18466","post","type-post","status-publish","format-standard","has-post-thumbnail","hentry","category-colegio","category-primaria"],"yoast_head":"<!-- This site is optimized with the Yoast SEO plugin v28.4 - https:\/\/yoast.com\/product\/yoast-seo-wordpress\/ -->\n<title>D\u00eda de la Mujer 2024 - Colegio Salesiano<\/title>\n<meta name=\"description\" content=\"Los alumnos de 4\u00baESO visitan las instalaciones de este centro de investigaci\u00f3n de enfermedades gen\u00e9ticas ubicado en Granada.\" \/>\n<meta name=\"robots\" content=\"index, follow, max-snippet:-1, max-image-preview:large, max-video-preview:-1\" \/>\n<link rel=\"canonical\" href=\"https:\/\/granada.salesianos.edu\/colegio\/blog\/diadelamujer24\/\" \/>\n<meta property=\"og:locale\" content=\"es_ES\" \/>\n<meta property=\"og:type\" content=\"article\" \/>\n<meta property=\"og:title\" content=\"D\u00eda de la Mujer 2024 - Colegio Salesiano\" \/>\n<meta property=\"og:description\" content=\"Los alumnos de 4\u00baESO visitan las instalaciones de este centro de investigaci\u00f3n de enfermedades gen\u00e9ticas ubicado en Granada.\" \/>\n<meta property=\"og:url\" content=\"https:\/\/granada.salesianos.edu\/colegio\/blog\/diadelamujer24\/\" \/>\n<meta property=\"og:site_name\" content=\"Colegio Salesiano\" \/>\n<meta property=\"article:publisher\" content=\"https:\/\/www.facebook.com\/SalesianosGR\/\" \/>\n<meta property=\"article:published_time\" content=\"2024-03-09T16:54:34+00:00\" \/>\n<meta property=\"article:modified_time\" content=\"2024-03-11T08:56:52+00:00\" \/>\n<meta property=\"og:image\" content=\"https:\/\/granada.salesianos.edu\/colegio\/wp-content\/uploads\/sites\/2\/2024\/03\/WhatsApp-Image-2024-03-08-at-17.05.51-4.jpeg\" \/>\n\t<meta property=\"og:image:width\" content=\"1600\" \/>\n\t<meta property=\"og:image:height\" content=\"900\" \/>\n\t<meta property=\"og:image:type\" content=\"image\/jpeg\" \/>\n<meta name=\"author\" content=\"Gestor Web\" \/>\n<meta name=\"twitter:card\" content=\"summary_large_image\" \/>\n<meta name=\"twitter:creator\" content=\"@GranadaSDB\" \/>\n<meta name=\"twitter:site\" content=\"@GranadaSDB\" \/>\n<meta name=\"twitter:label1\" content=\"Escrito por\" \/>\n\t<meta name=\"twitter:data1\" content=\"Gestor Web\" \/>\n\t<meta name=\"twitter:label2\" content=\"Tiempo de lectura\" \/>\n\t<meta name=\"twitter:data2\" content=\"3 minutos\" \/>\n<script type=\"application\/ld+json\" class=\"yoast-schema-graph\">{\"@context\":\"https:\\\/\\\/schema.org\",\"@graph\":[{\"@type\":\"Article\",\"@id\":\"https:\\\/\\\/granada.salesianos.edu\\\/colegio\\\/blog\\\/diadelamujer24\\\/#article\",\"isPartOf\":{\"@id\":\"https:\\\/\\\/granada.salesianos.edu\\\/colegio\\\/blog\\\/diadelamujer24\\\/\"},\"author\":{\"name\":\"Gestor Web\",\"@id\":\"https:\\\/\\\/granada.salesianos.edu\\\/colegio\\\/#\\\/schema\\\/person\\\/6392ff2e4bd1e66981d6eab734bbd962\"},\"headline\":\"D\u00eda de la Mujer 2024\",\"datePublished\":\"2024-03-09T16:54:34+00:00\",\"dateModified\":\"2024-03-11T08:56:52+00:00\",\"mainEntityOfPage\":{\"@id\":\"https:\\\/\\\/granada.salesianos.edu\\\/colegio\\\/blog\\\/diadelamujer24\\\/\"},\"wordCount\":707,\"commentCount\":0,\"publisher\":{\"@id\":\"https:\\\/\\\/granada.salesianos.edu\\\/colegio\\\/#organization\"},\"image\":{\"@id\":\"https:\\\/\\\/granada.salesianos.edu\\\/colegio\\\/blog\\\/diadelamujer24\\\/#primaryimage\"},\"thumbnailUrl\":\"https:\\\/\\\/granada.salesianos.edu\\\/colegio\\\/wp-content\\\/uploads\\\/sites\\\/2\\\/2024\\\/03\\\/WhatsApp-Image-2024-03-08-at-17.05.51-4.jpeg\",\"articleSection\":[\"Colegio\",\"Primaria\"],\"inLanguage\":\"es\",\"potentialAction\":[{\"@type\":\"CommentAction\",\"name\":\"Comment\",\"target\":[\"https:\\\/\\\/granada.salesianos.edu\\\/colegio\\\/blog\\\/diadelamujer24\\\/#respond\"]}]},{\"@type\":\"WebPage\",\"@id\":\"https:\\\/\\\/granada.salesianos.edu\\\/colegio\\\/blog\\\/diadelamujer24\\\/\",\"url\":\"https:\\\/\\\/granada.salesianos.edu\\\/colegio\\\/blog\\\/diadelamujer24\\\/\",\"name\":\"D\u00eda de la Mujer 2024 - Colegio Salesiano\",\"isPartOf\":{\"@id\":\"https:\\\/\\\/granada.salesianos.edu\\\/colegio\\\/#website\"},\"primaryImageOfPage\":{\"@id\":\"https:\\\/\\\/granada.salesianos.edu\\\/colegio\\\/blog\\\/diadelamujer24\\\/#primaryimage\"},\"image\":{\"@id\":\"https:\\\/\\\/granada.salesianos.edu\\\/colegio\\\/blog\\\/diadelamujer24\\\/#primaryimage\"},\"thumbnailUrl\":\"https:\\\/\\\/granada.salesianos.edu\\\/colegio\\\/wp-content\\\/uploads\\\/sites\\\/2\\\/2024\\\/03\\\/WhatsApp-Image-2024-03-08-at-17.05.51-4.jpeg\",\"datePublished\":\"2024-03-09T16:54:34+00:00\",\"dateModified\":\"2024-03-11T08:56:52+00:00\",\"description\":\"Los alumnos de 4\u00baESO visitan las instalaciones de este centro de investigaci\u00f3n de enfermedades gen\u00e9ticas ubicado en Granada.\",\"breadcrumb\":{\"@id\":\"https:\\\/\\\/granada.salesianos.edu\\\/colegio\\\/blog\\\/diadelamujer24\\\/#breadcrumb\"},\"inLanguage\":\"es\",\"potentialAction\":[{\"@type\":\"ReadAction\",\"target\":[\"https:\\\/\\\/granada.salesianos.edu\\\/colegio\\\/blog\\\/diadelamujer24\\\/\"]}]},{\"@type\":\"ImageObject\",\"inLanguage\":\"es\",\"@id\":\"https:\\\/\\\/granada.salesianos.edu\\\/colegio\\\/blog\\\/diadelamujer24\\\/#primaryimage\",\"url\":\"https:\\\/\\\/granada.salesianos.edu\\\/colegio\\\/wp-content\\\/uploads\\\/sites\\\/2\\\/2024\\\/03\\\/WhatsApp-Image-2024-03-08-at-17.05.51-4.jpeg\",\"contentUrl\":\"https:\\\/\\\/granada.salesianos.edu\\\/colegio\\\/wp-content\\\/uploads\\\/sites\\\/2\\\/2024\\\/03\\\/WhatsApp-Image-2024-03-08-at-17.05.51-4.jpeg\",\"width\":1600,\"height\":900},{\"@type\":\"BreadcrumbList\",\"@id\":\"https:\\\/\\\/granada.salesianos.edu\\\/colegio\\\/blog\\\/diadelamujer24\\\/#breadcrumb\",\"itemListElement\":[{\"@type\":\"ListItem\",\"position\":1,\"name\":\"Portada\",\"item\":\"https:\\\/\\\/granada.salesianos.edu\\\/colegio\\\/\"},{\"@type\":\"ListItem\",\"position\":2,\"name\":\"D\u00eda de la Mujer 2024\"}]},{\"@type\":\"WebSite\",\"@id\":\"https:\\\/\\\/granada.salesianos.edu\\\/colegio\\\/#website\",\"url\":\"https:\\\/\\\/granada.salesianos.edu\\\/colegio\\\/\",\"name\":\"Colegio Salesiano\",\"description\":\"P\u00e1gina oficial de Salesianos Granada San Juan Bosco\",\"publisher\":{\"@id\":\"https:\\\/\\\/granada.salesianos.edu\\\/colegio\\\/#organization\"},\"potentialAction\":[{\"@type\":\"SearchAction\",\"target\":{\"@type\":\"EntryPoint\",\"urlTemplate\":\"https:\\\/\\\/granada.salesianos.edu\\\/colegio\\\/?s={search_term_string}\"},\"query-input\":{\"@type\":\"PropertyValueSpecification\",\"valueRequired\":true,\"valueName\":\"search_term_string\"}}],\"inLanguage\":\"es\"},{\"@type\":\"Organization\",\"@id\":\"https:\\\/\\\/granada.salesianos.edu\\\/colegio\\\/#organization\",\"name\":\"Colegio Salesiano San Juan Bosco Granada\",\"url\":\"https:\\\/\\\/granada.salesianos.edu\\\/colegio\\\/\",\"logo\":{\"@type\":\"ImageObject\",\"inLanguage\":\"es\",\"@id\":\"https:\\\/\\\/granada.salesianos.edu\\\/colegio\\\/#\\\/schema\\\/logo\\\/image\\\/\",\"url\":\"https:\\\/\\\/granada.salesianos.edu\\\/colegio\\\/wp-content\\\/uploads\\\/sites\\\/2\\\/2021\\\/01\\\/GRANADAobraVN2.jpg\",\"contentUrl\":\"https:\\\/\\\/granada.salesianos.edu\\\/colegio\\\/wp-content\\\/uploads\\\/sites\\\/2\\\/2021\\\/01\\\/GRANADAobraVN2.jpg\",\"width\":2113,\"height\":1894,\"caption\":\"Colegio Salesiano San Juan Bosco Granada\"},\"image\":{\"@id\":\"https:\\\/\\\/granada.salesianos.edu\\\/colegio\\\/#\\\/schema\\\/logo\\\/image\\\/\"},\"sameAs\":[\"https:\\\/\\\/www.facebook.com\\\/SalesianosGR\\\/\",\"https:\\\/\\\/x.com\\\/GranadaSDB\",\"https:\\\/\\\/www.instagram.com\\\/salesianosgranada\\\/\",\"https:\\\/\\\/www.youtube.com\\\/channel\\\/UChkpZuhCf4Y5rYIcFT3CNxw?view_as=subscriber\"]},{\"@type\":\"Person\",\"@id\":\"https:\\\/\\\/granada.salesianos.edu\\\/colegio\\\/#\\\/schema\\\/person\\\/6392ff2e4bd1e66981d6eab734bbd962\",\"name\":\"Gestor Web\",\"image\":{\"@type\":\"ImageObject\",\"inLanguage\":\"es\",\"@id\":\"https:\\\/\\\/secure.gravatar.com\\\/avatar\\\/160666bb56a01520857079961a824af2b7821d6bad80677c80f2b473fceead1b?s=96&d=mm&r=g\",\"url\":\"https:\\\/\\\/secure.gravatar.com\\\/avatar\\\/160666bb56a01520857079961a824af2b7821d6bad80677c80f2b473fceead1b?s=96&d=mm&r=g\",\"contentUrl\":\"https:\\\/\\\/secure.gravatar.com\\\/avatar\\\/160666bb56a01520857079961a824af2b7821d6bad80677c80f2b473fceead1b?s=96&d=mm&r=g\",\"caption\":\"Gestor Web\"}}]}<\/script>\n<!-- \/ Yoast SEO plugin. -->","yoast_head_json":{"title":"D\u00eda de la Mujer 2024 - Colegio Salesiano","description":"Los alumnos de 4\u00baESO visitan las instalaciones de este centro de investigaci\u00f3n de enfermedades gen\u00e9ticas ubicado en Granada.","robots":{"index":"index","follow":"follow","max-snippet":"max-snippet:-1","max-image-preview":"max-image-preview:large","max-video-preview":"max-video-preview:-1"},"canonical":"https:\/\/granada.salesianos.edu\/colegio\/blog\/diadelamujer24\/","og_locale":"es_ES","og_type":"article","og_title":"D\u00eda de la Mujer 2024 - Colegio Salesiano","og_description":"Los alumnos de 4\u00baESO visitan las instalaciones de este centro de investigaci\u00f3n de enfermedades gen\u00e9ticas ubicado en Granada.","og_url":"https:\/\/granada.salesianos.edu\/colegio\/blog\/diadelamujer24\/","og_site_name":"Colegio Salesiano","article_publisher":"https:\/\/www.facebook.com\/SalesianosGR\/","article_published_time":"2024-03-09T16:54:34+00:00","article_modified_time":"2024-03-11T08:56:52+00:00","og_image":[{"width":1600,"height":900,"url":"https:\/\/granada.salesianos.edu\/colegio\/wp-content\/uploads\/sites\/2\/2024\/03\/WhatsApp-Image-2024-03-08-at-17.05.51-4.jpeg","type":"image\/jpeg"}],"author":"Gestor Web","twitter_card":"summary_large_image","twitter_creator":"@GranadaSDB","twitter_site":"@GranadaSDB","twitter_misc":{"Escrito por":"Gestor Web","Tiempo de lectura":"3 minutos"},"schema":{"@context":"https:\/\/schema.org","@graph":[{"@type":"Article","@id":"https:\/\/granada.salesianos.edu\/colegio\/blog\/diadelamujer24\/#article","isPartOf":{"@id":"https:\/\/granada.salesianos.edu\/colegio\/blog\/diadelamujer24\/"},"author":{"name":"Gestor Web","@id":"https:\/\/granada.salesianos.edu\/colegio\/#\/schema\/person\/6392ff2e4bd1e66981d6eab734bbd962"},"headline":"D\u00eda de la Mujer 2024","datePublished":"2024-03-09T16:54:34+00:00","dateModified":"2024-03-11T08:56:52+00:00","mainEntityOfPage":{"@id":"https:\/\/granada.salesianos.edu\/colegio\/blog\/diadelamujer24\/"},"wordCount":707,"commentCount":0,"publisher":{"@id":"https:\/\/granada.salesianos.edu\/colegio\/#organization"},"image":{"@id":"https:\/\/granada.salesianos.edu\/colegio\/blog\/diadelamujer24\/#primaryimage"},"thumbnailUrl":"https:\/\/granada.salesianos.edu\/colegio\/wp-content\/uploads\/sites\/2\/2024\/03\/WhatsApp-Image-2024-03-08-at-17.05.51-4.jpeg","articleSection":["Colegio","Primaria"],"inLanguage":"es","potentialAction":[{"@type":"CommentAction","name":"Comment","target":["https:\/\/granada.salesianos.edu\/colegio\/blog\/diadelamujer24\/#respond"]}]},{"@type":"WebPage","@id":"https:\/\/granada.salesianos.edu\/colegio\/blog\/diadelamujer24\/","url":"https:\/\/granada.salesianos.edu\/colegio\/blog\/diadelamujer24\/","name":"D\u00eda de la Mujer 2024 - Colegio Salesiano","isPartOf":{"@id":"https:\/\/granada.salesianos.edu\/colegio\/#website"},"primaryImageOfPage":{"@id":"https:\/\/granada.salesianos.edu\/colegio\/blog\/diadelamujer24\/#primaryimage"},"image":{"@id":"https:\/\/granada.salesianos.edu\/colegio\/blog\/diadelamujer24\/#primaryimage"},"thumbnailUrl":"https:\/\/granada.salesianos.edu\/colegio\/wp-content\/uploads\/sites\/2\/2024\/03\/WhatsApp-Image-2024-03-08-at-17.05.51-4.jpeg","datePublished":"2024-03-09T16:54:34+00:00","dateModified":"2024-03-11T08:56:52+00:00","description":"Los alumnos de 4\u00baESO visitan las instalaciones de este centro de investigaci\u00f3n de enfermedades gen\u00e9ticas ubicado en Granada.","breadcrumb":{"@id":"https:\/\/granada.salesianos.edu\/colegio\/blog\/diadelamujer24\/#breadcrumb"},"inLanguage":"es","potentialAction":[{"@type":"ReadAction","target":["https:\/\/granada.salesianos.edu\/colegio\/blog\/diadelamujer24\/"]}]},{"@type":"ImageObject","inLanguage":"es","@id":"https:\/\/granada.salesianos.edu\/colegio\/blog\/diadelamujer24\/#primaryimage","url":"https:\/\/granada.salesianos.edu\/colegio\/wp-content\/uploads\/sites\/2\/2024\/03\/WhatsApp-Image-2024-03-08-at-17.05.51-4.jpeg","contentUrl":"https:\/\/granada.salesianos.edu\/colegio\/wp-content\/uploads\/sites\/2\/2024\/03\/WhatsApp-Image-2024-03-08-at-17.05.51-4.jpeg","width":1600,"height":900},{"@type":"BreadcrumbList","@id":"https:\/\/granada.salesianos.edu\/colegio\/blog\/diadelamujer24\/#breadcrumb","itemListElement":[{"@type":"ListItem","position":1,"name":"Portada","item":"https:\/\/granada.salesianos.edu\/colegio\/"},{"@type":"ListItem","position":2,"name":"D\u00eda de la Mujer 2024"}]},{"@type":"WebSite","@id":"https:\/\/granada.salesianos.edu\/colegio\/#website","url":"https:\/\/granada.salesianos.edu\/colegio\/","name":"Colegio Salesiano","description":"P\u00e1gina oficial de Salesianos Granada San Juan Bosco","publisher":{"@id":"https:\/\/granada.salesianos.edu\/colegio\/#organization"},"potentialAction":[{"@type":"SearchAction","target":{"@type":"EntryPoint","urlTemplate":"https:\/\/granada.salesianos.edu\/colegio\/?s={search_term_string}"},"query-input":{"@type":"PropertyValueSpecification","valueRequired":true,"valueName":"search_term_string"}}],"inLanguage":"es"},{"@type":"Organization","@id":"https:\/\/granada.salesianos.edu\/colegio\/#organization","name":"Colegio Salesiano San Juan Bosco Granada","url":"https:\/\/granada.salesianos.edu\/colegio\/","logo":{"@type":"ImageObject","inLanguage":"es","@id":"https:\/\/granada.salesianos.edu\/colegio\/#\/schema\/logo\/image\/","url":"https:\/\/granada.salesianos.edu\/colegio\/wp-content\/uploads\/sites\/2\/2021\/01\/GRANADAobraVN2.jpg","contentUrl":"https:\/\/granada.salesianos.edu\/colegio\/wp-content\/uploads\/sites\/2\/2021\/01\/GRANADAobraVN2.jpg","width":2113,"height":1894,"caption":"Colegio Salesiano San Juan Bosco Granada"},"image":{"@id":"https:\/\/granada.salesianos.edu\/colegio\/#\/schema\/logo\/image\/"},"sameAs":["https:\/\/www.facebook.com\/SalesianosGR\/","https:\/\/x.com\/GranadaSDB","https:\/\/www.instagram.com\/salesianosgranada\/","https:\/\/www.youtube.com\/channel\/UChkpZuhCf4Y5rYIcFT3CNxw?view_as=subscriber"]},{"@type":"Person","@id":"https:\/\/granada.salesianos.edu\/colegio\/#\/schema\/person\/6392ff2e4bd1e66981d6eab734bbd962","name":"Gestor Web","image":{"@type":"ImageObject","inLanguage":"es","@id":"https:\/\/secure.gravatar.com\/avatar\/160666bb56a01520857079961a824af2b7821d6bad80677c80f2b473fceead1b?s=96&d=mm&r=g","url":"https:\/\/secure.gravatar.com\/avatar\/160666bb56a01520857079961a824af2b7821d6bad80677c80f2b473fceead1b?s=96&d=mm&r=g","contentUrl":"https:\/\/secure.gravatar.com\/avatar\/160666bb56a01520857079961a824af2b7821d6bad80677c80f2b473fceead1b?s=96&d=mm&r=g","caption":"Gestor Web"}}]}},"_links":{"self":[{"href":"https:\/\/granada.salesianos.edu\/colegio\/wp-json\/wp\/v2\/posts\/18466","targetHints":{"allow":["GET"]}}],"collection":[{"href":"https:\/\/granada.salesianos.edu\/colegio\/wp-json\/wp\/v2\/posts"}],"about":[{"href":"https:\/\/granada.salesianos.edu\/colegio\/wp-json\/wp\/v2\/types\/post"}],"author":[{"embeddable":true,"href":"https:\/\/granada.salesianos.edu\/colegio\/wp-json\/wp\/v2\/users\/2"}],"replies":[{"embeddable":true,"href":"https:\/\/granada.salesianos.edu\/colegio\/wp-json\/wp\/v2\/comments?post=18466"}],"version-history":[{"count":3,"href":"https:\/\/granada.salesianos.edu\/colegio\/wp-json\/wp\/v2\/posts\/18466\/revisions"}],"predecessor-version":[{"id":18479,"href":"https:\/\/granada.salesianos.edu\/colegio\/wp-json\/wp\/v2\/posts\/18466\/revisions\/18479"}],"wp:featuredmedia":[{"embeddable":true,"href":"https:\/\/granada.salesianos.edu\/colegio\/wp-json\/wp\/v2\/media\/18467"}],"wp:attachment":[{"href":"https:\/\/granada.salesianos.edu\/colegio\/wp-json\/wp\/v2\/media?parent=18466"}],"wp:term":[{"taxonomy":"category","embeddable":true,"href":"https:\/\/granada.salesianos.edu\/colegio\/wp-json\/wp\/v2\/categories?post=18466"},{"taxonomy":"post_tag","embeddable":true,"href":"https:\/\/granada.salesianos.edu\/colegio\/wp-json\/wp\/v2\/tags?post=18466"}],"curies":[{"name":"wp","href":"https:\/\/api.w.org\/{rel}","templated":true}]}}