{"id":18602,"date":"2024-03-22T23:48:44","date_gmt":"2024-03-22T21:48:44","guid":{"rendered":"https:\/\/granada.salesianos.edu\/colegio\/?p=18602"},"modified":"2024-04-17T09:58:47","modified_gmt":"2024-04-17T07:58:47","slug":"viernesdedolores","status":"publish","type":"post","link":"https:\/\/granada.salesianos.edu\/colegio\/blog\/viernesdedolores\/","title":{"rendered":"Rutas cofrades el Viernes de Dolores"},"content":{"rendered":"<div id=\"fb-root\"><\/div>\n<p>[et_pb_section fb_built=\u00bb1&#8243; admin_label=\u00bbsection\u00bb _builder_version=\u00bb4.16&#8243; global_colors_info=\u00bb{}\u00bb][et_pb_row admin_label=\u00bbrow\u00bb _builder_version=\u00bb4.16&#8243; background_size=\u00bbinitial\u00bb background_position=\u00bbtop_left\u00bb background_repeat=\u00bbrepeat\u00bb global_colors_info=\u00bb{}\u00bb][et_pb_column type=\u00bb4_4&#8243; _builder_version=\u00bb4.16&#8243; custom_padding=\u00bb|||\u00bb global_colors_info=\u00bb{}\u00bb custom_padding__hover=\u00bb|||\u00bb][et_pb_text _builder_version=\u00bb4.24.3&#8243; _module_preset=\u00bbdefault\u00bb hover_enabled=\u00bb0&#8243; global_colors_info=\u00bb{}\u00bb sticky_enabled=\u00bb0&#8243;]<\/p>\n<p>El pasado viernes de Dolores, \u00faltimo d\u00eda lectivo del segundo trimestre, nuestro departamento<br \/>de Pastoral del colegio organiz\u00f3 diferentes rutas cofrades para conocer nuestras hermandades<br \/>de Semana Santa, visitar las iglesias y poder contemplar los altares m\u00f3viles que se montan por<br \/>las diferentes hermandades para realizar su estaci\u00f3n de penitencia durante los d\u00edas de Semana<br \/>Santa.<br \/>En esta ocasi\u00f3n se organizaron tres salidas por diferentes zonas de nuestra capital:<br \/>-Una primera ruta la realizaron nuestros alumnos de 3\u00ba y 4\u00ba ESO que visitaron las<br \/>hermandades del barrio del Zaid\u00edn. Su primera visita fue visitar la Parroquia del Corpus Christi<br \/>para visitar la hermandad del Cristo del Trabajo y Ntra. Sra. de la Luz siendo su hermano<br \/>mayor, Don \u00c1ngel Aguilera la persona que se encarg\u00f3 de recibir a nuestros alumnos y<br \/>explicarle un poco los estrenos y lo m\u00e1s caracter\u00edstico de esta cofrad\u00eda. En segundo lugar,<br \/>visitaron la hermandad de Resurrecci\u00f3n y Triunfo de Zaid\u00edn Vergeles en la misma parroquia de<br \/>San Miguel y ser\u00eda tambi\u00e9n su hermano mayor Gerardo Portero el que explic\u00f3 brevemente<br \/>c\u00f3mo se preparan para su estaci\u00f3n de penitencia. La tercera visita fue a la parroquia de la<br \/>Virgen de los Dolores y fueron recibidos por Sergio Ortega, secretario de la hermandad del<br \/>Martes Santo del Cristo de la Lanzada y la Virgen de la Caridad. Finalizaron su visita antes las<br \/>capillas de nuestra hermandad Salesiana del Cristo de la Redenci\u00f3n y la Virgen de la Salud,<br \/>siendo recibidos por varios miembros de su junta de gobierno que durante la Semana de<br \/>Pasi\u00f3n fueron recibiendo a los diferentes cursos del colegio.<br \/>-Una segunda ruta la realizaron los alumnos de Ciclos Formativos visitando las hermandades<br \/>del bajo Albayc\u00edn, Centro y bajo Realejo. La primera visita tuvo lugar en la Parroquia de San Gil<br \/>y Santa Ana, gracias a la disponibilidad de su sacrist\u00e1n Ernesto G\u00f3mez y de su p\u00e1rroco Jos\u00e9<br \/>Gabriel; tuvimos la suerte de ver los pasos de la Virgen de la Esperanza y de Jes\u00fas del Gran<br \/>Poder explicados por Paco Zurita, miembro de su junta de gobierno y el paso del Santo<br \/>Sepulcro de la hermandad oficial de nuestra Semana Santa. La segunda visita tuvo lugar en la<br \/>Parroquia de San Pedro y San Pablo para visitar las tres hermandades que procesionan.<br \/>Manolo Lasala, historiador de la hermandad nos cont\u00f3 numerosos detalles de la hermandad<br \/>de la Sentencia y Maravillas y nuestra alumna Abril Herv\u00e1s datos hist\u00f3ricos de la hermandad<br \/>de la Virgen de los Dolores. La tercera visita la hicieron a la iglesia conventual de las Carmelitas<br \/>Descalzas en las que nos atendi\u00f3 Jos\u00e9, vocal de juventud de la hermandad carmelita de Ntro.<br \/>Padre Jes\u00fas Nazareno y la Virgen de la Merced. Finalizamos esta ruta visitando la iglesia<br \/>Imperial de San Mat\u00edas para contemplar los pasos de otra hermandad del Mi\u00e9rcoles Santo, la<br \/>del Cristo de la Paciencia y la Virgen de las Penas y su hermano mayor Ignacio Figueruela fue el<br \/>encargado de recibirnos y presentarnos los pasos de su hermandad.<br \/>-La tercera y \u00faltima ruta fue por el barrio del Realejo y la realizaron nuestros alumnos de<br \/>Bachillerato. La primera parada fue visitar la restaurada Parroquia de San Cecilio para visitar a<br \/>los titulares de la hermandad de los Favores, estando el Se\u00f1or de los Favores en devoto<br \/>besapi\u00e9s como ya es tradici\u00f3n el Viernes de Dolores y la Virgen de la Misericordia Coronada<br \/>a\u00fan en su capilla antes de ser trasladada a su paso de palio. Helena Cueto, vocal de juventud<br \/>de la hermandad fue la encargada de recibirnos y nuestros alumnos pudieron meterse debajo<br \/>del paso del Se\u00f1or de los Favores para ver las trabajaderas desde dentro. La segunda visita de<br \/>esta ruta tras pasar por la imagen p\u00e9trea del Se\u00f1or de los Favores en el Campo del Pr\u00edncipe,<br \/>fue al Convento de la Madre de Dios de las Comendadoras de Santiago para visitar los pasos de<br \/>esta hermandad del Lunes Santo. Mariano S\u00e1nchez Pantoja, hermano mayor de la cofrad\u00eda del<\/p>\n<p>Se\u00f1or en el Huerto de los Olivos y M\u00aa Stma. De la Amargura Coronada fue el encargado de<br \/>mostrarles los pasos y las dependencias de esta hermandad. Concluyeron la visita en la Iglesia<br \/>de Santo Domingo, Parroquia de Santa Escol\u00e1stica en la que su p\u00e1rroco, el padre Antonio<br \/>Bueno y el vocal de juventud de la hermandad del Cristo de las Tres Ca\u00eddas y de la Virgen del<br \/>Rosario le mostraron la iglesia y las tres hermandades que procesionan desde la que es<br \/>denominada la Catedral del Realejo.<br \/>Desde estas l\u00edneas agradecemos al equipo de pastoral la preparaci\u00f3n de esta jornada para<br \/>conocer nuestras tradiciones y como no, fundamentalmente a las hermandades y cofrad\u00edas de<br \/>la Semana Santa de Granada que a\u00f1o tras a\u00f1o nos reciben y nos otorgan el privilegio de poder<br \/>contemplar los pasos tan de cerca con una breve explicaci\u00f3n para nuestro alumnado, sirviendo<br \/>tambi\u00e9n como reconocimiento para la labor que hacen durante todo el a\u00f1o por cuidar el<br \/>m\u00e1ximo detalle y trabajar por mantener tan viva esta tradici\u00f3n.<\/p>\n<p>[\/et_pb_text][et_pb_gallery gallery_ids=\u00bb18616,18615,18608,18607,18606,18605,18613,18614,18612,18611,18610,18609&#8243; show_title_and_caption=\u00bboff\u00bb _builder_version=\u00bb4.24.3&#8243; _module_preset=\u00bbdefault\u00bb hover_enabled=\u00bb0&#8243; global_colors_info=\u00bb{}\u00bb sticky_enabled=\u00bb0&#8243;][\/et_pb_gallery][et_pb_gallery gallery_ids=\u00bb65504,65505,65506,65507,65508,65509&#8243; show_title_and_caption=\u00bboff\u00bb _builder_version=\u00bb4.24.3&#8243; _module_preset=\u00bbdefault\u00bb global_colors_info=\u00bb{}\u00bb][\/et_pb_gallery][\/et_pb_column][\/et_pb_row][\/et_pb_section]<\/p>\n","protected":false},"excerpt":{"rendered":"<p>Viernes de Dolores<\/p>\n","protected":false},"author":2,"featured_media":18616,"comment_status":"open","ping_status":"open","sticky":false,"template":"","format":"standard","meta":{"_et_pb_use_builder":"on","_et_pb_old_content":"","_et_gb_content_width":"","footnotes":""},"categories":[57,11,69,21,18,23],"tags":[],"class_list":["post-18602","post","type-post","status-publish","format-standard","has-post-thumbnail","hentry","category-bachillerato","category-colegio","category-convivencia","category-fp","category-iglesia","category-pastoral"],"yoast_head":"<!-- This site is optimized with the Yoast SEO plugin v28.4 - https:\/\/yoast.com\/product\/yoast-seo-wordpress\/ -->\n<title>Rutas cofrades el Viernes de Dolores - Colegio Salesiano<\/title>\n<meta name=\"description\" content=\"Los alumnos de 2\u00baBTO de CIENCIAS visitan las instalaciones de IAVANTE, centro donde se imparte formaci\u00f3n a m\u00e9dicos y enfermeros con las \u00faltimas tecnolog\u00edas.\" \/>\n<meta name=\"robots\" content=\"index, follow, max-snippet:-1, max-image-preview:large, max-video-preview:-1\" \/>\n<link rel=\"canonical\" href=\"https:\/\/granada.salesianos.edu\/colegio\/blog\/viernesdedolores\/\" \/>\n<meta property=\"og:locale\" content=\"es_ES\" \/>\n<meta property=\"og:type\" content=\"article\" \/>\n<meta property=\"og:title\" content=\"Rutas cofrades el Viernes de Dolores - Colegio Salesiano\" \/>\n<meta property=\"og:description\" content=\"Los alumnos de 2\u00baBTO de CIENCIAS visitan las instalaciones de IAVANTE, centro donde se imparte formaci\u00f3n a m\u00e9dicos y enfermeros con las \u00faltimas tecnolog\u00edas.\" \/>\n<meta property=\"og:url\" content=\"https:\/\/granada.salesianos.edu\/colegio\/blog\/viernesdedolores\/\" \/>\n<meta property=\"og:site_name\" content=\"Colegio Salesiano\" \/>\n<meta property=\"article:publisher\" content=\"https:\/\/www.facebook.com\/SalesianosGR\/\" \/>\n<meta property=\"article:published_time\" content=\"2024-03-22T21:48:44+00:00\" \/>\n<meta property=\"article:modified_time\" content=\"2024-04-17T07:58:47+00:00\" \/>\n<meta property=\"og:image\" content=\"https:\/\/granada.salesianos.edu\/colegio\/wp-content\/uploads\/sites\/2\/2024\/04\/fa865b68-e9dc-4229-b1d2-789dc77a0e0a.jpg\" \/>\n\t<meta property=\"og:image:width\" content=\"1080\" \/>\n\t<meta property=\"og:image:height\" content=\"1080\" \/>\n\t<meta property=\"og:image:type\" content=\"image\/jpeg\" \/>\n<meta name=\"author\" content=\"Gestor Web\" \/>\n<meta name=\"twitter:card\" content=\"summary_large_image\" \/>\n<meta name=\"twitter:creator\" content=\"@GranadaSDB\" \/>\n<meta name=\"twitter:site\" content=\"@GranadaSDB\" \/>\n<meta name=\"twitter:label1\" content=\"Escrito por\" \/>\n\t<meta name=\"twitter:data1\" content=\"Gestor Web\" \/>\n\t<meta name=\"twitter:label2\" content=\"Tiempo de lectura\" \/>\n\t<meta name=\"twitter:data2\" content=\"4 minutos\" \/>\n<script type=\"application\/ld+json\" class=\"yoast-schema-graph\">{\"@context\":\"https:\\\/\\\/schema.org\",\"@graph\":[{\"@type\":\"Article\",\"@id\":\"https:\\\/\\\/granada.salesianos.edu\\\/colegio\\\/blog\\\/viernesdedolores\\\/#article\",\"isPartOf\":{\"@id\":\"https:\\\/\\\/granada.salesianos.edu\\\/colegio\\\/blog\\\/viernesdedolores\\\/\"},\"author\":{\"name\":\"Gestor Web\",\"@id\":\"https:\\\/\\\/granada.salesianos.edu\\\/colegio\\\/#\\\/schema\\\/person\\\/6392ff2e4bd1e66981d6eab734bbd962\"},\"headline\":\"Rutas cofrades el Viernes de Dolores\",\"datePublished\":\"2024-03-22T21:48:44+00:00\",\"dateModified\":\"2024-04-17T07:58:47+00:00\",\"mainEntityOfPage\":{\"@id\":\"https:\\\/\\\/granada.salesianos.edu\\\/colegio\\\/blog\\\/viernesdedolores\\\/\"},\"wordCount\":967,\"commentCount\":0,\"publisher\":{\"@id\":\"https:\\\/\\\/granada.salesianos.edu\\\/colegio\\\/#organization\"},\"image\":{\"@id\":\"https:\\\/\\\/granada.salesianos.edu\\\/colegio\\\/blog\\\/viernesdedolores\\\/#primaryimage\"},\"thumbnailUrl\":\"https:\\\/\\\/granada.salesianos.edu\\\/colegio\\\/wp-content\\\/uploads\\\/sites\\\/2\\\/2024\\\/04\\\/fa865b68-e9dc-4229-b1d2-789dc77a0e0a.jpg\",\"articleSection\":[\"Bachillerato\",\"Colegio\",\"Convivencia\",\"FP\",\"Iglesia\",\"Pastoral\"],\"inLanguage\":\"es\",\"potentialAction\":[{\"@type\":\"CommentAction\",\"name\":\"Comment\",\"target\":[\"https:\\\/\\\/granada.salesianos.edu\\\/colegio\\\/blog\\\/viernesdedolores\\\/#respond\"]}]},{\"@type\":\"WebPage\",\"@id\":\"https:\\\/\\\/granada.salesianos.edu\\\/colegio\\\/blog\\\/viernesdedolores\\\/\",\"url\":\"https:\\\/\\\/granada.salesianos.edu\\\/colegio\\\/blog\\\/viernesdedolores\\\/\",\"name\":\"Rutas cofrades el Viernes de Dolores - Colegio Salesiano\",\"isPartOf\":{\"@id\":\"https:\\\/\\\/granada.salesianos.edu\\\/colegio\\\/#website\"},\"primaryImageOfPage\":{\"@id\":\"https:\\\/\\\/granada.salesianos.edu\\\/colegio\\\/blog\\\/viernesdedolores\\\/#primaryimage\"},\"image\":{\"@id\":\"https:\\\/\\\/granada.salesianos.edu\\\/colegio\\\/blog\\\/viernesdedolores\\\/#primaryimage\"},\"thumbnailUrl\":\"https:\\\/\\\/granada.salesianos.edu\\\/colegio\\\/wp-content\\\/uploads\\\/sites\\\/2\\\/2024\\\/04\\\/fa865b68-e9dc-4229-b1d2-789dc77a0e0a.jpg\",\"datePublished\":\"2024-03-22T21:48:44+00:00\",\"dateModified\":\"2024-04-17T07:58:47+00:00\",\"description\":\"Los alumnos de 2\u00baBTO de CIENCIAS visitan las instalaciones de IAVANTE, centro donde se imparte formaci\u00f3n a m\u00e9dicos y enfermeros con las \u00faltimas tecnolog\u00edas.\",\"breadcrumb\":{\"@id\":\"https:\\\/\\\/granada.salesianos.edu\\\/colegio\\\/blog\\\/viernesdedolores\\\/#breadcrumb\"},\"inLanguage\":\"es\",\"potentialAction\":[{\"@type\":\"ReadAction\",\"target\":[\"https:\\\/\\\/granada.salesianos.edu\\\/colegio\\\/blog\\\/viernesdedolores\\\/\"]}]},{\"@type\":\"ImageObject\",\"inLanguage\":\"es\",\"@id\":\"https:\\\/\\\/granada.salesianos.edu\\\/colegio\\\/blog\\\/viernesdedolores\\\/#primaryimage\",\"url\":\"https:\\\/\\\/granada.salesianos.edu\\\/colegio\\\/wp-content\\\/uploads\\\/sites\\\/2\\\/2024\\\/04\\\/fa865b68-e9dc-4229-b1d2-789dc77a0e0a.jpg\",\"contentUrl\":\"https:\\\/\\\/granada.salesianos.edu\\\/colegio\\\/wp-content\\\/uploads\\\/sites\\\/2\\\/2024\\\/04\\\/fa865b68-e9dc-4229-b1d2-789dc77a0e0a.jpg\",\"width\":1080,\"height\":1080},{\"@type\":\"BreadcrumbList\",\"@id\":\"https:\\\/\\\/granada.salesianos.edu\\\/colegio\\\/blog\\\/viernesdedolores\\\/#breadcrumb\",\"itemListElement\":[{\"@type\":\"ListItem\",\"position\":1,\"name\":\"Portada\",\"item\":\"https:\\\/\\\/granada.salesianos.edu\\\/colegio\\\/\"},{\"@type\":\"ListItem\",\"position\":2,\"name\":\"Rutas cofrades el Viernes de Dolores\"}]},{\"@type\":\"WebSite\",\"@id\":\"https:\\\/\\\/granada.salesianos.edu\\\/colegio\\\/#website\",\"url\":\"https:\\\/\\\/granada.salesianos.edu\\\/colegio\\\/\",\"name\":\"Colegio Salesiano\",\"description\":\"P\u00e1gina oficial de Salesianos Granada San Juan Bosco\",\"publisher\":{\"@id\":\"https:\\\/\\\/granada.salesianos.edu\\\/colegio\\\/#organization\"},\"potentialAction\":[{\"@type\":\"SearchAction\",\"target\":{\"@type\":\"EntryPoint\",\"urlTemplate\":\"https:\\\/\\\/granada.salesianos.edu\\\/colegio\\\/?s={search_term_string}\"},\"query-input\":{\"@type\":\"PropertyValueSpecification\",\"valueRequired\":true,\"valueName\":\"search_term_string\"}}],\"inLanguage\":\"es\"},{\"@type\":\"Organization\",\"@id\":\"https:\\\/\\\/granada.salesianos.edu\\\/colegio\\\/#organization\",\"name\":\"Colegio Salesiano San Juan Bosco Granada\",\"url\":\"https:\\\/\\\/granada.salesianos.edu\\\/colegio\\\/\",\"logo\":{\"@type\":\"ImageObject\",\"inLanguage\":\"es\",\"@id\":\"https:\\\/\\\/granada.salesianos.edu\\\/colegio\\\/#\\\/schema\\\/logo\\\/image\\\/\",\"url\":\"https:\\\/\\\/granada.salesianos.edu\\\/colegio\\\/wp-content\\\/uploads\\\/sites\\\/2\\\/2021\\\/01\\\/GRANADAobraVN2.jpg\",\"contentUrl\":\"https:\\\/\\\/granada.salesianos.edu\\\/colegio\\\/wp-content\\\/uploads\\\/sites\\\/2\\\/2021\\\/01\\\/GRANADAobraVN2.jpg\",\"width\":2113,\"height\":1894,\"caption\":\"Colegio Salesiano San Juan Bosco Granada\"},\"image\":{\"@id\":\"https:\\\/\\\/granada.salesianos.edu\\\/colegio\\\/#\\\/schema\\\/logo\\\/image\\\/\"},\"sameAs\":[\"https:\\\/\\\/www.facebook.com\\\/SalesianosGR\\\/\",\"https:\\\/\\\/x.com\\\/GranadaSDB\",\"https:\\\/\\\/www.instagram.com\\\/salesianosgranada\\\/\",\"https:\\\/\\\/www.youtube.com\\\/channel\\\/UChkpZuhCf4Y5rYIcFT3CNxw?view_as=subscriber\"]},{\"@type\":\"Person\",\"@id\":\"https:\\\/\\\/granada.salesianos.edu\\\/colegio\\\/#\\\/schema\\\/person\\\/6392ff2e4bd1e66981d6eab734bbd962\",\"name\":\"Gestor Web\",\"image\":{\"@type\":\"ImageObject\",\"inLanguage\":\"es\",\"@id\":\"https:\\\/\\\/secure.gravatar.com\\\/avatar\\\/160666bb56a01520857079961a824af2b7821d6bad80677c80f2b473fceead1b?s=96&d=mm&r=g\",\"url\":\"https:\\\/\\\/secure.gravatar.com\\\/avatar\\\/160666bb56a01520857079961a824af2b7821d6bad80677c80f2b473fceead1b?s=96&d=mm&r=g\",\"contentUrl\":\"https:\\\/\\\/secure.gravatar.com\\\/avatar\\\/160666bb56a01520857079961a824af2b7821d6bad80677c80f2b473fceead1b?s=96&d=mm&r=g\",\"caption\":\"Gestor Web\"}}]}<\/script>\n<!-- \/ Yoast SEO plugin. -->","yoast_head_json":{"title":"Rutas cofrades el Viernes de Dolores - Colegio Salesiano","description":"Los alumnos de 2\u00baBTO de CIENCIAS visitan las instalaciones de IAVANTE, centro donde se imparte formaci\u00f3n a m\u00e9dicos y enfermeros con las \u00faltimas tecnolog\u00edas.","robots":{"index":"index","follow":"follow","max-snippet":"max-snippet:-1","max-image-preview":"max-image-preview:large","max-video-preview":"max-video-preview:-1"},"canonical":"https:\/\/granada.salesianos.edu\/colegio\/blog\/viernesdedolores\/","og_locale":"es_ES","og_type":"article","og_title":"Rutas cofrades el Viernes de Dolores - Colegio Salesiano","og_description":"Los alumnos de 2\u00baBTO de CIENCIAS visitan las instalaciones de IAVANTE, centro donde se imparte formaci\u00f3n a m\u00e9dicos y enfermeros con las \u00faltimas tecnolog\u00edas.","og_url":"https:\/\/granada.salesianos.edu\/colegio\/blog\/viernesdedolores\/","og_site_name":"Colegio Salesiano","article_publisher":"https:\/\/www.facebook.com\/SalesianosGR\/","article_published_time":"2024-03-22T21:48:44+00:00","article_modified_time":"2024-04-17T07:58:47+00:00","og_image":[{"width":1080,"height":1080,"url":"https:\/\/granada.salesianos.edu\/colegio\/wp-content\/uploads\/sites\/2\/2024\/04\/fa865b68-e9dc-4229-b1d2-789dc77a0e0a.jpg","type":"image\/jpeg"}],"author":"Gestor Web","twitter_card":"summary_large_image","twitter_creator":"@GranadaSDB","twitter_site":"@GranadaSDB","twitter_misc":{"Escrito por":"Gestor Web","Tiempo de lectura":"4 minutos"},"schema":{"@context":"https:\/\/schema.org","@graph":[{"@type":"Article","@id":"https:\/\/granada.salesianos.edu\/colegio\/blog\/viernesdedolores\/#article","isPartOf":{"@id":"https:\/\/granada.salesianos.edu\/colegio\/blog\/viernesdedolores\/"},"author":{"name":"Gestor Web","@id":"https:\/\/granada.salesianos.edu\/colegio\/#\/schema\/person\/6392ff2e4bd1e66981d6eab734bbd962"},"headline":"Rutas cofrades el Viernes de Dolores","datePublished":"2024-03-22T21:48:44+00:00","dateModified":"2024-04-17T07:58:47+00:00","mainEntityOfPage":{"@id":"https:\/\/granada.salesianos.edu\/colegio\/blog\/viernesdedolores\/"},"wordCount":967,"commentCount":0,"publisher":{"@id":"https:\/\/granada.salesianos.edu\/colegio\/#organization"},"image":{"@id":"https:\/\/granada.salesianos.edu\/colegio\/blog\/viernesdedolores\/#primaryimage"},"thumbnailUrl":"https:\/\/granada.salesianos.edu\/colegio\/wp-content\/uploads\/sites\/2\/2024\/04\/fa865b68-e9dc-4229-b1d2-789dc77a0e0a.jpg","articleSection":["Bachillerato","Colegio","Convivencia","FP","Iglesia","Pastoral"],"inLanguage":"es","potentialAction":[{"@type":"CommentAction","name":"Comment","target":["https:\/\/granada.salesianos.edu\/colegio\/blog\/viernesdedolores\/#respond"]}]},{"@type":"WebPage","@id":"https:\/\/granada.salesianos.edu\/colegio\/blog\/viernesdedolores\/","url":"https:\/\/granada.salesianos.edu\/colegio\/blog\/viernesdedolores\/","name":"Rutas cofrades el Viernes de Dolores - Colegio Salesiano","isPartOf":{"@id":"https:\/\/granada.salesianos.edu\/colegio\/#website"},"primaryImageOfPage":{"@id":"https:\/\/granada.salesianos.edu\/colegio\/blog\/viernesdedolores\/#primaryimage"},"image":{"@id":"https:\/\/granada.salesianos.edu\/colegio\/blog\/viernesdedolores\/#primaryimage"},"thumbnailUrl":"https:\/\/granada.salesianos.edu\/colegio\/wp-content\/uploads\/sites\/2\/2024\/04\/fa865b68-e9dc-4229-b1d2-789dc77a0e0a.jpg","datePublished":"2024-03-22T21:48:44+00:00","dateModified":"2024-04-17T07:58:47+00:00","description":"Los alumnos de 2\u00baBTO de CIENCIAS visitan las instalaciones de IAVANTE, centro donde se imparte formaci\u00f3n a m\u00e9dicos y enfermeros con las \u00faltimas tecnolog\u00edas.","breadcrumb":{"@id":"https:\/\/granada.salesianos.edu\/colegio\/blog\/viernesdedolores\/#breadcrumb"},"inLanguage":"es","potentialAction":[{"@type":"ReadAction","target":["https:\/\/granada.salesianos.edu\/colegio\/blog\/viernesdedolores\/"]}]},{"@type":"ImageObject","inLanguage":"es","@id":"https:\/\/granada.salesianos.edu\/colegio\/blog\/viernesdedolores\/#primaryimage","url":"https:\/\/granada.salesianos.edu\/colegio\/wp-content\/uploads\/sites\/2\/2024\/04\/fa865b68-e9dc-4229-b1d2-789dc77a0e0a.jpg","contentUrl":"https:\/\/granada.salesianos.edu\/colegio\/wp-content\/uploads\/sites\/2\/2024\/04\/fa865b68-e9dc-4229-b1d2-789dc77a0e0a.jpg","width":1080,"height":1080},{"@type":"BreadcrumbList","@id":"https:\/\/granada.salesianos.edu\/colegio\/blog\/viernesdedolores\/#breadcrumb","itemListElement":[{"@type":"ListItem","position":1,"name":"Portada","item":"https:\/\/granada.salesianos.edu\/colegio\/"},{"@type":"ListItem","position":2,"name":"Rutas cofrades el Viernes de Dolores"}]},{"@type":"WebSite","@id":"https:\/\/granada.salesianos.edu\/colegio\/#website","url":"https:\/\/granada.salesianos.edu\/colegio\/","name":"Colegio Salesiano","description":"P\u00e1gina oficial de Salesianos Granada San Juan Bosco","publisher":{"@id":"https:\/\/granada.salesianos.edu\/colegio\/#organization"},"potentialAction":[{"@type":"SearchAction","target":{"@type":"EntryPoint","urlTemplate":"https:\/\/granada.salesianos.edu\/colegio\/?s={search_term_string}"},"query-input":{"@type":"PropertyValueSpecification","valueRequired":true,"valueName":"search_term_string"}}],"inLanguage":"es"},{"@type":"Organization","@id":"https:\/\/granada.salesianos.edu\/colegio\/#organization","name":"Colegio Salesiano San Juan Bosco Granada","url":"https:\/\/granada.salesianos.edu\/colegio\/","logo":{"@type":"ImageObject","inLanguage":"es","@id":"https:\/\/granada.salesianos.edu\/colegio\/#\/schema\/logo\/image\/","url":"https:\/\/granada.salesianos.edu\/colegio\/wp-content\/uploads\/sites\/2\/2021\/01\/GRANADAobraVN2.jpg","contentUrl":"https:\/\/granada.salesianos.edu\/colegio\/wp-content\/uploads\/sites\/2\/2021\/01\/GRANADAobraVN2.jpg","width":2113,"height":1894,"caption":"Colegio Salesiano San Juan Bosco Granada"},"image":{"@id":"https:\/\/granada.salesianos.edu\/colegio\/#\/schema\/logo\/image\/"},"sameAs":["https:\/\/www.facebook.com\/SalesianosGR\/","https:\/\/x.com\/GranadaSDB","https:\/\/www.instagram.com\/salesianosgranada\/","https:\/\/www.youtube.com\/channel\/UChkpZuhCf4Y5rYIcFT3CNxw?view_as=subscriber"]},{"@type":"Person","@id":"https:\/\/granada.salesianos.edu\/colegio\/#\/schema\/person\/6392ff2e4bd1e66981d6eab734bbd962","name":"Gestor Web","image":{"@type":"ImageObject","inLanguage":"es","@id":"https:\/\/secure.gravatar.com\/avatar\/160666bb56a01520857079961a824af2b7821d6bad80677c80f2b473fceead1b?s=96&d=mm&r=g","url":"https:\/\/secure.gravatar.com\/avatar\/160666bb56a01520857079961a824af2b7821d6bad80677c80f2b473fceead1b?s=96&d=mm&r=g","contentUrl":"https:\/\/secure.gravatar.com\/avatar\/160666bb56a01520857079961a824af2b7821d6bad80677c80f2b473fceead1b?s=96&d=mm&r=g","caption":"Gestor Web"}}]}},"_links":{"self":[{"href":"https:\/\/granada.salesianos.edu\/colegio\/wp-json\/wp\/v2\/posts\/18602","targetHints":{"allow":["GET"]}}],"collection":[{"href":"https:\/\/granada.salesianos.edu\/colegio\/wp-json\/wp\/v2\/posts"}],"about":[{"href":"https:\/\/granada.salesianos.edu\/colegio\/wp-json\/wp\/v2\/types\/post"}],"author":[{"embeddable":true,"href":"https:\/\/granada.salesianos.edu\/colegio\/wp-json\/wp\/v2\/users\/2"}],"replies":[{"embeddable":true,"href":"https:\/\/granada.salesianos.edu\/colegio\/wp-json\/wp\/v2\/comments?post=18602"}],"version-history":[{"count":3,"href":"https:\/\/granada.salesianos.edu\/colegio\/wp-json\/wp\/v2\/posts\/18602\/revisions"}],"predecessor-version":[{"id":18620,"href":"https:\/\/granada.salesianos.edu\/colegio\/wp-json\/wp\/v2\/posts\/18602\/revisions\/18620"}],"wp:featuredmedia":[{"embeddable":true,"href":"https:\/\/granada.salesianos.edu\/colegio\/wp-json\/wp\/v2\/media\/18616"}],"wp:attachment":[{"href":"https:\/\/granada.salesianos.edu\/colegio\/wp-json\/wp\/v2\/media?parent=18602"}],"wp:term":[{"taxonomy":"category","embeddable":true,"href":"https:\/\/granada.salesianos.edu\/colegio\/wp-json\/wp\/v2\/categories?post=18602"},{"taxonomy":"post_tag","embeddable":true,"href":"https:\/\/granada.salesianos.edu\/colegio\/wp-json\/wp\/v2\/tags?post=18602"}],"curies":[{"name":"wp","href":"https:\/\/api.w.org\/{rel}","templated":true}]}}