{"id":18621,"date":"2024-04-12T14:52:19","date_gmt":"2024-04-12T12:52:19","guid":{"rendered":"https:\/\/granada.salesianos.edu\/colegio\/?p=18621"},"modified":"2024-04-22T10:12:29","modified_gmt":"2024-04-22T08:12:29","slug":"charla-de-granada-a-las-estrellas-ifmif-dones-para-alumnos-de-bto","status":"publish","type":"post","link":"https:\/\/granada.salesianos.edu\/colegio\/blog\/charla-de-granada-a-las-estrellas-ifmif-dones-para-alumnos-de-bto\/","title":{"rendered":"Charla DE GRANADA A LAS ESTRELLAS (IFMIF-DONES) para alumnos de BTO"},"content":{"rendered":"<div id=\"fb-root\"><\/div>\n<p>[et_pb_section fb_built=\u00bb1&#8243; admin_label=\u00bbsection\u00bb _builder_version=\u00bb4.18.0&#8243; global_colors_info=\u00bb{}\u00bb][et_pb_row _builder_version=\u00bb4.18.0&#8243; _module_preset=\u00bbdefault\u00bb global_colors_info=\u00bb{}\u00bb][et_pb_column type=\u00bb4_4&#8243; _builder_version=\u00bb4.18.0&#8243; _module_preset=\u00bbdefault\u00bb global_colors_info=\u00bb{}\u00bb][et_pb_text admin_label=\u00bbEntradilla (Texto)\u00bb _builder_version=\u00bb4.23.1&#8243; text_font=\u00bb|on|||\u00bb text_orientation=\u00bbjustified\u00bb global_colors_info=\u00bb{}\u00bb]<\/p>\n<h4>Nuestros alumnos conocieron, de primera mano, lo que va a suponer para Granada la instalaci\u00f3n de un acelerador de part\u00edculas, una instalaci\u00f3n cient\u00edfica de primer nivel mundial.<\/h4>\n<p>[\/et_pb_text][et_pb_text admin_label=\u00bbDesarrollo (Texto)\u00bb _builder_version=\u00bb4.24.3&#8243; text_orientation=\u00bbjustified\u00bb custom_margin=\u00bb||||false|false\u00bb custom_padding=\u00bb||||false|false\u00bb global_colors_info=\u00bb{}\u00bb]<\/p>\n<p>Durante la semana de la ciencia, en el colegio asisti\u00f3 D. Jos\u00e9 Aguilar, de Programme Office Leader de IFMIF-DONES, quien es conocido por impulsar la f\u00edsica por todo el pa\u00eds. Esta actividad entra dentro del programa del Parque de las Ciencias \u201cDe Granada a las Estrellas\u201d. Actividad que se dedica a informar sobre la\u00a0<b>energ\u00eda de fusi\u00f3n<\/b>\u00a0y sus aplicaciones en todos los \u00e1mbitos de la vida. Dando a conocer los retos que conlleva el desaf\u00edo cient\u00edfico protagonizado por el proyecto IFMIF-DONES. As\u00ed, el alumnado de bachillerato cient\u00edfico-tecnol\u00f3gico conocieron de primera mano los avances en energ\u00eda de fusi\u00f3n. Como un<span class=\"Apple-converted-space\">\u00a0 <\/span>acelerador de part\u00edculas funciona creando este tipo de energ\u00eda. El alumnado<span class=\"Apple-converted-space\">\u00a0 <\/span>mostr\u00f3 inter\u00e9s pues fueros muchas las preguntas que se hicieron durante la actividad. Este programa convertir\u00e1 a Granada en referente de primer nivel en el desarrollo e investigaci\u00f3n de la energ\u00eda de fusi\u00f3n.<\/p>\n<p>&nbsp;<\/p>\n<p>Seg\u00fan se informa desde el programa ofrecido por El Parque de las Ciencias \u201cLa energ\u00eda de fusi\u00f3n es una fuente de energ\u00eda segura, sostenible y masiva, basada en la fusi\u00f3n de n\u00facleos ligeros, como el hidr\u00f3geno -un combustible inagotable y distribuido por todo el planeta- que marcar\u00e1 la soluci\u00f3n a la demanda energ\u00e9tica de la segunda mitad de este siglo\u201d.<span class=\"Apple-converted-space\">\u00a0<\/span><\/p>\n<p>Estas actividades se realizan gracias al Consorcio IFMIF-DONES Espa\u00f1a y el Parque de las Ciencias, financiado por la Fundaci\u00f3n Espa\u00f1ola para la Ciencia y la Tecnolog\u00eda-Ministerio de Ciencia e Innovaci\u00f3n; y<span class=\"Apple-converted-space\">\u00a0 <\/span>la colaboraci\u00f3n de la Universidad de Granada, el Centro de Investigaciones Energ\u00e9ticas, Medioambientales y Tecnol\u00f3gicas (CIEMAT), la Diputaci\u00f3n Provincial de Granada y la Junta de Andaluc\u00eda.<\/p>\n<p>[\/et_pb_text][\/et_pb_column][\/et_pb_row][et_pb_row _builder_version=\u00bb4.18.0&#8243; _module_preset=\u00bbdefault\u00bb global_colors_info=\u00bb{}\u00bb][et_pb_column type=\u00bb4_4&#8243; _builder_version=\u00bb4.18.0&#8243; _module_preset=\u00bbdefault\u00bb global_colors_info=\u00bb{}\u00bb][et_pb_text admin_label=\u00bbEntradilla (Texto)\u00bb _builder_version=\u00bb4.24.3&#8243; text_font=\u00bb|on|||\u00bb text_orientation=\u00bbjustified\u00bb global_colors_info=\u00bb{}\u00bb]<\/p>\n<h4 style=\"font-weight: 400;\"><strong>\u00bfQu\u00e9 es IFMIF-DONES?<\/strong><\/h4>\n<p>[\/et_pb_text][et_pb_text admin_label=\u00bbDesarrollo (Texto)\u00bb _builder_version=\u00bb4.24.3&#8243; text_orientation=\u00bbjustified\u00bb custom_margin=\u00bb||||false|false\u00bb custom_padding=\u00bb||||false|false\u00bb global_colors_info=\u00bb{}\u00bb]<\/p>\n<p style=\"font-weight: 400;\">\u200bInternational Fusion Materials Irradiation Facility \u2013 Demo Oriented NEutron Source (IFMIF-DONES) es una infraestructura de investigaci\u00f3n novedosa de un solo sitio para probar, validar y calificar los materiales que se utilizar\u00e1n en futuras plantas de energ\u00eda de fusi\u00f3n como DEMO (un prototipo de reactor de fusi\u00f3n de demostraci\u00f3n). En relaci\u00f3n con este proyecto internacional, en diciembre de 2017, Fusion for Energy (F4E) valor\u00f3 positivamente la propuesta conjunta de Espa\u00f1a y Croacia para ubicar el IFMIF-DONES en Granada.<\/p>\n<p>[\/et_pb_text][\/et_pb_column][\/et_pb_row][et_pb_row _builder_version=\u00bb4.18.0&#8243; _module_preset=\u00bbdefault\u00bb global_colors_info=\u00bb{}\u00bb][et_pb_column type=\u00bb4_4&#8243; _builder_version=\u00bb4.18.0&#8243; _module_preset=\u00bbdefault\u00bb global_colors_info=\u00bb{}\u00bb][et_pb_text admin_label=\u00bbEntradilla (Texto)\u00bb _builder_version=\u00bb4.24.3&#8243; text_font=\u00bb|on|||\u00bb text_orientation=\u00bbjustified\u00bb global_colors_info=\u00bb{}\u00bb]<\/p>\n<h4 style=\"font-weight: 400;\"><strong>\u00bfQu\u00e9 es la fusi\u00f3n?<\/strong><strong><\/strong><\/h4>\n<p>[\/et_pb_text][et_pb_text admin_label=\u00bbDesarrollo (Texto)\u00bb _builder_version=\u00bb4.24.3&#8243; text_orientation=\u00bbjustified\u00bb custom_margin=\u00bb||||false|false\u00bb custom_padding=\u00bb||||false|false\u00bb global_colors_info=\u00bb{}\u00bb]<\/p>\n<p style=\"font-weight: 400;\">Fusi\u00f3n es la fuente de energ\u00eda del Sol y las estrellas. Debido al efecto del tremendo calor y la gravedad que se producen en el n\u00facleo de estos cuerpos estelares, los n\u00facleos de hidr\u00f3geno colisionan, se fusionan en \u00e1tomos de helio m\u00e1s pesados y liberan enormes cantidades de energ\u00eda en el proceso.<\/p>\n<p style=\"font-weight: 400;\">La ciencia de de fusi\u00f3n del siglo XX identific\u00f3 la reacci\u00f3n entre dos is\u00f3topos de hidr\u00f3geno, el deuterio (D) y el tritio (T), como la reacci\u00f3n de fusi\u00f3n m\u00e1s eficiente en el laboratorio. La reacci\u00f3n de fusi\u00f3n DT produce la mayor ganancia de energ\u00eda a las temperaturas \u00abm\u00e1s bajas\u00bb.<\/p>\n<p style=\"font-weight: 400;\"><a href=\"https:\/\/ifmif-dones.es\/es\/\" target=\"_blank\" rel=\"noopener\">Visita IFMIF-DONES para mas informaci\u00f3n.<\/a><\/p>\n<p>[\/et_pb_text][\/et_pb_column][\/et_pb_row][et_pb_row _builder_version=\u00bb4.16&#8243; custom_margin=\u00bb25px|||\u00bb custom_padding=\u00bb25px|0px|27px|0px\u00bb locked=\u00bboff\u00bb global_colors_info=\u00bb{}\u00bb][et_pb_column type=\u00bb4_4&#8243; _builder_version=\u00bb4.16&#8243; custom_padding=\u00bb|||\u00bb global_colors_info=\u00bb{}\u00bb custom_padding__hover=\u00bb|||\u00bb][et_pb_code _builder_version=\u00bb4.24.3&#8243; _module_preset=\u00bbdefault\u00bb global_colors_info=\u00bb{}\u00bb]<iframe loading=\"lazy\" width=\"560\" height=\"315\" src=\"https:\/\/www.youtube.com\/embed\/40bp5zjyQQc?si=attM1rSV7Nv_vzVx\" title=\"YouTube video player\" frameborder=\"0\" allow=\"accelerometer; autoplay; clipboard-write; encrypted-media; gyroscope; picture-in-picture; web-share\" referrerpolicy=\"strict-origin-when-cross-origin\" allowfullscreen><\/iframe>[\/et_pb_code][\/et_pb_column][\/et_pb_row][et_pb_row disabled_on=\u00bboff|off|off\u00bb _builder_version=\u00bb4.18.0&#8243; _module_preset=\u00bbdefault\u00bb global_colors_info=\u00bb{}\u00bb][et_pb_column type=\u00bb4_4&#8243; _builder_version=\u00bb4.18.0&#8243; _module_preset=\u00bbdefault\u00bb global_colors_info=\u00bb{}\u00bb][et_pb_text _builder_version=\u00bb4.23.1&#8243; _module_preset=\u00bbdefault\u00bb global_colors_info=\u00bb{}\u00bb]<\/p>\n<h1 style=\"text-align: center;\">GALER\u00cdA DE FOTOS<\/h1>\n<p>[\/et_pb_text][\/et_pb_column][\/et_pb_row][et_pb_row _builder_version=\u00bb4.18.0&#8243; _module_preset=\u00bbdefault\u00bb global_colors_info=\u00bb{}\u00bb][et_pb_column type=\u00bb4_4&#8243; _builder_version=\u00bb4.18.0&#8243; _module_preset=\u00bbdefault\u00bb global_colors_info=\u00bb{}\u00bb][et_pb_gallery gallery_ids=\u00bb65539,65549,65547,65548,65546,65545,65544,65543,65542,65541,65540&#8243; fullwidth=\u00bbon\u00bb _builder_version=\u00bb4.24.3&#8243; _module_preset=\u00bbdefault\u00bb auto=\u00bbon\u00bb auto_speed=\u00bb5000&#8243; link_option_url=\u00bbhttps:\/\/drive.google.com\/drive\/folders\/1TRGAZH5b8xPTuQLXCSUc87ZB_FPVVkrs\u00bb link_option_url_new_window=\u00bbon\u00bb global_colors_info=\u00bb{}\u00bb][\/et_pb_gallery][\/et_pb_column][\/et_pb_row][\/et_pb_section]<\/p>\n","protected":false},"excerpt":{"rendered":"<p>Nuestros alumnos conocieron, de primera mano, lo que va a suponer para Granada la instalaci\u00f3n de un acelerador de part\u00edculas, una instalaci\u00f3n cient\u00edfica de primer nivel mundial.<\/p>\n","protected":false},"author":2,"featured_media":18622,"comment_status":"open","ping_status":"open","sticky":false,"template":"","format":"standard","meta":{"_et_pb_use_builder":"on","_et_pb_old_content":"","_et_gb_content_width":"","footnotes":""},"categories":[57,20,27,56,1],"tags":[],"class_list":["post-18621","post","type-post","status-publish","format-standard","has-post-thumbnail","hentry","category-bachillerato","category-bto","category-ciencias","category-tecnologia","category-uncategorized"],"yoast_head":"<!-- This site is optimized with the Yoast SEO plugin v28.4 - https:\/\/yoast.com\/product\/yoast-seo-wordpress\/ -->\n<title>Charla DE GRANADA A LAS ESTRELLAS (IFMIF-DONES) para alumnos de BTO - Colegio Salesiano<\/title>\n<meta name=\"description\" content=\"Nuestros alumnos conocieron, de primera mano, lo que va a suponer para Granada la instalaci\u00f3n de un acelerador de part\u00edculas, una instalaci\u00f3n cient\u00edfica de primer nivel mundial.\" \/>\n<meta name=\"robots\" content=\"index, follow, max-snippet:-1, max-image-preview:large, max-video-preview:-1\" \/>\n<link rel=\"canonical\" href=\"https:\/\/granada.salesianos.edu\/colegio\/blog\/charla-de-granada-a-las-estrellas-ifmif-dones-para-alumnos-de-bto\/\" \/>\n<meta property=\"og:locale\" content=\"es_ES\" \/>\n<meta property=\"og:type\" content=\"article\" \/>\n<meta property=\"og:title\" content=\"Charla DE GRANADA A LAS ESTRELLAS (IFMIF-DONES) para alumnos de BTO - Colegio Salesiano\" \/>\n<meta property=\"og:description\" content=\"Nuestros alumnos conocieron, de primera mano, lo que va a suponer para Granada la instalaci\u00f3n de un acelerador de part\u00edculas, una instalaci\u00f3n cient\u00edfica de primer nivel mundial.\" \/>\n<meta property=\"og:url\" content=\"https:\/\/granada.salesianos.edu\/colegio\/blog\/charla-de-granada-a-las-estrellas-ifmif-dones-para-alumnos-de-bto\/\" \/>\n<meta property=\"og:site_name\" content=\"Colegio Salesiano\" \/>\n<meta property=\"article:publisher\" content=\"https:\/\/www.facebook.com\/SalesianosGR\/\" \/>\n<meta property=\"article:published_time\" content=\"2024-04-12T12:52:19+00:00\" \/>\n<meta property=\"article:modified_time\" content=\"2024-04-22T08:12:29+00:00\" \/>\n<meta property=\"og:image\" content=\"https:\/\/granada.salesianos.edu\/colegio\/wp-content\/uploads\/sites\/2\/2024\/04\/tempImagewHIefQ-scaled.jpg\" \/>\n\t<meta property=\"og:image:width\" content=\"2560\" \/>\n\t<meta property=\"og:image:height\" content=\"1920\" \/>\n\t<meta property=\"og:image:type\" content=\"image\/jpeg\" \/>\n<meta name=\"author\" content=\"Gestor Web\" \/>\n<meta name=\"twitter:card\" content=\"summary_large_image\" \/>\n<meta name=\"twitter:creator\" content=\"@GranadaSDB\" \/>\n<meta name=\"twitter:site\" content=\"@GranadaSDB\" \/>\n<meta name=\"twitter:label1\" content=\"Escrito por\" \/>\n\t<meta name=\"twitter:data1\" content=\"Gestor Web\" \/>\n\t<meta name=\"twitter:label2\" content=\"Tiempo de lectura\" \/>\n\t<meta name=\"twitter:data2\" content=\"5 minutos\" \/>\n<script type=\"application\/ld+json\" class=\"yoast-schema-graph\">{\"@context\":\"https:\\\/\\\/schema.org\",\"@graph\":[{\"@type\":\"Article\",\"@id\":\"https:\\\/\\\/granada.salesianos.edu\\\/colegio\\\/blog\\\/charla-de-granada-a-las-estrellas-ifmif-dones-para-alumnos-de-bto\\\/#article\",\"isPartOf\":{\"@id\":\"https:\\\/\\\/granada.salesianos.edu\\\/colegio\\\/blog\\\/charla-de-granada-a-las-estrellas-ifmif-dones-para-alumnos-de-bto\\\/\"},\"author\":{\"name\":\"Gestor Web\",\"@id\":\"https:\\\/\\\/granada.salesianos.edu\\\/colegio\\\/#\\\/schema\\\/person\\\/6392ff2e4bd1e66981d6eab734bbd962\"},\"headline\":\"Charla DE GRANADA A LAS ESTRELLAS (IFMIF-DONES) para alumnos de BTO\",\"datePublished\":\"2024-04-12T12:52:19+00:00\",\"dateModified\":\"2024-04-22T08:12:29+00:00\",\"mainEntityOfPage\":{\"@id\":\"https:\\\/\\\/granada.salesianos.edu\\\/colegio\\\/blog\\\/charla-de-granada-a-las-estrellas-ifmif-dones-para-alumnos-de-bto\\\/\"},\"wordCount\":976,\"commentCount\":0,\"publisher\":{\"@id\":\"https:\\\/\\\/granada.salesianos.edu\\\/colegio\\\/#organization\"},\"image\":{\"@id\":\"https:\\\/\\\/granada.salesianos.edu\\\/colegio\\\/blog\\\/charla-de-granada-a-las-estrellas-ifmif-dones-para-alumnos-de-bto\\\/#primaryimage\"},\"thumbnailUrl\":\"https:\\\/\\\/granada.salesianos.edu\\\/colegio\\\/wp-content\\\/uploads\\\/sites\\\/2\\\/2024\\\/04\\\/tempImagewHIefQ-scaled.jpg\",\"articleSection\":[\"Bachillerato\",\"BTO\",\"Ciencias\",\"Tecnolog\u00eda\",\"Uncategorized\"],\"inLanguage\":\"es\",\"potentialAction\":[{\"@type\":\"CommentAction\",\"name\":\"Comment\",\"target\":[\"https:\\\/\\\/granada.salesianos.edu\\\/colegio\\\/blog\\\/charla-de-granada-a-las-estrellas-ifmif-dones-para-alumnos-de-bto\\\/#respond\"]}]},{\"@type\":\"WebPage\",\"@id\":\"https:\\\/\\\/granada.salesianos.edu\\\/colegio\\\/blog\\\/charla-de-granada-a-las-estrellas-ifmif-dones-para-alumnos-de-bto\\\/\",\"url\":\"https:\\\/\\\/granada.salesianos.edu\\\/colegio\\\/blog\\\/charla-de-granada-a-las-estrellas-ifmif-dones-para-alumnos-de-bto\\\/\",\"name\":\"Charla DE GRANADA A LAS ESTRELLAS (IFMIF-DONES) para alumnos de BTO - Colegio Salesiano\",\"isPartOf\":{\"@id\":\"https:\\\/\\\/granada.salesianos.edu\\\/colegio\\\/#website\"},\"primaryImageOfPage\":{\"@id\":\"https:\\\/\\\/granada.salesianos.edu\\\/colegio\\\/blog\\\/charla-de-granada-a-las-estrellas-ifmif-dones-para-alumnos-de-bto\\\/#primaryimage\"},\"image\":{\"@id\":\"https:\\\/\\\/granada.salesianos.edu\\\/colegio\\\/blog\\\/charla-de-granada-a-las-estrellas-ifmif-dones-para-alumnos-de-bto\\\/#primaryimage\"},\"thumbnailUrl\":\"https:\\\/\\\/granada.salesianos.edu\\\/colegio\\\/wp-content\\\/uploads\\\/sites\\\/2\\\/2024\\\/04\\\/tempImagewHIefQ-scaled.jpg\",\"datePublished\":\"2024-04-12T12:52:19+00:00\",\"dateModified\":\"2024-04-22T08:12:29+00:00\",\"description\":\"Nuestros alumnos conocieron, de primera mano, lo que va a suponer para Granada la instalaci\u00f3n de un acelerador de part\u00edculas, una instalaci\u00f3n cient\u00edfica de primer nivel mundial.\",\"breadcrumb\":{\"@id\":\"https:\\\/\\\/granada.salesianos.edu\\\/colegio\\\/blog\\\/charla-de-granada-a-las-estrellas-ifmif-dones-para-alumnos-de-bto\\\/#breadcrumb\"},\"inLanguage\":\"es\",\"potentialAction\":[{\"@type\":\"ReadAction\",\"target\":[\"https:\\\/\\\/granada.salesianos.edu\\\/colegio\\\/blog\\\/charla-de-granada-a-las-estrellas-ifmif-dones-para-alumnos-de-bto\\\/\"]}]},{\"@type\":\"ImageObject\",\"inLanguage\":\"es\",\"@id\":\"https:\\\/\\\/granada.salesianos.edu\\\/colegio\\\/blog\\\/charla-de-granada-a-las-estrellas-ifmif-dones-para-alumnos-de-bto\\\/#primaryimage\",\"url\":\"https:\\\/\\\/granada.salesianos.edu\\\/colegio\\\/wp-content\\\/uploads\\\/sites\\\/2\\\/2024\\\/04\\\/tempImagewHIefQ-scaled.jpg\",\"contentUrl\":\"https:\\\/\\\/granada.salesianos.edu\\\/colegio\\\/wp-content\\\/uploads\\\/sites\\\/2\\\/2024\\\/04\\\/tempImagewHIefQ-scaled.jpg\",\"width\":2560,\"height\":1920},{\"@type\":\"BreadcrumbList\",\"@id\":\"https:\\\/\\\/granada.salesianos.edu\\\/colegio\\\/blog\\\/charla-de-granada-a-las-estrellas-ifmif-dones-para-alumnos-de-bto\\\/#breadcrumb\",\"itemListElement\":[{\"@type\":\"ListItem\",\"position\":1,\"name\":\"Portada\",\"item\":\"https:\\\/\\\/granada.salesianos.edu\\\/colegio\\\/\"},{\"@type\":\"ListItem\",\"position\":2,\"name\":\"Charla DE GRANADA A LAS ESTRELLAS (IFMIF-DONES) para alumnos de BTO\"}]},{\"@type\":\"WebSite\",\"@id\":\"https:\\\/\\\/granada.salesianos.edu\\\/colegio\\\/#website\",\"url\":\"https:\\\/\\\/granada.salesianos.edu\\\/colegio\\\/\",\"name\":\"Colegio Salesiano\",\"description\":\"P\u00e1gina oficial de Salesianos Granada San Juan Bosco\",\"publisher\":{\"@id\":\"https:\\\/\\\/granada.salesianos.edu\\\/colegio\\\/#organization\"},\"potentialAction\":[{\"@type\":\"SearchAction\",\"target\":{\"@type\":\"EntryPoint\",\"urlTemplate\":\"https:\\\/\\\/granada.salesianos.edu\\\/colegio\\\/?s={search_term_string}\"},\"query-input\":{\"@type\":\"PropertyValueSpecification\",\"valueRequired\":true,\"valueName\":\"search_term_string\"}}],\"inLanguage\":\"es\"},{\"@type\":\"Organization\",\"@id\":\"https:\\\/\\\/granada.salesianos.edu\\\/colegio\\\/#organization\",\"name\":\"Colegio Salesiano San Juan Bosco Granada\",\"url\":\"https:\\\/\\\/granada.salesianos.edu\\\/colegio\\\/\",\"logo\":{\"@type\":\"ImageObject\",\"inLanguage\":\"es\",\"@id\":\"https:\\\/\\\/granada.salesianos.edu\\\/colegio\\\/#\\\/schema\\\/logo\\\/image\\\/\",\"url\":\"https:\\\/\\\/granada.salesianos.edu\\\/colegio\\\/wp-content\\\/uploads\\\/sites\\\/2\\\/2021\\\/01\\\/GRANADAobraVN2.jpg\",\"contentUrl\":\"https:\\\/\\\/granada.salesianos.edu\\\/colegio\\\/wp-content\\\/uploads\\\/sites\\\/2\\\/2021\\\/01\\\/GRANADAobraVN2.jpg\",\"width\":2113,\"height\":1894,\"caption\":\"Colegio Salesiano San Juan Bosco Granada\"},\"image\":{\"@id\":\"https:\\\/\\\/granada.salesianos.edu\\\/colegio\\\/#\\\/schema\\\/logo\\\/image\\\/\"},\"sameAs\":[\"https:\\\/\\\/www.facebook.com\\\/SalesianosGR\\\/\",\"https:\\\/\\\/x.com\\\/GranadaSDB\",\"https:\\\/\\\/www.instagram.com\\\/salesianosgranada\\\/\",\"https:\\\/\\\/www.youtube.com\\\/channel\\\/UChkpZuhCf4Y5rYIcFT3CNxw?view_as=subscriber\"]},{\"@type\":\"Person\",\"@id\":\"https:\\\/\\\/granada.salesianos.edu\\\/colegio\\\/#\\\/schema\\\/person\\\/6392ff2e4bd1e66981d6eab734bbd962\",\"name\":\"Gestor Web\",\"image\":{\"@type\":\"ImageObject\",\"inLanguage\":\"es\",\"@id\":\"https:\\\/\\\/secure.gravatar.com\\\/avatar\\\/160666bb56a01520857079961a824af2b7821d6bad80677c80f2b473fceead1b?s=96&d=mm&r=g\",\"url\":\"https:\\\/\\\/secure.gravatar.com\\\/avatar\\\/160666bb56a01520857079961a824af2b7821d6bad80677c80f2b473fceead1b?s=96&d=mm&r=g\",\"contentUrl\":\"https:\\\/\\\/secure.gravatar.com\\\/avatar\\\/160666bb56a01520857079961a824af2b7821d6bad80677c80f2b473fceead1b?s=96&d=mm&r=g\",\"caption\":\"Gestor Web\"}}]}<\/script>\n<!-- \/ Yoast SEO plugin. -->","yoast_head_json":{"title":"Charla DE GRANADA A LAS ESTRELLAS (IFMIF-DONES) para alumnos de BTO - Colegio Salesiano","description":"Nuestros alumnos conocieron, de primera mano, lo que va a suponer para Granada la instalaci\u00f3n de un acelerador de part\u00edculas, una instalaci\u00f3n cient\u00edfica de primer nivel mundial.","robots":{"index":"index","follow":"follow","max-snippet":"max-snippet:-1","max-image-preview":"max-image-preview:large","max-video-preview":"max-video-preview:-1"},"canonical":"https:\/\/granada.salesianos.edu\/colegio\/blog\/charla-de-granada-a-las-estrellas-ifmif-dones-para-alumnos-de-bto\/","og_locale":"es_ES","og_type":"article","og_title":"Charla DE GRANADA A LAS ESTRELLAS (IFMIF-DONES) para alumnos de BTO - Colegio Salesiano","og_description":"Nuestros alumnos conocieron, de primera mano, lo que va a suponer para Granada la instalaci\u00f3n de un acelerador de part\u00edculas, una instalaci\u00f3n cient\u00edfica de primer nivel mundial.","og_url":"https:\/\/granada.salesianos.edu\/colegio\/blog\/charla-de-granada-a-las-estrellas-ifmif-dones-para-alumnos-de-bto\/","og_site_name":"Colegio Salesiano","article_publisher":"https:\/\/www.facebook.com\/SalesianosGR\/","article_published_time":"2024-04-12T12:52:19+00:00","article_modified_time":"2024-04-22T08:12:29+00:00","og_image":[{"width":2560,"height":1920,"url":"https:\/\/granada.salesianos.edu\/colegio\/wp-content\/uploads\/sites\/2\/2024\/04\/tempImagewHIefQ-scaled.jpg","type":"image\/jpeg"}],"author":"Gestor Web","twitter_card":"summary_large_image","twitter_creator":"@GranadaSDB","twitter_site":"@GranadaSDB","twitter_misc":{"Escrito por":"Gestor Web","Tiempo de lectura":"5 minutos"},"schema":{"@context":"https:\/\/schema.org","@graph":[{"@type":"Article","@id":"https:\/\/granada.salesianos.edu\/colegio\/blog\/charla-de-granada-a-las-estrellas-ifmif-dones-para-alumnos-de-bto\/#article","isPartOf":{"@id":"https:\/\/granada.salesianos.edu\/colegio\/blog\/charla-de-granada-a-las-estrellas-ifmif-dones-para-alumnos-de-bto\/"},"author":{"name":"Gestor Web","@id":"https:\/\/granada.salesianos.edu\/colegio\/#\/schema\/person\/6392ff2e4bd1e66981d6eab734bbd962"},"headline":"Charla DE GRANADA A LAS ESTRELLAS (IFMIF-DONES) para alumnos de BTO","datePublished":"2024-04-12T12:52:19+00:00","dateModified":"2024-04-22T08:12:29+00:00","mainEntityOfPage":{"@id":"https:\/\/granada.salesianos.edu\/colegio\/blog\/charla-de-granada-a-las-estrellas-ifmif-dones-para-alumnos-de-bto\/"},"wordCount":976,"commentCount":0,"publisher":{"@id":"https:\/\/granada.salesianos.edu\/colegio\/#organization"},"image":{"@id":"https:\/\/granada.salesianos.edu\/colegio\/blog\/charla-de-granada-a-las-estrellas-ifmif-dones-para-alumnos-de-bto\/#primaryimage"},"thumbnailUrl":"https:\/\/granada.salesianos.edu\/colegio\/wp-content\/uploads\/sites\/2\/2024\/04\/tempImagewHIefQ-scaled.jpg","articleSection":["Bachillerato","BTO","Ciencias","Tecnolog\u00eda","Uncategorized"],"inLanguage":"es","potentialAction":[{"@type":"CommentAction","name":"Comment","target":["https:\/\/granada.salesianos.edu\/colegio\/blog\/charla-de-granada-a-las-estrellas-ifmif-dones-para-alumnos-de-bto\/#respond"]}]},{"@type":"WebPage","@id":"https:\/\/granada.salesianos.edu\/colegio\/blog\/charla-de-granada-a-las-estrellas-ifmif-dones-para-alumnos-de-bto\/","url":"https:\/\/granada.salesianos.edu\/colegio\/blog\/charla-de-granada-a-las-estrellas-ifmif-dones-para-alumnos-de-bto\/","name":"Charla DE GRANADA A LAS ESTRELLAS (IFMIF-DONES) para alumnos de BTO - Colegio Salesiano","isPartOf":{"@id":"https:\/\/granada.salesianos.edu\/colegio\/#website"},"primaryImageOfPage":{"@id":"https:\/\/granada.salesianos.edu\/colegio\/blog\/charla-de-granada-a-las-estrellas-ifmif-dones-para-alumnos-de-bto\/#primaryimage"},"image":{"@id":"https:\/\/granada.salesianos.edu\/colegio\/blog\/charla-de-granada-a-las-estrellas-ifmif-dones-para-alumnos-de-bto\/#primaryimage"},"thumbnailUrl":"https:\/\/granada.salesianos.edu\/colegio\/wp-content\/uploads\/sites\/2\/2024\/04\/tempImagewHIefQ-scaled.jpg","datePublished":"2024-04-12T12:52:19+00:00","dateModified":"2024-04-22T08:12:29+00:00","description":"Nuestros alumnos conocieron, de primera mano, lo que va a suponer para Granada la instalaci\u00f3n de un acelerador de part\u00edculas, una instalaci\u00f3n cient\u00edfica de primer nivel mundial.","breadcrumb":{"@id":"https:\/\/granada.salesianos.edu\/colegio\/blog\/charla-de-granada-a-las-estrellas-ifmif-dones-para-alumnos-de-bto\/#breadcrumb"},"inLanguage":"es","potentialAction":[{"@type":"ReadAction","target":["https:\/\/granada.salesianos.edu\/colegio\/blog\/charla-de-granada-a-las-estrellas-ifmif-dones-para-alumnos-de-bto\/"]}]},{"@type":"ImageObject","inLanguage":"es","@id":"https:\/\/granada.salesianos.edu\/colegio\/blog\/charla-de-granada-a-las-estrellas-ifmif-dones-para-alumnos-de-bto\/#primaryimage","url":"https:\/\/granada.salesianos.edu\/colegio\/wp-content\/uploads\/sites\/2\/2024\/04\/tempImagewHIefQ-scaled.jpg","contentUrl":"https:\/\/granada.salesianos.edu\/colegio\/wp-content\/uploads\/sites\/2\/2024\/04\/tempImagewHIefQ-scaled.jpg","width":2560,"height":1920},{"@type":"BreadcrumbList","@id":"https:\/\/granada.salesianos.edu\/colegio\/blog\/charla-de-granada-a-las-estrellas-ifmif-dones-para-alumnos-de-bto\/#breadcrumb","itemListElement":[{"@type":"ListItem","position":1,"name":"Portada","item":"https:\/\/granada.salesianos.edu\/colegio\/"},{"@type":"ListItem","position":2,"name":"Charla DE GRANADA A LAS ESTRELLAS (IFMIF-DONES) para alumnos de BTO"}]},{"@type":"WebSite","@id":"https:\/\/granada.salesianos.edu\/colegio\/#website","url":"https:\/\/granada.salesianos.edu\/colegio\/","name":"Colegio Salesiano","description":"P\u00e1gina oficial de Salesianos Granada San Juan Bosco","publisher":{"@id":"https:\/\/granada.salesianos.edu\/colegio\/#organization"},"potentialAction":[{"@type":"SearchAction","target":{"@type":"EntryPoint","urlTemplate":"https:\/\/granada.salesianos.edu\/colegio\/?s={search_term_string}"},"query-input":{"@type":"PropertyValueSpecification","valueRequired":true,"valueName":"search_term_string"}}],"inLanguage":"es"},{"@type":"Organization","@id":"https:\/\/granada.salesianos.edu\/colegio\/#organization","name":"Colegio Salesiano San Juan Bosco Granada","url":"https:\/\/granada.salesianos.edu\/colegio\/","logo":{"@type":"ImageObject","inLanguage":"es","@id":"https:\/\/granada.salesianos.edu\/colegio\/#\/schema\/logo\/image\/","url":"https:\/\/granada.salesianos.edu\/colegio\/wp-content\/uploads\/sites\/2\/2021\/01\/GRANADAobraVN2.jpg","contentUrl":"https:\/\/granada.salesianos.edu\/colegio\/wp-content\/uploads\/sites\/2\/2021\/01\/GRANADAobraVN2.jpg","width":2113,"height":1894,"caption":"Colegio Salesiano San Juan Bosco Granada"},"image":{"@id":"https:\/\/granada.salesianos.edu\/colegio\/#\/schema\/logo\/image\/"},"sameAs":["https:\/\/www.facebook.com\/SalesianosGR\/","https:\/\/x.com\/GranadaSDB","https:\/\/www.instagram.com\/salesianosgranada\/","https:\/\/www.youtube.com\/channel\/UChkpZuhCf4Y5rYIcFT3CNxw?view_as=subscriber"]},{"@type":"Person","@id":"https:\/\/granada.salesianos.edu\/colegio\/#\/schema\/person\/6392ff2e4bd1e66981d6eab734bbd962","name":"Gestor Web","image":{"@type":"ImageObject","inLanguage":"es","@id":"https:\/\/secure.gravatar.com\/avatar\/160666bb56a01520857079961a824af2b7821d6bad80677c80f2b473fceead1b?s=96&d=mm&r=g","url":"https:\/\/secure.gravatar.com\/avatar\/160666bb56a01520857079961a824af2b7821d6bad80677c80f2b473fceead1b?s=96&d=mm&r=g","contentUrl":"https:\/\/secure.gravatar.com\/avatar\/160666bb56a01520857079961a824af2b7821d6bad80677c80f2b473fceead1b?s=96&d=mm&r=g","caption":"Gestor Web"}}]}},"_links":{"self":[{"href":"https:\/\/granada.salesianos.edu\/colegio\/wp-json\/wp\/v2\/posts\/18621","targetHints":{"allow":["GET"]}}],"collection":[{"href":"https:\/\/granada.salesianos.edu\/colegio\/wp-json\/wp\/v2\/posts"}],"about":[{"href":"https:\/\/granada.salesianos.edu\/colegio\/wp-json\/wp\/v2\/types\/post"}],"author":[{"embeddable":true,"href":"https:\/\/granada.salesianos.edu\/colegio\/wp-json\/wp\/v2\/users\/2"}],"replies":[{"embeddable":true,"href":"https:\/\/granada.salesianos.edu\/colegio\/wp-json\/wp\/v2\/comments?post=18621"}],"version-history":[{"count":14,"href":"https:\/\/granada.salesianos.edu\/colegio\/wp-json\/wp\/v2\/posts\/18621\/revisions"}],"predecessor-version":[{"id":18652,"href":"https:\/\/granada.salesianos.edu\/colegio\/wp-json\/wp\/v2\/posts\/18621\/revisions\/18652"}],"wp:featuredmedia":[{"embeddable":true,"href":"https:\/\/granada.salesianos.edu\/colegio\/wp-json\/wp\/v2\/media\/18622"}],"wp:attachment":[{"href":"https:\/\/granada.salesianos.edu\/colegio\/wp-json\/wp\/v2\/media?parent=18621"}],"wp:term":[{"taxonomy":"category","embeddable":true,"href":"https:\/\/granada.salesianos.edu\/colegio\/wp-json\/wp\/v2\/categories?post=18621"},{"taxonomy":"post_tag","embeddable":true,"href":"https:\/\/granada.salesianos.edu\/colegio\/wp-json\/wp\/v2\/tags?post=18621"}],"curies":[{"name":"wp","href":"https:\/\/api.w.org\/{rel}","templated":true}]}}